{"id":159894,"date":"2026-01-29T07:50:25","date_gmt":"2026-01-29T10:50:25","guid":{"rendered":"https:\/\/folhadoleste.com.br\/?p=159894"},"modified":"2026-01-29T07:50:56","modified_gmt":"2026-01-29T10:50:56","slug":"john-kennedy-valoriza-vitoria-fluminense-brasileirao","status":"publish","type":"post","link":"https:\/\/folhadoleste.com.br\/en\/john-kennedy-valoriza-vitoria-fluminense-brasileirao\/","title":{"rendered":"John Kennedy valoriza vit\u00f3ria do Fluminense na estreia do Brasileir\u00e3o"},"content":{"rendered":"<div id=\"attachment_159899\" style=\"width: 1310px\" class=\"wp-caption aligncenter\"><a class=\"link-image-noticia\" href=\"https:\/\/folhadoleste.com.br\/en\/john-kennedy-valoriza-vitoria-fluminense-brasileirao\/\" target=\"_blank\" rel=\"noreferrer noopener\"><img decoding=\"async\" aria-describedby=\"caption-attachment-159899\" class=\"&lt;a href=&quot;https:\/\/folhadoleste.com.br\/john-kennedy-valoriza-vitoria-fluminense-brasileirao\/&quot; rel=&quot;bookmark&quot; wp-image-159899 size-full\" title=\"John Kennedy comemora vit\u00f3ria do Fluminense sobre o Gr\u00eamio no Maracan\u00e3\" src=\"https:\/\/folhadoleste.com.br\/wp-content\/uploads\/2026\/01\/john-kennedy-valoriza-vitoria-fluminense-brasileirao-lucas-mercon-fluminense.jpg\" alt=\"John Kennedy comemora vit\u00f3ria do Fluminense sobre o Gr\u00eamio no Maracan\u00e3\" width=\"1300\" height=\"700\" \/><\/a><p id=\"caption-attachment-159899\" class=\"wp-caption-text\">John Kennedy valoriza vit\u00f3ria do Fluminense na estreia do Brasileir\u00e3o | Lucas Mer\u00e7on\/Fluminense<\/p><\/div>\n<p style=\"text-align: justify;\" data-start=\"623\" data-end=\"921\">John Kennedy valoriza vit\u00f3ria do Fluminense no Brasileir\u00e3o ao destacar o impacto imediato do resultado e a for\u00e7a do time no Maracan\u00e3. O Tricolor venceu o Gr\u00eamio por 2 a 1, nesta quarta-feira (28), na estreia da competi\u00e7\u00e3o, e manteve os 100% de aproveitamento em casa sob o comando de Luis Zubeld\u00eda.<\/p>\n<p style=\"text-align: justify;\" data-start=\"923\" data-end=\"1133\">Al\u00e9m do placar positivo, o resultado refor\u00e7ou a sintonia entre elenco e treinador. O atacante come\u00e7ou como titular e participou diretamente do primeiro gol. Assim, ganhou pontos na disputa por espa\u00e7o no ataque.<\/p>\n<h2 data-start=\"1140\" data-end=\"1195\"><strong data-start=\"1144\" data-end=\"1195\">Vit\u00f3ria refor\u00e7a for\u00e7a do Fluminense no Maracan\u00e3<\/strong><\/h2>\n<p style=\"text-align: justify;\" data-start=\"1197\" data-end=\"1408\">O Fluminense entrou em campo confiante. Dono da segunda melhor campanha como mandante no Brasileir\u00e3o anterior, o time repetiu o padr\u00e3o. Controlou a\u00e7\u00f5es, foi eficiente e confirmou o favoritismo diante da torcida.<\/p>\n<p style=\"text-align: justify;\" data-start=\"1410\" data-end=\"1585\">Com o triunfo, o Tricolor chegou a 13 vit\u00f3rias em 13 jogos no Maracan\u00e3 sob o comando de Zubeld\u00eda. O desempenho consolida a for\u00e7a caseira e anima para a sequ\u00eancia da temporada.<\/p>\n<h3 data-start=\"1592\" data-end=\"1654\"><strong data-start=\"1596\" data-end=\"1654\">John Kennedy elogia Zubeld\u00eda e intensidade no trabalho<\/strong><\/h3>\n<p style=\"text-align: justify;\" data-start=\"1656\" data-end=\"1805\">Ap\u00f3s a partida, John Kennedy destacou o estilo do treinador argentino. Segundo o atacante, a intensidade di\u00e1ria faz diferen\u00e7a no rendimento coletivo.<\/p>\n<blockquote data-start=\"1807\" data-end=\"2064\">\n<p style=\"text-align: justify;\" data-start=\"1809\" data-end=\"2064\">\u201c\u00c9 importante come\u00e7ar o campeonato com vit\u00f3ria, principalmente dentro de casa. Sabemos dos nossos objetivos. Tamb\u00e9m foi muito importante vencer no retorno do treinador. Ele \u00e9 intenso e agitado. Estamos acostumados. J\u00e1 tivemos um assim. D\u00e1 certo\u201d, afirmou.<\/p>\n<\/blockquote>\n<p style=\"text-align: justify;\" data-start=\"2066\" data-end=\"2134\">A fala refor\u00e7a o ambiente positivo criado pelo novo comando t\u00e9cnico.<\/p>\n<h3 data-start=\"2141\" data-end=\"2192\"><strong data-start=\"2145\" data-end=\"2192\">Atacante busca confian\u00e7a e espa\u00e7o no elenco<\/strong><\/h3>\n<p style=\"text-align: justify;\" data-start=\"2194\" data-end=\"2374\">Enquanto a diretoria procura uma nova refer\u00eancia ofensiva, John Kennedy tenta se firmar. Em 2026, o camisa 99 soma quatro jogos, tr\u00eas como titular, com dois gols e uma assist\u00eancia.<\/p>\n<p style=\"text-align: justify;\" data-start=\"2376\" data-end=\"2516\">Al\u00e9m disso, o jogador participou da jogada do primeiro gol contra o Gr\u00eamio. Com isso, abriu vantagem sobre Everaldo na disputa pela posi\u00e7\u00e3o.<\/p>\n<h3 data-start=\"2523\" data-end=\"2579\"><strong data-start=\"2527\" data-end=\"2579\">Fun\u00e7\u00e3o t\u00e1tica ganha destaque no esquema tricolor<\/strong><\/h3>\n<p style=\"text-align: justify;\" data-start=\"2581\" data-end=\"2720\">O atacante tamb\u00e9m explicou a import\u00e2ncia do papel t\u00e1tico exigido por Zubeld\u00eda. Segundo ele, o piv\u00f4 se tornou fundamental no modelo de jogo.<\/p>\n<blockquote data-start=\"2722\" data-end=\"2926\">\n<p style=\"text-align: justify;\" data-start=\"2724\" data-end=\"2926\">\u201c\u00c9 uma jogada que o treinador cobra bastante. O centroavante precisa segurar a bola e ajudar o time. Fico feliz por ter ajudado. \u00c9 uma nova oportunidade. Quero fazer um bom ano e buscar t\u00edtulos\u201d, disse.<\/p>\n<\/blockquote>\n<p style=\"text-align: justify;\" data-start=\"2928\" data-end=\"2979\">A declara\u00e7\u00e3o evidencia a adapta\u00e7\u00e3o ao novo sistema.<\/p>\n<h4 style=\"text-align: justify;\" data-start=\"2986\" data-end=\"3022\"><strong data-start=\"2990\" data-end=\"3022\">Pr\u00f3ximos jogos do Fluminense<\/strong><\/h4>\n<p style=\"text-align: justify;\" data-start=\"3024\" data-end=\"3239\">Ap\u00f3s a estreia positiva, o Fluminense volta a campo no domingo (1), \u00e0s 20h30, contra o Botafogo, pela Ta\u00e7a Guanabara. J\u00e1 pelo Brasileir\u00e3o, o pr\u00f3ximo compromisso ser\u00e1 diante do Bahia, no dia 5, \u00e0s 19h, na Fonte Nova.<\/p>\n<h5 style=\"text-align: center;\"><span style=\"color: #000000;\"><span style=\"color: #ff0000;\"><strong>+ <\/strong><\/span><\/span><span style=\"color: #000000;\"><strong><span style=\"color: #ff9900;\">MAIS NOT\u00cdCIAS DE ESPORTES?<\/span> <span style=\"color: #008080;\"><a style=\"color: #008080;\" href=\"https:\/\/folhadoleste.com.br\/en\/category\/esportes\/\">CLIQUE AQUI<\/a><\/span><\/strong><\/span><\/h5>","protected":false},"excerpt":{"rendered":"<p>John Kennedy valoriza vit\u00f3ria do Fluminense no Brasileir\u00e3o ao destacar o impacto imediato do resultado e a for\u00e7a do time no Maracan\u00e3. O Tricolor venceu o Gr\u00eamio por 2 a 1, nesta quarta-feira (28), na estreia da competi\u00e7\u00e3o, e manteve os 100% de aproveitamento em casa sob o comando de Luis Zubeld\u00eda. Al\u00e9m do placar positivo, o resultado refor\u00e7ou a sintonia entre elenco e treinador. O atacante come\u00e7ou como titular e participou diretamente do primeiro gol. Assim, ganhou pontos na disputa por espa\u00e7o no ataque. Vit\u00f3ria refor\u00e7a for\u00e7a do Fluminense no Maracan\u00e3 O Fluminense entrou em campo confiante. Dono da [&hellip;]<\/p>\n","protected":false},"author":5,"featured_media":159899,"comment_status":"open","ping_status":"open","sticky":false,"template":"","format":"standard","meta":{"footnotes":""},"categories":[48,65],"tags":[151022,82424,95136,78977,1981,83125,150862,99,4076,150947,988,80017,34697,26411,151025,150996,151004,151027,151008,81513,150998,151002,151012,105,129067,150845,20619,151019,124,151009,151016,151018,151024,151006,48090,145554,151014,150997,101,19049,19716,151020,113514,151003,2288,151013,12162,151021,151017,151026,135305,151000,151015,151011,148435,54,15922,151001,286,50,57903,149283,151023,151007,150046,149658,151028,82447,151005,149691,150905,93,4778,150999,151010,56362,16449,82519,74317],"class_list":["post-159894","post","type-post","status-publish","format-standard","has-post-thumbnail","hentry","category-esportes","category-futebol-esportes","tag-aproveitamento-zubeldia-em-casa","tag-atacante-fluminense","tag-ataque-do-fluminense","tag-ataque-tricolor","tag-bahia","tag-bahia-x-fluminense","tag-blog-do-torcedor-tricolor-noticias","tag-botafogo","tag-botafogo-x-fluminense","tag-brasil-21-noticias-fluminense","tag-brasileirao","tag-brasileirao-2026","tag-brasileirao-serie-a","tag-camisa-99","tag-campeonato-brasileiro-2026-tabela","tag-centroavante-tricolor","tag-classificacao-brasileirao-2026-serie-a","tag-como-joga-o-fluminense-de-zubeldia","tag-desempenho-de-john-kennedy-2026","tag-elenco-tricolor","tag-entrevista-john-kennedy","tag-entrevista-john-kennedy-apos-jogo","tag-escalacao-do-fluminense-brasileirao","tag-esportes","tag-estreia-brasileirao","tag-estreia-do-fluminense-no-brasileiro","tag-estreia-no-brasileirao","tag-everaldo-x-john-kennedy-disputa","tag-fluminense","tag-fluminense-13-vitorias-seguidas-maracana","tag-fluminense-forca-mandante-2026","tag-fluminense-na-fonte-nova-contra-o-bahia","tag-fluminense-noticias-urgentes-gshow","tag-fluminense-x-botafogo-taca-guanabara","tag-fluminense-x-gremio","tag-fluminense-x-gremio-brasileirao-2026","tag-folha-do-leste-fluminense-esporte","tag-forca-em-casa","tag-futebol","tag-futebol-brasileiro","tag-futebol-carioca","tag-futebol-carioca-noticias-hoje","tag-gols-do-fluminense","tag-gols-do-fluminense-contra-o-gremio","tag-gremio","tag-ingresso-fluminense-x-botafogo-2026","tag-john-kennedy","tag-john-kennedy-camisa-99-fluminense","tag-john-kennedy-elogia-zubeldia","tag-john-kennedy-entrevista-coletiva","tag-john-kennedy-fluminense","tag-john-kennedy-fluminense-hoje","tag-john-kennedy-gols-e-assistencias-2026","tag-john-kennedy-pivo-gol","tag-john-kennedy-titular-fluminense","tag-leste-fluminense","tag-luis-zubeldia","tag-luis-zubeldia-recorde-maracana","tag-maracana","tag-niteroi","tag-noticias-do-fluminense","tag-noticias-do-fluminense-em-niteroi","tag-noticias-do-fluminense-em-sao-goncalo","tag-noticias-do-fluminense-ge-hoje","tag-noticias-do-leste-fluminense-hoje","tag-o-globo-esportes-fluminense","tag-objetivos-do-fluminense-na-temporada-2026","tag-onde-assistir-fluminense-x-gremio","tag-proximo-jogo-do-fluminense-2026","tag-radio-tupi-fluminense-ao-vivo","tag-resumo-da-rodada-brasileirao-2026","tag-rio-de-janeiro","tag-taca-guanabara","tag-tatica-de-futebol","tag-tatica-de-zubeldia-no-fluminense","tag-temporada-2026","tag-torcida-do-fluminense","tag-vitoria-do-fluminense","tag-zubeldia","post--single"],"yoast_head":"<!-- This site is optimized with the Yoast SEO plugin v27.4 - https:\/\/yoast.com\/product\/yoast-seo-wordpress\/ -->\n<title>John Kennedy valoriza vit\u00f3ria do Fluminense na estreia do Brasileir\u00e3o<\/title>\n<meta name=\"description\" content=\"John Kennedy valoriza vit\u00f3ria do Fluminense sobre o Gr\u00eamio, destaca Zubeld\u00eda e busca retomada no ataque tricolor.\" \/>\n<meta name=\"robots\" content=\"index, follow, max-snippet:-1, max-image-preview:large, max-video-preview:-1\" \/>\n<link rel=\"canonical\" href=\"https:\/\/folhadoleste.com.br\/en\/john-kennedy-valoriza-vitoria-fluminense-brasileirao\/\" \/>\n<meta property=\"og:locale\" content=\"en_US\" \/>\n<meta property=\"og:type\" content=\"article\" \/>\n<meta property=\"og:title\" content=\"John Kennedy valoriza vit\u00f3ria do Fluminense na estreia do Brasileir\u00e3o\" \/>\n<meta property=\"og:description\" content=\"John Kennedy valoriza vit\u00f3ria do Fluminense sobre o Gr\u00eamio, destaca Zubeld\u00eda e busca retomada no ataque tricolor.\" \/>\n<meta property=\"og:url\" content=\"https:\/\/folhadoleste.com.br\/en\/john-kennedy-valoriza-vitoria-fluminense-brasileirao\/\" \/>\n<meta property=\"og:site_name\" content=\"Folha do Leste\" \/>\n<meta property=\"article:publisher\" content=\"https:\/\/www.facebook.com\/folhadoleste\" \/>\n<meta property=\"article:published_time\" content=\"2026-01-29T10:50:25+00:00\" \/>\n<meta property=\"article:modified_time\" content=\"2026-01-29T10:50:56+00:00\" \/>\n<meta property=\"og:image\" content=\"https:\/\/folhadoleste.com.br\/wp-content\/uploads\/2026\/01\/john-kennedy-valoriza-vitoria-fluminense-brasileirao-lucas-mercon-fluminense.jpg\" \/>\n\t<meta property=\"og:image:width\" content=\"1300\" \/>\n\t<meta property=\"og:image:height\" content=\"700\" \/>\n\t<meta property=\"og:image:type\" content=\"image\/jpeg\" \/>\n<meta name=\"author\" content=\"Enzo Carvalho\" \/>\n<meta name=\"twitter:card\" content=\"summary_large_image\" \/>\n<meta name=\"twitter:creator\" content=\"@FolhadoLesteRJ\" \/>\n<meta name=\"twitter:site\" content=\"@FolhadoLesteRJ\" \/>\n<meta name=\"twitter:label1\" content=\"Written by\" \/>\n\t<meta name=\"twitter:data1\" content=\"Enzo Carvalho\" \/>\n\t<meta name=\"twitter:label2\" content=\"Est. reading time\" \/>\n\t<meta name=\"twitter:data2\" content=\"3 minutes\" \/>\n<script type=\"application\/ld+json\" class=\"yoast-schema-graph\">{\"@context\":\"https:\\\/\\\/schema.org\",\"@graph\":[{\"@type\":\"NewsArticle\",\"@id\":\"https:\\\/\\\/folhadoleste.com.br\\\/john-kennedy-valoriza-vitoria-fluminense-brasileirao\\\/#article\",\"isPartOf\":{\"@id\":\"https:\\\/\\\/folhadoleste.com.br\\\/john-kennedy-valoriza-vitoria-fluminense-brasileirao\\\/\"},\"author\":{\"name\":\"Enzo Carvalho\",\"@id\":\"https:\\\/\\\/folhadoleste.com.br\\\/#\\\/schema\\\/person\\\/05d8a4b256c9faea581495e6c9be06f2\"},\"headline\":\"John Kennedy valoriza vit\u00f3ria do Fluminense na estreia do Brasileir\u00e3o\",\"datePublished\":\"2026-01-29T10:50:25+00:00\",\"dateModified\":\"2026-01-29T10:50:56+00:00\",\"mainEntityOfPage\":{\"@id\":\"https:\\\/\\\/folhadoleste.com.br\\\/john-kennedy-valoriza-vitoria-fluminense-brasileirao\\\/\"},\"wordCount\":490,\"commentCount\":0,\"publisher\":{\"@id\":\"https:\\\/\\\/folhadoleste.com.br\\\/#organization\"},\"image\":{\"@id\":\"https:\\\/\\\/folhadoleste.com.br\\\/john-kennedy-valoriza-vitoria-fluminense-brasileirao\\\/#primaryimage\"},\"thumbnailUrl\":\"https:\\\/\\\/folhadoleste.com.br\\\/wp-content\\\/uploads\\\/2026\\\/01\\\/john-kennedy-valoriza-vitoria-fluminense-brasileirao-lucas-mercon-fluminense.jpg\",\"keywords\":[\"aproveitamento zubeld\u00eda em casa\",\"Atacante Fluminense\",\"ataque do Fluminense\",\"ataque tricolor\",\"Bahia\",\"Bahia x Fluminense\",\"blog do torcedor tricolor not\u00edcias\",\"botafogo\",\"Botafogo x Fluminense\",\"brasil 21 not\u00edcias fluminense\",\"Brasileir\u00e3o\",\"Brasileir\u00e3o 2026\",\"Brasileir\u00e3o S\u00e9rie A\",\"camisa 99\",\"campeonato brasileiro 2026 tabela\",\"centroavante tricolor\",\"classifica\u00e7\u00e3o Brasileir\u00e3o 2026 s\u00e9rie A\",\"como joga o fluminense de zubeld\u00eda\",\"desempenho de John Kennedy 2026\",\"elenco tricolor\",\"Entrevista John Kennedy\",\"entrevista John Kennedy ap\u00f3s jogo\",\"escala\u00e7\u00e3o do Fluminense Brasileir\u00e3o\",\"Esportes\",\"Estreia Brasileir\u00e3o\",\"estreia do Fluminense no Brasileiro\",\"Estreia no Brasileir\u00e3o\",\"Everaldo x John Kennedy disputa\",\"fluminense\",\"Fluminense 13 vit\u00f3rias seguidas Maracan\u00e3\",\"Fluminense for\u00e7a mandante 2026\",\"Fluminense na Fonte Nova contra o Bahia\",\"fluminense not\u00edcias urgentes gshow\",\"Fluminense x Botafogo Ta\u00e7a Guanabara\",\"Fluminense x Gr\u00eamio\",\"Fluminense x Gr\u00eamio Brasileir\u00e3o 2026\",\"folha do leste fluminense esporte\",\"for\u00e7a em casa\",\"futebol\",\"Futebol Brasileiro\",\"Futebol carioca\",\"futebol carioca not\u00edcias hoje\",\"gols do Fluminense\",\"gols do Fluminense contra o Gr\u00eamio\",\"Gr\u00eamio\",\"ingresso Fluminense x Botafogo 2026\",\"John Kennedy\",\"John Kennedy camisa 99 fluminense\",\"John Kennedy elogia Zubeld\u00eda\",\"John Kennedy entrevista coletiva\",\"John Kennedy Fluminense\",\"John Kennedy Fluminense hoje\",\"John Kennedy gols e assist\u00eancias 2026\",\"John Kennedy piv\u00f4 gol\",\"John Kennedy titular Fluminense\",\"Leste Fluminense\",\"Luis Zubeld\u00eda\",\"Luis Zubeld\u00eda recorde Maracan\u00e3\",\"Maracan\u00e3\",\"Niter\u00f3i\",\"not\u00edcias do Fluminense\",\"not\u00edcias do Fluminense em Niter\u00f3i\",\"not\u00edcias do fluminense em s\u00e3o gon\u00e7alo\",\"not\u00edcias do Fluminense ge hoje\",\"not\u00edcias do Leste Fluminense hoje\",\"o globo esportes fluminense\",\"objetivos do fluminense na temporada 2026\",\"onde assistir Fluminense x Gr\u00eamio\",\"pr\u00f3ximo jogo do Fluminense 2026\",\"r\u00e1dio tupi fluminense ao vivo\",\"resumo da rodada Brasileir\u00e3o 2026\",\"Rio de Janeiro\",\"Ta\u00e7a Guanabara\",\"T\u00e1tica de Futebol\",\"t\u00e1tica de Zubeld\u00eda no Fluminense\",\"temporada 2026\",\"Torcida do Fluminense\",\"vit\u00f3ria do Fluminense\",\"Zubeldia\"],\"articleSection\":[\"Esportes\",\"Futebol\"],\"inLanguage\":\"en-US\",\"potentialAction\":[{\"@type\":\"CommentAction\",\"name\":\"Comment\",\"target\":[\"https:\\\/\\\/folhadoleste.com.br\\\/john-kennedy-valoriza-vitoria-fluminense-brasileirao\\\/#respond\"]}]},{\"@type\":\"WebPage\",\"@id\":\"https:\\\/\\\/folhadoleste.com.br\\\/john-kennedy-valoriza-vitoria-fluminense-brasileirao\\\/\",\"url\":\"https:\\\/\\\/folhadoleste.com.br\\\/john-kennedy-valoriza-vitoria-fluminense-brasileirao\\\/\",\"name\":\"John Kennedy valoriza vit\u00f3ria do Fluminense na estreia do Brasileir\u00e3o\",\"isPartOf\":{\"@id\":\"https:\\\/\\\/folhadoleste.com.br\\\/#website\"},\"primaryImageOfPage\":{\"@id\":\"https:\\\/\\\/folhadoleste.com.br\\\/john-kennedy-valoriza-vitoria-fluminense-brasileirao\\\/#primaryimage\"},\"image\":{\"@id\":\"https:\\\/\\\/folhadoleste.com.br\\\/john-kennedy-valoriza-vitoria-fluminense-brasileirao\\\/#primaryimage\"},\"thumbnailUrl\":\"https:\\\/\\\/folhadoleste.com.br\\\/wp-content\\\/uploads\\\/2026\\\/01\\\/john-kennedy-valoriza-vitoria-fluminense-brasileirao-lucas-mercon-fluminense.jpg\",\"datePublished\":\"2026-01-29T10:50:25+00:00\",\"dateModified\":\"2026-01-29T10:50:56+00:00\",\"description\":\"John Kennedy valoriza vit\u00f3ria do Fluminense sobre o Gr\u00eamio, destaca Zubeld\u00eda e busca retomada no ataque tricolor.\",\"breadcrumb\":{\"@id\":\"https:\\\/\\\/folhadoleste.com.br\\\/john-kennedy-valoriza-vitoria-fluminense-brasileirao\\\/#breadcrumb\"},\"inLanguage\":\"en-US\",\"potentialAction\":[{\"@type\":\"ReadAction\",\"target\":[\"https:\\\/\\\/folhadoleste.com.br\\\/john-kennedy-valoriza-vitoria-fluminense-brasileirao\\\/\"]}]},{\"@type\":\"ImageObject\",\"inLanguage\":\"en-US\",\"@id\":\"https:\\\/\\\/folhadoleste.com.br\\\/john-kennedy-valoriza-vitoria-fluminense-brasileirao\\\/#primaryimage\",\"url\":\"https:\\\/\\\/folhadoleste.com.br\\\/wp-content\\\/uploads\\\/2026\\\/01\\\/john-kennedy-valoriza-vitoria-fluminense-brasileirao-lucas-mercon-fluminense.jpg\",\"contentUrl\":\"https:\\\/\\\/folhadoleste.com.br\\\/wp-content\\\/uploads\\\/2026\\\/01\\\/john-kennedy-valoriza-vitoria-fluminense-brasileirao-lucas-mercon-fluminense.jpg\",\"width\":1300,\"height\":700,\"caption\":\"John Kennedy valoriza vit\u00f3ria do Fluminense na estreia do Brasileir\u00e3o | Lucas Mer\u00e7on\\\/Fluminense\"},{\"@type\":\"BreadcrumbList\",\"@id\":\"https:\\\/\\\/folhadoleste.com.br\\\/john-kennedy-valoriza-vitoria-fluminense-brasileirao\\\/#breadcrumb\",\"itemListElement\":[{\"@type\":\"ListItem\",\"position\":1,\"name\":\"In\u00edcio\",\"item\":\"https:\\\/\\\/folhadoleste.com.br\\\/\"},{\"@type\":\"ListItem\",\"position\":2,\"name\":\"Esportes\",\"item\":\"https:\\\/\\\/folhadoleste.com.br\\\/category\\\/esportes\\\/\"},{\"@type\":\"ListItem\",\"position\":3,\"name\":\"Futebol\",\"item\":\"https:\\\/\\\/folhadoleste.com.br\\\/category\\\/esportes\\\/futebol-esportes\\\/\"},{\"@type\":\"ListItem\",\"position\":4,\"name\":\"John Kennedy valoriza vit\u00f3ria do Fluminense na estreia do Brasileir\u00e3o\"}]},{\"@type\":\"WebSite\",\"@id\":\"https:\\\/\\\/folhadoleste.com.br\\\/#website\",\"url\":\"https:\\\/\\\/folhadoleste.com.br\\\/\",\"name\":\"Folha do Leste\",\"description\":\"Portal de Not\u00edcias com \u00eanfase em Niter\u00f3i, criando conte\u00fados desde a capital Rio de Janeiro, com olhar para o Leste Fluminense e suas cidades como S\u00e3o Gon\u00e7alo, Itabora\u00ed, Rio Bonito, Maric\u00e1, Saquarema e Araruama\",\"publisher\":{\"@id\":\"https:\\\/\\\/folhadoleste.com.br\\\/#organization\"},\"alternateName\":\"FL\",\"potentialAction\":[{\"@type\":\"SearchAction\",\"target\":{\"@type\":\"EntryPoint\",\"urlTemplate\":\"https:\\\/\\\/folhadoleste.com.br\\\/?s={search_term_string}\"},\"query-input\":{\"@type\":\"PropertyValueSpecification\",\"valueRequired\":true,\"valueName\":\"search_term_string\"}}],\"inLanguage\":\"en-US\"},{\"@type\":\"Organization\",\"@id\":\"https:\\\/\\\/folhadoleste.com.br\\\/#organization\",\"name\":\"Brasil 21 Comunica\u00e7\u00e3o\",\"alternateName\":\"BR21\",\"url\":\"https:\\\/\\\/folhadoleste.com.br\\\/\",\"logo\":{\"@type\":\"ImageObject\",\"inLanguage\":\"en-US\",\"@id\":\"https:\\\/\\\/folhadoleste.com.br\\\/#\\\/schema\\\/logo\\\/image\\\/\",\"url\":\"https:\\\/\\\/folhadoleste.com.br\\\/wp-content\\\/uploads\\\/2025\\\/12\\\/brasil-21-logomarca.avif\",\"contentUrl\":\"https:\\\/\\\/folhadoleste.com.br\\\/wp-content\\\/uploads\\\/2025\\\/12\\\/brasil-21-logomarca.avif\",\"width\":1044,\"height\":1044,\"caption\":\"Brasil 21 Comunica\u00e7\u00e3o\"},\"image\":{\"@id\":\"https:\\\/\\\/folhadoleste.com.br\\\/#\\\/schema\\\/logo\\\/image\\\/\"},\"sameAs\":[\"https:\\\/\\\/www.facebook.com\\\/folhadoleste\",\"https:\\\/\\\/x.com\\\/FolhadoLesteRJ\",\"https:\\\/\\\/www.instagram.com\\\/folhadoleste\\\/\"]},{\"@type\":\"Person\",\"@id\":\"https:\\\/\\\/folhadoleste.com.br\\\/#\\\/schema\\\/person\\\/05d8a4b256c9faea581495e6c9be06f2\",\"name\":\"Enzo Carvalho\",\"image\":{\"@type\":\"ImageObject\",\"inLanguage\":\"en-US\",\"@id\":\"https:\\\/\\\/folhadoleste.com.br\\\/wp-content\\\/litespeed\\\/avatar\\\/3fe471b6df482b28961bb8e87cd40a81.jpg?ver=1777161141\",\"url\":\"https:\\\/\\\/folhadoleste.com.br\\\/wp-content\\\/litespeed\\\/avatar\\\/3fe471b6df482b28961bb8e87cd40a81.jpg?ver=1777161141\",\"contentUrl\":\"https:\\\/\\\/folhadoleste.com.br\\\/wp-content\\\/litespeed\\\/avatar\\\/3fe471b6df482b28961bb8e87cd40a81.jpg?ver=1777161141\",\"caption\":\"Enzo Carvalho\"},\"description\":\"Enzo Carvalho \u00e9 jornalista profissional, com atua\u00e7\u00e3o voltada \u00e0 cobertura de inova\u00e7\u00e3o, tecnologia, cotidiano e esportes. Ex-jogador profissional de e-sports, traz para o jornalismo uma compreens\u00e3o pr\u00e1tica do universo digital, das plataformas tecnol\u00f3gicas e das transforma\u00e7\u00f5es provocadas pela cultura conectada.\",\"url\":\"https:\\\/\\\/folhadoleste.com.br\\\/en\\\/author\\\/enzo-carvalho\\\/\"}]}<\/script>\n<!-- \/ Yoast SEO plugin. -->","yoast_head_json":{"title":"John Kennedy valoriza vit\u00f3ria do Fluminense na estreia do Brasileir\u00e3o","description":"John Kennedy valoriza vit\u00f3ria do Fluminense sobre o Gr\u00eamio, destaca Zubeld\u00eda e busca retomada no ataque tricolor.","robots":{"index":"index","follow":"follow","max-snippet":"max-snippet:-1","max-image-preview":"max-image-preview:large","max-video-preview":"max-video-preview:-1"},"canonical":"https:\/\/folhadoleste.com.br\/en\/john-kennedy-valoriza-vitoria-fluminense-brasileirao\/","og_locale":"en_US","og_type":"article","og_title":"John Kennedy valoriza vit\u00f3ria do Fluminense na estreia do Brasileir\u00e3o","og_description":"John Kennedy valoriza vit\u00f3ria do Fluminense sobre o Gr\u00eamio, destaca Zubeld\u00eda e busca retomada no ataque tricolor.","og_url":"https:\/\/folhadoleste.com.br\/en\/john-kennedy-valoriza-vitoria-fluminense-brasileirao\/","og_site_name":"Folha do Leste","article_publisher":"https:\/\/www.facebook.com\/folhadoleste","article_published_time":"2026-01-29T10:50:25+00:00","article_modified_time":"2026-01-29T10:50:56+00:00","og_image":[{"width":1300,"height":700,"url":"https:\/\/folhadoleste.com.br\/wp-content\/uploads\/2026\/01\/john-kennedy-valoriza-vitoria-fluminense-brasileirao-lucas-mercon-fluminense.jpg","type":"image\/jpeg"}],"author":"Enzo Carvalho","twitter_card":"summary_large_image","twitter_creator":"@FolhadoLesteRJ","twitter_site":"@FolhadoLesteRJ","twitter_misc":{"Written by":"Enzo Carvalho","Est. reading time":"3 minutes"},"schema":{"@context":"https:\/\/schema.org","@graph":[{"@type":"NewsArticle","@id":"https:\/\/folhadoleste.com.br\/john-kennedy-valoriza-vitoria-fluminense-brasileirao\/#article","isPartOf":{"@id":"https:\/\/folhadoleste.com.br\/john-kennedy-valoriza-vitoria-fluminense-brasileirao\/"},"author":{"name":"Enzo Carvalho","@id":"https:\/\/folhadoleste.com.br\/#\/schema\/person\/05d8a4b256c9faea581495e6c9be06f2"},"headline":"John Kennedy valoriza vit\u00f3ria do Fluminense na estreia do Brasileir\u00e3o","datePublished":"2026-01-29T10:50:25+00:00","dateModified":"2026-01-29T10:50:56+00:00","mainEntityOfPage":{"@id":"https:\/\/folhadoleste.com.br\/john-kennedy-valoriza-vitoria-fluminense-brasileirao\/"},"wordCount":490,"commentCount":0,"publisher":{"@id":"https:\/\/folhadoleste.com.br\/#organization"},"image":{"@id":"https:\/\/folhadoleste.com.br\/john-kennedy-valoriza-vitoria-fluminense-brasileirao\/#primaryimage"},"thumbnailUrl":"https:\/\/folhadoleste.com.br\/wp-content\/uploads\/2026\/01\/john-kennedy-valoriza-vitoria-fluminense-brasileirao-lucas-mercon-fluminense.jpg","keywords":["aproveitamento zubeld\u00eda em casa","Atacante Fluminense","ataque do Fluminense","ataque tricolor","Bahia","Bahia x Fluminense","blog do torcedor tricolor not\u00edcias","botafogo","Botafogo x Fluminense","brasil 21 not\u00edcias fluminense","Brasileir\u00e3o","Brasileir\u00e3o 2026","Brasileir\u00e3o S\u00e9rie A","camisa 99","campeonato brasileiro 2026 tabela","centroavante tricolor","classifica\u00e7\u00e3o Brasileir\u00e3o 2026 s\u00e9rie A","como joga o fluminense de zubeld\u00eda","desempenho de John Kennedy 2026","elenco tricolor","Entrevista John Kennedy","entrevista John Kennedy ap\u00f3s jogo","escala\u00e7\u00e3o do Fluminense Brasileir\u00e3o","Esportes","Estreia Brasileir\u00e3o","estreia do Fluminense no Brasileiro","Estreia no Brasileir\u00e3o","Everaldo x John Kennedy disputa","fluminense","Fluminense 13 vit\u00f3rias seguidas Maracan\u00e3","Fluminense for\u00e7a mandante 2026","Fluminense na Fonte Nova contra o Bahia","fluminense not\u00edcias urgentes gshow","Fluminense x Botafogo Ta\u00e7a Guanabara","Fluminense x Gr\u00eamio","Fluminense x Gr\u00eamio Brasileir\u00e3o 2026","folha do leste fluminense esporte","for\u00e7a em casa","futebol","Futebol Brasileiro","Futebol carioca","futebol carioca not\u00edcias hoje","gols do Fluminense","gols do Fluminense contra o Gr\u00eamio","Gr\u00eamio","ingresso Fluminense x Botafogo 2026","John Kennedy","John Kennedy camisa 99 fluminense","John Kennedy elogia Zubeld\u00eda","John Kennedy entrevista coletiva","John Kennedy Fluminense","John Kennedy Fluminense hoje","John Kennedy gols e assist\u00eancias 2026","John Kennedy piv\u00f4 gol","John Kennedy titular Fluminense","Leste Fluminense","Luis Zubeld\u00eda","Luis Zubeld\u00eda recorde Maracan\u00e3","Maracan\u00e3","Niter\u00f3i","not\u00edcias do Fluminense","not\u00edcias do Fluminense em Niter\u00f3i","not\u00edcias do fluminense em s\u00e3o gon\u00e7alo","not\u00edcias do Fluminense ge hoje","not\u00edcias do Leste Fluminense hoje","o globo esportes fluminense","objetivos do fluminense na temporada 2026","onde assistir Fluminense x Gr\u00eamio","pr\u00f3ximo jogo do Fluminense 2026","r\u00e1dio tupi fluminense ao vivo","resumo da rodada Brasileir\u00e3o 2026","Rio de Janeiro","Ta\u00e7a Guanabara","T\u00e1tica de Futebol","t\u00e1tica de Zubeld\u00eda no Fluminense","temporada 2026","Torcida do Fluminense","vit\u00f3ria do Fluminense","Zubeldia"],"articleSection":["Esportes","Futebol"],"inLanguage":"en-US","potentialAction":[{"@type":"CommentAction","name":"Comment","target":["https:\/\/folhadoleste.com.br\/john-kennedy-valoriza-vitoria-fluminense-brasileirao\/#respond"]}]},{"@type":"WebPage","@id":"https:\/\/folhadoleste.com.br\/john-kennedy-valoriza-vitoria-fluminense-brasileirao\/","url":"https:\/\/folhadoleste.com.br\/john-kennedy-valoriza-vitoria-fluminense-brasileirao\/","name":"John Kennedy valoriza vit\u00f3ria do Fluminense na estreia do Brasileir\u00e3o","isPartOf":{"@id":"https:\/\/folhadoleste.com.br\/#website"},"primaryImageOfPage":{"@id":"https:\/\/folhadoleste.com.br\/john-kennedy-valoriza-vitoria-fluminense-brasileirao\/#primaryimage"},"image":{"@id":"https:\/\/folhadoleste.com.br\/john-kennedy-valoriza-vitoria-fluminense-brasileirao\/#primaryimage"},"thumbnailUrl":"https:\/\/folhadoleste.com.br\/wp-content\/uploads\/2026\/01\/john-kennedy-valoriza-vitoria-fluminense-brasileirao-lucas-mercon-fluminense.jpg","datePublished":"2026-01-29T10:50:25+00:00","dateModified":"2026-01-29T10:50:56+00:00","description":"John Kennedy valoriza vit\u00f3ria do Fluminense sobre o Gr\u00eamio, destaca Zubeld\u00eda e busca retomada no ataque tricolor.","breadcrumb":{"@id":"https:\/\/folhadoleste.com.br\/john-kennedy-valoriza-vitoria-fluminense-brasileirao\/#breadcrumb"},"inLanguage":"en-US","potentialAction":[{"@type":"ReadAction","target":["https:\/\/folhadoleste.com.br\/john-kennedy-valoriza-vitoria-fluminense-brasileirao\/"]}]},{"@type":"ImageObject","inLanguage":"en-US","@id":"https:\/\/folhadoleste.com.br\/john-kennedy-valoriza-vitoria-fluminense-brasileirao\/#primaryimage","url":"https:\/\/folhadoleste.com.br\/wp-content\/uploads\/2026\/01\/john-kennedy-valoriza-vitoria-fluminense-brasileirao-lucas-mercon-fluminense.jpg","contentUrl":"https:\/\/folhadoleste.com.br\/wp-content\/uploads\/2026\/01\/john-kennedy-valoriza-vitoria-fluminense-brasileirao-lucas-mercon-fluminense.jpg","width":1300,"height":700,"caption":"John Kennedy valoriza vit\u00f3ria do Fluminense na estreia do Brasileir\u00e3o | Lucas Mer\u00e7on\/Fluminense"},{"@type":"BreadcrumbList","@id":"https:\/\/folhadoleste.com.br\/john-kennedy-valoriza-vitoria-fluminense-brasileirao\/#breadcrumb","itemListElement":[{"@type":"ListItem","position":1,"name":"In\u00edcio","item":"https:\/\/folhadoleste.com.br\/"},{"@type":"ListItem","position":2,"name":"Esportes","item":"https:\/\/folhadoleste.com.br\/category\/esportes\/"},{"@type":"ListItem","position":3,"name":"Futebol","item":"https:\/\/folhadoleste.com.br\/category\/esportes\/futebol-esportes\/"},{"@type":"ListItem","position":4,"name":"John Kennedy valoriza vit\u00f3ria do Fluminense na estreia do Brasileir\u00e3o"}]},{"@type":"WebSite","@id":"https:\/\/folhadoleste.com.br\/#website","url":"https:\/\/folhadoleste.com.br\/","name":"Folha do Leste","description":"Portal de Not\u00edcias com \u00eanfase em Niter\u00f3i, criando conte\u00fados desde a capital Rio de Janeiro, com olhar para o Leste Fluminense e suas cidades como S\u00e3o Gon\u00e7alo, Itabora\u00ed, Rio Bonito, Maric\u00e1, Saquarema e Araruama","publisher":{"@id":"https:\/\/folhadoleste.com.br\/#organization"},"alternateName":"FL","potentialAction":[{"@type":"SearchAction","target":{"@type":"EntryPoint","urlTemplate":"https:\/\/folhadoleste.com.br\/?s={search_term_string}"},"query-input":{"@type":"PropertyValueSpecification","valueRequired":true,"valueName":"search_term_string"}}],"inLanguage":"en-US"},{"@type":"Organization","@id":"https:\/\/folhadoleste.com.br\/#organization","name":"Brasil 21 Comunica\u00e7\u00e3o","alternateName":"BR21","url":"https:\/\/folhadoleste.com.br\/","logo":{"@type":"ImageObject","inLanguage":"en-US","@id":"https:\/\/folhadoleste.com.br\/#\/schema\/logo\/image\/","url":"https:\/\/folhadoleste.com.br\/wp-content\/uploads\/2025\/12\/brasil-21-logomarca.avif","contentUrl":"https:\/\/folhadoleste.com.br\/wp-content\/uploads\/2025\/12\/brasil-21-logomarca.avif","width":1044,"height":1044,"caption":"Brasil 21 Comunica\u00e7\u00e3o"},"image":{"@id":"https:\/\/folhadoleste.com.br\/#\/schema\/logo\/image\/"},"sameAs":["https:\/\/www.facebook.com\/folhadoleste","https:\/\/x.com\/FolhadoLesteRJ","https:\/\/www.instagram.com\/folhadoleste\/"]},{"@type":"Person","@id":"https:\/\/folhadoleste.com.br\/#\/schema\/person\/05d8a4b256c9faea581495e6c9be06f2","name":"Enzo Carvalho","image":{"@type":"ImageObject","inLanguage":"en-US","@id":"https:\/\/folhadoleste.com.br\/wp-content\/litespeed\/avatar\/3fe471b6df482b28961bb8e87cd40a81.jpg?ver=1777161141","url":"https:\/\/folhadoleste.com.br\/wp-content\/litespeed\/avatar\/3fe471b6df482b28961bb8e87cd40a81.jpg?ver=1777161141","contentUrl":"https:\/\/folhadoleste.com.br\/wp-content\/litespeed\/avatar\/3fe471b6df482b28961bb8e87cd40a81.jpg?ver=1777161141","caption":"Enzo Carvalho"},"description":"Enzo Carvalho \u00e9 jornalista profissional, com atua\u00e7\u00e3o voltada \u00e0 cobertura de inova\u00e7\u00e3o, tecnologia, cotidiano e esportes. Ex-jogador profissional de e-sports, traz para o jornalismo uma compreens\u00e3o pr\u00e1tica do universo digital, das plataformas tecnol\u00f3gicas e das transforma\u00e7\u00f5es provocadas pela cultura conectada.","url":"https:\/\/folhadoleste.com.br\/en\/author\/enzo-carvalho\/"}]}},"_links":{"self":[{"href":"https:\/\/folhadoleste.com.br\/en\/wp-json\/wp\/v2\/posts\/159894","targetHints":{"allow":["GET"]}}],"collection":[{"href":"https:\/\/folhadoleste.com.br\/en\/wp-json\/wp\/v2\/posts"}],"about":[{"href":"https:\/\/folhadoleste.com.br\/en\/wp-json\/wp\/v2\/types\/post"}],"author":[{"embeddable":true,"href":"https:\/\/folhadoleste.com.br\/en\/wp-json\/wp\/v2\/users\/5"}],"replies":[{"embeddable":true,"href":"https:\/\/folhadoleste.com.br\/en\/wp-json\/wp\/v2\/comments?post=159894"}],"version-history":[{"count":2,"href":"https:\/\/folhadoleste.com.br\/en\/wp-json\/wp\/v2\/posts\/159894\/revisions"}],"predecessor-version":[{"id":159901,"href":"https:\/\/folhadoleste.com.br\/en\/wp-json\/wp\/v2\/posts\/159894\/revisions\/159901"}],"wp:featuredmedia":[{"embeddable":true,"href":"https:\/\/folhadoleste.com.br\/en\/wp-json\/wp\/v2\/media\/159899"}],"wp:attachment":[{"href":"https:\/\/folhadoleste.com.br\/en\/wp-json\/wp\/v2\/media?parent=159894"}],"wp:term":[{"taxonomy":"category","embeddable":true,"href":"https:\/\/folhadoleste.com.br\/en\/wp-json\/wp\/v2\/categories?post=159894"},{"taxonomy":"post_tag","embeddable":true,"href":"https:\/\/folhadoleste.com.br\/en\/wp-json\/wp\/v2\/tags?post=159894"}],"curies":[{"name":"wp","href":"https:\/\/api.w.org\/{rel}","templated":true}]}}