{"id":158051,"date":"2026-01-15T13:25:40","date_gmt":"2026-01-15T16:25:40","guid":{"rendered":"https:\/\/folhadoleste.com.br\/?p=158051"},"modified":"2026-01-15T13:37:49","modified_gmt":"2026-01-15T16:37:49","slug":"greve-onibus-rio-viacao-real-vila-isabel-linhas-paradas-15-01-26","status":"publish","type":"post","link":"https:\/\/folhadoleste.com.br\/en\/greve-onibus-rio-viacao-real-vila-isabel-linhas-paradas-15-01-26\/","title":{"rendered":"Greve de \u00f4nibus no Rio nesta quinta-feira, 15\/01: Veja linhas paradas e alternativas hoje (15)"},"content":{"rendered":"<div style=\"background-color: #ffffff; border: 1px solid #0097b2; border-left: 8px solid #004b59; padding: 0; font-family: 'Poppins', sans-serif; box-shadow: 5px 5px 15px rgba(0,0,0,0.05); max-width: 800px; margin: 20px auto;\">\n<div style=\"width: 100%; position: relative;\">\n<div style=\"width: 100%; aspect-ratio: 16 \/ 9; background-color: #f0f0f0; overflow: hidden;\"><img decoding=\"async\" class=\"alignnone size-full wp-image-158052\" src=\"https:\/\/folhadoleste.com.br\/wp-content\/uploads\/2026\/01\/greve-onibus-rio-viacao-real-vila-isabel-linhas-paradas.jpg\" alt=\"Motoristas e funcion\u00e1rios em protesto em frente \u00e0 garagem de \u00f4nibus da Via\u00e7\u00e3o Vila Isabel, na Zona Norte do Rio de Janeiro, durante paralisa\u00e7\u00e3o nesta quinta-feira (15).\" width=\"1280\" height=\"720\" \/><\/div>\n<div style=\"background: rgba(0, 75, 89, 0.8); color: #ffffff; font-size: 1.05rem; padding: 8px 15px; line-height: 1.4;\">Paralisa\u00e7\u00e3o nas via\u00e7\u00f5es Real e Vila Isabel afeta 13 linhas por conta de greve de \u00f4nibus no Rio de janeiro nesta quinta-feira, 15\/01 | Reprodu\u00e7\u00e3o TV Globo<\/div>\n<\/div>\n<div style=\"padding: 25px;\">\n<h3 style=\"margin-top: 0; color: #004b59; font-size: 1.2rem; font-weight: 800; text-transform: uppercase; letter-spacing: 1.7px; border-bottom: 2px solid #38b6ff; padding-bottom: 10px; margin-bottom: 20px;\">Guia de Emerg\u00eancia: Mobilidade no Rio<\/h3>\n<ul style=\"margin-bottom: 0; padding-left: 20px; list-style-type: none;\">\n<li style=\"margin-bottom: 12px; color: #002030; line-height: 1.6;\"><span style=\"color: #0097b2; font-size: 1.4rem; vertical-align: middle; margin-right: 10px;\">\u2022 <\/span><strong>Paralisa\u00e7\u00e3o:<\/strong> Rodovi\u00e1rios das via\u00e7\u00f5es Real e Vila Isabel pararam por calote em benef\u00edcios (FGTS e 13\u00ba).<\/li>\n<li style=\"margin-bottom: 12px; color: #002030; line-height: 1.6;\"><span style=\"color: #0097b2; font-size: 1.4rem; vertical-align: middle; margin-right: 10px;\">\u2022 <\/span><strong>Impacto:<\/strong> 13 linhas afetadas; 5 est\u00e3o totalmente paralisadas e 8 operam com frota reduzida.<\/li>\n<li style=\"margin-bottom: 12px; color: #002030; line-height: 1.6;\"><span style=\"color: #0097b2; font-size: 1.4rem; vertical-align: middle; margin-right: 10px;\">\u2022 <\/span><strong>Alternativas:<\/strong> Prefeitura ativou as linhas especiais LECD128 e LECD129 (Terminal Gentileza e Alvorada).<\/li>\n<li style=\"color: #002030; line-height: 1.6;\"><span style=\"color: #0097b2; font-size: 1.4rem; vertical-align: middle; margin-right: 10px;\">\u2022 <\/span><strong>Puni\u00e7\u00e3o:<\/strong> SMTR afirma que subs\u00eddios est\u00e3o em dia e aplicar\u00e1 multas severas \u00e0s empresas pelo calote operacional.<\/li>\n<\/ul>\n<\/div>\n<\/div>\n<p style=\"text-align: justify;\" data-path-to-node=\"7\"><b data-path-to-node=\"7\" data-index-in-node=\"0\">Por Andr\u00e9 Freitas<\/b> | <i data-path-to-node=\"7\" data-index-in-node=\"20\">Rio de Janeiro \u2014\u00a0<\/i>Uma greve de \u00f4nibus no Rio nesta quinta-feira 15\/01, compromete o transporte p\u00fablico na capital do estado.\u00a0 O movimento, iniciado por rodovi\u00e1rios das via\u00e7\u00f5es <b data-path-to-node=\"8\" data-index-in-node=\"43\">Real<\/b> e <b data-path-to-node=\"8\" data-index-in-node=\"50\">Vila Isabel<\/b> nas primeiras horas do dia, afeta diretamente 13 itiner\u00e1rios. Eles conectam as zonas Norte e Sul, al\u00e9m de regi\u00f5es centrais. Como resultado, passageiros enfrentam pontos lotados e atrasos severos. Principalmente, no entorno do <b data-path-to-node=\"8\" data-index-in-node=\"402\">Terminal Gentileza<\/b> e em bairros como Vila Isabel e G\u00e1vea.<\/p>\n<h3 data-path-to-node=\"9\">O motivo da revolta: Calote trabalhista<\/h3>\n<p style=\"text-align: justify;\" data-path-to-node=\"10\">A categoria decidiu cruzar os bra\u00e7os devido ao atraso cr\u00f4nico no pagamento de direitos fundamentais. Al\u00e9m do 13\u00ba sal\u00e1rio e das f\u00e9rias, os rodovi\u00e1rios denunciam a falta de dep\u00f3sitos de <b data-path-to-node=\"10\" data-index-in-node=\"184\">FGTS<\/b> e <b data-path-to-node=\"10\" data-index-in-node=\"191\">INSS<\/b>, al\u00e9m de atrasos no vale-alimenta\u00e7\u00e3o e verbas rescis\u00f3rias.<\/p>\n<p style=\"text-align: justify;\" data-path-to-node=\"11\">Nesse sentido, o contraste administrativo \u00e9 flagrante. Enquanto os funcion\u00e1rios alegam falta de recursos, a <b data-path-to-node=\"11\" data-index-in-node=\"108\">Prefeitura do Rio<\/b> afirma categoricamente que os subs\u00eddios destinados aos cons\u00f3rcios est\u00e3o sendo pagos rigorosamente em dia. Por outro lado, a Secretaria Municipal de Transportes (SMTR) j\u00e1 anunciou que aplicar\u00e1 multas pesadas e cortes de repasses \u00e0s empresas pelas viagens n\u00e3o realizadas.<\/p>\n<h3 data-path-to-node=\"12\">Linhas Afetadas e Plano de Conting\u00eancia para deslocamento<\/h3>\n<div style=\"background-color: #ffffff; border: 2px solid #004b59; padding: 0; font-family: 'Poppins', sans-serif; max-width: 600px; margin: 20px auto; border-radius: 6px; overflow: hidden; box-shadow: 0 4px 6px rgba(0,0,0,0.1);\">\n<div style=\"background-color: #004b59; color: #ffffff; padding: 15px; text-align: center; text-transform: uppercase; font-weight: 800; letter-spacing: 1px; font-size: 2.1rem;\">Situa\u00e7\u00e3o das Linhas<\/div>\n<div style=\"padding: 20px; border-bottom: 1px solid #e2e8f0; background-color: #fff5f5;\">\n<h5 style=\"color: #c81e1e; margin: 0 0 15px 0; font-size: 1.3rem; text-transform: uppercase; font-weight: 800; display: flex; align-items: center;\"><span style=\"font-size: 1.2rem; margin-right: 8px;\">\ud83d\udeab<\/span> Totalmente Paralisadas<\/h5>\n<ul style=\"list-style-type: none; padding: 0; margin: 0; color: #1f2937; font-weight: 600;\">\n<li style=\"padding: 6px 0; border-bottom: 1px dashed #fecaca;\">222 (Vila Isabel x Gamboa)<\/li>\n<li style=\"padding: 6px 0; border-bottom: 1px dashed #fecaca;\">432 (Vila Isabel x G\u00e1vea)<\/li>\n<li style=\"padding: 6px 0; border-bottom: 1px dashed #fecaca;\">538 (Rocinha x Leme)<\/li>\n<li style=\"padding: 6px 0; border-bottom: 1px dashed #fecaca;\">SV112 (Terminal Gentileza x G\u00e1vea)<\/li>\n<li style=\"padding: 6px 0;\">439 (Vila Isabel x Leblon)<\/li>\n<\/ul>\n<\/div>\n<div style=\"padding: 20px; background-color: #fffbf0; border-bottom: 1px solid #e2e8f0;\">\n<h5 style=\"color: #b7791f; margin: 0 0 10px 0; font-size: 1.3rem; text-transform: uppercase; font-weight: 800; display: flex; align-items: center;\"><span style=\"font-size: 1.2rem; margin-right: 8px;\">\u26a0\ufe0f<\/span> Opera\u00e7\u00e3o Parcial (Atrasos)<\/h5>\n<p style=\"margin: 0; line-height: 1.6; color: #4b5563; font-size: 1.1rem;\"><strong>107<\/strong> (Central x Urca), <strong>110<\/strong> (Rodovi\u00e1ria x Leblon), <strong>157<\/strong> (Central x G\u00e1vea), <strong>415<\/strong> (Urca x Usina), <strong>422<\/strong> (Graja\u00fa x Cosme Velho), <strong>433<\/strong> (Vila Isabel x Leblon), <strong>435<\/strong> (Graja\u00fa x G\u00e1vea) e <strong>605<\/strong> (Vila Isabel x S. F. Xavier).<\/p>\n<\/div>\n<div style=\"padding: 15px 20px; background-color: #f0f9ff; border-left: 6px solid #0ea5e9;\">\n<h5 style=\"color: #0369a1; margin: 0 0 5px 0; font-size: 1.3rem; text-transform: uppercase; font-weight: 800;\">Op\u00e7\u00f5es de Deslocamento<\/h5>\n<p style=\"margin: 0; font-size: 1.05rem; color: #0c4a6e; line-height: 1.3;\">A prefeitura ativou as linhas especiais <strong>LECD128<\/strong> (Gentileza \u2194 Leblon) e <strong>LECD129<\/strong> (Alvorada \u2194 Central). Use tamb\u00e9m Metr\u00f4 e VLT.<\/p>\n<\/div>\n<\/div>\n<p>&nbsp;<\/p>\n<p style=\"text-align: justify;\" data-path-to-node=\"20\">Conforme informa\u00e7\u00f5es do poder p\u00fablico municipal, a fiscaliza\u00e7\u00e3o monitora em tempo real, via GPS, a movimenta\u00e7\u00e3o de cada ve\u00edculo. Entretanto a <strong>recomenda\u00e7\u00e3o aos passageiros<\/strong> \u00e9, se poss\u00edvel, pela busca por\u00a0 <strong>alternativas.<\/strong> Por exemplo, o Metr\u00f4 ou o VLT para acessar o Centro e a Zona Sul a partir da regi\u00e3o de S\u00e3o Crist\u00f3v\u00e3o e Vila Isabel.<\/p>\n<p data-path-to-node=\"24\">","protected":false},"excerpt":{"rendered":"<p>Paralisa\u00e7\u00e3o nas via\u00e7\u00f5es Real e Vila Isabel afeta 13 linhas por conta de greve de \u00f4nibus no Rio de janeiro nesta quinta-feira, 15\/01 | Reprodu\u00e7\u00e3o TV Globo Guia de Emerg\u00eancia: Mobilidade no Rio \u2022 Paralisa\u00e7\u00e3o: Rodovi\u00e1rios das via\u00e7\u00f5es Real e Vila Isabel pararam por calote em benef\u00edcios (FGTS e 13\u00ba). \u2022 Impacto: 13 linhas afetadas; 5 est\u00e3o totalmente paralisadas e 8 operam com frota reduzida. \u2022 Alternativas: Prefeitura ativou as linhas especiais LECD128 e LECD129 (Terminal Gentileza e Alvorada). \u2022 Puni\u00e7\u00e3o: SMTR afirma que subs\u00eddios est\u00e3o em dia e aplicar\u00e1 multas severas \u00e0s empresas pelo calote operacional. Por Andr\u00e9 Freitas [&hellip;]<\/p>\n","protected":false},"author":2,"featured_media":158052,"comment_status":"open","ping_status":"open","sticky":false,"template":"","format":"standard","meta":{"footnotes":""},"categories":[67],"tags":[136490,136468,136499,136504,136501,136453,136503,136473,136472,136480,136505,136482,136464,136502,136458,136452,136475,136476,136496,136492,136457,136474,136454,136455,136488,136494,136508,136466,136471,136467,136462,136509,136479,136469,136463,136493,136456,136497,136461,136491,136484,136481,136495,136451,136486,136459,136478,136465,136507,136460,136485,136510,136500,136489,136477,136498,136483,136506,136487,136470],"class_list":["post-158051","post","type-post","status-publish","format-standard","has-post-thumbnail","hentry","category-rio-de-janeiro-capital","tag-alerta-de-transporte-rio-de-janeiro-hoje","tag-alternativa-linha-222-rio-de-janeiro","tag-alternativas-onibus-rio-de-janeiro","tag-atraso-de-onibus-rio-hoje","tag-calote-rodoviarios-viacao-real","tag-como-chegar-na-zona-sul-com-greve-de-onibus","tag-crise-no-transporte-publico-rio","tag-deposito-fgts-motoristas-onibus-rio","tag-direitos-trabalhistas-rodoviarios-rio-atraso","tag-fiscalizacao-gps-onibus-rio-smtr","tag-greve-15-de-janeiro-onibus-rio","tag-greve-de-motoristas-de-onibus-vila-isabel-agora","tag-greve-de-onibus-afeta-niteroi-rio","tag-greve-de-onibus-gavea-e-leblon","tag-greve-de-onibus-rio-de-janeiro-previsao-de-volta","tag-greve-de-onibus-rio-vila-isabel-itinerarios","tag-greve-onibus-rio-de-janeiro-consorcio-intersul","tag-greve-rodoviarios-internorte-hoje","tag-greve-rodoviarios-rio-de-janeiro","tag-greve-viacao-real-e-vila-isabel","tag-horario-das-linhas-especiais-lecd128-e-lecd129","tag-inss-atrasado-rodoviarios-rio-de-janeiro","tag-linha-432-paralisada-hoje-rio","tag-linha-538-rocinha-leme-hoje","tag-linhas-afetadas-viacao-real-hoje","tag-linhas-de-onibus-suspensas-rio","tag-linhas-especiais-smtr-greve","tag-lista-de-linhas-paradas-vila-isabel","tag-manifestacao-rodoviarios-zona-norte-rio","tag-mapa-da-greve-de-onibus-rio-de-janeiro","tag-multa-viacao-real-vila-isabel-smtr","tag-multas-empresas-onibus-rio-greve","tag-noticias-mobilidade-rio-de-janeiro-folha-do-leste","tag-onibus-109-e-157-reforco-hoje","tag-onibus-439-vila-isabel-leblon-hoje","tag-onibus-parados-zona-norte-rj","tag-onibus-terminal-gentileza-operando-agora","tag-onibus-vila-isabel-paralisados","tag-pagamento-subsidio-prefeitura-rio-onibus","tag-paralisacao-onibus-rio-de-janeiro","tag-passageiros-prejudicados-greve-onibus-rio","tag-por-que-os-onibus-nao-estao-passando-no-rio","tag-problemas-no-transporte-rio-hoje","tag-quais-linhas-de-onibus-estao-em-greve-no-rio","tag-real-auto-onibus-greve-noticias","tag-reclamacao-onibus-rio-real-e-vila-isabel","tag-reportagem-greve-de-onibus-rio24horas","tag-rodoviarios-em-greve-hoje-15-de-janeiro","tag-rodoviarios-real-vila-isabel-protesto","tag-rodoviarios-rio-beneficios-atrasados","tag-sindicato-dos-rodoviarios-rio-paralisacao-hoje","tag-situacao-dos-onibus-no-rio-agora","tag-smtr-greve-onibus-rio","tag-subsidios-onibus-rio-de-janeiro-transparencia","tag-terminal-alvorada-central-onibus-especial","tag-terminal-gentileza-greve-hoje","tag-transito-rio-de-janeiro-greve-onibus","tag-transporte-zona-norte-para-zona-sul","tag-transportes-vila-isabel-paralisacao-total","tag-viacao-real-onibus-parados-garagem","post--single"],"yoast_head":"<!-- This site is optimized with the Yoast SEO plugin v27.4 - https:\/\/yoast.com\/product\/yoast-seo-wordpress\/ -->\n<title>Greve de \u00f4nibus no Rio nesta quinta-feira, 15\/01: Veja linhas paradas e alternativas hoje (15) &#8226; Folha do Leste<\/title>\n<meta name=\"description\" content=\"Greve de \u00f4nibus no Rio nesta quinta-feira, 15\/01: Motoristas de da Real e Vila Isabel cruzam os bra\u00e7os. Veja linhas afetadas e alternativas. \u00a0Quais linhas de \u00f4nibus est\u00e3o em greve no Rio, Greve de \u00f4nibus Rio Vila Isabel itiner\u00e1rios, Como chegar na Zona Sul com greve de \u00f4nibus, Linha 432 paralisada hoje Rio, Linha 538 Rocinha Leme hoje, \u00d4nibus Terminal Gentileza operando agora, Hor\u00e1rio das linhas especiais LECD128 e LECD129, Greve de \u00f4nibus Rio de Janeiro previs\u00e3o de volta, Reclama\u00e7\u00e3o \u00f4nibus Rio Real e Vila Isabel, Rodovi\u00e1rios Rio benef\u00edcios atrasados, Pagamento subs\u00eddio prefeitura Rio \u00f4nibus, Multa via\u00e7\u00e3o Real Vila Isabel SMTR, \u00d4nibus 439 Vila Isabel Leblon hoje, Greve de \u00f4nibus afeta Niter\u00f3i Rio, Rodovi\u00e1rios em greve hoje 15 de janeiro, Lista de linhas paradas Vila Isabel, Mapa da greve de \u00f4nibus Rio de Janeiro, Alternativa linha 222 Rio de Janeiro, \u00d4nibus 109 e 157 refor\u00e7o hoje, Via\u00e7\u00e3o Real \u00f4nibus parados garagem, Manifesta\u00e7\u00e3o rodovi\u00e1rios Zona Norte Rio, Direitos trabalhistas rodovi\u00e1rios Rio atraso, Dep\u00f3sito FGTS motoristas \u00f4nibus Rio, INSS atrasado rodovi\u00e1rios Rio de Janeiro, Greve \u00f4nibus Rio de Janeiro cons\u00f3rcio Intersul, Greve rodovi\u00e1rios Internorte hoje, Terminal Alvorada Central \u00f4nibus especial, Reportagem greve de \u00f4nibus Rio24Horas, Not\u00edcias mobilidade Rio de Janeiro Folha do Leste, Fiscaliza\u00e7\u00e3o GPS \u00f4nibus Rio SMTR, Por que os \u00f4nibus n\u00e3o est\u00e3o passando no Rio, Greve de motoristas de \u00f4nibus Vila Isabel agora, Tr\u00e2nsito Rio de Janeiro greve \u00f4nibus, Passageiros prejudicados greve \u00f4nibus Rio, Sindicato dos rodovi\u00e1rios Rio paralisa\u00e7\u00e3o hoje, Real Auto \u00d4nibus greve not\u00edcias, Transportes Vila Isabel paralisa\u00e7\u00e3o total, Linhas afetadas via\u00e7\u00e3o Real hoje, Subs\u00eddios \u00f4nibus Rio de Janeiro transpar\u00eancia, Alerta de transporte Rio de Janeiro hoje, Paralisa\u00e7\u00e3o \u00f4nibus Rio de Janeiro, Greve via\u00e7\u00e3o Real e Vila Isabel, \u00d4nibus parados Zona Norte RJ, Linhas de \u00f4nibus suspensas Rio, Problemas no transporte Rio hoje, Greve rodovi\u00e1rios Rio de Janeiro, \u00d4nibus Vila Isabel paralisados, Terminal Gentileza greve hoje, Alternativas \u00f4nibus Rio de Janeiro, SMTR greve \u00f4nibus Rio, Calote rodovi\u00e1rios via\u00e7\u00e3o Real, Greve de \u00f4nibus G\u00e1vea e Leblon, Crise no transporte p\u00fablico Rio, Atraso de \u00f4nibus Rio hoje, Greve 15 de janeiro \u00f4nibus Rio, Transporte Zona Norte para Zona Sul, Rodovi\u00e1rios Real Vila Isabel protesto, Linhas especiais SMTR greve, Multas empresas \u00f4nibus Rio greve, Situa\u00e7\u00e3o dos \u00f4nibus no Rio agora,\" \/>\n<meta name=\"robots\" content=\"index, follow, max-snippet:-1, max-image-preview:large, max-video-preview:-1\" \/>\n<link rel=\"canonical\" href=\"https:\/\/folhadoleste.com.br\/en\/greve-onibus-rio-viacao-real-vila-isabel-linhas-paradas-15-01-26\/\" \/>\n<meta property=\"og:locale\" content=\"en_US\" \/>\n<meta property=\"og:type\" content=\"article\" \/>\n<meta property=\"og:title\" content=\"Greve de \u00f4nibus no Rio nesta quinta-feira, 15\/01: Veja linhas paradas e alternativas hoje (15) &#8226; Folha do Leste\" \/>\n<meta property=\"og:description\" content=\"Greve de \u00f4nibus no Rio nesta quinta-feira, 15\/01: Motoristas de da Real e Vila Isabel cruzam os bra\u00e7os. Veja linhas afetadas e alternativas. \u00a0Quais linhas de \u00f4nibus est\u00e3o em greve no Rio, Greve de \u00f4nibus Rio Vila Isabel itiner\u00e1rios, Como chegar na Zona Sul com greve de \u00f4nibus, Linha 432 paralisada hoje Rio, Linha 538 Rocinha Leme hoje, \u00d4nibus Terminal Gentileza operando agora, Hor\u00e1rio das linhas especiais LECD128 e LECD129, Greve de \u00f4nibus Rio de Janeiro previs\u00e3o de volta, Reclama\u00e7\u00e3o \u00f4nibus Rio Real e Vila Isabel, Rodovi\u00e1rios Rio benef\u00edcios atrasados, Pagamento subs\u00eddio prefeitura Rio \u00f4nibus, Multa via\u00e7\u00e3o Real Vila Isabel SMTR, \u00d4nibus 439 Vila Isabel Leblon hoje, Greve de \u00f4nibus afeta Niter\u00f3i Rio, Rodovi\u00e1rios em greve hoje 15 de janeiro, Lista de linhas paradas Vila Isabel, Mapa da greve de \u00f4nibus Rio de Janeiro, Alternativa linha 222 Rio de Janeiro, \u00d4nibus 109 e 157 refor\u00e7o hoje, Via\u00e7\u00e3o Real \u00f4nibus parados garagem, Manifesta\u00e7\u00e3o rodovi\u00e1rios Zona Norte Rio, Direitos trabalhistas rodovi\u00e1rios Rio atraso, Dep\u00f3sito FGTS motoristas \u00f4nibus Rio, INSS atrasado rodovi\u00e1rios Rio de Janeiro, Greve \u00f4nibus Rio de Janeiro cons\u00f3rcio Intersul, Greve rodovi\u00e1rios Internorte hoje, Terminal Alvorada Central \u00f4nibus especial, Reportagem greve de \u00f4nibus Rio24Horas, Not\u00edcias mobilidade Rio de Janeiro Folha do Leste, Fiscaliza\u00e7\u00e3o GPS \u00f4nibus Rio SMTR, Por que os \u00f4nibus n\u00e3o est\u00e3o passando no Rio, Greve de motoristas de \u00f4nibus Vila Isabel agora, Tr\u00e2nsito Rio de Janeiro greve \u00f4nibus, Passageiros prejudicados greve \u00f4nibus Rio, Sindicato dos rodovi\u00e1rios Rio paralisa\u00e7\u00e3o hoje, Real Auto \u00d4nibus greve not\u00edcias, Transportes Vila Isabel paralisa\u00e7\u00e3o total, Linhas afetadas via\u00e7\u00e3o Real hoje, Subs\u00eddios \u00f4nibus Rio de Janeiro transpar\u00eancia, Alerta de transporte Rio de Janeiro hoje, Paralisa\u00e7\u00e3o \u00f4nibus Rio de Janeiro, Greve via\u00e7\u00e3o Real e Vila Isabel, \u00d4nibus parados Zona Norte RJ, Linhas de \u00f4nibus suspensas Rio, Problemas no transporte Rio hoje, Greve rodovi\u00e1rios Rio de Janeiro, \u00d4nibus Vila Isabel paralisados, Terminal Gentileza greve hoje, Alternativas \u00f4nibus Rio de Janeiro, SMTR greve \u00f4nibus Rio, Calote rodovi\u00e1rios via\u00e7\u00e3o Real, Greve de \u00f4nibus G\u00e1vea e Leblon, Crise no transporte p\u00fablico Rio, Atraso de \u00f4nibus Rio hoje, Greve 15 de janeiro \u00f4nibus Rio, Transporte Zona Norte para Zona Sul, Rodovi\u00e1rios Real Vila Isabel protesto, Linhas especiais SMTR greve, Multas empresas \u00f4nibus Rio greve, Situa\u00e7\u00e3o dos \u00f4nibus no Rio agora,\" \/>\n<meta property=\"og:url\" content=\"https:\/\/folhadoleste.com.br\/en\/greve-onibus-rio-viacao-real-vila-isabel-linhas-paradas-15-01-26\/\" \/>\n<meta property=\"og:site_name\" content=\"Folha do Leste\" \/>\n<meta property=\"article:publisher\" content=\"https:\/\/www.facebook.com\/folhadoleste\" \/>\n<meta property=\"article:author\" content=\"https:\/\/www.facebook.com\/reporter.andrefreitas\/\" \/>\n<meta property=\"article:published_time\" content=\"2026-01-15T16:25:40+00:00\" \/>\n<meta property=\"article:modified_time\" content=\"2026-01-15T16:37:49+00:00\" \/>\n<meta property=\"og:image\" content=\"https:\/\/folhadoleste.com.br\/wp-content\/uploads\/2026\/01\/greve-onibus-rio-viacao-real-vila-isabel-linhas-paradas.jpg\" \/>\n\t<meta property=\"og:image:width\" content=\"1280\" \/>\n\t<meta property=\"og:image:height\" content=\"720\" \/>\n\t<meta property=\"og:image:type\" content=\"image\/jpeg\" \/>\n<meta name=\"author\" content=\"Andr\u00e9 Freitas\" \/>\n<meta name=\"twitter:card\" content=\"summary_large_image\" \/>\n<meta name=\"twitter:creator\" content=\"@andrefreitas_fl\" \/>\n<meta name=\"twitter:site\" content=\"@FolhadoLesteRJ\" \/>\n<meta name=\"twitter:label1\" content=\"Written by\" \/>\n\t<meta name=\"twitter:data1\" content=\"Andr\u00e9 Freitas\" \/>\n\t<meta name=\"twitter:label2\" content=\"Est. reading time\" \/>\n\t<meta name=\"twitter:data2\" content=\"3 minutes\" \/>\n<script type=\"application\/ld+json\" class=\"yoast-schema-graph\">{\"@context\":\"https:\\\/\\\/schema.org\",\"@graph\":[{\"@type\":\"NewsArticle\",\"@id\":\"https:\\\/\\\/folhadoleste.com.br\\\/greve-onibus-rio-viacao-real-vila-isabel-linhas-paradas-15-01-26\\\/#article\",\"isPartOf\":{\"@id\":\"https:\\\/\\\/folhadoleste.com.br\\\/greve-onibus-rio-viacao-real-vila-isabel-linhas-paradas-15-01-26\\\/\"},\"author\":{\"name\":\"Andr\u00e9 Freitas\",\"@id\":\"https:\\\/\\\/folhadoleste.com.br\\\/#\\\/schema\\\/person\\\/7df02ce7ce01cc6d79b740381f6f5446\"},\"headline\":\"Greve de \u00f4nibus no Rio nesta quinta-feira, 15\\\/01: Veja linhas paradas e alternativas hoje (15)\",\"datePublished\":\"2026-01-15T16:25:40+00:00\",\"dateModified\":\"2026-01-15T16:37:49+00:00\",\"mainEntityOfPage\":{\"@id\":\"https:\\\/\\\/folhadoleste.com.br\\\/greve-onibus-rio-viacao-real-vila-isabel-linhas-paradas-15-01-26\\\/\"},\"wordCount\":474,\"commentCount\":0,\"publisher\":{\"@id\":\"https:\\\/\\\/folhadoleste.com.br\\\/#organization\"},\"image\":{\"@id\":\"https:\\\/\\\/folhadoleste.com.br\\\/greve-onibus-rio-viacao-real-vila-isabel-linhas-paradas-15-01-26\\\/#primaryimage\"},\"thumbnailUrl\":\"https:\\\/\\\/folhadoleste.com.br\\\/wp-content\\\/uploads\\\/2026\\\/01\\\/greve-onibus-rio-viacao-real-vila-isabel-linhas-paradas.jpg\",\"keywords\":[\"Alerta de transporte Rio de Janeiro hoje\",\"Alternativa linha 222 Rio de Janeiro\",\"Alternativas \u00f4nibus Rio de Janeiro\",\"Atraso de \u00f4nibus Rio hoje\",\"Calote rodovi\u00e1rios via\u00e7\u00e3o Real\",\"Como chegar na Zona Sul com greve de \u00f4nibus\",\"Crise no transporte p\u00fablico Rio\",\"Dep\u00f3sito FGTS motoristas \u00f4nibus Rio\",\"Direitos trabalhistas rodovi\u00e1rios Rio atraso\",\"Fiscaliza\u00e7\u00e3o GPS \u00f4nibus Rio SMTR\",\"Greve 15 de janeiro \u00f4nibus Rio\",\"Greve de motoristas de \u00f4nibus Vila Isabel agora\",\"Greve de \u00f4nibus afeta Niter\u00f3i Rio\",\"Greve de \u00f4nibus G\u00e1vea e Leblon\",\"Greve de \u00f4nibus Rio de Janeiro previs\u00e3o de volta\",\"Greve de \u00f4nibus Rio Vila Isabel itiner\u00e1rios\",\"Greve \u00f4nibus Rio de Janeiro cons\u00f3rcio Intersul\",\"Greve rodovi\u00e1rios Internorte hoje\",\"Greve rodovi\u00e1rios Rio de Janeiro\",\"Greve via\u00e7\u00e3o Real e Vila Isabel\",\"Hor\u00e1rio das linhas especiais LECD128 e LECD129\",\"INSS atrasado rodovi\u00e1rios Rio de Janeiro\",\"Linha 432 paralisada hoje Rio\",\"Linha 538 Rocinha Leme hoje\",\"Linhas afetadas via\u00e7\u00e3o Real hoje\",\"Linhas de \u00f4nibus suspensas Rio\",\"Linhas especiais SMTR greve\",\"Lista de linhas paradas Vila Isabel\",\"Manifesta\u00e7\u00e3o rodovi\u00e1rios Zona Norte Rio\",\"Mapa da greve de \u00f4nibus Rio de Janeiro\",\"Multa via\u00e7\u00e3o Real Vila Isabel SMTR\",\"Multas empresas \u00f4nibus Rio greve\",\"Not\u00edcias mobilidade Rio de Janeiro Folha do Leste\",\"\u00d4nibus 109 e 157 refor\u00e7o hoje\",\"\u00d4nibus 439 Vila Isabel Leblon hoje\",\"\u00d4nibus parados Zona Norte RJ\",\"\u00d4nibus Terminal Gentileza operando agora\",\"\u00d4nibus Vila Isabel paralisados\",\"Pagamento subs\u00eddio prefeitura Rio \u00f4nibus\",\"Paralisa\u00e7\u00e3o \u00f4nibus Rio de Janeiro\",\"Passageiros prejudicados greve \u00f4nibus Rio\",\"Por que os \u00f4nibus n\u00e3o est\u00e3o passando no Rio\",\"Problemas no transporte Rio hoje\",\"Quais linhas de \u00f4nibus est\u00e3o em greve no Rio\",\"Real Auto \u00d4nibus greve not\u00edcias\",\"Reclama\u00e7\u00e3o \u00f4nibus Rio Real e Vila Isabel\",\"Reportagem greve de \u00f4nibus Rio24Horas\",\"Rodovi\u00e1rios em greve hoje 15 de janeiro\",\"Rodovi\u00e1rios Real Vila Isabel protesto\",\"Rodovi\u00e1rios Rio benef\u00edcios atrasados\",\"Sindicato dos rodovi\u00e1rios Rio paralisa\u00e7\u00e3o hoje\",\"Situa\u00e7\u00e3o dos \u00f4nibus no Rio agora\",\"SMTR greve \u00f4nibus Rio\",\"Subs\u00eddios \u00f4nibus Rio de Janeiro transpar\u00eancia\",\"Terminal Alvorada Central \u00f4nibus especial\",\"Terminal Gentileza greve hoje\",\"Tr\u00e2nsito Rio de Janeiro greve \u00f4nibus\",\"Transporte Zona Norte para Zona Sul\",\"Transportes Vila Isabel paralisa\u00e7\u00e3o total\",\"Via\u00e7\u00e3o Real \u00f4nibus parados garagem\"],\"articleSection\":[\"Rio de Janeiro - Capital\"],\"inLanguage\":\"en-US\",\"potentialAction\":[{\"@type\":\"CommentAction\",\"name\":\"Comment\",\"target\":[\"https:\\\/\\\/folhadoleste.com.br\\\/greve-onibus-rio-viacao-real-vila-isabel-linhas-paradas-15-01-26\\\/#respond\"]}]},{\"@type\":\"WebPage\",\"@id\":\"https:\\\/\\\/folhadoleste.com.br\\\/greve-onibus-rio-viacao-real-vila-isabel-linhas-paradas-15-01-26\\\/\",\"url\":\"https:\\\/\\\/folhadoleste.com.br\\\/greve-onibus-rio-viacao-real-vila-isabel-linhas-paradas-15-01-26\\\/\",\"name\":\"Greve de \u00f4nibus no Rio nesta quinta-feira, 15\\\/01: Veja linhas paradas e alternativas hoje (15) &#8226; Folha do Leste\",\"isPartOf\":{\"@id\":\"https:\\\/\\\/folhadoleste.com.br\\\/#website\"},\"primaryImageOfPage\":{\"@id\":\"https:\\\/\\\/folhadoleste.com.br\\\/greve-onibus-rio-viacao-real-vila-isabel-linhas-paradas-15-01-26\\\/#primaryimage\"},\"image\":{\"@id\":\"https:\\\/\\\/folhadoleste.com.br\\\/greve-onibus-rio-viacao-real-vila-isabel-linhas-paradas-15-01-26\\\/#primaryimage\"},\"thumbnailUrl\":\"https:\\\/\\\/folhadoleste.com.br\\\/wp-content\\\/uploads\\\/2026\\\/01\\\/greve-onibus-rio-viacao-real-vila-isabel-linhas-paradas.jpg\",\"datePublished\":\"2026-01-15T16:25:40+00:00\",\"dateModified\":\"2026-01-15T16:37:49+00:00\",\"description\":\"Greve de \u00f4nibus no Rio nesta quinta-feira, 15\\\/01: Motoristas de da Real e Vila Isabel cruzam os bra\u00e7os. Veja linhas afetadas e alternativas. \u00a0Quais linhas de \u00f4nibus est\u00e3o em greve no Rio, Greve de \u00f4nibus Rio Vila Isabel itiner\u00e1rios, Como chegar na Zona Sul com greve de \u00f4nibus, Linha 432 paralisada hoje Rio, Linha 538 Rocinha Leme hoje, \u00d4nibus Terminal Gentileza operando agora, Hor\u00e1rio das linhas especiais LECD128 e LECD129, Greve de \u00f4nibus Rio de Janeiro previs\u00e3o de volta, Reclama\u00e7\u00e3o \u00f4nibus Rio Real e Vila Isabel, Rodovi\u00e1rios Rio benef\u00edcios atrasados, Pagamento subs\u00eddio prefeitura Rio \u00f4nibus, Multa via\u00e7\u00e3o Real Vila Isabel SMTR, \u00d4nibus 439 Vila Isabel Leblon hoje, Greve de \u00f4nibus afeta Niter\u00f3i Rio, Rodovi\u00e1rios em greve hoje 15 de janeiro, Lista de linhas paradas Vila Isabel, Mapa da greve de \u00f4nibus Rio de Janeiro, Alternativa linha 222 Rio de Janeiro, \u00d4nibus 109 e 157 refor\u00e7o hoje, Via\u00e7\u00e3o Real \u00f4nibus parados garagem, Manifesta\u00e7\u00e3o rodovi\u00e1rios Zona Norte Rio, Direitos trabalhistas rodovi\u00e1rios Rio atraso, Dep\u00f3sito FGTS motoristas \u00f4nibus Rio, INSS atrasado rodovi\u00e1rios Rio de Janeiro, Greve \u00f4nibus Rio de Janeiro cons\u00f3rcio Intersul, Greve rodovi\u00e1rios Internorte hoje, Terminal Alvorada Central \u00f4nibus especial, Reportagem greve de \u00f4nibus Rio24Horas, Not\u00edcias mobilidade Rio de Janeiro Folha do Leste, Fiscaliza\u00e7\u00e3o GPS \u00f4nibus Rio SMTR, Por que os \u00f4nibus n\u00e3o est\u00e3o passando no Rio, Greve de motoristas de \u00f4nibus Vila Isabel agora, Tr\u00e2nsito Rio de Janeiro greve \u00f4nibus, Passageiros prejudicados greve \u00f4nibus Rio, Sindicato dos rodovi\u00e1rios Rio paralisa\u00e7\u00e3o hoje, Real Auto \u00d4nibus greve not\u00edcias, Transportes Vila Isabel paralisa\u00e7\u00e3o total, Linhas afetadas via\u00e7\u00e3o Real hoje, Subs\u00eddios \u00f4nibus Rio de Janeiro transpar\u00eancia, Alerta de transporte Rio de Janeiro hoje, Paralisa\u00e7\u00e3o \u00f4nibus Rio de Janeiro, Greve via\u00e7\u00e3o Real e Vila Isabel, \u00d4nibus parados Zona Norte RJ, Linhas de \u00f4nibus suspensas Rio, Problemas no transporte Rio hoje, Greve rodovi\u00e1rios Rio de Janeiro, \u00d4nibus Vila Isabel paralisados, Terminal Gentileza greve hoje, Alternativas \u00f4nibus Rio de Janeiro, SMTR greve \u00f4nibus Rio, Calote rodovi\u00e1rios via\u00e7\u00e3o Real, Greve de \u00f4nibus G\u00e1vea e Leblon, Crise no transporte p\u00fablico Rio, Atraso de \u00f4nibus Rio hoje, Greve 15 de janeiro \u00f4nibus Rio, Transporte Zona Norte para Zona Sul, Rodovi\u00e1rios Real Vila Isabel protesto, Linhas especiais SMTR greve, Multas empresas \u00f4nibus Rio greve, Situa\u00e7\u00e3o dos \u00f4nibus no Rio agora,\",\"breadcrumb\":{\"@id\":\"https:\\\/\\\/folhadoleste.com.br\\\/greve-onibus-rio-viacao-real-vila-isabel-linhas-paradas-15-01-26\\\/#breadcrumb\"},\"inLanguage\":\"en-US\",\"potentialAction\":[{\"@type\":\"ReadAction\",\"target\":[\"https:\\\/\\\/folhadoleste.com.br\\\/greve-onibus-rio-viacao-real-vila-isabel-linhas-paradas-15-01-26\\\/\"]}]},{\"@type\":\"ImageObject\",\"inLanguage\":\"en-US\",\"@id\":\"https:\\\/\\\/folhadoleste.com.br\\\/greve-onibus-rio-viacao-real-vila-isabel-linhas-paradas-15-01-26\\\/#primaryimage\",\"url\":\"https:\\\/\\\/folhadoleste.com.br\\\/wp-content\\\/uploads\\\/2026\\\/01\\\/greve-onibus-rio-viacao-real-vila-isabel-linhas-paradas.jpg\",\"contentUrl\":\"https:\\\/\\\/folhadoleste.com.br\\\/wp-content\\\/uploads\\\/2026\\\/01\\\/greve-onibus-rio-viacao-real-vila-isabel-linhas-paradas.jpg\",\"width\":1280,\"height\":720,\"caption\":\"Motoristas e funcion\u00e1rios em protesto em frente \u00e0 garagem de \u00f4nibus da Via\u00e7\u00e3o Vila Isabel, na Zona Norte do Rio de Janeiro, durante paralisa\u00e7\u00e3o nesta quinta-feira (15).\"},{\"@type\":\"BreadcrumbList\",\"@id\":\"https:\\\/\\\/folhadoleste.com.br\\\/greve-onibus-rio-viacao-real-vila-isabel-linhas-paradas-15-01-26\\\/#breadcrumb\",\"itemListElement\":[{\"@type\":\"ListItem\",\"position\":1,\"name\":\"In\u00edcio\",\"item\":\"https:\\\/\\\/folhadoleste.com.br\\\/\"},{\"@type\":\"ListItem\",\"position\":2,\"name\":\"Rio de Janeiro - Capital\",\"item\":\"https:\\\/\\\/folhadoleste.com.br\\\/category\\\/rio-de-janeiro-capital\\\/\"},{\"@type\":\"ListItem\",\"position\":3,\"name\":\"Greve de \u00f4nibus no Rio nesta quinta-feira, 15\\\/01: Veja linhas paradas e alternativas hoje (15)\"}]},{\"@type\":\"WebSite\",\"@id\":\"https:\\\/\\\/folhadoleste.com.br\\\/#website\",\"url\":\"https:\\\/\\\/folhadoleste.com.br\\\/\",\"name\":\"Folha do Leste\",\"description\":\"Portal de Not\u00edcias com \u00eanfase em Niter\u00f3i, criando conte\u00fados desde a capital Rio de Janeiro, com olhar para o Leste Fluminense e suas cidades como S\u00e3o Gon\u00e7alo, Itabora\u00ed, Rio Bonito, Maric\u00e1, Saquarema e Araruama\",\"publisher\":{\"@id\":\"https:\\\/\\\/folhadoleste.com.br\\\/#organization\"},\"alternateName\":\"FL\",\"potentialAction\":[{\"@type\":\"SearchAction\",\"target\":{\"@type\":\"EntryPoint\",\"urlTemplate\":\"https:\\\/\\\/folhadoleste.com.br\\\/?s={search_term_string}\"},\"query-input\":{\"@type\":\"PropertyValueSpecification\",\"valueRequired\":true,\"valueName\":\"search_term_string\"}}],\"inLanguage\":\"en-US\"},{\"@type\":\"Organization\",\"@id\":\"https:\\\/\\\/folhadoleste.com.br\\\/#organization\",\"name\":\"Brasil 21 Comunica\u00e7\u00e3o\",\"alternateName\":\"BR21\",\"url\":\"https:\\\/\\\/folhadoleste.com.br\\\/\",\"logo\":{\"@type\":\"ImageObject\",\"inLanguage\":\"en-US\",\"@id\":\"https:\\\/\\\/folhadoleste.com.br\\\/#\\\/schema\\\/logo\\\/image\\\/\",\"url\":\"https:\\\/\\\/folhadoleste.com.br\\\/wp-content\\\/uploads\\\/2025\\\/12\\\/brasil-21-logomarca.avif\",\"contentUrl\":\"https:\\\/\\\/folhadoleste.com.br\\\/wp-content\\\/uploads\\\/2025\\\/12\\\/brasil-21-logomarca.avif\",\"width\":1044,\"height\":1044,\"caption\":\"Brasil 21 Comunica\u00e7\u00e3o\"},\"image\":{\"@id\":\"https:\\\/\\\/folhadoleste.com.br\\\/#\\\/schema\\\/logo\\\/image\\\/\"},\"sameAs\":[\"https:\\\/\\\/www.facebook.com\\\/folhadoleste\",\"https:\\\/\\\/x.com\\\/FolhadoLesteRJ\",\"https:\\\/\\\/www.instagram.com\\\/folhadoleste\\\/\"]},{\"@type\":\"Person\",\"@id\":\"https:\\\/\\\/folhadoleste.com.br\\\/#\\\/schema\\\/person\\\/7df02ce7ce01cc6d79b740381f6f5446\",\"name\":\"Andr\u00e9 Freitas\",\"pronouns\":\"Ele\\\/dele\",\"image\":{\"@type\":\"ImageObject\",\"inLanguage\":\"en-US\",\"@id\":\"https:\\\/\\\/folhadoleste.com.br\\\/wp-content\\\/litespeed\\\/avatar\\\/0357fd225fa38935ec9aabab3531fa5e.jpg?ver=1777161141\",\"url\":\"https:\\\/\\\/folhadoleste.com.br\\\/wp-content\\\/litespeed\\\/avatar\\\/0357fd225fa38935ec9aabab3531fa5e.jpg?ver=1777161141\",\"contentUrl\":\"https:\\\/\\\/folhadoleste.com.br\\\/wp-content\\\/litespeed\\\/avatar\\\/0357fd225fa38935ec9aabab3531fa5e.jpg?ver=1777161141\",\"caption\":\"Andr\u00e9 Freitas\"},\"description\":\"Andr\u00e9 Freitas \u00e9 diretor-executivo e rep\u00f3rter do Folha do Leste e da Brasil 21 Comunica\u00e7\u00e3o. Jornalista e radialista desde a d\u00e9cada de 1990, \u00e9 narrador esportivo e cronista especializado em Carnaval, com 26 coberturas presenciais na Marqu\u00eas de Sapuca\u00ed. Possui ampla experi\u00eancia na cobertura da editoria de pol\u00edtica, em raz\u00e3o de fun\u00e7\u00f5es exercidas nos poderes Legislativo e Executivo, com atua\u00e7\u00e3o nas C\u00e2maras Municipais de Niter\u00f3i, S\u00e3o Gon\u00e7alo e Campos dos Goytacazes, al\u00e9m da Assembleia Legislativa do Estado do Rio de Janeiro (Alerj) e da Prefeitura de Niter\u00f3i. Dirigiu por 15 anos a R\u00e1dio Absoluta, onde apresentou programas noticiosos di\u00e1rios e conduziu coberturas esportivas, incluindo mais de uma d\u00e9cada acompanhando a sele\u00e7\u00e3o brasileira de futebol. Nesse per\u00edodo, esteve presente em duas Copas do Mundo e em uma edi\u00e7\u00e3o dos Jogos Ol\u00edmpicos. Trabalhou tamb\u00e9m nas r\u00e1dios Campos Difusora (Campos\\\/RJ) e Litor\u00e2nea (ES). Exerceu o cargo de editor-chefe nos jornais Olho Vivo (Niter\u00f3i\\\/RJ) e A Tribuna (Niter\u00f3i\\\/RJ), al\u00e9m de atuar como colunista do jornal O Di\u00e1rio (Campos dos Goytacazes\\\/RJ).\",\"sameAs\":[\"https:\\\/\\\/folhadoleste.com.br\",\"https:\\\/\\\/www.facebook.com\\\/reporter.andrefreitas\\\/\",\"https:\\\/\\\/www.instagram.com\\\/andrefreitas.jornalista\\\/\",\"www.linkedin.com\\\/in\\\/andr\u00e9-freitas-jornalista\",\"https:\\\/\\\/x.com\\\/andrefreitas_fl\"],\"url\":\"https:\\\/\\\/folhadoleste.com.br\\\/en\\\/author\\\/andrefreitas\\\/\"}]}<\/script>\n<!-- \/ Yoast SEO plugin. -->","yoast_head_json":{"title":"Greve de \u00f4nibus no Rio nesta quinta-feira, 15\/01: Veja linhas paradas e alternativas hoje (15) &#8226; Folha do Leste","description":"Greve de \u00f4nibus no Rio nesta quinta-feira, 15\/01: Motoristas de da Real e Vila Isabel cruzam os bra\u00e7os. Veja linhas afetadas e alternativas. \u00a0Quais linhas de \u00f4nibus est\u00e3o em greve no Rio, Greve de \u00f4nibus Rio Vila Isabel itiner\u00e1rios, Como chegar na Zona Sul com greve de \u00f4nibus, Linha 432 paralisada hoje Rio, Linha 538 Rocinha Leme hoje, \u00d4nibus Terminal Gentileza operando agora, Hor\u00e1rio das linhas especiais LECD128 e LECD129, Greve de \u00f4nibus Rio de Janeiro previs\u00e3o de volta, Reclama\u00e7\u00e3o \u00f4nibus Rio Real e Vila Isabel, Rodovi\u00e1rios Rio benef\u00edcios atrasados, Pagamento subs\u00eddio prefeitura Rio \u00f4nibus, Multa via\u00e7\u00e3o Real Vila Isabel SMTR, \u00d4nibus 439 Vila Isabel Leblon hoje, Greve de \u00f4nibus afeta Niter\u00f3i Rio, Rodovi\u00e1rios em greve hoje 15 de janeiro, Lista de linhas paradas Vila Isabel, Mapa da greve de \u00f4nibus Rio de Janeiro, Alternativa linha 222 Rio de Janeiro, \u00d4nibus 109 e 157 refor\u00e7o hoje, Via\u00e7\u00e3o Real \u00f4nibus parados garagem, Manifesta\u00e7\u00e3o rodovi\u00e1rios Zona Norte Rio, Direitos trabalhistas rodovi\u00e1rios Rio atraso, Dep\u00f3sito FGTS motoristas \u00f4nibus Rio, INSS atrasado rodovi\u00e1rios Rio de Janeiro, Greve \u00f4nibus Rio de Janeiro cons\u00f3rcio Intersul, Greve rodovi\u00e1rios Internorte hoje, Terminal Alvorada Central \u00f4nibus especial, Reportagem greve de \u00f4nibus Rio24Horas, Not\u00edcias mobilidade Rio de Janeiro Folha do Leste, Fiscaliza\u00e7\u00e3o GPS \u00f4nibus Rio SMTR, Por que os \u00f4nibus n\u00e3o est\u00e3o passando no Rio, Greve de motoristas de \u00f4nibus Vila Isabel agora, Tr\u00e2nsito Rio de Janeiro greve \u00f4nibus, Passageiros prejudicados greve \u00f4nibus Rio, Sindicato dos rodovi\u00e1rios Rio paralisa\u00e7\u00e3o hoje, Real Auto \u00d4nibus greve not\u00edcias, Transportes Vila Isabel paralisa\u00e7\u00e3o total, Linhas afetadas via\u00e7\u00e3o Real hoje, Subs\u00eddios \u00f4nibus Rio de Janeiro transpar\u00eancia, Alerta de transporte Rio de Janeiro hoje, Paralisa\u00e7\u00e3o \u00f4nibus Rio de Janeiro, Greve via\u00e7\u00e3o Real e Vila Isabel, \u00d4nibus parados Zona Norte RJ, Linhas de \u00f4nibus suspensas Rio, Problemas no transporte Rio hoje, Greve rodovi\u00e1rios Rio de Janeiro, \u00d4nibus Vila Isabel paralisados, Terminal Gentileza greve hoje, Alternativas \u00f4nibus Rio de Janeiro, SMTR greve \u00f4nibus Rio, Calote rodovi\u00e1rios via\u00e7\u00e3o Real, Greve de \u00f4nibus G\u00e1vea e Leblon, Crise no transporte p\u00fablico Rio, Atraso de \u00f4nibus Rio hoje, Greve 15 de janeiro \u00f4nibus Rio, Transporte Zona Norte para Zona Sul, Rodovi\u00e1rios Real Vila Isabel protesto, Linhas especiais SMTR greve, Multas empresas \u00f4nibus Rio greve, Situa\u00e7\u00e3o dos \u00f4nibus no Rio agora,","robots":{"index":"index","follow":"follow","max-snippet":"max-snippet:-1","max-image-preview":"max-image-preview:large","max-video-preview":"max-video-preview:-1"},"canonical":"https:\/\/folhadoleste.com.br\/en\/greve-onibus-rio-viacao-real-vila-isabel-linhas-paradas-15-01-26\/","og_locale":"en_US","og_type":"article","og_title":"Greve de \u00f4nibus no Rio nesta quinta-feira, 15\/01: Veja linhas paradas e alternativas hoje (15) &#8226; Folha do Leste","og_description":"Greve de \u00f4nibus no Rio nesta quinta-feira, 15\/01: Motoristas de da Real e Vila Isabel cruzam os bra\u00e7os. Veja linhas afetadas e alternativas. \u00a0Quais linhas de \u00f4nibus est\u00e3o em greve no Rio, Greve de \u00f4nibus Rio Vila Isabel itiner\u00e1rios, Como chegar na Zona Sul com greve de \u00f4nibus, Linha 432 paralisada hoje Rio, Linha 538 Rocinha Leme hoje, \u00d4nibus Terminal Gentileza operando agora, Hor\u00e1rio das linhas especiais LECD128 e LECD129, Greve de \u00f4nibus Rio de Janeiro previs\u00e3o de volta, Reclama\u00e7\u00e3o \u00f4nibus Rio Real e Vila Isabel, Rodovi\u00e1rios Rio benef\u00edcios atrasados, Pagamento subs\u00eddio prefeitura Rio \u00f4nibus, Multa via\u00e7\u00e3o Real Vila Isabel SMTR, \u00d4nibus 439 Vila Isabel Leblon hoje, Greve de \u00f4nibus afeta Niter\u00f3i Rio, Rodovi\u00e1rios em greve hoje 15 de janeiro, Lista de linhas paradas Vila Isabel, Mapa da greve de \u00f4nibus Rio de Janeiro, Alternativa linha 222 Rio de Janeiro, \u00d4nibus 109 e 157 refor\u00e7o hoje, Via\u00e7\u00e3o Real \u00f4nibus parados garagem, Manifesta\u00e7\u00e3o rodovi\u00e1rios Zona Norte Rio, Direitos trabalhistas rodovi\u00e1rios Rio atraso, Dep\u00f3sito FGTS motoristas \u00f4nibus Rio, INSS atrasado rodovi\u00e1rios Rio de Janeiro, Greve \u00f4nibus Rio de Janeiro cons\u00f3rcio Intersul, Greve rodovi\u00e1rios Internorte hoje, Terminal Alvorada Central \u00f4nibus especial, Reportagem greve de \u00f4nibus Rio24Horas, Not\u00edcias mobilidade Rio de Janeiro Folha do Leste, Fiscaliza\u00e7\u00e3o GPS \u00f4nibus Rio SMTR, Por que os \u00f4nibus n\u00e3o est\u00e3o passando no Rio, Greve de motoristas de \u00f4nibus Vila Isabel agora, Tr\u00e2nsito Rio de Janeiro greve \u00f4nibus, Passageiros prejudicados greve \u00f4nibus Rio, Sindicato dos rodovi\u00e1rios Rio paralisa\u00e7\u00e3o hoje, Real Auto \u00d4nibus greve not\u00edcias, Transportes Vila Isabel paralisa\u00e7\u00e3o total, Linhas afetadas via\u00e7\u00e3o Real hoje, Subs\u00eddios \u00f4nibus Rio de Janeiro transpar\u00eancia, Alerta de transporte Rio de Janeiro hoje, Paralisa\u00e7\u00e3o \u00f4nibus Rio de Janeiro, Greve via\u00e7\u00e3o Real e Vila Isabel, \u00d4nibus parados Zona Norte RJ, Linhas de \u00f4nibus suspensas Rio, Problemas no transporte Rio hoje, Greve rodovi\u00e1rios Rio de Janeiro, \u00d4nibus Vila Isabel paralisados, Terminal Gentileza greve hoje, Alternativas \u00f4nibus Rio de Janeiro, SMTR greve \u00f4nibus Rio, Calote rodovi\u00e1rios via\u00e7\u00e3o Real, Greve de \u00f4nibus G\u00e1vea e Leblon, Crise no transporte p\u00fablico Rio, Atraso de \u00f4nibus Rio hoje, Greve 15 de janeiro \u00f4nibus Rio, Transporte Zona Norte para Zona Sul, Rodovi\u00e1rios Real Vila Isabel protesto, Linhas especiais SMTR greve, Multas empresas \u00f4nibus Rio greve, Situa\u00e7\u00e3o dos \u00f4nibus no Rio agora,","og_url":"https:\/\/folhadoleste.com.br\/en\/greve-onibus-rio-viacao-real-vila-isabel-linhas-paradas-15-01-26\/","og_site_name":"Folha do Leste","article_publisher":"https:\/\/www.facebook.com\/folhadoleste","article_author":"https:\/\/www.facebook.com\/reporter.andrefreitas\/","article_published_time":"2026-01-15T16:25:40+00:00","article_modified_time":"2026-01-15T16:37:49+00:00","og_image":[{"width":1280,"height":720,"url":"https:\/\/folhadoleste.com.br\/wp-content\/uploads\/2026\/01\/greve-onibus-rio-viacao-real-vila-isabel-linhas-paradas.jpg","type":"image\/jpeg"}],"author":"Andr\u00e9 Freitas","twitter_card":"summary_large_image","twitter_creator":"@andrefreitas_fl","twitter_site":"@FolhadoLesteRJ","twitter_misc":{"Written by":"Andr\u00e9 Freitas","Est. reading time":"3 minutes"},"schema":{"@context":"https:\/\/schema.org","@graph":[{"@type":"NewsArticle","@id":"https:\/\/folhadoleste.com.br\/greve-onibus-rio-viacao-real-vila-isabel-linhas-paradas-15-01-26\/#article","isPartOf":{"@id":"https:\/\/folhadoleste.com.br\/greve-onibus-rio-viacao-real-vila-isabel-linhas-paradas-15-01-26\/"},"author":{"name":"Andr\u00e9 Freitas","@id":"https:\/\/folhadoleste.com.br\/#\/schema\/person\/7df02ce7ce01cc6d79b740381f6f5446"},"headline":"Greve de \u00f4nibus no Rio nesta quinta-feira, 15\/01: Veja linhas paradas e alternativas hoje (15)","datePublished":"2026-01-15T16:25:40+00:00","dateModified":"2026-01-15T16:37:49+00:00","mainEntityOfPage":{"@id":"https:\/\/folhadoleste.com.br\/greve-onibus-rio-viacao-real-vila-isabel-linhas-paradas-15-01-26\/"},"wordCount":474,"commentCount":0,"publisher":{"@id":"https:\/\/folhadoleste.com.br\/#organization"},"image":{"@id":"https:\/\/folhadoleste.com.br\/greve-onibus-rio-viacao-real-vila-isabel-linhas-paradas-15-01-26\/#primaryimage"},"thumbnailUrl":"https:\/\/folhadoleste.com.br\/wp-content\/uploads\/2026\/01\/greve-onibus-rio-viacao-real-vila-isabel-linhas-paradas.jpg","keywords":["Alerta de transporte Rio de Janeiro hoje","Alternativa linha 222 Rio de Janeiro","Alternativas \u00f4nibus Rio de Janeiro","Atraso de \u00f4nibus Rio hoje","Calote rodovi\u00e1rios via\u00e7\u00e3o Real","Como chegar na Zona Sul com greve de \u00f4nibus","Crise no transporte p\u00fablico Rio","Dep\u00f3sito FGTS motoristas \u00f4nibus Rio","Direitos trabalhistas rodovi\u00e1rios Rio atraso","Fiscaliza\u00e7\u00e3o GPS \u00f4nibus Rio SMTR","Greve 15 de janeiro \u00f4nibus Rio","Greve de motoristas de \u00f4nibus Vila Isabel agora","Greve de \u00f4nibus afeta Niter\u00f3i Rio","Greve de \u00f4nibus G\u00e1vea e Leblon","Greve de \u00f4nibus Rio de Janeiro previs\u00e3o de volta","Greve de \u00f4nibus Rio Vila Isabel itiner\u00e1rios","Greve \u00f4nibus Rio de Janeiro cons\u00f3rcio Intersul","Greve rodovi\u00e1rios Internorte hoje","Greve rodovi\u00e1rios Rio de Janeiro","Greve via\u00e7\u00e3o Real e Vila Isabel","Hor\u00e1rio das linhas especiais LECD128 e LECD129","INSS atrasado rodovi\u00e1rios Rio de Janeiro","Linha 432 paralisada hoje Rio","Linha 538 Rocinha Leme hoje","Linhas afetadas via\u00e7\u00e3o Real hoje","Linhas de \u00f4nibus suspensas Rio","Linhas especiais SMTR greve","Lista de linhas paradas Vila Isabel","Manifesta\u00e7\u00e3o rodovi\u00e1rios Zona Norte Rio","Mapa da greve de \u00f4nibus Rio de Janeiro","Multa via\u00e7\u00e3o Real Vila Isabel SMTR","Multas empresas \u00f4nibus Rio greve","Not\u00edcias mobilidade Rio de Janeiro Folha do Leste","\u00d4nibus 109 e 157 refor\u00e7o hoje","\u00d4nibus 439 Vila Isabel Leblon hoje","\u00d4nibus parados Zona Norte RJ","\u00d4nibus Terminal Gentileza operando agora","\u00d4nibus Vila Isabel paralisados","Pagamento subs\u00eddio prefeitura Rio \u00f4nibus","Paralisa\u00e7\u00e3o \u00f4nibus Rio de Janeiro","Passageiros prejudicados greve \u00f4nibus Rio","Por que os \u00f4nibus n\u00e3o est\u00e3o passando no Rio","Problemas no transporte Rio hoje","Quais linhas de \u00f4nibus est\u00e3o em greve no Rio","Real Auto \u00d4nibus greve not\u00edcias","Reclama\u00e7\u00e3o \u00f4nibus Rio Real e Vila Isabel","Reportagem greve de \u00f4nibus Rio24Horas","Rodovi\u00e1rios em greve hoje 15 de janeiro","Rodovi\u00e1rios Real Vila Isabel protesto","Rodovi\u00e1rios Rio benef\u00edcios atrasados","Sindicato dos rodovi\u00e1rios Rio paralisa\u00e7\u00e3o hoje","Situa\u00e7\u00e3o dos \u00f4nibus no Rio agora","SMTR greve \u00f4nibus Rio","Subs\u00eddios \u00f4nibus Rio de Janeiro transpar\u00eancia","Terminal Alvorada Central \u00f4nibus especial","Terminal Gentileza greve hoje","Tr\u00e2nsito Rio de Janeiro greve \u00f4nibus","Transporte Zona Norte para Zona Sul","Transportes Vila Isabel paralisa\u00e7\u00e3o total","Via\u00e7\u00e3o Real \u00f4nibus parados garagem"],"articleSection":["Rio de Janeiro - Capital"],"inLanguage":"en-US","potentialAction":[{"@type":"CommentAction","name":"Comment","target":["https:\/\/folhadoleste.com.br\/greve-onibus-rio-viacao-real-vila-isabel-linhas-paradas-15-01-26\/#respond"]}]},{"@type":"WebPage","@id":"https:\/\/folhadoleste.com.br\/greve-onibus-rio-viacao-real-vila-isabel-linhas-paradas-15-01-26\/","url":"https:\/\/folhadoleste.com.br\/greve-onibus-rio-viacao-real-vila-isabel-linhas-paradas-15-01-26\/","name":"Greve de \u00f4nibus no Rio nesta quinta-feira, 15\/01: Veja linhas paradas e alternativas hoje (15) &#8226; Folha do Leste","isPartOf":{"@id":"https:\/\/folhadoleste.com.br\/#website"},"primaryImageOfPage":{"@id":"https:\/\/folhadoleste.com.br\/greve-onibus-rio-viacao-real-vila-isabel-linhas-paradas-15-01-26\/#primaryimage"},"image":{"@id":"https:\/\/folhadoleste.com.br\/greve-onibus-rio-viacao-real-vila-isabel-linhas-paradas-15-01-26\/#primaryimage"},"thumbnailUrl":"https:\/\/folhadoleste.com.br\/wp-content\/uploads\/2026\/01\/greve-onibus-rio-viacao-real-vila-isabel-linhas-paradas.jpg","datePublished":"2026-01-15T16:25:40+00:00","dateModified":"2026-01-15T16:37:49+00:00","description":"Greve de \u00f4nibus no Rio nesta quinta-feira, 15\/01: Motoristas de da Real e Vila Isabel cruzam os bra\u00e7os. Veja linhas afetadas e alternativas. \u00a0Quais linhas de \u00f4nibus est\u00e3o em greve no Rio, Greve de \u00f4nibus Rio Vila Isabel itiner\u00e1rios, Como chegar na Zona Sul com greve de \u00f4nibus, Linha 432 paralisada hoje Rio, Linha 538 Rocinha Leme hoje, \u00d4nibus Terminal Gentileza operando agora, Hor\u00e1rio das linhas especiais LECD128 e LECD129, Greve de \u00f4nibus Rio de Janeiro previs\u00e3o de volta, Reclama\u00e7\u00e3o \u00f4nibus Rio Real e Vila Isabel, Rodovi\u00e1rios Rio benef\u00edcios atrasados, Pagamento subs\u00eddio prefeitura Rio \u00f4nibus, Multa via\u00e7\u00e3o Real Vila Isabel SMTR, \u00d4nibus 439 Vila Isabel Leblon hoje, Greve de \u00f4nibus afeta Niter\u00f3i Rio, Rodovi\u00e1rios em greve hoje 15 de janeiro, Lista de linhas paradas Vila Isabel, Mapa da greve de \u00f4nibus Rio de Janeiro, Alternativa linha 222 Rio de Janeiro, \u00d4nibus 109 e 157 refor\u00e7o hoje, Via\u00e7\u00e3o Real \u00f4nibus parados garagem, Manifesta\u00e7\u00e3o rodovi\u00e1rios Zona Norte Rio, Direitos trabalhistas rodovi\u00e1rios Rio atraso, Dep\u00f3sito FGTS motoristas \u00f4nibus Rio, INSS atrasado rodovi\u00e1rios Rio de Janeiro, Greve \u00f4nibus Rio de Janeiro cons\u00f3rcio Intersul, Greve rodovi\u00e1rios Internorte hoje, Terminal Alvorada Central \u00f4nibus especial, Reportagem greve de \u00f4nibus Rio24Horas, Not\u00edcias mobilidade Rio de Janeiro Folha do Leste, Fiscaliza\u00e7\u00e3o GPS \u00f4nibus Rio SMTR, Por que os \u00f4nibus n\u00e3o est\u00e3o passando no Rio, Greve de motoristas de \u00f4nibus Vila Isabel agora, Tr\u00e2nsito Rio de Janeiro greve \u00f4nibus, Passageiros prejudicados greve \u00f4nibus Rio, Sindicato dos rodovi\u00e1rios Rio paralisa\u00e7\u00e3o hoje, Real Auto \u00d4nibus greve not\u00edcias, Transportes Vila Isabel paralisa\u00e7\u00e3o total, Linhas afetadas via\u00e7\u00e3o Real hoje, Subs\u00eddios \u00f4nibus Rio de Janeiro transpar\u00eancia, Alerta de transporte Rio de Janeiro hoje, Paralisa\u00e7\u00e3o \u00f4nibus Rio de Janeiro, Greve via\u00e7\u00e3o Real e Vila Isabel, \u00d4nibus parados Zona Norte RJ, Linhas de \u00f4nibus suspensas Rio, Problemas no transporte Rio hoje, Greve rodovi\u00e1rios Rio de Janeiro, \u00d4nibus Vila Isabel paralisados, Terminal Gentileza greve hoje, Alternativas \u00f4nibus Rio de Janeiro, SMTR greve \u00f4nibus Rio, Calote rodovi\u00e1rios via\u00e7\u00e3o Real, Greve de \u00f4nibus G\u00e1vea e Leblon, Crise no transporte p\u00fablico Rio, Atraso de \u00f4nibus Rio hoje, Greve 15 de janeiro \u00f4nibus Rio, Transporte Zona Norte para Zona Sul, Rodovi\u00e1rios Real Vila Isabel protesto, Linhas especiais SMTR greve, Multas empresas \u00f4nibus Rio greve, Situa\u00e7\u00e3o dos \u00f4nibus no Rio agora,","breadcrumb":{"@id":"https:\/\/folhadoleste.com.br\/greve-onibus-rio-viacao-real-vila-isabel-linhas-paradas-15-01-26\/#breadcrumb"},"inLanguage":"en-US","potentialAction":[{"@type":"ReadAction","target":["https:\/\/folhadoleste.com.br\/greve-onibus-rio-viacao-real-vila-isabel-linhas-paradas-15-01-26\/"]}]},{"@type":"ImageObject","inLanguage":"en-US","@id":"https:\/\/folhadoleste.com.br\/greve-onibus-rio-viacao-real-vila-isabel-linhas-paradas-15-01-26\/#primaryimage","url":"https:\/\/folhadoleste.com.br\/wp-content\/uploads\/2026\/01\/greve-onibus-rio-viacao-real-vila-isabel-linhas-paradas.jpg","contentUrl":"https:\/\/folhadoleste.com.br\/wp-content\/uploads\/2026\/01\/greve-onibus-rio-viacao-real-vila-isabel-linhas-paradas.jpg","width":1280,"height":720,"caption":"Motoristas e funcion\u00e1rios em protesto em frente \u00e0 garagem de \u00f4nibus da Via\u00e7\u00e3o Vila Isabel, na Zona Norte do Rio de Janeiro, durante paralisa\u00e7\u00e3o nesta quinta-feira (15)."},{"@type":"BreadcrumbList","@id":"https:\/\/folhadoleste.com.br\/greve-onibus-rio-viacao-real-vila-isabel-linhas-paradas-15-01-26\/#breadcrumb","itemListElement":[{"@type":"ListItem","position":1,"name":"In\u00edcio","item":"https:\/\/folhadoleste.com.br\/"},{"@type":"ListItem","position":2,"name":"Rio de Janeiro - Capital","item":"https:\/\/folhadoleste.com.br\/category\/rio-de-janeiro-capital\/"},{"@type":"ListItem","position":3,"name":"Greve de \u00f4nibus no Rio nesta quinta-feira, 15\/01: Veja linhas paradas e alternativas hoje (15)"}]},{"@type":"WebSite","@id":"https:\/\/folhadoleste.com.br\/#website","url":"https:\/\/folhadoleste.com.br\/","name":"Folha do Leste","description":"Portal de Not\u00edcias com \u00eanfase em Niter\u00f3i, criando conte\u00fados desde a capital Rio de Janeiro, com olhar para o Leste Fluminense e suas cidades como S\u00e3o Gon\u00e7alo, Itabora\u00ed, Rio Bonito, Maric\u00e1, Saquarema e Araruama","publisher":{"@id":"https:\/\/folhadoleste.com.br\/#organization"},"alternateName":"FL","potentialAction":[{"@type":"SearchAction","target":{"@type":"EntryPoint","urlTemplate":"https:\/\/folhadoleste.com.br\/?s={search_term_string}"},"query-input":{"@type":"PropertyValueSpecification","valueRequired":true,"valueName":"search_term_string"}}],"inLanguage":"en-US"},{"@type":"Organization","@id":"https:\/\/folhadoleste.com.br\/#organization","name":"Brasil 21 Comunica\u00e7\u00e3o","alternateName":"BR21","url":"https:\/\/folhadoleste.com.br\/","logo":{"@type":"ImageObject","inLanguage":"en-US","@id":"https:\/\/folhadoleste.com.br\/#\/schema\/logo\/image\/","url":"https:\/\/folhadoleste.com.br\/wp-content\/uploads\/2025\/12\/brasil-21-logomarca.avif","contentUrl":"https:\/\/folhadoleste.com.br\/wp-content\/uploads\/2025\/12\/brasil-21-logomarca.avif","width":1044,"height":1044,"caption":"Brasil 21 Comunica\u00e7\u00e3o"},"image":{"@id":"https:\/\/folhadoleste.com.br\/#\/schema\/logo\/image\/"},"sameAs":["https:\/\/www.facebook.com\/folhadoleste","https:\/\/x.com\/FolhadoLesteRJ","https:\/\/www.instagram.com\/folhadoleste\/"]},{"@type":"Person","@id":"https:\/\/folhadoleste.com.br\/#\/schema\/person\/7df02ce7ce01cc6d79b740381f6f5446","name":"Andr\u00e9 Freitas","pronouns":"Ele\/dele","image":{"@type":"ImageObject","inLanguage":"en-US","@id":"https:\/\/folhadoleste.com.br\/wp-content\/litespeed\/avatar\/0357fd225fa38935ec9aabab3531fa5e.jpg?ver=1777161141","url":"https:\/\/folhadoleste.com.br\/wp-content\/litespeed\/avatar\/0357fd225fa38935ec9aabab3531fa5e.jpg?ver=1777161141","contentUrl":"https:\/\/folhadoleste.com.br\/wp-content\/litespeed\/avatar\/0357fd225fa38935ec9aabab3531fa5e.jpg?ver=1777161141","caption":"Andr\u00e9 Freitas"},"description":"Andr\u00e9 Freitas \u00e9 diretor-executivo e rep\u00f3rter do Folha do Leste e da Brasil 21 Comunica\u00e7\u00e3o. Jornalista e radialista desde a d\u00e9cada de 1990, \u00e9 narrador esportivo e cronista especializado em Carnaval, com 26 coberturas presenciais na Marqu\u00eas de Sapuca\u00ed. Possui ampla experi\u00eancia na cobertura da editoria de pol\u00edtica, em raz\u00e3o de fun\u00e7\u00f5es exercidas nos poderes Legislativo e Executivo, com atua\u00e7\u00e3o nas C\u00e2maras Municipais de Niter\u00f3i, S\u00e3o Gon\u00e7alo e Campos dos Goytacazes, al\u00e9m da Assembleia Legislativa do Estado do Rio de Janeiro (Alerj) e da Prefeitura de Niter\u00f3i. Dirigiu por 15 anos a R\u00e1dio Absoluta, onde apresentou programas noticiosos di\u00e1rios e conduziu coberturas esportivas, incluindo mais de uma d\u00e9cada acompanhando a sele\u00e7\u00e3o brasileira de futebol. Nesse per\u00edodo, esteve presente em duas Copas do Mundo e em uma edi\u00e7\u00e3o dos Jogos Ol\u00edmpicos. Trabalhou tamb\u00e9m nas r\u00e1dios Campos Difusora (Campos\/RJ) e Litor\u00e2nea (ES). Exerceu o cargo de editor-chefe nos jornais Olho Vivo (Niter\u00f3i\/RJ) e A Tribuna (Niter\u00f3i\/RJ), al\u00e9m de atuar como colunista do jornal O Di\u00e1rio (Campos dos Goytacazes\/RJ).","sameAs":["https:\/\/folhadoleste.com.br","https:\/\/www.facebook.com\/reporter.andrefreitas\/","https:\/\/www.instagram.com\/andrefreitas.jornalista\/","www.linkedin.com\/in\/andr\u00e9-freitas-jornalista","https:\/\/x.com\/andrefreitas_fl"],"url":"https:\/\/folhadoleste.com.br\/en\/author\/andrefreitas\/"}]}},"_links":{"self":[{"href":"https:\/\/folhadoleste.com.br\/en\/wp-json\/wp\/v2\/posts\/158051","targetHints":{"allow":["GET"]}}],"collection":[{"href":"https:\/\/folhadoleste.com.br\/en\/wp-json\/wp\/v2\/posts"}],"about":[{"href":"https:\/\/folhadoleste.com.br\/en\/wp-json\/wp\/v2\/types\/post"}],"author":[{"embeddable":true,"href":"https:\/\/folhadoleste.com.br\/en\/wp-json\/wp\/v2\/users\/2"}],"replies":[{"embeddable":true,"href":"https:\/\/folhadoleste.com.br\/en\/wp-json\/wp\/v2\/comments?post=158051"}],"version-history":[{"count":7,"href":"https:\/\/folhadoleste.com.br\/en\/wp-json\/wp\/v2\/posts\/158051\/revisions"}],"predecessor-version":[{"id":158059,"href":"https:\/\/folhadoleste.com.br\/en\/wp-json\/wp\/v2\/posts\/158051\/revisions\/158059"}],"wp:featuredmedia":[{"embeddable":true,"href":"https:\/\/folhadoleste.com.br\/en\/wp-json\/wp\/v2\/media\/158052"}],"wp:attachment":[{"href":"https:\/\/folhadoleste.com.br\/en\/wp-json\/wp\/v2\/media?parent=158051"}],"wp:term":[{"taxonomy":"category","embeddable":true,"href":"https:\/\/folhadoleste.com.br\/en\/wp-json\/wp\/v2\/categories?post=158051"},{"taxonomy":"post_tag","embeddable":true,"href":"https:\/\/folhadoleste.com.br\/en\/wp-json\/wp\/v2\/tags?post=158051"}],"curies":[{"name":"wp","href":"https:\/\/api.w.org\/{rel}","templated":true}]}}