{"id":154334,"date":"2025-12-16T18:25:22","date_gmt":"2025-12-16T21:25:22","guid":{"rendered":"https:\/\/folhadoleste.com.br\/?p=154334"},"modified":"2025-12-16T19:55:18","modified_gmt":"2025-12-16T22:55:18","slug":"nino-fluminense-retorno-2026","status":"publish","type":"post","link":"https:\/\/folhadoleste.com.br\/en\/nino-fluminense-retorno-2026\/","title":{"rendered":"Nino prioriza retorno ao Fluminense e afasta Palmeiras em 2026"},"content":{"rendered":"<div id=\"attachment_154335\" style=\"width: 1310px\" class=\"wp-caption aligncenter\"><img decoding=\"async\" aria-describedby=\"caption-attachment-154335\" class=\"size-full wp-image-154335\" src=\"https:\/\/folhadoleste.com.br\/wp-content\/uploads\/2025\/12\/nino-zenit-divulgacao-zenit.jpg\" alt=\"\" width=\"1300\" height=\"700\" \/><p id=\"caption-attachment-154335\" class=\"wp-caption-text\">Nino prioriza retorno ao Fluminense e afasta Palmeiras em 2026 | Divulga\u00e7\u00e3o\/Zenit<\/p><\/div>\n<p style=\"text-align: justify;\" data-start=\"240\" data-end=\"442\"><strong data-start=\"240\" data-end=\"306\">O desejo de Nino aponta diretamente para o Fluminense em 2026.<\/strong> O zagueiro deixou claro ao Palmeiras que pretende voltar ao Tricolor, o que esfriou qualquer avan\u00e7o nas conversas com o clube paulista.<\/p>\n<p style=\"text-align: justify;\" data-start=\"444\" data-end=\"486\">A informa\u00e7\u00e3o \u00e9 do portal &#8220;<em data-start=\"469\" data-end=\"485\">Nosso Palestra&#8221;<\/em>.<\/p>\n<h2 data-start=\"493\" data-end=\"532\">Vontade do jogador trava negocia\u00e7\u00e3o<\/h2>\n<p style=\"text-align: justify;\" data-start=\"534\" data-end=\"664\">O Palmeiras trata Nino como prioridade defensiva. Mesmo assim, o staff do atleta sinalizou que o projeto preferido \u00e9 o Fluminense.<\/p>\n<p style=\"text-align: justify;\" data-start=\"666\" data-end=\"815\">O Cruzeiro tamb\u00e9m monitora a situa\u00e7\u00e3o. Ainda assim, o Tricolor aparece como destino priorit\u00e1rio do defensor, que atualmente atua no Zenit, da R\u00fassia.<\/p>\n<h3 data-start=\"822\" data-end=\"870\">Sa\u00edda de Thiago Silva acelera plano tricolor<\/h3>\n<p style=\"text-align: justify;\" data-start=\"872\" data-end=\"1042\">O Fluminense trata a contrata\u00e7\u00e3o como estrat\u00e9gica. A poss\u00edvel sa\u00edda de <strong data-start=\"943\" data-end=\"959\">Thiago Silva<\/strong>, que n\u00e3o deve seguir no clube em 2026, aumentou a urg\u00eancia por um nome experiente.<\/p>\n<p style=\"text-align: justify;\" data-start=\"1044\" data-end=\"1138\">Internamente, Nino \u00e9 visto como substituto ideal. A identifica\u00e7\u00e3o com o clube pesa na decis\u00e3o.<\/p>\n<h3 style=\"text-align: justify;\" data-start=\"1145\" data-end=\"1178\">Valor pedido dificulta acordo<\/h3>\n<p style=\"text-align: justify;\" data-start=\"1180\" data-end=\"1348\">Nino tem contrato com o Zenit at\u00e9 <strong data-start=\"1214\" data-end=\"1231\">junho de 2028<\/strong>. Para liberar o zagueiro, o clube russo pede cerca de <strong data-start=\"1286\" data-end=\"1309\">10 milh\u00f5es de euros<\/strong>, valor pr\u00f3ximo de <strong data-start=\"1328\" data-end=\"1347\">R$ 63,4 milh\u00f5es<\/strong>.<\/p>\n<p style=\"text-align: justify;\" data-start=\"1350\" data-end=\"1460\">O montante supera o que o Fluminense pretende investir. Mesmo assim, a diretoria segue avaliando alternativas.<\/p>\n<h4 style=\"text-align: justify;\" data-start=\"1467\" data-end=\"1504\">\u00cddolo recente e capit\u00e3o hist\u00f3rico<\/h4>\n<p style=\"text-align: justify;\" data-start=\"1506\" data-end=\"1630\">Nino defendeu o Fluminense entre <strong data-start=\"1539\" data-end=\"1554\">2019 e 2023<\/strong>. Ele foi capit\u00e3o na conquista da <strong data-start=\"1588\" data-end=\"1604\">Libertadores<\/strong>, t\u00edtulo in\u00e9dito do clube.<\/p>\n<p style=\"text-align: justify;\" data-start=\"1632\" data-end=\"1728\">O zagueiro teve papel decisivo na campanha hist\u00f3rica e consolidou status de lideran\u00e7a no elenco.<\/p>\n<p style=\"text-align: justify;\" data-start=\"1730\" data-end=\"1824\">Apesar da prefer\u00eancia declarada pelo Tricolor, o defensor ainda pode receber outras propostas.<\/p>\n<h5 style=\"text-align: center;\"><span style=\"color: #000000;\"><span style=\"color: #ff0000;\"><strong>+ <\/strong><\/span><\/span><span style=\"color: #000000;\"><strong><span style=\"color: #ff9900;\">MAIS NOT\u00cdCIAS DE ESPORTES?<\/span> <span style=\"color: #008080;\"><a style=\"color: #008080;\" href=\"https:\/\/folhadoleste.com.br\/en\/category\/esportes\/\">CLIQUE AQUI<\/a><\/span><\/strong><\/span><\/h5>","protected":false},"excerpt":{"rendered":"<p>O desejo de Nino aponta diretamente para o Fluminense em 2026. O zagueiro deixou claro ao Palmeiras que pretende voltar ao Tricolor, o que esfriou qualquer avan\u00e7o nas conversas com o clube paulista. A informa\u00e7\u00e3o \u00e9 do portal &#8220;Nosso Palestra&#8221;. Vontade do jogador trava negocia\u00e7\u00e3o O Palmeiras trata Nino como prioridade defensiva. Mesmo assim, o staff do atleta sinalizou que o projeto preferido \u00e9 o Fluminense. O Cruzeiro tamb\u00e9m monitora a situa\u00e7\u00e3o. Ainda assim, o Tricolor aparece como destino priorit\u00e1rio do defensor, que atualmente atua no Zenit, da R\u00fassia. Sa\u00edda de Thiago Silva acelera plano tricolor O Fluminense trata a [&hellip;]<\/p>\n","protected":false},"author":5,"featured_media":154335,"comment_status":"open","ping_status":"open","sticky":false,"template":"","format":"standard","meta":{"footnotes":""},"categories":[48,65],"tags":[2099,105,124,120761,120758,120766,120755,120752,101,19049,439,15969,5119,120757,120759,120754,120762,120748,120764,120756,120750,120753,120763,120749,120760,120767,120765,120751,540,20188,19732,16329],"class_list":["post-154334","post","type-post","status-publish","format-standard","has-post-thumbnail","hentry","category-esportes","category-futebol-esportes","tag-cruzeiro","tag-esportes","tag-fluminense","tag-fluminense-defesa-reforco","tag-fluminense-planejamento-2026","tag-fluminense-sonho-de-mercado","tag-fluminense-thiago-silva-saida","tag-fluminense-zagueiro-2026","tag-futebol","tag-futebol-brasileiro","tag-libertadores","tag-mercado-da-bola","tag-nino","tag-nino-capitao-tricolor","tag-nino-contrato-russia","tag-nino-cruzeiro-interesse","tag-nino-desejo-jogar-no-flu","tag-nino-fluminense","tag-nino-idolo-fluminense","tag-nino-libertadores-flu","tag-nino-mercado-da-bola","tag-nino-palmeiras-negociacao","tag-nino-proposta-zenit","tag-nino-retorno-flu","tag-nino-valor-transferencia","tag-nino-volta-ao-brasil","tag-nino-zaga-tricolor","tag-nino-zenit","tag-palmeiras","tag-transferencias","tag-tricolor","tag-zenit","post--single"],"yoast_head":"<!-- This site is optimized with the Yoast SEO plugin v27.4 - https:\/\/yoast.com\/product\/yoast-seo-wordpress\/ -->\n<title>Nino prioriza o Fluminense e esfria negocia\u00e7\u00e3o com o Palmeiras<\/title>\n<meta name=\"description\" content=\"Nino manifestou desejo de voltar ao Fluminense em 2026 e esfriou conversas com o Palmeiras; Confira a reportagem...\" \/>\n<meta name=\"robots\" content=\"index, follow, max-snippet:-1, max-image-preview:large, max-video-preview:-1\" \/>\n<link rel=\"canonical\" href=\"https:\/\/folhadoleste.com.br\/en\/nino-fluminense-retorno-2026\/\" \/>\n<meta property=\"og:locale\" content=\"en_US\" \/>\n<meta property=\"og:type\" content=\"article\" \/>\n<meta property=\"og:title\" content=\"Nino prioriza o Fluminense e esfria negocia\u00e7\u00e3o com o Palmeiras\" \/>\n<meta property=\"og:description\" content=\"Nino manifestou desejo de voltar ao Fluminense em 2026 e esfriou conversas com o Palmeiras; Confira a reportagem...\" \/>\n<meta property=\"og:url\" content=\"https:\/\/folhadoleste.com.br\/en\/nino-fluminense-retorno-2026\/\" \/>\n<meta property=\"og:site_name\" content=\"Folha do Leste\" \/>\n<meta property=\"article:publisher\" content=\"https:\/\/www.facebook.com\/folhadoleste\" \/>\n<meta property=\"article:published_time\" content=\"2025-12-16T21:25:22+00:00\" \/>\n<meta property=\"article:modified_time\" content=\"2025-12-16T22:55:18+00:00\" \/>\n<meta property=\"og:image\" content=\"https:\/\/folhadoleste.com.br\/wp-content\/uploads\/2025\/12\/nino-zenit-divulgacao-zenit.jpg\" \/>\n\t<meta property=\"og:image:width\" content=\"1300\" \/>\n\t<meta property=\"og:image:height\" content=\"700\" \/>\n\t<meta property=\"og:image:type\" content=\"image\/jpeg\" \/>\n<meta name=\"author\" content=\"Enzo Carvalho\" \/>\n<meta name=\"twitter:card\" content=\"summary_large_image\" \/>\n<meta name=\"twitter:creator\" content=\"@FolhadoLesteRJ\" \/>\n<meta name=\"twitter:site\" content=\"@FolhadoLesteRJ\" \/>\n<meta name=\"twitter:label1\" content=\"Written by\" \/>\n\t<meta name=\"twitter:data1\" content=\"Enzo Carvalho\" \/>\n\t<meta name=\"twitter:label2\" content=\"Est. reading time\" \/>\n\t<meta name=\"twitter:data2\" content=\"2 minutes\" \/>\n<script type=\"application\/ld+json\" class=\"yoast-schema-graph\">{\"@context\":\"https:\\\/\\\/schema.org\",\"@graph\":[{\"@type\":\"NewsArticle\",\"@id\":\"https:\\\/\\\/folhadoleste.com.br\\\/nino-fluminense-retorno-2026\\\/#article\",\"isPartOf\":{\"@id\":\"https:\\\/\\\/folhadoleste.com.br\\\/nino-fluminense-retorno-2026\\\/\"},\"author\":{\"name\":\"Enzo Carvalho\",\"@id\":\"https:\\\/\\\/folhadoleste.com.br\\\/#\\\/schema\\\/person\\\/05d8a4b256c9faea581495e6c9be06f2\"},\"headline\":\"Nino prioriza retorno ao Fluminense e afasta Palmeiras em 2026\",\"datePublished\":\"2025-12-16T21:25:22+00:00\",\"dateModified\":\"2025-12-16T22:55:18+00:00\",\"mainEntityOfPage\":{\"@id\":\"https:\\\/\\\/folhadoleste.com.br\\\/nino-fluminense-retorno-2026\\\/\"},\"wordCount\":293,\"commentCount\":0,\"publisher\":{\"@id\":\"https:\\\/\\\/folhadoleste.com.br\\\/#organization\"},\"image\":{\"@id\":\"https:\\\/\\\/folhadoleste.com.br\\\/nino-fluminense-retorno-2026\\\/#primaryimage\"},\"thumbnailUrl\":\"https:\\\/\\\/folhadoleste.com.br\\\/wp-content\\\/uploads\\\/2025\\\/12\\\/nino-zenit-divulgacao-zenit.jpg\",\"keywords\":[\"Cruzeiro\",\"Esportes\",\"fluminense\",\"Fluminense defesa refor\u00e7o\",\"Fluminense planejamento 2026\",\"Fluminense sonho de mercado\",\"Fluminense Thiago Silva sa\u00edda\",\"Fluminense zagueiro 2026\",\"futebol\",\"Futebol Brasileiro\",\"Libertadores\",\"Mercado da bola\",\"Nino\",\"Nino capit\u00e3o Tricolor\",\"Nino contrato R\u00fassia\",\"Nino Cruzeiro interesse\",\"Nino desejo jogar no Flu\",\"Nino Fluminense\",\"Nino \u00eddolo Fluminense\",\"Nino Libertadores Flu\",\"Nino mercado da bola\",\"Nino Palmeiras negocia\u00e7\u00e3o\",\"Nino proposta Zenit\",\"Nino retorno Flu\",\"Nino valor transfer\u00eancia\",\"Nino volta ao Brasil\",\"Nino zaga Tricolor\",\"Nino Zenit\",\"Palmeiras\",\"Transfer\u00eancias\",\"Tricolor\",\"Zenit\"],\"articleSection\":[\"Esportes\",\"Futebol\"],\"inLanguage\":\"en-US\",\"potentialAction\":[{\"@type\":\"CommentAction\",\"name\":\"Comment\",\"target\":[\"https:\\\/\\\/folhadoleste.com.br\\\/nino-fluminense-retorno-2026\\\/#respond\"]}]},{\"@type\":\"WebPage\",\"@id\":\"https:\\\/\\\/folhadoleste.com.br\\\/nino-fluminense-retorno-2026\\\/\",\"url\":\"https:\\\/\\\/folhadoleste.com.br\\\/nino-fluminense-retorno-2026\\\/\",\"name\":\"Nino prioriza o Fluminense e esfria negocia\u00e7\u00e3o com o Palmeiras\",\"isPartOf\":{\"@id\":\"https:\\\/\\\/folhadoleste.com.br\\\/#website\"},\"primaryImageOfPage\":{\"@id\":\"https:\\\/\\\/folhadoleste.com.br\\\/nino-fluminense-retorno-2026\\\/#primaryimage\"},\"image\":{\"@id\":\"https:\\\/\\\/folhadoleste.com.br\\\/nino-fluminense-retorno-2026\\\/#primaryimage\"},\"thumbnailUrl\":\"https:\\\/\\\/folhadoleste.com.br\\\/wp-content\\\/uploads\\\/2025\\\/12\\\/nino-zenit-divulgacao-zenit.jpg\",\"datePublished\":\"2025-12-16T21:25:22+00:00\",\"dateModified\":\"2025-12-16T22:55:18+00:00\",\"description\":\"Nino manifestou desejo de voltar ao Fluminense em 2026 e esfriou conversas com o Palmeiras; Confira a reportagem...\",\"breadcrumb\":{\"@id\":\"https:\\\/\\\/folhadoleste.com.br\\\/nino-fluminense-retorno-2026\\\/#breadcrumb\"},\"inLanguage\":\"en-US\",\"potentialAction\":[{\"@type\":\"ReadAction\",\"target\":[\"https:\\\/\\\/folhadoleste.com.br\\\/nino-fluminense-retorno-2026\\\/\"]}]},{\"@type\":\"ImageObject\",\"inLanguage\":\"en-US\",\"@id\":\"https:\\\/\\\/folhadoleste.com.br\\\/nino-fluminense-retorno-2026\\\/#primaryimage\",\"url\":\"https:\\\/\\\/folhadoleste.com.br\\\/wp-content\\\/uploads\\\/2025\\\/12\\\/nino-zenit-divulgacao-zenit.jpg\",\"contentUrl\":\"https:\\\/\\\/folhadoleste.com.br\\\/wp-content\\\/uploads\\\/2025\\\/12\\\/nino-zenit-divulgacao-zenit.jpg\",\"width\":1300,\"height\":700,\"caption\":\"Nino prioriza retorno ao Fluminense e afasta Palmeiras em 2026 | Divulga\u00e7\u00e3o\\\/Zenit\"},{\"@type\":\"BreadcrumbList\",\"@id\":\"https:\\\/\\\/folhadoleste.com.br\\\/nino-fluminense-retorno-2026\\\/#breadcrumb\",\"itemListElement\":[{\"@type\":\"ListItem\",\"position\":1,\"name\":\"In\u00edcio\",\"item\":\"https:\\\/\\\/folhadoleste.com.br\\\/\"},{\"@type\":\"ListItem\",\"position\":2,\"name\":\"Esportes\",\"item\":\"https:\\\/\\\/folhadoleste.com.br\\\/category\\\/esportes\\\/\"},{\"@type\":\"ListItem\",\"position\":3,\"name\":\"Futebol\",\"item\":\"https:\\\/\\\/folhadoleste.com.br\\\/category\\\/esportes\\\/futebol-esportes\\\/\"},{\"@type\":\"ListItem\",\"position\":4,\"name\":\"Nino prioriza retorno ao Fluminense e afasta Palmeiras em 2026\"}]},{\"@type\":\"WebSite\",\"@id\":\"https:\\\/\\\/folhadoleste.com.br\\\/#website\",\"url\":\"https:\\\/\\\/folhadoleste.com.br\\\/\",\"name\":\"Folha do Leste\",\"description\":\"Portal de Not\u00edcias com \u00eanfase em Niter\u00f3i, criando conte\u00fados desde a capital Rio de Janeiro, com olhar para o Leste Fluminense e suas cidades como S\u00e3o Gon\u00e7alo, Itabora\u00ed, Rio Bonito, Maric\u00e1, Saquarema e Araruama\",\"publisher\":{\"@id\":\"https:\\\/\\\/folhadoleste.com.br\\\/#organization\"},\"alternateName\":\"FL\",\"potentialAction\":[{\"@type\":\"SearchAction\",\"target\":{\"@type\":\"EntryPoint\",\"urlTemplate\":\"https:\\\/\\\/folhadoleste.com.br\\\/?s={search_term_string}\"},\"query-input\":{\"@type\":\"PropertyValueSpecification\",\"valueRequired\":true,\"valueName\":\"search_term_string\"}}],\"inLanguage\":\"en-US\"},{\"@type\":\"Organization\",\"@id\":\"https:\\\/\\\/folhadoleste.com.br\\\/#organization\",\"name\":\"Brasil 21 Comunica\u00e7\u00e3o\",\"alternateName\":\"BR21\",\"url\":\"https:\\\/\\\/folhadoleste.com.br\\\/\",\"logo\":{\"@type\":\"ImageObject\",\"inLanguage\":\"en-US\",\"@id\":\"https:\\\/\\\/folhadoleste.com.br\\\/#\\\/schema\\\/logo\\\/image\\\/\",\"url\":\"https:\\\/\\\/folhadoleste.com.br\\\/wp-content\\\/uploads\\\/2025\\\/12\\\/brasil-21-logomarca.avif\",\"contentUrl\":\"https:\\\/\\\/folhadoleste.com.br\\\/wp-content\\\/uploads\\\/2025\\\/12\\\/brasil-21-logomarca.avif\",\"width\":1044,\"height\":1044,\"caption\":\"Brasil 21 Comunica\u00e7\u00e3o\"},\"image\":{\"@id\":\"https:\\\/\\\/folhadoleste.com.br\\\/#\\\/schema\\\/logo\\\/image\\\/\"},\"sameAs\":[\"https:\\\/\\\/www.facebook.com\\\/folhadoleste\",\"https:\\\/\\\/x.com\\\/FolhadoLesteRJ\",\"https:\\\/\\\/www.instagram.com\\\/folhadoleste\\\/\"]},{\"@type\":\"Person\",\"@id\":\"https:\\\/\\\/folhadoleste.com.br\\\/#\\\/schema\\\/person\\\/05d8a4b256c9faea581495e6c9be06f2\",\"name\":\"Enzo Carvalho\",\"image\":{\"@type\":\"ImageObject\",\"inLanguage\":\"en-US\",\"@id\":\"https:\\\/\\\/folhadoleste.com.br\\\/wp-content\\\/litespeed\\\/avatar\\\/3fe471b6df482b28961bb8e87cd40a81.jpg?ver=1777161141\",\"url\":\"https:\\\/\\\/folhadoleste.com.br\\\/wp-content\\\/litespeed\\\/avatar\\\/3fe471b6df482b28961bb8e87cd40a81.jpg?ver=1777161141\",\"contentUrl\":\"https:\\\/\\\/folhadoleste.com.br\\\/wp-content\\\/litespeed\\\/avatar\\\/3fe471b6df482b28961bb8e87cd40a81.jpg?ver=1777161141\",\"caption\":\"Enzo Carvalho\"},\"description\":\"Enzo Carvalho \u00e9 jornalista profissional, com atua\u00e7\u00e3o voltada \u00e0 cobertura de inova\u00e7\u00e3o, tecnologia, cotidiano e esportes. Ex-jogador profissional de e-sports, traz para o jornalismo uma compreens\u00e3o pr\u00e1tica do universo digital, das plataformas tecnol\u00f3gicas e das transforma\u00e7\u00f5es provocadas pela cultura conectada.\",\"url\":\"https:\\\/\\\/folhadoleste.com.br\\\/en\\\/author\\\/enzo-carvalho\\\/\"}]}<\/script>\n<!-- \/ Yoast SEO plugin. -->","yoast_head_json":{"title":"Nino prioriza o Fluminense e esfria negocia\u00e7\u00e3o com o Palmeiras","description":"Nino manifestou desejo de voltar ao Fluminense em 2026 e esfriou conversas com o Palmeiras; Confira a reportagem...","robots":{"index":"index","follow":"follow","max-snippet":"max-snippet:-1","max-image-preview":"max-image-preview:large","max-video-preview":"max-video-preview:-1"},"canonical":"https:\/\/folhadoleste.com.br\/en\/nino-fluminense-retorno-2026\/","og_locale":"en_US","og_type":"article","og_title":"Nino prioriza o Fluminense e esfria negocia\u00e7\u00e3o com o Palmeiras","og_description":"Nino manifestou desejo de voltar ao Fluminense em 2026 e esfriou conversas com o Palmeiras; Confira a reportagem...","og_url":"https:\/\/folhadoleste.com.br\/en\/nino-fluminense-retorno-2026\/","og_site_name":"Folha do Leste","article_publisher":"https:\/\/www.facebook.com\/folhadoleste","article_published_time":"2025-12-16T21:25:22+00:00","article_modified_time":"2025-12-16T22:55:18+00:00","og_image":[{"width":1300,"height":700,"url":"https:\/\/folhadoleste.com.br\/wp-content\/uploads\/2025\/12\/nino-zenit-divulgacao-zenit.jpg","type":"image\/jpeg"}],"author":"Enzo Carvalho","twitter_card":"summary_large_image","twitter_creator":"@FolhadoLesteRJ","twitter_site":"@FolhadoLesteRJ","twitter_misc":{"Written by":"Enzo Carvalho","Est. reading time":"2 minutes"},"schema":{"@context":"https:\/\/schema.org","@graph":[{"@type":"NewsArticle","@id":"https:\/\/folhadoleste.com.br\/nino-fluminense-retorno-2026\/#article","isPartOf":{"@id":"https:\/\/folhadoleste.com.br\/nino-fluminense-retorno-2026\/"},"author":{"name":"Enzo Carvalho","@id":"https:\/\/folhadoleste.com.br\/#\/schema\/person\/05d8a4b256c9faea581495e6c9be06f2"},"headline":"Nino prioriza retorno ao Fluminense e afasta Palmeiras em 2026","datePublished":"2025-12-16T21:25:22+00:00","dateModified":"2025-12-16T22:55:18+00:00","mainEntityOfPage":{"@id":"https:\/\/folhadoleste.com.br\/nino-fluminense-retorno-2026\/"},"wordCount":293,"commentCount":0,"publisher":{"@id":"https:\/\/folhadoleste.com.br\/#organization"},"image":{"@id":"https:\/\/folhadoleste.com.br\/nino-fluminense-retorno-2026\/#primaryimage"},"thumbnailUrl":"https:\/\/folhadoleste.com.br\/wp-content\/uploads\/2025\/12\/nino-zenit-divulgacao-zenit.jpg","keywords":["Cruzeiro","Esportes","fluminense","Fluminense defesa refor\u00e7o","Fluminense planejamento 2026","Fluminense sonho de mercado","Fluminense Thiago Silva sa\u00edda","Fluminense zagueiro 2026","futebol","Futebol Brasileiro","Libertadores","Mercado da bola","Nino","Nino capit\u00e3o Tricolor","Nino contrato R\u00fassia","Nino Cruzeiro interesse","Nino desejo jogar no Flu","Nino Fluminense","Nino \u00eddolo Fluminense","Nino Libertadores Flu","Nino mercado da bola","Nino Palmeiras negocia\u00e7\u00e3o","Nino proposta Zenit","Nino retorno Flu","Nino valor transfer\u00eancia","Nino volta ao Brasil","Nino zaga Tricolor","Nino Zenit","Palmeiras","Transfer\u00eancias","Tricolor","Zenit"],"articleSection":["Esportes","Futebol"],"inLanguage":"en-US","potentialAction":[{"@type":"CommentAction","name":"Comment","target":["https:\/\/folhadoleste.com.br\/nino-fluminense-retorno-2026\/#respond"]}]},{"@type":"WebPage","@id":"https:\/\/folhadoleste.com.br\/nino-fluminense-retorno-2026\/","url":"https:\/\/folhadoleste.com.br\/nino-fluminense-retorno-2026\/","name":"Nino prioriza o Fluminense e esfria negocia\u00e7\u00e3o com o Palmeiras","isPartOf":{"@id":"https:\/\/folhadoleste.com.br\/#website"},"primaryImageOfPage":{"@id":"https:\/\/folhadoleste.com.br\/nino-fluminense-retorno-2026\/#primaryimage"},"image":{"@id":"https:\/\/folhadoleste.com.br\/nino-fluminense-retorno-2026\/#primaryimage"},"thumbnailUrl":"https:\/\/folhadoleste.com.br\/wp-content\/uploads\/2025\/12\/nino-zenit-divulgacao-zenit.jpg","datePublished":"2025-12-16T21:25:22+00:00","dateModified":"2025-12-16T22:55:18+00:00","description":"Nino manifestou desejo de voltar ao Fluminense em 2026 e esfriou conversas com o Palmeiras; Confira a reportagem...","breadcrumb":{"@id":"https:\/\/folhadoleste.com.br\/nino-fluminense-retorno-2026\/#breadcrumb"},"inLanguage":"en-US","potentialAction":[{"@type":"ReadAction","target":["https:\/\/folhadoleste.com.br\/nino-fluminense-retorno-2026\/"]}]},{"@type":"ImageObject","inLanguage":"en-US","@id":"https:\/\/folhadoleste.com.br\/nino-fluminense-retorno-2026\/#primaryimage","url":"https:\/\/folhadoleste.com.br\/wp-content\/uploads\/2025\/12\/nino-zenit-divulgacao-zenit.jpg","contentUrl":"https:\/\/folhadoleste.com.br\/wp-content\/uploads\/2025\/12\/nino-zenit-divulgacao-zenit.jpg","width":1300,"height":700,"caption":"Nino prioriza retorno ao Fluminense e afasta Palmeiras em 2026 | Divulga\u00e7\u00e3o\/Zenit"},{"@type":"BreadcrumbList","@id":"https:\/\/folhadoleste.com.br\/nino-fluminense-retorno-2026\/#breadcrumb","itemListElement":[{"@type":"ListItem","position":1,"name":"In\u00edcio","item":"https:\/\/folhadoleste.com.br\/"},{"@type":"ListItem","position":2,"name":"Esportes","item":"https:\/\/folhadoleste.com.br\/category\/esportes\/"},{"@type":"ListItem","position":3,"name":"Futebol","item":"https:\/\/folhadoleste.com.br\/category\/esportes\/futebol-esportes\/"},{"@type":"ListItem","position":4,"name":"Nino prioriza retorno ao Fluminense e afasta Palmeiras em 2026"}]},{"@type":"WebSite","@id":"https:\/\/folhadoleste.com.br\/#website","url":"https:\/\/folhadoleste.com.br\/","name":"Folha do Leste","description":"Portal de Not\u00edcias com \u00eanfase em Niter\u00f3i, criando conte\u00fados desde a capital Rio de Janeiro, com olhar para o Leste Fluminense e suas cidades como S\u00e3o Gon\u00e7alo, Itabora\u00ed, Rio Bonito, Maric\u00e1, Saquarema e Araruama","publisher":{"@id":"https:\/\/folhadoleste.com.br\/#organization"},"alternateName":"FL","potentialAction":[{"@type":"SearchAction","target":{"@type":"EntryPoint","urlTemplate":"https:\/\/folhadoleste.com.br\/?s={search_term_string}"},"query-input":{"@type":"PropertyValueSpecification","valueRequired":true,"valueName":"search_term_string"}}],"inLanguage":"en-US"},{"@type":"Organization","@id":"https:\/\/folhadoleste.com.br\/#organization","name":"Brasil 21 Comunica\u00e7\u00e3o","alternateName":"BR21","url":"https:\/\/folhadoleste.com.br\/","logo":{"@type":"ImageObject","inLanguage":"en-US","@id":"https:\/\/folhadoleste.com.br\/#\/schema\/logo\/image\/","url":"https:\/\/folhadoleste.com.br\/wp-content\/uploads\/2025\/12\/brasil-21-logomarca.avif","contentUrl":"https:\/\/folhadoleste.com.br\/wp-content\/uploads\/2025\/12\/brasil-21-logomarca.avif","width":1044,"height":1044,"caption":"Brasil 21 Comunica\u00e7\u00e3o"},"image":{"@id":"https:\/\/folhadoleste.com.br\/#\/schema\/logo\/image\/"},"sameAs":["https:\/\/www.facebook.com\/folhadoleste","https:\/\/x.com\/FolhadoLesteRJ","https:\/\/www.instagram.com\/folhadoleste\/"]},{"@type":"Person","@id":"https:\/\/folhadoleste.com.br\/#\/schema\/person\/05d8a4b256c9faea581495e6c9be06f2","name":"Enzo Carvalho","image":{"@type":"ImageObject","inLanguage":"en-US","@id":"https:\/\/folhadoleste.com.br\/wp-content\/litespeed\/avatar\/3fe471b6df482b28961bb8e87cd40a81.jpg?ver=1777161141","url":"https:\/\/folhadoleste.com.br\/wp-content\/litespeed\/avatar\/3fe471b6df482b28961bb8e87cd40a81.jpg?ver=1777161141","contentUrl":"https:\/\/folhadoleste.com.br\/wp-content\/litespeed\/avatar\/3fe471b6df482b28961bb8e87cd40a81.jpg?ver=1777161141","caption":"Enzo Carvalho"},"description":"Enzo Carvalho \u00e9 jornalista profissional, com atua\u00e7\u00e3o voltada \u00e0 cobertura de inova\u00e7\u00e3o, tecnologia, cotidiano e esportes. Ex-jogador profissional de e-sports, traz para o jornalismo uma compreens\u00e3o pr\u00e1tica do universo digital, das plataformas tecnol\u00f3gicas e das transforma\u00e7\u00f5es provocadas pela cultura conectada.","url":"https:\/\/folhadoleste.com.br\/en\/author\/enzo-carvalho\/"}]}},"_links":{"self":[{"href":"https:\/\/folhadoleste.com.br\/en\/wp-json\/wp\/v2\/posts\/154334","targetHints":{"allow":["GET"]}}],"collection":[{"href":"https:\/\/folhadoleste.com.br\/en\/wp-json\/wp\/v2\/posts"}],"about":[{"href":"https:\/\/folhadoleste.com.br\/en\/wp-json\/wp\/v2\/types\/post"}],"author":[{"embeddable":true,"href":"https:\/\/folhadoleste.com.br\/en\/wp-json\/wp\/v2\/users\/5"}],"replies":[{"embeddable":true,"href":"https:\/\/folhadoleste.com.br\/en\/wp-json\/wp\/v2\/comments?post=154334"}],"version-history":[{"count":1,"href":"https:\/\/folhadoleste.com.br\/en\/wp-json\/wp\/v2\/posts\/154334\/revisions"}],"predecessor-version":[{"id":154336,"href":"https:\/\/folhadoleste.com.br\/en\/wp-json\/wp\/v2\/posts\/154334\/revisions\/154336"}],"wp:featuredmedia":[{"embeddable":true,"href":"https:\/\/folhadoleste.com.br\/en\/wp-json\/wp\/v2\/media\/154335"}],"wp:attachment":[{"href":"https:\/\/folhadoleste.com.br\/en\/wp-json\/wp\/v2\/media?parent=154334"}],"wp:term":[{"taxonomy":"category","embeddable":true,"href":"https:\/\/folhadoleste.com.br\/en\/wp-json\/wp\/v2\/categories?post=154334"},{"taxonomy":"post_tag","embeddable":true,"href":"https:\/\/folhadoleste.com.br\/en\/wp-json\/wp\/v2\/tags?post=154334"}],"curies":[{"name":"wp","href":"https:\/\/api.w.org\/{rel}","templated":true}]}}