{"id":154332,"date":"2025-12-16T18:00:37","date_gmt":"2025-12-16T21:00:37","guid":{"rendered":"https:\/\/folhadoleste.com.br\/?p=154332"},"modified":"2025-12-16T19:49:15","modified_gmt":"2025-12-16T22:49:15","slug":"philippe-coutinho-vasco-renovacao-carreira","status":"publish","type":"post","link":"https:\/\/folhadoleste.com.br\/en\/philippe-coutinho-vasco-renovacao-carreira\/","title":{"rendered":"Coutinho sinaliza renova\u00e7\u00e3o com o Vasco e cogita aposentadoria fora do clube"},"content":{"rendered":"<div id=\"attachment_146603\" style=\"width: 1310px\" class=\"wp-caption aligncenter\"><img decoding=\"async\" aria-describedby=\"caption-attachment-146603\" class=\"size-full wp-image-146603\" src=\"https:\/\/folhadoleste.com.br\/wp-content\/uploads\/2025\/10\/Philippe-Coutinho-Vasco-Matheus-Lima-Vasco.jpg\" alt=\"\" width=\"1300\" height=\"700\" \/><p id=\"caption-attachment-146603\" class=\"wp-caption-text\">Coutinho sinaliza renova\u00e7\u00e3o com o Vasco e cogita aposentadoria fora do clube | Matheus Lima\/Vasco<\/p><\/div>\n<p style=\"text-align: justify;\" data-start=\"250\" data-end=\"473\"><strong data-start=\"250\" data-end=\"327\">A perman\u00eancia de Philippe Coutinho no Vasco entrou no radar da diretoria.<\/strong> O meia-atacante de 33 anos pretende conversar sobre renova\u00e7\u00e3o ap\u00f3s as finais da Copa do Brasil e deixou claro que deseja seguir no clube carioca.<\/p>\n<p style=\"text-align: justify;\" data-start=\"475\" data-end=\"548\">O contrato atual vai at\u00e9 <strong data-start=\"500\" data-end=\"517\">junho de 2026<\/strong>. As informa\u00e7\u00f5es s\u00e3o da <em data-start=\"541\" data-end=\"547\">ESPN<\/em>.<\/p>\n<h2 data-start=\"555\" data-end=\"597\">Vasco e jogador alinham o mesmo desejo<\/h2>\n<p style=\"text-align: justify;\" data-start=\"599\" data-end=\"737\">O Vasco tamb\u00e9m quer manter Coutinho. Internamente, a avalia\u00e7\u00e3o \u00e9 positiva tanto pelo rendimento esportivo quanto pela lideran\u00e7a no elenco.<\/p>\n<p style=\"text-align: justify;\" data-start=\"739\" data-end=\"905\">O pr\u00f3prio jogador j\u00e1 sinalizou uma decis\u00e3o firme. <strong data-start=\"789\" data-end=\"855\">Caso n\u00e3o renove com o Vasco, ele pretende encerrar a carreira.<\/strong> O meia n\u00e3o tem interesse em defender outro clube.<\/p>\n<h3 style=\"text-align: justify;\">Retorno ao clube marcou nova fase<\/h3>\n<p style=\"text-align: justify;\" data-start=\"951\" data-end=\"1082\">Philippe Coutinho voltou ao Vasco no ano passado. Inicialmente, chegou por empr\u00e9stimo do <strong data-start=\"1040\" data-end=\"1055\">Aston Villa<\/strong>, v\u00e1lido at\u00e9 o meio do ano.<\/p>\n<p style=\"text-align: justify;\" data-start=\"1084\" data-end=\"1219\">Posteriormente, o jogador rescindiu contrato com o clube ingl\u00eas e seguiu em definitivo no Cruz-Maltino, refor\u00e7ando o projeto esportivo.<\/p>\n<h4 style=\"text-align: justify;\" data-start=\"1226\" data-end=\"1262\">N\u00fameros de Coutinho na temporada<\/h4>\n<p style=\"text-align: justify;\" data-start=\"1264\" data-end=\"1400\">Na atual temporada, <strong data-start=\"1284\" data-end=\"1317\">Coutinho disputou 54 partidas<\/strong> com a camisa vasca\u00edna. Ele marcou <strong data-start=\"1352\" data-end=\"1363\">11 gols<\/strong> e distribuiu <strong data-start=\"1377\" data-end=\"1399\">cinco assist\u00eancias<\/strong>.<\/p>\n<p style=\"text-align: justify;\" data-start=\"1402\" data-end=\"1518\">O desempenho consolidou o meia como pe\u00e7a central do time e fortaleceu a inten\u00e7\u00e3o de renova\u00e7\u00e3o para os pr\u00f3ximos anos.<\/p>\n<h5 style=\"text-align: center;\"><span style=\"color: #000000;\"><span style=\"color: #ff0000;\"><strong>+ <\/strong><\/span><\/span><span style=\"color: #000000;\"><strong><span style=\"color: #ff9900;\">MAIS NOT\u00cdCIAS DE ESPORTES?<\/span> <span style=\"color: #008080;\"><a style=\"color: #008080;\" href=\"https:\/\/folhadoleste.com.br\/en\/category\/esportes\/\">CLIQUE AQUI<\/a><\/span><\/strong><\/span><\/h5>","protected":false},"excerpt":{"rendered":"<p>A perman\u00eancia de Philippe Coutinho no Vasco entrou no radar da diretoria. O meia-atacante de 33 anos pretende conversar sobre renova\u00e7\u00e3o ap\u00f3s as finais da Copa do Brasil e deixou claro que deseja seguir no clube carioca. O contrato atual vai at\u00e9 junho de 2026. As informa\u00e7\u00f5es s\u00e3o da ESPN. Vasco e jogador alinham o mesmo desejo O Vasco tamb\u00e9m quer manter Coutinho. Internamente, a avalia\u00e7\u00e3o \u00e9 positiva tanto pelo rendimento esportivo quanto pela lideran\u00e7a no elenco. O pr\u00f3prio jogador j\u00e1 sinalizou uma decis\u00e3o firme. Caso n\u00e3o renove com o Vasco, ele pretende encerrar a carreira. O meia n\u00e3o tem [&hellip;]<\/p>\n","protected":false},"author":5,"featured_media":146603,"comment_status":"open","ping_status":"open","sticky":false,"template":"","format":"standard","meta":{"footnotes":""},"categories":[48,65],"tags":[988,548,120734,120739,120742,120735,120732,120746,120738,120744,120747,120731,3905,105,101,19049,15969,120741,27505,91529,3940,80246,104,107474,120736,120743,120733,120740,120737,120745],"class_list":["post-154332","post","type-post","status-publish","format-standard","has-post-thumbnail","hentry","category-esportes","category-futebol-esportes","tag-brasileirao","tag-copa-do-brasil","tag-coutinho-aposentadoria","tag-coutinho-assistencias-vasco","tag-coutinho-aston-villa","tag-coutinho-carreira","tag-coutinho-contrato-2026","tag-coutinho-decisao-carreira","tag-coutinho-gols-vasco","tag-coutinho-lider-elenco","tag-coutinho-no-cruz-maltino","tag-coutinho-renovacao-vasco","tag-cruz-maltino","tag-esportes","tag-futebol","tag-futebol-brasileiro","tag-mercado-da-bola","tag-mercado-interno-vasco","tag-philippe-coutinho","tag-philippe-coutinho-vasco","tag-renovacao-de-contrato","tag-retorno-de-coutinho","tag-vasco","tag-vasco-copa-do-brasil","tag-vasco-elenco-2025","tag-vasco-futebol-brasileiro","tag-vasco-meia-experiente","tag-vasco-noticias-hoje","tag-vasco-planejamento-2026","tag-vasco-renovacao-jogador","post--single"],"yoast_head":"<!-- This site is optimized with the Yoast SEO plugin v27.4 - https:\/\/yoast.com\/product\/yoast-seo-wordpress\/ -->\n<title>Coutinho quer renovar com o Vasco e pode encerrar carreira no clube<\/title>\n<meta name=\"description\" content=\"Philippe Coutinho pretende renovar com o Vasco ap\u00f3s a Copa do Brasil e admite encerrar a carreira no clube.\" \/>\n<meta name=\"robots\" content=\"index, follow, max-snippet:-1, max-image-preview:large, max-video-preview:-1\" \/>\n<link rel=\"canonical\" href=\"https:\/\/folhadoleste.com.br\/en\/philippe-coutinho-vasco-renovacao-carreira\/\" \/>\n<meta property=\"og:locale\" content=\"en_US\" \/>\n<meta property=\"og:type\" content=\"article\" \/>\n<meta property=\"og:title\" content=\"Coutinho quer renovar com o Vasco e pode encerrar carreira no clube\" \/>\n<meta property=\"og:description\" content=\"Philippe Coutinho pretende renovar com o Vasco ap\u00f3s a Copa do Brasil e admite encerrar a carreira no clube.\" \/>\n<meta property=\"og:url\" content=\"https:\/\/folhadoleste.com.br\/en\/philippe-coutinho-vasco-renovacao-carreira\/\" \/>\n<meta property=\"og:site_name\" content=\"Folha do Leste\" \/>\n<meta property=\"article:publisher\" content=\"https:\/\/www.facebook.com\/folhadoleste\" \/>\n<meta property=\"article:published_time\" content=\"2025-12-16T21:00:37+00:00\" \/>\n<meta property=\"article:modified_time\" content=\"2025-12-16T22:49:15+00:00\" \/>\n<meta property=\"og:image\" content=\"https:\/\/folhadoleste.com.br\/wp-content\/uploads\/2025\/10\/Philippe-Coutinho-Vasco-Matheus-Lima-Vasco.jpg\" \/>\n\t<meta property=\"og:image:width\" content=\"1300\" \/>\n\t<meta property=\"og:image:height\" content=\"700\" \/>\n\t<meta property=\"og:image:type\" content=\"image\/jpeg\" \/>\n<meta name=\"author\" content=\"Enzo Carvalho\" \/>\n<meta name=\"twitter:card\" content=\"summary_large_image\" \/>\n<meta name=\"twitter:creator\" content=\"@FolhadoLesteRJ\" \/>\n<meta name=\"twitter:site\" content=\"@FolhadoLesteRJ\" \/>\n<meta name=\"twitter:label1\" content=\"Written by\" \/>\n\t<meta name=\"twitter:data1\" content=\"Enzo Carvalho\" \/>\n\t<meta name=\"twitter:label2\" content=\"Est. reading time\" \/>\n\t<meta name=\"twitter:data2\" content=\"2 minutes\" \/>\n<script type=\"application\/ld+json\" class=\"yoast-schema-graph\">{\"@context\":\"https:\\\/\\\/schema.org\",\"@graph\":[{\"@type\":\"NewsArticle\",\"@id\":\"https:\\\/\\\/folhadoleste.com.br\\\/philippe-coutinho-vasco-renovacao-carreira\\\/#article\",\"isPartOf\":{\"@id\":\"https:\\\/\\\/folhadoleste.com.br\\\/philippe-coutinho-vasco-renovacao-carreira\\\/\"},\"author\":{\"name\":\"Enzo Carvalho\",\"@id\":\"https:\\\/\\\/folhadoleste.com.br\\\/#\\\/schema\\\/person\\\/05d8a4b256c9faea581495e6c9be06f2\"},\"headline\":\"Coutinho sinaliza renova\u00e7\u00e3o com o Vasco e cogita aposentadoria fora do clube\",\"datePublished\":\"2025-12-16T21:00:37+00:00\",\"dateModified\":\"2025-12-16T22:49:15+00:00\",\"mainEntityOfPage\":{\"@id\":\"https:\\\/\\\/folhadoleste.com.br\\\/philippe-coutinho-vasco-renovacao-carreira\\\/\"},\"wordCount\":256,\"commentCount\":0,\"publisher\":{\"@id\":\"https:\\\/\\\/folhadoleste.com.br\\\/#organization\"},\"image\":{\"@id\":\"https:\\\/\\\/folhadoleste.com.br\\\/philippe-coutinho-vasco-renovacao-carreira\\\/#primaryimage\"},\"thumbnailUrl\":\"https:\\\/\\\/folhadoleste.com.br\\\/wp-content\\\/uploads\\\/2025\\\/10\\\/Philippe-Coutinho-Vasco-Matheus-Lima-Vasco.jpg\",\"keywords\":[\"Brasileir\u00e3o\",\"Copa do Brasil\",\"Coutinho aposentadoria\",\"Coutinho assist\u00eancias Vasco\",\"Coutinho Aston Villa\",\"Coutinho carreira\",\"Coutinho contrato 2026\",\"Coutinho decis\u00e3o carreira\",\"Coutinho gols Vasco\",\"Coutinho l\u00edder elenco\",\"Coutinho no Cruz-Maltino\",\"Coutinho renova\u00e7\u00e3o Vasco\",\"Cruz-Maltino\",\"Esportes\",\"futebol\",\"Futebol Brasileiro\",\"Mercado da bola\",\"mercado interno Vasco\",\"Philippe Coutinho\",\"Philippe Coutinho Vasco\",\"renova\u00e7\u00e3o de contrato\",\"retorno de Coutinho\",\"Vasco\",\"Vasco Copa do Brasil\",\"Vasco elenco 2025\",\"Vasco futebol brasileiro\",\"Vasco meia experiente\",\"Vasco not\u00edcias hoje\",\"Vasco planejamento 2026\",\"Vasco renova\u00e7\u00e3o jogador\"],\"articleSection\":[\"Esportes\",\"Futebol\"],\"inLanguage\":\"en-US\",\"potentialAction\":[{\"@type\":\"CommentAction\",\"name\":\"Comment\",\"target\":[\"https:\\\/\\\/folhadoleste.com.br\\\/philippe-coutinho-vasco-renovacao-carreira\\\/#respond\"]}]},{\"@type\":\"WebPage\",\"@id\":\"https:\\\/\\\/folhadoleste.com.br\\\/philippe-coutinho-vasco-renovacao-carreira\\\/\",\"url\":\"https:\\\/\\\/folhadoleste.com.br\\\/philippe-coutinho-vasco-renovacao-carreira\\\/\",\"name\":\"Coutinho quer renovar com o Vasco e pode encerrar carreira no clube\",\"isPartOf\":{\"@id\":\"https:\\\/\\\/folhadoleste.com.br\\\/#website\"},\"primaryImageOfPage\":{\"@id\":\"https:\\\/\\\/folhadoleste.com.br\\\/philippe-coutinho-vasco-renovacao-carreira\\\/#primaryimage\"},\"image\":{\"@id\":\"https:\\\/\\\/folhadoleste.com.br\\\/philippe-coutinho-vasco-renovacao-carreira\\\/#primaryimage\"},\"thumbnailUrl\":\"https:\\\/\\\/folhadoleste.com.br\\\/wp-content\\\/uploads\\\/2025\\\/10\\\/Philippe-Coutinho-Vasco-Matheus-Lima-Vasco.jpg\",\"datePublished\":\"2025-12-16T21:00:37+00:00\",\"dateModified\":\"2025-12-16T22:49:15+00:00\",\"description\":\"Philippe Coutinho pretende renovar com o Vasco ap\u00f3s a Copa do Brasil e admite encerrar a carreira no clube.\",\"breadcrumb\":{\"@id\":\"https:\\\/\\\/folhadoleste.com.br\\\/philippe-coutinho-vasco-renovacao-carreira\\\/#breadcrumb\"},\"inLanguage\":\"en-US\",\"potentialAction\":[{\"@type\":\"ReadAction\",\"target\":[\"https:\\\/\\\/folhadoleste.com.br\\\/philippe-coutinho-vasco-renovacao-carreira\\\/\"]}]},{\"@type\":\"ImageObject\",\"inLanguage\":\"en-US\",\"@id\":\"https:\\\/\\\/folhadoleste.com.br\\\/philippe-coutinho-vasco-renovacao-carreira\\\/#primaryimage\",\"url\":\"https:\\\/\\\/folhadoleste.com.br\\\/wp-content\\\/uploads\\\/2025\\\/10\\\/Philippe-Coutinho-Vasco-Matheus-Lima-Vasco.jpg\",\"contentUrl\":\"https:\\\/\\\/folhadoleste.com.br\\\/wp-content\\\/uploads\\\/2025\\\/10\\\/Philippe-Coutinho-Vasco-Matheus-Lima-Vasco.jpg\",\"width\":1300,\"height\":700,\"caption\":\"Coutinho sinaliza renova\u00e7\u00e3o com o Vasco e cogita aposentadoria fora do clube | Matheus Lima\\\/Vasco\"},{\"@type\":\"BreadcrumbList\",\"@id\":\"https:\\\/\\\/folhadoleste.com.br\\\/philippe-coutinho-vasco-renovacao-carreira\\\/#breadcrumb\",\"itemListElement\":[{\"@type\":\"ListItem\",\"position\":1,\"name\":\"In\u00edcio\",\"item\":\"https:\\\/\\\/folhadoleste.com.br\\\/\"},{\"@type\":\"ListItem\",\"position\":2,\"name\":\"Esportes\",\"item\":\"https:\\\/\\\/folhadoleste.com.br\\\/category\\\/esportes\\\/\"},{\"@type\":\"ListItem\",\"position\":3,\"name\":\"Futebol\",\"item\":\"https:\\\/\\\/folhadoleste.com.br\\\/category\\\/esportes\\\/futebol-esportes\\\/\"},{\"@type\":\"ListItem\",\"position\":4,\"name\":\"Coutinho sinaliza renova\u00e7\u00e3o com o Vasco e cogita aposentadoria fora do clube\"}]},{\"@type\":\"WebSite\",\"@id\":\"https:\\\/\\\/folhadoleste.com.br\\\/#website\",\"url\":\"https:\\\/\\\/folhadoleste.com.br\\\/\",\"name\":\"Folha do Leste\",\"description\":\"Portal de Not\u00edcias com \u00eanfase em Niter\u00f3i, criando conte\u00fados desde a capital Rio de Janeiro, com olhar para o Leste Fluminense e suas cidades como S\u00e3o Gon\u00e7alo, Itabora\u00ed, Rio Bonito, Maric\u00e1, Saquarema e Araruama\",\"publisher\":{\"@id\":\"https:\\\/\\\/folhadoleste.com.br\\\/#organization\"},\"alternateName\":\"FL\",\"potentialAction\":[{\"@type\":\"SearchAction\",\"target\":{\"@type\":\"EntryPoint\",\"urlTemplate\":\"https:\\\/\\\/folhadoleste.com.br\\\/?s={search_term_string}\"},\"query-input\":{\"@type\":\"PropertyValueSpecification\",\"valueRequired\":true,\"valueName\":\"search_term_string\"}}],\"inLanguage\":\"en-US\"},{\"@type\":\"Organization\",\"@id\":\"https:\\\/\\\/folhadoleste.com.br\\\/#organization\",\"name\":\"Brasil 21 Comunica\u00e7\u00e3o\",\"alternateName\":\"BR21\",\"url\":\"https:\\\/\\\/folhadoleste.com.br\\\/\",\"logo\":{\"@type\":\"ImageObject\",\"inLanguage\":\"en-US\",\"@id\":\"https:\\\/\\\/folhadoleste.com.br\\\/#\\\/schema\\\/logo\\\/image\\\/\",\"url\":\"https:\\\/\\\/folhadoleste.com.br\\\/wp-content\\\/uploads\\\/2025\\\/12\\\/brasil-21-logomarca.avif\",\"contentUrl\":\"https:\\\/\\\/folhadoleste.com.br\\\/wp-content\\\/uploads\\\/2025\\\/12\\\/brasil-21-logomarca.avif\",\"width\":1044,\"height\":1044,\"caption\":\"Brasil 21 Comunica\u00e7\u00e3o\"},\"image\":{\"@id\":\"https:\\\/\\\/folhadoleste.com.br\\\/#\\\/schema\\\/logo\\\/image\\\/\"},\"sameAs\":[\"https:\\\/\\\/www.facebook.com\\\/folhadoleste\",\"https:\\\/\\\/x.com\\\/FolhadoLesteRJ\",\"https:\\\/\\\/www.instagram.com\\\/folhadoleste\\\/\"]},{\"@type\":\"Person\",\"@id\":\"https:\\\/\\\/folhadoleste.com.br\\\/#\\\/schema\\\/person\\\/05d8a4b256c9faea581495e6c9be06f2\",\"name\":\"Enzo Carvalho\",\"image\":{\"@type\":\"ImageObject\",\"inLanguage\":\"en-US\",\"@id\":\"https:\\\/\\\/folhadoleste.com.br\\\/wp-content\\\/litespeed\\\/avatar\\\/3fe471b6df482b28961bb8e87cd40a81.jpg?ver=1777161141\",\"url\":\"https:\\\/\\\/folhadoleste.com.br\\\/wp-content\\\/litespeed\\\/avatar\\\/3fe471b6df482b28961bb8e87cd40a81.jpg?ver=1777161141\",\"contentUrl\":\"https:\\\/\\\/folhadoleste.com.br\\\/wp-content\\\/litespeed\\\/avatar\\\/3fe471b6df482b28961bb8e87cd40a81.jpg?ver=1777161141\",\"caption\":\"Enzo Carvalho\"},\"description\":\"Enzo Carvalho \u00e9 jornalista profissional, com atua\u00e7\u00e3o voltada \u00e0 cobertura de inova\u00e7\u00e3o, tecnologia, cotidiano e esportes. Ex-jogador profissional de e-sports, traz para o jornalismo uma compreens\u00e3o pr\u00e1tica do universo digital, das plataformas tecnol\u00f3gicas e das transforma\u00e7\u00f5es provocadas pela cultura conectada.\",\"url\":\"https:\\\/\\\/folhadoleste.com.br\\\/en\\\/author\\\/enzo-carvalho\\\/\"}]}<\/script>\n<!-- \/ Yoast SEO plugin. -->","yoast_head_json":{"title":"Coutinho quer renovar com o Vasco e pode encerrar carreira no clube","description":"Philippe Coutinho pretende renovar com o Vasco ap\u00f3s a Copa do Brasil e admite encerrar a carreira no clube.","robots":{"index":"index","follow":"follow","max-snippet":"max-snippet:-1","max-image-preview":"max-image-preview:large","max-video-preview":"max-video-preview:-1"},"canonical":"https:\/\/folhadoleste.com.br\/en\/philippe-coutinho-vasco-renovacao-carreira\/","og_locale":"en_US","og_type":"article","og_title":"Coutinho quer renovar com o Vasco e pode encerrar carreira no clube","og_description":"Philippe Coutinho pretende renovar com o Vasco ap\u00f3s a Copa do Brasil e admite encerrar a carreira no clube.","og_url":"https:\/\/folhadoleste.com.br\/en\/philippe-coutinho-vasco-renovacao-carreira\/","og_site_name":"Folha do Leste","article_publisher":"https:\/\/www.facebook.com\/folhadoleste","article_published_time":"2025-12-16T21:00:37+00:00","article_modified_time":"2025-12-16T22:49:15+00:00","og_image":[{"width":1300,"height":700,"url":"https:\/\/folhadoleste.com.br\/wp-content\/uploads\/2025\/10\/Philippe-Coutinho-Vasco-Matheus-Lima-Vasco.jpg","type":"image\/jpeg"}],"author":"Enzo Carvalho","twitter_card":"summary_large_image","twitter_creator":"@FolhadoLesteRJ","twitter_site":"@FolhadoLesteRJ","twitter_misc":{"Written by":"Enzo Carvalho","Est. reading time":"2 minutes"},"schema":{"@context":"https:\/\/schema.org","@graph":[{"@type":"NewsArticle","@id":"https:\/\/folhadoleste.com.br\/philippe-coutinho-vasco-renovacao-carreira\/#article","isPartOf":{"@id":"https:\/\/folhadoleste.com.br\/philippe-coutinho-vasco-renovacao-carreira\/"},"author":{"name":"Enzo Carvalho","@id":"https:\/\/folhadoleste.com.br\/#\/schema\/person\/05d8a4b256c9faea581495e6c9be06f2"},"headline":"Coutinho sinaliza renova\u00e7\u00e3o com o Vasco e cogita aposentadoria fora do clube","datePublished":"2025-12-16T21:00:37+00:00","dateModified":"2025-12-16T22:49:15+00:00","mainEntityOfPage":{"@id":"https:\/\/folhadoleste.com.br\/philippe-coutinho-vasco-renovacao-carreira\/"},"wordCount":256,"commentCount":0,"publisher":{"@id":"https:\/\/folhadoleste.com.br\/#organization"},"image":{"@id":"https:\/\/folhadoleste.com.br\/philippe-coutinho-vasco-renovacao-carreira\/#primaryimage"},"thumbnailUrl":"https:\/\/folhadoleste.com.br\/wp-content\/uploads\/2025\/10\/Philippe-Coutinho-Vasco-Matheus-Lima-Vasco.jpg","keywords":["Brasileir\u00e3o","Copa do Brasil","Coutinho aposentadoria","Coutinho assist\u00eancias Vasco","Coutinho Aston Villa","Coutinho carreira","Coutinho contrato 2026","Coutinho decis\u00e3o carreira","Coutinho gols Vasco","Coutinho l\u00edder elenco","Coutinho no Cruz-Maltino","Coutinho renova\u00e7\u00e3o Vasco","Cruz-Maltino","Esportes","futebol","Futebol Brasileiro","Mercado da bola","mercado interno Vasco","Philippe Coutinho","Philippe Coutinho Vasco","renova\u00e7\u00e3o de contrato","retorno de Coutinho","Vasco","Vasco Copa do Brasil","Vasco elenco 2025","Vasco futebol brasileiro","Vasco meia experiente","Vasco not\u00edcias hoje","Vasco planejamento 2026","Vasco renova\u00e7\u00e3o jogador"],"articleSection":["Esportes","Futebol"],"inLanguage":"en-US","potentialAction":[{"@type":"CommentAction","name":"Comment","target":["https:\/\/folhadoleste.com.br\/philippe-coutinho-vasco-renovacao-carreira\/#respond"]}]},{"@type":"WebPage","@id":"https:\/\/folhadoleste.com.br\/philippe-coutinho-vasco-renovacao-carreira\/","url":"https:\/\/folhadoleste.com.br\/philippe-coutinho-vasco-renovacao-carreira\/","name":"Coutinho quer renovar com o Vasco e pode encerrar carreira no clube","isPartOf":{"@id":"https:\/\/folhadoleste.com.br\/#website"},"primaryImageOfPage":{"@id":"https:\/\/folhadoleste.com.br\/philippe-coutinho-vasco-renovacao-carreira\/#primaryimage"},"image":{"@id":"https:\/\/folhadoleste.com.br\/philippe-coutinho-vasco-renovacao-carreira\/#primaryimage"},"thumbnailUrl":"https:\/\/folhadoleste.com.br\/wp-content\/uploads\/2025\/10\/Philippe-Coutinho-Vasco-Matheus-Lima-Vasco.jpg","datePublished":"2025-12-16T21:00:37+00:00","dateModified":"2025-12-16T22:49:15+00:00","description":"Philippe Coutinho pretende renovar com o Vasco ap\u00f3s a Copa do Brasil e admite encerrar a carreira no clube.","breadcrumb":{"@id":"https:\/\/folhadoleste.com.br\/philippe-coutinho-vasco-renovacao-carreira\/#breadcrumb"},"inLanguage":"en-US","potentialAction":[{"@type":"ReadAction","target":["https:\/\/folhadoleste.com.br\/philippe-coutinho-vasco-renovacao-carreira\/"]}]},{"@type":"ImageObject","inLanguage":"en-US","@id":"https:\/\/folhadoleste.com.br\/philippe-coutinho-vasco-renovacao-carreira\/#primaryimage","url":"https:\/\/folhadoleste.com.br\/wp-content\/uploads\/2025\/10\/Philippe-Coutinho-Vasco-Matheus-Lima-Vasco.jpg","contentUrl":"https:\/\/folhadoleste.com.br\/wp-content\/uploads\/2025\/10\/Philippe-Coutinho-Vasco-Matheus-Lima-Vasco.jpg","width":1300,"height":700,"caption":"Coutinho sinaliza renova\u00e7\u00e3o com o Vasco e cogita aposentadoria fora do clube | Matheus Lima\/Vasco"},{"@type":"BreadcrumbList","@id":"https:\/\/folhadoleste.com.br\/philippe-coutinho-vasco-renovacao-carreira\/#breadcrumb","itemListElement":[{"@type":"ListItem","position":1,"name":"In\u00edcio","item":"https:\/\/folhadoleste.com.br\/"},{"@type":"ListItem","position":2,"name":"Esportes","item":"https:\/\/folhadoleste.com.br\/category\/esportes\/"},{"@type":"ListItem","position":3,"name":"Futebol","item":"https:\/\/folhadoleste.com.br\/category\/esportes\/futebol-esportes\/"},{"@type":"ListItem","position":4,"name":"Coutinho sinaliza renova\u00e7\u00e3o com o Vasco e cogita aposentadoria fora do clube"}]},{"@type":"WebSite","@id":"https:\/\/folhadoleste.com.br\/#website","url":"https:\/\/folhadoleste.com.br\/","name":"Folha do Leste","description":"Portal de Not\u00edcias com \u00eanfase em Niter\u00f3i, criando conte\u00fados desde a capital Rio de Janeiro, com olhar para o Leste Fluminense e suas cidades como S\u00e3o Gon\u00e7alo, Itabora\u00ed, Rio Bonito, Maric\u00e1, Saquarema e Araruama","publisher":{"@id":"https:\/\/folhadoleste.com.br\/#organization"},"alternateName":"FL","potentialAction":[{"@type":"SearchAction","target":{"@type":"EntryPoint","urlTemplate":"https:\/\/folhadoleste.com.br\/?s={search_term_string}"},"query-input":{"@type":"PropertyValueSpecification","valueRequired":true,"valueName":"search_term_string"}}],"inLanguage":"en-US"},{"@type":"Organization","@id":"https:\/\/folhadoleste.com.br\/#organization","name":"Brasil 21 Comunica\u00e7\u00e3o","alternateName":"BR21","url":"https:\/\/folhadoleste.com.br\/","logo":{"@type":"ImageObject","inLanguage":"en-US","@id":"https:\/\/folhadoleste.com.br\/#\/schema\/logo\/image\/","url":"https:\/\/folhadoleste.com.br\/wp-content\/uploads\/2025\/12\/brasil-21-logomarca.avif","contentUrl":"https:\/\/folhadoleste.com.br\/wp-content\/uploads\/2025\/12\/brasil-21-logomarca.avif","width":1044,"height":1044,"caption":"Brasil 21 Comunica\u00e7\u00e3o"},"image":{"@id":"https:\/\/folhadoleste.com.br\/#\/schema\/logo\/image\/"},"sameAs":["https:\/\/www.facebook.com\/folhadoleste","https:\/\/x.com\/FolhadoLesteRJ","https:\/\/www.instagram.com\/folhadoleste\/"]},{"@type":"Person","@id":"https:\/\/folhadoleste.com.br\/#\/schema\/person\/05d8a4b256c9faea581495e6c9be06f2","name":"Enzo Carvalho","image":{"@type":"ImageObject","inLanguage":"en-US","@id":"https:\/\/folhadoleste.com.br\/wp-content\/litespeed\/avatar\/3fe471b6df482b28961bb8e87cd40a81.jpg?ver=1777161141","url":"https:\/\/folhadoleste.com.br\/wp-content\/litespeed\/avatar\/3fe471b6df482b28961bb8e87cd40a81.jpg?ver=1777161141","contentUrl":"https:\/\/folhadoleste.com.br\/wp-content\/litespeed\/avatar\/3fe471b6df482b28961bb8e87cd40a81.jpg?ver=1777161141","caption":"Enzo Carvalho"},"description":"Enzo Carvalho \u00e9 jornalista profissional, com atua\u00e7\u00e3o voltada \u00e0 cobertura de inova\u00e7\u00e3o, tecnologia, cotidiano e esportes. Ex-jogador profissional de e-sports, traz para o jornalismo uma compreens\u00e3o pr\u00e1tica do universo digital, das plataformas tecnol\u00f3gicas e das transforma\u00e7\u00f5es provocadas pela cultura conectada.","url":"https:\/\/folhadoleste.com.br\/en\/author\/enzo-carvalho\/"}]}},"_links":{"self":[{"href":"https:\/\/folhadoleste.com.br\/en\/wp-json\/wp\/v2\/posts\/154332","targetHints":{"allow":["GET"]}}],"collection":[{"href":"https:\/\/folhadoleste.com.br\/en\/wp-json\/wp\/v2\/posts"}],"about":[{"href":"https:\/\/folhadoleste.com.br\/en\/wp-json\/wp\/v2\/types\/post"}],"author":[{"embeddable":true,"href":"https:\/\/folhadoleste.com.br\/en\/wp-json\/wp\/v2\/users\/5"}],"replies":[{"embeddable":true,"href":"https:\/\/folhadoleste.com.br\/en\/wp-json\/wp\/v2\/comments?post=154332"}],"version-history":[{"count":1,"href":"https:\/\/folhadoleste.com.br\/en\/wp-json\/wp\/v2\/posts\/154332\/revisions"}],"predecessor-version":[{"id":154333,"href":"https:\/\/folhadoleste.com.br\/en\/wp-json\/wp\/v2\/posts\/154332\/revisions\/154333"}],"wp:featuredmedia":[{"embeddable":true,"href":"https:\/\/folhadoleste.com.br\/en\/wp-json\/wp\/v2\/media\/146603"}],"wp:attachment":[{"href":"https:\/\/folhadoleste.com.br\/en\/wp-json\/wp\/v2\/media?parent=154332"}],"wp:term":[{"taxonomy":"category","embeddable":true,"href":"https:\/\/folhadoleste.com.br\/en\/wp-json\/wp\/v2\/categories?post=154332"},{"taxonomy":"post_tag","embeddable":true,"href":"https:\/\/folhadoleste.com.br\/en\/wp-json\/wp\/v2\/tags?post=154332"}],"curies":[{"name":"wp","href":"https:\/\/api.w.org\/{rel}","templated":true}]}}