{"id":15118,"date":"2023-07-09T13:17:36","date_gmt":"2023-07-09T16:17:36","guid":{"rendered":"https:\/\/folhadoleste.com.br\/?p=15118"},"modified":"2023-07-09T13:17:36","modified_gmt":"2023-07-09T16:17:36","slug":"guardas-municipais-detem-motociclista-infrator-no-meier","status":"publish","type":"post","link":"https:\/\/folhadoleste.com.br\/en\/guardas-municipais-detem-motociclista-infrator-no-meier\/","title":{"rendered":"Guardas municipais det\u00eam motociclista infrator no M\u00e9ier"},"content":{"rendered":"<div id=\"attachment_15119\" style=\"width: 580px\" class=\"wp-caption aligncenter\"><img decoding=\"async\" aria-describedby=\"caption-attachment-15119\" class=\"size-full wp-image-15119\" src=\"https:\/\/folhadoleste.com.br\/wp-content\/uploads\/2023\/07\/Guardas-municipais-detem-motociclista-infrator-no-Meier-Foto-Prefeitura-do-Rio.jpg\" alt=\"Guardas municipais det\u00eam motociclista infrator no M\u00e9ier\" width=\"570\" height=\"319\" \/><p id=\"caption-attachment-15119\" class=\"wp-caption-text\">Foto: Prefeitura do Rio<\/p><\/div>\n<p>Uma equipe do Grupamento de Guardas Motociclistas (GGM) prendeu em flagrante, na tarde deste s\u00e1bado (8\/7), um motociclista, de 35 anos, flagrado sem capacete, na Avenida Amaro Cavalcanti, altura do n\u00famero 495, no M\u00e9ier, Zona Norte do Rio. Durante a abordagem, os agentes verificaram que o motociclista n\u00e3o possu\u00eda a documenta\u00e7\u00e3o do ve\u00edculo.<\/p>\n<p><a href=\"https:\/\/folhadoleste.com.br\/en\/category\/rio-de-janeiro-capital\/\"><strong>\u201cLeia mais not\u00edcias sobre Rio de Janeiro aqui\u201d<\/strong><\/a><\/p>\n<p>Ainda de acordo com os guardas municipais, o homem tentou fugir das equipes, mas foi detido, e levado juntamente com a moto para a\u00a0\u00a026\u00aa DP ( Todos os Santos), onde o caso foi registrado com base nos artigos 330 e 309 do C\u00f3digo Penal.<\/p>\n<p>&nbsp;<\/p>\n<h5><strong><a href=\"https:\/\/www.facebook.com\/folhadoleste\">CURTA E SIGA NOSSA P\u00c1GINA NO FACEBOOK CLICANDO AQUI<\/a><\/strong><\/h5>\n<h5><strong><a href=\"https:\/\/www.instagram.com\/folhadoleste\/\">CURTA E SIGA NOSSA P\u00c1GINA NO INSTAGRAM CLICANDO AQUI<\/a><\/strong><\/h5>","protected":false},"excerpt":{"rendered":"<p>Uma equipe do Grupamento de Guardas Motociclistas (GGM) prendeu em flagrante, na tarde deste s\u00e1bado (8\/7), um motociclista, de 35 anos, flagrado sem capacete, na Avenida Amaro Cavalcanti, altura do n\u00famero 495, no M\u00e9ier, Zona Norte do Rio. Durante a abordagem, os agentes verificaram que o motociclista n\u00e3o possu\u00eda a documenta\u00e7\u00e3o do ve\u00edculo. \u201cLeia mais not\u00edcias sobre Rio de Janeiro aqui\u201d Ainda de acordo com os guardas municipais, o homem tentou fugir das equipes, mas foi detido, e levado juntamente com a moto para a\u00a0\u00a026\u00aa DP ( Todos os Santos), onde o caso foi registrado com base nos artigos 330 [&hellip;]<\/p>\n","protected":false},"author":4,"featured_media":15119,"comment_status":"open","ping_status":"open","sticky":false,"template":"","format":"standard","meta":{"footnotes":""},"categories":[67],"tags":[93],"class_list":["post-15118","post","type-post","status-publish","format-standard","has-post-thumbnail","hentry","category-rio-de-janeiro-capital","tag-rio-de-janeiro","post--single"],"yoast_head":"<!-- This site is optimized with the Yoast SEO plugin v27.5 - https:\/\/yoast.com\/product\/yoast-seo-wordpress\/ -->\n<title>Guardas municipais det\u00eam motociclista infrator no M\u00e9ier &#8226; Folha do Leste<\/title>\n<meta name=\"robots\" content=\"index, follow, max-snippet:-1, max-image-preview:large, max-video-preview:-1\" \/>\n<link rel=\"canonical\" href=\"https:\/\/folhadoleste.com.br\/en\/guardas-municipais-detem-motociclista-infrator-no-meier\/\" \/>\n<meta property=\"og:locale\" content=\"en_US\" \/>\n<meta property=\"og:type\" content=\"article\" \/>\n<meta property=\"og:title\" content=\"Guardas municipais det\u00eam motociclista infrator no M\u00e9ier\" \/>\n<meta property=\"og:description\" content=\"Clique e saiba mais...\" \/>\n<meta property=\"og:url\" content=\"https:\/\/folhadoleste.com.br\/en\/guardas-municipais-detem-motociclista-infrator-no-meier\/\" \/>\n<meta property=\"og:site_name\" content=\"Folha do Leste\" \/>\n<meta property=\"article:publisher\" content=\"https:\/\/www.facebook.com\/folhadoleste\" \/>\n<meta property=\"article:published_time\" content=\"2023-07-09T16:17:36+00:00\" \/>\n<meta property=\"og:image\" content=\"https:\/\/folhadoleste.com.br\/wp-content\/uploads\/2023\/07\/Guardas-municipais-detem-motociclista-infrator-no-Meier-Foto-Prefeitura-do-Rio.jpg\" \/>\n\t<meta property=\"og:image:width\" content=\"570\" \/>\n\t<meta property=\"og:image:height\" content=\"319\" \/>\n\t<meta property=\"og:image:type\" content=\"image\/jpeg\" \/>\n<meta name=\"author\" content=\"Folha do Leste\" \/>\n<meta name=\"twitter:card\" content=\"summary_large_image\" \/>\n<meta name=\"twitter:title\" content=\"Guardas municipais det\u00eam motociclista infrator no M\u00e9ier\" \/>\n<meta name=\"twitter:description\" content=\"Clique e saiba mais...\" \/>\n<meta name=\"twitter:image\" content=\"https:\/\/folhadoleste.com.br\/wp-content\/uploads\/2023\/07\/Guardas-municipais-detem-motociclista-infrator-no-Meier-Foto-Prefeitura-do-Rio.jpg\" \/>\n<meta name=\"twitter:creator\" content=\"@FolhadoLesteRJ\" \/>\n<meta name=\"twitter:site\" content=\"@FolhadoLesteRJ\" \/>\n<meta name=\"twitter:label1\" content=\"Written by\" \/>\n\t<meta name=\"twitter:data1\" content=\"Folha do Leste\" \/>\n\t<meta name=\"twitter:label2\" content=\"Est. reading time\" \/>\n\t<meta name=\"twitter:data2\" content=\"1 minute\" \/>\n<script type=\"application\/ld+json\" class=\"yoast-schema-graph\">{\"@context\":\"https:\\\/\\\/schema.org\",\"@graph\":[{\"@type\":\"NewsArticle\",\"@id\":\"https:\\\/\\\/folhadoleste.com.br\\\/guardas-municipais-detem-motociclista-infrator-no-meier\\\/#article\",\"isPartOf\":{\"@id\":\"https:\\\/\\\/folhadoleste.com.br\\\/guardas-municipais-detem-motociclista-infrator-no-meier\\\/\"},\"author\":{\"name\":\"Folha do Leste\",\"@id\":\"https:\\\/\\\/folhadoleste.com.br\\\/#\\\/schema\\\/person\\\/3e97145b2e1861276e84471aa85a3899\"},\"headline\":\"Guardas municipais det\u00eam motociclista infrator no M\u00e9ier\",\"datePublished\":\"2023-07-09T16:17:36+00:00\",\"mainEntityOfPage\":{\"@id\":\"https:\\\/\\\/folhadoleste.com.br\\\/guardas-municipais-detem-motociclista-infrator-no-meier\\\/\"},\"wordCount\":149,\"commentCount\":0,\"publisher\":{\"@id\":\"https:\\\/\\\/folhadoleste.com.br\\\/#organization\"},\"image\":{\"@id\":\"https:\\\/\\\/folhadoleste.com.br\\\/guardas-municipais-detem-motociclista-infrator-no-meier\\\/#primaryimage\"},\"thumbnailUrl\":\"https:\\\/\\\/folhadoleste.com.br\\\/wp-content\\\/uploads\\\/2023\\\/07\\\/Guardas-municipais-detem-motociclista-infrator-no-Meier-Foto-Prefeitura-do-Rio.jpg\",\"keywords\":[\"Rio de Janeiro\"],\"articleSection\":[\"Rio de Janeiro - Capital\"],\"inLanguage\":\"en-US\",\"potentialAction\":[{\"@type\":\"CommentAction\",\"name\":\"Comment\",\"target\":[\"https:\\\/\\\/folhadoleste.com.br\\\/guardas-municipais-detem-motociclista-infrator-no-meier\\\/#respond\"]}]},{\"@type\":\"WebPage\",\"@id\":\"https:\\\/\\\/folhadoleste.com.br\\\/guardas-municipais-detem-motociclista-infrator-no-meier\\\/\",\"url\":\"https:\\\/\\\/folhadoleste.com.br\\\/guardas-municipais-detem-motociclista-infrator-no-meier\\\/\",\"name\":\"Guardas municipais det\u00eam motociclista infrator no M\u00e9ier &#8226; Folha do Leste\",\"isPartOf\":{\"@id\":\"https:\\\/\\\/folhadoleste.com.br\\\/#website\"},\"primaryImageOfPage\":{\"@id\":\"https:\\\/\\\/folhadoleste.com.br\\\/guardas-municipais-detem-motociclista-infrator-no-meier\\\/#primaryimage\"},\"image\":{\"@id\":\"https:\\\/\\\/folhadoleste.com.br\\\/guardas-municipais-detem-motociclista-infrator-no-meier\\\/#primaryimage\"},\"thumbnailUrl\":\"https:\\\/\\\/folhadoleste.com.br\\\/wp-content\\\/uploads\\\/2023\\\/07\\\/Guardas-municipais-detem-motociclista-infrator-no-Meier-Foto-Prefeitura-do-Rio.jpg\",\"datePublished\":\"2023-07-09T16:17:36+00:00\",\"breadcrumb\":{\"@id\":\"https:\\\/\\\/folhadoleste.com.br\\\/guardas-municipais-detem-motociclista-infrator-no-meier\\\/#breadcrumb\"},\"inLanguage\":\"en-US\",\"potentialAction\":[{\"@type\":\"ReadAction\",\"target\":[\"https:\\\/\\\/folhadoleste.com.br\\\/guardas-municipais-detem-motociclista-infrator-no-meier\\\/\"]}]},{\"@type\":\"ImageObject\",\"inLanguage\":\"en-US\",\"@id\":\"https:\\\/\\\/folhadoleste.com.br\\\/guardas-municipais-detem-motociclista-infrator-no-meier\\\/#primaryimage\",\"url\":\"https:\\\/\\\/folhadoleste.com.br\\\/wp-content\\\/uploads\\\/2023\\\/07\\\/Guardas-municipais-detem-motociclista-infrator-no-Meier-Foto-Prefeitura-do-Rio.jpg\",\"contentUrl\":\"https:\\\/\\\/folhadoleste.com.br\\\/wp-content\\\/uploads\\\/2023\\\/07\\\/Guardas-municipais-detem-motociclista-infrator-no-Meier-Foto-Prefeitura-do-Rio.jpg\",\"width\":570,\"height\":319,\"caption\":\"Foto: Prefeitura do Rio\"},{\"@type\":\"BreadcrumbList\",\"@id\":\"https:\\\/\\\/folhadoleste.com.br\\\/guardas-municipais-detem-motociclista-infrator-no-meier\\\/#breadcrumb\",\"itemListElement\":[{\"@type\":\"ListItem\",\"position\":1,\"name\":\"In\u00edcio\",\"item\":\"https:\\\/\\\/folhadoleste.com.br\\\/\"},{\"@type\":\"ListItem\",\"position\":2,\"name\":\"Rio de Janeiro - Capital\",\"item\":\"https:\\\/\\\/folhadoleste.com.br\\\/category\\\/rio-de-janeiro-capital\\\/\"},{\"@type\":\"ListItem\",\"position\":3,\"name\":\"Guardas municipais det\u00eam motociclista infrator no M\u00e9ier\"}]},{\"@type\":\"WebSite\",\"@id\":\"https:\\\/\\\/folhadoleste.com.br\\\/#website\",\"url\":\"https:\\\/\\\/folhadoleste.com.br\\\/\",\"name\":\"Folha do Leste\",\"description\":\"Portal de Not\u00edcias com \u00eanfase em Niter\u00f3i, criando conte\u00fados desde a capital Rio de Janeiro, com olhar para o Leste Fluminense e suas cidades como S\u00e3o Gon\u00e7alo, Itabora\u00ed, Rio Bonito, Maric\u00e1, Saquarema e Araruama\",\"publisher\":{\"@id\":\"https:\\\/\\\/folhadoleste.com.br\\\/#organization\"},\"alternateName\":\"FL\",\"potentialAction\":[{\"@type\":\"SearchAction\",\"target\":{\"@type\":\"EntryPoint\",\"urlTemplate\":\"https:\\\/\\\/folhadoleste.com.br\\\/?s={search_term_string}\"},\"query-input\":{\"@type\":\"PropertyValueSpecification\",\"valueRequired\":true,\"valueName\":\"search_term_string\"}}],\"inLanguage\":\"en-US\"},{\"@type\":\"Organization\",\"@id\":\"https:\\\/\\\/folhadoleste.com.br\\\/#organization\",\"name\":\"Brasil 21 Comunica\u00e7\u00e3o\",\"alternateName\":\"BR21\",\"url\":\"https:\\\/\\\/folhadoleste.com.br\\\/\",\"logo\":{\"@type\":\"ImageObject\",\"inLanguage\":\"en-US\",\"@id\":\"https:\\\/\\\/folhadoleste.com.br\\\/#\\\/schema\\\/logo\\\/image\\\/\",\"url\":\"https:\\\/\\\/folhadoleste.com.br\\\/wp-content\\\/uploads\\\/2025\\\/12\\\/brasil-21-logomarca.avif\",\"contentUrl\":\"https:\\\/\\\/folhadoleste.com.br\\\/wp-content\\\/uploads\\\/2025\\\/12\\\/brasil-21-logomarca.avif\",\"width\":1044,\"height\":1044,\"caption\":\"Brasil 21 Comunica\u00e7\u00e3o\"},\"image\":{\"@id\":\"https:\\\/\\\/folhadoleste.com.br\\\/#\\\/schema\\\/logo\\\/image\\\/\"},\"sameAs\":[\"https:\\\/\\\/www.facebook.com\\\/folhadoleste\",\"https:\\\/\\\/x.com\\\/FolhadoLesteRJ\",\"https:\\\/\\\/www.instagram.com\\\/folhadoleste\\\/\"]},{\"@type\":\"Person\",\"@id\":\"https:\\\/\\\/folhadoleste.com.br\\\/#\\\/schema\\\/person\\\/3e97145b2e1861276e84471aa85a3899\",\"name\":\"Folha do Leste\",\"image\":{\"@type\":\"ImageObject\",\"inLanguage\":\"en-US\",\"@id\":\"https:\\\/\\\/folhadoleste.com.br\\\/wp-content\\\/litespeed\\\/avatar\\\/1ca8c218432e7045e748610eb3db0259.jpg?ver=1777161142\",\"url\":\"https:\\\/\\\/folhadoleste.com.br\\\/wp-content\\\/litespeed\\\/avatar\\\/1ca8c218432e7045e748610eb3db0259.jpg?ver=1777161142\",\"contentUrl\":\"https:\\\/\\\/folhadoleste.com.br\\\/wp-content\\\/litespeed\\\/avatar\\\/1ca8c218432e7045e748610eb3db0259.jpg?ver=1777161142\",\"caption\":\"Folha do Leste\"},\"url\":\"https:\\\/\\\/folhadoleste.com.br\\\/en\\\/author\\\/reportagem-01\\\/\"}]}<\/script>\n<!-- \/ Yoast SEO plugin. -->","yoast_head_json":{"title":"Guardas municipais det\u00eam motociclista infrator no M\u00e9ier &#8226; Folha do Leste","robots":{"index":"index","follow":"follow","max-snippet":"max-snippet:-1","max-image-preview":"max-image-preview:large","max-video-preview":"max-video-preview:-1"},"canonical":"https:\/\/folhadoleste.com.br\/en\/guardas-municipais-detem-motociclista-infrator-no-meier\/","og_locale":"en_US","og_type":"article","og_title":"Guardas municipais det\u00eam motociclista infrator no M\u00e9ier","og_description":"Clique e saiba mais...","og_url":"https:\/\/folhadoleste.com.br\/en\/guardas-municipais-detem-motociclista-infrator-no-meier\/","og_site_name":"Folha do Leste","article_publisher":"https:\/\/www.facebook.com\/folhadoleste","article_published_time":"2023-07-09T16:17:36+00:00","og_image":[{"width":570,"height":319,"url":"https:\/\/folhadoleste.com.br\/wp-content\/uploads\/2023\/07\/Guardas-municipais-detem-motociclista-infrator-no-Meier-Foto-Prefeitura-do-Rio.jpg","type":"image\/jpeg"}],"author":"Folha do Leste","twitter_card":"summary_large_image","twitter_title":"Guardas municipais det\u00eam motociclista infrator no M\u00e9ier","twitter_description":"Clique e saiba mais...","twitter_image":"https:\/\/folhadoleste.com.br\/wp-content\/uploads\/2023\/07\/Guardas-municipais-detem-motociclista-infrator-no-Meier-Foto-Prefeitura-do-Rio.jpg","twitter_creator":"@FolhadoLesteRJ","twitter_site":"@FolhadoLesteRJ","twitter_misc":{"Written by":"Folha do Leste","Est. reading time":"1 minute"},"schema":{"@context":"https:\/\/schema.org","@graph":[{"@type":"NewsArticle","@id":"https:\/\/folhadoleste.com.br\/guardas-municipais-detem-motociclista-infrator-no-meier\/#article","isPartOf":{"@id":"https:\/\/folhadoleste.com.br\/guardas-municipais-detem-motociclista-infrator-no-meier\/"},"author":{"name":"Folha do Leste","@id":"https:\/\/folhadoleste.com.br\/#\/schema\/person\/3e97145b2e1861276e84471aa85a3899"},"headline":"Guardas municipais det\u00eam motociclista infrator no M\u00e9ier","datePublished":"2023-07-09T16:17:36+00:00","mainEntityOfPage":{"@id":"https:\/\/folhadoleste.com.br\/guardas-municipais-detem-motociclista-infrator-no-meier\/"},"wordCount":149,"commentCount":0,"publisher":{"@id":"https:\/\/folhadoleste.com.br\/#organization"},"image":{"@id":"https:\/\/folhadoleste.com.br\/guardas-municipais-detem-motociclista-infrator-no-meier\/#primaryimage"},"thumbnailUrl":"https:\/\/folhadoleste.com.br\/wp-content\/uploads\/2023\/07\/Guardas-municipais-detem-motociclista-infrator-no-Meier-Foto-Prefeitura-do-Rio.jpg","keywords":["Rio de Janeiro"],"articleSection":["Rio de Janeiro - Capital"],"inLanguage":"en-US","potentialAction":[{"@type":"CommentAction","name":"Comment","target":["https:\/\/folhadoleste.com.br\/guardas-municipais-detem-motociclista-infrator-no-meier\/#respond"]}]},{"@type":"WebPage","@id":"https:\/\/folhadoleste.com.br\/guardas-municipais-detem-motociclista-infrator-no-meier\/","url":"https:\/\/folhadoleste.com.br\/guardas-municipais-detem-motociclista-infrator-no-meier\/","name":"Guardas municipais det\u00eam motociclista infrator no M\u00e9ier &#8226; Folha do Leste","isPartOf":{"@id":"https:\/\/folhadoleste.com.br\/#website"},"primaryImageOfPage":{"@id":"https:\/\/folhadoleste.com.br\/guardas-municipais-detem-motociclista-infrator-no-meier\/#primaryimage"},"image":{"@id":"https:\/\/folhadoleste.com.br\/guardas-municipais-detem-motociclista-infrator-no-meier\/#primaryimage"},"thumbnailUrl":"https:\/\/folhadoleste.com.br\/wp-content\/uploads\/2023\/07\/Guardas-municipais-detem-motociclista-infrator-no-Meier-Foto-Prefeitura-do-Rio.jpg","datePublished":"2023-07-09T16:17:36+00:00","breadcrumb":{"@id":"https:\/\/folhadoleste.com.br\/guardas-municipais-detem-motociclista-infrator-no-meier\/#breadcrumb"},"inLanguage":"en-US","potentialAction":[{"@type":"ReadAction","target":["https:\/\/folhadoleste.com.br\/guardas-municipais-detem-motociclista-infrator-no-meier\/"]}]},{"@type":"ImageObject","inLanguage":"en-US","@id":"https:\/\/folhadoleste.com.br\/guardas-municipais-detem-motociclista-infrator-no-meier\/#primaryimage","url":"https:\/\/folhadoleste.com.br\/wp-content\/uploads\/2023\/07\/Guardas-municipais-detem-motociclista-infrator-no-Meier-Foto-Prefeitura-do-Rio.jpg","contentUrl":"https:\/\/folhadoleste.com.br\/wp-content\/uploads\/2023\/07\/Guardas-municipais-detem-motociclista-infrator-no-Meier-Foto-Prefeitura-do-Rio.jpg","width":570,"height":319,"caption":"Foto: Prefeitura do Rio"},{"@type":"BreadcrumbList","@id":"https:\/\/folhadoleste.com.br\/guardas-municipais-detem-motociclista-infrator-no-meier\/#breadcrumb","itemListElement":[{"@type":"ListItem","position":1,"name":"In\u00edcio","item":"https:\/\/folhadoleste.com.br\/"},{"@type":"ListItem","position":2,"name":"Rio de Janeiro - Capital","item":"https:\/\/folhadoleste.com.br\/category\/rio-de-janeiro-capital\/"},{"@type":"ListItem","position":3,"name":"Guardas municipais det\u00eam motociclista infrator no M\u00e9ier"}]},{"@type":"WebSite","@id":"https:\/\/folhadoleste.com.br\/#website","url":"https:\/\/folhadoleste.com.br\/","name":"Folha do Leste","description":"Portal de Not\u00edcias com \u00eanfase em Niter\u00f3i, criando conte\u00fados desde a capital Rio de Janeiro, com olhar para o Leste Fluminense e suas cidades como S\u00e3o Gon\u00e7alo, Itabora\u00ed, Rio Bonito, Maric\u00e1, Saquarema e Araruama","publisher":{"@id":"https:\/\/folhadoleste.com.br\/#organization"},"alternateName":"FL","potentialAction":[{"@type":"SearchAction","target":{"@type":"EntryPoint","urlTemplate":"https:\/\/folhadoleste.com.br\/?s={search_term_string}"},"query-input":{"@type":"PropertyValueSpecification","valueRequired":true,"valueName":"search_term_string"}}],"inLanguage":"en-US"},{"@type":"Organization","@id":"https:\/\/folhadoleste.com.br\/#organization","name":"Brasil 21 Comunica\u00e7\u00e3o","alternateName":"BR21","url":"https:\/\/folhadoleste.com.br\/","logo":{"@type":"ImageObject","inLanguage":"en-US","@id":"https:\/\/folhadoleste.com.br\/#\/schema\/logo\/image\/","url":"https:\/\/folhadoleste.com.br\/wp-content\/uploads\/2025\/12\/brasil-21-logomarca.avif","contentUrl":"https:\/\/folhadoleste.com.br\/wp-content\/uploads\/2025\/12\/brasil-21-logomarca.avif","width":1044,"height":1044,"caption":"Brasil 21 Comunica\u00e7\u00e3o"},"image":{"@id":"https:\/\/folhadoleste.com.br\/#\/schema\/logo\/image\/"},"sameAs":["https:\/\/www.facebook.com\/folhadoleste","https:\/\/x.com\/FolhadoLesteRJ","https:\/\/www.instagram.com\/folhadoleste\/"]},{"@type":"Person","@id":"https:\/\/folhadoleste.com.br\/#\/schema\/person\/3e97145b2e1861276e84471aa85a3899","name":"Folha do Leste","image":{"@type":"ImageObject","inLanguage":"en-US","@id":"https:\/\/folhadoleste.com.br\/wp-content\/litespeed\/avatar\/1ca8c218432e7045e748610eb3db0259.jpg?ver=1777161142","url":"https:\/\/folhadoleste.com.br\/wp-content\/litespeed\/avatar\/1ca8c218432e7045e748610eb3db0259.jpg?ver=1777161142","contentUrl":"https:\/\/folhadoleste.com.br\/wp-content\/litespeed\/avatar\/1ca8c218432e7045e748610eb3db0259.jpg?ver=1777161142","caption":"Folha do Leste"},"url":"https:\/\/folhadoleste.com.br\/en\/author\/reportagem-01\/"}]}},"_links":{"self":[{"href":"https:\/\/folhadoleste.com.br\/en\/wp-json\/wp\/v2\/posts\/15118","targetHints":{"allow":["GET"]}}],"collection":[{"href":"https:\/\/folhadoleste.com.br\/en\/wp-json\/wp\/v2\/posts"}],"about":[{"href":"https:\/\/folhadoleste.com.br\/en\/wp-json\/wp\/v2\/types\/post"}],"author":[{"embeddable":true,"href":"https:\/\/folhadoleste.com.br\/en\/wp-json\/wp\/v2\/users\/4"}],"replies":[{"embeddable":true,"href":"https:\/\/folhadoleste.com.br\/en\/wp-json\/wp\/v2\/comments?post=15118"}],"version-history":[{"count":1,"href":"https:\/\/folhadoleste.com.br\/en\/wp-json\/wp\/v2\/posts\/15118\/revisions"}],"predecessor-version":[{"id":15120,"href":"https:\/\/folhadoleste.com.br\/en\/wp-json\/wp\/v2\/posts\/15118\/revisions\/15120"}],"wp:featuredmedia":[{"embeddable":true,"href":"https:\/\/folhadoleste.com.br\/en\/wp-json\/wp\/v2\/media\/15119"}],"wp:attachment":[{"href":"https:\/\/folhadoleste.com.br\/en\/wp-json\/wp\/v2\/media?parent=15118"}],"wp:term":[{"taxonomy":"category","embeddable":true,"href":"https:\/\/folhadoleste.com.br\/en\/wp-json\/wp\/v2\/categories?post=15118"},{"taxonomy":"post_tag","embeddable":true,"href":"https:\/\/folhadoleste.com.br\/en\/wp-json\/wp\/v2\/tags?post=15118"}],"curies":[{"name":"wp","href":"https:\/\/api.w.org\/{rel}","templated":true}]}}