{"id":148285,"date":"2025-11-01T06:30:00","date_gmt":"2025-11-01T09:30:00","guid":{"rendered":"https:\/\/folhadoleste.com.br\/?p=148285"},"modified":"2025-11-01T05:26:12","modified_gmt":"2025-11-01T08:26:12","slug":"botafogo-desfalques-contra-o-mirassol","status":"publish","type":"post","link":"https:\/\/folhadoleste.com.br\/en\/botafogo-desfalques-contra-o-mirassol\/","title":{"rendered":"Botafogo tem tr\u00eas desfalques importantes para enfrentar o Mirassol"},"content":{"rendered":"<div id=\"attachment_148286\" style=\"width: 1310px\" class=\"wp-caption aligncenter\"><img decoding=\"async\" aria-describedby=\"caption-attachment-148286\" class=\"size-full wp-image-148286\" src=\"https:\/\/folhadoleste.com.br\/wp-content\/uploads\/2025\/11\/Joaquin-Correa-treino-Botafogo-Vitor-Silva-Botafogo.jpg\" alt=\"\" width=\"1300\" height=\"700\" \/><p id=\"caption-attachment-148286\" class=\"wp-caption-text\">Botafogo tem tr\u00eas desfalques importantes para enfrentar o Mirassol | Vitor Silva\/Botafogo<\/p><\/div>\n<p style=\"text-align: justify;\" data-start=\"737\" data-end=\"1022\"><a href=\"https:\/\/folhadoleste.com.br\/en\/pt-br\/mirassol-x-botafogo-brasileirao-2025\/\">O <strong data-start=\"739\" data-end=\"751\">Botafogo<\/strong> entra em campo neste s\u00e1bado (1\u00ba), \u00e0s 18h, para encarar o <strong data-start=\"809\" data-end=\"821\">Mirassol<\/strong><\/a>, fora de casa, pela 31\u00aa rodada do <strong data-start=\"856\" data-end=\"871\">Brasileir\u00e3o<\/strong>, mas com desfalques importantes. O time n\u00e3o contar\u00e1 com <strong data-start=\"928\" data-end=\"938\">Mar\u00e7al<\/strong>, <strong data-start=\"940\" data-end=\"952\">Savarino<\/strong> e <strong data-start=\"955\" data-end=\"973\">Joaquin Correa<\/strong>, todos fora por problemas f\u00edsicos ou cl\u00ednicos.<\/p>\n<p style=\"text-align: justify;\" data-start=\"1024\" data-end=\"1252\">A aus\u00eancia de <strong data-start=\"1038\" data-end=\"1056\">Joaquin Correa<\/strong> pesa. Ap\u00f3s marcar dois gols no empate com o Santos, o argentino sofreu <strong data-start=\"1128\" data-end=\"1169\">les\u00e3o muscular na panturrilha direita<\/strong>. Segundo o departamento m\u00e9dico, o atacante deve retornar apenas em duas semanas.<\/p>\n<p style=\"text-align: justify;\" data-start=\"1254\" data-end=\"1402\">O lateral <strong data-start=\"1264\" data-end=\"1274\">Mar\u00e7al<\/strong> tamb\u00e9m desfalca o time. Ele teve uma <strong data-start=\"1312\" data-end=\"1332\">les\u00e3o semelhante<\/strong>, mas na panturrilha esquerda, e segue o mesmo prazo de recupera\u00e7\u00e3o.<\/p>\n<p style=\"text-align: justify;\" data-start=\"1404\" data-end=\"1542\">J\u00e1 o venezuelano <strong data-start=\"1421\" data-end=\"1433\">Savarino<\/strong> apresentou <strong data-start=\"1445\" data-end=\"1466\">altera\u00e7\u00e3o cl\u00ednica<\/strong> e n\u00e3o tem previs\u00e3o de volta. O clube preferiu manter sigilo sobre o caso.<\/p>\n<p style=\"text-align: justify;\" data-start=\"1544\" data-end=\"1822\">Com <strong data-start=\"1548\" data-end=\"1561\">47 pontos<\/strong> e em <strong data-start=\"1567\" data-end=\"1583\">s\u00e9timo lugar<\/strong>, o Botafogo tenta se manter na briga por uma vaga na <strong data-start=\"1637\" data-end=\"1653\">Libertadores<\/strong>. A vit\u00f3ria do Fluminense sobre o Cear\u00e1 tirou o Alvinegro do <strong data-start=\"1714\" data-end=\"1721\">G-6<\/strong>, e o confronto direto com o Mirassol se tornou decisivo para o retorno ao grupo dos classificados.<\/p>\n<p style=\"text-align: justify;\" data-start=\"1824\" data-end=\"2003\">O t\u00e9cnico deve recorrer a pe\u00e7as do banco para recompor o elenco. A expectativa \u00e9 que o time entre em campo com uma forma\u00e7\u00e3o equilibrada, mantendo o foco em pontuar fora de casa.<\/p>\n<pre style=\"text-align: center;\"><span style=\"color: #000000;\"><span style=\"color: #ff0000;\"><strong>+ <\/strong><\/span><\/span><span style=\"color: #000000;\"><strong><span style=\"color: #ff9900;\">MAIS NOT\u00cdCIAS DE ESPORTES?<\/span> <span style=\"color: #008080;\"><a style=\"color: #008080;\" href=\"https:\/\/folhadoleste.com.br\/en\/category\/esportes\/\">CLIQUE AQUI<\/a><\/span><\/strong><\/span><\/pre>","protected":false},"excerpt":{"rendered":"<p>O Botafogo entra em campo neste s\u00e1bado (1\u00ba), \u00e0s 18h, para encarar o Mirassol, fora de casa, pela 31\u00aa rodada do Brasileir\u00e3o, mas com desfalques importantes. O time n\u00e3o contar\u00e1 com Mar\u00e7al, Savarino e Joaquin Correa, todos fora por problemas f\u00edsicos ou cl\u00ednicos. A aus\u00eancia de Joaquin Correa pesa. Ap\u00f3s marcar dois gols no empate com o Santos, o argentino sofreu les\u00e3o muscular na panturrilha direita. Segundo o departamento m\u00e9dico, o atacante deve retornar apenas em duas semanas. O lateral Mar\u00e7al tamb\u00e9m desfalca o time. Ele teve uma les\u00e3o semelhante, mas na panturrilha esquerda, e segue o mesmo prazo de [&hellip;]<\/p>\n","protected":false},"author":5,"featured_media":148286,"comment_status":"open","ping_status":"open","sticky":false,"template":"","format":"standard","meta":{"footnotes":""},"categories":[48,65],"tags":[99,988,60492,34689,5797,12725,87566,105,101,30355,79123,5962,439,5794,34265,33712,103862,88771,16672,7993,11794],"class_list":["post-148285","post","type-post","status-publish","format-standard","has-post-thumbnail","hentry","category-esportes","category-futebol-esportes","tag-botafogo","tag-brasileirao","tag-brasileirao-2025","tag-confronto-direto","tag-desfalques","tag-elenco","tag-elenco-reserva","tag-esportes","tag-futebol","tag-g6","tag-joaquin-correa","tag-lesao","tag-libertadores","tag-marcal","tag-mirassol","tag-panturrilha","tag-problema-clinico","tag-rodada-31","tag-savarino","tag-tecnico","tag-time-carioca","post--single"],"yoast_head":"<!-- This site is optimized with the Yoast SEO plugin v27.5 - https:\/\/yoast.com\/product\/yoast-seo-wordpress\/ -->\n<title>Botafogo tem tr\u00eas desfalques importantes para enfrentar o Mirassol<\/title>\n<meta name=\"description\" content=\"Botafogo enfrenta o Mirassol com tr\u00eas desfalques importantes. Mar\u00e7al, Savarino e Correa est\u00e3o fora da partida deste s\u00e1bado.\" \/>\n<meta name=\"robots\" content=\"index, follow, max-snippet:-1, max-image-preview:large, max-video-preview:-1\" \/>\n<link rel=\"canonical\" href=\"https:\/\/folhadoleste.com.br\/en\/botafogo-desfalques-contra-o-mirassol\/\" \/>\n<meta property=\"og:locale\" content=\"en_US\" \/>\n<meta property=\"og:type\" content=\"article\" \/>\n<meta property=\"og:title\" content=\"Botafogo tem tr\u00eas desfalques importantes para enfrentar o Mirassol\" \/>\n<meta property=\"og:description\" content=\"Botafogo enfrenta o Mirassol com tr\u00eas desfalques importantes. Mar\u00e7al, Savarino e Correa est\u00e3o fora da partida deste s\u00e1bado.\" \/>\n<meta property=\"og:url\" content=\"https:\/\/folhadoleste.com.br\/en\/botafogo-desfalques-contra-o-mirassol\/\" \/>\n<meta property=\"og:site_name\" content=\"Folha do Leste\" \/>\n<meta property=\"article:publisher\" content=\"https:\/\/www.facebook.com\/folhadoleste\" \/>\n<meta property=\"article:published_time\" content=\"2025-11-01T09:30:00+00:00\" \/>\n<meta property=\"og:image\" content=\"https:\/\/folhadoleste.com.br\/wp-content\/uploads\/2025\/11\/Joaquin-Correa-treino-Botafogo-Vitor-Silva-Botafogo.jpg\" \/>\n\t<meta property=\"og:image:width\" content=\"1300\" \/>\n\t<meta property=\"og:image:height\" content=\"700\" \/>\n\t<meta property=\"og:image:type\" content=\"image\/jpeg\" \/>\n<meta name=\"author\" content=\"Enzo Carvalho\" \/>\n<meta name=\"twitter:card\" content=\"summary_large_image\" \/>\n<meta name=\"twitter:creator\" content=\"@FolhadoLesteRJ\" \/>\n<meta name=\"twitter:site\" content=\"@FolhadoLesteRJ\" \/>\n<meta name=\"twitter:label1\" content=\"Written by\" \/>\n\t<meta name=\"twitter:data1\" content=\"Enzo Carvalho\" \/>\n\t<meta name=\"twitter:label2\" content=\"Est. reading time\" \/>\n\t<meta name=\"twitter:data2\" content=\"2 minutes\" \/>\n<script type=\"application\/ld+json\" class=\"yoast-schema-graph\">{\"@context\":\"https:\\\/\\\/schema.org\",\"@graph\":[{\"@type\":\"NewsArticle\",\"@id\":\"https:\\\/\\\/folhadoleste.com.br\\\/botafogo-desfalques-contra-o-mirassol\\\/#article\",\"isPartOf\":{\"@id\":\"https:\\\/\\\/folhadoleste.com.br\\\/botafogo-desfalques-contra-o-mirassol\\\/\"},\"author\":{\"name\":\"Enzo Carvalho\",\"@id\":\"https:\\\/\\\/folhadoleste.com.br\\\/#\\\/schema\\\/person\\\/05d8a4b256c9faea581495e6c9be06f2\"},\"headline\":\"Botafogo tem tr\u00eas desfalques importantes para enfrentar o Mirassol\",\"datePublished\":\"2025-11-01T09:30:00+00:00\",\"mainEntityOfPage\":{\"@id\":\"https:\\\/\\\/folhadoleste.com.br\\\/botafogo-desfalques-contra-o-mirassol\\\/\"},\"wordCount\":252,\"commentCount\":0,\"publisher\":{\"@id\":\"https:\\\/\\\/folhadoleste.com.br\\\/#organization\"},\"image\":{\"@id\":\"https:\\\/\\\/folhadoleste.com.br\\\/botafogo-desfalques-contra-o-mirassol\\\/#primaryimage\"},\"thumbnailUrl\":\"https:\\\/\\\/folhadoleste.com.br\\\/wp-content\\\/uploads\\\/2025\\\/11\\\/Joaquin-Correa-treino-Botafogo-Vitor-Silva-Botafogo.jpg\",\"keywords\":[\"botafogo\",\"Brasileir\u00e3o\",\"Brasileir\u00e3o 2025\",\"Confronto Direto\",\"Desfalques\",\"elenco\",\"elenco reserva\",\"Esportes\",\"futebol\",\"G6\",\"Joaqu\u00edn Correa\",\"les\u00e3o\",\"Libertadores\",\"Mar\u00e7al\",\"Mirassol\",\"Panturrilha\",\"problema cl\u00ednico\",\"rodada 31\",\"Savarino\",\"T\u00e9cnico\",\"time carioca\"],\"articleSection\":[\"Esportes\",\"Futebol\"],\"inLanguage\":\"en-US\",\"potentialAction\":[{\"@type\":\"CommentAction\",\"name\":\"Comment\",\"target\":[\"https:\\\/\\\/folhadoleste.com.br\\\/botafogo-desfalques-contra-o-mirassol\\\/#respond\"]}]},{\"@type\":\"WebPage\",\"@id\":\"https:\\\/\\\/folhadoleste.com.br\\\/botafogo-desfalques-contra-o-mirassol\\\/\",\"url\":\"https:\\\/\\\/folhadoleste.com.br\\\/botafogo-desfalques-contra-o-mirassol\\\/\",\"name\":\"Botafogo tem tr\u00eas desfalques importantes para enfrentar o Mirassol\",\"isPartOf\":{\"@id\":\"https:\\\/\\\/folhadoleste.com.br\\\/#website\"},\"primaryImageOfPage\":{\"@id\":\"https:\\\/\\\/folhadoleste.com.br\\\/botafogo-desfalques-contra-o-mirassol\\\/#primaryimage\"},\"image\":{\"@id\":\"https:\\\/\\\/folhadoleste.com.br\\\/botafogo-desfalques-contra-o-mirassol\\\/#primaryimage\"},\"thumbnailUrl\":\"https:\\\/\\\/folhadoleste.com.br\\\/wp-content\\\/uploads\\\/2025\\\/11\\\/Joaquin-Correa-treino-Botafogo-Vitor-Silva-Botafogo.jpg\",\"datePublished\":\"2025-11-01T09:30:00+00:00\",\"description\":\"Botafogo enfrenta o Mirassol com tr\u00eas desfalques importantes. Mar\u00e7al, Savarino e Correa est\u00e3o fora da partida deste s\u00e1bado.\",\"breadcrumb\":{\"@id\":\"https:\\\/\\\/folhadoleste.com.br\\\/botafogo-desfalques-contra-o-mirassol\\\/#breadcrumb\"},\"inLanguage\":\"en-US\",\"potentialAction\":[{\"@type\":\"ReadAction\",\"target\":[\"https:\\\/\\\/folhadoleste.com.br\\\/botafogo-desfalques-contra-o-mirassol\\\/\"]}]},{\"@type\":\"ImageObject\",\"inLanguage\":\"en-US\",\"@id\":\"https:\\\/\\\/folhadoleste.com.br\\\/botafogo-desfalques-contra-o-mirassol\\\/#primaryimage\",\"url\":\"https:\\\/\\\/folhadoleste.com.br\\\/wp-content\\\/uploads\\\/2025\\\/11\\\/Joaquin-Correa-treino-Botafogo-Vitor-Silva-Botafogo.jpg\",\"contentUrl\":\"https:\\\/\\\/folhadoleste.com.br\\\/wp-content\\\/uploads\\\/2025\\\/11\\\/Joaquin-Correa-treino-Botafogo-Vitor-Silva-Botafogo.jpg\",\"width\":1300,\"height\":700,\"caption\":\"Botafogo tem tr\u00eas desfalques importantes para enfrentar o Mirassol | Vitor Silva\\\/Botafogo\"},{\"@type\":\"BreadcrumbList\",\"@id\":\"https:\\\/\\\/folhadoleste.com.br\\\/botafogo-desfalques-contra-o-mirassol\\\/#breadcrumb\",\"itemListElement\":[{\"@type\":\"ListItem\",\"position\":1,\"name\":\"In\u00edcio\",\"item\":\"https:\\\/\\\/folhadoleste.com.br\\\/\"},{\"@type\":\"ListItem\",\"position\":2,\"name\":\"Esportes\",\"item\":\"https:\\\/\\\/folhadoleste.com.br\\\/category\\\/esportes\\\/\"},{\"@type\":\"ListItem\",\"position\":3,\"name\":\"Futebol\",\"item\":\"https:\\\/\\\/folhadoleste.com.br\\\/category\\\/esportes\\\/futebol-esportes\\\/\"},{\"@type\":\"ListItem\",\"position\":4,\"name\":\"Botafogo tem tr\u00eas desfalques importantes para enfrentar o Mirassol\"}]},{\"@type\":\"WebSite\",\"@id\":\"https:\\\/\\\/folhadoleste.com.br\\\/#website\",\"url\":\"https:\\\/\\\/folhadoleste.com.br\\\/\",\"name\":\"Folha do Leste\",\"description\":\"Portal de Not\u00edcias com \u00eanfase em Niter\u00f3i, criando conte\u00fados desde a capital Rio de Janeiro, com olhar para o Leste Fluminense e suas cidades como S\u00e3o Gon\u00e7alo, Itabora\u00ed, Rio Bonito, Maric\u00e1, Saquarema e Araruama\",\"publisher\":{\"@id\":\"https:\\\/\\\/folhadoleste.com.br\\\/#organization\"},\"alternateName\":\"FL\",\"potentialAction\":[{\"@type\":\"SearchAction\",\"target\":{\"@type\":\"EntryPoint\",\"urlTemplate\":\"https:\\\/\\\/folhadoleste.com.br\\\/?s={search_term_string}\"},\"query-input\":{\"@type\":\"PropertyValueSpecification\",\"valueRequired\":true,\"valueName\":\"search_term_string\"}}],\"inLanguage\":\"en-US\"},{\"@type\":\"Organization\",\"@id\":\"https:\\\/\\\/folhadoleste.com.br\\\/#organization\",\"name\":\"Brasil 21 Comunica\u00e7\u00e3o\",\"alternateName\":\"BR21\",\"url\":\"https:\\\/\\\/folhadoleste.com.br\\\/\",\"logo\":{\"@type\":\"ImageObject\",\"inLanguage\":\"en-US\",\"@id\":\"https:\\\/\\\/folhadoleste.com.br\\\/#\\\/schema\\\/logo\\\/image\\\/\",\"url\":\"https:\\\/\\\/folhadoleste.com.br\\\/wp-content\\\/uploads\\\/2025\\\/12\\\/brasil-21-logomarca.avif\",\"contentUrl\":\"https:\\\/\\\/folhadoleste.com.br\\\/wp-content\\\/uploads\\\/2025\\\/12\\\/brasil-21-logomarca.avif\",\"width\":1044,\"height\":1044,\"caption\":\"Brasil 21 Comunica\u00e7\u00e3o\"},\"image\":{\"@id\":\"https:\\\/\\\/folhadoleste.com.br\\\/#\\\/schema\\\/logo\\\/image\\\/\"},\"sameAs\":[\"https:\\\/\\\/www.facebook.com\\\/folhadoleste\",\"https:\\\/\\\/x.com\\\/FolhadoLesteRJ\",\"https:\\\/\\\/www.instagram.com\\\/folhadoleste\\\/\"]},{\"@type\":\"Person\",\"@id\":\"https:\\\/\\\/folhadoleste.com.br\\\/#\\\/schema\\\/person\\\/05d8a4b256c9faea581495e6c9be06f2\",\"name\":\"Enzo Carvalho\",\"image\":{\"@type\":\"ImageObject\",\"inLanguage\":\"en-US\",\"@id\":\"https:\\\/\\\/folhadoleste.com.br\\\/wp-content\\\/litespeed\\\/avatar\\\/3fe471b6df482b28961bb8e87cd40a81.jpg?ver=1777161141\",\"url\":\"https:\\\/\\\/folhadoleste.com.br\\\/wp-content\\\/litespeed\\\/avatar\\\/3fe471b6df482b28961bb8e87cd40a81.jpg?ver=1777161141\",\"contentUrl\":\"https:\\\/\\\/folhadoleste.com.br\\\/wp-content\\\/litespeed\\\/avatar\\\/3fe471b6df482b28961bb8e87cd40a81.jpg?ver=1777161141\",\"caption\":\"Enzo Carvalho\"},\"description\":\"Enzo Carvalho \u00e9 jornalista profissional, com atua\u00e7\u00e3o voltada \u00e0 cobertura de inova\u00e7\u00e3o, tecnologia, cotidiano e esportes. Ex-jogador profissional de e-sports, traz para o jornalismo uma compreens\u00e3o pr\u00e1tica do universo digital, das plataformas tecnol\u00f3gicas e das transforma\u00e7\u00f5es provocadas pela cultura conectada.\",\"url\":\"https:\\\/\\\/folhadoleste.com.br\\\/en\\\/author\\\/enzo-carvalho\\\/\"}]}<\/script>\n<!-- \/ Yoast SEO plugin. -->","yoast_head_json":{"title":"Botafogo tem tr\u00eas desfalques importantes para enfrentar o Mirassol","description":"Botafogo enfrenta o Mirassol com tr\u00eas desfalques importantes. Mar\u00e7al, Savarino e Correa est\u00e3o fora da partida deste s\u00e1bado.","robots":{"index":"index","follow":"follow","max-snippet":"max-snippet:-1","max-image-preview":"max-image-preview:large","max-video-preview":"max-video-preview:-1"},"canonical":"https:\/\/folhadoleste.com.br\/en\/botafogo-desfalques-contra-o-mirassol\/","og_locale":"en_US","og_type":"article","og_title":"Botafogo tem tr\u00eas desfalques importantes para enfrentar o Mirassol","og_description":"Botafogo enfrenta o Mirassol com tr\u00eas desfalques importantes. Mar\u00e7al, Savarino e Correa est\u00e3o fora da partida deste s\u00e1bado.","og_url":"https:\/\/folhadoleste.com.br\/en\/botafogo-desfalques-contra-o-mirassol\/","og_site_name":"Folha do Leste","article_publisher":"https:\/\/www.facebook.com\/folhadoleste","article_published_time":"2025-11-01T09:30:00+00:00","og_image":[{"width":1300,"height":700,"url":"https:\/\/folhadoleste.com.br\/wp-content\/uploads\/2025\/11\/Joaquin-Correa-treino-Botafogo-Vitor-Silva-Botafogo.jpg","type":"image\/jpeg"}],"author":"Enzo Carvalho","twitter_card":"summary_large_image","twitter_creator":"@FolhadoLesteRJ","twitter_site":"@FolhadoLesteRJ","twitter_misc":{"Written by":"Enzo Carvalho","Est. reading time":"2 minutes"},"schema":{"@context":"https:\/\/schema.org","@graph":[{"@type":"NewsArticle","@id":"https:\/\/folhadoleste.com.br\/botafogo-desfalques-contra-o-mirassol\/#article","isPartOf":{"@id":"https:\/\/folhadoleste.com.br\/botafogo-desfalques-contra-o-mirassol\/"},"author":{"name":"Enzo Carvalho","@id":"https:\/\/folhadoleste.com.br\/#\/schema\/person\/05d8a4b256c9faea581495e6c9be06f2"},"headline":"Botafogo tem tr\u00eas desfalques importantes para enfrentar o Mirassol","datePublished":"2025-11-01T09:30:00+00:00","mainEntityOfPage":{"@id":"https:\/\/folhadoleste.com.br\/botafogo-desfalques-contra-o-mirassol\/"},"wordCount":252,"commentCount":0,"publisher":{"@id":"https:\/\/folhadoleste.com.br\/#organization"},"image":{"@id":"https:\/\/folhadoleste.com.br\/botafogo-desfalques-contra-o-mirassol\/#primaryimage"},"thumbnailUrl":"https:\/\/folhadoleste.com.br\/wp-content\/uploads\/2025\/11\/Joaquin-Correa-treino-Botafogo-Vitor-Silva-Botafogo.jpg","keywords":["botafogo","Brasileir\u00e3o","Brasileir\u00e3o 2025","Confronto Direto","Desfalques","elenco","elenco reserva","Esportes","futebol","G6","Joaqu\u00edn Correa","les\u00e3o","Libertadores","Mar\u00e7al","Mirassol","Panturrilha","problema cl\u00ednico","rodada 31","Savarino","T\u00e9cnico","time carioca"],"articleSection":["Esportes","Futebol"],"inLanguage":"en-US","potentialAction":[{"@type":"CommentAction","name":"Comment","target":["https:\/\/folhadoleste.com.br\/botafogo-desfalques-contra-o-mirassol\/#respond"]}]},{"@type":"WebPage","@id":"https:\/\/folhadoleste.com.br\/botafogo-desfalques-contra-o-mirassol\/","url":"https:\/\/folhadoleste.com.br\/botafogo-desfalques-contra-o-mirassol\/","name":"Botafogo tem tr\u00eas desfalques importantes para enfrentar o Mirassol","isPartOf":{"@id":"https:\/\/folhadoleste.com.br\/#website"},"primaryImageOfPage":{"@id":"https:\/\/folhadoleste.com.br\/botafogo-desfalques-contra-o-mirassol\/#primaryimage"},"image":{"@id":"https:\/\/folhadoleste.com.br\/botafogo-desfalques-contra-o-mirassol\/#primaryimage"},"thumbnailUrl":"https:\/\/folhadoleste.com.br\/wp-content\/uploads\/2025\/11\/Joaquin-Correa-treino-Botafogo-Vitor-Silva-Botafogo.jpg","datePublished":"2025-11-01T09:30:00+00:00","description":"Botafogo enfrenta o Mirassol com tr\u00eas desfalques importantes. Mar\u00e7al, Savarino e Correa est\u00e3o fora da partida deste s\u00e1bado.","breadcrumb":{"@id":"https:\/\/folhadoleste.com.br\/botafogo-desfalques-contra-o-mirassol\/#breadcrumb"},"inLanguage":"en-US","potentialAction":[{"@type":"ReadAction","target":["https:\/\/folhadoleste.com.br\/botafogo-desfalques-contra-o-mirassol\/"]}]},{"@type":"ImageObject","inLanguage":"en-US","@id":"https:\/\/folhadoleste.com.br\/botafogo-desfalques-contra-o-mirassol\/#primaryimage","url":"https:\/\/folhadoleste.com.br\/wp-content\/uploads\/2025\/11\/Joaquin-Correa-treino-Botafogo-Vitor-Silva-Botafogo.jpg","contentUrl":"https:\/\/folhadoleste.com.br\/wp-content\/uploads\/2025\/11\/Joaquin-Correa-treino-Botafogo-Vitor-Silva-Botafogo.jpg","width":1300,"height":700,"caption":"Botafogo tem tr\u00eas desfalques importantes para enfrentar o Mirassol | Vitor Silva\/Botafogo"},{"@type":"BreadcrumbList","@id":"https:\/\/folhadoleste.com.br\/botafogo-desfalques-contra-o-mirassol\/#breadcrumb","itemListElement":[{"@type":"ListItem","position":1,"name":"In\u00edcio","item":"https:\/\/folhadoleste.com.br\/"},{"@type":"ListItem","position":2,"name":"Esportes","item":"https:\/\/folhadoleste.com.br\/category\/esportes\/"},{"@type":"ListItem","position":3,"name":"Futebol","item":"https:\/\/folhadoleste.com.br\/category\/esportes\/futebol-esportes\/"},{"@type":"ListItem","position":4,"name":"Botafogo tem tr\u00eas desfalques importantes para enfrentar o Mirassol"}]},{"@type":"WebSite","@id":"https:\/\/folhadoleste.com.br\/#website","url":"https:\/\/folhadoleste.com.br\/","name":"Folha do Leste","description":"Portal de Not\u00edcias com \u00eanfase em Niter\u00f3i, criando conte\u00fados desde a capital Rio de Janeiro, com olhar para o Leste Fluminense e suas cidades como S\u00e3o Gon\u00e7alo, Itabora\u00ed, Rio Bonito, Maric\u00e1, Saquarema e Araruama","publisher":{"@id":"https:\/\/folhadoleste.com.br\/#organization"},"alternateName":"FL","potentialAction":[{"@type":"SearchAction","target":{"@type":"EntryPoint","urlTemplate":"https:\/\/folhadoleste.com.br\/?s={search_term_string}"},"query-input":{"@type":"PropertyValueSpecification","valueRequired":true,"valueName":"search_term_string"}}],"inLanguage":"en-US"},{"@type":"Organization","@id":"https:\/\/folhadoleste.com.br\/#organization","name":"Brasil 21 Comunica\u00e7\u00e3o","alternateName":"BR21","url":"https:\/\/folhadoleste.com.br\/","logo":{"@type":"ImageObject","inLanguage":"en-US","@id":"https:\/\/folhadoleste.com.br\/#\/schema\/logo\/image\/","url":"https:\/\/folhadoleste.com.br\/wp-content\/uploads\/2025\/12\/brasil-21-logomarca.avif","contentUrl":"https:\/\/folhadoleste.com.br\/wp-content\/uploads\/2025\/12\/brasil-21-logomarca.avif","width":1044,"height":1044,"caption":"Brasil 21 Comunica\u00e7\u00e3o"},"image":{"@id":"https:\/\/folhadoleste.com.br\/#\/schema\/logo\/image\/"},"sameAs":["https:\/\/www.facebook.com\/folhadoleste","https:\/\/x.com\/FolhadoLesteRJ","https:\/\/www.instagram.com\/folhadoleste\/"]},{"@type":"Person","@id":"https:\/\/folhadoleste.com.br\/#\/schema\/person\/05d8a4b256c9faea581495e6c9be06f2","name":"Enzo Carvalho","image":{"@type":"ImageObject","inLanguage":"en-US","@id":"https:\/\/folhadoleste.com.br\/wp-content\/litespeed\/avatar\/3fe471b6df482b28961bb8e87cd40a81.jpg?ver=1777161141","url":"https:\/\/folhadoleste.com.br\/wp-content\/litespeed\/avatar\/3fe471b6df482b28961bb8e87cd40a81.jpg?ver=1777161141","contentUrl":"https:\/\/folhadoleste.com.br\/wp-content\/litespeed\/avatar\/3fe471b6df482b28961bb8e87cd40a81.jpg?ver=1777161141","caption":"Enzo Carvalho"},"description":"Enzo Carvalho \u00e9 jornalista profissional, com atua\u00e7\u00e3o voltada \u00e0 cobertura de inova\u00e7\u00e3o, tecnologia, cotidiano e esportes. Ex-jogador profissional de e-sports, traz para o jornalismo uma compreens\u00e3o pr\u00e1tica do universo digital, das plataformas tecnol\u00f3gicas e das transforma\u00e7\u00f5es provocadas pela cultura conectada.","url":"https:\/\/folhadoleste.com.br\/en\/author\/enzo-carvalho\/"}]}},"_links":{"self":[{"href":"https:\/\/folhadoleste.com.br\/en\/wp-json\/wp\/v2\/posts\/148285","targetHints":{"allow":["GET"]}}],"collection":[{"href":"https:\/\/folhadoleste.com.br\/en\/wp-json\/wp\/v2\/posts"}],"about":[{"href":"https:\/\/folhadoleste.com.br\/en\/wp-json\/wp\/v2\/types\/post"}],"author":[{"embeddable":true,"href":"https:\/\/folhadoleste.com.br\/en\/wp-json\/wp\/v2\/users\/5"}],"replies":[{"embeddable":true,"href":"https:\/\/folhadoleste.com.br\/en\/wp-json\/wp\/v2\/comments?post=148285"}],"version-history":[{"count":2,"href":"https:\/\/folhadoleste.com.br\/en\/wp-json\/wp\/v2\/posts\/148285\/revisions"}],"predecessor-version":[{"id":148313,"href":"https:\/\/folhadoleste.com.br\/en\/wp-json\/wp\/v2\/posts\/148285\/revisions\/148313"}],"wp:featuredmedia":[{"embeddable":true,"href":"https:\/\/folhadoleste.com.br\/en\/wp-json\/wp\/v2\/media\/148286"}],"wp:attachment":[{"href":"https:\/\/folhadoleste.com.br\/en\/wp-json\/wp\/v2\/media?parent=148285"}],"wp:term":[{"taxonomy":"category","embeddable":true,"href":"https:\/\/folhadoleste.com.br\/en\/wp-json\/wp\/v2\/categories?post=148285"},{"taxonomy":"post_tag","embeddable":true,"href":"https:\/\/folhadoleste.com.br\/en\/wp-json\/wp\/v2\/tags?post=148285"}],"curies":[{"name":"wp","href":"https:\/\/api.w.org\/{rel}","templated":true}]}}