{"id":147963,"date":"2025-10-30T15:10:30","date_gmt":"2025-10-30T18:10:30","guid":{"rendered":"https:\/\/folhadoleste.com.br\/?p=147963"},"modified":"2025-10-30T20:13:37","modified_gmt":"2025-10-30T23:13:37","slug":"deficit-primario-governo-central-setembro-2025","status":"publish","type":"post","link":"https:\/\/folhadoleste.com.br\/en\/deficit-primario-governo-central-setembro-2025\/","title":{"rendered":"D\u00e9ficit prim\u00e1rio do Governo Central sobe 166% e atinge bilh\u00f5es em setembro"},"content":{"rendered":"<div id=\"attachment_147967\" style=\"width: 1310px\" class=\"wp-caption aligncenter\"><img decoding=\"async\" aria-describedby=\"caption-attachment-147967\" class=\"size-full wp-image-147967\" src=\"https:\/\/folhadoleste.com.br\/wp-content\/uploads\/2025\/10\/Governo-Central-Marcello-Casal-Jr-Agencia-Brasil.jpg\" alt=\"\" width=\"1300\" height=\"700\" \/><p id=\"caption-attachment-147967\" class=\"wp-caption-text\">D\u00e9ficit prim\u00e1rio do Governo Central sobe 166% e atinge bilh\u00f5es em setembro | Marcello Casal Jr\/Ag\u00eancia Brasil<\/p><\/div>\n<p style=\"text-align: justify;\" data-start=\"497\" data-end=\"749\">O <strong data-start=\"499\" data-end=\"538\">d\u00e9ficit prim\u00e1rio do Governo Central<\/strong> aumentou em setembro e atingiu <strong data-start=\"570\" data-end=\"589\">R$ 14,5 bilh\u00f5es<\/strong>, segundo o <strong data-start=\"601\" data-end=\"621\">Tesouro Nacional<\/strong>. O valor representa <strong data-start=\"642\" data-end=\"665\">alta real de 166,6%<\/strong> em rela\u00e7\u00e3o ao mesmo m\u00eas de 2024, j\u00e1 considerando a <strong data-start=\"717\" data-end=\"746\">infla\u00e7\u00e3o medida pelo IPCA<\/strong>.<\/p>\n<p style=\"text-align: justify;\" data-start=\"751\" data-end=\"986\">O resultado reflete <strong data-start=\"771\" data-end=\"821\">despesas crescendo mais r\u00e1pido que as receitas<\/strong>. Enquanto as <strong data-start=\"835\" data-end=\"869\">receitas l\u00edquidas subiram 0,6%<\/strong>, as <strong data-start=\"874\" data-end=\"909\">despesas totais aumentaram 5,7%<\/strong> no per\u00edodo, de acordo com relat\u00f3rio divulgado nesta <strong data-start=\"962\" data-end=\"983\">quinta-feira (30)<\/strong>.<\/p>\n<h3 style=\"text-align: justify;\" data-start=\"993\" data-end=\"1030\">Resultado abaixo das proje\u00e7\u00f5es<\/h3>\n<p style=\"text-align: justify;\" data-start=\"1032\" data-end=\"1246\">O desempenho <strong data-start=\"1045\" data-end=\"1077\">ficou pior do que o previsto<\/strong> pelos analistas do mercado financeiro.<\/p>\n<p style=\"text-align: justify;\" data-start=\"1032\" data-end=\"1246\">Segundo a <strong data-start=\"1129\" data-end=\"1155\">pesquisa Prisma Fiscal<\/strong>, do Minist\u00e9rio da Fazenda, as institui\u00e7\u00f5es esperavam <strong data-start=\"1209\" data-end=\"1236\">d\u00e9ficit de R$ 6 bilh\u00f5es<\/strong> no m\u00eas.<\/p>\n<p style=\"text-align: justify;\" data-start=\"1248\" data-end=\"1562\">De janeiro a setembro, o <strong data-start=\"1273\" data-end=\"1337\">Governo Central acumula d\u00e9ficit prim\u00e1rio de R$ 100,4 bilh\u00f5es<\/strong>, queda real de 9,1% frente ao mesmo per\u00edodo do ano passado.<\/p>\n<p style=\"text-align: justify;\" data-start=\"1248\" data-end=\"1562\">O <strong data-start=\"1402\" data-end=\"1440\">Tesouro Nacional e o Banco Central<\/strong> somaram super\u00e1vit de <strong data-start=\"1462\" data-end=\"1482\">R$ 185,9 bilh\u00f5es<\/strong>, enquanto a <strong data-start=\"1495\" data-end=\"1517\">Previd\u00eancia Social<\/strong> registrou <strong data-start=\"1528\" data-end=\"1559\">d\u00e9ficit de R$ 286,3 bilh\u00f5es<\/strong>.<\/p>\n<h3 style=\"text-align: justify;\" data-start=\"1569\" data-end=\"1600\">Meta de resultado fiscal<\/h3>\n<p style=\"text-align: justify;\" data-start=\"1602\" data-end=\"1971\">O <strong data-start=\"1604\" data-end=\"1626\">resultado prim\u00e1rio<\/strong> \u00e9 a diferen\u00e7a entre <strong data-start=\"1647\" data-end=\"1670\">receitas e despesas<\/strong>, excluindo os <strong data-start=\"1685\" data-end=\"1712\">juros da d\u00edvida p\u00fablica<\/strong>.<\/p>\n<p style=\"text-align: justify;\" data-start=\"1602\" data-end=\"1971\">A <strong data-start=\"1718\" data-end=\"1759\">Lei de Diretrizes Or\u00e7ament\u00e1rias (LDO)<\/strong> e o <strong data-start=\"1764\" data-end=\"1789\">novo arcabou\u00e7o fiscal<\/strong> definem <strong data-start=\"1798\" data-end=\"1822\">meta de d\u00e9ficit zero<\/strong> para 2025, com <strong data-start=\"1838\" data-end=\"1880\">margem de 0,25 ponto percentual do PIB<\/strong>.<\/p>\n<p style=\"text-align: justify;\" data-start=\"1602\" data-end=\"1971\">No limite inferior, o governo pode <strong data-start=\"1919\" data-end=\"1968\">fechar o ano com d\u00e9ficit de at\u00e9 R$ 31 bilh\u00f5es<\/strong>.<\/p>\n<h3 style=\"text-align: justify;\" data-start=\"1978\" data-end=\"2022\">Receita impulsionada pela Previd\u00eancia<\/h3>\n<p style=\"text-align: justify;\" data-start=\"2024\" data-end=\"2369\">As <strong data-start=\"2027\" data-end=\"2081\">receitas l\u00edquidas subiram 5,8% em valores nominais<\/strong>, com alta real de <strong data-start=\"2100\" data-end=\"2108\">0,6%<\/strong>.<\/p>\n<p style=\"text-align: justify;\" data-start=\"2024\" data-end=\"2369\">O avan\u00e7o foi puxado pela <strong data-start=\"2137\" data-end=\"2167\">arrecada\u00e7\u00e3o previdenci\u00e1ria<\/strong>, que cresceu <strong data-start=\"2181\" data-end=\"2207\">11,9% (R$ 6,2 bilh\u00f5es)<\/strong>.<\/p>\n<p style=\"text-align: justify;\" data-start=\"2024\" data-end=\"2369\">Segundo o Tesouro, o movimento foi impulsionado pelo <strong data-start=\"2264\" data-end=\"2296\">mercado de trabalho aquecido<\/strong> e pelo <strong data-start=\"2304\" data-end=\"2366\">aumento do recolhimento do Simples Nacional previdenci\u00e1rio<\/strong>.<\/p>\n<h3 style=\"text-align: justify;\" data-start=\"2376\" data-end=\"2430\">Despesas em alta com sa\u00fade e pol\u00edticas p\u00fablicas<\/h3>\n<p style=\"text-align: justify;\" data-start=\"2432\" data-end=\"2748\">As <strong data-start=\"2435\" data-end=\"2488\">despesas totais subiram 11,2% em valores nominais<\/strong> e <strong data-start=\"2491\" data-end=\"2515\">5,7% em termos reais<\/strong>.<\/p>\n<p style=\"text-align: justify;\" data-start=\"2432\" data-end=\"2748\">A maior expans\u00e3o ocorreu nas <strong data-start=\"2548\" data-end=\"2576\">despesas discricion\u00e1rias<\/strong>, que <strong data-start=\"2582\" data-end=\"2620\">dobraram em rela\u00e7\u00e3o ao ano passado<\/strong>.<\/p>\n<p style=\"text-align: justify;\" data-start=\"2432\" data-end=\"2748\">Somente <strong data-start=\"2632\" data-end=\"2650\">a\u00e7\u00f5es de sa\u00fade<\/strong> representaram <strong data-start=\"2665\" data-end=\"2683\">R$ 4,1 bilh\u00f5es<\/strong> do aumento, seguidas por <strong data-start=\"2709\" data-end=\"2745\">outras despesas (R$ 2,9 bilh\u00f5es)<\/strong>.<\/p>\n<p style=\"text-align: justify;\" data-start=\"2750\" data-end=\"3041\">O Tesouro lembrou que o comparativo foi afetado pela <strong data-start=\"2803\" data-end=\"2851\">antecipa\u00e7\u00e3o de R$ 4,5 bilh\u00f5es em precat\u00f3rios<\/strong> para o Rio Grande do Sul, feita em setembro de 2024 devido \u00e0 calamidade p\u00fablica.<\/p>\n<p style=\"text-align: justify;\" data-start=\"2750\" data-end=\"3041\">Esse fator reduziu artificialmente as despesas de 2024, tornando a alta de 2025 proporcionalmente maior.<\/p>\n<pre style=\"text-align: center;\"><span style=\"color: #000000;\"><span style=\"color: #ff0000;\"><strong>+ <\/strong><\/span><\/span><span style=\"color: #000000;\"><strong><span style=\"color: #ff9900;\">MAIS NOT\u00cdCIAS DO BRASIL?<\/span> <span style=\"color: #008080;\"><a style=\"color: #008080;\" href=\"https:\/\/folhadoleste.com.br\/en\/category\/brasil\/\">CLIQUE AQUI<\/a><\/span><\/strong><\/span><\/pre>","protected":false},"excerpt":{"rendered":"<p>O d\u00e9ficit prim\u00e1rio do Governo Central aumentou em setembro e atingiu R$ 14,5 bilh\u00f5es, segundo o Tesouro Nacional. O valor representa alta real de 166,6% em rela\u00e7\u00e3o ao mesmo m\u00eas de 2024, j\u00e1 considerando a infla\u00e7\u00e3o medida pelo IPCA. O resultado reflete despesas crescendo mais r\u00e1pido que as receitas. Enquanto as receitas l\u00edquidas subiram 0,6%, as despesas totais aumentaram 5,7% no per\u00edodo, de acordo com relat\u00f3rio divulgado nesta quinta-feira (30). Resultado abaixo das proje\u00e7\u00f5es O desempenho ficou pior do que o previsto pelos analistas do mercado financeiro. Segundo a pesquisa Prisma Fiscal, do Minist\u00e9rio da Fazenda, as institui\u00e7\u00f5es esperavam d\u00e9ficit [&hellip;]<\/p>\n","protected":false},"author":5,"featured_media":147967,"comment_status":"open","ping_status":"open","sticky":false,"template":"","format":"standard","meta":{"footnotes":""},"categories":[64],"tags":[855,103191,68,2317,103196,21239,103188,67369,21237,188,16196,23829,2316,103193,3970,103190,931,21247,103194,1967,103192,14001,69311,103197,103189,103195,5732],"class_list":["post-147963","post","type-post","status-publish","format-standard","has-post-thumbnail","hentry","category-brasil","tag-arcabouco-fiscal","tag-arrecadacao-previdenciaria","tag-brasil","tag-contas-publicas","tag-deficit-da-previdencia","tag-deficit-primario","tag-deficit-primario-do-governo-central","tag-despesas","tag-despesas-discricionarias","tag-economia","tag-economia-brasileira","tag-financas-publicas","tag-governo-central","tag-inflacao-ipca","tag-mercado-de-trabalho","tag-meta-de-deficit-zero","tag-ministerio-da-fazenda","tag-politica-fiscal","tag-precatorios-federais","tag-previdencia-social","tag-prisma-fiscal","tag-receitas","tag-receitas-e-despesas","tag-relatorio-do-tesouro","tag-resultado-fiscal","tag-superavit-do-tesouro","tag-tesouro-nacional","post--single"],"yoast_head":"<!-- This site is optimized with the Yoast SEO plugin v27.4 - https:\/\/yoast.com\/product\/yoast-seo-wordpress\/ -->\n<title>D\u00e9ficit prim\u00e1rio do Governo Central sobe 166% e atinge bilh\u00f5es em setembro<\/title>\n<meta name=\"description\" content=\"D\u00e9ficit prim\u00e1rio sobe 166% em setembro e atinge R$ 14,5 bi. Despesas crescem mais que receitas, diz Tesouro Nacional.\" \/>\n<meta name=\"robots\" content=\"index, follow, max-snippet:-1, max-image-preview:large, max-video-preview:-1\" \/>\n<link rel=\"canonical\" href=\"https:\/\/folhadoleste.com.br\/en\/deficit-primario-governo-central-setembro-2025\/\" \/>\n<meta property=\"og:locale\" content=\"en_US\" \/>\n<meta property=\"og:type\" content=\"article\" \/>\n<meta property=\"og:title\" content=\"D\u00e9ficit prim\u00e1rio do Governo Central sobe 166% e atinge bilh\u00f5es em setembro\" \/>\n<meta property=\"og:description\" content=\"D\u00e9ficit prim\u00e1rio sobe 166% em setembro e atinge R$ 14,5 bi. Despesas crescem mais que receitas, diz Tesouro Nacional.\" \/>\n<meta property=\"og:url\" content=\"https:\/\/folhadoleste.com.br\/en\/deficit-primario-governo-central-setembro-2025\/\" \/>\n<meta property=\"og:site_name\" content=\"Folha do Leste\" \/>\n<meta property=\"article:publisher\" content=\"https:\/\/www.facebook.com\/folhadoleste\" \/>\n<meta property=\"article:published_time\" content=\"2025-10-30T18:10:30+00:00\" \/>\n<meta property=\"article:modified_time\" content=\"2025-10-30T23:13:37+00:00\" \/>\n<meta property=\"og:image\" content=\"https:\/\/folhadoleste.com.br\/wp-content\/uploads\/2025\/10\/Governo-Central-Marcello-Casal-Jr-Agencia-Brasil.jpg\" \/>\n\t<meta property=\"og:image:width\" content=\"1300\" \/>\n\t<meta property=\"og:image:height\" content=\"700\" \/>\n\t<meta property=\"og:image:type\" content=\"image\/jpeg\" \/>\n<meta name=\"author\" content=\"Enzo Carvalho\" \/>\n<meta name=\"twitter:card\" content=\"summary_large_image\" \/>\n<meta name=\"twitter:creator\" content=\"@FolhadoLesteRJ\" \/>\n<meta name=\"twitter:site\" content=\"@FolhadoLesteRJ\" \/>\n<meta name=\"twitter:label1\" content=\"Written by\" \/>\n\t<meta name=\"twitter:data1\" content=\"Enzo Carvalho\" \/>\n\t<meta name=\"twitter:label2\" content=\"Est. reading time\" \/>\n\t<meta name=\"twitter:data2\" content=\"3 minutes\" \/>\n<script type=\"application\/ld+json\" class=\"yoast-schema-graph\">{\"@context\":\"https:\\\/\\\/schema.org\",\"@graph\":[{\"@type\":\"NewsArticle\",\"@id\":\"https:\\\/\\\/folhadoleste.com.br\\\/deficit-primario-governo-central-setembro-2025\\\/#article\",\"isPartOf\":{\"@id\":\"https:\\\/\\\/folhadoleste.com.br\\\/deficit-primario-governo-central-setembro-2025\\\/\"},\"author\":{\"name\":\"Enzo Carvalho\",\"@id\":\"https:\\\/\\\/folhadoleste.com.br\\\/#\\\/schema\\\/person\\\/05d8a4b256c9faea581495e6c9be06f2\"},\"headline\":\"D\u00e9ficit prim\u00e1rio do Governo Central sobe 166% e atinge bilh\u00f5es em setembro\",\"datePublished\":\"2025-10-30T18:10:30+00:00\",\"dateModified\":\"2025-10-30T23:13:37+00:00\",\"mainEntityOfPage\":{\"@id\":\"https:\\\/\\\/folhadoleste.com.br\\\/deficit-primario-governo-central-setembro-2025\\\/\"},\"wordCount\":434,\"commentCount\":0,\"publisher\":{\"@id\":\"https:\\\/\\\/folhadoleste.com.br\\\/#organization\"},\"image\":{\"@id\":\"https:\\\/\\\/folhadoleste.com.br\\\/deficit-primario-governo-central-setembro-2025\\\/#primaryimage\"},\"thumbnailUrl\":\"https:\\\/\\\/folhadoleste.com.br\\\/wp-content\\\/uploads\\\/2025\\\/10\\\/Governo-Central-Marcello-Casal-Jr-Agencia-Brasil.jpg\",\"keywords\":[\"Arcabou\u00e7o fiscal\",\"arrecada\u00e7\u00e3o previdenci\u00e1ria\",\"Brasil\",\"Contas P\u00fablicas\",\"d\u00e9ficit da Previd\u00eancia\",\"D\u00e9ficit Prim\u00e1rio\",\"d\u00e9ficit prim\u00e1rio do Governo Central\",\"despesas\",\"Despesas Discricion\u00e1rias\",\"economia\",\"economia brasileira\",\"Finan\u00e7as P\u00fablicas\",\"Governo Central\",\"infla\u00e7\u00e3o IPCA\",\"mercado de trabalho\",\"meta de d\u00e9ficit zero\",\"Minist\u00e9rio da Fazenda\",\"Pol\u00edtica Fiscal\",\"precat\u00f3rios federais\",\"Previd\u00eancia Social\",\"Prisma Fiscal\",\"Receitas\",\"receitas e despesas\",\"relat\u00f3rio do Tesouro\",\"resultado fiscal\",\"super\u00e1vit do Tesouro\",\"Tesouro Nacional\"],\"articleSection\":[\"Brasil\"],\"inLanguage\":\"en-US\",\"potentialAction\":[{\"@type\":\"CommentAction\",\"name\":\"Comment\",\"target\":[\"https:\\\/\\\/folhadoleste.com.br\\\/deficit-primario-governo-central-setembro-2025\\\/#respond\"]}]},{\"@type\":\"WebPage\",\"@id\":\"https:\\\/\\\/folhadoleste.com.br\\\/deficit-primario-governo-central-setembro-2025\\\/\",\"url\":\"https:\\\/\\\/folhadoleste.com.br\\\/deficit-primario-governo-central-setembro-2025\\\/\",\"name\":\"D\u00e9ficit prim\u00e1rio do Governo Central sobe 166% e atinge bilh\u00f5es em setembro\",\"isPartOf\":{\"@id\":\"https:\\\/\\\/folhadoleste.com.br\\\/#website\"},\"primaryImageOfPage\":{\"@id\":\"https:\\\/\\\/folhadoleste.com.br\\\/deficit-primario-governo-central-setembro-2025\\\/#primaryimage\"},\"image\":{\"@id\":\"https:\\\/\\\/folhadoleste.com.br\\\/deficit-primario-governo-central-setembro-2025\\\/#primaryimage\"},\"thumbnailUrl\":\"https:\\\/\\\/folhadoleste.com.br\\\/wp-content\\\/uploads\\\/2025\\\/10\\\/Governo-Central-Marcello-Casal-Jr-Agencia-Brasil.jpg\",\"datePublished\":\"2025-10-30T18:10:30+00:00\",\"dateModified\":\"2025-10-30T23:13:37+00:00\",\"description\":\"D\u00e9ficit prim\u00e1rio sobe 166% em setembro e atinge R$ 14,5 bi. Despesas crescem mais que receitas, diz Tesouro Nacional.\",\"breadcrumb\":{\"@id\":\"https:\\\/\\\/folhadoleste.com.br\\\/deficit-primario-governo-central-setembro-2025\\\/#breadcrumb\"},\"inLanguage\":\"en-US\",\"potentialAction\":[{\"@type\":\"ReadAction\",\"target\":[\"https:\\\/\\\/folhadoleste.com.br\\\/deficit-primario-governo-central-setembro-2025\\\/\"]}]},{\"@type\":\"ImageObject\",\"inLanguage\":\"en-US\",\"@id\":\"https:\\\/\\\/folhadoleste.com.br\\\/deficit-primario-governo-central-setembro-2025\\\/#primaryimage\",\"url\":\"https:\\\/\\\/folhadoleste.com.br\\\/wp-content\\\/uploads\\\/2025\\\/10\\\/Governo-Central-Marcello-Casal-Jr-Agencia-Brasil.jpg\",\"contentUrl\":\"https:\\\/\\\/folhadoleste.com.br\\\/wp-content\\\/uploads\\\/2025\\\/10\\\/Governo-Central-Marcello-Casal-Jr-Agencia-Brasil.jpg\",\"width\":1300,\"height\":700,\"caption\":\"D\u00e9ficit prim\u00e1rio do Governo Central sobe 166% e atinge bilh\u00f5es em setembro | Marcello Casal Jr\\\/Ag\u00eancia Brasil\"},{\"@type\":\"BreadcrumbList\",\"@id\":\"https:\\\/\\\/folhadoleste.com.br\\\/deficit-primario-governo-central-setembro-2025\\\/#breadcrumb\",\"itemListElement\":[{\"@type\":\"ListItem\",\"position\":1,\"name\":\"In\u00edcio\",\"item\":\"https:\\\/\\\/folhadoleste.com.br\\\/\"},{\"@type\":\"ListItem\",\"position\":2,\"name\":\"Brasil\",\"item\":\"https:\\\/\\\/folhadoleste.com.br\\\/category\\\/brasil\\\/\"},{\"@type\":\"ListItem\",\"position\":3,\"name\":\"D\u00e9ficit prim\u00e1rio do Governo Central sobe 166% e atinge bilh\u00f5es em setembro\"}]},{\"@type\":\"WebSite\",\"@id\":\"https:\\\/\\\/folhadoleste.com.br\\\/#website\",\"url\":\"https:\\\/\\\/folhadoleste.com.br\\\/\",\"name\":\"Folha do Leste\",\"description\":\"Portal de Not\u00edcias com \u00eanfase em Niter\u00f3i, criando conte\u00fados desde a capital Rio de Janeiro, com olhar para o Leste Fluminense e suas cidades como S\u00e3o Gon\u00e7alo, Itabora\u00ed, Rio Bonito, Maric\u00e1, Saquarema e Araruama\",\"publisher\":{\"@id\":\"https:\\\/\\\/folhadoleste.com.br\\\/#organization\"},\"alternateName\":\"FL\",\"potentialAction\":[{\"@type\":\"SearchAction\",\"target\":{\"@type\":\"EntryPoint\",\"urlTemplate\":\"https:\\\/\\\/folhadoleste.com.br\\\/?s={search_term_string}\"},\"query-input\":{\"@type\":\"PropertyValueSpecification\",\"valueRequired\":true,\"valueName\":\"search_term_string\"}}],\"inLanguage\":\"en-US\"},{\"@type\":\"Organization\",\"@id\":\"https:\\\/\\\/folhadoleste.com.br\\\/#organization\",\"name\":\"Brasil 21 Comunica\u00e7\u00e3o\",\"alternateName\":\"BR21\",\"url\":\"https:\\\/\\\/folhadoleste.com.br\\\/\",\"logo\":{\"@type\":\"ImageObject\",\"inLanguage\":\"en-US\",\"@id\":\"https:\\\/\\\/folhadoleste.com.br\\\/#\\\/schema\\\/logo\\\/image\\\/\",\"url\":\"https:\\\/\\\/folhadoleste.com.br\\\/wp-content\\\/uploads\\\/2025\\\/12\\\/brasil-21-logomarca.avif\",\"contentUrl\":\"https:\\\/\\\/folhadoleste.com.br\\\/wp-content\\\/uploads\\\/2025\\\/12\\\/brasil-21-logomarca.avif\",\"width\":1044,\"height\":1044,\"caption\":\"Brasil 21 Comunica\u00e7\u00e3o\"},\"image\":{\"@id\":\"https:\\\/\\\/folhadoleste.com.br\\\/#\\\/schema\\\/logo\\\/image\\\/\"},\"sameAs\":[\"https:\\\/\\\/www.facebook.com\\\/folhadoleste\",\"https:\\\/\\\/x.com\\\/FolhadoLesteRJ\",\"https:\\\/\\\/www.instagram.com\\\/folhadoleste\\\/\"]},{\"@type\":\"Person\",\"@id\":\"https:\\\/\\\/folhadoleste.com.br\\\/#\\\/schema\\\/person\\\/05d8a4b256c9faea581495e6c9be06f2\",\"name\":\"Enzo Carvalho\",\"image\":{\"@type\":\"ImageObject\",\"inLanguage\":\"en-US\",\"@id\":\"https:\\\/\\\/folhadoleste.com.br\\\/wp-content\\\/litespeed\\\/avatar\\\/3fe471b6df482b28961bb8e87cd40a81.jpg?ver=1777161141\",\"url\":\"https:\\\/\\\/folhadoleste.com.br\\\/wp-content\\\/litespeed\\\/avatar\\\/3fe471b6df482b28961bb8e87cd40a81.jpg?ver=1777161141\",\"contentUrl\":\"https:\\\/\\\/folhadoleste.com.br\\\/wp-content\\\/litespeed\\\/avatar\\\/3fe471b6df482b28961bb8e87cd40a81.jpg?ver=1777161141\",\"caption\":\"Enzo Carvalho\"},\"description\":\"Enzo Carvalho \u00e9 jornalista profissional, com atua\u00e7\u00e3o voltada \u00e0 cobertura de inova\u00e7\u00e3o, tecnologia, cotidiano e esportes. Ex-jogador profissional de e-sports, traz para o jornalismo uma compreens\u00e3o pr\u00e1tica do universo digital, das plataformas tecnol\u00f3gicas e das transforma\u00e7\u00f5es provocadas pela cultura conectada.\",\"url\":\"https:\\\/\\\/folhadoleste.com.br\\\/en\\\/author\\\/enzo-carvalho\\\/\"}]}<\/script>\n<!-- \/ Yoast SEO plugin. -->","yoast_head_json":{"title":"D\u00e9ficit prim\u00e1rio do Governo Central sobe 166% e atinge bilh\u00f5es em setembro","description":"D\u00e9ficit prim\u00e1rio sobe 166% em setembro e atinge R$ 14,5 bi. Despesas crescem mais que receitas, diz Tesouro Nacional.","robots":{"index":"index","follow":"follow","max-snippet":"max-snippet:-1","max-image-preview":"max-image-preview:large","max-video-preview":"max-video-preview:-1"},"canonical":"https:\/\/folhadoleste.com.br\/en\/deficit-primario-governo-central-setembro-2025\/","og_locale":"en_US","og_type":"article","og_title":"D\u00e9ficit prim\u00e1rio do Governo Central sobe 166% e atinge bilh\u00f5es em setembro","og_description":"D\u00e9ficit prim\u00e1rio sobe 166% em setembro e atinge R$ 14,5 bi. Despesas crescem mais que receitas, diz Tesouro Nacional.","og_url":"https:\/\/folhadoleste.com.br\/en\/deficit-primario-governo-central-setembro-2025\/","og_site_name":"Folha do Leste","article_publisher":"https:\/\/www.facebook.com\/folhadoleste","article_published_time":"2025-10-30T18:10:30+00:00","article_modified_time":"2025-10-30T23:13:37+00:00","og_image":[{"width":1300,"height":700,"url":"https:\/\/folhadoleste.com.br\/wp-content\/uploads\/2025\/10\/Governo-Central-Marcello-Casal-Jr-Agencia-Brasil.jpg","type":"image\/jpeg"}],"author":"Enzo Carvalho","twitter_card":"summary_large_image","twitter_creator":"@FolhadoLesteRJ","twitter_site":"@FolhadoLesteRJ","twitter_misc":{"Written by":"Enzo Carvalho","Est. reading time":"3 minutes"},"schema":{"@context":"https:\/\/schema.org","@graph":[{"@type":"NewsArticle","@id":"https:\/\/folhadoleste.com.br\/deficit-primario-governo-central-setembro-2025\/#article","isPartOf":{"@id":"https:\/\/folhadoleste.com.br\/deficit-primario-governo-central-setembro-2025\/"},"author":{"name":"Enzo Carvalho","@id":"https:\/\/folhadoleste.com.br\/#\/schema\/person\/05d8a4b256c9faea581495e6c9be06f2"},"headline":"D\u00e9ficit prim\u00e1rio do Governo Central sobe 166% e atinge bilh\u00f5es em setembro","datePublished":"2025-10-30T18:10:30+00:00","dateModified":"2025-10-30T23:13:37+00:00","mainEntityOfPage":{"@id":"https:\/\/folhadoleste.com.br\/deficit-primario-governo-central-setembro-2025\/"},"wordCount":434,"commentCount":0,"publisher":{"@id":"https:\/\/folhadoleste.com.br\/#organization"},"image":{"@id":"https:\/\/folhadoleste.com.br\/deficit-primario-governo-central-setembro-2025\/#primaryimage"},"thumbnailUrl":"https:\/\/folhadoleste.com.br\/wp-content\/uploads\/2025\/10\/Governo-Central-Marcello-Casal-Jr-Agencia-Brasil.jpg","keywords":["Arcabou\u00e7o fiscal","arrecada\u00e7\u00e3o previdenci\u00e1ria","Brasil","Contas P\u00fablicas","d\u00e9ficit da Previd\u00eancia","D\u00e9ficit Prim\u00e1rio","d\u00e9ficit prim\u00e1rio do Governo Central","despesas","Despesas Discricion\u00e1rias","economia","economia brasileira","Finan\u00e7as P\u00fablicas","Governo Central","infla\u00e7\u00e3o IPCA","mercado de trabalho","meta de d\u00e9ficit zero","Minist\u00e9rio da Fazenda","Pol\u00edtica Fiscal","precat\u00f3rios federais","Previd\u00eancia Social","Prisma Fiscal","Receitas","receitas e despesas","relat\u00f3rio do Tesouro","resultado fiscal","super\u00e1vit do Tesouro","Tesouro Nacional"],"articleSection":["Brasil"],"inLanguage":"en-US","potentialAction":[{"@type":"CommentAction","name":"Comment","target":["https:\/\/folhadoleste.com.br\/deficit-primario-governo-central-setembro-2025\/#respond"]}]},{"@type":"WebPage","@id":"https:\/\/folhadoleste.com.br\/deficit-primario-governo-central-setembro-2025\/","url":"https:\/\/folhadoleste.com.br\/deficit-primario-governo-central-setembro-2025\/","name":"D\u00e9ficit prim\u00e1rio do Governo Central sobe 166% e atinge bilh\u00f5es em setembro","isPartOf":{"@id":"https:\/\/folhadoleste.com.br\/#website"},"primaryImageOfPage":{"@id":"https:\/\/folhadoleste.com.br\/deficit-primario-governo-central-setembro-2025\/#primaryimage"},"image":{"@id":"https:\/\/folhadoleste.com.br\/deficit-primario-governo-central-setembro-2025\/#primaryimage"},"thumbnailUrl":"https:\/\/folhadoleste.com.br\/wp-content\/uploads\/2025\/10\/Governo-Central-Marcello-Casal-Jr-Agencia-Brasil.jpg","datePublished":"2025-10-30T18:10:30+00:00","dateModified":"2025-10-30T23:13:37+00:00","description":"D\u00e9ficit prim\u00e1rio sobe 166% em setembro e atinge R$ 14,5 bi. Despesas crescem mais que receitas, diz Tesouro Nacional.","breadcrumb":{"@id":"https:\/\/folhadoleste.com.br\/deficit-primario-governo-central-setembro-2025\/#breadcrumb"},"inLanguage":"en-US","potentialAction":[{"@type":"ReadAction","target":["https:\/\/folhadoleste.com.br\/deficit-primario-governo-central-setembro-2025\/"]}]},{"@type":"ImageObject","inLanguage":"en-US","@id":"https:\/\/folhadoleste.com.br\/deficit-primario-governo-central-setembro-2025\/#primaryimage","url":"https:\/\/folhadoleste.com.br\/wp-content\/uploads\/2025\/10\/Governo-Central-Marcello-Casal-Jr-Agencia-Brasil.jpg","contentUrl":"https:\/\/folhadoleste.com.br\/wp-content\/uploads\/2025\/10\/Governo-Central-Marcello-Casal-Jr-Agencia-Brasil.jpg","width":1300,"height":700,"caption":"D\u00e9ficit prim\u00e1rio do Governo Central sobe 166% e atinge bilh\u00f5es em setembro | Marcello Casal Jr\/Ag\u00eancia Brasil"},{"@type":"BreadcrumbList","@id":"https:\/\/folhadoleste.com.br\/deficit-primario-governo-central-setembro-2025\/#breadcrumb","itemListElement":[{"@type":"ListItem","position":1,"name":"In\u00edcio","item":"https:\/\/folhadoleste.com.br\/"},{"@type":"ListItem","position":2,"name":"Brasil","item":"https:\/\/folhadoleste.com.br\/category\/brasil\/"},{"@type":"ListItem","position":3,"name":"D\u00e9ficit prim\u00e1rio do Governo Central sobe 166% e atinge bilh\u00f5es em setembro"}]},{"@type":"WebSite","@id":"https:\/\/folhadoleste.com.br\/#website","url":"https:\/\/folhadoleste.com.br\/","name":"Folha do Leste","description":"Portal de Not\u00edcias com \u00eanfase em Niter\u00f3i, criando conte\u00fados desde a capital Rio de Janeiro, com olhar para o Leste Fluminense e suas cidades como S\u00e3o Gon\u00e7alo, Itabora\u00ed, Rio Bonito, Maric\u00e1, Saquarema e Araruama","publisher":{"@id":"https:\/\/folhadoleste.com.br\/#organization"},"alternateName":"FL","potentialAction":[{"@type":"SearchAction","target":{"@type":"EntryPoint","urlTemplate":"https:\/\/folhadoleste.com.br\/?s={search_term_string}"},"query-input":{"@type":"PropertyValueSpecification","valueRequired":true,"valueName":"search_term_string"}}],"inLanguage":"en-US"},{"@type":"Organization","@id":"https:\/\/folhadoleste.com.br\/#organization","name":"Brasil 21 Comunica\u00e7\u00e3o","alternateName":"BR21","url":"https:\/\/folhadoleste.com.br\/","logo":{"@type":"ImageObject","inLanguage":"en-US","@id":"https:\/\/folhadoleste.com.br\/#\/schema\/logo\/image\/","url":"https:\/\/folhadoleste.com.br\/wp-content\/uploads\/2025\/12\/brasil-21-logomarca.avif","contentUrl":"https:\/\/folhadoleste.com.br\/wp-content\/uploads\/2025\/12\/brasil-21-logomarca.avif","width":1044,"height":1044,"caption":"Brasil 21 Comunica\u00e7\u00e3o"},"image":{"@id":"https:\/\/folhadoleste.com.br\/#\/schema\/logo\/image\/"},"sameAs":["https:\/\/www.facebook.com\/folhadoleste","https:\/\/x.com\/FolhadoLesteRJ","https:\/\/www.instagram.com\/folhadoleste\/"]},{"@type":"Person","@id":"https:\/\/folhadoleste.com.br\/#\/schema\/person\/05d8a4b256c9faea581495e6c9be06f2","name":"Enzo Carvalho","image":{"@type":"ImageObject","inLanguage":"en-US","@id":"https:\/\/folhadoleste.com.br\/wp-content\/litespeed\/avatar\/3fe471b6df482b28961bb8e87cd40a81.jpg?ver=1777161141","url":"https:\/\/folhadoleste.com.br\/wp-content\/litespeed\/avatar\/3fe471b6df482b28961bb8e87cd40a81.jpg?ver=1777161141","contentUrl":"https:\/\/folhadoleste.com.br\/wp-content\/litespeed\/avatar\/3fe471b6df482b28961bb8e87cd40a81.jpg?ver=1777161141","caption":"Enzo Carvalho"},"description":"Enzo Carvalho \u00e9 jornalista profissional, com atua\u00e7\u00e3o voltada \u00e0 cobertura de inova\u00e7\u00e3o, tecnologia, cotidiano e esportes. Ex-jogador profissional de e-sports, traz para o jornalismo uma compreens\u00e3o pr\u00e1tica do universo digital, das plataformas tecnol\u00f3gicas e das transforma\u00e7\u00f5es provocadas pela cultura conectada.","url":"https:\/\/folhadoleste.com.br\/en\/author\/enzo-carvalho\/"}]}},"_links":{"self":[{"href":"https:\/\/folhadoleste.com.br\/en\/wp-json\/wp\/v2\/posts\/147963","targetHints":{"allow":["GET"]}}],"collection":[{"href":"https:\/\/folhadoleste.com.br\/en\/wp-json\/wp\/v2\/posts"}],"about":[{"href":"https:\/\/folhadoleste.com.br\/en\/wp-json\/wp\/v2\/types\/post"}],"author":[{"embeddable":true,"href":"https:\/\/folhadoleste.com.br\/en\/wp-json\/wp\/v2\/users\/5"}],"replies":[{"embeddable":true,"href":"https:\/\/folhadoleste.com.br\/en\/wp-json\/wp\/v2\/comments?post=147963"}],"version-history":[{"count":1,"href":"https:\/\/folhadoleste.com.br\/en\/wp-json\/wp\/v2\/posts\/147963\/revisions"}],"predecessor-version":[{"id":147968,"href":"https:\/\/folhadoleste.com.br\/en\/wp-json\/wp\/v2\/posts\/147963\/revisions\/147968"}],"wp:featuredmedia":[{"embeddable":true,"href":"https:\/\/folhadoleste.com.br\/en\/wp-json\/wp\/v2\/media\/147967"}],"wp:attachment":[{"href":"https:\/\/folhadoleste.com.br\/en\/wp-json\/wp\/v2\/media?parent=147963"}],"wp:term":[{"taxonomy":"category","embeddable":true,"href":"https:\/\/folhadoleste.com.br\/en\/wp-json\/wp\/v2\/categories?post=147963"},{"taxonomy":"post_tag","embeddable":true,"href":"https:\/\/folhadoleste.com.br\/en\/wp-json\/wp\/v2\/tags?post=147963"}],"curies":[{"name":"wp","href":"https:\/\/api.w.org\/{rel}","templated":true}]}}