{"id":147397,"date":"2025-10-27T13:00:40","date_gmt":"2025-10-27T16:00:40","guid":{"rendered":"https:\/\/folhadoleste.com.br\/?p=147397"},"modified":"2025-10-27T18:32:33","modified_gmt":"2025-10-27T21:32:33","slug":"previsao-do-tempo-em-niteroi-7","status":"publish","type":"post","link":"https:\/\/folhadoleste.com.br\/en\/previsao-do-tempo-em-niteroi-7\/","title":{"rendered":"Previs\u00e3o do tempo em Niter\u00f3i indica frente fria e chuva nos pr\u00f3ximos dias"},"content":{"rendered":"<div id=\"attachment_69680\" style=\"width: 1290px\" class=\"wp-caption aligncenter\"><img decoding=\"async\" aria-describedby=\"caption-attachment-69680\" class=\"size-full wp-image-69680\" src=\"https:\/\/folhadoleste.com.br\/wp-content\/uploads\/2024\/06\/Previsao-do-tempo-Niteroi-quinta-feira-6-de-junho-de-2024-Andre-Freitas-1.jpg\" alt=\"Previs\u00e3o do tempo Niter\u00f3i: quinta-feira, 6 de junho de 2024\" width=\"1280\" height=\"753\" \/><p id=\"caption-attachment-69680\" class=\"wp-caption-text\">Previs\u00e3o do tempo em Niter\u00f3i indica frente fria e chuva nos pr\u00f3ximos dias | Andr\u00e9 Freitas\/Folha do Leste<\/p><\/div>\n<p style=\"text-align: justify;\" data-start=\"672\" data-end=\"941\">A <strong data-start=\"674\" data-end=\"706\">previs\u00e3o do tempo em Niter\u00f3i<\/strong> aponta mudan\u00e7as significativas nos pr\u00f3ximos dias.<\/p>\n<p style=\"text-align: justify;\" data-start=\"672\" data-end=\"941\">O <strong data-start=\"761\" data-end=\"816\">Centro de Monitoramento e Opera\u00e7\u00f5es da Defesa Civil<\/strong> informou que um <strong data-start=\"833\" data-end=\"873\">sistema de baixa press\u00e3o atmosf\u00e9rica<\/strong> pr\u00f3ximo ao litoral vai <strong data-start=\"897\" data-end=\"930\">alterar as condi\u00e7\u00f5es do tempo<\/strong> na cidade.<\/p>\n<h3 style=\"text-align: justify;\" data-start=\"948\" data-end=\"1006\"><strong data-start=\"951\" data-end=\"1006\">Segunda-feira com aumento de nuvens e chuva isolada<\/strong><\/h3>\n<p style=\"text-align: justify;\" data-start=\"1008\" data-end=\"1250\">Nesta segunda-feira (27), o <strong data-start=\"1036\" data-end=\"1077\">c\u00e9u fica claro a parcialmente nublado<\/strong>, passando a <strong data-start=\"1090\" data-end=\"1117\">nublado no fim da tarde<\/strong>.<\/p>\n<p style=\"text-align: justify;\" data-start=\"1008\" data-end=\"1250\">H\u00e1 <strong data-start=\"1124\" data-end=\"1158\">chuva fraca a moderada isolada<\/strong> \u00e0 noite.<\/p>\n<p style=\"text-align: justify;\" data-start=\"1008\" data-end=\"1250\">Os <strong data-start=\"1173\" data-end=\"1204\">ventos permanecem moderados<\/strong>, e a sensa\u00e7\u00e3o ser\u00e1 de <strong data-start=\"1227\" data-end=\"1249\">ar abafado e \u00famido<\/strong>.<\/p>\n<h3 style=\"text-align: justify;\" data-start=\"1257\" data-end=\"1320\"><strong data-start=\"1260\" data-end=\"1320\">Ter\u00e7a-feira ser\u00e1 de instabilidade e queda de temperatura<\/strong><\/h3>\n<p style=\"text-align: justify;\" data-start=\"1322\" data-end=\"1633\">Na ter\u00e7a-feira (28), o clima segue <strong data-start=\"1357\" data-end=\"1369\">inst\u00e1vel<\/strong>, com <strong data-start=\"1375\" data-end=\"1409\">c\u00e9u nublado durante todo o dia<\/strong>.<\/p>\n<p style=\"text-align: justify;\" data-start=\"1322\" data-end=\"1633\">A <strong data-start=\"1415\" data-end=\"1441\">chuva fraca a moderada<\/strong> pode ocorrer a qualquer momento, acompanhada de <strong data-start=\"1490\" data-end=\"1519\">ventos fracos a moderados<\/strong>.<\/p>\n<p style=\"text-align: justify;\" data-start=\"1322\" data-end=\"1633\">As <strong data-start=\"1526\" data-end=\"1561\">temperaturas entram em decl\u00ednio<\/strong>, marcando a chegada de uma <strong data-start=\"1589\" data-end=\"1609\">leve frente fria<\/strong> \u00e0 Regi\u00e3o Metropolitana.<\/p>\n<h3 style=\"text-align: justify;\" data-start=\"1640\" data-end=\"1685\"><strong data-start=\"1643\" data-end=\"1685\">Quarta-feira ter\u00e1 pancadas mais fortes<\/strong><\/h3>\n<p style=\"text-align: justify;\" data-start=\"1687\" data-end=\"1984\">Na quarta (29), o <strong data-start=\"1705\" data-end=\"1730\">c\u00e9u permanece nublado<\/strong>, com <strong data-start=\"1736\" data-end=\"1780\">chuva fraca isolada de madrugada e manh\u00e3<\/strong>.<\/p>\n<p style=\"text-align: justify;\" data-start=\"1687\" data-end=\"1984\">A partir da tarde, h\u00e1 <strong data-start=\"1806\" data-end=\"1844\">pancadas de chuva moderada a forte<\/strong>, com <strong data-start=\"1850\" data-end=\"1870\">ventos moderados<\/strong>.<\/p>\n<p style=\"text-align: justify;\" data-start=\"1687\" data-end=\"1984\">A Defesa Civil alerta para <strong data-start=\"1901\" data-end=\"1935\">alagamentos e rajadas de vento<\/strong>, especialmente nas regi\u00f5es <strong data-start=\"1963\" data-end=\"1983\">Oce\u00e2nica e Norte<\/strong>.<\/p>\n<pre style=\"text-align: center;\"><span style=\"color: #000000;\"><span style=\"color: #ff0000;\"><strong>+ <\/strong><\/span><\/span><span style=\"color: #000000;\"><strong><span style=\"color: #ff9900;\">MAIS NOT\u00cdCIAS DE NITER\u00d3I?<\/span>\u00a0<\/strong><\/span><span style=\"color: #008080;\"><a style=\"color: #008080;\" href=\"https:\/\/folhadoleste.com.br\/en\/category\/jornal-folha-do-leste-rj\/niteroi\/\"><strong>CLIQUE AQUI<\/strong><\/a><\/span><\/pre>","protected":false},"excerpt":{"rendered":"<p>A previs\u00e3o do tempo em Niter\u00f3i aponta mudan\u00e7as significativas nos pr\u00f3ximos dias. O Centro de Monitoramento e Opera\u00e7\u00f5es da Defesa Civil informou que um sistema de baixa press\u00e3o atmosf\u00e9rica pr\u00f3ximo ao litoral vai alterar as condi\u00e7\u00f5es do tempo na cidade. Segunda-feira com aumento de nuvens e chuva isolada Nesta segunda-feira (27), o c\u00e9u fica claro a parcialmente nublado, passando a nublado no fim da tarde. H\u00e1 chuva fraca a moderada isolada \u00e0 noite. Os ventos permanecem moderados, e a sensa\u00e7\u00e3o ser\u00e1 de ar abafado e \u00famido. Ter\u00e7a-feira ser\u00e1 de instabilidade e queda de temperatura Na ter\u00e7a-feira (28), o clima segue [&hellip;]<\/p>\n","protected":false},"author":5,"featured_media":69680,"comment_status":"open","ping_status":"open","sticky":false,"template":"","format":"standard","meta":{"footnotes":""},"categories":[47,5],"tags":[27450,28443,101663,2614,18266,1273,57729,86560,717,3211,101664,101665,37752,54,73284,50,101667,101661,594,84967,16775,806,101668,48638,101662,101666,41286,22582],"class_list":["post-147397","post","type-post","status-publish","format-standard","has-post-thumbnail","hentry","category-leste-fluminense","category-noticias-de-niteroi","tag-alerta-de-chuva","tag-alerta-meteorologico","tag-baixa-pressao-atmosferica","tag-chuva","tag-chuva-fraca","tag-clima","tag-clima-niteroi","tag-condicoes-do-tempo","tag-defesa-civil","tag-frente-fria","tag-frente-fria-litoral","tag-frente-fria-no-rj","tag-instabilidade-climatica","tag-leste-fluminense","tag-meteorologia-niteroi","tag-niteroi","tag-pancadas-de-chuva-niteroi","tag-pancadas-fortes","tag-previsao-do-tempo","tag-previsao-do-tempo-em-niteroi","tag-previsao-meteorologica","tag-regiao-oceanica","tag-regioes-oceanica-e-norte","tag-semana-chuvosa","tag-temperatura-em-queda","tag-tempo-abafado","tag-tempo-nublado","tag-ventos-moderados","post--single"],"yoast_head":"<!-- This site is optimized with the Yoast SEO plugin v27.4 - https:\/\/yoast.com\/product\/yoast-seo-wordpress\/ -->\n<title>Previs\u00e3o do tempo em Niter\u00f3i indica frente fria e chuva nos pr\u00f3ximos dias<\/title>\n<meta name=\"description\" content=\"Previs\u00e3o do tempo em Niter\u00f3i indica frente fria e chuva entre segunda e quarta, segundo a Defesa Civil; Confira...\" \/>\n<meta name=\"robots\" content=\"index, follow, max-snippet:-1, max-image-preview:large, max-video-preview:-1\" \/>\n<link rel=\"canonical\" href=\"https:\/\/folhadoleste.com.br\/en\/previsao-do-tempo-em-niteroi-7\/\" \/>\n<meta property=\"og:locale\" content=\"en_US\" \/>\n<meta property=\"og:type\" content=\"article\" \/>\n<meta property=\"og:title\" content=\"Previs\u00e3o do tempo em Niter\u00f3i indica frente fria e chuva nos pr\u00f3ximos dias\" \/>\n<meta property=\"og:description\" content=\"Previs\u00e3o do tempo em Niter\u00f3i indica frente fria e chuva entre segunda e quarta, segundo a Defesa Civil; Confira...\" \/>\n<meta property=\"og:url\" content=\"https:\/\/folhadoleste.com.br\/en\/previsao-do-tempo-em-niteroi-7\/\" \/>\n<meta property=\"og:site_name\" content=\"Folha do Leste\" \/>\n<meta property=\"article:publisher\" content=\"https:\/\/www.facebook.com\/folhadoleste\" \/>\n<meta property=\"article:published_time\" content=\"2025-10-27T16:00:40+00:00\" \/>\n<meta property=\"article:modified_time\" content=\"2025-10-27T21:32:33+00:00\" \/>\n<meta property=\"og:image\" content=\"https:\/\/folhadoleste.com.br\/wp-content\/uploads\/2024\/06\/Previsao-do-tempo-Niteroi-quinta-feira-6-de-junho-de-2024-Andre-Freitas-1.jpg\" \/>\n\t<meta property=\"og:image:width\" content=\"1280\" \/>\n\t<meta property=\"og:image:height\" content=\"753\" \/>\n\t<meta property=\"og:image:type\" content=\"image\/jpeg\" \/>\n<meta name=\"author\" content=\"Enzo Carvalho\" \/>\n<meta name=\"twitter:card\" content=\"summary_large_image\" \/>\n<meta name=\"twitter:creator\" content=\"@FolhadoLesteRJ\" \/>\n<meta name=\"twitter:site\" content=\"@FolhadoLesteRJ\" \/>\n<meta name=\"twitter:label1\" content=\"Written by\" \/>\n\t<meta name=\"twitter:data1\" content=\"Enzo Carvalho\" \/>\n\t<meta name=\"twitter:label2\" content=\"Est. reading time\" \/>\n\t<meta name=\"twitter:data2\" content=\"2 minutes\" \/>\n<script type=\"application\/ld+json\" class=\"yoast-schema-graph\">{\"@context\":\"https:\\\/\\\/schema.org\",\"@graph\":[{\"@type\":\"NewsArticle\",\"@id\":\"https:\\\/\\\/folhadoleste.com.br\\\/previsao-do-tempo-em-niteroi-7\\\/#article\",\"isPartOf\":{\"@id\":\"https:\\\/\\\/folhadoleste.com.br\\\/previsao-do-tempo-em-niteroi-7\\\/\"},\"author\":{\"name\":\"Enzo Carvalho\",\"@id\":\"https:\\\/\\\/folhadoleste.com.br\\\/#\\\/schema\\\/person\\\/05d8a4b256c9faea581495e6c9be06f2\"},\"headline\":\"Previs\u00e3o do tempo em Niter\u00f3i indica frente fria e chuva nos pr\u00f3ximos dias\",\"datePublished\":\"2025-10-27T16:00:40+00:00\",\"dateModified\":\"2025-10-27T21:32:33+00:00\",\"mainEntityOfPage\":{\"@id\":\"https:\\\/\\\/folhadoleste.com.br\\\/previsao-do-tempo-em-niteroi-7\\\/\"},\"wordCount\":249,\"commentCount\":0,\"publisher\":{\"@id\":\"https:\\\/\\\/folhadoleste.com.br\\\/#organization\"},\"image\":{\"@id\":\"https:\\\/\\\/folhadoleste.com.br\\\/previsao-do-tempo-em-niteroi-7\\\/#primaryimage\"},\"thumbnailUrl\":\"https:\\\/\\\/folhadoleste.com.br\\\/wp-content\\\/uploads\\\/2024\\\/06\\\/Previsao-do-tempo-Niteroi-quinta-feira-6-de-junho-de-2024-Andre-Freitas-1.jpg\",\"keywords\":[\"Alerta de Chuva\",\"Alerta meteorol\u00f3gico\",\"baixa press\u00e3o atmosf\u00e9rica\",\"chuva\",\"Chuva fraca\",\"clima\",\"clima Niter\u00f3i\",\"condi\u00e7\u00f5es do tempo\",\"Defesa Civil\",\"frente fria\",\"frente fria litoral\",\"frente fria no RJ\",\"instabilidade clim\u00e1tica\",\"Leste Fluminense\",\"meteorologia Niter\u00f3i\",\"Niter\u00f3i\",\"pancadas de chuva Niter\u00f3i\",\"pancadas fortes\",\"previs\u00e3o do tempo\",\"previs\u00e3o do tempo em Niter\u00f3i\",\"previs\u00e3o meteorol\u00f3gica\",\"Regi\u00e3o Oce\u00e2nica\",\"regi\u00f5es Oce\u00e2nica e Norte\",\"semana chuvosa\",\"temperatura em queda\",\"tempo abafado\",\"tempo nublado\",\"Ventos Moderados\"],\"articleSection\":[\"Leste Fluminense\",\"Niter\u00f3i\"],\"inLanguage\":\"en-US\",\"potentialAction\":[{\"@type\":\"CommentAction\",\"name\":\"Comment\",\"target\":[\"https:\\\/\\\/folhadoleste.com.br\\\/previsao-do-tempo-em-niteroi-7\\\/#respond\"]}]},{\"@type\":\"WebPage\",\"@id\":\"https:\\\/\\\/folhadoleste.com.br\\\/previsao-do-tempo-em-niteroi-7\\\/\",\"url\":\"https:\\\/\\\/folhadoleste.com.br\\\/previsao-do-tempo-em-niteroi-7\\\/\",\"name\":\"Previs\u00e3o do tempo em Niter\u00f3i indica frente fria e chuva nos pr\u00f3ximos dias\",\"isPartOf\":{\"@id\":\"https:\\\/\\\/folhadoleste.com.br\\\/#website\"},\"primaryImageOfPage\":{\"@id\":\"https:\\\/\\\/folhadoleste.com.br\\\/previsao-do-tempo-em-niteroi-7\\\/#primaryimage\"},\"image\":{\"@id\":\"https:\\\/\\\/folhadoleste.com.br\\\/previsao-do-tempo-em-niteroi-7\\\/#primaryimage\"},\"thumbnailUrl\":\"https:\\\/\\\/folhadoleste.com.br\\\/wp-content\\\/uploads\\\/2024\\\/06\\\/Previsao-do-tempo-Niteroi-quinta-feira-6-de-junho-de-2024-Andre-Freitas-1.jpg\",\"datePublished\":\"2025-10-27T16:00:40+00:00\",\"dateModified\":\"2025-10-27T21:32:33+00:00\",\"description\":\"Previs\u00e3o do tempo em Niter\u00f3i indica frente fria e chuva entre segunda e quarta, segundo a Defesa Civil; Confira...\",\"breadcrumb\":{\"@id\":\"https:\\\/\\\/folhadoleste.com.br\\\/previsao-do-tempo-em-niteroi-7\\\/#breadcrumb\"},\"inLanguage\":\"en-US\",\"potentialAction\":[{\"@type\":\"ReadAction\",\"target\":[\"https:\\\/\\\/folhadoleste.com.br\\\/previsao-do-tempo-em-niteroi-7\\\/\"]}]},{\"@type\":\"ImageObject\",\"inLanguage\":\"en-US\",\"@id\":\"https:\\\/\\\/folhadoleste.com.br\\\/previsao-do-tempo-em-niteroi-7\\\/#primaryimage\",\"url\":\"https:\\\/\\\/folhadoleste.com.br\\\/wp-content\\\/uploads\\\/2024\\\/06\\\/Previsao-do-tempo-Niteroi-quinta-feira-6-de-junho-de-2024-Andre-Freitas-1.jpg\",\"contentUrl\":\"https:\\\/\\\/folhadoleste.com.br\\\/wp-content\\\/uploads\\\/2024\\\/06\\\/Previsao-do-tempo-Niteroi-quinta-feira-6-de-junho-de-2024-Andre-Freitas-1.jpg\",\"width\":1280,\"height\":753,\"caption\":\"Previs\u00e3o do tempo em Niter\u00f3i indica ressaca e mudan\u00e7a no clima | Andr\u00e9 Freitas\\\/Folha do Leste\"},{\"@type\":\"BreadcrumbList\",\"@id\":\"https:\\\/\\\/folhadoleste.com.br\\\/previsao-do-tempo-em-niteroi-7\\\/#breadcrumb\",\"itemListElement\":[{\"@type\":\"ListItem\",\"position\":1,\"name\":\"In\u00edcio\",\"item\":\"https:\\\/\\\/folhadoleste.com.br\\\/\"},{\"@type\":\"ListItem\",\"position\":2,\"name\":\"Estado do Rio de Janeiro\",\"item\":\"https:\\\/\\\/folhadoleste.com.br\\\/category\\\/estado-do-rio-de-janeiro\\\/\"},{\"@type\":\"ListItem\",\"position\":3,\"name\":\"Leste Fluminense\",\"item\":\"https:\\\/\\\/folhadoleste.com.br\\\/category\\\/estado-do-rio-de-janeiro\\\/leste-fluminense\\\/\"},{\"@type\":\"ListItem\",\"position\":4,\"name\":\"Niter\u00f3i\",\"item\":\"https:\\\/\\\/folhadoleste.com.br\\\/category\\\/estado-do-rio-de-janeiro\\\/leste-fluminense\\\/noticias-de-niteroi\\\/\"},{\"@type\":\"ListItem\",\"position\":5,\"name\":\"Previs\u00e3o do tempo em Niter\u00f3i indica frente fria e chuva nos pr\u00f3ximos dias\"}]},{\"@type\":\"WebSite\",\"@id\":\"https:\\\/\\\/folhadoleste.com.br\\\/#website\",\"url\":\"https:\\\/\\\/folhadoleste.com.br\\\/\",\"name\":\"Folha do Leste\",\"description\":\"Portal de Not\u00edcias com \u00eanfase em Niter\u00f3i, criando conte\u00fados desde a capital Rio de Janeiro, com olhar para o Leste Fluminense e suas cidades como S\u00e3o Gon\u00e7alo, Itabora\u00ed, Rio Bonito, Maric\u00e1, Saquarema e Araruama\",\"publisher\":{\"@id\":\"https:\\\/\\\/folhadoleste.com.br\\\/#organization\"},\"alternateName\":\"FL\",\"potentialAction\":[{\"@type\":\"SearchAction\",\"target\":{\"@type\":\"EntryPoint\",\"urlTemplate\":\"https:\\\/\\\/folhadoleste.com.br\\\/?s={search_term_string}\"},\"query-input\":{\"@type\":\"PropertyValueSpecification\",\"valueRequired\":true,\"valueName\":\"search_term_string\"}}],\"inLanguage\":\"en-US\"},{\"@type\":\"Organization\",\"@id\":\"https:\\\/\\\/folhadoleste.com.br\\\/#organization\",\"name\":\"Brasil 21 Comunica\u00e7\u00e3o\",\"alternateName\":\"BR21\",\"url\":\"https:\\\/\\\/folhadoleste.com.br\\\/\",\"logo\":{\"@type\":\"ImageObject\",\"inLanguage\":\"en-US\",\"@id\":\"https:\\\/\\\/folhadoleste.com.br\\\/#\\\/schema\\\/logo\\\/image\\\/\",\"url\":\"https:\\\/\\\/folhadoleste.com.br\\\/wp-content\\\/uploads\\\/2025\\\/12\\\/brasil-21-logomarca.avif\",\"contentUrl\":\"https:\\\/\\\/folhadoleste.com.br\\\/wp-content\\\/uploads\\\/2025\\\/12\\\/brasil-21-logomarca.avif\",\"width\":1044,\"height\":1044,\"caption\":\"Brasil 21 Comunica\u00e7\u00e3o\"},\"image\":{\"@id\":\"https:\\\/\\\/folhadoleste.com.br\\\/#\\\/schema\\\/logo\\\/image\\\/\"},\"sameAs\":[\"https:\\\/\\\/www.facebook.com\\\/folhadoleste\",\"https:\\\/\\\/x.com\\\/FolhadoLesteRJ\",\"https:\\\/\\\/www.instagram.com\\\/folhadoleste\\\/\"]},{\"@type\":\"Person\",\"@id\":\"https:\\\/\\\/folhadoleste.com.br\\\/#\\\/schema\\\/person\\\/05d8a4b256c9faea581495e6c9be06f2\",\"name\":\"Enzo Carvalho\",\"image\":{\"@type\":\"ImageObject\",\"inLanguage\":\"en-US\",\"@id\":\"https:\\\/\\\/folhadoleste.com.br\\\/wp-content\\\/litespeed\\\/avatar\\\/3fe471b6df482b28961bb8e87cd40a81.jpg?ver=1777161141\",\"url\":\"https:\\\/\\\/folhadoleste.com.br\\\/wp-content\\\/litespeed\\\/avatar\\\/3fe471b6df482b28961bb8e87cd40a81.jpg?ver=1777161141\",\"contentUrl\":\"https:\\\/\\\/folhadoleste.com.br\\\/wp-content\\\/litespeed\\\/avatar\\\/3fe471b6df482b28961bb8e87cd40a81.jpg?ver=1777161141\",\"caption\":\"Enzo Carvalho\"},\"description\":\"Enzo Carvalho \u00e9 jornalista profissional, com atua\u00e7\u00e3o voltada \u00e0 cobertura de inova\u00e7\u00e3o, tecnologia, cotidiano e esportes. Ex-jogador profissional de e-sports, traz para o jornalismo uma compreens\u00e3o pr\u00e1tica do universo digital, das plataformas tecnol\u00f3gicas e das transforma\u00e7\u00f5es provocadas pela cultura conectada.\",\"url\":\"https:\\\/\\\/folhadoleste.com.br\\\/en\\\/author\\\/enzo-carvalho\\\/\"}]}<\/script>\n<!-- \/ Yoast SEO plugin. -->","yoast_head_json":{"title":"Previs\u00e3o do tempo em Niter\u00f3i indica frente fria e chuva nos pr\u00f3ximos dias","description":"Previs\u00e3o do tempo em Niter\u00f3i indica frente fria e chuva entre segunda e quarta, segundo a Defesa Civil; Confira...","robots":{"index":"index","follow":"follow","max-snippet":"max-snippet:-1","max-image-preview":"max-image-preview:large","max-video-preview":"max-video-preview:-1"},"canonical":"https:\/\/folhadoleste.com.br\/en\/previsao-do-tempo-em-niteroi-7\/","og_locale":"en_US","og_type":"article","og_title":"Previs\u00e3o do tempo em Niter\u00f3i indica frente fria e chuva nos pr\u00f3ximos dias","og_description":"Previs\u00e3o do tempo em Niter\u00f3i indica frente fria e chuva entre segunda e quarta, segundo a Defesa Civil; Confira...","og_url":"https:\/\/folhadoleste.com.br\/en\/previsao-do-tempo-em-niteroi-7\/","og_site_name":"Folha do Leste","article_publisher":"https:\/\/www.facebook.com\/folhadoleste","article_published_time":"2025-10-27T16:00:40+00:00","article_modified_time":"2025-10-27T21:32:33+00:00","og_image":[{"width":1280,"height":753,"url":"https:\/\/folhadoleste.com.br\/wp-content\/uploads\/2024\/06\/Previsao-do-tempo-Niteroi-quinta-feira-6-de-junho-de-2024-Andre-Freitas-1.jpg","type":"image\/jpeg"}],"author":"Enzo Carvalho","twitter_card":"summary_large_image","twitter_creator":"@FolhadoLesteRJ","twitter_site":"@FolhadoLesteRJ","twitter_misc":{"Written by":"Enzo Carvalho","Est. reading time":"2 minutes"},"schema":{"@context":"https:\/\/schema.org","@graph":[{"@type":"NewsArticle","@id":"https:\/\/folhadoleste.com.br\/previsao-do-tempo-em-niteroi-7\/#article","isPartOf":{"@id":"https:\/\/folhadoleste.com.br\/previsao-do-tempo-em-niteroi-7\/"},"author":{"name":"Enzo Carvalho","@id":"https:\/\/folhadoleste.com.br\/#\/schema\/person\/05d8a4b256c9faea581495e6c9be06f2"},"headline":"Previs\u00e3o do tempo em Niter\u00f3i indica frente fria e chuva nos pr\u00f3ximos dias","datePublished":"2025-10-27T16:00:40+00:00","dateModified":"2025-10-27T21:32:33+00:00","mainEntityOfPage":{"@id":"https:\/\/folhadoleste.com.br\/previsao-do-tempo-em-niteroi-7\/"},"wordCount":249,"commentCount":0,"publisher":{"@id":"https:\/\/folhadoleste.com.br\/#organization"},"image":{"@id":"https:\/\/folhadoleste.com.br\/previsao-do-tempo-em-niteroi-7\/#primaryimage"},"thumbnailUrl":"https:\/\/folhadoleste.com.br\/wp-content\/uploads\/2024\/06\/Previsao-do-tempo-Niteroi-quinta-feira-6-de-junho-de-2024-Andre-Freitas-1.jpg","keywords":["Alerta de Chuva","Alerta meteorol\u00f3gico","baixa press\u00e3o atmosf\u00e9rica","chuva","Chuva fraca","clima","clima Niter\u00f3i","condi\u00e7\u00f5es do tempo","Defesa Civil","frente fria","frente fria litoral","frente fria no RJ","instabilidade clim\u00e1tica","Leste Fluminense","meteorologia Niter\u00f3i","Niter\u00f3i","pancadas de chuva Niter\u00f3i","pancadas fortes","previs\u00e3o do tempo","previs\u00e3o do tempo em Niter\u00f3i","previs\u00e3o meteorol\u00f3gica","Regi\u00e3o Oce\u00e2nica","regi\u00f5es Oce\u00e2nica e Norte","semana chuvosa","temperatura em queda","tempo abafado","tempo nublado","Ventos Moderados"],"articleSection":["Leste Fluminense","Niter\u00f3i"],"inLanguage":"en-US","potentialAction":[{"@type":"CommentAction","name":"Comment","target":["https:\/\/folhadoleste.com.br\/previsao-do-tempo-em-niteroi-7\/#respond"]}]},{"@type":"WebPage","@id":"https:\/\/folhadoleste.com.br\/previsao-do-tempo-em-niteroi-7\/","url":"https:\/\/folhadoleste.com.br\/previsao-do-tempo-em-niteroi-7\/","name":"Previs\u00e3o do tempo em Niter\u00f3i indica frente fria e chuva nos pr\u00f3ximos dias","isPartOf":{"@id":"https:\/\/folhadoleste.com.br\/#website"},"primaryImageOfPage":{"@id":"https:\/\/folhadoleste.com.br\/previsao-do-tempo-em-niteroi-7\/#primaryimage"},"image":{"@id":"https:\/\/folhadoleste.com.br\/previsao-do-tempo-em-niteroi-7\/#primaryimage"},"thumbnailUrl":"https:\/\/folhadoleste.com.br\/wp-content\/uploads\/2024\/06\/Previsao-do-tempo-Niteroi-quinta-feira-6-de-junho-de-2024-Andre-Freitas-1.jpg","datePublished":"2025-10-27T16:00:40+00:00","dateModified":"2025-10-27T21:32:33+00:00","description":"Previs\u00e3o do tempo em Niter\u00f3i indica frente fria e chuva entre segunda e quarta, segundo a Defesa Civil; Confira...","breadcrumb":{"@id":"https:\/\/folhadoleste.com.br\/previsao-do-tempo-em-niteroi-7\/#breadcrumb"},"inLanguage":"en-US","potentialAction":[{"@type":"ReadAction","target":["https:\/\/folhadoleste.com.br\/previsao-do-tempo-em-niteroi-7\/"]}]},{"@type":"ImageObject","inLanguage":"en-US","@id":"https:\/\/folhadoleste.com.br\/previsao-do-tempo-em-niteroi-7\/#primaryimage","url":"https:\/\/folhadoleste.com.br\/wp-content\/uploads\/2024\/06\/Previsao-do-tempo-Niteroi-quinta-feira-6-de-junho-de-2024-Andre-Freitas-1.jpg","contentUrl":"https:\/\/folhadoleste.com.br\/wp-content\/uploads\/2024\/06\/Previsao-do-tempo-Niteroi-quinta-feira-6-de-junho-de-2024-Andre-Freitas-1.jpg","width":1280,"height":753,"caption":"Previs\u00e3o do tempo em Niter\u00f3i indica ressaca e mudan\u00e7a no clima | Andr\u00e9 Freitas\/Folha do Leste"},{"@type":"BreadcrumbList","@id":"https:\/\/folhadoleste.com.br\/previsao-do-tempo-em-niteroi-7\/#breadcrumb","itemListElement":[{"@type":"ListItem","position":1,"name":"In\u00edcio","item":"https:\/\/folhadoleste.com.br\/"},{"@type":"ListItem","position":2,"name":"Estado do Rio de Janeiro","item":"https:\/\/folhadoleste.com.br\/category\/estado-do-rio-de-janeiro\/"},{"@type":"ListItem","position":3,"name":"Leste Fluminense","item":"https:\/\/folhadoleste.com.br\/category\/estado-do-rio-de-janeiro\/leste-fluminense\/"},{"@type":"ListItem","position":4,"name":"Niter\u00f3i","item":"https:\/\/folhadoleste.com.br\/category\/estado-do-rio-de-janeiro\/leste-fluminense\/noticias-de-niteroi\/"},{"@type":"ListItem","position":5,"name":"Previs\u00e3o do tempo em Niter\u00f3i indica frente fria e chuva nos pr\u00f3ximos dias"}]},{"@type":"WebSite","@id":"https:\/\/folhadoleste.com.br\/#website","url":"https:\/\/folhadoleste.com.br\/","name":"Folha do Leste","description":"Portal de Not\u00edcias com \u00eanfase em Niter\u00f3i, criando conte\u00fados desde a capital Rio de Janeiro, com olhar para o Leste Fluminense e suas cidades como S\u00e3o Gon\u00e7alo, Itabora\u00ed, Rio Bonito, Maric\u00e1, Saquarema e Araruama","publisher":{"@id":"https:\/\/folhadoleste.com.br\/#organization"},"alternateName":"FL","potentialAction":[{"@type":"SearchAction","target":{"@type":"EntryPoint","urlTemplate":"https:\/\/folhadoleste.com.br\/?s={search_term_string}"},"query-input":{"@type":"PropertyValueSpecification","valueRequired":true,"valueName":"search_term_string"}}],"inLanguage":"en-US"},{"@type":"Organization","@id":"https:\/\/folhadoleste.com.br\/#organization","name":"Brasil 21 Comunica\u00e7\u00e3o","alternateName":"BR21","url":"https:\/\/folhadoleste.com.br\/","logo":{"@type":"ImageObject","inLanguage":"en-US","@id":"https:\/\/folhadoleste.com.br\/#\/schema\/logo\/image\/","url":"https:\/\/folhadoleste.com.br\/wp-content\/uploads\/2025\/12\/brasil-21-logomarca.avif","contentUrl":"https:\/\/folhadoleste.com.br\/wp-content\/uploads\/2025\/12\/brasil-21-logomarca.avif","width":1044,"height":1044,"caption":"Brasil 21 Comunica\u00e7\u00e3o"},"image":{"@id":"https:\/\/folhadoleste.com.br\/#\/schema\/logo\/image\/"},"sameAs":["https:\/\/www.facebook.com\/folhadoleste","https:\/\/x.com\/FolhadoLesteRJ","https:\/\/www.instagram.com\/folhadoleste\/"]},{"@type":"Person","@id":"https:\/\/folhadoleste.com.br\/#\/schema\/person\/05d8a4b256c9faea581495e6c9be06f2","name":"Enzo Carvalho","image":{"@type":"ImageObject","inLanguage":"en-US","@id":"https:\/\/folhadoleste.com.br\/wp-content\/litespeed\/avatar\/3fe471b6df482b28961bb8e87cd40a81.jpg?ver=1777161141","url":"https:\/\/folhadoleste.com.br\/wp-content\/litespeed\/avatar\/3fe471b6df482b28961bb8e87cd40a81.jpg?ver=1777161141","contentUrl":"https:\/\/folhadoleste.com.br\/wp-content\/litespeed\/avatar\/3fe471b6df482b28961bb8e87cd40a81.jpg?ver=1777161141","caption":"Enzo Carvalho"},"description":"Enzo Carvalho \u00e9 jornalista profissional, com atua\u00e7\u00e3o voltada \u00e0 cobertura de inova\u00e7\u00e3o, tecnologia, cotidiano e esportes. Ex-jogador profissional de e-sports, traz para o jornalismo uma compreens\u00e3o pr\u00e1tica do universo digital, das plataformas tecnol\u00f3gicas e das transforma\u00e7\u00f5es provocadas pela cultura conectada.","url":"https:\/\/folhadoleste.com.br\/en\/author\/enzo-carvalho\/"}]}},"_links":{"self":[{"href":"https:\/\/folhadoleste.com.br\/en\/wp-json\/wp\/v2\/posts\/147397","targetHints":{"allow":["GET"]}}],"collection":[{"href":"https:\/\/folhadoleste.com.br\/en\/wp-json\/wp\/v2\/posts"}],"about":[{"href":"https:\/\/folhadoleste.com.br\/en\/wp-json\/wp\/v2\/types\/post"}],"author":[{"embeddable":true,"href":"https:\/\/folhadoleste.com.br\/en\/wp-json\/wp\/v2\/users\/5"}],"replies":[{"embeddable":true,"href":"https:\/\/folhadoleste.com.br\/en\/wp-json\/wp\/v2\/comments?post=147397"}],"version-history":[{"count":1,"href":"https:\/\/folhadoleste.com.br\/en\/wp-json\/wp\/v2\/posts\/147397\/revisions"}],"predecessor-version":[{"id":147398,"href":"https:\/\/folhadoleste.com.br\/en\/wp-json\/wp\/v2\/posts\/147397\/revisions\/147398"}],"wp:featuredmedia":[{"embeddable":true,"href":"https:\/\/folhadoleste.com.br\/en\/wp-json\/wp\/v2\/media\/69680"}],"wp:attachment":[{"href":"https:\/\/folhadoleste.com.br\/en\/wp-json\/wp\/v2\/media?parent=147397"}],"wp:term":[{"taxonomy":"category","embeddable":true,"href":"https:\/\/folhadoleste.com.br\/en\/wp-json\/wp\/v2\/categories?post=147397"},{"taxonomy":"post_tag","embeddable":true,"href":"https:\/\/folhadoleste.com.br\/en\/wp-json\/wp\/v2\/tags?post=147397"}],"curies":[{"name":"wp","href":"https:\/\/api.w.org\/{rel}","templated":true}]}}