{"id":147355,"date":"2025-10-27T12:12:45","date_gmt":"2025-10-27T15:12:45","guid":{"rendered":"https:\/\/folhadoleste.com.br\/?p=147355"},"modified":"2025-10-27T13:06:05","modified_gmt":"2025-10-27T16:06:05","slug":"acidente-em-niteroi-vicoso-jardim-assiste-morte-de-motociclista","status":"publish","type":"post","link":"https:\/\/folhadoleste.com.br\/en\/acidente-em-niteroi-vicoso-jardim-assiste-morte-de-motociclista\/","title":{"rendered":"Acidente em Niter\u00f3i: Vi\u00e7oso Jardim assiste morte de motociclista na madrugada desta segunda, 27\/10"},"content":{"rendered":"<div id=\"attachment_147359\" style=\"width: 1290px\" class=\"wp-caption alignnone\"><a href=\"https:\/\/folhadoleste.com.br\/wp-content\/uploads\/2025\/10\/acidente-em-niteroi-vicoso-jardim-assiste-morte-de-motociclista.jpg\"><img decoding=\"async\" aria-describedby=\"caption-attachment-147359\" class=\"size-full wp-image-147359\" src=\"https:\/\/folhadoleste.com.br\/wp-content\/uploads\/2025\/10\/acidente-em-niteroi-vicoso-jardim-assiste-morte-de-motociclista.jpg\" alt=\"Motociclista morre em Niter\u00f3i na Estrada Vi\u00e7oso Jardim | Reprodu\u00e7\u00e3o\" width=\"1280\" height=\"720\" \/><\/a><p id=\"caption-attachment-147359\" class=\"wp-caption-text\">Motociclista morre em Niter\u00f3i ap\u00f3s cair na Estrada Vi\u00e7oso Jardim | Reprodu\u00e7\u00e3o<\/p><\/div>\n<p style=\"text-align: justify;\" data-start=\"454\" data-end=\"663\">Da Reda\u00e7\u00e3o do Folha do Leste, Ang\u00e9lica Carvalho: editora-chefe e rep\u00f3rter (Niter\u00f3i, 27\/10\/2025, \u00e0s 12h12) \u2014\u00a0 Acidente na <strong>Estrada Vi\u00e7oso Jardim<\/strong>, no <strong>bairro Ititioca<\/strong>, em <strong><a href=\"https:\/\/folhadoleste.com.br\/en\/pt-br\/category\/estado-do-rio-de-janeiro\/leste-fluminense\/noticias-de-niteroi\/\">Niter\u00f3i<\/a>,<\/strong> teve como resultado a morte de um <strong>motociclista <\/strong>na madrugada desta segunda-feira (27\/10). A <strong>v\u00edtima fatal<\/strong> se trata de <strong>Wagner Benedito, 31 anos<\/strong>, que trafegava em sua motocicleta na citada estrada.<\/p>\n<p style=\"text-align: justify;\" data-start=\"454\" data-end=\"663\">A princ\u00edpio, Wagner <strong>teria perdido o controle da motocicleta e sofrido uma queda fatal<\/strong>. Moradores da localidade, consternados com o acontecimento, <strong>cobriram o corpo do homem com um len\u00e7ol branco<\/strong>.<\/p>\n<p style=\"text-align: justify;\" data-start=\"454\" data-end=\"663\">O <strong>Corpo de Bombeiros<\/strong> chegou ao local por volta de 1h11, mas encontrou o condutor da moto, infelizmente, j\u00e1 sem vida. Restou a equipe acionar as demais autoridades, sobretudo para <strong>preservar o local,<\/strong> visando o trabalho de <strong>per\u00edcia da Pol\u00edcia Civil<\/strong>.<\/p>\n<p style=\"text-align: justify;\" data-start=\"1031\" data-end=\"1267\">Ap\u00f3s a per\u00edcia, o rabec\u00e3o da <strong>Defesa Civil do Rio de Janeiro<\/strong> removeu o corpo de Wagner Benedito para o <strong>Instituto M\u00e9dico Legal (IML)<\/strong> do Barreto, na Zona Norte.<\/p>\n<p style=\"text-align: justify;\" data-start=\"1031\" data-end=\"1267\">At\u00e9 ent\u00e3o, n\u00e3o h\u00e1 informa\u00e7\u00f5es sobre <strong>outros ve\u00edculos<\/strong> <strong>ou fatores que contribu\u00edram para a queda<\/strong>. Mesmo assim, caber\u00e1 \u00e0 <strong>Pol\u00edcia Civil<\/strong> investigar a causa da morte, a partir do depoimento de testemunhas, eventual uso de <strong>imagens de c\u00e2meras<\/strong>, caso existam na regi\u00e3o do acidente.<\/p>\n<p style=\"text-align: justify;\" data-start=\"1031\" data-end=\"1267\">Al\u00e9m disso, os <strong>laudos da per\u00edcias<\/strong> feita no local e o da <strong>necr\u00f3psia do IML <\/strong>ter\u00e3o fundamental valor na investiga\u00e7\u00e3o.<\/p>\n<p style=\"text-align: justify;\" data-start=\"1031\" data-end=\"1267\">Ainda n\u00e3o h\u00e1 informa\u00e7\u00f5es acerca de <strong>libera\u00e7\u00e3o do corpo<\/strong> no IML, bem como sobre o <strong>funeral de Wagner Benedito<\/strong>.<\/p>\n<p data-start=\"1031\" data-end=\"1267\">","protected":false},"excerpt":{"rendered":"<p>Da Reda\u00e7\u00e3o do Folha do Leste, Ang\u00e9lica Carvalho: editora-chefe e rep\u00f3rter (Niter\u00f3i, 27\/10\/2025, \u00e0s 12h12) \u2014\u00a0 Acidente na Estrada Vi\u00e7oso Jardim, no bairro Ititioca, em Niter\u00f3i, teve como resultado a morte de um motociclista na madrugada desta segunda-feira (27\/10). A v\u00edtima fatal se trata de Wagner Benedito, 31 anos, que trafegava em sua motocicleta na citada estrada. A princ\u00edpio, Wagner teria perdido o controle da motocicleta e sofrido uma queda fatal. Moradores da localidade, consternados com o acontecimento, cobriram o corpo do homem com um len\u00e7ol branco. O Corpo de Bombeiros chegou ao local por volta de 1h11, mas encontrou [&hellip;]<\/p>\n","protected":false},"author":2,"featured_media":147359,"comment_status":"open","ping_status":"open","sticky":false,"template":"","format":"standard","meta":{"footnotes":""},"categories":[47,5],"tags":[12492,101551,22486,101552,7517,3924,101538,1442,101544,101549,101543,40749,101540,101539,101548,101542,7089,88282,19484,50,3078,10102,101547,23698,45254,101541,11253,101545,44947,101546,101550],"class_list":["post-147355","post","type-post","status-publish","format-standard","has-post-thumbnail","hentry","category-leste-fluminense","category-noticias-de-niteroi","tag-acidente-de-moto","tag-acidente-de-motocicleta","tag-acidente-fatal","tag-bairro-ititioca","tag-colisao","tag-corpo-de-bombeiros","tag-defesa-civil-do-rio-de-janeiro","tag-emergencia","tag-enterro-de-wagner-benedito","tag-estrada-vicoso-jardim","tag-funeral-de-wagner-benedito","tag-imagens-de-cameras","tag-iml-do-barreto","tag-instituto-medico-legal-do-barreto","tag-liberacao-do-corpo","tag-liberacao-do-corpo-no-iml","tag-madrugada","tag-morte-na-estrada","tag-motociclista-morto","tag-niteroi","tag-ocorrencia","tag-pericia","tag-pericia-da-policia-civil","tag-queda-de-moto","tag-queda-fatal","tag-regiao-do-acidente","tag-seguranca-no-transito","tag-sepultamento-de-wagner-benedito","tag-transito-niteroi","tag-velorio-de-wagner-benedito","tag-wagner-benedito","post--single"],"yoast_head":"<!-- This site is optimized with the Yoast SEO plugin v27.4 - https:\/\/yoast.com\/product\/yoast-seo-wordpress\/ -->\n<title>Acidente em Niter\u00f3i: Vi\u00e7oso Jardim assiste morte de motociclista &#8226; Folha do Leste<\/title>\n<meta name=\"description\" content=\"Acidente em Niter\u00f3i: Vi\u00e7oso Jardim assiste morte de motociclista. A v\u00edtima fatal se trata de Wagner Benedito, 31 anos, que trafegava em sua motocicleta na citada estrada.\" \/>\n<meta name=\"robots\" content=\"index, follow, max-snippet:-1, max-image-preview:large, max-video-preview:-1\" \/>\n<link rel=\"canonical\" href=\"https:\/\/folhadoleste.com.br\/en\/acidente-em-niteroi-vicoso-jardim-assiste-morte-de-motociclista\/\" \/>\n<meta property=\"og:locale\" content=\"en_US\" \/>\n<meta property=\"og:type\" content=\"article\" \/>\n<meta property=\"og:title\" content=\"Acidente em Niter\u00f3i: Vi\u00e7oso Jardim assiste morte de motociclista &#8226; Folha do Leste\" \/>\n<meta property=\"og:description\" content=\"Acidente em Niter\u00f3i: Vi\u00e7oso Jardim assiste morte de motociclista. A v\u00edtima fatal se trata de Wagner Benedito, 31 anos, que trafegava em sua motocicleta na citada estrada.\" \/>\n<meta property=\"og:url\" content=\"https:\/\/folhadoleste.com.br\/en\/acidente-em-niteroi-vicoso-jardim-assiste-morte-de-motociclista\/\" \/>\n<meta property=\"og:site_name\" content=\"Folha do Leste\" \/>\n<meta property=\"article:publisher\" content=\"https:\/\/www.facebook.com\/folhadoleste\" \/>\n<meta property=\"article:author\" content=\"https:\/\/www.facebook.com\/reporter.andrefreitas\/\" \/>\n<meta property=\"article:published_time\" content=\"2025-10-27T15:12:45+00:00\" \/>\n<meta property=\"article:modified_time\" content=\"2025-10-27T16:06:05+00:00\" \/>\n<meta property=\"og:image\" content=\"https:\/\/folhadoleste.com.br\/wp-content\/uploads\/2025\/10\/acidente-em-niteroi-vicoso-jardim-assiste-morte-de-motociclista.jpg\" \/>\n\t<meta property=\"og:image:width\" content=\"1280\" \/>\n\t<meta property=\"og:image:height\" content=\"720\" \/>\n\t<meta property=\"og:image:type\" content=\"image\/jpeg\" \/>\n<meta name=\"author\" content=\"Andr\u00e9 Freitas\" \/>\n<meta name=\"twitter:card\" content=\"summary_large_image\" \/>\n<meta name=\"twitter:creator\" content=\"@andrefreitas_fl\" \/>\n<meta name=\"twitter:site\" content=\"@FolhadoLesteRJ\" \/>\n<meta name=\"twitter:label1\" content=\"Written by\" \/>\n\t<meta name=\"twitter:data1\" content=\"Andr\u00e9 Freitas\" \/>\n\t<meta name=\"twitter:label2\" content=\"Est. reading time\" \/>\n\t<meta name=\"twitter:data2\" content=\"2 minutes\" \/>\n<script type=\"application\/ld+json\" class=\"yoast-schema-graph\">{\"@context\":\"https:\\\/\\\/schema.org\",\"@graph\":[{\"@type\":\"NewsArticle\",\"@id\":\"https:\\\/\\\/folhadoleste.com.br\\\/acidente-em-niteroi-vicoso-jardim-assiste-morte-de-motociclista\\\/#article\",\"isPartOf\":{\"@id\":\"https:\\\/\\\/folhadoleste.com.br\\\/acidente-em-niteroi-vicoso-jardim-assiste-morte-de-motociclista\\\/\"},\"author\":{\"name\":\"Andr\u00e9 Freitas\",\"@id\":\"https:\\\/\\\/folhadoleste.com.br\\\/#\\\/schema\\\/person\\\/7df02ce7ce01cc6d79b740381f6f5446\"},\"headline\":\"Acidente em Niter\u00f3i: Vi\u00e7oso Jardim assiste morte de motociclista na madrugada desta segunda, 27\\\/10\",\"datePublished\":\"2025-10-27T15:12:45+00:00\",\"dateModified\":\"2025-10-27T16:06:05+00:00\",\"mainEntityOfPage\":{\"@id\":\"https:\\\/\\\/folhadoleste.com.br\\\/acidente-em-niteroi-vicoso-jardim-assiste-morte-de-motociclista\\\/\"},\"wordCount\":303,\"commentCount\":0,\"publisher\":{\"@id\":\"https:\\\/\\\/folhadoleste.com.br\\\/#organization\"},\"image\":{\"@id\":\"https:\\\/\\\/folhadoleste.com.br\\\/acidente-em-niteroi-vicoso-jardim-assiste-morte-de-motociclista\\\/#primaryimage\"},\"thumbnailUrl\":\"https:\\\/\\\/folhadoleste.com.br\\\/wp-content\\\/uploads\\\/2025\\\/10\\\/acidente-em-niteroi-vicoso-jardim-assiste-morte-de-motociclista.jpg\",\"keywords\":[\"acidente de moto\",\"acidente de motocicleta\",\"Acidente Fatal\",\"bairro Ititioca\",\"colis\u00e3o\",\"Corpo de Bombeiros\",\"Defesa Civil do Rio de Janeiro\",\"emerg\u00eancia\",\"enterro de Wagner Benedito\",\"estrada Vi\u00e7oso Jardim\",\"funeral de Wagner Benedito\",\"imagens de c\u00e2meras\",\"IML do Barreto\",\"Instituto M\u00e9dico Legal do Barreto\",\"libera\u00e7\u00e3o do corpo\",\"libera\u00e7\u00e3o do corpo no IML\",\"Madrugada\",\"morte na estrada\",\"Motociclista Morto\",\"Niter\u00f3i\",\"ocorr\u00eancia\",\"per\u00edcia\",\"per\u00edcia da Pol\u00edcia Civil\",\"queda de moto\",\"queda fatal\",\"regi\u00e3o do acidente\",\"Seguran\u00e7a no tr\u00e2nsito\",\"sepultamento de Wagner Benedito\",\"tr\u00e2nsito Niter\u00f3i\",\"vel\u00f3rio de Wagner Benedito\",\"Wagner Benedito\"],\"articleSection\":[\"Leste Fluminense\",\"Niter\u00f3i\"],\"inLanguage\":\"en-US\",\"potentialAction\":[{\"@type\":\"CommentAction\",\"name\":\"Comment\",\"target\":[\"https:\\\/\\\/folhadoleste.com.br\\\/acidente-em-niteroi-vicoso-jardim-assiste-morte-de-motociclista\\\/#respond\"]}]},{\"@type\":\"WebPage\",\"@id\":\"https:\\\/\\\/folhadoleste.com.br\\\/acidente-em-niteroi-vicoso-jardim-assiste-morte-de-motociclista\\\/\",\"url\":\"https:\\\/\\\/folhadoleste.com.br\\\/acidente-em-niteroi-vicoso-jardim-assiste-morte-de-motociclista\\\/\",\"name\":\"Acidente em Niter\u00f3i: Vi\u00e7oso Jardim assiste morte de motociclista &#8226; Folha do Leste\",\"isPartOf\":{\"@id\":\"https:\\\/\\\/folhadoleste.com.br\\\/#website\"},\"primaryImageOfPage\":{\"@id\":\"https:\\\/\\\/folhadoleste.com.br\\\/acidente-em-niteroi-vicoso-jardim-assiste-morte-de-motociclista\\\/#primaryimage\"},\"image\":{\"@id\":\"https:\\\/\\\/folhadoleste.com.br\\\/acidente-em-niteroi-vicoso-jardim-assiste-morte-de-motociclista\\\/#primaryimage\"},\"thumbnailUrl\":\"https:\\\/\\\/folhadoleste.com.br\\\/wp-content\\\/uploads\\\/2025\\\/10\\\/acidente-em-niteroi-vicoso-jardim-assiste-morte-de-motociclista.jpg\",\"datePublished\":\"2025-10-27T15:12:45+00:00\",\"dateModified\":\"2025-10-27T16:06:05+00:00\",\"description\":\"Acidente em Niter\u00f3i: Vi\u00e7oso Jardim assiste morte de motociclista. A v\u00edtima fatal se trata de Wagner Benedito, 31 anos, que trafegava em sua motocicleta na citada estrada.\",\"breadcrumb\":{\"@id\":\"https:\\\/\\\/folhadoleste.com.br\\\/acidente-em-niteroi-vicoso-jardim-assiste-morte-de-motociclista\\\/#breadcrumb\"},\"inLanguage\":\"en-US\",\"potentialAction\":[{\"@type\":\"ReadAction\",\"target\":[\"https:\\\/\\\/folhadoleste.com.br\\\/acidente-em-niteroi-vicoso-jardim-assiste-morte-de-motociclista\\\/\"]}]},{\"@type\":\"ImageObject\",\"inLanguage\":\"en-US\",\"@id\":\"https:\\\/\\\/folhadoleste.com.br\\\/acidente-em-niteroi-vicoso-jardim-assiste-morte-de-motociclista\\\/#primaryimage\",\"url\":\"https:\\\/\\\/folhadoleste.com.br\\\/wp-content\\\/uploads\\\/2025\\\/10\\\/acidente-em-niteroi-vicoso-jardim-assiste-morte-de-motociclista.jpg\",\"contentUrl\":\"https:\\\/\\\/folhadoleste.com.br\\\/wp-content\\\/uploads\\\/2025\\\/10\\\/acidente-em-niteroi-vicoso-jardim-assiste-morte-de-motociclista.jpg\",\"width\":1280,\"height\":720,\"caption\":\"Motociclista morre em Niter\u00f3i na Estrada Vi\u00e7oso Jardim | Reprodu\u00e7\u00e3o\"},{\"@type\":\"BreadcrumbList\",\"@id\":\"https:\\\/\\\/folhadoleste.com.br\\\/acidente-em-niteroi-vicoso-jardim-assiste-morte-de-motociclista\\\/#breadcrumb\",\"itemListElement\":[{\"@type\":\"ListItem\",\"position\":1,\"name\":\"In\u00edcio\",\"item\":\"https:\\\/\\\/folhadoleste.com.br\\\/\"},{\"@type\":\"ListItem\",\"position\":2,\"name\":\"Estado do Rio de Janeiro\",\"item\":\"https:\\\/\\\/folhadoleste.com.br\\\/category\\\/estado-do-rio-de-janeiro\\\/\"},{\"@type\":\"ListItem\",\"position\":3,\"name\":\"Leste Fluminense\",\"item\":\"https:\\\/\\\/folhadoleste.com.br\\\/category\\\/estado-do-rio-de-janeiro\\\/leste-fluminense\\\/\"},{\"@type\":\"ListItem\",\"position\":4,\"name\":\"Niter\u00f3i\",\"item\":\"https:\\\/\\\/folhadoleste.com.br\\\/category\\\/estado-do-rio-de-janeiro\\\/leste-fluminense\\\/noticias-de-niteroi\\\/\"},{\"@type\":\"ListItem\",\"position\":5,\"name\":\"Acidente em Niter\u00f3i: Vi\u00e7oso Jardim assiste morte de motociclista na madrugada desta segunda, 27\\\/10\"}]},{\"@type\":\"WebSite\",\"@id\":\"https:\\\/\\\/folhadoleste.com.br\\\/#website\",\"url\":\"https:\\\/\\\/folhadoleste.com.br\\\/\",\"name\":\"Folha do Leste\",\"description\":\"Portal de Not\u00edcias com \u00eanfase em Niter\u00f3i, criando conte\u00fados desde a capital Rio de Janeiro, com olhar para o Leste Fluminense e suas cidades como S\u00e3o Gon\u00e7alo, Itabora\u00ed, Rio Bonito, Maric\u00e1, Saquarema e Araruama\",\"publisher\":{\"@id\":\"https:\\\/\\\/folhadoleste.com.br\\\/#organization\"},\"alternateName\":\"FL\",\"potentialAction\":[{\"@type\":\"SearchAction\",\"target\":{\"@type\":\"EntryPoint\",\"urlTemplate\":\"https:\\\/\\\/folhadoleste.com.br\\\/?s={search_term_string}\"},\"query-input\":{\"@type\":\"PropertyValueSpecification\",\"valueRequired\":true,\"valueName\":\"search_term_string\"}}],\"inLanguage\":\"en-US\"},{\"@type\":\"Organization\",\"@id\":\"https:\\\/\\\/folhadoleste.com.br\\\/#organization\",\"name\":\"Brasil 21 Comunica\u00e7\u00e3o\",\"alternateName\":\"BR21\",\"url\":\"https:\\\/\\\/folhadoleste.com.br\\\/\",\"logo\":{\"@type\":\"ImageObject\",\"inLanguage\":\"en-US\",\"@id\":\"https:\\\/\\\/folhadoleste.com.br\\\/#\\\/schema\\\/logo\\\/image\\\/\",\"url\":\"https:\\\/\\\/folhadoleste.com.br\\\/wp-content\\\/uploads\\\/2025\\\/12\\\/brasil-21-logomarca.avif\",\"contentUrl\":\"https:\\\/\\\/folhadoleste.com.br\\\/wp-content\\\/uploads\\\/2025\\\/12\\\/brasil-21-logomarca.avif\",\"width\":1044,\"height\":1044,\"caption\":\"Brasil 21 Comunica\u00e7\u00e3o\"},\"image\":{\"@id\":\"https:\\\/\\\/folhadoleste.com.br\\\/#\\\/schema\\\/logo\\\/image\\\/\"},\"sameAs\":[\"https:\\\/\\\/www.facebook.com\\\/folhadoleste\",\"https:\\\/\\\/x.com\\\/FolhadoLesteRJ\",\"https:\\\/\\\/www.instagram.com\\\/folhadoleste\\\/\"]},{\"@type\":\"Person\",\"@id\":\"https:\\\/\\\/folhadoleste.com.br\\\/#\\\/schema\\\/person\\\/7df02ce7ce01cc6d79b740381f6f5446\",\"name\":\"Andr\u00e9 Freitas\",\"pronouns\":\"Ele\\\/dele\",\"image\":{\"@type\":\"ImageObject\",\"inLanguage\":\"en-US\",\"@id\":\"https:\\\/\\\/folhadoleste.com.br\\\/wp-content\\\/litespeed\\\/avatar\\\/0357fd225fa38935ec9aabab3531fa5e.jpg?ver=1777161141\",\"url\":\"https:\\\/\\\/folhadoleste.com.br\\\/wp-content\\\/litespeed\\\/avatar\\\/0357fd225fa38935ec9aabab3531fa5e.jpg?ver=1777161141\",\"contentUrl\":\"https:\\\/\\\/folhadoleste.com.br\\\/wp-content\\\/litespeed\\\/avatar\\\/0357fd225fa38935ec9aabab3531fa5e.jpg?ver=1777161141\",\"caption\":\"Andr\u00e9 Freitas\"},\"description\":\"Andr\u00e9 Freitas \u00e9 diretor-executivo e rep\u00f3rter do Folha do Leste e da Brasil 21 Comunica\u00e7\u00e3o. Jornalista e radialista desde a d\u00e9cada de 1990, \u00e9 narrador esportivo e cronista especializado em Carnaval, com 26 coberturas presenciais na Marqu\u00eas de Sapuca\u00ed. Possui ampla experi\u00eancia na cobertura da editoria de pol\u00edtica, em raz\u00e3o de fun\u00e7\u00f5es exercidas nos poderes Legislativo e Executivo, com atua\u00e7\u00e3o nas C\u00e2maras Municipais de Niter\u00f3i, S\u00e3o Gon\u00e7alo e Campos dos Goytacazes, al\u00e9m da Assembleia Legislativa do Estado do Rio de Janeiro (Alerj) e da Prefeitura de Niter\u00f3i. Dirigiu por 15 anos a R\u00e1dio Absoluta, onde apresentou programas noticiosos di\u00e1rios e conduziu coberturas esportivas, incluindo mais de uma d\u00e9cada acompanhando a sele\u00e7\u00e3o brasileira de futebol. Nesse per\u00edodo, esteve presente em duas Copas do Mundo e em uma edi\u00e7\u00e3o dos Jogos Ol\u00edmpicos. Trabalhou tamb\u00e9m nas r\u00e1dios Campos Difusora (Campos\\\/RJ) e Litor\u00e2nea (ES). Exerceu o cargo de editor-chefe nos jornais Olho Vivo (Niter\u00f3i\\\/RJ) e A Tribuna (Niter\u00f3i\\\/RJ), al\u00e9m de atuar como colunista do jornal O Di\u00e1rio (Campos dos Goytacazes\\\/RJ).\",\"sameAs\":[\"https:\\\/\\\/folhadoleste.com.br\",\"https:\\\/\\\/www.facebook.com\\\/reporter.andrefreitas\\\/\",\"https:\\\/\\\/www.instagram.com\\\/andrefreitas.jornalista\\\/\",\"www.linkedin.com\\\/in\\\/andr\u00e9-freitas-jornalista\",\"https:\\\/\\\/x.com\\\/andrefreitas_fl\"],\"url\":\"https:\\\/\\\/folhadoleste.com.br\\\/en\\\/author\\\/andrefreitas\\\/\"}]}<\/script>\n<!-- \/ Yoast SEO plugin. -->","yoast_head_json":{"title":"Acidente em Niter\u00f3i: Vi\u00e7oso Jardim assiste morte de motociclista &#8226; Folha do Leste","description":"Acidente em Niter\u00f3i: Vi\u00e7oso Jardim assiste morte de motociclista. A v\u00edtima fatal se trata de Wagner Benedito, 31 anos, que trafegava em sua motocicleta na citada estrada.","robots":{"index":"index","follow":"follow","max-snippet":"max-snippet:-1","max-image-preview":"max-image-preview:large","max-video-preview":"max-video-preview:-1"},"canonical":"https:\/\/folhadoleste.com.br\/en\/acidente-em-niteroi-vicoso-jardim-assiste-morte-de-motociclista\/","og_locale":"en_US","og_type":"article","og_title":"Acidente em Niter\u00f3i: Vi\u00e7oso Jardim assiste morte de motociclista &#8226; Folha do Leste","og_description":"Acidente em Niter\u00f3i: Vi\u00e7oso Jardim assiste morte de motociclista. A v\u00edtima fatal se trata de Wagner Benedito, 31 anos, que trafegava em sua motocicleta na citada estrada.","og_url":"https:\/\/folhadoleste.com.br\/en\/acidente-em-niteroi-vicoso-jardim-assiste-morte-de-motociclista\/","og_site_name":"Folha do Leste","article_publisher":"https:\/\/www.facebook.com\/folhadoleste","article_author":"https:\/\/www.facebook.com\/reporter.andrefreitas\/","article_published_time":"2025-10-27T15:12:45+00:00","article_modified_time":"2025-10-27T16:06:05+00:00","og_image":[{"width":1280,"height":720,"url":"https:\/\/folhadoleste.com.br\/wp-content\/uploads\/2025\/10\/acidente-em-niteroi-vicoso-jardim-assiste-morte-de-motociclista.jpg","type":"image\/jpeg"}],"author":"Andr\u00e9 Freitas","twitter_card":"summary_large_image","twitter_creator":"@andrefreitas_fl","twitter_site":"@FolhadoLesteRJ","twitter_misc":{"Written by":"Andr\u00e9 Freitas","Est. reading time":"2 minutes"},"schema":{"@context":"https:\/\/schema.org","@graph":[{"@type":"NewsArticle","@id":"https:\/\/folhadoleste.com.br\/acidente-em-niteroi-vicoso-jardim-assiste-morte-de-motociclista\/#article","isPartOf":{"@id":"https:\/\/folhadoleste.com.br\/acidente-em-niteroi-vicoso-jardim-assiste-morte-de-motociclista\/"},"author":{"name":"Andr\u00e9 Freitas","@id":"https:\/\/folhadoleste.com.br\/#\/schema\/person\/7df02ce7ce01cc6d79b740381f6f5446"},"headline":"Acidente em Niter\u00f3i: Vi\u00e7oso Jardim assiste morte de motociclista na madrugada desta segunda, 27\/10","datePublished":"2025-10-27T15:12:45+00:00","dateModified":"2025-10-27T16:06:05+00:00","mainEntityOfPage":{"@id":"https:\/\/folhadoleste.com.br\/acidente-em-niteroi-vicoso-jardim-assiste-morte-de-motociclista\/"},"wordCount":303,"commentCount":0,"publisher":{"@id":"https:\/\/folhadoleste.com.br\/#organization"},"image":{"@id":"https:\/\/folhadoleste.com.br\/acidente-em-niteroi-vicoso-jardim-assiste-morte-de-motociclista\/#primaryimage"},"thumbnailUrl":"https:\/\/folhadoleste.com.br\/wp-content\/uploads\/2025\/10\/acidente-em-niteroi-vicoso-jardim-assiste-morte-de-motociclista.jpg","keywords":["acidente de moto","acidente de motocicleta","Acidente Fatal","bairro Ititioca","colis\u00e3o","Corpo de Bombeiros","Defesa Civil do Rio de Janeiro","emerg\u00eancia","enterro de Wagner Benedito","estrada Vi\u00e7oso Jardim","funeral de Wagner Benedito","imagens de c\u00e2meras","IML do Barreto","Instituto M\u00e9dico Legal do Barreto","libera\u00e7\u00e3o do corpo","libera\u00e7\u00e3o do corpo no IML","Madrugada","morte na estrada","Motociclista Morto","Niter\u00f3i","ocorr\u00eancia","per\u00edcia","per\u00edcia da Pol\u00edcia Civil","queda de moto","queda fatal","regi\u00e3o do acidente","Seguran\u00e7a no tr\u00e2nsito","sepultamento de Wagner Benedito","tr\u00e2nsito Niter\u00f3i","vel\u00f3rio de Wagner Benedito","Wagner Benedito"],"articleSection":["Leste Fluminense","Niter\u00f3i"],"inLanguage":"en-US","potentialAction":[{"@type":"CommentAction","name":"Comment","target":["https:\/\/folhadoleste.com.br\/acidente-em-niteroi-vicoso-jardim-assiste-morte-de-motociclista\/#respond"]}]},{"@type":"WebPage","@id":"https:\/\/folhadoleste.com.br\/acidente-em-niteroi-vicoso-jardim-assiste-morte-de-motociclista\/","url":"https:\/\/folhadoleste.com.br\/acidente-em-niteroi-vicoso-jardim-assiste-morte-de-motociclista\/","name":"Acidente em Niter\u00f3i: Vi\u00e7oso Jardim assiste morte de motociclista &#8226; Folha do Leste","isPartOf":{"@id":"https:\/\/folhadoleste.com.br\/#website"},"primaryImageOfPage":{"@id":"https:\/\/folhadoleste.com.br\/acidente-em-niteroi-vicoso-jardim-assiste-morte-de-motociclista\/#primaryimage"},"image":{"@id":"https:\/\/folhadoleste.com.br\/acidente-em-niteroi-vicoso-jardim-assiste-morte-de-motociclista\/#primaryimage"},"thumbnailUrl":"https:\/\/folhadoleste.com.br\/wp-content\/uploads\/2025\/10\/acidente-em-niteroi-vicoso-jardim-assiste-morte-de-motociclista.jpg","datePublished":"2025-10-27T15:12:45+00:00","dateModified":"2025-10-27T16:06:05+00:00","description":"Acidente em Niter\u00f3i: Vi\u00e7oso Jardim assiste morte de motociclista. A v\u00edtima fatal se trata de Wagner Benedito, 31 anos, que trafegava em sua motocicleta na citada estrada.","breadcrumb":{"@id":"https:\/\/folhadoleste.com.br\/acidente-em-niteroi-vicoso-jardim-assiste-morte-de-motociclista\/#breadcrumb"},"inLanguage":"en-US","potentialAction":[{"@type":"ReadAction","target":["https:\/\/folhadoleste.com.br\/acidente-em-niteroi-vicoso-jardim-assiste-morte-de-motociclista\/"]}]},{"@type":"ImageObject","inLanguage":"en-US","@id":"https:\/\/folhadoleste.com.br\/acidente-em-niteroi-vicoso-jardim-assiste-morte-de-motociclista\/#primaryimage","url":"https:\/\/folhadoleste.com.br\/wp-content\/uploads\/2025\/10\/acidente-em-niteroi-vicoso-jardim-assiste-morte-de-motociclista.jpg","contentUrl":"https:\/\/folhadoleste.com.br\/wp-content\/uploads\/2025\/10\/acidente-em-niteroi-vicoso-jardim-assiste-morte-de-motociclista.jpg","width":1280,"height":720,"caption":"Motociclista morre em Niter\u00f3i na Estrada Vi\u00e7oso Jardim | Reprodu\u00e7\u00e3o"},{"@type":"BreadcrumbList","@id":"https:\/\/folhadoleste.com.br\/acidente-em-niteroi-vicoso-jardim-assiste-morte-de-motociclista\/#breadcrumb","itemListElement":[{"@type":"ListItem","position":1,"name":"In\u00edcio","item":"https:\/\/folhadoleste.com.br\/"},{"@type":"ListItem","position":2,"name":"Estado do Rio de Janeiro","item":"https:\/\/folhadoleste.com.br\/category\/estado-do-rio-de-janeiro\/"},{"@type":"ListItem","position":3,"name":"Leste Fluminense","item":"https:\/\/folhadoleste.com.br\/category\/estado-do-rio-de-janeiro\/leste-fluminense\/"},{"@type":"ListItem","position":4,"name":"Niter\u00f3i","item":"https:\/\/folhadoleste.com.br\/category\/estado-do-rio-de-janeiro\/leste-fluminense\/noticias-de-niteroi\/"},{"@type":"ListItem","position":5,"name":"Acidente em Niter\u00f3i: Vi\u00e7oso Jardim assiste morte de motociclista na madrugada desta segunda, 27\/10"}]},{"@type":"WebSite","@id":"https:\/\/folhadoleste.com.br\/#website","url":"https:\/\/folhadoleste.com.br\/","name":"Folha do Leste","description":"Portal de Not\u00edcias com \u00eanfase em Niter\u00f3i, criando conte\u00fados desde a capital Rio de Janeiro, com olhar para o Leste Fluminense e suas cidades como S\u00e3o Gon\u00e7alo, Itabora\u00ed, Rio Bonito, Maric\u00e1, Saquarema e Araruama","publisher":{"@id":"https:\/\/folhadoleste.com.br\/#organization"},"alternateName":"FL","potentialAction":[{"@type":"SearchAction","target":{"@type":"EntryPoint","urlTemplate":"https:\/\/folhadoleste.com.br\/?s={search_term_string}"},"query-input":{"@type":"PropertyValueSpecification","valueRequired":true,"valueName":"search_term_string"}}],"inLanguage":"en-US"},{"@type":"Organization","@id":"https:\/\/folhadoleste.com.br\/#organization","name":"Brasil 21 Comunica\u00e7\u00e3o","alternateName":"BR21","url":"https:\/\/folhadoleste.com.br\/","logo":{"@type":"ImageObject","inLanguage":"en-US","@id":"https:\/\/folhadoleste.com.br\/#\/schema\/logo\/image\/","url":"https:\/\/folhadoleste.com.br\/wp-content\/uploads\/2025\/12\/brasil-21-logomarca.avif","contentUrl":"https:\/\/folhadoleste.com.br\/wp-content\/uploads\/2025\/12\/brasil-21-logomarca.avif","width":1044,"height":1044,"caption":"Brasil 21 Comunica\u00e7\u00e3o"},"image":{"@id":"https:\/\/folhadoleste.com.br\/#\/schema\/logo\/image\/"},"sameAs":["https:\/\/www.facebook.com\/folhadoleste","https:\/\/x.com\/FolhadoLesteRJ","https:\/\/www.instagram.com\/folhadoleste\/"]},{"@type":"Person","@id":"https:\/\/folhadoleste.com.br\/#\/schema\/person\/7df02ce7ce01cc6d79b740381f6f5446","name":"Andr\u00e9 Freitas","pronouns":"Ele\/dele","image":{"@type":"ImageObject","inLanguage":"en-US","@id":"https:\/\/folhadoleste.com.br\/wp-content\/litespeed\/avatar\/0357fd225fa38935ec9aabab3531fa5e.jpg?ver=1777161141","url":"https:\/\/folhadoleste.com.br\/wp-content\/litespeed\/avatar\/0357fd225fa38935ec9aabab3531fa5e.jpg?ver=1777161141","contentUrl":"https:\/\/folhadoleste.com.br\/wp-content\/litespeed\/avatar\/0357fd225fa38935ec9aabab3531fa5e.jpg?ver=1777161141","caption":"Andr\u00e9 Freitas"},"description":"Andr\u00e9 Freitas \u00e9 diretor-executivo e rep\u00f3rter do Folha do Leste e da Brasil 21 Comunica\u00e7\u00e3o. Jornalista e radialista desde a d\u00e9cada de 1990, \u00e9 narrador esportivo e cronista especializado em Carnaval, com 26 coberturas presenciais na Marqu\u00eas de Sapuca\u00ed. Possui ampla experi\u00eancia na cobertura da editoria de pol\u00edtica, em raz\u00e3o de fun\u00e7\u00f5es exercidas nos poderes Legislativo e Executivo, com atua\u00e7\u00e3o nas C\u00e2maras Municipais de Niter\u00f3i, S\u00e3o Gon\u00e7alo e Campos dos Goytacazes, al\u00e9m da Assembleia Legislativa do Estado do Rio de Janeiro (Alerj) e da Prefeitura de Niter\u00f3i. Dirigiu por 15 anos a R\u00e1dio Absoluta, onde apresentou programas noticiosos di\u00e1rios e conduziu coberturas esportivas, incluindo mais de uma d\u00e9cada acompanhando a sele\u00e7\u00e3o brasileira de futebol. Nesse per\u00edodo, esteve presente em duas Copas do Mundo e em uma edi\u00e7\u00e3o dos Jogos Ol\u00edmpicos. Trabalhou tamb\u00e9m nas r\u00e1dios Campos Difusora (Campos\/RJ) e Litor\u00e2nea (ES). Exerceu o cargo de editor-chefe nos jornais Olho Vivo (Niter\u00f3i\/RJ) e A Tribuna (Niter\u00f3i\/RJ), al\u00e9m de atuar como colunista do jornal O Di\u00e1rio (Campos dos Goytacazes\/RJ).","sameAs":["https:\/\/folhadoleste.com.br","https:\/\/www.facebook.com\/reporter.andrefreitas\/","https:\/\/www.instagram.com\/andrefreitas.jornalista\/","www.linkedin.com\/in\/andr\u00e9-freitas-jornalista","https:\/\/x.com\/andrefreitas_fl"],"url":"https:\/\/folhadoleste.com.br\/en\/author\/andrefreitas\/"}]}},"_links":{"self":[{"href":"https:\/\/folhadoleste.com.br\/en\/wp-json\/wp\/v2\/posts\/147355","targetHints":{"allow":["GET"]}}],"collection":[{"href":"https:\/\/folhadoleste.com.br\/en\/wp-json\/wp\/v2\/posts"}],"about":[{"href":"https:\/\/folhadoleste.com.br\/en\/wp-json\/wp\/v2\/types\/post"}],"author":[{"embeddable":true,"href":"https:\/\/folhadoleste.com.br\/en\/wp-json\/wp\/v2\/users\/2"}],"replies":[{"embeddable":true,"href":"https:\/\/folhadoleste.com.br\/en\/wp-json\/wp\/v2\/comments?post=147355"}],"version-history":[{"count":4,"href":"https:\/\/folhadoleste.com.br\/en\/wp-json\/wp\/v2\/posts\/147355\/revisions"}],"predecessor-version":[{"id":147360,"href":"https:\/\/folhadoleste.com.br\/en\/wp-json\/wp\/v2\/posts\/147355\/revisions\/147360"}],"wp:featuredmedia":[{"embeddable":true,"href":"https:\/\/folhadoleste.com.br\/en\/wp-json\/wp\/v2\/media\/147359"}],"wp:attachment":[{"href":"https:\/\/folhadoleste.com.br\/en\/wp-json\/wp\/v2\/media?parent=147355"}],"wp:term":[{"taxonomy":"category","embeddable":true,"href":"https:\/\/folhadoleste.com.br\/en\/wp-json\/wp\/v2\/categories?post=147355"},{"taxonomy":"post_tag","embeddable":true,"href":"https:\/\/folhadoleste.com.br\/en\/wp-json\/wp\/v2\/tags?post=147355"}],"curies":[{"name":"wp","href":"https:\/\/api.w.org\/{rel}","templated":true}]}}