{"id":146711,"date":"2025-10-22T15:24:34","date_gmt":"2025-10-22T18:24:34","guid":{"rendered":"https:\/\/folhadoleste.com.br\/?p=146711"},"modified":"2025-10-22T15:24:34","modified_gmt":"2025-10-22T18:24:34","slug":"exposicao-sobre-lupus-no-rio-galeao","status":"publish","type":"post","link":"https:\/\/folhadoleste.com.br\/en\/exposicao-sobre-lupus-no-rio-galeao\/","title":{"rendered":"Exposi\u00e7\u00e3o sobre l\u00fapus no Rio Gale\u00e3o mostra hist\u00f3rias de supera\u00e7\u00e3o"},"content":{"rendered":"<div id=\"attachment_146712\" style=\"width: 1310px\" class=\"wp-caption aligncenter\"><img decoding=\"async\" aria-describedby=\"caption-attachment-146712\" class=\"size-full wp-image-146712\" src=\"https:\/\/folhadoleste.com.br\/wp-content\/uploads\/2025\/10\/Exposicao-lupus-Rio-Galeao-Divulgacao.jpg\" alt=\"\" width=\"1300\" height=\"700\" \/><p id=\"caption-attachment-146712\" class=\"wp-caption-text\">Exposi\u00e7\u00e3o sobre l\u00fapus no Rio Gale\u00e3o mostra hist\u00f3rias de supera\u00e7\u00e3o | Divulga\u00e7\u00e3o<\/p><\/div>\n<p style=\"text-align: justify;\" data-start=\"731\" data-end=\"1065\">Quem passar pelo sagu\u00e3o de desembarque internacional do Aeroporto Tom Jobim (Rio Gale\u00e3o) entre os dias 23 de outubro e 23 de novembro poder\u00e1 conferir a exposi\u00e7\u00e3o <strong data-start=\"893\" data-end=\"929\">\u201cExiste Vida Ap\u00f3s o Diagn\u00f3stico\u201d<\/strong>, que traz retratos e relatos de pessoas que convivem com o l\u00fapus, uma doen\u00e7a autoimune cr\u00f4nica ainda pouco compreendida pela sociedade.<\/p>\n<h3 style=\"text-align: justify;\" data-start=\"1067\" data-end=\"1104\">Inaugura\u00e7\u00e3o e entrada gratuita<\/h3>\n<p style=\"text-align: justify;\" data-start=\"1106\" data-end=\"1290\">A mostra, promovida pelo Instituto Lupus Care, ser\u00e1 inaugurada nesta quinta-feira (23), a partir das 10h, com apresenta\u00e7\u00e3o da banda marcial dos Fuzileiros Navais. A entrada \u00e9 gratuita.<\/p>\n<h3 style=\"text-align: justify;\" data-start=\"1292\" data-end=\"1316\">Hist\u00f3rias de vida<\/h3>\n<p style=\"text-align: justify;\" data-start=\"1318\" data-end=\"1640\">A exposi\u00e7\u00e3o convida passageiros e visitantes a conhecer relatos reais de supera\u00e7\u00e3o, mostrando que \u00e9 poss\u00edvel viver com qualidade e plenitude mesmo ap\u00f3s o diagn\u00f3stico.<\/p>\n<blockquote>\n<p style=\"text-align: justify;\" data-start=\"1318\" data-end=\"1640\">\u201cQueremos mostrar que o l\u00fapus n\u00e3o define quem somos. H\u00e1 vida plena e possibilidades ap\u00f3s o diagn\u00f3stico\u201d, afirma Eliana Mendon\u00e7a, presidente do instituto.<\/p>\n<\/blockquote>\n<h3 style=\"text-align: justify;\" data-start=\"1642\" data-end=\"1670\">Objetivo da exposi\u00e7\u00e3o<\/h3>\n<p style=\"text-align: justify;\" data-start=\"1672\" data-end=\"1900\">O projeto re\u00fane fotos e depoimentos que ajudam a quebrar tabus e sensibilizar o p\u00fablico, destacando aspectos da doen\u00e7a que atinge milhares de brasileiros. O l\u00fapus pode causar inflama\u00e7\u00f5es em diferentes \u00f3rg\u00e3os e sistemas do corpo.<\/p>\n<h3 style=\"text-align: justify;\" data-start=\"1902\" data-end=\"1931\">Celebridades com l\u00fapus<\/h3>\n<p style=\"text-align: justify;\" data-start=\"1933\" data-end=\"2215\">Famosos como Selena Gomez, Lady Gaga, Toni Braxton, Halsey, Seal, Michael Jackson e Astrid Fontenelle j\u00e1 revelaram conviver com o l\u00fapus. Em 2018, Lady Gaga precisou cancelar um show no Brasil devido a crises da doen\u00e7a, e Selena Gomez passou por transplante de rim ap\u00f3s complica\u00e7\u00f5es.<\/p>\n<pre style=\"text-align: center;\"><span style=\"color: #000000;\"><span style=\"color: #ff0000;\"><strong>+ <\/strong><\/span><\/span><span style=\"color: #000000;\"><span style=\"color: #ff9900;\"><strong>MAIS NOT\u00cdCIAS DO RIO DE JANEIRO?<\/strong><\/span> <span style=\"color: #008080;\"><strong><a style=\"color: #008080;\" href=\"https:\/\/folhadoleste.com.br\/en\/category\/rio-de-janeiro-capital\/\">CLIQUE AQUI<\/a><\/strong><\/span><\/span><\/pre>","protected":false},"excerpt":{"rendered":"<p>Quem passar pelo sagu\u00e3o de desembarque internacional do Aeroporto Tom Jobim (Rio Gale\u00e3o) entre os dias 23 de outubro e 23 de novembro poder\u00e1 conferir a exposi\u00e7\u00e3o \u201cExiste Vida Ap\u00f3s o Diagn\u00f3stico\u201d, que traz retratos e relatos de pessoas que convivem com o l\u00fapus, uma doen\u00e7a autoimune cr\u00f4nica ainda pouco compreendida pela sociedade. Inaugura\u00e7\u00e3o e entrada gratuita A mostra, promovida pelo Instituto Lupus Care, ser\u00e1 inaugurada nesta quinta-feira (23), a partir das 10h, com apresenta\u00e7\u00e3o da banda marcial dos Fuzileiros Navais. A entrada \u00e9 gratuita. Hist\u00f3rias de vida A exposi\u00e7\u00e3o convida passageiros e visitantes a conhecer relatos reais de supera\u00e7\u00e3o, [&hellip;]<\/p>\n","protected":false},"author":5,"featured_media":146712,"comment_status":"open","ping_status":"open","sticky":false,"template":"","format":"standard","meta":{"footnotes":""},"categories":[67],"tags":[99854,4804,5228,99851,99856,37525,12157,99849,5488,3032,99845,99853,99850,99852,34962,99847,99848,99855,12374,99846,73,99858,19143,99857],"class_list":["post-146711","post","type-post","status-publish","format-standard","has-post-thumbnail","hentry","category-rio-de-janeiro-capital","tag-existe-vida-apos-o-diagnostico","tag-aeroporto-tom-jobim","tag-conscientizacao","tag-conscientizacao-sobre-lupus","tag-cuidados-com-lupus","tag-depoimentos","tag-diagnostico-precoce","tag-doenca-autoimune","tag-doencas-raras","tag-entrada-gratuita","tag-exposicao-sobre-lupus","tag-exposicao-sobre-lupus-no-rio-galeao","tag-fotos-e-relatos","tag-historias-de-superacao","tag-historias-inspiradoras","tag-instituto-lupus-care","tag-les","tag-lupus-eritematoso-sistemico","tag-qualidade-de-vida","tag-rio-galeao","tag-saude","tag-sensibilizacao-do-publico","tag-superacao","tag-tratamento-adequado","post--single"],"yoast_head":"<!-- This site is optimized with the Yoast SEO plugin v27.4 - https:\/\/yoast.com\/product\/yoast-seo-wordpress\/ -->\n<title>Exposi\u00e7\u00e3o sobre l\u00fapus no Rio Gale\u00e3o destaca for\u00e7a e resili\u00eancia<\/title>\n<meta name=\"description\" content=\"Exposi\u00e7\u00e3o sobre l\u00fapus no Rio Gale\u00e3o apresenta relatos e retratos de pessoas que convivem com a doen\u00e7a autoimune. Entrada gratuita.\" \/>\n<meta name=\"robots\" content=\"index, follow, max-snippet:-1, max-image-preview:large, max-video-preview:-1\" \/>\n<link rel=\"canonical\" href=\"https:\/\/folhadoleste.com.br\/en\/exposicao-sobre-lupus-no-rio-galeao\/\" \/>\n<meta property=\"og:locale\" content=\"en_US\" \/>\n<meta property=\"og:type\" content=\"article\" \/>\n<meta property=\"og:title\" content=\"Exposi\u00e7\u00e3o sobre l\u00fapus no Rio Gale\u00e3o destaca for\u00e7a e resili\u00eancia\" \/>\n<meta property=\"og:description\" content=\"Exposi\u00e7\u00e3o sobre l\u00fapus no Rio Gale\u00e3o apresenta relatos e retratos de pessoas que convivem com a doen\u00e7a autoimune. Entrada gratuita.\" \/>\n<meta property=\"og:url\" content=\"https:\/\/folhadoleste.com.br\/en\/exposicao-sobre-lupus-no-rio-galeao\/\" \/>\n<meta property=\"og:site_name\" content=\"Folha do Leste\" \/>\n<meta property=\"article:publisher\" content=\"https:\/\/www.facebook.com\/folhadoleste\" \/>\n<meta property=\"article:published_time\" content=\"2025-10-22T18:24:34+00:00\" \/>\n<meta property=\"og:image\" content=\"https:\/\/folhadoleste.com.br\/wp-content\/uploads\/2025\/10\/Exposicao-lupus-Rio-Galeao-Divulgacao.jpg\" \/>\n\t<meta property=\"og:image:width\" content=\"1300\" \/>\n\t<meta property=\"og:image:height\" content=\"700\" \/>\n\t<meta property=\"og:image:type\" content=\"image\/jpeg\" \/>\n<meta name=\"author\" content=\"Enzo Carvalho\" \/>\n<meta name=\"twitter:card\" content=\"summary_large_image\" \/>\n<meta name=\"twitter:creator\" content=\"@FolhadoLesteRJ\" \/>\n<meta name=\"twitter:site\" content=\"@FolhadoLesteRJ\" \/>\n<meta name=\"twitter:label1\" content=\"Written by\" \/>\n\t<meta name=\"twitter:data1\" content=\"Enzo Carvalho\" \/>\n\t<meta name=\"twitter:label2\" content=\"Est. reading time\" \/>\n\t<meta name=\"twitter:data2\" content=\"2 minutes\" \/>\n<script type=\"application\/ld+json\" class=\"yoast-schema-graph\">{\"@context\":\"https:\\\/\\\/schema.org\",\"@graph\":[{\"@type\":\"NewsArticle\",\"@id\":\"https:\\\/\\\/folhadoleste.com.br\\\/exposicao-sobre-lupus-no-rio-galeao\\\/#article\",\"isPartOf\":{\"@id\":\"https:\\\/\\\/folhadoleste.com.br\\\/exposicao-sobre-lupus-no-rio-galeao\\\/\"},\"author\":{\"name\":\"Enzo Carvalho\",\"@id\":\"https:\\\/\\\/folhadoleste.com.br\\\/#\\\/schema\\\/person\\\/05d8a4b256c9faea581495e6c9be06f2\"},\"headline\":\"Exposi\u00e7\u00e3o sobre l\u00fapus no Rio Gale\u00e3o mostra hist\u00f3rias de supera\u00e7\u00e3o\",\"datePublished\":\"2025-10-22T18:24:34+00:00\",\"mainEntityOfPage\":{\"@id\":\"https:\\\/\\\/folhadoleste.com.br\\\/exposicao-sobre-lupus-no-rio-galeao\\\/\"},\"wordCount\":290,\"commentCount\":0,\"publisher\":{\"@id\":\"https:\\\/\\\/folhadoleste.com.br\\\/#organization\"},\"image\":{\"@id\":\"https:\\\/\\\/folhadoleste.com.br\\\/exposicao-sobre-lupus-no-rio-galeao\\\/#primaryimage\"},\"thumbnailUrl\":\"https:\\\/\\\/folhadoleste.com.br\\\/wp-content\\\/uploads\\\/2025\\\/10\\\/Exposicao-lupus-Rio-Galeao-Divulgacao.jpg\",\"keywords\":[\"\u201cExiste Vida Ap\u00f3s o Diagn\u00f3stico\u201d\",\"Aeroporto Tom Jobim\",\"Conscientiza\u00e7\u00e3o\",\"conscientiza\u00e7\u00e3o sobre l\u00fapus\",\"cuidados com l\u00fapus\",\"depoimentos\",\"diagn\u00f3stico precoce\",\"doen\u00e7a autoimune\",\"Doen\u00e7as Raras\",\"entrada gratuita\",\"exposi\u00e7\u00e3o sobre l\u00fapus\",\"exposi\u00e7\u00e3o sobre l\u00fapus no Rio Gale\u00e3o\",\"fotos e relatos\",\"hist\u00f3rias de supera\u00e7\u00e3o\",\"hist\u00f3rias inspiradoras\",\"Instituto Lupus Care\",\"LES\",\"l\u00fapus eritematoso sist\u00eamico\",\"qualidade de vida\",\"Rio Gale\u00e3o\",\"sa\u00fade\",\"sensibiliza\u00e7\u00e3o do p\u00fablico\",\"Supera\u00e7\u00e3o\",\"tratamento adequado\"],\"articleSection\":[\"Rio de Janeiro - Capital\"],\"inLanguage\":\"en-US\",\"potentialAction\":[{\"@type\":\"CommentAction\",\"name\":\"Comment\",\"target\":[\"https:\\\/\\\/folhadoleste.com.br\\\/exposicao-sobre-lupus-no-rio-galeao\\\/#respond\"]}]},{\"@type\":\"WebPage\",\"@id\":\"https:\\\/\\\/folhadoleste.com.br\\\/exposicao-sobre-lupus-no-rio-galeao\\\/\",\"url\":\"https:\\\/\\\/folhadoleste.com.br\\\/exposicao-sobre-lupus-no-rio-galeao\\\/\",\"name\":\"Exposi\u00e7\u00e3o sobre l\u00fapus no Rio Gale\u00e3o destaca for\u00e7a e resili\u00eancia\",\"isPartOf\":{\"@id\":\"https:\\\/\\\/folhadoleste.com.br\\\/#website\"},\"primaryImageOfPage\":{\"@id\":\"https:\\\/\\\/folhadoleste.com.br\\\/exposicao-sobre-lupus-no-rio-galeao\\\/#primaryimage\"},\"image\":{\"@id\":\"https:\\\/\\\/folhadoleste.com.br\\\/exposicao-sobre-lupus-no-rio-galeao\\\/#primaryimage\"},\"thumbnailUrl\":\"https:\\\/\\\/folhadoleste.com.br\\\/wp-content\\\/uploads\\\/2025\\\/10\\\/Exposicao-lupus-Rio-Galeao-Divulgacao.jpg\",\"datePublished\":\"2025-10-22T18:24:34+00:00\",\"description\":\"Exposi\u00e7\u00e3o sobre l\u00fapus no Rio Gale\u00e3o apresenta relatos e retratos de pessoas que convivem com a doen\u00e7a autoimune. Entrada gratuita.\",\"breadcrumb\":{\"@id\":\"https:\\\/\\\/folhadoleste.com.br\\\/exposicao-sobre-lupus-no-rio-galeao\\\/#breadcrumb\"},\"inLanguage\":\"en-US\",\"potentialAction\":[{\"@type\":\"ReadAction\",\"target\":[\"https:\\\/\\\/folhadoleste.com.br\\\/exposicao-sobre-lupus-no-rio-galeao\\\/\"]}]},{\"@type\":\"ImageObject\",\"inLanguage\":\"en-US\",\"@id\":\"https:\\\/\\\/folhadoleste.com.br\\\/exposicao-sobre-lupus-no-rio-galeao\\\/#primaryimage\",\"url\":\"https:\\\/\\\/folhadoleste.com.br\\\/wp-content\\\/uploads\\\/2025\\\/10\\\/Exposicao-lupus-Rio-Galeao-Divulgacao.jpg\",\"contentUrl\":\"https:\\\/\\\/folhadoleste.com.br\\\/wp-content\\\/uploads\\\/2025\\\/10\\\/Exposicao-lupus-Rio-Galeao-Divulgacao.jpg\",\"width\":1300,\"height\":700,\"caption\":\"Exposi\u00e7\u00e3o sobre l\u00fapus no Rio Gale\u00e3o mostra hist\u00f3rias de supera\u00e7\u00e3o | Divulga\u00e7\u00e3o\"},{\"@type\":\"BreadcrumbList\",\"@id\":\"https:\\\/\\\/folhadoleste.com.br\\\/exposicao-sobre-lupus-no-rio-galeao\\\/#breadcrumb\",\"itemListElement\":[{\"@type\":\"ListItem\",\"position\":1,\"name\":\"In\u00edcio\",\"item\":\"https:\\\/\\\/folhadoleste.com.br\\\/\"},{\"@type\":\"ListItem\",\"position\":2,\"name\":\"Rio de Janeiro - Capital\",\"item\":\"https:\\\/\\\/folhadoleste.com.br\\\/category\\\/rio-de-janeiro-capital\\\/\"},{\"@type\":\"ListItem\",\"position\":3,\"name\":\"Exposi\u00e7\u00e3o sobre l\u00fapus no Rio Gale\u00e3o mostra hist\u00f3rias de supera\u00e7\u00e3o\"}]},{\"@type\":\"WebSite\",\"@id\":\"https:\\\/\\\/folhadoleste.com.br\\\/#website\",\"url\":\"https:\\\/\\\/folhadoleste.com.br\\\/\",\"name\":\"Folha do Leste\",\"description\":\"Portal de Not\u00edcias com \u00eanfase em Niter\u00f3i, criando conte\u00fados desde a capital Rio de Janeiro, com olhar para o Leste Fluminense e suas cidades como S\u00e3o Gon\u00e7alo, Itabora\u00ed, Rio Bonito, Maric\u00e1, Saquarema e Araruama\",\"publisher\":{\"@id\":\"https:\\\/\\\/folhadoleste.com.br\\\/#organization\"},\"alternateName\":\"FL\",\"potentialAction\":[{\"@type\":\"SearchAction\",\"target\":{\"@type\":\"EntryPoint\",\"urlTemplate\":\"https:\\\/\\\/folhadoleste.com.br\\\/?s={search_term_string}\"},\"query-input\":{\"@type\":\"PropertyValueSpecification\",\"valueRequired\":true,\"valueName\":\"search_term_string\"}}],\"inLanguage\":\"en-US\"},{\"@type\":\"Organization\",\"@id\":\"https:\\\/\\\/folhadoleste.com.br\\\/#organization\",\"name\":\"Brasil 21 Comunica\u00e7\u00e3o\",\"alternateName\":\"BR21\",\"url\":\"https:\\\/\\\/folhadoleste.com.br\\\/\",\"logo\":{\"@type\":\"ImageObject\",\"inLanguage\":\"en-US\",\"@id\":\"https:\\\/\\\/folhadoleste.com.br\\\/#\\\/schema\\\/logo\\\/image\\\/\",\"url\":\"https:\\\/\\\/folhadoleste.com.br\\\/wp-content\\\/uploads\\\/2025\\\/12\\\/brasil-21-logomarca.avif\",\"contentUrl\":\"https:\\\/\\\/folhadoleste.com.br\\\/wp-content\\\/uploads\\\/2025\\\/12\\\/brasil-21-logomarca.avif\",\"width\":1044,\"height\":1044,\"caption\":\"Brasil 21 Comunica\u00e7\u00e3o\"},\"image\":{\"@id\":\"https:\\\/\\\/folhadoleste.com.br\\\/#\\\/schema\\\/logo\\\/image\\\/\"},\"sameAs\":[\"https:\\\/\\\/www.facebook.com\\\/folhadoleste\",\"https:\\\/\\\/x.com\\\/FolhadoLesteRJ\",\"https:\\\/\\\/www.instagram.com\\\/folhadoleste\\\/\"]},{\"@type\":\"Person\",\"@id\":\"https:\\\/\\\/folhadoleste.com.br\\\/#\\\/schema\\\/person\\\/05d8a4b256c9faea581495e6c9be06f2\",\"name\":\"Enzo Carvalho\",\"image\":{\"@type\":\"ImageObject\",\"inLanguage\":\"en-US\",\"@id\":\"https:\\\/\\\/folhadoleste.com.br\\\/wp-content\\\/litespeed\\\/avatar\\\/3fe471b6df482b28961bb8e87cd40a81.jpg?ver=1777161141\",\"url\":\"https:\\\/\\\/folhadoleste.com.br\\\/wp-content\\\/litespeed\\\/avatar\\\/3fe471b6df482b28961bb8e87cd40a81.jpg?ver=1777161141\",\"contentUrl\":\"https:\\\/\\\/folhadoleste.com.br\\\/wp-content\\\/litespeed\\\/avatar\\\/3fe471b6df482b28961bb8e87cd40a81.jpg?ver=1777161141\",\"caption\":\"Enzo Carvalho\"},\"description\":\"Enzo Carvalho \u00e9 jornalista profissional, com atua\u00e7\u00e3o voltada \u00e0 cobertura de inova\u00e7\u00e3o, tecnologia, cotidiano e esportes. Ex-jogador profissional de e-sports, traz para o jornalismo uma compreens\u00e3o pr\u00e1tica do universo digital, das plataformas tecnol\u00f3gicas e das transforma\u00e7\u00f5es provocadas pela cultura conectada.\",\"url\":\"https:\\\/\\\/folhadoleste.com.br\\\/en\\\/author\\\/enzo-carvalho\\\/\"}]}<\/script>\n<!-- \/ Yoast SEO plugin. -->","yoast_head_json":{"title":"Exposi\u00e7\u00e3o sobre l\u00fapus no Rio Gale\u00e3o destaca for\u00e7a e resili\u00eancia","description":"Exposi\u00e7\u00e3o sobre l\u00fapus no Rio Gale\u00e3o apresenta relatos e retratos de pessoas que convivem com a doen\u00e7a autoimune. Entrada gratuita.","robots":{"index":"index","follow":"follow","max-snippet":"max-snippet:-1","max-image-preview":"max-image-preview:large","max-video-preview":"max-video-preview:-1"},"canonical":"https:\/\/folhadoleste.com.br\/en\/exposicao-sobre-lupus-no-rio-galeao\/","og_locale":"en_US","og_type":"article","og_title":"Exposi\u00e7\u00e3o sobre l\u00fapus no Rio Gale\u00e3o destaca for\u00e7a e resili\u00eancia","og_description":"Exposi\u00e7\u00e3o sobre l\u00fapus no Rio Gale\u00e3o apresenta relatos e retratos de pessoas que convivem com a doen\u00e7a autoimune. Entrada gratuita.","og_url":"https:\/\/folhadoleste.com.br\/en\/exposicao-sobre-lupus-no-rio-galeao\/","og_site_name":"Folha do Leste","article_publisher":"https:\/\/www.facebook.com\/folhadoleste","article_published_time":"2025-10-22T18:24:34+00:00","og_image":[{"width":1300,"height":700,"url":"https:\/\/folhadoleste.com.br\/wp-content\/uploads\/2025\/10\/Exposicao-lupus-Rio-Galeao-Divulgacao.jpg","type":"image\/jpeg"}],"author":"Enzo Carvalho","twitter_card":"summary_large_image","twitter_creator":"@FolhadoLesteRJ","twitter_site":"@FolhadoLesteRJ","twitter_misc":{"Written by":"Enzo Carvalho","Est. reading time":"2 minutes"},"schema":{"@context":"https:\/\/schema.org","@graph":[{"@type":"NewsArticle","@id":"https:\/\/folhadoleste.com.br\/exposicao-sobre-lupus-no-rio-galeao\/#article","isPartOf":{"@id":"https:\/\/folhadoleste.com.br\/exposicao-sobre-lupus-no-rio-galeao\/"},"author":{"name":"Enzo Carvalho","@id":"https:\/\/folhadoleste.com.br\/#\/schema\/person\/05d8a4b256c9faea581495e6c9be06f2"},"headline":"Exposi\u00e7\u00e3o sobre l\u00fapus no Rio Gale\u00e3o mostra hist\u00f3rias de supera\u00e7\u00e3o","datePublished":"2025-10-22T18:24:34+00:00","mainEntityOfPage":{"@id":"https:\/\/folhadoleste.com.br\/exposicao-sobre-lupus-no-rio-galeao\/"},"wordCount":290,"commentCount":0,"publisher":{"@id":"https:\/\/folhadoleste.com.br\/#organization"},"image":{"@id":"https:\/\/folhadoleste.com.br\/exposicao-sobre-lupus-no-rio-galeao\/#primaryimage"},"thumbnailUrl":"https:\/\/folhadoleste.com.br\/wp-content\/uploads\/2025\/10\/Exposicao-lupus-Rio-Galeao-Divulgacao.jpg","keywords":["\u201cExiste Vida Ap\u00f3s o Diagn\u00f3stico\u201d","Aeroporto Tom Jobim","Conscientiza\u00e7\u00e3o","conscientiza\u00e7\u00e3o sobre l\u00fapus","cuidados com l\u00fapus","depoimentos","diagn\u00f3stico precoce","doen\u00e7a autoimune","Doen\u00e7as Raras","entrada gratuita","exposi\u00e7\u00e3o sobre l\u00fapus","exposi\u00e7\u00e3o sobre l\u00fapus no Rio Gale\u00e3o","fotos e relatos","hist\u00f3rias de supera\u00e7\u00e3o","hist\u00f3rias inspiradoras","Instituto Lupus Care","LES","l\u00fapus eritematoso sist\u00eamico","qualidade de vida","Rio Gale\u00e3o","sa\u00fade","sensibiliza\u00e7\u00e3o do p\u00fablico","Supera\u00e7\u00e3o","tratamento adequado"],"articleSection":["Rio de Janeiro - Capital"],"inLanguage":"en-US","potentialAction":[{"@type":"CommentAction","name":"Comment","target":["https:\/\/folhadoleste.com.br\/exposicao-sobre-lupus-no-rio-galeao\/#respond"]}]},{"@type":"WebPage","@id":"https:\/\/folhadoleste.com.br\/exposicao-sobre-lupus-no-rio-galeao\/","url":"https:\/\/folhadoleste.com.br\/exposicao-sobre-lupus-no-rio-galeao\/","name":"Exposi\u00e7\u00e3o sobre l\u00fapus no Rio Gale\u00e3o destaca for\u00e7a e resili\u00eancia","isPartOf":{"@id":"https:\/\/folhadoleste.com.br\/#website"},"primaryImageOfPage":{"@id":"https:\/\/folhadoleste.com.br\/exposicao-sobre-lupus-no-rio-galeao\/#primaryimage"},"image":{"@id":"https:\/\/folhadoleste.com.br\/exposicao-sobre-lupus-no-rio-galeao\/#primaryimage"},"thumbnailUrl":"https:\/\/folhadoleste.com.br\/wp-content\/uploads\/2025\/10\/Exposicao-lupus-Rio-Galeao-Divulgacao.jpg","datePublished":"2025-10-22T18:24:34+00:00","description":"Exposi\u00e7\u00e3o sobre l\u00fapus no Rio Gale\u00e3o apresenta relatos e retratos de pessoas que convivem com a doen\u00e7a autoimune. Entrada gratuita.","breadcrumb":{"@id":"https:\/\/folhadoleste.com.br\/exposicao-sobre-lupus-no-rio-galeao\/#breadcrumb"},"inLanguage":"en-US","potentialAction":[{"@type":"ReadAction","target":["https:\/\/folhadoleste.com.br\/exposicao-sobre-lupus-no-rio-galeao\/"]}]},{"@type":"ImageObject","inLanguage":"en-US","@id":"https:\/\/folhadoleste.com.br\/exposicao-sobre-lupus-no-rio-galeao\/#primaryimage","url":"https:\/\/folhadoleste.com.br\/wp-content\/uploads\/2025\/10\/Exposicao-lupus-Rio-Galeao-Divulgacao.jpg","contentUrl":"https:\/\/folhadoleste.com.br\/wp-content\/uploads\/2025\/10\/Exposicao-lupus-Rio-Galeao-Divulgacao.jpg","width":1300,"height":700,"caption":"Exposi\u00e7\u00e3o sobre l\u00fapus no Rio Gale\u00e3o mostra hist\u00f3rias de supera\u00e7\u00e3o | Divulga\u00e7\u00e3o"},{"@type":"BreadcrumbList","@id":"https:\/\/folhadoleste.com.br\/exposicao-sobre-lupus-no-rio-galeao\/#breadcrumb","itemListElement":[{"@type":"ListItem","position":1,"name":"In\u00edcio","item":"https:\/\/folhadoleste.com.br\/"},{"@type":"ListItem","position":2,"name":"Rio de Janeiro - Capital","item":"https:\/\/folhadoleste.com.br\/category\/rio-de-janeiro-capital\/"},{"@type":"ListItem","position":3,"name":"Exposi\u00e7\u00e3o sobre l\u00fapus no Rio Gale\u00e3o mostra hist\u00f3rias de supera\u00e7\u00e3o"}]},{"@type":"WebSite","@id":"https:\/\/folhadoleste.com.br\/#website","url":"https:\/\/folhadoleste.com.br\/","name":"Folha do Leste","description":"Portal de Not\u00edcias com \u00eanfase em Niter\u00f3i, criando conte\u00fados desde a capital Rio de Janeiro, com olhar para o Leste Fluminense e suas cidades como S\u00e3o Gon\u00e7alo, Itabora\u00ed, Rio Bonito, Maric\u00e1, Saquarema e Araruama","publisher":{"@id":"https:\/\/folhadoleste.com.br\/#organization"},"alternateName":"FL","potentialAction":[{"@type":"SearchAction","target":{"@type":"EntryPoint","urlTemplate":"https:\/\/folhadoleste.com.br\/?s={search_term_string}"},"query-input":{"@type":"PropertyValueSpecification","valueRequired":true,"valueName":"search_term_string"}}],"inLanguage":"en-US"},{"@type":"Organization","@id":"https:\/\/folhadoleste.com.br\/#organization","name":"Brasil 21 Comunica\u00e7\u00e3o","alternateName":"BR21","url":"https:\/\/folhadoleste.com.br\/","logo":{"@type":"ImageObject","inLanguage":"en-US","@id":"https:\/\/folhadoleste.com.br\/#\/schema\/logo\/image\/","url":"https:\/\/folhadoleste.com.br\/wp-content\/uploads\/2025\/12\/brasil-21-logomarca.avif","contentUrl":"https:\/\/folhadoleste.com.br\/wp-content\/uploads\/2025\/12\/brasil-21-logomarca.avif","width":1044,"height":1044,"caption":"Brasil 21 Comunica\u00e7\u00e3o"},"image":{"@id":"https:\/\/folhadoleste.com.br\/#\/schema\/logo\/image\/"},"sameAs":["https:\/\/www.facebook.com\/folhadoleste","https:\/\/x.com\/FolhadoLesteRJ","https:\/\/www.instagram.com\/folhadoleste\/"]},{"@type":"Person","@id":"https:\/\/folhadoleste.com.br\/#\/schema\/person\/05d8a4b256c9faea581495e6c9be06f2","name":"Enzo Carvalho","image":{"@type":"ImageObject","inLanguage":"en-US","@id":"https:\/\/folhadoleste.com.br\/wp-content\/litespeed\/avatar\/3fe471b6df482b28961bb8e87cd40a81.jpg?ver=1777161141","url":"https:\/\/folhadoleste.com.br\/wp-content\/litespeed\/avatar\/3fe471b6df482b28961bb8e87cd40a81.jpg?ver=1777161141","contentUrl":"https:\/\/folhadoleste.com.br\/wp-content\/litespeed\/avatar\/3fe471b6df482b28961bb8e87cd40a81.jpg?ver=1777161141","caption":"Enzo Carvalho"},"description":"Enzo Carvalho \u00e9 jornalista profissional, com atua\u00e7\u00e3o voltada \u00e0 cobertura de inova\u00e7\u00e3o, tecnologia, cotidiano e esportes. Ex-jogador profissional de e-sports, traz para o jornalismo uma compreens\u00e3o pr\u00e1tica do universo digital, das plataformas tecnol\u00f3gicas e das transforma\u00e7\u00f5es provocadas pela cultura conectada.","url":"https:\/\/folhadoleste.com.br\/en\/author\/enzo-carvalho\/"}]}},"_links":{"self":[{"href":"https:\/\/folhadoleste.com.br\/en\/wp-json\/wp\/v2\/posts\/146711","targetHints":{"allow":["GET"]}}],"collection":[{"href":"https:\/\/folhadoleste.com.br\/en\/wp-json\/wp\/v2\/posts"}],"about":[{"href":"https:\/\/folhadoleste.com.br\/en\/wp-json\/wp\/v2\/types\/post"}],"author":[{"embeddable":true,"href":"https:\/\/folhadoleste.com.br\/en\/wp-json\/wp\/v2\/users\/5"}],"replies":[{"embeddable":true,"href":"https:\/\/folhadoleste.com.br\/en\/wp-json\/wp\/v2\/comments?post=146711"}],"version-history":[{"count":1,"href":"https:\/\/folhadoleste.com.br\/en\/wp-json\/wp\/v2\/posts\/146711\/revisions"}],"predecessor-version":[{"id":146713,"href":"https:\/\/folhadoleste.com.br\/en\/wp-json\/wp\/v2\/posts\/146711\/revisions\/146713"}],"wp:featuredmedia":[{"embeddable":true,"href":"https:\/\/folhadoleste.com.br\/en\/wp-json\/wp\/v2\/media\/146712"}],"wp:attachment":[{"href":"https:\/\/folhadoleste.com.br\/en\/wp-json\/wp\/v2\/media?parent=146711"}],"wp:term":[{"taxonomy":"category","embeddable":true,"href":"https:\/\/folhadoleste.com.br\/en\/wp-json\/wp\/v2\/categories?post=146711"},{"taxonomy":"post_tag","embeddable":true,"href":"https:\/\/folhadoleste.com.br\/en\/wp-json\/wp\/v2\/tags?post=146711"}],"curies":[{"name":"wp","href":"https:\/\/api.w.org\/{rel}","templated":true}]}}