{"id":14417,"date":"2023-07-06T00:51:03","date_gmt":"2023-07-06T03:51:03","guid":{"rendered":"https:\/\/folhadoleste.com.br\/?p=14417"},"modified":"2023-07-06T00:51:03","modified_gmt":"2023-07-06T03:51:03","slug":"suarez-pode-reforcar-botafogo-com-o-gremio","status":"publish","type":"post","link":"https:\/\/folhadoleste.com.br\/en\/suarez-pode-reforcar-botafogo-com-o-gremio\/","title":{"rendered":"Su\u00e1rez pode &#8220;refor\u00e7ar: Botafogo com o Gr\u00eamio"},"content":{"rendered":"<div id=\"attachment_14418\" style=\"width: 994px\" class=\"wp-caption aligncenter\"><img decoding=\"async\" aria-describedby=\"caption-attachment-14418\" class=\"size-full wp-image-14418\" src=\"https:\/\/folhadoleste.com.br\/wp-content\/uploads\/2023\/07\/Suares-pode-reforcar-Botafogo-com-o-Gremio-Foto-Reproducao-Sportv.webp\" alt=\"Su\u00e1rez pode &quot;refor\u00e7ar: Botafogo com o Gr\u00eamio\" width=\"984\" height=\"632\" \/><p id=\"caption-attachment-14418\" class=\"wp-caption-text\">Foto: Reprodu\u00e7\u00e3o &#8211; Sportv<\/p><\/div>\n<p>Luis Su\u00e1rez, centroavante do Gr\u00eamio, est\u00e1 em d\u00favida para o confronto de domingo contra o l\u00edder Botafogo pelo Brasileir\u00e3o. O jogador foi cortado de \u00faltima hora no empate contra o Bahia devido a dores no joelho direito e ser\u00e1 reavaliado pelo departamento m\u00e9dico a partir desta quinta-feira, quando o elenco se reapresenta.<\/p>\n<p>No \u00faltimo s\u00e1bado, Su\u00e1rez foi titular na partida contra o Bahia pelo Brasileir\u00e3o e j\u00e1 estava escalado para o duelo desta ter\u00e7a-feira pela Copa do Brasil. No entanto, durante o aquecimento no gramado da Arena Fonte Nova, ele n\u00e3o conseguiu suportar as dores no joelho e foi substitu\u00eddo \u00e0s pressas por Vina.<\/p>\n<p>Essa n\u00e3o \u00e9 a primeira vez que o jogador vem enfrentando dores no joelho direito. Ele deseja viajar para a Espanha para consultar o m\u00e9dico especialista Ram\u00f3n Cugat. O Gr\u00eamio concordou com a viagem, mas ainda est\u00e1 em negocia\u00e7\u00e3o sobre quando isso acontecer\u00e1. O objetivo \u00e9 aproveitar Luisito o m\u00e1ximo poss\u00edvel.<\/p>\n<p>Existe a possibilidade de Su\u00e1rez viajar para a Europa ap\u00f3s o segundo jogo das quartas de final da Copa do Brasil, contra o Bahia, na Arena, em 12 de julho. O duelo contra o Corinthians, anteriormente marcado para o dia 15, foi adiado pela CBF. Isso abrir\u00e1 um espa\u00e7o de 10 dias no calend\u00e1rio do Gr\u00eamio para a ida do jogador a Barcelona.<\/p>\n<p>A partir da pr\u00f3xima quinta-feira, Su\u00e1rez ser\u00e1 reavaliado pelos m\u00e9dicos e continuar\u00e1 o tratamento para as dores no joelho direito. Se houver melhora at\u00e9 domingo, ele estar\u00e1 dispon\u00edvel para o t\u00e9cnico Renato. Caso contr\u00e1rio, ser\u00e1 poupado novamente. Se Luisito n\u00e3o tiver condi\u00e7\u00f5es de jogo, Vina \u00e9 o mais cotado para iniciar o confronto contra o l\u00edder Botafogo. Andr\u00e9 Henrique, o \u00fanico centroavante de of\u00edcio no elenco no momento, tamb\u00e9m est\u00e1 na disputa.<\/p>\n<p>O grupo de jogadores retornar\u00e1 aos treinos \u00e0s 15h30 desta quinta-feira no CT Luiz Carvalho. O Gr\u00eamio receber\u00e1 o Botafogo, com o artilheiro Tiquinho Soares, no domingo, \u00e0s 16h, na Arena, pela 14\u00aa rodada do Brasileir\u00e3o. O time ga\u00facho ocupa a segunda posi\u00e7\u00e3o com 26 pontos, sete a menos que o rival carioca.<\/p>\n<p>&nbsp;<\/p>\n<h5><strong><a href=\"https:\/\/www.facebook.com\/folhadoleste\">CURTA E SIGA NOSSA P\u00c1GINA NO FACEBOOK CLICANDO AQUI<\/a><\/strong><\/h5>\n<h5><strong><a href=\"https:\/\/www.instagram.com\/folhadoleste\/\">CURTA E SIGA NOSSA P\u00c1GINA NO INSTAGRAM CLICANDO AQUI<\/a><\/strong><\/h5>","protected":false},"excerpt":{"rendered":"<p>Luis Su\u00e1rez, centroavante do Gr\u00eamio, est\u00e1 em d\u00favida para o confronto de domingo contra o l\u00edder Botafogo pelo Brasileir\u00e3o. O jogador foi cortado de \u00faltima hora no empate contra o Bahia devido a dores no joelho direito e ser\u00e1 reavaliado pelo departamento m\u00e9dico a partir desta quinta-feira, quando o elenco se reapresenta. No \u00faltimo s\u00e1bado, Su\u00e1rez foi titular na partida contra o Bahia pelo Brasileir\u00e3o e j\u00e1 estava escalado para o duelo desta ter\u00e7a-feira pela Copa do Brasil. No entanto, durante o aquecimento no gramado da Arena Fonte Nova, ele n\u00e3o conseguiu suportar as dores no joelho e foi substitu\u00eddo [&hellip;]<\/p>\n","protected":false},"author":4,"featured_media":14418,"comment_status":"open","ping_status":"open","sticky":false,"template":"","format":"standard","meta":{"footnotes":""},"categories":[48,65],"tags":[105,101,249,8812],"class_list":["post-14417","post","type-post","status-publish","format-standard","has-post-thumbnail","hentry","category-esportes","category-futebol-esportes","tag-esportes","tag-futebol","tag-reforco","tag-suarez","post--single"],"yoast_head":"<!-- This site is optimized with the Yoast SEO plugin v27.4 - https:\/\/yoast.com\/product\/yoast-seo-wordpress\/ -->\n<title>Su\u00e1rez pode &quot;refor\u00e7ar: Botafogo com o Gr\u00eamio &#8226; Folha do Leste<\/title>\n<meta name=\"robots\" content=\"index, follow, max-snippet:-1, max-image-preview:large, max-video-preview:-1\" \/>\n<link rel=\"canonical\" href=\"https:\/\/folhadoleste.com.br\/en\/suarez-pode-reforcar-botafogo-com-o-gremio\/\" \/>\n<meta property=\"og:locale\" content=\"en_US\" \/>\n<meta property=\"og:type\" content=\"article\" \/>\n<meta property=\"og:title\" content=\"Su\u00e1rez pode &quot;refor\u00e7ar: Botafogo com o Gr\u00eamio\" \/>\n<meta property=\"og:description\" content=\"Clique e saiba mais...\" \/>\n<meta property=\"og:url\" content=\"https:\/\/folhadoleste.com.br\/en\/suarez-pode-reforcar-botafogo-com-o-gremio\/\" \/>\n<meta property=\"og:site_name\" content=\"Folha do Leste\" \/>\n<meta property=\"article:publisher\" content=\"https:\/\/www.facebook.com\/folhadoleste\" \/>\n<meta property=\"article:published_time\" content=\"2023-07-06T03:51:03+00:00\" \/>\n<meta property=\"og:image\" content=\"https:\/\/folhadoleste.com.br\/wp-content\/uploads\/2023\/07\/Suares-pode-reforcar-Botafogo-com-o-Gremio-Foto-Reproducao-Sportv.webp\" \/>\n\t<meta property=\"og:image:width\" content=\"984\" \/>\n\t<meta property=\"og:image:height\" content=\"632\" \/>\n\t<meta property=\"og:image:type\" content=\"image\/webp\" \/>\n<meta name=\"author\" content=\"Folha do Leste\" \/>\n<meta name=\"twitter:card\" content=\"summary_large_image\" \/>\n<meta name=\"twitter:title\" content=\"Su\u00e1rez pode &quot;refor\u00e7ar: Botafogo com o Gr\u00eamio\" \/>\n<meta name=\"twitter:description\" content=\"Clique e saiba mais...\" \/>\n<meta name=\"twitter:image\" content=\"https:\/\/folhadoleste.com.br\/wp-content\/uploads\/2023\/07\/Suares-pode-reforcar-Botafogo-com-o-Gremio-Foto-Reproducao-Sportv.webp\" \/>\n<meta name=\"twitter:creator\" content=\"@FolhadoLesteRJ\" \/>\n<meta name=\"twitter:site\" content=\"@FolhadoLesteRJ\" \/>\n<meta name=\"twitter:label1\" content=\"Written by\" \/>\n\t<meta name=\"twitter:data1\" content=\"Folha do Leste\" \/>\n\t<meta name=\"twitter:label2\" content=\"Est. reading time\" \/>\n\t<meta name=\"twitter:data2\" content=\"3 minutes\" \/>\n<script type=\"application\/ld+json\" class=\"yoast-schema-graph\">{\"@context\":\"https:\\\/\\\/schema.org\",\"@graph\":[{\"@type\":\"NewsArticle\",\"@id\":\"https:\\\/\\\/folhadoleste.com.br\\\/suarez-pode-reforcar-botafogo-com-o-gremio\\\/#article\",\"isPartOf\":{\"@id\":\"https:\\\/\\\/folhadoleste.com.br\\\/suarez-pode-reforcar-botafogo-com-o-gremio\\\/\"},\"author\":{\"name\":\"Folha do Leste\",\"@id\":\"https:\\\/\\\/folhadoleste.com.br\\\/#\\\/schema\\\/person\\\/3e97145b2e1861276e84471aa85a3899\"},\"headline\":\"Su\u00e1rez pode &#8220;refor\u00e7ar: Botafogo com o Gr\u00eamio\",\"datePublished\":\"2023-07-06T03:51:03+00:00\",\"mainEntityOfPage\":{\"@id\":\"https:\\\/\\\/folhadoleste.com.br\\\/suarez-pode-reforcar-botafogo-com-o-gremio\\\/\"},\"wordCount\":417,\"commentCount\":0,\"publisher\":{\"@id\":\"https:\\\/\\\/folhadoleste.com.br\\\/#organization\"},\"image\":{\"@id\":\"https:\\\/\\\/folhadoleste.com.br\\\/suarez-pode-reforcar-botafogo-com-o-gremio\\\/#primaryimage\"},\"thumbnailUrl\":\"https:\\\/\\\/folhadoleste.com.br\\\/wp-content\\\/uploads\\\/2023\\\/07\\\/Suares-pode-reforcar-Botafogo-com-o-Gremio-Foto-Reproducao-Sportv.webp\",\"keywords\":[\"Esportes\",\"futebol\",\"refor\u00e7o\",\"Su\u00e1rez\"],\"articleSection\":[\"Esportes\",\"Futebol\"],\"inLanguage\":\"en-US\",\"potentialAction\":[{\"@type\":\"CommentAction\",\"name\":\"Comment\",\"target\":[\"https:\\\/\\\/folhadoleste.com.br\\\/suarez-pode-reforcar-botafogo-com-o-gremio\\\/#respond\"]}]},{\"@type\":\"WebPage\",\"@id\":\"https:\\\/\\\/folhadoleste.com.br\\\/suarez-pode-reforcar-botafogo-com-o-gremio\\\/\",\"url\":\"https:\\\/\\\/folhadoleste.com.br\\\/suarez-pode-reforcar-botafogo-com-o-gremio\\\/\",\"name\":\"Su\u00e1rez pode \\\"refor\u00e7ar: Botafogo com o Gr\u00eamio &#8226; Folha do Leste\",\"isPartOf\":{\"@id\":\"https:\\\/\\\/folhadoleste.com.br\\\/#website\"},\"primaryImageOfPage\":{\"@id\":\"https:\\\/\\\/folhadoleste.com.br\\\/suarez-pode-reforcar-botafogo-com-o-gremio\\\/#primaryimage\"},\"image\":{\"@id\":\"https:\\\/\\\/folhadoleste.com.br\\\/suarez-pode-reforcar-botafogo-com-o-gremio\\\/#primaryimage\"},\"thumbnailUrl\":\"https:\\\/\\\/folhadoleste.com.br\\\/wp-content\\\/uploads\\\/2023\\\/07\\\/Suares-pode-reforcar-Botafogo-com-o-Gremio-Foto-Reproducao-Sportv.webp\",\"datePublished\":\"2023-07-06T03:51:03+00:00\",\"breadcrumb\":{\"@id\":\"https:\\\/\\\/folhadoleste.com.br\\\/suarez-pode-reforcar-botafogo-com-o-gremio\\\/#breadcrumb\"},\"inLanguage\":\"en-US\",\"potentialAction\":[{\"@type\":\"ReadAction\",\"target\":[\"https:\\\/\\\/folhadoleste.com.br\\\/suarez-pode-reforcar-botafogo-com-o-gremio\\\/\"]}]},{\"@type\":\"ImageObject\",\"inLanguage\":\"en-US\",\"@id\":\"https:\\\/\\\/folhadoleste.com.br\\\/suarez-pode-reforcar-botafogo-com-o-gremio\\\/#primaryimage\",\"url\":\"https:\\\/\\\/folhadoleste.com.br\\\/wp-content\\\/uploads\\\/2023\\\/07\\\/Suares-pode-reforcar-Botafogo-com-o-Gremio-Foto-Reproducao-Sportv.webp\",\"contentUrl\":\"https:\\\/\\\/folhadoleste.com.br\\\/wp-content\\\/uploads\\\/2023\\\/07\\\/Suares-pode-reforcar-Botafogo-com-o-Gremio-Foto-Reproducao-Sportv.webp\",\"width\":984,\"height\":632,\"caption\":\"Foto: Reprodu\u00e7\u00e3o - Sportv\"},{\"@type\":\"BreadcrumbList\",\"@id\":\"https:\\\/\\\/folhadoleste.com.br\\\/suarez-pode-reforcar-botafogo-com-o-gremio\\\/#breadcrumb\",\"itemListElement\":[{\"@type\":\"ListItem\",\"position\":1,\"name\":\"In\u00edcio\",\"item\":\"https:\\\/\\\/folhadoleste.com.br\\\/\"},{\"@type\":\"ListItem\",\"position\":2,\"name\":\"Esportes\",\"item\":\"https:\\\/\\\/folhadoleste.com.br\\\/category\\\/esportes\\\/\"},{\"@type\":\"ListItem\",\"position\":3,\"name\":\"Futebol\",\"item\":\"https:\\\/\\\/folhadoleste.com.br\\\/category\\\/esportes\\\/futebol-esportes\\\/\"},{\"@type\":\"ListItem\",\"position\":4,\"name\":\"Su\u00e1rez pode &#8220;refor\u00e7ar: Botafogo com o Gr\u00eamio\"}]},{\"@type\":\"WebSite\",\"@id\":\"https:\\\/\\\/folhadoleste.com.br\\\/#website\",\"url\":\"https:\\\/\\\/folhadoleste.com.br\\\/\",\"name\":\"Folha do Leste\",\"description\":\"Portal de Not\u00edcias com \u00eanfase em Niter\u00f3i, criando conte\u00fados desde a capital Rio de Janeiro, com olhar para o Leste Fluminense e suas cidades como S\u00e3o Gon\u00e7alo, Itabora\u00ed, Rio Bonito, Maric\u00e1, Saquarema e Araruama\",\"publisher\":{\"@id\":\"https:\\\/\\\/folhadoleste.com.br\\\/#organization\"},\"alternateName\":\"FL\",\"potentialAction\":[{\"@type\":\"SearchAction\",\"target\":{\"@type\":\"EntryPoint\",\"urlTemplate\":\"https:\\\/\\\/folhadoleste.com.br\\\/?s={search_term_string}\"},\"query-input\":{\"@type\":\"PropertyValueSpecification\",\"valueRequired\":true,\"valueName\":\"search_term_string\"}}],\"inLanguage\":\"en-US\"},{\"@type\":\"Organization\",\"@id\":\"https:\\\/\\\/folhadoleste.com.br\\\/#organization\",\"name\":\"Brasil 21 Comunica\u00e7\u00e3o\",\"alternateName\":\"BR21\",\"url\":\"https:\\\/\\\/folhadoleste.com.br\\\/\",\"logo\":{\"@type\":\"ImageObject\",\"inLanguage\":\"en-US\",\"@id\":\"https:\\\/\\\/folhadoleste.com.br\\\/#\\\/schema\\\/logo\\\/image\\\/\",\"url\":\"https:\\\/\\\/folhadoleste.com.br\\\/wp-content\\\/uploads\\\/2025\\\/12\\\/brasil-21-logomarca.avif\",\"contentUrl\":\"https:\\\/\\\/folhadoleste.com.br\\\/wp-content\\\/uploads\\\/2025\\\/12\\\/brasil-21-logomarca.avif\",\"width\":1044,\"height\":1044,\"caption\":\"Brasil 21 Comunica\u00e7\u00e3o\"},\"image\":{\"@id\":\"https:\\\/\\\/folhadoleste.com.br\\\/#\\\/schema\\\/logo\\\/image\\\/\"},\"sameAs\":[\"https:\\\/\\\/www.facebook.com\\\/folhadoleste\",\"https:\\\/\\\/x.com\\\/FolhadoLesteRJ\",\"https:\\\/\\\/www.instagram.com\\\/folhadoleste\\\/\"]},{\"@type\":\"Person\",\"@id\":\"https:\\\/\\\/folhadoleste.com.br\\\/#\\\/schema\\\/person\\\/3e97145b2e1861276e84471aa85a3899\",\"name\":\"Folha do Leste\",\"image\":{\"@type\":\"ImageObject\",\"inLanguage\":\"en-US\",\"@id\":\"https:\\\/\\\/folhadoleste.com.br\\\/wp-content\\\/litespeed\\\/avatar\\\/1ca8c218432e7045e748610eb3db0259.jpg?ver=1777161142\",\"url\":\"https:\\\/\\\/folhadoleste.com.br\\\/wp-content\\\/litespeed\\\/avatar\\\/1ca8c218432e7045e748610eb3db0259.jpg?ver=1777161142\",\"contentUrl\":\"https:\\\/\\\/folhadoleste.com.br\\\/wp-content\\\/litespeed\\\/avatar\\\/1ca8c218432e7045e748610eb3db0259.jpg?ver=1777161142\",\"caption\":\"Folha do Leste\"},\"url\":\"https:\\\/\\\/folhadoleste.com.br\\\/en\\\/author\\\/reportagem-01\\\/\"}]}<\/script>\n<!-- \/ Yoast SEO plugin. -->","yoast_head_json":{"title":"Su\u00e1rez pode \"refor\u00e7ar: Botafogo com o Gr\u00eamio &#8226; Folha do Leste","robots":{"index":"index","follow":"follow","max-snippet":"max-snippet:-1","max-image-preview":"max-image-preview:large","max-video-preview":"max-video-preview:-1"},"canonical":"https:\/\/folhadoleste.com.br\/en\/suarez-pode-reforcar-botafogo-com-o-gremio\/","og_locale":"en_US","og_type":"article","og_title":"Su\u00e1rez pode \"refor\u00e7ar: Botafogo com o Gr\u00eamio","og_description":"Clique e saiba mais...","og_url":"https:\/\/folhadoleste.com.br\/en\/suarez-pode-reforcar-botafogo-com-o-gremio\/","og_site_name":"Folha do Leste","article_publisher":"https:\/\/www.facebook.com\/folhadoleste","article_published_time":"2023-07-06T03:51:03+00:00","og_image":[{"width":984,"height":632,"url":"https:\/\/folhadoleste.com.br\/wp-content\/uploads\/2023\/07\/Suares-pode-reforcar-Botafogo-com-o-Gremio-Foto-Reproducao-Sportv.webp","type":"image\/webp"}],"author":"Folha do Leste","twitter_card":"summary_large_image","twitter_title":"Su\u00e1rez pode \"refor\u00e7ar: Botafogo com o Gr\u00eamio","twitter_description":"Clique e saiba mais...","twitter_image":"https:\/\/folhadoleste.com.br\/wp-content\/uploads\/2023\/07\/Suares-pode-reforcar-Botafogo-com-o-Gremio-Foto-Reproducao-Sportv.webp","twitter_creator":"@FolhadoLesteRJ","twitter_site":"@FolhadoLesteRJ","twitter_misc":{"Written by":"Folha do Leste","Est. reading time":"3 minutes"},"schema":{"@context":"https:\/\/schema.org","@graph":[{"@type":"NewsArticle","@id":"https:\/\/folhadoleste.com.br\/suarez-pode-reforcar-botafogo-com-o-gremio\/#article","isPartOf":{"@id":"https:\/\/folhadoleste.com.br\/suarez-pode-reforcar-botafogo-com-o-gremio\/"},"author":{"name":"Folha do Leste","@id":"https:\/\/folhadoleste.com.br\/#\/schema\/person\/3e97145b2e1861276e84471aa85a3899"},"headline":"Su\u00e1rez pode &#8220;refor\u00e7ar: Botafogo com o Gr\u00eamio","datePublished":"2023-07-06T03:51:03+00:00","mainEntityOfPage":{"@id":"https:\/\/folhadoleste.com.br\/suarez-pode-reforcar-botafogo-com-o-gremio\/"},"wordCount":417,"commentCount":0,"publisher":{"@id":"https:\/\/folhadoleste.com.br\/#organization"},"image":{"@id":"https:\/\/folhadoleste.com.br\/suarez-pode-reforcar-botafogo-com-o-gremio\/#primaryimage"},"thumbnailUrl":"https:\/\/folhadoleste.com.br\/wp-content\/uploads\/2023\/07\/Suares-pode-reforcar-Botafogo-com-o-Gremio-Foto-Reproducao-Sportv.webp","keywords":["Esportes","futebol","refor\u00e7o","Su\u00e1rez"],"articleSection":["Esportes","Futebol"],"inLanguage":"en-US","potentialAction":[{"@type":"CommentAction","name":"Comment","target":["https:\/\/folhadoleste.com.br\/suarez-pode-reforcar-botafogo-com-o-gremio\/#respond"]}]},{"@type":"WebPage","@id":"https:\/\/folhadoleste.com.br\/suarez-pode-reforcar-botafogo-com-o-gremio\/","url":"https:\/\/folhadoleste.com.br\/suarez-pode-reforcar-botafogo-com-o-gremio\/","name":"Su\u00e1rez pode \"refor\u00e7ar: Botafogo com o Gr\u00eamio &#8226; Folha do Leste","isPartOf":{"@id":"https:\/\/folhadoleste.com.br\/#website"},"primaryImageOfPage":{"@id":"https:\/\/folhadoleste.com.br\/suarez-pode-reforcar-botafogo-com-o-gremio\/#primaryimage"},"image":{"@id":"https:\/\/folhadoleste.com.br\/suarez-pode-reforcar-botafogo-com-o-gremio\/#primaryimage"},"thumbnailUrl":"https:\/\/folhadoleste.com.br\/wp-content\/uploads\/2023\/07\/Suares-pode-reforcar-Botafogo-com-o-Gremio-Foto-Reproducao-Sportv.webp","datePublished":"2023-07-06T03:51:03+00:00","breadcrumb":{"@id":"https:\/\/folhadoleste.com.br\/suarez-pode-reforcar-botafogo-com-o-gremio\/#breadcrumb"},"inLanguage":"en-US","potentialAction":[{"@type":"ReadAction","target":["https:\/\/folhadoleste.com.br\/suarez-pode-reforcar-botafogo-com-o-gremio\/"]}]},{"@type":"ImageObject","inLanguage":"en-US","@id":"https:\/\/folhadoleste.com.br\/suarez-pode-reforcar-botafogo-com-o-gremio\/#primaryimage","url":"https:\/\/folhadoleste.com.br\/wp-content\/uploads\/2023\/07\/Suares-pode-reforcar-Botafogo-com-o-Gremio-Foto-Reproducao-Sportv.webp","contentUrl":"https:\/\/folhadoleste.com.br\/wp-content\/uploads\/2023\/07\/Suares-pode-reforcar-Botafogo-com-o-Gremio-Foto-Reproducao-Sportv.webp","width":984,"height":632,"caption":"Foto: Reprodu\u00e7\u00e3o - Sportv"},{"@type":"BreadcrumbList","@id":"https:\/\/folhadoleste.com.br\/suarez-pode-reforcar-botafogo-com-o-gremio\/#breadcrumb","itemListElement":[{"@type":"ListItem","position":1,"name":"In\u00edcio","item":"https:\/\/folhadoleste.com.br\/"},{"@type":"ListItem","position":2,"name":"Esportes","item":"https:\/\/folhadoleste.com.br\/category\/esportes\/"},{"@type":"ListItem","position":3,"name":"Futebol","item":"https:\/\/folhadoleste.com.br\/category\/esportes\/futebol-esportes\/"},{"@type":"ListItem","position":4,"name":"Su\u00e1rez pode &#8220;refor\u00e7ar: Botafogo com o Gr\u00eamio"}]},{"@type":"WebSite","@id":"https:\/\/folhadoleste.com.br\/#website","url":"https:\/\/folhadoleste.com.br\/","name":"Folha do Leste","description":"Portal de Not\u00edcias com \u00eanfase em Niter\u00f3i, criando conte\u00fados desde a capital Rio de Janeiro, com olhar para o Leste Fluminense e suas cidades como S\u00e3o Gon\u00e7alo, Itabora\u00ed, Rio Bonito, Maric\u00e1, Saquarema e Araruama","publisher":{"@id":"https:\/\/folhadoleste.com.br\/#organization"},"alternateName":"FL","potentialAction":[{"@type":"SearchAction","target":{"@type":"EntryPoint","urlTemplate":"https:\/\/folhadoleste.com.br\/?s={search_term_string}"},"query-input":{"@type":"PropertyValueSpecification","valueRequired":true,"valueName":"search_term_string"}}],"inLanguage":"en-US"},{"@type":"Organization","@id":"https:\/\/folhadoleste.com.br\/#organization","name":"Brasil 21 Comunica\u00e7\u00e3o","alternateName":"BR21","url":"https:\/\/folhadoleste.com.br\/","logo":{"@type":"ImageObject","inLanguage":"en-US","@id":"https:\/\/folhadoleste.com.br\/#\/schema\/logo\/image\/","url":"https:\/\/folhadoleste.com.br\/wp-content\/uploads\/2025\/12\/brasil-21-logomarca.avif","contentUrl":"https:\/\/folhadoleste.com.br\/wp-content\/uploads\/2025\/12\/brasil-21-logomarca.avif","width":1044,"height":1044,"caption":"Brasil 21 Comunica\u00e7\u00e3o"},"image":{"@id":"https:\/\/folhadoleste.com.br\/#\/schema\/logo\/image\/"},"sameAs":["https:\/\/www.facebook.com\/folhadoleste","https:\/\/x.com\/FolhadoLesteRJ","https:\/\/www.instagram.com\/folhadoleste\/"]},{"@type":"Person","@id":"https:\/\/folhadoleste.com.br\/#\/schema\/person\/3e97145b2e1861276e84471aa85a3899","name":"Folha do Leste","image":{"@type":"ImageObject","inLanguage":"en-US","@id":"https:\/\/folhadoleste.com.br\/wp-content\/litespeed\/avatar\/1ca8c218432e7045e748610eb3db0259.jpg?ver=1777161142","url":"https:\/\/folhadoleste.com.br\/wp-content\/litespeed\/avatar\/1ca8c218432e7045e748610eb3db0259.jpg?ver=1777161142","contentUrl":"https:\/\/folhadoleste.com.br\/wp-content\/litespeed\/avatar\/1ca8c218432e7045e748610eb3db0259.jpg?ver=1777161142","caption":"Folha do Leste"},"url":"https:\/\/folhadoleste.com.br\/en\/author\/reportagem-01\/"}]}},"_links":{"self":[{"href":"https:\/\/folhadoleste.com.br\/en\/wp-json\/wp\/v2\/posts\/14417","targetHints":{"allow":["GET"]}}],"collection":[{"href":"https:\/\/folhadoleste.com.br\/en\/wp-json\/wp\/v2\/posts"}],"about":[{"href":"https:\/\/folhadoleste.com.br\/en\/wp-json\/wp\/v2\/types\/post"}],"author":[{"embeddable":true,"href":"https:\/\/folhadoleste.com.br\/en\/wp-json\/wp\/v2\/users\/4"}],"replies":[{"embeddable":true,"href":"https:\/\/folhadoleste.com.br\/en\/wp-json\/wp\/v2\/comments?post=14417"}],"version-history":[{"count":1,"href":"https:\/\/folhadoleste.com.br\/en\/wp-json\/wp\/v2\/posts\/14417\/revisions"}],"predecessor-version":[{"id":14419,"href":"https:\/\/folhadoleste.com.br\/en\/wp-json\/wp\/v2\/posts\/14417\/revisions\/14419"}],"wp:featuredmedia":[{"embeddable":true,"href":"https:\/\/folhadoleste.com.br\/en\/wp-json\/wp\/v2\/media\/14418"}],"wp:attachment":[{"href":"https:\/\/folhadoleste.com.br\/en\/wp-json\/wp\/v2\/media?parent=14417"}],"wp:term":[{"taxonomy":"category","embeddable":true,"href":"https:\/\/folhadoleste.com.br\/en\/wp-json\/wp\/v2\/categories?post=14417"},{"taxonomy":"post_tag","embeddable":true,"href":"https:\/\/folhadoleste.com.br\/en\/wp-json\/wp\/v2\/tags?post=14417"}],"curies":[{"name":"wp","href":"https:\/\/api.w.org\/{rel}","templated":true}]}}