{"id":14299,"date":"2023-07-05T17:59:26","date_gmt":"2023-07-05T20:59:26","guid":{"rendered":"https:\/\/folhadoleste.com.br\/?p=14299"},"modified":"2023-07-05T18:07:01","modified_gmt":"2023-07-05T21:07:01","slug":"escolas-deverao-ter-programa-voltado-a-seguranca-nos-transportes","status":"publish","type":"post","link":"https:\/\/folhadoleste.com.br\/en\/escolas-deverao-ter-programa-voltado-a-seguranca-nos-transportes\/","title":{"rendered":"Escolas dever\u00e3o ter programa voltado \u00e0 seguran\u00e7a nos transportes"},"content":{"rendered":"<p>O Governo do Estado do Rio aprovou a Lei 10.051\/23, de autoria do deputado Carlos Macedo (REP), que autoriza a cria\u00e7\u00e3o de um Programa de Conscientiza\u00e7\u00e3o sobre Seguran\u00e7a nos Transportes P\u00fablicos nas escolas p\u00fablicas estaduais. A medida foi sancionada pelo Governador Cl\u00e1udio Castro e divulgada no Di\u00e1rio Oficial extra do Executivo em 3 de julho.<\/p>\n<p>Conforme o programa estabelecido, cada escola ter\u00e1 uma equipe de trabalho multidisciplinar, composta por professores, alunos e associa\u00e7\u00f5es de pais e respons\u00e1veis. Essa equipe ser\u00e1 respons\u00e1vel por selecionar uma data, dentro do cronograma anual da escola, para abordar o tema da seguran\u00e7a nos transportes p\u00fablicos.<\/p>\n<p>As escolas tamb\u00e9m ser\u00e3o encorajadas a desenvolver estrat\u00e9gias metodol\u00f3gicas, como palestras, semin\u00e1rios e distribui\u00e7\u00e3o de material did\u00e1tico impresso, a fim de orientar os alunos e seus respons\u00e1veis. Sempre que poss\u00edvel, as a\u00e7\u00f5es realizadas pelas escolas contar\u00e3o com a presen\u00e7a de representantes das concession\u00e1rias de servi\u00e7o p\u00fablico de transporte.<\/p>\n<p>Al\u00e9m disso, a lei estipula que as atividades do programa devem contar, sempre que poss\u00edvel, com a participa\u00e7\u00e3o, orienta\u00e7\u00e3o e apoio das Secretarias de Estado de Pol\u00edcia Militar, Pol\u00edcia Civil e Educa\u00e7\u00e3o, do Conselho Tutelar, da Vara da Inf\u00e2ncia e Juventude e demais \u00f3rg\u00e3os envolvidos na prote\u00e7\u00e3o e bem-estar de crian\u00e7as e adolescentes.<\/p>\n<p>A motiva\u00e7\u00e3o para essa medida foi o registro de viola\u00e7\u00f5es nas esta\u00e7\u00f5es do sistema BRT. O deputado Carlos Macedo explicou:<\/p>\n<blockquote><p>Tenho presenciado neglig\u00eancias preocupantes, como estudantes escalando perigosamente as plataformas das esta\u00e7\u00f5es em vez de utilizar a rampa de acesso regular. Essa conduta coloca suas vidas em risco iminente. Infelizmente, essas situa\u00e7\u00f5es ocorrem frequentemente em esta\u00e7\u00f5es pr\u00f3ximas a escolas p\u00fablicas, principalmente nos<br \/>\nhor\u00e1rios de sa\u00edda dos alunos&#8221;.<\/p><\/blockquote>\n<h5><strong><a href=\"https:\/\/www.facebook.com\/folhadoleste\">CURTA E SIGA NOSSA P\u00c1GINA NO FACEBOOK CLICANDO AQUI<\/a><\/strong><\/h5>\n<h5><strong><a href=\"https:\/\/www.instagram.com\/folhadoleste\/\">CURTA E SIGA NOSSA P\u00c1GINA NO INSTAGRAM CLICANDO AQUI<\/a><\/strong><\/h5>","protected":false},"excerpt":{"rendered":"<p>O Governo do Estado do Rio aprovou a Lei 10.051\/23, de autoria do deputado Carlos Macedo (REP), que autoriza a cria\u00e7\u00e3o de um Programa de Conscientiza\u00e7\u00e3o sobre Seguran\u00e7a nos Transportes P\u00fablicos nas escolas p\u00fablicas estaduais. A medida foi sancionada pelo Governador Cl\u00e1udio Castro e divulgada no Di\u00e1rio Oficial extra do Executivo em 3 de julho. Conforme o programa estabelecido, cada escola ter\u00e1 uma equipe de trabalho multidisciplinar, composta por professores, alunos e associa\u00e7\u00f5es de pais e respons\u00e1veis. Essa equipe ser\u00e1 respons\u00e1vel por selecionar uma data, dentro do cronograma anual da escola, para abordar o tema da seguran\u00e7a nos transportes p\u00fablicos. [&hellip;]<\/p>\n","protected":false},"author":4,"featured_media":14301,"comment_status":"open","ping_status":"open","sticky":false,"template":"","format":"standard","meta":{"footnotes":""},"categories":[46],"tags":[5228,1056,680,625,185],"class_list":["post-14299","post","type-post","status-publish","format-standard","has-post-thumbnail","hentry","category-estado-do-rio-de-janeiro","tag-conscientizacao","tag-ensino","tag-escolas","tag-lei","tag-transporte","post--single"],"yoast_head":"<!-- This site is optimized with the Yoast SEO plugin v27.4 - https:\/\/yoast.com\/product\/yoast-seo-wordpress\/ -->\n<title>Escolas dever\u00e3o ter programa voltado \u00e0 seguran\u00e7a nos transportes &#8226; Folha do Leste<\/title>\n<meta name=\"description\" content=\"Foi aprovada a lei que autoriza a cria\u00e7\u00e3o de um Programa de Conscientiza\u00e7\u00e3o sobre Seguran\u00e7a nos Transportes P\u00fablicos nas escolas p\u00fablicas.\" \/>\n<meta name=\"robots\" content=\"index, follow, max-snippet:-1, max-image-preview:large, max-video-preview:-1\" \/>\n<link rel=\"canonical\" href=\"https:\/\/folhadoleste.com.br\/en\/escolas-deverao-ter-programa-voltado-a-seguranca-nos-transportes\/\" \/>\n<meta property=\"og:locale\" content=\"en_US\" \/>\n<meta property=\"og:type\" content=\"article\" \/>\n<meta property=\"og:title\" content=\"Escolas dever\u00e3o ter programa voltado \u00e0 seguran\u00e7a nos transportes &#8226; Folha do Leste\" \/>\n<meta property=\"og:description\" content=\"Saiba mais.\" \/>\n<meta property=\"og:url\" content=\"https:\/\/folhadoleste.com.br\/en\/escolas-deverao-ter-programa-voltado-a-seguranca-nos-transportes\/\" \/>\n<meta property=\"og:site_name\" content=\"Folha do Leste\" \/>\n<meta property=\"article:publisher\" content=\"https:\/\/www.facebook.com\/folhadoleste\" \/>\n<meta property=\"article:published_time\" content=\"2023-07-05T20:59:26+00:00\" \/>\n<meta property=\"article:modified_time\" content=\"2023-07-05T21:07:01+00:00\" \/>\n<meta property=\"og:image\" content=\"https:\/\/folhadoleste.com.br\/wp-content\/uploads\/2023\/07\/escolar.jpeg\" \/>\n\t<meta property=\"og:image:width\" content=\"731\" \/>\n\t<meta property=\"og:image:height\" content=\"396\" \/>\n\t<meta property=\"og:image:type\" content=\"image\/jpeg\" \/>\n<meta name=\"author\" content=\"Folha do Leste\" \/>\n<meta name=\"twitter:card\" content=\"summary_large_image\" \/>\n<meta name=\"twitter:description\" content=\"Saiba mais.\" \/>\n<meta name=\"twitter:image\" content=\"https:\/\/folhadoleste.com.br\/wp-content\/uploads\/2023\/07\/escolar.jpeg\" \/>\n<meta name=\"twitter:creator\" content=\"@FolhadoLesteRJ\" \/>\n<meta name=\"twitter:site\" content=\"@FolhadoLesteRJ\" \/>\n<meta name=\"twitter:label1\" content=\"Written by\" \/>\n\t<meta name=\"twitter:data1\" content=\"Folha do Leste\" \/>\n\t<meta name=\"twitter:label2\" content=\"Est. reading time\" \/>\n\t<meta name=\"twitter:data2\" content=\"2 minutes\" \/>\n<script type=\"application\/ld+json\" class=\"yoast-schema-graph\">{\"@context\":\"https:\\\/\\\/schema.org\",\"@graph\":[{\"@type\":\"NewsArticle\",\"@id\":\"https:\\\/\\\/folhadoleste.com.br\\\/escolas-deverao-ter-programa-voltado-a-seguranca-nos-transportes\\\/#article\",\"isPartOf\":{\"@id\":\"https:\\\/\\\/folhadoleste.com.br\\\/escolas-deverao-ter-programa-voltado-a-seguranca-nos-transportes\\\/\"},\"author\":{\"name\":\"Folha do Leste\",\"@id\":\"https:\\\/\\\/folhadoleste.com.br\\\/#\\\/schema\\\/person\\\/3e97145b2e1861276e84471aa85a3899\"},\"headline\":\"Escolas dever\u00e3o ter programa voltado \u00e0 seguran\u00e7a nos transportes\",\"datePublished\":\"2023-07-05T20:59:26+00:00\",\"dateModified\":\"2023-07-05T21:07:01+00:00\",\"mainEntityOfPage\":{\"@id\":\"https:\\\/\\\/folhadoleste.com.br\\\/escolas-deverao-ter-programa-voltado-a-seguranca-nos-transportes\\\/\"},\"wordCount\":345,\"commentCount\":0,\"publisher\":{\"@id\":\"https:\\\/\\\/folhadoleste.com.br\\\/#organization\"},\"image\":{\"@id\":\"https:\\\/\\\/folhadoleste.com.br\\\/escolas-deverao-ter-programa-voltado-a-seguranca-nos-transportes\\\/#primaryimage\"},\"thumbnailUrl\":\"https:\\\/\\\/folhadoleste.com.br\\\/wp-content\\\/uploads\\\/2023\\\/07\\\/escolar.jpeg\",\"keywords\":[\"Conscientiza\u00e7\u00e3o\",\"Ensino\",\"escolas\",\"Lei\",\"transporte\"],\"articleSection\":[\"Estado do Rio de Janeiro\"],\"inLanguage\":\"en-US\",\"potentialAction\":[{\"@type\":\"CommentAction\",\"name\":\"Comment\",\"target\":[\"https:\\\/\\\/folhadoleste.com.br\\\/escolas-deverao-ter-programa-voltado-a-seguranca-nos-transportes\\\/#respond\"]}]},{\"@type\":\"WebPage\",\"@id\":\"https:\\\/\\\/folhadoleste.com.br\\\/escolas-deverao-ter-programa-voltado-a-seguranca-nos-transportes\\\/\",\"url\":\"https:\\\/\\\/folhadoleste.com.br\\\/escolas-deverao-ter-programa-voltado-a-seguranca-nos-transportes\\\/\",\"name\":\"Escolas dever\u00e3o ter programa voltado \u00e0 seguran\u00e7a nos transportes &#8226; Folha do Leste\",\"isPartOf\":{\"@id\":\"https:\\\/\\\/folhadoleste.com.br\\\/#website\"},\"primaryImageOfPage\":{\"@id\":\"https:\\\/\\\/folhadoleste.com.br\\\/escolas-deverao-ter-programa-voltado-a-seguranca-nos-transportes\\\/#primaryimage\"},\"image\":{\"@id\":\"https:\\\/\\\/folhadoleste.com.br\\\/escolas-deverao-ter-programa-voltado-a-seguranca-nos-transportes\\\/#primaryimage\"},\"thumbnailUrl\":\"https:\\\/\\\/folhadoleste.com.br\\\/wp-content\\\/uploads\\\/2023\\\/07\\\/escolar.jpeg\",\"datePublished\":\"2023-07-05T20:59:26+00:00\",\"dateModified\":\"2023-07-05T21:07:01+00:00\",\"description\":\"Foi aprovada a lei que autoriza a cria\u00e7\u00e3o de um Programa de Conscientiza\u00e7\u00e3o sobre Seguran\u00e7a nos Transportes P\u00fablicos nas escolas p\u00fablicas.\",\"breadcrumb\":{\"@id\":\"https:\\\/\\\/folhadoleste.com.br\\\/escolas-deverao-ter-programa-voltado-a-seguranca-nos-transportes\\\/#breadcrumb\"},\"inLanguage\":\"en-US\",\"potentialAction\":[{\"@type\":\"ReadAction\",\"target\":[\"https:\\\/\\\/folhadoleste.com.br\\\/escolas-deverao-ter-programa-voltado-a-seguranca-nos-transportes\\\/\"]}]},{\"@type\":\"ImageObject\",\"inLanguage\":\"en-US\",\"@id\":\"https:\\\/\\\/folhadoleste.com.br\\\/escolas-deverao-ter-programa-voltado-a-seguranca-nos-transportes\\\/#primaryimage\",\"url\":\"https:\\\/\\\/folhadoleste.com.br\\\/wp-content\\\/uploads\\\/2023\\\/07\\\/escolar.jpeg\",\"contentUrl\":\"https:\\\/\\\/folhadoleste.com.br\\\/wp-content\\\/uploads\\\/2023\\\/07\\\/escolar.jpeg\",\"width\":731,\"height\":396,\"caption\":\"Foto: Divulga\u00e7\u00e3o\"},{\"@type\":\"BreadcrumbList\",\"@id\":\"https:\\\/\\\/folhadoleste.com.br\\\/escolas-deverao-ter-programa-voltado-a-seguranca-nos-transportes\\\/#breadcrumb\",\"itemListElement\":[{\"@type\":\"ListItem\",\"position\":1,\"name\":\"In\u00edcio\",\"item\":\"https:\\\/\\\/folhadoleste.com.br\\\/\"},{\"@type\":\"ListItem\",\"position\":2,\"name\":\"Estado do Rio de Janeiro\",\"item\":\"https:\\\/\\\/folhadoleste.com.br\\\/category\\\/estado-do-rio-de-janeiro\\\/\"},{\"@type\":\"ListItem\",\"position\":3,\"name\":\"Escolas dever\u00e3o ter programa voltado \u00e0 seguran\u00e7a nos transportes\"}]},{\"@type\":\"WebSite\",\"@id\":\"https:\\\/\\\/folhadoleste.com.br\\\/#website\",\"url\":\"https:\\\/\\\/folhadoleste.com.br\\\/\",\"name\":\"Folha do Leste\",\"description\":\"Portal de Not\u00edcias com \u00eanfase em Niter\u00f3i, criando conte\u00fados desde a capital Rio de Janeiro, com olhar para o Leste Fluminense e suas cidades como S\u00e3o Gon\u00e7alo, Itabora\u00ed, Rio Bonito, Maric\u00e1, Saquarema e Araruama\",\"publisher\":{\"@id\":\"https:\\\/\\\/folhadoleste.com.br\\\/#organization\"},\"alternateName\":\"FL\",\"potentialAction\":[{\"@type\":\"SearchAction\",\"target\":{\"@type\":\"EntryPoint\",\"urlTemplate\":\"https:\\\/\\\/folhadoleste.com.br\\\/?s={search_term_string}\"},\"query-input\":{\"@type\":\"PropertyValueSpecification\",\"valueRequired\":true,\"valueName\":\"search_term_string\"}}],\"inLanguage\":\"en-US\"},{\"@type\":\"Organization\",\"@id\":\"https:\\\/\\\/folhadoleste.com.br\\\/#organization\",\"name\":\"Brasil 21 Comunica\u00e7\u00e3o\",\"alternateName\":\"BR21\",\"url\":\"https:\\\/\\\/folhadoleste.com.br\\\/\",\"logo\":{\"@type\":\"ImageObject\",\"inLanguage\":\"en-US\",\"@id\":\"https:\\\/\\\/folhadoleste.com.br\\\/#\\\/schema\\\/logo\\\/image\\\/\",\"url\":\"https:\\\/\\\/folhadoleste.com.br\\\/wp-content\\\/uploads\\\/2025\\\/12\\\/brasil-21-logomarca.avif\",\"contentUrl\":\"https:\\\/\\\/folhadoleste.com.br\\\/wp-content\\\/uploads\\\/2025\\\/12\\\/brasil-21-logomarca.avif\",\"width\":1044,\"height\":1044,\"caption\":\"Brasil 21 Comunica\u00e7\u00e3o\"},\"image\":{\"@id\":\"https:\\\/\\\/folhadoleste.com.br\\\/#\\\/schema\\\/logo\\\/image\\\/\"},\"sameAs\":[\"https:\\\/\\\/www.facebook.com\\\/folhadoleste\",\"https:\\\/\\\/x.com\\\/FolhadoLesteRJ\",\"https:\\\/\\\/www.instagram.com\\\/folhadoleste\\\/\"]},{\"@type\":\"Person\",\"@id\":\"https:\\\/\\\/folhadoleste.com.br\\\/#\\\/schema\\\/person\\\/3e97145b2e1861276e84471aa85a3899\",\"name\":\"Folha do Leste\",\"image\":{\"@type\":\"ImageObject\",\"inLanguage\":\"en-US\",\"@id\":\"https:\\\/\\\/folhadoleste.com.br\\\/wp-content\\\/litespeed\\\/avatar\\\/1ca8c218432e7045e748610eb3db0259.jpg?ver=1777161142\",\"url\":\"https:\\\/\\\/folhadoleste.com.br\\\/wp-content\\\/litespeed\\\/avatar\\\/1ca8c218432e7045e748610eb3db0259.jpg?ver=1777161142\",\"contentUrl\":\"https:\\\/\\\/folhadoleste.com.br\\\/wp-content\\\/litespeed\\\/avatar\\\/1ca8c218432e7045e748610eb3db0259.jpg?ver=1777161142\",\"caption\":\"Folha do Leste\"},\"url\":\"https:\\\/\\\/folhadoleste.com.br\\\/en\\\/author\\\/reportagem-01\\\/\"}]}<\/script>\n<!-- \/ Yoast SEO plugin. -->","yoast_head_json":{"title":"Escolas dever\u00e3o ter programa voltado \u00e0 seguran\u00e7a nos transportes &#8226; Folha do Leste","description":"Foi aprovada a lei que autoriza a cria\u00e7\u00e3o de um Programa de Conscientiza\u00e7\u00e3o sobre Seguran\u00e7a nos Transportes P\u00fablicos nas escolas p\u00fablicas.","robots":{"index":"index","follow":"follow","max-snippet":"max-snippet:-1","max-image-preview":"max-image-preview:large","max-video-preview":"max-video-preview:-1"},"canonical":"https:\/\/folhadoleste.com.br\/en\/escolas-deverao-ter-programa-voltado-a-seguranca-nos-transportes\/","og_locale":"en_US","og_type":"article","og_title":"Escolas dever\u00e3o ter programa voltado \u00e0 seguran\u00e7a nos transportes &#8226; Folha do Leste","og_description":"Saiba mais.","og_url":"https:\/\/folhadoleste.com.br\/en\/escolas-deverao-ter-programa-voltado-a-seguranca-nos-transportes\/","og_site_name":"Folha do Leste","article_publisher":"https:\/\/www.facebook.com\/folhadoleste","article_published_time":"2023-07-05T20:59:26+00:00","article_modified_time":"2023-07-05T21:07:01+00:00","og_image":[{"width":731,"height":396,"url":"https:\/\/folhadoleste.com.br\/wp-content\/uploads\/2023\/07\/escolar.jpeg","type":"image\/jpeg"}],"author":"Folha do Leste","twitter_card":"summary_large_image","twitter_description":"Saiba mais.","twitter_image":"https:\/\/folhadoleste.com.br\/wp-content\/uploads\/2023\/07\/escolar.jpeg","twitter_creator":"@FolhadoLesteRJ","twitter_site":"@FolhadoLesteRJ","twitter_misc":{"Written by":"Folha do Leste","Est. reading time":"2 minutes"},"schema":{"@context":"https:\/\/schema.org","@graph":[{"@type":"NewsArticle","@id":"https:\/\/folhadoleste.com.br\/escolas-deverao-ter-programa-voltado-a-seguranca-nos-transportes\/#article","isPartOf":{"@id":"https:\/\/folhadoleste.com.br\/escolas-deverao-ter-programa-voltado-a-seguranca-nos-transportes\/"},"author":{"name":"Folha do Leste","@id":"https:\/\/folhadoleste.com.br\/#\/schema\/person\/3e97145b2e1861276e84471aa85a3899"},"headline":"Escolas dever\u00e3o ter programa voltado \u00e0 seguran\u00e7a nos transportes","datePublished":"2023-07-05T20:59:26+00:00","dateModified":"2023-07-05T21:07:01+00:00","mainEntityOfPage":{"@id":"https:\/\/folhadoleste.com.br\/escolas-deverao-ter-programa-voltado-a-seguranca-nos-transportes\/"},"wordCount":345,"commentCount":0,"publisher":{"@id":"https:\/\/folhadoleste.com.br\/#organization"},"image":{"@id":"https:\/\/folhadoleste.com.br\/escolas-deverao-ter-programa-voltado-a-seguranca-nos-transportes\/#primaryimage"},"thumbnailUrl":"https:\/\/folhadoleste.com.br\/wp-content\/uploads\/2023\/07\/escolar.jpeg","keywords":["Conscientiza\u00e7\u00e3o","Ensino","escolas","Lei","transporte"],"articleSection":["Estado do Rio de Janeiro"],"inLanguage":"en-US","potentialAction":[{"@type":"CommentAction","name":"Comment","target":["https:\/\/folhadoleste.com.br\/escolas-deverao-ter-programa-voltado-a-seguranca-nos-transportes\/#respond"]}]},{"@type":"WebPage","@id":"https:\/\/folhadoleste.com.br\/escolas-deverao-ter-programa-voltado-a-seguranca-nos-transportes\/","url":"https:\/\/folhadoleste.com.br\/escolas-deverao-ter-programa-voltado-a-seguranca-nos-transportes\/","name":"Escolas dever\u00e3o ter programa voltado \u00e0 seguran\u00e7a nos transportes &#8226; Folha do Leste","isPartOf":{"@id":"https:\/\/folhadoleste.com.br\/#website"},"primaryImageOfPage":{"@id":"https:\/\/folhadoleste.com.br\/escolas-deverao-ter-programa-voltado-a-seguranca-nos-transportes\/#primaryimage"},"image":{"@id":"https:\/\/folhadoleste.com.br\/escolas-deverao-ter-programa-voltado-a-seguranca-nos-transportes\/#primaryimage"},"thumbnailUrl":"https:\/\/folhadoleste.com.br\/wp-content\/uploads\/2023\/07\/escolar.jpeg","datePublished":"2023-07-05T20:59:26+00:00","dateModified":"2023-07-05T21:07:01+00:00","description":"Foi aprovada a lei que autoriza a cria\u00e7\u00e3o de um Programa de Conscientiza\u00e7\u00e3o sobre Seguran\u00e7a nos Transportes P\u00fablicos nas escolas p\u00fablicas.","breadcrumb":{"@id":"https:\/\/folhadoleste.com.br\/escolas-deverao-ter-programa-voltado-a-seguranca-nos-transportes\/#breadcrumb"},"inLanguage":"en-US","potentialAction":[{"@type":"ReadAction","target":["https:\/\/folhadoleste.com.br\/escolas-deverao-ter-programa-voltado-a-seguranca-nos-transportes\/"]}]},{"@type":"ImageObject","inLanguage":"en-US","@id":"https:\/\/folhadoleste.com.br\/escolas-deverao-ter-programa-voltado-a-seguranca-nos-transportes\/#primaryimage","url":"https:\/\/folhadoleste.com.br\/wp-content\/uploads\/2023\/07\/escolar.jpeg","contentUrl":"https:\/\/folhadoleste.com.br\/wp-content\/uploads\/2023\/07\/escolar.jpeg","width":731,"height":396,"caption":"Foto: Divulga\u00e7\u00e3o"},{"@type":"BreadcrumbList","@id":"https:\/\/folhadoleste.com.br\/escolas-deverao-ter-programa-voltado-a-seguranca-nos-transportes\/#breadcrumb","itemListElement":[{"@type":"ListItem","position":1,"name":"In\u00edcio","item":"https:\/\/folhadoleste.com.br\/"},{"@type":"ListItem","position":2,"name":"Estado do Rio de Janeiro","item":"https:\/\/folhadoleste.com.br\/category\/estado-do-rio-de-janeiro\/"},{"@type":"ListItem","position":3,"name":"Escolas dever\u00e3o ter programa voltado \u00e0 seguran\u00e7a nos transportes"}]},{"@type":"WebSite","@id":"https:\/\/folhadoleste.com.br\/#website","url":"https:\/\/folhadoleste.com.br\/","name":"Folha do Leste","description":"Portal de Not\u00edcias com \u00eanfase em Niter\u00f3i, criando conte\u00fados desde a capital Rio de Janeiro, com olhar para o Leste Fluminense e suas cidades como S\u00e3o Gon\u00e7alo, Itabora\u00ed, Rio Bonito, Maric\u00e1, Saquarema e Araruama","publisher":{"@id":"https:\/\/folhadoleste.com.br\/#organization"},"alternateName":"FL","potentialAction":[{"@type":"SearchAction","target":{"@type":"EntryPoint","urlTemplate":"https:\/\/folhadoleste.com.br\/?s={search_term_string}"},"query-input":{"@type":"PropertyValueSpecification","valueRequired":true,"valueName":"search_term_string"}}],"inLanguage":"en-US"},{"@type":"Organization","@id":"https:\/\/folhadoleste.com.br\/#organization","name":"Brasil 21 Comunica\u00e7\u00e3o","alternateName":"BR21","url":"https:\/\/folhadoleste.com.br\/","logo":{"@type":"ImageObject","inLanguage":"en-US","@id":"https:\/\/folhadoleste.com.br\/#\/schema\/logo\/image\/","url":"https:\/\/folhadoleste.com.br\/wp-content\/uploads\/2025\/12\/brasil-21-logomarca.avif","contentUrl":"https:\/\/folhadoleste.com.br\/wp-content\/uploads\/2025\/12\/brasil-21-logomarca.avif","width":1044,"height":1044,"caption":"Brasil 21 Comunica\u00e7\u00e3o"},"image":{"@id":"https:\/\/folhadoleste.com.br\/#\/schema\/logo\/image\/"},"sameAs":["https:\/\/www.facebook.com\/folhadoleste","https:\/\/x.com\/FolhadoLesteRJ","https:\/\/www.instagram.com\/folhadoleste\/"]},{"@type":"Person","@id":"https:\/\/folhadoleste.com.br\/#\/schema\/person\/3e97145b2e1861276e84471aa85a3899","name":"Folha do Leste","image":{"@type":"ImageObject","inLanguage":"en-US","@id":"https:\/\/folhadoleste.com.br\/wp-content\/litespeed\/avatar\/1ca8c218432e7045e748610eb3db0259.jpg?ver=1777161142","url":"https:\/\/folhadoleste.com.br\/wp-content\/litespeed\/avatar\/1ca8c218432e7045e748610eb3db0259.jpg?ver=1777161142","contentUrl":"https:\/\/folhadoleste.com.br\/wp-content\/litespeed\/avatar\/1ca8c218432e7045e748610eb3db0259.jpg?ver=1777161142","caption":"Folha do Leste"},"url":"https:\/\/folhadoleste.com.br\/en\/author\/reportagem-01\/"}]}},"_links":{"self":[{"href":"https:\/\/folhadoleste.com.br\/en\/wp-json\/wp\/v2\/posts\/14299","targetHints":{"allow":["GET"]}}],"collection":[{"href":"https:\/\/folhadoleste.com.br\/en\/wp-json\/wp\/v2\/posts"}],"about":[{"href":"https:\/\/folhadoleste.com.br\/en\/wp-json\/wp\/v2\/types\/post"}],"author":[{"embeddable":true,"href":"https:\/\/folhadoleste.com.br\/en\/wp-json\/wp\/v2\/users\/4"}],"replies":[{"embeddable":true,"href":"https:\/\/folhadoleste.com.br\/en\/wp-json\/wp\/v2\/comments?post=14299"}],"version-history":[{"count":4,"href":"https:\/\/folhadoleste.com.br\/en\/wp-json\/wp\/v2\/posts\/14299\/revisions"}],"predecessor-version":[{"id":14307,"href":"https:\/\/folhadoleste.com.br\/en\/wp-json\/wp\/v2\/posts\/14299\/revisions\/14307"}],"wp:featuredmedia":[{"embeddable":true,"href":"https:\/\/folhadoleste.com.br\/en\/wp-json\/wp\/v2\/media\/14301"}],"wp:attachment":[{"href":"https:\/\/folhadoleste.com.br\/en\/wp-json\/wp\/v2\/media?parent=14299"}],"wp:term":[{"taxonomy":"category","embeddable":true,"href":"https:\/\/folhadoleste.com.br\/en\/wp-json\/wp\/v2\/categories?post=14299"},{"taxonomy":"post_tag","embeddable":true,"href":"https:\/\/folhadoleste.com.br\/en\/wp-json\/wp\/v2\/tags?post=14299"}],"curies":[{"name":"wp","href":"https:\/\/api.w.org\/{rel}","templated":true}]}}