{"id":141439,"date":"2025-09-25T19:19:39","date_gmt":"2025-09-25T22:19:39","guid":{"rendered":"https:\/\/folhadoleste.com.br\/?p=141439"},"modified":"2025-09-25T19:19:39","modified_gmt":"2025-09-25T22:19:39","slug":"vacinacao-antirrabica-rio-140-postos","status":"publish","type":"post","link":"https:\/\/folhadoleste.com.br\/en\/vacinacao-antirrabica-rio-140-postos\/","title":{"rendered":"Rio promove terceira etapa da vacina\u00e7\u00e3o antirr\u00e1bica"},"content":{"rendered":"<div id=\"attachment_141447\" style=\"width: 1210px\" class=\"wp-caption aligncenter\"><img decoding=\"async\" aria-describedby=\"caption-attachment-141447\" class=\"size-full wp-image-141447\" src=\"https:\/\/folhadoleste.com.br\/wp-content\/uploads\/2025\/09\/Rio-promove-terceira-etapa-da-vacinacao-antirrabica-Foto-Marcelo-Piu-Prefeitura-do-Rio.jpg\" alt=\"\" width=\"1200\" height=\"750\" \/><p id=\"caption-attachment-141447\" class=\"wp-caption-text\">Rio promove terceira etapa da vacina\u00e7\u00e3o antirr\u00e1bica | Marcelo Piu\/Prefeitura do Rio<\/p><\/div>\n<p style=\"text-align: justify;\" data-start=\"570\" data-end=\"801\">A vacina\u00e7\u00e3o antirr\u00e1bica no Rio ter\u00e1 mais de 140 postos neste s\u00e1bado (27), das 9h \u00e0s 17h. A a\u00e7\u00e3o faz parte da terceira etapa da campanha promovida pela Secretaria Municipal de Prote\u00e7\u00e3o e Defesa dos Animais.<\/p>\n<p style=\"text-align: justify;\" data-start=\"803\" data-end=\"1068\">Os pontos de atendimento estar\u00e3o espalhados por bairros das zonas Norte e Sudoeste. Entre eles, Recreio, Barra, Jacarepagu\u00e1, Madureira, Pavuna, Anchieta, Vila Valqueire, Curicica, Marechal Hermes e Quintino. A lista completa est\u00e1 dispon\u00edvel no site da prefeitura.<\/p>\n<p style=\"text-align: justify;\" data-start=\"1070\" data-end=\"1371\">Podem ser vacinados c\u00e3es e gatos a partir de tr\u00eas meses de idade. Animais com menos de tr\u00eas meses, gestantes ou que apresentem sinais de doen\u00e7a n\u00e3o devem receber a dose. Para facilitar o atendimento, os tutores devem levar a carteira de vacina\u00e7\u00e3o e conduzir os pets apenas se forem maiores de idade.<\/p>\n<h3 style=\"text-align: justify;\" data-start=\"1373\" data-end=\"1406\">Campanha segue at\u00e9 novembro<\/h3>\n<p style=\"text-align: justify;\" data-start=\"1408\" data-end=\"1583\">A prefeitura informou que a campanha de vacina\u00e7\u00e3o seguir\u00e1 at\u00e9 novembro, com mais duas etapas j\u00e1 programadas. As datas e os bairros das pr\u00f3ximas fases ainda ser\u00e3o divulgados.<\/p>\n<pre style=\"text-align: center;\"><span style=\"color: #000000;\"><span style=\"color: #ff0000;\"><strong>+ <\/strong><\/span><\/span><span style=\"color: #000000;\"><span style=\"color: #ff9900;\"><strong>MAIS NOT\u00cdCIAS DO RIO DE JANEIRO?<\/strong><\/span> <span style=\"color: #008080;\"><strong><a style=\"color: #008080;\" href=\"https:\/\/folhadoleste.com.br\/en\/category\/rio-de-janeiro-capital\/\">CLIQUE AQUI<\/a><\/strong><\/span><\/span><\/pre>","protected":false},"excerpt":{"rendered":"<p>A vacina\u00e7\u00e3o antirr\u00e1bica no Rio ter\u00e1 mais de 140 postos neste s\u00e1bado (27), das 9h \u00e0s 17h. A a\u00e7\u00e3o faz parte da terceira etapa da campanha promovida pela Secretaria Municipal de Prote\u00e7\u00e3o e Defesa dos Animais. Os pontos de atendimento estar\u00e3o espalhados por bairros das zonas Norte e Sudoeste. Entre eles, Recreio, Barra, Jacarepagu\u00e1, Madureira, Pavuna, Anchieta, Vila Valqueire, Curicica, Marechal Hermes e Quintino. A lista completa est\u00e1 dispon\u00edvel no site da prefeitura. Podem ser vacinados c\u00e3es e gatos a partir de tr\u00eas meses de idade. Animais com menos de tr\u00eas meses, gestantes ou que apresentem sinais de doen\u00e7a n\u00e3o [&hellip;]<\/p>\n","protected":false},"author":5,"featured_media":141447,"comment_status":"open","ping_status":"open","sticky":false,"template":"","format":"standard","meta":{"footnotes":""},"categories":[67],"tags":[6758,11554,5722,718,87072,93,12715,88175,8359,504,86209],"class_list":["post-141439","post","type-post","status-publish","format-standard","has-post-thumbnail","hentry","category-rio-de-janeiro-capital","tag-caes-e-gatos","tag-campanha-de-vacinacao","tag-pets","tag-prefeitura-do-rio","tag-prevencao-da-raiva","tag-rio-de-janeiro","tag-saude-animal","tag-secretaria-de-protecao-e-defesa-dos-animais","tag-vacinacao-antirrabica","tag-zona-norte","tag-zona-sudoeste","post--single"],"yoast_head":"<!-- This site is optimized with the Yoast SEO plugin v27.5 - https:\/\/yoast.com\/product\/yoast-seo-wordpress\/ -->\n<title>Rio promove terceira etapa da vacina\u00e7\u00e3o antirr\u00e1bica<\/title>\n<meta name=\"description\" content=\"Terceira etapa da vacina\u00e7\u00e3o antirr\u00e1bica no Rio acontece s\u00e1bado (27) com mais de 140 postos em bairros das zonas Norte e Sudoeste.\" \/>\n<meta name=\"robots\" content=\"index, follow, max-snippet:-1, max-image-preview:large, max-video-preview:-1\" \/>\n<link rel=\"canonical\" href=\"https:\/\/folhadoleste.com.br\/en\/vacinacao-antirrabica-rio-140-postos\/\" \/>\n<meta property=\"og:locale\" content=\"en_US\" \/>\n<meta property=\"og:type\" content=\"article\" \/>\n<meta property=\"og:title\" content=\"Rio promove terceira etapa da vacina\u00e7\u00e3o antirr\u00e1bica\" \/>\n<meta property=\"og:description\" content=\"Terceira etapa da vacina\u00e7\u00e3o antirr\u00e1bica no Rio acontece s\u00e1bado (27) com mais de 140 postos em bairros das zonas Norte e Sudoeste.\" \/>\n<meta property=\"og:url\" content=\"https:\/\/folhadoleste.com.br\/en\/vacinacao-antirrabica-rio-140-postos\/\" \/>\n<meta property=\"og:site_name\" content=\"Folha do Leste\" \/>\n<meta property=\"article:publisher\" content=\"https:\/\/www.facebook.com\/folhadoleste\" \/>\n<meta property=\"article:published_time\" content=\"2025-09-25T22:19:39+00:00\" \/>\n<meta property=\"og:image\" content=\"https:\/\/folhadoleste.com.br\/wp-content\/uploads\/2025\/09\/Rio-promove-terceira-etapa-da-vacinacao-antirrabica-Foto-Marcelo-Piu-Prefeitura-do-Rio.jpg\" \/>\n\t<meta property=\"og:image:width\" content=\"1200\" \/>\n\t<meta property=\"og:image:height\" content=\"750\" \/>\n\t<meta property=\"og:image:type\" content=\"image\/jpeg\" \/>\n<meta name=\"author\" content=\"Enzo Carvalho\" \/>\n<meta name=\"twitter:card\" content=\"summary_large_image\" \/>\n<meta name=\"twitter:creator\" content=\"@FolhadoLesteRJ\" \/>\n<meta name=\"twitter:site\" content=\"@FolhadoLesteRJ\" \/>\n<meta name=\"twitter:label1\" content=\"Written by\" \/>\n\t<meta name=\"twitter:data1\" content=\"Enzo Carvalho\" \/>\n\t<meta name=\"twitter:label2\" content=\"Est. reading time\" \/>\n\t<meta name=\"twitter:data2\" content=\"2 minutes\" \/>\n<script type=\"application\/ld+json\" class=\"yoast-schema-graph\">{\"@context\":\"https:\\\/\\\/schema.org\",\"@graph\":[{\"@type\":\"NewsArticle\",\"@id\":\"https:\\\/\\\/folhadoleste.com.br\\\/vacinacao-antirrabica-rio-140-postos\\\/#article\",\"isPartOf\":{\"@id\":\"https:\\\/\\\/folhadoleste.com.br\\\/vacinacao-antirrabica-rio-140-postos\\\/\"},\"author\":{\"name\":\"Enzo Carvalho\",\"@id\":\"https:\\\/\\\/folhadoleste.com.br\\\/#\\\/schema\\\/person\\\/05d8a4b256c9faea581495e6c9be06f2\"},\"headline\":\"Rio promove terceira etapa da vacina\u00e7\u00e3o antirr\u00e1bica\",\"datePublished\":\"2025-09-25T22:19:39+00:00\",\"mainEntityOfPage\":{\"@id\":\"https:\\\/\\\/folhadoleste.com.br\\\/vacinacao-antirrabica-rio-140-postos\\\/\"},\"wordCount\":202,\"commentCount\":0,\"publisher\":{\"@id\":\"https:\\\/\\\/folhadoleste.com.br\\\/#organization\"},\"image\":{\"@id\":\"https:\\\/\\\/folhadoleste.com.br\\\/vacinacao-antirrabica-rio-140-postos\\\/#primaryimage\"},\"thumbnailUrl\":\"https:\\\/\\\/folhadoleste.com.br\\\/wp-content\\\/uploads\\\/2025\\\/09\\\/Rio-promove-terceira-etapa-da-vacinacao-antirrabica-Foto-Marcelo-Piu-Prefeitura-do-Rio.jpg\",\"keywords\":[\"c\u00e3es e gatos\",\"campanha de vacina\u00e7\u00e3o\",\"Pets\",\"prefeitura do Rio\",\"preven\u00e7\u00e3o da raiva\",\"Rio de Janeiro\",\"sa\u00fade animal\",\"Secretaria de Prote\u00e7\u00e3o e Defesa dos Animais\",\"Vacina\u00e7\u00e3o Antirr\u00e1bica\",\"Zona Norte\",\"Zona Sudoeste\"],\"articleSection\":[\"Rio de Janeiro - Capital\"],\"inLanguage\":\"en-US\",\"potentialAction\":[{\"@type\":\"CommentAction\",\"name\":\"Comment\",\"target\":[\"https:\\\/\\\/folhadoleste.com.br\\\/vacinacao-antirrabica-rio-140-postos\\\/#respond\"]}]},{\"@type\":\"WebPage\",\"@id\":\"https:\\\/\\\/folhadoleste.com.br\\\/vacinacao-antirrabica-rio-140-postos\\\/\",\"url\":\"https:\\\/\\\/folhadoleste.com.br\\\/vacinacao-antirrabica-rio-140-postos\\\/\",\"name\":\"Rio promove terceira etapa da vacina\u00e7\u00e3o antirr\u00e1bica\",\"isPartOf\":{\"@id\":\"https:\\\/\\\/folhadoleste.com.br\\\/#website\"},\"primaryImageOfPage\":{\"@id\":\"https:\\\/\\\/folhadoleste.com.br\\\/vacinacao-antirrabica-rio-140-postos\\\/#primaryimage\"},\"image\":{\"@id\":\"https:\\\/\\\/folhadoleste.com.br\\\/vacinacao-antirrabica-rio-140-postos\\\/#primaryimage\"},\"thumbnailUrl\":\"https:\\\/\\\/folhadoleste.com.br\\\/wp-content\\\/uploads\\\/2025\\\/09\\\/Rio-promove-terceira-etapa-da-vacinacao-antirrabica-Foto-Marcelo-Piu-Prefeitura-do-Rio.jpg\",\"datePublished\":\"2025-09-25T22:19:39+00:00\",\"description\":\"Terceira etapa da vacina\u00e7\u00e3o antirr\u00e1bica no Rio acontece s\u00e1bado (27) com mais de 140 postos em bairros das zonas Norte e Sudoeste.\",\"breadcrumb\":{\"@id\":\"https:\\\/\\\/folhadoleste.com.br\\\/vacinacao-antirrabica-rio-140-postos\\\/#breadcrumb\"},\"inLanguage\":\"en-US\",\"potentialAction\":[{\"@type\":\"ReadAction\",\"target\":[\"https:\\\/\\\/folhadoleste.com.br\\\/vacinacao-antirrabica-rio-140-postos\\\/\"]}]},{\"@type\":\"ImageObject\",\"inLanguage\":\"en-US\",\"@id\":\"https:\\\/\\\/folhadoleste.com.br\\\/vacinacao-antirrabica-rio-140-postos\\\/#primaryimage\",\"url\":\"https:\\\/\\\/folhadoleste.com.br\\\/wp-content\\\/uploads\\\/2025\\\/09\\\/Rio-promove-terceira-etapa-da-vacinacao-antirrabica-Foto-Marcelo-Piu-Prefeitura-do-Rio.jpg\",\"contentUrl\":\"https:\\\/\\\/folhadoleste.com.br\\\/wp-content\\\/uploads\\\/2025\\\/09\\\/Rio-promove-terceira-etapa-da-vacinacao-antirrabica-Foto-Marcelo-Piu-Prefeitura-do-Rio.jpg\",\"width\":1200,\"height\":750,\"caption\":\"Rio promove terceira etapa da vacina\u00e7\u00e3o antirr\u00e1bica | Marcelo Piu\\\/Prefeitura do Rio\"},{\"@type\":\"BreadcrumbList\",\"@id\":\"https:\\\/\\\/folhadoleste.com.br\\\/vacinacao-antirrabica-rio-140-postos\\\/#breadcrumb\",\"itemListElement\":[{\"@type\":\"ListItem\",\"position\":1,\"name\":\"In\u00edcio\",\"item\":\"https:\\\/\\\/folhadoleste.com.br\\\/\"},{\"@type\":\"ListItem\",\"position\":2,\"name\":\"Rio de Janeiro - Capital\",\"item\":\"https:\\\/\\\/folhadoleste.com.br\\\/category\\\/rio-de-janeiro-capital\\\/\"},{\"@type\":\"ListItem\",\"position\":3,\"name\":\"Rio promove terceira etapa da vacina\u00e7\u00e3o antirr\u00e1bica\"}]},{\"@type\":\"WebSite\",\"@id\":\"https:\\\/\\\/folhadoleste.com.br\\\/#website\",\"url\":\"https:\\\/\\\/folhadoleste.com.br\\\/\",\"name\":\"Folha do Leste\",\"description\":\"Portal de Not\u00edcias com \u00eanfase em Niter\u00f3i, criando conte\u00fados desde a capital Rio de Janeiro, com olhar para o Leste Fluminense e suas cidades como S\u00e3o Gon\u00e7alo, Itabora\u00ed, Rio Bonito, Maric\u00e1, Saquarema e Araruama\",\"publisher\":{\"@id\":\"https:\\\/\\\/folhadoleste.com.br\\\/#organization\"},\"alternateName\":\"FL\",\"potentialAction\":[{\"@type\":\"SearchAction\",\"target\":{\"@type\":\"EntryPoint\",\"urlTemplate\":\"https:\\\/\\\/folhadoleste.com.br\\\/?s={search_term_string}\"},\"query-input\":{\"@type\":\"PropertyValueSpecification\",\"valueRequired\":true,\"valueName\":\"search_term_string\"}}],\"inLanguage\":\"en-US\"},{\"@type\":\"Organization\",\"@id\":\"https:\\\/\\\/folhadoleste.com.br\\\/#organization\",\"name\":\"Brasil 21 Comunica\u00e7\u00e3o\",\"alternateName\":\"BR21\",\"url\":\"https:\\\/\\\/folhadoleste.com.br\\\/\",\"logo\":{\"@type\":\"ImageObject\",\"inLanguage\":\"en-US\",\"@id\":\"https:\\\/\\\/folhadoleste.com.br\\\/#\\\/schema\\\/logo\\\/image\\\/\",\"url\":\"https:\\\/\\\/folhadoleste.com.br\\\/wp-content\\\/uploads\\\/2025\\\/12\\\/brasil-21-logomarca.avif\",\"contentUrl\":\"https:\\\/\\\/folhadoleste.com.br\\\/wp-content\\\/uploads\\\/2025\\\/12\\\/brasil-21-logomarca.avif\",\"width\":1044,\"height\":1044,\"caption\":\"Brasil 21 Comunica\u00e7\u00e3o\"},\"image\":{\"@id\":\"https:\\\/\\\/folhadoleste.com.br\\\/#\\\/schema\\\/logo\\\/image\\\/\"},\"sameAs\":[\"https:\\\/\\\/www.facebook.com\\\/folhadoleste\",\"https:\\\/\\\/x.com\\\/FolhadoLesteRJ\",\"https:\\\/\\\/www.instagram.com\\\/folhadoleste\\\/\"]},{\"@type\":\"Person\",\"@id\":\"https:\\\/\\\/folhadoleste.com.br\\\/#\\\/schema\\\/person\\\/05d8a4b256c9faea581495e6c9be06f2\",\"name\":\"Enzo Carvalho\",\"image\":{\"@type\":\"ImageObject\",\"inLanguage\":\"en-US\",\"@id\":\"https:\\\/\\\/folhadoleste.com.br\\\/wp-content\\\/litespeed\\\/avatar\\\/3fe471b6df482b28961bb8e87cd40a81.jpg?ver=1777161141\",\"url\":\"https:\\\/\\\/folhadoleste.com.br\\\/wp-content\\\/litespeed\\\/avatar\\\/3fe471b6df482b28961bb8e87cd40a81.jpg?ver=1777161141\",\"contentUrl\":\"https:\\\/\\\/folhadoleste.com.br\\\/wp-content\\\/litespeed\\\/avatar\\\/3fe471b6df482b28961bb8e87cd40a81.jpg?ver=1777161141\",\"caption\":\"Enzo Carvalho\"},\"description\":\"Enzo Carvalho \u00e9 jornalista profissional, com atua\u00e7\u00e3o voltada \u00e0 cobertura de inova\u00e7\u00e3o, tecnologia, cotidiano e esportes. Ex-jogador profissional de e-sports, traz para o jornalismo uma compreens\u00e3o pr\u00e1tica do universo digital, das plataformas tecnol\u00f3gicas e das transforma\u00e7\u00f5es provocadas pela cultura conectada.\",\"url\":\"https:\\\/\\\/folhadoleste.com.br\\\/en\\\/author\\\/enzo-carvalho\\\/\"}]}<\/script>\n<!-- \/ Yoast SEO plugin. -->","yoast_head_json":{"title":"Rio promove terceira etapa da vacina\u00e7\u00e3o antirr\u00e1bica","description":"Terceira etapa da vacina\u00e7\u00e3o antirr\u00e1bica no Rio acontece s\u00e1bado (27) com mais de 140 postos em bairros das zonas Norte e Sudoeste.","robots":{"index":"index","follow":"follow","max-snippet":"max-snippet:-1","max-image-preview":"max-image-preview:large","max-video-preview":"max-video-preview:-1"},"canonical":"https:\/\/folhadoleste.com.br\/en\/vacinacao-antirrabica-rio-140-postos\/","og_locale":"en_US","og_type":"article","og_title":"Rio promove terceira etapa da vacina\u00e7\u00e3o antirr\u00e1bica","og_description":"Terceira etapa da vacina\u00e7\u00e3o antirr\u00e1bica no Rio acontece s\u00e1bado (27) com mais de 140 postos em bairros das zonas Norte e Sudoeste.","og_url":"https:\/\/folhadoleste.com.br\/en\/vacinacao-antirrabica-rio-140-postos\/","og_site_name":"Folha do Leste","article_publisher":"https:\/\/www.facebook.com\/folhadoleste","article_published_time":"2025-09-25T22:19:39+00:00","og_image":[{"width":1200,"height":750,"url":"https:\/\/folhadoleste.com.br\/wp-content\/uploads\/2025\/09\/Rio-promove-terceira-etapa-da-vacinacao-antirrabica-Foto-Marcelo-Piu-Prefeitura-do-Rio.jpg","type":"image\/jpeg"}],"author":"Enzo Carvalho","twitter_card":"summary_large_image","twitter_creator":"@FolhadoLesteRJ","twitter_site":"@FolhadoLesteRJ","twitter_misc":{"Written by":"Enzo Carvalho","Est. reading time":"2 minutes"},"schema":{"@context":"https:\/\/schema.org","@graph":[{"@type":"NewsArticle","@id":"https:\/\/folhadoleste.com.br\/vacinacao-antirrabica-rio-140-postos\/#article","isPartOf":{"@id":"https:\/\/folhadoleste.com.br\/vacinacao-antirrabica-rio-140-postos\/"},"author":{"name":"Enzo Carvalho","@id":"https:\/\/folhadoleste.com.br\/#\/schema\/person\/05d8a4b256c9faea581495e6c9be06f2"},"headline":"Rio promove terceira etapa da vacina\u00e7\u00e3o antirr\u00e1bica","datePublished":"2025-09-25T22:19:39+00:00","mainEntityOfPage":{"@id":"https:\/\/folhadoleste.com.br\/vacinacao-antirrabica-rio-140-postos\/"},"wordCount":202,"commentCount":0,"publisher":{"@id":"https:\/\/folhadoleste.com.br\/#organization"},"image":{"@id":"https:\/\/folhadoleste.com.br\/vacinacao-antirrabica-rio-140-postos\/#primaryimage"},"thumbnailUrl":"https:\/\/folhadoleste.com.br\/wp-content\/uploads\/2025\/09\/Rio-promove-terceira-etapa-da-vacinacao-antirrabica-Foto-Marcelo-Piu-Prefeitura-do-Rio.jpg","keywords":["c\u00e3es e gatos","campanha de vacina\u00e7\u00e3o","Pets","prefeitura do Rio","preven\u00e7\u00e3o da raiva","Rio de Janeiro","sa\u00fade animal","Secretaria de Prote\u00e7\u00e3o e Defesa dos Animais","Vacina\u00e7\u00e3o Antirr\u00e1bica","Zona Norte","Zona Sudoeste"],"articleSection":["Rio de Janeiro - Capital"],"inLanguage":"en-US","potentialAction":[{"@type":"CommentAction","name":"Comment","target":["https:\/\/folhadoleste.com.br\/vacinacao-antirrabica-rio-140-postos\/#respond"]}]},{"@type":"WebPage","@id":"https:\/\/folhadoleste.com.br\/vacinacao-antirrabica-rio-140-postos\/","url":"https:\/\/folhadoleste.com.br\/vacinacao-antirrabica-rio-140-postos\/","name":"Rio promove terceira etapa da vacina\u00e7\u00e3o antirr\u00e1bica","isPartOf":{"@id":"https:\/\/folhadoleste.com.br\/#website"},"primaryImageOfPage":{"@id":"https:\/\/folhadoleste.com.br\/vacinacao-antirrabica-rio-140-postos\/#primaryimage"},"image":{"@id":"https:\/\/folhadoleste.com.br\/vacinacao-antirrabica-rio-140-postos\/#primaryimage"},"thumbnailUrl":"https:\/\/folhadoleste.com.br\/wp-content\/uploads\/2025\/09\/Rio-promove-terceira-etapa-da-vacinacao-antirrabica-Foto-Marcelo-Piu-Prefeitura-do-Rio.jpg","datePublished":"2025-09-25T22:19:39+00:00","description":"Terceira etapa da vacina\u00e7\u00e3o antirr\u00e1bica no Rio acontece s\u00e1bado (27) com mais de 140 postos em bairros das zonas Norte e Sudoeste.","breadcrumb":{"@id":"https:\/\/folhadoleste.com.br\/vacinacao-antirrabica-rio-140-postos\/#breadcrumb"},"inLanguage":"en-US","potentialAction":[{"@type":"ReadAction","target":["https:\/\/folhadoleste.com.br\/vacinacao-antirrabica-rio-140-postos\/"]}]},{"@type":"ImageObject","inLanguage":"en-US","@id":"https:\/\/folhadoleste.com.br\/vacinacao-antirrabica-rio-140-postos\/#primaryimage","url":"https:\/\/folhadoleste.com.br\/wp-content\/uploads\/2025\/09\/Rio-promove-terceira-etapa-da-vacinacao-antirrabica-Foto-Marcelo-Piu-Prefeitura-do-Rio.jpg","contentUrl":"https:\/\/folhadoleste.com.br\/wp-content\/uploads\/2025\/09\/Rio-promove-terceira-etapa-da-vacinacao-antirrabica-Foto-Marcelo-Piu-Prefeitura-do-Rio.jpg","width":1200,"height":750,"caption":"Rio promove terceira etapa da vacina\u00e7\u00e3o antirr\u00e1bica | Marcelo Piu\/Prefeitura do Rio"},{"@type":"BreadcrumbList","@id":"https:\/\/folhadoleste.com.br\/vacinacao-antirrabica-rio-140-postos\/#breadcrumb","itemListElement":[{"@type":"ListItem","position":1,"name":"In\u00edcio","item":"https:\/\/folhadoleste.com.br\/"},{"@type":"ListItem","position":2,"name":"Rio de Janeiro - Capital","item":"https:\/\/folhadoleste.com.br\/category\/rio-de-janeiro-capital\/"},{"@type":"ListItem","position":3,"name":"Rio promove terceira etapa da vacina\u00e7\u00e3o antirr\u00e1bica"}]},{"@type":"WebSite","@id":"https:\/\/folhadoleste.com.br\/#website","url":"https:\/\/folhadoleste.com.br\/","name":"Folha do Leste","description":"Portal de Not\u00edcias com \u00eanfase em Niter\u00f3i, criando conte\u00fados desde a capital Rio de Janeiro, com olhar para o Leste Fluminense e suas cidades como S\u00e3o Gon\u00e7alo, Itabora\u00ed, Rio Bonito, Maric\u00e1, Saquarema e Araruama","publisher":{"@id":"https:\/\/folhadoleste.com.br\/#organization"},"alternateName":"FL","potentialAction":[{"@type":"SearchAction","target":{"@type":"EntryPoint","urlTemplate":"https:\/\/folhadoleste.com.br\/?s={search_term_string}"},"query-input":{"@type":"PropertyValueSpecification","valueRequired":true,"valueName":"search_term_string"}}],"inLanguage":"en-US"},{"@type":"Organization","@id":"https:\/\/folhadoleste.com.br\/#organization","name":"Brasil 21 Comunica\u00e7\u00e3o","alternateName":"BR21","url":"https:\/\/folhadoleste.com.br\/","logo":{"@type":"ImageObject","inLanguage":"en-US","@id":"https:\/\/folhadoleste.com.br\/#\/schema\/logo\/image\/","url":"https:\/\/folhadoleste.com.br\/wp-content\/uploads\/2025\/12\/brasil-21-logomarca.avif","contentUrl":"https:\/\/folhadoleste.com.br\/wp-content\/uploads\/2025\/12\/brasil-21-logomarca.avif","width":1044,"height":1044,"caption":"Brasil 21 Comunica\u00e7\u00e3o"},"image":{"@id":"https:\/\/folhadoleste.com.br\/#\/schema\/logo\/image\/"},"sameAs":["https:\/\/www.facebook.com\/folhadoleste","https:\/\/x.com\/FolhadoLesteRJ","https:\/\/www.instagram.com\/folhadoleste\/"]},{"@type":"Person","@id":"https:\/\/folhadoleste.com.br\/#\/schema\/person\/05d8a4b256c9faea581495e6c9be06f2","name":"Enzo Carvalho","image":{"@type":"ImageObject","inLanguage":"en-US","@id":"https:\/\/folhadoleste.com.br\/wp-content\/litespeed\/avatar\/3fe471b6df482b28961bb8e87cd40a81.jpg?ver=1777161141","url":"https:\/\/folhadoleste.com.br\/wp-content\/litespeed\/avatar\/3fe471b6df482b28961bb8e87cd40a81.jpg?ver=1777161141","contentUrl":"https:\/\/folhadoleste.com.br\/wp-content\/litespeed\/avatar\/3fe471b6df482b28961bb8e87cd40a81.jpg?ver=1777161141","caption":"Enzo Carvalho"},"description":"Enzo Carvalho \u00e9 jornalista profissional, com atua\u00e7\u00e3o voltada \u00e0 cobertura de inova\u00e7\u00e3o, tecnologia, cotidiano e esportes. Ex-jogador profissional de e-sports, traz para o jornalismo uma compreens\u00e3o pr\u00e1tica do universo digital, das plataformas tecnol\u00f3gicas e das transforma\u00e7\u00f5es provocadas pela cultura conectada.","url":"https:\/\/folhadoleste.com.br\/en\/author\/enzo-carvalho\/"}]}},"_links":{"self":[{"href":"https:\/\/folhadoleste.com.br\/en\/wp-json\/wp\/v2\/posts\/141439","targetHints":{"allow":["GET"]}}],"collection":[{"href":"https:\/\/folhadoleste.com.br\/en\/wp-json\/wp\/v2\/posts"}],"about":[{"href":"https:\/\/folhadoleste.com.br\/en\/wp-json\/wp\/v2\/types\/post"}],"author":[{"embeddable":true,"href":"https:\/\/folhadoleste.com.br\/en\/wp-json\/wp\/v2\/users\/5"}],"replies":[{"embeddable":true,"href":"https:\/\/folhadoleste.com.br\/en\/wp-json\/wp\/v2\/comments?post=141439"}],"version-history":[{"count":1,"href":"https:\/\/folhadoleste.com.br\/en\/wp-json\/wp\/v2\/posts\/141439\/revisions"}],"predecessor-version":[{"id":141448,"href":"https:\/\/folhadoleste.com.br\/en\/wp-json\/wp\/v2\/posts\/141439\/revisions\/141448"}],"wp:featuredmedia":[{"embeddable":true,"href":"https:\/\/folhadoleste.com.br\/en\/wp-json\/wp\/v2\/media\/141447"}],"wp:attachment":[{"href":"https:\/\/folhadoleste.com.br\/en\/wp-json\/wp\/v2\/media?parent=141439"}],"wp:term":[{"taxonomy":"category","embeddable":true,"href":"https:\/\/folhadoleste.com.br\/en\/wp-json\/wp\/v2\/categories?post=141439"},{"taxonomy":"post_tag","embeddable":true,"href":"https:\/\/folhadoleste.com.br\/en\/wp-json\/wp\/v2\/tags?post=141439"}],"curies":[{"name":"wp","href":"https:\/\/api.w.org\/{rel}","templated":true}]}}