{"id":140301,"date":"2025-09-18T14:55:31","date_gmt":"2025-09-18T17:55:31","guid":{"rendered":"https:\/\/folhadoleste.com.br\/?p=140301"},"modified":"2025-09-18T21:13:35","modified_gmt":"2025-09-19T00:13:35","slug":"policia-civil-confirma-localizacao-de-jovem-desaparecido","status":"publish","type":"post","link":"https:\/\/folhadoleste.com.br\/en\/policia-civil-confirma-localizacao-de-jovem-desaparecido\/","title":{"rendered":"Pol\u00edcia Civil confirma ao FOLHA DO LESTE localiza\u00e7\u00e3o de jovem desaparecido"},"content":{"rendered":"<div style=\"text-align: justify;\">\n<div id=\"attachment_140306\" style=\"width: 1034px\" class=\"wp-caption alignnone\"><a href=\"https:\/\/folhadoleste.com.br\/wp-content\/uploads\/2025\/09\/cartaz-joao-zurita-localizado-FIA.jpg\"><img decoding=\"async\" aria-describedby=\"caption-attachment-140306\" class=\"size-full wp-image-140306\" src=\"https:\/\/folhadoleste.com.br\/wp-content\/uploads\/2025\/09\/cartaz-joao-zurita-localizado-FIA.jpg\" alt=\"Pol\u00edcia Civil confirma ao FOLHA DO LESTE localiza\u00e7\u00e3o de jovem desaparecido\" width=\"1024\" height=\"1280\" \/><\/a><p id=\"caption-attachment-140306\" class=\"wp-caption-text\">Pol\u00edcia Civil confirma ao FOLHA DO LESTE localiza\u00e7\u00e3o de jovem desaparecido<\/p><\/div>\n<\/div>\n<div style=\"text-align: justify;\">Na manh\u00e3 desta quinta-feira (18), em resposta ao contato feito ontem pela reportagem do <strong>FOLHA DO LESTE<\/strong>, a <strong>secretaria estadual de Pol\u00edcia Civil<\/strong> confirmou a localiza\u00e7\u00e3o do adolescente\u00a0<strong> Jo\u00e3o Cristhian Espinoza Zurita<\/strong>, <strong>aluno do Pensi<\/strong> unidade 2, em <strong>Icara\u00ed<\/strong> na Zona Sul de <strong>Niter\u00f3i<\/strong>, desaparecido desde s\u00e1bado (13) foi <strong>encontrado<\/strong>.\u00a0 Apesar de estudar em Niter\u00f3i, o adolescente, bem como sua fam\u00edlia, residem em <strong>S\u00e3o Gon\u00e7alo<\/strong>.<\/div>\n<div style=\"text-align: justify;\"><\/div>\n<div style=\"text-align: justify;\">A Delegacia de Homic\u00eddios de Niter\u00f3i, S\u00e3o Gon\u00e7alo e Itabora\u00ed (DHNSG), respons\u00e1vel pelo caso, n\u00e3o forneceu detalhes acerca de onde e como localizou o menino. Vale destacar que o caso envolve menor de idade e, em consequ\u00eancia disso, deve obedecer a determinados sigilos.<\/div>\n<div><\/div>\n<div style=\"text-align: justify;\">Diante disso, a secretaria de estado de Pol\u00edcia Civil apenas se limitou a dizer que <strong>o menor, ap\u00f3s localizado, foi entregue \u00e0 fam\u00edlia<\/strong>. Em seguida, deu o caso por encerrado \u2014 <strong>informa\u00e7\u00e3o confirmada ao Folha do Leste<\/strong>. Isso vale dizer que as informa\u00e7\u00f5es prestadas em depoimento pelo Jo\u00e3o, assim como por seus pais, satisfizeram os investigadores pol\u00edcia .<\/div>\n<div style=\"text-align: justify;\"><\/div>\n<div style=\"text-align: justify;\">Nossa reportagem continuou hoje pela manh\u00e3 insistindo em falar com a fam\u00edlia do jovem, mas eles n\u00e3o atendem as liga\u00e7\u00f5es. Contudo, por meio de outras fontes com quem conversamos, tanto a <strong>Dona Carmen (m\u00e3e)<\/strong> como o <strong>Sr, Juan<\/strong> <strong>(pai)<\/strong> sequer estariam atendendo tamb\u00e9m as tentativas de contato da <strong>Funda\u00e7\u00e3o para a Inf\u00e2ncia e Adolesc\u00eancia (FIA)<\/strong>.<\/div>\n<div><\/div>\n<div style=\"text-align: justify;\">De acordo com informa\u00e7\u00f5es de outra fonte que o FOLHA DO LESTE manter\u00e1 sob anonimizada, Carmen, m\u00e3e do menor, estava &#8220;muito emocionada&#8221; quando recebeu o filho Jo\u00e3o de volta. Tanto que ela sequer teria conseguido conversar com os profissionais de psicologia designados pelas autoridades estaduais para prestar atendimento ao caso.<\/div>\n<div style=\"text-align: justify;\"><\/div>\n<h3>A din\u00e2mica completa, segundo Bia Oliveira Barbosa<\/h3>\n<div><\/div>\n<div><\/div>\n<div style=\"text-align: justify;\">Mesmo com o caso j\u00e1 dado como encerrado pela Pol\u00edcia Civil, por outro lado, <strong>Bia Oliveira Barbosa<\/strong> <strong>(@biaoliveirabarbosa)<\/strong> tornou a dar detalhes do caso. Relatou, em resumo, que Jo\u00e3o estava em <strong>S\u00e3o Conrado, na Zona Oeste do Rio de Janeiro<\/strong> ao passo que pediu um lanche e acabou reconhecido pelo entregador. Esse trabalhador, morador da Rocinha, percebeu que o jovem fugiria novamente, mas n\u00e3o permitiu.<\/div>\n<div style=\"text-align: justify;\"><\/div>\n<div style=\"text-align: justify;\">Dessa forma, al\u00e9m de impedir que o adolescente sumisse novamente, o entregador levou ele para sua casa, na comunidade da Rocinha, que fica nas imedia\u00e7\u00f5es de S\u00e3o Conrado. Ao chegar em casa, o trabalhador do iFood pediu a sua m\u00e3e, classificada por Bia como &#8220;m\u00e3e maravilhosa&#8221; ligar pra Carmen. Posteriormente, a mulher ainda fez uma chamada de v\u00eddeo para que toda fam\u00edlia reconhecesse Jo\u00e3o.<\/div>\n<div><\/div>\n<h2>O que houve?<\/h2>\n<p style=\"text-align: justify;\">Ap\u00f3s a confirma\u00e7\u00e3o, os pais de Jo\u00e3o, <b>Carmen e Juan Espinoza<\/b>, deslocaram-se imediatamente para a delegacia para alertar os policiais. Segundo Bia, o casal passou toda a noite na unidade, enquanto os agentes civis se preparavam para ir ao Rio de Janeiro buscar o rapaz.<\/p>\n<p style=\"text-align: justify;\">O pai, <b>Juan Espinoza<\/b>, que \u00e9 m\u00e9dico boliviano (aguardando o resultado do Revalida para exercer a profiss\u00e3o no Brasil e, atualmente, trabalhando como motorista de aplicativo), estava &#8220;abalad\u00edssimo&#8221;, mas profundamente grato. Carmen, a m\u00e3e, tem um sal\u00e3o de beleza e dependia do trabalho informal, teve sua rotina financeira desestabilizada pela busca incessante.<\/p>\n<p style=\"text-align: justify;\">Diante disso, Bia Oliveira Barbosa organizou uma arrecada\u00e7\u00e3o de doa\u00e7\u00f5es em dinheiro junto a empres\u00e1rios do ramo de restaurantes para ajudar a fam\u00edlia a se restabelecer.<\/p>\n<blockquote>\n<p style=\"text-align: justify;\">&#8220;Nesse momento o que importa \u00e9 que o Jo\u00e3o voltou com vida e os pais est\u00e3o com o filho. O depois disso, eu tenho certeza de que a Carmen e o seu Juan v\u00e3o dar uma satisfa\u00e7\u00e3o porque todos n\u00f3s merecemos.&#8221;<\/p>\n<\/blockquote>\n<div style=\"text-align: justify;\"><\/div>\n<div style=\"text-align: justify;\">Em seguida, os pais de Jo\u00e3o se deslocaram para a delegacia, E a\u00ed come\u00e7ou toda ida para a delegacia, para avisar os policiais. Tanto a Carmen (m\u00e3e do Jo\u00e3o) como o Juan (pai) ficaram na delegacia enquanto os agentes da Pol\u00edcia Civil se preparavam para ir ao Rio buscar o rapaz. Ainda conforme o relato de Bia, o casal teria passado toda a noite l\u00e1.<\/div>\n<div style=\"text-align: justify;\"><\/div>\n<blockquote>\n<div style=\"text-align: justify;\">&#8220;Eu estou contando isso porque foi atrav\u00e9s da Carmen e do seu Juan enquanto os policiais ainda estavam se arrumando para irem para a Rocinha\u00a0 eu estava na linha\u00a0\u00a0com eles. E a\u00ed, depois disso, falei com o seu Juan, ainda na delegacia, o Jo\u00e3o ainda n\u00e3o tinha chegado l\u00e1 com os policiais.<\/div>\n<div><\/div>\n<div style=\"text-align: justify;\">Depois disso, nos falamos de novo, eu e o pai do Jo\u00e3o. O Jo\u00e3o estava prestando depoimento e o pai estava abalad\u00edssimo, mas muito agradecido a Deus porque, gente, pra um pai e para uma m\u00e3e, independe o que aconteceu. Porque, nesse momento, eles s\u00f3 queriam o filho de volta.<\/div>\n<\/blockquote>\n<div><\/div>","protected":false},"excerpt":{"rendered":"<p>Na manh\u00e3 desta quinta-feira (18), em resposta ao contato feito ontem pela reportagem do FOLHA DO LESTE, a secretaria estadual de Pol\u00edcia Civil confirmou a localiza\u00e7\u00e3o do adolescente\u00a0 Jo\u00e3o Cristhian Espinoza Zurita, aluno do Pensi unidade 2, em Icara\u00ed na Zona Sul de Niter\u00f3i, desaparecido desde s\u00e1bado (13) foi encontrado.\u00a0 Apesar de estudar em Niter\u00f3i, o adolescente, bem como sua fam\u00edlia, residem em S\u00e3o Gon\u00e7alo. A Delegacia de Homic\u00eddios de Niter\u00f3i, S\u00e3o Gon\u00e7alo e Itabora\u00ed (DHNSG), respons\u00e1vel pelo caso, n\u00e3o forneceu detalhes acerca de onde e como localizou o menino. Vale destacar que o caso envolve menor de idade e, [&hellip;]<\/p>\n","protected":false},"author":2,"featured_media":140306,"comment_status":"open","ping_status":"open","sticky":false,"template":"","format":"standard","meta":{"footnotes":""},"categories":[47,5,52],"tags":[87229,87324,1777,87109,87325,16306,76,87323],"class_list":["post-140301","post","type-post","status-publish","format-standard","has-post-thumbnail","hentry","category-leste-fluminense","category-noticias-de-niteroi","category-sao-goncalo","tag-bia-oliveira-barbosa","tag-fundacao-para-a-infancia-e-adolescencia-fia","tag-icarai","tag-joao-cristhian-espinoza-zurita","tag-na-zona-oeste-do-rio-de-janeiro","tag-sao-conrado","tag-sao-goncalo","tag-secretaria-estadual-de-policia-civil","post--single"],"yoast_head":"<!-- This site is optimized with the Yoast SEO plugin v27.4 - https:\/\/yoast.com\/product\/yoast-seo-wordpress\/ -->\n<title>Pol\u00edcia Civil confirma localiza\u00e7\u00e3o de jovem desaparecido &#8226; Folha do Leste<\/title>\n<meta name=\"description\" content=\"Pol\u00edcia Civil confirma ao FOLHA DO LESTE localiza\u00e7\u00e3o de jovem desaparecido. A influencer Bia Oliveira deu mais detalhes.\" \/>\n<meta name=\"robots\" content=\"index, follow, max-snippet:-1, max-image-preview:large, max-video-preview:-1\" \/>\n<link rel=\"canonical\" href=\"https:\/\/folhadoleste.com.br\/en\/policia-civil-confirma-localizacao-de-jovem-desaparecido\/\" \/>\n<meta property=\"og:locale\" content=\"en_US\" \/>\n<meta property=\"og:type\" content=\"article\" \/>\n<meta property=\"og:title\" content=\"Pol\u00edcia Civil confirma localiza\u00e7\u00e3o de jovem desaparecido &#8226; Folha do Leste\" \/>\n<meta property=\"og:description\" content=\"Pol\u00edcia Civil confirma ao FOLHA DO LESTE localiza\u00e7\u00e3o de jovem desaparecido. A influencer Bia Oliveira deu mais detalhes.\" \/>\n<meta property=\"og:url\" content=\"https:\/\/folhadoleste.com.br\/en\/policia-civil-confirma-localizacao-de-jovem-desaparecido\/\" \/>\n<meta property=\"og:site_name\" content=\"Folha do Leste\" \/>\n<meta property=\"article:publisher\" content=\"https:\/\/www.facebook.com\/folhadoleste\" \/>\n<meta property=\"article:author\" content=\"https:\/\/www.facebook.com\/reporter.andrefreitas\/\" \/>\n<meta property=\"article:published_time\" content=\"2025-09-18T17:55:31+00:00\" \/>\n<meta property=\"article:modified_time\" content=\"2025-09-19T00:13:35+00:00\" \/>\n<meta property=\"og:image\" content=\"https:\/\/folhadoleste.com.br\/wp-content\/uploads\/2025\/09\/cartaz-joao-zurita-localizado-FIA.jpg\" \/>\n\t<meta property=\"og:image:width\" content=\"1024\" \/>\n\t<meta property=\"og:image:height\" content=\"1280\" \/>\n\t<meta property=\"og:image:type\" content=\"image\/jpeg\" \/>\n<meta name=\"author\" content=\"Andr\u00e9 Freitas\" \/>\n<meta name=\"twitter:card\" content=\"summary_large_image\" \/>\n<meta name=\"twitter:creator\" content=\"@andrefreitas_fl\" \/>\n<meta name=\"twitter:site\" content=\"@FolhadoLesteRJ\" \/>\n<meta name=\"twitter:label1\" content=\"Written by\" \/>\n\t<meta name=\"twitter:data1\" content=\"Andr\u00e9 Freitas\" \/>\n\t<meta name=\"twitter:label2\" content=\"Est. reading time\" \/>\n\t<meta name=\"twitter:data2\" content=\"4 minutes\" \/>\n<script type=\"application\/ld+json\" class=\"yoast-schema-graph\">{\"@context\":\"https:\\\/\\\/schema.org\",\"@graph\":[{\"@type\":\"NewsArticle\",\"@id\":\"https:\\\/\\\/folhadoleste.com.br\\\/policia-civil-confirma-localizacao-de-jovem-desaparecido\\\/#article\",\"isPartOf\":{\"@id\":\"https:\\\/\\\/folhadoleste.com.br\\\/policia-civil-confirma-localizacao-de-jovem-desaparecido\\\/\"},\"author\":{\"name\":\"Andr\u00e9 Freitas\",\"@id\":\"https:\\\/\\\/folhadoleste.com.br\\\/#\\\/schema\\\/person\\\/7df02ce7ce01cc6d79b740381f6f5446\"},\"headline\":\"Pol\u00edcia Civil confirma ao FOLHA DO LESTE localiza\u00e7\u00e3o de jovem desaparecido\",\"datePublished\":\"2025-09-18T17:55:31+00:00\",\"dateModified\":\"2025-09-19T00:13:35+00:00\",\"mainEntityOfPage\":{\"@id\":\"https:\\\/\\\/folhadoleste.com.br\\\/policia-civil-confirma-localizacao-de-jovem-desaparecido\\\/\"},\"wordCount\":843,\"commentCount\":0,\"publisher\":{\"@id\":\"https:\\\/\\\/folhadoleste.com.br\\\/#organization\"},\"image\":{\"@id\":\"https:\\\/\\\/folhadoleste.com.br\\\/policia-civil-confirma-localizacao-de-jovem-desaparecido\\\/#primaryimage\"},\"thumbnailUrl\":\"https:\\\/\\\/folhadoleste.com.br\\\/wp-content\\\/uploads\\\/2025\\\/09\\\/cartaz-joao-zurita-localizado-FIA.jpg\",\"keywords\":[\"Bia Oliveira Barbosa\",\"Funda\u00e7\u00e3o para a Inf\u00e2ncia e Adolesc\u00eancia (FIA)\",\"Icara\u00ed\",\"Jo\u00e3o Cristhian Espinoza Zurita\",\"na Zona Oeste do Rio de Janeiro\",\"S\u00e3o Conrado\",\"s\u00e3o gon\u00e7alo\",\"secretaria estadual de Pol\u00edcia Civil\"],\"articleSection\":[\"Leste Fluminense\",\"Niter\u00f3i\",\"S\u00e3o Gon\u00e7alo\"],\"inLanguage\":\"en-US\",\"potentialAction\":[{\"@type\":\"CommentAction\",\"name\":\"Comment\",\"target\":[\"https:\\\/\\\/folhadoleste.com.br\\\/policia-civil-confirma-localizacao-de-jovem-desaparecido\\\/#respond\"]}]},{\"@type\":\"WebPage\",\"@id\":\"https:\\\/\\\/folhadoleste.com.br\\\/policia-civil-confirma-localizacao-de-jovem-desaparecido\\\/\",\"url\":\"https:\\\/\\\/folhadoleste.com.br\\\/policia-civil-confirma-localizacao-de-jovem-desaparecido\\\/\",\"name\":\"Pol\u00edcia Civil confirma localiza\u00e7\u00e3o de jovem desaparecido &#8226; Folha do Leste\",\"isPartOf\":{\"@id\":\"https:\\\/\\\/folhadoleste.com.br\\\/#website\"},\"primaryImageOfPage\":{\"@id\":\"https:\\\/\\\/folhadoleste.com.br\\\/policia-civil-confirma-localizacao-de-jovem-desaparecido\\\/#primaryimage\"},\"image\":{\"@id\":\"https:\\\/\\\/folhadoleste.com.br\\\/policia-civil-confirma-localizacao-de-jovem-desaparecido\\\/#primaryimage\"},\"thumbnailUrl\":\"https:\\\/\\\/folhadoleste.com.br\\\/wp-content\\\/uploads\\\/2025\\\/09\\\/cartaz-joao-zurita-localizado-FIA.jpg\",\"datePublished\":\"2025-09-18T17:55:31+00:00\",\"dateModified\":\"2025-09-19T00:13:35+00:00\",\"description\":\"Pol\u00edcia Civil confirma ao FOLHA DO LESTE localiza\u00e7\u00e3o de jovem desaparecido. A influencer Bia Oliveira deu mais detalhes.\",\"breadcrumb\":{\"@id\":\"https:\\\/\\\/folhadoleste.com.br\\\/policia-civil-confirma-localizacao-de-jovem-desaparecido\\\/#breadcrumb\"},\"inLanguage\":\"en-US\",\"potentialAction\":[{\"@type\":\"ReadAction\",\"target\":[\"https:\\\/\\\/folhadoleste.com.br\\\/policia-civil-confirma-localizacao-de-jovem-desaparecido\\\/\"]}]},{\"@type\":\"ImageObject\",\"inLanguage\":\"en-US\",\"@id\":\"https:\\\/\\\/folhadoleste.com.br\\\/policia-civil-confirma-localizacao-de-jovem-desaparecido\\\/#primaryimage\",\"url\":\"https:\\\/\\\/folhadoleste.com.br\\\/wp-content\\\/uploads\\\/2025\\\/09\\\/cartaz-joao-zurita-localizado-FIA.jpg\",\"contentUrl\":\"https:\\\/\\\/folhadoleste.com.br\\\/wp-content\\\/uploads\\\/2025\\\/09\\\/cartaz-joao-zurita-localizado-FIA.jpg\",\"width\":1024,\"height\":1280,\"caption\":\"Pol\u00edcia Civil confirma ao FOLHA DO LESTE localiza\u00e7\u00e3o de jovem desaparecido\"},{\"@type\":\"BreadcrumbList\",\"@id\":\"https:\\\/\\\/folhadoleste.com.br\\\/policia-civil-confirma-localizacao-de-jovem-desaparecido\\\/#breadcrumb\",\"itemListElement\":[{\"@type\":\"ListItem\",\"position\":1,\"name\":\"In\u00edcio\",\"item\":\"https:\\\/\\\/folhadoleste.com.br\\\/\"},{\"@type\":\"ListItem\",\"position\":2,\"name\":\"Estado do Rio de Janeiro\",\"item\":\"https:\\\/\\\/folhadoleste.com.br\\\/category\\\/estado-do-rio-de-janeiro\\\/\"},{\"@type\":\"ListItem\",\"position\":3,\"name\":\"Leste Fluminense\",\"item\":\"https:\\\/\\\/folhadoleste.com.br\\\/category\\\/estado-do-rio-de-janeiro\\\/leste-fluminense\\\/\"},{\"@type\":\"ListItem\",\"position\":4,\"name\":\"Niter\u00f3i\",\"item\":\"https:\\\/\\\/folhadoleste.com.br\\\/category\\\/estado-do-rio-de-janeiro\\\/leste-fluminense\\\/noticias-de-niteroi\\\/\"},{\"@type\":\"ListItem\",\"position\":5,\"name\":\"Pol\u00edcia Civil confirma ao FOLHA DO LESTE localiza\u00e7\u00e3o de jovem desaparecido\"}]},{\"@type\":\"WebSite\",\"@id\":\"https:\\\/\\\/folhadoleste.com.br\\\/#website\",\"url\":\"https:\\\/\\\/folhadoleste.com.br\\\/\",\"name\":\"Folha do Leste\",\"description\":\"Portal de Not\u00edcias com \u00eanfase em Niter\u00f3i, criando conte\u00fados desde a capital Rio de Janeiro, com olhar para o Leste Fluminense e suas cidades como S\u00e3o Gon\u00e7alo, Itabora\u00ed, Rio Bonito, Maric\u00e1, Saquarema e Araruama\",\"publisher\":{\"@id\":\"https:\\\/\\\/folhadoleste.com.br\\\/#organization\"},\"alternateName\":\"FL\",\"potentialAction\":[{\"@type\":\"SearchAction\",\"target\":{\"@type\":\"EntryPoint\",\"urlTemplate\":\"https:\\\/\\\/folhadoleste.com.br\\\/?s={search_term_string}\"},\"query-input\":{\"@type\":\"PropertyValueSpecification\",\"valueRequired\":true,\"valueName\":\"search_term_string\"}}],\"inLanguage\":\"en-US\"},{\"@type\":\"Organization\",\"@id\":\"https:\\\/\\\/folhadoleste.com.br\\\/#organization\",\"name\":\"Brasil 21 Comunica\u00e7\u00e3o\",\"alternateName\":\"BR21\",\"url\":\"https:\\\/\\\/folhadoleste.com.br\\\/\",\"logo\":{\"@type\":\"ImageObject\",\"inLanguage\":\"en-US\",\"@id\":\"https:\\\/\\\/folhadoleste.com.br\\\/#\\\/schema\\\/logo\\\/image\\\/\",\"url\":\"https:\\\/\\\/folhadoleste.com.br\\\/wp-content\\\/uploads\\\/2025\\\/12\\\/brasil-21-logomarca.avif\",\"contentUrl\":\"https:\\\/\\\/folhadoleste.com.br\\\/wp-content\\\/uploads\\\/2025\\\/12\\\/brasil-21-logomarca.avif\",\"width\":1044,\"height\":1044,\"caption\":\"Brasil 21 Comunica\u00e7\u00e3o\"},\"image\":{\"@id\":\"https:\\\/\\\/folhadoleste.com.br\\\/#\\\/schema\\\/logo\\\/image\\\/\"},\"sameAs\":[\"https:\\\/\\\/www.facebook.com\\\/folhadoleste\",\"https:\\\/\\\/x.com\\\/FolhadoLesteRJ\",\"https:\\\/\\\/www.instagram.com\\\/folhadoleste\\\/\"]},{\"@type\":\"Person\",\"@id\":\"https:\\\/\\\/folhadoleste.com.br\\\/#\\\/schema\\\/person\\\/7df02ce7ce01cc6d79b740381f6f5446\",\"name\":\"Andr\u00e9 Freitas\",\"pronouns\":\"Ele\\\/dele\",\"image\":{\"@type\":\"ImageObject\",\"inLanguage\":\"en-US\",\"@id\":\"https:\\\/\\\/folhadoleste.com.br\\\/wp-content\\\/litespeed\\\/avatar\\\/0357fd225fa38935ec9aabab3531fa5e.jpg?ver=1777161141\",\"url\":\"https:\\\/\\\/folhadoleste.com.br\\\/wp-content\\\/litespeed\\\/avatar\\\/0357fd225fa38935ec9aabab3531fa5e.jpg?ver=1777161141\",\"contentUrl\":\"https:\\\/\\\/folhadoleste.com.br\\\/wp-content\\\/litespeed\\\/avatar\\\/0357fd225fa38935ec9aabab3531fa5e.jpg?ver=1777161141\",\"caption\":\"Andr\u00e9 Freitas\"},\"description\":\"Andr\u00e9 Freitas \u00e9 diretor-executivo e rep\u00f3rter do Folha do Leste e da Brasil 21 Comunica\u00e7\u00e3o. Jornalista e radialista desde a d\u00e9cada de 1990, \u00e9 narrador esportivo e cronista especializado em Carnaval, com 26 coberturas presenciais na Marqu\u00eas de Sapuca\u00ed. Possui ampla experi\u00eancia na cobertura da editoria de pol\u00edtica, em raz\u00e3o de fun\u00e7\u00f5es exercidas nos poderes Legislativo e Executivo, com atua\u00e7\u00e3o nas C\u00e2maras Municipais de Niter\u00f3i, S\u00e3o Gon\u00e7alo e Campos dos Goytacazes, al\u00e9m da Assembleia Legislativa do Estado do Rio de Janeiro (Alerj) e da Prefeitura de Niter\u00f3i. Dirigiu por 15 anos a R\u00e1dio Absoluta, onde apresentou programas noticiosos di\u00e1rios e conduziu coberturas esportivas, incluindo mais de uma d\u00e9cada acompanhando a sele\u00e7\u00e3o brasileira de futebol. Nesse per\u00edodo, esteve presente em duas Copas do Mundo e em uma edi\u00e7\u00e3o dos Jogos Ol\u00edmpicos. Trabalhou tamb\u00e9m nas r\u00e1dios Campos Difusora (Campos\\\/RJ) e Litor\u00e2nea (ES). Exerceu o cargo de editor-chefe nos jornais Olho Vivo (Niter\u00f3i\\\/RJ) e A Tribuna (Niter\u00f3i\\\/RJ), al\u00e9m de atuar como colunista do jornal O Di\u00e1rio (Campos dos Goytacazes\\\/RJ).\",\"sameAs\":[\"https:\\\/\\\/folhadoleste.com.br\",\"https:\\\/\\\/www.facebook.com\\\/reporter.andrefreitas\\\/\",\"https:\\\/\\\/www.instagram.com\\\/andrefreitas.jornalista\\\/\",\"www.linkedin.com\\\/in\\\/andr\u00e9-freitas-jornalista\",\"https:\\\/\\\/x.com\\\/andrefreitas_fl\"],\"url\":\"https:\\\/\\\/folhadoleste.com.br\\\/en\\\/author\\\/andrefreitas\\\/\"}]}<\/script>\n<!-- \/ Yoast SEO plugin. -->","yoast_head_json":{"title":"Pol\u00edcia Civil confirma localiza\u00e7\u00e3o de jovem desaparecido &#8226; Folha do Leste","description":"Pol\u00edcia Civil confirma ao FOLHA DO LESTE localiza\u00e7\u00e3o de jovem desaparecido. A influencer Bia Oliveira deu mais detalhes.","robots":{"index":"index","follow":"follow","max-snippet":"max-snippet:-1","max-image-preview":"max-image-preview:large","max-video-preview":"max-video-preview:-1"},"canonical":"https:\/\/folhadoleste.com.br\/en\/policia-civil-confirma-localizacao-de-jovem-desaparecido\/","og_locale":"en_US","og_type":"article","og_title":"Pol\u00edcia Civil confirma localiza\u00e7\u00e3o de jovem desaparecido &#8226; Folha do Leste","og_description":"Pol\u00edcia Civil confirma ao FOLHA DO LESTE localiza\u00e7\u00e3o de jovem desaparecido. A influencer Bia Oliveira deu mais detalhes.","og_url":"https:\/\/folhadoleste.com.br\/en\/policia-civil-confirma-localizacao-de-jovem-desaparecido\/","og_site_name":"Folha do Leste","article_publisher":"https:\/\/www.facebook.com\/folhadoleste","article_author":"https:\/\/www.facebook.com\/reporter.andrefreitas\/","article_published_time":"2025-09-18T17:55:31+00:00","article_modified_time":"2025-09-19T00:13:35+00:00","og_image":[{"width":1024,"height":1280,"url":"https:\/\/folhadoleste.com.br\/wp-content\/uploads\/2025\/09\/cartaz-joao-zurita-localizado-FIA.jpg","type":"image\/jpeg"}],"author":"Andr\u00e9 Freitas","twitter_card":"summary_large_image","twitter_creator":"@andrefreitas_fl","twitter_site":"@FolhadoLesteRJ","twitter_misc":{"Written by":"Andr\u00e9 Freitas","Est. reading time":"4 minutes"},"schema":{"@context":"https:\/\/schema.org","@graph":[{"@type":"NewsArticle","@id":"https:\/\/folhadoleste.com.br\/policia-civil-confirma-localizacao-de-jovem-desaparecido\/#article","isPartOf":{"@id":"https:\/\/folhadoleste.com.br\/policia-civil-confirma-localizacao-de-jovem-desaparecido\/"},"author":{"name":"Andr\u00e9 Freitas","@id":"https:\/\/folhadoleste.com.br\/#\/schema\/person\/7df02ce7ce01cc6d79b740381f6f5446"},"headline":"Pol\u00edcia Civil confirma ao FOLHA DO LESTE localiza\u00e7\u00e3o de jovem desaparecido","datePublished":"2025-09-18T17:55:31+00:00","dateModified":"2025-09-19T00:13:35+00:00","mainEntityOfPage":{"@id":"https:\/\/folhadoleste.com.br\/policia-civil-confirma-localizacao-de-jovem-desaparecido\/"},"wordCount":843,"commentCount":0,"publisher":{"@id":"https:\/\/folhadoleste.com.br\/#organization"},"image":{"@id":"https:\/\/folhadoleste.com.br\/policia-civil-confirma-localizacao-de-jovem-desaparecido\/#primaryimage"},"thumbnailUrl":"https:\/\/folhadoleste.com.br\/wp-content\/uploads\/2025\/09\/cartaz-joao-zurita-localizado-FIA.jpg","keywords":["Bia Oliveira Barbosa","Funda\u00e7\u00e3o para a Inf\u00e2ncia e Adolesc\u00eancia (FIA)","Icara\u00ed","Jo\u00e3o Cristhian Espinoza Zurita","na Zona Oeste do Rio de Janeiro","S\u00e3o Conrado","s\u00e3o gon\u00e7alo","secretaria estadual de Pol\u00edcia Civil"],"articleSection":["Leste Fluminense","Niter\u00f3i","S\u00e3o Gon\u00e7alo"],"inLanguage":"en-US","potentialAction":[{"@type":"CommentAction","name":"Comment","target":["https:\/\/folhadoleste.com.br\/policia-civil-confirma-localizacao-de-jovem-desaparecido\/#respond"]}]},{"@type":"WebPage","@id":"https:\/\/folhadoleste.com.br\/policia-civil-confirma-localizacao-de-jovem-desaparecido\/","url":"https:\/\/folhadoleste.com.br\/policia-civil-confirma-localizacao-de-jovem-desaparecido\/","name":"Pol\u00edcia Civil confirma localiza\u00e7\u00e3o de jovem desaparecido &#8226; Folha do Leste","isPartOf":{"@id":"https:\/\/folhadoleste.com.br\/#website"},"primaryImageOfPage":{"@id":"https:\/\/folhadoleste.com.br\/policia-civil-confirma-localizacao-de-jovem-desaparecido\/#primaryimage"},"image":{"@id":"https:\/\/folhadoleste.com.br\/policia-civil-confirma-localizacao-de-jovem-desaparecido\/#primaryimage"},"thumbnailUrl":"https:\/\/folhadoleste.com.br\/wp-content\/uploads\/2025\/09\/cartaz-joao-zurita-localizado-FIA.jpg","datePublished":"2025-09-18T17:55:31+00:00","dateModified":"2025-09-19T00:13:35+00:00","description":"Pol\u00edcia Civil confirma ao FOLHA DO LESTE localiza\u00e7\u00e3o de jovem desaparecido. A influencer Bia Oliveira deu mais detalhes.","breadcrumb":{"@id":"https:\/\/folhadoleste.com.br\/policia-civil-confirma-localizacao-de-jovem-desaparecido\/#breadcrumb"},"inLanguage":"en-US","potentialAction":[{"@type":"ReadAction","target":["https:\/\/folhadoleste.com.br\/policia-civil-confirma-localizacao-de-jovem-desaparecido\/"]}]},{"@type":"ImageObject","inLanguage":"en-US","@id":"https:\/\/folhadoleste.com.br\/policia-civil-confirma-localizacao-de-jovem-desaparecido\/#primaryimage","url":"https:\/\/folhadoleste.com.br\/wp-content\/uploads\/2025\/09\/cartaz-joao-zurita-localizado-FIA.jpg","contentUrl":"https:\/\/folhadoleste.com.br\/wp-content\/uploads\/2025\/09\/cartaz-joao-zurita-localizado-FIA.jpg","width":1024,"height":1280,"caption":"Pol\u00edcia Civil confirma ao FOLHA DO LESTE localiza\u00e7\u00e3o de jovem desaparecido"},{"@type":"BreadcrumbList","@id":"https:\/\/folhadoleste.com.br\/policia-civil-confirma-localizacao-de-jovem-desaparecido\/#breadcrumb","itemListElement":[{"@type":"ListItem","position":1,"name":"In\u00edcio","item":"https:\/\/folhadoleste.com.br\/"},{"@type":"ListItem","position":2,"name":"Estado do Rio de Janeiro","item":"https:\/\/folhadoleste.com.br\/category\/estado-do-rio-de-janeiro\/"},{"@type":"ListItem","position":3,"name":"Leste Fluminense","item":"https:\/\/folhadoleste.com.br\/category\/estado-do-rio-de-janeiro\/leste-fluminense\/"},{"@type":"ListItem","position":4,"name":"Niter\u00f3i","item":"https:\/\/folhadoleste.com.br\/category\/estado-do-rio-de-janeiro\/leste-fluminense\/noticias-de-niteroi\/"},{"@type":"ListItem","position":5,"name":"Pol\u00edcia Civil confirma ao FOLHA DO LESTE localiza\u00e7\u00e3o de jovem desaparecido"}]},{"@type":"WebSite","@id":"https:\/\/folhadoleste.com.br\/#website","url":"https:\/\/folhadoleste.com.br\/","name":"Folha do Leste","description":"Portal de Not\u00edcias com \u00eanfase em Niter\u00f3i, criando conte\u00fados desde a capital Rio de Janeiro, com olhar para o Leste Fluminense e suas cidades como S\u00e3o Gon\u00e7alo, Itabora\u00ed, Rio Bonito, Maric\u00e1, Saquarema e Araruama","publisher":{"@id":"https:\/\/folhadoleste.com.br\/#organization"},"alternateName":"FL","potentialAction":[{"@type":"SearchAction","target":{"@type":"EntryPoint","urlTemplate":"https:\/\/folhadoleste.com.br\/?s={search_term_string}"},"query-input":{"@type":"PropertyValueSpecification","valueRequired":true,"valueName":"search_term_string"}}],"inLanguage":"en-US"},{"@type":"Organization","@id":"https:\/\/folhadoleste.com.br\/#organization","name":"Brasil 21 Comunica\u00e7\u00e3o","alternateName":"BR21","url":"https:\/\/folhadoleste.com.br\/","logo":{"@type":"ImageObject","inLanguage":"en-US","@id":"https:\/\/folhadoleste.com.br\/#\/schema\/logo\/image\/","url":"https:\/\/folhadoleste.com.br\/wp-content\/uploads\/2025\/12\/brasil-21-logomarca.avif","contentUrl":"https:\/\/folhadoleste.com.br\/wp-content\/uploads\/2025\/12\/brasil-21-logomarca.avif","width":1044,"height":1044,"caption":"Brasil 21 Comunica\u00e7\u00e3o"},"image":{"@id":"https:\/\/folhadoleste.com.br\/#\/schema\/logo\/image\/"},"sameAs":["https:\/\/www.facebook.com\/folhadoleste","https:\/\/x.com\/FolhadoLesteRJ","https:\/\/www.instagram.com\/folhadoleste\/"]},{"@type":"Person","@id":"https:\/\/folhadoleste.com.br\/#\/schema\/person\/7df02ce7ce01cc6d79b740381f6f5446","name":"Andr\u00e9 Freitas","pronouns":"Ele\/dele","image":{"@type":"ImageObject","inLanguage":"en-US","@id":"https:\/\/folhadoleste.com.br\/wp-content\/litespeed\/avatar\/0357fd225fa38935ec9aabab3531fa5e.jpg?ver=1777161141","url":"https:\/\/folhadoleste.com.br\/wp-content\/litespeed\/avatar\/0357fd225fa38935ec9aabab3531fa5e.jpg?ver=1777161141","contentUrl":"https:\/\/folhadoleste.com.br\/wp-content\/litespeed\/avatar\/0357fd225fa38935ec9aabab3531fa5e.jpg?ver=1777161141","caption":"Andr\u00e9 Freitas"},"description":"Andr\u00e9 Freitas \u00e9 diretor-executivo e rep\u00f3rter do Folha do Leste e da Brasil 21 Comunica\u00e7\u00e3o. Jornalista e radialista desde a d\u00e9cada de 1990, \u00e9 narrador esportivo e cronista especializado em Carnaval, com 26 coberturas presenciais na Marqu\u00eas de Sapuca\u00ed. Possui ampla experi\u00eancia na cobertura da editoria de pol\u00edtica, em raz\u00e3o de fun\u00e7\u00f5es exercidas nos poderes Legislativo e Executivo, com atua\u00e7\u00e3o nas C\u00e2maras Municipais de Niter\u00f3i, S\u00e3o Gon\u00e7alo e Campos dos Goytacazes, al\u00e9m da Assembleia Legislativa do Estado do Rio de Janeiro (Alerj) e da Prefeitura de Niter\u00f3i. Dirigiu por 15 anos a R\u00e1dio Absoluta, onde apresentou programas noticiosos di\u00e1rios e conduziu coberturas esportivas, incluindo mais de uma d\u00e9cada acompanhando a sele\u00e7\u00e3o brasileira de futebol. Nesse per\u00edodo, esteve presente em duas Copas do Mundo e em uma edi\u00e7\u00e3o dos Jogos Ol\u00edmpicos. Trabalhou tamb\u00e9m nas r\u00e1dios Campos Difusora (Campos\/RJ) e Litor\u00e2nea (ES). Exerceu o cargo de editor-chefe nos jornais Olho Vivo (Niter\u00f3i\/RJ) e A Tribuna (Niter\u00f3i\/RJ), al\u00e9m de atuar como colunista do jornal O Di\u00e1rio (Campos dos Goytacazes\/RJ).","sameAs":["https:\/\/folhadoleste.com.br","https:\/\/www.facebook.com\/reporter.andrefreitas\/","https:\/\/www.instagram.com\/andrefreitas.jornalista\/","www.linkedin.com\/in\/andr\u00e9-freitas-jornalista","https:\/\/x.com\/andrefreitas_fl"],"url":"https:\/\/folhadoleste.com.br\/en\/author\/andrefreitas\/"}]}},"_links":{"self":[{"href":"https:\/\/folhadoleste.com.br\/en\/wp-json\/wp\/v2\/posts\/140301","targetHints":{"allow":["GET"]}}],"collection":[{"href":"https:\/\/folhadoleste.com.br\/en\/wp-json\/wp\/v2\/posts"}],"about":[{"href":"https:\/\/folhadoleste.com.br\/en\/wp-json\/wp\/v2\/types\/post"}],"author":[{"embeddable":true,"href":"https:\/\/folhadoleste.com.br\/en\/wp-json\/wp\/v2\/users\/2"}],"replies":[{"embeddable":true,"href":"https:\/\/folhadoleste.com.br\/en\/wp-json\/wp\/v2\/comments?post=140301"}],"version-history":[{"count":3,"href":"https:\/\/folhadoleste.com.br\/en\/wp-json\/wp\/v2\/posts\/140301\/revisions"}],"predecessor-version":[{"id":140347,"href":"https:\/\/folhadoleste.com.br\/en\/wp-json\/wp\/v2\/posts\/140301\/revisions\/140347"}],"wp:featuredmedia":[{"embeddable":true,"href":"https:\/\/folhadoleste.com.br\/en\/wp-json\/wp\/v2\/media\/140306"}],"wp:attachment":[{"href":"https:\/\/folhadoleste.com.br\/en\/wp-json\/wp\/v2\/media?parent=140301"}],"wp:term":[{"taxonomy":"category","embeddable":true,"href":"https:\/\/folhadoleste.com.br\/en\/wp-json\/wp\/v2\/categories?post=140301"},{"taxonomy":"post_tag","embeddable":true,"href":"https:\/\/folhadoleste.com.br\/en\/wp-json\/wp\/v2\/tags?post=140301"}],"curies":[{"name":"wp","href":"https:\/\/api.w.org\/{rel}","templated":true}]}}