{"id":139913,"date":"2025-09-15T19:16:39","date_gmt":"2025-09-15T22:16:39","guid":{"rendered":"https:\/\/folhadoleste.com.br\/?p=139913"},"modified":"2025-09-16T14:36:35","modified_gmt":"2025-09-16T17:36:35","slug":"desaparecimento-estudante-niteroi-pensi","status":"publish","type":"post","link":"https:\/\/folhadoleste.com.br\/en\/desaparecimento-estudante-niteroi-pensi\/","title":{"rendered":"Estudante faz prova no Pensi Icara\u00ed e desaparece em seguida; fato foi na tarde de s\u00e1bado (14)"},"content":{"rendered":"<div id=\"attachment_139961\" style=\"width: 1210px\" class=\"wp-caption alignnone\"><a class=\"link-noticia mais-noticias\" href=\"https:\/\/folhadoleste.com.br\/wp-content\/uploads\/2025\/09\/Estudante-desaparece-em-Niteroi-apos-prova-no-Pensi-Icarai.webp\" target=\"_blank\" rel=\"rel=&quot;noopener noreferrer&quot;\"><img decoding=\"async\" aria-describedby=\"caption-attachment-139961\" class=\"img-noticia destaque-estudante wp-image-139961 size-full\" title=\"Estudante desaparecido em Niter\u00f3i ap\u00f3s prova no Pensi Icara\u00ed\" src=\"https:\/\/folhadoleste.com.br\/wp-content\/uploads\/2025\/09\/Estudante-desaparece-em-Niteroi-apos-prova-no-Pensi-Icarai.webp\" alt=\"Estudante do Pensi desaparecido em Niter\u00f3i ap\u00f3s prova no Col\u00e9gio Pensi Icara\u00ed\" width=\"1200\" height=\"994\" \/><\/a><p id=\"caption-attachment-139961\" class=\"wp-caption-text\">Jo\u00e3o Cristhian Espinoza Zurita, estudante de 17 anos, desapareceu ap\u00f3s sair para realizar prova de segunda chamada no Pensi Icara\u00ed, em Niter\u00f3i.<\/p><\/div>\n<p style=\"text-align: justify;\" data-start=\"538\" data-end=\"759\"><strong> Jo\u00e3o Cristhian Espinoza Zurita,<\/strong> 17 anos, n\u00e3o foi mais visto ap\u00f3s sair de casa para fazer prova de segunda chamada no <strong>Col\u00e9gio e Curso Pensi<\/strong>, <strong>unidade Icara\u00ed 2,<\/strong> no \u00faltimo s\u00e1bado (13). A institui\u00e7\u00e3o de ensino fica na <strong>Rua Osvaldo Cruz<\/strong>, 32, <strong>em Icara\u00ed<\/strong>, Zona Sul de Niter\u00f3i. Trata-se de uma rua pequena, que fica entre no final da Praia de Icara\u00ed (sentido Joaquim T\u00e1vora\/Estrada Fr\u00f3es), entre a <strong>Rua Ator Paulo Gustavo<\/strong> e a Avenida Jornalista Alberto Torres (Praia).<\/p>\n<p style=\"text-align: justify;\" data-start=\"782\" data-end=\"1134\">Segundo a dire\u00e7\u00e3o da escola, Jo\u00e3o Cristhian n\u00e3o entrou no pr\u00e9dio, que permaneceu aberto at\u00e9 as 13h30 sem registro de sua presen\u00e7a. Al\u00e9m disso, relataram que imagens de c\u00e2meras de seguran\u00e7a mostram o adolescente ajustando a mochila. Em seguida, ele teria seguindo a p\u00e9 em dire\u00e7\u00e3o ao Centro de Niter\u00f3i.<\/p>\n<p style=\"text-align: justify;\" data-start=\"782\" data-end=\"1134\">Desde ent\u00e3o, n\u00e3o h\u00e1 informa\u00e7\u00f5es sobre seu paradeiro. O celular que ele carregava est\u00e1 desligado. Sendo assim, o caso teve registro na 76\u00aa DP (Niter\u00f3i). Posteriormente, foi encaminhado ao <strong>Setor de Descoberta de Paradeiros,<\/strong> que funciona na <strong>Delegacia de Homic\u00eddios de Niter\u00f3i, S\u00e3o Gon\u00e7alo e Itabora\u00ed<\/strong> (<strong>DHNSG<\/strong>). Eles est\u00e3o realizando dilig\u00eancias e investiga\u00e7\u00f5es para localizar o jovem.<\/p>\n<p style=\"text-align: justify;\" data-start=\"1367\" data-end=\"1469\">Em nota, o Pensi refor\u00e7ou apoio \u00e0 fam\u00edlia, bem como e afirmou estar colaborando ativamente com as autoridades:<\/p>\n<blockquote data-start=\"1470\" data-end=\"1781\">\n<p style=\"text-align: justify;\">\u201cNo \u00faltimo s\u00e1bado, dia 13, um estudante da unidade Icara\u00ed 2, do Pensi, em Niter\u00f3i, n\u00e3o compareceu \u00e0 escola, apesar de ter solicitado o agendamento de uma prova de segunda chamada para as 7h. O aluno n\u00e3o entrou na unidade at\u00e9 o seu fechamento, \u00e0s 13h30.<\/p>\n<p style=\"text-align: justify;\">Desde que tomou conhecimento do ocorrido, a dire\u00e7\u00e3o da unidade tem prestado total apoio \u00e0 fam\u00edlia, colaborado ativamente com as autoridades competentes e acompanhado de perto o desenrolar da situa\u00e7\u00e3o. Reiteramos nosso compromisso com a seguran\u00e7a, o acolhimento e o bem-estar de todos os nossos estudantes, valores que norteiam diariamente o trabalho da equipe Pensi.\u201d<\/p>\n<\/blockquote>\n<h2 style=\"text-align: justify;\" data-start=\"1783\" data-end=\"1898\">Quem tiver informa\u00e7\u00f5es pode entrar em contato:<\/h2>\n<p data-start=\"1902\" data-end=\"1940\"><strong>M\u00e3e (Carmen Zurita):<\/strong> (21) 97580-8016 | <strong style=\"text-align: justify; font-size: 1.21429rem;\">Disque-Den\u00fancia:<\/strong><span style=\"text-align: justify; font-size: 1.21429rem;\"> (21) 2253-1177 | <\/span><strong style=\"text-align: justify; font-size: 1.21429rem;\">WhatsApp Desaparecidos:<\/strong><span style=\"text-align: justify; font-size: 1.21429rem;\"> +55 21 98849-6254 | <\/span><strong style=\"text-align: justify; font-size: 1.21429rem;\">SOS Crian\u00e7a Desaparecida (FIA):<\/strong><span style=\"text-align: justify; font-size: 1.21429rem;\"> (21) 98596-5296<\/span><\/p>\n<p style=\"text-align: justify;\" data-start=\"2076\" data-end=\"2102\">Por \u00faltimo, sobretudo em respeito ao desespero da fam\u00edlia, pedimos que as pessoas ajam com a necess\u00e1ria conscientiza\u00e7\u00e3o que o assunto pede, <strong>n\u00e3o passando trotes.<\/strong> Os canais oficiais garantem o sigilo de sua identifica\u00e7\u00e3o, assim como a anonimiza\u00e7\u00e3o de seus dados.<\/p>\n<p style=\"text-align: justify;\" data-start=\"2076\" data-end=\"2102\">.<\/p>\n<pre style=\"text-align: center;\"><span style=\"color: #000000;\"><span style=\"color: #ff0000;\"><strong>+ <\/strong><\/span><\/span><span style=\"color: #000000;\"><strong><span style=\"color: #ff9900;\">MAIS NOT\u00cdCIAS DE NITER\u00d3I?<\/span>\u00a0<\/strong><\/span><span style=\"color: #008080;\"><a style=\"color: #008080;\" href=\"https:\/\/folhadoleste.com.br\/en\/category\/jornal-folha-do-leste-rj\/niteroi\/\"><strong>CLIQUE AQUI<\/strong><\/a><\/span><\/pre>","protected":false},"excerpt":{"rendered":"<p>Jo\u00e3o Cristhian Espinoza Zurita, 17 anos, n\u00e3o foi mais visto ap\u00f3s sair de casa para fazer prova de segunda chamada no Col\u00e9gio e Curso Pensi, unidade Icara\u00ed 2, no \u00faltimo s\u00e1bado (13). A institui\u00e7\u00e3o de ensino fica na Rua Osvaldo Cruz, 32, em Icara\u00ed, Zona Sul de Niter\u00f3i. Trata-se de uma rua pequena, que fica entre no final da Praia de Icara\u00ed (sentido Joaquim T\u00e1vora\/Estrada Fr\u00f3es), entre a Rua Ator Paulo Gustavo e a Avenida Jornalista Alberto Torres (Praia). Segundo a dire\u00e7\u00e3o da escola, Jo\u00e3o Cristhian n\u00e3o entrou no pr\u00e9dio, que permaneceu aberto at\u00e9 as 13h30 sem registro de sua [&hellip;]<\/p>\n","protected":false},"author":5,"featured_media":139961,"comment_status":"open","ping_status":"open","sticky":false,"template":"","format":"standard","meta":{"footnotes":""},"categories":[47,5],"tags":[4372,10015,39918,87110,87076,5278,5388,87074,1777,87075,87109,54,50,87077,8578,22339],"class_list":["post-139913","post","type-post","status-publish","format-standard","has-post-thumbnail","hentry","category-leste-fluminense","category-noticias-de-niteroi","tag-76a-dp","tag-adolescente-desaparecido","tag-alerta-de-desaparecimento","tag-colegio-e-curso-pensi","tag-colegio-pensi","tag-desaparecimento","tag-dhnsg","tag-estudante-desaparecido","tag-icarai","tag-joao-cristhian","tag-joao-cristhian-espinoza-zurita","tag-leste-fluminense","tag-niteroi","tag-paradeiro-desconhecido","tag-rua-ator-paulo-gustavo","tag-setor-de-descoberta-de-paradeiros","post--single"],"yoast_head":"<!-- This site is optimized with the Yoast SEO plugin v27.4 - https:\/\/yoast.com\/product\/yoast-seo-wordpress\/ -->\n<title>Estudante desaparecido em Niter\u00f3i ap\u00f3s fazer prova no Pensi Icara\u00ed<\/title>\n<meta name=\"description\" content=\"Estudante do Pensi Icara\u00ed, em Niter\u00f3i Jo\u00e3o Cristhian, 17 anos, est\u00e1 desaparecido desde ap\u00f3s sair da escola. pol\u00edcia investiga o caso.\" \/>\n<meta name=\"robots\" content=\"index, follow, max-snippet:-1, max-image-preview:large, max-video-preview:-1\" \/>\n<link rel=\"canonical\" href=\"https:\/\/folhadoleste.com.br\/en\/desaparecimento-estudante-niteroi-pensi\/\" \/>\n<meta property=\"og:locale\" content=\"en_US\" \/>\n<meta property=\"og:type\" content=\"article\" \/>\n<meta property=\"og:title\" content=\"Estudante desaparecido em Niter\u00f3i ap\u00f3s fazer prova no Pensi Icara\u00ed\" \/>\n<meta property=\"og:description\" content=\"Estudante do Pensi Icara\u00ed, em Niter\u00f3i Jo\u00e3o Cristhian, 17 anos, est\u00e1 desaparecido desde ap\u00f3s sair da escola. pol\u00edcia investiga o caso.\" \/>\n<meta property=\"og:url\" content=\"https:\/\/folhadoleste.com.br\/en\/desaparecimento-estudante-niteroi-pensi\/\" \/>\n<meta property=\"og:site_name\" content=\"Folha do Leste\" \/>\n<meta property=\"article:publisher\" content=\"https:\/\/www.facebook.com\/folhadoleste\" \/>\n<meta property=\"article:published_time\" content=\"2025-09-15T22:16:39+00:00\" \/>\n<meta property=\"article:modified_time\" content=\"2025-09-16T17:36:35+00:00\" \/>\n<meta property=\"og:image\" content=\"https:\/\/folhadoleste.com.br\/wp-content\/uploads\/2025\/09\/Estudante-desaparece-em-Niteroi-apos-prova-no-Pensi-Icarai.webp\" \/>\n\t<meta property=\"og:image:width\" content=\"1200\" \/>\n\t<meta property=\"og:image:height\" content=\"994\" \/>\n\t<meta property=\"og:image:type\" content=\"image\/webp\" \/>\n<meta name=\"author\" content=\"Enzo Carvalho\" \/>\n<meta name=\"twitter:card\" content=\"summary_large_image\" \/>\n<meta name=\"twitter:creator\" content=\"@FolhadoLesteRJ\" \/>\n<meta name=\"twitter:site\" content=\"@FolhadoLesteRJ\" \/>\n<meta name=\"twitter:label1\" content=\"Written by\" \/>\n\t<meta name=\"twitter:data1\" content=\"Enzo Carvalho\" \/>\n\t<meta name=\"twitter:label2\" content=\"Est. reading time\" \/>\n\t<meta name=\"twitter:data2\" content=\"2 minutes\" \/>\n<script type=\"application\/ld+json\" class=\"yoast-schema-graph\">{\"@context\":\"https:\\\/\\\/schema.org\",\"@graph\":[{\"@type\":\"NewsArticle\",\"@id\":\"https:\\\/\\\/folhadoleste.com.br\\\/desaparecimento-estudante-niteroi-pensi\\\/#article\",\"isPartOf\":{\"@id\":\"https:\\\/\\\/folhadoleste.com.br\\\/desaparecimento-estudante-niteroi-pensi\\\/\"},\"author\":{\"name\":\"Enzo Carvalho\",\"@id\":\"https:\\\/\\\/folhadoleste.com.br\\\/#\\\/schema\\\/person\\\/05d8a4b256c9faea581495e6c9be06f2\"},\"headline\":\"Estudante faz prova no Pensi Icara\u00ed e desaparece em seguida; fato foi na tarde de s\u00e1bado (14)\",\"datePublished\":\"2025-09-15T22:16:39+00:00\",\"dateModified\":\"2025-09-16T17:36:35+00:00\",\"mainEntityOfPage\":{\"@id\":\"https:\\\/\\\/folhadoleste.com.br\\\/desaparecimento-estudante-niteroi-pensi\\\/\"},\"wordCount\":456,\"commentCount\":0,\"publisher\":{\"@id\":\"https:\\\/\\\/folhadoleste.com.br\\\/#organization\"},\"image\":{\"@id\":\"https:\\\/\\\/folhadoleste.com.br\\\/desaparecimento-estudante-niteroi-pensi\\\/#primaryimage\"},\"thumbnailUrl\":\"https:\\\/\\\/folhadoleste.com.br\\\/wp-content\\\/uploads\\\/2025\\\/09\\\/Estudante-desaparece-em-Niteroi-apos-prova-no-Pensi-Icarai.webp\",\"keywords\":[\"76\u00aa DP\",\"adolescente desaparecido\",\"alerta de desaparecimento\",\"Col\u00e9gio e Curso Pensi\",\"Col\u00e9gio Pensi\",\"Desaparecimento\",\"DHNSG\",\"estudante desaparecido\",\"Icara\u00ed\",\"Jo\u00e3o Cristhian\",\"Jo\u00e3o Cristhian Espinoza Zurita\",\"Leste Fluminense\",\"Niter\u00f3i\",\"paradeiro desconhecido\",\"Rua Ator Paulo Gustavo\",\"setor de descoberta de paradeiros\"],\"articleSection\":[\"Leste Fluminense\",\"Niter\u00f3i\"],\"inLanguage\":\"en-US\",\"potentialAction\":[{\"@type\":\"CommentAction\",\"name\":\"Comment\",\"target\":[\"https:\\\/\\\/folhadoleste.com.br\\\/desaparecimento-estudante-niteroi-pensi\\\/#respond\"]}]},{\"@type\":\"WebPage\",\"@id\":\"https:\\\/\\\/folhadoleste.com.br\\\/desaparecimento-estudante-niteroi-pensi\\\/\",\"url\":\"https:\\\/\\\/folhadoleste.com.br\\\/desaparecimento-estudante-niteroi-pensi\\\/\",\"name\":\"Estudante desaparecido em Niter\u00f3i ap\u00f3s fazer prova no Pensi Icara\u00ed\",\"isPartOf\":{\"@id\":\"https:\\\/\\\/folhadoleste.com.br\\\/#website\"},\"primaryImageOfPage\":{\"@id\":\"https:\\\/\\\/folhadoleste.com.br\\\/desaparecimento-estudante-niteroi-pensi\\\/#primaryimage\"},\"image\":{\"@id\":\"https:\\\/\\\/folhadoleste.com.br\\\/desaparecimento-estudante-niteroi-pensi\\\/#primaryimage\"},\"thumbnailUrl\":\"https:\\\/\\\/folhadoleste.com.br\\\/wp-content\\\/uploads\\\/2025\\\/09\\\/Estudante-desaparece-em-Niteroi-apos-prova-no-Pensi-Icarai.webp\",\"datePublished\":\"2025-09-15T22:16:39+00:00\",\"dateModified\":\"2025-09-16T17:36:35+00:00\",\"description\":\"Estudante do Pensi Icara\u00ed, em Niter\u00f3i Jo\u00e3o Cristhian, 17 anos, est\u00e1 desaparecido desde ap\u00f3s sair da escola. pol\u00edcia investiga o caso.\",\"breadcrumb\":{\"@id\":\"https:\\\/\\\/folhadoleste.com.br\\\/desaparecimento-estudante-niteroi-pensi\\\/#breadcrumb\"},\"inLanguage\":\"en-US\",\"potentialAction\":[{\"@type\":\"ReadAction\",\"target\":[\"https:\\\/\\\/folhadoleste.com.br\\\/desaparecimento-estudante-niteroi-pensi\\\/\"]}]},{\"@type\":\"ImageObject\",\"inLanguage\":\"en-US\",\"@id\":\"https:\\\/\\\/folhadoleste.com.br\\\/desaparecimento-estudante-niteroi-pensi\\\/#primaryimage\",\"url\":\"https:\\\/\\\/folhadoleste.com.br\\\/wp-content\\\/uploads\\\/2025\\\/09\\\/Estudante-desaparece-em-Niteroi-apos-prova-no-Pensi-Icarai.webp\",\"contentUrl\":\"https:\\\/\\\/folhadoleste.com.br\\\/wp-content\\\/uploads\\\/2025\\\/09\\\/Estudante-desaparece-em-Niteroi-apos-prova-no-Pensi-Icarai.webp\",\"width\":1200,\"height\":994,\"caption\":\"Jo\u00e3o Cristhian Espinoza Zurita, estudante de 17 anos, desapareceu ap\u00f3s sair para realizar prova de segunda chamada no Pensi Icara\u00ed, em Niter\u00f3i.\"},{\"@type\":\"BreadcrumbList\",\"@id\":\"https:\\\/\\\/folhadoleste.com.br\\\/desaparecimento-estudante-niteroi-pensi\\\/#breadcrumb\",\"itemListElement\":[{\"@type\":\"ListItem\",\"position\":1,\"name\":\"In\u00edcio\",\"item\":\"https:\\\/\\\/folhadoleste.com.br\\\/\"},{\"@type\":\"ListItem\",\"position\":2,\"name\":\"Estado do Rio de Janeiro\",\"item\":\"https:\\\/\\\/folhadoleste.com.br\\\/category\\\/estado-do-rio-de-janeiro\\\/\"},{\"@type\":\"ListItem\",\"position\":3,\"name\":\"Leste Fluminense\",\"item\":\"https:\\\/\\\/folhadoleste.com.br\\\/category\\\/estado-do-rio-de-janeiro\\\/leste-fluminense\\\/\"},{\"@type\":\"ListItem\",\"position\":4,\"name\":\"Niter\u00f3i\",\"item\":\"https:\\\/\\\/folhadoleste.com.br\\\/category\\\/estado-do-rio-de-janeiro\\\/leste-fluminense\\\/noticias-de-niteroi\\\/\"},{\"@type\":\"ListItem\",\"position\":5,\"name\":\"Estudante faz prova no Pensi Icara\u00ed e desaparece em seguida; fato foi na tarde de s\u00e1bado (14)\"}]},{\"@type\":\"WebSite\",\"@id\":\"https:\\\/\\\/folhadoleste.com.br\\\/#website\",\"url\":\"https:\\\/\\\/folhadoleste.com.br\\\/\",\"name\":\"Folha do Leste\",\"description\":\"Portal de Not\u00edcias com \u00eanfase em Niter\u00f3i, criando conte\u00fados desde a capital Rio de Janeiro, com olhar para o Leste Fluminense e suas cidades como S\u00e3o Gon\u00e7alo, Itabora\u00ed, Rio Bonito, Maric\u00e1, Saquarema e Araruama\",\"publisher\":{\"@id\":\"https:\\\/\\\/folhadoleste.com.br\\\/#organization\"},\"alternateName\":\"FL\",\"potentialAction\":[{\"@type\":\"SearchAction\",\"target\":{\"@type\":\"EntryPoint\",\"urlTemplate\":\"https:\\\/\\\/folhadoleste.com.br\\\/?s={search_term_string}\"},\"query-input\":{\"@type\":\"PropertyValueSpecification\",\"valueRequired\":true,\"valueName\":\"search_term_string\"}}],\"inLanguage\":\"en-US\"},{\"@type\":\"Organization\",\"@id\":\"https:\\\/\\\/folhadoleste.com.br\\\/#organization\",\"name\":\"Brasil 21 Comunica\u00e7\u00e3o\",\"alternateName\":\"BR21\",\"url\":\"https:\\\/\\\/folhadoleste.com.br\\\/\",\"logo\":{\"@type\":\"ImageObject\",\"inLanguage\":\"en-US\",\"@id\":\"https:\\\/\\\/folhadoleste.com.br\\\/#\\\/schema\\\/logo\\\/image\\\/\",\"url\":\"https:\\\/\\\/folhadoleste.com.br\\\/wp-content\\\/uploads\\\/2025\\\/12\\\/brasil-21-logomarca.avif\",\"contentUrl\":\"https:\\\/\\\/folhadoleste.com.br\\\/wp-content\\\/uploads\\\/2025\\\/12\\\/brasil-21-logomarca.avif\",\"width\":1044,\"height\":1044,\"caption\":\"Brasil 21 Comunica\u00e7\u00e3o\"},\"image\":{\"@id\":\"https:\\\/\\\/folhadoleste.com.br\\\/#\\\/schema\\\/logo\\\/image\\\/\"},\"sameAs\":[\"https:\\\/\\\/www.facebook.com\\\/folhadoleste\",\"https:\\\/\\\/x.com\\\/FolhadoLesteRJ\",\"https:\\\/\\\/www.instagram.com\\\/folhadoleste\\\/\"]},{\"@type\":\"Person\",\"@id\":\"https:\\\/\\\/folhadoleste.com.br\\\/#\\\/schema\\\/person\\\/05d8a4b256c9faea581495e6c9be06f2\",\"name\":\"Enzo Carvalho\",\"image\":{\"@type\":\"ImageObject\",\"inLanguage\":\"en-US\",\"@id\":\"https:\\\/\\\/folhadoleste.com.br\\\/wp-content\\\/litespeed\\\/avatar\\\/3fe471b6df482b28961bb8e87cd40a81.jpg?ver=1776693930\",\"url\":\"https:\\\/\\\/folhadoleste.com.br\\\/wp-content\\\/litespeed\\\/avatar\\\/3fe471b6df482b28961bb8e87cd40a81.jpg?ver=1776693930\",\"contentUrl\":\"https:\\\/\\\/folhadoleste.com.br\\\/wp-content\\\/litespeed\\\/avatar\\\/3fe471b6df482b28961bb8e87cd40a81.jpg?ver=1776693930\",\"caption\":\"Enzo Carvalho\"},\"description\":\"Enzo Carvalho \u00e9 jornalista profissional, com atua\u00e7\u00e3o voltada \u00e0 cobertura de inova\u00e7\u00e3o, tecnologia, cotidiano e esportes. Ex-jogador profissional de e-sports, traz para o jornalismo uma compreens\u00e3o pr\u00e1tica do universo digital, das plataformas tecnol\u00f3gicas e das transforma\u00e7\u00f5es provocadas pela cultura conectada.\",\"url\":\"https:\\\/\\\/folhadoleste.com.br\\\/en\\\/author\\\/enzo-carvalho\\\/\"}]}<\/script>\n<!-- \/ Yoast SEO plugin. -->","yoast_head_json":{"title":"Estudante desaparecido em Niter\u00f3i ap\u00f3s fazer prova no Pensi Icara\u00ed","description":"Estudante do Pensi Icara\u00ed, em Niter\u00f3i Jo\u00e3o Cristhian, 17 anos, est\u00e1 desaparecido desde ap\u00f3s sair da escola. pol\u00edcia investiga o caso.","robots":{"index":"index","follow":"follow","max-snippet":"max-snippet:-1","max-image-preview":"max-image-preview:large","max-video-preview":"max-video-preview:-1"},"canonical":"https:\/\/folhadoleste.com.br\/en\/desaparecimento-estudante-niteroi-pensi\/","og_locale":"en_US","og_type":"article","og_title":"Estudante desaparecido em Niter\u00f3i ap\u00f3s fazer prova no Pensi Icara\u00ed","og_description":"Estudante do Pensi Icara\u00ed, em Niter\u00f3i Jo\u00e3o Cristhian, 17 anos, est\u00e1 desaparecido desde ap\u00f3s sair da escola. pol\u00edcia investiga o caso.","og_url":"https:\/\/folhadoleste.com.br\/en\/desaparecimento-estudante-niteroi-pensi\/","og_site_name":"Folha do Leste","article_publisher":"https:\/\/www.facebook.com\/folhadoleste","article_published_time":"2025-09-15T22:16:39+00:00","article_modified_time":"2025-09-16T17:36:35+00:00","og_image":[{"width":1200,"height":994,"url":"https:\/\/folhadoleste.com.br\/wp-content\/uploads\/2025\/09\/Estudante-desaparece-em-Niteroi-apos-prova-no-Pensi-Icarai.webp","type":"image\/webp"}],"author":"Enzo Carvalho","twitter_card":"summary_large_image","twitter_creator":"@FolhadoLesteRJ","twitter_site":"@FolhadoLesteRJ","twitter_misc":{"Written by":"Enzo Carvalho","Est. reading time":"2 minutes"},"schema":{"@context":"https:\/\/schema.org","@graph":[{"@type":"NewsArticle","@id":"https:\/\/folhadoleste.com.br\/desaparecimento-estudante-niteroi-pensi\/#article","isPartOf":{"@id":"https:\/\/folhadoleste.com.br\/desaparecimento-estudante-niteroi-pensi\/"},"author":{"name":"Enzo Carvalho","@id":"https:\/\/folhadoleste.com.br\/#\/schema\/person\/05d8a4b256c9faea581495e6c9be06f2"},"headline":"Estudante faz prova no Pensi Icara\u00ed e desaparece em seguida; fato foi na tarde de s\u00e1bado (14)","datePublished":"2025-09-15T22:16:39+00:00","dateModified":"2025-09-16T17:36:35+00:00","mainEntityOfPage":{"@id":"https:\/\/folhadoleste.com.br\/desaparecimento-estudante-niteroi-pensi\/"},"wordCount":456,"commentCount":0,"publisher":{"@id":"https:\/\/folhadoleste.com.br\/#organization"},"image":{"@id":"https:\/\/folhadoleste.com.br\/desaparecimento-estudante-niteroi-pensi\/#primaryimage"},"thumbnailUrl":"https:\/\/folhadoleste.com.br\/wp-content\/uploads\/2025\/09\/Estudante-desaparece-em-Niteroi-apos-prova-no-Pensi-Icarai.webp","keywords":["76\u00aa DP","adolescente desaparecido","alerta de desaparecimento","Col\u00e9gio e Curso Pensi","Col\u00e9gio Pensi","Desaparecimento","DHNSG","estudante desaparecido","Icara\u00ed","Jo\u00e3o Cristhian","Jo\u00e3o Cristhian Espinoza Zurita","Leste Fluminense","Niter\u00f3i","paradeiro desconhecido","Rua Ator Paulo Gustavo","setor de descoberta de paradeiros"],"articleSection":["Leste Fluminense","Niter\u00f3i"],"inLanguage":"en-US","potentialAction":[{"@type":"CommentAction","name":"Comment","target":["https:\/\/folhadoleste.com.br\/desaparecimento-estudante-niteroi-pensi\/#respond"]}]},{"@type":"WebPage","@id":"https:\/\/folhadoleste.com.br\/desaparecimento-estudante-niteroi-pensi\/","url":"https:\/\/folhadoleste.com.br\/desaparecimento-estudante-niteroi-pensi\/","name":"Estudante desaparecido em Niter\u00f3i ap\u00f3s fazer prova no Pensi Icara\u00ed","isPartOf":{"@id":"https:\/\/folhadoleste.com.br\/#website"},"primaryImageOfPage":{"@id":"https:\/\/folhadoleste.com.br\/desaparecimento-estudante-niteroi-pensi\/#primaryimage"},"image":{"@id":"https:\/\/folhadoleste.com.br\/desaparecimento-estudante-niteroi-pensi\/#primaryimage"},"thumbnailUrl":"https:\/\/folhadoleste.com.br\/wp-content\/uploads\/2025\/09\/Estudante-desaparece-em-Niteroi-apos-prova-no-Pensi-Icarai.webp","datePublished":"2025-09-15T22:16:39+00:00","dateModified":"2025-09-16T17:36:35+00:00","description":"Estudante do Pensi Icara\u00ed, em Niter\u00f3i Jo\u00e3o Cristhian, 17 anos, est\u00e1 desaparecido desde ap\u00f3s sair da escola. pol\u00edcia investiga o caso.","breadcrumb":{"@id":"https:\/\/folhadoleste.com.br\/desaparecimento-estudante-niteroi-pensi\/#breadcrumb"},"inLanguage":"en-US","potentialAction":[{"@type":"ReadAction","target":["https:\/\/folhadoleste.com.br\/desaparecimento-estudante-niteroi-pensi\/"]}]},{"@type":"ImageObject","inLanguage":"en-US","@id":"https:\/\/folhadoleste.com.br\/desaparecimento-estudante-niteroi-pensi\/#primaryimage","url":"https:\/\/folhadoleste.com.br\/wp-content\/uploads\/2025\/09\/Estudante-desaparece-em-Niteroi-apos-prova-no-Pensi-Icarai.webp","contentUrl":"https:\/\/folhadoleste.com.br\/wp-content\/uploads\/2025\/09\/Estudante-desaparece-em-Niteroi-apos-prova-no-Pensi-Icarai.webp","width":1200,"height":994,"caption":"Jo\u00e3o Cristhian Espinoza Zurita, estudante de 17 anos, desapareceu ap\u00f3s sair para realizar prova de segunda chamada no Pensi Icara\u00ed, em Niter\u00f3i."},{"@type":"BreadcrumbList","@id":"https:\/\/folhadoleste.com.br\/desaparecimento-estudante-niteroi-pensi\/#breadcrumb","itemListElement":[{"@type":"ListItem","position":1,"name":"In\u00edcio","item":"https:\/\/folhadoleste.com.br\/"},{"@type":"ListItem","position":2,"name":"Estado do Rio de Janeiro","item":"https:\/\/folhadoleste.com.br\/category\/estado-do-rio-de-janeiro\/"},{"@type":"ListItem","position":3,"name":"Leste Fluminense","item":"https:\/\/folhadoleste.com.br\/category\/estado-do-rio-de-janeiro\/leste-fluminense\/"},{"@type":"ListItem","position":4,"name":"Niter\u00f3i","item":"https:\/\/folhadoleste.com.br\/category\/estado-do-rio-de-janeiro\/leste-fluminense\/noticias-de-niteroi\/"},{"@type":"ListItem","position":5,"name":"Estudante faz prova no Pensi Icara\u00ed e desaparece em seguida; fato foi na tarde de s\u00e1bado (14)"}]},{"@type":"WebSite","@id":"https:\/\/folhadoleste.com.br\/#website","url":"https:\/\/folhadoleste.com.br\/","name":"Folha do Leste","description":"Portal de Not\u00edcias com \u00eanfase em Niter\u00f3i, criando conte\u00fados desde a capital Rio de Janeiro, com olhar para o Leste Fluminense e suas cidades como S\u00e3o Gon\u00e7alo, Itabora\u00ed, Rio Bonito, Maric\u00e1, Saquarema e Araruama","publisher":{"@id":"https:\/\/folhadoleste.com.br\/#organization"},"alternateName":"FL","potentialAction":[{"@type":"SearchAction","target":{"@type":"EntryPoint","urlTemplate":"https:\/\/folhadoleste.com.br\/?s={search_term_string}"},"query-input":{"@type":"PropertyValueSpecification","valueRequired":true,"valueName":"search_term_string"}}],"inLanguage":"en-US"},{"@type":"Organization","@id":"https:\/\/folhadoleste.com.br\/#organization","name":"Brasil 21 Comunica\u00e7\u00e3o","alternateName":"BR21","url":"https:\/\/folhadoleste.com.br\/","logo":{"@type":"ImageObject","inLanguage":"en-US","@id":"https:\/\/folhadoleste.com.br\/#\/schema\/logo\/image\/","url":"https:\/\/folhadoleste.com.br\/wp-content\/uploads\/2025\/12\/brasil-21-logomarca.avif","contentUrl":"https:\/\/folhadoleste.com.br\/wp-content\/uploads\/2025\/12\/brasil-21-logomarca.avif","width":1044,"height":1044,"caption":"Brasil 21 Comunica\u00e7\u00e3o"},"image":{"@id":"https:\/\/folhadoleste.com.br\/#\/schema\/logo\/image\/"},"sameAs":["https:\/\/www.facebook.com\/folhadoleste","https:\/\/x.com\/FolhadoLesteRJ","https:\/\/www.instagram.com\/folhadoleste\/"]},{"@type":"Person","@id":"https:\/\/folhadoleste.com.br\/#\/schema\/person\/05d8a4b256c9faea581495e6c9be06f2","name":"Enzo Carvalho","image":{"@type":"ImageObject","inLanguage":"en-US","@id":"https:\/\/folhadoleste.com.br\/wp-content\/litespeed\/avatar\/3fe471b6df482b28961bb8e87cd40a81.jpg?ver=1776693930","url":"https:\/\/folhadoleste.com.br\/wp-content\/litespeed\/avatar\/3fe471b6df482b28961bb8e87cd40a81.jpg?ver=1776693930","contentUrl":"https:\/\/folhadoleste.com.br\/wp-content\/litespeed\/avatar\/3fe471b6df482b28961bb8e87cd40a81.jpg?ver=1776693930","caption":"Enzo Carvalho"},"description":"Enzo Carvalho \u00e9 jornalista profissional, com atua\u00e7\u00e3o voltada \u00e0 cobertura de inova\u00e7\u00e3o, tecnologia, cotidiano e esportes. Ex-jogador profissional de e-sports, traz para o jornalismo uma compreens\u00e3o pr\u00e1tica do universo digital, das plataformas tecnol\u00f3gicas e das transforma\u00e7\u00f5es provocadas pela cultura conectada.","url":"https:\/\/folhadoleste.com.br\/en\/author\/enzo-carvalho\/"}]}},"_links":{"self":[{"href":"https:\/\/folhadoleste.com.br\/en\/wp-json\/wp\/v2\/posts\/139913","targetHints":{"allow":["GET"]}}],"collection":[{"href":"https:\/\/folhadoleste.com.br\/en\/wp-json\/wp\/v2\/posts"}],"about":[{"href":"https:\/\/folhadoleste.com.br\/en\/wp-json\/wp\/v2\/types\/post"}],"author":[{"embeddable":true,"href":"https:\/\/folhadoleste.com.br\/en\/wp-json\/wp\/v2\/users\/5"}],"replies":[{"embeddable":true,"href":"https:\/\/folhadoleste.com.br\/en\/wp-json\/wp\/v2\/comments?post=139913"}],"version-history":[{"count":5,"href":"https:\/\/folhadoleste.com.br\/en\/wp-json\/wp\/v2\/posts\/139913\/revisions"}],"predecessor-version":[{"id":139980,"href":"https:\/\/folhadoleste.com.br\/en\/wp-json\/wp\/v2\/posts\/139913\/revisions\/139980"}],"wp:featuredmedia":[{"embeddable":true,"href":"https:\/\/folhadoleste.com.br\/en\/wp-json\/wp\/v2\/media\/139961"}],"wp:attachment":[{"href":"https:\/\/folhadoleste.com.br\/en\/wp-json\/wp\/v2\/media?parent=139913"}],"wp:term":[{"taxonomy":"category","embeddable":true,"href":"https:\/\/folhadoleste.com.br\/en\/wp-json\/wp\/v2\/categories?post=139913"},{"taxonomy":"post_tag","embeddable":true,"href":"https:\/\/folhadoleste.com.br\/en\/wp-json\/wp\/v2\/tags?post=139913"}],"curies":[{"name":"wp","href":"https:\/\/api.w.org\/{rel}","templated":true}]}}