{"id":138412,"date":"2025-09-06T08:59:51","date_gmt":"2025-09-06T11:59:51","guid":{"rendered":"https:\/\/folhadoleste.com.br\/?p=138412"},"modified":"2025-09-06T08:59:51","modified_gmt":"2025-09-06T11:59:51","slug":"desfile-civico-militar-7-setembro-rio","status":"publish","type":"post","link":"https:\/\/folhadoleste.com.br\/en\/desfile-civico-militar-7-setembro-rio\/","title":{"rendered":"Desfile C\u00edvico-Militar 7 de Setembro no Centro do Rio: saiba as interdi\u00e7\u00f5es"},"content":{"rendered":"<div id=\"attachment_138413\" style=\"width: 1180px\" class=\"wp-caption aligncenter\"><img decoding=\"async\" aria-describedby=\"caption-attachment-138413\" class=\"size-full wp-image-138413\" src=\"https:\/\/folhadoleste.com.br\/wp-content\/uploads\/2025\/09\/Desfile-Civico-Militar-7-de-Setembro-no-Centro-do-Rio-saiba-as-interdicoes-Foto-Tomaz-Silva-Agencia-Brasil.webp\" alt=\"\" width=\"1170\" height=\"700\" \/><p id=\"caption-attachment-138413\" class=\"wp-caption-text\">Desfile C\u00edvico-Militar 7 de Setembro no Centro do Rio: saiba as interdi\u00e7\u00f5es | Tomaz Silva\/Ag\u00eancia Brasil<\/p><\/div>\n<p style=\"text-align: justify;\" data-start=\"1029\" data-end=\"1365\">O COR-Rio informa que interdi\u00e7\u00f5es ocorrer\u00e3o em vias como Avenida Presidente Vargas, Rua Uruguaiana, Avenida Marechal Floriano, Rua Buenos Aires e Pra\u00e7a da Rep\u00fablica.<\/p>\n<p style=\"text-align: justify;\" data-start=\"1029\" data-end=\"1365\">O hor\u00e1rio come\u00e7a \u00e0s 2h30 e segue at\u00e9 o t\u00e9rmino do desfile. Motoristas s\u00e3o orientados a usar a Via Expressa do Porto, T\u00fanel Marcello Alencar e Avenida General Justo.<\/p>\n<h5 style=\"text-align: justify;\" data-start=\"1367\" data-end=\"1394\"><em><strong data-start=\"1367\" data-end=\"1394\">Interdi\u00e7\u00f5es principais:<\/strong><\/em><\/h5>\n<ul style=\"text-align: justify;\" data-start=\"1395\" data-end=\"1595\">\n<li data-start=\"1395\" data-end=\"1451\">\n<p data-start=\"1397\" data-end=\"1451\">Avenida Presidente Vargas (pistas lateral e central)<\/p>\n<\/li>\n<li data-start=\"1452\" data-end=\"1478\">\n<p data-start=\"1454\" data-end=\"1478\">Rua Marqu\u00eas de Sapuca\u00ed<\/p>\n<\/li>\n<li data-start=\"1479\" data-end=\"1500\">\n<p data-start=\"1481\" data-end=\"1500\">Rua da Candel\u00e1ria<\/p>\n<\/li>\n<li data-start=\"1501\" data-end=\"1519\">\n<p data-start=\"1503\" data-end=\"1519\">Rua Uruguaiana<\/p>\n<\/li>\n<li data-start=\"1520\" data-end=\"1549\">\n<p data-start=\"1522\" data-end=\"1549\">Avenida Marechal Floriano<\/p>\n<\/li>\n<li data-start=\"1550\" data-end=\"1572\">\n<p data-start=\"1552\" data-end=\"1572\">Avenida Rio Branco<\/p>\n<\/li>\n<li data-start=\"1573\" data-end=\"1595\">\n<p data-start=\"1575\" data-end=\"1595\">Pra\u00e7a da Rep\u00fablica<\/p>\n<\/li>\n<\/ul>\n<h5 style=\"text-align: justify;\" data-start=\"1597\" data-end=\"1637\"><em><strong data-start=\"1597\" data-end=\"1635\">Altera\u00e7\u00f5es de sentido e m\u00e3o dupla:<\/strong><\/em><\/h5>\n<ul style=\"text-align: justify;\" data-start=\"1638\" data-end=\"1748\">\n<li data-start=\"1638\" data-end=\"1675\">\n<p data-start=\"1640\" data-end=\"1675\"><strong>Invers\u00e3o:<\/strong> Rua Visconde de Inha\u00fama<\/p>\n<\/li>\n<li data-start=\"1676\" data-end=\"1748\">\n<p data-start=\"1678\" data-end=\"1748\"><strong>M\u00e3o dupla:<\/strong> Rua Primeiro de Mar\u00e7o e Avenida Presidente Ant\u00f4nio Carlos<\/p>\n<\/li>\n<\/ul>\n<p style=\"text-align: justify;\" data-start=\"1750\" data-end=\"1951\">Proibi\u00e7\u00e3o de estacionamento: Vias afetadas incluem trechos da Avenida Presidente Vargas, Rua Marqu\u00eas de Sapuca\u00ed, Rua Uruguaiana, Avenida Marechal Floriano, Avenida Rio Branco e Rua da Assembleia.<\/p>\n<h4 style=\"text-align: justify;\" data-start=\"1958\" data-end=\"1997\"><em><strong data-start=\"1962\" data-end=\"1997\">Altera\u00e7\u00f5es na circula\u00e7\u00e3o do VLT<\/strong><\/em><\/h4>\n<ul style=\"text-align: justify;\" data-start=\"1998\" data-end=\"2333\">\n<li data-start=\"1998\" data-end=\"2051\">\n<p data-start=\"2000\" data-end=\"2051\">Parada Cristiano Ottoni fechada durante o desfile<\/p>\n<\/li>\n<li data-start=\"2052\" data-end=\"2097\">\n<p data-start=\"2054\" data-end=\"2097\">Esta\u00e7\u00e3o Central reaberta excepcionalmente<\/p>\n<\/li>\n<li data-start=\"2098\" data-end=\"2333\">\n<p data-start=\"2100\" data-end=\"2135\">Linhas com trajetos alternativos:<\/p>\n<ul data-start=\"2138\" data-end=\"2333\">\n<li data-start=\"2138\" data-end=\"2189\">\n<p data-start=\"2140\" data-end=\"2189\"><strong>Linha 1:<\/strong> Terminal Gentileza \u2194 Parada dos Museus<\/p>\n<\/li>\n<li data-start=\"2192\" data-end=\"2228\">\n<p data-start=\"2194\" data-end=\"2228\"><strong>Linha 2:<\/strong> Praia Formosa \u2194 Central<\/p>\n<\/li>\n<li data-start=\"2231\" data-end=\"2270\">\n<p data-start=\"2233\" data-end=\"2270\"><strong>Linha 3:<\/strong> Santos Dumont \u2194 Cinel\u00e2ndia<\/p>\n<\/li>\n<li data-start=\"2273\" data-end=\"2333\">\n<p data-start=\"2275\" data-end=\"2333\"><strong>Linha 4:<\/strong> Terminal Gentileza \u2194 Central \/ Pra\u00e7a XV \u2194 Saara<\/p>\n<\/li>\n<\/ul>\n<\/li>\n<\/ul>\n<p style=\"text-align: justify;\" data-start=\"2335\" data-end=\"2408\">Ap\u00f3s o t\u00e9rmino do desfile, todas as linhas voltam aos trajetos normais.<\/p>\n<h4 style=\"text-align: justify;\" data-start=\"2415\" data-end=\"2436\"><em><strong data-start=\"2419\" data-end=\"2436\">Recomenda\u00e7\u00f5es<\/strong><\/em><\/h4>\n<ul data-start=\"2437\" data-end=\"2596\">\n<li style=\"text-align: justify;\" data-start=\"2437\" data-end=\"2501\">\n<p data-start=\"2439\" data-end=\"2501\">Evitar circular pela regi\u00e3o durante o per\u00edodo de interdi\u00e7\u00f5es<\/p>\n<\/li>\n<li style=\"text-align: justify;\" data-start=\"2502\" data-end=\"2563\">\n<p data-start=\"2504\" data-end=\"2563\">Seguir a sinaliza\u00e7\u00e3o e orienta\u00e7\u00f5es de agentes de tr\u00e2nsito<\/p>\n<\/li>\n<li data-start=\"2564\" data-end=\"2596\">\n<p style=\"text-align: justify;\" data-start=\"2566\" data-end=\"2596\">Priorizar transporte p\u00fablico<\/p>\n<\/li>\n<\/ul>\n<h5 style=\"text-align: center;\"><span style=\"color: #000000;\"><span style=\"color: #ff0000;\"><strong>+ <\/strong><\/span><\/span><span style=\"color: #000000;\"><span style=\"color: #ff9900;\"><strong>MAIS NOT\u00cdCIAS DO RIO DE JANEIRO?<\/strong><\/span> <span style=\"color: #008080;\"><strong><a style=\"color: #008080;\" href=\"https:\/\/folhadoleste.com.br\/en\/category\/rio-de-janeiro-capital\/\">CLIQUE AQUI<\/a><\/strong><\/span><\/span><\/h5>","protected":false},"excerpt":{"rendered":"<p>O COR-Rio informa que interdi\u00e7\u00f5es ocorrer\u00e3o em vias como Avenida Presidente Vargas, Rua Uruguaiana, Avenida Marechal Floriano, Rua Buenos Aires e Pra\u00e7a da Rep\u00fablica. O hor\u00e1rio come\u00e7a \u00e0s 2h30 e segue at\u00e9 o t\u00e9rmino do desfile. Motoristas s\u00e3o orientados a usar a Via Expressa do Porto, T\u00fanel Marcello Alencar e Avenida General Justo. Interdi\u00e7\u00f5es principais: Avenida Presidente Vargas (pistas lateral e central) Rua Marqu\u00eas de Sapuca\u00ed Rua da Candel\u00e1ria Rua Uruguaiana Avenida Marechal Floriano Avenida Rio Branco Pra\u00e7a da Rep\u00fablica Altera\u00e7\u00f5es de sentido e m\u00e3o dupla: Invers\u00e3o: Rua Visconde de Inha\u00fama M\u00e3o dupla: Rua Primeiro de Mar\u00e7o e Avenida Presidente [&hellip;]<\/p>\n","protected":false},"author":5,"featured_media":138413,"comment_status":"open","ping_status":"open","sticky":false,"template":"","format":"standard","meta":{"footnotes":""},"categories":[67],"tags":[11006,51809,41446,1698,23433,11845,93,730,5147,2616],"class_list":["post-138412","post","type-post","status-publish","format-standard","has-post-thumbnail","hentry","category-rio-de-janeiro-capital","tag-7-de-setembro","tag-avenida-presidente-vargas","tag-desfile-civico-militar","tag-interdicoes","tag-marechal-floriano","tag-praca-da-republica","tag-rio-de-janeiro","tag-transito","tag-transporte-publico","tag-vlt","post--single"],"yoast_head":"<!-- This site is optimized with the Yoast SEO plugin v27.5 - https:\/\/yoast.com\/product\/yoast-seo-wordpress\/ -->\n<title>Desfile C\u00edvico-Militar 7 de Setembro no Centro do Rio: saiba as interdi\u00e7\u00f5es<\/title>\n<meta name=\"description\" content=\"Confira interdi\u00e7\u00f5es, altera\u00e7\u00f5es de tr\u00e2nsito e circula\u00e7\u00e3o do VLT durante o desfile c\u00edvico-militar de 7 de setembro no Centro do Rio.\" \/>\n<meta name=\"robots\" content=\"index, follow, max-snippet:-1, max-image-preview:large, max-video-preview:-1\" \/>\n<link rel=\"canonical\" href=\"https:\/\/folhadoleste.com.br\/en\/desfile-civico-militar-7-setembro-rio\/\" \/>\n<meta property=\"og:locale\" content=\"en_US\" \/>\n<meta property=\"og:type\" content=\"article\" \/>\n<meta property=\"og:title\" content=\"Desfile C\u00edvico-Militar 7 de Setembro no Centro do Rio: saiba as interdi\u00e7\u00f5es\" \/>\n<meta property=\"og:description\" content=\"Confira interdi\u00e7\u00f5es, altera\u00e7\u00f5es de tr\u00e2nsito e circula\u00e7\u00e3o do VLT durante o desfile c\u00edvico-militar de 7 de setembro no Centro do Rio.\" \/>\n<meta property=\"og:url\" content=\"https:\/\/folhadoleste.com.br\/en\/desfile-civico-militar-7-setembro-rio\/\" \/>\n<meta property=\"og:site_name\" content=\"Folha do Leste\" \/>\n<meta property=\"article:publisher\" content=\"https:\/\/www.facebook.com\/folhadoleste\" \/>\n<meta property=\"article:published_time\" content=\"2025-09-06T11:59:51+00:00\" \/>\n<meta property=\"og:image\" content=\"https:\/\/folhadoleste.com.br\/wp-content\/uploads\/2025\/09\/Desfile-Civico-Militar-7-de-Setembro-no-Centro-do-Rio-saiba-as-interdicoes-Foto-Tomaz-Silva-Agencia-Brasil.webp\" \/>\n\t<meta property=\"og:image:width\" content=\"1170\" \/>\n\t<meta property=\"og:image:height\" content=\"700\" \/>\n\t<meta property=\"og:image:type\" content=\"image\/webp\" \/>\n<meta name=\"author\" content=\"Enzo Carvalho\" \/>\n<meta name=\"twitter:card\" content=\"summary_large_image\" \/>\n<meta name=\"twitter:creator\" content=\"@FolhadoLesteRJ\" \/>\n<meta name=\"twitter:site\" content=\"@FolhadoLesteRJ\" \/>\n<meta name=\"twitter:label1\" content=\"Written by\" \/>\n\t<meta name=\"twitter:data1\" content=\"Enzo Carvalho\" \/>\n\t<meta name=\"twitter:label2\" content=\"Est. reading time\" \/>\n\t<meta name=\"twitter:data2\" content=\"2 minutes\" \/>\n<script type=\"application\/ld+json\" class=\"yoast-schema-graph\">{\"@context\":\"https:\\\/\\\/schema.org\",\"@graph\":[{\"@type\":\"NewsArticle\",\"@id\":\"https:\\\/\\\/folhadoleste.com.br\\\/desfile-civico-militar-7-setembro-rio\\\/#article\",\"isPartOf\":{\"@id\":\"https:\\\/\\\/folhadoleste.com.br\\\/desfile-civico-militar-7-setembro-rio\\\/\"},\"author\":{\"name\":\"Enzo Carvalho\",\"@id\":\"https:\\\/\\\/folhadoleste.com.br\\\/#\\\/schema\\\/person\\\/05d8a4b256c9faea581495e6c9be06f2\"},\"headline\":\"Desfile C\u00edvico-Militar 7 de Setembro no Centro do Rio: saiba as interdi\u00e7\u00f5es\",\"datePublished\":\"2025-09-06T11:59:51+00:00\",\"mainEntityOfPage\":{\"@id\":\"https:\\\/\\\/folhadoleste.com.br\\\/desfile-civico-militar-7-setembro-rio\\\/\"},\"wordCount\":289,\"commentCount\":0,\"publisher\":{\"@id\":\"https:\\\/\\\/folhadoleste.com.br\\\/#organization\"},\"image\":{\"@id\":\"https:\\\/\\\/folhadoleste.com.br\\\/desfile-civico-militar-7-setembro-rio\\\/#primaryimage\"},\"thumbnailUrl\":\"https:\\\/\\\/folhadoleste.com.br\\\/wp-content\\\/uploads\\\/2025\\\/09\\\/Desfile-Civico-Militar-7-de-Setembro-no-Centro-do-Rio-saiba-as-interdicoes-Foto-Tomaz-Silva-Agencia-Brasil.webp\",\"keywords\":[\"7 de Setembro\",\"Avenida Presidente Vargas\",\"desfile c\u00edvico-militar\",\"interdi\u00e7\u00f5es\",\"Marechal Floriano\",\"Pra\u00e7a da Rep\u00fablica\",\"Rio de Janeiro\",\"Tr\u00e2nsito\",\"transporte p\u00fablico\",\"VLT\"],\"articleSection\":[\"Rio de Janeiro - Capital\"],\"inLanguage\":\"en-US\",\"potentialAction\":[{\"@type\":\"CommentAction\",\"name\":\"Comment\",\"target\":[\"https:\\\/\\\/folhadoleste.com.br\\\/desfile-civico-militar-7-setembro-rio\\\/#respond\"]}]},{\"@type\":\"WebPage\",\"@id\":\"https:\\\/\\\/folhadoleste.com.br\\\/desfile-civico-militar-7-setembro-rio\\\/\",\"url\":\"https:\\\/\\\/folhadoleste.com.br\\\/desfile-civico-militar-7-setembro-rio\\\/\",\"name\":\"Desfile C\u00edvico-Militar 7 de Setembro no Centro do Rio: saiba as interdi\u00e7\u00f5es\",\"isPartOf\":{\"@id\":\"https:\\\/\\\/folhadoleste.com.br\\\/#website\"},\"primaryImageOfPage\":{\"@id\":\"https:\\\/\\\/folhadoleste.com.br\\\/desfile-civico-militar-7-setembro-rio\\\/#primaryimage\"},\"image\":{\"@id\":\"https:\\\/\\\/folhadoleste.com.br\\\/desfile-civico-militar-7-setembro-rio\\\/#primaryimage\"},\"thumbnailUrl\":\"https:\\\/\\\/folhadoleste.com.br\\\/wp-content\\\/uploads\\\/2025\\\/09\\\/Desfile-Civico-Militar-7-de-Setembro-no-Centro-do-Rio-saiba-as-interdicoes-Foto-Tomaz-Silva-Agencia-Brasil.webp\",\"datePublished\":\"2025-09-06T11:59:51+00:00\",\"description\":\"Confira interdi\u00e7\u00f5es, altera\u00e7\u00f5es de tr\u00e2nsito e circula\u00e7\u00e3o do VLT durante o desfile c\u00edvico-militar de 7 de setembro no Centro do Rio.\",\"breadcrumb\":{\"@id\":\"https:\\\/\\\/folhadoleste.com.br\\\/desfile-civico-militar-7-setembro-rio\\\/#breadcrumb\"},\"inLanguage\":\"en-US\",\"potentialAction\":[{\"@type\":\"ReadAction\",\"target\":[\"https:\\\/\\\/folhadoleste.com.br\\\/desfile-civico-militar-7-setembro-rio\\\/\"]}]},{\"@type\":\"ImageObject\",\"inLanguage\":\"en-US\",\"@id\":\"https:\\\/\\\/folhadoleste.com.br\\\/desfile-civico-militar-7-setembro-rio\\\/#primaryimage\",\"url\":\"https:\\\/\\\/folhadoleste.com.br\\\/wp-content\\\/uploads\\\/2025\\\/09\\\/Desfile-Civico-Militar-7-de-Setembro-no-Centro-do-Rio-saiba-as-interdicoes-Foto-Tomaz-Silva-Agencia-Brasil.webp\",\"contentUrl\":\"https:\\\/\\\/folhadoleste.com.br\\\/wp-content\\\/uploads\\\/2025\\\/09\\\/Desfile-Civico-Militar-7-de-Setembro-no-Centro-do-Rio-saiba-as-interdicoes-Foto-Tomaz-Silva-Agencia-Brasil.webp\",\"width\":1170,\"height\":700,\"caption\":\"Desfile C\u00edvico-Militar 7 de Setembro no Centro do Rio: saiba as interdi\u00e7\u00f5es | Tomaz Silva\\\/Ag\u00eancia Brasil\"},{\"@type\":\"BreadcrumbList\",\"@id\":\"https:\\\/\\\/folhadoleste.com.br\\\/desfile-civico-militar-7-setembro-rio\\\/#breadcrumb\",\"itemListElement\":[{\"@type\":\"ListItem\",\"position\":1,\"name\":\"In\u00edcio\",\"item\":\"https:\\\/\\\/folhadoleste.com.br\\\/\"},{\"@type\":\"ListItem\",\"position\":2,\"name\":\"Rio de Janeiro - Capital\",\"item\":\"https:\\\/\\\/folhadoleste.com.br\\\/category\\\/rio-de-janeiro-capital\\\/\"},{\"@type\":\"ListItem\",\"position\":3,\"name\":\"Desfile C\u00edvico-Militar 7 de Setembro no Centro do Rio: saiba as interdi\u00e7\u00f5es\"}]},{\"@type\":\"WebSite\",\"@id\":\"https:\\\/\\\/folhadoleste.com.br\\\/#website\",\"url\":\"https:\\\/\\\/folhadoleste.com.br\\\/\",\"name\":\"Folha do Leste\",\"description\":\"Portal de Not\u00edcias com \u00eanfase em Niter\u00f3i, criando conte\u00fados desde a capital Rio de Janeiro, com olhar para o Leste Fluminense e suas cidades como S\u00e3o Gon\u00e7alo, Itabora\u00ed, Rio Bonito, Maric\u00e1, Saquarema e Araruama\",\"publisher\":{\"@id\":\"https:\\\/\\\/folhadoleste.com.br\\\/#organization\"},\"alternateName\":\"FL\",\"potentialAction\":[{\"@type\":\"SearchAction\",\"target\":{\"@type\":\"EntryPoint\",\"urlTemplate\":\"https:\\\/\\\/folhadoleste.com.br\\\/?s={search_term_string}\"},\"query-input\":{\"@type\":\"PropertyValueSpecification\",\"valueRequired\":true,\"valueName\":\"search_term_string\"}}],\"inLanguage\":\"en-US\"},{\"@type\":\"Organization\",\"@id\":\"https:\\\/\\\/folhadoleste.com.br\\\/#organization\",\"name\":\"Brasil 21 Comunica\u00e7\u00e3o\",\"alternateName\":\"BR21\",\"url\":\"https:\\\/\\\/folhadoleste.com.br\\\/\",\"logo\":{\"@type\":\"ImageObject\",\"inLanguage\":\"en-US\",\"@id\":\"https:\\\/\\\/folhadoleste.com.br\\\/#\\\/schema\\\/logo\\\/image\\\/\",\"url\":\"https:\\\/\\\/folhadoleste.com.br\\\/wp-content\\\/uploads\\\/2025\\\/12\\\/brasil-21-logomarca.avif\",\"contentUrl\":\"https:\\\/\\\/folhadoleste.com.br\\\/wp-content\\\/uploads\\\/2025\\\/12\\\/brasil-21-logomarca.avif\",\"width\":1044,\"height\":1044,\"caption\":\"Brasil 21 Comunica\u00e7\u00e3o\"},\"image\":{\"@id\":\"https:\\\/\\\/folhadoleste.com.br\\\/#\\\/schema\\\/logo\\\/image\\\/\"},\"sameAs\":[\"https:\\\/\\\/www.facebook.com\\\/folhadoleste\",\"https:\\\/\\\/x.com\\\/FolhadoLesteRJ\",\"https:\\\/\\\/www.instagram.com\\\/folhadoleste\\\/\"]},{\"@type\":\"Person\",\"@id\":\"https:\\\/\\\/folhadoleste.com.br\\\/#\\\/schema\\\/person\\\/05d8a4b256c9faea581495e6c9be06f2\",\"name\":\"Enzo Carvalho\",\"image\":{\"@type\":\"ImageObject\",\"inLanguage\":\"en-US\",\"@id\":\"https:\\\/\\\/folhadoleste.com.br\\\/wp-content\\\/litespeed\\\/avatar\\\/3fe471b6df482b28961bb8e87cd40a81.jpg?ver=1777765951\",\"url\":\"https:\\\/\\\/folhadoleste.com.br\\\/wp-content\\\/litespeed\\\/avatar\\\/3fe471b6df482b28961bb8e87cd40a81.jpg?ver=1777765951\",\"contentUrl\":\"https:\\\/\\\/folhadoleste.com.br\\\/wp-content\\\/litespeed\\\/avatar\\\/3fe471b6df482b28961bb8e87cd40a81.jpg?ver=1777765951\",\"caption\":\"Enzo Carvalho\"},\"description\":\"Enzo Carvalho \u00e9 jornalista profissional, com atua\u00e7\u00e3o voltada \u00e0 cobertura de inova\u00e7\u00e3o, tecnologia, cotidiano e esportes. Ex-jogador profissional de e-sports, traz para o jornalismo uma compreens\u00e3o pr\u00e1tica do universo digital, das plataformas tecnol\u00f3gicas e das transforma\u00e7\u00f5es provocadas pela cultura conectada.\",\"url\":\"https:\\\/\\\/folhadoleste.com.br\\\/en\\\/author\\\/enzo-carvalho\\\/\"}]}<\/script>\n<!-- \/ Yoast SEO plugin. -->","yoast_head_json":{"title":"Desfile C\u00edvico-Militar 7 de Setembro no Centro do Rio: saiba as interdi\u00e7\u00f5es","description":"Confira interdi\u00e7\u00f5es, altera\u00e7\u00f5es de tr\u00e2nsito e circula\u00e7\u00e3o do VLT durante o desfile c\u00edvico-militar de 7 de setembro no Centro do Rio.","robots":{"index":"index","follow":"follow","max-snippet":"max-snippet:-1","max-image-preview":"max-image-preview:large","max-video-preview":"max-video-preview:-1"},"canonical":"https:\/\/folhadoleste.com.br\/en\/desfile-civico-militar-7-setembro-rio\/","og_locale":"en_US","og_type":"article","og_title":"Desfile C\u00edvico-Militar 7 de Setembro no Centro do Rio: saiba as interdi\u00e7\u00f5es","og_description":"Confira interdi\u00e7\u00f5es, altera\u00e7\u00f5es de tr\u00e2nsito e circula\u00e7\u00e3o do VLT durante o desfile c\u00edvico-militar de 7 de setembro no Centro do Rio.","og_url":"https:\/\/folhadoleste.com.br\/en\/desfile-civico-militar-7-setembro-rio\/","og_site_name":"Folha do Leste","article_publisher":"https:\/\/www.facebook.com\/folhadoleste","article_published_time":"2025-09-06T11:59:51+00:00","og_image":[{"width":1170,"height":700,"url":"https:\/\/folhadoleste.com.br\/wp-content\/uploads\/2025\/09\/Desfile-Civico-Militar-7-de-Setembro-no-Centro-do-Rio-saiba-as-interdicoes-Foto-Tomaz-Silva-Agencia-Brasil.webp","type":"image\/webp"}],"author":"Enzo Carvalho","twitter_card":"summary_large_image","twitter_creator":"@FolhadoLesteRJ","twitter_site":"@FolhadoLesteRJ","twitter_misc":{"Written by":"Enzo Carvalho","Est. reading time":"2 minutes"},"schema":{"@context":"https:\/\/schema.org","@graph":[{"@type":"NewsArticle","@id":"https:\/\/folhadoleste.com.br\/desfile-civico-militar-7-setembro-rio\/#article","isPartOf":{"@id":"https:\/\/folhadoleste.com.br\/desfile-civico-militar-7-setembro-rio\/"},"author":{"name":"Enzo Carvalho","@id":"https:\/\/folhadoleste.com.br\/#\/schema\/person\/05d8a4b256c9faea581495e6c9be06f2"},"headline":"Desfile C\u00edvico-Militar 7 de Setembro no Centro do Rio: saiba as interdi\u00e7\u00f5es","datePublished":"2025-09-06T11:59:51+00:00","mainEntityOfPage":{"@id":"https:\/\/folhadoleste.com.br\/desfile-civico-militar-7-setembro-rio\/"},"wordCount":289,"commentCount":0,"publisher":{"@id":"https:\/\/folhadoleste.com.br\/#organization"},"image":{"@id":"https:\/\/folhadoleste.com.br\/desfile-civico-militar-7-setembro-rio\/#primaryimage"},"thumbnailUrl":"https:\/\/folhadoleste.com.br\/wp-content\/uploads\/2025\/09\/Desfile-Civico-Militar-7-de-Setembro-no-Centro-do-Rio-saiba-as-interdicoes-Foto-Tomaz-Silva-Agencia-Brasil.webp","keywords":["7 de Setembro","Avenida Presidente Vargas","desfile c\u00edvico-militar","interdi\u00e7\u00f5es","Marechal Floriano","Pra\u00e7a da Rep\u00fablica","Rio de Janeiro","Tr\u00e2nsito","transporte p\u00fablico","VLT"],"articleSection":["Rio de Janeiro - Capital"],"inLanguage":"en-US","potentialAction":[{"@type":"CommentAction","name":"Comment","target":["https:\/\/folhadoleste.com.br\/desfile-civico-militar-7-setembro-rio\/#respond"]}]},{"@type":"WebPage","@id":"https:\/\/folhadoleste.com.br\/desfile-civico-militar-7-setembro-rio\/","url":"https:\/\/folhadoleste.com.br\/desfile-civico-militar-7-setembro-rio\/","name":"Desfile C\u00edvico-Militar 7 de Setembro no Centro do Rio: saiba as interdi\u00e7\u00f5es","isPartOf":{"@id":"https:\/\/folhadoleste.com.br\/#website"},"primaryImageOfPage":{"@id":"https:\/\/folhadoleste.com.br\/desfile-civico-militar-7-setembro-rio\/#primaryimage"},"image":{"@id":"https:\/\/folhadoleste.com.br\/desfile-civico-militar-7-setembro-rio\/#primaryimage"},"thumbnailUrl":"https:\/\/folhadoleste.com.br\/wp-content\/uploads\/2025\/09\/Desfile-Civico-Militar-7-de-Setembro-no-Centro-do-Rio-saiba-as-interdicoes-Foto-Tomaz-Silva-Agencia-Brasil.webp","datePublished":"2025-09-06T11:59:51+00:00","description":"Confira interdi\u00e7\u00f5es, altera\u00e7\u00f5es de tr\u00e2nsito e circula\u00e7\u00e3o do VLT durante o desfile c\u00edvico-militar de 7 de setembro no Centro do Rio.","breadcrumb":{"@id":"https:\/\/folhadoleste.com.br\/desfile-civico-militar-7-setembro-rio\/#breadcrumb"},"inLanguage":"en-US","potentialAction":[{"@type":"ReadAction","target":["https:\/\/folhadoleste.com.br\/desfile-civico-militar-7-setembro-rio\/"]}]},{"@type":"ImageObject","inLanguage":"en-US","@id":"https:\/\/folhadoleste.com.br\/desfile-civico-militar-7-setembro-rio\/#primaryimage","url":"https:\/\/folhadoleste.com.br\/wp-content\/uploads\/2025\/09\/Desfile-Civico-Militar-7-de-Setembro-no-Centro-do-Rio-saiba-as-interdicoes-Foto-Tomaz-Silva-Agencia-Brasil.webp","contentUrl":"https:\/\/folhadoleste.com.br\/wp-content\/uploads\/2025\/09\/Desfile-Civico-Militar-7-de-Setembro-no-Centro-do-Rio-saiba-as-interdicoes-Foto-Tomaz-Silva-Agencia-Brasil.webp","width":1170,"height":700,"caption":"Desfile C\u00edvico-Militar 7 de Setembro no Centro do Rio: saiba as interdi\u00e7\u00f5es | Tomaz Silva\/Ag\u00eancia Brasil"},{"@type":"BreadcrumbList","@id":"https:\/\/folhadoleste.com.br\/desfile-civico-militar-7-setembro-rio\/#breadcrumb","itemListElement":[{"@type":"ListItem","position":1,"name":"In\u00edcio","item":"https:\/\/folhadoleste.com.br\/"},{"@type":"ListItem","position":2,"name":"Rio de Janeiro - Capital","item":"https:\/\/folhadoleste.com.br\/category\/rio-de-janeiro-capital\/"},{"@type":"ListItem","position":3,"name":"Desfile C\u00edvico-Militar 7 de Setembro no Centro do Rio: saiba as interdi\u00e7\u00f5es"}]},{"@type":"WebSite","@id":"https:\/\/folhadoleste.com.br\/#website","url":"https:\/\/folhadoleste.com.br\/","name":"Folha do Leste","description":"Portal de Not\u00edcias com \u00eanfase em Niter\u00f3i, criando conte\u00fados desde a capital Rio de Janeiro, com olhar para o Leste Fluminense e suas cidades como S\u00e3o Gon\u00e7alo, Itabora\u00ed, Rio Bonito, Maric\u00e1, Saquarema e Araruama","publisher":{"@id":"https:\/\/folhadoleste.com.br\/#organization"},"alternateName":"FL","potentialAction":[{"@type":"SearchAction","target":{"@type":"EntryPoint","urlTemplate":"https:\/\/folhadoleste.com.br\/?s={search_term_string}"},"query-input":{"@type":"PropertyValueSpecification","valueRequired":true,"valueName":"search_term_string"}}],"inLanguage":"en-US"},{"@type":"Organization","@id":"https:\/\/folhadoleste.com.br\/#organization","name":"Brasil 21 Comunica\u00e7\u00e3o","alternateName":"BR21","url":"https:\/\/folhadoleste.com.br\/","logo":{"@type":"ImageObject","inLanguage":"en-US","@id":"https:\/\/folhadoleste.com.br\/#\/schema\/logo\/image\/","url":"https:\/\/folhadoleste.com.br\/wp-content\/uploads\/2025\/12\/brasil-21-logomarca.avif","contentUrl":"https:\/\/folhadoleste.com.br\/wp-content\/uploads\/2025\/12\/brasil-21-logomarca.avif","width":1044,"height":1044,"caption":"Brasil 21 Comunica\u00e7\u00e3o"},"image":{"@id":"https:\/\/folhadoleste.com.br\/#\/schema\/logo\/image\/"},"sameAs":["https:\/\/www.facebook.com\/folhadoleste","https:\/\/x.com\/FolhadoLesteRJ","https:\/\/www.instagram.com\/folhadoleste\/"]},{"@type":"Person","@id":"https:\/\/folhadoleste.com.br\/#\/schema\/person\/05d8a4b256c9faea581495e6c9be06f2","name":"Enzo Carvalho","image":{"@type":"ImageObject","inLanguage":"en-US","@id":"https:\/\/folhadoleste.com.br\/wp-content\/litespeed\/avatar\/3fe471b6df482b28961bb8e87cd40a81.jpg?ver=1777765951","url":"https:\/\/folhadoleste.com.br\/wp-content\/litespeed\/avatar\/3fe471b6df482b28961bb8e87cd40a81.jpg?ver=1777765951","contentUrl":"https:\/\/folhadoleste.com.br\/wp-content\/litespeed\/avatar\/3fe471b6df482b28961bb8e87cd40a81.jpg?ver=1777765951","caption":"Enzo Carvalho"},"description":"Enzo Carvalho \u00e9 jornalista profissional, com atua\u00e7\u00e3o voltada \u00e0 cobertura de inova\u00e7\u00e3o, tecnologia, cotidiano e esportes. Ex-jogador profissional de e-sports, traz para o jornalismo uma compreens\u00e3o pr\u00e1tica do universo digital, das plataformas tecnol\u00f3gicas e das transforma\u00e7\u00f5es provocadas pela cultura conectada.","url":"https:\/\/folhadoleste.com.br\/en\/author\/enzo-carvalho\/"}]}},"_links":{"self":[{"href":"https:\/\/folhadoleste.com.br\/en\/wp-json\/wp\/v2\/posts\/138412","targetHints":{"allow":["GET"]}}],"collection":[{"href":"https:\/\/folhadoleste.com.br\/en\/wp-json\/wp\/v2\/posts"}],"about":[{"href":"https:\/\/folhadoleste.com.br\/en\/wp-json\/wp\/v2\/types\/post"}],"author":[{"embeddable":true,"href":"https:\/\/folhadoleste.com.br\/en\/wp-json\/wp\/v2\/users\/5"}],"replies":[{"embeddable":true,"href":"https:\/\/folhadoleste.com.br\/en\/wp-json\/wp\/v2\/comments?post=138412"}],"version-history":[{"count":1,"href":"https:\/\/folhadoleste.com.br\/en\/wp-json\/wp\/v2\/posts\/138412\/revisions"}],"predecessor-version":[{"id":138414,"href":"https:\/\/folhadoleste.com.br\/en\/wp-json\/wp\/v2\/posts\/138412\/revisions\/138414"}],"wp:featuredmedia":[{"embeddable":true,"href":"https:\/\/folhadoleste.com.br\/en\/wp-json\/wp\/v2\/media\/138413"}],"wp:attachment":[{"href":"https:\/\/folhadoleste.com.br\/en\/wp-json\/wp\/v2\/media?parent=138412"}],"wp:term":[{"taxonomy":"category","embeddable":true,"href":"https:\/\/folhadoleste.com.br\/en\/wp-json\/wp\/v2\/categories?post=138412"},{"taxonomy":"post_tag","embeddable":true,"href":"https:\/\/folhadoleste.com.br\/en\/wp-json\/wp\/v2\/tags?post=138412"}],"curies":[{"name":"wp","href":"https:\/\/api.w.org\/{rel}","templated":true}]}}