{"id":137979,"date":"2025-09-03T16:17:32","date_gmt":"2025-09-03T19:17:32","guid":{"rendered":"https:\/\/folhadoleste.com.br\/?p=137979"},"modified":"2025-09-03T16:17:32","modified_gmt":"2025-09-03T19:17:32","slug":"negativa-do-sao-paulo-em-liberar-luan","status":"publish","type":"post","link":"https:\/\/folhadoleste.com.br\/en\/negativa-do-sao-paulo-em-liberar-luan\/","title":{"rendered":"S\u00e3o Paulo barra sa\u00edda de Luan ap\u00f3s interesse do Botafogo"},"content":{"rendered":"<div id=\"attachment_137980\" style=\"width: 1210px\" class=\"wp-caption aligncenter\"><img decoding=\"async\" aria-describedby=\"caption-attachment-137980\" class=\"size-full wp-image-137980\" src=\"https:\/\/folhadoleste.com.br\/wp-content\/uploads\/2025\/09\/Sao-Paulo-barra-saida-de-Luan-apos-interesse-do-Botafogo-Foto-Rubens-Chiri-Saopaulofc.net_.jpg\" alt=\"\" width=\"1200\" height=\"750\" \/><p id=\"caption-attachment-137980\" class=\"wp-caption-text\">S\u00e3o Paulo barra sa\u00edda de Luan ap\u00f3s interesse do Botafogo | Rubens Chiri\/saopaulofc.net<\/p><\/div>\n<p style=\"text-align: justify;\" data-start=\"302\" data-end=\"509\">A negativa do S\u00e3o Paulo em liberar Luan frustrou o Botafogo, que buscava refor\u00e7ar o meio-campo. O clube recusou a proposta de empr\u00e9stimo feita pelo Glorioso e tamb\u00e9m uma oferta semelhante do Fortaleza.<\/p>\n<p style=\"text-align: justify;\" data-start=\"511\" data-end=\"761\">O Tricolor entende que o volante recuperou confian\u00e7a sob comando de Hern\u00e1n Crespo e ser\u00e1 \u00fatil no elenco. A decis\u00e3o mant\u00e9m o jogador como op\u00e7\u00e3o para o restante da temporada, mesmo com poucos minutos em campo desde o retorno do empr\u00e9stimo ao Vit\u00f3ria.<\/p>\n<p style=\"text-align: justify;\" data-start=\"763\" data-end=\"947\">O Botafogo ainda procura um volante no mercado para suprir a sa\u00edda de Gregore. A diretoria v\u00ea necessidade de mais um nome para dar equil\u00edbrio ao meio, mesmo ap\u00f3s a chegada de Danilo.<\/p>\n<p style=\"text-align: justify;\" data-start=\"949\" data-end=\"1115\">Luan, revelado pelo S\u00e3o Paulo em 2018, atuou em 24 jogos pelo Vit\u00f3ria no ano passado. Em 2025, voltou ao Morumbi, mas entrou em campo apenas cinco vezes sob Crespo.<\/p>\n<pre style=\"text-align: center;\"><span style=\"color: #000000;\"><span style=\"color: #ff0000;\"><strong>+ <\/strong><\/span><\/span><span style=\"color: #000000;\"><strong><span style=\"color: #ff9900;\">MAIS NOT\u00cdCIAS DE ESPORTES?<\/span> <span style=\"color: #008080;\"><a style=\"color: #008080;\" href=\"https:\/\/folhadoleste.com.br\/en\/category\/esportes\/\">CLIQUE AQUI<\/a><\/span><\/strong><\/span><\/pre>","protected":false},"excerpt":{"rendered":"<p>A negativa do S\u00e3o Paulo em liberar Luan frustrou o Botafogo, que buscava refor\u00e7ar o meio-campo. O clube recusou a proposta de empr\u00e9stimo feita pelo Glorioso e tamb\u00e9m uma oferta semelhante do Fortaleza. O Tricolor entende que o volante recuperou confian\u00e7a sob comando de Hern\u00e1n Crespo e ser\u00e1 \u00fatil no elenco. A decis\u00e3o mant\u00e9m o jogador como op\u00e7\u00e3o para o restante da temporada, mesmo com poucos minutos em campo desde o retorno do empr\u00e9stimo ao Vit\u00f3ria. O Botafogo ainda procura um volante no mercado para suprir a sa\u00edda de Gregore. A diretoria v\u00ea necessidade de mais um nome para dar [&hellip;]<\/p>\n","protected":false},"author":5,"featured_media":137980,"comment_status":"open","ping_status":"open","sticky":false,"template":"","format":"standard","meta":{"footnotes":""},"categories":[48,65],"tags":[99,6862,105,545,101,19049,15967,80963,85629,15969,735,38340],"class_list":["post-137979","post","type-post","status-publish","format-standard","has-post-thumbnail","hentry","category-esportes","category-futebol-esportes","tag-botafogo","tag-danilo","tag-esportes","tag-fortaleza","tag-futebol","tag-futebol-brasileiro","tag-gregore","tag-hernan-crespo","tag-luan","tag-mercado-da-bola","tag-sao-paulo","tag-tricolor-paulista","post--single"],"yoast_head":"<!-- This site is optimized with the Yoast SEO plugin v27.4 - https:\/\/yoast.com\/product\/yoast-seo-wordpress\/ -->\n<title>S\u00e3o Paulo barra sa\u00edda de Luan ap\u00f3s interesse do Botafogo<\/title>\n<meta name=\"description\" content=\"S\u00e3o Paulo recusa propostas de Botafogo e Fortaleza por Luan. Clube entende que volante recuperou confian\u00e7a com Crespo.\" \/>\n<meta name=\"robots\" content=\"index, follow, max-snippet:-1, max-image-preview:large, max-video-preview:-1\" \/>\n<link rel=\"canonical\" href=\"https:\/\/folhadoleste.com.br\/en\/negativa-do-sao-paulo-em-liberar-luan\/\" \/>\n<meta property=\"og:locale\" content=\"en_US\" \/>\n<meta property=\"og:type\" content=\"article\" \/>\n<meta property=\"og:title\" content=\"S\u00e3o Paulo barra sa\u00edda de Luan ap\u00f3s interesse do Botafogo\" \/>\n<meta property=\"og:description\" content=\"S\u00e3o Paulo recusa propostas de Botafogo e Fortaleza por Luan. Clube entende que volante recuperou confian\u00e7a com Crespo.\" \/>\n<meta property=\"og:url\" content=\"https:\/\/folhadoleste.com.br\/en\/negativa-do-sao-paulo-em-liberar-luan\/\" \/>\n<meta property=\"og:site_name\" content=\"Folha do Leste\" \/>\n<meta property=\"article:publisher\" content=\"https:\/\/www.facebook.com\/folhadoleste\" \/>\n<meta property=\"article:published_time\" content=\"2025-09-03T19:17:32+00:00\" \/>\n<meta property=\"og:image\" content=\"https:\/\/folhadoleste.com.br\/wp-content\/uploads\/2025\/09\/Sao-Paulo-barra-saida-de-Luan-apos-interesse-do-Botafogo-Foto-Rubens-Chiri-Saopaulofc.net_.jpg\" \/>\n\t<meta property=\"og:image:width\" content=\"1200\" \/>\n\t<meta property=\"og:image:height\" content=\"750\" \/>\n\t<meta property=\"og:image:type\" content=\"image\/jpeg\" \/>\n<meta name=\"author\" content=\"Enzo Carvalho\" \/>\n<meta name=\"twitter:card\" content=\"summary_large_image\" \/>\n<meta name=\"twitter:creator\" content=\"@FolhadoLesteRJ\" \/>\n<meta name=\"twitter:site\" content=\"@FolhadoLesteRJ\" \/>\n<meta name=\"twitter:label1\" content=\"Written by\" \/>\n\t<meta name=\"twitter:data1\" content=\"Enzo Carvalho\" \/>\n\t<meta name=\"twitter:label2\" content=\"Est. reading time\" \/>\n\t<meta name=\"twitter:data2\" content=\"1 minute\" \/>\n<script type=\"application\/ld+json\" class=\"yoast-schema-graph\">{\"@context\":\"https:\\\/\\\/schema.org\",\"@graph\":[{\"@type\":\"NewsArticle\",\"@id\":\"https:\\\/\\\/folhadoleste.com.br\\\/negativa-do-sao-paulo-em-liberar-luan\\\/#article\",\"isPartOf\":{\"@id\":\"https:\\\/\\\/folhadoleste.com.br\\\/negativa-do-sao-paulo-em-liberar-luan\\\/\"},\"author\":{\"name\":\"Enzo Carvalho\",\"@id\":\"https:\\\/\\\/folhadoleste.com.br\\\/#\\\/schema\\\/person\\\/05d8a4b256c9faea581495e6c9be06f2\"},\"headline\":\"S\u00e3o Paulo barra sa\u00edda de Luan ap\u00f3s interesse do Botafogo\",\"datePublished\":\"2025-09-03T19:17:32+00:00\",\"mainEntityOfPage\":{\"@id\":\"https:\\\/\\\/folhadoleste.com.br\\\/negativa-do-sao-paulo-em-liberar-luan\\\/\"},\"wordCount\":189,\"commentCount\":0,\"publisher\":{\"@id\":\"https:\\\/\\\/folhadoleste.com.br\\\/#organization\"},\"image\":{\"@id\":\"https:\\\/\\\/folhadoleste.com.br\\\/negativa-do-sao-paulo-em-liberar-luan\\\/#primaryimage\"},\"thumbnailUrl\":\"https:\\\/\\\/folhadoleste.com.br\\\/wp-content\\\/uploads\\\/2025\\\/09\\\/Sao-Paulo-barra-saida-de-Luan-apos-interesse-do-Botafogo-Foto-Rubens-Chiri-Saopaulofc.net_.jpg\",\"keywords\":[\"botafogo\",\"Danilo\",\"Esportes\",\"Fortaleza\",\"futebol\",\"Futebol Brasileiro\",\"Gregore\",\"Hern\u00e1n Crespo\",\"Luan\",\"Mercado da bola\",\"S\u00e3o Paulo\",\"Tricolor Paulista\"],\"articleSection\":[\"Esportes\",\"Futebol\"],\"inLanguage\":\"en-US\",\"potentialAction\":[{\"@type\":\"CommentAction\",\"name\":\"Comment\",\"target\":[\"https:\\\/\\\/folhadoleste.com.br\\\/negativa-do-sao-paulo-em-liberar-luan\\\/#respond\"]}]},{\"@type\":\"WebPage\",\"@id\":\"https:\\\/\\\/folhadoleste.com.br\\\/negativa-do-sao-paulo-em-liberar-luan\\\/\",\"url\":\"https:\\\/\\\/folhadoleste.com.br\\\/negativa-do-sao-paulo-em-liberar-luan\\\/\",\"name\":\"S\u00e3o Paulo barra sa\u00edda de Luan ap\u00f3s interesse do Botafogo\",\"isPartOf\":{\"@id\":\"https:\\\/\\\/folhadoleste.com.br\\\/#website\"},\"primaryImageOfPage\":{\"@id\":\"https:\\\/\\\/folhadoleste.com.br\\\/negativa-do-sao-paulo-em-liberar-luan\\\/#primaryimage\"},\"image\":{\"@id\":\"https:\\\/\\\/folhadoleste.com.br\\\/negativa-do-sao-paulo-em-liberar-luan\\\/#primaryimage\"},\"thumbnailUrl\":\"https:\\\/\\\/folhadoleste.com.br\\\/wp-content\\\/uploads\\\/2025\\\/09\\\/Sao-Paulo-barra-saida-de-Luan-apos-interesse-do-Botafogo-Foto-Rubens-Chiri-Saopaulofc.net_.jpg\",\"datePublished\":\"2025-09-03T19:17:32+00:00\",\"description\":\"S\u00e3o Paulo recusa propostas de Botafogo e Fortaleza por Luan. Clube entende que volante recuperou confian\u00e7a com Crespo.\",\"breadcrumb\":{\"@id\":\"https:\\\/\\\/folhadoleste.com.br\\\/negativa-do-sao-paulo-em-liberar-luan\\\/#breadcrumb\"},\"inLanguage\":\"en-US\",\"potentialAction\":[{\"@type\":\"ReadAction\",\"target\":[\"https:\\\/\\\/folhadoleste.com.br\\\/negativa-do-sao-paulo-em-liberar-luan\\\/\"]}]},{\"@type\":\"ImageObject\",\"inLanguage\":\"en-US\",\"@id\":\"https:\\\/\\\/folhadoleste.com.br\\\/negativa-do-sao-paulo-em-liberar-luan\\\/#primaryimage\",\"url\":\"https:\\\/\\\/folhadoleste.com.br\\\/wp-content\\\/uploads\\\/2025\\\/09\\\/Sao-Paulo-barra-saida-de-Luan-apos-interesse-do-Botafogo-Foto-Rubens-Chiri-Saopaulofc.net_.jpg\",\"contentUrl\":\"https:\\\/\\\/folhadoleste.com.br\\\/wp-content\\\/uploads\\\/2025\\\/09\\\/Sao-Paulo-barra-saida-de-Luan-apos-interesse-do-Botafogo-Foto-Rubens-Chiri-Saopaulofc.net_.jpg\",\"width\":1200,\"height\":750,\"caption\":\"S\u00e3o Paulo barra sa\u00edda de Luan ap\u00f3s interesse do Botafogo | Rubens Chiri\\\/saopaulofc.net\"},{\"@type\":\"BreadcrumbList\",\"@id\":\"https:\\\/\\\/folhadoleste.com.br\\\/negativa-do-sao-paulo-em-liberar-luan\\\/#breadcrumb\",\"itemListElement\":[{\"@type\":\"ListItem\",\"position\":1,\"name\":\"In\u00edcio\",\"item\":\"https:\\\/\\\/folhadoleste.com.br\\\/\"},{\"@type\":\"ListItem\",\"position\":2,\"name\":\"Esportes\",\"item\":\"https:\\\/\\\/folhadoleste.com.br\\\/category\\\/esportes\\\/\"},{\"@type\":\"ListItem\",\"position\":3,\"name\":\"Futebol\",\"item\":\"https:\\\/\\\/folhadoleste.com.br\\\/category\\\/esportes\\\/futebol-esportes\\\/\"},{\"@type\":\"ListItem\",\"position\":4,\"name\":\"S\u00e3o Paulo barra sa\u00edda de Luan ap\u00f3s interesse do Botafogo\"}]},{\"@type\":\"WebSite\",\"@id\":\"https:\\\/\\\/folhadoleste.com.br\\\/#website\",\"url\":\"https:\\\/\\\/folhadoleste.com.br\\\/\",\"name\":\"Folha do Leste\",\"description\":\"Portal de Not\u00edcias com \u00eanfase em Niter\u00f3i, criando conte\u00fados desde a capital Rio de Janeiro, com olhar para o Leste Fluminense e suas cidades como S\u00e3o Gon\u00e7alo, Itabora\u00ed, Rio Bonito, Maric\u00e1, Saquarema e Araruama\",\"publisher\":{\"@id\":\"https:\\\/\\\/folhadoleste.com.br\\\/#organization\"},\"alternateName\":\"FL\",\"potentialAction\":[{\"@type\":\"SearchAction\",\"target\":{\"@type\":\"EntryPoint\",\"urlTemplate\":\"https:\\\/\\\/folhadoleste.com.br\\\/?s={search_term_string}\"},\"query-input\":{\"@type\":\"PropertyValueSpecification\",\"valueRequired\":true,\"valueName\":\"search_term_string\"}}],\"inLanguage\":\"en-US\"},{\"@type\":\"Organization\",\"@id\":\"https:\\\/\\\/folhadoleste.com.br\\\/#organization\",\"name\":\"Brasil 21 Comunica\u00e7\u00e3o\",\"alternateName\":\"BR21\",\"url\":\"https:\\\/\\\/folhadoleste.com.br\\\/\",\"logo\":{\"@type\":\"ImageObject\",\"inLanguage\":\"en-US\",\"@id\":\"https:\\\/\\\/folhadoleste.com.br\\\/#\\\/schema\\\/logo\\\/image\\\/\",\"url\":\"https:\\\/\\\/folhadoleste.com.br\\\/wp-content\\\/uploads\\\/2025\\\/12\\\/brasil-21-logomarca.avif\",\"contentUrl\":\"https:\\\/\\\/folhadoleste.com.br\\\/wp-content\\\/uploads\\\/2025\\\/12\\\/brasil-21-logomarca.avif\",\"width\":1044,\"height\":1044,\"caption\":\"Brasil 21 Comunica\u00e7\u00e3o\"},\"image\":{\"@id\":\"https:\\\/\\\/folhadoleste.com.br\\\/#\\\/schema\\\/logo\\\/image\\\/\"},\"sameAs\":[\"https:\\\/\\\/www.facebook.com\\\/folhadoleste\",\"https:\\\/\\\/x.com\\\/FolhadoLesteRJ\",\"https:\\\/\\\/www.instagram.com\\\/folhadoleste\\\/\"]},{\"@type\":\"Person\",\"@id\":\"https:\\\/\\\/folhadoleste.com.br\\\/#\\\/schema\\\/person\\\/05d8a4b256c9faea581495e6c9be06f2\",\"name\":\"Enzo Carvalho\",\"image\":{\"@type\":\"ImageObject\",\"inLanguage\":\"en-US\",\"@id\":\"https:\\\/\\\/folhadoleste.com.br\\\/wp-content\\\/litespeed\\\/avatar\\\/3fe471b6df482b28961bb8e87cd40a81.jpg?ver=1777161141\",\"url\":\"https:\\\/\\\/folhadoleste.com.br\\\/wp-content\\\/litespeed\\\/avatar\\\/3fe471b6df482b28961bb8e87cd40a81.jpg?ver=1777161141\",\"contentUrl\":\"https:\\\/\\\/folhadoleste.com.br\\\/wp-content\\\/litespeed\\\/avatar\\\/3fe471b6df482b28961bb8e87cd40a81.jpg?ver=1777161141\",\"caption\":\"Enzo Carvalho\"},\"description\":\"Enzo Carvalho \u00e9 jornalista profissional, com atua\u00e7\u00e3o voltada \u00e0 cobertura de inova\u00e7\u00e3o, tecnologia, cotidiano e esportes. Ex-jogador profissional de e-sports, traz para o jornalismo uma compreens\u00e3o pr\u00e1tica do universo digital, das plataformas tecnol\u00f3gicas e das transforma\u00e7\u00f5es provocadas pela cultura conectada.\",\"url\":\"https:\\\/\\\/folhadoleste.com.br\\\/en\\\/author\\\/enzo-carvalho\\\/\"}]}<\/script>\n<!-- \/ Yoast SEO plugin. -->","yoast_head_json":{"title":"S\u00e3o Paulo barra sa\u00edda de Luan ap\u00f3s interesse do Botafogo","description":"S\u00e3o Paulo recusa propostas de Botafogo e Fortaleza por Luan. Clube entende que volante recuperou confian\u00e7a com Crespo.","robots":{"index":"index","follow":"follow","max-snippet":"max-snippet:-1","max-image-preview":"max-image-preview:large","max-video-preview":"max-video-preview:-1"},"canonical":"https:\/\/folhadoleste.com.br\/en\/negativa-do-sao-paulo-em-liberar-luan\/","og_locale":"en_US","og_type":"article","og_title":"S\u00e3o Paulo barra sa\u00edda de Luan ap\u00f3s interesse do Botafogo","og_description":"S\u00e3o Paulo recusa propostas de Botafogo e Fortaleza por Luan. Clube entende que volante recuperou confian\u00e7a com Crespo.","og_url":"https:\/\/folhadoleste.com.br\/en\/negativa-do-sao-paulo-em-liberar-luan\/","og_site_name":"Folha do Leste","article_publisher":"https:\/\/www.facebook.com\/folhadoleste","article_published_time":"2025-09-03T19:17:32+00:00","og_image":[{"width":1200,"height":750,"url":"https:\/\/folhadoleste.com.br\/wp-content\/uploads\/2025\/09\/Sao-Paulo-barra-saida-de-Luan-apos-interesse-do-Botafogo-Foto-Rubens-Chiri-Saopaulofc.net_.jpg","type":"image\/jpeg"}],"author":"Enzo Carvalho","twitter_card":"summary_large_image","twitter_creator":"@FolhadoLesteRJ","twitter_site":"@FolhadoLesteRJ","twitter_misc":{"Written by":"Enzo Carvalho","Est. reading time":"1 minute"},"schema":{"@context":"https:\/\/schema.org","@graph":[{"@type":"NewsArticle","@id":"https:\/\/folhadoleste.com.br\/negativa-do-sao-paulo-em-liberar-luan\/#article","isPartOf":{"@id":"https:\/\/folhadoleste.com.br\/negativa-do-sao-paulo-em-liberar-luan\/"},"author":{"name":"Enzo Carvalho","@id":"https:\/\/folhadoleste.com.br\/#\/schema\/person\/05d8a4b256c9faea581495e6c9be06f2"},"headline":"S\u00e3o Paulo barra sa\u00edda de Luan ap\u00f3s interesse do Botafogo","datePublished":"2025-09-03T19:17:32+00:00","mainEntityOfPage":{"@id":"https:\/\/folhadoleste.com.br\/negativa-do-sao-paulo-em-liberar-luan\/"},"wordCount":189,"commentCount":0,"publisher":{"@id":"https:\/\/folhadoleste.com.br\/#organization"},"image":{"@id":"https:\/\/folhadoleste.com.br\/negativa-do-sao-paulo-em-liberar-luan\/#primaryimage"},"thumbnailUrl":"https:\/\/folhadoleste.com.br\/wp-content\/uploads\/2025\/09\/Sao-Paulo-barra-saida-de-Luan-apos-interesse-do-Botafogo-Foto-Rubens-Chiri-Saopaulofc.net_.jpg","keywords":["botafogo","Danilo","Esportes","Fortaleza","futebol","Futebol Brasileiro","Gregore","Hern\u00e1n Crespo","Luan","Mercado da bola","S\u00e3o Paulo","Tricolor Paulista"],"articleSection":["Esportes","Futebol"],"inLanguage":"en-US","potentialAction":[{"@type":"CommentAction","name":"Comment","target":["https:\/\/folhadoleste.com.br\/negativa-do-sao-paulo-em-liberar-luan\/#respond"]}]},{"@type":"WebPage","@id":"https:\/\/folhadoleste.com.br\/negativa-do-sao-paulo-em-liberar-luan\/","url":"https:\/\/folhadoleste.com.br\/negativa-do-sao-paulo-em-liberar-luan\/","name":"S\u00e3o Paulo barra sa\u00edda de Luan ap\u00f3s interesse do Botafogo","isPartOf":{"@id":"https:\/\/folhadoleste.com.br\/#website"},"primaryImageOfPage":{"@id":"https:\/\/folhadoleste.com.br\/negativa-do-sao-paulo-em-liberar-luan\/#primaryimage"},"image":{"@id":"https:\/\/folhadoleste.com.br\/negativa-do-sao-paulo-em-liberar-luan\/#primaryimage"},"thumbnailUrl":"https:\/\/folhadoleste.com.br\/wp-content\/uploads\/2025\/09\/Sao-Paulo-barra-saida-de-Luan-apos-interesse-do-Botafogo-Foto-Rubens-Chiri-Saopaulofc.net_.jpg","datePublished":"2025-09-03T19:17:32+00:00","description":"S\u00e3o Paulo recusa propostas de Botafogo e Fortaleza por Luan. Clube entende que volante recuperou confian\u00e7a com Crespo.","breadcrumb":{"@id":"https:\/\/folhadoleste.com.br\/negativa-do-sao-paulo-em-liberar-luan\/#breadcrumb"},"inLanguage":"en-US","potentialAction":[{"@type":"ReadAction","target":["https:\/\/folhadoleste.com.br\/negativa-do-sao-paulo-em-liberar-luan\/"]}]},{"@type":"ImageObject","inLanguage":"en-US","@id":"https:\/\/folhadoleste.com.br\/negativa-do-sao-paulo-em-liberar-luan\/#primaryimage","url":"https:\/\/folhadoleste.com.br\/wp-content\/uploads\/2025\/09\/Sao-Paulo-barra-saida-de-Luan-apos-interesse-do-Botafogo-Foto-Rubens-Chiri-Saopaulofc.net_.jpg","contentUrl":"https:\/\/folhadoleste.com.br\/wp-content\/uploads\/2025\/09\/Sao-Paulo-barra-saida-de-Luan-apos-interesse-do-Botafogo-Foto-Rubens-Chiri-Saopaulofc.net_.jpg","width":1200,"height":750,"caption":"S\u00e3o Paulo barra sa\u00edda de Luan ap\u00f3s interesse do Botafogo | Rubens Chiri\/saopaulofc.net"},{"@type":"BreadcrumbList","@id":"https:\/\/folhadoleste.com.br\/negativa-do-sao-paulo-em-liberar-luan\/#breadcrumb","itemListElement":[{"@type":"ListItem","position":1,"name":"In\u00edcio","item":"https:\/\/folhadoleste.com.br\/"},{"@type":"ListItem","position":2,"name":"Esportes","item":"https:\/\/folhadoleste.com.br\/category\/esportes\/"},{"@type":"ListItem","position":3,"name":"Futebol","item":"https:\/\/folhadoleste.com.br\/category\/esportes\/futebol-esportes\/"},{"@type":"ListItem","position":4,"name":"S\u00e3o Paulo barra sa\u00edda de Luan ap\u00f3s interesse do Botafogo"}]},{"@type":"WebSite","@id":"https:\/\/folhadoleste.com.br\/#website","url":"https:\/\/folhadoleste.com.br\/","name":"Folha do Leste","description":"Portal de Not\u00edcias com \u00eanfase em Niter\u00f3i, criando conte\u00fados desde a capital Rio de Janeiro, com olhar para o Leste Fluminense e suas cidades como S\u00e3o Gon\u00e7alo, Itabora\u00ed, Rio Bonito, Maric\u00e1, Saquarema e Araruama","publisher":{"@id":"https:\/\/folhadoleste.com.br\/#organization"},"alternateName":"FL","potentialAction":[{"@type":"SearchAction","target":{"@type":"EntryPoint","urlTemplate":"https:\/\/folhadoleste.com.br\/?s={search_term_string}"},"query-input":{"@type":"PropertyValueSpecification","valueRequired":true,"valueName":"search_term_string"}}],"inLanguage":"en-US"},{"@type":"Organization","@id":"https:\/\/folhadoleste.com.br\/#organization","name":"Brasil 21 Comunica\u00e7\u00e3o","alternateName":"BR21","url":"https:\/\/folhadoleste.com.br\/","logo":{"@type":"ImageObject","inLanguage":"en-US","@id":"https:\/\/folhadoleste.com.br\/#\/schema\/logo\/image\/","url":"https:\/\/folhadoleste.com.br\/wp-content\/uploads\/2025\/12\/brasil-21-logomarca.avif","contentUrl":"https:\/\/folhadoleste.com.br\/wp-content\/uploads\/2025\/12\/brasil-21-logomarca.avif","width":1044,"height":1044,"caption":"Brasil 21 Comunica\u00e7\u00e3o"},"image":{"@id":"https:\/\/folhadoleste.com.br\/#\/schema\/logo\/image\/"},"sameAs":["https:\/\/www.facebook.com\/folhadoleste","https:\/\/x.com\/FolhadoLesteRJ","https:\/\/www.instagram.com\/folhadoleste\/"]},{"@type":"Person","@id":"https:\/\/folhadoleste.com.br\/#\/schema\/person\/05d8a4b256c9faea581495e6c9be06f2","name":"Enzo Carvalho","image":{"@type":"ImageObject","inLanguage":"en-US","@id":"https:\/\/folhadoleste.com.br\/wp-content\/litespeed\/avatar\/3fe471b6df482b28961bb8e87cd40a81.jpg?ver=1777161141","url":"https:\/\/folhadoleste.com.br\/wp-content\/litespeed\/avatar\/3fe471b6df482b28961bb8e87cd40a81.jpg?ver=1777161141","contentUrl":"https:\/\/folhadoleste.com.br\/wp-content\/litespeed\/avatar\/3fe471b6df482b28961bb8e87cd40a81.jpg?ver=1777161141","caption":"Enzo Carvalho"},"description":"Enzo Carvalho \u00e9 jornalista profissional, com atua\u00e7\u00e3o voltada \u00e0 cobertura de inova\u00e7\u00e3o, tecnologia, cotidiano e esportes. Ex-jogador profissional de e-sports, traz para o jornalismo uma compreens\u00e3o pr\u00e1tica do universo digital, das plataformas tecnol\u00f3gicas e das transforma\u00e7\u00f5es provocadas pela cultura conectada.","url":"https:\/\/folhadoleste.com.br\/en\/author\/enzo-carvalho\/"}]}},"_links":{"self":[{"href":"https:\/\/folhadoleste.com.br\/en\/wp-json\/wp\/v2\/posts\/137979","targetHints":{"allow":["GET"]}}],"collection":[{"href":"https:\/\/folhadoleste.com.br\/en\/wp-json\/wp\/v2\/posts"}],"about":[{"href":"https:\/\/folhadoleste.com.br\/en\/wp-json\/wp\/v2\/types\/post"}],"author":[{"embeddable":true,"href":"https:\/\/folhadoleste.com.br\/en\/wp-json\/wp\/v2\/users\/5"}],"replies":[{"embeddable":true,"href":"https:\/\/folhadoleste.com.br\/en\/wp-json\/wp\/v2\/comments?post=137979"}],"version-history":[{"count":1,"href":"https:\/\/folhadoleste.com.br\/en\/wp-json\/wp\/v2\/posts\/137979\/revisions"}],"predecessor-version":[{"id":137981,"href":"https:\/\/folhadoleste.com.br\/en\/wp-json\/wp\/v2\/posts\/137979\/revisions\/137981"}],"wp:featuredmedia":[{"embeddable":true,"href":"https:\/\/folhadoleste.com.br\/en\/wp-json\/wp\/v2\/media\/137980"}],"wp:attachment":[{"href":"https:\/\/folhadoleste.com.br\/en\/wp-json\/wp\/v2\/media?parent=137979"}],"wp:term":[{"taxonomy":"category","embeddable":true,"href":"https:\/\/folhadoleste.com.br\/en\/wp-json\/wp\/v2\/categories?post=137979"},{"taxonomy":"post_tag","embeddable":true,"href":"https:\/\/folhadoleste.com.br\/en\/wp-json\/wp\/v2\/tags?post=137979"}],"curies":[{"name":"wp","href":"https:\/\/api.w.org\/{rel}","templated":true}]}}