{"id":13768,"date":"2023-07-03T17:41:42","date_gmt":"2023-07-03T20:41:42","guid":{"rendered":"https:\/\/folhadoleste.com.br\/?p=13768"},"modified":"2023-07-03T17:41:42","modified_gmt":"2023-07-03T20:41:42","slug":"joao-gabriel-e-a-grande-atracao-do-arraia-de-marica-em-itaipuacu","status":"publish","type":"post","link":"https:\/\/folhadoleste.com.br\/en\/joao-gabriel-e-a-grande-atracao-do-arraia-de-marica-em-itaipuacu\/","title":{"rendered":"Jo\u00e3o Gabriel \u00e9 a grande atra\u00e7\u00e3o do Arrai\u00e1 de Maric\u00e1 em Itaipua\u00e7u"},"content":{"rendered":"<div id=\"attachment_13769\" style=\"width: 1138px\" class=\"wp-caption aligncenter\"><img decoding=\"async\" aria-describedby=\"caption-attachment-13769\" class=\"size-full wp-image-13769\" src=\"https:\/\/folhadoleste.com.br\/wp-content\/uploads\/2023\/07\/Joao-Gabriel-e-a-grande-atracao-do-Arraia-de-Marica-em-Itaipuacu-Anselmo-Mourao.jpeg\" alt=\"Jo\u00e3o Gabriel \u00e9 a grande atra\u00e7\u00e3o do Arrai\u00e1 de Maric\u00e1 em Itaipua\u00e7u\" width=\"1128\" height=\"752\" \/><p id=\"caption-attachment-13769\" class=\"wp-caption-text\">Foto: Anselmo Mour\u00e3o<\/p><\/div>\n<p>A Secretaria de Turismo de Maric\u00e1 concluiu, no \u00faltimo domingo (02\/07), o primeiro fim de semana do Arrai\u00e1 de Maric\u00e1 2023 em Itaipua\u00e7u. O evento contou com a participa\u00e7\u00e3o da quadrilha Cazumb\u00e1, shows do grupo Forr\u00f3 Brasil e do cantor Jo\u00e3o Gabriel, al\u00e9m de diversas barracas de comidas t\u00edpicas. O Arrai\u00e1 atraiu um p\u00fablico de todas as idades, sendo muito elogiado pelos moradores.<\/p>\n<p>Com muita anima\u00e7\u00e3o, dan\u00e7a, m\u00fasica e del\u00edcias da culin\u00e1ria t\u00edpica, o primeiro fim de semana do Arrai\u00e1 de Maric\u00e1 em Itaipua\u00e7u foi encerrado em grande estilo. Os participantes capricharam nas fantasias, utilizando roupas quadriculadas e coloridas, tornando o ambiente ainda mais festivo. O Arrai\u00e1 est\u00e1 localizado entre as ruas H\u00e9lio Guapyass\u00fa de S\u00e1 (antiga 66), Van Lerbergue (antiga 34) e Governador Leonel Brizola (antiga 35).<\/p>\n<p>Eliane Silva, de 53 anos e integrante do f\u00e3 clube do Jo\u00e3o Gabriel, agradeceu pelo show emocionante do cantor.<\/p>\n<p>A programa\u00e7\u00e3o do Arrai\u00e1 continua na pr\u00f3xima semana, entre os dias 7 e 9 de julho, em Itaipua\u00e7u, com apresenta\u00e7\u00f5es de quadrilhas e shows de L\u00e9o Lima, Lucas Lucco, Glaco Zulo, Moniquinha, Bom Demais e Raquel Fonseca. A partir do dia 14 de julho, ser\u00e1 a vez da Barra de Maric\u00e1 receber o maior evento junino da cidade, e a programa\u00e7\u00e3o musical desse palco ser\u00e1 divulgada na semana que antecede ao evento.<\/p>\n<h4><\/h4>\n<h4><strong>Programa\u00e7\u00e3o<\/strong><\/h4>\n<h4><strong>Sexta-feira (07\/07)<\/strong><\/h4>\n<p><strong>20h<\/strong> \u2013 Bom Demais<\/p>\n<p><strong>21h30<\/strong> \u2013 Quadrilha<\/p>\n<p><strong>22h30<\/strong> \u2013 L\u00e9o Lima<\/p>\n<h4><strong>S\u00e1bado (08\/07)<\/strong><\/h4>\n<p><strong>19h<\/strong> \u2013 Quadrilha<\/p>\n<p><strong>20h<\/strong> \u2013 Moniquinha<\/p>\n<p><strong>22h30<\/strong> \u2013 Lucas Lucco<\/p>\n<h4><strong>Domingo (09\/07)<\/strong><\/h4>\n<p><strong>20h<\/strong> \u2013 Raquel Fonseca<\/p>\n<p><strong>21h30<\/strong> \u2013 Quadrilha<\/p>\n<p><strong>22h30<\/strong> \u2013 Glauco Zulo<\/p>\n<p>&nbsp;<\/p>\n<h5><strong><a href=\"https:\/\/www.facebook.com\/folhadoleste\">CURTA E SIGA NOSSA P\u00c1GINA NO FACEBOOK CLICANDO AQUI<\/a><\/strong><\/h5>\n<h5><strong><a href=\"https:\/\/www.instagram.com\/folhadoleste\/\">CURTA E SIGA NOSSA P\u00c1GINA NO INSTAGRAM CLICANDO AQUI<\/a><\/strong><\/h5>","protected":false},"excerpt":{"rendered":"<p>A Secretaria de Turismo de Maric\u00e1 concluiu, no \u00faltimo domingo (02\/07), o primeiro fim de semana do Arrai\u00e1 de Maric\u00e1 2023 em Itaipua\u00e7u. O evento contou com a participa\u00e7\u00e3o da quadrilha Cazumb\u00e1, shows do grupo Forr\u00f3 Brasil e do cantor Jo\u00e3o Gabriel, al\u00e9m de diversas barracas de comidas t\u00edpicas. O Arrai\u00e1 atraiu um p\u00fablico de todas as idades, sendo muito elogiado pelos moradores. Com muita anima\u00e7\u00e3o, dan\u00e7a, m\u00fasica e del\u00edcias da culin\u00e1ria t\u00edpica, o primeiro fim de semana do Arrai\u00e1 de Maric\u00e1 em Itaipua\u00e7u foi encerrado em grande estilo. Os participantes capricharam nas fantasias, utilizando roupas quadriculadas e coloridas, tornando [&hellip;]<\/p>\n","protected":false},"author":4,"featured_media":13769,"comment_status":"open","ping_status":"open","sticky":false,"template":"","format":"standard","meta":{"footnotes":""},"categories":[86,47,87],"tags":[6266,108,3021,8556,56,4709],"class_list":["post-13768","post","type-post","status-publish","format-standard","has-post-thumbnail","hentry","category-cultura","category-leste-fluminense","category-marica","tag-arraia-de-marica-2023","tag-cultura","tag-itaipuacu","tag-joao-gabriel","tag-marica","tag-prefeitura-de-marica","post--single"],"yoast_head":"<!-- This site is optimized with the Yoast SEO plugin v27.5 - https:\/\/yoast.com\/product\/yoast-seo-wordpress\/ -->\n<title>Jo\u00e3o Gabriel \u00e9 a grande atra\u00e7\u00e3o do Arrai\u00e1 de Maric\u00e1 em Itaipua\u00e7u &#8226; Folha do Leste<\/title>\n<meta name=\"robots\" content=\"index, follow, max-snippet:-1, max-image-preview:large, max-video-preview:-1\" \/>\n<link rel=\"canonical\" href=\"https:\/\/folhadoleste.com.br\/en\/joao-gabriel-e-a-grande-atracao-do-arraia-de-marica-em-itaipuacu\/\" \/>\n<meta property=\"og:locale\" content=\"en_US\" \/>\n<meta property=\"og:type\" content=\"article\" \/>\n<meta property=\"og:title\" content=\"Jo\u00e3o Gabriel \u00e9 a grande atra\u00e7\u00e3o do Arrai\u00e1 de Maric\u00e1 em Itaipua\u00e7u\" \/>\n<meta property=\"og:description\" content=\"Clique e saiba mais...\" \/>\n<meta property=\"og:url\" content=\"https:\/\/folhadoleste.com.br\/en\/joao-gabriel-e-a-grande-atracao-do-arraia-de-marica-em-itaipuacu\/\" \/>\n<meta property=\"og:site_name\" content=\"Folha do Leste\" \/>\n<meta property=\"article:publisher\" content=\"https:\/\/www.facebook.com\/folhadoleste\" \/>\n<meta property=\"article:published_time\" content=\"2023-07-03T20:41:42+00:00\" \/>\n<meta property=\"og:image\" content=\"https:\/\/folhadoleste.com.br\/wp-content\/uploads\/2023\/07\/Joao-Gabriel-e-a-grande-atracao-do-Arraia-de-Marica-em-Itaipuacu-Anselmo-Mourao.jpeg\" \/>\n\t<meta property=\"og:image:width\" content=\"1128\" \/>\n\t<meta property=\"og:image:height\" content=\"752\" \/>\n\t<meta property=\"og:image:type\" content=\"image\/jpeg\" \/>\n<meta name=\"author\" content=\"Folha do Leste\" \/>\n<meta name=\"twitter:card\" content=\"summary_large_image\" \/>\n<meta name=\"twitter:title\" content=\"Jo\u00e3o Gabriel \u00e9 a grande atra\u00e7\u00e3o do Arrai\u00e1 de Maric\u00e1 em Itaipua\u00e7u\" \/>\n<meta name=\"twitter:description\" content=\"Clique e saiba mais...\" \/>\n<meta name=\"twitter:image\" content=\"https:\/\/folhadoleste.com.br\/wp-content\/uploads\/2023\/07\/Joao-Gabriel-e-a-grande-atracao-do-Arraia-de-Marica-em-Itaipuacu-Anselmo-Mourao.jpeg\" \/>\n<meta name=\"twitter:creator\" content=\"@FolhadoLesteRJ\" \/>\n<meta name=\"twitter:site\" content=\"@FolhadoLesteRJ\" \/>\n<meta name=\"twitter:label1\" content=\"Written by\" \/>\n\t<meta name=\"twitter:data1\" content=\"Folha do Leste\" \/>\n\t<meta name=\"twitter:label2\" content=\"Est. reading time\" \/>\n\t<meta name=\"twitter:data2\" content=\"2 minutes\" \/>\n<script type=\"application\/ld+json\" class=\"yoast-schema-graph\">{\"@context\":\"https:\\\/\\\/schema.org\",\"@graph\":[{\"@type\":\"NewsArticle\",\"@id\":\"https:\\\/\\\/folhadoleste.com.br\\\/joao-gabriel-e-a-grande-atracao-do-arraia-de-marica-em-itaipuacu\\\/#article\",\"isPartOf\":{\"@id\":\"https:\\\/\\\/folhadoleste.com.br\\\/joao-gabriel-e-a-grande-atracao-do-arraia-de-marica-em-itaipuacu\\\/\"},\"author\":{\"name\":\"Folha do Leste\",\"@id\":\"https:\\\/\\\/folhadoleste.com.br\\\/#\\\/schema\\\/person\\\/3e97145b2e1861276e84471aa85a3899\"},\"headline\":\"Jo\u00e3o Gabriel \u00e9 a grande atra\u00e7\u00e3o do Arrai\u00e1 de Maric\u00e1 em Itaipua\u00e7u\",\"datePublished\":\"2023-07-03T20:41:42+00:00\",\"mainEntityOfPage\":{\"@id\":\"https:\\\/\\\/folhadoleste.com.br\\\/joao-gabriel-e-a-grande-atracao-do-arraia-de-marica-em-itaipuacu\\\/\"},\"wordCount\":307,\"commentCount\":0,\"publisher\":{\"@id\":\"https:\\\/\\\/folhadoleste.com.br\\\/#organization\"},\"image\":{\"@id\":\"https:\\\/\\\/folhadoleste.com.br\\\/joao-gabriel-e-a-grande-atracao-do-arraia-de-marica-em-itaipuacu\\\/#primaryimage\"},\"thumbnailUrl\":\"https:\\\/\\\/folhadoleste.com.br\\\/wp-content\\\/uploads\\\/2023\\\/07\\\/Joao-Gabriel-e-a-grande-atracao-do-Arraia-de-Marica-em-Itaipuacu-Anselmo-Mourao.jpeg\",\"keywords\":[\"Arrai\u00e1 de Maric\u00e1 2023\",\"Cultura\",\"Itaipua\u00e7u\",\"Jo\u00e3o Gabriel\",\"Maric\u00e1\",\"Prefeitura de Maric\u00e1\"],\"articleSection\":[\"Cultura\",\"Leste Fluminense\",\"Maric\u00e1\"],\"inLanguage\":\"en-US\",\"potentialAction\":[{\"@type\":\"CommentAction\",\"name\":\"Comment\",\"target\":[\"https:\\\/\\\/folhadoleste.com.br\\\/joao-gabriel-e-a-grande-atracao-do-arraia-de-marica-em-itaipuacu\\\/#respond\"]}]},{\"@type\":\"WebPage\",\"@id\":\"https:\\\/\\\/folhadoleste.com.br\\\/joao-gabriel-e-a-grande-atracao-do-arraia-de-marica-em-itaipuacu\\\/\",\"url\":\"https:\\\/\\\/folhadoleste.com.br\\\/joao-gabriel-e-a-grande-atracao-do-arraia-de-marica-em-itaipuacu\\\/\",\"name\":\"Jo\u00e3o Gabriel \u00e9 a grande atra\u00e7\u00e3o do Arrai\u00e1 de Maric\u00e1 em Itaipua\u00e7u &#8226; Folha do Leste\",\"isPartOf\":{\"@id\":\"https:\\\/\\\/folhadoleste.com.br\\\/#website\"},\"primaryImageOfPage\":{\"@id\":\"https:\\\/\\\/folhadoleste.com.br\\\/joao-gabriel-e-a-grande-atracao-do-arraia-de-marica-em-itaipuacu\\\/#primaryimage\"},\"image\":{\"@id\":\"https:\\\/\\\/folhadoleste.com.br\\\/joao-gabriel-e-a-grande-atracao-do-arraia-de-marica-em-itaipuacu\\\/#primaryimage\"},\"thumbnailUrl\":\"https:\\\/\\\/folhadoleste.com.br\\\/wp-content\\\/uploads\\\/2023\\\/07\\\/Joao-Gabriel-e-a-grande-atracao-do-Arraia-de-Marica-em-Itaipuacu-Anselmo-Mourao.jpeg\",\"datePublished\":\"2023-07-03T20:41:42+00:00\",\"breadcrumb\":{\"@id\":\"https:\\\/\\\/folhadoleste.com.br\\\/joao-gabriel-e-a-grande-atracao-do-arraia-de-marica-em-itaipuacu\\\/#breadcrumb\"},\"inLanguage\":\"en-US\",\"potentialAction\":[{\"@type\":\"ReadAction\",\"target\":[\"https:\\\/\\\/folhadoleste.com.br\\\/joao-gabriel-e-a-grande-atracao-do-arraia-de-marica-em-itaipuacu\\\/\"]}]},{\"@type\":\"ImageObject\",\"inLanguage\":\"en-US\",\"@id\":\"https:\\\/\\\/folhadoleste.com.br\\\/joao-gabriel-e-a-grande-atracao-do-arraia-de-marica-em-itaipuacu\\\/#primaryimage\",\"url\":\"https:\\\/\\\/folhadoleste.com.br\\\/wp-content\\\/uploads\\\/2023\\\/07\\\/Joao-Gabriel-e-a-grande-atracao-do-Arraia-de-Marica-em-Itaipuacu-Anselmo-Mourao.jpeg\",\"contentUrl\":\"https:\\\/\\\/folhadoleste.com.br\\\/wp-content\\\/uploads\\\/2023\\\/07\\\/Joao-Gabriel-e-a-grande-atracao-do-Arraia-de-Marica-em-Itaipuacu-Anselmo-Mourao.jpeg\",\"width\":1128,\"height\":752,\"caption\":\"Foto: Anselmo Mour\u00e3o\"},{\"@type\":\"BreadcrumbList\",\"@id\":\"https:\\\/\\\/folhadoleste.com.br\\\/joao-gabriel-e-a-grande-atracao-do-arraia-de-marica-em-itaipuacu\\\/#breadcrumb\",\"itemListElement\":[{\"@type\":\"ListItem\",\"position\":1,\"name\":\"In\u00edcio\",\"item\":\"https:\\\/\\\/folhadoleste.com.br\\\/\"},{\"@type\":\"ListItem\",\"position\":2,\"name\":\"Entretenimento, Artes e Cultura\",\"item\":\"https:\\\/\\\/folhadoleste.com.br\\\/category\\\/entretenimento-artes-e-cultura-destaque\\\/\"},{\"@type\":\"ListItem\",\"position\":3,\"name\":\"Cultura\",\"item\":\"https:\\\/\\\/folhadoleste.com.br\\\/category\\\/entretenimento-artes-e-cultura-destaque\\\/cultura\\\/\"},{\"@type\":\"ListItem\",\"position\":4,\"name\":\"Jo\u00e3o Gabriel \u00e9 a grande atra\u00e7\u00e3o do Arrai\u00e1 de Maric\u00e1 em Itaipua\u00e7u\"}]},{\"@type\":\"WebSite\",\"@id\":\"https:\\\/\\\/folhadoleste.com.br\\\/#website\",\"url\":\"https:\\\/\\\/folhadoleste.com.br\\\/\",\"name\":\"Folha do Leste\",\"description\":\"Portal de Not\u00edcias com \u00eanfase em Niter\u00f3i, criando conte\u00fados desde a capital Rio de Janeiro, com olhar para o Leste Fluminense e suas cidades como S\u00e3o Gon\u00e7alo, Itabora\u00ed, Rio Bonito, Maric\u00e1, Saquarema e Araruama\",\"publisher\":{\"@id\":\"https:\\\/\\\/folhadoleste.com.br\\\/#organization\"},\"alternateName\":\"FL\",\"potentialAction\":[{\"@type\":\"SearchAction\",\"target\":{\"@type\":\"EntryPoint\",\"urlTemplate\":\"https:\\\/\\\/folhadoleste.com.br\\\/?s={search_term_string}\"},\"query-input\":{\"@type\":\"PropertyValueSpecification\",\"valueRequired\":true,\"valueName\":\"search_term_string\"}}],\"inLanguage\":\"en-US\"},{\"@type\":\"Organization\",\"@id\":\"https:\\\/\\\/folhadoleste.com.br\\\/#organization\",\"name\":\"Brasil 21 Comunica\u00e7\u00e3o\",\"alternateName\":\"BR21\",\"url\":\"https:\\\/\\\/folhadoleste.com.br\\\/\",\"logo\":{\"@type\":\"ImageObject\",\"inLanguage\":\"en-US\",\"@id\":\"https:\\\/\\\/folhadoleste.com.br\\\/#\\\/schema\\\/logo\\\/image\\\/\",\"url\":\"https:\\\/\\\/folhadoleste.com.br\\\/wp-content\\\/uploads\\\/2025\\\/12\\\/brasil-21-logomarca.avif\",\"contentUrl\":\"https:\\\/\\\/folhadoleste.com.br\\\/wp-content\\\/uploads\\\/2025\\\/12\\\/brasil-21-logomarca.avif\",\"width\":1044,\"height\":1044,\"caption\":\"Brasil 21 Comunica\u00e7\u00e3o\"},\"image\":{\"@id\":\"https:\\\/\\\/folhadoleste.com.br\\\/#\\\/schema\\\/logo\\\/image\\\/\"},\"sameAs\":[\"https:\\\/\\\/www.facebook.com\\\/folhadoleste\",\"https:\\\/\\\/x.com\\\/FolhadoLesteRJ\",\"https:\\\/\\\/www.instagram.com\\\/folhadoleste\\\/\"]},{\"@type\":\"Person\",\"@id\":\"https:\\\/\\\/folhadoleste.com.br\\\/#\\\/schema\\\/person\\\/3e97145b2e1861276e84471aa85a3899\",\"name\":\"Folha do Leste\",\"image\":{\"@type\":\"ImageObject\",\"inLanguage\":\"en-US\",\"@id\":\"https:\\\/\\\/folhadoleste.com.br\\\/wp-content\\\/litespeed\\\/avatar\\\/1ca8c218432e7045e748610eb3db0259.jpg?ver=1777161142\",\"url\":\"https:\\\/\\\/folhadoleste.com.br\\\/wp-content\\\/litespeed\\\/avatar\\\/1ca8c218432e7045e748610eb3db0259.jpg?ver=1777161142\",\"contentUrl\":\"https:\\\/\\\/folhadoleste.com.br\\\/wp-content\\\/litespeed\\\/avatar\\\/1ca8c218432e7045e748610eb3db0259.jpg?ver=1777161142\",\"caption\":\"Folha do Leste\"},\"url\":\"https:\\\/\\\/folhadoleste.com.br\\\/en\\\/author\\\/reportagem-01\\\/\"}]}<\/script>\n<!-- \/ Yoast SEO plugin. -->","yoast_head_json":{"title":"Jo\u00e3o Gabriel \u00e9 a grande atra\u00e7\u00e3o do Arrai\u00e1 de Maric\u00e1 em Itaipua\u00e7u &#8226; Folha do Leste","robots":{"index":"index","follow":"follow","max-snippet":"max-snippet:-1","max-image-preview":"max-image-preview:large","max-video-preview":"max-video-preview:-1"},"canonical":"https:\/\/folhadoleste.com.br\/en\/joao-gabriel-e-a-grande-atracao-do-arraia-de-marica-em-itaipuacu\/","og_locale":"en_US","og_type":"article","og_title":"Jo\u00e3o Gabriel \u00e9 a grande atra\u00e7\u00e3o do Arrai\u00e1 de Maric\u00e1 em Itaipua\u00e7u","og_description":"Clique e saiba mais...","og_url":"https:\/\/folhadoleste.com.br\/en\/joao-gabriel-e-a-grande-atracao-do-arraia-de-marica-em-itaipuacu\/","og_site_name":"Folha do Leste","article_publisher":"https:\/\/www.facebook.com\/folhadoleste","article_published_time":"2023-07-03T20:41:42+00:00","og_image":[{"width":1128,"height":752,"url":"https:\/\/folhadoleste.com.br\/wp-content\/uploads\/2023\/07\/Joao-Gabriel-e-a-grande-atracao-do-Arraia-de-Marica-em-Itaipuacu-Anselmo-Mourao.jpeg","type":"image\/jpeg"}],"author":"Folha do Leste","twitter_card":"summary_large_image","twitter_title":"Jo\u00e3o Gabriel \u00e9 a grande atra\u00e7\u00e3o do Arrai\u00e1 de Maric\u00e1 em Itaipua\u00e7u","twitter_description":"Clique e saiba mais...","twitter_image":"https:\/\/folhadoleste.com.br\/wp-content\/uploads\/2023\/07\/Joao-Gabriel-e-a-grande-atracao-do-Arraia-de-Marica-em-Itaipuacu-Anselmo-Mourao.jpeg","twitter_creator":"@FolhadoLesteRJ","twitter_site":"@FolhadoLesteRJ","twitter_misc":{"Written by":"Folha do Leste","Est. reading time":"2 minutes"},"schema":{"@context":"https:\/\/schema.org","@graph":[{"@type":"NewsArticle","@id":"https:\/\/folhadoleste.com.br\/joao-gabriel-e-a-grande-atracao-do-arraia-de-marica-em-itaipuacu\/#article","isPartOf":{"@id":"https:\/\/folhadoleste.com.br\/joao-gabriel-e-a-grande-atracao-do-arraia-de-marica-em-itaipuacu\/"},"author":{"name":"Folha do Leste","@id":"https:\/\/folhadoleste.com.br\/#\/schema\/person\/3e97145b2e1861276e84471aa85a3899"},"headline":"Jo\u00e3o Gabriel \u00e9 a grande atra\u00e7\u00e3o do Arrai\u00e1 de Maric\u00e1 em Itaipua\u00e7u","datePublished":"2023-07-03T20:41:42+00:00","mainEntityOfPage":{"@id":"https:\/\/folhadoleste.com.br\/joao-gabriel-e-a-grande-atracao-do-arraia-de-marica-em-itaipuacu\/"},"wordCount":307,"commentCount":0,"publisher":{"@id":"https:\/\/folhadoleste.com.br\/#organization"},"image":{"@id":"https:\/\/folhadoleste.com.br\/joao-gabriel-e-a-grande-atracao-do-arraia-de-marica-em-itaipuacu\/#primaryimage"},"thumbnailUrl":"https:\/\/folhadoleste.com.br\/wp-content\/uploads\/2023\/07\/Joao-Gabriel-e-a-grande-atracao-do-Arraia-de-Marica-em-Itaipuacu-Anselmo-Mourao.jpeg","keywords":["Arrai\u00e1 de Maric\u00e1 2023","Cultura","Itaipua\u00e7u","Jo\u00e3o Gabriel","Maric\u00e1","Prefeitura de Maric\u00e1"],"articleSection":["Cultura","Leste Fluminense","Maric\u00e1"],"inLanguage":"en-US","potentialAction":[{"@type":"CommentAction","name":"Comment","target":["https:\/\/folhadoleste.com.br\/joao-gabriel-e-a-grande-atracao-do-arraia-de-marica-em-itaipuacu\/#respond"]}]},{"@type":"WebPage","@id":"https:\/\/folhadoleste.com.br\/joao-gabriel-e-a-grande-atracao-do-arraia-de-marica-em-itaipuacu\/","url":"https:\/\/folhadoleste.com.br\/joao-gabriel-e-a-grande-atracao-do-arraia-de-marica-em-itaipuacu\/","name":"Jo\u00e3o Gabriel \u00e9 a grande atra\u00e7\u00e3o do Arrai\u00e1 de Maric\u00e1 em Itaipua\u00e7u &#8226; Folha do Leste","isPartOf":{"@id":"https:\/\/folhadoleste.com.br\/#website"},"primaryImageOfPage":{"@id":"https:\/\/folhadoleste.com.br\/joao-gabriel-e-a-grande-atracao-do-arraia-de-marica-em-itaipuacu\/#primaryimage"},"image":{"@id":"https:\/\/folhadoleste.com.br\/joao-gabriel-e-a-grande-atracao-do-arraia-de-marica-em-itaipuacu\/#primaryimage"},"thumbnailUrl":"https:\/\/folhadoleste.com.br\/wp-content\/uploads\/2023\/07\/Joao-Gabriel-e-a-grande-atracao-do-Arraia-de-Marica-em-Itaipuacu-Anselmo-Mourao.jpeg","datePublished":"2023-07-03T20:41:42+00:00","breadcrumb":{"@id":"https:\/\/folhadoleste.com.br\/joao-gabriel-e-a-grande-atracao-do-arraia-de-marica-em-itaipuacu\/#breadcrumb"},"inLanguage":"en-US","potentialAction":[{"@type":"ReadAction","target":["https:\/\/folhadoleste.com.br\/joao-gabriel-e-a-grande-atracao-do-arraia-de-marica-em-itaipuacu\/"]}]},{"@type":"ImageObject","inLanguage":"en-US","@id":"https:\/\/folhadoleste.com.br\/joao-gabriel-e-a-grande-atracao-do-arraia-de-marica-em-itaipuacu\/#primaryimage","url":"https:\/\/folhadoleste.com.br\/wp-content\/uploads\/2023\/07\/Joao-Gabriel-e-a-grande-atracao-do-Arraia-de-Marica-em-Itaipuacu-Anselmo-Mourao.jpeg","contentUrl":"https:\/\/folhadoleste.com.br\/wp-content\/uploads\/2023\/07\/Joao-Gabriel-e-a-grande-atracao-do-Arraia-de-Marica-em-Itaipuacu-Anselmo-Mourao.jpeg","width":1128,"height":752,"caption":"Foto: Anselmo Mour\u00e3o"},{"@type":"BreadcrumbList","@id":"https:\/\/folhadoleste.com.br\/joao-gabriel-e-a-grande-atracao-do-arraia-de-marica-em-itaipuacu\/#breadcrumb","itemListElement":[{"@type":"ListItem","position":1,"name":"In\u00edcio","item":"https:\/\/folhadoleste.com.br\/"},{"@type":"ListItem","position":2,"name":"Entretenimento, Artes e Cultura","item":"https:\/\/folhadoleste.com.br\/category\/entretenimento-artes-e-cultura-destaque\/"},{"@type":"ListItem","position":3,"name":"Cultura","item":"https:\/\/folhadoleste.com.br\/category\/entretenimento-artes-e-cultura-destaque\/cultura\/"},{"@type":"ListItem","position":4,"name":"Jo\u00e3o Gabriel \u00e9 a grande atra\u00e7\u00e3o do Arrai\u00e1 de Maric\u00e1 em Itaipua\u00e7u"}]},{"@type":"WebSite","@id":"https:\/\/folhadoleste.com.br\/#website","url":"https:\/\/folhadoleste.com.br\/","name":"Folha do Leste","description":"Portal de Not\u00edcias com \u00eanfase em Niter\u00f3i, criando conte\u00fados desde a capital Rio de Janeiro, com olhar para o Leste Fluminense e suas cidades como S\u00e3o Gon\u00e7alo, Itabora\u00ed, Rio Bonito, Maric\u00e1, Saquarema e Araruama","publisher":{"@id":"https:\/\/folhadoleste.com.br\/#organization"},"alternateName":"FL","potentialAction":[{"@type":"SearchAction","target":{"@type":"EntryPoint","urlTemplate":"https:\/\/folhadoleste.com.br\/?s={search_term_string}"},"query-input":{"@type":"PropertyValueSpecification","valueRequired":true,"valueName":"search_term_string"}}],"inLanguage":"en-US"},{"@type":"Organization","@id":"https:\/\/folhadoleste.com.br\/#organization","name":"Brasil 21 Comunica\u00e7\u00e3o","alternateName":"BR21","url":"https:\/\/folhadoleste.com.br\/","logo":{"@type":"ImageObject","inLanguage":"en-US","@id":"https:\/\/folhadoleste.com.br\/#\/schema\/logo\/image\/","url":"https:\/\/folhadoleste.com.br\/wp-content\/uploads\/2025\/12\/brasil-21-logomarca.avif","contentUrl":"https:\/\/folhadoleste.com.br\/wp-content\/uploads\/2025\/12\/brasil-21-logomarca.avif","width":1044,"height":1044,"caption":"Brasil 21 Comunica\u00e7\u00e3o"},"image":{"@id":"https:\/\/folhadoleste.com.br\/#\/schema\/logo\/image\/"},"sameAs":["https:\/\/www.facebook.com\/folhadoleste","https:\/\/x.com\/FolhadoLesteRJ","https:\/\/www.instagram.com\/folhadoleste\/"]},{"@type":"Person","@id":"https:\/\/folhadoleste.com.br\/#\/schema\/person\/3e97145b2e1861276e84471aa85a3899","name":"Folha do Leste","image":{"@type":"ImageObject","inLanguage":"en-US","@id":"https:\/\/folhadoleste.com.br\/wp-content\/litespeed\/avatar\/1ca8c218432e7045e748610eb3db0259.jpg?ver=1777161142","url":"https:\/\/folhadoleste.com.br\/wp-content\/litespeed\/avatar\/1ca8c218432e7045e748610eb3db0259.jpg?ver=1777161142","contentUrl":"https:\/\/folhadoleste.com.br\/wp-content\/litespeed\/avatar\/1ca8c218432e7045e748610eb3db0259.jpg?ver=1777161142","caption":"Folha do Leste"},"url":"https:\/\/folhadoleste.com.br\/en\/author\/reportagem-01\/"}]}},"_links":{"self":[{"href":"https:\/\/folhadoleste.com.br\/en\/wp-json\/wp\/v2\/posts\/13768","targetHints":{"allow":["GET"]}}],"collection":[{"href":"https:\/\/folhadoleste.com.br\/en\/wp-json\/wp\/v2\/posts"}],"about":[{"href":"https:\/\/folhadoleste.com.br\/en\/wp-json\/wp\/v2\/types\/post"}],"author":[{"embeddable":true,"href":"https:\/\/folhadoleste.com.br\/en\/wp-json\/wp\/v2\/users\/4"}],"replies":[{"embeddable":true,"href":"https:\/\/folhadoleste.com.br\/en\/wp-json\/wp\/v2\/comments?post=13768"}],"version-history":[{"count":1,"href":"https:\/\/folhadoleste.com.br\/en\/wp-json\/wp\/v2\/posts\/13768\/revisions"}],"predecessor-version":[{"id":13770,"href":"https:\/\/folhadoleste.com.br\/en\/wp-json\/wp\/v2\/posts\/13768\/revisions\/13770"}],"wp:featuredmedia":[{"embeddable":true,"href":"https:\/\/folhadoleste.com.br\/en\/wp-json\/wp\/v2\/media\/13769"}],"wp:attachment":[{"href":"https:\/\/folhadoleste.com.br\/en\/wp-json\/wp\/v2\/media?parent=13768"}],"wp:term":[{"taxonomy":"category","embeddable":true,"href":"https:\/\/folhadoleste.com.br\/en\/wp-json\/wp\/v2\/categories?post=13768"},{"taxonomy":"post_tag","embeddable":true,"href":"https:\/\/folhadoleste.com.br\/en\/wp-json\/wp\/v2\/tags?post=13768"}],"curies":[{"name":"wp","href":"https:\/\/api.w.org\/{rel}","templated":true}]}}