{"id":136456,"date":"2025-08-25T16:02:25","date_gmt":"2025-08-25T19:02:25","guid":{"rendered":"https:\/\/folhadoleste.com.br\/?p=136456"},"modified":"2025-08-25T16:02:25","modified_gmt":"2025-08-25T19:02:25","slug":"selecao-brasileira-luiz-henrique-neymar","status":"publish","type":"post","link":"https:\/\/folhadoleste.com.br\/en\/selecao-brasileira-luiz-henrique-neymar\/","title":{"rendered":"Convoca\u00e7\u00e3o da sele\u00e7\u00e3o brasileira: Neymar fora e Luiz Henrique dentro"},"content":{"rendered":"<div id=\"attachment_80905\" style=\"width: 1210px\" class=\"wp-caption aligncenter\"><img decoding=\"async\" aria-describedby=\"caption-attachment-80905\" class=\"size-full wp-image-80905\" src=\"https:\/\/folhadoleste.com.br\/wp-content\/uploads\/2024\/08\/Luiz-Henrique-celebra-convocacao-para-a-Selecao-Foto-Vitor-Silva-Botafogo.webp\" alt=\"Luiz Henrique celebra convoca\u00e7\u00e3o para a Sele\u00e7\u00e3o\" width=\"1200\" height=\"750\" \/><p id=\"caption-attachment-80905\" class=\"wp-caption-text\">Convoca\u00e7\u00e3o da sele\u00e7\u00e3o brasileira: Neymar fora e Luiz Henrique dentro | Vitor Silva\/Botafogo<\/p><\/div>\n<p style=\"text-align: justify;\" data-start=\"213\" data-end=\"512\">O t\u00e9cnico Carlo Ancelotti anunciou nesta segunda-feira (25) a lista de convocados da sele\u00e7\u00e3o brasileira para os jogos contra Chile e Bol\u00edvia, v\u00e1lidos pelas Eliminat\u00f3rias da Copa do Mundo. O atacante Neymar segue fora, enquanto Luiz Henrique, do Zenit, retorna \u00e0 equipe.<\/p>\n<p style=\"text-align: justify;\" data-start=\"514\" data-end=\"665\">Outras baixas esperadas, Vini Jr e Rodrygo, tamb\u00e9m n\u00e3o foram chamados. J\u00e1 Lucas Paquet\u00e1 (West Ham) volta \u00e0 sele\u00e7\u00e3o ap\u00f3s aus\u00eancia recente.<\/p>\n<h4 style=\"text-align: justify;\" data-start=\"667\" data-end=\"712\"><em>Atletas do futebol brasileiro presentes<\/em><\/h4>\n<p style=\"text-align: justify;\" data-start=\"713\" data-end=\"776\">Apenas quatro jogadores que atuam no Brasil foram convocados:<\/p>\n<ul style=\"text-align: justify;\" data-start=\"778\" data-end=\"943\">\n<li data-start=\"778\" data-end=\"819\">\n<p data-start=\"780\" data-end=\"819\"><strong data-start=\"780\" data-end=\"794\">Hugo Souza<\/strong> (goleiro, Corinthians)<\/p>\n<\/li>\n<li data-start=\"820\" data-end=\"863\">\n<p data-start=\"822\" data-end=\"863\"><strong data-start=\"822\" data-end=\"840\">Fabr\u00edcio Bruno<\/strong> (zagueiro, Cruzeiro)<\/p>\n<\/li>\n<li data-start=\"864\" data-end=\"903\">\n<p data-start=\"866\" data-end=\"903\"><strong data-start=\"866\" data-end=\"881\">Alex Sandro<\/strong> (lateral, Flamengo)<\/p>\n<\/li>\n<li data-start=\"904\" data-end=\"943\">\n<p data-start=\"906\" data-end=\"943\"><strong data-start=\"906\" data-end=\"920\">Kaio Jorge<\/strong> (atacante, Cruzeiro)<\/p>\n<\/li>\n<\/ul>\n<div id=\"attachment_136457\" style=\"width: 810px\" class=\"wp-caption aligncenter\"><img decoding=\"async\" aria-describedby=\"caption-attachment-136457\" class=\"size-full wp-image-136457\" src=\"https:\/\/folhadoleste.com.br\/wp-content\/uploads\/2025\/08\/Kaio-Jorge-Cruzeiro-Foto-Gustavo-Aleixo-Cruzeiro.webp\" alt=\"\" width=\"800\" height=\"450\" \/><p id=\"caption-attachment-136457\" class=\"wp-caption-text\">Convoca\u00e7\u00e3o da sele\u00e7\u00e3o brasileira: Neymar fora e Luiz Henrique dentro | Gustavo Aleixo\/Cruzeiro<\/p><\/div>\n<h4 style=\"text-align: justify;\" data-start=\"945\" data-end=\"979\"><em>Lista completa de convocados<\/em><\/h4>\n<p style=\"text-align: justify;\" data-start=\"981\" data-end=\"1060\"><strong data-start=\"981\" data-end=\"994\">Goleiros:<\/strong> Alisson (Liverpool), Bento (Al-Nassr), Hugo Souza (Corinthians)<\/p>\n<p style=\"text-align: justify;\" data-start=\"1062\" data-end=\"1287\"><strong data-start=\"1062\" data-end=\"1077\">Defensores:<\/strong> Alexsandro Ribeiro (Lille), Alex Sandro (Flamengo), Caio Henrique (Monaco), Douglas Santos (Zenit), Fabr\u00edcio Bruno (Cruzeiro), Gabriel Magalh\u00e3es (Arsenal), Marquinhos (PSG), Vanderson (Monaco), Wesley (Roma)<\/p>\n<p style=\"text-align: justify;\" data-start=\"1289\" data-end=\"1442\"><strong data-start=\"1289\" data-end=\"1308\">Meio-campistas:<\/strong> Andrey Santos (Chelsea), Bruno Guimar\u00e3es (Newcastle), Casemiro (Manchester United), Joelinton (Newcastle), Lucas Paquet\u00e1 (West Ham)<\/p>\n<p style=\"text-align: justify;\" data-start=\"1444\" data-end=\"1650\"><strong data-start=\"1444\" data-end=\"1458\">Atacantes:<\/strong> Est\u00eav\u00e3o (Chelsea), Martinelli (Arsenal), Jo\u00e3o Pedro (Chelsea), Kaio Jorge (Cruzeiro), Luiz Henrique (Zenit), Matheus Cunha (Manchester United), Raphinha (Barcelona), Richarlison (Tottenham)<\/p>\n<h4 style=\"text-align: justify;\" data-start=\"1652\" data-end=\"1675\"><em>Agenda da sele\u00e7\u00e3o<\/em><\/h4>\n<p style=\"text-align: justify;\" data-start=\"1676\" data-end=\"1889\">O Brasil enfrenta o Chile no dia 4 de setembro, \u00e0s 21h30, no Maracan\u00e3, e encara a Bol\u00edvia em 9 de setembro, em El Alto. A equipe soma 25 pontos nas Eliminat\u00f3rias e ocupa a terceira coloca\u00e7\u00e3o.<\/p>","protected":false},"excerpt":{"rendered":"<p>O t\u00e9cnico Carlo Ancelotti anunciou nesta segunda-feira (25) a lista de convocados da sele\u00e7\u00e3o brasileira para os jogos contra Chile e Bol\u00edvia, v\u00e1lidos pelas Eliminat\u00f3rias da Copa do Mundo. O atacante Neymar segue fora, enquanto Luiz Henrique, do Zenit, retorna \u00e0 equipe. Outras baixas esperadas, Vini Jr e Rodrygo, tamb\u00e9m n\u00e3o foram chamados. J\u00e1 Lucas Paquet\u00e1 (West Ham) volta \u00e0 sele\u00e7\u00e3o ap\u00f3s aus\u00eancia recente. Atletas do futebol brasileiro presentes Apenas quatro jogadores que atuam no Brasil foram convocados: Hugo Souza (goleiro, Corinthians) Fabr\u00edcio Bruno (zagueiro, Cruzeiro) Alex Sandro (lateral, Flamengo) Kaio Jorge (atacante, Cruzeiro) Lista completa de convocados Goleiros: Alisson [&hellip;]<\/p>\n","protected":false},"author":5,"featured_media":80905,"comment_status":"open","ping_status":"open","sticky":false,"template":"","format":"standard","meta":{"footnotes":""},"categories":[48,65],"tags":[84452,4227,84451,84450,48055,105,101,19049,68194,15798,4678,144],"class_list":["post-136456","post","type-post","status-publish","format-standard","has-post-thumbnail","hentry","category-esportes","category-futebol-esportes","tag-bolivia-x-brasil","tag-carlo-ancelotti","tag-chile-x-brasil","tag-convocacao-brasil","tag-eliminatorias-copa-do-mundo","tag-esportes","tag-futebol","tag-futebol-brasileiro","tag-jogadores-convocados","tag-luiz-henrique","tag-neymar","tag-selecao-brasileira","post--single"],"yoast_head":"<!-- This site is optimized with the Yoast SEO plugin v27.4 - https:\/\/yoast.com\/product\/yoast-seo-wordpress\/ -->\n<title>Convoca\u00e7\u00e3o da sele\u00e7\u00e3o brasileira: Neymar fora e Luiz Henrique dentro<\/title>\n<meta name=\"description\" content=\"Sele\u00e7\u00e3o brasileira anuncia convocados para jogos das Eliminat\u00f3rias; Neymar fica fora e Luiz Henrique retorna \u00e0 equipe de Ancelotti.\" \/>\n<meta name=\"robots\" content=\"index, follow, max-snippet:-1, max-image-preview:large, max-video-preview:-1\" \/>\n<link rel=\"canonical\" href=\"https:\/\/folhadoleste.com.br\/en\/selecao-brasileira-luiz-henrique-neymar\/\" \/>\n<meta property=\"og:locale\" content=\"en_US\" \/>\n<meta property=\"og:type\" content=\"article\" \/>\n<meta property=\"og:title\" content=\"Convoca\u00e7\u00e3o da sele\u00e7\u00e3o brasileira: Neymar fora e Luiz Henrique dentro\" \/>\n<meta property=\"og:description\" content=\"Sele\u00e7\u00e3o brasileira anuncia convocados para jogos das Eliminat\u00f3rias; Neymar fica fora e Luiz Henrique retorna \u00e0 equipe de Ancelotti.\" \/>\n<meta property=\"og:url\" content=\"https:\/\/folhadoleste.com.br\/en\/selecao-brasileira-luiz-henrique-neymar\/\" \/>\n<meta property=\"og:site_name\" content=\"Folha do Leste\" \/>\n<meta property=\"article:publisher\" content=\"https:\/\/www.facebook.com\/folhadoleste\" \/>\n<meta property=\"article:published_time\" content=\"2025-08-25T19:02:25+00:00\" \/>\n<meta property=\"og:image\" content=\"https:\/\/folhadoleste.com.br\/wp-content\/uploads\/2024\/08\/Luiz-Henrique-celebra-convocacao-para-a-Selecao-Foto-Vitor-Silva-Botafogo.webp\" \/>\n\t<meta property=\"og:image:width\" content=\"1200\" \/>\n\t<meta property=\"og:image:height\" content=\"750\" \/>\n\t<meta property=\"og:image:type\" content=\"image\/webp\" \/>\n<meta name=\"author\" content=\"Enzo Carvalho\" \/>\n<meta name=\"twitter:card\" content=\"summary_large_image\" \/>\n<meta name=\"twitter:creator\" content=\"@FolhadoLesteRJ\" \/>\n<meta name=\"twitter:site\" content=\"@FolhadoLesteRJ\" \/>\n<meta name=\"twitter:label1\" content=\"Written by\" \/>\n\t<meta name=\"twitter:data1\" content=\"Enzo Carvalho\" \/>\n\t<meta name=\"twitter:label2\" content=\"Est. reading time\" \/>\n\t<meta name=\"twitter:data2\" content=\"2 minutes\" \/>\n<script type=\"application\/ld+json\" class=\"yoast-schema-graph\">{\"@context\":\"https:\\\/\\\/schema.org\",\"@graph\":[{\"@type\":\"NewsArticle\",\"@id\":\"https:\\\/\\\/folhadoleste.com.br\\\/selecao-brasileira-luiz-henrique-neymar\\\/#article\",\"isPartOf\":{\"@id\":\"https:\\\/\\\/folhadoleste.com.br\\\/selecao-brasileira-luiz-henrique-neymar\\\/\"},\"author\":{\"name\":\"Enzo Carvalho\",\"@id\":\"https:\\\/\\\/folhadoleste.com.br\\\/#\\\/schema\\\/person\\\/05d8a4b256c9faea581495e6c9be06f2\"},\"headline\":\"Convoca\u00e7\u00e3o da sele\u00e7\u00e3o brasileira: Neymar fora e Luiz Henrique dentro\",\"datePublished\":\"2025-08-25T19:02:25+00:00\",\"mainEntityOfPage\":{\"@id\":\"https:\\\/\\\/folhadoleste.com.br\\\/selecao-brasileira-luiz-henrique-neymar\\\/\"},\"wordCount\":280,\"commentCount\":0,\"publisher\":{\"@id\":\"https:\\\/\\\/folhadoleste.com.br\\\/#organization\"},\"image\":{\"@id\":\"https:\\\/\\\/folhadoleste.com.br\\\/selecao-brasileira-luiz-henrique-neymar\\\/#primaryimage\"},\"thumbnailUrl\":\"https:\\\/\\\/folhadoleste.com.br\\\/wp-content\\\/uploads\\\/2024\\\/08\\\/Luiz-Henrique-celebra-convocacao-para-a-Selecao-Foto-Vitor-Silva-Botafogo.webp\",\"keywords\":[\"Bol\u00edvia x Brasil\",\"Carlo Ancelotti\",\"Chile x Brasil\",\"convoca\u00e7\u00e3o Brasil\",\"Eliminat\u00f3rias Copa do Mundo\",\"Esportes\",\"futebol\",\"Futebol Brasileiro\",\"jogadores convocados\",\"Luiz Henrique\",\"Neymar\",\"sele\u00e7\u00e3o brasileira\"],\"articleSection\":[\"Esportes\",\"Futebol\"],\"inLanguage\":\"en-US\",\"potentialAction\":[{\"@type\":\"CommentAction\",\"name\":\"Comment\",\"target\":[\"https:\\\/\\\/folhadoleste.com.br\\\/selecao-brasileira-luiz-henrique-neymar\\\/#respond\"]}]},{\"@type\":\"WebPage\",\"@id\":\"https:\\\/\\\/folhadoleste.com.br\\\/selecao-brasileira-luiz-henrique-neymar\\\/\",\"url\":\"https:\\\/\\\/folhadoleste.com.br\\\/selecao-brasileira-luiz-henrique-neymar\\\/\",\"name\":\"Convoca\u00e7\u00e3o da sele\u00e7\u00e3o brasileira: Neymar fora e Luiz Henrique dentro\",\"isPartOf\":{\"@id\":\"https:\\\/\\\/folhadoleste.com.br\\\/#website\"},\"primaryImageOfPage\":{\"@id\":\"https:\\\/\\\/folhadoleste.com.br\\\/selecao-brasileira-luiz-henrique-neymar\\\/#primaryimage\"},\"image\":{\"@id\":\"https:\\\/\\\/folhadoleste.com.br\\\/selecao-brasileira-luiz-henrique-neymar\\\/#primaryimage\"},\"thumbnailUrl\":\"https:\\\/\\\/folhadoleste.com.br\\\/wp-content\\\/uploads\\\/2024\\\/08\\\/Luiz-Henrique-celebra-convocacao-para-a-Selecao-Foto-Vitor-Silva-Botafogo.webp\",\"datePublished\":\"2025-08-25T19:02:25+00:00\",\"description\":\"Sele\u00e7\u00e3o brasileira anuncia convocados para jogos das Eliminat\u00f3rias; Neymar fica fora e Luiz Henrique retorna \u00e0 equipe de Ancelotti.\",\"breadcrumb\":{\"@id\":\"https:\\\/\\\/folhadoleste.com.br\\\/selecao-brasileira-luiz-henrique-neymar\\\/#breadcrumb\"},\"inLanguage\":\"en-US\",\"potentialAction\":[{\"@type\":\"ReadAction\",\"target\":[\"https:\\\/\\\/folhadoleste.com.br\\\/selecao-brasileira-luiz-henrique-neymar\\\/\"]}]},{\"@type\":\"ImageObject\",\"inLanguage\":\"en-US\",\"@id\":\"https:\\\/\\\/folhadoleste.com.br\\\/selecao-brasileira-luiz-henrique-neymar\\\/#primaryimage\",\"url\":\"https:\\\/\\\/folhadoleste.com.br\\\/wp-content\\\/uploads\\\/2024\\\/08\\\/Luiz-Henrique-celebra-convocacao-para-a-Selecao-Foto-Vitor-Silva-Botafogo.webp\",\"contentUrl\":\"https:\\\/\\\/folhadoleste.com.br\\\/wp-content\\\/uploads\\\/2024\\\/08\\\/Luiz-Henrique-celebra-convocacao-para-a-Selecao-Foto-Vitor-Silva-Botafogo.webp\",\"width\":1200,\"height\":750,\"caption\":\"Convoca\u00e7\u00e3o da sele\u00e7\u00e3o brasileira: Neymar fora e Luiz Henrique dentro | Vitor Silva\\\/Botafogo\"},{\"@type\":\"BreadcrumbList\",\"@id\":\"https:\\\/\\\/folhadoleste.com.br\\\/selecao-brasileira-luiz-henrique-neymar\\\/#breadcrumb\",\"itemListElement\":[{\"@type\":\"ListItem\",\"position\":1,\"name\":\"In\u00edcio\",\"item\":\"https:\\\/\\\/folhadoleste.com.br\\\/\"},{\"@type\":\"ListItem\",\"position\":2,\"name\":\"Esportes\",\"item\":\"https:\\\/\\\/folhadoleste.com.br\\\/category\\\/esportes\\\/\"},{\"@type\":\"ListItem\",\"position\":3,\"name\":\"Futebol\",\"item\":\"https:\\\/\\\/folhadoleste.com.br\\\/category\\\/esportes\\\/futebol-esportes\\\/\"},{\"@type\":\"ListItem\",\"position\":4,\"name\":\"Convoca\u00e7\u00e3o da sele\u00e7\u00e3o brasileira: Neymar fora e Luiz Henrique dentro\"}]},{\"@type\":\"WebSite\",\"@id\":\"https:\\\/\\\/folhadoleste.com.br\\\/#website\",\"url\":\"https:\\\/\\\/folhadoleste.com.br\\\/\",\"name\":\"Folha do Leste\",\"description\":\"Portal de Not\u00edcias com \u00eanfase em Niter\u00f3i, criando conte\u00fados desde a capital Rio de Janeiro, com olhar para o Leste Fluminense e suas cidades como S\u00e3o Gon\u00e7alo, Itabora\u00ed, Rio Bonito, Maric\u00e1, Saquarema e Araruama\",\"publisher\":{\"@id\":\"https:\\\/\\\/folhadoleste.com.br\\\/#organization\"},\"alternateName\":\"FL\",\"potentialAction\":[{\"@type\":\"SearchAction\",\"target\":{\"@type\":\"EntryPoint\",\"urlTemplate\":\"https:\\\/\\\/folhadoleste.com.br\\\/?s={search_term_string}\"},\"query-input\":{\"@type\":\"PropertyValueSpecification\",\"valueRequired\":true,\"valueName\":\"search_term_string\"}}],\"inLanguage\":\"en-US\"},{\"@type\":\"Organization\",\"@id\":\"https:\\\/\\\/folhadoleste.com.br\\\/#organization\",\"name\":\"Brasil 21 Comunica\u00e7\u00e3o\",\"alternateName\":\"BR21\",\"url\":\"https:\\\/\\\/folhadoleste.com.br\\\/\",\"logo\":{\"@type\":\"ImageObject\",\"inLanguage\":\"en-US\",\"@id\":\"https:\\\/\\\/folhadoleste.com.br\\\/#\\\/schema\\\/logo\\\/image\\\/\",\"url\":\"https:\\\/\\\/folhadoleste.com.br\\\/wp-content\\\/uploads\\\/2025\\\/12\\\/brasil-21-logomarca.avif\",\"contentUrl\":\"https:\\\/\\\/folhadoleste.com.br\\\/wp-content\\\/uploads\\\/2025\\\/12\\\/brasil-21-logomarca.avif\",\"width\":1044,\"height\":1044,\"caption\":\"Brasil 21 Comunica\u00e7\u00e3o\"},\"image\":{\"@id\":\"https:\\\/\\\/folhadoleste.com.br\\\/#\\\/schema\\\/logo\\\/image\\\/\"},\"sameAs\":[\"https:\\\/\\\/www.facebook.com\\\/folhadoleste\",\"https:\\\/\\\/x.com\\\/FolhadoLesteRJ\",\"https:\\\/\\\/www.instagram.com\\\/folhadoleste\\\/\"]},{\"@type\":\"Person\",\"@id\":\"https:\\\/\\\/folhadoleste.com.br\\\/#\\\/schema\\\/person\\\/05d8a4b256c9faea581495e6c9be06f2\",\"name\":\"Enzo Carvalho\",\"image\":{\"@type\":\"ImageObject\",\"inLanguage\":\"en-US\",\"@id\":\"https:\\\/\\\/folhadoleste.com.br\\\/wp-content\\\/litespeed\\\/avatar\\\/3fe471b6df482b28961bb8e87cd40a81.jpg?ver=1777161141\",\"url\":\"https:\\\/\\\/folhadoleste.com.br\\\/wp-content\\\/litespeed\\\/avatar\\\/3fe471b6df482b28961bb8e87cd40a81.jpg?ver=1777161141\",\"contentUrl\":\"https:\\\/\\\/folhadoleste.com.br\\\/wp-content\\\/litespeed\\\/avatar\\\/3fe471b6df482b28961bb8e87cd40a81.jpg?ver=1777161141\",\"caption\":\"Enzo Carvalho\"},\"description\":\"Enzo Carvalho \u00e9 jornalista profissional, com atua\u00e7\u00e3o voltada \u00e0 cobertura de inova\u00e7\u00e3o, tecnologia, cotidiano e esportes. Ex-jogador profissional de e-sports, traz para o jornalismo uma compreens\u00e3o pr\u00e1tica do universo digital, das plataformas tecnol\u00f3gicas e das transforma\u00e7\u00f5es provocadas pela cultura conectada.\",\"url\":\"https:\\\/\\\/folhadoleste.com.br\\\/en\\\/author\\\/enzo-carvalho\\\/\"}]}<\/script>\n<!-- \/ Yoast SEO plugin. -->","yoast_head_json":{"title":"Convoca\u00e7\u00e3o da sele\u00e7\u00e3o brasileira: Neymar fora e Luiz Henrique dentro","description":"Sele\u00e7\u00e3o brasileira anuncia convocados para jogos das Eliminat\u00f3rias; Neymar fica fora e Luiz Henrique retorna \u00e0 equipe de Ancelotti.","robots":{"index":"index","follow":"follow","max-snippet":"max-snippet:-1","max-image-preview":"max-image-preview:large","max-video-preview":"max-video-preview:-1"},"canonical":"https:\/\/folhadoleste.com.br\/en\/selecao-brasileira-luiz-henrique-neymar\/","og_locale":"en_US","og_type":"article","og_title":"Convoca\u00e7\u00e3o da sele\u00e7\u00e3o brasileira: Neymar fora e Luiz Henrique dentro","og_description":"Sele\u00e7\u00e3o brasileira anuncia convocados para jogos das Eliminat\u00f3rias; Neymar fica fora e Luiz Henrique retorna \u00e0 equipe de Ancelotti.","og_url":"https:\/\/folhadoleste.com.br\/en\/selecao-brasileira-luiz-henrique-neymar\/","og_site_name":"Folha do Leste","article_publisher":"https:\/\/www.facebook.com\/folhadoleste","article_published_time":"2025-08-25T19:02:25+00:00","og_image":[{"width":1200,"height":750,"url":"https:\/\/folhadoleste.com.br\/wp-content\/uploads\/2024\/08\/Luiz-Henrique-celebra-convocacao-para-a-Selecao-Foto-Vitor-Silva-Botafogo.webp","type":"image\/webp"}],"author":"Enzo Carvalho","twitter_card":"summary_large_image","twitter_creator":"@FolhadoLesteRJ","twitter_site":"@FolhadoLesteRJ","twitter_misc":{"Written by":"Enzo Carvalho","Est. reading time":"2 minutes"},"schema":{"@context":"https:\/\/schema.org","@graph":[{"@type":"NewsArticle","@id":"https:\/\/folhadoleste.com.br\/selecao-brasileira-luiz-henrique-neymar\/#article","isPartOf":{"@id":"https:\/\/folhadoleste.com.br\/selecao-brasileira-luiz-henrique-neymar\/"},"author":{"name":"Enzo Carvalho","@id":"https:\/\/folhadoleste.com.br\/#\/schema\/person\/05d8a4b256c9faea581495e6c9be06f2"},"headline":"Convoca\u00e7\u00e3o da sele\u00e7\u00e3o brasileira: Neymar fora e Luiz Henrique dentro","datePublished":"2025-08-25T19:02:25+00:00","mainEntityOfPage":{"@id":"https:\/\/folhadoleste.com.br\/selecao-brasileira-luiz-henrique-neymar\/"},"wordCount":280,"commentCount":0,"publisher":{"@id":"https:\/\/folhadoleste.com.br\/#organization"},"image":{"@id":"https:\/\/folhadoleste.com.br\/selecao-brasileira-luiz-henrique-neymar\/#primaryimage"},"thumbnailUrl":"https:\/\/folhadoleste.com.br\/wp-content\/uploads\/2024\/08\/Luiz-Henrique-celebra-convocacao-para-a-Selecao-Foto-Vitor-Silva-Botafogo.webp","keywords":["Bol\u00edvia x Brasil","Carlo Ancelotti","Chile x Brasil","convoca\u00e7\u00e3o Brasil","Eliminat\u00f3rias Copa do Mundo","Esportes","futebol","Futebol Brasileiro","jogadores convocados","Luiz Henrique","Neymar","sele\u00e7\u00e3o brasileira"],"articleSection":["Esportes","Futebol"],"inLanguage":"en-US","potentialAction":[{"@type":"CommentAction","name":"Comment","target":["https:\/\/folhadoleste.com.br\/selecao-brasileira-luiz-henrique-neymar\/#respond"]}]},{"@type":"WebPage","@id":"https:\/\/folhadoleste.com.br\/selecao-brasileira-luiz-henrique-neymar\/","url":"https:\/\/folhadoleste.com.br\/selecao-brasileira-luiz-henrique-neymar\/","name":"Convoca\u00e7\u00e3o da sele\u00e7\u00e3o brasileira: Neymar fora e Luiz Henrique dentro","isPartOf":{"@id":"https:\/\/folhadoleste.com.br\/#website"},"primaryImageOfPage":{"@id":"https:\/\/folhadoleste.com.br\/selecao-brasileira-luiz-henrique-neymar\/#primaryimage"},"image":{"@id":"https:\/\/folhadoleste.com.br\/selecao-brasileira-luiz-henrique-neymar\/#primaryimage"},"thumbnailUrl":"https:\/\/folhadoleste.com.br\/wp-content\/uploads\/2024\/08\/Luiz-Henrique-celebra-convocacao-para-a-Selecao-Foto-Vitor-Silva-Botafogo.webp","datePublished":"2025-08-25T19:02:25+00:00","description":"Sele\u00e7\u00e3o brasileira anuncia convocados para jogos das Eliminat\u00f3rias; Neymar fica fora e Luiz Henrique retorna \u00e0 equipe de Ancelotti.","breadcrumb":{"@id":"https:\/\/folhadoleste.com.br\/selecao-brasileira-luiz-henrique-neymar\/#breadcrumb"},"inLanguage":"en-US","potentialAction":[{"@type":"ReadAction","target":["https:\/\/folhadoleste.com.br\/selecao-brasileira-luiz-henrique-neymar\/"]}]},{"@type":"ImageObject","inLanguage":"en-US","@id":"https:\/\/folhadoleste.com.br\/selecao-brasileira-luiz-henrique-neymar\/#primaryimage","url":"https:\/\/folhadoleste.com.br\/wp-content\/uploads\/2024\/08\/Luiz-Henrique-celebra-convocacao-para-a-Selecao-Foto-Vitor-Silva-Botafogo.webp","contentUrl":"https:\/\/folhadoleste.com.br\/wp-content\/uploads\/2024\/08\/Luiz-Henrique-celebra-convocacao-para-a-Selecao-Foto-Vitor-Silva-Botafogo.webp","width":1200,"height":750,"caption":"Convoca\u00e7\u00e3o da sele\u00e7\u00e3o brasileira: Neymar fora e Luiz Henrique dentro | Vitor Silva\/Botafogo"},{"@type":"BreadcrumbList","@id":"https:\/\/folhadoleste.com.br\/selecao-brasileira-luiz-henrique-neymar\/#breadcrumb","itemListElement":[{"@type":"ListItem","position":1,"name":"In\u00edcio","item":"https:\/\/folhadoleste.com.br\/"},{"@type":"ListItem","position":2,"name":"Esportes","item":"https:\/\/folhadoleste.com.br\/category\/esportes\/"},{"@type":"ListItem","position":3,"name":"Futebol","item":"https:\/\/folhadoleste.com.br\/category\/esportes\/futebol-esportes\/"},{"@type":"ListItem","position":4,"name":"Convoca\u00e7\u00e3o da sele\u00e7\u00e3o brasileira: Neymar fora e Luiz Henrique dentro"}]},{"@type":"WebSite","@id":"https:\/\/folhadoleste.com.br\/#website","url":"https:\/\/folhadoleste.com.br\/","name":"Folha do Leste","description":"Portal de Not\u00edcias com \u00eanfase em Niter\u00f3i, criando conte\u00fados desde a capital Rio de Janeiro, com olhar para o Leste Fluminense e suas cidades como S\u00e3o Gon\u00e7alo, Itabora\u00ed, Rio Bonito, Maric\u00e1, Saquarema e Araruama","publisher":{"@id":"https:\/\/folhadoleste.com.br\/#organization"},"alternateName":"FL","potentialAction":[{"@type":"SearchAction","target":{"@type":"EntryPoint","urlTemplate":"https:\/\/folhadoleste.com.br\/?s={search_term_string}"},"query-input":{"@type":"PropertyValueSpecification","valueRequired":true,"valueName":"search_term_string"}}],"inLanguage":"en-US"},{"@type":"Organization","@id":"https:\/\/folhadoleste.com.br\/#organization","name":"Brasil 21 Comunica\u00e7\u00e3o","alternateName":"BR21","url":"https:\/\/folhadoleste.com.br\/","logo":{"@type":"ImageObject","inLanguage":"en-US","@id":"https:\/\/folhadoleste.com.br\/#\/schema\/logo\/image\/","url":"https:\/\/folhadoleste.com.br\/wp-content\/uploads\/2025\/12\/brasil-21-logomarca.avif","contentUrl":"https:\/\/folhadoleste.com.br\/wp-content\/uploads\/2025\/12\/brasil-21-logomarca.avif","width":1044,"height":1044,"caption":"Brasil 21 Comunica\u00e7\u00e3o"},"image":{"@id":"https:\/\/folhadoleste.com.br\/#\/schema\/logo\/image\/"},"sameAs":["https:\/\/www.facebook.com\/folhadoleste","https:\/\/x.com\/FolhadoLesteRJ","https:\/\/www.instagram.com\/folhadoleste\/"]},{"@type":"Person","@id":"https:\/\/folhadoleste.com.br\/#\/schema\/person\/05d8a4b256c9faea581495e6c9be06f2","name":"Enzo Carvalho","image":{"@type":"ImageObject","inLanguage":"en-US","@id":"https:\/\/folhadoleste.com.br\/wp-content\/litespeed\/avatar\/3fe471b6df482b28961bb8e87cd40a81.jpg?ver=1777161141","url":"https:\/\/folhadoleste.com.br\/wp-content\/litespeed\/avatar\/3fe471b6df482b28961bb8e87cd40a81.jpg?ver=1777161141","contentUrl":"https:\/\/folhadoleste.com.br\/wp-content\/litespeed\/avatar\/3fe471b6df482b28961bb8e87cd40a81.jpg?ver=1777161141","caption":"Enzo Carvalho"},"description":"Enzo Carvalho \u00e9 jornalista profissional, com atua\u00e7\u00e3o voltada \u00e0 cobertura de inova\u00e7\u00e3o, tecnologia, cotidiano e esportes. Ex-jogador profissional de e-sports, traz para o jornalismo uma compreens\u00e3o pr\u00e1tica do universo digital, das plataformas tecnol\u00f3gicas e das transforma\u00e7\u00f5es provocadas pela cultura conectada.","url":"https:\/\/folhadoleste.com.br\/en\/author\/enzo-carvalho\/"}]}},"_links":{"self":[{"href":"https:\/\/folhadoleste.com.br\/en\/wp-json\/wp\/v2\/posts\/136456","targetHints":{"allow":["GET"]}}],"collection":[{"href":"https:\/\/folhadoleste.com.br\/en\/wp-json\/wp\/v2\/posts"}],"about":[{"href":"https:\/\/folhadoleste.com.br\/en\/wp-json\/wp\/v2\/types\/post"}],"author":[{"embeddable":true,"href":"https:\/\/folhadoleste.com.br\/en\/wp-json\/wp\/v2\/users\/5"}],"replies":[{"embeddable":true,"href":"https:\/\/folhadoleste.com.br\/en\/wp-json\/wp\/v2\/comments?post=136456"}],"version-history":[{"count":1,"href":"https:\/\/folhadoleste.com.br\/en\/wp-json\/wp\/v2\/posts\/136456\/revisions"}],"predecessor-version":[{"id":136458,"href":"https:\/\/folhadoleste.com.br\/en\/wp-json\/wp\/v2\/posts\/136456\/revisions\/136458"}],"wp:featuredmedia":[{"embeddable":true,"href":"https:\/\/folhadoleste.com.br\/en\/wp-json\/wp\/v2\/media\/80905"}],"wp:attachment":[{"href":"https:\/\/folhadoleste.com.br\/en\/wp-json\/wp\/v2\/media?parent=136456"}],"wp:term":[{"taxonomy":"category","embeddable":true,"href":"https:\/\/folhadoleste.com.br\/en\/wp-json\/wp\/v2\/categories?post=136456"},{"taxonomy":"post_tag","embeddable":true,"href":"https:\/\/folhadoleste.com.br\/en\/wp-json\/wp\/v2\/tags?post=136456"}],"curies":[{"name":"wp","href":"https:\/\/api.w.org\/{rel}","templated":true}]}}