{"id":136444,"date":"2025-08-25T14:00:22","date_gmt":"2025-08-25T17:00:22","guid":{"rendered":"https:\/\/folhadoleste.com.br\/?p=136444"},"modified":"2025-08-25T15:31:06","modified_gmt":"2025-08-25T18:31:06","slug":"vasco-anuncia-robert-renan","status":"publish","type":"post","link":"https:\/\/folhadoleste.com.br\/en\/vasco-anuncia-robert-renan\/","title":{"rendered":"Vasco anuncia Robert Renan para refor\u00e7ar zaga at\u00e9 2026"},"content":{"rendered":"<div id=\"attachment_136445\" style=\"width: 1210px\" class=\"wp-caption aligncenter\"><img decoding=\"async\" aria-describedby=\"caption-attachment-136445\" class=\"size-full wp-image-136445\" src=\"https:\/\/folhadoleste.com.br\/wp-content\/uploads\/2025\/08\/Vasco-anuncia-Robert-Renan-para-reforcar-zaga-ate-2026-Foto-Matheus-Lima-Vasco.png\" alt=\"\" width=\"1200\" height=\"1920\" \/><p id=\"caption-attachment-136445\" class=\"wp-caption-text\">Vasco anuncia Robert Renan para refor\u00e7ar zaga at\u00e9 2026 | Matheus Lima\/Vasco<\/p><\/div>\n<p style=\"text-align: justify;\" data-start=\"163\" data-end=\"436\">O Vasco anunciou Robert Renan como refor\u00e7o para a defesa nesta segunda-feira (25). O zagueiro de 21 anos chega por empr\u00e9stimo do Zenit, com contrato v\u00e1lido at\u00e9 junho de 2026. A chegada do jovem defensor acontece em meio \u00e0s mudan\u00e7as na linha defensiva do Cruz-Maltino.<\/p>\n<blockquote>\n<p style=\"text-align: justify;\" data-start=\"438\" data-end=\"577\">\u201c\u00c9 um sonho da minha fam\u00edlia. Vou dar o meu melhor para conquistar vit\u00f3rias e t\u00edtulos aqui\u201d, declarou o jogador ao site oficial do clube.<\/p>\n<\/blockquote>\n<h4 style=\"text-align: justify;\" data-start=\"579\" data-end=\"620\"><em>Reformula\u00e7\u00e3o defensiva em andamento<\/em><\/h4>\n<p style=\"text-align: justify;\" data-start=\"621\" data-end=\"922\">O setor defensivo do Vasco passa por forte reformula\u00e7\u00e3o. Jo\u00e3o Victor foi vendido ao CSKA Moscou e Luiz Gustavo deve ser negociado com o Bahia.<\/p>\n<h5 style=\"text-align: center;\"><span style=\"color: #000000;\"><span style=\"color: #ff0000;\"><strong>+ <\/strong><\/span><\/span><span style=\"color: #000000;\"><strong><span style=\"color: #ff9900;\">MAIS NOT\u00cdCIAS DE ESPORTES?<\/span> <span style=\"color: #008080;\"><a style=\"color: #008080;\" href=\"https:\/\/folhadoleste.com.br\/en\/category\/esportes\/\">CLIQUE AQUI<\/a><\/span><\/strong><\/span><\/h5>\n<p style=\"text-align: justify;\" data-start=\"621\" data-end=\"922\">J\u00e1 Mauricio Lemos e Lucas Oliveira perderam espa\u00e7o no elenco. Com isso, Lucas Freitas tem formado dupla com o volante Hugo Moura, improvisado como zagueiro.<\/p>\n<h4 style=\"text-align: justify;\" data-start=\"924\" data-end=\"964\"><em>Carreira internacional do zagueiro<\/em><\/h4>\n<p style=\"text-align: justify;\" data-start=\"965\" data-end=\"1250\">Formado no Corinthians, Robert Renan foi negociado com o Zenit antes de acumular empr\u00e9stimos. Em 2024, atuou pelo Internacional e, na temporada 2024\/25, defendeu o Al-Shabab, da Ar\u00e1bia Saudita.<\/p>\n<p style=\"text-align: justify;\" data-start=\"965\" data-end=\"1250\">Agora, assume a miss\u00e3o de refor\u00e7ar o sistema defensivo vasca\u00edno em busca de estabilidade.<\/p>","protected":false},"excerpt":{"rendered":"<p>O Vasco anunciou Robert Renan como refor\u00e7o para a defesa nesta segunda-feira (25). O zagueiro de 21 anos chega por empr\u00e9stimo do Zenit, com contrato v\u00e1lido at\u00e9 junho de 2026. A chegada do jovem defensor acontece em meio \u00e0s mudan\u00e7as na linha defensiva do Cruz-Maltino. \u201c\u00c9 um sonho da minha fam\u00edlia. Vou dar o meu melhor para conquistar vit\u00f3rias e t\u00edtulos aqui\u201d, declarou o jogador ao site oficial do clube. Reformula\u00e7\u00e3o defensiva em andamento O setor defensivo do Vasco passa por forte reformula\u00e7\u00e3o. Jo\u00e3o Victor foi vendido ao CSKA Moscou e Luiz Gustavo deve ser negociado com o Bahia. + [&hellip;]<\/p>\n","protected":false},"author":5,"featured_media":136446,"comment_status":"open","ping_status":"open","sticky":false,"template":"","format":"standard","meta":{"footnotes":""},"categories":[48,65],"tags":[988,84246,105,101,15969,5200,104,2028,6172,16329],"class_list":["post-136444","post","type-post","status-publish","format-standard","has-post-thumbnail","hentry","category-esportes","category-futebol-esportes","tag-brasileirao","tag-contratacao-vasco","tag-esportes","tag-futebol","tag-mercado-da-bola","tag-robert-renan","tag-vasco","tag-vasco-da-gama","tag-zagueiro","tag-zenit","post--single"],"yoast_head":"<!-- This site is optimized with the Yoast SEO plugin v27.4 - https:\/\/yoast.com\/product\/yoast-seo-wordpress\/ -->\n<title>Vasco anuncia Robert Renan para refor\u00e7ar zaga at\u00e9 2026<\/title>\n<meta name=\"description\" content=\"Vasco anuncia Robert Renan, zagueiro de 21 anos, por empr\u00e9stimo do Zenit at\u00e9 2026, refor\u00e7ando defesa em meio a mudan\u00e7as.\" \/>\n<meta name=\"robots\" content=\"index, follow, max-snippet:-1, max-image-preview:large, max-video-preview:-1\" \/>\n<link rel=\"canonical\" href=\"https:\/\/folhadoleste.com.br\/en\/vasco-anuncia-robert-renan\/\" \/>\n<meta property=\"og:locale\" content=\"en_US\" \/>\n<meta property=\"og:type\" content=\"article\" \/>\n<meta property=\"og:title\" content=\"Vasco anuncia Robert Renan para refor\u00e7ar zaga at\u00e9 2026\" \/>\n<meta property=\"og:description\" content=\"Vasco anuncia Robert Renan, zagueiro de 21 anos, por empr\u00e9stimo do Zenit at\u00e9 2026, refor\u00e7ando defesa em meio a mudan\u00e7as.\" \/>\n<meta property=\"og:url\" content=\"https:\/\/folhadoleste.com.br\/en\/vasco-anuncia-robert-renan\/\" \/>\n<meta property=\"og:site_name\" content=\"Folha do Leste\" \/>\n<meta property=\"article:publisher\" content=\"https:\/\/www.facebook.com\/folhadoleste\" \/>\n<meta property=\"article:published_time\" content=\"2025-08-25T17:00:22+00:00\" \/>\n<meta property=\"article:modified_time\" content=\"2025-08-25T18:31:06+00:00\" \/>\n<meta property=\"og:image\" content=\"https:\/\/folhadoleste.com.br\/wp-content\/uploads\/2025\/08\/Vasco-anuncia-Robert-Renan-para-reforcar-zaga-ate-2026-Foto-Cortada-Matheus-Lima-Vasco.png\" \/>\n\t<meta property=\"og:image:width\" content=\"1200\" \/>\n\t<meta property=\"og:image:height\" content=\"675\" \/>\n\t<meta property=\"og:image:type\" content=\"image\/png\" \/>\n<meta name=\"author\" content=\"Enzo Carvalho\" \/>\n<meta name=\"twitter:card\" content=\"summary_large_image\" \/>\n<meta name=\"twitter:creator\" content=\"@FolhadoLesteRJ\" \/>\n<meta name=\"twitter:site\" content=\"@FolhadoLesteRJ\" \/>\n<meta name=\"twitter:label1\" content=\"Written by\" \/>\n\t<meta name=\"twitter:data1\" content=\"Enzo Carvalho\" \/>\n\t<meta name=\"twitter:label2\" content=\"Est. reading time\" \/>\n\t<meta name=\"twitter:data2\" content=\"2 minutes\" \/>\n<script type=\"application\/ld+json\" class=\"yoast-schema-graph\">{\"@context\":\"https:\\\/\\\/schema.org\",\"@graph\":[{\"@type\":\"NewsArticle\",\"@id\":\"https:\\\/\\\/folhadoleste.com.br\\\/vasco-anuncia-robert-renan\\\/#article\",\"isPartOf\":{\"@id\":\"https:\\\/\\\/folhadoleste.com.br\\\/vasco-anuncia-robert-renan\\\/\"},\"author\":{\"name\":\"Enzo Carvalho\",\"@id\":\"https:\\\/\\\/folhadoleste.com.br\\\/#\\\/schema\\\/person\\\/05d8a4b256c9faea581495e6c9be06f2\"},\"headline\":\"Vasco anuncia Robert Renan para refor\u00e7ar zaga at\u00e9 2026\",\"datePublished\":\"2025-08-25T17:00:22+00:00\",\"dateModified\":\"2025-08-25T18:31:06+00:00\",\"mainEntityOfPage\":{\"@id\":\"https:\\\/\\\/folhadoleste.com.br\\\/vasco-anuncia-robert-renan\\\/\"},\"wordCount\":216,\"commentCount\":0,\"publisher\":{\"@id\":\"https:\\\/\\\/folhadoleste.com.br\\\/#organization\"},\"image\":{\"@id\":\"https:\\\/\\\/folhadoleste.com.br\\\/vasco-anuncia-robert-renan\\\/#primaryimage\"},\"thumbnailUrl\":\"https:\\\/\\\/folhadoleste.com.br\\\/wp-content\\\/uploads\\\/2025\\\/08\\\/Vasco-anuncia-Robert-Renan-para-reforcar-zaga-ate-2026-Foto-Cortada-Matheus-Lima-Vasco.png\",\"keywords\":[\"Brasileir\u00e3o\",\"contrata\u00e7\u00e3o Vasco\",\"Esportes\",\"futebol\",\"Mercado da bola\",\"Robert Renan\",\"Vasco\",\"Vasco da Gama\",\"zagueiro\",\"Zenit\"],\"articleSection\":[\"Esportes\",\"Futebol\"],\"inLanguage\":\"en-US\",\"potentialAction\":[{\"@type\":\"CommentAction\",\"name\":\"Comment\",\"target\":[\"https:\\\/\\\/folhadoleste.com.br\\\/vasco-anuncia-robert-renan\\\/#respond\"]}]},{\"@type\":\"WebPage\",\"@id\":\"https:\\\/\\\/folhadoleste.com.br\\\/vasco-anuncia-robert-renan\\\/\",\"url\":\"https:\\\/\\\/folhadoleste.com.br\\\/vasco-anuncia-robert-renan\\\/\",\"name\":\"Vasco anuncia Robert Renan para refor\u00e7ar zaga at\u00e9 2026\",\"isPartOf\":{\"@id\":\"https:\\\/\\\/folhadoleste.com.br\\\/#website\"},\"primaryImageOfPage\":{\"@id\":\"https:\\\/\\\/folhadoleste.com.br\\\/vasco-anuncia-robert-renan\\\/#primaryimage\"},\"image\":{\"@id\":\"https:\\\/\\\/folhadoleste.com.br\\\/vasco-anuncia-robert-renan\\\/#primaryimage\"},\"thumbnailUrl\":\"https:\\\/\\\/folhadoleste.com.br\\\/wp-content\\\/uploads\\\/2025\\\/08\\\/Vasco-anuncia-Robert-Renan-para-reforcar-zaga-ate-2026-Foto-Cortada-Matheus-Lima-Vasco.png\",\"datePublished\":\"2025-08-25T17:00:22+00:00\",\"dateModified\":\"2025-08-25T18:31:06+00:00\",\"description\":\"Vasco anuncia Robert Renan, zagueiro de 21 anos, por empr\u00e9stimo do Zenit at\u00e9 2026, refor\u00e7ando defesa em meio a mudan\u00e7as.\",\"breadcrumb\":{\"@id\":\"https:\\\/\\\/folhadoleste.com.br\\\/vasco-anuncia-robert-renan\\\/#breadcrumb\"},\"inLanguage\":\"en-US\",\"potentialAction\":[{\"@type\":\"ReadAction\",\"target\":[\"https:\\\/\\\/folhadoleste.com.br\\\/vasco-anuncia-robert-renan\\\/\"]}]},{\"@type\":\"ImageObject\",\"inLanguage\":\"en-US\",\"@id\":\"https:\\\/\\\/folhadoleste.com.br\\\/vasco-anuncia-robert-renan\\\/#primaryimage\",\"url\":\"https:\\\/\\\/folhadoleste.com.br\\\/wp-content\\\/uploads\\\/2025\\\/08\\\/Vasco-anuncia-Robert-Renan-para-reforcar-zaga-ate-2026-Foto-Cortada-Matheus-Lima-Vasco.png\",\"contentUrl\":\"https:\\\/\\\/folhadoleste.com.br\\\/wp-content\\\/uploads\\\/2025\\\/08\\\/Vasco-anuncia-Robert-Renan-para-reforcar-zaga-ate-2026-Foto-Cortada-Matheus-Lima-Vasco.png\",\"width\":1200,\"height\":675,\"caption\":\"Vasco anuncia Robert Renan para refor\u00e7ar zaga at\u00e9 2026 | Matheus Lima\\\/Vasco\"},{\"@type\":\"BreadcrumbList\",\"@id\":\"https:\\\/\\\/folhadoleste.com.br\\\/vasco-anuncia-robert-renan\\\/#breadcrumb\",\"itemListElement\":[{\"@type\":\"ListItem\",\"position\":1,\"name\":\"In\u00edcio\",\"item\":\"https:\\\/\\\/folhadoleste.com.br\\\/\"},{\"@type\":\"ListItem\",\"position\":2,\"name\":\"Esportes\",\"item\":\"https:\\\/\\\/folhadoleste.com.br\\\/category\\\/esportes\\\/\"},{\"@type\":\"ListItem\",\"position\":3,\"name\":\"Futebol\",\"item\":\"https:\\\/\\\/folhadoleste.com.br\\\/category\\\/esportes\\\/futebol-esportes\\\/\"},{\"@type\":\"ListItem\",\"position\":4,\"name\":\"Vasco anuncia Robert Renan para refor\u00e7ar zaga at\u00e9 2026\"}]},{\"@type\":\"WebSite\",\"@id\":\"https:\\\/\\\/folhadoleste.com.br\\\/#website\",\"url\":\"https:\\\/\\\/folhadoleste.com.br\\\/\",\"name\":\"Folha do Leste\",\"description\":\"Portal de Not\u00edcias com \u00eanfase em Niter\u00f3i, criando conte\u00fados desde a capital Rio de Janeiro, com olhar para o Leste Fluminense e suas cidades como S\u00e3o Gon\u00e7alo, Itabora\u00ed, Rio Bonito, Maric\u00e1, Saquarema e Araruama\",\"publisher\":{\"@id\":\"https:\\\/\\\/folhadoleste.com.br\\\/#organization\"},\"alternateName\":\"FL\",\"potentialAction\":[{\"@type\":\"SearchAction\",\"target\":{\"@type\":\"EntryPoint\",\"urlTemplate\":\"https:\\\/\\\/folhadoleste.com.br\\\/?s={search_term_string}\"},\"query-input\":{\"@type\":\"PropertyValueSpecification\",\"valueRequired\":true,\"valueName\":\"search_term_string\"}}],\"inLanguage\":\"en-US\"},{\"@type\":\"Organization\",\"@id\":\"https:\\\/\\\/folhadoleste.com.br\\\/#organization\",\"name\":\"Brasil 21 Comunica\u00e7\u00e3o\",\"alternateName\":\"BR21\",\"url\":\"https:\\\/\\\/folhadoleste.com.br\\\/\",\"logo\":{\"@type\":\"ImageObject\",\"inLanguage\":\"en-US\",\"@id\":\"https:\\\/\\\/folhadoleste.com.br\\\/#\\\/schema\\\/logo\\\/image\\\/\",\"url\":\"https:\\\/\\\/folhadoleste.com.br\\\/wp-content\\\/uploads\\\/2025\\\/12\\\/brasil-21-logomarca.avif\",\"contentUrl\":\"https:\\\/\\\/folhadoleste.com.br\\\/wp-content\\\/uploads\\\/2025\\\/12\\\/brasil-21-logomarca.avif\",\"width\":1044,\"height\":1044,\"caption\":\"Brasil 21 Comunica\u00e7\u00e3o\"},\"image\":{\"@id\":\"https:\\\/\\\/folhadoleste.com.br\\\/#\\\/schema\\\/logo\\\/image\\\/\"},\"sameAs\":[\"https:\\\/\\\/www.facebook.com\\\/folhadoleste\",\"https:\\\/\\\/x.com\\\/FolhadoLesteRJ\",\"https:\\\/\\\/www.instagram.com\\\/folhadoleste\\\/\"]},{\"@type\":\"Person\",\"@id\":\"https:\\\/\\\/folhadoleste.com.br\\\/#\\\/schema\\\/person\\\/05d8a4b256c9faea581495e6c9be06f2\",\"name\":\"Enzo Carvalho\",\"image\":{\"@type\":\"ImageObject\",\"inLanguage\":\"en-US\",\"@id\":\"https:\\\/\\\/folhadoleste.com.br\\\/wp-content\\\/litespeed\\\/avatar\\\/3fe471b6df482b28961bb8e87cd40a81.jpg?ver=1777161141\",\"url\":\"https:\\\/\\\/folhadoleste.com.br\\\/wp-content\\\/litespeed\\\/avatar\\\/3fe471b6df482b28961bb8e87cd40a81.jpg?ver=1777161141\",\"contentUrl\":\"https:\\\/\\\/folhadoleste.com.br\\\/wp-content\\\/litespeed\\\/avatar\\\/3fe471b6df482b28961bb8e87cd40a81.jpg?ver=1777161141\",\"caption\":\"Enzo Carvalho\"},\"description\":\"Enzo Carvalho \u00e9 jornalista profissional, com atua\u00e7\u00e3o voltada \u00e0 cobertura de inova\u00e7\u00e3o, tecnologia, cotidiano e esportes. Ex-jogador profissional de e-sports, traz para o jornalismo uma compreens\u00e3o pr\u00e1tica do universo digital, das plataformas tecnol\u00f3gicas e das transforma\u00e7\u00f5es provocadas pela cultura conectada.\",\"url\":\"https:\\\/\\\/folhadoleste.com.br\\\/en\\\/author\\\/enzo-carvalho\\\/\"}]}<\/script>\n<!-- \/ Yoast SEO plugin. -->","yoast_head_json":{"title":"Vasco anuncia Robert Renan para refor\u00e7ar zaga at\u00e9 2026","description":"Vasco anuncia Robert Renan, zagueiro de 21 anos, por empr\u00e9stimo do Zenit at\u00e9 2026, refor\u00e7ando defesa em meio a mudan\u00e7as.","robots":{"index":"index","follow":"follow","max-snippet":"max-snippet:-1","max-image-preview":"max-image-preview:large","max-video-preview":"max-video-preview:-1"},"canonical":"https:\/\/folhadoleste.com.br\/en\/vasco-anuncia-robert-renan\/","og_locale":"en_US","og_type":"article","og_title":"Vasco anuncia Robert Renan para refor\u00e7ar zaga at\u00e9 2026","og_description":"Vasco anuncia Robert Renan, zagueiro de 21 anos, por empr\u00e9stimo do Zenit at\u00e9 2026, refor\u00e7ando defesa em meio a mudan\u00e7as.","og_url":"https:\/\/folhadoleste.com.br\/en\/vasco-anuncia-robert-renan\/","og_site_name":"Folha do Leste","article_publisher":"https:\/\/www.facebook.com\/folhadoleste","article_published_time":"2025-08-25T17:00:22+00:00","article_modified_time":"2025-08-25T18:31:06+00:00","og_image":[{"width":1200,"height":675,"url":"https:\/\/folhadoleste.com.br\/wp-content\/uploads\/2025\/08\/Vasco-anuncia-Robert-Renan-para-reforcar-zaga-ate-2026-Foto-Cortada-Matheus-Lima-Vasco.png","type":"image\/png"}],"author":"Enzo Carvalho","twitter_card":"summary_large_image","twitter_creator":"@FolhadoLesteRJ","twitter_site":"@FolhadoLesteRJ","twitter_misc":{"Written by":"Enzo Carvalho","Est. reading time":"2 minutes"},"schema":{"@context":"https:\/\/schema.org","@graph":[{"@type":"NewsArticle","@id":"https:\/\/folhadoleste.com.br\/vasco-anuncia-robert-renan\/#article","isPartOf":{"@id":"https:\/\/folhadoleste.com.br\/vasco-anuncia-robert-renan\/"},"author":{"name":"Enzo Carvalho","@id":"https:\/\/folhadoleste.com.br\/#\/schema\/person\/05d8a4b256c9faea581495e6c9be06f2"},"headline":"Vasco anuncia Robert Renan para refor\u00e7ar zaga at\u00e9 2026","datePublished":"2025-08-25T17:00:22+00:00","dateModified":"2025-08-25T18:31:06+00:00","mainEntityOfPage":{"@id":"https:\/\/folhadoleste.com.br\/vasco-anuncia-robert-renan\/"},"wordCount":216,"commentCount":0,"publisher":{"@id":"https:\/\/folhadoleste.com.br\/#organization"},"image":{"@id":"https:\/\/folhadoleste.com.br\/vasco-anuncia-robert-renan\/#primaryimage"},"thumbnailUrl":"https:\/\/folhadoleste.com.br\/wp-content\/uploads\/2025\/08\/Vasco-anuncia-Robert-Renan-para-reforcar-zaga-ate-2026-Foto-Cortada-Matheus-Lima-Vasco.png","keywords":["Brasileir\u00e3o","contrata\u00e7\u00e3o Vasco","Esportes","futebol","Mercado da bola","Robert Renan","Vasco","Vasco da Gama","zagueiro","Zenit"],"articleSection":["Esportes","Futebol"],"inLanguage":"en-US","potentialAction":[{"@type":"CommentAction","name":"Comment","target":["https:\/\/folhadoleste.com.br\/vasco-anuncia-robert-renan\/#respond"]}]},{"@type":"WebPage","@id":"https:\/\/folhadoleste.com.br\/vasco-anuncia-robert-renan\/","url":"https:\/\/folhadoleste.com.br\/vasco-anuncia-robert-renan\/","name":"Vasco anuncia Robert Renan para refor\u00e7ar zaga at\u00e9 2026","isPartOf":{"@id":"https:\/\/folhadoleste.com.br\/#website"},"primaryImageOfPage":{"@id":"https:\/\/folhadoleste.com.br\/vasco-anuncia-robert-renan\/#primaryimage"},"image":{"@id":"https:\/\/folhadoleste.com.br\/vasco-anuncia-robert-renan\/#primaryimage"},"thumbnailUrl":"https:\/\/folhadoleste.com.br\/wp-content\/uploads\/2025\/08\/Vasco-anuncia-Robert-Renan-para-reforcar-zaga-ate-2026-Foto-Cortada-Matheus-Lima-Vasco.png","datePublished":"2025-08-25T17:00:22+00:00","dateModified":"2025-08-25T18:31:06+00:00","description":"Vasco anuncia Robert Renan, zagueiro de 21 anos, por empr\u00e9stimo do Zenit at\u00e9 2026, refor\u00e7ando defesa em meio a mudan\u00e7as.","breadcrumb":{"@id":"https:\/\/folhadoleste.com.br\/vasco-anuncia-robert-renan\/#breadcrumb"},"inLanguage":"en-US","potentialAction":[{"@type":"ReadAction","target":["https:\/\/folhadoleste.com.br\/vasco-anuncia-robert-renan\/"]}]},{"@type":"ImageObject","inLanguage":"en-US","@id":"https:\/\/folhadoleste.com.br\/vasco-anuncia-robert-renan\/#primaryimage","url":"https:\/\/folhadoleste.com.br\/wp-content\/uploads\/2025\/08\/Vasco-anuncia-Robert-Renan-para-reforcar-zaga-ate-2026-Foto-Cortada-Matheus-Lima-Vasco.png","contentUrl":"https:\/\/folhadoleste.com.br\/wp-content\/uploads\/2025\/08\/Vasco-anuncia-Robert-Renan-para-reforcar-zaga-ate-2026-Foto-Cortada-Matheus-Lima-Vasco.png","width":1200,"height":675,"caption":"Vasco anuncia Robert Renan para refor\u00e7ar zaga at\u00e9 2026 | Matheus Lima\/Vasco"},{"@type":"BreadcrumbList","@id":"https:\/\/folhadoleste.com.br\/vasco-anuncia-robert-renan\/#breadcrumb","itemListElement":[{"@type":"ListItem","position":1,"name":"In\u00edcio","item":"https:\/\/folhadoleste.com.br\/"},{"@type":"ListItem","position":2,"name":"Esportes","item":"https:\/\/folhadoleste.com.br\/category\/esportes\/"},{"@type":"ListItem","position":3,"name":"Futebol","item":"https:\/\/folhadoleste.com.br\/category\/esportes\/futebol-esportes\/"},{"@type":"ListItem","position":4,"name":"Vasco anuncia Robert Renan para refor\u00e7ar zaga at\u00e9 2026"}]},{"@type":"WebSite","@id":"https:\/\/folhadoleste.com.br\/#website","url":"https:\/\/folhadoleste.com.br\/","name":"Folha do Leste","description":"Portal de Not\u00edcias com \u00eanfase em Niter\u00f3i, criando conte\u00fados desde a capital Rio de Janeiro, com olhar para o Leste Fluminense e suas cidades como S\u00e3o Gon\u00e7alo, Itabora\u00ed, Rio Bonito, Maric\u00e1, Saquarema e Araruama","publisher":{"@id":"https:\/\/folhadoleste.com.br\/#organization"},"alternateName":"FL","potentialAction":[{"@type":"SearchAction","target":{"@type":"EntryPoint","urlTemplate":"https:\/\/folhadoleste.com.br\/?s={search_term_string}"},"query-input":{"@type":"PropertyValueSpecification","valueRequired":true,"valueName":"search_term_string"}}],"inLanguage":"en-US"},{"@type":"Organization","@id":"https:\/\/folhadoleste.com.br\/#organization","name":"Brasil 21 Comunica\u00e7\u00e3o","alternateName":"BR21","url":"https:\/\/folhadoleste.com.br\/","logo":{"@type":"ImageObject","inLanguage":"en-US","@id":"https:\/\/folhadoleste.com.br\/#\/schema\/logo\/image\/","url":"https:\/\/folhadoleste.com.br\/wp-content\/uploads\/2025\/12\/brasil-21-logomarca.avif","contentUrl":"https:\/\/folhadoleste.com.br\/wp-content\/uploads\/2025\/12\/brasil-21-logomarca.avif","width":1044,"height":1044,"caption":"Brasil 21 Comunica\u00e7\u00e3o"},"image":{"@id":"https:\/\/folhadoleste.com.br\/#\/schema\/logo\/image\/"},"sameAs":["https:\/\/www.facebook.com\/folhadoleste","https:\/\/x.com\/FolhadoLesteRJ","https:\/\/www.instagram.com\/folhadoleste\/"]},{"@type":"Person","@id":"https:\/\/folhadoleste.com.br\/#\/schema\/person\/05d8a4b256c9faea581495e6c9be06f2","name":"Enzo Carvalho","image":{"@type":"ImageObject","inLanguage":"en-US","@id":"https:\/\/folhadoleste.com.br\/wp-content\/litespeed\/avatar\/3fe471b6df482b28961bb8e87cd40a81.jpg?ver=1777161141","url":"https:\/\/folhadoleste.com.br\/wp-content\/litespeed\/avatar\/3fe471b6df482b28961bb8e87cd40a81.jpg?ver=1777161141","contentUrl":"https:\/\/folhadoleste.com.br\/wp-content\/litespeed\/avatar\/3fe471b6df482b28961bb8e87cd40a81.jpg?ver=1777161141","caption":"Enzo Carvalho"},"description":"Enzo Carvalho \u00e9 jornalista profissional, com atua\u00e7\u00e3o voltada \u00e0 cobertura de inova\u00e7\u00e3o, tecnologia, cotidiano e esportes. Ex-jogador profissional de e-sports, traz para o jornalismo uma compreens\u00e3o pr\u00e1tica do universo digital, das plataformas tecnol\u00f3gicas e das transforma\u00e7\u00f5es provocadas pela cultura conectada.","url":"https:\/\/folhadoleste.com.br\/en\/author\/enzo-carvalho\/"}]}},"_links":{"self":[{"href":"https:\/\/folhadoleste.com.br\/en\/wp-json\/wp\/v2\/posts\/136444","targetHints":{"allow":["GET"]}}],"collection":[{"href":"https:\/\/folhadoleste.com.br\/en\/wp-json\/wp\/v2\/posts"}],"about":[{"href":"https:\/\/folhadoleste.com.br\/en\/wp-json\/wp\/v2\/types\/post"}],"author":[{"embeddable":true,"href":"https:\/\/folhadoleste.com.br\/en\/wp-json\/wp\/v2\/users\/5"}],"replies":[{"embeddable":true,"href":"https:\/\/folhadoleste.com.br\/en\/wp-json\/wp\/v2\/comments?post=136444"}],"version-history":[{"count":1,"href":"https:\/\/folhadoleste.com.br\/en\/wp-json\/wp\/v2\/posts\/136444\/revisions"}],"predecessor-version":[{"id":136447,"href":"https:\/\/folhadoleste.com.br\/en\/wp-json\/wp\/v2\/posts\/136444\/revisions\/136447"}],"wp:featuredmedia":[{"embeddable":true,"href":"https:\/\/folhadoleste.com.br\/en\/wp-json\/wp\/v2\/media\/136446"}],"wp:attachment":[{"href":"https:\/\/folhadoleste.com.br\/en\/wp-json\/wp\/v2\/media?parent=136444"}],"wp:term":[{"taxonomy":"category","embeddable":true,"href":"https:\/\/folhadoleste.com.br\/en\/wp-json\/wp\/v2\/categories?post=136444"},{"taxonomy":"post_tag","embeddable":true,"href":"https:\/\/folhadoleste.com.br\/en\/wp-json\/wp\/v2\/tags?post=136444"}],"curies":[{"name":"wp","href":"https:\/\/api.w.org\/{rel}","templated":true}]}}