{"id":136305,"date":"2025-08-24T17:15:48","date_gmt":"2025-08-24T20:15:48","guid":{"rendered":"https:\/\/folhadoleste.com.br\/?p=136305"},"modified":"2025-08-24T16:49:28","modified_gmt":"2025-08-24T19:49:28","slug":"familia-flavio-bolsonaro-refem-resende","status":"publish","type":"post","link":"https:\/\/folhadoleste.com.br\/en\/familia-flavio-bolsonaro-refem-resende\/","title":{"rendered":"Fam\u00edlia de Fl\u00e1vio Bolsonaro \u00e9 feita ref\u00e9m em assalto em Resende"},"content":{"rendered":"<div id=\"attachment_136306\" style=\"width: 1194px\" class=\"wp-caption aligncenter\"><img decoding=\"async\" aria-describedby=\"caption-attachment-136306\" class=\"size-full wp-image-136306\" src=\"https:\/\/folhadoleste.com.br\/wp-content\/uploads\/2025\/08\/Familia-de-Flavio-Bolsonaro-e-feita-refem-em-assalto-em-Resende-Foto-Reproducao-e1756064955610.jpg\" alt=\"\" width=\"1184\" height=\"750\" \/><p id=\"caption-attachment-136306\" class=\"wp-caption-text\">Fam\u00edlia de Fl\u00e1vio Bolsonaro \u00e9 feita ref\u00e9m em assalto em Resende | Reprodu\u00e7\u00e3o<\/p><\/div>\n<p style=\"text-align: justify;\" data-start=\"161\" data-end=\"398\">A m\u00e3e do senador Fl\u00e1vio Bolsonaro, Rog\u00e9ria Bolsonaro, de 65 anos, e seus pais, ambos octogen\u00e1rios, foram feitos ref\u00e9ns durante um assalto na resid\u00eancia da fam\u00edlia, em Resende, no Sul Fluminense, na manh\u00e3 deste domingo (24).<\/p>\n<p style=\"text-align: justify;\" data-start=\"400\" data-end=\"662\">Segundo relatos, a a\u00e7\u00e3o criminosa durou mais de uma hora, e os assaltantes mantiveram os familiares sob amea\u00e7a de armas, usando fita adesiva para amorda\u00e7\u00e1-los. Durante o crime, questionavam sobre o paradeiro do \u201cdinheiro que Bolsonaro mandava\u201d.<\/p>\n<h4 style=\"text-align: justify;\" data-start=\"664\" data-end=\"690\"><em>Como ocorreu o crime<\/em><\/h4>\n<p style=\"text-align: justify;\" data-start=\"691\" data-end=\"919\">De acordo com um \u00e1udio gravado por Rog\u00e9ria Bolsonaro, os criminosos afirmaram ser da comunidade da Penha, na Zona Norte do Rio. Um v\u00eddeo publicado pelo senador mostra a resid\u00eancia revirada, com m\u00f3veis e objetos espalhados.<\/p>\n<p style=\"text-align: justify;\" data-start=\"921\" data-end=\"1067\">Sem encontrar dinheiro, os assaltantes fugiram levando joias, como an\u00e9is, e o carro do av\u00f4. Fl\u00e1vio Bolsonaro comentou nas redes sociais:<\/p>\n<h5 style=\"text-align: center;\"><span style=\"color: #000000;\"><span style=\"color: #ff0000;\"><strong>+ <\/strong><\/span><\/span><span style=\"color: #000000;\"><strong><span style=\"color: #ff9900;\">MAIS NOT\u00cdCIAS DO ESTADO DO RIO DE JANEIRO?<\/span> <span style=\"color: #008080;\"><a style=\"color: #008080;\" href=\"https:\/\/folhadoleste.com.br\/en\/category\/estado-do-rio-de-janeiro\/\">CLIQUE AQUI<\/a><\/span><\/strong><\/span><\/h5>\n<blockquote data-start=\"1069\" data-end=\"1534\">\n<p style=\"text-align: justify;\" data-start=\"1071\" data-end=\"1534\">&#8220;Gra\u00e7as a Deus est\u00e3o todos bem, mas foi mais de uma hora de terror, com arma na cabe\u00e7a e boca tampada com fita adesiva. Os marginais chegaram abordando minha m\u00e3e, dizendo que sabiam quem ela era e querendo saber onde estava o &#8216;dinheiro que o Bolsonaro mandava&#8217; para meus av\u00f3s. Como n\u00e3o havia dinheiro, levaram alguns an\u00e9is e fugiram roubando o carro do meu av\u00f4. J\u00e1 tomamos as provid\u00eancias e, se Deus quiser, em breve esses marginais covardes ser\u00e3o encontrados.&#8221;<\/p>\n<\/blockquote>\n<h4 style=\"text-align: justify;\" data-start=\"1536\" data-end=\"1557\"><em>A\u00e7\u00e3o da pol\u00edcia<\/em><\/h4>\n<p style=\"text-align: justify;\" data-start=\"1558\" data-end=\"1895\">A Pol\u00edcia Militar informou que realizou buscas na regi\u00e3o e recuperou o ve\u00edculo levado pelos assaltantes na Estrada do Ipiranga. A Pol\u00edcia Civil fez per\u00edcia na resid\u00eancia e busca imagens de c\u00e2meras de seguran\u00e7a.<\/p>\n<p style=\"text-align: justify;\" data-start=\"1558\" data-end=\"1895\">O caso foi registrado na 89\u00aa Delegacia de Pol\u00edcia de Resende, e at\u00e9 o momento nenhum suspeito foi preso.<\/p>","protected":false},"excerpt":{"rendered":"<p>Assaltantes mantiveram fam\u00edlia de Fl\u00e1vio Bolsonaro ref\u00e9m por mais de uma hora em Resende e fugiram com joias e ve\u00edculo<\/p>","protected":false},"author":5,"featured_media":136306,"comment_status":"open","ping_status":"open","sticky":false,"template":"","format":"standard","meta":{"footnotes":""},"categories":[46,2214],"tags":[3346,3776,4448,4037,493,203,13095,3872,84385,3360],"class_list":["post-136305","post","type-post","status-publish","format-standard","has-post-thumbnail","hentry","category-estado-do-rio-de-janeiro","category-sul-fluminense","tag-assalto","tag-carro-roubado","tag-flavio-bolsonaro","tag-joias","tag-pm","tag-policia-civil","tag-refens","tag-resende","tag-rogeria-bolsonaro","tag-sul-fluminense","post--single"],"yoast_head":"<!-- This site is optimized with the Yoast SEO plugin v27.4 - https:\/\/yoast.com\/product\/yoast-seo-wordpress\/ -->\n<title>Fam\u00edlia de Fl\u00e1vio Bolsonaro \u00e9 feita ref\u00e9m em assalto em Resende<\/title>\n<meta name=\"description\" content=\"Rog\u00e9ria Bolsonaro e os pais foram mantidos ref\u00e9ns em Resende por assaltantes que fugiram com joias e carro. PM recuperou ve\u00edculo e...\" \/>\n<meta name=\"robots\" content=\"index, follow, max-snippet:-1, max-image-preview:large, max-video-preview:-1\" \/>\n<link rel=\"canonical\" href=\"https:\/\/folhadoleste.com.br\/en\/familia-flavio-bolsonaro-refem-resende\/\" \/>\n<meta property=\"og:locale\" content=\"en_US\" \/>\n<meta property=\"og:type\" content=\"article\" \/>\n<meta property=\"og:title\" content=\"Fam\u00edlia de Fl\u00e1vio Bolsonaro \u00e9 feita ref\u00e9m em assalto em Resende\" \/>\n<meta property=\"og:description\" content=\"Rog\u00e9ria Bolsonaro e os pais foram mantidos ref\u00e9ns em Resende por assaltantes que fugiram com joias e carro. PM recuperou ve\u00edculo e...\" \/>\n<meta property=\"og:url\" content=\"https:\/\/folhadoleste.com.br\/en\/familia-flavio-bolsonaro-refem-resende\/\" \/>\n<meta property=\"og:site_name\" content=\"Folha do Leste\" \/>\n<meta property=\"article:publisher\" content=\"https:\/\/www.facebook.com\/folhadoleste\" \/>\n<meta property=\"article:published_time\" content=\"2025-08-24T20:15:48+00:00\" \/>\n<meta property=\"og:image\" content=\"https:\/\/folhadoleste.com.br\/wp-content\/uploads\/2025\/08\/Familia-de-Flavio-Bolsonaro-e-feita-refem-em-assalto-em-Resende-Foto-Reproducao-e1756064955610.jpg\" \/>\n\t<meta property=\"og:image:width\" content=\"1184\" \/>\n\t<meta property=\"og:image:height\" content=\"750\" \/>\n\t<meta property=\"og:image:type\" content=\"image\/jpeg\" \/>\n<meta name=\"author\" content=\"Enzo Carvalho\" \/>\n<meta name=\"twitter:card\" content=\"summary_large_image\" \/>\n<meta name=\"twitter:creator\" content=\"@FolhadoLesteRJ\" \/>\n<meta name=\"twitter:site\" content=\"@FolhadoLesteRJ\" \/>\n<meta name=\"twitter:label1\" content=\"Written by\" \/>\n\t<meta name=\"twitter:data1\" content=\"Enzo Carvalho\" \/>\n\t<meta name=\"twitter:label2\" content=\"Est. reading time\" \/>\n\t<meta name=\"twitter:data2\" content=\"2 minutes\" \/>\n<script type=\"application\/ld+json\" class=\"yoast-schema-graph\">{\"@context\":\"https:\\\/\\\/schema.org\",\"@graph\":[{\"@type\":\"NewsArticle\",\"@id\":\"https:\\\/\\\/folhadoleste.com.br\\\/familia-flavio-bolsonaro-refem-resende\\\/#article\",\"isPartOf\":{\"@id\":\"https:\\\/\\\/folhadoleste.com.br\\\/familia-flavio-bolsonaro-refem-resende\\\/\"},\"author\":{\"name\":\"Enzo Carvalho\",\"@id\":\"https:\\\/\\\/folhadoleste.com.br\\\/#\\\/schema\\\/person\\\/05d8a4b256c9faea581495e6c9be06f2\"},\"headline\":\"Fam\u00edlia de Fl\u00e1vio Bolsonaro \u00e9 feita ref\u00e9m em assalto em Resende\",\"datePublished\":\"2025-08-24T20:15:48+00:00\",\"mainEntityOfPage\":{\"@id\":\"https:\\\/\\\/folhadoleste.com.br\\\/familia-flavio-bolsonaro-refem-resende\\\/\"},\"wordCount\":349,\"commentCount\":0,\"publisher\":{\"@id\":\"https:\\\/\\\/folhadoleste.com.br\\\/#organization\"},\"image\":{\"@id\":\"https:\\\/\\\/folhadoleste.com.br\\\/familia-flavio-bolsonaro-refem-resende\\\/#primaryimage\"},\"thumbnailUrl\":\"https:\\\/\\\/folhadoleste.com.br\\\/wp-content\\\/uploads\\\/2025\\\/08\\\/Familia-de-Flavio-Bolsonaro-e-feita-refem-em-assalto-em-Resende-Foto-Reproducao-e1756064955610.jpg\",\"keywords\":[\"assalto\",\"Carro roubado\",\"Fl\u00e1vio Bolsonaro\",\"joias\",\"PM\",\"pol\u00edcia civil\",\"Ref\u00e9ns\",\"Resende\",\"Rog\u00e9ria Bolsonaro\",\"Sul Fluminense\"],\"articleSection\":[\"Estado do Rio de Janeiro\",\"Sul Fluminense\"],\"inLanguage\":\"en-US\",\"potentialAction\":[{\"@type\":\"CommentAction\",\"name\":\"Comment\",\"target\":[\"https:\\\/\\\/folhadoleste.com.br\\\/familia-flavio-bolsonaro-refem-resende\\\/#respond\"]}]},{\"@type\":\"WebPage\",\"@id\":\"https:\\\/\\\/folhadoleste.com.br\\\/familia-flavio-bolsonaro-refem-resende\\\/\",\"url\":\"https:\\\/\\\/folhadoleste.com.br\\\/familia-flavio-bolsonaro-refem-resende\\\/\",\"name\":\"Fam\u00edlia de Fl\u00e1vio Bolsonaro \u00e9 feita ref\u00e9m em assalto em Resende\",\"isPartOf\":{\"@id\":\"https:\\\/\\\/folhadoleste.com.br\\\/#website\"},\"primaryImageOfPage\":{\"@id\":\"https:\\\/\\\/folhadoleste.com.br\\\/familia-flavio-bolsonaro-refem-resende\\\/#primaryimage\"},\"image\":{\"@id\":\"https:\\\/\\\/folhadoleste.com.br\\\/familia-flavio-bolsonaro-refem-resende\\\/#primaryimage\"},\"thumbnailUrl\":\"https:\\\/\\\/folhadoleste.com.br\\\/wp-content\\\/uploads\\\/2025\\\/08\\\/Familia-de-Flavio-Bolsonaro-e-feita-refem-em-assalto-em-Resende-Foto-Reproducao-e1756064955610.jpg\",\"datePublished\":\"2025-08-24T20:15:48+00:00\",\"description\":\"Rog\u00e9ria Bolsonaro e os pais foram mantidos ref\u00e9ns em Resende por assaltantes que fugiram com joias e carro. PM recuperou ve\u00edculo e...\",\"breadcrumb\":{\"@id\":\"https:\\\/\\\/folhadoleste.com.br\\\/familia-flavio-bolsonaro-refem-resende\\\/#breadcrumb\"},\"inLanguage\":\"en-US\",\"potentialAction\":[{\"@type\":\"ReadAction\",\"target\":[\"https:\\\/\\\/folhadoleste.com.br\\\/familia-flavio-bolsonaro-refem-resende\\\/\"]}]},{\"@type\":\"ImageObject\",\"inLanguage\":\"en-US\",\"@id\":\"https:\\\/\\\/folhadoleste.com.br\\\/familia-flavio-bolsonaro-refem-resende\\\/#primaryimage\",\"url\":\"https:\\\/\\\/folhadoleste.com.br\\\/wp-content\\\/uploads\\\/2025\\\/08\\\/Familia-de-Flavio-Bolsonaro-e-feita-refem-em-assalto-em-Resende-Foto-Reproducao-e1756064955610.jpg\",\"contentUrl\":\"https:\\\/\\\/folhadoleste.com.br\\\/wp-content\\\/uploads\\\/2025\\\/08\\\/Familia-de-Flavio-Bolsonaro-e-feita-refem-em-assalto-em-Resende-Foto-Reproducao-e1756064955610.jpg\",\"width\":1184,\"height\":750,\"caption\":\"Fam\u00edlia de Fl\u00e1vio Bolsonaro \u00e9 feita ref\u00e9m em assalto em Resende | Reprodu\u00e7\u00e3o\"},{\"@type\":\"BreadcrumbList\",\"@id\":\"https:\\\/\\\/folhadoleste.com.br\\\/familia-flavio-bolsonaro-refem-resende\\\/#breadcrumb\",\"itemListElement\":[{\"@type\":\"ListItem\",\"position\":1,\"name\":\"In\u00edcio\",\"item\":\"https:\\\/\\\/folhadoleste.com.br\\\/\"},{\"@type\":\"ListItem\",\"position\":2,\"name\":\"Estado do Rio de Janeiro\",\"item\":\"https:\\\/\\\/folhadoleste.com.br\\\/category\\\/estado-do-rio-de-janeiro\\\/\"},{\"@type\":\"ListItem\",\"position\":3,\"name\":\"Sul Fluminense\",\"item\":\"https:\\\/\\\/folhadoleste.com.br\\\/category\\\/estado-do-rio-de-janeiro\\\/sul-fluminense\\\/\"},{\"@type\":\"ListItem\",\"position\":4,\"name\":\"Fam\u00edlia de Fl\u00e1vio Bolsonaro \u00e9 feita ref\u00e9m em assalto em Resende\"}]},{\"@type\":\"WebSite\",\"@id\":\"https:\\\/\\\/folhadoleste.com.br\\\/#website\",\"url\":\"https:\\\/\\\/folhadoleste.com.br\\\/\",\"name\":\"Folha do Leste\",\"description\":\"Portal de Not\u00edcias com \u00eanfase em Niter\u00f3i, criando conte\u00fados desde a capital Rio de Janeiro, com olhar para o Leste Fluminense e suas cidades como S\u00e3o Gon\u00e7alo, Itabora\u00ed, Rio Bonito, Maric\u00e1, Saquarema e Araruama\",\"publisher\":{\"@id\":\"https:\\\/\\\/folhadoleste.com.br\\\/#organization\"},\"alternateName\":\"FL\",\"potentialAction\":[{\"@type\":\"SearchAction\",\"target\":{\"@type\":\"EntryPoint\",\"urlTemplate\":\"https:\\\/\\\/folhadoleste.com.br\\\/?s={search_term_string}\"},\"query-input\":{\"@type\":\"PropertyValueSpecification\",\"valueRequired\":true,\"valueName\":\"search_term_string\"}}],\"inLanguage\":\"en-US\"},{\"@type\":\"Organization\",\"@id\":\"https:\\\/\\\/folhadoleste.com.br\\\/#organization\",\"name\":\"Brasil 21 Comunica\u00e7\u00e3o\",\"alternateName\":\"BR21\",\"url\":\"https:\\\/\\\/folhadoleste.com.br\\\/\",\"logo\":{\"@type\":\"ImageObject\",\"inLanguage\":\"en-US\",\"@id\":\"https:\\\/\\\/folhadoleste.com.br\\\/#\\\/schema\\\/logo\\\/image\\\/\",\"url\":\"https:\\\/\\\/folhadoleste.com.br\\\/wp-content\\\/uploads\\\/2025\\\/12\\\/brasil-21-logomarca.avif\",\"contentUrl\":\"https:\\\/\\\/folhadoleste.com.br\\\/wp-content\\\/uploads\\\/2025\\\/12\\\/brasil-21-logomarca.avif\",\"width\":1044,\"height\":1044,\"caption\":\"Brasil 21 Comunica\u00e7\u00e3o\"},\"image\":{\"@id\":\"https:\\\/\\\/folhadoleste.com.br\\\/#\\\/schema\\\/logo\\\/image\\\/\"},\"sameAs\":[\"https:\\\/\\\/www.facebook.com\\\/folhadoleste\",\"https:\\\/\\\/x.com\\\/FolhadoLesteRJ\",\"https:\\\/\\\/www.instagram.com\\\/folhadoleste\\\/\"]},{\"@type\":\"Person\",\"@id\":\"https:\\\/\\\/folhadoleste.com.br\\\/#\\\/schema\\\/person\\\/05d8a4b256c9faea581495e6c9be06f2\",\"name\":\"Enzo Carvalho\",\"image\":{\"@type\":\"ImageObject\",\"inLanguage\":\"en-US\",\"@id\":\"https:\\\/\\\/folhadoleste.com.br\\\/wp-content\\\/litespeed\\\/avatar\\\/3fe471b6df482b28961bb8e87cd40a81.jpg?ver=1777161141\",\"url\":\"https:\\\/\\\/folhadoleste.com.br\\\/wp-content\\\/litespeed\\\/avatar\\\/3fe471b6df482b28961bb8e87cd40a81.jpg?ver=1777161141\",\"contentUrl\":\"https:\\\/\\\/folhadoleste.com.br\\\/wp-content\\\/litespeed\\\/avatar\\\/3fe471b6df482b28961bb8e87cd40a81.jpg?ver=1777161141\",\"caption\":\"Enzo Carvalho\"},\"description\":\"Enzo Carvalho \u00e9 jornalista profissional, com atua\u00e7\u00e3o voltada \u00e0 cobertura de inova\u00e7\u00e3o, tecnologia, cotidiano e esportes. Ex-jogador profissional de e-sports, traz para o jornalismo uma compreens\u00e3o pr\u00e1tica do universo digital, das plataformas tecnol\u00f3gicas e das transforma\u00e7\u00f5es provocadas pela cultura conectada.\",\"url\":\"https:\\\/\\\/folhadoleste.com.br\\\/en\\\/author\\\/enzo-carvalho\\\/\"}]}<\/script>\n<!-- \/ Yoast SEO plugin. -->","yoast_head_json":{"title":"Fam\u00edlia de Fl\u00e1vio Bolsonaro \u00e9 feita ref\u00e9m em assalto em Resende","description":"Rog\u00e9ria Bolsonaro e os pais foram mantidos ref\u00e9ns em Resende por assaltantes que fugiram com joias e carro. PM recuperou ve\u00edculo e...","robots":{"index":"index","follow":"follow","max-snippet":"max-snippet:-1","max-image-preview":"max-image-preview:large","max-video-preview":"max-video-preview:-1"},"canonical":"https:\/\/folhadoleste.com.br\/en\/familia-flavio-bolsonaro-refem-resende\/","og_locale":"en_US","og_type":"article","og_title":"Fam\u00edlia de Fl\u00e1vio Bolsonaro \u00e9 feita ref\u00e9m em assalto em Resende","og_description":"Rog\u00e9ria Bolsonaro e os pais foram mantidos ref\u00e9ns em Resende por assaltantes que fugiram com joias e carro. PM recuperou ve\u00edculo e...","og_url":"https:\/\/folhadoleste.com.br\/en\/familia-flavio-bolsonaro-refem-resende\/","og_site_name":"Folha do Leste","article_publisher":"https:\/\/www.facebook.com\/folhadoleste","article_published_time":"2025-08-24T20:15:48+00:00","og_image":[{"width":1184,"height":750,"url":"https:\/\/folhadoleste.com.br\/wp-content\/uploads\/2025\/08\/Familia-de-Flavio-Bolsonaro-e-feita-refem-em-assalto-em-Resende-Foto-Reproducao-e1756064955610.jpg","type":"image\/jpeg"}],"author":"Enzo Carvalho","twitter_card":"summary_large_image","twitter_creator":"@FolhadoLesteRJ","twitter_site":"@FolhadoLesteRJ","twitter_misc":{"Written by":"Enzo Carvalho","Est. reading time":"2 minutes"},"schema":{"@context":"https:\/\/schema.org","@graph":[{"@type":"NewsArticle","@id":"https:\/\/folhadoleste.com.br\/familia-flavio-bolsonaro-refem-resende\/#article","isPartOf":{"@id":"https:\/\/folhadoleste.com.br\/familia-flavio-bolsonaro-refem-resende\/"},"author":{"name":"Enzo Carvalho","@id":"https:\/\/folhadoleste.com.br\/#\/schema\/person\/05d8a4b256c9faea581495e6c9be06f2"},"headline":"Fam\u00edlia de Fl\u00e1vio Bolsonaro \u00e9 feita ref\u00e9m em assalto em Resende","datePublished":"2025-08-24T20:15:48+00:00","mainEntityOfPage":{"@id":"https:\/\/folhadoleste.com.br\/familia-flavio-bolsonaro-refem-resende\/"},"wordCount":349,"commentCount":0,"publisher":{"@id":"https:\/\/folhadoleste.com.br\/#organization"},"image":{"@id":"https:\/\/folhadoleste.com.br\/familia-flavio-bolsonaro-refem-resende\/#primaryimage"},"thumbnailUrl":"https:\/\/folhadoleste.com.br\/wp-content\/uploads\/2025\/08\/Familia-de-Flavio-Bolsonaro-e-feita-refem-em-assalto-em-Resende-Foto-Reproducao-e1756064955610.jpg","keywords":["assalto","Carro roubado","Fl\u00e1vio Bolsonaro","joias","PM","pol\u00edcia civil","Ref\u00e9ns","Resende","Rog\u00e9ria Bolsonaro","Sul Fluminense"],"articleSection":["Estado do Rio de Janeiro","Sul Fluminense"],"inLanguage":"en-US","potentialAction":[{"@type":"CommentAction","name":"Comment","target":["https:\/\/folhadoleste.com.br\/familia-flavio-bolsonaro-refem-resende\/#respond"]}]},{"@type":"WebPage","@id":"https:\/\/folhadoleste.com.br\/familia-flavio-bolsonaro-refem-resende\/","url":"https:\/\/folhadoleste.com.br\/familia-flavio-bolsonaro-refem-resende\/","name":"Fam\u00edlia de Fl\u00e1vio Bolsonaro \u00e9 feita ref\u00e9m em assalto em Resende","isPartOf":{"@id":"https:\/\/folhadoleste.com.br\/#website"},"primaryImageOfPage":{"@id":"https:\/\/folhadoleste.com.br\/familia-flavio-bolsonaro-refem-resende\/#primaryimage"},"image":{"@id":"https:\/\/folhadoleste.com.br\/familia-flavio-bolsonaro-refem-resende\/#primaryimage"},"thumbnailUrl":"https:\/\/folhadoleste.com.br\/wp-content\/uploads\/2025\/08\/Familia-de-Flavio-Bolsonaro-e-feita-refem-em-assalto-em-Resende-Foto-Reproducao-e1756064955610.jpg","datePublished":"2025-08-24T20:15:48+00:00","description":"Rog\u00e9ria Bolsonaro e os pais foram mantidos ref\u00e9ns em Resende por assaltantes que fugiram com joias e carro. PM recuperou ve\u00edculo e...","breadcrumb":{"@id":"https:\/\/folhadoleste.com.br\/familia-flavio-bolsonaro-refem-resende\/#breadcrumb"},"inLanguage":"en-US","potentialAction":[{"@type":"ReadAction","target":["https:\/\/folhadoleste.com.br\/familia-flavio-bolsonaro-refem-resende\/"]}]},{"@type":"ImageObject","inLanguage":"en-US","@id":"https:\/\/folhadoleste.com.br\/familia-flavio-bolsonaro-refem-resende\/#primaryimage","url":"https:\/\/folhadoleste.com.br\/wp-content\/uploads\/2025\/08\/Familia-de-Flavio-Bolsonaro-e-feita-refem-em-assalto-em-Resende-Foto-Reproducao-e1756064955610.jpg","contentUrl":"https:\/\/folhadoleste.com.br\/wp-content\/uploads\/2025\/08\/Familia-de-Flavio-Bolsonaro-e-feita-refem-em-assalto-em-Resende-Foto-Reproducao-e1756064955610.jpg","width":1184,"height":750,"caption":"Fam\u00edlia de Fl\u00e1vio Bolsonaro \u00e9 feita ref\u00e9m em assalto em Resende | Reprodu\u00e7\u00e3o"},{"@type":"BreadcrumbList","@id":"https:\/\/folhadoleste.com.br\/familia-flavio-bolsonaro-refem-resende\/#breadcrumb","itemListElement":[{"@type":"ListItem","position":1,"name":"In\u00edcio","item":"https:\/\/folhadoleste.com.br\/"},{"@type":"ListItem","position":2,"name":"Estado do Rio de Janeiro","item":"https:\/\/folhadoleste.com.br\/category\/estado-do-rio-de-janeiro\/"},{"@type":"ListItem","position":3,"name":"Sul Fluminense","item":"https:\/\/folhadoleste.com.br\/category\/estado-do-rio-de-janeiro\/sul-fluminense\/"},{"@type":"ListItem","position":4,"name":"Fam\u00edlia de Fl\u00e1vio Bolsonaro \u00e9 feita ref\u00e9m em assalto em Resende"}]},{"@type":"WebSite","@id":"https:\/\/folhadoleste.com.br\/#website","url":"https:\/\/folhadoleste.com.br\/","name":"Folha do Leste","description":"Portal de Not\u00edcias com \u00eanfase em Niter\u00f3i, criando conte\u00fados desde a capital Rio de Janeiro, com olhar para o Leste Fluminense e suas cidades como S\u00e3o Gon\u00e7alo, Itabora\u00ed, Rio Bonito, Maric\u00e1, Saquarema e Araruama","publisher":{"@id":"https:\/\/folhadoleste.com.br\/#organization"},"alternateName":"FL","potentialAction":[{"@type":"SearchAction","target":{"@type":"EntryPoint","urlTemplate":"https:\/\/folhadoleste.com.br\/?s={search_term_string}"},"query-input":{"@type":"PropertyValueSpecification","valueRequired":true,"valueName":"search_term_string"}}],"inLanguage":"en-US"},{"@type":"Organization","@id":"https:\/\/folhadoleste.com.br\/#organization","name":"Brasil 21 Comunica\u00e7\u00e3o","alternateName":"BR21","url":"https:\/\/folhadoleste.com.br\/","logo":{"@type":"ImageObject","inLanguage":"en-US","@id":"https:\/\/folhadoleste.com.br\/#\/schema\/logo\/image\/","url":"https:\/\/folhadoleste.com.br\/wp-content\/uploads\/2025\/12\/brasil-21-logomarca.avif","contentUrl":"https:\/\/folhadoleste.com.br\/wp-content\/uploads\/2025\/12\/brasil-21-logomarca.avif","width":1044,"height":1044,"caption":"Brasil 21 Comunica\u00e7\u00e3o"},"image":{"@id":"https:\/\/folhadoleste.com.br\/#\/schema\/logo\/image\/"},"sameAs":["https:\/\/www.facebook.com\/folhadoleste","https:\/\/x.com\/FolhadoLesteRJ","https:\/\/www.instagram.com\/folhadoleste\/"]},{"@type":"Person","@id":"https:\/\/folhadoleste.com.br\/#\/schema\/person\/05d8a4b256c9faea581495e6c9be06f2","name":"Enzo Carvalho","image":{"@type":"ImageObject","inLanguage":"en-US","@id":"https:\/\/folhadoleste.com.br\/wp-content\/litespeed\/avatar\/3fe471b6df482b28961bb8e87cd40a81.jpg?ver=1777161141","url":"https:\/\/folhadoleste.com.br\/wp-content\/litespeed\/avatar\/3fe471b6df482b28961bb8e87cd40a81.jpg?ver=1777161141","contentUrl":"https:\/\/folhadoleste.com.br\/wp-content\/litespeed\/avatar\/3fe471b6df482b28961bb8e87cd40a81.jpg?ver=1777161141","caption":"Enzo Carvalho"},"description":"Enzo Carvalho \u00e9 jornalista profissional, com atua\u00e7\u00e3o voltada \u00e0 cobertura de inova\u00e7\u00e3o, tecnologia, cotidiano e esportes. Ex-jogador profissional de e-sports, traz para o jornalismo uma compreens\u00e3o pr\u00e1tica do universo digital, das plataformas tecnol\u00f3gicas e das transforma\u00e7\u00f5es provocadas pela cultura conectada.","url":"https:\/\/folhadoleste.com.br\/en\/author\/enzo-carvalho\/"}]}},"_links":{"self":[{"href":"https:\/\/folhadoleste.com.br\/en\/wp-json\/wp\/v2\/posts\/136305","targetHints":{"allow":["GET"]}}],"collection":[{"href":"https:\/\/folhadoleste.com.br\/en\/wp-json\/wp\/v2\/posts"}],"about":[{"href":"https:\/\/folhadoleste.com.br\/en\/wp-json\/wp\/v2\/types\/post"}],"author":[{"embeddable":true,"href":"https:\/\/folhadoleste.com.br\/en\/wp-json\/wp\/v2\/users\/5"}],"replies":[{"embeddable":true,"href":"https:\/\/folhadoleste.com.br\/en\/wp-json\/wp\/v2\/comments?post=136305"}],"version-history":[{"count":1,"href":"https:\/\/folhadoleste.com.br\/en\/wp-json\/wp\/v2\/posts\/136305\/revisions"}],"predecessor-version":[{"id":136307,"href":"https:\/\/folhadoleste.com.br\/en\/wp-json\/wp\/v2\/posts\/136305\/revisions\/136307"}],"wp:featuredmedia":[{"embeddable":true,"href":"https:\/\/folhadoleste.com.br\/en\/wp-json\/wp\/v2\/media\/136306"}],"wp:attachment":[{"href":"https:\/\/folhadoleste.com.br\/en\/wp-json\/wp\/v2\/media?parent=136305"}],"wp:term":[{"taxonomy":"category","embeddable":true,"href":"https:\/\/folhadoleste.com.br\/en\/wp-json\/wp\/v2\/categories?post=136305"},{"taxonomy":"post_tag","embeddable":true,"href":"https:\/\/folhadoleste.com.br\/en\/wp-json\/wp\/v2\/tags?post=136305"}],"curies":[{"name":"wp","href":"https:\/\/api.w.org\/{rel}","templated":true}]}}