{"id":135572,"date":"2025-08-20T16:30:56","date_gmt":"2025-08-20T19:30:56","guid":{"rendered":"https:\/\/folhadoleste.com.br\/?p=135572"},"modified":"2025-08-20T14:39:38","modified_gmt":"2025-08-20T17:39:38","slug":"pm-reage-assalto-mata-suspeito-sp","status":"publish","type":"post","link":"https:\/\/folhadoleste.com.br\/en\/pm-reage-assalto-mata-suspeito-sp\/","title":{"rendered":"PM reage a assalto e mata suspeito em S\u00e3o Paulo &#8211; V\u00eddeo"},"content":{"rendered":"<div id=\"attachment_135573\" style=\"width: 1210px\" class=\"wp-caption aligncenter\"><img decoding=\"async\" aria-describedby=\"caption-attachment-135573\" class=\"size-full wp-image-135573\" src=\"https:\/\/folhadoleste.com.br\/wp-content\/uploads\/2025\/08\/PM-reage-a-assalto-e-mata-suspeito-em-Sao-Paulo-Foto-Reproducao.png\" alt=\"\" width=\"1200\" height=\"750\" \/><p id=\"caption-attachment-135573\" class=\"wp-caption-text\">PM reage a assalto e mata suspeito em S\u00e3o Paulo &#8211; V\u00eddeo | Reprodu\u00e7\u00e3o<\/p><\/div>\n<p style=\"text-align: justify;\" data-start=\"412\" data-end=\"604\">Um policial militar de folga matou um suspeito de 26 anos durante uma tentativa de assalto na noite do \u00faltimo domingo (17), no bairro Raposo Tavares, Zona Oeste de S\u00e3o Paulo.<\/p>\n<h5><a href=\"https:\/\/chat.whatsapp.com\/ItvWOvY08sCCpPxovKnYb6\"><img decoding=\"async\" class=\"wp-image-109746 size-full aligncenter\" src=\"https:\/\/folhadoleste.com.br\/wp-content\/uploads\/2025\/02\/WHATSAPP-FOLHA-DO-LESTE-600x200-1.png\" alt=\"\" width=\"600\" height=\"200\" \/><\/a><\/h5>\n<h4 style=\"text-align: justify;\" data-start=\"606\" data-end=\"631\"><em>Abordagem e rea\u00e7\u00e3o<\/em><\/h4>\n<p style=\"text-align: justify;\" data-start=\"632\" data-end=\"831\">Imagens de c\u00e2meras de seguran\u00e7a mostram o momento em que o homem, em uma motocicleta, aborda o policial e aponta uma arma. O PM estava sentado em uma cadeira na cal\u00e7ada quando foi surpreendido.<\/p>\n<div style=\"width: 854px;\" class=\"wp-video\"><video class=\"wp-video-shortcode\" id=\"video-135572-1\" width=\"854\" height=\"480\" preload=\"metadata\" controls=\"controls\"><source type=\"video\/mp4\" src=\"https:\/\/folhadoleste.com.br\/wp-content\/uploads\/2025\/08\/PM-reage-a-assalto-e-mata-suspeito-em-Sao-Paulo-Video.mp4?_=1\" \/><a href=\"https:\/\/folhadoleste.com.br\/wp-content\/uploads\/2025\/08\/PM-reage-a-assalto-e-mata-suspeito-em-Sao-Paulo-Video.mp4\">https:\/\/folhadoleste.com.br\/wp-content\/uploads\/2025\/08\/PM-reage-a-assalto-e-mata-suspeito-em-Sao-Paulo-Video.mp4<\/a><\/video><\/div>\n<p style=\"text-align: justify;\" data-start=\"833\" data-end=\"1105\">O criminoso levou o celular e a mochila do agente. Ao tentar fugir, foi atingido pelo policial, que sacou a arma da cintura e efetuou ao menos dez disparos. Mesmo baleado, o suspeito conseguiu percorrer uma curta dist\u00e2ncia com a moto, sendo seguido a p\u00e9 pelo PM.<\/p>\n<h4 style=\"text-align: justify;\" data-start=\"1107\" data-end=\"1131\"><em>Socorro e per\u00edcia<\/em><\/h4>\n<p style=\"text-align: justify;\" data-start=\"1132\" data-end=\"1338\">O homem foi socorrido por uma ambul\u00e2ncia e levado \u00e0 Unidade de Pronto Atendimento (UPA) Rio Pequeno, mas n\u00e3o resistiu aos ferimentos.<\/p>\n<h5 style=\"text-align: center;\"><span style=\"color: #000000;\"><span style=\"color: #ff0000;\"><strong>+ <\/strong><\/span><\/span><span style=\"color: #000000;\"><strong><span style=\"color: #ff9900;\">MAIS NOT\u00cdCIAS DO BRASIL?<\/span> <span style=\"color: #008080;\"><a style=\"color: #008080;\" href=\"https:\/\/folhadoleste.com.br\/en\/category\/brasil\/\">CLIQUE AQUI<\/a><\/span><\/strong><\/span><\/h5>\n<p style=\"text-align: justify;\" data-start=\"1132\" data-end=\"1338\">O rev\u00f3lver calibre .40 do policial foi recolhido para per\u00edcia.<\/p>\n<h4 style=\"text-align: justify;\" data-start=\"1340\" data-end=\"1370\"><em>Registro e investiga\u00e7\u00e3o<\/em><\/h4>\n<p style=\"text-align: justify;\" data-start=\"1371\" data-end=\"1610\">O caso foi registrado como roubo e morte decorrente de interven\u00e7\u00e3o policial no Departamento de Homic\u00eddios e Prote\u00e7\u00e3o \u00e0 Pessoa (DHPP) da Pol\u00edcia Civil. Um inqu\u00e9rito foi instaurado para apurar todas as circunst\u00e2ncias da ocorr\u00eancia.<\/p>\n<p><a href=\"https:\/\/folhadoleste.com.br\/en\/vida\/\"><img decoding=\"async\" class=\"aligncenter wp-image-113547 size-full entered litespeed-loaded\" src=\"https:\/\/folhadoleste.com.br\/wp-content\/uploads\/2025\/03\/Sinteses-da-Vida.png\" alt=\"\" width=\"1800\" height=\"600\" data-lazyloaded=\"1\" data-src=\"https:\/\/folhadoleste.com.br\/wp-content\/uploads\/2025\/03\/Sinteses-da-Vida.png\" data-ll-status=\"loaded\" \/><\/a><\/p>\n<p><a href=\"https:\/\/www.instagram.com\/folhadoleste\/\"><img decoding=\"async\" class=\"aligncenter wp-image-109748 size-medium entered litespeed-loaded\" src=\"https:\/\/folhadoleste.com.br\/wp-content\/uploads\/2025\/02\/Instagram-Folha-do-Leste-Widget-300x100.png\" alt=\"\" width=\"300\" height=\"100\" data-lazyloaded=\"1\" data-src=\"https:\/\/folhadoleste.com.br\/wp-content\/uploads\/2025\/02\/Instagram-Folha-do-Leste-Widget-300x100.png\" data-ll-status=\"loaded\" \/><\/a><\/p>\n<p><a href=\"https:\/\/facebook.com\/folhadoleste\"><img decoding=\"async\" class=\"aligncenter wp-image-109735 size-medium entered litespeed-loaded\" src=\"https:\/\/folhadoleste.com.br\/wp-content\/uploads\/2025\/02\/ANUNCIO-FACEBOOK-FOLHA-DO-LESTE-300x300.png\" alt=\"\" width=\"300\" height=\"300\" data-lazyloaded=\"1\" data-src=\"https:\/\/folhadoleste.com.br\/wp-content\/uploads\/2025\/02\/ANUNCIO-FACEBOOK-FOLHA-DO-LESTE-300x300.png\" data-ll-status=\"loaded\" \/><\/a><\/p>","protected":false},"excerpt":{"rendered":"<p>Um policial militar de folga matou um suspeito de 26 anos durante uma tentativa de assalto na noite do \u00faltimo domingo (17), no bairro Raposo Tavares, Zona Oeste de S\u00e3o Paulo. Abordagem e rea\u00e7\u00e3o Imagens de c\u00e2meras de seguran\u00e7a mostram o momento em que o homem, em uma motocicleta, aborda o policial e aponta uma arma. O PM estava sentado em uma cadeira na cal\u00e7ada quando foi surpreendido. O criminoso levou o celular e a mochila do agente. Ao tentar fugir, foi atingido pelo policial, que sacou a arma da cintura e efetuou ao menos dez disparos. Mesmo baleado, o [&hellip;]<\/p>\n","protected":false},"author":5,"featured_media":135573,"comment_status":"open","ping_status":"open","sticky":false,"template":"","format":"video","meta":{"footnotes":""},"categories":[64],"tags":[3346,68,32269,83722,30044,2587,83721,2244,735],"class_list":["post-135572","post","type-post","status-publish","format-video","has-post-thumbnail","hentry","category-brasil","tag-assalto","tag-brasil","tag-dhpp","tag-morte-em-intervencao-policial","tag-pm-de-folga","tag-policia-militar","tag-raposo-tavares","tag-roubo","tag-sao-paulo","post_format-post-format-video","post--single"],"yoast_head":"<!-- This site is optimized with the Yoast SEO plugin v27.4 - https:\/\/yoast.com\/product\/yoast-seo-wordpress\/ -->\n<title>PM reage a assalto e mata suspeito em S\u00e3o Paulo<\/title>\n<meta name=\"description\" content=\"Um policial militar de folga matou um suspeito de 26 anos durante tentativa de assalto em S\u00e3o Paulo; Confira...\" \/>\n<meta name=\"robots\" content=\"index, follow, max-snippet:-1, max-image-preview:large, max-video-preview:-1\" \/>\n<link rel=\"canonical\" href=\"https:\/\/folhadoleste.com.br\/en\/pm-reage-assalto-mata-suspeito-sp\/\" \/>\n<meta property=\"og:locale\" content=\"en_US\" \/>\n<meta property=\"og:type\" content=\"article\" \/>\n<meta property=\"og:title\" content=\"PM reage a assalto e mata suspeito em S\u00e3o Paulo\" \/>\n<meta property=\"og:description\" content=\"Um policial militar de folga matou um suspeito de 26 anos durante tentativa de assalto em S\u00e3o Paulo; Confira...\" \/>\n<meta property=\"og:url\" content=\"https:\/\/folhadoleste.com.br\/en\/pm-reage-assalto-mata-suspeito-sp\/\" \/>\n<meta property=\"og:site_name\" content=\"Folha do Leste\" \/>\n<meta property=\"article:publisher\" content=\"https:\/\/www.facebook.com\/folhadoleste\" \/>\n<meta property=\"article:published_time\" content=\"2025-08-20T19:30:56+00:00\" \/>\n<meta property=\"og:image\" content=\"https:\/\/folhadoleste.com.br\/wp-content\/uploads\/2025\/08\/PM-reage-a-assalto-e-mata-suspeito-em-Sao-Paulo-Foto-Reproducao.png\" \/>\n\t<meta property=\"og:image:width\" content=\"1200\" \/>\n\t<meta property=\"og:image:height\" content=\"750\" \/>\n\t<meta property=\"og:image:type\" content=\"image\/png\" \/>\n<meta name=\"author\" content=\"Enzo Carvalho\" \/>\n<meta name=\"twitter:card\" content=\"summary_large_image\" \/>\n<meta name=\"twitter:creator\" content=\"@FolhadoLesteRJ\" \/>\n<meta name=\"twitter:site\" content=\"@FolhadoLesteRJ\" \/>\n<meta name=\"twitter:label1\" content=\"Written by\" \/>\n\t<meta name=\"twitter:data1\" content=\"Enzo Carvalho\" \/>\n\t<meta name=\"twitter:label2\" content=\"Est. reading time\" \/>\n\t<meta name=\"twitter:data2\" content=\"3 minutes\" \/>\n<script type=\"application\/ld+json\" class=\"yoast-schema-graph\">{\"@context\":\"https:\\\/\\\/schema.org\",\"@graph\":[{\"@type\":\"NewsArticle\",\"@id\":\"https:\\\/\\\/folhadoleste.com.br\\\/pm-reage-assalto-mata-suspeito-sp\\\/#article\",\"isPartOf\":{\"@id\":\"https:\\\/\\\/folhadoleste.com.br\\\/pm-reage-assalto-mata-suspeito-sp\\\/\"},\"author\":{\"name\":\"Enzo Carvalho\",\"@id\":\"https:\\\/\\\/folhadoleste.com.br\\\/#\\\/schema\\\/person\\\/05d8a4b256c9faea581495e6c9be06f2\"},\"headline\":\"PM reage a assalto e mata suspeito em S\u00e3o Paulo &#8211; V\u00eddeo\",\"datePublished\":\"2025-08-20T19:30:56+00:00\",\"mainEntityOfPage\":{\"@id\":\"https:\\\/\\\/folhadoleste.com.br\\\/pm-reage-assalto-mata-suspeito-sp\\\/\"},\"wordCount\":259,\"commentCount\":0,\"publisher\":{\"@id\":\"https:\\\/\\\/folhadoleste.com.br\\\/#organization\"},\"image\":{\"@id\":\"https:\\\/\\\/folhadoleste.com.br\\\/pm-reage-assalto-mata-suspeito-sp\\\/#primaryimage\"},\"thumbnailUrl\":\"https:\\\/\\\/folhadoleste.com.br\\\/wp-content\\\/uploads\\\/2025\\\/08\\\/PM-reage-a-assalto-e-mata-suspeito-em-Sao-Paulo-Foto-Reproducao.png\",\"keywords\":[\"assalto\",\"Brasil\",\"DHPP\",\"morte em interven\u00e7\u00e3o policial\",\"PM de folga\",\"Pol\u00edcia Militar\",\"Raposo Tavares\",\"roubo\",\"S\u00e3o Paulo\"],\"articleSection\":[\"Brasil\"],\"inLanguage\":\"en-US\",\"potentialAction\":[{\"@type\":\"CommentAction\",\"name\":\"Comment\",\"target\":[\"https:\\\/\\\/folhadoleste.com.br\\\/pm-reage-assalto-mata-suspeito-sp\\\/#respond\"]}]},{\"@type\":\"WebPage\",\"@id\":\"https:\\\/\\\/folhadoleste.com.br\\\/pm-reage-assalto-mata-suspeito-sp\\\/\",\"url\":\"https:\\\/\\\/folhadoleste.com.br\\\/pm-reage-assalto-mata-suspeito-sp\\\/\",\"name\":\"PM reage a assalto e mata suspeito em S\u00e3o Paulo\",\"isPartOf\":{\"@id\":\"https:\\\/\\\/folhadoleste.com.br\\\/#website\"},\"primaryImageOfPage\":{\"@id\":\"https:\\\/\\\/folhadoleste.com.br\\\/pm-reage-assalto-mata-suspeito-sp\\\/#primaryimage\"},\"image\":{\"@id\":\"https:\\\/\\\/folhadoleste.com.br\\\/pm-reage-assalto-mata-suspeito-sp\\\/#primaryimage\"},\"thumbnailUrl\":\"https:\\\/\\\/folhadoleste.com.br\\\/wp-content\\\/uploads\\\/2025\\\/08\\\/PM-reage-a-assalto-e-mata-suspeito-em-Sao-Paulo-Foto-Reproducao.png\",\"datePublished\":\"2025-08-20T19:30:56+00:00\",\"description\":\"Um policial militar de folga matou um suspeito de 26 anos durante tentativa de assalto em S\u00e3o Paulo; Confira...\",\"breadcrumb\":{\"@id\":\"https:\\\/\\\/folhadoleste.com.br\\\/pm-reage-assalto-mata-suspeito-sp\\\/#breadcrumb\"},\"inLanguage\":\"en-US\",\"potentialAction\":[{\"@type\":\"ReadAction\",\"target\":[\"https:\\\/\\\/folhadoleste.com.br\\\/pm-reage-assalto-mata-suspeito-sp\\\/\"]}]},{\"@type\":\"ImageObject\",\"inLanguage\":\"en-US\",\"@id\":\"https:\\\/\\\/folhadoleste.com.br\\\/pm-reage-assalto-mata-suspeito-sp\\\/#primaryimage\",\"url\":\"https:\\\/\\\/folhadoleste.com.br\\\/wp-content\\\/uploads\\\/2025\\\/08\\\/PM-reage-a-assalto-e-mata-suspeito-em-Sao-Paulo-Foto-Reproducao.png\",\"contentUrl\":\"https:\\\/\\\/folhadoleste.com.br\\\/wp-content\\\/uploads\\\/2025\\\/08\\\/PM-reage-a-assalto-e-mata-suspeito-em-Sao-Paulo-Foto-Reproducao.png\",\"width\":1200,\"height\":750,\"caption\":\"PM reage a assalto e mata suspeito em S\u00e3o Paulo - V\u00eddeo | Reprodu\u00e7\u00e3o\"},{\"@type\":\"BreadcrumbList\",\"@id\":\"https:\\\/\\\/folhadoleste.com.br\\\/pm-reage-assalto-mata-suspeito-sp\\\/#breadcrumb\",\"itemListElement\":[{\"@type\":\"ListItem\",\"position\":1,\"name\":\"In\u00edcio\",\"item\":\"https:\\\/\\\/folhadoleste.com.br\\\/\"},{\"@type\":\"ListItem\",\"position\":2,\"name\":\"Brasil\",\"item\":\"https:\\\/\\\/folhadoleste.com.br\\\/category\\\/brasil\\\/\"},{\"@type\":\"ListItem\",\"position\":3,\"name\":\"PM reage a assalto e mata suspeito em S\u00e3o Paulo &#8211; V\u00eddeo\"}]},{\"@type\":\"WebSite\",\"@id\":\"https:\\\/\\\/folhadoleste.com.br\\\/#website\",\"url\":\"https:\\\/\\\/folhadoleste.com.br\\\/\",\"name\":\"Folha do Leste\",\"description\":\"Portal de Not\u00edcias com \u00eanfase em Niter\u00f3i, criando conte\u00fados desde a capital Rio de Janeiro, com olhar para o Leste Fluminense e suas cidades como S\u00e3o Gon\u00e7alo, Itabora\u00ed, Rio Bonito, Maric\u00e1, Saquarema e Araruama\",\"publisher\":{\"@id\":\"https:\\\/\\\/folhadoleste.com.br\\\/#organization\"},\"alternateName\":\"FL\",\"potentialAction\":[{\"@type\":\"SearchAction\",\"target\":{\"@type\":\"EntryPoint\",\"urlTemplate\":\"https:\\\/\\\/folhadoleste.com.br\\\/?s={search_term_string}\"},\"query-input\":{\"@type\":\"PropertyValueSpecification\",\"valueRequired\":true,\"valueName\":\"search_term_string\"}}],\"inLanguage\":\"en-US\"},{\"@type\":\"Organization\",\"@id\":\"https:\\\/\\\/folhadoleste.com.br\\\/#organization\",\"name\":\"Brasil 21 Comunica\u00e7\u00e3o\",\"alternateName\":\"BR21\",\"url\":\"https:\\\/\\\/folhadoleste.com.br\\\/\",\"logo\":{\"@type\":\"ImageObject\",\"inLanguage\":\"en-US\",\"@id\":\"https:\\\/\\\/folhadoleste.com.br\\\/#\\\/schema\\\/logo\\\/image\\\/\",\"url\":\"https:\\\/\\\/folhadoleste.com.br\\\/wp-content\\\/uploads\\\/2025\\\/12\\\/brasil-21-logomarca.avif\",\"contentUrl\":\"https:\\\/\\\/folhadoleste.com.br\\\/wp-content\\\/uploads\\\/2025\\\/12\\\/brasil-21-logomarca.avif\",\"width\":1044,\"height\":1044,\"caption\":\"Brasil 21 Comunica\u00e7\u00e3o\"},\"image\":{\"@id\":\"https:\\\/\\\/folhadoleste.com.br\\\/#\\\/schema\\\/logo\\\/image\\\/\"},\"sameAs\":[\"https:\\\/\\\/www.facebook.com\\\/folhadoleste\",\"https:\\\/\\\/x.com\\\/FolhadoLesteRJ\",\"https:\\\/\\\/www.instagram.com\\\/folhadoleste\\\/\"]},{\"@type\":\"Person\",\"@id\":\"https:\\\/\\\/folhadoleste.com.br\\\/#\\\/schema\\\/person\\\/05d8a4b256c9faea581495e6c9be06f2\",\"name\":\"Enzo Carvalho\",\"image\":{\"@type\":\"ImageObject\",\"inLanguage\":\"en-US\",\"@id\":\"https:\\\/\\\/folhadoleste.com.br\\\/wp-content\\\/litespeed\\\/avatar\\\/3fe471b6df482b28961bb8e87cd40a81.jpg?ver=1777161141\",\"url\":\"https:\\\/\\\/folhadoleste.com.br\\\/wp-content\\\/litespeed\\\/avatar\\\/3fe471b6df482b28961bb8e87cd40a81.jpg?ver=1777161141\",\"contentUrl\":\"https:\\\/\\\/folhadoleste.com.br\\\/wp-content\\\/litespeed\\\/avatar\\\/3fe471b6df482b28961bb8e87cd40a81.jpg?ver=1777161141\",\"caption\":\"Enzo Carvalho\"},\"description\":\"Enzo Carvalho \u00e9 jornalista profissional, com atua\u00e7\u00e3o voltada \u00e0 cobertura de inova\u00e7\u00e3o, tecnologia, cotidiano e esportes. Ex-jogador profissional de e-sports, traz para o jornalismo uma compreens\u00e3o pr\u00e1tica do universo digital, das plataformas tecnol\u00f3gicas e das transforma\u00e7\u00f5es provocadas pela cultura conectada.\",\"url\":\"https:\\\/\\\/folhadoleste.com.br\\\/en\\\/author\\\/enzo-carvalho\\\/\"}]}<\/script>\n<!-- \/ Yoast SEO plugin. -->","yoast_head_json":{"title":"PM reage a assalto e mata suspeito em S\u00e3o Paulo","description":"Um policial militar de folga matou um suspeito de 26 anos durante tentativa de assalto em S\u00e3o Paulo; Confira...","robots":{"index":"index","follow":"follow","max-snippet":"max-snippet:-1","max-image-preview":"max-image-preview:large","max-video-preview":"max-video-preview:-1"},"canonical":"https:\/\/folhadoleste.com.br\/en\/pm-reage-assalto-mata-suspeito-sp\/","og_locale":"en_US","og_type":"article","og_title":"PM reage a assalto e mata suspeito em S\u00e3o Paulo","og_description":"Um policial militar de folga matou um suspeito de 26 anos durante tentativa de assalto em S\u00e3o Paulo; Confira...","og_url":"https:\/\/folhadoleste.com.br\/en\/pm-reage-assalto-mata-suspeito-sp\/","og_site_name":"Folha do Leste","article_publisher":"https:\/\/www.facebook.com\/folhadoleste","article_published_time":"2025-08-20T19:30:56+00:00","og_image":[{"width":1200,"height":750,"url":"https:\/\/folhadoleste.com.br\/wp-content\/uploads\/2025\/08\/PM-reage-a-assalto-e-mata-suspeito-em-Sao-Paulo-Foto-Reproducao.png","type":"image\/png"}],"author":"Enzo Carvalho","twitter_card":"summary_large_image","twitter_creator":"@FolhadoLesteRJ","twitter_site":"@FolhadoLesteRJ","twitter_misc":{"Written by":"Enzo Carvalho","Est. reading time":"3 minutes"},"schema":{"@context":"https:\/\/schema.org","@graph":[{"@type":"NewsArticle","@id":"https:\/\/folhadoleste.com.br\/pm-reage-assalto-mata-suspeito-sp\/#article","isPartOf":{"@id":"https:\/\/folhadoleste.com.br\/pm-reage-assalto-mata-suspeito-sp\/"},"author":{"name":"Enzo Carvalho","@id":"https:\/\/folhadoleste.com.br\/#\/schema\/person\/05d8a4b256c9faea581495e6c9be06f2"},"headline":"PM reage a assalto e mata suspeito em S\u00e3o Paulo &#8211; V\u00eddeo","datePublished":"2025-08-20T19:30:56+00:00","mainEntityOfPage":{"@id":"https:\/\/folhadoleste.com.br\/pm-reage-assalto-mata-suspeito-sp\/"},"wordCount":259,"commentCount":0,"publisher":{"@id":"https:\/\/folhadoleste.com.br\/#organization"},"image":{"@id":"https:\/\/folhadoleste.com.br\/pm-reage-assalto-mata-suspeito-sp\/#primaryimage"},"thumbnailUrl":"https:\/\/folhadoleste.com.br\/wp-content\/uploads\/2025\/08\/PM-reage-a-assalto-e-mata-suspeito-em-Sao-Paulo-Foto-Reproducao.png","keywords":["assalto","Brasil","DHPP","morte em interven\u00e7\u00e3o policial","PM de folga","Pol\u00edcia Militar","Raposo Tavares","roubo","S\u00e3o Paulo"],"articleSection":["Brasil"],"inLanguage":"en-US","potentialAction":[{"@type":"CommentAction","name":"Comment","target":["https:\/\/folhadoleste.com.br\/pm-reage-assalto-mata-suspeito-sp\/#respond"]}]},{"@type":"WebPage","@id":"https:\/\/folhadoleste.com.br\/pm-reage-assalto-mata-suspeito-sp\/","url":"https:\/\/folhadoleste.com.br\/pm-reage-assalto-mata-suspeito-sp\/","name":"PM reage a assalto e mata suspeito em S\u00e3o Paulo","isPartOf":{"@id":"https:\/\/folhadoleste.com.br\/#website"},"primaryImageOfPage":{"@id":"https:\/\/folhadoleste.com.br\/pm-reage-assalto-mata-suspeito-sp\/#primaryimage"},"image":{"@id":"https:\/\/folhadoleste.com.br\/pm-reage-assalto-mata-suspeito-sp\/#primaryimage"},"thumbnailUrl":"https:\/\/folhadoleste.com.br\/wp-content\/uploads\/2025\/08\/PM-reage-a-assalto-e-mata-suspeito-em-Sao-Paulo-Foto-Reproducao.png","datePublished":"2025-08-20T19:30:56+00:00","description":"Um policial militar de folga matou um suspeito de 26 anos durante tentativa de assalto em S\u00e3o Paulo; Confira...","breadcrumb":{"@id":"https:\/\/folhadoleste.com.br\/pm-reage-assalto-mata-suspeito-sp\/#breadcrumb"},"inLanguage":"en-US","potentialAction":[{"@type":"ReadAction","target":["https:\/\/folhadoleste.com.br\/pm-reage-assalto-mata-suspeito-sp\/"]}]},{"@type":"ImageObject","inLanguage":"en-US","@id":"https:\/\/folhadoleste.com.br\/pm-reage-assalto-mata-suspeito-sp\/#primaryimage","url":"https:\/\/folhadoleste.com.br\/wp-content\/uploads\/2025\/08\/PM-reage-a-assalto-e-mata-suspeito-em-Sao-Paulo-Foto-Reproducao.png","contentUrl":"https:\/\/folhadoleste.com.br\/wp-content\/uploads\/2025\/08\/PM-reage-a-assalto-e-mata-suspeito-em-Sao-Paulo-Foto-Reproducao.png","width":1200,"height":750,"caption":"PM reage a assalto e mata suspeito em S\u00e3o Paulo - V\u00eddeo | Reprodu\u00e7\u00e3o"},{"@type":"BreadcrumbList","@id":"https:\/\/folhadoleste.com.br\/pm-reage-assalto-mata-suspeito-sp\/#breadcrumb","itemListElement":[{"@type":"ListItem","position":1,"name":"In\u00edcio","item":"https:\/\/folhadoleste.com.br\/"},{"@type":"ListItem","position":2,"name":"Brasil","item":"https:\/\/folhadoleste.com.br\/category\/brasil\/"},{"@type":"ListItem","position":3,"name":"PM reage a assalto e mata suspeito em S\u00e3o Paulo &#8211; V\u00eddeo"}]},{"@type":"WebSite","@id":"https:\/\/folhadoleste.com.br\/#website","url":"https:\/\/folhadoleste.com.br\/","name":"Folha do Leste","description":"Portal de Not\u00edcias com \u00eanfase em Niter\u00f3i, criando conte\u00fados desde a capital Rio de Janeiro, com olhar para o Leste Fluminense e suas cidades como S\u00e3o Gon\u00e7alo, Itabora\u00ed, Rio Bonito, Maric\u00e1, Saquarema e Araruama","publisher":{"@id":"https:\/\/folhadoleste.com.br\/#organization"},"alternateName":"FL","potentialAction":[{"@type":"SearchAction","target":{"@type":"EntryPoint","urlTemplate":"https:\/\/folhadoleste.com.br\/?s={search_term_string}"},"query-input":{"@type":"PropertyValueSpecification","valueRequired":true,"valueName":"search_term_string"}}],"inLanguage":"en-US"},{"@type":"Organization","@id":"https:\/\/folhadoleste.com.br\/#organization","name":"Brasil 21 Comunica\u00e7\u00e3o","alternateName":"BR21","url":"https:\/\/folhadoleste.com.br\/","logo":{"@type":"ImageObject","inLanguage":"en-US","@id":"https:\/\/folhadoleste.com.br\/#\/schema\/logo\/image\/","url":"https:\/\/folhadoleste.com.br\/wp-content\/uploads\/2025\/12\/brasil-21-logomarca.avif","contentUrl":"https:\/\/folhadoleste.com.br\/wp-content\/uploads\/2025\/12\/brasil-21-logomarca.avif","width":1044,"height":1044,"caption":"Brasil 21 Comunica\u00e7\u00e3o"},"image":{"@id":"https:\/\/folhadoleste.com.br\/#\/schema\/logo\/image\/"},"sameAs":["https:\/\/www.facebook.com\/folhadoleste","https:\/\/x.com\/FolhadoLesteRJ","https:\/\/www.instagram.com\/folhadoleste\/"]},{"@type":"Person","@id":"https:\/\/folhadoleste.com.br\/#\/schema\/person\/05d8a4b256c9faea581495e6c9be06f2","name":"Enzo Carvalho","image":{"@type":"ImageObject","inLanguage":"en-US","@id":"https:\/\/folhadoleste.com.br\/wp-content\/litespeed\/avatar\/3fe471b6df482b28961bb8e87cd40a81.jpg?ver=1777161141","url":"https:\/\/folhadoleste.com.br\/wp-content\/litespeed\/avatar\/3fe471b6df482b28961bb8e87cd40a81.jpg?ver=1777161141","contentUrl":"https:\/\/folhadoleste.com.br\/wp-content\/litespeed\/avatar\/3fe471b6df482b28961bb8e87cd40a81.jpg?ver=1777161141","caption":"Enzo Carvalho"},"description":"Enzo Carvalho \u00e9 jornalista profissional, com atua\u00e7\u00e3o voltada \u00e0 cobertura de inova\u00e7\u00e3o, tecnologia, cotidiano e esportes. Ex-jogador profissional de e-sports, traz para o jornalismo uma compreens\u00e3o pr\u00e1tica do universo digital, das plataformas tecnol\u00f3gicas e das transforma\u00e7\u00f5es provocadas pela cultura conectada.","url":"https:\/\/folhadoleste.com.br\/en\/author\/enzo-carvalho\/"}]}},"_links":{"self":[{"href":"https:\/\/folhadoleste.com.br\/en\/wp-json\/wp\/v2\/posts\/135572","targetHints":{"allow":["GET"]}}],"collection":[{"href":"https:\/\/folhadoleste.com.br\/en\/wp-json\/wp\/v2\/posts"}],"about":[{"href":"https:\/\/folhadoleste.com.br\/en\/wp-json\/wp\/v2\/types\/post"}],"author":[{"embeddable":true,"href":"https:\/\/folhadoleste.com.br\/en\/wp-json\/wp\/v2\/users\/5"}],"replies":[{"embeddable":true,"href":"https:\/\/folhadoleste.com.br\/en\/wp-json\/wp\/v2\/comments?post=135572"}],"version-history":[{"count":1,"href":"https:\/\/folhadoleste.com.br\/en\/wp-json\/wp\/v2\/posts\/135572\/revisions"}],"predecessor-version":[{"id":135575,"href":"https:\/\/folhadoleste.com.br\/en\/wp-json\/wp\/v2\/posts\/135572\/revisions\/135575"}],"wp:featuredmedia":[{"embeddable":true,"href":"https:\/\/folhadoleste.com.br\/en\/wp-json\/wp\/v2\/media\/135573"}],"wp:attachment":[{"href":"https:\/\/folhadoleste.com.br\/en\/wp-json\/wp\/v2\/media?parent=135572"}],"wp:term":[{"taxonomy":"category","embeddable":true,"href":"https:\/\/folhadoleste.com.br\/en\/wp-json\/wp\/v2\/categories?post=135572"},{"taxonomy":"post_tag","embeddable":true,"href":"https:\/\/folhadoleste.com.br\/en\/wp-json\/wp\/v2\/tags?post=135572"}],"curies":[{"name":"wp","href":"https:\/\/api.w.org\/{rel}","templated":true}]}}