{"id":134525,"date":"2025-08-12T01:12:12","date_gmt":"2025-08-12T04:12:12","guid":{"rendered":"https:\/\/folhadoleste.com.br\/?p=134525"},"modified":"2025-08-12T01:12:12","modified_gmt":"2025-08-12T04:12:12","slug":"america-de-cali-x-fluminense-sul-americana-2025","status":"publish","type":"post","link":"https:\/\/folhadoleste.com.br\/en\/america-de-cali-x-fluminense-sul-americana-2025\/","title":{"rendered":"Am\u00e9rica de Cali-Col x Fluminense: Informa\u00e7\u00f5es, escala\u00e7\u00f5es, onde assistir"},"content":{"rendered":"<div>\n<div id=\"attachment_134527\" style=\"width: 1310px\" class=\"wp-caption aligncenter\"><img decoding=\"async\" aria-describedby=\"caption-attachment-134527\" class=\"size-full wp-image-134527\" src=\"https:\/\/folhadoleste.com.br\/wp-content\/uploads\/2025\/08\/America-de-Cali-Col-x-Fluminense-Foto-1300x700-1.jpg\" alt=\"\" width=\"1300\" height=\"700\" \/><p id=\"caption-attachment-134527\" class=\"wp-caption-text\">Am\u00e9rica de Cali-Col x Fluminense: Informa\u00e7\u00f5es, escala\u00e7\u00f5es, onde assistir | Enzo Carvalho\/Folha do Leste<\/p><\/div>\n<p style=\"text-align: justify;\" data-start=\"292\" data-end=\"599\">O Fluminense joga as oitavas de final da Sul-Americana contra o Am\u00e9rica de Cali, com o primeiro confronto \u00e0s 21h30 (de Bras\u00edlia), no est\u00e1dio Pascual Guerrero. A volta ser\u00e1 no dia 19, ter\u00e7a-feira, tamb\u00e9m \u00e0s 21h30, no Maracan\u00e3.<\/p>\n<h5><a href=\"https:\/\/chat.whatsapp.com\/ItvWOvY08sCCpPxovKnYb6\"><img decoding=\"async\" class=\"wp-image-109746 size-full aligncenter\" src=\"https:\/\/folhadoleste.com.br\/wp-content\/uploads\/2025\/02\/WHATSAPP-FOLHA-DO-LESTE-600x200-1.png\" alt=\"\" width=\"600\" height=\"200\" \/><\/a><\/h5>\n<p style=\"text-align: justify;\" data-start=\"601\" data-end=\"894\">O Fluminense liderou o Grupo F na fase inicial, somando 13 pontos em seis partidas. O Am\u00e9rica de Cali ficou em segundo no Grupo C, com oito pontos, atr\u00e1s do Hurac\u00e1n e \u00e0 frente do Corinthians. Nos playoffs, o time colombiano eliminou o Bahia ao empatar sem gols fora e vencer por 2 a 0 em casa.<\/p>\n<p style=\"text-align: justify;\" data-start=\"896\" data-end=\"1012\">Quem vencer o confronto enfrentar\u00e1 o vencedor do duelo argentino entre Central C\u00f3rdoba e Lan\u00fas nas quartas de final.<\/p>\n<h4 style=\"text-align: justify;\" data-start=\"1014\" data-end=\"1363\"><em><strong data-start=\"1014\" data-end=\"1045\">Situa\u00e7\u00e3o do Am\u00e9rica de Cali<\/strong><\/em><\/h4>\n<p style=\"text-align: justify;\" data-start=\"1014\" data-end=\"1363\">O time jogou 17 vezes em casa nesta temporada, com 10 vit\u00f3rias, 6 empates e 2 derrotas. A \u00faltima derrota aconteceu contra o Tolima, no s\u00e1bado (9). Para a partida de ida, o Am\u00e9rica ter\u00e1 desfalques: Jhon Murillo, Dylan Borrero e Marcos Mina est\u00e3o lesionados, enquanto Eder \u00c1lvarez Balanta e Joel Graterol s\u00e3o d\u00favidas.<\/p>\n<p style=\"text-align: justify;\" data-start=\"1365\" data-end=\"1561\">Desde a sa\u00edda do artilheiro Duv\u00e1n Vergara, rumo ao Racing-ARG, a equipe refor\u00e7ou o elenco com o meia Kener Gonz\u00e1lez e os atacantes Murillo e Borrero. O time agora \u00e9 comandado por Gabriel Raimondi.<\/p>\n<h4 style=\"text-align: justify;\" data-start=\"1563\" data-end=\"1832\"><em><strong data-start=\"1563\" data-end=\"1590\">Como chega o Fluminense<\/strong><\/em><\/h4>\n<p style=\"text-align: justify;\" data-start=\"1563\" data-end=\"1832\">Renato Ga\u00facho n\u00e3o conta com Thiago Silva e Ign\u00e1cio, lesionados e fora por ao menos quatro semanas. No jogo contra o Bahia, o t\u00e9cnico poupou atletas para evitar novas les\u00f5es. Nonato sentiu dores na coxa esquerda e voltou ao Rio para exames.<\/p>\n<h5 style=\"text-align: center;\"><span style=\"color: #000000;\"><span style=\"color: #ff0000;\"><strong>+ <\/strong><\/span><\/span><span style=\"color: #000000;\"><strong><span style=\"color: #ff9900;\">MAIS NOT\u00cdCIAS DE ESPORTES?<\/span> <span style=\"color: #008080;\"><a style=\"color: #008080;\" href=\"https:\/\/folhadoleste.com.br\/en\/category\/esportes\/\">CLIQUE AQUI<\/a><\/span><\/strong><\/span><\/h5>\n<p style=\"text-align: justify;\" data-start=\"1834\" data-end=\"2081\">Ot\u00e1vio, que se recupera de opera\u00e7\u00e3o no tend\u00e3o de Aquiles, j\u00e1 treina, mas ainda precisa ganhar ritmo. Gabriel Fuentes segue de fora por dores na coxa, assim como Soteldo, que se recupera de les\u00e3o. Riquelme Felipe e Isque est\u00e3o com a sele\u00e7\u00e3o sub-20.<\/p>\n<h3 style=\"text-align: justify;\"><em>FICHA T\u00c9CNICA<\/em><\/h3>\n<p style=\"text-align: justify;\"><strong>AM\u00c9RICA DE CALI-COL X FLUMINENSE &#8211; Sul-Americana 2025 &#8211; Jogo de ida das oitavas de final<\/strong><\/p>\n<p style=\"text-align: justify;\"><strong>Data e hor\u00e1rio:<\/strong> 12\/08\/2025, ter\u00e7a-feira, \u00e0s 21h30 (de Bras\u00edlia) | <strong>Onde assistir:<\/strong> Paramount+ e SBT | <strong>Local:<\/strong> Est\u00e1dio Pascual Guerrero, em Cali (COL) | <strong>\u00c1rbitro:<\/strong> Cristian Garay (CHI) | <strong>Assistentes:<\/strong> Alejandro Molina (CHI) e Carlos Poblete (CHI) | <strong>VAR:<\/strong> Juan Lara (CHI)<\/p>\n<p style=\"text-align: justify;\"><strong>AM\u00c9RICA DE CALI:<\/strong> Jorge Soto; Cristian Tovar, Daniel Bocanegra, Jean Pesta\u00f1a e Omar Bertel; Rafael Carrascal, Sebasti\u00e1n Navarro e Josen Escobar; Joel Romero, Luis Ramos e Cristian Barrios.\u00a0<strong>T\u00e9cnico:<\/strong> Gabriel Raimondi<\/p>\n<p style=\"text-align: justify;\"><strong>FLUMINENSE:<\/strong> F\u00e1bio; Samuel Xavier, Freytes, Manoel e Ren\u00ea; H\u00e9rcules, Martinelli e Lima; Serna, Canobbio e Everaldo. <strong>T\u00e9cnico:<\/strong> Renato Ga\u00facho<\/p>\n<p><a href=\"https:\/\/folhadoleste.com.br\/en\/vida\/\"><img decoding=\"async\" class=\"aligncenter wp-image-113547 size-full\" src=\"https:\/\/folhadoleste.com.br\/wp-content\/uploads\/2025\/03\/Sinteses-da-Vida.png\" alt=\"\" width=\"1800\" height=\"600\" \/><\/a><\/p>\n<p><a href=\"https:\/\/www.instagram.com\/folhadoleste\/\"><img decoding=\"async\" class=\"aligncenter wp-image-109748 size-medium\" src=\"https:\/\/folhadoleste.com.br\/wp-content\/uploads\/2025\/02\/Instagram-Folha-do-Leste-Widget-300x100.png\" alt=\"\" width=\"300\" height=\"100\" \/><\/a><\/p>\n<p><a href=\"https:\/\/facebook.com\/folhadoleste\"><img decoding=\"async\" class=\"aligncenter wp-image-109735 size-medium\" src=\"https:\/\/folhadoleste.com.br\/wp-content\/uploads\/2025\/02\/ANUNCIO-FACEBOOK-FOLHA-DO-LESTE-300x300.png\" alt=\"\" width=\"300\" height=\"300\" \/><\/a><\/p>\n<\/div>","protected":false},"excerpt":{"rendered":"<p>O Fluminense joga as oitavas de final da Sul-Americana contra o Am\u00e9rica de Cali, com o primeiro confronto \u00e0s 21h30 (de Bras\u00edlia), no est\u00e1dio Pascual Guerrero. A volta ser\u00e1 no dia 19, ter\u00e7a-feira, tamb\u00e9m \u00e0s 21h30, no Maracan\u00e3. O Fluminense liderou o Grupo F na fase inicial, somando 13 pontos em seis partidas. O Am\u00e9rica de Cali ficou em segundo no Grupo C, com oito pontos, atr\u00e1s do Hurac\u00e1n e \u00e0 frente do Corinthians. Nos playoffs, o time colombiano eliminou o Bahia ao empatar sem gols fora e vencer por 2 a 0 em casa. Quem vencer o confronto enfrentar\u00e1 [&hellip;]<\/p>\n","protected":false},"author":5,"featured_media":134527,"comment_status":"open","ping_status":"open","sticky":false,"template":"","format":"standard","meta":{"footnotes":""},"categories":[48,65],"tags":[83038,83315,38570,105,124,101,19049,80907,3095,15277,4420],"class_list":["post-134525","post","type-post","status-publish","format-standard","has-post-thumbnail","hentry","category-esportes","category-futebol-esportes","tag-america-de-cali","tag-america-de-cali-x-fluminense","tag-campeonato-sul-americano","tag-esportes","tag-fluminense","tag-futebol","tag-futebol-brasileiro","tag-futebol-colombiano","tag-oitavas-de-final","tag-renato-gaucho","tag-sul-americana","post--single"],"yoast_head":"<!-- This site is optimized with the Yoast SEO plugin v27.4 - https:\/\/yoast.com\/product\/yoast-seo-wordpress\/ -->\n<title>Am\u00e9rica de Cali-Col x Fluminense: Informa\u00e7\u00f5es, escala\u00e7\u00f5es, onde assistir<\/title>\n<meta name=\"description\" content=\"Fluminense visita o Am\u00e9rica de Cali nesta ter\u00e7a (ida) pelas oitavas da Sul-Americana. Veja hor\u00e1rio, onde assistir, prov\u00e1veis escala\u00e7\u00f5es...\" \/>\n<meta name=\"robots\" content=\"index, follow, max-snippet:-1, max-image-preview:large, max-video-preview:-1\" \/>\n<link rel=\"canonical\" href=\"https:\/\/folhadoleste.com.br\/en\/america-de-cali-x-fluminense-sul-americana-2025\/\" \/>\n<meta property=\"og:locale\" content=\"en_US\" \/>\n<meta property=\"og:type\" content=\"article\" \/>\n<meta property=\"og:title\" content=\"Am\u00e9rica de Cali-Col x Fluminense: Informa\u00e7\u00f5es, escala\u00e7\u00f5es, onde assistir\" \/>\n<meta property=\"og:description\" content=\"Fluminense visita o Am\u00e9rica de Cali nesta ter\u00e7a (ida) pelas oitavas da Sul-Americana. Veja hor\u00e1rio, onde assistir, prov\u00e1veis escala\u00e7\u00f5es...\" \/>\n<meta property=\"og:url\" content=\"https:\/\/folhadoleste.com.br\/en\/america-de-cali-x-fluminense-sul-americana-2025\/\" \/>\n<meta property=\"og:site_name\" content=\"Folha do Leste\" \/>\n<meta property=\"article:publisher\" content=\"https:\/\/www.facebook.com\/folhadoleste\" \/>\n<meta property=\"article:published_time\" content=\"2025-08-12T04:12:12+00:00\" \/>\n<meta property=\"og:image\" content=\"https:\/\/folhadoleste.com.br\/wp-content\/uploads\/2025\/08\/America-de-Cali-Col-x-Fluminense-Foto-1300x700-1.jpg\" \/>\n\t<meta property=\"og:image:width\" content=\"1300\" \/>\n\t<meta property=\"og:image:height\" content=\"700\" \/>\n\t<meta property=\"og:image:type\" content=\"image\/jpeg\" \/>\n<meta name=\"author\" content=\"Enzo Carvalho\" \/>\n<meta name=\"twitter:card\" content=\"summary_large_image\" \/>\n<meta name=\"twitter:creator\" content=\"@FolhadoLesteRJ\" \/>\n<meta name=\"twitter:site\" content=\"@FolhadoLesteRJ\" \/>\n<meta name=\"twitter:label1\" content=\"Written by\" \/>\n\t<meta name=\"twitter:data1\" content=\"Enzo Carvalho\" \/>\n\t<meta name=\"twitter:label2\" content=\"Est. reading time\" \/>\n\t<meta name=\"twitter:data2\" content=\"4 minutes\" \/>\n<script type=\"application\/ld+json\" class=\"yoast-schema-graph\">{\"@context\":\"https:\\\/\\\/schema.org\",\"@graph\":[{\"@type\":\"NewsArticle\",\"@id\":\"https:\\\/\\\/folhadoleste.com.br\\\/america-de-cali-x-fluminense-sul-americana-2025\\\/#article\",\"isPartOf\":{\"@id\":\"https:\\\/\\\/folhadoleste.com.br\\\/america-de-cali-x-fluminense-sul-americana-2025\\\/\"},\"author\":{\"name\":\"Enzo Carvalho\",\"@id\":\"https:\\\/\\\/folhadoleste.com.br\\\/#\\\/schema\\\/person\\\/05d8a4b256c9faea581495e6c9be06f2\"},\"headline\":\"Am\u00e9rica de Cali-Col x Fluminense: Informa\u00e7\u00f5es, escala\u00e7\u00f5es, onde assistir\",\"datePublished\":\"2025-08-12T04:12:12+00:00\",\"mainEntityOfPage\":{\"@id\":\"https:\\\/\\\/folhadoleste.com.br\\\/america-de-cali-x-fluminense-sul-americana-2025\\\/\"},\"wordCount\":478,\"commentCount\":0,\"publisher\":{\"@id\":\"https:\\\/\\\/folhadoleste.com.br\\\/#organization\"},\"image\":{\"@id\":\"https:\\\/\\\/folhadoleste.com.br\\\/america-de-cali-x-fluminense-sul-americana-2025\\\/#primaryimage\"},\"thumbnailUrl\":\"https:\\\/\\\/folhadoleste.com.br\\\/wp-content\\\/uploads\\\/2025\\\/08\\\/America-de-Cali-Col-x-Fluminense-Foto-1300x700-1.jpg\",\"keywords\":[\"Am\u00e9rica de Cali\",\"Am\u00e9rica de Cali x Fluminense\",\"Campeonato Sul-Americano\",\"Esportes\",\"fluminense\",\"futebol\",\"Futebol Brasileiro\",\"futebol colombiano\",\"oitavas de final\",\"Renato Ga\u00facho\",\"Sul-Americana\"],\"articleSection\":[\"Esportes\",\"Futebol\"],\"inLanguage\":\"en-US\",\"potentialAction\":[{\"@type\":\"CommentAction\",\"name\":\"Comment\",\"target\":[\"https:\\\/\\\/folhadoleste.com.br\\\/america-de-cali-x-fluminense-sul-americana-2025\\\/#respond\"]}]},{\"@type\":\"WebPage\",\"@id\":\"https:\\\/\\\/folhadoleste.com.br\\\/america-de-cali-x-fluminense-sul-americana-2025\\\/\",\"url\":\"https:\\\/\\\/folhadoleste.com.br\\\/america-de-cali-x-fluminense-sul-americana-2025\\\/\",\"name\":\"Am\u00e9rica de Cali-Col x Fluminense: Informa\u00e7\u00f5es, escala\u00e7\u00f5es, onde assistir\",\"isPartOf\":{\"@id\":\"https:\\\/\\\/folhadoleste.com.br\\\/#website\"},\"primaryImageOfPage\":{\"@id\":\"https:\\\/\\\/folhadoleste.com.br\\\/america-de-cali-x-fluminense-sul-americana-2025\\\/#primaryimage\"},\"image\":{\"@id\":\"https:\\\/\\\/folhadoleste.com.br\\\/america-de-cali-x-fluminense-sul-americana-2025\\\/#primaryimage\"},\"thumbnailUrl\":\"https:\\\/\\\/folhadoleste.com.br\\\/wp-content\\\/uploads\\\/2025\\\/08\\\/America-de-Cali-Col-x-Fluminense-Foto-1300x700-1.jpg\",\"datePublished\":\"2025-08-12T04:12:12+00:00\",\"description\":\"Fluminense visita o Am\u00e9rica de Cali nesta ter\u00e7a (ida) pelas oitavas da Sul-Americana. Veja hor\u00e1rio, onde assistir, prov\u00e1veis escala\u00e7\u00f5es...\",\"breadcrumb\":{\"@id\":\"https:\\\/\\\/folhadoleste.com.br\\\/america-de-cali-x-fluminense-sul-americana-2025\\\/#breadcrumb\"},\"inLanguage\":\"en-US\",\"potentialAction\":[{\"@type\":\"ReadAction\",\"target\":[\"https:\\\/\\\/folhadoleste.com.br\\\/america-de-cali-x-fluminense-sul-americana-2025\\\/\"]}]},{\"@type\":\"ImageObject\",\"inLanguage\":\"en-US\",\"@id\":\"https:\\\/\\\/folhadoleste.com.br\\\/america-de-cali-x-fluminense-sul-americana-2025\\\/#primaryimage\",\"url\":\"https:\\\/\\\/folhadoleste.com.br\\\/wp-content\\\/uploads\\\/2025\\\/08\\\/America-de-Cali-Col-x-Fluminense-Foto-1300x700-1.jpg\",\"contentUrl\":\"https:\\\/\\\/folhadoleste.com.br\\\/wp-content\\\/uploads\\\/2025\\\/08\\\/America-de-Cali-Col-x-Fluminense-Foto-1300x700-1.jpg\",\"width\":1300,\"height\":700,\"caption\":\"Am\u00e9rica de Cali-Col x Fluminense: Informa\u00e7\u00f5es, escala\u00e7\u00f5es, onde assistir | Enzo Carvalho\\\/Folha do Leste\"},{\"@type\":\"BreadcrumbList\",\"@id\":\"https:\\\/\\\/folhadoleste.com.br\\\/america-de-cali-x-fluminense-sul-americana-2025\\\/#breadcrumb\",\"itemListElement\":[{\"@type\":\"ListItem\",\"position\":1,\"name\":\"In\u00edcio\",\"item\":\"https:\\\/\\\/folhadoleste.com.br\\\/\"},{\"@type\":\"ListItem\",\"position\":2,\"name\":\"Esportes\",\"item\":\"https:\\\/\\\/folhadoleste.com.br\\\/category\\\/esportes\\\/\"},{\"@type\":\"ListItem\",\"position\":3,\"name\":\"Futebol\",\"item\":\"https:\\\/\\\/folhadoleste.com.br\\\/category\\\/esportes\\\/futebol-esportes\\\/\"},{\"@type\":\"ListItem\",\"position\":4,\"name\":\"Am\u00e9rica de Cali-Col x Fluminense: Informa\u00e7\u00f5es, escala\u00e7\u00f5es, onde assistir\"}]},{\"@type\":\"WebSite\",\"@id\":\"https:\\\/\\\/folhadoleste.com.br\\\/#website\",\"url\":\"https:\\\/\\\/folhadoleste.com.br\\\/\",\"name\":\"Folha do Leste\",\"description\":\"Portal de Not\u00edcias com \u00eanfase em Niter\u00f3i, criando conte\u00fados desde a capital Rio de Janeiro, com olhar para o Leste Fluminense e suas cidades como S\u00e3o Gon\u00e7alo, Itabora\u00ed, Rio Bonito, Maric\u00e1, Saquarema e Araruama\",\"publisher\":{\"@id\":\"https:\\\/\\\/folhadoleste.com.br\\\/#organization\"},\"alternateName\":\"FL\",\"potentialAction\":[{\"@type\":\"SearchAction\",\"target\":{\"@type\":\"EntryPoint\",\"urlTemplate\":\"https:\\\/\\\/folhadoleste.com.br\\\/?s={search_term_string}\"},\"query-input\":{\"@type\":\"PropertyValueSpecification\",\"valueRequired\":true,\"valueName\":\"search_term_string\"}}],\"inLanguage\":\"en-US\"},{\"@type\":\"Organization\",\"@id\":\"https:\\\/\\\/folhadoleste.com.br\\\/#organization\",\"name\":\"Brasil 21 Comunica\u00e7\u00e3o\",\"alternateName\":\"BR21\",\"url\":\"https:\\\/\\\/folhadoleste.com.br\\\/\",\"logo\":{\"@type\":\"ImageObject\",\"inLanguage\":\"en-US\",\"@id\":\"https:\\\/\\\/folhadoleste.com.br\\\/#\\\/schema\\\/logo\\\/image\\\/\",\"url\":\"https:\\\/\\\/folhadoleste.com.br\\\/wp-content\\\/uploads\\\/2025\\\/12\\\/brasil-21-logomarca.avif\",\"contentUrl\":\"https:\\\/\\\/folhadoleste.com.br\\\/wp-content\\\/uploads\\\/2025\\\/12\\\/brasil-21-logomarca.avif\",\"width\":1044,\"height\":1044,\"caption\":\"Brasil 21 Comunica\u00e7\u00e3o\"},\"image\":{\"@id\":\"https:\\\/\\\/folhadoleste.com.br\\\/#\\\/schema\\\/logo\\\/image\\\/\"},\"sameAs\":[\"https:\\\/\\\/www.facebook.com\\\/folhadoleste\",\"https:\\\/\\\/x.com\\\/FolhadoLesteRJ\",\"https:\\\/\\\/www.instagram.com\\\/folhadoleste\\\/\"]},{\"@type\":\"Person\",\"@id\":\"https:\\\/\\\/folhadoleste.com.br\\\/#\\\/schema\\\/person\\\/05d8a4b256c9faea581495e6c9be06f2\",\"name\":\"Enzo Carvalho\",\"image\":{\"@type\":\"ImageObject\",\"inLanguage\":\"en-US\",\"@id\":\"https:\\\/\\\/folhadoleste.com.br\\\/wp-content\\\/litespeed\\\/avatar\\\/3fe471b6df482b28961bb8e87cd40a81.jpg?ver=1777161141\",\"url\":\"https:\\\/\\\/folhadoleste.com.br\\\/wp-content\\\/litespeed\\\/avatar\\\/3fe471b6df482b28961bb8e87cd40a81.jpg?ver=1777161141\",\"contentUrl\":\"https:\\\/\\\/folhadoleste.com.br\\\/wp-content\\\/litespeed\\\/avatar\\\/3fe471b6df482b28961bb8e87cd40a81.jpg?ver=1777161141\",\"caption\":\"Enzo Carvalho\"},\"description\":\"Enzo Carvalho \u00e9 jornalista profissional, com atua\u00e7\u00e3o voltada \u00e0 cobertura de inova\u00e7\u00e3o, tecnologia, cotidiano e esportes. Ex-jogador profissional de e-sports, traz para o jornalismo uma compreens\u00e3o pr\u00e1tica do universo digital, das plataformas tecnol\u00f3gicas e das transforma\u00e7\u00f5es provocadas pela cultura conectada.\",\"url\":\"https:\\\/\\\/folhadoleste.com.br\\\/en\\\/author\\\/enzo-carvalho\\\/\"}]}<\/script>\n<!-- \/ Yoast SEO plugin. -->","yoast_head_json":{"title":"Am\u00e9rica de Cali-Col x Fluminense: Informa\u00e7\u00f5es, escala\u00e7\u00f5es, onde assistir","description":"Fluminense visita o Am\u00e9rica de Cali nesta ter\u00e7a (ida) pelas oitavas da Sul-Americana. Veja hor\u00e1rio, onde assistir, prov\u00e1veis escala\u00e7\u00f5es...","robots":{"index":"index","follow":"follow","max-snippet":"max-snippet:-1","max-image-preview":"max-image-preview:large","max-video-preview":"max-video-preview:-1"},"canonical":"https:\/\/folhadoleste.com.br\/en\/america-de-cali-x-fluminense-sul-americana-2025\/","og_locale":"en_US","og_type":"article","og_title":"Am\u00e9rica de Cali-Col x Fluminense: Informa\u00e7\u00f5es, escala\u00e7\u00f5es, onde assistir","og_description":"Fluminense visita o Am\u00e9rica de Cali nesta ter\u00e7a (ida) pelas oitavas da Sul-Americana. Veja hor\u00e1rio, onde assistir, prov\u00e1veis escala\u00e7\u00f5es...","og_url":"https:\/\/folhadoleste.com.br\/en\/america-de-cali-x-fluminense-sul-americana-2025\/","og_site_name":"Folha do Leste","article_publisher":"https:\/\/www.facebook.com\/folhadoleste","article_published_time":"2025-08-12T04:12:12+00:00","og_image":[{"width":1300,"height":700,"url":"https:\/\/folhadoleste.com.br\/wp-content\/uploads\/2025\/08\/America-de-Cali-Col-x-Fluminense-Foto-1300x700-1.jpg","type":"image\/jpeg"}],"author":"Enzo Carvalho","twitter_card":"summary_large_image","twitter_creator":"@FolhadoLesteRJ","twitter_site":"@FolhadoLesteRJ","twitter_misc":{"Written by":"Enzo Carvalho","Est. reading time":"4 minutes"},"schema":{"@context":"https:\/\/schema.org","@graph":[{"@type":"NewsArticle","@id":"https:\/\/folhadoleste.com.br\/america-de-cali-x-fluminense-sul-americana-2025\/#article","isPartOf":{"@id":"https:\/\/folhadoleste.com.br\/america-de-cali-x-fluminense-sul-americana-2025\/"},"author":{"name":"Enzo Carvalho","@id":"https:\/\/folhadoleste.com.br\/#\/schema\/person\/05d8a4b256c9faea581495e6c9be06f2"},"headline":"Am\u00e9rica de Cali-Col x Fluminense: Informa\u00e7\u00f5es, escala\u00e7\u00f5es, onde assistir","datePublished":"2025-08-12T04:12:12+00:00","mainEntityOfPage":{"@id":"https:\/\/folhadoleste.com.br\/america-de-cali-x-fluminense-sul-americana-2025\/"},"wordCount":478,"commentCount":0,"publisher":{"@id":"https:\/\/folhadoleste.com.br\/#organization"},"image":{"@id":"https:\/\/folhadoleste.com.br\/america-de-cali-x-fluminense-sul-americana-2025\/#primaryimage"},"thumbnailUrl":"https:\/\/folhadoleste.com.br\/wp-content\/uploads\/2025\/08\/America-de-Cali-Col-x-Fluminense-Foto-1300x700-1.jpg","keywords":["Am\u00e9rica de Cali","Am\u00e9rica de Cali x Fluminense","Campeonato Sul-Americano","Esportes","fluminense","futebol","Futebol Brasileiro","futebol colombiano","oitavas de final","Renato Ga\u00facho","Sul-Americana"],"articleSection":["Esportes","Futebol"],"inLanguage":"en-US","potentialAction":[{"@type":"CommentAction","name":"Comment","target":["https:\/\/folhadoleste.com.br\/america-de-cali-x-fluminense-sul-americana-2025\/#respond"]}]},{"@type":"WebPage","@id":"https:\/\/folhadoleste.com.br\/america-de-cali-x-fluminense-sul-americana-2025\/","url":"https:\/\/folhadoleste.com.br\/america-de-cali-x-fluminense-sul-americana-2025\/","name":"Am\u00e9rica de Cali-Col x Fluminense: Informa\u00e7\u00f5es, escala\u00e7\u00f5es, onde assistir","isPartOf":{"@id":"https:\/\/folhadoleste.com.br\/#website"},"primaryImageOfPage":{"@id":"https:\/\/folhadoleste.com.br\/america-de-cali-x-fluminense-sul-americana-2025\/#primaryimage"},"image":{"@id":"https:\/\/folhadoleste.com.br\/america-de-cali-x-fluminense-sul-americana-2025\/#primaryimage"},"thumbnailUrl":"https:\/\/folhadoleste.com.br\/wp-content\/uploads\/2025\/08\/America-de-Cali-Col-x-Fluminense-Foto-1300x700-1.jpg","datePublished":"2025-08-12T04:12:12+00:00","description":"Fluminense visita o Am\u00e9rica de Cali nesta ter\u00e7a (ida) pelas oitavas da Sul-Americana. Veja hor\u00e1rio, onde assistir, prov\u00e1veis escala\u00e7\u00f5es...","breadcrumb":{"@id":"https:\/\/folhadoleste.com.br\/america-de-cali-x-fluminense-sul-americana-2025\/#breadcrumb"},"inLanguage":"en-US","potentialAction":[{"@type":"ReadAction","target":["https:\/\/folhadoleste.com.br\/america-de-cali-x-fluminense-sul-americana-2025\/"]}]},{"@type":"ImageObject","inLanguage":"en-US","@id":"https:\/\/folhadoleste.com.br\/america-de-cali-x-fluminense-sul-americana-2025\/#primaryimage","url":"https:\/\/folhadoleste.com.br\/wp-content\/uploads\/2025\/08\/America-de-Cali-Col-x-Fluminense-Foto-1300x700-1.jpg","contentUrl":"https:\/\/folhadoleste.com.br\/wp-content\/uploads\/2025\/08\/America-de-Cali-Col-x-Fluminense-Foto-1300x700-1.jpg","width":1300,"height":700,"caption":"Am\u00e9rica de Cali-Col x Fluminense: Informa\u00e7\u00f5es, escala\u00e7\u00f5es, onde assistir | Enzo Carvalho\/Folha do Leste"},{"@type":"BreadcrumbList","@id":"https:\/\/folhadoleste.com.br\/america-de-cali-x-fluminense-sul-americana-2025\/#breadcrumb","itemListElement":[{"@type":"ListItem","position":1,"name":"In\u00edcio","item":"https:\/\/folhadoleste.com.br\/"},{"@type":"ListItem","position":2,"name":"Esportes","item":"https:\/\/folhadoleste.com.br\/category\/esportes\/"},{"@type":"ListItem","position":3,"name":"Futebol","item":"https:\/\/folhadoleste.com.br\/category\/esportes\/futebol-esportes\/"},{"@type":"ListItem","position":4,"name":"Am\u00e9rica de Cali-Col x Fluminense: Informa\u00e7\u00f5es, escala\u00e7\u00f5es, onde assistir"}]},{"@type":"WebSite","@id":"https:\/\/folhadoleste.com.br\/#website","url":"https:\/\/folhadoleste.com.br\/","name":"Folha do Leste","description":"Portal de Not\u00edcias com \u00eanfase em Niter\u00f3i, criando conte\u00fados desde a capital Rio de Janeiro, com olhar para o Leste Fluminense e suas cidades como S\u00e3o Gon\u00e7alo, Itabora\u00ed, Rio Bonito, Maric\u00e1, Saquarema e Araruama","publisher":{"@id":"https:\/\/folhadoleste.com.br\/#organization"},"alternateName":"FL","potentialAction":[{"@type":"SearchAction","target":{"@type":"EntryPoint","urlTemplate":"https:\/\/folhadoleste.com.br\/?s={search_term_string}"},"query-input":{"@type":"PropertyValueSpecification","valueRequired":true,"valueName":"search_term_string"}}],"inLanguage":"en-US"},{"@type":"Organization","@id":"https:\/\/folhadoleste.com.br\/#organization","name":"Brasil 21 Comunica\u00e7\u00e3o","alternateName":"BR21","url":"https:\/\/folhadoleste.com.br\/","logo":{"@type":"ImageObject","inLanguage":"en-US","@id":"https:\/\/folhadoleste.com.br\/#\/schema\/logo\/image\/","url":"https:\/\/folhadoleste.com.br\/wp-content\/uploads\/2025\/12\/brasil-21-logomarca.avif","contentUrl":"https:\/\/folhadoleste.com.br\/wp-content\/uploads\/2025\/12\/brasil-21-logomarca.avif","width":1044,"height":1044,"caption":"Brasil 21 Comunica\u00e7\u00e3o"},"image":{"@id":"https:\/\/folhadoleste.com.br\/#\/schema\/logo\/image\/"},"sameAs":["https:\/\/www.facebook.com\/folhadoleste","https:\/\/x.com\/FolhadoLesteRJ","https:\/\/www.instagram.com\/folhadoleste\/"]},{"@type":"Person","@id":"https:\/\/folhadoleste.com.br\/#\/schema\/person\/05d8a4b256c9faea581495e6c9be06f2","name":"Enzo Carvalho","image":{"@type":"ImageObject","inLanguage":"en-US","@id":"https:\/\/folhadoleste.com.br\/wp-content\/litespeed\/avatar\/3fe471b6df482b28961bb8e87cd40a81.jpg?ver=1777161141","url":"https:\/\/folhadoleste.com.br\/wp-content\/litespeed\/avatar\/3fe471b6df482b28961bb8e87cd40a81.jpg?ver=1777161141","contentUrl":"https:\/\/folhadoleste.com.br\/wp-content\/litespeed\/avatar\/3fe471b6df482b28961bb8e87cd40a81.jpg?ver=1777161141","caption":"Enzo Carvalho"},"description":"Enzo Carvalho \u00e9 jornalista profissional, com atua\u00e7\u00e3o voltada \u00e0 cobertura de inova\u00e7\u00e3o, tecnologia, cotidiano e esportes. Ex-jogador profissional de e-sports, traz para o jornalismo uma compreens\u00e3o pr\u00e1tica do universo digital, das plataformas tecnol\u00f3gicas e das transforma\u00e7\u00f5es provocadas pela cultura conectada.","url":"https:\/\/folhadoleste.com.br\/en\/author\/enzo-carvalho\/"}]}},"_links":{"self":[{"href":"https:\/\/folhadoleste.com.br\/en\/wp-json\/wp\/v2\/posts\/134525","targetHints":{"allow":["GET"]}}],"collection":[{"href":"https:\/\/folhadoleste.com.br\/en\/wp-json\/wp\/v2\/posts"}],"about":[{"href":"https:\/\/folhadoleste.com.br\/en\/wp-json\/wp\/v2\/types\/post"}],"author":[{"embeddable":true,"href":"https:\/\/folhadoleste.com.br\/en\/wp-json\/wp\/v2\/users\/5"}],"replies":[{"embeddable":true,"href":"https:\/\/folhadoleste.com.br\/en\/wp-json\/wp\/v2\/comments?post=134525"}],"version-history":[{"count":1,"href":"https:\/\/folhadoleste.com.br\/en\/wp-json\/wp\/v2\/posts\/134525\/revisions"}],"predecessor-version":[{"id":134528,"href":"https:\/\/folhadoleste.com.br\/en\/wp-json\/wp\/v2\/posts\/134525\/revisions\/134528"}],"wp:featuredmedia":[{"embeddable":true,"href":"https:\/\/folhadoleste.com.br\/en\/wp-json\/wp\/v2\/media\/134527"}],"wp:attachment":[{"href":"https:\/\/folhadoleste.com.br\/en\/wp-json\/wp\/v2\/media?parent=134525"}],"wp:term":[{"taxonomy":"category","embeddable":true,"href":"https:\/\/folhadoleste.com.br\/en\/wp-json\/wp\/v2\/categories?post=134525"},{"taxonomy":"post_tag","embeddable":true,"href":"https:\/\/folhadoleste.com.br\/en\/wp-json\/wp\/v2\/tags?post=134525"}],"curies":[{"name":"wp","href":"https:\/\/api.w.org\/{rel}","templated":true}]}}