{"id":134228,"date":"2025-08-09T11:51:37","date_gmt":"2025-08-09T14:51:37","guid":{"rendered":"https:\/\/folhadoleste.com.br\/?p=134228"},"modified":"2025-08-09T13:16:38","modified_gmt":"2025-08-09T16:16:38","slug":"renato-paiva-reencontro-botafogo-brasileirao","status":"publish","type":"post","link":"https:\/\/folhadoleste.com.br\/en\/renato-paiva-reencontro-botafogo-brasileirao\/","title":{"rendered":"Renato Paiva reencontra Botafogo neste s\u00e1bado no Castel\u00e3o pela 19\u00aa rodada do Brasileir\u00e3o"},"content":{"rendered":"<div id=\"attachment_134230\" style=\"width: 1210px\" class=\"wp-caption aligncenter\"><img decoding=\"async\" aria-describedby=\"caption-attachment-134230\" class=\"size-full wp-image-134230\" src=\"https:\/\/folhadoleste.com.br\/wp-content\/uploads\/2025\/08\/Renato-Paiva-reencontra-Botafogo-neste-sabado-no-Castelao-pela-19a-rodada-do-Brasileirao-Foto-Vitor-Silva-Botafogo.jpg\" alt=\"\" width=\"1200\" height=\"750\" \/><p id=\"caption-attachment-134230\" class=\"wp-caption-text\">Renato Paiva reencontra Botafogo neste s\u00e1bado no Castel\u00e3o pela 19\u00aa rodada do Brasileir\u00e3o | Vitor Silva\/Botafogo<\/p><\/div>\n<p style=\"text-align: justify;\" data-start=\"659\" data-end=\"927\">O Botafogo enfrenta o Fortaleza neste s\u00e1bado (9), \u00e0s 20h30, na Arena Castel\u00e3o, pela 19\u00aa rodada do Campeonato Brasileiro. O confronto reserva um reencontro especial com Renato Paiva, ex-treinador do Glorioso, que comanda o Le\u00e3o do Pici desde a sa\u00edda do t\u00e9cnico Vojvoda.<\/p>\n<h5><a href=\"https:\/\/chat.whatsapp.com\/ItvWOvY08sCCpPxovKnYb6\"><img decoding=\"async\" class=\"wp-image-109746 size-full aligncenter\" src=\"https:\/\/folhadoleste.com.br\/wp-content\/uploads\/2025\/02\/WHATSAPP-FOLHA-DO-LESTE-600x200-1.png\" alt=\"\" width=\"600\" height=\"200\" \/><\/a><\/h5>\n<p style=\"text-align: justify;\" data-start=\"929\" data-end=\"1294\">Renato Paiva foi demitido do Botafogo logo ap\u00f3s a elimina\u00e7\u00e3o nas oitavas do Mundial de Clubes para o Palmeiras, pouco depois da hist\u00f3rica vit\u00f3ria sobre o PSG na fase de grupos.<\/p>\n<p style=\"text-align: justify;\" data-start=\"929\" data-end=\"1294\">O propriet\u00e1rio da SAF alvinegra, John Textor, n\u00e3o aprovou a postura mais defensiva no mata-mata e decidiu pela troca no comando t\u00e9cnico. O portugu\u00eas assumiu o Fortaleza h\u00e1 menos de um m\u00eas.<\/p>\n<h5 style=\"text-align: center;\"><span style=\"color: #000000;\"><span style=\"color: #ff0000;\"><strong>+ <\/strong><\/span><\/span><span style=\"color: #000000;\"><strong><span style=\"color: #ff9900;\">MAIS NOT\u00cdCIAS DE ESPORTES?<\/span> <span style=\"color: #008080;\"><a style=\"color: #008080;\" href=\"https:\/\/folhadoleste.com.br\/en\/category\/esportes\/\">CLIQUE AQUI<\/a><\/span><\/strong><\/span><\/h5>\n<p style=\"text-align: justify;\" data-start=\"1296\" data-end=\"1557\">At\u00e9 o momento, Paiva comandou o Fortaleza em quatro partidas, com uma vit\u00f3ria, dois empates e uma derrota. O Botafogo, por sua vez, ocupa a 7\u00aa posi\u00e7\u00e3o na tabela, somando 26 pontos, enquanto o Fortaleza segue na zona de rebaixamento, em 18\u00ba lugar, com 15 pontos.<\/p>\n<p><a href=\"https:\/\/folhadoleste.com.br\/en\/vida\/\"><img decoding=\"async\" class=\"aligncenter wp-image-113547 size-full\" src=\"https:\/\/folhadoleste.com.br\/wp-content\/uploads\/2025\/03\/Sinteses-da-Vida.png\" alt=\"\" width=\"1800\" height=\"600\" \/><\/a><\/p>\n<p><a href=\"https:\/\/www.instagram.com\/folhadoleste\/\"><img decoding=\"async\" class=\"aligncenter wp-image-109748 size-medium\" src=\"https:\/\/folhadoleste.com.br\/wp-content\/uploads\/2025\/02\/Instagram-Folha-do-Leste-Widget-300x100.png\" alt=\"\" width=\"300\" height=\"100\" \/><\/a><\/p>\n<p><a href=\"https:\/\/facebook.com\/folhadoleste\"><img decoding=\"async\" class=\"aligncenter wp-image-109735 size-medium\" src=\"https:\/\/folhadoleste.com.br\/wp-content\/uploads\/2025\/02\/ANUNCIO-FACEBOOK-FOLHA-DO-LESTE-300x300.png\" alt=\"\" width=\"300\" height=\"300\" \/><\/a><\/p>","protected":false},"excerpt":{"rendered":"<p>O Botafogo enfrenta o Fortaleza neste s\u00e1bado (9), \u00e0s 20h30, na Arena Castel\u00e3o, pela 19\u00aa rodada do Campeonato Brasileiro. O confronto reserva um reencontro especial com Renato Paiva, ex-treinador do Glorioso, que comanda o Le\u00e3o do Pici desde a sa\u00edda do t\u00e9cnico Vojvoda. Renato Paiva foi demitido do Botafogo logo ap\u00f3s a elimina\u00e7\u00e3o nas oitavas do Mundial de Clubes para o Palmeiras, pouco depois da hist\u00f3rica vit\u00f3ria sobre o PSG na fase de grupos. O propriet\u00e1rio da SAF alvinegra, John Textor, n\u00e3o aprovou a postura mais defensiva no mata-mata e decidiu pela troca no comando t\u00e9cnico. O portugu\u00eas assumiu o [&hellip;]<\/p>\n","protected":false},"author":5,"featured_media":134230,"comment_status":"open","ping_status":"open","sticky":false,"template":"","format":"standard","meta":{"footnotes":""},"categories":[48,65],"tags":[99,38199,60492,2339,4719,80659,105,545,101,19049,6788,14632,83181,66175,13787,18437],"class_list":["post-134228","post","type-post","status-publish","format-standard","has-post-thumbnail","hentry","category-esportes","category-futebol-esportes","tag-botafogo","tag-botafogo-x-fortaleza","tag-brasileirao-2025","tag-campeonato-brasileiro","tag-castelao","tag-davide-ancelotti","tag-esportes","tag-fortaleza","tag-futebol","tag-futebol-brasileiro","tag-john-textor","tag-mundial-de-clubes","tag-reencontro-tecnico","tag-renato-paiva","tag-serie-a","tag-tecnico-portugues","post--single"],"yoast_head":"<!-- This site is optimized with the Yoast SEO plugin v27.4 - https:\/\/yoast.com\/product\/yoast-seo-wordpress\/ -->\n<title>Renato Paiva reencontra Botafogo neste s\u00e1bado no Castel\u00e3o pela 19\u00aa rodada do Brasileir\u00e3o<\/title>\n<meta name=\"description\" content=\"Renato Paiva reencontra o Botafogo neste s\u00e1bado no Castel\u00e3o pela 19\u00aa rodada do Brasileir\u00e3o. T\u00e9cnico portugu\u00eas comanda Fortaleza...\" \/>\n<meta name=\"robots\" content=\"index, follow, max-snippet:-1, max-image-preview:large, max-video-preview:-1\" \/>\n<link rel=\"canonical\" href=\"https:\/\/folhadoleste.com.br\/en\/renato-paiva-reencontro-botafogo-brasileirao\/\" \/>\n<meta property=\"og:locale\" content=\"en_US\" \/>\n<meta property=\"og:type\" content=\"article\" \/>\n<meta property=\"og:title\" content=\"Renato Paiva reencontra Botafogo neste s\u00e1bado no Castel\u00e3o pela 19\u00aa rodada do Brasileir\u00e3o\" \/>\n<meta property=\"og:description\" content=\"Renato Paiva reencontra o Botafogo neste s\u00e1bado no Castel\u00e3o pela 19\u00aa rodada do Brasileir\u00e3o. T\u00e9cnico portugu\u00eas comanda Fortaleza...\" \/>\n<meta property=\"og:url\" content=\"https:\/\/folhadoleste.com.br\/en\/renato-paiva-reencontro-botafogo-brasileirao\/\" \/>\n<meta property=\"og:site_name\" content=\"Folha do Leste\" \/>\n<meta property=\"article:publisher\" content=\"https:\/\/www.facebook.com\/folhadoleste\" \/>\n<meta property=\"article:published_time\" content=\"2025-08-09T14:51:37+00:00\" \/>\n<meta property=\"article:modified_time\" content=\"2025-08-09T16:16:38+00:00\" \/>\n<meta property=\"og:image\" content=\"https:\/\/folhadoleste.com.br\/wp-content\/uploads\/2025\/08\/Renato-Paiva-reencontra-Botafogo-neste-sabado-no-Castelao-pela-19a-rodada-do-Brasileirao-Foto-Vitor-Silva-Botafogo.jpg\" \/>\n\t<meta property=\"og:image:width\" content=\"1200\" \/>\n\t<meta property=\"og:image:height\" content=\"750\" \/>\n\t<meta property=\"og:image:type\" content=\"image\/jpeg\" \/>\n<meta name=\"author\" content=\"Enzo Carvalho\" \/>\n<meta name=\"twitter:card\" content=\"summary_large_image\" \/>\n<meta name=\"twitter:creator\" content=\"@FolhadoLesteRJ\" \/>\n<meta name=\"twitter:site\" content=\"@FolhadoLesteRJ\" \/>\n<meta name=\"twitter:label1\" content=\"Written by\" \/>\n\t<meta name=\"twitter:data1\" content=\"Enzo Carvalho\" \/>\n\t<meta name=\"twitter:label2\" content=\"Est. reading time\" \/>\n\t<meta name=\"twitter:data2\" content=\"3 minutes\" \/>\n<script type=\"application\/ld+json\" class=\"yoast-schema-graph\">{\"@context\":\"https:\\\/\\\/schema.org\",\"@graph\":[{\"@type\":\"NewsArticle\",\"@id\":\"https:\\\/\\\/folhadoleste.com.br\\\/renato-paiva-reencontro-botafogo-brasileirao\\\/#article\",\"isPartOf\":{\"@id\":\"https:\\\/\\\/folhadoleste.com.br\\\/renato-paiva-reencontro-botafogo-brasileirao\\\/\"},\"author\":{\"name\":\"Enzo Carvalho\",\"@id\":\"https:\\\/\\\/folhadoleste.com.br\\\/#\\\/schema\\\/person\\\/05d8a4b256c9faea581495e6c9be06f2\"},\"headline\":\"Renato Paiva reencontra Botafogo neste s\u00e1bado no Castel\u00e3o pela 19\u00aa rodada do Brasileir\u00e3o\",\"datePublished\":\"2025-08-09T14:51:37+00:00\",\"dateModified\":\"2025-08-09T16:16:38+00:00\",\"mainEntityOfPage\":{\"@id\":\"https:\\\/\\\/folhadoleste.com.br\\\/renato-paiva-reencontro-botafogo-brasileirao\\\/\"},\"wordCount\":209,\"commentCount\":0,\"publisher\":{\"@id\":\"https:\\\/\\\/folhadoleste.com.br\\\/#organization\"},\"image\":{\"@id\":\"https:\\\/\\\/folhadoleste.com.br\\\/renato-paiva-reencontro-botafogo-brasileirao\\\/#primaryimage\"},\"thumbnailUrl\":\"https:\\\/\\\/folhadoleste.com.br\\\/wp-content\\\/uploads\\\/2025\\\/08\\\/Renato-Paiva-reencontra-Botafogo-neste-sabado-no-Castelao-pela-19a-rodada-do-Brasileirao-Foto-Vitor-Silva-Botafogo.jpg\",\"keywords\":[\"botafogo\",\"Botafogo x Fortaleza\",\"Brasileir\u00e3o 2025\",\"Campeonato Brasileiro\",\"Castel\u00e3o\",\"davide ancelotti\",\"Esportes\",\"Fortaleza\",\"futebol\",\"Futebol Brasileiro\",\"John Textor\",\"Mundial de Clubes\",\"reencontro t\u00e9cnico\",\"renato paiva\",\"S\u00e9rie A\",\"T\u00e9cnico portugu\u00eas\"],\"articleSection\":[\"Esportes\",\"Futebol\"],\"inLanguage\":\"en-US\",\"potentialAction\":[{\"@type\":\"CommentAction\",\"name\":\"Comment\",\"target\":[\"https:\\\/\\\/folhadoleste.com.br\\\/renato-paiva-reencontro-botafogo-brasileirao\\\/#respond\"]}]},{\"@type\":\"WebPage\",\"@id\":\"https:\\\/\\\/folhadoleste.com.br\\\/renato-paiva-reencontro-botafogo-brasileirao\\\/\",\"url\":\"https:\\\/\\\/folhadoleste.com.br\\\/renato-paiva-reencontro-botafogo-brasileirao\\\/\",\"name\":\"Renato Paiva reencontra Botafogo neste s\u00e1bado no Castel\u00e3o pela 19\u00aa rodada do Brasileir\u00e3o\",\"isPartOf\":{\"@id\":\"https:\\\/\\\/folhadoleste.com.br\\\/#website\"},\"primaryImageOfPage\":{\"@id\":\"https:\\\/\\\/folhadoleste.com.br\\\/renato-paiva-reencontro-botafogo-brasileirao\\\/#primaryimage\"},\"image\":{\"@id\":\"https:\\\/\\\/folhadoleste.com.br\\\/renato-paiva-reencontro-botafogo-brasileirao\\\/#primaryimage\"},\"thumbnailUrl\":\"https:\\\/\\\/folhadoleste.com.br\\\/wp-content\\\/uploads\\\/2025\\\/08\\\/Renato-Paiva-reencontra-Botafogo-neste-sabado-no-Castelao-pela-19a-rodada-do-Brasileirao-Foto-Vitor-Silva-Botafogo.jpg\",\"datePublished\":\"2025-08-09T14:51:37+00:00\",\"dateModified\":\"2025-08-09T16:16:38+00:00\",\"description\":\"Renato Paiva reencontra o Botafogo neste s\u00e1bado no Castel\u00e3o pela 19\u00aa rodada do Brasileir\u00e3o. T\u00e9cnico portugu\u00eas comanda Fortaleza...\",\"breadcrumb\":{\"@id\":\"https:\\\/\\\/folhadoleste.com.br\\\/renato-paiva-reencontro-botafogo-brasileirao\\\/#breadcrumb\"},\"inLanguage\":\"en-US\",\"potentialAction\":[{\"@type\":\"ReadAction\",\"target\":[\"https:\\\/\\\/folhadoleste.com.br\\\/renato-paiva-reencontro-botafogo-brasileirao\\\/\"]}]},{\"@type\":\"ImageObject\",\"inLanguage\":\"en-US\",\"@id\":\"https:\\\/\\\/folhadoleste.com.br\\\/renato-paiva-reencontro-botafogo-brasileirao\\\/#primaryimage\",\"url\":\"https:\\\/\\\/folhadoleste.com.br\\\/wp-content\\\/uploads\\\/2025\\\/08\\\/Renato-Paiva-reencontra-Botafogo-neste-sabado-no-Castelao-pela-19a-rodada-do-Brasileirao-Foto-Vitor-Silva-Botafogo.jpg\",\"contentUrl\":\"https:\\\/\\\/folhadoleste.com.br\\\/wp-content\\\/uploads\\\/2025\\\/08\\\/Renato-Paiva-reencontra-Botafogo-neste-sabado-no-Castelao-pela-19a-rodada-do-Brasileirao-Foto-Vitor-Silva-Botafogo.jpg\",\"width\":1200,\"height\":750,\"caption\":\"Renato Paiva reencontra Botafogo neste s\u00e1bado no Castel\u00e3o pela 19\u00aa rodada do Brasileir\u00e3o | Vitor Silva\\\/Botafogo\"},{\"@type\":\"BreadcrumbList\",\"@id\":\"https:\\\/\\\/folhadoleste.com.br\\\/renato-paiva-reencontro-botafogo-brasileirao\\\/#breadcrumb\",\"itemListElement\":[{\"@type\":\"ListItem\",\"position\":1,\"name\":\"In\u00edcio\",\"item\":\"https:\\\/\\\/folhadoleste.com.br\\\/\"},{\"@type\":\"ListItem\",\"position\":2,\"name\":\"Esportes\",\"item\":\"https:\\\/\\\/folhadoleste.com.br\\\/category\\\/esportes\\\/\"},{\"@type\":\"ListItem\",\"position\":3,\"name\":\"Futebol\",\"item\":\"https:\\\/\\\/folhadoleste.com.br\\\/category\\\/esportes\\\/futebol-esportes\\\/\"},{\"@type\":\"ListItem\",\"position\":4,\"name\":\"Renato Paiva reencontra Botafogo neste s\u00e1bado no Castel\u00e3o pela 19\u00aa rodada do Brasileir\u00e3o\"}]},{\"@type\":\"WebSite\",\"@id\":\"https:\\\/\\\/folhadoleste.com.br\\\/#website\",\"url\":\"https:\\\/\\\/folhadoleste.com.br\\\/\",\"name\":\"Folha do Leste\",\"description\":\"Portal de Not\u00edcias com \u00eanfase em Niter\u00f3i, criando conte\u00fados desde a capital Rio de Janeiro, com olhar para o Leste Fluminense e suas cidades como S\u00e3o Gon\u00e7alo, Itabora\u00ed, Rio Bonito, Maric\u00e1, Saquarema e Araruama\",\"publisher\":{\"@id\":\"https:\\\/\\\/folhadoleste.com.br\\\/#organization\"},\"alternateName\":\"FL\",\"potentialAction\":[{\"@type\":\"SearchAction\",\"target\":{\"@type\":\"EntryPoint\",\"urlTemplate\":\"https:\\\/\\\/folhadoleste.com.br\\\/?s={search_term_string}\"},\"query-input\":{\"@type\":\"PropertyValueSpecification\",\"valueRequired\":true,\"valueName\":\"search_term_string\"}}],\"inLanguage\":\"en-US\"},{\"@type\":\"Organization\",\"@id\":\"https:\\\/\\\/folhadoleste.com.br\\\/#organization\",\"name\":\"Brasil 21 Comunica\u00e7\u00e3o\",\"alternateName\":\"BR21\",\"url\":\"https:\\\/\\\/folhadoleste.com.br\\\/\",\"logo\":{\"@type\":\"ImageObject\",\"inLanguage\":\"en-US\",\"@id\":\"https:\\\/\\\/folhadoleste.com.br\\\/#\\\/schema\\\/logo\\\/image\\\/\",\"url\":\"https:\\\/\\\/folhadoleste.com.br\\\/wp-content\\\/uploads\\\/2025\\\/12\\\/brasil-21-logomarca.avif\",\"contentUrl\":\"https:\\\/\\\/folhadoleste.com.br\\\/wp-content\\\/uploads\\\/2025\\\/12\\\/brasil-21-logomarca.avif\",\"width\":1044,\"height\":1044,\"caption\":\"Brasil 21 Comunica\u00e7\u00e3o\"},\"image\":{\"@id\":\"https:\\\/\\\/folhadoleste.com.br\\\/#\\\/schema\\\/logo\\\/image\\\/\"},\"sameAs\":[\"https:\\\/\\\/www.facebook.com\\\/folhadoleste\",\"https:\\\/\\\/x.com\\\/FolhadoLesteRJ\",\"https:\\\/\\\/www.instagram.com\\\/folhadoleste\\\/\"]},{\"@type\":\"Person\",\"@id\":\"https:\\\/\\\/folhadoleste.com.br\\\/#\\\/schema\\\/person\\\/05d8a4b256c9faea581495e6c9be06f2\",\"name\":\"Enzo Carvalho\",\"image\":{\"@type\":\"ImageObject\",\"inLanguage\":\"en-US\",\"@id\":\"https:\\\/\\\/folhadoleste.com.br\\\/wp-content\\\/litespeed\\\/avatar\\\/3fe471b6df482b28961bb8e87cd40a81.jpg?ver=1777161141\",\"url\":\"https:\\\/\\\/folhadoleste.com.br\\\/wp-content\\\/litespeed\\\/avatar\\\/3fe471b6df482b28961bb8e87cd40a81.jpg?ver=1777161141\",\"contentUrl\":\"https:\\\/\\\/folhadoleste.com.br\\\/wp-content\\\/litespeed\\\/avatar\\\/3fe471b6df482b28961bb8e87cd40a81.jpg?ver=1777161141\",\"caption\":\"Enzo Carvalho\"},\"description\":\"Enzo Carvalho \u00e9 jornalista profissional, com atua\u00e7\u00e3o voltada \u00e0 cobertura de inova\u00e7\u00e3o, tecnologia, cotidiano e esportes. Ex-jogador profissional de e-sports, traz para o jornalismo uma compreens\u00e3o pr\u00e1tica do universo digital, das plataformas tecnol\u00f3gicas e das transforma\u00e7\u00f5es provocadas pela cultura conectada.\",\"url\":\"https:\\\/\\\/folhadoleste.com.br\\\/en\\\/author\\\/enzo-carvalho\\\/\"}]}<\/script>\n<!-- \/ Yoast SEO plugin. -->","yoast_head_json":{"title":"Renato Paiva reencontra Botafogo neste s\u00e1bado no Castel\u00e3o pela 19\u00aa rodada do Brasileir\u00e3o","description":"Renato Paiva reencontra o Botafogo neste s\u00e1bado no Castel\u00e3o pela 19\u00aa rodada do Brasileir\u00e3o. T\u00e9cnico portugu\u00eas comanda Fortaleza...","robots":{"index":"index","follow":"follow","max-snippet":"max-snippet:-1","max-image-preview":"max-image-preview:large","max-video-preview":"max-video-preview:-1"},"canonical":"https:\/\/folhadoleste.com.br\/en\/renato-paiva-reencontro-botafogo-brasileirao\/","og_locale":"en_US","og_type":"article","og_title":"Renato Paiva reencontra Botafogo neste s\u00e1bado no Castel\u00e3o pela 19\u00aa rodada do Brasileir\u00e3o","og_description":"Renato Paiva reencontra o Botafogo neste s\u00e1bado no Castel\u00e3o pela 19\u00aa rodada do Brasileir\u00e3o. T\u00e9cnico portugu\u00eas comanda Fortaleza...","og_url":"https:\/\/folhadoleste.com.br\/en\/renato-paiva-reencontro-botafogo-brasileirao\/","og_site_name":"Folha do Leste","article_publisher":"https:\/\/www.facebook.com\/folhadoleste","article_published_time":"2025-08-09T14:51:37+00:00","article_modified_time":"2025-08-09T16:16:38+00:00","og_image":[{"width":1200,"height":750,"url":"https:\/\/folhadoleste.com.br\/wp-content\/uploads\/2025\/08\/Renato-Paiva-reencontra-Botafogo-neste-sabado-no-Castelao-pela-19a-rodada-do-Brasileirao-Foto-Vitor-Silva-Botafogo.jpg","type":"image\/jpeg"}],"author":"Enzo Carvalho","twitter_card":"summary_large_image","twitter_creator":"@FolhadoLesteRJ","twitter_site":"@FolhadoLesteRJ","twitter_misc":{"Written by":"Enzo Carvalho","Est. reading time":"3 minutes"},"schema":{"@context":"https:\/\/schema.org","@graph":[{"@type":"NewsArticle","@id":"https:\/\/folhadoleste.com.br\/renato-paiva-reencontro-botafogo-brasileirao\/#article","isPartOf":{"@id":"https:\/\/folhadoleste.com.br\/renato-paiva-reencontro-botafogo-brasileirao\/"},"author":{"name":"Enzo Carvalho","@id":"https:\/\/folhadoleste.com.br\/#\/schema\/person\/05d8a4b256c9faea581495e6c9be06f2"},"headline":"Renato Paiva reencontra Botafogo neste s\u00e1bado no Castel\u00e3o pela 19\u00aa rodada do Brasileir\u00e3o","datePublished":"2025-08-09T14:51:37+00:00","dateModified":"2025-08-09T16:16:38+00:00","mainEntityOfPage":{"@id":"https:\/\/folhadoleste.com.br\/renato-paiva-reencontro-botafogo-brasileirao\/"},"wordCount":209,"commentCount":0,"publisher":{"@id":"https:\/\/folhadoleste.com.br\/#organization"},"image":{"@id":"https:\/\/folhadoleste.com.br\/renato-paiva-reencontro-botafogo-brasileirao\/#primaryimage"},"thumbnailUrl":"https:\/\/folhadoleste.com.br\/wp-content\/uploads\/2025\/08\/Renato-Paiva-reencontra-Botafogo-neste-sabado-no-Castelao-pela-19a-rodada-do-Brasileirao-Foto-Vitor-Silva-Botafogo.jpg","keywords":["botafogo","Botafogo x Fortaleza","Brasileir\u00e3o 2025","Campeonato Brasileiro","Castel\u00e3o","davide ancelotti","Esportes","Fortaleza","futebol","Futebol Brasileiro","John Textor","Mundial de Clubes","reencontro t\u00e9cnico","renato paiva","S\u00e9rie A","T\u00e9cnico portugu\u00eas"],"articleSection":["Esportes","Futebol"],"inLanguage":"en-US","potentialAction":[{"@type":"CommentAction","name":"Comment","target":["https:\/\/folhadoleste.com.br\/renato-paiva-reencontro-botafogo-brasileirao\/#respond"]}]},{"@type":"WebPage","@id":"https:\/\/folhadoleste.com.br\/renato-paiva-reencontro-botafogo-brasileirao\/","url":"https:\/\/folhadoleste.com.br\/renato-paiva-reencontro-botafogo-brasileirao\/","name":"Renato Paiva reencontra Botafogo neste s\u00e1bado no Castel\u00e3o pela 19\u00aa rodada do Brasileir\u00e3o","isPartOf":{"@id":"https:\/\/folhadoleste.com.br\/#website"},"primaryImageOfPage":{"@id":"https:\/\/folhadoleste.com.br\/renato-paiva-reencontro-botafogo-brasileirao\/#primaryimage"},"image":{"@id":"https:\/\/folhadoleste.com.br\/renato-paiva-reencontro-botafogo-brasileirao\/#primaryimage"},"thumbnailUrl":"https:\/\/folhadoleste.com.br\/wp-content\/uploads\/2025\/08\/Renato-Paiva-reencontra-Botafogo-neste-sabado-no-Castelao-pela-19a-rodada-do-Brasileirao-Foto-Vitor-Silva-Botafogo.jpg","datePublished":"2025-08-09T14:51:37+00:00","dateModified":"2025-08-09T16:16:38+00:00","description":"Renato Paiva reencontra o Botafogo neste s\u00e1bado no Castel\u00e3o pela 19\u00aa rodada do Brasileir\u00e3o. T\u00e9cnico portugu\u00eas comanda Fortaleza...","breadcrumb":{"@id":"https:\/\/folhadoleste.com.br\/renato-paiva-reencontro-botafogo-brasileirao\/#breadcrumb"},"inLanguage":"en-US","potentialAction":[{"@type":"ReadAction","target":["https:\/\/folhadoleste.com.br\/renato-paiva-reencontro-botafogo-brasileirao\/"]}]},{"@type":"ImageObject","inLanguage":"en-US","@id":"https:\/\/folhadoleste.com.br\/renato-paiva-reencontro-botafogo-brasileirao\/#primaryimage","url":"https:\/\/folhadoleste.com.br\/wp-content\/uploads\/2025\/08\/Renato-Paiva-reencontra-Botafogo-neste-sabado-no-Castelao-pela-19a-rodada-do-Brasileirao-Foto-Vitor-Silva-Botafogo.jpg","contentUrl":"https:\/\/folhadoleste.com.br\/wp-content\/uploads\/2025\/08\/Renato-Paiva-reencontra-Botafogo-neste-sabado-no-Castelao-pela-19a-rodada-do-Brasileirao-Foto-Vitor-Silva-Botafogo.jpg","width":1200,"height":750,"caption":"Renato Paiva reencontra Botafogo neste s\u00e1bado no Castel\u00e3o pela 19\u00aa rodada do Brasileir\u00e3o | Vitor Silva\/Botafogo"},{"@type":"BreadcrumbList","@id":"https:\/\/folhadoleste.com.br\/renato-paiva-reencontro-botafogo-brasileirao\/#breadcrumb","itemListElement":[{"@type":"ListItem","position":1,"name":"In\u00edcio","item":"https:\/\/folhadoleste.com.br\/"},{"@type":"ListItem","position":2,"name":"Esportes","item":"https:\/\/folhadoleste.com.br\/category\/esportes\/"},{"@type":"ListItem","position":3,"name":"Futebol","item":"https:\/\/folhadoleste.com.br\/category\/esportes\/futebol-esportes\/"},{"@type":"ListItem","position":4,"name":"Renato Paiva reencontra Botafogo neste s\u00e1bado no Castel\u00e3o pela 19\u00aa rodada do Brasileir\u00e3o"}]},{"@type":"WebSite","@id":"https:\/\/folhadoleste.com.br\/#website","url":"https:\/\/folhadoleste.com.br\/","name":"Folha do Leste","description":"Portal de Not\u00edcias com \u00eanfase em Niter\u00f3i, criando conte\u00fados desde a capital Rio de Janeiro, com olhar para o Leste Fluminense e suas cidades como S\u00e3o Gon\u00e7alo, Itabora\u00ed, Rio Bonito, Maric\u00e1, Saquarema e Araruama","publisher":{"@id":"https:\/\/folhadoleste.com.br\/#organization"},"alternateName":"FL","potentialAction":[{"@type":"SearchAction","target":{"@type":"EntryPoint","urlTemplate":"https:\/\/folhadoleste.com.br\/?s={search_term_string}"},"query-input":{"@type":"PropertyValueSpecification","valueRequired":true,"valueName":"search_term_string"}}],"inLanguage":"en-US"},{"@type":"Organization","@id":"https:\/\/folhadoleste.com.br\/#organization","name":"Brasil 21 Comunica\u00e7\u00e3o","alternateName":"BR21","url":"https:\/\/folhadoleste.com.br\/","logo":{"@type":"ImageObject","inLanguage":"en-US","@id":"https:\/\/folhadoleste.com.br\/#\/schema\/logo\/image\/","url":"https:\/\/folhadoleste.com.br\/wp-content\/uploads\/2025\/12\/brasil-21-logomarca.avif","contentUrl":"https:\/\/folhadoleste.com.br\/wp-content\/uploads\/2025\/12\/brasil-21-logomarca.avif","width":1044,"height":1044,"caption":"Brasil 21 Comunica\u00e7\u00e3o"},"image":{"@id":"https:\/\/folhadoleste.com.br\/#\/schema\/logo\/image\/"},"sameAs":["https:\/\/www.facebook.com\/folhadoleste","https:\/\/x.com\/FolhadoLesteRJ","https:\/\/www.instagram.com\/folhadoleste\/"]},{"@type":"Person","@id":"https:\/\/folhadoleste.com.br\/#\/schema\/person\/05d8a4b256c9faea581495e6c9be06f2","name":"Enzo Carvalho","image":{"@type":"ImageObject","inLanguage":"en-US","@id":"https:\/\/folhadoleste.com.br\/wp-content\/litespeed\/avatar\/3fe471b6df482b28961bb8e87cd40a81.jpg?ver=1777161141","url":"https:\/\/folhadoleste.com.br\/wp-content\/litespeed\/avatar\/3fe471b6df482b28961bb8e87cd40a81.jpg?ver=1777161141","contentUrl":"https:\/\/folhadoleste.com.br\/wp-content\/litespeed\/avatar\/3fe471b6df482b28961bb8e87cd40a81.jpg?ver=1777161141","caption":"Enzo Carvalho"},"description":"Enzo Carvalho \u00e9 jornalista profissional, com atua\u00e7\u00e3o voltada \u00e0 cobertura de inova\u00e7\u00e3o, tecnologia, cotidiano e esportes. Ex-jogador profissional de e-sports, traz para o jornalismo uma compreens\u00e3o pr\u00e1tica do universo digital, das plataformas tecnol\u00f3gicas e das transforma\u00e7\u00f5es provocadas pela cultura conectada.","url":"https:\/\/folhadoleste.com.br\/en\/author\/enzo-carvalho\/"}]}},"_links":{"self":[{"href":"https:\/\/folhadoleste.com.br\/en\/wp-json\/wp\/v2\/posts\/134228","targetHints":{"allow":["GET"]}}],"collection":[{"href":"https:\/\/folhadoleste.com.br\/en\/wp-json\/wp\/v2\/posts"}],"about":[{"href":"https:\/\/folhadoleste.com.br\/en\/wp-json\/wp\/v2\/types\/post"}],"author":[{"embeddable":true,"href":"https:\/\/folhadoleste.com.br\/en\/wp-json\/wp\/v2\/users\/5"}],"replies":[{"embeddable":true,"href":"https:\/\/folhadoleste.com.br\/en\/wp-json\/wp\/v2\/comments?post=134228"}],"version-history":[{"count":1,"href":"https:\/\/folhadoleste.com.br\/en\/wp-json\/wp\/v2\/posts\/134228\/revisions"}],"predecessor-version":[{"id":134231,"href":"https:\/\/folhadoleste.com.br\/en\/wp-json\/wp\/v2\/posts\/134228\/revisions\/134231"}],"wp:featuredmedia":[{"embeddable":true,"href":"https:\/\/folhadoleste.com.br\/en\/wp-json\/wp\/v2\/media\/134230"}],"wp:attachment":[{"href":"https:\/\/folhadoleste.com.br\/en\/wp-json\/wp\/v2\/media?parent=134228"}],"wp:term":[{"taxonomy":"category","embeddable":true,"href":"https:\/\/folhadoleste.com.br\/en\/wp-json\/wp\/v2\/categories?post=134228"},{"taxonomy":"post_tag","embeddable":true,"href":"https:\/\/folhadoleste.com.br\/en\/wp-json\/wp\/v2\/tags?post=134228"}],"curies":[{"name":"wp","href":"https:\/\/api.w.org\/{rel}","templated":true}]}}