{"id":134159,"date":"2025-08-08T19:51:11","date_gmt":"2025-08-08T22:51:11","guid":{"rendered":"https:\/\/folhadoleste.com.br\/?p=134159"},"modified":"2025-08-08T19:51:11","modified_gmt":"2025-08-08T22:51:11","slug":"fortaleza-x-botafogo-brasileirao-2025","status":"publish","type":"post","link":"https:\/\/folhadoleste.com.br\/en\/fortaleza-x-botafogo-brasileirao-2025\/","title":{"rendered":"Fortaleza x Botafogo: Informa\u00e7\u00f5es, escala\u00e7\u00f5es, onde assistir"},"content":{"rendered":"<div id=\"attachment_134161\" style=\"width: 1310px\" class=\"wp-caption aligncenter\"><img decoding=\"async\" aria-describedby=\"caption-attachment-134161\" class=\"size-full wp-image-134161\" src=\"https:\/\/folhadoleste.com.br\/wp-content\/uploads\/2025\/08\/Fortaleza-x-Botafogo-Foto-1300x700-1.jpg\" alt=\"\" width=\"1300\" height=\"700\" \/><p id=\"caption-attachment-134161\" class=\"wp-caption-text\">Fortaleza x Botafogo: Informa\u00e7\u00f5es, escala\u00e7\u00f5es, onde assistir | Enzo Carvalho\/Folha do Leste<\/p><\/div>\n<p style=\"text-align: justify;\" data-start=\"571\" data-end=\"883\">Fortaleza vive um momento dif\u00edcil na temporada. Com apenas uma vit\u00f3ria nos \u00faltimos cinco jogos, o Le\u00e3o do Pici ocupa a 18\u00aa coloca\u00e7\u00e3o no Brasileir\u00e3o, com 15 pontos, dentro da zona de rebaixamento. O t\u00e9cnico Renato Paiva, que reencontra o Botafogo, pede apoio da torcida para lotar a Arena Castel\u00e3o.<\/p>\n<h5><a href=\"https:\/\/chat.whatsapp.com\/ItvWOvY08sCCpPxovKnYb6\"><img decoding=\"async\" class=\"wp-image-109746 size-full aligncenter\" src=\"https:\/\/folhadoleste.com.br\/wp-content\/uploads\/2025\/02\/WHATSAPP-FOLHA-DO-LESTE-600x200-1.png\" alt=\"\" width=\"600\" height=\"200\" \/><\/a><\/h5>\n<blockquote>\n<p style=\"text-align: justify;\" data-start=\"885\" data-end=\"1112\">&#8220;Aproveito para pedir \u00e0 torcida que compare\u00e7a. Vamos precisar muito deles. Temos feito um trabalho positivo em casa, mas fora de casa as dificuldades aumentam. A torcida precisa se orgulhar do esfor\u00e7o do time&#8221;, afirmou Paiva.<\/p>\n<\/blockquote>\n<p style=\"text-align: justify;\" data-start=\"1114\" data-end=\"1204\">O meia Pochettino est\u00e1 fora do confronto devido a um estiramento no ligamento do joelho.<\/p>\n<p style=\"text-align: justify;\" data-start=\"1206\" data-end=\"1686\">J\u00e1 o Botafogo est\u00e1 na s\u00e9tima posi\u00e7\u00e3o, mas com dois jogos a menos, e quer retomar seu lugar no G6 para avan\u00e7ar ao G4, que garante vaga direta na fase de grupos da pr\u00f3xima Libertadores.<\/p>\n<h5 style=\"text-align: center;\"><span style=\"color: #000000;\"><span style=\"color: #ff0000;\"><strong>+ <\/strong><\/span><\/span><span style=\"color: #000000;\"><strong><span style=\"color: #ff9900;\">MAIS NOT\u00cdCIAS DE ESPORTES?<\/span> <span style=\"color: #008080;\"><a style=\"color: #008080;\" href=\"https:\/\/folhadoleste.com.br\/en\/category\/esportes\/\">CLIQUE AQUI<\/a><\/span><\/strong><\/span><\/h5>\n<p style=\"text-align: justify;\" data-start=\"1206\" data-end=\"1686\">O t\u00e9cnico Davide Ancelotti enfrenta desfalques importantes: Barboza e Allan est\u00e3o suspensos; Pantale\u00e3o e Cuiabano seguem lesionados e devem ser poupados para a Libertadores; Bastos s\u00f3 volta no fim do ano; Barrera est\u00e1 fora por tor\u00e7\u00e3o no tornozelo; Marlon Freitas est\u00e1 no protocolo de concuss\u00e3o.<\/p>\n<p style=\"text-align: justify;\" data-start=\"1688\" data-end=\"1858\">Para suprir as aus\u00eancias, Ancelotti deve usar Mar\u00e7al na zaga, garantir minutos ao volante Danilo e posicionar Newton mais avan\u00e7ado, na fun\u00e7\u00e3o de meio-campista ofensivo.<\/p>\n<p style=\"text-align: justify;\" data-start=\"1860\" data-end=\"1951\">O jogo promete ser tenso e decisivo para as pretens\u00f5es de ambas as equipes na competi\u00e7\u00e3o.<\/p>\n<h3 style=\"text-align: justify;\"><em>FICHA T\u00c9CNICA<\/em><\/h3>\n<p style=\"text-align: justify;\"><strong>FORTALEZA x BOTAFOGO &#8211; Campeonato Brasileiro &#8211; 19\u00aa rodada<\/strong><\/p>\n<p style=\"text-align: justify;\"><strong>Data e hora:<\/strong> 09\/08\/2025, s\u00e1bado, \u00e0s 20h30 (hor\u00e1rio de Bras\u00edlia) | <strong>Onde Assistir:<\/strong> Amazon Prime Video | <strong>Local:<\/strong> Arena Castel\u00e3o, em Fortaleza (CE) | <strong>\u00c1rbitro:<\/strong> Anderson Daronco (RS) | <strong>Auxiliares:<\/strong> Michael Stanislau (RS) e Jorge Eduardo Bernardi (RS) | <strong>VAR:<\/strong> Thiago Duarte (SP)<\/p>\n<p style=\"text-align: justify;\"><strong>PROV\u00c1VEIS ESCALA\u00c7\u00d5ES<\/strong><\/p>\n<p style=\"text-align: justify;\"><strong>FORTALEZA:<\/strong> Silvestre, Mancuso, Mancha, Kuscevic e Barbosa; Pereira, Sasha e Marinho; Prior, Lopes e Deyverson. <strong>T\u00e9cnico:<\/strong> Renato Paiva.<\/p>\n<p style=\"text-align: justify;\"><strong>BOTAFOGO:<\/strong> Linck (John), Vitinho, David Ricardo, Mar\u00e7al e Telles; Danilo, Newton e Savarino; Montoro, Artur e Cabral. <strong>T\u00e9cnico:<\/strong> Davide Ancelotti.<\/p>\n<p><a href=\"https:\/\/folhadoleste.com.br\/en\/vida\/\"><img decoding=\"async\" class=\"aligncenter wp-image-113547 size-full\" src=\"https:\/\/folhadoleste.com.br\/wp-content\/uploads\/2025\/03\/Sinteses-da-Vida.png\" alt=\"\" width=\"1800\" height=\"600\" \/><\/a><\/p>\n<p><a href=\"https:\/\/www.instagram.com\/folhadoleste\/\"><img decoding=\"async\" class=\"aligncenter wp-image-109748 size-medium\" src=\"https:\/\/folhadoleste.com.br\/wp-content\/uploads\/2025\/02\/Instagram-Folha-do-Leste-Widget-300x100.png\" alt=\"\" width=\"300\" height=\"100\" \/><\/a><\/p>\n<p><a href=\"https:\/\/facebook.com\/folhadoleste\"><img decoding=\"async\" class=\"aligncenter wp-image-109735 size-medium\" src=\"https:\/\/folhadoleste.com.br\/wp-content\/uploads\/2025\/02\/ANUNCIO-FACEBOOK-FOLHA-DO-LESTE-300x300.png\" alt=\"\" width=\"300\" height=\"300\" \/><\/a><\/p>","protected":false},"excerpt":{"rendered":"<p>Fortaleza vive um momento dif\u00edcil na temporada. Com apenas uma vit\u00f3ria nos \u00faltimos cinco jogos, o Le\u00e3o do Pici ocupa a 18\u00aa coloca\u00e7\u00e3o no Brasileir\u00e3o, com 15 pontos, dentro da zona de rebaixamento. O t\u00e9cnico Renato Paiva, que reencontra o Botafogo, pede apoio da torcida para lotar a Arena Castel\u00e3o. &#8220;Aproveito para pedir \u00e0 torcida que compare\u00e7a. Vamos precisar muito deles. Temos feito um trabalho positivo em casa, mas fora de casa as dificuldades aumentam. A torcida precisa se orgulhar do esfor\u00e7o do time&#8221;, afirmou Paiva. O meia Pochettino est\u00e1 fora do confronto devido a um estiramento no ligamento do [&hellip;]<\/p>\n","protected":false},"author":5,"featured_media":134161,"comment_status":"open","ping_status":"open","sticky":false,"template":"","format":"standard","meta":{"footnotes":""},"categories":[48,65],"tags":[33340,99,60492,2339,1270,80659,83126,83127,105,545,38125,101,19049,66175],"class_list":["post-134159","post","type-post","status-publish","format-standard","has-post-thumbnail","hentry","category-esportes","category-futebol-esportes","tag-arena-castelao","tag-botafogo","tag-brasileirao-2025","tag-campeonato-brasileiro","tag-copa-libertadores","tag-davide-ancelotti","tag-desfalques-botafogo","tag-desfalques-fortaleza","tag-esportes","tag-fortaleza","tag-fortaleza-x-botafogo","tag-futebol","tag-futebol-brasileiro","tag-renato-paiva","post--single"],"yoast_head":"<!-- This site is optimized with the Yoast SEO plugin v27.4 - https:\/\/yoast.com\/product\/yoast-seo-wordpress\/ -->\n<title>Fortaleza x Botafogo: Informa\u00e7\u00f5es, escala\u00e7\u00f5es, onde assistir<\/title>\n<meta name=\"description\" content=\"Fortaleza e Botafogo se enfrentam neste s\u00e1bado (9), \u00e0s 20h30, na Arena Castel\u00e3o pela 19\u00aa rodada do Brasileir\u00e3o. Confira escala\u00e7\u00f5es e onde...\" \/>\n<meta name=\"robots\" content=\"index, follow, max-snippet:-1, max-image-preview:large, max-video-preview:-1\" \/>\n<link rel=\"canonical\" href=\"https:\/\/folhadoleste.com.br\/en\/fortaleza-x-botafogo-brasileirao-2025\/\" \/>\n<meta property=\"og:locale\" content=\"en_US\" \/>\n<meta property=\"og:type\" content=\"article\" \/>\n<meta property=\"og:title\" content=\"Fortaleza x Botafogo: Informa\u00e7\u00f5es, escala\u00e7\u00f5es, onde assistir\" \/>\n<meta property=\"og:description\" content=\"Fortaleza e Botafogo se enfrentam neste s\u00e1bado (9), \u00e0s 20h30, na Arena Castel\u00e3o pela 19\u00aa rodada do Brasileir\u00e3o. Confira escala\u00e7\u00f5es e onde...\" \/>\n<meta property=\"og:url\" content=\"https:\/\/folhadoleste.com.br\/en\/fortaleza-x-botafogo-brasileirao-2025\/\" \/>\n<meta property=\"og:site_name\" content=\"Folha do Leste\" \/>\n<meta property=\"article:publisher\" content=\"https:\/\/www.facebook.com\/folhadoleste\" \/>\n<meta property=\"article:published_time\" content=\"2025-08-08T22:51:11+00:00\" \/>\n<meta property=\"og:image\" content=\"https:\/\/folhadoleste.com.br\/wp-content\/uploads\/2025\/08\/Fortaleza-x-Botafogo-Foto-1300x700-1.jpg\" \/>\n\t<meta property=\"og:image:width\" content=\"1300\" \/>\n\t<meta property=\"og:image:height\" content=\"700\" \/>\n\t<meta property=\"og:image:type\" content=\"image\/jpeg\" \/>\n<meta name=\"author\" content=\"Enzo Carvalho\" \/>\n<meta name=\"twitter:card\" content=\"summary_large_image\" \/>\n<meta name=\"twitter:creator\" content=\"@FolhadoLesteRJ\" \/>\n<meta name=\"twitter:site\" content=\"@FolhadoLesteRJ\" \/>\n<meta name=\"twitter:label1\" content=\"Written by\" \/>\n\t<meta name=\"twitter:data1\" content=\"Enzo Carvalho\" \/>\n\t<meta name=\"twitter:label2\" content=\"Est. reading time\" \/>\n\t<meta name=\"twitter:data2\" content=\"3 minutes\" \/>\n<script type=\"application\/ld+json\" class=\"yoast-schema-graph\">{\"@context\":\"https:\\\/\\\/schema.org\",\"@graph\":[{\"@type\":\"NewsArticle\",\"@id\":\"https:\\\/\\\/folhadoleste.com.br\\\/fortaleza-x-botafogo-brasileirao-2025\\\/#article\",\"isPartOf\":{\"@id\":\"https:\\\/\\\/folhadoleste.com.br\\\/fortaleza-x-botafogo-brasileirao-2025\\\/\"},\"author\":{\"name\":\"Enzo Carvalho\",\"@id\":\"https:\\\/\\\/folhadoleste.com.br\\\/#\\\/schema\\\/person\\\/05d8a4b256c9faea581495e6c9be06f2\"},\"headline\":\"Fortaleza x Botafogo: Informa\u00e7\u00f5es, escala\u00e7\u00f5es, onde assistir\",\"datePublished\":\"2025-08-08T22:51:11+00:00\",\"mainEntityOfPage\":{\"@id\":\"https:\\\/\\\/folhadoleste.com.br\\\/fortaleza-x-botafogo-brasileirao-2025\\\/\"},\"wordCount\":377,\"commentCount\":0,\"publisher\":{\"@id\":\"https:\\\/\\\/folhadoleste.com.br\\\/#organization\"},\"image\":{\"@id\":\"https:\\\/\\\/folhadoleste.com.br\\\/fortaleza-x-botafogo-brasileirao-2025\\\/#primaryimage\"},\"thumbnailUrl\":\"https:\\\/\\\/folhadoleste.com.br\\\/wp-content\\\/uploads\\\/2025\\\/08\\\/Fortaleza-x-Botafogo-Foto-1300x700-1.jpg\",\"keywords\":[\"Arena Castel\u00e3o\",\"botafogo\",\"Brasileir\u00e3o 2025\",\"Campeonato Brasileiro\",\"Copa Libertadores\",\"davide ancelotti\",\"desfalques Botafogo\",\"desfalques Fortaleza\",\"Esportes\",\"Fortaleza\",\"Fortaleza x Botafogo\",\"futebol\",\"Futebol Brasileiro\",\"renato paiva\"],\"articleSection\":[\"Esportes\",\"Futebol\"],\"inLanguage\":\"en-US\",\"potentialAction\":[{\"@type\":\"CommentAction\",\"name\":\"Comment\",\"target\":[\"https:\\\/\\\/folhadoleste.com.br\\\/fortaleza-x-botafogo-brasileirao-2025\\\/#respond\"]}]},{\"@type\":\"WebPage\",\"@id\":\"https:\\\/\\\/folhadoleste.com.br\\\/fortaleza-x-botafogo-brasileirao-2025\\\/\",\"url\":\"https:\\\/\\\/folhadoleste.com.br\\\/fortaleza-x-botafogo-brasileirao-2025\\\/\",\"name\":\"Fortaleza x Botafogo: Informa\u00e7\u00f5es, escala\u00e7\u00f5es, onde assistir\",\"isPartOf\":{\"@id\":\"https:\\\/\\\/folhadoleste.com.br\\\/#website\"},\"primaryImageOfPage\":{\"@id\":\"https:\\\/\\\/folhadoleste.com.br\\\/fortaleza-x-botafogo-brasileirao-2025\\\/#primaryimage\"},\"image\":{\"@id\":\"https:\\\/\\\/folhadoleste.com.br\\\/fortaleza-x-botafogo-brasileirao-2025\\\/#primaryimage\"},\"thumbnailUrl\":\"https:\\\/\\\/folhadoleste.com.br\\\/wp-content\\\/uploads\\\/2025\\\/08\\\/Fortaleza-x-Botafogo-Foto-1300x700-1.jpg\",\"datePublished\":\"2025-08-08T22:51:11+00:00\",\"description\":\"Fortaleza e Botafogo se enfrentam neste s\u00e1bado (9), \u00e0s 20h30, na Arena Castel\u00e3o pela 19\u00aa rodada do Brasileir\u00e3o. Confira escala\u00e7\u00f5es e onde...\",\"breadcrumb\":{\"@id\":\"https:\\\/\\\/folhadoleste.com.br\\\/fortaleza-x-botafogo-brasileirao-2025\\\/#breadcrumb\"},\"inLanguage\":\"en-US\",\"potentialAction\":[{\"@type\":\"ReadAction\",\"target\":[\"https:\\\/\\\/folhadoleste.com.br\\\/fortaleza-x-botafogo-brasileirao-2025\\\/\"]}]},{\"@type\":\"ImageObject\",\"inLanguage\":\"en-US\",\"@id\":\"https:\\\/\\\/folhadoleste.com.br\\\/fortaleza-x-botafogo-brasileirao-2025\\\/#primaryimage\",\"url\":\"https:\\\/\\\/folhadoleste.com.br\\\/wp-content\\\/uploads\\\/2025\\\/08\\\/Fortaleza-x-Botafogo-Foto-1300x700-1.jpg\",\"contentUrl\":\"https:\\\/\\\/folhadoleste.com.br\\\/wp-content\\\/uploads\\\/2025\\\/08\\\/Fortaleza-x-Botafogo-Foto-1300x700-1.jpg\",\"width\":1300,\"height\":700,\"caption\":\"Fortaleza x Botafogo: Informa\u00e7\u00f5es, escala\u00e7\u00f5es, onde assistir | Enzo Carvalho\\\/Folha do Leste\"},{\"@type\":\"BreadcrumbList\",\"@id\":\"https:\\\/\\\/folhadoleste.com.br\\\/fortaleza-x-botafogo-brasileirao-2025\\\/#breadcrumb\",\"itemListElement\":[{\"@type\":\"ListItem\",\"position\":1,\"name\":\"In\u00edcio\",\"item\":\"https:\\\/\\\/folhadoleste.com.br\\\/\"},{\"@type\":\"ListItem\",\"position\":2,\"name\":\"Esportes\",\"item\":\"https:\\\/\\\/folhadoleste.com.br\\\/category\\\/esportes\\\/\"},{\"@type\":\"ListItem\",\"position\":3,\"name\":\"Futebol\",\"item\":\"https:\\\/\\\/folhadoleste.com.br\\\/category\\\/esportes\\\/futebol-esportes\\\/\"},{\"@type\":\"ListItem\",\"position\":4,\"name\":\"Fortaleza x Botafogo: Informa\u00e7\u00f5es, escala\u00e7\u00f5es, onde assistir\"}]},{\"@type\":\"WebSite\",\"@id\":\"https:\\\/\\\/folhadoleste.com.br\\\/#website\",\"url\":\"https:\\\/\\\/folhadoleste.com.br\\\/\",\"name\":\"Folha do Leste\",\"description\":\"Portal de Not\u00edcias com \u00eanfase em Niter\u00f3i, criando conte\u00fados desde a capital Rio de Janeiro, com olhar para o Leste Fluminense e suas cidades como S\u00e3o Gon\u00e7alo, Itabora\u00ed, Rio Bonito, Maric\u00e1, Saquarema e Araruama\",\"publisher\":{\"@id\":\"https:\\\/\\\/folhadoleste.com.br\\\/#organization\"},\"alternateName\":\"FL\",\"potentialAction\":[{\"@type\":\"SearchAction\",\"target\":{\"@type\":\"EntryPoint\",\"urlTemplate\":\"https:\\\/\\\/folhadoleste.com.br\\\/?s={search_term_string}\"},\"query-input\":{\"@type\":\"PropertyValueSpecification\",\"valueRequired\":true,\"valueName\":\"search_term_string\"}}],\"inLanguage\":\"en-US\"},{\"@type\":\"Organization\",\"@id\":\"https:\\\/\\\/folhadoleste.com.br\\\/#organization\",\"name\":\"Brasil 21 Comunica\u00e7\u00e3o\",\"alternateName\":\"BR21\",\"url\":\"https:\\\/\\\/folhadoleste.com.br\\\/\",\"logo\":{\"@type\":\"ImageObject\",\"inLanguage\":\"en-US\",\"@id\":\"https:\\\/\\\/folhadoleste.com.br\\\/#\\\/schema\\\/logo\\\/image\\\/\",\"url\":\"https:\\\/\\\/folhadoleste.com.br\\\/wp-content\\\/uploads\\\/2025\\\/12\\\/brasil-21-logomarca.avif\",\"contentUrl\":\"https:\\\/\\\/folhadoleste.com.br\\\/wp-content\\\/uploads\\\/2025\\\/12\\\/brasil-21-logomarca.avif\",\"width\":1044,\"height\":1044,\"caption\":\"Brasil 21 Comunica\u00e7\u00e3o\"},\"image\":{\"@id\":\"https:\\\/\\\/folhadoleste.com.br\\\/#\\\/schema\\\/logo\\\/image\\\/\"},\"sameAs\":[\"https:\\\/\\\/www.facebook.com\\\/folhadoleste\",\"https:\\\/\\\/x.com\\\/FolhadoLesteRJ\",\"https:\\\/\\\/www.instagram.com\\\/folhadoleste\\\/\"]},{\"@type\":\"Person\",\"@id\":\"https:\\\/\\\/folhadoleste.com.br\\\/#\\\/schema\\\/person\\\/05d8a4b256c9faea581495e6c9be06f2\",\"name\":\"Enzo Carvalho\",\"image\":{\"@type\":\"ImageObject\",\"inLanguage\":\"en-US\",\"@id\":\"https:\\\/\\\/folhadoleste.com.br\\\/wp-content\\\/litespeed\\\/avatar\\\/3fe471b6df482b28961bb8e87cd40a81.jpg?ver=1777161141\",\"url\":\"https:\\\/\\\/folhadoleste.com.br\\\/wp-content\\\/litespeed\\\/avatar\\\/3fe471b6df482b28961bb8e87cd40a81.jpg?ver=1777161141\",\"contentUrl\":\"https:\\\/\\\/folhadoleste.com.br\\\/wp-content\\\/litespeed\\\/avatar\\\/3fe471b6df482b28961bb8e87cd40a81.jpg?ver=1777161141\",\"caption\":\"Enzo Carvalho\"},\"description\":\"Enzo Carvalho \u00e9 jornalista profissional, com atua\u00e7\u00e3o voltada \u00e0 cobertura de inova\u00e7\u00e3o, tecnologia, cotidiano e esportes. Ex-jogador profissional de e-sports, traz para o jornalismo uma compreens\u00e3o pr\u00e1tica do universo digital, das plataformas tecnol\u00f3gicas e das transforma\u00e7\u00f5es provocadas pela cultura conectada.\",\"url\":\"https:\\\/\\\/folhadoleste.com.br\\\/en\\\/author\\\/enzo-carvalho\\\/\"}]}<\/script>\n<!-- \/ Yoast SEO plugin. -->","yoast_head_json":{"title":"Fortaleza x Botafogo: Informa\u00e7\u00f5es, escala\u00e7\u00f5es, onde assistir","description":"Fortaleza e Botafogo se enfrentam neste s\u00e1bado (9), \u00e0s 20h30, na Arena Castel\u00e3o pela 19\u00aa rodada do Brasileir\u00e3o. Confira escala\u00e7\u00f5es e onde...","robots":{"index":"index","follow":"follow","max-snippet":"max-snippet:-1","max-image-preview":"max-image-preview:large","max-video-preview":"max-video-preview:-1"},"canonical":"https:\/\/folhadoleste.com.br\/en\/fortaleza-x-botafogo-brasileirao-2025\/","og_locale":"en_US","og_type":"article","og_title":"Fortaleza x Botafogo: Informa\u00e7\u00f5es, escala\u00e7\u00f5es, onde assistir","og_description":"Fortaleza e Botafogo se enfrentam neste s\u00e1bado (9), \u00e0s 20h30, na Arena Castel\u00e3o pela 19\u00aa rodada do Brasileir\u00e3o. Confira escala\u00e7\u00f5es e onde...","og_url":"https:\/\/folhadoleste.com.br\/en\/fortaleza-x-botafogo-brasileirao-2025\/","og_site_name":"Folha do Leste","article_publisher":"https:\/\/www.facebook.com\/folhadoleste","article_published_time":"2025-08-08T22:51:11+00:00","og_image":[{"width":1300,"height":700,"url":"https:\/\/folhadoleste.com.br\/wp-content\/uploads\/2025\/08\/Fortaleza-x-Botafogo-Foto-1300x700-1.jpg","type":"image\/jpeg"}],"author":"Enzo Carvalho","twitter_card":"summary_large_image","twitter_creator":"@FolhadoLesteRJ","twitter_site":"@FolhadoLesteRJ","twitter_misc":{"Written by":"Enzo Carvalho","Est. reading time":"3 minutes"},"schema":{"@context":"https:\/\/schema.org","@graph":[{"@type":"NewsArticle","@id":"https:\/\/folhadoleste.com.br\/fortaleza-x-botafogo-brasileirao-2025\/#article","isPartOf":{"@id":"https:\/\/folhadoleste.com.br\/fortaleza-x-botafogo-brasileirao-2025\/"},"author":{"name":"Enzo Carvalho","@id":"https:\/\/folhadoleste.com.br\/#\/schema\/person\/05d8a4b256c9faea581495e6c9be06f2"},"headline":"Fortaleza x Botafogo: Informa\u00e7\u00f5es, escala\u00e7\u00f5es, onde assistir","datePublished":"2025-08-08T22:51:11+00:00","mainEntityOfPage":{"@id":"https:\/\/folhadoleste.com.br\/fortaleza-x-botafogo-brasileirao-2025\/"},"wordCount":377,"commentCount":0,"publisher":{"@id":"https:\/\/folhadoleste.com.br\/#organization"},"image":{"@id":"https:\/\/folhadoleste.com.br\/fortaleza-x-botafogo-brasileirao-2025\/#primaryimage"},"thumbnailUrl":"https:\/\/folhadoleste.com.br\/wp-content\/uploads\/2025\/08\/Fortaleza-x-Botafogo-Foto-1300x700-1.jpg","keywords":["Arena Castel\u00e3o","botafogo","Brasileir\u00e3o 2025","Campeonato Brasileiro","Copa Libertadores","davide ancelotti","desfalques Botafogo","desfalques Fortaleza","Esportes","Fortaleza","Fortaleza x Botafogo","futebol","Futebol Brasileiro","renato paiva"],"articleSection":["Esportes","Futebol"],"inLanguage":"en-US","potentialAction":[{"@type":"CommentAction","name":"Comment","target":["https:\/\/folhadoleste.com.br\/fortaleza-x-botafogo-brasileirao-2025\/#respond"]}]},{"@type":"WebPage","@id":"https:\/\/folhadoleste.com.br\/fortaleza-x-botafogo-brasileirao-2025\/","url":"https:\/\/folhadoleste.com.br\/fortaleza-x-botafogo-brasileirao-2025\/","name":"Fortaleza x Botafogo: Informa\u00e7\u00f5es, escala\u00e7\u00f5es, onde assistir","isPartOf":{"@id":"https:\/\/folhadoleste.com.br\/#website"},"primaryImageOfPage":{"@id":"https:\/\/folhadoleste.com.br\/fortaleza-x-botafogo-brasileirao-2025\/#primaryimage"},"image":{"@id":"https:\/\/folhadoleste.com.br\/fortaleza-x-botafogo-brasileirao-2025\/#primaryimage"},"thumbnailUrl":"https:\/\/folhadoleste.com.br\/wp-content\/uploads\/2025\/08\/Fortaleza-x-Botafogo-Foto-1300x700-1.jpg","datePublished":"2025-08-08T22:51:11+00:00","description":"Fortaleza e Botafogo se enfrentam neste s\u00e1bado (9), \u00e0s 20h30, na Arena Castel\u00e3o pela 19\u00aa rodada do Brasileir\u00e3o. Confira escala\u00e7\u00f5es e onde...","breadcrumb":{"@id":"https:\/\/folhadoleste.com.br\/fortaleza-x-botafogo-brasileirao-2025\/#breadcrumb"},"inLanguage":"en-US","potentialAction":[{"@type":"ReadAction","target":["https:\/\/folhadoleste.com.br\/fortaleza-x-botafogo-brasileirao-2025\/"]}]},{"@type":"ImageObject","inLanguage":"en-US","@id":"https:\/\/folhadoleste.com.br\/fortaleza-x-botafogo-brasileirao-2025\/#primaryimage","url":"https:\/\/folhadoleste.com.br\/wp-content\/uploads\/2025\/08\/Fortaleza-x-Botafogo-Foto-1300x700-1.jpg","contentUrl":"https:\/\/folhadoleste.com.br\/wp-content\/uploads\/2025\/08\/Fortaleza-x-Botafogo-Foto-1300x700-1.jpg","width":1300,"height":700,"caption":"Fortaleza x Botafogo: Informa\u00e7\u00f5es, escala\u00e7\u00f5es, onde assistir | Enzo Carvalho\/Folha do Leste"},{"@type":"BreadcrumbList","@id":"https:\/\/folhadoleste.com.br\/fortaleza-x-botafogo-brasileirao-2025\/#breadcrumb","itemListElement":[{"@type":"ListItem","position":1,"name":"In\u00edcio","item":"https:\/\/folhadoleste.com.br\/"},{"@type":"ListItem","position":2,"name":"Esportes","item":"https:\/\/folhadoleste.com.br\/category\/esportes\/"},{"@type":"ListItem","position":3,"name":"Futebol","item":"https:\/\/folhadoleste.com.br\/category\/esportes\/futebol-esportes\/"},{"@type":"ListItem","position":4,"name":"Fortaleza x Botafogo: Informa\u00e7\u00f5es, escala\u00e7\u00f5es, onde assistir"}]},{"@type":"WebSite","@id":"https:\/\/folhadoleste.com.br\/#website","url":"https:\/\/folhadoleste.com.br\/","name":"Folha do Leste","description":"Portal de Not\u00edcias com \u00eanfase em Niter\u00f3i, criando conte\u00fados desde a capital Rio de Janeiro, com olhar para o Leste Fluminense e suas cidades como S\u00e3o Gon\u00e7alo, Itabora\u00ed, Rio Bonito, Maric\u00e1, Saquarema e Araruama","publisher":{"@id":"https:\/\/folhadoleste.com.br\/#organization"},"alternateName":"FL","potentialAction":[{"@type":"SearchAction","target":{"@type":"EntryPoint","urlTemplate":"https:\/\/folhadoleste.com.br\/?s={search_term_string}"},"query-input":{"@type":"PropertyValueSpecification","valueRequired":true,"valueName":"search_term_string"}}],"inLanguage":"en-US"},{"@type":"Organization","@id":"https:\/\/folhadoleste.com.br\/#organization","name":"Brasil 21 Comunica\u00e7\u00e3o","alternateName":"BR21","url":"https:\/\/folhadoleste.com.br\/","logo":{"@type":"ImageObject","inLanguage":"en-US","@id":"https:\/\/folhadoleste.com.br\/#\/schema\/logo\/image\/","url":"https:\/\/folhadoleste.com.br\/wp-content\/uploads\/2025\/12\/brasil-21-logomarca.avif","contentUrl":"https:\/\/folhadoleste.com.br\/wp-content\/uploads\/2025\/12\/brasil-21-logomarca.avif","width":1044,"height":1044,"caption":"Brasil 21 Comunica\u00e7\u00e3o"},"image":{"@id":"https:\/\/folhadoleste.com.br\/#\/schema\/logo\/image\/"},"sameAs":["https:\/\/www.facebook.com\/folhadoleste","https:\/\/x.com\/FolhadoLesteRJ","https:\/\/www.instagram.com\/folhadoleste\/"]},{"@type":"Person","@id":"https:\/\/folhadoleste.com.br\/#\/schema\/person\/05d8a4b256c9faea581495e6c9be06f2","name":"Enzo Carvalho","image":{"@type":"ImageObject","inLanguage":"en-US","@id":"https:\/\/folhadoleste.com.br\/wp-content\/litespeed\/avatar\/3fe471b6df482b28961bb8e87cd40a81.jpg?ver=1777161141","url":"https:\/\/folhadoleste.com.br\/wp-content\/litespeed\/avatar\/3fe471b6df482b28961bb8e87cd40a81.jpg?ver=1777161141","contentUrl":"https:\/\/folhadoleste.com.br\/wp-content\/litespeed\/avatar\/3fe471b6df482b28961bb8e87cd40a81.jpg?ver=1777161141","caption":"Enzo Carvalho"},"description":"Enzo Carvalho \u00e9 jornalista profissional, com atua\u00e7\u00e3o voltada \u00e0 cobertura de inova\u00e7\u00e3o, tecnologia, cotidiano e esportes. Ex-jogador profissional de e-sports, traz para o jornalismo uma compreens\u00e3o pr\u00e1tica do universo digital, das plataformas tecnol\u00f3gicas e das transforma\u00e7\u00f5es provocadas pela cultura conectada.","url":"https:\/\/folhadoleste.com.br\/en\/author\/enzo-carvalho\/"}]}},"_links":{"self":[{"href":"https:\/\/folhadoleste.com.br\/en\/wp-json\/wp\/v2\/posts\/134159","targetHints":{"allow":["GET"]}}],"collection":[{"href":"https:\/\/folhadoleste.com.br\/en\/wp-json\/wp\/v2\/posts"}],"about":[{"href":"https:\/\/folhadoleste.com.br\/en\/wp-json\/wp\/v2\/types\/post"}],"author":[{"embeddable":true,"href":"https:\/\/folhadoleste.com.br\/en\/wp-json\/wp\/v2\/users\/5"}],"replies":[{"embeddable":true,"href":"https:\/\/folhadoleste.com.br\/en\/wp-json\/wp\/v2\/comments?post=134159"}],"version-history":[{"count":1,"href":"https:\/\/folhadoleste.com.br\/en\/wp-json\/wp\/v2\/posts\/134159\/revisions"}],"predecessor-version":[{"id":134162,"href":"https:\/\/folhadoleste.com.br\/en\/wp-json\/wp\/v2\/posts\/134159\/revisions\/134162"}],"wp:featuredmedia":[{"embeddable":true,"href":"https:\/\/folhadoleste.com.br\/en\/wp-json\/wp\/v2\/media\/134161"}],"wp:attachment":[{"href":"https:\/\/folhadoleste.com.br\/en\/wp-json\/wp\/v2\/media?parent=134159"}],"wp:term":[{"taxonomy":"category","embeddable":true,"href":"https:\/\/folhadoleste.com.br\/en\/wp-json\/wp\/v2\/categories?post=134159"},{"taxonomy":"post_tag","embeddable":true,"href":"https:\/\/folhadoleste.com.br\/en\/wp-json\/wp\/v2\/tags?post=134159"}],"curies":[{"name":"wp","href":"https:\/\/api.w.org\/{rel}","templated":true}]}}