{"id":13374,"date":"2023-07-01T13:49:15","date_gmt":"2023-07-01T16:49:15","guid":{"rendered":"https:\/\/folhadoleste.com.br\/?p=13374"},"modified":"2023-07-01T13:49:15","modified_gmt":"2023-07-01T16:49:15","slug":"arraia-de-marica-2023-palco-de-itaipuacu-e-sucesso-absoluto-na-abertura-do-evento","status":"publish","type":"post","link":"https:\/\/folhadoleste.com.br\/en\/arraia-de-marica-2023-palco-de-itaipuacu-e-sucesso-absoluto-na-abertura-do-evento\/","title":{"rendered":"Arrai\u00e1 de Maric\u00e1 2023: Palco de Itaipua\u00e7u \u00e9 sucesso absoluto na abertura do evento"},"content":{"rendered":"<p>&nbsp;<\/p>\n<div id=\"attachment_13375\" style=\"width: 650px\" class=\"wp-caption aligncenter\"><img decoding=\"async\" aria-describedby=\"caption-attachment-13375\" class=\"size-full wp-image-13375\" src=\"https:\/\/folhadoleste.com.br\/wp-content\/uploads\/2023\/07\/Arraia-de-Marica-2023-Palco-de-Itaipuacu-e-sucesso-absoluto-na-abertura-do-evento-Foto-Elsson-Campos.jpeg\" alt=\"Arrai\u00e1 de Maric\u00e1 2023: Palco de Itaipua\u00e7u \u00e9 sucesso absoluto na abertura do evento\" width=\"640\" height=\"424\" \/><p id=\"caption-attachment-13375\" class=\"wp-caption-text\">Foto: Elsson Campos<\/p><\/div>\n<p>O Arrai\u00e1 de Maric\u00e1 2023 teve sua abertura oficial na noite de sexta-feira (30\/06), e promete agitar o p\u00fablico durante dois finais de semana consecutivos. O evento, organizado pela Prefeitura de Maric\u00e1, por meio da Secretaria de Turismo, acontece na Rua H\u00e9lio Guapyassu de S\u00e1 (antiga Rua 66), entre as ruas Van Lerbergue (antiga 34) e Governador Leonel Brizola (antiga 35), e conta com uma estrutura montada com 31 barraquinhas e um palco de 14 metros de largura e 10 metros de altura.<\/p>\n<p>A primeira noite do arraial contou com shows da talentosa cantora maricaense, Maiara Coboski, e da dupla sertaneja Junior e Gustavo. A festa come\u00e7ou com a apresenta\u00e7\u00e3o da quadrilha da Secretaria de Pol\u00edticas da Terceira Idade, seguida por Maiara Coboski, que animou o p\u00fablico presente. A cantora agradeceu a oportunidade de se apresentar entre os talentos locais de Maric\u00e1 e compartilhou hist\u00f3rias sobre o in\u00edcio de sua carreira.<\/p>\n<p>Enquanto Maiara encerrava sua apresenta\u00e7\u00e3o, a renomada quadrilha profissional Gera\u00e7\u00e3o de Ouro, vinda de S\u00e3o Jo\u00e3o de Meriti, estava pronta para sua performance, com um tema que envolvia lendas ind\u00edgenas. Logo em seguida, Junior e Gustavo levaram o p\u00fablico ao del\u00edrio com sucessos do sertanejo universit\u00e1rio, pagode e hits das redes sociais.<\/p>\n<p>O evento tamb\u00e9m contou com a presen\u00e7a de visitantes ilustres, como Paola Damas, pedagoga de 37 anos, que atualmente mora em Salamanca, na Espanha. Paola veio para Maric\u00e1 visitar a fam\u00edlia e aproveitar as comemora\u00e7\u00f5es de S\u00e3o Jo\u00e3o na cidade.<\/p>\n<p>O Secret\u00e1rio de Turismo, Robson Dutra, garantiu que o espa\u00e7o do Arrai\u00e1 de Itaipua\u00e7u est\u00e1 preparado para garantir seguran\u00e7a e entretenimento para os visitantes nos pr\u00f3ximos finais de semana. Ele recomenda que as pessoas utilizem os \u00f4nibus Tarifa Zero da Empresa P\u00fablica de Transportes (EPT), que ter\u00e1 um hor\u00e1rio especial com mais op\u00e7\u00f5es de hor\u00e1rios nas linhas dos &#8216;vermelhinhos&#8217;. Para quem preferir ir de carro, a Secretaria de Tr\u00e2nsito e Engenharia Vi\u00e1ria disponibilizou mais vagas pr\u00f3ximas ao local, atrav\u00e9s de um sistema de tr\u00e1fego bin\u00e1rio nas ruas adjacentes.<\/p>\n<p>Al\u00e9m disso, a grande atra\u00e7\u00e3o deste s\u00e1bado (01\/07) \u00e9 o renomado cantor, compositor e ator Almir Sater. Com uma carreira de quase 45 anos, Almir Sater nasceu em Campo Grande (MS) e iniciou sua trajet\u00f3ria musical em S\u00e3o Paulo. Ele \u00e9 conhecido como um dos maiores especialistas no viol\u00e3o de dez cordas. Almir j\u00e1 se apresentou no extinto Free Jazz Festival em 1989 e foi premiado tr\u00eas vezes no Pr\u00eamio Sharp de M\u00fasica em 1990. Al\u00e9m disso, atuou na novela &#8216;Pantanal&#8217; e fez uma participa\u00e7\u00e3o especial no remake da TV Globo em 2022, onde seu filho, Gabriel Sater, tamb\u00e9m violeiro, reviveu seu primeiro personagem. \u00c9 importante tamb\u00e9m mencionar que ele \u00e9 o respons\u00e1vel por compor e tocar o tema de abertura do programa dominical Globo Rural.<\/p>\n<p>O Arrai\u00e1 de Maric\u00e1 2023 promete divers\u00e3o e grandes atra\u00e7\u00f5es para os amantes de festas juninas. O p\u00fablico certamente aproveitar\u00e1 ao m\u00e1ximo essa celebra\u00e7\u00e3o cultural que re\u00fane m\u00fasica, dan\u00e7a e tradi\u00e7\u00f5es t\u00edpicas.<\/p>\n<h4><\/h4>\n<h4><strong>Arrai\u00e1 de Maric\u00e1 2023<\/strong><\/h4>\n<p><strong>Palco Itaipua\u00e7u\u00a0<\/strong><\/p>\n<p>Rua H\u00e9lio Guapyassu de S\u00e1 (antiga Rua 66) entre as ruas Van Lerbergue e Governador Leonel Brizola<\/p>\n<h4><em>S\u00e1bado (01\/07)<\/em><\/h4>\n<p><strong>19h<\/strong> \u2013 Quadrilha<\/p>\n<p><strong>20h<\/strong> \u2013 Betinho Bahia<\/p>\n<p><strong>22h30<\/strong> \u2013 Almir Sater<\/p>\n<h4><em>Domingo (02\/07)<\/em><\/h4>\n<p><strong>19h<\/strong> \u2013 Quadrilha<\/p>\n<p><strong>20h<\/strong> \u2013 Forr\u00f3 Brasil<\/p>\n<p><strong>22h30<\/strong> \u2013 Jo\u00e3o Gabriel<\/p>\n<p>&nbsp;<\/p>\n<h5><strong><a href=\"https:\/\/www.facebook.com\/folhadoleste\">CURTA E SIGA NOSSA P\u00c1GINA NO FACEBOOK CLICANDO AQUI<\/a><\/strong><\/h5>\n<h5><strong><a href=\"https:\/\/www.instagram.com\/folhadoleste\/\">CURTA E SIGA NOSSA P\u00c1GINA NO INSTAGRAM CLICANDO AQUI<\/a><\/strong><\/h5>","protected":false},"excerpt":{"rendered":"<p>&nbsp; O Arrai\u00e1 de Maric\u00e1 2023 teve sua abertura oficial na noite de sexta-feira (30\/06), e promete agitar o p\u00fablico durante dois finais de semana consecutivos. O evento, organizado pela Prefeitura de Maric\u00e1, por meio da Secretaria de Turismo, acontece na Rua H\u00e9lio Guapyassu de S\u00e1 (antiga Rua 66), entre as ruas Van Lerbergue (antiga 34) e Governador Leonel Brizola (antiga 35), e conta com uma estrutura montada com 31 barraquinhas e um palco de 14 metros de largura e 10 metros de altura. A primeira noite do arraial contou com shows da talentosa cantora maricaense, Maiara Coboski, e da [&hellip;]<\/p>\n","protected":false},"author":4,"featured_media":13375,"comment_status":"open","ping_status":"open","sticky":false,"template":"","format":"standard","meta":{"footnotes":""},"categories":[47,87],"tags":[8362,6266,659,5786,3021,56,4709,1891],"class_list":["post-13374","post","type-post","status-publish","format-standard","has-post-thumbnail","hentry","category-leste-fluminense","category-marica","tag-abertura-do-evento","tag-arraia-de-marica-2023","tag-festa","tag-festival","tag-itaipuacu","tag-marica","tag-prefeitura-de-marica","tag-sucesso","post--single"],"yoast_head":"<!-- This site is optimized with the Yoast SEO plugin v27.5 - https:\/\/yoast.com\/product\/yoast-seo-wordpress\/ -->\n<title>Arrai\u00e1 de Maric\u00e1 2023: Palco de Itaipua\u00e7u \u00e9 sucesso absoluto na abertura do evento &#8226; Folha do Leste<\/title>\n<meta name=\"description\" content=\"O Arrai\u00e1 de Maric\u00e1 2023 teve sua abertura oficial na noite de sexta-feira (30\/06), e promete agitar o p\u00fablico durante dois...\" \/>\n<meta name=\"robots\" content=\"index, follow, max-snippet:-1, max-image-preview:large, max-video-preview:-1\" \/>\n<link rel=\"canonical\" href=\"https:\/\/folhadoleste.com.br\/en\/arraia-de-marica-2023-palco-de-itaipuacu-e-sucesso-absoluto-na-abertura-do-evento\/\" \/>\n<meta property=\"og:locale\" content=\"en_US\" \/>\n<meta property=\"og:type\" content=\"article\" \/>\n<meta property=\"og:title\" content=\"Arrai\u00e1 de Maric\u00e1 2023: Palco de Itaipua\u00e7u \u00e9 sucesso absoluto na abertura do evento\" \/>\n<meta property=\"og:description\" content=\"Clique e saiba mais...\" \/>\n<meta property=\"og:url\" content=\"https:\/\/folhadoleste.com.br\/en\/arraia-de-marica-2023-palco-de-itaipuacu-e-sucesso-absoluto-na-abertura-do-evento\/\" \/>\n<meta property=\"og:site_name\" content=\"Folha do Leste\" \/>\n<meta property=\"article:publisher\" content=\"https:\/\/www.facebook.com\/folhadoleste\" \/>\n<meta property=\"article:published_time\" content=\"2023-07-01T16:49:15+00:00\" \/>\n<meta property=\"og:image\" content=\"https:\/\/folhadoleste.com.br\/wp-content\/uploads\/2023\/07\/Arraia-de-Marica-2023-Palco-de-Itaipuacu-e-sucesso-absoluto-na-abertura-do-evento-Foto-Elsson-Campos.jpeg\" \/>\n\t<meta property=\"og:image:width\" content=\"640\" \/>\n\t<meta property=\"og:image:height\" content=\"424\" \/>\n\t<meta property=\"og:image:type\" content=\"image\/jpeg\" \/>\n<meta name=\"author\" content=\"Folha do Leste\" \/>\n<meta name=\"twitter:card\" content=\"summary_large_image\" \/>\n<meta name=\"twitter:title\" content=\"Arrai\u00e1 de Maric\u00e1 2023: Palco de Itaipua\u00e7u \u00e9 sucesso absoluto na abertura do evento\" \/>\n<meta name=\"twitter:description\" content=\"Clique e saiba mais...\" \/>\n<meta name=\"twitter:image\" content=\"https:\/\/folhadoleste.com.br\/wp-content\/uploads\/2023\/07\/Arraia-de-Marica-2023-Palco-de-Itaipuacu-e-sucesso-absoluto-na-abertura-do-evento-Foto-Elsson-Campos.jpeg\" \/>\n<meta name=\"twitter:creator\" content=\"@FolhadoLesteRJ\" \/>\n<meta name=\"twitter:site\" content=\"@FolhadoLesteRJ\" \/>\n<meta name=\"twitter:label1\" content=\"Written by\" \/>\n\t<meta name=\"twitter:data1\" content=\"Folha do Leste\" \/>\n\t<meta name=\"twitter:label2\" content=\"Est. reading time\" \/>\n\t<meta name=\"twitter:data2\" content=\"4 minutes\" \/>\n<script type=\"application\/ld+json\" class=\"yoast-schema-graph\">{\"@context\":\"https:\\\/\\\/schema.org\",\"@graph\":[{\"@type\":\"NewsArticle\",\"@id\":\"https:\\\/\\\/folhadoleste.com.br\\\/arraia-de-marica-2023-palco-de-itaipuacu-e-sucesso-absoluto-na-abertura-do-evento\\\/#article\",\"isPartOf\":{\"@id\":\"https:\\\/\\\/folhadoleste.com.br\\\/arraia-de-marica-2023-palco-de-itaipuacu-e-sucesso-absoluto-na-abertura-do-evento\\\/\"},\"author\":{\"name\":\"Folha do Leste\",\"@id\":\"https:\\\/\\\/folhadoleste.com.br\\\/#\\\/schema\\\/person\\\/3e97145b2e1861276e84471aa85a3899\"},\"headline\":\"Arrai\u00e1 de Maric\u00e1 2023: Palco de Itaipua\u00e7u \u00e9 sucesso absoluto na abertura do evento\",\"datePublished\":\"2023-07-01T16:49:15+00:00\",\"mainEntityOfPage\":{\"@id\":\"https:\\\/\\\/folhadoleste.com.br\\\/arraia-de-marica-2023-palco-de-itaipuacu-e-sucesso-absoluto-na-abertura-do-evento\\\/\"},\"wordCount\":619,\"commentCount\":0,\"publisher\":{\"@id\":\"https:\\\/\\\/folhadoleste.com.br\\\/#organization\"},\"image\":{\"@id\":\"https:\\\/\\\/folhadoleste.com.br\\\/arraia-de-marica-2023-palco-de-itaipuacu-e-sucesso-absoluto-na-abertura-do-evento\\\/#primaryimage\"},\"thumbnailUrl\":\"https:\\\/\\\/folhadoleste.com.br\\\/wp-content\\\/uploads\\\/2023\\\/07\\\/Arraia-de-Marica-2023-Palco-de-Itaipuacu-e-sucesso-absoluto-na-abertura-do-evento-Foto-Elsson-Campos.jpeg\",\"keywords\":[\"abertura do evento\",\"Arrai\u00e1 de Maric\u00e1 2023\",\"festa\",\"festival\",\"Itaipua\u00e7u\",\"Maric\u00e1\",\"Prefeitura de Maric\u00e1\",\"sucesso\"],\"articleSection\":[\"Leste Fluminense\",\"Maric\u00e1\"],\"inLanguage\":\"en-US\",\"potentialAction\":[{\"@type\":\"CommentAction\",\"name\":\"Comment\",\"target\":[\"https:\\\/\\\/folhadoleste.com.br\\\/arraia-de-marica-2023-palco-de-itaipuacu-e-sucesso-absoluto-na-abertura-do-evento\\\/#respond\"]}]},{\"@type\":\"WebPage\",\"@id\":\"https:\\\/\\\/folhadoleste.com.br\\\/arraia-de-marica-2023-palco-de-itaipuacu-e-sucesso-absoluto-na-abertura-do-evento\\\/\",\"url\":\"https:\\\/\\\/folhadoleste.com.br\\\/arraia-de-marica-2023-palco-de-itaipuacu-e-sucesso-absoluto-na-abertura-do-evento\\\/\",\"name\":\"Arrai\u00e1 de Maric\u00e1 2023: Palco de Itaipua\u00e7u \u00e9 sucesso absoluto na abertura do evento &#8226; Folha do Leste\",\"isPartOf\":{\"@id\":\"https:\\\/\\\/folhadoleste.com.br\\\/#website\"},\"primaryImageOfPage\":{\"@id\":\"https:\\\/\\\/folhadoleste.com.br\\\/arraia-de-marica-2023-palco-de-itaipuacu-e-sucesso-absoluto-na-abertura-do-evento\\\/#primaryimage\"},\"image\":{\"@id\":\"https:\\\/\\\/folhadoleste.com.br\\\/arraia-de-marica-2023-palco-de-itaipuacu-e-sucesso-absoluto-na-abertura-do-evento\\\/#primaryimage\"},\"thumbnailUrl\":\"https:\\\/\\\/folhadoleste.com.br\\\/wp-content\\\/uploads\\\/2023\\\/07\\\/Arraia-de-Marica-2023-Palco-de-Itaipuacu-e-sucesso-absoluto-na-abertura-do-evento-Foto-Elsson-Campos.jpeg\",\"datePublished\":\"2023-07-01T16:49:15+00:00\",\"description\":\"O Arrai\u00e1 de Maric\u00e1 2023 teve sua abertura oficial na noite de sexta-feira (30\\\/06), e promete agitar o p\u00fablico durante dois...\",\"breadcrumb\":{\"@id\":\"https:\\\/\\\/folhadoleste.com.br\\\/arraia-de-marica-2023-palco-de-itaipuacu-e-sucesso-absoluto-na-abertura-do-evento\\\/#breadcrumb\"},\"inLanguage\":\"en-US\",\"potentialAction\":[{\"@type\":\"ReadAction\",\"target\":[\"https:\\\/\\\/folhadoleste.com.br\\\/arraia-de-marica-2023-palco-de-itaipuacu-e-sucesso-absoluto-na-abertura-do-evento\\\/\"]}]},{\"@type\":\"ImageObject\",\"inLanguage\":\"en-US\",\"@id\":\"https:\\\/\\\/folhadoleste.com.br\\\/arraia-de-marica-2023-palco-de-itaipuacu-e-sucesso-absoluto-na-abertura-do-evento\\\/#primaryimage\",\"url\":\"https:\\\/\\\/folhadoleste.com.br\\\/wp-content\\\/uploads\\\/2023\\\/07\\\/Arraia-de-Marica-2023-Palco-de-Itaipuacu-e-sucesso-absoluto-na-abertura-do-evento-Foto-Elsson-Campos.jpeg\",\"contentUrl\":\"https:\\\/\\\/folhadoleste.com.br\\\/wp-content\\\/uploads\\\/2023\\\/07\\\/Arraia-de-Marica-2023-Palco-de-Itaipuacu-e-sucesso-absoluto-na-abertura-do-evento-Foto-Elsson-Campos.jpeg\",\"width\":640,\"height\":424,\"caption\":\"Foto: Elsson Campos\"},{\"@type\":\"BreadcrumbList\",\"@id\":\"https:\\\/\\\/folhadoleste.com.br\\\/arraia-de-marica-2023-palco-de-itaipuacu-e-sucesso-absoluto-na-abertura-do-evento\\\/#breadcrumb\",\"itemListElement\":[{\"@type\":\"ListItem\",\"position\":1,\"name\":\"In\u00edcio\",\"item\":\"https:\\\/\\\/folhadoleste.com.br\\\/\"},{\"@type\":\"ListItem\",\"position\":2,\"name\":\"Estado do Rio de Janeiro\",\"item\":\"https:\\\/\\\/folhadoleste.com.br\\\/category\\\/estado-do-rio-de-janeiro\\\/\"},{\"@type\":\"ListItem\",\"position\":3,\"name\":\"Leste Fluminense\",\"item\":\"https:\\\/\\\/folhadoleste.com.br\\\/category\\\/estado-do-rio-de-janeiro\\\/leste-fluminense\\\/\"},{\"@type\":\"ListItem\",\"position\":4,\"name\":\"Maric\u00e1\",\"item\":\"https:\\\/\\\/folhadoleste.com.br\\\/category\\\/estado-do-rio-de-janeiro\\\/leste-fluminense\\\/marica\\\/\"},{\"@type\":\"ListItem\",\"position\":5,\"name\":\"Arrai\u00e1 de Maric\u00e1 2023: Palco de Itaipua\u00e7u \u00e9 sucesso absoluto na abertura do evento\"}]},{\"@type\":\"WebSite\",\"@id\":\"https:\\\/\\\/folhadoleste.com.br\\\/#website\",\"url\":\"https:\\\/\\\/folhadoleste.com.br\\\/\",\"name\":\"Folha do Leste\",\"description\":\"Portal de Not\u00edcias com \u00eanfase em Niter\u00f3i, criando conte\u00fados desde a capital Rio de Janeiro, com olhar para o Leste Fluminense e suas cidades como S\u00e3o Gon\u00e7alo, Itabora\u00ed, Rio Bonito, Maric\u00e1, Saquarema e Araruama\",\"publisher\":{\"@id\":\"https:\\\/\\\/folhadoleste.com.br\\\/#organization\"},\"alternateName\":\"FL\",\"potentialAction\":[{\"@type\":\"SearchAction\",\"target\":{\"@type\":\"EntryPoint\",\"urlTemplate\":\"https:\\\/\\\/folhadoleste.com.br\\\/?s={search_term_string}\"},\"query-input\":{\"@type\":\"PropertyValueSpecification\",\"valueRequired\":true,\"valueName\":\"search_term_string\"}}],\"inLanguage\":\"en-US\"},{\"@type\":\"Organization\",\"@id\":\"https:\\\/\\\/folhadoleste.com.br\\\/#organization\",\"name\":\"Brasil 21 Comunica\u00e7\u00e3o\",\"alternateName\":\"BR21\",\"url\":\"https:\\\/\\\/folhadoleste.com.br\\\/\",\"logo\":{\"@type\":\"ImageObject\",\"inLanguage\":\"en-US\",\"@id\":\"https:\\\/\\\/folhadoleste.com.br\\\/#\\\/schema\\\/logo\\\/image\\\/\",\"url\":\"https:\\\/\\\/folhadoleste.com.br\\\/wp-content\\\/uploads\\\/2025\\\/12\\\/brasil-21-logomarca.avif\",\"contentUrl\":\"https:\\\/\\\/folhadoleste.com.br\\\/wp-content\\\/uploads\\\/2025\\\/12\\\/brasil-21-logomarca.avif\",\"width\":1044,\"height\":1044,\"caption\":\"Brasil 21 Comunica\u00e7\u00e3o\"},\"image\":{\"@id\":\"https:\\\/\\\/folhadoleste.com.br\\\/#\\\/schema\\\/logo\\\/image\\\/\"},\"sameAs\":[\"https:\\\/\\\/www.facebook.com\\\/folhadoleste\",\"https:\\\/\\\/x.com\\\/FolhadoLesteRJ\",\"https:\\\/\\\/www.instagram.com\\\/folhadoleste\\\/\"]},{\"@type\":\"Person\",\"@id\":\"https:\\\/\\\/folhadoleste.com.br\\\/#\\\/schema\\\/person\\\/3e97145b2e1861276e84471aa85a3899\",\"name\":\"Folha do Leste\",\"image\":{\"@type\":\"ImageObject\",\"inLanguage\":\"en-US\",\"@id\":\"https:\\\/\\\/folhadoleste.com.br\\\/wp-content\\\/litespeed\\\/avatar\\\/1ca8c218432e7045e748610eb3db0259.jpg?ver=1777161142\",\"url\":\"https:\\\/\\\/folhadoleste.com.br\\\/wp-content\\\/litespeed\\\/avatar\\\/1ca8c218432e7045e748610eb3db0259.jpg?ver=1777161142\",\"contentUrl\":\"https:\\\/\\\/folhadoleste.com.br\\\/wp-content\\\/litespeed\\\/avatar\\\/1ca8c218432e7045e748610eb3db0259.jpg?ver=1777161142\",\"caption\":\"Folha do Leste\"},\"url\":\"https:\\\/\\\/folhadoleste.com.br\\\/en\\\/author\\\/reportagem-01\\\/\"}]}<\/script>\n<!-- \/ Yoast SEO plugin. -->","yoast_head_json":{"title":"Arrai\u00e1 de Maric\u00e1 2023: Palco de Itaipua\u00e7u \u00e9 sucesso absoluto na abertura do evento &#8226; Folha do Leste","description":"O Arrai\u00e1 de Maric\u00e1 2023 teve sua abertura oficial na noite de sexta-feira (30\/06), e promete agitar o p\u00fablico durante dois...","robots":{"index":"index","follow":"follow","max-snippet":"max-snippet:-1","max-image-preview":"max-image-preview:large","max-video-preview":"max-video-preview:-1"},"canonical":"https:\/\/folhadoleste.com.br\/en\/arraia-de-marica-2023-palco-de-itaipuacu-e-sucesso-absoluto-na-abertura-do-evento\/","og_locale":"en_US","og_type":"article","og_title":"Arrai\u00e1 de Maric\u00e1 2023: Palco de Itaipua\u00e7u \u00e9 sucesso absoluto na abertura do evento","og_description":"Clique e saiba mais...","og_url":"https:\/\/folhadoleste.com.br\/en\/arraia-de-marica-2023-palco-de-itaipuacu-e-sucesso-absoluto-na-abertura-do-evento\/","og_site_name":"Folha do Leste","article_publisher":"https:\/\/www.facebook.com\/folhadoleste","article_published_time":"2023-07-01T16:49:15+00:00","og_image":[{"width":640,"height":424,"url":"https:\/\/folhadoleste.com.br\/wp-content\/uploads\/2023\/07\/Arraia-de-Marica-2023-Palco-de-Itaipuacu-e-sucesso-absoluto-na-abertura-do-evento-Foto-Elsson-Campos.jpeg","type":"image\/jpeg"}],"author":"Folha do Leste","twitter_card":"summary_large_image","twitter_title":"Arrai\u00e1 de Maric\u00e1 2023: Palco de Itaipua\u00e7u \u00e9 sucesso absoluto na abertura do evento","twitter_description":"Clique e saiba mais...","twitter_image":"https:\/\/folhadoleste.com.br\/wp-content\/uploads\/2023\/07\/Arraia-de-Marica-2023-Palco-de-Itaipuacu-e-sucesso-absoluto-na-abertura-do-evento-Foto-Elsson-Campos.jpeg","twitter_creator":"@FolhadoLesteRJ","twitter_site":"@FolhadoLesteRJ","twitter_misc":{"Written by":"Folha do Leste","Est. reading time":"4 minutes"},"schema":{"@context":"https:\/\/schema.org","@graph":[{"@type":"NewsArticle","@id":"https:\/\/folhadoleste.com.br\/arraia-de-marica-2023-palco-de-itaipuacu-e-sucesso-absoluto-na-abertura-do-evento\/#article","isPartOf":{"@id":"https:\/\/folhadoleste.com.br\/arraia-de-marica-2023-palco-de-itaipuacu-e-sucesso-absoluto-na-abertura-do-evento\/"},"author":{"name":"Folha do Leste","@id":"https:\/\/folhadoleste.com.br\/#\/schema\/person\/3e97145b2e1861276e84471aa85a3899"},"headline":"Arrai\u00e1 de Maric\u00e1 2023: Palco de Itaipua\u00e7u \u00e9 sucesso absoluto na abertura do evento","datePublished":"2023-07-01T16:49:15+00:00","mainEntityOfPage":{"@id":"https:\/\/folhadoleste.com.br\/arraia-de-marica-2023-palco-de-itaipuacu-e-sucesso-absoluto-na-abertura-do-evento\/"},"wordCount":619,"commentCount":0,"publisher":{"@id":"https:\/\/folhadoleste.com.br\/#organization"},"image":{"@id":"https:\/\/folhadoleste.com.br\/arraia-de-marica-2023-palco-de-itaipuacu-e-sucesso-absoluto-na-abertura-do-evento\/#primaryimage"},"thumbnailUrl":"https:\/\/folhadoleste.com.br\/wp-content\/uploads\/2023\/07\/Arraia-de-Marica-2023-Palco-de-Itaipuacu-e-sucesso-absoluto-na-abertura-do-evento-Foto-Elsson-Campos.jpeg","keywords":["abertura do evento","Arrai\u00e1 de Maric\u00e1 2023","festa","festival","Itaipua\u00e7u","Maric\u00e1","Prefeitura de Maric\u00e1","sucesso"],"articleSection":["Leste Fluminense","Maric\u00e1"],"inLanguage":"en-US","potentialAction":[{"@type":"CommentAction","name":"Comment","target":["https:\/\/folhadoleste.com.br\/arraia-de-marica-2023-palco-de-itaipuacu-e-sucesso-absoluto-na-abertura-do-evento\/#respond"]}]},{"@type":"WebPage","@id":"https:\/\/folhadoleste.com.br\/arraia-de-marica-2023-palco-de-itaipuacu-e-sucesso-absoluto-na-abertura-do-evento\/","url":"https:\/\/folhadoleste.com.br\/arraia-de-marica-2023-palco-de-itaipuacu-e-sucesso-absoluto-na-abertura-do-evento\/","name":"Arrai\u00e1 de Maric\u00e1 2023: Palco de Itaipua\u00e7u \u00e9 sucesso absoluto na abertura do evento &#8226; Folha do Leste","isPartOf":{"@id":"https:\/\/folhadoleste.com.br\/#website"},"primaryImageOfPage":{"@id":"https:\/\/folhadoleste.com.br\/arraia-de-marica-2023-palco-de-itaipuacu-e-sucesso-absoluto-na-abertura-do-evento\/#primaryimage"},"image":{"@id":"https:\/\/folhadoleste.com.br\/arraia-de-marica-2023-palco-de-itaipuacu-e-sucesso-absoluto-na-abertura-do-evento\/#primaryimage"},"thumbnailUrl":"https:\/\/folhadoleste.com.br\/wp-content\/uploads\/2023\/07\/Arraia-de-Marica-2023-Palco-de-Itaipuacu-e-sucesso-absoluto-na-abertura-do-evento-Foto-Elsson-Campos.jpeg","datePublished":"2023-07-01T16:49:15+00:00","description":"O Arrai\u00e1 de Maric\u00e1 2023 teve sua abertura oficial na noite de sexta-feira (30\/06), e promete agitar o p\u00fablico durante dois...","breadcrumb":{"@id":"https:\/\/folhadoleste.com.br\/arraia-de-marica-2023-palco-de-itaipuacu-e-sucesso-absoluto-na-abertura-do-evento\/#breadcrumb"},"inLanguage":"en-US","potentialAction":[{"@type":"ReadAction","target":["https:\/\/folhadoleste.com.br\/arraia-de-marica-2023-palco-de-itaipuacu-e-sucesso-absoluto-na-abertura-do-evento\/"]}]},{"@type":"ImageObject","inLanguage":"en-US","@id":"https:\/\/folhadoleste.com.br\/arraia-de-marica-2023-palco-de-itaipuacu-e-sucesso-absoluto-na-abertura-do-evento\/#primaryimage","url":"https:\/\/folhadoleste.com.br\/wp-content\/uploads\/2023\/07\/Arraia-de-Marica-2023-Palco-de-Itaipuacu-e-sucesso-absoluto-na-abertura-do-evento-Foto-Elsson-Campos.jpeg","contentUrl":"https:\/\/folhadoleste.com.br\/wp-content\/uploads\/2023\/07\/Arraia-de-Marica-2023-Palco-de-Itaipuacu-e-sucesso-absoluto-na-abertura-do-evento-Foto-Elsson-Campos.jpeg","width":640,"height":424,"caption":"Foto: Elsson Campos"},{"@type":"BreadcrumbList","@id":"https:\/\/folhadoleste.com.br\/arraia-de-marica-2023-palco-de-itaipuacu-e-sucesso-absoluto-na-abertura-do-evento\/#breadcrumb","itemListElement":[{"@type":"ListItem","position":1,"name":"In\u00edcio","item":"https:\/\/folhadoleste.com.br\/"},{"@type":"ListItem","position":2,"name":"Estado do Rio de Janeiro","item":"https:\/\/folhadoleste.com.br\/category\/estado-do-rio-de-janeiro\/"},{"@type":"ListItem","position":3,"name":"Leste Fluminense","item":"https:\/\/folhadoleste.com.br\/category\/estado-do-rio-de-janeiro\/leste-fluminense\/"},{"@type":"ListItem","position":4,"name":"Maric\u00e1","item":"https:\/\/folhadoleste.com.br\/category\/estado-do-rio-de-janeiro\/leste-fluminense\/marica\/"},{"@type":"ListItem","position":5,"name":"Arrai\u00e1 de Maric\u00e1 2023: Palco de Itaipua\u00e7u \u00e9 sucesso absoluto na abertura do evento"}]},{"@type":"WebSite","@id":"https:\/\/folhadoleste.com.br\/#website","url":"https:\/\/folhadoleste.com.br\/","name":"Folha do Leste","description":"Portal de Not\u00edcias com \u00eanfase em Niter\u00f3i, criando conte\u00fados desde a capital Rio de Janeiro, com olhar para o Leste Fluminense e suas cidades como S\u00e3o Gon\u00e7alo, Itabora\u00ed, Rio Bonito, Maric\u00e1, Saquarema e Araruama","publisher":{"@id":"https:\/\/folhadoleste.com.br\/#organization"},"alternateName":"FL","potentialAction":[{"@type":"SearchAction","target":{"@type":"EntryPoint","urlTemplate":"https:\/\/folhadoleste.com.br\/?s={search_term_string}"},"query-input":{"@type":"PropertyValueSpecification","valueRequired":true,"valueName":"search_term_string"}}],"inLanguage":"en-US"},{"@type":"Organization","@id":"https:\/\/folhadoleste.com.br\/#organization","name":"Brasil 21 Comunica\u00e7\u00e3o","alternateName":"BR21","url":"https:\/\/folhadoleste.com.br\/","logo":{"@type":"ImageObject","inLanguage":"en-US","@id":"https:\/\/folhadoleste.com.br\/#\/schema\/logo\/image\/","url":"https:\/\/folhadoleste.com.br\/wp-content\/uploads\/2025\/12\/brasil-21-logomarca.avif","contentUrl":"https:\/\/folhadoleste.com.br\/wp-content\/uploads\/2025\/12\/brasil-21-logomarca.avif","width":1044,"height":1044,"caption":"Brasil 21 Comunica\u00e7\u00e3o"},"image":{"@id":"https:\/\/folhadoleste.com.br\/#\/schema\/logo\/image\/"},"sameAs":["https:\/\/www.facebook.com\/folhadoleste","https:\/\/x.com\/FolhadoLesteRJ","https:\/\/www.instagram.com\/folhadoleste\/"]},{"@type":"Person","@id":"https:\/\/folhadoleste.com.br\/#\/schema\/person\/3e97145b2e1861276e84471aa85a3899","name":"Folha do Leste","image":{"@type":"ImageObject","inLanguage":"en-US","@id":"https:\/\/folhadoleste.com.br\/wp-content\/litespeed\/avatar\/1ca8c218432e7045e748610eb3db0259.jpg?ver=1777161142","url":"https:\/\/folhadoleste.com.br\/wp-content\/litespeed\/avatar\/1ca8c218432e7045e748610eb3db0259.jpg?ver=1777161142","contentUrl":"https:\/\/folhadoleste.com.br\/wp-content\/litespeed\/avatar\/1ca8c218432e7045e748610eb3db0259.jpg?ver=1777161142","caption":"Folha do Leste"},"url":"https:\/\/folhadoleste.com.br\/en\/author\/reportagem-01\/"}]}},"_links":{"self":[{"href":"https:\/\/folhadoleste.com.br\/en\/wp-json\/wp\/v2\/posts\/13374","targetHints":{"allow":["GET"]}}],"collection":[{"href":"https:\/\/folhadoleste.com.br\/en\/wp-json\/wp\/v2\/posts"}],"about":[{"href":"https:\/\/folhadoleste.com.br\/en\/wp-json\/wp\/v2\/types\/post"}],"author":[{"embeddable":true,"href":"https:\/\/folhadoleste.com.br\/en\/wp-json\/wp\/v2\/users\/4"}],"replies":[{"embeddable":true,"href":"https:\/\/folhadoleste.com.br\/en\/wp-json\/wp\/v2\/comments?post=13374"}],"version-history":[{"count":1,"href":"https:\/\/folhadoleste.com.br\/en\/wp-json\/wp\/v2\/posts\/13374\/revisions"}],"predecessor-version":[{"id":13376,"href":"https:\/\/folhadoleste.com.br\/en\/wp-json\/wp\/v2\/posts\/13374\/revisions\/13376"}],"wp:featuredmedia":[{"embeddable":true,"href":"https:\/\/folhadoleste.com.br\/en\/wp-json\/wp\/v2\/media\/13375"}],"wp:attachment":[{"href":"https:\/\/folhadoleste.com.br\/en\/wp-json\/wp\/v2\/media?parent=13374"}],"wp:term":[{"taxonomy":"category","embeddable":true,"href":"https:\/\/folhadoleste.com.br\/en\/wp-json\/wp\/v2\/categories?post=13374"},{"taxonomy":"post_tag","embeddable":true,"href":"https:\/\/folhadoleste.com.br\/en\/wp-json\/wp\/v2\/tags?post=13374"}],"curies":[{"name":"wp","href":"https:\/\/api.w.org\/{rel}","templated":true}]}}