{"id":132904,"date":"2025-07-28T16:26:24","date_gmt":"2025-07-28T19:26:24","guid":{"rendered":"https:\/\/folhadoleste.com.br\/?p=132904"},"modified":"2025-07-28T21:43:36","modified_gmt":"2025-07-29T00:43:36","slug":"centro-cultural-cauby-peixoto-zona-norte-novembro","status":"publish","type":"post","link":"https:\/\/folhadoleste.com.br\/en\/centro-cultural-cauby-peixoto-zona-norte-novembro\/","title":{"rendered":"Centro Cultural Cauby Peixoto avan\u00e7a e promete transformar Zona Norte em polo cultural"},"content":{"rendered":"<div id=\"attachment_132906\" style=\"width: 2570px\" class=\"wp-caption aligncenter\"><img decoding=\"async\" aria-describedby=\"caption-attachment-132906\" class=\"size-full wp-image-132906\" src=\"https:\/\/folhadoleste.com.br\/wp-content\/uploads\/2025\/07\/Centro-Cultural-Cauby-Peixoto-avanca-e-promete-transformar-Zona-Norte-em-polo-cultural-Foto-Divulgacao-Evelen-Gouvea-Prefeitura-de-Niteri-scaled.jpeg\" alt=\"\" width=\"2560\" height=\"1707\" \/><p id=\"caption-attachment-132906\" class=\"wp-caption-text\">Centro Cultural Cauby Peixoto avan\u00e7a e promete transformar Zona Norte em polo cultural | Divulga\u00e7\u00e3o\/Evelen Gouv\u00eaa\/Prefeitura de Niter\u00f3i<\/p><\/div>\n<p style=\"text-align: justify;\" data-start=\"2151\" data-end=\"2511\">O Centro Cultural Cauby Peixoto est\u00e1 cada vez mais perto de se tornar realidade no Fonseca. As obras seguem aceleradas e a entrega est\u00e1 prevista para novembro, durante o anivers\u00e1rio da cidade. Com investimento de R$ 16,8 milh\u00f5es, o projeto inclui a restaura\u00e7\u00e3o do casar\u00e3o hist\u00f3rico, constru\u00e7\u00e3o de um teatro para 240 lugares e cria\u00e7\u00e3o de espa\u00e7os multiuso.<\/p>\n<h5><a href=\"https:\/\/chat.whatsapp.com\/ItvWOvY08sCCpPxovKnYb6\"><img decoding=\"async\" class=\"wp-image-109746 size-full aligncenter\" src=\"https:\/\/folhadoleste.com.br\/wp-content\/uploads\/2025\/02\/WHATSAPP-FOLHA-DO-LESTE-600x200-1.png\" alt=\"\" width=\"600\" height=\"200\" \/><\/a><\/h5>\n<p style=\"text-align: justify;\" data-start=\"2513\" data-end=\"2808\">O prefeito Rodrigo Neves visitou o local nesta segunda-feira (28) e comemorou o avan\u00e7o.<\/p>\n<blockquote>\n<p style=\"text-align: justify;\" data-start=\"2513\" data-end=\"2808\"><em data-start=\"2603\" data-end=\"2797\">&#8220;O Casar\u00e3o Cauby Peixoto, que esteve abandonado por anos, agora renasce como o primeiro Centro Cultural da Zona Norte. A inaugura\u00e7\u00e3o ser\u00e1 em novembro e vai marcar uma nova fase para a regi\u00e3o&#8221;,<\/em> afirmou.<\/p>\n<\/blockquote>\n<h4 style=\"text-align: justify;\" data-start=\"2810\" data-end=\"2862\"><em>Obras em ritmo final e acessibilidade garantida<\/em><\/h4>\n<p style=\"text-align: justify;\" data-start=\"2864\" data-end=\"3109\">Segundo a ION, o casar\u00e3o j\u00e1 recebeu piso, lumin\u00e1rias e sacada de madeira. As esquadrias est\u00e3o em finaliza\u00e7\u00e3o e os pisos passam por lixamento. Tamb\u00e9m est\u00e3o em fase adiantada o teatro, a biblioteca, brinquedoteca, coworking e salas multiuso.<\/p>\n<p style=\"text-align: justify;\" data-start=\"3111\" data-end=\"3217\">A acessibilidade tamb\u00e9m \u00e9 prioridade: a rampa j\u00e1 est\u00e1 pronta e o elevador panor\u00e2mico est\u00e1 em instala\u00e7\u00e3o.<\/p>\n<h4 style=\"text-align: justify;\" data-start=\"3219\" data-end=\"3256\"><em>Um marco cultural para o Fonseca<\/em><\/h4>\n<p style=\"text-align: justify;\" data-start=\"3258\" data-end=\"3494\">Para o secret\u00e1rio de Cultura, Leonardo Giordano, o espa\u00e7o ser\u00e1 um marco hist\u00f3rico.<\/p>\n<blockquote>\n<p style=\"text-align: justify;\" data-start=\"3258\" data-end=\"3494\"><em data-start=\"3343\" data-end=\"3485\">&#8220;Este \u00e9 um presente para a Zona Norte. O teatro p\u00fablico e o centro multiuso v\u00e3o impulsionar a produ\u00e7\u00e3o cultural local e valorizar o bairro&#8221;,<\/em> disse.<\/p>\n<\/blockquote>\n<p style=\"text-align: justify;\" data-start=\"3496\" data-end=\"3690\">Al\u00e9m da parte art\u00edstica, a obra faz parte de um plano mais amplo de revitaliza\u00e7\u00e3o urbana, que inclui a nova Alameda do Fonseca, com melhorias na mobilidade e valoriza\u00e7\u00e3o do com\u00e9rcio local.<\/p>\n<div id=\"attachment_132907\" style=\"width: 1610px\" class=\"wp-caption aligncenter\"><img decoding=\"async\" aria-describedby=\"caption-attachment-132907\" class=\"size-full wp-image-132907\" src=\"https:\/\/folhadoleste.com.br\/wp-content\/uploads\/2025\/07\/Centro-Cultural-Cauby-Peixoto-avanca-e-promete-transformar-Zona-Norte-em-polo-cultural-Foto-Marcelos-Barcellos-Prefeitura-de-Niteroi.jpeg\" alt=\"\" width=\"1600\" height=\"900\" \/><p id=\"caption-attachment-132907\" class=\"wp-caption-text\">Centro Cultural Cauby Peixoto avan\u00e7a e promete transformar Zona Norte em polo cultural | Marcelos Barcellos\/Prefeitura de Niter\u00f3i<\/p><\/div>\n<p style=\"text-align: justify;\" data-start=\"2151\" data-end=\"2511\">O Centro Cultural Cauby Peixoto est\u00e1 cada vez mais perto de se tornar realidade no Fonseca. As obras seguem aceleradas e a entrega est\u00e1 prevista para novembro, durante o anivers\u00e1rio da cidade. Com investimento de R$ 16,8 milh\u00f5es, o projeto inclui a restaura\u00e7\u00e3o do casar\u00e3o hist\u00f3rico, constru\u00e7\u00e3o de um teatro para 240 lugares e cria\u00e7\u00e3o de espa\u00e7os multiuso.<\/p>\n<h5 style=\"text-align: center;\"><span style=\"color: #000000;\"><span style=\"color: #ff0000;\"><strong>+ <\/strong><\/span><\/span><span style=\"color: #000000;\"><strong><span style=\"color: #ff9900;\">MAIS NOT\u00cdCIAS DE NITER\u00d3I?<\/span>\u00a0<\/strong><\/span><span style=\"color: #008080;\"><a style=\"color: #008080;\" href=\"https:\/\/folhadoleste.com.br\/en\/category\/jornal-folha-do-leste-rj\/niteroi\/\"><strong>CLIQUE AQUI<\/strong><\/a><\/span><\/h5>\n<p style=\"text-align: justify;\" data-start=\"2513\" data-end=\"2808\">O prefeito Rodrigo Neves visitou o local nesta segunda-feira (28) e comemorou o avan\u00e7o.<\/p>\n<blockquote>\n<p style=\"text-align: justify;\" data-start=\"2513\" data-end=\"2808\"><em data-start=\"2603\" data-end=\"2797\">&#8220;O Casar\u00e3o Cauby Peixoto, que esteve abandonado por anos, agora renasce como o primeiro Centro Cultural da Zona Norte. A inaugura\u00e7\u00e3o ser\u00e1 em novembro e vai marcar uma nova fase para a regi\u00e3o&#8221;,<\/em> afirmou.<\/p>\n<\/blockquote>\n<h4 style=\"text-align: justify;\" data-start=\"2810\" data-end=\"2862\"><em>Obras em ritmo final e acessibilidade garantida<\/em><\/h4>\n<p style=\"text-align: justify;\" data-start=\"2864\" data-end=\"3109\">Segundo a ION, o casar\u00e3o j\u00e1 recebeu piso, lumin\u00e1rias e sacada de madeira. As esquadrias est\u00e3o em finaliza\u00e7\u00e3o e os pisos passam por lixamento. Tamb\u00e9m est\u00e3o em fase adiantada o teatro, a biblioteca, brinquedoteca, coworking e salas multiuso.<\/p>\n<p style=\"text-align: justify;\" data-start=\"3111\" data-end=\"3217\">A acessibilidade tamb\u00e9m \u00e9 prioridade: a rampa j\u00e1 est\u00e1 pronta e o elevador panor\u00e2mico est\u00e1 em instala\u00e7\u00e3o.<\/p>\n<h4 style=\"text-align: justify;\" data-start=\"3219\" data-end=\"3256\"><em>Um marco cultural para o Fonseca<\/em><\/h4>\n<p style=\"text-align: justify;\" data-start=\"3258\" data-end=\"3494\">Para o secret\u00e1rio de Cultura, Leonardo Giordano, o espa\u00e7o ser\u00e1 um marco hist\u00f3rico.<\/p>\n<blockquote>\n<p style=\"text-align: justify;\" data-start=\"3258\" data-end=\"3494\"><em data-start=\"3343\" data-end=\"3485\">&#8220;Este \u00e9 um presente para a Zona Norte. O teatro p\u00fablico e o centro multiuso v\u00e3o impulsionar a produ\u00e7\u00e3o cultural local e valorizar o bairro&#8221;,<\/em> disse.<\/p>\n<\/blockquote>\n<p style=\"text-align: justify;\" data-start=\"3496\" data-end=\"3690\">Al\u00e9m da parte art\u00edstica, a obra faz parte de um plano mais amplo de revitaliza\u00e7\u00e3o urbana, que inclui a nova Alameda do Fonseca, com melhorias na mobilidade e valoriza\u00e7\u00e3o do com\u00e9rcio local.<\/p>\n<p><a href=\"https:\/\/folhadoleste.com.br\/en\/vida\/\"><img decoding=\"async\" class=\"aligncenter wp-image-113547 size-full\" src=\"https:\/\/folhadoleste.com.br\/wp-content\/uploads\/2025\/03\/Sinteses-da-Vida.png\" alt=\"\" width=\"1800\" height=\"600\" \/><\/a><\/p>\n<p><a href=\"https:\/\/www.instagram.com\/folhadoleste\/\"><img decoding=\"async\" class=\"aligncenter wp-image-109748 size-medium\" src=\"https:\/\/folhadoleste.com.br\/wp-content\/uploads\/2025\/02\/Instagram-Folha-do-Leste-Widget-300x100.png\" alt=\"\" width=\"300\" height=\"100\" \/><\/a><\/p>\n<p><a href=\"https:\/\/facebook.com\/folhadoleste\"><img decoding=\"async\" class=\"aligncenter wp-image-109735 size-medium\" src=\"https:\/\/folhadoleste.com.br\/wp-content\/uploads\/2025\/02\/ANUNCIO-FACEBOOK-FOLHA-DO-LESTE-300x300.png\" alt=\"\" width=\"300\" height=\"300\" \/><\/a><\/p>","protected":false},"excerpt":{"rendered":"<p>O Centro Cultural Cauby Peixoto est\u00e1 cada vez mais perto de se tornar realidade no Fonseca. As obras seguem aceleradas e a entrega est\u00e1 prevista para novembro, durante o anivers\u00e1rio da cidade. Com investimento de R$ 16,8 milh\u00f5es, o projeto inclui a restaura\u00e7\u00e3o do casar\u00e3o hist\u00f3rico, constru\u00e7\u00e3o de um teatro para 240 lugares e cria\u00e7\u00e3o de espa\u00e7os multiuso. O prefeito Rodrigo Neves visitou o local nesta segunda-feira (28) e comemorou o avan\u00e7o. &#8220;O Casar\u00e3o Cauby Peixoto, que esteve abandonado por anos, agora renasce como o primeiro Centro Cultural da Zona Norte. A inaugura\u00e7\u00e3o ser\u00e1 em novembro e vai marcar uma [&hellip;]<\/p>\n","protected":false},"author":5,"featured_media":132907,"comment_status":"open","ping_status":"open","sticky":false,"template":"","format":"standard","meta":{"footnotes":""},"categories":[47,5],"tags":[6526,74181,108,3908,54,50,24317,24318,1335,256,504],"class_list":["post-132904","post","type-post","status-publish","format-standard","has-post-thumbnail","hentry","category-leste-fluminense","category-noticias-de-niteroi","tag-acessibilidade","tag-centro-cultural-cauby-peixoto","tag-cultura","tag-fonseca","tag-leste-fluminense","tag-niteroi","tag-obras-publicas","tag-revitalizacao-urbana","tag-rodrigo-neves","tag-teatro","tag-zona-norte","post--single"],"yoast_head":"<!-- This site is optimized with the Yoast SEO plugin v27.4 - https:\/\/yoast.com\/product\/yoast-seo-wordpress\/ -->\n<title>Centro Cultural Cauby Peixoto transforma Zona Norte com entrega prevista para novembro<\/title>\n<meta name=\"description\" content=\"Centro Cultural Cauby Peixoto avan\u00e7a no Fonseca e ser\u00e1 entregue em novembro, com teatro, biblioteca e espa\u00e7os multiuso.\" \/>\n<meta name=\"robots\" content=\"index, follow, max-snippet:-1, max-image-preview:large, max-video-preview:-1\" \/>\n<link rel=\"canonical\" href=\"https:\/\/folhadoleste.com.br\/en\/centro-cultural-cauby-peixoto-zona-norte-novembro\/\" \/>\n<meta property=\"og:locale\" content=\"en_US\" \/>\n<meta property=\"og:type\" content=\"article\" \/>\n<meta property=\"og:title\" content=\"Centro Cultural Cauby Peixoto transforma Zona Norte com entrega prevista para novembro\" \/>\n<meta property=\"og:description\" content=\"Centro Cultural Cauby Peixoto avan\u00e7a no Fonseca e ser\u00e1 entregue em novembro, com teatro, biblioteca e espa\u00e7os multiuso.\" \/>\n<meta property=\"og:url\" content=\"https:\/\/folhadoleste.com.br\/en\/centro-cultural-cauby-peixoto-zona-norte-novembro\/\" \/>\n<meta property=\"og:site_name\" content=\"Folha do Leste\" \/>\n<meta property=\"article:publisher\" content=\"https:\/\/www.facebook.com\/folhadoleste\" \/>\n<meta property=\"article:published_time\" content=\"2025-07-28T19:26:24+00:00\" \/>\n<meta property=\"article:modified_time\" content=\"2025-07-29T00:43:36+00:00\" \/>\n<meta property=\"og:image\" content=\"https:\/\/folhadoleste.com.br\/wp-content\/uploads\/2025\/07\/Centro-Cultural-Cauby-Peixoto-avanca-e-promete-transformar-Zona-Norte-em-polo-cultural-Foto-Marcelos-Barcellos-Prefeitura-de-Niteroi.jpeg\" \/>\n\t<meta property=\"og:image:width\" content=\"1600\" \/>\n\t<meta property=\"og:image:height\" content=\"900\" \/>\n\t<meta property=\"og:image:type\" content=\"image\/jpeg\" \/>\n<meta name=\"author\" content=\"Enzo Carvalho\" \/>\n<meta name=\"twitter:card\" content=\"summary_large_image\" \/>\n<meta name=\"twitter:creator\" content=\"@FolhadoLesteRJ\" \/>\n<meta name=\"twitter:site\" content=\"@FolhadoLesteRJ\" \/>\n<meta name=\"twitter:label1\" content=\"Written by\" \/>\n\t<meta name=\"twitter:data1\" content=\"Enzo Carvalho\" \/>\n\t<meta name=\"twitter:label2\" content=\"Est. reading time\" \/>\n\t<meta name=\"twitter:data2\" content=\"4 minutes\" \/>\n<script type=\"application\/ld+json\" class=\"yoast-schema-graph\">{\"@context\":\"https:\\\/\\\/schema.org\",\"@graph\":[{\"@type\":\"NewsArticle\",\"@id\":\"https:\\\/\\\/folhadoleste.com.br\\\/centro-cultural-cauby-peixoto-zona-norte-novembro\\\/#article\",\"isPartOf\":{\"@id\":\"https:\\\/\\\/folhadoleste.com.br\\\/centro-cultural-cauby-peixoto-zona-norte-novembro\\\/\"},\"author\":{\"name\":\"Enzo Carvalho\",\"@id\":\"https:\\\/\\\/folhadoleste.com.br\\\/#\\\/schema\\\/person\\\/05d8a4b256c9faea581495e6c9be06f2\"},\"headline\":\"Centro Cultural Cauby Peixoto avan\u00e7a e promete transformar Zona Norte em polo cultural\",\"datePublished\":\"2025-07-28T19:26:24+00:00\",\"dateModified\":\"2025-07-29T00:43:36+00:00\",\"mainEntityOfPage\":{\"@id\":\"https:\\\/\\\/folhadoleste.com.br\\\/centro-cultural-cauby-peixoto-zona-norte-novembro\\\/\"},\"wordCount\":623,\"commentCount\":0,\"publisher\":{\"@id\":\"https:\\\/\\\/folhadoleste.com.br\\\/#organization\"},\"image\":{\"@id\":\"https:\\\/\\\/folhadoleste.com.br\\\/centro-cultural-cauby-peixoto-zona-norte-novembro\\\/#primaryimage\"},\"thumbnailUrl\":\"https:\\\/\\\/folhadoleste.com.br\\\/wp-content\\\/uploads\\\/2025\\\/07\\\/Centro-Cultural-Cauby-Peixoto-avanca-e-promete-transformar-Zona-Norte-em-polo-cultural-Foto-Marcelos-Barcellos-Prefeitura-de-Niteroi.jpeg\",\"keywords\":[\"acessibilidade\",\"Centro Cultural Cauby Peixoto\",\"Cultura\",\"fonseca\",\"Leste Fluminense\",\"Niter\u00f3i\",\"Obras p\u00fablicas\",\"Revitaliza\u00e7\u00e3o urbana\",\"Rodrigo Neves\",\"teatro\",\"Zona Norte\"],\"articleSection\":[\"Leste Fluminense\",\"Niter\u00f3i\"],\"inLanguage\":\"en-US\",\"potentialAction\":[{\"@type\":\"CommentAction\",\"name\":\"Comment\",\"target\":[\"https:\\\/\\\/folhadoleste.com.br\\\/centro-cultural-cauby-peixoto-zona-norte-novembro\\\/#respond\"]}]},{\"@type\":\"WebPage\",\"@id\":\"https:\\\/\\\/folhadoleste.com.br\\\/centro-cultural-cauby-peixoto-zona-norte-novembro\\\/\",\"url\":\"https:\\\/\\\/folhadoleste.com.br\\\/centro-cultural-cauby-peixoto-zona-norte-novembro\\\/\",\"name\":\"Centro Cultural Cauby Peixoto transforma Zona Norte com entrega prevista para novembro\",\"isPartOf\":{\"@id\":\"https:\\\/\\\/folhadoleste.com.br\\\/#website\"},\"primaryImageOfPage\":{\"@id\":\"https:\\\/\\\/folhadoleste.com.br\\\/centro-cultural-cauby-peixoto-zona-norte-novembro\\\/#primaryimage\"},\"image\":{\"@id\":\"https:\\\/\\\/folhadoleste.com.br\\\/centro-cultural-cauby-peixoto-zona-norte-novembro\\\/#primaryimage\"},\"thumbnailUrl\":\"https:\\\/\\\/folhadoleste.com.br\\\/wp-content\\\/uploads\\\/2025\\\/07\\\/Centro-Cultural-Cauby-Peixoto-avanca-e-promete-transformar-Zona-Norte-em-polo-cultural-Foto-Marcelos-Barcellos-Prefeitura-de-Niteroi.jpeg\",\"datePublished\":\"2025-07-28T19:26:24+00:00\",\"dateModified\":\"2025-07-29T00:43:36+00:00\",\"description\":\"Centro Cultural Cauby Peixoto avan\u00e7a no Fonseca e ser\u00e1 entregue em novembro, com teatro, biblioteca e espa\u00e7os multiuso.\",\"breadcrumb\":{\"@id\":\"https:\\\/\\\/folhadoleste.com.br\\\/centro-cultural-cauby-peixoto-zona-norte-novembro\\\/#breadcrumb\"},\"inLanguage\":\"en-US\",\"potentialAction\":[{\"@type\":\"ReadAction\",\"target\":[\"https:\\\/\\\/folhadoleste.com.br\\\/centro-cultural-cauby-peixoto-zona-norte-novembro\\\/\"]}]},{\"@type\":\"ImageObject\",\"inLanguage\":\"en-US\",\"@id\":\"https:\\\/\\\/folhadoleste.com.br\\\/centro-cultural-cauby-peixoto-zona-norte-novembro\\\/#primaryimage\",\"url\":\"https:\\\/\\\/folhadoleste.com.br\\\/wp-content\\\/uploads\\\/2025\\\/07\\\/Centro-Cultural-Cauby-Peixoto-avanca-e-promete-transformar-Zona-Norte-em-polo-cultural-Foto-Marcelos-Barcellos-Prefeitura-de-Niteroi.jpeg\",\"contentUrl\":\"https:\\\/\\\/folhadoleste.com.br\\\/wp-content\\\/uploads\\\/2025\\\/07\\\/Centro-Cultural-Cauby-Peixoto-avanca-e-promete-transformar-Zona-Norte-em-polo-cultural-Foto-Marcelos-Barcellos-Prefeitura-de-Niteroi.jpeg\",\"width\":1600,\"height\":900,\"caption\":\"Centro Cultural Cauby Peixoto avan\u00e7a e promete transformar Zona Norte em polo cultural | Marcelos Barcellos\\\/Prefeitura de Niter\u00f3i\"},{\"@type\":\"BreadcrumbList\",\"@id\":\"https:\\\/\\\/folhadoleste.com.br\\\/centro-cultural-cauby-peixoto-zona-norte-novembro\\\/#breadcrumb\",\"itemListElement\":[{\"@type\":\"ListItem\",\"position\":1,\"name\":\"In\u00edcio\",\"item\":\"https:\\\/\\\/folhadoleste.com.br\\\/\"},{\"@type\":\"ListItem\",\"position\":2,\"name\":\"Estado do Rio de Janeiro\",\"item\":\"https:\\\/\\\/folhadoleste.com.br\\\/category\\\/estado-do-rio-de-janeiro\\\/\"},{\"@type\":\"ListItem\",\"position\":3,\"name\":\"Leste Fluminense\",\"item\":\"https:\\\/\\\/folhadoleste.com.br\\\/category\\\/estado-do-rio-de-janeiro\\\/leste-fluminense\\\/\"},{\"@type\":\"ListItem\",\"position\":4,\"name\":\"Niter\u00f3i\",\"item\":\"https:\\\/\\\/folhadoleste.com.br\\\/category\\\/estado-do-rio-de-janeiro\\\/leste-fluminense\\\/noticias-de-niteroi\\\/\"},{\"@type\":\"ListItem\",\"position\":5,\"name\":\"Centro Cultural Cauby Peixoto avan\u00e7a e promete transformar Zona Norte em polo cultural\"}]},{\"@type\":\"WebSite\",\"@id\":\"https:\\\/\\\/folhadoleste.com.br\\\/#website\",\"url\":\"https:\\\/\\\/folhadoleste.com.br\\\/\",\"name\":\"Folha do Leste\",\"description\":\"Portal de Not\u00edcias com \u00eanfase em Niter\u00f3i, criando conte\u00fados desde a capital Rio de Janeiro, com olhar para o Leste Fluminense e suas cidades como S\u00e3o Gon\u00e7alo, Itabora\u00ed, Rio Bonito, Maric\u00e1, Saquarema e Araruama\",\"publisher\":{\"@id\":\"https:\\\/\\\/folhadoleste.com.br\\\/#organization\"},\"alternateName\":\"FL\",\"potentialAction\":[{\"@type\":\"SearchAction\",\"target\":{\"@type\":\"EntryPoint\",\"urlTemplate\":\"https:\\\/\\\/folhadoleste.com.br\\\/?s={search_term_string}\"},\"query-input\":{\"@type\":\"PropertyValueSpecification\",\"valueRequired\":true,\"valueName\":\"search_term_string\"}}],\"inLanguage\":\"en-US\"},{\"@type\":\"Organization\",\"@id\":\"https:\\\/\\\/folhadoleste.com.br\\\/#organization\",\"name\":\"Brasil 21 Comunica\u00e7\u00e3o\",\"alternateName\":\"BR21\",\"url\":\"https:\\\/\\\/folhadoleste.com.br\\\/\",\"logo\":{\"@type\":\"ImageObject\",\"inLanguage\":\"en-US\",\"@id\":\"https:\\\/\\\/folhadoleste.com.br\\\/#\\\/schema\\\/logo\\\/image\\\/\",\"url\":\"https:\\\/\\\/folhadoleste.com.br\\\/wp-content\\\/uploads\\\/2025\\\/12\\\/brasil-21-logomarca.avif\",\"contentUrl\":\"https:\\\/\\\/folhadoleste.com.br\\\/wp-content\\\/uploads\\\/2025\\\/12\\\/brasil-21-logomarca.avif\",\"width\":1044,\"height\":1044,\"caption\":\"Brasil 21 Comunica\u00e7\u00e3o\"},\"image\":{\"@id\":\"https:\\\/\\\/folhadoleste.com.br\\\/#\\\/schema\\\/logo\\\/image\\\/\"},\"sameAs\":[\"https:\\\/\\\/www.facebook.com\\\/folhadoleste\",\"https:\\\/\\\/x.com\\\/FolhadoLesteRJ\",\"https:\\\/\\\/www.instagram.com\\\/folhadoleste\\\/\"]},{\"@type\":\"Person\",\"@id\":\"https:\\\/\\\/folhadoleste.com.br\\\/#\\\/schema\\\/person\\\/05d8a4b256c9faea581495e6c9be06f2\",\"name\":\"Enzo Carvalho\",\"image\":{\"@type\":\"ImageObject\",\"inLanguage\":\"en-US\",\"@id\":\"https:\\\/\\\/folhadoleste.com.br\\\/wp-content\\\/litespeed\\\/avatar\\\/3fe471b6df482b28961bb8e87cd40a81.jpg?ver=1777161141\",\"url\":\"https:\\\/\\\/folhadoleste.com.br\\\/wp-content\\\/litespeed\\\/avatar\\\/3fe471b6df482b28961bb8e87cd40a81.jpg?ver=1777161141\",\"contentUrl\":\"https:\\\/\\\/folhadoleste.com.br\\\/wp-content\\\/litespeed\\\/avatar\\\/3fe471b6df482b28961bb8e87cd40a81.jpg?ver=1777161141\",\"caption\":\"Enzo Carvalho\"},\"description\":\"Enzo Carvalho \u00e9 jornalista profissional, com atua\u00e7\u00e3o voltada \u00e0 cobertura de inova\u00e7\u00e3o, tecnologia, cotidiano e esportes. Ex-jogador profissional de e-sports, traz para o jornalismo uma compreens\u00e3o pr\u00e1tica do universo digital, das plataformas tecnol\u00f3gicas e das transforma\u00e7\u00f5es provocadas pela cultura conectada.\",\"url\":\"https:\\\/\\\/folhadoleste.com.br\\\/en\\\/author\\\/enzo-carvalho\\\/\"}]}<\/script>\n<!-- \/ Yoast SEO plugin. -->","yoast_head_json":{"title":"Centro Cultural Cauby Peixoto transforma Zona Norte com entrega prevista para novembro","description":"Centro Cultural Cauby Peixoto avan\u00e7a no Fonseca e ser\u00e1 entregue em novembro, com teatro, biblioteca e espa\u00e7os multiuso.","robots":{"index":"index","follow":"follow","max-snippet":"max-snippet:-1","max-image-preview":"max-image-preview:large","max-video-preview":"max-video-preview:-1"},"canonical":"https:\/\/folhadoleste.com.br\/en\/centro-cultural-cauby-peixoto-zona-norte-novembro\/","og_locale":"en_US","og_type":"article","og_title":"Centro Cultural Cauby Peixoto transforma Zona Norte com entrega prevista para novembro","og_description":"Centro Cultural Cauby Peixoto avan\u00e7a no Fonseca e ser\u00e1 entregue em novembro, com teatro, biblioteca e espa\u00e7os multiuso.","og_url":"https:\/\/folhadoleste.com.br\/en\/centro-cultural-cauby-peixoto-zona-norte-novembro\/","og_site_name":"Folha do Leste","article_publisher":"https:\/\/www.facebook.com\/folhadoleste","article_published_time":"2025-07-28T19:26:24+00:00","article_modified_time":"2025-07-29T00:43:36+00:00","og_image":[{"width":1600,"height":900,"url":"https:\/\/folhadoleste.com.br\/wp-content\/uploads\/2025\/07\/Centro-Cultural-Cauby-Peixoto-avanca-e-promete-transformar-Zona-Norte-em-polo-cultural-Foto-Marcelos-Barcellos-Prefeitura-de-Niteroi.jpeg","type":"image\/jpeg"}],"author":"Enzo Carvalho","twitter_card":"summary_large_image","twitter_creator":"@FolhadoLesteRJ","twitter_site":"@FolhadoLesteRJ","twitter_misc":{"Written by":"Enzo Carvalho","Est. reading time":"4 minutes"},"schema":{"@context":"https:\/\/schema.org","@graph":[{"@type":"NewsArticle","@id":"https:\/\/folhadoleste.com.br\/centro-cultural-cauby-peixoto-zona-norte-novembro\/#article","isPartOf":{"@id":"https:\/\/folhadoleste.com.br\/centro-cultural-cauby-peixoto-zona-norte-novembro\/"},"author":{"name":"Enzo Carvalho","@id":"https:\/\/folhadoleste.com.br\/#\/schema\/person\/05d8a4b256c9faea581495e6c9be06f2"},"headline":"Centro Cultural Cauby Peixoto avan\u00e7a e promete transformar Zona Norte em polo cultural","datePublished":"2025-07-28T19:26:24+00:00","dateModified":"2025-07-29T00:43:36+00:00","mainEntityOfPage":{"@id":"https:\/\/folhadoleste.com.br\/centro-cultural-cauby-peixoto-zona-norte-novembro\/"},"wordCount":623,"commentCount":0,"publisher":{"@id":"https:\/\/folhadoleste.com.br\/#organization"},"image":{"@id":"https:\/\/folhadoleste.com.br\/centro-cultural-cauby-peixoto-zona-norte-novembro\/#primaryimage"},"thumbnailUrl":"https:\/\/folhadoleste.com.br\/wp-content\/uploads\/2025\/07\/Centro-Cultural-Cauby-Peixoto-avanca-e-promete-transformar-Zona-Norte-em-polo-cultural-Foto-Marcelos-Barcellos-Prefeitura-de-Niteroi.jpeg","keywords":["acessibilidade","Centro Cultural Cauby Peixoto","Cultura","fonseca","Leste Fluminense","Niter\u00f3i","Obras p\u00fablicas","Revitaliza\u00e7\u00e3o urbana","Rodrigo Neves","teatro","Zona Norte"],"articleSection":["Leste Fluminense","Niter\u00f3i"],"inLanguage":"en-US","potentialAction":[{"@type":"CommentAction","name":"Comment","target":["https:\/\/folhadoleste.com.br\/centro-cultural-cauby-peixoto-zona-norte-novembro\/#respond"]}]},{"@type":"WebPage","@id":"https:\/\/folhadoleste.com.br\/centro-cultural-cauby-peixoto-zona-norte-novembro\/","url":"https:\/\/folhadoleste.com.br\/centro-cultural-cauby-peixoto-zona-norte-novembro\/","name":"Centro Cultural Cauby Peixoto transforma Zona Norte com entrega prevista para novembro","isPartOf":{"@id":"https:\/\/folhadoleste.com.br\/#website"},"primaryImageOfPage":{"@id":"https:\/\/folhadoleste.com.br\/centro-cultural-cauby-peixoto-zona-norte-novembro\/#primaryimage"},"image":{"@id":"https:\/\/folhadoleste.com.br\/centro-cultural-cauby-peixoto-zona-norte-novembro\/#primaryimage"},"thumbnailUrl":"https:\/\/folhadoleste.com.br\/wp-content\/uploads\/2025\/07\/Centro-Cultural-Cauby-Peixoto-avanca-e-promete-transformar-Zona-Norte-em-polo-cultural-Foto-Marcelos-Barcellos-Prefeitura-de-Niteroi.jpeg","datePublished":"2025-07-28T19:26:24+00:00","dateModified":"2025-07-29T00:43:36+00:00","description":"Centro Cultural Cauby Peixoto avan\u00e7a no Fonseca e ser\u00e1 entregue em novembro, com teatro, biblioteca e espa\u00e7os multiuso.","breadcrumb":{"@id":"https:\/\/folhadoleste.com.br\/centro-cultural-cauby-peixoto-zona-norte-novembro\/#breadcrumb"},"inLanguage":"en-US","potentialAction":[{"@type":"ReadAction","target":["https:\/\/folhadoleste.com.br\/centro-cultural-cauby-peixoto-zona-norte-novembro\/"]}]},{"@type":"ImageObject","inLanguage":"en-US","@id":"https:\/\/folhadoleste.com.br\/centro-cultural-cauby-peixoto-zona-norte-novembro\/#primaryimage","url":"https:\/\/folhadoleste.com.br\/wp-content\/uploads\/2025\/07\/Centro-Cultural-Cauby-Peixoto-avanca-e-promete-transformar-Zona-Norte-em-polo-cultural-Foto-Marcelos-Barcellos-Prefeitura-de-Niteroi.jpeg","contentUrl":"https:\/\/folhadoleste.com.br\/wp-content\/uploads\/2025\/07\/Centro-Cultural-Cauby-Peixoto-avanca-e-promete-transformar-Zona-Norte-em-polo-cultural-Foto-Marcelos-Barcellos-Prefeitura-de-Niteroi.jpeg","width":1600,"height":900,"caption":"Centro Cultural Cauby Peixoto avan\u00e7a e promete transformar Zona Norte em polo cultural | Marcelos Barcellos\/Prefeitura de Niter\u00f3i"},{"@type":"BreadcrumbList","@id":"https:\/\/folhadoleste.com.br\/centro-cultural-cauby-peixoto-zona-norte-novembro\/#breadcrumb","itemListElement":[{"@type":"ListItem","position":1,"name":"In\u00edcio","item":"https:\/\/folhadoleste.com.br\/"},{"@type":"ListItem","position":2,"name":"Estado do Rio de Janeiro","item":"https:\/\/folhadoleste.com.br\/category\/estado-do-rio-de-janeiro\/"},{"@type":"ListItem","position":3,"name":"Leste Fluminense","item":"https:\/\/folhadoleste.com.br\/category\/estado-do-rio-de-janeiro\/leste-fluminense\/"},{"@type":"ListItem","position":4,"name":"Niter\u00f3i","item":"https:\/\/folhadoleste.com.br\/category\/estado-do-rio-de-janeiro\/leste-fluminense\/noticias-de-niteroi\/"},{"@type":"ListItem","position":5,"name":"Centro Cultural Cauby Peixoto avan\u00e7a e promete transformar Zona Norte em polo cultural"}]},{"@type":"WebSite","@id":"https:\/\/folhadoleste.com.br\/#website","url":"https:\/\/folhadoleste.com.br\/","name":"Folha do Leste","description":"Portal de Not\u00edcias com \u00eanfase em Niter\u00f3i, criando conte\u00fados desde a capital Rio de Janeiro, com olhar para o Leste Fluminense e suas cidades como S\u00e3o Gon\u00e7alo, Itabora\u00ed, Rio Bonito, Maric\u00e1, Saquarema e Araruama","publisher":{"@id":"https:\/\/folhadoleste.com.br\/#organization"},"alternateName":"FL","potentialAction":[{"@type":"SearchAction","target":{"@type":"EntryPoint","urlTemplate":"https:\/\/folhadoleste.com.br\/?s={search_term_string}"},"query-input":{"@type":"PropertyValueSpecification","valueRequired":true,"valueName":"search_term_string"}}],"inLanguage":"en-US"},{"@type":"Organization","@id":"https:\/\/folhadoleste.com.br\/#organization","name":"Brasil 21 Comunica\u00e7\u00e3o","alternateName":"BR21","url":"https:\/\/folhadoleste.com.br\/","logo":{"@type":"ImageObject","inLanguage":"en-US","@id":"https:\/\/folhadoleste.com.br\/#\/schema\/logo\/image\/","url":"https:\/\/folhadoleste.com.br\/wp-content\/uploads\/2025\/12\/brasil-21-logomarca.avif","contentUrl":"https:\/\/folhadoleste.com.br\/wp-content\/uploads\/2025\/12\/brasil-21-logomarca.avif","width":1044,"height":1044,"caption":"Brasil 21 Comunica\u00e7\u00e3o"},"image":{"@id":"https:\/\/folhadoleste.com.br\/#\/schema\/logo\/image\/"},"sameAs":["https:\/\/www.facebook.com\/folhadoleste","https:\/\/x.com\/FolhadoLesteRJ","https:\/\/www.instagram.com\/folhadoleste\/"]},{"@type":"Person","@id":"https:\/\/folhadoleste.com.br\/#\/schema\/person\/05d8a4b256c9faea581495e6c9be06f2","name":"Enzo Carvalho","image":{"@type":"ImageObject","inLanguage":"en-US","@id":"https:\/\/folhadoleste.com.br\/wp-content\/litespeed\/avatar\/3fe471b6df482b28961bb8e87cd40a81.jpg?ver=1777161141","url":"https:\/\/folhadoleste.com.br\/wp-content\/litespeed\/avatar\/3fe471b6df482b28961bb8e87cd40a81.jpg?ver=1777161141","contentUrl":"https:\/\/folhadoleste.com.br\/wp-content\/litespeed\/avatar\/3fe471b6df482b28961bb8e87cd40a81.jpg?ver=1777161141","caption":"Enzo Carvalho"},"description":"Enzo Carvalho \u00e9 jornalista profissional, com atua\u00e7\u00e3o voltada \u00e0 cobertura de inova\u00e7\u00e3o, tecnologia, cotidiano e esportes. Ex-jogador profissional de e-sports, traz para o jornalismo uma compreens\u00e3o pr\u00e1tica do universo digital, das plataformas tecnol\u00f3gicas e das transforma\u00e7\u00f5es provocadas pela cultura conectada.","url":"https:\/\/folhadoleste.com.br\/en\/author\/enzo-carvalho\/"}]}},"_links":{"self":[{"href":"https:\/\/folhadoleste.com.br\/en\/wp-json\/wp\/v2\/posts\/132904","targetHints":{"allow":["GET"]}}],"collection":[{"href":"https:\/\/folhadoleste.com.br\/en\/wp-json\/wp\/v2\/posts"}],"about":[{"href":"https:\/\/folhadoleste.com.br\/en\/wp-json\/wp\/v2\/types\/post"}],"author":[{"embeddable":true,"href":"https:\/\/folhadoleste.com.br\/en\/wp-json\/wp\/v2\/users\/5"}],"replies":[{"embeddable":true,"href":"https:\/\/folhadoleste.com.br\/en\/wp-json\/wp\/v2\/comments?post=132904"}],"version-history":[{"count":1,"href":"https:\/\/folhadoleste.com.br\/en\/wp-json\/wp\/v2\/posts\/132904\/revisions"}],"predecessor-version":[{"id":132908,"href":"https:\/\/folhadoleste.com.br\/en\/wp-json\/wp\/v2\/posts\/132904\/revisions\/132908"}],"wp:featuredmedia":[{"embeddable":true,"href":"https:\/\/folhadoleste.com.br\/en\/wp-json\/wp\/v2\/media\/132907"}],"wp:attachment":[{"href":"https:\/\/folhadoleste.com.br\/en\/wp-json\/wp\/v2\/media?parent=132904"}],"wp:term":[{"taxonomy":"category","embeddable":true,"href":"https:\/\/folhadoleste.com.br\/en\/wp-json\/wp\/v2\/categories?post=132904"},{"taxonomy":"post_tag","embeddable":true,"href":"https:\/\/folhadoleste.com.br\/en\/wp-json\/wp\/v2\/tags?post=132904"}],"curies":[{"name":"wp","href":"https:\/\/api.w.org\/{rel}","templated":true}]}}