{"id":132873,"date":"2025-07-28T16:02:11","date_gmt":"2025-07-28T19:02:11","guid":{"rendered":"https:\/\/folhadoleste.com.br\/?p=132873"},"modified":"2025-07-28T19:22:53","modified_gmt":"2025-07-28T22:22:53","slug":"vasco-primeiro-jogo-sem-leo-jardim","status":"publish","type":"post","link":"https:\/\/folhadoleste.com.br\/en\/vasco-primeiro-jogo-sem-leo-jardim\/","title":{"rendered":"Vasco encara Brasileir\u00e3o sem L\u00e9o Jardim pela primeira vez desde 2023"},"content":{"rendered":"<div id=\"attachment_132876\" style=\"width: 1210px\" class=\"wp-caption alignnone\"><img decoding=\"async\" aria-describedby=\"caption-attachment-132876\" class=\"size-full wp-image-132876\" src=\"https:\/\/folhadoleste.com.br\/wp-content\/uploads\/2025\/07\/Vasco-encara-Brasileirao-sem-Leo-Jardim-pela-primeira-vez-desde-Foto-Dikran-Sahagian-Vasco.jpg\" alt=\"\" width=\"1200\" height=\"750\" \/><p id=\"caption-attachment-132876\" class=\"wp-caption-text\">Vasco encara Brasileir\u00e3o sem L\u00e9o Jardim pela primeira vez desde 2023 | Dikran Sahagian\/Vasco<\/p><\/div>\n<p style=\"text-align: justify;\" data-start=\"759\" data-end=\"966\">O Vasco sem L\u00e9o Jardim no Brasileir\u00e3o ser\u00e1 uma realidade in\u00e9dita neste s\u00e1bado (2). Expulso contra o Internacional por cera, o goleiro titular ficar\u00e1 de fora pela primeira vez desde que chegou ao clube.<\/p>\n<h5><a href=\"https:\/\/chat.whatsapp.com\/ItvWOvY08sCCpPxovKnYb6\"><img decoding=\"async\" class=\"wp-image-109746 size-full aligncenter\" src=\"https:\/\/folhadoleste.com.br\/wp-content\/uploads\/2025\/02\/WHATSAPP-FOLHA-DO-LESTE-600x200-1.png\" alt=\"\" width=\"600\" height=\"200\" \/><\/a><\/h5>\n<p style=\"text-align: justify;\" data-start=\"968\" data-end=\"1165\">O t\u00e9cnico j\u00e1 confirmou que Daniel Fuzato ser\u00e1 o substituto. Ser\u00e1 a primeira oportunidade do reserva no campeonato, ap\u00f3s duas participa\u00e7\u00f5es no Carioca e minutos em campo no empate com o Inter.<\/p>\n<h5 style=\"text-align: center;\"><span style=\"color: #000000;\"><span style=\"color: #ff0000;\"><strong>+ <\/strong><\/span><\/span><span style=\"color: #000000;\"><strong><span style=\"color: #ff9900;\">MAIS NOT\u00cdCIAS DE ESPORTES?<\/span> <span style=\"color: #008080;\"><a style=\"color: #008080;\" href=\"https:\/\/folhadoleste.com.br\/en\/category\/esportes\/\">CLIQUE AQUI<\/a><\/span><\/strong><\/span><\/h5>\n<p style=\"text-align: justify;\" data-start=\"1167\" data-end=\"1315\">L\u00e9o Jardim disputou 91 partidas seguidas pelo Brasileir\u00e3o desde 2023. Sua aus\u00eancia quebra uma sequ\u00eancia de dois anos de titularidade absoluta.<\/p>\n<p><a href=\"https:\/\/folhadoleste.com.br\/en\/vida\/\"><img decoding=\"async\" class=\"aligncenter wp-image-113547 size-full\" src=\"https:\/\/folhadoleste.com.br\/wp-content\/uploads\/2025\/03\/Sinteses-da-Vida.png\" alt=\"\" width=\"1800\" height=\"600\" \/><\/a><\/p>\n<p><a href=\"https:\/\/www.instagram.com\/folhadoleste\/\"><img decoding=\"async\" class=\"aligncenter wp-image-109748 size-medium\" src=\"https:\/\/folhadoleste.com.br\/wp-content\/uploads\/2025\/02\/Instagram-Folha-do-Leste-Widget-300x100.png\" alt=\"\" width=\"300\" height=\"100\" \/><\/a><\/p>\n<p><a href=\"https:\/\/facebook.com\/folhadoleste\"><img decoding=\"async\" class=\"aligncenter wp-image-109735 size-medium\" src=\"https:\/\/folhadoleste.com.br\/wp-content\/uploads\/2025\/02\/ANUNCIO-FACEBOOK-FOLHA-DO-LESTE-300x300.png\" alt=\"\" width=\"300\" height=\"300\" \/><\/a><\/p>","protected":false},"excerpt":{"rendered":"<p>O Vasco sem L\u00e9o Jardim no Brasileir\u00e3o ser\u00e1 uma realidade in\u00e9dita neste s\u00e1bado (2). Expulso contra o Internacional por cera, o goleiro titular ficar\u00e1 de fora pela primeira vez desde que chegou ao clube. O t\u00e9cnico j\u00e1 confirmou que Daniel Fuzato ser\u00e1 o substituto. Ser\u00e1 a primeira oportunidade do reserva no campeonato, ap\u00f3s duas participa\u00e7\u00f5es no Carioca e minutos em campo no empate com o Inter. + MAIS NOT\u00cdCIAS DE ESPORTES? CLIQUE AQUI L\u00e9o Jardim disputou 91 partidas seguidas pelo Brasileir\u00e3o desde 2023. Sua aus\u00eancia quebra uma sequ\u00eancia de dois anos de titularidade absoluta.<\/p>","protected":false},"author":5,"featured_media":132875,"comment_status":"open","ping_status":"open","sticky":false,"template":"","format":"standard","meta":{"footnotes":""},"categories":[48,65],"tags":[988,60563,105,15660,101,19049,82092,19116,34265,82094,104,82093],"class_list":["post-132873","post","type-post","status-publish","format-standard","has-post-thumbnail","hentry","category-esportes","category-futebol-esportes","tag-brasileirao","tag-daniel-fuzato","tag-esportes","tag-expulsao","tag-futebol","tag-futebol-brasileiro","tag-goleiro-reserva","tag-leo-jardim","tag-mirassol","tag-substituicao-no-gol","tag-vasco","tag-vasco-x-mirassol","post--single"],"yoast_head":"<!-- This site is optimized with the Yoast SEO plugin v27.4 - https:\/\/yoast.com\/product\/yoast-seo-wordpress\/ -->\n<title>Vasco enfrenta primeiro jogo sem L\u00e9o Jardim no Brasileir\u00e3o<\/title>\n<meta name=\"description\" content=\"Pela primeira vez desde 2023, Vasco jogar\u00e1 sem L\u00e9o Jardim. Fuzato assume a meta contra o Mirassol no Brasileir\u00e3o.\" \/>\n<meta name=\"robots\" content=\"index, follow, max-snippet:-1, max-image-preview:large, max-video-preview:-1\" \/>\n<link rel=\"canonical\" href=\"https:\/\/folhadoleste.com.br\/en\/vasco-primeiro-jogo-sem-leo-jardim\/\" \/>\n<meta property=\"og:locale\" content=\"en_US\" \/>\n<meta property=\"og:type\" content=\"article\" \/>\n<meta property=\"og:title\" content=\"Vasco enfrenta primeiro jogo sem L\u00e9o Jardim no Brasileir\u00e3o\" \/>\n<meta property=\"og:description\" content=\"Pela primeira vez desde 2023, Vasco jogar\u00e1 sem L\u00e9o Jardim. Fuzato assume a meta contra o Mirassol no Brasileir\u00e3o.\" \/>\n<meta property=\"og:url\" content=\"https:\/\/folhadoleste.com.br\/en\/vasco-primeiro-jogo-sem-leo-jardim\/\" \/>\n<meta property=\"og:site_name\" content=\"Folha do Leste\" \/>\n<meta property=\"article:publisher\" content=\"https:\/\/www.facebook.com\/folhadoleste\" \/>\n<meta property=\"article:published_time\" content=\"2025-07-28T19:02:11+00:00\" \/>\n<meta property=\"article:modified_time\" content=\"2025-07-28T22:22:53+00:00\" \/>\n<meta property=\"og:image\" content=\"https:\/\/folhadoleste.com.br\/wp-content\/uploads\/2025\/07\/Vasco-encara-Brasileirao-sem-Leo-Jardim-pela-primeira-vez-desde-2-Foto-Dikran-Sahagian-Vasco.jpg\" \/>\n\t<meta property=\"og:image:width\" content=\"1200\" \/>\n\t<meta property=\"og:image:height\" content=\"750\" \/>\n\t<meta property=\"og:image:type\" content=\"image\/jpeg\" \/>\n<meta name=\"author\" content=\"Enzo Carvalho\" \/>\n<meta name=\"twitter:card\" content=\"summary_large_image\" \/>\n<meta name=\"twitter:creator\" content=\"@FolhadoLesteRJ\" \/>\n<meta name=\"twitter:site\" content=\"@FolhadoLesteRJ\" \/>\n<meta name=\"twitter:label1\" content=\"Written by\" \/>\n\t<meta name=\"twitter:data1\" content=\"Enzo Carvalho\" \/>\n\t<meta name=\"twitter:label2\" content=\"Est. reading time\" \/>\n\t<meta name=\"twitter:data2\" content=\"2 minutes\" \/>\n<script type=\"application\/ld+json\" class=\"yoast-schema-graph\">{\"@context\":\"https:\\\/\\\/schema.org\",\"@graph\":[{\"@type\":\"NewsArticle\",\"@id\":\"https:\\\/\\\/folhadoleste.com.br\\\/vasco-primeiro-jogo-sem-leo-jardim\\\/#article\",\"isPartOf\":{\"@id\":\"https:\\\/\\\/folhadoleste.com.br\\\/vasco-primeiro-jogo-sem-leo-jardim\\\/\"},\"author\":{\"name\":\"Enzo Carvalho\",\"@id\":\"https:\\\/\\\/folhadoleste.com.br\\\/#\\\/schema\\\/person\\\/05d8a4b256c9faea581495e6c9be06f2\"},\"headline\":\"Vasco encara Brasileir\u00e3o sem L\u00e9o Jardim pela primeira vez desde 2023\",\"datePublished\":\"2025-07-28T19:02:11+00:00\",\"dateModified\":\"2025-07-28T22:22:53+00:00\",\"mainEntityOfPage\":{\"@id\":\"https:\\\/\\\/folhadoleste.com.br\\\/vasco-primeiro-jogo-sem-leo-jardim\\\/\"},\"wordCount\":136,\"commentCount\":0,\"publisher\":{\"@id\":\"https:\\\/\\\/folhadoleste.com.br\\\/#organization\"},\"image\":{\"@id\":\"https:\\\/\\\/folhadoleste.com.br\\\/vasco-primeiro-jogo-sem-leo-jardim\\\/#primaryimage\"},\"thumbnailUrl\":\"https:\\\/\\\/folhadoleste.com.br\\\/wp-content\\\/uploads\\\/2025\\\/07\\\/Vasco-encara-Brasileirao-sem-Leo-Jardim-pela-primeira-vez-desde-2-Foto-Dikran-Sahagian-Vasco.jpg\",\"keywords\":[\"Brasileir\u00e3o\",\"Daniel Fuzato\",\"Esportes\",\"Expuls\u00e3o\",\"futebol\",\"Futebol Brasileiro\",\"goleiro reserva\",\"L\u00e9o Jardim\",\"Mirassol\",\"substitui\u00e7\u00e3o no gol\",\"Vasco\",\"Vasco x Mirassol\"],\"articleSection\":[\"Esportes\",\"Futebol\"],\"inLanguage\":\"en-US\",\"potentialAction\":[{\"@type\":\"CommentAction\",\"name\":\"Comment\",\"target\":[\"https:\\\/\\\/folhadoleste.com.br\\\/vasco-primeiro-jogo-sem-leo-jardim\\\/#respond\"]}]},{\"@type\":\"WebPage\",\"@id\":\"https:\\\/\\\/folhadoleste.com.br\\\/vasco-primeiro-jogo-sem-leo-jardim\\\/\",\"url\":\"https:\\\/\\\/folhadoleste.com.br\\\/vasco-primeiro-jogo-sem-leo-jardim\\\/\",\"name\":\"Vasco enfrenta primeiro jogo sem L\u00e9o Jardim no Brasileir\u00e3o\",\"isPartOf\":{\"@id\":\"https:\\\/\\\/folhadoleste.com.br\\\/#website\"},\"primaryImageOfPage\":{\"@id\":\"https:\\\/\\\/folhadoleste.com.br\\\/vasco-primeiro-jogo-sem-leo-jardim\\\/#primaryimage\"},\"image\":{\"@id\":\"https:\\\/\\\/folhadoleste.com.br\\\/vasco-primeiro-jogo-sem-leo-jardim\\\/#primaryimage\"},\"thumbnailUrl\":\"https:\\\/\\\/folhadoleste.com.br\\\/wp-content\\\/uploads\\\/2025\\\/07\\\/Vasco-encara-Brasileirao-sem-Leo-Jardim-pela-primeira-vez-desde-2-Foto-Dikran-Sahagian-Vasco.jpg\",\"datePublished\":\"2025-07-28T19:02:11+00:00\",\"dateModified\":\"2025-07-28T22:22:53+00:00\",\"description\":\"Pela primeira vez desde 2023, Vasco jogar\u00e1 sem L\u00e9o Jardim. Fuzato assume a meta contra o Mirassol no Brasileir\u00e3o.\",\"breadcrumb\":{\"@id\":\"https:\\\/\\\/folhadoleste.com.br\\\/vasco-primeiro-jogo-sem-leo-jardim\\\/#breadcrumb\"},\"inLanguage\":\"en-US\",\"potentialAction\":[{\"@type\":\"ReadAction\",\"target\":[\"https:\\\/\\\/folhadoleste.com.br\\\/vasco-primeiro-jogo-sem-leo-jardim\\\/\"]}]},{\"@type\":\"ImageObject\",\"inLanguage\":\"en-US\",\"@id\":\"https:\\\/\\\/folhadoleste.com.br\\\/vasco-primeiro-jogo-sem-leo-jardim\\\/#primaryimage\",\"url\":\"https:\\\/\\\/folhadoleste.com.br\\\/wp-content\\\/uploads\\\/2025\\\/07\\\/Vasco-encara-Brasileirao-sem-Leo-Jardim-pela-primeira-vez-desde-2-Foto-Dikran-Sahagian-Vasco.jpg\",\"contentUrl\":\"https:\\\/\\\/folhadoleste.com.br\\\/wp-content\\\/uploads\\\/2025\\\/07\\\/Vasco-encara-Brasileirao-sem-Leo-Jardim-pela-primeira-vez-desde-2-Foto-Dikran-Sahagian-Vasco.jpg\",\"width\":1200,\"height\":750,\"caption\":\"Vasco encara Brasileir\u00e3o sem L\u00e9o Jardim pela primeira vez desde 2023 | Dikran Sahagian\\\/Vasco\"},{\"@type\":\"BreadcrumbList\",\"@id\":\"https:\\\/\\\/folhadoleste.com.br\\\/vasco-primeiro-jogo-sem-leo-jardim\\\/#breadcrumb\",\"itemListElement\":[{\"@type\":\"ListItem\",\"position\":1,\"name\":\"In\u00edcio\",\"item\":\"https:\\\/\\\/folhadoleste.com.br\\\/\"},{\"@type\":\"ListItem\",\"position\":2,\"name\":\"Esportes\",\"item\":\"https:\\\/\\\/folhadoleste.com.br\\\/category\\\/esportes\\\/\"},{\"@type\":\"ListItem\",\"position\":3,\"name\":\"Futebol\",\"item\":\"https:\\\/\\\/folhadoleste.com.br\\\/category\\\/esportes\\\/futebol-esportes\\\/\"},{\"@type\":\"ListItem\",\"position\":4,\"name\":\"Vasco encara Brasileir\u00e3o sem L\u00e9o Jardim pela primeira vez desde 2023\"}]},{\"@type\":\"WebSite\",\"@id\":\"https:\\\/\\\/folhadoleste.com.br\\\/#website\",\"url\":\"https:\\\/\\\/folhadoleste.com.br\\\/\",\"name\":\"Folha do Leste\",\"description\":\"Portal de Not\u00edcias com \u00eanfase em Niter\u00f3i, criando conte\u00fados desde a capital Rio de Janeiro, com olhar para o Leste Fluminense e suas cidades como S\u00e3o Gon\u00e7alo, Itabora\u00ed, Rio Bonito, Maric\u00e1, Saquarema e Araruama\",\"publisher\":{\"@id\":\"https:\\\/\\\/folhadoleste.com.br\\\/#organization\"},\"alternateName\":\"FL\",\"potentialAction\":[{\"@type\":\"SearchAction\",\"target\":{\"@type\":\"EntryPoint\",\"urlTemplate\":\"https:\\\/\\\/folhadoleste.com.br\\\/?s={search_term_string}\"},\"query-input\":{\"@type\":\"PropertyValueSpecification\",\"valueRequired\":true,\"valueName\":\"search_term_string\"}}],\"inLanguage\":\"en-US\"},{\"@type\":\"Organization\",\"@id\":\"https:\\\/\\\/folhadoleste.com.br\\\/#organization\",\"name\":\"Brasil 21 Comunica\u00e7\u00e3o\",\"alternateName\":\"BR21\",\"url\":\"https:\\\/\\\/folhadoleste.com.br\\\/\",\"logo\":{\"@type\":\"ImageObject\",\"inLanguage\":\"en-US\",\"@id\":\"https:\\\/\\\/folhadoleste.com.br\\\/#\\\/schema\\\/logo\\\/image\\\/\",\"url\":\"https:\\\/\\\/folhadoleste.com.br\\\/wp-content\\\/uploads\\\/2025\\\/12\\\/brasil-21-logomarca.avif\",\"contentUrl\":\"https:\\\/\\\/folhadoleste.com.br\\\/wp-content\\\/uploads\\\/2025\\\/12\\\/brasil-21-logomarca.avif\",\"width\":1044,\"height\":1044,\"caption\":\"Brasil 21 Comunica\u00e7\u00e3o\"},\"image\":{\"@id\":\"https:\\\/\\\/folhadoleste.com.br\\\/#\\\/schema\\\/logo\\\/image\\\/\"},\"sameAs\":[\"https:\\\/\\\/www.facebook.com\\\/folhadoleste\",\"https:\\\/\\\/x.com\\\/FolhadoLesteRJ\",\"https:\\\/\\\/www.instagram.com\\\/folhadoleste\\\/\"]},{\"@type\":\"Person\",\"@id\":\"https:\\\/\\\/folhadoleste.com.br\\\/#\\\/schema\\\/person\\\/05d8a4b256c9faea581495e6c9be06f2\",\"name\":\"Enzo Carvalho\",\"image\":{\"@type\":\"ImageObject\",\"inLanguage\":\"en-US\",\"@id\":\"https:\\\/\\\/folhadoleste.com.br\\\/wp-content\\\/litespeed\\\/avatar\\\/3fe471b6df482b28961bb8e87cd40a81.jpg?ver=1777161141\",\"url\":\"https:\\\/\\\/folhadoleste.com.br\\\/wp-content\\\/litespeed\\\/avatar\\\/3fe471b6df482b28961bb8e87cd40a81.jpg?ver=1777161141\",\"contentUrl\":\"https:\\\/\\\/folhadoleste.com.br\\\/wp-content\\\/litespeed\\\/avatar\\\/3fe471b6df482b28961bb8e87cd40a81.jpg?ver=1777161141\",\"caption\":\"Enzo Carvalho\"},\"description\":\"Enzo Carvalho \u00e9 jornalista profissional, com atua\u00e7\u00e3o voltada \u00e0 cobertura de inova\u00e7\u00e3o, tecnologia, cotidiano e esportes. Ex-jogador profissional de e-sports, traz para o jornalismo uma compreens\u00e3o pr\u00e1tica do universo digital, das plataformas tecnol\u00f3gicas e das transforma\u00e7\u00f5es provocadas pela cultura conectada.\",\"url\":\"https:\\\/\\\/folhadoleste.com.br\\\/en\\\/author\\\/enzo-carvalho\\\/\"}]}<\/script>\n<!-- \/ Yoast SEO plugin. -->","yoast_head_json":{"title":"Vasco enfrenta primeiro jogo sem L\u00e9o Jardim no Brasileir\u00e3o","description":"Pela primeira vez desde 2023, Vasco jogar\u00e1 sem L\u00e9o Jardim. Fuzato assume a meta contra o Mirassol no Brasileir\u00e3o.","robots":{"index":"index","follow":"follow","max-snippet":"max-snippet:-1","max-image-preview":"max-image-preview:large","max-video-preview":"max-video-preview:-1"},"canonical":"https:\/\/folhadoleste.com.br\/en\/vasco-primeiro-jogo-sem-leo-jardim\/","og_locale":"en_US","og_type":"article","og_title":"Vasco enfrenta primeiro jogo sem L\u00e9o Jardim no Brasileir\u00e3o","og_description":"Pela primeira vez desde 2023, Vasco jogar\u00e1 sem L\u00e9o Jardim. Fuzato assume a meta contra o Mirassol no Brasileir\u00e3o.","og_url":"https:\/\/folhadoleste.com.br\/en\/vasco-primeiro-jogo-sem-leo-jardim\/","og_site_name":"Folha do Leste","article_publisher":"https:\/\/www.facebook.com\/folhadoleste","article_published_time":"2025-07-28T19:02:11+00:00","article_modified_time":"2025-07-28T22:22:53+00:00","og_image":[{"width":1200,"height":750,"url":"https:\/\/folhadoleste.com.br\/wp-content\/uploads\/2025\/07\/Vasco-encara-Brasileirao-sem-Leo-Jardim-pela-primeira-vez-desde-2-Foto-Dikran-Sahagian-Vasco.jpg","type":"image\/jpeg"}],"author":"Enzo Carvalho","twitter_card":"summary_large_image","twitter_creator":"@FolhadoLesteRJ","twitter_site":"@FolhadoLesteRJ","twitter_misc":{"Written by":"Enzo Carvalho","Est. reading time":"2 minutes"},"schema":{"@context":"https:\/\/schema.org","@graph":[{"@type":"NewsArticle","@id":"https:\/\/folhadoleste.com.br\/vasco-primeiro-jogo-sem-leo-jardim\/#article","isPartOf":{"@id":"https:\/\/folhadoleste.com.br\/vasco-primeiro-jogo-sem-leo-jardim\/"},"author":{"name":"Enzo Carvalho","@id":"https:\/\/folhadoleste.com.br\/#\/schema\/person\/05d8a4b256c9faea581495e6c9be06f2"},"headline":"Vasco encara Brasileir\u00e3o sem L\u00e9o Jardim pela primeira vez desde 2023","datePublished":"2025-07-28T19:02:11+00:00","dateModified":"2025-07-28T22:22:53+00:00","mainEntityOfPage":{"@id":"https:\/\/folhadoleste.com.br\/vasco-primeiro-jogo-sem-leo-jardim\/"},"wordCount":136,"commentCount":0,"publisher":{"@id":"https:\/\/folhadoleste.com.br\/#organization"},"image":{"@id":"https:\/\/folhadoleste.com.br\/vasco-primeiro-jogo-sem-leo-jardim\/#primaryimage"},"thumbnailUrl":"https:\/\/folhadoleste.com.br\/wp-content\/uploads\/2025\/07\/Vasco-encara-Brasileirao-sem-Leo-Jardim-pela-primeira-vez-desde-2-Foto-Dikran-Sahagian-Vasco.jpg","keywords":["Brasileir\u00e3o","Daniel Fuzato","Esportes","Expuls\u00e3o","futebol","Futebol Brasileiro","goleiro reserva","L\u00e9o Jardim","Mirassol","substitui\u00e7\u00e3o no gol","Vasco","Vasco x Mirassol"],"articleSection":["Esportes","Futebol"],"inLanguage":"en-US","potentialAction":[{"@type":"CommentAction","name":"Comment","target":["https:\/\/folhadoleste.com.br\/vasco-primeiro-jogo-sem-leo-jardim\/#respond"]}]},{"@type":"WebPage","@id":"https:\/\/folhadoleste.com.br\/vasco-primeiro-jogo-sem-leo-jardim\/","url":"https:\/\/folhadoleste.com.br\/vasco-primeiro-jogo-sem-leo-jardim\/","name":"Vasco enfrenta primeiro jogo sem L\u00e9o Jardim no Brasileir\u00e3o","isPartOf":{"@id":"https:\/\/folhadoleste.com.br\/#website"},"primaryImageOfPage":{"@id":"https:\/\/folhadoleste.com.br\/vasco-primeiro-jogo-sem-leo-jardim\/#primaryimage"},"image":{"@id":"https:\/\/folhadoleste.com.br\/vasco-primeiro-jogo-sem-leo-jardim\/#primaryimage"},"thumbnailUrl":"https:\/\/folhadoleste.com.br\/wp-content\/uploads\/2025\/07\/Vasco-encara-Brasileirao-sem-Leo-Jardim-pela-primeira-vez-desde-2-Foto-Dikran-Sahagian-Vasco.jpg","datePublished":"2025-07-28T19:02:11+00:00","dateModified":"2025-07-28T22:22:53+00:00","description":"Pela primeira vez desde 2023, Vasco jogar\u00e1 sem L\u00e9o Jardim. Fuzato assume a meta contra o Mirassol no Brasileir\u00e3o.","breadcrumb":{"@id":"https:\/\/folhadoleste.com.br\/vasco-primeiro-jogo-sem-leo-jardim\/#breadcrumb"},"inLanguage":"en-US","potentialAction":[{"@type":"ReadAction","target":["https:\/\/folhadoleste.com.br\/vasco-primeiro-jogo-sem-leo-jardim\/"]}]},{"@type":"ImageObject","inLanguage":"en-US","@id":"https:\/\/folhadoleste.com.br\/vasco-primeiro-jogo-sem-leo-jardim\/#primaryimage","url":"https:\/\/folhadoleste.com.br\/wp-content\/uploads\/2025\/07\/Vasco-encara-Brasileirao-sem-Leo-Jardim-pela-primeira-vez-desde-2-Foto-Dikran-Sahagian-Vasco.jpg","contentUrl":"https:\/\/folhadoleste.com.br\/wp-content\/uploads\/2025\/07\/Vasco-encara-Brasileirao-sem-Leo-Jardim-pela-primeira-vez-desde-2-Foto-Dikran-Sahagian-Vasco.jpg","width":1200,"height":750,"caption":"Vasco encara Brasileir\u00e3o sem L\u00e9o Jardim pela primeira vez desde 2023 | Dikran Sahagian\/Vasco"},{"@type":"BreadcrumbList","@id":"https:\/\/folhadoleste.com.br\/vasco-primeiro-jogo-sem-leo-jardim\/#breadcrumb","itemListElement":[{"@type":"ListItem","position":1,"name":"In\u00edcio","item":"https:\/\/folhadoleste.com.br\/"},{"@type":"ListItem","position":2,"name":"Esportes","item":"https:\/\/folhadoleste.com.br\/category\/esportes\/"},{"@type":"ListItem","position":3,"name":"Futebol","item":"https:\/\/folhadoleste.com.br\/category\/esportes\/futebol-esportes\/"},{"@type":"ListItem","position":4,"name":"Vasco encara Brasileir\u00e3o sem L\u00e9o Jardim pela primeira vez desde 2023"}]},{"@type":"WebSite","@id":"https:\/\/folhadoleste.com.br\/#website","url":"https:\/\/folhadoleste.com.br\/","name":"Folha do Leste","description":"Portal de Not\u00edcias com \u00eanfase em Niter\u00f3i, criando conte\u00fados desde a capital Rio de Janeiro, com olhar para o Leste Fluminense e suas cidades como S\u00e3o Gon\u00e7alo, Itabora\u00ed, Rio Bonito, Maric\u00e1, Saquarema e Araruama","publisher":{"@id":"https:\/\/folhadoleste.com.br\/#organization"},"alternateName":"FL","potentialAction":[{"@type":"SearchAction","target":{"@type":"EntryPoint","urlTemplate":"https:\/\/folhadoleste.com.br\/?s={search_term_string}"},"query-input":{"@type":"PropertyValueSpecification","valueRequired":true,"valueName":"search_term_string"}}],"inLanguage":"en-US"},{"@type":"Organization","@id":"https:\/\/folhadoleste.com.br\/#organization","name":"Brasil 21 Comunica\u00e7\u00e3o","alternateName":"BR21","url":"https:\/\/folhadoleste.com.br\/","logo":{"@type":"ImageObject","inLanguage":"en-US","@id":"https:\/\/folhadoleste.com.br\/#\/schema\/logo\/image\/","url":"https:\/\/folhadoleste.com.br\/wp-content\/uploads\/2025\/12\/brasil-21-logomarca.avif","contentUrl":"https:\/\/folhadoleste.com.br\/wp-content\/uploads\/2025\/12\/brasil-21-logomarca.avif","width":1044,"height":1044,"caption":"Brasil 21 Comunica\u00e7\u00e3o"},"image":{"@id":"https:\/\/folhadoleste.com.br\/#\/schema\/logo\/image\/"},"sameAs":["https:\/\/www.facebook.com\/folhadoleste","https:\/\/x.com\/FolhadoLesteRJ","https:\/\/www.instagram.com\/folhadoleste\/"]},{"@type":"Person","@id":"https:\/\/folhadoleste.com.br\/#\/schema\/person\/05d8a4b256c9faea581495e6c9be06f2","name":"Enzo Carvalho","image":{"@type":"ImageObject","inLanguage":"en-US","@id":"https:\/\/folhadoleste.com.br\/wp-content\/litespeed\/avatar\/3fe471b6df482b28961bb8e87cd40a81.jpg?ver=1777161141","url":"https:\/\/folhadoleste.com.br\/wp-content\/litespeed\/avatar\/3fe471b6df482b28961bb8e87cd40a81.jpg?ver=1777161141","contentUrl":"https:\/\/folhadoleste.com.br\/wp-content\/litespeed\/avatar\/3fe471b6df482b28961bb8e87cd40a81.jpg?ver=1777161141","caption":"Enzo Carvalho"},"description":"Enzo Carvalho \u00e9 jornalista profissional, com atua\u00e7\u00e3o voltada \u00e0 cobertura de inova\u00e7\u00e3o, tecnologia, cotidiano e esportes. Ex-jogador profissional de e-sports, traz para o jornalismo uma compreens\u00e3o pr\u00e1tica do universo digital, das plataformas tecnol\u00f3gicas e das transforma\u00e7\u00f5es provocadas pela cultura conectada.","url":"https:\/\/folhadoleste.com.br\/en\/author\/enzo-carvalho\/"}]}},"_links":{"self":[{"href":"https:\/\/folhadoleste.com.br\/en\/wp-json\/wp\/v2\/posts\/132873","targetHints":{"allow":["GET"]}}],"collection":[{"href":"https:\/\/folhadoleste.com.br\/en\/wp-json\/wp\/v2\/posts"}],"about":[{"href":"https:\/\/folhadoleste.com.br\/en\/wp-json\/wp\/v2\/types\/post"}],"author":[{"embeddable":true,"href":"https:\/\/folhadoleste.com.br\/en\/wp-json\/wp\/v2\/users\/5"}],"replies":[{"embeddable":true,"href":"https:\/\/folhadoleste.com.br\/en\/wp-json\/wp\/v2\/comments?post=132873"}],"version-history":[{"count":1,"href":"https:\/\/folhadoleste.com.br\/en\/wp-json\/wp\/v2\/posts\/132873\/revisions"}],"predecessor-version":[{"id":132877,"href":"https:\/\/folhadoleste.com.br\/en\/wp-json\/wp\/v2\/posts\/132873\/revisions\/132877"}],"wp:featuredmedia":[{"embeddable":true,"href":"https:\/\/folhadoleste.com.br\/en\/wp-json\/wp\/v2\/media\/132875"}],"wp:attachment":[{"href":"https:\/\/folhadoleste.com.br\/en\/wp-json\/wp\/v2\/media?parent=132873"}],"wp:term":[{"taxonomy":"category","embeddable":true,"href":"https:\/\/folhadoleste.com.br\/en\/wp-json\/wp\/v2\/categories?post=132873"},{"taxonomy":"post_tag","embeddable":true,"href":"https:\/\/folhadoleste.com.br\/en\/wp-json\/wp\/v2\/tags?post=132873"}],"curies":[{"name":"wp","href":"https:\/\/api.w.org\/{rel}","templated":true}]}}