{"id":132869,"date":"2025-07-28T15:41:41","date_gmt":"2025-07-28T18:41:41","guid":{"rendered":"https:\/\/folhadoleste.com.br\/?p=132869"},"modified":"2025-07-28T18:44:38","modified_gmt":"2025-07-28T21:44:38","slug":"pedro-retoma-protagonismo-flamengo","status":"publish","type":"post","link":"https:\/\/folhadoleste.com.br\/en\/pedro-retoma-protagonismo-flamengo\/","title":{"rendered":"Pedro volta a ser destaque no Flamengo com regularidade recuperada"},"content":{"rendered":"<div id=\"attachment_132871\" style=\"width: 1210px\" class=\"wp-caption alignnone\"><img decoding=\"async\" aria-describedby=\"caption-attachment-132871\" class=\"size-full wp-image-132871\" src=\"https:\/\/folhadoleste.com.br\/wp-content\/uploads\/2025\/07\/Pedro-volta-a-ser-destaque-no-Flamengo-com-regularidade-Foto-Adriano-Fontes-Flamengo.jpg\" alt=\"\" width=\"1200\" height=\"750\" \/><p id=\"caption-attachment-132871\" class=\"wp-caption-text\">Pedro volta a ser destaque no Flamengo com regularidade recuperada | Adriano Fontes\/Flamengo<\/p><\/div>\n<p style=\"text-align: justify;\" data-start=\"1401\" data-end=\"1593\">Depois da turbul\u00eancia e da paz selada, Pedro volta a ser destaque no Flamengo. O centroavante recuperou espa\u00e7o na equipe, foi titular contra o Atl\u00e9tico-MG e mant\u00e9m atua\u00e7\u00f5es consistentes.<\/p>\n<h5><a href=\"https:\/\/chat.whatsapp.com\/ItvWOvY08sCCpPxovKnYb6\"><img decoding=\"async\" class=\"wp-image-109746 size-full aligncenter\" src=\"https:\/\/folhadoleste.com.br\/wp-content\/uploads\/2025\/02\/WHATSAPP-FOLHA-DO-LESTE-600x200-1.png\" alt=\"\" width=\"600\" height=\"200\" \/><\/a><\/h5>\n<blockquote>\n<p style=\"text-align: justify;\" data-start=\"1595\" data-end=\"1799\">&#8220;O grupo s\u00f3 quer ganhar, fazer hist\u00f3ria e conquistar t\u00edtulos. O Pedro est\u00e1 muito bem, n\u00e3o apenas defensivamente, mas tamb\u00e9m tecnicamente. Ele \u00e9 fundamental para n\u00f3s&#8221;, afirmou Filipe Lu\u00eds ap\u00f3s a vit\u00f3ria.<\/p>\n<\/blockquote>\n<p style=\"text-align: justify;\" data-start=\"1801\" data-end=\"1969\">Pedro n\u00e3o marcou no jogo, mas manteve boa participa\u00e7\u00e3o, como j\u00e1 havia ocorrido contra o Bragantino. O camisa 9 voltou a ser pe\u00e7a importante para o elenco rubro-negro.<\/p>\n<h5 style=\"text-align: center;\"><span style=\"color: #000000;\"><span style=\"color: #ff0000;\"><strong>+ <\/strong><\/span><\/span><span style=\"color: #000000;\"><strong><span style=\"color: #ff9900;\">MAIS NOT\u00cdCIAS DE ESPORTES?<\/span> <span style=\"color: #008080;\"><a style=\"color: #008080;\" href=\"https:\/\/folhadoleste.com.br\/en\/category\/esportes\/\">CLIQUE AQUI<\/a><\/span><\/strong><\/span><\/h5>\n<p style=\"text-align: justify;\" data-start=\"1971\" data-end=\"2061\">Na temporada, o atacante de 28 anos soma 20 partidas, com seis gols e tr\u00eas assist\u00eancias.<\/p>\n<p><a href=\"https:\/\/folhadoleste.com.br\/en\/vida\/\"><img decoding=\"async\" class=\"aligncenter wp-image-113547 size-full\" src=\"https:\/\/folhadoleste.com.br\/wp-content\/uploads\/2025\/03\/Sinteses-da-Vida.png\" alt=\"\" width=\"1800\" height=\"600\" \/><\/a><\/p>\n<p><a href=\"https:\/\/www.instagram.com\/folhadoleste\/\"><img decoding=\"async\" class=\"aligncenter wp-image-109748 size-medium\" src=\"https:\/\/folhadoleste.com.br\/wp-content\/uploads\/2025\/02\/Instagram-Folha-do-Leste-Widget-300x100.png\" alt=\"\" width=\"300\" height=\"100\" \/><\/a><\/p>\n<p><a href=\"https:\/\/facebook.com\/folhadoleste\"><img decoding=\"async\" class=\"aligncenter wp-image-109735 size-medium\" src=\"https:\/\/folhadoleste.com.br\/wp-content\/uploads\/2025\/02\/ANUNCIO-FACEBOOK-FOLHA-DO-LESTE-300x300.png\" alt=\"\" width=\"300\" height=\"300\" \/><\/a><\/p>","protected":false},"excerpt":{"rendered":"<p>Depois da turbul\u00eancia e da paz selada, Pedro volta a ser destaque no Flamengo. O centroavante recuperou espa\u00e7o na equipe, foi titular contra o Atl\u00e9tico-MG e mant\u00e9m atua\u00e7\u00f5es consistentes. &#8220;O grupo s\u00f3 quer ganhar, fazer hist\u00f3ria e conquistar t\u00edtulos. O Pedro est\u00e1 muito bem, n\u00e3o apenas defensivamente, mas tamb\u00e9m tecnicamente. Ele \u00e9 fundamental para n\u00f3s&#8221;, afirmou Filipe Lu\u00eds ap\u00f3s a vit\u00f3ria. Pedro n\u00e3o marcou no jogo, mas manteve boa participa\u00e7\u00e3o, como j\u00e1 havia ocorrido contra o Bragantino. O camisa 9 voltou a ser pe\u00e7a importante para o elenco rubro-negro. + MAIS NOT\u00cdCIAS DE ESPORTES? CLIQUE AQUI Na temporada, o atacante [&hellip;]<\/p>\n","protected":false},"author":5,"featured_media":132871,"comment_status":"open","ping_status":"open","sticky":false,"template":"","format":"standard","meta":{"footnotes":""},"categories":[48,65],"tags":[2339,105,82085,82084,82090,101,82087,82091,82088,59042,82089,82086],"class_list":["post-132869","post","type-post","status-publish","format-standard","has-post-thumbnail","hentry","category-esportes","category-futebol-esportes","tag-campeonato-brasileiro","tag-esportes","tag-filipe-luis-flamengo","tag-flamengo-atletico-mg","tag-flamengo-elenco","tag-futebol","tag-pedro-boa-fase","tag-pedro-desempenho","tag-pedro-destaque-flamengo","tag-pedro-flamengo","tag-pedro-temporada-2025","tag-pedro-titular-flamengo","post--single"],"yoast_head":"<!-- This site is optimized with the Yoast SEO plugin v27.4 - https:\/\/yoast.com\/product\/yoast-seo-wordpress\/ -->\n<title>Pedro retoma protagonismo e volta a ser pe\u00e7a importante no Flamengo<\/title>\n<meta name=\"description\" content=\"Pedro recupera espa\u00e7o no Flamengo e mant\u00e9m bom rendimento ap\u00f3s turbul\u00eancia, sendo avaliado positivamente por Filipe Lu\u00eds.\" \/>\n<meta name=\"robots\" content=\"index, follow, max-snippet:-1, max-image-preview:large, max-video-preview:-1\" \/>\n<link rel=\"canonical\" href=\"https:\/\/folhadoleste.com.br\/en\/pedro-retoma-protagonismo-flamengo\/\" \/>\n<meta property=\"og:locale\" content=\"en_US\" \/>\n<meta property=\"og:type\" content=\"article\" \/>\n<meta property=\"og:title\" content=\"Pedro retoma protagonismo e volta a ser pe\u00e7a importante no Flamengo\" \/>\n<meta property=\"og:description\" content=\"Pedro recupera espa\u00e7o no Flamengo e mant\u00e9m bom rendimento ap\u00f3s turbul\u00eancia, sendo avaliado positivamente por Filipe Lu\u00eds.\" \/>\n<meta property=\"og:url\" content=\"https:\/\/folhadoleste.com.br\/en\/pedro-retoma-protagonismo-flamengo\/\" \/>\n<meta property=\"og:site_name\" content=\"Folha do Leste\" \/>\n<meta property=\"article:publisher\" content=\"https:\/\/www.facebook.com\/folhadoleste\" \/>\n<meta property=\"article:published_time\" content=\"2025-07-28T18:41:41+00:00\" \/>\n<meta property=\"article:modified_time\" content=\"2025-07-28T21:44:38+00:00\" \/>\n<meta property=\"og:image\" content=\"https:\/\/folhadoleste.com.br\/wp-content\/uploads\/2025\/07\/Pedro-volta-a-ser-destaque-no-Flamengo-com-regularidade-Foto-Adriano-Fontes-Flamengo.jpg\" \/>\n\t<meta property=\"og:image:width\" content=\"1200\" \/>\n\t<meta property=\"og:image:height\" content=\"750\" \/>\n\t<meta property=\"og:image:type\" content=\"image\/jpeg\" \/>\n<meta name=\"author\" content=\"Enzo Carvalho\" \/>\n<meta name=\"twitter:card\" content=\"summary_large_image\" \/>\n<meta name=\"twitter:creator\" content=\"@FolhadoLesteRJ\" \/>\n<meta name=\"twitter:site\" content=\"@FolhadoLesteRJ\" \/>\n<meta name=\"twitter:label1\" content=\"Written by\" \/>\n\t<meta name=\"twitter:data1\" content=\"Enzo Carvalho\" \/>\n\t<meta name=\"twitter:label2\" content=\"Est. reading time\" \/>\n\t<meta name=\"twitter:data2\" content=\"2 minutes\" \/>\n<script type=\"application\/ld+json\" class=\"yoast-schema-graph\">{\"@context\":\"https:\\\/\\\/schema.org\",\"@graph\":[{\"@type\":\"NewsArticle\",\"@id\":\"https:\\\/\\\/folhadoleste.com.br\\\/pedro-retoma-protagonismo-flamengo\\\/#article\",\"isPartOf\":{\"@id\":\"https:\\\/\\\/folhadoleste.com.br\\\/pedro-retoma-protagonismo-flamengo\\\/\"},\"author\":{\"name\":\"Enzo Carvalho\",\"@id\":\"https:\\\/\\\/folhadoleste.com.br\\\/#\\\/schema\\\/person\\\/05d8a4b256c9faea581495e6c9be06f2\"},\"headline\":\"Pedro volta a ser destaque no Flamengo com regularidade recuperada\",\"datePublished\":\"2025-07-28T18:41:41+00:00\",\"dateModified\":\"2025-07-28T21:44:38+00:00\",\"mainEntityOfPage\":{\"@id\":\"https:\\\/\\\/folhadoleste.com.br\\\/pedro-retoma-protagonismo-flamengo\\\/\"},\"wordCount\":156,\"commentCount\":0,\"publisher\":{\"@id\":\"https:\\\/\\\/folhadoleste.com.br\\\/#organization\"},\"image\":{\"@id\":\"https:\\\/\\\/folhadoleste.com.br\\\/pedro-retoma-protagonismo-flamengo\\\/#primaryimage\"},\"thumbnailUrl\":\"https:\\\/\\\/folhadoleste.com.br\\\/wp-content\\\/uploads\\\/2025\\\/07\\\/Pedro-volta-a-ser-destaque-no-Flamengo-com-regularidade-Foto-Adriano-Fontes-Flamengo.jpg\",\"keywords\":[\"Campeonato Brasileiro\",\"Esportes\",\"Filipe Lu\u00eds Flamengo\",\"Flamengo Atl\u00e9tico-MG\",\"Flamengo elenco\",\"futebol\",\"Pedro boa fase\",\"Pedro desempenho\",\"Pedro destaque Flamengo\",\"Pedro Flamengo\",\"Pedro temporada 2025\",\"Pedro titular Flamengo\"],\"articleSection\":[\"Esportes\",\"Futebol\"],\"inLanguage\":\"en-US\",\"potentialAction\":[{\"@type\":\"CommentAction\",\"name\":\"Comment\",\"target\":[\"https:\\\/\\\/folhadoleste.com.br\\\/pedro-retoma-protagonismo-flamengo\\\/#respond\"]}]},{\"@type\":\"WebPage\",\"@id\":\"https:\\\/\\\/folhadoleste.com.br\\\/pedro-retoma-protagonismo-flamengo\\\/\",\"url\":\"https:\\\/\\\/folhadoleste.com.br\\\/pedro-retoma-protagonismo-flamengo\\\/\",\"name\":\"Pedro retoma protagonismo e volta a ser pe\u00e7a importante no Flamengo\",\"isPartOf\":{\"@id\":\"https:\\\/\\\/folhadoleste.com.br\\\/#website\"},\"primaryImageOfPage\":{\"@id\":\"https:\\\/\\\/folhadoleste.com.br\\\/pedro-retoma-protagonismo-flamengo\\\/#primaryimage\"},\"image\":{\"@id\":\"https:\\\/\\\/folhadoleste.com.br\\\/pedro-retoma-protagonismo-flamengo\\\/#primaryimage\"},\"thumbnailUrl\":\"https:\\\/\\\/folhadoleste.com.br\\\/wp-content\\\/uploads\\\/2025\\\/07\\\/Pedro-volta-a-ser-destaque-no-Flamengo-com-regularidade-Foto-Adriano-Fontes-Flamengo.jpg\",\"datePublished\":\"2025-07-28T18:41:41+00:00\",\"dateModified\":\"2025-07-28T21:44:38+00:00\",\"description\":\"Pedro recupera espa\u00e7o no Flamengo e mant\u00e9m bom rendimento ap\u00f3s turbul\u00eancia, sendo avaliado positivamente por Filipe Lu\u00eds.\",\"breadcrumb\":{\"@id\":\"https:\\\/\\\/folhadoleste.com.br\\\/pedro-retoma-protagonismo-flamengo\\\/#breadcrumb\"},\"inLanguage\":\"en-US\",\"potentialAction\":[{\"@type\":\"ReadAction\",\"target\":[\"https:\\\/\\\/folhadoleste.com.br\\\/pedro-retoma-protagonismo-flamengo\\\/\"]}]},{\"@type\":\"ImageObject\",\"inLanguage\":\"en-US\",\"@id\":\"https:\\\/\\\/folhadoleste.com.br\\\/pedro-retoma-protagonismo-flamengo\\\/#primaryimage\",\"url\":\"https:\\\/\\\/folhadoleste.com.br\\\/wp-content\\\/uploads\\\/2025\\\/07\\\/Pedro-volta-a-ser-destaque-no-Flamengo-com-regularidade-Foto-Adriano-Fontes-Flamengo.jpg\",\"contentUrl\":\"https:\\\/\\\/folhadoleste.com.br\\\/wp-content\\\/uploads\\\/2025\\\/07\\\/Pedro-volta-a-ser-destaque-no-Flamengo-com-regularidade-Foto-Adriano-Fontes-Flamengo.jpg\",\"width\":1200,\"height\":750,\"caption\":\"Pedro volta a ser destaque no Flamengo com regularidade recuperada | Adriano Fontes\\\/Flamengo\"},{\"@type\":\"BreadcrumbList\",\"@id\":\"https:\\\/\\\/folhadoleste.com.br\\\/pedro-retoma-protagonismo-flamengo\\\/#breadcrumb\",\"itemListElement\":[{\"@type\":\"ListItem\",\"position\":1,\"name\":\"In\u00edcio\",\"item\":\"https:\\\/\\\/folhadoleste.com.br\\\/\"},{\"@type\":\"ListItem\",\"position\":2,\"name\":\"Esportes\",\"item\":\"https:\\\/\\\/folhadoleste.com.br\\\/category\\\/esportes\\\/\"},{\"@type\":\"ListItem\",\"position\":3,\"name\":\"Futebol\",\"item\":\"https:\\\/\\\/folhadoleste.com.br\\\/category\\\/esportes\\\/futebol-esportes\\\/\"},{\"@type\":\"ListItem\",\"position\":4,\"name\":\"Pedro volta a ser destaque no Flamengo com regularidade recuperada\"}]},{\"@type\":\"WebSite\",\"@id\":\"https:\\\/\\\/folhadoleste.com.br\\\/#website\",\"url\":\"https:\\\/\\\/folhadoleste.com.br\\\/\",\"name\":\"Folha do Leste\",\"description\":\"Portal de Not\u00edcias com \u00eanfase em Niter\u00f3i, criando conte\u00fados desde a capital Rio de Janeiro, com olhar para o Leste Fluminense e suas cidades como S\u00e3o Gon\u00e7alo, Itabora\u00ed, Rio Bonito, Maric\u00e1, Saquarema e Araruama\",\"publisher\":{\"@id\":\"https:\\\/\\\/folhadoleste.com.br\\\/#organization\"},\"alternateName\":\"FL\",\"potentialAction\":[{\"@type\":\"SearchAction\",\"target\":{\"@type\":\"EntryPoint\",\"urlTemplate\":\"https:\\\/\\\/folhadoleste.com.br\\\/?s={search_term_string}\"},\"query-input\":{\"@type\":\"PropertyValueSpecification\",\"valueRequired\":true,\"valueName\":\"search_term_string\"}}],\"inLanguage\":\"en-US\"},{\"@type\":\"Organization\",\"@id\":\"https:\\\/\\\/folhadoleste.com.br\\\/#organization\",\"name\":\"Brasil 21 Comunica\u00e7\u00e3o\",\"alternateName\":\"BR21\",\"url\":\"https:\\\/\\\/folhadoleste.com.br\\\/\",\"logo\":{\"@type\":\"ImageObject\",\"inLanguage\":\"en-US\",\"@id\":\"https:\\\/\\\/folhadoleste.com.br\\\/#\\\/schema\\\/logo\\\/image\\\/\",\"url\":\"https:\\\/\\\/folhadoleste.com.br\\\/wp-content\\\/uploads\\\/2025\\\/12\\\/brasil-21-logomarca.avif\",\"contentUrl\":\"https:\\\/\\\/folhadoleste.com.br\\\/wp-content\\\/uploads\\\/2025\\\/12\\\/brasil-21-logomarca.avif\",\"width\":1044,\"height\":1044,\"caption\":\"Brasil 21 Comunica\u00e7\u00e3o\"},\"image\":{\"@id\":\"https:\\\/\\\/folhadoleste.com.br\\\/#\\\/schema\\\/logo\\\/image\\\/\"},\"sameAs\":[\"https:\\\/\\\/www.facebook.com\\\/folhadoleste\",\"https:\\\/\\\/x.com\\\/FolhadoLesteRJ\",\"https:\\\/\\\/www.instagram.com\\\/folhadoleste\\\/\"]},{\"@type\":\"Person\",\"@id\":\"https:\\\/\\\/folhadoleste.com.br\\\/#\\\/schema\\\/person\\\/05d8a4b256c9faea581495e6c9be06f2\",\"name\":\"Enzo Carvalho\",\"image\":{\"@type\":\"ImageObject\",\"inLanguage\":\"en-US\",\"@id\":\"https:\\\/\\\/folhadoleste.com.br\\\/wp-content\\\/litespeed\\\/avatar\\\/3fe471b6df482b28961bb8e87cd40a81.jpg?ver=1777161141\",\"url\":\"https:\\\/\\\/folhadoleste.com.br\\\/wp-content\\\/litespeed\\\/avatar\\\/3fe471b6df482b28961bb8e87cd40a81.jpg?ver=1777161141\",\"contentUrl\":\"https:\\\/\\\/folhadoleste.com.br\\\/wp-content\\\/litespeed\\\/avatar\\\/3fe471b6df482b28961bb8e87cd40a81.jpg?ver=1777161141\",\"caption\":\"Enzo Carvalho\"},\"description\":\"Enzo Carvalho \u00e9 jornalista profissional, com atua\u00e7\u00e3o voltada \u00e0 cobertura de inova\u00e7\u00e3o, tecnologia, cotidiano e esportes. Ex-jogador profissional de e-sports, traz para o jornalismo uma compreens\u00e3o pr\u00e1tica do universo digital, das plataformas tecnol\u00f3gicas e das transforma\u00e7\u00f5es provocadas pela cultura conectada.\",\"url\":\"https:\\\/\\\/folhadoleste.com.br\\\/en\\\/author\\\/enzo-carvalho\\\/\"}]}<\/script>\n<!-- \/ Yoast SEO plugin. -->","yoast_head_json":{"title":"Pedro retoma protagonismo e volta a ser pe\u00e7a importante no Flamengo","description":"Pedro recupera espa\u00e7o no Flamengo e mant\u00e9m bom rendimento ap\u00f3s turbul\u00eancia, sendo avaliado positivamente por Filipe Lu\u00eds.","robots":{"index":"index","follow":"follow","max-snippet":"max-snippet:-1","max-image-preview":"max-image-preview:large","max-video-preview":"max-video-preview:-1"},"canonical":"https:\/\/folhadoleste.com.br\/en\/pedro-retoma-protagonismo-flamengo\/","og_locale":"en_US","og_type":"article","og_title":"Pedro retoma protagonismo e volta a ser pe\u00e7a importante no Flamengo","og_description":"Pedro recupera espa\u00e7o no Flamengo e mant\u00e9m bom rendimento ap\u00f3s turbul\u00eancia, sendo avaliado positivamente por Filipe Lu\u00eds.","og_url":"https:\/\/folhadoleste.com.br\/en\/pedro-retoma-protagonismo-flamengo\/","og_site_name":"Folha do Leste","article_publisher":"https:\/\/www.facebook.com\/folhadoleste","article_published_time":"2025-07-28T18:41:41+00:00","article_modified_time":"2025-07-28T21:44:38+00:00","og_image":[{"width":1200,"height":750,"url":"https:\/\/folhadoleste.com.br\/wp-content\/uploads\/2025\/07\/Pedro-volta-a-ser-destaque-no-Flamengo-com-regularidade-Foto-Adriano-Fontes-Flamengo.jpg","type":"image\/jpeg"}],"author":"Enzo Carvalho","twitter_card":"summary_large_image","twitter_creator":"@FolhadoLesteRJ","twitter_site":"@FolhadoLesteRJ","twitter_misc":{"Written by":"Enzo Carvalho","Est. reading time":"2 minutes"},"schema":{"@context":"https:\/\/schema.org","@graph":[{"@type":"NewsArticle","@id":"https:\/\/folhadoleste.com.br\/pedro-retoma-protagonismo-flamengo\/#article","isPartOf":{"@id":"https:\/\/folhadoleste.com.br\/pedro-retoma-protagonismo-flamengo\/"},"author":{"name":"Enzo Carvalho","@id":"https:\/\/folhadoleste.com.br\/#\/schema\/person\/05d8a4b256c9faea581495e6c9be06f2"},"headline":"Pedro volta a ser destaque no Flamengo com regularidade recuperada","datePublished":"2025-07-28T18:41:41+00:00","dateModified":"2025-07-28T21:44:38+00:00","mainEntityOfPage":{"@id":"https:\/\/folhadoleste.com.br\/pedro-retoma-protagonismo-flamengo\/"},"wordCount":156,"commentCount":0,"publisher":{"@id":"https:\/\/folhadoleste.com.br\/#organization"},"image":{"@id":"https:\/\/folhadoleste.com.br\/pedro-retoma-protagonismo-flamengo\/#primaryimage"},"thumbnailUrl":"https:\/\/folhadoleste.com.br\/wp-content\/uploads\/2025\/07\/Pedro-volta-a-ser-destaque-no-Flamengo-com-regularidade-Foto-Adriano-Fontes-Flamengo.jpg","keywords":["Campeonato Brasileiro","Esportes","Filipe Lu\u00eds Flamengo","Flamengo Atl\u00e9tico-MG","Flamengo elenco","futebol","Pedro boa fase","Pedro desempenho","Pedro destaque Flamengo","Pedro Flamengo","Pedro temporada 2025","Pedro titular Flamengo"],"articleSection":["Esportes","Futebol"],"inLanguage":"en-US","potentialAction":[{"@type":"CommentAction","name":"Comment","target":["https:\/\/folhadoleste.com.br\/pedro-retoma-protagonismo-flamengo\/#respond"]}]},{"@type":"WebPage","@id":"https:\/\/folhadoleste.com.br\/pedro-retoma-protagonismo-flamengo\/","url":"https:\/\/folhadoleste.com.br\/pedro-retoma-protagonismo-flamengo\/","name":"Pedro retoma protagonismo e volta a ser pe\u00e7a importante no Flamengo","isPartOf":{"@id":"https:\/\/folhadoleste.com.br\/#website"},"primaryImageOfPage":{"@id":"https:\/\/folhadoleste.com.br\/pedro-retoma-protagonismo-flamengo\/#primaryimage"},"image":{"@id":"https:\/\/folhadoleste.com.br\/pedro-retoma-protagonismo-flamengo\/#primaryimage"},"thumbnailUrl":"https:\/\/folhadoleste.com.br\/wp-content\/uploads\/2025\/07\/Pedro-volta-a-ser-destaque-no-Flamengo-com-regularidade-Foto-Adriano-Fontes-Flamengo.jpg","datePublished":"2025-07-28T18:41:41+00:00","dateModified":"2025-07-28T21:44:38+00:00","description":"Pedro recupera espa\u00e7o no Flamengo e mant\u00e9m bom rendimento ap\u00f3s turbul\u00eancia, sendo avaliado positivamente por Filipe Lu\u00eds.","breadcrumb":{"@id":"https:\/\/folhadoleste.com.br\/pedro-retoma-protagonismo-flamengo\/#breadcrumb"},"inLanguage":"en-US","potentialAction":[{"@type":"ReadAction","target":["https:\/\/folhadoleste.com.br\/pedro-retoma-protagonismo-flamengo\/"]}]},{"@type":"ImageObject","inLanguage":"en-US","@id":"https:\/\/folhadoleste.com.br\/pedro-retoma-protagonismo-flamengo\/#primaryimage","url":"https:\/\/folhadoleste.com.br\/wp-content\/uploads\/2025\/07\/Pedro-volta-a-ser-destaque-no-Flamengo-com-regularidade-Foto-Adriano-Fontes-Flamengo.jpg","contentUrl":"https:\/\/folhadoleste.com.br\/wp-content\/uploads\/2025\/07\/Pedro-volta-a-ser-destaque-no-Flamengo-com-regularidade-Foto-Adriano-Fontes-Flamengo.jpg","width":1200,"height":750,"caption":"Pedro volta a ser destaque no Flamengo com regularidade recuperada | Adriano Fontes\/Flamengo"},{"@type":"BreadcrumbList","@id":"https:\/\/folhadoleste.com.br\/pedro-retoma-protagonismo-flamengo\/#breadcrumb","itemListElement":[{"@type":"ListItem","position":1,"name":"In\u00edcio","item":"https:\/\/folhadoleste.com.br\/"},{"@type":"ListItem","position":2,"name":"Esportes","item":"https:\/\/folhadoleste.com.br\/category\/esportes\/"},{"@type":"ListItem","position":3,"name":"Futebol","item":"https:\/\/folhadoleste.com.br\/category\/esportes\/futebol-esportes\/"},{"@type":"ListItem","position":4,"name":"Pedro volta a ser destaque no Flamengo com regularidade recuperada"}]},{"@type":"WebSite","@id":"https:\/\/folhadoleste.com.br\/#website","url":"https:\/\/folhadoleste.com.br\/","name":"Folha do Leste","description":"Portal de Not\u00edcias com \u00eanfase em Niter\u00f3i, criando conte\u00fados desde a capital Rio de Janeiro, com olhar para o Leste Fluminense e suas cidades como S\u00e3o Gon\u00e7alo, Itabora\u00ed, Rio Bonito, Maric\u00e1, Saquarema e Araruama","publisher":{"@id":"https:\/\/folhadoleste.com.br\/#organization"},"alternateName":"FL","potentialAction":[{"@type":"SearchAction","target":{"@type":"EntryPoint","urlTemplate":"https:\/\/folhadoleste.com.br\/?s={search_term_string}"},"query-input":{"@type":"PropertyValueSpecification","valueRequired":true,"valueName":"search_term_string"}}],"inLanguage":"en-US"},{"@type":"Organization","@id":"https:\/\/folhadoleste.com.br\/#organization","name":"Brasil 21 Comunica\u00e7\u00e3o","alternateName":"BR21","url":"https:\/\/folhadoleste.com.br\/","logo":{"@type":"ImageObject","inLanguage":"en-US","@id":"https:\/\/folhadoleste.com.br\/#\/schema\/logo\/image\/","url":"https:\/\/folhadoleste.com.br\/wp-content\/uploads\/2025\/12\/brasil-21-logomarca.avif","contentUrl":"https:\/\/folhadoleste.com.br\/wp-content\/uploads\/2025\/12\/brasil-21-logomarca.avif","width":1044,"height":1044,"caption":"Brasil 21 Comunica\u00e7\u00e3o"},"image":{"@id":"https:\/\/folhadoleste.com.br\/#\/schema\/logo\/image\/"},"sameAs":["https:\/\/www.facebook.com\/folhadoleste","https:\/\/x.com\/FolhadoLesteRJ","https:\/\/www.instagram.com\/folhadoleste\/"]},{"@type":"Person","@id":"https:\/\/folhadoleste.com.br\/#\/schema\/person\/05d8a4b256c9faea581495e6c9be06f2","name":"Enzo Carvalho","image":{"@type":"ImageObject","inLanguage":"en-US","@id":"https:\/\/folhadoleste.com.br\/wp-content\/litespeed\/avatar\/3fe471b6df482b28961bb8e87cd40a81.jpg?ver=1777161141","url":"https:\/\/folhadoleste.com.br\/wp-content\/litespeed\/avatar\/3fe471b6df482b28961bb8e87cd40a81.jpg?ver=1777161141","contentUrl":"https:\/\/folhadoleste.com.br\/wp-content\/litespeed\/avatar\/3fe471b6df482b28961bb8e87cd40a81.jpg?ver=1777161141","caption":"Enzo Carvalho"},"description":"Enzo Carvalho \u00e9 jornalista profissional, com atua\u00e7\u00e3o voltada \u00e0 cobertura de inova\u00e7\u00e3o, tecnologia, cotidiano e esportes. Ex-jogador profissional de e-sports, traz para o jornalismo uma compreens\u00e3o pr\u00e1tica do universo digital, das plataformas tecnol\u00f3gicas e das transforma\u00e7\u00f5es provocadas pela cultura conectada.","url":"https:\/\/folhadoleste.com.br\/en\/author\/enzo-carvalho\/"}]}},"_links":{"self":[{"href":"https:\/\/folhadoleste.com.br\/en\/wp-json\/wp\/v2\/posts\/132869","targetHints":{"allow":["GET"]}}],"collection":[{"href":"https:\/\/folhadoleste.com.br\/en\/wp-json\/wp\/v2\/posts"}],"about":[{"href":"https:\/\/folhadoleste.com.br\/en\/wp-json\/wp\/v2\/types\/post"}],"author":[{"embeddable":true,"href":"https:\/\/folhadoleste.com.br\/en\/wp-json\/wp\/v2\/users\/5"}],"replies":[{"embeddable":true,"href":"https:\/\/folhadoleste.com.br\/en\/wp-json\/wp\/v2\/comments?post=132869"}],"version-history":[{"count":1,"href":"https:\/\/folhadoleste.com.br\/en\/wp-json\/wp\/v2\/posts\/132869\/revisions"}],"predecessor-version":[{"id":132872,"href":"https:\/\/folhadoleste.com.br\/en\/wp-json\/wp\/v2\/posts\/132869\/revisions\/132872"}],"wp:featuredmedia":[{"embeddable":true,"href":"https:\/\/folhadoleste.com.br\/en\/wp-json\/wp\/v2\/media\/132871"}],"wp:attachment":[{"href":"https:\/\/folhadoleste.com.br\/en\/wp-json\/wp\/v2\/media?parent=132869"}],"wp:term":[{"taxonomy":"category","embeddable":true,"href":"https:\/\/folhadoleste.com.br\/en\/wp-json\/wp\/v2\/categories?post=132869"},{"taxonomy":"post_tag","embeddable":true,"href":"https:\/\/folhadoleste.com.br\/en\/wp-json\/wp\/v2\/tags?post=132869"}],"curies":[{"name":"wp","href":"https:\/\/api.w.org\/{rel}","templated":true}]}}