{"id":130531,"date":"2025-07-10T13:49:05","date_gmt":"2025-07-10T16:49:05","guid":{"rendered":"https:\/\/folhadoleste.com.br\/?p=130531"},"modified":"2025-07-10T15:24:02","modified_gmt":"2025-07-10T18:24:02","slug":"leo-jardim-renova-vasco-ate-2030","status":"publish","type":"post","link":"https:\/\/folhadoleste.com.br\/en\/leo-jardim-renova-vasco-ate-2030\/","title":{"rendered":"L\u00e9o Jardim renova com o Vasco at\u00e9 2030 e encerra sondagens de rivais"},"content":{"rendered":"<div id=\"attachment_130533\" style=\"width: 1209px\" class=\"wp-caption aligncenter\"><img decoding=\"async\" aria-describedby=\"caption-attachment-130533\" class=\"size-full wp-image-130533\" src=\"https:\/\/folhadoleste.com.br\/wp-content\/uploads\/2025\/07\/Leo-Jardim-renova-com-o-Vasco-ate-2030-e-encerra-sondagens-de-rivais-Foto-Matheus-Lima-Vasco.jpeg\" alt=\"\" width=\"1199\" height=\"1920\" \/><p id=\"caption-attachment-130533\" class=\"wp-caption-text\">L\u00e9o Jardim renova com o Vasco at\u00e9 2030 e encerra sondagens de rivais | Matheus Lima\/Vasco<\/p><\/div>\n<p style=\"text-align: justify;\" data-start=\"796\" data-end=\"1045\">O Vasco da Gama anunciou neste s\u00e1bado (6) a renova\u00e7\u00e3o do contrato do goleiro L\u00e9o Jardim. Aos 30 anos, o arqueiro assinou novo v\u00ednculo v\u00e1lido at\u00e9 o fim de 2030, encerrando qualquer chance de transfer\u00eancia para outro clube nesta temporada.<\/p>\n<h5><a href=\"https:\/\/chat.whatsapp.com\/ItvWOvY08sCCpPxovKnYb6\"><img decoding=\"async\" class=\"wp-image-109746 size-full aligncenter\" src=\"https:\/\/folhadoleste.com.br\/wp-content\/uploads\/2025\/02\/WHATSAPP-FOLHA-DO-LESTE-600x200-1.png\" alt=\"\" width=\"600\" height=\"200\" \/><\/a><\/h5>\n<div class=\"texto\" style=\"text-align: justify;\">&#8220;Estou muito feliz em continuar essa hist\u00f3ria com a camisa do Vasco. Um clube que me recebeu muito bem e sou muito feliz. Espero que seja uma nova jornada de muito sucesso e t\u00edtulos com essa camisa&#8221;, afirmou o goleiro em entrevista ao site oficial do Vasco.<\/div>\n<p style=\"text-align: justify;\" data-start=\"1252\" data-end=\"1446\">O antigo contrato terminaria no fim de 2025. Diante disso, o goleiro vinha recebendo sondagens de clubes da S\u00e9rie A e tamb\u00e9m do futebol internacional. A renova\u00e7\u00e3o p\u00f5e fim a essa especula\u00e7\u00e3o.<\/p>\n<h4 style=\"text-align: justify;\" data-start=\"1448\" data-end=\"1470\"><em>Destaque desde 2023<\/em><\/h4>\n<p style=\"text-align: justify;\" data-start=\"1472\" data-end=\"1722\">Contratado em janeiro de 2023, vindo do Lille (Fran\u00e7a), L\u00e9o Jardim rapidamente se tornou um dos pilares da equipe. Foram 141 partidas disputadas e uma convoca\u00e7\u00e3o para a sele\u00e7\u00e3o brasileira, consolidando seu protagonismo no elenco vasca\u00edno.<\/p>\n<h5 style=\"text-align: center;\"><span style=\"color: #000000;\"><span style=\"color: #ff0000;\"><strong>+ <\/strong><\/span><\/span><span style=\"color: #000000;\"><strong><span style=\"color: #ff9900;\">MAIS NOT\u00cdCIAS DE ESPORTES?<\/span> <span style=\"color: #008080;\"><a style=\"color: #008080;\" href=\"https:\/\/folhadoleste.com.br\/en\/category\/esportes\/\">CLIQUE AQUI<\/a><\/span><\/strong><\/span><\/h5>\n<p style=\"text-align: justify;\" data-start=\"1724\" data-end=\"1976\">A diretoria do Vasco celebrou o acordo como um passo importante para manter a base da equipe e investir em estabilidade. A perman\u00eancia de L\u00e9o Jardim \u00e9 vista como estrat\u00e9gica para as pr\u00f3ximas temporadas, especialmente para as competi\u00e7\u00f5es de 2025 e 2026.<\/p>\n<p><a href=\"https:\/\/folhadoleste.com.br\/en\/vida\/\"><img decoding=\"async\" class=\"aligncenter wp-image-113547 size-full\" src=\"https:\/\/folhadoleste.com.br\/wp-content\/uploads\/2025\/03\/Sinteses-da-Vida.png\" alt=\"\" width=\"1800\" height=\"600\" \/><\/a><\/p>\n<p><a href=\"https:\/\/www.instagram.com\/folhadoleste\/\"><img decoding=\"async\" class=\"aligncenter wp-image-109748 size-medium\" src=\"https:\/\/folhadoleste.com.br\/wp-content\/uploads\/2025\/02\/Instagram-Folha-do-Leste-Widget-300x100.png\" alt=\"\" width=\"300\" height=\"100\" \/><\/a><\/p>\n<p><a href=\"https:\/\/facebook.com\/folhadoleste\"><img decoding=\"async\" class=\"aligncenter wp-image-109735 size-medium\" src=\"https:\/\/folhadoleste.com.br\/wp-content\/uploads\/2025\/02\/ANUNCIO-FACEBOOK-FOLHA-DO-LESTE-300x300.png\" alt=\"\" width=\"300\" height=\"300\" \/><\/a><\/p>","protected":false},"excerpt":{"rendered":"<p>O Vasco da Gama anunciou neste s\u00e1bado (6) a renova\u00e7\u00e3o do contrato do goleiro L\u00e9o Jardim. Aos 30 anos, o arqueiro assinou novo v\u00ednculo v\u00e1lido at\u00e9 o fim de 2030, encerrando qualquer chance de transfer\u00eancia para outro clube nesta temporada. &#8220;Estou muito feliz em continuar essa hist\u00f3ria com a camisa do Vasco. Um clube que me recebeu muito bem e sou muito feliz. Espero que seja uma nova jornada de muito sucesso e t\u00edtulos com essa camisa&#8221;, afirmou o goleiro em entrevista ao site oficial do Vasco. O antigo contrato terminaria no fim de 2025. Diante disso, o goleiro vinha [&hellip;]<\/p>\n","protected":false},"author":5,"featured_media":125593,"comment_status":"open","ping_status":"open","sticky":false,"template":"","format":"standard","meta":{"footnotes":""},"categories":[48,65],"tags":[80898,105,101,19049,8377,19116,15969,38320,144,13787,104,2028],"class_list":["post-130531","post","type-post","status-publish","format-standard","has-post-thumbnail","hentry","category-esportes","category-futebol-esportes","tag-contrato-2030","tag-esportes","tag-futebol","tag-futebol-brasileiro","tag-goleiro","tag-leo-jardim","tag-mercado-da-bola","tag-renovacao-contratual","tag-selecao-brasileira","tag-serie-a","tag-vasco","tag-vasco-da-gama","post--single"],"yoast_head":"<!-- This site is optimized with the Yoast SEO plugin v27.4 - https:\/\/yoast.com\/product\/yoast-seo-wordpress\/ -->\n<title>L\u00e9o Jardim renova com o Vasco at\u00e9 2030 e encerra sondagens de rivais<\/title>\n<meta name=\"description\" content=\"Goleiro L\u00e9o Jardim assina novo contrato com o Vasco at\u00e9 o fim de 2030 e afasta investidas de clubes da S\u00e9rie A.\" \/>\n<meta name=\"robots\" content=\"index, follow, max-snippet:-1, max-image-preview:large, max-video-preview:-1\" \/>\n<link rel=\"canonical\" href=\"https:\/\/folhadoleste.com.br\/en\/leo-jardim-renova-vasco-ate-2030\/\" \/>\n<meta property=\"og:locale\" content=\"en_US\" \/>\n<meta property=\"og:type\" content=\"article\" \/>\n<meta property=\"og:title\" content=\"L\u00e9o Jardim renova com o Vasco at\u00e9 2030 e encerra sondagens de rivais\" \/>\n<meta property=\"og:description\" content=\"Goleiro L\u00e9o Jardim assina novo contrato com o Vasco at\u00e9 o fim de 2030 e afasta investidas de clubes da S\u00e9rie A.\" \/>\n<meta property=\"og:url\" content=\"https:\/\/folhadoleste.com.br\/en\/leo-jardim-renova-vasco-ate-2030\/\" \/>\n<meta property=\"og:site_name\" content=\"Folha do Leste\" \/>\n<meta property=\"article:publisher\" content=\"https:\/\/www.facebook.com\/folhadoleste\" \/>\n<meta property=\"article:published_time\" content=\"2025-07-10T16:49:05+00:00\" \/>\n<meta property=\"article:modified_time\" content=\"2025-07-10T18:24:02+00:00\" \/>\n<meta property=\"og:image\" content=\"https:\/\/folhadoleste.com.br\/wp-content\/uploads\/2025\/06\/Vasco-e-Leo-Jardim-seguem-distantes-de-acordo-por-renovacao-Foto-Matheus-Lima-Vasco.jpeg\" \/>\n\t<meta property=\"og:image:width\" content=\"1200\" \/>\n\t<meta property=\"og:image:height\" content=\"750\" \/>\n\t<meta property=\"og:image:type\" content=\"image\/jpeg\" \/>\n<meta name=\"author\" content=\"Enzo Carvalho\" \/>\n<meta name=\"twitter:card\" content=\"summary_large_image\" \/>\n<meta name=\"twitter:creator\" content=\"@FolhadoLesteRJ\" \/>\n<meta name=\"twitter:site\" content=\"@FolhadoLesteRJ\" \/>\n<meta name=\"twitter:label1\" content=\"Written by\" \/>\n\t<meta name=\"twitter:data1\" content=\"Enzo Carvalho\" \/>\n\t<meta name=\"twitter:label2\" content=\"Est. reading time\" \/>\n\t<meta name=\"twitter:data2\" content=\"3 minutes\" \/>\n<script type=\"application\/ld+json\" class=\"yoast-schema-graph\">{\"@context\":\"https:\\\/\\\/schema.org\",\"@graph\":[{\"@type\":\"NewsArticle\",\"@id\":\"https:\\\/\\\/folhadoleste.com.br\\\/leo-jardim-renova-vasco-ate-2030\\\/#article\",\"isPartOf\":{\"@id\":\"https:\\\/\\\/folhadoleste.com.br\\\/leo-jardim-renova-vasco-ate-2030\\\/\"},\"author\":{\"name\":\"Enzo Carvalho\",\"@id\":\"https:\\\/\\\/folhadoleste.com.br\\\/#\\\/schema\\\/person\\\/05d8a4b256c9faea581495e6c9be06f2\"},\"headline\":\"L\u00e9o Jardim renova com o Vasco at\u00e9 2030 e encerra sondagens de rivais\",\"datePublished\":\"2025-07-10T16:49:05+00:00\",\"dateModified\":\"2025-07-10T18:24:02+00:00\",\"mainEntityOfPage\":{\"@id\":\"https:\\\/\\\/folhadoleste.com.br\\\/leo-jardim-renova-vasco-ate-2030\\\/\"},\"wordCount\":256,\"commentCount\":0,\"publisher\":{\"@id\":\"https:\\\/\\\/folhadoleste.com.br\\\/#organization\"},\"image\":{\"@id\":\"https:\\\/\\\/folhadoleste.com.br\\\/leo-jardim-renova-vasco-ate-2030\\\/#primaryimage\"},\"thumbnailUrl\":\"https:\\\/\\\/folhadoleste.com.br\\\/wp-content\\\/uploads\\\/2025\\\/06\\\/Vasco-e-Leo-Jardim-seguem-distantes-de-acordo-por-renovacao-Foto-Matheus-Lima-Vasco.jpeg\",\"keywords\":[\"contrato 2030\",\"Esportes\",\"futebol\",\"Futebol Brasileiro\",\"Goleiro\",\"L\u00e9o Jardim\",\"Mercado da bola\",\"renova\u00e7\u00e3o contratual\",\"sele\u00e7\u00e3o brasileira\",\"S\u00e9rie A\",\"Vasco\",\"Vasco da Gama\"],\"articleSection\":[\"Esportes\",\"Futebol\"],\"inLanguage\":\"en-US\",\"potentialAction\":[{\"@type\":\"CommentAction\",\"name\":\"Comment\",\"target\":[\"https:\\\/\\\/folhadoleste.com.br\\\/leo-jardim-renova-vasco-ate-2030\\\/#respond\"]}]},{\"@type\":\"WebPage\",\"@id\":\"https:\\\/\\\/folhadoleste.com.br\\\/leo-jardim-renova-vasco-ate-2030\\\/\",\"url\":\"https:\\\/\\\/folhadoleste.com.br\\\/leo-jardim-renova-vasco-ate-2030\\\/\",\"name\":\"L\u00e9o Jardim renova com o Vasco at\u00e9 2030 e encerra sondagens de rivais\",\"isPartOf\":{\"@id\":\"https:\\\/\\\/folhadoleste.com.br\\\/#website\"},\"primaryImageOfPage\":{\"@id\":\"https:\\\/\\\/folhadoleste.com.br\\\/leo-jardim-renova-vasco-ate-2030\\\/#primaryimage\"},\"image\":{\"@id\":\"https:\\\/\\\/folhadoleste.com.br\\\/leo-jardim-renova-vasco-ate-2030\\\/#primaryimage\"},\"thumbnailUrl\":\"https:\\\/\\\/folhadoleste.com.br\\\/wp-content\\\/uploads\\\/2025\\\/06\\\/Vasco-e-Leo-Jardim-seguem-distantes-de-acordo-por-renovacao-Foto-Matheus-Lima-Vasco.jpeg\",\"datePublished\":\"2025-07-10T16:49:05+00:00\",\"dateModified\":\"2025-07-10T18:24:02+00:00\",\"description\":\"Goleiro L\u00e9o Jardim assina novo contrato com o Vasco at\u00e9 o fim de 2030 e afasta investidas de clubes da S\u00e9rie A.\",\"breadcrumb\":{\"@id\":\"https:\\\/\\\/folhadoleste.com.br\\\/leo-jardim-renova-vasco-ate-2030\\\/#breadcrumb\"},\"inLanguage\":\"en-US\",\"potentialAction\":[{\"@type\":\"ReadAction\",\"target\":[\"https:\\\/\\\/folhadoleste.com.br\\\/leo-jardim-renova-vasco-ate-2030\\\/\"]}]},{\"@type\":\"ImageObject\",\"inLanguage\":\"en-US\",\"@id\":\"https:\\\/\\\/folhadoleste.com.br\\\/leo-jardim-renova-vasco-ate-2030\\\/#primaryimage\",\"url\":\"https:\\\/\\\/folhadoleste.com.br\\\/wp-content\\\/uploads\\\/2025\\\/06\\\/Vasco-e-Leo-Jardim-seguem-distantes-de-acordo-por-renovacao-Foto-Matheus-Lima-Vasco.jpeg\",\"contentUrl\":\"https:\\\/\\\/folhadoleste.com.br\\\/wp-content\\\/uploads\\\/2025\\\/06\\\/Vasco-e-Leo-Jardim-seguem-distantes-de-acordo-por-renovacao-Foto-Matheus-Lima-Vasco.jpeg\",\"width\":1200,\"height\":750,\"caption\":\"L\u00e9o Jardim renova com o Vasco at\u00e9 2030 e encerra sondagens de rivais | Matheus Lima\\\/Vasco\"},{\"@type\":\"BreadcrumbList\",\"@id\":\"https:\\\/\\\/folhadoleste.com.br\\\/leo-jardim-renova-vasco-ate-2030\\\/#breadcrumb\",\"itemListElement\":[{\"@type\":\"ListItem\",\"position\":1,\"name\":\"In\u00edcio\",\"item\":\"https:\\\/\\\/folhadoleste.com.br\\\/\"},{\"@type\":\"ListItem\",\"position\":2,\"name\":\"Esportes\",\"item\":\"https:\\\/\\\/folhadoleste.com.br\\\/category\\\/esportes\\\/\"},{\"@type\":\"ListItem\",\"position\":3,\"name\":\"Futebol\",\"item\":\"https:\\\/\\\/folhadoleste.com.br\\\/category\\\/esportes\\\/futebol-esportes\\\/\"},{\"@type\":\"ListItem\",\"position\":4,\"name\":\"L\u00e9o Jardim renova com o Vasco at\u00e9 2030 e encerra sondagens de rivais\"}]},{\"@type\":\"WebSite\",\"@id\":\"https:\\\/\\\/folhadoleste.com.br\\\/#website\",\"url\":\"https:\\\/\\\/folhadoleste.com.br\\\/\",\"name\":\"Folha do Leste\",\"description\":\"Portal de Not\u00edcias com \u00eanfase em Niter\u00f3i, criando conte\u00fados desde a capital Rio de Janeiro, com olhar para o Leste Fluminense e suas cidades como S\u00e3o Gon\u00e7alo, Itabora\u00ed, Rio Bonito, Maric\u00e1, Saquarema e Araruama\",\"publisher\":{\"@id\":\"https:\\\/\\\/folhadoleste.com.br\\\/#organization\"},\"alternateName\":\"FL\",\"potentialAction\":[{\"@type\":\"SearchAction\",\"target\":{\"@type\":\"EntryPoint\",\"urlTemplate\":\"https:\\\/\\\/folhadoleste.com.br\\\/?s={search_term_string}\"},\"query-input\":{\"@type\":\"PropertyValueSpecification\",\"valueRequired\":true,\"valueName\":\"search_term_string\"}}],\"inLanguage\":\"en-US\"},{\"@type\":\"Organization\",\"@id\":\"https:\\\/\\\/folhadoleste.com.br\\\/#organization\",\"name\":\"Brasil 21 Comunica\u00e7\u00e3o\",\"alternateName\":\"BR21\",\"url\":\"https:\\\/\\\/folhadoleste.com.br\\\/\",\"logo\":{\"@type\":\"ImageObject\",\"inLanguage\":\"en-US\",\"@id\":\"https:\\\/\\\/folhadoleste.com.br\\\/#\\\/schema\\\/logo\\\/image\\\/\",\"url\":\"https:\\\/\\\/folhadoleste.com.br\\\/wp-content\\\/uploads\\\/2025\\\/12\\\/brasil-21-logomarca.avif\",\"contentUrl\":\"https:\\\/\\\/folhadoleste.com.br\\\/wp-content\\\/uploads\\\/2025\\\/12\\\/brasil-21-logomarca.avif\",\"width\":1044,\"height\":1044,\"caption\":\"Brasil 21 Comunica\u00e7\u00e3o\"},\"image\":{\"@id\":\"https:\\\/\\\/folhadoleste.com.br\\\/#\\\/schema\\\/logo\\\/image\\\/\"},\"sameAs\":[\"https:\\\/\\\/www.facebook.com\\\/folhadoleste\",\"https:\\\/\\\/x.com\\\/FolhadoLesteRJ\",\"https:\\\/\\\/www.instagram.com\\\/folhadoleste\\\/\"]},{\"@type\":\"Person\",\"@id\":\"https:\\\/\\\/folhadoleste.com.br\\\/#\\\/schema\\\/person\\\/05d8a4b256c9faea581495e6c9be06f2\",\"name\":\"Enzo Carvalho\",\"image\":{\"@type\":\"ImageObject\",\"inLanguage\":\"en-US\",\"@id\":\"https:\\\/\\\/folhadoleste.com.br\\\/wp-content\\\/litespeed\\\/avatar\\\/3fe471b6df482b28961bb8e87cd40a81.jpg?ver=1777161141\",\"url\":\"https:\\\/\\\/folhadoleste.com.br\\\/wp-content\\\/litespeed\\\/avatar\\\/3fe471b6df482b28961bb8e87cd40a81.jpg?ver=1777161141\",\"contentUrl\":\"https:\\\/\\\/folhadoleste.com.br\\\/wp-content\\\/litespeed\\\/avatar\\\/3fe471b6df482b28961bb8e87cd40a81.jpg?ver=1777161141\",\"caption\":\"Enzo Carvalho\"},\"description\":\"Enzo Carvalho \u00e9 jornalista profissional, com atua\u00e7\u00e3o voltada \u00e0 cobertura de inova\u00e7\u00e3o, tecnologia, cotidiano e esportes. Ex-jogador profissional de e-sports, traz para o jornalismo uma compreens\u00e3o pr\u00e1tica do universo digital, das plataformas tecnol\u00f3gicas e das transforma\u00e7\u00f5es provocadas pela cultura conectada.\",\"url\":\"https:\\\/\\\/folhadoleste.com.br\\\/en\\\/author\\\/enzo-carvalho\\\/\"}]}<\/script>\n<!-- \/ Yoast SEO plugin. -->","yoast_head_json":{"title":"L\u00e9o Jardim renova com o Vasco at\u00e9 2030 e encerra sondagens de rivais","description":"Goleiro L\u00e9o Jardim assina novo contrato com o Vasco at\u00e9 o fim de 2030 e afasta investidas de clubes da S\u00e9rie A.","robots":{"index":"index","follow":"follow","max-snippet":"max-snippet:-1","max-image-preview":"max-image-preview:large","max-video-preview":"max-video-preview:-1"},"canonical":"https:\/\/folhadoleste.com.br\/en\/leo-jardim-renova-vasco-ate-2030\/","og_locale":"en_US","og_type":"article","og_title":"L\u00e9o Jardim renova com o Vasco at\u00e9 2030 e encerra sondagens de rivais","og_description":"Goleiro L\u00e9o Jardim assina novo contrato com o Vasco at\u00e9 o fim de 2030 e afasta investidas de clubes da S\u00e9rie A.","og_url":"https:\/\/folhadoleste.com.br\/en\/leo-jardim-renova-vasco-ate-2030\/","og_site_name":"Folha do Leste","article_publisher":"https:\/\/www.facebook.com\/folhadoleste","article_published_time":"2025-07-10T16:49:05+00:00","article_modified_time":"2025-07-10T18:24:02+00:00","og_image":[{"width":1200,"height":750,"url":"https:\/\/folhadoleste.com.br\/wp-content\/uploads\/2025\/06\/Vasco-e-Leo-Jardim-seguem-distantes-de-acordo-por-renovacao-Foto-Matheus-Lima-Vasco.jpeg","type":"image\/jpeg"}],"author":"Enzo Carvalho","twitter_card":"summary_large_image","twitter_creator":"@FolhadoLesteRJ","twitter_site":"@FolhadoLesteRJ","twitter_misc":{"Written by":"Enzo Carvalho","Est. reading time":"3 minutes"},"schema":{"@context":"https:\/\/schema.org","@graph":[{"@type":"NewsArticle","@id":"https:\/\/folhadoleste.com.br\/leo-jardim-renova-vasco-ate-2030\/#article","isPartOf":{"@id":"https:\/\/folhadoleste.com.br\/leo-jardim-renova-vasco-ate-2030\/"},"author":{"name":"Enzo Carvalho","@id":"https:\/\/folhadoleste.com.br\/#\/schema\/person\/05d8a4b256c9faea581495e6c9be06f2"},"headline":"L\u00e9o Jardim renova com o Vasco at\u00e9 2030 e encerra sondagens de rivais","datePublished":"2025-07-10T16:49:05+00:00","dateModified":"2025-07-10T18:24:02+00:00","mainEntityOfPage":{"@id":"https:\/\/folhadoleste.com.br\/leo-jardim-renova-vasco-ate-2030\/"},"wordCount":256,"commentCount":0,"publisher":{"@id":"https:\/\/folhadoleste.com.br\/#organization"},"image":{"@id":"https:\/\/folhadoleste.com.br\/leo-jardim-renova-vasco-ate-2030\/#primaryimage"},"thumbnailUrl":"https:\/\/folhadoleste.com.br\/wp-content\/uploads\/2025\/06\/Vasco-e-Leo-Jardim-seguem-distantes-de-acordo-por-renovacao-Foto-Matheus-Lima-Vasco.jpeg","keywords":["contrato 2030","Esportes","futebol","Futebol Brasileiro","Goleiro","L\u00e9o Jardim","Mercado da bola","renova\u00e7\u00e3o contratual","sele\u00e7\u00e3o brasileira","S\u00e9rie A","Vasco","Vasco da Gama"],"articleSection":["Esportes","Futebol"],"inLanguage":"en-US","potentialAction":[{"@type":"CommentAction","name":"Comment","target":["https:\/\/folhadoleste.com.br\/leo-jardim-renova-vasco-ate-2030\/#respond"]}]},{"@type":"WebPage","@id":"https:\/\/folhadoleste.com.br\/leo-jardim-renova-vasco-ate-2030\/","url":"https:\/\/folhadoleste.com.br\/leo-jardim-renova-vasco-ate-2030\/","name":"L\u00e9o Jardim renova com o Vasco at\u00e9 2030 e encerra sondagens de rivais","isPartOf":{"@id":"https:\/\/folhadoleste.com.br\/#website"},"primaryImageOfPage":{"@id":"https:\/\/folhadoleste.com.br\/leo-jardim-renova-vasco-ate-2030\/#primaryimage"},"image":{"@id":"https:\/\/folhadoleste.com.br\/leo-jardim-renova-vasco-ate-2030\/#primaryimage"},"thumbnailUrl":"https:\/\/folhadoleste.com.br\/wp-content\/uploads\/2025\/06\/Vasco-e-Leo-Jardim-seguem-distantes-de-acordo-por-renovacao-Foto-Matheus-Lima-Vasco.jpeg","datePublished":"2025-07-10T16:49:05+00:00","dateModified":"2025-07-10T18:24:02+00:00","description":"Goleiro L\u00e9o Jardim assina novo contrato com o Vasco at\u00e9 o fim de 2030 e afasta investidas de clubes da S\u00e9rie A.","breadcrumb":{"@id":"https:\/\/folhadoleste.com.br\/leo-jardim-renova-vasco-ate-2030\/#breadcrumb"},"inLanguage":"en-US","potentialAction":[{"@type":"ReadAction","target":["https:\/\/folhadoleste.com.br\/leo-jardim-renova-vasco-ate-2030\/"]}]},{"@type":"ImageObject","inLanguage":"en-US","@id":"https:\/\/folhadoleste.com.br\/leo-jardim-renova-vasco-ate-2030\/#primaryimage","url":"https:\/\/folhadoleste.com.br\/wp-content\/uploads\/2025\/06\/Vasco-e-Leo-Jardim-seguem-distantes-de-acordo-por-renovacao-Foto-Matheus-Lima-Vasco.jpeg","contentUrl":"https:\/\/folhadoleste.com.br\/wp-content\/uploads\/2025\/06\/Vasco-e-Leo-Jardim-seguem-distantes-de-acordo-por-renovacao-Foto-Matheus-Lima-Vasco.jpeg","width":1200,"height":750,"caption":"L\u00e9o Jardim renova com o Vasco at\u00e9 2030 e encerra sondagens de rivais | Matheus Lima\/Vasco"},{"@type":"BreadcrumbList","@id":"https:\/\/folhadoleste.com.br\/leo-jardim-renova-vasco-ate-2030\/#breadcrumb","itemListElement":[{"@type":"ListItem","position":1,"name":"In\u00edcio","item":"https:\/\/folhadoleste.com.br\/"},{"@type":"ListItem","position":2,"name":"Esportes","item":"https:\/\/folhadoleste.com.br\/category\/esportes\/"},{"@type":"ListItem","position":3,"name":"Futebol","item":"https:\/\/folhadoleste.com.br\/category\/esportes\/futebol-esportes\/"},{"@type":"ListItem","position":4,"name":"L\u00e9o Jardim renova com o Vasco at\u00e9 2030 e encerra sondagens de rivais"}]},{"@type":"WebSite","@id":"https:\/\/folhadoleste.com.br\/#website","url":"https:\/\/folhadoleste.com.br\/","name":"Folha do Leste","description":"Portal de Not\u00edcias com \u00eanfase em Niter\u00f3i, criando conte\u00fados desde a capital Rio de Janeiro, com olhar para o Leste Fluminense e suas cidades como S\u00e3o Gon\u00e7alo, Itabora\u00ed, Rio Bonito, Maric\u00e1, Saquarema e Araruama","publisher":{"@id":"https:\/\/folhadoleste.com.br\/#organization"},"alternateName":"FL","potentialAction":[{"@type":"SearchAction","target":{"@type":"EntryPoint","urlTemplate":"https:\/\/folhadoleste.com.br\/?s={search_term_string}"},"query-input":{"@type":"PropertyValueSpecification","valueRequired":true,"valueName":"search_term_string"}}],"inLanguage":"en-US"},{"@type":"Organization","@id":"https:\/\/folhadoleste.com.br\/#organization","name":"Brasil 21 Comunica\u00e7\u00e3o","alternateName":"BR21","url":"https:\/\/folhadoleste.com.br\/","logo":{"@type":"ImageObject","inLanguage":"en-US","@id":"https:\/\/folhadoleste.com.br\/#\/schema\/logo\/image\/","url":"https:\/\/folhadoleste.com.br\/wp-content\/uploads\/2025\/12\/brasil-21-logomarca.avif","contentUrl":"https:\/\/folhadoleste.com.br\/wp-content\/uploads\/2025\/12\/brasil-21-logomarca.avif","width":1044,"height":1044,"caption":"Brasil 21 Comunica\u00e7\u00e3o"},"image":{"@id":"https:\/\/folhadoleste.com.br\/#\/schema\/logo\/image\/"},"sameAs":["https:\/\/www.facebook.com\/folhadoleste","https:\/\/x.com\/FolhadoLesteRJ","https:\/\/www.instagram.com\/folhadoleste\/"]},{"@type":"Person","@id":"https:\/\/folhadoleste.com.br\/#\/schema\/person\/05d8a4b256c9faea581495e6c9be06f2","name":"Enzo Carvalho","image":{"@type":"ImageObject","inLanguage":"en-US","@id":"https:\/\/folhadoleste.com.br\/wp-content\/litespeed\/avatar\/3fe471b6df482b28961bb8e87cd40a81.jpg?ver=1777161141","url":"https:\/\/folhadoleste.com.br\/wp-content\/litespeed\/avatar\/3fe471b6df482b28961bb8e87cd40a81.jpg?ver=1777161141","contentUrl":"https:\/\/folhadoleste.com.br\/wp-content\/litespeed\/avatar\/3fe471b6df482b28961bb8e87cd40a81.jpg?ver=1777161141","caption":"Enzo Carvalho"},"description":"Enzo Carvalho \u00e9 jornalista profissional, com atua\u00e7\u00e3o voltada \u00e0 cobertura de inova\u00e7\u00e3o, tecnologia, cotidiano e esportes. Ex-jogador profissional de e-sports, traz para o jornalismo uma compreens\u00e3o pr\u00e1tica do universo digital, das plataformas tecnol\u00f3gicas e das transforma\u00e7\u00f5es provocadas pela cultura conectada.","url":"https:\/\/folhadoleste.com.br\/en\/author\/enzo-carvalho\/"}]}},"_links":{"self":[{"href":"https:\/\/folhadoleste.com.br\/en\/wp-json\/wp\/v2\/posts\/130531","targetHints":{"allow":["GET"]}}],"collection":[{"href":"https:\/\/folhadoleste.com.br\/en\/wp-json\/wp\/v2\/posts"}],"about":[{"href":"https:\/\/folhadoleste.com.br\/en\/wp-json\/wp\/v2\/types\/post"}],"author":[{"embeddable":true,"href":"https:\/\/folhadoleste.com.br\/en\/wp-json\/wp\/v2\/users\/5"}],"replies":[{"embeddable":true,"href":"https:\/\/folhadoleste.com.br\/en\/wp-json\/wp\/v2\/comments?post=130531"}],"version-history":[{"count":1,"href":"https:\/\/folhadoleste.com.br\/en\/wp-json\/wp\/v2\/posts\/130531\/revisions"}],"predecessor-version":[{"id":130534,"href":"https:\/\/folhadoleste.com.br\/en\/wp-json\/wp\/v2\/posts\/130531\/revisions\/130534"}],"wp:featuredmedia":[{"embeddable":true,"href":"https:\/\/folhadoleste.com.br\/en\/wp-json\/wp\/v2\/media\/125593"}],"wp:attachment":[{"href":"https:\/\/folhadoleste.com.br\/en\/wp-json\/wp\/v2\/media?parent=130531"}],"wp:term":[{"taxonomy":"category","embeddable":true,"href":"https:\/\/folhadoleste.com.br\/en\/wp-json\/wp\/v2\/categories?post=130531"},{"taxonomy":"post_tag","embeddable":true,"href":"https:\/\/folhadoleste.com.br\/en\/wp-json\/wp\/v2\/tags?post=130531"}],"curies":[{"name":"wp","href":"https:\/\/api.w.org\/{rel}","templated":true}]}}