{"id":130527,"date":"2025-07-10T13:27:28","date_gmt":"2025-07-10T16:27:28","guid":{"rendered":"https:\/\/folhadoleste.com.br\/?p=130527"},"modified":"2025-07-10T15:16:33","modified_gmt":"2025-07-10T18:16:33","slug":"vasco-revitalizacao-sao-januario","status":"publish","type":"post","link":"https:\/\/folhadoleste.com.br\/en\/vasco-revitalizacao-sao-januario\/","title":{"rendered":"Vasco inicia revitaliza\u00e7\u00e3o em S\u00e3o Janu\u00e1rio antes de retorno ao Brasileir\u00e3o"},"content":{"rendered":"<div id=\"attachment_130529\" style=\"width: 1210px\" class=\"wp-caption aligncenter\"><img decoding=\"async\" aria-describedby=\"caption-attachment-130529\" class=\"size-full wp-image-130529\" src=\"https:\/\/folhadoleste.com.br\/wp-content\/uploads\/2025\/07\/Vasco-inicia-revitalizacao-em-Sao-Januario-antes-de-retorno-ao-Brasileirao-Foto-Divulgacao-Vasco.jpg\" alt=\"\" width=\"1200\" height=\"750\" \/><p id=\"caption-attachment-130529\" class=\"wp-caption-text\">Vasco inicia revitaliza\u00e7\u00e3o em S\u00e3o Janu\u00e1rio antes de retorno ao Brasileir\u00e3o | Divulga\u00e7\u00e3o\/Vasco<\/p><\/div>\n<p style=\"text-align: justify;\" data-start=\"1651\" data-end=\"1928\">O Vasco da Gama iniciou a revitaliza\u00e7\u00e3o em S\u00e3o Janu\u00e1rio nesta quinta-feira (10). A a\u00e7\u00e3o inclui limpeza e pintura das arquibancadas, com objetivo de garantir mais conforto e valorizar a casa cruzmaltina. O trabalho deve ser finalizado em uma semana, dependendo do clima.<\/p>\n<h5><a href=\"https:\/\/chat.whatsapp.com\/ItvWOvY08sCCpPxovKnYb6\"><img decoding=\"async\" class=\"wp-image-109746 size-full aligncenter\" src=\"https:\/\/folhadoleste.com.br\/wp-content\/uploads\/2025\/02\/WHATSAPP-FOLHA-DO-LESTE-600x200-1.png\" alt=\"\" width=\"600\" height=\"200\" \/><\/a><\/h5>\n<p style=\"text-align: justify;\" data-start=\"1930\" data-end=\"2086\">As arquibancadas v\u00e3o manter o padr\u00e3o tradicional. Segundo o clube, o servi\u00e7o faz parte de uma s\u00e9rie de melhorias que v\u00eam sendo feitas desde o in\u00edcio do ano.<\/p>\n<h4 style=\"text-align: justify;\" data-start=\"2088\" data-end=\"2133\"><em>Interven\u00e7\u00e3o segue cronograma de melhorias<\/em><\/h4>\n<p style=\"text-align: justify;\" data-start=\"2135\" data-end=\"2381\">Al\u00e9m da pintura, o Vasco j\u00e1 modernizou a ilumina\u00e7\u00e3o do est\u00e1dio com novos refletores, revitalizou os vesti\u00e1rios, a quadra de futsal e ampliou a sala do VAR.<\/p>\n<h5 style=\"text-align: center;\"><span style=\"color: #000000;\"><span style=\"color: #ff0000;\"><strong>+ <\/strong><\/span><\/span><span style=\"color: #000000;\"><strong><span style=\"color: #ff9900;\">MAIS NOT\u00cdCIAS DE ESPORTES?<\/span> <span style=\"color: #008080;\"><a style=\"color: #008080;\" href=\"https:\/\/folhadoleste.com.br\/en\/category\/esportes\/\">CLIQUE AQUI<\/a><\/span><\/strong><\/span><\/h5>\n<p style=\"text-align: justify;\" data-start=\"2135\" data-end=\"2381\">A diretoria promete seguir com os cuidados estruturais nos pr\u00f3ximos meses.<\/p>\n<h4 style=\"text-align: justify;\" data-start=\"2383\" data-end=\"2426\"><em>Pr\u00f3ximos jogos e expectativa da torcida<\/em><\/h4>\n<p style=\"text-align: justify;\" data-start=\"2428\" data-end=\"2644\">O Vasco volta a campo no s\u00e1bado (12), \u00e0s 18h30, contra o Botafogo, no Man\u00e9 Garrincha, em Bras\u00edlia. O pr\u00f3ximo jogo em S\u00e3o Janu\u00e1rio ser\u00e1 no dia 19 de julho, diante do Gr\u00eamio, pela 14\u00aa rodada do Brasileir\u00e3o.<\/p>\n<p><a href=\"https:\/\/folhadoleste.com.br\/en\/vida\/\"><img decoding=\"async\" class=\"aligncenter wp-image-113547 size-full\" src=\"https:\/\/folhadoleste.com.br\/wp-content\/uploads\/2025\/03\/Sinteses-da-Vida.png\" alt=\"\" width=\"1800\" height=\"600\" \/><\/a><\/p>\n<p><a href=\"https:\/\/www.instagram.com\/folhadoleste\/\"><img decoding=\"async\" class=\"aligncenter wp-image-109748 size-medium\" src=\"https:\/\/folhadoleste.com.br\/wp-content\/uploads\/2025\/02\/Instagram-Folha-do-Leste-Widget-300x100.png\" alt=\"\" width=\"300\" height=\"100\" \/><\/a><\/p>\n<p><a href=\"https:\/\/facebook.com\/folhadoleste\"><img decoding=\"async\" class=\"aligncenter wp-image-109735 size-medium\" src=\"https:\/\/folhadoleste.com.br\/wp-content\/uploads\/2025\/02\/ANUNCIO-FACEBOOK-FOLHA-DO-LESTE-300x300.png\" alt=\"\" width=\"300\" height=\"300\" \/><\/a><\/p>","protected":false},"excerpt":{"rendered":"<p>O Vasco da Gama iniciou a revitaliza\u00e7\u00e3o em S\u00e3o Janu\u00e1rio nesta quinta-feira (10). A a\u00e7\u00e3o inclui limpeza e pintura das arquibancadas, com objetivo de garantir mais conforto e valorizar a casa cruzmaltina. O trabalho deve ser finalizado em uma semana, dependendo do clima. As arquibancadas v\u00e3o manter o padr\u00e3o tradicional. Segundo o clube, o servi\u00e7o faz parte de uma s\u00e9rie de melhorias que v\u00eam sendo feitas desde o in\u00edcio do ano. Interven\u00e7\u00e3o segue cronograma de melhorias Al\u00e9m da pintura, o Vasco j\u00e1 modernizou a ilumina\u00e7\u00e3o do est\u00e1dio com novos refletores, revitalizou os vesti\u00e1rios, a quadra de futsal e ampliou a [&hellip;]<\/p>\n","protected":false},"author":5,"featured_media":130529,"comment_status":"open","ping_status":"open","sticky":false,"template":"","format":"standard","meta":{"footnotes":""},"categories":[48,65],"tags":[988,21448,105,10769,101,19716,715,1851,2032,40684,104,2028],"class_list":["post-130527","post","type-post","status-publish","format-standard","has-post-thumbnail","hentry","category-esportes","category-futebol-esportes","tag-brasileirao","tag-clube-carioca","tag-esportes","tag-estadio-do-vasco","tag-futebol","tag-futebol-carioca","tag-reforma","tag-revitalizacao","tag-sao-januario","tag-torcida-vascaina","tag-vasco","tag-vasco-da-gama","post--single"],"yoast_head":"<!-- This site is optimized with the Yoast SEO plugin v27.4 - https:\/\/yoast.com\/product\/yoast-seo-wordpress\/ -->\n<title>Vasco inicia revitaliza\u00e7\u00e3o em S\u00e3o Janu\u00e1rio antes de retorno ao Brasileir\u00e3o<\/title>\n<meta name=\"description\" content=\"Vasco inicia revitaliza\u00e7\u00e3o em S\u00e3o Janu\u00e1rio com pintura e limpeza antes de retorno ao Brasileir\u00e3o; Confira...\" \/>\n<meta name=\"robots\" content=\"index, follow, max-snippet:-1, max-image-preview:large, max-video-preview:-1\" \/>\n<link rel=\"canonical\" href=\"https:\/\/folhadoleste.com.br\/en\/vasco-revitalizacao-sao-januario\/\" \/>\n<meta property=\"og:locale\" content=\"en_US\" \/>\n<meta property=\"og:type\" content=\"article\" \/>\n<meta property=\"og:title\" content=\"Vasco inicia revitaliza\u00e7\u00e3o em S\u00e3o Janu\u00e1rio antes de retorno ao Brasileir\u00e3o\" \/>\n<meta property=\"og:description\" content=\"Vasco inicia revitaliza\u00e7\u00e3o em S\u00e3o Janu\u00e1rio com pintura e limpeza antes de retorno ao Brasileir\u00e3o; Confira...\" \/>\n<meta property=\"og:url\" content=\"https:\/\/folhadoleste.com.br\/en\/vasco-revitalizacao-sao-januario\/\" \/>\n<meta property=\"og:site_name\" content=\"Folha do Leste\" \/>\n<meta property=\"article:publisher\" content=\"https:\/\/www.facebook.com\/folhadoleste\" \/>\n<meta property=\"article:published_time\" content=\"2025-07-10T16:27:28+00:00\" \/>\n<meta property=\"article:modified_time\" content=\"2025-07-10T18:16:33+00:00\" \/>\n<meta property=\"og:image\" content=\"https:\/\/folhadoleste.com.br\/wp-content\/uploads\/2025\/07\/Vasco-inicia-revitalizacao-em-Sao-Januario-antes-de-retorno-ao-Brasileirao-Foto-Divulgacao-Vasco.jpg\" \/>\n\t<meta property=\"og:image:width\" content=\"1200\" \/>\n\t<meta property=\"og:image:height\" content=\"750\" \/>\n\t<meta property=\"og:image:type\" content=\"image\/jpeg\" \/>\n<meta name=\"author\" content=\"Enzo Carvalho\" \/>\n<meta name=\"twitter:card\" content=\"summary_large_image\" \/>\n<meta name=\"twitter:creator\" content=\"@FolhadoLesteRJ\" \/>\n<meta name=\"twitter:site\" content=\"@FolhadoLesteRJ\" \/>\n<meta name=\"twitter:label1\" content=\"Written by\" \/>\n\t<meta name=\"twitter:data1\" content=\"Enzo Carvalho\" \/>\n\t<meta name=\"twitter:label2\" content=\"Est. reading time\" \/>\n\t<meta name=\"twitter:data2\" content=\"3 minutes\" \/>\n<script type=\"application\/ld+json\" class=\"yoast-schema-graph\">{\"@context\":\"https:\\\/\\\/schema.org\",\"@graph\":[{\"@type\":\"NewsArticle\",\"@id\":\"https:\\\/\\\/folhadoleste.com.br\\\/vasco-revitalizacao-sao-januario\\\/#article\",\"isPartOf\":{\"@id\":\"https:\\\/\\\/folhadoleste.com.br\\\/vasco-revitalizacao-sao-januario\\\/\"},\"author\":{\"name\":\"Enzo Carvalho\",\"@id\":\"https:\\\/\\\/folhadoleste.com.br\\\/#\\\/schema\\\/person\\\/05d8a4b256c9faea581495e6c9be06f2\"},\"headline\":\"Vasco inicia revitaliza\u00e7\u00e3o em S\u00e3o Janu\u00e1rio antes de retorno ao Brasileir\u00e3o\",\"datePublished\":\"2025-07-10T16:27:28+00:00\",\"dateModified\":\"2025-07-10T18:16:33+00:00\",\"mainEntityOfPage\":{\"@id\":\"https:\\\/\\\/folhadoleste.com.br\\\/vasco-revitalizacao-sao-januario\\\/\"},\"wordCount\":225,\"commentCount\":0,\"publisher\":{\"@id\":\"https:\\\/\\\/folhadoleste.com.br\\\/#organization\"},\"image\":{\"@id\":\"https:\\\/\\\/folhadoleste.com.br\\\/vasco-revitalizacao-sao-januario\\\/#primaryimage\"},\"thumbnailUrl\":\"https:\\\/\\\/folhadoleste.com.br\\\/wp-content\\\/uploads\\\/2025\\\/07\\\/Vasco-inicia-revitalizacao-em-Sao-Januario-antes-de-retorno-ao-Brasileirao-Foto-Divulgacao-Vasco.jpg\",\"keywords\":[\"Brasileir\u00e3o\",\"Clube Carioca\",\"Esportes\",\"Est\u00e1dio do Vasco\",\"futebol\",\"Futebol carioca\",\"reforma\",\"revitaliza\u00e7\u00e3o\",\"S\u00e3o Janu\u00e1rio\",\"torcida vasca\u00edna\",\"Vasco\",\"Vasco da Gama\"],\"articleSection\":[\"Esportes\",\"Futebol\"],\"inLanguage\":\"en-US\",\"potentialAction\":[{\"@type\":\"CommentAction\",\"name\":\"Comment\",\"target\":[\"https:\\\/\\\/folhadoleste.com.br\\\/vasco-revitalizacao-sao-januario\\\/#respond\"]}]},{\"@type\":\"WebPage\",\"@id\":\"https:\\\/\\\/folhadoleste.com.br\\\/vasco-revitalizacao-sao-januario\\\/\",\"url\":\"https:\\\/\\\/folhadoleste.com.br\\\/vasco-revitalizacao-sao-januario\\\/\",\"name\":\"Vasco inicia revitaliza\u00e7\u00e3o em S\u00e3o Janu\u00e1rio antes de retorno ao Brasileir\u00e3o\",\"isPartOf\":{\"@id\":\"https:\\\/\\\/folhadoleste.com.br\\\/#website\"},\"primaryImageOfPage\":{\"@id\":\"https:\\\/\\\/folhadoleste.com.br\\\/vasco-revitalizacao-sao-januario\\\/#primaryimage\"},\"image\":{\"@id\":\"https:\\\/\\\/folhadoleste.com.br\\\/vasco-revitalizacao-sao-januario\\\/#primaryimage\"},\"thumbnailUrl\":\"https:\\\/\\\/folhadoleste.com.br\\\/wp-content\\\/uploads\\\/2025\\\/07\\\/Vasco-inicia-revitalizacao-em-Sao-Januario-antes-de-retorno-ao-Brasileirao-Foto-Divulgacao-Vasco.jpg\",\"datePublished\":\"2025-07-10T16:27:28+00:00\",\"dateModified\":\"2025-07-10T18:16:33+00:00\",\"description\":\"Vasco inicia revitaliza\u00e7\u00e3o em S\u00e3o Janu\u00e1rio com pintura e limpeza antes de retorno ao Brasileir\u00e3o; Confira...\",\"breadcrumb\":{\"@id\":\"https:\\\/\\\/folhadoleste.com.br\\\/vasco-revitalizacao-sao-januario\\\/#breadcrumb\"},\"inLanguage\":\"en-US\",\"potentialAction\":[{\"@type\":\"ReadAction\",\"target\":[\"https:\\\/\\\/folhadoleste.com.br\\\/vasco-revitalizacao-sao-januario\\\/\"]}]},{\"@type\":\"ImageObject\",\"inLanguage\":\"en-US\",\"@id\":\"https:\\\/\\\/folhadoleste.com.br\\\/vasco-revitalizacao-sao-januario\\\/#primaryimage\",\"url\":\"https:\\\/\\\/folhadoleste.com.br\\\/wp-content\\\/uploads\\\/2025\\\/07\\\/Vasco-inicia-revitalizacao-em-Sao-Januario-antes-de-retorno-ao-Brasileirao-Foto-Divulgacao-Vasco.jpg\",\"contentUrl\":\"https:\\\/\\\/folhadoleste.com.br\\\/wp-content\\\/uploads\\\/2025\\\/07\\\/Vasco-inicia-revitalizacao-em-Sao-Januario-antes-de-retorno-ao-Brasileirao-Foto-Divulgacao-Vasco.jpg\",\"width\":1200,\"height\":750,\"caption\":\"Vasco inicia revitaliza\u00e7\u00e3o em S\u00e3o Janu\u00e1rio antes de retorno ao Brasileir\u00e3o | Divulga\u00e7\u00e3o\\\/Vasco\"},{\"@type\":\"BreadcrumbList\",\"@id\":\"https:\\\/\\\/folhadoleste.com.br\\\/vasco-revitalizacao-sao-januario\\\/#breadcrumb\",\"itemListElement\":[{\"@type\":\"ListItem\",\"position\":1,\"name\":\"In\u00edcio\",\"item\":\"https:\\\/\\\/folhadoleste.com.br\\\/\"},{\"@type\":\"ListItem\",\"position\":2,\"name\":\"Esportes\",\"item\":\"https:\\\/\\\/folhadoleste.com.br\\\/category\\\/esportes\\\/\"},{\"@type\":\"ListItem\",\"position\":3,\"name\":\"Futebol\",\"item\":\"https:\\\/\\\/folhadoleste.com.br\\\/category\\\/esportes\\\/futebol-esportes\\\/\"},{\"@type\":\"ListItem\",\"position\":4,\"name\":\"Vasco inicia revitaliza\u00e7\u00e3o em S\u00e3o Janu\u00e1rio antes de retorno ao Brasileir\u00e3o\"}]},{\"@type\":\"WebSite\",\"@id\":\"https:\\\/\\\/folhadoleste.com.br\\\/#website\",\"url\":\"https:\\\/\\\/folhadoleste.com.br\\\/\",\"name\":\"Folha do Leste\",\"description\":\"Portal de Not\u00edcias com \u00eanfase em Niter\u00f3i, criando conte\u00fados desde a capital Rio de Janeiro, com olhar para o Leste Fluminense e suas cidades como S\u00e3o Gon\u00e7alo, Itabora\u00ed, Rio Bonito, Maric\u00e1, Saquarema e Araruama\",\"publisher\":{\"@id\":\"https:\\\/\\\/folhadoleste.com.br\\\/#organization\"},\"alternateName\":\"FL\",\"potentialAction\":[{\"@type\":\"SearchAction\",\"target\":{\"@type\":\"EntryPoint\",\"urlTemplate\":\"https:\\\/\\\/folhadoleste.com.br\\\/?s={search_term_string}\"},\"query-input\":{\"@type\":\"PropertyValueSpecification\",\"valueRequired\":true,\"valueName\":\"search_term_string\"}}],\"inLanguage\":\"en-US\"},{\"@type\":\"Organization\",\"@id\":\"https:\\\/\\\/folhadoleste.com.br\\\/#organization\",\"name\":\"Brasil 21 Comunica\u00e7\u00e3o\",\"alternateName\":\"BR21\",\"url\":\"https:\\\/\\\/folhadoleste.com.br\\\/\",\"logo\":{\"@type\":\"ImageObject\",\"inLanguage\":\"en-US\",\"@id\":\"https:\\\/\\\/folhadoleste.com.br\\\/#\\\/schema\\\/logo\\\/image\\\/\",\"url\":\"https:\\\/\\\/folhadoleste.com.br\\\/wp-content\\\/uploads\\\/2025\\\/12\\\/brasil-21-logomarca.avif\",\"contentUrl\":\"https:\\\/\\\/folhadoleste.com.br\\\/wp-content\\\/uploads\\\/2025\\\/12\\\/brasil-21-logomarca.avif\",\"width\":1044,\"height\":1044,\"caption\":\"Brasil 21 Comunica\u00e7\u00e3o\"},\"image\":{\"@id\":\"https:\\\/\\\/folhadoleste.com.br\\\/#\\\/schema\\\/logo\\\/image\\\/\"},\"sameAs\":[\"https:\\\/\\\/www.facebook.com\\\/folhadoleste\",\"https:\\\/\\\/x.com\\\/FolhadoLesteRJ\",\"https:\\\/\\\/www.instagram.com\\\/folhadoleste\\\/\"]},{\"@type\":\"Person\",\"@id\":\"https:\\\/\\\/folhadoleste.com.br\\\/#\\\/schema\\\/person\\\/05d8a4b256c9faea581495e6c9be06f2\",\"name\":\"Enzo Carvalho\",\"image\":{\"@type\":\"ImageObject\",\"inLanguage\":\"en-US\",\"@id\":\"https:\\\/\\\/folhadoleste.com.br\\\/wp-content\\\/litespeed\\\/avatar\\\/3fe471b6df482b28961bb8e87cd40a81.jpg?ver=1777161141\",\"url\":\"https:\\\/\\\/folhadoleste.com.br\\\/wp-content\\\/litespeed\\\/avatar\\\/3fe471b6df482b28961bb8e87cd40a81.jpg?ver=1777161141\",\"contentUrl\":\"https:\\\/\\\/folhadoleste.com.br\\\/wp-content\\\/litespeed\\\/avatar\\\/3fe471b6df482b28961bb8e87cd40a81.jpg?ver=1777161141\",\"caption\":\"Enzo Carvalho\"},\"description\":\"Enzo Carvalho \u00e9 jornalista profissional, com atua\u00e7\u00e3o voltada \u00e0 cobertura de inova\u00e7\u00e3o, tecnologia, cotidiano e esportes. Ex-jogador profissional de e-sports, traz para o jornalismo uma compreens\u00e3o pr\u00e1tica do universo digital, das plataformas tecnol\u00f3gicas e das transforma\u00e7\u00f5es provocadas pela cultura conectada.\",\"url\":\"https:\\\/\\\/folhadoleste.com.br\\\/en\\\/author\\\/enzo-carvalho\\\/\"}]}<\/script>\n<!-- \/ Yoast SEO plugin. -->","yoast_head_json":{"title":"Vasco inicia revitaliza\u00e7\u00e3o em S\u00e3o Janu\u00e1rio antes de retorno ao Brasileir\u00e3o","description":"Vasco inicia revitaliza\u00e7\u00e3o em S\u00e3o Janu\u00e1rio com pintura e limpeza antes de retorno ao Brasileir\u00e3o; Confira...","robots":{"index":"index","follow":"follow","max-snippet":"max-snippet:-1","max-image-preview":"max-image-preview:large","max-video-preview":"max-video-preview:-1"},"canonical":"https:\/\/folhadoleste.com.br\/en\/vasco-revitalizacao-sao-januario\/","og_locale":"en_US","og_type":"article","og_title":"Vasco inicia revitaliza\u00e7\u00e3o em S\u00e3o Janu\u00e1rio antes de retorno ao Brasileir\u00e3o","og_description":"Vasco inicia revitaliza\u00e7\u00e3o em S\u00e3o Janu\u00e1rio com pintura e limpeza antes de retorno ao Brasileir\u00e3o; Confira...","og_url":"https:\/\/folhadoleste.com.br\/en\/vasco-revitalizacao-sao-januario\/","og_site_name":"Folha do Leste","article_publisher":"https:\/\/www.facebook.com\/folhadoleste","article_published_time":"2025-07-10T16:27:28+00:00","article_modified_time":"2025-07-10T18:16:33+00:00","og_image":[{"width":1200,"height":750,"url":"https:\/\/folhadoleste.com.br\/wp-content\/uploads\/2025\/07\/Vasco-inicia-revitalizacao-em-Sao-Januario-antes-de-retorno-ao-Brasileirao-Foto-Divulgacao-Vasco.jpg","type":"image\/jpeg"}],"author":"Enzo Carvalho","twitter_card":"summary_large_image","twitter_creator":"@FolhadoLesteRJ","twitter_site":"@FolhadoLesteRJ","twitter_misc":{"Written by":"Enzo Carvalho","Est. reading time":"3 minutes"},"schema":{"@context":"https:\/\/schema.org","@graph":[{"@type":"NewsArticle","@id":"https:\/\/folhadoleste.com.br\/vasco-revitalizacao-sao-januario\/#article","isPartOf":{"@id":"https:\/\/folhadoleste.com.br\/vasco-revitalizacao-sao-januario\/"},"author":{"name":"Enzo Carvalho","@id":"https:\/\/folhadoleste.com.br\/#\/schema\/person\/05d8a4b256c9faea581495e6c9be06f2"},"headline":"Vasco inicia revitaliza\u00e7\u00e3o em S\u00e3o Janu\u00e1rio antes de retorno ao Brasileir\u00e3o","datePublished":"2025-07-10T16:27:28+00:00","dateModified":"2025-07-10T18:16:33+00:00","mainEntityOfPage":{"@id":"https:\/\/folhadoleste.com.br\/vasco-revitalizacao-sao-januario\/"},"wordCount":225,"commentCount":0,"publisher":{"@id":"https:\/\/folhadoleste.com.br\/#organization"},"image":{"@id":"https:\/\/folhadoleste.com.br\/vasco-revitalizacao-sao-januario\/#primaryimage"},"thumbnailUrl":"https:\/\/folhadoleste.com.br\/wp-content\/uploads\/2025\/07\/Vasco-inicia-revitalizacao-em-Sao-Januario-antes-de-retorno-ao-Brasileirao-Foto-Divulgacao-Vasco.jpg","keywords":["Brasileir\u00e3o","Clube Carioca","Esportes","Est\u00e1dio do Vasco","futebol","Futebol carioca","reforma","revitaliza\u00e7\u00e3o","S\u00e3o Janu\u00e1rio","torcida vasca\u00edna","Vasco","Vasco da Gama"],"articleSection":["Esportes","Futebol"],"inLanguage":"en-US","potentialAction":[{"@type":"CommentAction","name":"Comment","target":["https:\/\/folhadoleste.com.br\/vasco-revitalizacao-sao-januario\/#respond"]}]},{"@type":"WebPage","@id":"https:\/\/folhadoleste.com.br\/vasco-revitalizacao-sao-januario\/","url":"https:\/\/folhadoleste.com.br\/vasco-revitalizacao-sao-januario\/","name":"Vasco inicia revitaliza\u00e7\u00e3o em S\u00e3o Janu\u00e1rio antes de retorno ao Brasileir\u00e3o","isPartOf":{"@id":"https:\/\/folhadoleste.com.br\/#website"},"primaryImageOfPage":{"@id":"https:\/\/folhadoleste.com.br\/vasco-revitalizacao-sao-januario\/#primaryimage"},"image":{"@id":"https:\/\/folhadoleste.com.br\/vasco-revitalizacao-sao-januario\/#primaryimage"},"thumbnailUrl":"https:\/\/folhadoleste.com.br\/wp-content\/uploads\/2025\/07\/Vasco-inicia-revitalizacao-em-Sao-Januario-antes-de-retorno-ao-Brasileirao-Foto-Divulgacao-Vasco.jpg","datePublished":"2025-07-10T16:27:28+00:00","dateModified":"2025-07-10T18:16:33+00:00","description":"Vasco inicia revitaliza\u00e7\u00e3o em S\u00e3o Janu\u00e1rio com pintura e limpeza antes de retorno ao Brasileir\u00e3o; Confira...","breadcrumb":{"@id":"https:\/\/folhadoleste.com.br\/vasco-revitalizacao-sao-januario\/#breadcrumb"},"inLanguage":"en-US","potentialAction":[{"@type":"ReadAction","target":["https:\/\/folhadoleste.com.br\/vasco-revitalizacao-sao-januario\/"]}]},{"@type":"ImageObject","inLanguage":"en-US","@id":"https:\/\/folhadoleste.com.br\/vasco-revitalizacao-sao-januario\/#primaryimage","url":"https:\/\/folhadoleste.com.br\/wp-content\/uploads\/2025\/07\/Vasco-inicia-revitalizacao-em-Sao-Januario-antes-de-retorno-ao-Brasileirao-Foto-Divulgacao-Vasco.jpg","contentUrl":"https:\/\/folhadoleste.com.br\/wp-content\/uploads\/2025\/07\/Vasco-inicia-revitalizacao-em-Sao-Januario-antes-de-retorno-ao-Brasileirao-Foto-Divulgacao-Vasco.jpg","width":1200,"height":750,"caption":"Vasco inicia revitaliza\u00e7\u00e3o em S\u00e3o Janu\u00e1rio antes de retorno ao Brasileir\u00e3o | Divulga\u00e7\u00e3o\/Vasco"},{"@type":"BreadcrumbList","@id":"https:\/\/folhadoleste.com.br\/vasco-revitalizacao-sao-januario\/#breadcrumb","itemListElement":[{"@type":"ListItem","position":1,"name":"In\u00edcio","item":"https:\/\/folhadoleste.com.br\/"},{"@type":"ListItem","position":2,"name":"Esportes","item":"https:\/\/folhadoleste.com.br\/category\/esportes\/"},{"@type":"ListItem","position":3,"name":"Futebol","item":"https:\/\/folhadoleste.com.br\/category\/esportes\/futebol-esportes\/"},{"@type":"ListItem","position":4,"name":"Vasco inicia revitaliza\u00e7\u00e3o em S\u00e3o Janu\u00e1rio antes de retorno ao Brasileir\u00e3o"}]},{"@type":"WebSite","@id":"https:\/\/folhadoleste.com.br\/#website","url":"https:\/\/folhadoleste.com.br\/","name":"Folha do Leste","description":"Portal de Not\u00edcias com \u00eanfase em Niter\u00f3i, criando conte\u00fados desde a capital Rio de Janeiro, com olhar para o Leste Fluminense e suas cidades como S\u00e3o Gon\u00e7alo, Itabora\u00ed, Rio Bonito, Maric\u00e1, Saquarema e Araruama","publisher":{"@id":"https:\/\/folhadoleste.com.br\/#organization"},"alternateName":"FL","potentialAction":[{"@type":"SearchAction","target":{"@type":"EntryPoint","urlTemplate":"https:\/\/folhadoleste.com.br\/?s={search_term_string}"},"query-input":{"@type":"PropertyValueSpecification","valueRequired":true,"valueName":"search_term_string"}}],"inLanguage":"en-US"},{"@type":"Organization","@id":"https:\/\/folhadoleste.com.br\/#organization","name":"Brasil 21 Comunica\u00e7\u00e3o","alternateName":"BR21","url":"https:\/\/folhadoleste.com.br\/","logo":{"@type":"ImageObject","inLanguage":"en-US","@id":"https:\/\/folhadoleste.com.br\/#\/schema\/logo\/image\/","url":"https:\/\/folhadoleste.com.br\/wp-content\/uploads\/2025\/12\/brasil-21-logomarca.avif","contentUrl":"https:\/\/folhadoleste.com.br\/wp-content\/uploads\/2025\/12\/brasil-21-logomarca.avif","width":1044,"height":1044,"caption":"Brasil 21 Comunica\u00e7\u00e3o"},"image":{"@id":"https:\/\/folhadoleste.com.br\/#\/schema\/logo\/image\/"},"sameAs":["https:\/\/www.facebook.com\/folhadoleste","https:\/\/x.com\/FolhadoLesteRJ","https:\/\/www.instagram.com\/folhadoleste\/"]},{"@type":"Person","@id":"https:\/\/folhadoleste.com.br\/#\/schema\/person\/05d8a4b256c9faea581495e6c9be06f2","name":"Enzo Carvalho","image":{"@type":"ImageObject","inLanguage":"en-US","@id":"https:\/\/folhadoleste.com.br\/wp-content\/litespeed\/avatar\/3fe471b6df482b28961bb8e87cd40a81.jpg?ver=1777161141","url":"https:\/\/folhadoleste.com.br\/wp-content\/litespeed\/avatar\/3fe471b6df482b28961bb8e87cd40a81.jpg?ver=1777161141","contentUrl":"https:\/\/folhadoleste.com.br\/wp-content\/litespeed\/avatar\/3fe471b6df482b28961bb8e87cd40a81.jpg?ver=1777161141","caption":"Enzo Carvalho"},"description":"Enzo Carvalho \u00e9 jornalista profissional, com atua\u00e7\u00e3o voltada \u00e0 cobertura de inova\u00e7\u00e3o, tecnologia, cotidiano e esportes. Ex-jogador profissional de e-sports, traz para o jornalismo uma compreens\u00e3o pr\u00e1tica do universo digital, das plataformas tecnol\u00f3gicas e das transforma\u00e7\u00f5es provocadas pela cultura conectada.","url":"https:\/\/folhadoleste.com.br\/en\/author\/enzo-carvalho\/"}]}},"_links":{"self":[{"href":"https:\/\/folhadoleste.com.br\/en\/wp-json\/wp\/v2\/posts\/130527","targetHints":{"allow":["GET"]}}],"collection":[{"href":"https:\/\/folhadoleste.com.br\/en\/wp-json\/wp\/v2\/posts"}],"about":[{"href":"https:\/\/folhadoleste.com.br\/en\/wp-json\/wp\/v2\/types\/post"}],"author":[{"embeddable":true,"href":"https:\/\/folhadoleste.com.br\/en\/wp-json\/wp\/v2\/users\/5"}],"replies":[{"embeddable":true,"href":"https:\/\/folhadoleste.com.br\/en\/wp-json\/wp\/v2\/comments?post=130527"}],"version-history":[{"count":1,"href":"https:\/\/folhadoleste.com.br\/en\/wp-json\/wp\/v2\/posts\/130527\/revisions"}],"predecessor-version":[{"id":130530,"href":"https:\/\/folhadoleste.com.br\/en\/wp-json\/wp\/v2\/posts\/130527\/revisions\/130530"}],"wp:featuredmedia":[{"embeddable":true,"href":"https:\/\/folhadoleste.com.br\/en\/wp-json\/wp\/v2\/media\/130529"}],"wp:attachment":[{"href":"https:\/\/folhadoleste.com.br\/en\/wp-json\/wp\/v2\/media?parent=130527"}],"wp:term":[{"taxonomy":"category","embeddable":true,"href":"https:\/\/folhadoleste.com.br\/en\/wp-json\/wp\/v2\/categories?post=130527"},{"taxonomy":"post_tag","embeddable":true,"href":"https:\/\/folhadoleste.com.br\/en\/wp-json\/wp\/v2\/tags?post=130527"}],"curies":[{"name":"wp","href":"https:\/\/api.w.org\/{rel}","templated":true}]}}