{"id":130424,"date":"2025-07-09T15:10:51","date_gmt":"2025-07-09T18:10:51","guid":{"rendered":"https:\/\/folhadoleste.com.br\/?p=130424"},"modified":"2025-07-09T18:41:44","modified_gmt":"2025-07-09T21:41:44","slug":"obra-viaria-tunel-roberto-silveira-niteroi","status":"publish","type":"post","link":"https:\/\/folhadoleste.com.br\/en\/obra-viaria-tunel-roberto-silveira-niteroi\/","title":{"rendered":"Prefeito vistoria obra vi\u00e1ria no entorno do T\u00fanel Roberto Silveira em Niter\u00f3i"},"content":{"rendered":"<div id=\"attachment_130426\" style=\"width: 2570px\" class=\"wp-caption aligncenter\"><img decoding=\"async\" aria-describedby=\"caption-attachment-130426\" class=\"size-full wp-image-130426\" src=\"https:\/\/folhadoleste.com.br\/wp-content\/uploads\/2025\/07\/Prefeito-vistoria-obra-viaria-no-entorno-do-Tunel-Roberto-Silveira-em-Niteroi-3-Foto-Divulgacao-Evelen-Gouvea-Prefeitura-de-Niteroi-scaled.jpeg\" alt=\"\" width=\"2560\" height=\"1707\" \/><p id=\"caption-attachment-130426\" class=\"wp-caption-text\">Prefeito vistoria obra vi\u00e1ria no entorno do T\u00fanel Roberto Silveira em Niter\u00f3i | Divulga\u00e7\u00e3o\/Evelen Gouv\u00eaa\/Prefeitura de Niter\u00f3i<\/p><\/div>\n<p style=\"text-align: justify;\" data-start=\"876\" data-end=\"1171\">A obra vi\u00e1ria no entorno do T\u00fanel Roberto Silveira, em Niter\u00f3i, avan\u00e7a com foco na mobilidade urbana e na preven\u00e7\u00e3o de alagamentos. O prefeito Rodrigo Neves vistoriou os servi\u00e7os nesta quarta-feira (9) e destacou o impacto positivo das interven\u00e7\u00f5es para os bairros de Icara\u00ed e S\u00e3o Francisco.<\/p>\n<h5><a href=\"https:\/\/chat.whatsapp.com\/ItvWOvY08sCCpPxovKnYb6\"><img decoding=\"async\" class=\"wp-image-109746 size-full aligncenter\" src=\"https:\/\/folhadoleste.com.br\/wp-content\/uploads\/2025\/02\/WHATSAPP-FOLHA-DO-LESTE-600x200-1.png\" alt=\"\" width=\"600\" height=\"200\" \/><\/a><\/h5>\n<p style=\"text-align: justify;\" data-start=\"1173\" data-end=\"1353\">As equipes da Empresa de Infraestrutura e Obras de Niter\u00f3i (ION) executam a amplia\u00e7\u00e3o das faixas de rolamento, implanta\u00e7\u00e3o de ciclovia, nova drenagem e urbaniza\u00e7\u00e3o de cal\u00e7adas.<\/p>\n<blockquote>\n<div dir=\"auto\" style=\"text-align: justify;\">&#8220;Come\u00e7amos essa obra h\u00e1 poucas semanas para resolver um problema de d\u00e9cadas, que era o gargalo de entrada no bairro de S\u00e3o Francisco. Era um funil e agora teremos uma entrada com quatro vias, ciclovia, conten\u00e7\u00e3o de encostas, plantio de 60 ip\u00eas roxos e preserva\u00e7\u00e3o da paineira. Tudo isso foi feito em pouco tempo, com planejamento e dedica\u00e7\u00e3o das equipes. \u00c9 tempo de avan\u00e7ar, vamos em frente&#8221;, afirmou o prefeito Rodrigo Neves.<\/div>\n<\/blockquote>\n<h4 style=\"text-align: justify;\" data-start=\"1577\" data-end=\"1623\"><em>Faixas ampliadas e nova conex\u00e3o com a orla<\/em><\/h4>\n<p style=\"text-align: justify;\" data-start=\"1625\" data-end=\"1873\">A nova configura\u00e7\u00e3o inclui duas faixas com destino \u00e0 Avenida Presidente Roosevelt e outras duas no sentido Charitas. Uma curva de acesso para ve\u00edculos vindos da Avenida Quintino Bocaiuva tamb\u00e9m foi criada, com readequa\u00e7\u00e3o do sem\u00e1foro e da ciclovia.<\/p>\n<div id=\"attachment_130427\" style=\"width: 2570px\" class=\"wp-caption aligncenter\"><img decoding=\"async\" aria-describedby=\"caption-attachment-130427\" class=\"size-full wp-image-130427\" src=\"https:\/\/folhadoleste.com.br\/wp-content\/uploads\/2025\/07\/Prefeito-vistoria-obra-viaria-no-entorno-do-Tunel-Roberto-Silveira-em-Niteroi-2-Foto-Divulgacao-Evelen-Gouvea-Prefeitura-de-Niteroi-scaled.jpeg\" alt=\"\" width=\"2560\" height=\"1707\" \/><p id=\"caption-attachment-130427\" class=\"wp-caption-text\">Prefeito vistoria obra vi\u00e1ria no entorno do T\u00fanel Roberto Silveira em Niter\u00f3i | Divulga\u00e7\u00e3o\/Evelen Gouv\u00eaa\/Prefeitura de Niter\u00f3i<\/p><\/div>\n<p style=\"text-align: justify;\" data-start=\"1875\" data-end=\"2068\">A nova faixa de rolamento, no lado esquerdo da pista ap\u00f3s o t\u00fanel, est\u00e1 quase pronta. A \u00e1rea receber\u00e1 ainda canteiros verdes, caixas de ralo e ba\u00edas de estacionamento pr\u00f3ximas \u00e0 sede da Neltur.<\/p>\n<h4 style=\"text-align: justify;\" data-start=\"2070\" data-end=\"2112\"><em>Ponte entre Ary Parreiras e Santa Rosa<\/em><\/h4>\n<p style=\"text-align: justify;\" data-start=\"2114\" data-end=\"2353\">Na regi\u00e3o de Icara\u00ed, outra frente de obras avan\u00e7a na constru\u00e7\u00e3o de uma nova ponte entre a Avenida Ary Parreiras e as ruas Irineu Marinho e Lemos Cunha. A estrutura permitir\u00e1 convers\u00e3o direta para Santa Rosa, facilitando o retorno ao t\u00fanel.<\/p>\n<h5 style=\"text-align: center;\"><span style=\"color: #000000;\"><span style=\"color: #ff0000;\"><strong>+ <\/strong><\/span><\/span><span style=\"color: #000000;\"><strong><span style=\"color: #ff9900;\">MAIS NOT\u00cdCIAS DE NITER\u00d3I?<\/span>\u00a0<\/strong><\/span><span style=\"color: #008080;\"><a style=\"color: #008080;\" href=\"https:\/\/folhadoleste.com.br\/en\/category\/jornal-folha-do-leste-rj\/niteroi\/\"><strong>CLIQUE AQUI<\/strong><\/a><\/span><\/h5>\n<p style=\"text-align: justify;\" data-start=\"2355\" data-end=\"2546\">As a\u00e7\u00f5es fazem parte do programa de mobilidade urbana da Prefeitura, que aposta em interven\u00e7\u00f5es estruturantes para melhorar a fluidez e reduzir congestionamentos em pontos cr\u00edticos da cidade.<\/p>\n<p><a href=\"https:\/\/folhadoleste.com.br\/en\/vida\/\"><img decoding=\"async\" class=\"aligncenter wp-image-113547 size-full\" src=\"https:\/\/folhadoleste.com.br\/wp-content\/uploads\/2025\/03\/Sinteses-da-Vida.png\" alt=\"\" width=\"1800\" height=\"600\" \/><\/a><\/p>\n<p><a href=\"https:\/\/www.instagram.com\/folhadoleste\/\"><img decoding=\"async\" class=\"aligncenter wp-image-109748 size-medium\" src=\"https:\/\/folhadoleste.com.br\/wp-content\/uploads\/2025\/02\/Instagram-Folha-do-Leste-Widget-300x100.png\" alt=\"\" width=\"300\" height=\"100\" \/><\/a><\/p>\n<p><a href=\"https:\/\/facebook.com\/folhadoleste\"><img decoding=\"async\" class=\"aligncenter wp-image-109735 size-medium\" src=\"https:\/\/folhadoleste.com.br\/wp-content\/uploads\/2025\/02\/ANUNCIO-FACEBOOK-FOLHA-DO-LESTE-300x300.png\" alt=\"\" width=\"300\" height=\"300\" \/><\/a><\/p>","protected":false},"excerpt":{"rendered":"<p>A obra vi\u00e1ria no entorno do T\u00fanel Roberto Silveira, em Niter\u00f3i, avan\u00e7a com foco na mobilidade urbana e na preven\u00e7\u00e3o de alagamentos. O prefeito Rodrigo Neves vistoriou os servi\u00e7os nesta quarta-feira (9) e destacou o impacto positivo das interven\u00e7\u00f5es para os bairros de Icara\u00ed e S\u00e3o Francisco. As equipes da Empresa de Infraestrutura e Obras de Niter\u00f3i (ION) executam a amplia\u00e7\u00e3o das faixas de rolamento, implanta\u00e7\u00e3o de ciclovia, nova drenagem e urbaniza\u00e7\u00e3o de cal\u00e7adas. &#8220;Come\u00e7amos essa obra h\u00e1 poucas semanas para resolver um problema de d\u00e9cadas, que era o gargalo de entrada no bairro de S\u00e3o Francisco. Era um funil [&hellip;]<\/p>\n","protected":false},"author":5,"featured_media":130428,"comment_status":"open","ping_status":"open","sticky":false,"template":"","format":"standard","meta":{"footnotes":""},"categories":[47,5],"tags":[7092,1777,6198,54,3516,50,24317,1335,1283,20437,57321],"class_list":["post-130424","post","type-post","status-publish","format-standard","has-post-thumbnail","hentry","category-leste-fluminense","category-noticias-de-niteroi","tag-ciclovia","tag-icarai","tag-infraestrutura","tag-leste-fluminense","tag-mobilidade-urbana","tag-niteroi","tag-obras-publicas","tag-rodrigo-neves","tag-sao-francisco","tag-transito-em-niteroi","tag-tunel-roberto-silveira","post--single"],"yoast_head":"<!-- This site is optimized with the Yoast SEO plugin v27.4 - https:\/\/yoast.com\/product\/yoast-seo-wordpress\/ -->\n<title>Prefeito vistoria obra vi\u00e1ria no entorno do T\u00fanel Roberto Silveira em Niter\u00f3i<\/title>\n<meta name=\"description\" content=\"Obra no entorno do T\u00fanel Roberto Silveira amplia faixas e implanta ciclovia. Prefeito vistoria avan\u00e7o dos servi\u00e7os.\" \/>\n<meta name=\"robots\" content=\"index, follow, max-snippet:-1, max-image-preview:large, max-video-preview:-1\" \/>\n<link rel=\"canonical\" href=\"https:\/\/folhadoleste.com.br\/en\/obra-viaria-tunel-roberto-silveira-niteroi\/\" \/>\n<meta property=\"og:locale\" content=\"en_US\" \/>\n<meta property=\"og:type\" content=\"article\" \/>\n<meta property=\"og:title\" content=\"Prefeito vistoria obra vi\u00e1ria no entorno do T\u00fanel Roberto Silveira em Niter\u00f3i\" \/>\n<meta property=\"og:description\" content=\"Obra no entorno do T\u00fanel Roberto Silveira amplia faixas e implanta ciclovia. Prefeito vistoria avan\u00e7o dos servi\u00e7os.\" \/>\n<meta property=\"og:url\" content=\"https:\/\/folhadoleste.com.br\/en\/obra-viaria-tunel-roberto-silveira-niteroi\/\" \/>\n<meta property=\"og:site_name\" content=\"Folha do Leste\" \/>\n<meta property=\"article:publisher\" content=\"https:\/\/www.facebook.com\/folhadoleste\" \/>\n<meta property=\"article:published_time\" content=\"2025-07-09T18:10:51+00:00\" \/>\n<meta property=\"article:modified_time\" content=\"2025-07-09T21:41:44+00:00\" \/>\n<meta property=\"og:image\" content=\"https:\/\/folhadoleste.com.br\/wp-content\/uploads\/2025\/07\/Prefeito-vistoria-obra-viaria-no-entorno-do-Tunel-Roberto-Silveira-em-Niteroi-Foto-Divulgacao-Evelen-Gouvea-Prefeitura-de-Niteroi-scaled.jpeg\" \/>\n\t<meta property=\"og:image:width\" content=\"2560\" \/>\n\t<meta property=\"og:image:height\" content=\"1707\" \/>\n\t<meta property=\"og:image:type\" content=\"image\/jpeg\" \/>\n<meta name=\"author\" content=\"Enzo Carvalho\" \/>\n<meta name=\"twitter:card\" content=\"summary_large_image\" \/>\n<meta name=\"twitter:creator\" content=\"@FolhadoLesteRJ\" \/>\n<meta name=\"twitter:site\" content=\"@FolhadoLesteRJ\" \/>\n<meta name=\"twitter:label1\" content=\"Written by\" \/>\n\t<meta name=\"twitter:data1\" content=\"Enzo Carvalho\" \/>\n\t<meta name=\"twitter:label2\" content=\"Est. reading time\" \/>\n\t<meta name=\"twitter:data2\" content=\"3 minutes\" \/>\n<script type=\"application\/ld+json\" class=\"yoast-schema-graph\">{\"@context\":\"https:\\\/\\\/schema.org\",\"@graph\":[{\"@type\":\"NewsArticle\",\"@id\":\"https:\\\/\\\/folhadoleste.com.br\\\/obra-viaria-tunel-roberto-silveira-niteroi\\\/#article\",\"isPartOf\":{\"@id\":\"https:\\\/\\\/folhadoleste.com.br\\\/obra-viaria-tunel-roberto-silveira-niteroi\\\/\"},\"author\":{\"name\":\"Enzo Carvalho\",\"@id\":\"https:\\\/\\\/folhadoleste.com.br\\\/#\\\/schema\\\/person\\\/05d8a4b256c9faea581495e6c9be06f2\"},\"headline\":\"Prefeito vistoria obra vi\u00e1ria no entorno do T\u00fanel Roberto Silveira em Niter\u00f3i\",\"datePublished\":\"2025-07-09T18:10:51+00:00\",\"dateModified\":\"2025-07-09T21:41:44+00:00\",\"mainEntityOfPage\":{\"@id\":\"https:\\\/\\\/folhadoleste.com.br\\\/obra-viaria-tunel-roberto-silveira-niteroi\\\/\"},\"wordCount\":422,\"commentCount\":0,\"publisher\":{\"@id\":\"https:\\\/\\\/folhadoleste.com.br\\\/#organization\"},\"image\":{\"@id\":\"https:\\\/\\\/folhadoleste.com.br\\\/obra-viaria-tunel-roberto-silveira-niteroi\\\/#primaryimage\"},\"thumbnailUrl\":\"https:\\\/\\\/folhadoleste.com.br\\\/wp-content\\\/uploads\\\/2025\\\/07\\\/Prefeito-vistoria-obra-viaria-no-entorno-do-Tunel-Roberto-Silveira-em-Niteroi-Foto-Divulgacao-Evelen-Gouvea-Prefeitura-de-Niteroi-scaled.jpeg\",\"keywords\":[\"ciclovia\",\"Icara\u00ed\",\"infraestrutura\",\"Leste Fluminense\",\"mobilidade urbana\",\"Niter\u00f3i\",\"Obras p\u00fablicas\",\"Rodrigo Neves\",\"S\u00e3o Francisco\",\"tr\u00e2nsito em niter\u00f3i\",\"T\u00fanel Roberto Silveira\"],\"articleSection\":[\"Leste Fluminense\",\"Niter\u00f3i\"],\"inLanguage\":\"en-US\",\"potentialAction\":[{\"@type\":\"CommentAction\",\"name\":\"Comment\",\"target\":[\"https:\\\/\\\/folhadoleste.com.br\\\/obra-viaria-tunel-roberto-silveira-niteroi\\\/#respond\"]}]},{\"@type\":\"WebPage\",\"@id\":\"https:\\\/\\\/folhadoleste.com.br\\\/obra-viaria-tunel-roberto-silveira-niteroi\\\/\",\"url\":\"https:\\\/\\\/folhadoleste.com.br\\\/obra-viaria-tunel-roberto-silveira-niteroi\\\/\",\"name\":\"Prefeito vistoria obra vi\u00e1ria no entorno do T\u00fanel Roberto Silveira em Niter\u00f3i\",\"isPartOf\":{\"@id\":\"https:\\\/\\\/folhadoleste.com.br\\\/#website\"},\"primaryImageOfPage\":{\"@id\":\"https:\\\/\\\/folhadoleste.com.br\\\/obra-viaria-tunel-roberto-silveira-niteroi\\\/#primaryimage\"},\"image\":{\"@id\":\"https:\\\/\\\/folhadoleste.com.br\\\/obra-viaria-tunel-roberto-silveira-niteroi\\\/#primaryimage\"},\"thumbnailUrl\":\"https:\\\/\\\/folhadoleste.com.br\\\/wp-content\\\/uploads\\\/2025\\\/07\\\/Prefeito-vistoria-obra-viaria-no-entorno-do-Tunel-Roberto-Silveira-em-Niteroi-Foto-Divulgacao-Evelen-Gouvea-Prefeitura-de-Niteroi-scaled.jpeg\",\"datePublished\":\"2025-07-09T18:10:51+00:00\",\"dateModified\":\"2025-07-09T21:41:44+00:00\",\"description\":\"Obra no entorno do T\u00fanel Roberto Silveira amplia faixas e implanta ciclovia. Prefeito vistoria avan\u00e7o dos servi\u00e7os.\",\"breadcrumb\":{\"@id\":\"https:\\\/\\\/folhadoleste.com.br\\\/obra-viaria-tunel-roberto-silveira-niteroi\\\/#breadcrumb\"},\"inLanguage\":\"en-US\",\"potentialAction\":[{\"@type\":\"ReadAction\",\"target\":[\"https:\\\/\\\/folhadoleste.com.br\\\/obra-viaria-tunel-roberto-silveira-niteroi\\\/\"]}]},{\"@type\":\"ImageObject\",\"inLanguage\":\"en-US\",\"@id\":\"https:\\\/\\\/folhadoleste.com.br\\\/obra-viaria-tunel-roberto-silveira-niteroi\\\/#primaryimage\",\"url\":\"https:\\\/\\\/folhadoleste.com.br\\\/wp-content\\\/uploads\\\/2025\\\/07\\\/Prefeito-vistoria-obra-viaria-no-entorno-do-Tunel-Roberto-Silveira-em-Niteroi-Foto-Divulgacao-Evelen-Gouvea-Prefeitura-de-Niteroi-scaled.jpeg\",\"contentUrl\":\"https:\\\/\\\/folhadoleste.com.br\\\/wp-content\\\/uploads\\\/2025\\\/07\\\/Prefeito-vistoria-obra-viaria-no-entorno-do-Tunel-Roberto-Silveira-em-Niteroi-Foto-Divulgacao-Evelen-Gouvea-Prefeitura-de-Niteroi-scaled.jpeg\",\"width\":2560,\"height\":1707,\"caption\":\"Prefeito vistoria obra vi\u00e1ria no entorno do T\u00fanel Roberto Silveira em Niter\u00f3i | Divulga\u00e7\u00e3o\\\/Evelen Gouv\u00eaa\\\/Prefeitura de Niter\u00f3i\"},{\"@type\":\"BreadcrumbList\",\"@id\":\"https:\\\/\\\/folhadoleste.com.br\\\/obra-viaria-tunel-roberto-silveira-niteroi\\\/#breadcrumb\",\"itemListElement\":[{\"@type\":\"ListItem\",\"position\":1,\"name\":\"In\u00edcio\",\"item\":\"https:\\\/\\\/folhadoleste.com.br\\\/\"},{\"@type\":\"ListItem\",\"position\":2,\"name\":\"Estado do Rio de Janeiro\",\"item\":\"https:\\\/\\\/folhadoleste.com.br\\\/category\\\/estado-do-rio-de-janeiro\\\/\"},{\"@type\":\"ListItem\",\"position\":3,\"name\":\"Leste Fluminense\",\"item\":\"https:\\\/\\\/folhadoleste.com.br\\\/category\\\/estado-do-rio-de-janeiro\\\/leste-fluminense\\\/\"},{\"@type\":\"ListItem\",\"position\":4,\"name\":\"Niter\u00f3i\",\"item\":\"https:\\\/\\\/folhadoleste.com.br\\\/category\\\/estado-do-rio-de-janeiro\\\/leste-fluminense\\\/noticias-de-niteroi\\\/\"},{\"@type\":\"ListItem\",\"position\":5,\"name\":\"Prefeito vistoria obra vi\u00e1ria no entorno do T\u00fanel Roberto Silveira em Niter\u00f3i\"}]},{\"@type\":\"WebSite\",\"@id\":\"https:\\\/\\\/folhadoleste.com.br\\\/#website\",\"url\":\"https:\\\/\\\/folhadoleste.com.br\\\/\",\"name\":\"Folha do Leste\",\"description\":\"Portal de Not\u00edcias com \u00eanfase em Niter\u00f3i, criando conte\u00fados desde a capital Rio de Janeiro, com olhar para o Leste Fluminense e suas cidades como S\u00e3o Gon\u00e7alo, Itabora\u00ed, Rio Bonito, Maric\u00e1, Saquarema e Araruama\",\"publisher\":{\"@id\":\"https:\\\/\\\/folhadoleste.com.br\\\/#organization\"},\"alternateName\":\"FL\",\"potentialAction\":[{\"@type\":\"SearchAction\",\"target\":{\"@type\":\"EntryPoint\",\"urlTemplate\":\"https:\\\/\\\/folhadoleste.com.br\\\/?s={search_term_string}\"},\"query-input\":{\"@type\":\"PropertyValueSpecification\",\"valueRequired\":true,\"valueName\":\"search_term_string\"}}],\"inLanguage\":\"en-US\"},{\"@type\":\"Organization\",\"@id\":\"https:\\\/\\\/folhadoleste.com.br\\\/#organization\",\"name\":\"Brasil 21 Comunica\u00e7\u00e3o\",\"alternateName\":\"BR21\",\"url\":\"https:\\\/\\\/folhadoleste.com.br\\\/\",\"logo\":{\"@type\":\"ImageObject\",\"inLanguage\":\"en-US\",\"@id\":\"https:\\\/\\\/folhadoleste.com.br\\\/#\\\/schema\\\/logo\\\/image\\\/\",\"url\":\"https:\\\/\\\/folhadoleste.com.br\\\/wp-content\\\/uploads\\\/2025\\\/12\\\/brasil-21-logomarca.avif\",\"contentUrl\":\"https:\\\/\\\/folhadoleste.com.br\\\/wp-content\\\/uploads\\\/2025\\\/12\\\/brasil-21-logomarca.avif\",\"width\":1044,\"height\":1044,\"caption\":\"Brasil 21 Comunica\u00e7\u00e3o\"},\"image\":{\"@id\":\"https:\\\/\\\/folhadoleste.com.br\\\/#\\\/schema\\\/logo\\\/image\\\/\"},\"sameAs\":[\"https:\\\/\\\/www.facebook.com\\\/folhadoleste\",\"https:\\\/\\\/x.com\\\/FolhadoLesteRJ\",\"https:\\\/\\\/www.instagram.com\\\/folhadoleste\\\/\"]},{\"@type\":\"Person\",\"@id\":\"https:\\\/\\\/folhadoleste.com.br\\\/#\\\/schema\\\/person\\\/05d8a4b256c9faea581495e6c9be06f2\",\"name\":\"Enzo Carvalho\",\"image\":{\"@type\":\"ImageObject\",\"inLanguage\":\"en-US\",\"@id\":\"https:\\\/\\\/folhadoleste.com.br\\\/wp-content\\\/litespeed\\\/avatar\\\/3fe471b6df482b28961bb8e87cd40a81.jpg?ver=1777161141\",\"url\":\"https:\\\/\\\/folhadoleste.com.br\\\/wp-content\\\/litespeed\\\/avatar\\\/3fe471b6df482b28961bb8e87cd40a81.jpg?ver=1777161141\",\"contentUrl\":\"https:\\\/\\\/folhadoleste.com.br\\\/wp-content\\\/litespeed\\\/avatar\\\/3fe471b6df482b28961bb8e87cd40a81.jpg?ver=1777161141\",\"caption\":\"Enzo Carvalho\"},\"description\":\"Enzo Carvalho \u00e9 jornalista profissional, com atua\u00e7\u00e3o voltada \u00e0 cobertura de inova\u00e7\u00e3o, tecnologia, cotidiano e esportes. Ex-jogador profissional de e-sports, traz para o jornalismo uma compreens\u00e3o pr\u00e1tica do universo digital, das plataformas tecnol\u00f3gicas e das transforma\u00e7\u00f5es provocadas pela cultura conectada.\",\"url\":\"https:\\\/\\\/folhadoleste.com.br\\\/en\\\/author\\\/enzo-carvalho\\\/\"}]}<\/script>\n<!-- \/ Yoast SEO plugin. -->","yoast_head_json":{"title":"Prefeito vistoria obra vi\u00e1ria no entorno do T\u00fanel Roberto Silveira em Niter\u00f3i","description":"Obra no entorno do T\u00fanel Roberto Silveira amplia faixas e implanta ciclovia. Prefeito vistoria avan\u00e7o dos servi\u00e7os.","robots":{"index":"index","follow":"follow","max-snippet":"max-snippet:-1","max-image-preview":"max-image-preview:large","max-video-preview":"max-video-preview:-1"},"canonical":"https:\/\/folhadoleste.com.br\/en\/obra-viaria-tunel-roberto-silveira-niteroi\/","og_locale":"en_US","og_type":"article","og_title":"Prefeito vistoria obra vi\u00e1ria no entorno do T\u00fanel Roberto Silveira em Niter\u00f3i","og_description":"Obra no entorno do T\u00fanel Roberto Silveira amplia faixas e implanta ciclovia. Prefeito vistoria avan\u00e7o dos servi\u00e7os.","og_url":"https:\/\/folhadoleste.com.br\/en\/obra-viaria-tunel-roberto-silveira-niteroi\/","og_site_name":"Folha do Leste","article_publisher":"https:\/\/www.facebook.com\/folhadoleste","article_published_time":"2025-07-09T18:10:51+00:00","article_modified_time":"2025-07-09T21:41:44+00:00","og_image":[{"width":2560,"height":1707,"url":"https:\/\/folhadoleste.com.br\/wp-content\/uploads\/2025\/07\/Prefeito-vistoria-obra-viaria-no-entorno-do-Tunel-Roberto-Silveira-em-Niteroi-Foto-Divulgacao-Evelen-Gouvea-Prefeitura-de-Niteroi-scaled.jpeg","type":"image\/jpeg"}],"author":"Enzo Carvalho","twitter_card":"summary_large_image","twitter_creator":"@FolhadoLesteRJ","twitter_site":"@FolhadoLesteRJ","twitter_misc":{"Written by":"Enzo Carvalho","Est. reading time":"3 minutes"},"schema":{"@context":"https:\/\/schema.org","@graph":[{"@type":"NewsArticle","@id":"https:\/\/folhadoleste.com.br\/obra-viaria-tunel-roberto-silveira-niteroi\/#article","isPartOf":{"@id":"https:\/\/folhadoleste.com.br\/obra-viaria-tunel-roberto-silveira-niteroi\/"},"author":{"name":"Enzo Carvalho","@id":"https:\/\/folhadoleste.com.br\/#\/schema\/person\/05d8a4b256c9faea581495e6c9be06f2"},"headline":"Prefeito vistoria obra vi\u00e1ria no entorno do T\u00fanel Roberto Silveira em Niter\u00f3i","datePublished":"2025-07-09T18:10:51+00:00","dateModified":"2025-07-09T21:41:44+00:00","mainEntityOfPage":{"@id":"https:\/\/folhadoleste.com.br\/obra-viaria-tunel-roberto-silveira-niteroi\/"},"wordCount":422,"commentCount":0,"publisher":{"@id":"https:\/\/folhadoleste.com.br\/#organization"},"image":{"@id":"https:\/\/folhadoleste.com.br\/obra-viaria-tunel-roberto-silveira-niteroi\/#primaryimage"},"thumbnailUrl":"https:\/\/folhadoleste.com.br\/wp-content\/uploads\/2025\/07\/Prefeito-vistoria-obra-viaria-no-entorno-do-Tunel-Roberto-Silveira-em-Niteroi-Foto-Divulgacao-Evelen-Gouvea-Prefeitura-de-Niteroi-scaled.jpeg","keywords":["ciclovia","Icara\u00ed","infraestrutura","Leste Fluminense","mobilidade urbana","Niter\u00f3i","Obras p\u00fablicas","Rodrigo Neves","S\u00e3o Francisco","tr\u00e2nsito em niter\u00f3i","T\u00fanel Roberto Silveira"],"articleSection":["Leste Fluminense","Niter\u00f3i"],"inLanguage":"en-US","potentialAction":[{"@type":"CommentAction","name":"Comment","target":["https:\/\/folhadoleste.com.br\/obra-viaria-tunel-roberto-silveira-niteroi\/#respond"]}]},{"@type":"WebPage","@id":"https:\/\/folhadoleste.com.br\/obra-viaria-tunel-roberto-silveira-niteroi\/","url":"https:\/\/folhadoleste.com.br\/obra-viaria-tunel-roberto-silveira-niteroi\/","name":"Prefeito vistoria obra vi\u00e1ria no entorno do T\u00fanel Roberto Silveira em Niter\u00f3i","isPartOf":{"@id":"https:\/\/folhadoleste.com.br\/#website"},"primaryImageOfPage":{"@id":"https:\/\/folhadoleste.com.br\/obra-viaria-tunel-roberto-silveira-niteroi\/#primaryimage"},"image":{"@id":"https:\/\/folhadoleste.com.br\/obra-viaria-tunel-roberto-silveira-niteroi\/#primaryimage"},"thumbnailUrl":"https:\/\/folhadoleste.com.br\/wp-content\/uploads\/2025\/07\/Prefeito-vistoria-obra-viaria-no-entorno-do-Tunel-Roberto-Silveira-em-Niteroi-Foto-Divulgacao-Evelen-Gouvea-Prefeitura-de-Niteroi-scaled.jpeg","datePublished":"2025-07-09T18:10:51+00:00","dateModified":"2025-07-09T21:41:44+00:00","description":"Obra no entorno do T\u00fanel Roberto Silveira amplia faixas e implanta ciclovia. Prefeito vistoria avan\u00e7o dos servi\u00e7os.","breadcrumb":{"@id":"https:\/\/folhadoleste.com.br\/obra-viaria-tunel-roberto-silveira-niteroi\/#breadcrumb"},"inLanguage":"en-US","potentialAction":[{"@type":"ReadAction","target":["https:\/\/folhadoleste.com.br\/obra-viaria-tunel-roberto-silveira-niteroi\/"]}]},{"@type":"ImageObject","inLanguage":"en-US","@id":"https:\/\/folhadoleste.com.br\/obra-viaria-tunel-roberto-silveira-niteroi\/#primaryimage","url":"https:\/\/folhadoleste.com.br\/wp-content\/uploads\/2025\/07\/Prefeito-vistoria-obra-viaria-no-entorno-do-Tunel-Roberto-Silveira-em-Niteroi-Foto-Divulgacao-Evelen-Gouvea-Prefeitura-de-Niteroi-scaled.jpeg","contentUrl":"https:\/\/folhadoleste.com.br\/wp-content\/uploads\/2025\/07\/Prefeito-vistoria-obra-viaria-no-entorno-do-Tunel-Roberto-Silveira-em-Niteroi-Foto-Divulgacao-Evelen-Gouvea-Prefeitura-de-Niteroi-scaled.jpeg","width":2560,"height":1707,"caption":"Prefeito vistoria obra vi\u00e1ria no entorno do T\u00fanel Roberto Silveira em Niter\u00f3i | Divulga\u00e7\u00e3o\/Evelen Gouv\u00eaa\/Prefeitura de Niter\u00f3i"},{"@type":"BreadcrumbList","@id":"https:\/\/folhadoleste.com.br\/obra-viaria-tunel-roberto-silveira-niteroi\/#breadcrumb","itemListElement":[{"@type":"ListItem","position":1,"name":"In\u00edcio","item":"https:\/\/folhadoleste.com.br\/"},{"@type":"ListItem","position":2,"name":"Estado do Rio de Janeiro","item":"https:\/\/folhadoleste.com.br\/category\/estado-do-rio-de-janeiro\/"},{"@type":"ListItem","position":3,"name":"Leste Fluminense","item":"https:\/\/folhadoleste.com.br\/category\/estado-do-rio-de-janeiro\/leste-fluminense\/"},{"@type":"ListItem","position":4,"name":"Niter\u00f3i","item":"https:\/\/folhadoleste.com.br\/category\/estado-do-rio-de-janeiro\/leste-fluminense\/noticias-de-niteroi\/"},{"@type":"ListItem","position":5,"name":"Prefeito vistoria obra vi\u00e1ria no entorno do T\u00fanel Roberto Silveira em Niter\u00f3i"}]},{"@type":"WebSite","@id":"https:\/\/folhadoleste.com.br\/#website","url":"https:\/\/folhadoleste.com.br\/","name":"Folha do Leste","description":"Portal de Not\u00edcias com \u00eanfase em Niter\u00f3i, criando conte\u00fados desde a capital Rio de Janeiro, com olhar para o Leste Fluminense e suas cidades como S\u00e3o Gon\u00e7alo, Itabora\u00ed, Rio Bonito, Maric\u00e1, Saquarema e Araruama","publisher":{"@id":"https:\/\/folhadoleste.com.br\/#organization"},"alternateName":"FL","potentialAction":[{"@type":"SearchAction","target":{"@type":"EntryPoint","urlTemplate":"https:\/\/folhadoleste.com.br\/?s={search_term_string}"},"query-input":{"@type":"PropertyValueSpecification","valueRequired":true,"valueName":"search_term_string"}}],"inLanguage":"en-US"},{"@type":"Organization","@id":"https:\/\/folhadoleste.com.br\/#organization","name":"Brasil 21 Comunica\u00e7\u00e3o","alternateName":"BR21","url":"https:\/\/folhadoleste.com.br\/","logo":{"@type":"ImageObject","inLanguage":"en-US","@id":"https:\/\/folhadoleste.com.br\/#\/schema\/logo\/image\/","url":"https:\/\/folhadoleste.com.br\/wp-content\/uploads\/2025\/12\/brasil-21-logomarca.avif","contentUrl":"https:\/\/folhadoleste.com.br\/wp-content\/uploads\/2025\/12\/brasil-21-logomarca.avif","width":1044,"height":1044,"caption":"Brasil 21 Comunica\u00e7\u00e3o"},"image":{"@id":"https:\/\/folhadoleste.com.br\/#\/schema\/logo\/image\/"},"sameAs":["https:\/\/www.facebook.com\/folhadoleste","https:\/\/x.com\/FolhadoLesteRJ","https:\/\/www.instagram.com\/folhadoleste\/"]},{"@type":"Person","@id":"https:\/\/folhadoleste.com.br\/#\/schema\/person\/05d8a4b256c9faea581495e6c9be06f2","name":"Enzo Carvalho","image":{"@type":"ImageObject","inLanguage":"en-US","@id":"https:\/\/folhadoleste.com.br\/wp-content\/litespeed\/avatar\/3fe471b6df482b28961bb8e87cd40a81.jpg?ver=1777161141","url":"https:\/\/folhadoleste.com.br\/wp-content\/litespeed\/avatar\/3fe471b6df482b28961bb8e87cd40a81.jpg?ver=1777161141","contentUrl":"https:\/\/folhadoleste.com.br\/wp-content\/litespeed\/avatar\/3fe471b6df482b28961bb8e87cd40a81.jpg?ver=1777161141","caption":"Enzo Carvalho"},"description":"Enzo Carvalho \u00e9 jornalista profissional, com atua\u00e7\u00e3o voltada \u00e0 cobertura de inova\u00e7\u00e3o, tecnologia, cotidiano e esportes. Ex-jogador profissional de e-sports, traz para o jornalismo uma compreens\u00e3o pr\u00e1tica do universo digital, das plataformas tecnol\u00f3gicas e das transforma\u00e7\u00f5es provocadas pela cultura conectada.","url":"https:\/\/folhadoleste.com.br\/en\/author\/enzo-carvalho\/"}]}},"_links":{"self":[{"href":"https:\/\/folhadoleste.com.br\/en\/wp-json\/wp\/v2\/posts\/130424","targetHints":{"allow":["GET"]}}],"collection":[{"href":"https:\/\/folhadoleste.com.br\/en\/wp-json\/wp\/v2\/posts"}],"about":[{"href":"https:\/\/folhadoleste.com.br\/en\/wp-json\/wp\/v2\/types\/post"}],"author":[{"embeddable":true,"href":"https:\/\/folhadoleste.com.br\/en\/wp-json\/wp\/v2\/users\/5"}],"replies":[{"embeddable":true,"href":"https:\/\/folhadoleste.com.br\/en\/wp-json\/wp\/v2\/comments?post=130424"}],"version-history":[{"count":1,"href":"https:\/\/folhadoleste.com.br\/en\/wp-json\/wp\/v2\/posts\/130424\/revisions"}],"predecessor-version":[{"id":130429,"href":"https:\/\/folhadoleste.com.br\/en\/wp-json\/wp\/v2\/posts\/130424\/revisions\/130429"}],"wp:featuredmedia":[{"embeddable":true,"href":"https:\/\/folhadoleste.com.br\/en\/wp-json\/wp\/v2\/media\/130428"}],"wp:attachment":[{"href":"https:\/\/folhadoleste.com.br\/en\/wp-json\/wp\/v2\/media?parent=130424"}],"wp:term":[{"taxonomy":"category","embeddable":true,"href":"https:\/\/folhadoleste.com.br\/en\/wp-json\/wp\/v2\/categories?post=130424"},{"taxonomy":"post_tag","embeddable":true,"href":"https:\/\/folhadoleste.com.br\/en\/wp-json\/wp\/v2\/tags?post=130424"}],"curies":[{"name":"wp","href":"https:\/\/api.w.org\/{rel}","templated":true}]}}