{"id":130028,"date":"2025-07-07T00:20:26","date_gmt":"2025-07-07T03:20:26","guid":{"rendered":"https:\/\/folhadoleste.com.br\/?p=130028"},"modified":"2025-07-07T00:20:26","modified_gmt":"2025-07-07T03:20:26","slug":"programa-painel-bmc-estreia-nesta-terca-feira-8","status":"publish","type":"post","link":"https:\/\/folhadoleste.com.br\/en\/programa-painel-bmc-estreia-nesta-terca-feira-8\/","title":{"rendered":"Programa Painel BM&#038;C estreia nesta ter\u00e7a-feira (8) com apresenta\u00e7\u00e3o da jornalista Paula Moraes"},"content":{"rendered":"<div id=\"attachment_130056\" style=\"width: 1610px\" class=\"wp-caption alignnone\"><img decoding=\"async\" aria-describedby=\"caption-attachment-130056\" class=\"wp-image-130056 size-full\" src=\"https:\/\/folhadoleste.com.br\/wp-content\/uploads\/2025\/07\/Painel-BMC.jpg\" alt=\"Programa Painel BM&amp;C ter\u00e1 a jornalista Paula Moraes como apresentadora e contar\u00e1, ainda, com a participa\u00e7\u00e3o de Bruno Musa e Roberto Dumas, especialistas em economia e rela\u00e7\u00f5es internacionais | Divulga\u00e7\u00e3o\" width=\"1600\" height=\"900\" \/><p id=\"caption-attachment-130056\" class=\"wp-caption-text\">Programa Painel BM&amp;C ter\u00e1 a jornalista Paula Moraes como apresentadora e contar\u00e1, ainda, com a participa\u00e7\u00e3o de Bruno Musa e Roberto Dumas, especialistas em economia e rela\u00e7\u00f5es internacionais | Divulga\u00e7\u00e3o<\/p><\/div>\n<p style=\"text-align: justify;\" data-start=\"569\" data-end=\"931\">A BM&amp;C News estreia, na pr\u00f3xima ter\u00e7a-feira (8), o programa <strong data-start=\"631\" data-end=\"646\">Painel BM&amp;C<\/strong>, com jornalistas e especialistas capacitados em conectar pol\u00edtica, mercado e comportamento. A nova atra\u00e7\u00e3o promete ter linguagem acess\u00edvel\u00a0 e an\u00e1lise estrat\u00e9gica do cotidiano governamental no que diz respeito \u00e0 economia. A\u00a0 atra\u00e7\u00e3o ter\u00e1 exibi\u00e7\u00e3o semanal, \u00e0s ter\u00e7as-feiras, \u00e0s 21h, mas contar\u00e1 com reprises \u00e0s quintas (20h) e s\u00e1bados (14h30), em todas as plataformas da emissora.<\/p>\n<p style=\"text-align: justify;\" data-start=\"569\" data-end=\"931\">A apresenta\u00e7\u00e3o fica por conta da jornalista Paula Moraes. Ela divide a bancada com o economista Bruno Musa, assim como com Roberto Dumas, especialista em rela\u00e7\u00f5es internacionais.<\/p>\n<p style=\"text-align: justify;\" data-start=\"933\" data-end=\"1263\">Esse programa consiste em uma excelente oportunidade para que a sociedade, bem como a pr\u00f3pria classe pol\u00edtica, consiga compreender de que modo os famosos &#8220;investidores&#8221; formam sua opini\u00e3o. Principalmente, em como eles enxergam as decis\u00f5es dos poderes.<\/p>\n<p style=\"text-align: justify;\" data-start=\"933\" data-end=\"1263\">Afinal, a pauta sempre estar\u00e1 conectada \u00e0s an\u00e1lises estrat\u00e9gicas de diversos cen\u00e1rios. Por exemplo, elei\u00e7\u00f5es, c\u00e2mbio, juros, tend\u00eancias globais, rela\u00e7\u00f5es exteriores do Brasil e seus riscos ao capital, estabilidades e instabilidades. Tudo o que interessa a quem coloca dinheiro em risco.<\/p>\n<blockquote>\n<p style=\"text-align: justify;\" data-start=\"933\" data-end=\"1263\">\u201cO Painel nasce para vermos discuss\u00f5es que saiam do raso e rompam com a l\u00f3gica das discuss\u00f5es polarizadas que dominam tantos outros espa\u00e7os. \u00c9 um programa para quem quer compreender o poder em sua complexidade e n\u00e3o apenas torcer de fora\u201d, pondera Paula Moraes.<\/p>\n<\/blockquote>\n<p style=\"text-align: justify;\" data-start=\"1998\" data-end=\"2354\">Para quem se interessa por economia, comportamento institucional ou simplesmente quer entender os impactos dos bastidores do poder nas engrenagens do mercado, o programa promete boas conversas e provoca\u00e7\u00f5es inteligentes. Entretanto, quem prefere fugir de pautas pol\u00edtico-econ\u00f4micas, vale o convite saber do que se trata \u2014 e decidir se quer entrar ou n\u00e3o nessa pauta.<\/p>\n<p data-start=\"1998\" data-end=\"2354\"><a href=\"https:\/\/chat.whatsapp.com\/ItvWOvY08sCCpPxovKnYb6\"><img decoding=\"async\" class=\"aligncenter wp-image-109746 size-full\" src=\"https:\/\/folhadoleste.com.br\/wp-content\/uploads\/2025\/02\/WHATSAPP-FOLHA-DO-LESTE-600x200-1.png\" alt=\"\" width=\"600\" height=\"200\" \/><\/a><\/p>","protected":false},"excerpt":{"rendered":"<p>A BM&amp;C News estreia, na pr\u00f3xima ter\u00e7a-feira (8), o programa Painel BM&amp;C, com jornalistas e especialistas capacitados em conectar pol\u00edtica, mercado e comportamento. A nova atra\u00e7\u00e3o promete ter linguagem acess\u00edvel\u00a0 e an\u00e1lise estrat\u00e9gica do cotidiano governamental no que diz respeito \u00e0 economia. A\u00a0 atra\u00e7\u00e3o ter\u00e1 exibi\u00e7\u00e3o semanal, \u00e0s ter\u00e7as-feiras, \u00e0s 21h, mas contar\u00e1 com reprises \u00e0s quintas (20h) e s\u00e1bados (14h30), em todas as plataformas da emissora. A apresenta\u00e7\u00e3o fica por conta da jornalista Paula Moraes. Ela divide a bancada com o economista Bruno Musa, assim como com Roberto Dumas, especialista em rela\u00e7\u00f5es internacionais. Esse programa consiste em uma excelente [&hellip;]<\/p>\n","protected":false},"author":2,"featured_media":130056,"comment_status":"open","ping_status":"open","sticky":false,"template":"","format":"standard","meta":{"footnotes":""},"categories":[145,83],"tags":[80679,63309,80681,80670,80672,52951,80680,48163,80675,80678,80676,849,80677,80669,80671,80674,80682,35565,80673,63086],"class_list":["post-130028","post","type-post","status-publish","format-standard","has-post-thumbnail","hentry","category-economia","category-entretenimento-artes-e-cultura-destaque","tag-analise-institucional","tag-bastidores-do-poder","tag-bmc-estreia","tag-bmc-news","tag-bruno-musa","tag-cenario-economico","tag-debate-semanal","tag-eleicoes-2026","tag-entretenimento-politico","tag-infotenimento","tag-jornalismo-economico","tag-mercado-financeiro","tag-nova-atracao-bmc","tag-painel-bmc","tag-paula-moraes","tag-programa-de-analise","tag-programa-de-terca-feira","tag-programacao-de-tv","tag-roberto-dumas","tag-tv-e-politica","post--single"],"yoast_head":"<!-- This site is optimized with the Yoast SEO plugin v27.4 - https:\/\/yoast.com\/product\/yoast-seo-wordpress\/ -->\n<title>Programa Painel BM&amp;C estreia nesta ter\u00e7a-feira (8) &#8226; Folha do Leste<\/title>\n<meta name=\"description\" content=\"Painel BM&amp;C: programa ter\u00e1 a jornalista Paula Moraes como apresentadora e contar\u00e1, ainda, com a participa\u00e7\u00e3o de Bruno Musa e Roberto Dumas\" \/>\n<meta name=\"robots\" content=\"index, follow, max-snippet:-1, max-image-preview:large, max-video-preview:-1\" \/>\n<link rel=\"canonical\" href=\"https:\/\/folhadoleste.com.br\/en\/programa-painel-bmc-estreia-nesta-terca-feira-8\/\" \/>\n<meta property=\"og:locale\" content=\"en_US\" \/>\n<meta property=\"og:type\" content=\"article\" \/>\n<meta property=\"og:title\" content=\"Programa Painel BM&amp;C estreia nesta ter\u00e7a-feira (8) &#8226; Folha do Leste\" \/>\n<meta property=\"og:description\" content=\"Painel BM&amp;C: programa ter\u00e1 a jornalista Paula Moraes como apresentadora e contar\u00e1, ainda, com a participa\u00e7\u00e3o de Bruno Musa e Roberto Dumas\" \/>\n<meta property=\"og:url\" content=\"https:\/\/folhadoleste.com.br\/en\/programa-painel-bmc-estreia-nesta-terca-feira-8\/\" \/>\n<meta property=\"og:site_name\" content=\"Folha do Leste\" \/>\n<meta property=\"article:publisher\" content=\"https:\/\/www.facebook.com\/folhadoleste\" \/>\n<meta property=\"article:author\" content=\"https:\/\/www.facebook.com\/reporter.andrefreitas\/\" \/>\n<meta property=\"article:published_time\" content=\"2025-07-07T03:20:26+00:00\" \/>\n<meta property=\"og:image\" content=\"https:\/\/folhadoleste.com.br\/wp-content\/uploads\/2025\/07\/Painel-BMC.jpg\" \/>\n\t<meta property=\"og:image:width\" content=\"1600\" \/>\n\t<meta property=\"og:image:height\" content=\"900\" \/>\n\t<meta property=\"og:image:type\" content=\"image\/jpeg\" \/>\n<meta name=\"author\" content=\"Andr\u00e9 Freitas\" \/>\n<meta name=\"twitter:card\" content=\"summary_large_image\" \/>\n<meta name=\"twitter:creator\" content=\"@andrefreitas_fl\" \/>\n<meta name=\"twitter:site\" content=\"@FolhadoLesteRJ\" \/>\n<meta name=\"twitter:label1\" content=\"Written by\" \/>\n\t<meta name=\"twitter:data1\" content=\"Andr\u00e9 Freitas\" \/>\n\t<meta name=\"twitter:label2\" content=\"Est. reading time\" \/>\n\t<meta name=\"twitter:data2\" content=\"3 minutes\" \/>\n<script type=\"application\/ld+json\" class=\"yoast-schema-graph\">{\"@context\":\"https:\\\/\\\/schema.org\",\"@graph\":[{\"@type\":\"NewsArticle\",\"@id\":\"https:\\\/\\\/folhadoleste.com.br\\\/programa-painel-bmc-estreia-nesta-terca-feira-8\\\/#article\",\"isPartOf\":{\"@id\":\"https:\\\/\\\/folhadoleste.com.br\\\/programa-painel-bmc-estreia-nesta-terca-feira-8\\\/\"},\"author\":{\"name\":\"Andr\u00e9 Freitas\",\"@id\":\"https:\\\/\\\/folhadoleste.com.br\\\/#\\\/schema\\\/person\\\/7df02ce7ce01cc6d79b740381f6f5446\"},\"headline\":\"Programa Painel BM&#038;C estreia nesta ter\u00e7a-feira (8) com apresenta\u00e7\u00e3o da jornalista Paula Moraes\",\"datePublished\":\"2025-07-07T03:20:26+00:00\",\"mainEntityOfPage\":{\"@id\":\"https:\\\/\\\/folhadoleste.com.br\\\/programa-painel-bmc-estreia-nesta-terca-feira-8\\\/\"},\"wordCount\":360,\"commentCount\":0,\"publisher\":{\"@id\":\"https:\\\/\\\/folhadoleste.com.br\\\/#organization\"},\"image\":{\"@id\":\"https:\\\/\\\/folhadoleste.com.br\\\/programa-painel-bmc-estreia-nesta-terca-feira-8\\\/#primaryimage\"},\"thumbnailUrl\":\"https:\\\/\\\/folhadoleste.com.br\\\/wp-content\\\/uploads\\\/2025\\\/07\\\/Painel-BMC.jpg\",\"keywords\":[\"an\u00e1lise institucional\",\"bastidores do poder\",\"BM&amp;C estreia\",\"BM&amp;C News\",\"Bruno Musa\",\"cen\u00e1rio econ\u00f4mico\",\"debate semanal\",\"Elei\u00e7\u00f5es 2026\",\"entretenimento pol\u00edtico\",\"infotenimento\",\"jornalismo econ\u00f4mico\",\"Mercado financeiro\",\"nova atra\u00e7\u00e3o BM&amp;C\",\"Painel BM&amp;C\",\"Paula Moraes\",\"programa de an\u00e1lise\",\"programa de ter\u00e7a-feira\",\"programa\u00e7\u00e3o de TV\",\"Roberto Dumas\",\"TV e pol\u00edtica\"],\"articleSection\":[\"Economia\",\"Entretenimento, Artes e Cultura\"],\"inLanguage\":\"en-US\",\"potentialAction\":[{\"@type\":\"CommentAction\",\"name\":\"Comment\",\"target\":[\"https:\\\/\\\/folhadoleste.com.br\\\/programa-painel-bmc-estreia-nesta-terca-feira-8\\\/#respond\"]}]},{\"@type\":\"WebPage\",\"@id\":\"https:\\\/\\\/folhadoleste.com.br\\\/programa-painel-bmc-estreia-nesta-terca-feira-8\\\/\",\"url\":\"https:\\\/\\\/folhadoleste.com.br\\\/programa-painel-bmc-estreia-nesta-terca-feira-8\\\/\",\"name\":\"Programa Painel BM&C estreia nesta ter\u00e7a-feira (8) &#8226; Folha do Leste\",\"isPartOf\":{\"@id\":\"https:\\\/\\\/folhadoleste.com.br\\\/#website\"},\"primaryImageOfPage\":{\"@id\":\"https:\\\/\\\/folhadoleste.com.br\\\/programa-painel-bmc-estreia-nesta-terca-feira-8\\\/#primaryimage\"},\"image\":{\"@id\":\"https:\\\/\\\/folhadoleste.com.br\\\/programa-painel-bmc-estreia-nesta-terca-feira-8\\\/#primaryimage\"},\"thumbnailUrl\":\"https:\\\/\\\/folhadoleste.com.br\\\/wp-content\\\/uploads\\\/2025\\\/07\\\/Painel-BMC.jpg\",\"datePublished\":\"2025-07-07T03:20:26+00:00\",\"description\":\"Painel BM&C: programa ter\u00e1 a jornalista Paula Moraes como apresentadora e contar\u00e1, ainda, com a participa\u00e7\u00e3o de Bruno Musa e Roberto Dumas\",\"breadcrumb\":{\"@id\":\"https:\\\/\\\/folhadoleste.com.br\\\/programa-painel-bmc-estreia-nesta-terca-feira-8\\\/#breadcrumb\"},\"inLanguage\":\"en-US\",\"potentialAction\":[{\"@type\":\"ReadAction\",\"target\":[\"https:\\\/\\\/folhadoleste.com.br\\\/programa-painel-bmc-estreia-nesta-terca-feira-8\\\/\"]}]},{\"@type\":\"ImageObject\",\"inLanguage\":\"en-US\",\"@id\":\"https:\\\/\\\/folhadoleste.com.br\\\/programa-painel-bmc-estreia-nesta-terca-feira-8\\\/#primaryimage\",\"url\":\"https:\\\/\\\/folhadoleste.com.br\\\/wp-content\\\/uploads\\\/2025\\\/07\\\/Painel-BMC.jpg\",\"contentUrl\":\"https:\\\/\\\/folhadoleste.com.br\\\/wp-content\\\/uploads\\\/2025\\\/07\\\/Painel-BMC.jpg\",\"width\":1600,\"height\":900,\"caption\":\"Programa Painel BM&C ter\u00e1 a jornalista Paula Moraes como apresentadora e contar\u00e1, ainda, com a participa\u00e7\u00e3o de Bruno Musa e Roberto Dumas, especialistas em economia e rela\u00e7\u00f5es internacionais | Divulga\u00e7\u00e3o\"},{\"@type\":\"BreadcrumbList\",\"@id\":\"https:\\\/\\\/folhadoleste.com.br\\\/programa-painel-bmc-estreia-nesta-terca-feira-8\\\/#breadcrumb\",\"itemListElement\":[{\"@type\":\"ListItem\",\"position\":1,\"name\":\"In\u00edcio\",\"item\":\"https:\\\/\\\/folhadoleste.com.br\\\/\"},{\"@type\":\"ListItem\",\"position\":2,\"name\":\"Brasil\",\"item\":\"https:\\\/\\\/folhadoleste.com.br\\\/category\\\/brasil\\\/\"},{\"@type\":\"ListItem\",\"position\":3,\"name\":\"Economia\",\"item\":\"https:\\\/\\\/folhadoleste.com.br\\\/category\\\/brasil\\\/economia\\\/\"},{\"@type\":\"ListItem\",\"position\":4,\"name\":\"Programa Painel BM&#038;C estreia nesta ter\u00e7a-feira (8) com apresenta\u00e7\u00e3o da jornalista Paula Moraes\"}]},{\"@type\":\"WebSite\",\"@id\":\"https:\\\/\\\/folhadoleste.com.br\\\/#website\",\"url\":\"https:\\\/\\\/folhadoleste.com.br\\\/\",\"name\":\"Folha do Leste\",\"description\":\"Portal de Not\u00edcias com \u00eanfase em Niter\u00f3i, criando conte\u00fados desde a capital Rio de Janeiro, com olhar para o Leste Fluminense e suas cidades como S\u00e3o Gon\u00e7alo, Itabora\u00ed, Rio Bonito, Maric\u00e1, Saquarema e Araruama\",\"publisher\":{\"@id\":\"https:\\\/\\\/folhadoleste.com.br\\\/#organization\"},\"alternateName\":\"FL\",\"potentialAction\":[{\"@type\":\"SearchAction\",\"target\":{\"@type\":\"EntryPoint\",\"urlTemplate\":\"https:\\\/\\\/folhadoleste.com.br\\\/?s={search_term_string}\"},\"query-input\":{\"@type\":\"PropertyValueSpecification\",\"valueRequired\":true,\"valueName\":\"search_term_string\"}}],\"inLanguage\":\"en-US\"},{\"@type\":\"Organization\",\"@id\":\"https:\\\/\\\/folhadoleste.com.br\\\/#organization\",\"name\":\"Brasil 21 Comunica\u00e7\u00e3o\",\"alternateName\":\"BR21\",\"url\":\"https:\\\/\\\/folhadoleste.com.br\\\/\",\"logo\":{\"@type\":\"ImageObject\",\"inLanguage\":\"en-US\",\"@id\":\"https:\\\/\\\/folhadoleste.com.br\\\/#\\\/schema\\\/logo\\\/image\\\/\",\"url\":\"https:\\\/\\\/folhadoleste.com.br\\\/wp-content\\\/uploads\\\/2025\\\/12\\\/brasil-21-logomarca.avif\",\"contentUrl\":\"https:\\\/\\\/folhadoleste.com.br\\\/wp-content\\\/uploads\\\/2025\\\/12\\\/brasil-21-logomarca.avif\",\"width\":1044,\"height\":1044,\"caption\":\"Brasil 21 Comunica\u00e7\u00e3o\"},\"image\":{\"@id\":\"https:\\\/\\\/folhadoleste.com.br\\\/#\\\/schema\\\/logo\\\/image\\\/\"},\"sameAs\":[\"https:\\\/\\\/www.facebook.com\\\/folhadoleste\",\"https:\\\/\\\/x.com\\\/FolhadoLesteRJ\",\"https:\\\/\\\/www.instagram.com\\\/folhadoleste\\\/\"]},{\"@type\":\"Person\",\"@id\":\"https:\\\/\\\/folhadoleste.com.br\\\/#\\\/schema\\\/person\\\/7df02ce7ce01cc6d79b740381f6f5446\",\"name\":\"Andr\u00e9 Freitas\",\"pronouns\":\"Ele\\\/dele\",\"image\":{\"@type\":\"ImageObject\",\"inLanguage\":\"en-US\",\"@id\":\"https:\\\/\\\/folhadoleste.com.br\\\/wp-content\\\/litespeed\\\/avatar\\\/0357fd225fa38935ec9aabab3531fa5e.jpg?ver=1777161141\",\"url\":\"https:\\\/\\\/folhadoleste.com.br\\\/wp-content\\\/litespeed\\\/avatar\\\/0357fd225fa38935ec9aabab3531fa5e.jpg?ver=1777161141\",\"contentUrl\":\"https:\\\/\\\/folhadoleste.com.br\\\/wp-content\\\/litespeed\\\/avatar\\\/0357fd225fa38935ec9aabab3531fa5e.jpg?ver=1777161141\",\"caption\":\"Andr\u00e9 Freitas\"},\"description\":\"Andr\u00e9 Freitas \u00e9 diretor-executivo e rep\u00f3rter do Folha do Leste e da Brasil 21 Comunica\u00e7\u00e3o. Jornalista e radialista desde a d\u00e9cada de 1990, \u00e9 narrador esportivo e cronista especializado em Carnaval, com 26 coberturas presenciais na Marqu\u00eas de Sapuca\u00ed. Possui ampla experi\u00eancia na cobertura da editoria de pol\u00edtica, em raz\u00e3o de fun\u00e7\u00f5es exercidas nos poderes Legislativo e Executivo, com atua\u00e7\u00e3o nas C\u00e2maras Municipais de Niter\u00f3i, S\u00e3o Gon\u00e7alo e Campos dos Goytacazes, al\u00e9m da Assembleia Legislativa do Estado do Rio de Janeiro (Alerj) e da Prefeitura de Niter\u00f3i. Dirigiu por 15 anos a R\u00e1dio Absoluta, onde apresentou programas noticiosos di\u00e1rios e conduziu coberturas esportivas, incluindo mais de uma d\u00e9cada acompanhando a sele\u00e7\u00e3o brasileira de futebol. Nesse per\u00edodo, esteve presente em duas Copas do Mundo e em uma edi\u00e7\u00e3o dos Jogos Ol\u00edmpicos. Trabalhou tamb\u00e9m nas r\u00e1dios Campos Difusora (Campos\\\/RJ) e Litor\u00e2nea (ES). Exerceu o cargo de editor-chefe nos jornais Olho Vivo (Niter\u00f3i\\\/RJ) e A Tribuna (Niter\u00f3i\\\/RJ), al\u00e9m de atuar como colunista do jornal O Di\u00e1rio (Campos dos Goytacazes\\\/RJ).\",\"sameAs\":[\"https:\\\/\\\/folhadoleste.com.br\",\"https:\\\/\\\/www.facebook.com\\\/reporter.andrefreitas\\\/\",\"https:\\\/\\\/www.instagram.com\\\/andrefreitas.jornalista\\\/\",\"www.linkedin.com\\\/in\\\/andr\u00e9-freitas-jornalista\",\"https:\\\/\\\/x.com\\\/andrefreitas_fl\"],\"url\":\"https:\\\/\\\/folhadoleste.com.br\\\/en\\\/author\\\/andrefreitas\\\/\"}]}<\/script>\n<!-- \/ Yoast SEO plugin. -->","yoast_head_json":{"title":"Programa Painel BM&C estreia nesta ter\u00e7a-feira (8) &#8226; Folha do Leste","description":"Painel BM&C: programa ter\u00e1 a jornalista Paula Moraes como apresentadora e contar\u00e1, ainda, com a participa\u00e7\u00e3o de Bruno Musa e Roberto Dumas","robots":{"index":"index","follow":"follow","max-snippet":"max-snippet:-1","max-image-preview":"max-image-preview:large","max-video-preview":"max-video-preview:-1"},"canonical":"https:\/\/folhadoleste.com.br\/en\/programa-painel-bmc-estreia-nesta-terca-feira-8\/","og_locale":"en_US","og_type":"article","og_title":"Programa Painel BM&C estreia nesta ter\u00e7a-feira (8) &#8226; Folha do Leste","og_description":"Painel BM&C: programa ter\u00e1 a jornalista Paula Moraes como apresentadora e contar\u00e1, ainda, com a participa\u00e7\u00e3o de Bruno Musa e Roberto Dumas","og_url":"https:\/\/folhadoleste.com.br\/en\/programa-painel-bmc-estreia-nesta-terca-feira-8\/","og_site_name":"Folha do Leste","article_publisher":"https:\/\/www.facebook.com\/folhadoleste","article_author":"https:\/\/www.facebook.com\/reporter.andrefreitas\/","article_published_time":"2025-07-07T03:20:26+00:00","og_image":[{"width":1600,"height":900,"url":"https:\/\/folhadoleste.com.br\/wp-content\/uploads\/2025\/07\/Painel-BMC.jpg","type":"image\/jpeg"}],"author":"Andr\u00e9 Freitas","twitter_card":"summary_large_image","twitter_creator":"@andrefreitas_fl","twitter_site":"@FolhadoLesteRJ","twitter_misc":{"Written by":"Andr\u00e9 Freitas","Est. reading time":"3 minutes"},"schema":{"@context":"https:\/\/schema.org","@graph":[{"@type":"NewsArticle","@id":"https:\/\/folhadoleste.com.br\/programa-painel-bmc-estreia-nesta-terca-feira-8\/#article","isPartOf":{"@id":"https:\/\/folhadoleste.com.br\/programa-painel-bmc-estreia-nesta-terca-feira-8\/"},"author":{"name":"Andr\u00e9 Freitas","@id":"https:\/\/folhadoleste.com.br\/#\/schema\/person\/7df02ce7ce01cc6d79b740381f6f5446"},"headline":"Programa Painel BM&#038;C estreia nesta ter\u00e7a-feira (8) com apresenta\u00e7\u00e3o da jornalista Paula Moraes","datePublished":"2025-07-07T03:20:26+00:00","mainEntityOfPage":{"@id":"https:\/\/folhadoleste.com.br\/programa-painel-bmc-estreia-nesta-terca-feira-8\/"},"wordCount":360,"commentCount":0,"publisher":{"@id":"https:\/\/folhadoleste.com.br\/#organization"},"image":{"@id":"https:\/\/folhadoleste.com.br\/programa-painel-bmc-estreia-nesta-terca-feira-8\/#primaryimage"},"thumbnailUrl":"https:\/\/folhadoleste.com.br\/wp-content\/uploads\/2025\/07\/Painel-BMC.jpg","keywords":["an\u00e1lise institucional","bastidores do poder","BM&amp;C estreia","BM&amp;C News","Bruno Musa","cen\u00e1rio econ\u00f4mico","debate semanal","Elei\u00e7\u00f5es 2026","entretenimento pol\u00edtico","infotenimento","jornalismo econ\u00f4mico","Mercado financeiro","nova atra\u00e7\u00e3o BM&amp;C","Painel BM&amp;C","Paula Moraes","programa de an\u00e1lise","programa de ter\u00e7a-feira","programa\u00e7\u00e3o de TV","Roberto Dumas","TV e pol\u00edtica"],"articleSection":["Economia","Entretenimento, Artes e Cultura"],"inLanguage":"en-US","potentialAction":[{"@type":"CommentAction","name":"Comment","target":["https:\/\/folhadoleste.com.br\/programa-painel-bmc-estreia-nesta-terca-feira-8\/#respond"]}]},{"@type":"WebPage","@id":"https:\/\/folhadoleste.com.br\/programa-painel-bmc-estreia-nesta-terca-feira-8\/","url":"https:\/\/folhadoleste.com.br\/programa-painel-bmc-estreia-nesta-terca-feira-8\/","name":"Programa Painel BM&C estreia nesta ter\u00e7a-feira (8) &#8226; Folha do Leste","isPartOf":{"@id":"https:\/\/folhadoleste.com.br\/#website"},"primaryImageOfPage":{"@id":"https:\/\/folhadoleste.com.br\/programa-painel-bmc-estreia-nesta-terca-feira-8\/#primaryimage"},"image":{"@id":"https:\/\/folhadoleste.com.br\/programa-painel-bmc-estreia-nesta-terca-feira-8\/#primaryimage"},"thumbnailUrl":"https:\/\/folhadoleste.com.br\/wp-content\/uploads\/2025\/07\/Painel-BMC.jpg","datePublished":"2025-07-07T03:20:26+00:00","description":"Painel BM&C: programa ter\u00e1 a jornalista Paula Moraes como apresentadora e contar\u00e1, ainda, com a participa\u00e7\u00e3o de Bruno Musa e Roberto Dumas","breadcrumb":{"@id":"https:\/\/folhadoleste.com.br\/programa-painel-bmc-estreia-nesta-terca-feira-8\/#breadcrumb"},"inLanguage":"en-US","potentialAction":[{"@type":"ReadAction","target":["https:\/\/folhadoleste.com.br\/programa-painel-bmc-estreia-nesta-terca-feira-8\/"]}]},{"@type":"ImageObject","inLanguage":"en-US","@id":"https:\/\/folhadoleste.com.br\/programa-painel-bmc-estreia-nesta-terca-feira-8\/#primaryimage","url":"https:\/\/folhadoleste.com.br\/wp-content\/uploads\/2025\/07\/Painel-BMC.jpg","contentUrl":"https:\/\/folhadoleste.com.br\/wp-content\/uploads\/2025\/07\/Painel-BMC.jpg","width":1600,"height":900,"caption":"Programa Painel BM&C ter\u00e1 a jornalista Paula Moraes como apresentadora e contar\u00e1, ainda, com a participa\u00e7\u00e3o de Bruno Musa e Roberto Dumas, especialistas em economia e rela\u00e7\u00f5es internacionais | Divulga\u00e7\u00e3o"},{"@type":"BreadcrumbList","@id":"https:\/\/folhadoleste.com.br\/programa-painel-bmc-estreia-nesta-terca-feira-8\/#breadcrumb","itemListElement":[{"@type":"ListItem","position":1,"name":"In\u00edcio","item":"https:\/\/folhadoleste.com.br\/"},{"@type":"ListItem","position":2,"name":"Brasil","item":"https:\/\/folhadoleste.com.br\/category\/brasil\/"},{"@type":"ListItem","position":3,"name":"Economia","item":"https:\/\/folhadoleste.com.br\/category\/brasil\/economia\/"},{"@type":"ListItem","position":4,"name":"Programa Painel BM&#038;C estreia nesta ter\u00e7a-feira (8) com apresenta\u00e7\u00e3o da jornalista Paula Moraes"}]},{"@type":"WebSite","@id":"https:\/\/folhadoleste.com.br\/#website","url":"https:\/\/folhadoleste.com.br\/","name":"Folha do Leste","description":"Portal de Not\u00edcias com \u00eanfase em Niter\u00f3i, criando conte\u00fados desde a capital Rio de Janeiro, com olhar para o Leste Fluminense e suas cidades como S\u00e3o Gon\u00e7alo, Itabora\u00ed, Rio Bonito, Maric\u00e1, Saquarema e Araruama","publisher":{"@id":"https:\/\/folhadoleste.com.br\/#organization"},"alternateName":"FL","potentialAction":[{"@type":"SearchAction","target":{"@type":"EntryPoint","urlTemplate":"https:\/\/folhadoleste.com.br\/?s={search_term_string}"},"query-input":{"@type":"PropertyValueSpecification","valueRequired":true,"valueName":"search_term_string"}}],"inLanguage":"en-US"},{"@type":"Organization","@id":"https:\/\/folhadoleste.com.br\/#organization","name":"Brasil 21 Comunica\u00e7\u00e3o","alternateName":"BR21","url":"https:\/\/folhadoleste.com.br\/","logo":{"@type":"ImageObject","inLanguage":"en-US","@id":"https:\/\/folhadoleste.com.br\/#\/schema\/logo\/image\/","url":"https:\/\/folhadoleste.com.br\/wp-content\/uploads\/2025\/12\/brasil-21-logomarca.avif","contentUrl":"https:\/\/folhadoleste.com.br\/wp-content\/uploads\/2025\/12\/brasil-21-logomarca.avif","width":1044,"height":1044,"caption":"Brasil 21 Comunica\u00e7\u00e3o"},"image":{"@id":"https:\/\/folhadoleste.com.br\/#\/schema\/logo\/image\/"},"sameAs":["https:\/\/www.facebook.com\/folhadoleste","https:\/\/x.com\/FolhadoLesteRJ","https:\/\/www.instagram.com\/folhadoleste\/"]},{"@type":"Person","@id":"https:\/\/folhadoleste.com.br\/#\/schema\/person\/7df02ce7ce01cc6d79b740381f6f5446","name":"Andr\u00e9 Freitas","pronouns":"Ele\/dele","image":{"@type":"ImageObject","inLanguage":"en-US","@id":"https:\/\/folhadoleste.com.br\/wp-content\/litespeed\/avatar\/0357fd225fa38935ec9aabab3531fa5e.jpg?ver=1777161141","url":"https:\/\/folhadoleste.com.br\/wp-content\/litespeed\/avatar\/0357fd225fa38935ec9aabab3531fa5e.jpg?ver=1777161141","contentUrl":"https:\/\/folhadoleste.com.br\/wp-content\/litespeed\/avatar\/0357fd225fa38935ec9aabab3531fa5e.jpg?ver=1777161141","caption":"Andr\u00e9 Freitas"},"description":"Andr\u00e9 Freitas \u00e9 diretor-executivo e rep\u00f3rter do Folha do Leste e da Brasil 21 Comunica\u00e7\u00e3o. Jornalista e radialista desde a d\u00e9cada de 1990, \u00e9 narrador esportivo e cronista especializado em Carnaval, com 26 coberturas presenciais na Marqu\u00eas de Sapuca\u00ed. Possui ampla experi\u00eancia na cobertura da editoria de pol\u00edtica, em raz\u00e3o de fun\u00e7\u00f5es exercidas nos poderes Legislativo e Executivo, com atua\u00e7\u00e3o nas C\u00e2maras Municipais de Niter\u00f3i, S\u00e3o Gon\u00e7alo e Campos dos Goytacazes, al\u00e9m da Assembleia Legislativa do Estado do Rio de Janeiro (Alerj) e da Prefeitura de Niter\u00f3i. Dirigiu por 15 anos a R\u00e1dio Absoluta, onde apresentou programas noticiosos di\u00e1rios e conduziu coberturas esportivas, incluindo mais de uma d\u00e9cada acompanhando a sele\u00e7\u00e3o brasileira de futebol. Nesse per\u00edodo, esteve presente em duas Copas do Mundo e em uma edi\u00e7\u00e3o dos Jogos Ol\u00edmpicos. Trabalhou tamb\u00e9m nas r\u00e1dios Campos Difusora (Campos\/RJ) e Litor\u00e2nea (ES). Exerceu o cargo de editor-chefe nos jornais Olho Vivo (Niter\u00f3i\/RJ) e A Tribuna (Niter\u00f3i\/RJ), al\u00e9m de atuar como colunista do jornal O Di\u00e1rio (Campos dos Goytacazes\/RJ).","sameAs":["https:\/\/folhadoleste.com.br","https:\/\/www.facebook.com\/reporter.andrefreitas\/","https:\/\/www.instagram.com\/andrefreitas.jornalista\/","www.linkedin.com\/in\/andr\u00e9-freitas-jornalista","https:\/\/x.com\/andrefreitas_fl"],"url":"https:\/\/folhadoleste.com.br\/en\/author\/andrefreitas\/"}]}},"_links":{"self":[{"href":"https:\/\/folhadoleste.com.br\/en\/wp-json\/wp\/v2\/posts\/130028","targetHints":{"allow":["GET"]}}],"collection":[{"href":"https:\/\/folhadoleste.com.br\/en\/wp-json\/wp\/v2\/posts"}],"about":[{"href":"https:\/\/folhadoleste.com.br\/en\/wp-json\/wp\/v2\/types\/post"}],"author":[{"embeddable":true,"href":"https:\/\/folhadoleste.com.br\/en\/wp-json\/wp\/v2\/users\/2"}],"replies":[{"embeddable":true,"href":"https:\/\/folhadoleste.com.br\/en\/wp-json\/wp\/v2\/comments?post=130028"}],"version-history":[{"count":1,"href":"https:\/\/folhadoleste.com.br\/en\/wp-json\/wp\/v2\/posts\/130028\/revisions"}],"predecessor-version":[{"id":130057,"href":"https:\/\/folhadoleste.com.br\/en\/wp-json\/wp\/v2\/posts\/130028\/revisions\/130057"}],"wp:featuredmedia":[{"embeddable":true,"href":"https:\/\/folhadoleste.com.br\/en\/wp-json\/wp\/v2\/media\/130056"}],"wp:attachment":[{"href":"https:\/\/folhadoleste.com.br\/en\/wp-json\/wp\/v2\/media?parent=130028"}],"wp:term":[{"taxonomy":"category","embeddable":true,"href":"https:\/\/folhadoleste.com.br\/en\/wp-json\/wp\/v2\/categories?post=130028"},{"taxonomy":"post_tag","embeddable":true,"href":"https:\/\/folhadoleste.com.br\/en\/wp-json\/wp\/v2\/tags?post=130028"}],"curies":[{"name":"wp","href":"https:\/\/api.w.org\/{rel}","templated":true}]}}