{"id":129257,"date":"2025-06-30T15:01:30","date_gmt":"2025-06-30T18:01:30","guid":{"rendered":"https:\/\/folhadoleste.com.br\/?p=129257"},"modified":"2025-06-30T15:01:30","modified_gmt":"2025-06-30T18:01:30","slug":"philippe-coutinho-vive-reta-final-na-europa","status":"publish","type":"post","link":"https:\/\/folhadoleste.com.br\/en\/philippe-coutinho-vive-reta-final-na-europa\/","title":{"rendered":"Philippe Coutinho vive reta final na Europa e mira rescis\u00e3o com Aston Villa"},"content":{"rendered":"<div id=\"attachment_129259\" style=\"width: 1210px\" class=\"wp-caption aligncenter\"><img decoding=\"async\" aria-describedby=\"caption-attachment-129259\" class=\"size-full wp-image-129259\" src=\"https:\/\/folhadoleste.com.br\/wp-content\/uploads\/2025\/06\/Philippe-Coutinho-vive-reta-final-na-Europa-e-mira-rescisao-com-Aston-Villa-Foto-Reproducao-As.jpeg\" alt=\"\" width=\"1200\" height=\"750\" \/><p id=\"caption-attachment-129259\" class=\"wp-caption-text\">Philippe Coutinho vive reta final na Europa e mira rescis\u00e3o com Aston Villa | Reprodu\u00e7\u00e3o\/As<\/p><\/div>\n<p style=\"text-align: justify;\" data-start=\"869\" data-end=\"1281\">Philippe Coutinho vive reta final na Europa. Aos 33 anos, o meia-atacante encerra nesta segunda-feira (30) seu contrato de empr\u00e9stimo com o Vasco da Gama e se prepara para retornar ao Aston Villa, da Inglaterra, apenas para negociar uma rescis\u00e3o ou um novo empr\u00e9stimo. A ideia, segundo o jornal espanhol <em data-start=\"1177\" data-end=\"1181\">AS<\/em>, \u00e9 selar de vez o fim de sua trajet\u00f3ria internacional e seguir em definitivo no futebol brasileiro.<\/p>\n<blockquote data-start=\"1283\" data-end=\"1447\">\n<div class=\"texto\" style=\"text-align: justify;\">&#8220;A carreira europeia de Coutinho est\u00e1 chegando ao fim. O jogador brasileiro, emprestado ao Vasco da Gama, retornar\u00e1 ao Aston Villa ap\u00f3s passar o \u00faltimo ano no Brasil. Com contrato at\u00e9 junho de 2026, o carioca de 33 anos n\u00e3o parece ter planos de permanecer no Velho Continente&#8221;, disse o di\u00e1rio.<\/div>\n<\/blockquote>\n<h3 style=\"text-align: justify;\" data-start=\"1454\" data-end=\"1476\"><em>Vasco \u00e9 prioridade<\/em><\/h3>\n<p style=\"text-align: justify;\" data-start=\"1478\" data-end=\"1781\">O desejo de permanecer no Vasco \u00e9 prioridade para Coutinho e para seu entorno. O clube carioca, que acolheu o meia no retorno ao Brasil, tenta viabilizar financeiramente a perman\u00eancia do atleta por mais uma temporada. A rescis\u00e3o amig\u00e1vel com o Aston Villa \u00e9 vista como o \u00fanico caminho vi\u00e1vel no momento.<\/p>\n<p style=\"text-align: justify;\" data-start=\"1783\" data-end=\"2031\">Com v\u00ednculo at\u00e9 junho de 2026 com o clube ingl\u00eas, o jogador n\u00e3o est\u00e1 nos planos do t\u00e9cnico Unai Emery, e sequer foi relacionado na \u00faltima temporada da Premier League. Com isso, a expectativa \u00e9 de que as partes entrem em acordo nas pr\u00f3ximas semanas.<\/p>\n<div class=\"article-body\">\n<blockquote>\n<div class=\"texto\" style=\"text-align: justify;\">&#8220;Com Unai Emery sem contar com o ex-jogador do Barcelona e do Liverpool, o caminho parece estar caminhando para que ambas as partes cheguem a um acordo para rescindir seu contrato, permitindo que ele se torne um jogador de pleno direito no clube carioca&#8221;, finalizou o jornal.<\/div>\n<\/blockquote>\n<\/div>\n<h3 style=\"text-align: justify;\" data-start=\"2038\" data-end=\"2065\"><em>Fim de uma era europeia<\/em><\/h3>\n<p style=\"text-align: justify;\" data-start=\"2067\" data-end=\"2351\">Philippe Coutinho deixa para tr\u00e1s uma carreira de destaque no futebol europeu. Revelado pelo pr\u00f3prio Vasco, o meia foi para a Inter de Mil\u00e3o ainda adolescente e, em mais de uma d\u00e9cada no continente, acumulou passagens por clubes gigantes como Liverpool, Barcelona e Bayern de Munique.<\/p>\n<p style=\"text-align: justify;\" data-start=\"2353\" data-end=\"2622\">Foi no Liverpool que viveu seu auge, com atua\u00e7\u00f5es decisivas, status de \u00eddolo e uma das maiores transfer\u00eancias da hist\u00f3ria ao ser vendido ao Barcelona por 145 milh\u00f5es de euros. Na sele\u00e7\u00e3o brasileira, foi titular na Copa do Mundo de 2018 e protagonista nas Eliminat\u00f3rias.<\/p>\n<h3 style=\"text-align: justify;\" data-start=\"2629\" data-end=\"2651\"><em>Op\u00e7\u00e3o por recome\u00e7o<\/em><\/h3>\n<p style=\"text-align: justify;\" data-start=\"2653\" data-end=\"2888\">Com les\u00f5es e baixa sequ\u00eancia nos \u00faltimos anos, Coutinho busca agora retomar o protagonismo no futebol brasileiro. A volta ao Vasco tem apelo emocional, e o clube se mostra disposto a manter o \u00eddolo desde que haja viabilidade econ\u00f4mica.<\/p>\n<p style=\"text-align: justify;\" data-start=\"2890\" data-end=\"3115\">O retorno \u00e0 Inglaterra, portanto, ser\u00e1 apenas burocr\u00e1tico. Coutinho e o Aston Villa devem discutir os termos de uma rescis\u00e3o contratual ainda nesta semana. Caso n\u00e3o haja acordo, um novo empr\u00e9stimo ao Vasco ser\u00e1 a alternativa.<\/p>\n<p><a href=\"https:\/\/folhadoleste.com.br\/en\/vida\/\"><img decoding=\"async\" class=\"aligncenter wp-image-113547 size-full\" src=\"https:\/\/folhadoleste.com.br\/wp-content\/uploads\/2025\/03\/Sinteses-da-Vida.png\" alt=\"\" width=\"1800\" height=\"600\" \/><\/a><\/p>\n<p><a href=\"https:\/\/www.instagram.com\/folhadoleste\/\"><img decoding=\"async\" class=\"aligncenter wp-image-109748 size-medium\" src=\"https:\/\/folhadoleste.com.br\/wp-content\/uploads\/2025\/02\/Instagram-Folha-do-Leste-Widget-300x100.png\" alt=\"\" width=\"300\" height=\"100\" \/><\/a><\/p>\n<p><a href=\"https:\/\/facebook.com\/folhadoleste\"><img decoding=\"async\" class=\"aligncenter wp-image-109735 size-medium\" src=\"https:\/\/folhadoleste.com.br\/wp-content\/uploads\/2025\/02\/ANUNCIO-FACEBOOK-FOLHA-DO-LESTE-300x300.png\" alt=\"\" width=\"300\" height=\"300\" \/><\/a><\/p>","protected":false},"excerpt":{"rendered":"<p>Philippe Coutinho vive reta final na Europa. Aos 33 anos, o meia-atacante encerra nesta segunda-feira (30) seu contrato de empr\u00e9stimo com o Vasco da Gama e se prepara para retornar ao Aston Villa, da Inglaterra, apenas para negociar uma rescis\u00e3o ou um novo empr\u00e9stimo. A ideia, segundo o jornal espanhol AS, \u00e9 selar de vez o fim de sua trajet\u00f3ria internacional e seguir em definitivo no futebol brasileiro. &#8220;A carreira europeia de Coutinho est\u00e1 chegando ao fim. O jogador brasileiro, emprestado ao Vasco da Gama, retornar\u00e1 ao Aston Villa ap\u00f3s passar o \u00faltimo ano no Brasil. Com contrato at\u00e9 junho [&hellip;]<\/p>\n","protected":false},"author":5,"featured_media":129259,"comment_status":"open","ping_status":"open","sticky":false,"template":"","format":"standard","meta":{"footnotes":""},"categories":[48,65],"tags":[18695,80244,105,101,19049,9932,15969,27505,42925,80246,80245,2028],"class_list":["post-129257","post","type-post","status-publish","format-standard","has-post-thumbnail","hentry","category-esportes","category-futebol-esportes","tag-aston-villa","tag-coutinho-2025","tag-esportes","tag-futebol","tag-futebol-brasileiro","tag-futebol-europeu","tag-mercado-da-bola","tag-philippe-coutinho","tag-rescisao-contratual","tag-retorno-de-coutinho","tag-unai-emery","tag-vasco-da-gama","post--single"],"yoast_head":"<!-- This site is optimized with the Yoast SEO plugin v27.4 - https:\/\/yoast.com\/product\/yoast-seo-wordpress\/ -->\n<title>Philippe Coutinho vive reta final na Europa e mira rescis\u00e3o com Aston Villa<\/title>\n<meta name=\"description\" content=\"Meia encerra v\u00ednculo com o Vasco e deve negociar sa\u00edda do Aston Villa para seguir no futebol brasileiro; Confira...\" \/>\n<meta name=\"robots\" content=\"index, follow, max-snippet:-1, max-image-preview:large, max-video-preview:-1\" \/>\n<link rel=\"canonical\" href=\"https:\/\/folhadoleste.com.br\/en\/philippe-coutinho-vive-reta-final-na-europa\/\" \/>\n<meta property=\"og:locale\" content=\"en_US\" \/>\n<meta property=\"og:type\" content=\"article\" \/>\n<meta property=\"og:title\" content=\"Philippe Coutinho vive reta final na Europa e mira rescis\u00e3o com Aston Villa\" \/>\n<meta property=\"og:description\" content=\"Meia encerra v\u00ednculo com o Vasco e deve negociar sa\u00edda do Aston Villa para seguir no futebol brasileiro; Confira...\" \/>\n<meta property=\"og:url\" content=\"https:\/\/folhadoleste.com.br\/en\/philippe-coutinho-vive-reta-final-na-europa\/\" \/>\n<meta property=\"og:site_name\" content=\"Folha do Leste\" \/>\n<meta property=\"article:publisher\" content=\"https:\/\/www.facebook.com\/folhadoleste\" \/>\n<meta property=\"article:published_time\" content=\"2025-06-30T18:01:30+00:00\" \/>\n<meta property=\"og:image\" content=\"https:\/\/folhadoleste.com.br\/wp-content\/uploads\/2025\/06\/Philippe-Coutinho-vive-reta-final-na-Europa-e-mira-rescisao-com-Aston-Villa-Foto-Reproducao-As.jpeg\" \/>\n\t<meta property=\"og:image:width\" content=\"1200\" \/>\n\t<meta property=\"og:image:height\" content=\"750\" \/>\n\t<meta property=\"og:image:type\" content=\"image\/jpeg\" \/>\n<meta name=\"author\" content=\"Enzo Carvalho\" \/>\n<meta name=\"twitter:card\" content=\"summary_large_image\" \/>\n<meta name=\"twitter:creator\" content=\"@FolhadoLesteRJ\" \/>\n<meta name=\"twitter:site\" content=\"@FolhadoLesteRJ\" \/>\n<meta name=\"twitter:label1\" content=\"Written by\" \/>\n\t<meta name=\"twitter:data1\" content=\"Enzo Carvalho\" \/>\n\t<meta name=\"twitter:label2\" content=\"Est. reading time\" \/>\n\t<meta name=\"twitter:data2\" content=\"3 minutes\" \/>\n<script type=\"application\/ld+json\" class=\"yoast-schema-graph\">{\"@context\":\"https:\\\/\\\/schema.org\",\"@graph\":[{\"@type\":\"NewsArticle\",\"@id\":\"https:\\\/\\\/folhadoleste.com.br\\\/philippe-coutinho-vive-reta-final-na-europa\\\/#article\",\"isPartOf\":{\"@id\":\"https:\\\/\\\/folhadoleste.com.br\\\/philippe-coutinho-vive-reta-final-na-europa\\\/\"},\"author\":{\"name\":\"Enzo Carvalho\",\"@id\":\"https:\\\/\\\/folhadoleste.com.br\\\/#\\\/schema\\\/person\\\/05d8a4b256c9faea581495e6c9be06f2\"},\"headline\":\"Philippe Coutinho vive reta final na Europa e mira rescis\u00e3o com Aston Villa\",\"datePublished\":\"2025-06-30T18:01:30+00:00\",\"mainEntityOfPage\":{\"@id\":\"https:\\\/\\\/folhadoleste.com.br\\\/philippe-coutinho-vive-reta-final-na-europa\\\/\"},\"wordCount\":500,\"commentCount\":0,\"publisher\":{\"@id\":\"https:\\\/\\\/folhadoleste.com.br\\\/#organization\"},\"image\":{\"@id\":\"https:\\\/\\\/folhadoleste.com.br\\\/philippe-coutinho-vive-reta-final-na-europa\\\/#primaryimage\"},\"thumbnailUrl\":\"https:\\\/\\\/folhadoleste.com.br\\\/wp-content\\\/uploads\\\/2025\\\/06\\\/Philippe-Coutinho-vive-reta-final-na-Europa-e-mira-rescisao-com-Aston-Villa-Foto-Reproducao-As.jpeg\",\"keywords\":[\"Aston Villa\",\"Coutinho 2025\",\"Esportes\",\"futebol\",\"Futebol Brasileiro\",\"Futebol Europeu\",\"Mercado da bola\",\"Philippe Coutinho\",\"rescis\u00e3o contratual\",\"retorno de Coutinho\",\"Unai Emery\",\"Vasco da Gama\"],\"articleSection\":[\"Esportes\",\"Futebol\"],\"inLanguage\":\"en-US\",\"potentialAction\":[{\"@type\":\"CommentAction\",\"name\":\"Comment\",\"target\":[\"https:\\\/\\\/folhadoleste.com.br\\\/philippe-coutinho-vive-reta-final-na-europa\\\/#respond\"]}]},{\"@type\":\"WebPage\",\"@id\":\"https:\\\/\\\/folhadoleste.com.br\\\/philippe-coutinho-vive-reta-final-na-europa\\\/\",\"url\":\"https:\\\/\\\/folhadoleste.com.br\\\/philippe-coutinho-vive-reta-final-na-europa\\\/\",\"name\":\"Philippe Coutinho vive reta final na Europa e mira rescis\u00e3o com Aston Villa\",\"isPartOf\":{\"@id\":\"https:\\\/\\\/folhadoleste.com.br\\\/#website\"},\"primaryImageOfPage\":{\"@id\":\"https:\\\/\\\/folhadoleste.com.br\\\/philippe-coutinho-vive-reta-final-na-europa\\\/#primaryimage\"},\"image\":{\"@id\":\"https:\\\/\\\/folhadoleste.com.br\\\/philippe-coutinho-vive-reta-final-na-europa\\\/#primaryimage\"},\"thumbnailUrl\":\"https:\\\/\\\/folhadoleste.com.br\\\/wp-content\\\/uploads\\\/2025\\\/06\\\/Philippe-Coutinho-vive-reta-final-na-Europa-e-mira-rescisao-com-Aston-Villa-Foto-Reproducao-As.jpeg\",\"datePublished\":\"2025-06-30T18:01:30+00:00\",\"description\":\"Meia encerra v\u00ednculo com o Vasco e deve negociar sa\u00edda do Aston Villa para seguir no futebol brasileiro; Confira...\",\"breadcrumb\":{\"@id\":\"https:\\\/\\\/folhadoleste.com.br\\\/philippe-coutinho-vive-reta-final-na-europa\\\/#breadcrumb\"},\"inLanguage\":\"en-US\",\"potentialAction\":[{\"@type\":\"ReadAction\",\"target\":[\"https:\\\/\\\/folhadoleste.com.br\\\/philippe-coutinho-vive-reta-final-na-europa\\\/\"]}]},{\"@type\":\"ImageObject\",\"inLanguage\":\"en-US\",\"@id\":\"https:\\\/\\\/folhadoleste.com.br\\\/philippe-coutinho-vive-reta-final-na-europa\\\/#primaryimage\",\"url\":\"https:\\\/\\\/folhadoleste.com.br\\\/wp-content\\\/uploads\\\/2025\\\/06\\\/Philippe-Coutinho-vive-reta-final-na-Europa-e-mira-rescisao-com-Aston-Villa-Foto-Reproducao-As.jpeg\",\"contentUrl\":\"https:\\\/\\\/folhadoleste.com.br\\\/wp-content\\\/uploads\\\/2025\\\/06\\\/Philippe-Coutinho-vive-reta-final-na-Europa-e-mira-rescisao-com-Aston-Villa-Foto-Reproducao-As.jpeg\",\"width\":1200,\"height\":750,\"caption\":\"Philippe Coutinho vive reta final na Europa e mira rescis\u00e3o com Aston Villa | Reprodu\u00e7\u00e3o\\\/As\"},{\"@type\":\"BreadcrumbList\",\"@id\":\"https:\\\/\\\/folhadoleste.com.br\\\/philippe-coutinho-vive-reta-final-na-europa\\\/#breadcrumb\",\"itemListElement\":[{\"@type\":\"ListItem\",\"position\":1,\"name\":\"In\u00edcio\",\"item\":\"https:\\\/\\\/folhadoleste.com.br\\\/\"},{\"@type\":\"ListItem\",\"position\":2,\"name\":\"Esportes\",\"item\":\"https:\\\/\\\/folhadoleste.com.br\\\/category\\\/esportes\\\/\"},{\"@type\":\"ListItem\",\"position\":3,\"name\":\"Futebol\",\"item\":\"https:\\\/\\\/folhadoleste.com.br\\\/category\\\/esportes\\\/futebol-esportes\\\/\"},{\"@type\":\"ListItem\",\"position\":4,\"name\":\"Philippe Coutinho vive reta final na Europa e mira rescis\u00e3o com Aston Villa\"}]},{\"@type\":\"WebSite\",\"@id\":\"https:\\\/\\\/folhadoleste.com.br\\\/#website\",\"url\":\"https:\\\/\\\/folhadoleste.com.br\\\/\",\"name\":\"Folha do Leste\",\"description\":\"Portal de Not\u00edcias com \u00eanfase em Niter\u00f3i, criando conte\u00fados desde a capital Rio de Janeiro, com olhar para o Leste Fluminense e suas cidades como S\u00e3o Gon\u00e7alo, Itabora\u00ed, Rio Bonito, Maric\u00e1, Saquarema e Araruama\",\"publisher\":{\"@id\":\"https:\\\/\\\/folhadoleste.com.br\\\/#organization\"},\"alternateName\":\"FL\",\"potentialAction\":[{\"@type\":\"SearchAction\",\"target\":{\"@type\":\"EntryPoint\",\"urlTemplate\":\"https:\\\/\\\/folhadoleste.com.br\\\/?s={search_term_string}\"},\"query-input\":{\"@type\":\"PropertyValueSpecification\",\"valueRequired\":true,\"valueName\":\"search_term_string\"}}],\"inLanguage\":\"en-US\"},{\"@type\":\"Organization\",\"@id\":\"https:\\\/\\\/folhadoleste.com.br\\\/#organization\",\"name\":\"Brasil 21 Comunica\u00e7\u00e3o\",\"alternateName\":\"BR21\",\"url\":\"https:\\\/\\\/folhadoleste.com.br\\\/\",\"logo\":{\"@type\":\"ImageObject\",\"inLanguage\":\"en-US\",\"@id\":\"https:\\\/\\\/folhadoleste.com.br\\\/#\\\/schema\\\/logo\\\/image\\\/\",\"url\":\"https:\\\/\\\/folhadoleste.com.br\\\/wp-content\\\/uploads\\\/2025\\\/12\\\/brasil-21-logomarca.avif\",\"contentUrl\":\"https:\\\/\\\/folhadoleste.com.br\\\/wp-content\\\/uploads\\\/2025\\\/12\\\/brasil-21-logomarca.avif\",\"width\":1044,\"height\":1044,\"caption\":\"Brasil 21 Comunica\u00e7\u00e3o\"},\"image\":{\"@id\":\"https:\\\/\\\/folhadoleste.com.br\\\/#\\\/schema\\\/logo\\\/image\\\/\"},\"sameAs\":[\"https:\\\/\\\/www.facebook.com\\\/folhadoleste\",\"https:\\\/\\\/x.com\\\/FolhadoLesteRJ\",\"https:\\\/\\\/www.instagram.com\\\/folhadoleste\\\/\"]},{\"@type\":\"Person\",\"@id\":\"https:\\\/\\\/folhadoleste.com.br\\\/#\\\/schema\\\/person\\\/05d8a4b256c9faea581495e6c9be06f2\",\"name\":\"Enzo Carvalho\",\"image\":{\"@type\":\"ImageObject\",\"inLanguage\":\"en-US\",\"@id\":\"https:\\\/\\\/folhadoleste.com.br\\\/wp-content\\\/litespeed\\\/avatar\\\/3fe471b6df482b28961bb8e87cd40a81.jpg?ver=1777161141\",\"url\":\"https:\\\/\\\/folhadoleste.com.br\\\/wp-content\\\/litespeed\\\/avatar\\\/3fe471b6df482b28961bb8e87cd40a81.jpg?ver=1777161141\",\"contentUrl\":\"https:\\\/\\\/folhadoleste.com.br\\\/wp-content\\\/litespeed\\\/avatar\\\/3fe471b6df482b28961bb8e87cd40a81.jpg?ver=1777161141\",\"caption\":\"Enzo Carvalho\"},\"description\":\"Enzo Carvalho \u00e9 jornalista profissional, com atua\u00e7\u00e3o voltada \u00e0 cobertura de inova\u00e7\u00e3o, tecnologia, cotidiano e esportes. Ex-jogador profissional de e-sports, traz para o jornalismo uma compreens\u00e3o pr\u00e1tica do universo digital, das plataformas tecnol\u00f3gicas e das transforma\u00e7\u00f5es provocadas pela cultura conectada.\",\"url\":\"https:\\\/\\\/folhadoleste.com.br\\\/en\\\/author\\\/enzo-carvalho\\\/\"}]}<\/script>\n<!-- \/ Yoast SEO plugin. -->","yoast_head_json":{"title":"Philippe Coutinho vive reta final na Europa e mira rescis\u00e3o com Aston Villa","description":"Meia encerra v\u00ednculo com o Vasco e deve negociar sa\u00edda do Aston Villa para seguir no futebol brasileiro; Confira...","robots":{"index":"index","follow":"follow","max-snippet":"max-snippet:-1","max-image-preview":"max-image-preview:large","max-video-preview":"max-video-preview:-1"},"canonical":"https:\/\/folhadoleste.com.br\/en\/philippe-coutinho-vive-reta-final-na-europa\/","og_locale":"en_US","og_type":"article","og_title":"Philippe Coutinho vive reta final na Europa e mira rescis\u00e3o com Aston Villa","og_description":"Meia encerra v\u00ednculo com o Vasco e deve negociar sa\u00edda do Aston Villa para seguir no futebol brasileiro; Confira...","og_url":"https:\/\/folhadoleste.com.br\/en\/philippe-coutinho-vive-reta-final-na-europa\/","og_site_name":"Folha do Leste","article_publisher":"https:\/\/www.facebook.com\/folhadoleste","article_published_time":"2025-06-30T18:01:30+00:00","og_image":[{"width":1200,"height":750,"url":"https:\/\/folhadoleste.com.br\/wp-content\/uploads\/2025\/06\/Philippe-Coutinho-vive-reta-final-na-Europa-e-mira-rescisao-com-Aston-Villa-Foto-Reproducao-As.jpeg","type":"image\/jpeg"}],"author":"Enzo Carvalho","twitter_card":"summary_large_image","twitter_creator":"@FolhadoLesteRJ","twitter_site":"@FolhadoLesteRJ","twitter_misc":{"Written by":"Enzo Carvalho","Est. reading time":"3 minutes"},"schema":{"@context":"https:\/\/schema.org","@graph":[{"@type":"NewsArticle","@id":"https:\/\/folhadoleste.com.br\/philippe-coutinho-vive-reta-final-na-europa\/#article","isPartOf":{"@id":"https:\/\/folhadoleste.com.br\/philippe-coutinho-vive-reta-final-na-europa\/"},"author":{"name":"Enzo Carvalho","@id":"https:\/\/folhadoleste.com.br\/#\/schema\/person\/05d8a4b256c9faea581495e6c9be06f2"},"headline":"Philippe Coutinho vive reta final na Europa e mira rescis\u00e3o com Aston Villa","datePublished":"2025-06-30T18:01:30+00:00","mainEntityOfPage":{"@id":"https:\/\/folhadoleste.com.br\/philippe-coutinho-vive-reta-final-na-europa\/"},"wordCount":500,"commentCount":0,"publisher":{"@id":"https:\/\/folhadoleste.com.br\/#organization"},"image":{"@id":"https:\/\/folhadoleste.com.br\/philippe-coutinho-vive-reta-final-na-europa\/#primaryimage"},"thumbnailUrl":"https:\/\/folhadoleste.com.br\/wp-content\/uploads\/2025\/06\/Philippe-Coutinho-vive-reta-final-na-Europa-e-mira-rescisao-com-Aston-Villa-Foto-Reproducao-As.jpeg","keywords":["Aston Villa","Coutinho 2025","Esportes","futebol","Futebol Brasileiro","Futebol Europeu","Mercado da bola","Philippe Coutinho","rescis\u00e3o contratual","retorno de Coutinho","Unai Emery","Vasco da Gama"],"articleSection":["Esportes","Futebol"],"inLanguage":"en-US","potentialAction":[{"@type":"CommentAction","name":"Comment","target":["https:\/\/folhadoleste.com.br\/philippe-coutinho-vive-reta-final-na-europa\/#respond"]}]},{"@type":"WebPage","@id":"https:\/\/folhadoleste.com.br\/philippe-coutinho-vive-reta-final-na-europa\/","url":"https:\/\/folhadoleste.com.br\/philippe-coutinho-vive-reta-final-na-europa\/","name":"Philippe Coutinho vive reta final na Europa e mira rescis\u00e3o com Aston Villa","isPartOf":{"@id":"https:\/\/folhadoleste.com.br\/#website"},"primaryImageOfPage":{"@id":"https:\/\/folhadoleste.com.br\/philippe-coutinho-vive-reta-final-na-europa\/#primaryimage"},"image":{"@id":"https:\/\/folhadoleste.com.br\/philippe-coutinho-vive-reta-final-na-europa\/#primaryimage"},"thumbnailUrl":"https:\/\/folhadoleste.com.br\/wp-content\/uploads\/2025\/06\/Philippe-Coutinho-vive-reta-final-na-Europa-e-mira-rescisao-com-Aston-Villa-Foto-Reproducao-As.jpeg","datePublished":"2025-06-30T18:01:30+00:00","description":"Meia encerra v\u00ednculo com o Vasco e deve negociar sa\u00edda do Aston Villa para seguir no futebol brasileiro; Confira...","breadcrumb":{"@id":"https:\/\/folhadoleste.com.br\/philippe-coutinho-vive-reta-final-na-europa\/#breadcrumb"},"inLanguage":"en-US","potentialAction":[{"@type":"ReadAction","target":["https:\/\/folhadoleste.com.br\/philippe-coutinho-vive-reta-final-na-europa\/"]}]},{"@type":"ImageObject","inLanguage":"en-US","@id":"https:\/\/folhadoleste.com.br\/philippe-coutinho-vive-reta-final-na-europa\/#primaryimage","url":"https:\/\/folhadoleste.com.br\/wp-content\/uploads\/2025\/06\/Philippe-Coutinho-vive-reta-final-na-Europa-e-mira-rescisao-com-Aston-Villa-Foto-Reproducao-As.jpeg","contentUrl":"https:\/\/folhadoleste.com.br\/wp-content\/uploads\/2025\/06\/Philippe-Coutinho-vive-reta-final-na-Europa-e-mira-rescisao-com-Aston-Villa-Foto-Reproducao-As.jpeg","width":1200,"height":750,"caption":"Philippe Coutinho vive reta final na Europa e mira rescis\u00e3o com Aston Villa | Reprodu\u00e7\u00e3o\/As"},{"@type":"BreadcrumbList","@id":"https:\/\/folhadoleste.com.br\/philippe-coutinho-vive-reta-final-na-europa\/#breadcrumb","itemListElement":[{"@type":"ListItem","position":1,"name":"In\u00edcio","item":"https:\/\/folhadoleste.com.br\/"},{"@type":"ListItem","position":2,"name":"Esportes","item":"https:\/\/folhadoleste.com.br\/category\/esportes\/"},{"@type":"ListItem","position":3,"name":"Futebol","item":"https:\/\/folhadoleste.com.br\/category\/esportes\/futebol-esportes\/"},{"@type":"ListItem","position":4,"name":"Philippe Coutinho vive reta final na Europa e mira rescis\u00e3o com Aston Villa"}]},{"@type":"WebSite","@id":"https:\/\/folhadoleste.com.br\/#website","url":"https:\/\/folhadoleste.com.br\/","name":"Folha do Leste","description":"Portal de Not\u00edcias com \u00eanfase em Niter\u00f3i, criando conte\u00fados desde a capital Rio de Janeiro, com olhar para o Leste Fluminense e suas cidades como S\u00e3o Gon\u00e7alo, Itabora\u00ed, Rio Bonito, Maric\u00e1, Saquarema e Araruama","publisher":{"@id":"https:\/\/folhadoleste.com.br\/#organization"},"alternateName":"FL","potentialAction":[{"@type":"SearchAction","target":{"@type":"EntryPoint","urlTemplate":"https:\/\/folhadoleste.com.br\/?s={search_term_string}"},"query-input":{"@type":"PropertyValueSpecification","valueRequired":true,"valueName":"search_term_string"}}],"inLanguage":"en-US"},{"@type":"Organization","@id":"https:\/\/folhadoleste.com.br\/#organization","name":"Brasil 21 Comunica\u00e7\u00e3o","alternateName":"BR21","url":"https:\/\/folhadoleste.com.br\/","logo":{"@type":"ImageObject","inLanguage":"en-US","@id":"https:\/\/folhadoleste.com.br\/#\/schema\/logo\/image\/","url":"https:\/\/folhadoleste.com.br\/wp-content\/uploads\/2025\/12\/brasil-21-logomarca.avif","contentUrl":"https:\/\/folhadoleste.com.br\/wp-content\/uploads\/2025\/12\/brasil-21-logomarca.avif","width":1044,"height":1044,"caption":"Brasil 21 Comunica\u00e7\u00e3o"},"image":{"@id":"https:\/\/folhadoleste.com.br\/#\/schema\/logo\/image\/"},"sameAs":["https:\/\/www.facebook.com\/folhadoleste","https:\/\/x.com\/FolhadoLesteRJ","https:\/\/www.instagram.com\/folhadoleste\/"]},{"@type":"Person","@id":"https:\/\/folhadoleste.com.br\/#\/schema\/person\/05d8a4b256c9faea581495e6c9be06f2","name":"Enzo Carvalho","image":{"@type":"ImageObject","inLanguage":"en-US","@id":"https:\/\/folhadoleste.com.br\/wp-content\/litespeed\/avatar\/3fe471b6df482b28961bb8e87cd40a81.jpg?ver=1777161141","url":"https:\/\/folhadoleste.com.br\/wp-content\/litespeed\/avatar\/3fe471b6df482b28961bb8e87cd40a81.jpg?ver=1777161141","contentUrl":"https:\/\/folhadoleste.com.br\/wp-content\/litespeed\/avatar\/3fe471b6df482b28961bb8e87cd40a81.jpg?ver=1777161141","caption":"Enzo Carvalho"},"description":"Enzo Carvalho \u00e9 jornalista profissional, com atua\u00e7\u00e3o voltada \u00e0 cobertura de inova\u00e7\u00e3o, tecnologia, cotidiano e esportes. Ex-jogador profissional de e-sports, traz para o jornalismo uma compreens\u00e3o pr\u00e1tica do universo digital, das plataformas tecnol\u00f3gicas e das transforma\u00e7\u00f5es provocadas pela cultura conectada.","url":"https:\/\/folhadoleste.com.br\/en\/author\/enzo-carvalho\/"}]}},"_links":{"self":[{"href":"https:\/\/folhadoleste.com.br\/en\/wp-json\/wp\/v2\/posts\/129257","targetHints":{"allow":["GET"]}}],"collection":[{"href":"https:\/\/folhadoleste.com.br\/en\/wp-json\/wp\/v2\/posts"}],"about":[{"href":"https:\/\/folhadoleste.com.br\/en\/wp-json\/wp\/v2\/types\/post"}],"author":[{"embeddable":true,"href":"https:\/\/folhadoleste.com.br\/en\/wp-json\/wp\/v2\/users\/5"}],"replies":[{"embeddable":true,"href":"https:\/\/folhadoleste.com.br\/en\/wp-json\/wp\/v2\/comments?post=129257"}],"version-history":[{"count":1,"href":"https:\/\/folhadoleste.com.br\/en\/wp-json\/wp\/v2\/posts\/129257\/revisions"}],"predecessor-version":[{"id":129260,"href":"https:\/\/folhadoleste.com.br\/en\/wp-json\/wp\/v2\/posts\/129257\/revisions\/129260"}],"wp:featuredmedia":[{"embeddable":true,"href":"https:\/\/folhadoleste.com.br\/en\/wp-json\/wp\/v2\/media\/129259"}],"wp:attachment":[{"href":"https:\/\/folhadoleste.com.br\/en\/wp-json\/wp\/v2\/media?parent=129257"}],"wp:term":[{"taxonomy":"category","embeddable":true,"href":"https:\/\/folhadoleste.com.br\/en\/wp-json\/wp\/v2\/categories?post=129257"},{"taxonomy":"post_tag","embeddable":true,"href":"https:\/\/folhadoleste.com.br\/en\/wp-json\/wp\/v2\/tags?post=129257"}],"curies":[{"name":"wp","href":"https:\/\/api.w.org\/{rel}","templated":true}]}}