{"id":127361,"date":"2025-06-16T16:33:03","date_gmt":"2025-06-16T19:33:03","guid":{"rendered":"https:\/\/folhadoleste.com.br\/?p=127361"},"modified":"2025-06-16T16:33:03","modified_gmt":"2025-06-16T19:33:03","slug":"cano-volta-mas-comeca-no-banco-contra-o-borussia","status":"publish","type":"post","link":"https:\/\/folhadoleste.com.br\/en\/cano-volta-mas-comeca-no-banco-contra-o-borussia\/","title":{"rendered":"Cano volta, mas come\u00e7a no banco contra o Borussia Dortmund"},"content":{"rendered":"<div id=\"attachment_127363\" style=\"width: 1210px\" class=\"wp-caption aligncenter\"><img decoding=\"async\" aria-describedby=\"caption-attachment-127363\" class=\"size-full wp-image-127363\" src=\"https:\/\/folhadoleste.com.br\/wp-content\/uploads\/2025\/06\/Cano-volta-mas-comeca-no-banco-contra-o-Borussia-Dortmund-Foto-Marcelo-Goncalves-Fluminense-FC.jpg\" alt=\"\" width=\"1200\" height=\"750\" \/><p id=\"caption-attachment-127363\" class=\"wp-caption-text\">Cano volta, mas come\u00e7a no banco contra o Borussia Dortmund | Marcelo Gon\u00e7alves\/Fluminense FC<\/p><\/div>\n<p style=\"text-align: justify;\" data-start=\"1280\" data-end=\"1598\">O atacante Germ\u00e1n Cano est\u00e1 recuperado da les\u00e3o no joelho esquerdo, mas n\u00e3o ser\u00e1 titular na estreia do Fluminense contra o Borussia Dortmund nesta ter\u00e7a-feira (17), \u00e0s 13h (de Bras\u00edlia), no MetLife Stadium, em Nova Jersey. A confirma\u00e7\u00e3o veio do t\u00e9cnico Renato Ga\u00facho na coletiva desta segunda (16).<\/p>\n<h5><a href=\"https:\/\/chat.whatsapp.com\/ItvWOvY08sCCpPxovKnYb6\"><img decoding=\"async\" class=\"wp-image-109746 size-full aligncenter\" src=\"https:\/\/folhadoleste.com.br\/wp-content\/uploads\/2025\/02\/WHATSAPP-FOLHA-DO-LESTE-600x200-1.png\" alt=\"\" width=\"600\" height=\"200\" \/><\/a><\/h5>\n<blockquote>\n<div class=\"texto\" style=\"text-align: justify;\">&#8220;\u00c9 um jogador que est\u00e1 voltando de les\u00e3o. Est\u00e1 100% curado, mas, nessas horas, o que mais falta \u00e9 o ritmo de jogo. E isso \u00e9 muito importante para um jogador.\u00a0Ent\u00e3o, a princ\u00edpio, para essa partida, ele vai esperar um pouco. A gente sabe tamb\u00e9m que o hor\u00e1rio dificulta bastante, 12h (hor\u00e1rio local)&#8221;, destacou Renato Ga\u00facho.<\/div>\n<\/blockquote>\n<h3 style=\"text-align: justify;\" data-start=\"1814\" data-end=\"1840\"><em>Sem jogar h\u00e1 48 dias<\/em><\/h3>\n<p style=\"text-align: justify;\" data-start=\"1842\" data-end=\"2054\">Cano n\u00e3o atua desde 29 de abril, quando o Fluminense venceu a Aparecidense pela Copa do Brasil. No dia seguinte, o clube confirmou uma les\u00e3o de grau 2 no ligamento colateral medial do joelho esquerdo.<\/p>\n<blockquote>\n<p style=\"text-align: justify;\" data-start=\"2056\" data-end=\"2216\">&#8220;Independentemente se vai estar calor ou frio. Um jogador sem ritmo de jogo pegar um advers\u00e1rio t\u00e3o poderoso assim. A gente vai procurar fazer com que ele espere um pouco. Durante a partida \u00e9 quase certo que ele vai entrar&#8221;, completou.<\/p>\n<\/blockquote>\n<h5 style=\"text-align: center;\"><span style=\"color: #000000;\"><span style=\"color: #ff0000;\"><strong>+ <\/strong><\/span><\/span><span style=\"color: #000000;\"><strong><span style=\"color: #ff9900;\">MAIS NOT\u00cdCIAS DE ESPORTES?<\/span> <span style=\"color: #008080;\"><a style=\"color: #008080;\" href=\"https:\/\/folhadoleste.com.br\/en\/category\/esportes\/\">CLIQUE AQUI<\/a><\/span><\/strong><\/span><\/h5>\n<p style=\"text-align: justify;\" data-start=\"2056\" data-end=\"2216\">O argentino ficou fora de jogos importantes do Brasileir\u00e3o e da Libertadores, mas voltou a treinar com bola nos \u00faltimos dias, integrando a delega\u00e7\u00e3o no Mundial.<\/p>\n<h3 style=\"text-align: justify;\" data-start=\"2223\" data-end=\"2259\"><em>Mundial de Clubes: tudo pronto<\/em><\/h3>\n<p style=\"text-align: justify;\" data-start=\"2261\" data-end=\"2329\">Renato Ga\u00facho afirmou que o time chega bem preparado para o torneio:<\/p>\n<blockquote data-start=\"2331\" data-end=\"2499\">\n<div class=\"article-body\">\n<div class=\"texto\" style=\"text-align: justify;\">&#8220;Tivemos esses dias para nos preparar para o Mundial. Apesar de vir de bons jogos no Brasil, a gente procurou treinar um pouco de tudo: a parte f\u00edsica, f\u00edsica e, principalmente, t\u00e1tica. Estudamos bastante o nosso advers\u00e1rio, conhecemos bem. Sabemos aquilo que vamos enfrentar&#8221;, contou Renato.<\/div>\n<\/div>\n<\/blockquote>\n<p style=\"text-align: justify;\" data-start=\"2501\" data-end=\"2625\">O duelo contra os alem\u00e3es marca a estreia do Fluminense no Grupo F do Mundial de Clubes. As pr\u00f3ximas partidas ser\u00e3o:<\/p>\n<ul data-start=\"2627\" data-end=\"2721\">\n<li style=\"text-align: justify;\" data-start=\"2627\" data-end=\"2670\">\n<p data-start=\"2629\" data-end=\"2670\"><strong data-start=\"2629\" data-end=\"2637\">21\/6<\/strong> \u2013 vs. Ulsan HD (Coreia do Sul)<\/p>\n<\/li>\n<li data-start=\"2671\" data-end=\"2721\">\n<p style=\"text-align: justify;\" data-start=\"2673\" data-end=\"2721\"><strong data-start=\"2673\" data-end=\"2681\">25\/6<\/strong> \u2013 vs. Mamelodi Sundowns (\u00c1frica do Sul)<\/p>\n<\/li>\n<\/ul>\n<p><a href=\"https:\/\/folhadoleste.com.br\/en\/vida\/\"><img decoding=\"async\" class=\"aligncenter wp-image-113547 size-full\" src=\"https:\/\/folhadoleste.com.br\/wp-content\/uploads\/2025\/03\/Sinteses-da-Vida.png\" alt=\"\" width=\"1800\" height=\"600\" \/><\/a><\/p>\n<p><a href=\"https:\/\/www.instagram.com\/folhadoleste\/\"><img decoding=\"async\" class=\"aligncenter wp-image-109748 size-medium\" src=\"https:\/\/folhadoleste.com.br\/wp-content\/uploads\/2025\/02\/Instagram-Folha-do-Leste-Widget-300x100.png\" alt=\"\" width=\"300\" height=\"100\" \/><\/a><\/p>\n<p><a href=\"https:\/\/facebook.com\/folhadoleste\"><img decoding=\"async\" class=\"aligncenter wp-image-109735 size-medium\" src=\"https:\/\/folhadoleste.com.br\/wp-content\/uploads\/2025\/02\/ANUNCIO-FACEBOOK-FOLHA-DO-LESTE-300x300.png\" alt=\"\" width=\"300\" height=\"300\" \/><\/a><\/p>","protected":false},"excerpt":{"rendered":"<p>O atacante Germ\u00e1n Cano est\u00e1 recuperado da les\u00e3o no joelho esquerdo, mas n\u00e3o ser\u00e1 titular na estreia do Fluminense contra o Borussia Dortmund nesta ter\u00e7a-feira (17), \u00e0s 13h (de Bras\u00edlia), no MetLife Stadium, em Nova Jersey. A confirma\u00e7\u00e3o veio do t\u00e9cnico Renato Ga\u00facho na coletiva desta segunda (16). &#8220;\u00c9 um jogador que est\u00e1 voltando de les\u00e3o. Est\u00e1 100% curado, mas, nessas horas, o que mais falta \u00e9 o ritmo de jogo. E isso \u00e9 muito importante para um jogador.\u00a0Ent\u00e3o, a princ\u00edpio, para essa partida, ele vai esperar um pouco. A gente sabe tamb\u00e9m que o hor\u00e1rio dificulta bastante, 12h (hor\u00e1rio [&hellip;]<\/p>\n","protected":false},"author":5,"featured_media":127363,"comment_status":"open","ping_status":"open","sticky":false,"template":"","format":"standard","meta":{"footnotes":""},"categories":[48,65],"tags":[4745,105,124,101,34671,12815,5962,55343,14632,15277],"class_list":["post-127361","post","type-post","status-publish","format-standard","has-post-thumbnail","hentry","category-esportes","category-futebol-esportes","tag-borussia-dortmund","tag-esportes","tag-fluminense","tag-futebol","tag-futebol-internacional","tag-german-cano","tag-lesao","tag-metlife-stadium","tag-mundial-de-clubes","tag-renato-gaucho","post--single"],"yoast_head":"<!-- This site is optimized with the Yoast SEO plugin v27.4 - https:\/\/yoast.com\/product\/yoast-seo-wordpress\/ -->\n<title>Cano volta, mas come\u00e7a no banco contra o Borussia Dortmund no Mundial<\/title>\n<meta name=\"description\" content=\"Recuperado de les\u00e3o, Germ\u00e1n Cano ser\u00e1 op\u00e7\u00e3o no banco do Fluminense contra o Borussia Dortmund no Mundial, segundo Renato Ga\u00facho.\" \/>\n<meta name=\"robots\" content=\"index, follow, max-snippet:-1, max-image-preview:large, max-video-preview:-1\" \/>\n<link rel=\"canonical\" href=\"https:\/\/folhadoleste.com.br\/en\/cano-volta-mas-comeca-no-banco-contra-o-borussia\/\" \/>\n<meta property=\"og:locale\" content=\"en_US\" \/>\n<meta property=\"og:type\" content=\"article\" \/>\n<meta property=\"og:title\" content=\"Cano volta, mas come\u00e7a no banco contra o Borussia Dortmund no Mundial\" \/>\n<meta property=\"og:description\" content=\"Recuperado de les\u00e3o, Germ\u00e1n Cano ser\u00e1 op\u00e7\u00e3o no banco do Fluminense contra o Borussia Dortmund no Mundial, segundo Renato Ga\u00facho.\" \/>\n<meta property=\"og:url\" content=\"https:\/\/folhadoleste.com.br\/en\/cano-volta-mas-comeca-no-banco-contra-o-borussia\/\" \/>\n<meta property=\"og:site_name\" content=\"Folha do Leste\" \/>\n<meta property=\"article:publisher\" content=\"https:\/\/www.facebook.com\/folhadoleste\" \/>\n<meta property=\"article:published_time\" content=\"2025-06-16T19:33:03+00:00\" \/>\n<meta property=\"og:image\" content=\"https:\/\/folhadoleste.com.br\/wp-content\/uploads\/2025\/06\/Cano-volta-mas-comeca-no-banco-contra-o-Borussia-Dortmund-Foto-Marcelo-Goncalves-Fluminense-FC.jpg\" \/>\n\t<meta property=\"og:image:width\" content=\"1200\" \/>\n\t<meta property=\"og:image:height\" content=\"750\" \/>\n\t<meta property=\"og:image:type\" content=\"image\/jpeg\" \/>\n<meta name=\"author\" content=\"Enzo Carvalho\" \/>\n<meta name=\"twitter:card\" content=\"summary_large_image\" \/>\n<meta name=\"twitter:creator\" content=\"@FolhadoLesteRJ\" \/>\n<meta name=\"twitter:site\" content=\"@FolhadoLesteRJ\" \/>\n<meta name=\"twitter:label1\" content=\"Written by\" \/>\n\t<meta name=\"twitter:data1\" content=\"Enzo Carvalho\" \/>\n\t<meta name=\"twitter:label2\" content=\"Est. reading time\" \/>\n\t<meta name=\"twitter:data2\" content=\"2 minutes\" \/>\n<script type=\"application\/ld+json\" class=\"yoast-schema-graph\">{\"@context\":\"https:\\\/\\\/schema.org\",\"@graph\":[{\"@type\":\"NewsArticle\",\"@id\":\"https:\\\/\\\/folhadoleste.com.br\\\/cano-volta-mas-comeca-no-banco-contra-o-borussia\\\/#article\",\"isPartOf\":{\"@id\":\"https:\\\/\\\/folhadoleste.com.br\\\/cano-volta-mas-comeca-no-banco-contra-o-borussia\\\/\"},\"author\":{\"name\":\"Enzo Carvalho\",\"@id\":\"https:\\\/\\\/folhadoleste.com.br\\\/#\\\/schema\\\/person\\\/05d8a4b256c9faea581495e6c9be06f2\"},\"headline\":\"Cano volta, mas come\u00e7a no banco contra o Borussia Dortmund\",\"datePublished\":\"2025-06-16T19:33:03+00:00\",\"mainEntityOfPage\":{\"@id\":\"https:\\\/\\\/folhadoleste.com.br\\\/cano-volta-mas-comeca-no-banco-contra-o-borussia\\\/\"},\"wordCount\":368,\"commentCount\":0,\"publisher\":{\"@id\":\"https:\\\/\\\/folhadoleste.com.br\\\/#organization\"},\"image\":{\"@id\":\"https:\\\/\\\/folhadoleste.com.br\\\/cano-volta-mas-comeca-no-banco-contra-o-borussia\\\/#primaryimage\"},\"thumbnailUrl\":\"https:\\\/\\\/folhadoleste.com.br\\\/wp-content\\\/uploads\\\/2025\\\/06\\\/Cano-volta-mas-comeca-no-banco-contra-o-Borussia-Dortmund-Foto-Marcelo-Goncalves-Fluminense-FC.jpg\",\"keywords\":[\"Borussia Dortmund\",\"Esportes\",\"fluminense\",\"futebol\",\"futebol internacional\",\"Germ\u00e1n Cano\",\"les\u00e3o\",\"MetLife Stadium\",\"Mundial de Clubes\",\"Renato Ga\u00facho\"],\"articleSection\":[\"Esportes\",\"Futebol\"],\"inLanguage\":\"en-US\",\"potentialAction\":[{\"@type\":\"CommentAction\",\"name\":\"Comment\",\"target\":[\"https:\\\/\\\/folhadoleste.com.br\\\/cano-volta-mas-comeca-no-banco-contra-o-borussia\\\/#respond\"]}]},{\"@type\":\"WebPage\",\"@id\":\"https:\\\/\\\/folhadoleste.com.br\\\/cano-volta-mas-comeca-no-banco-contra-o-borussia\\\/\",\"url\":\"https:\\\/\\\/folhadoleste.com.br\\\/cano-volta-mas-comeca-no-banco-contra-o-borussia\\\/\",\"name\":\"Cano volta, mas come\u00e7a no banco contra o Borussia Dortmund no Mundial\",\"isPartOf\":{\"@id\":\"https:\\\/\\\/folhadoleste.com.br\\\/#website\"},\"primaryImageOfPage\":{\"@id\":\"https:\\\/\\\/folhadoleste.com.br\\\/cano-volta-mas-comeca-no-banco-contra-o-borussia\\\/#primaryimage\"},\"image\":{\"@id\":\"https:\\\/\\\/folhadoleste.com.br\\\/cano-volta-mas-comeca-no-banco-contra-o-borussia\\\/#primaryimage\"},\"thumbnailUrl\":\"https:\\\/\\\/folhadoleste.com.br\\\/wp-content\\\/uploads\\\/2025\\\/06\\\/Cano-volta-mas-comeca-no-banco-contra-o-Borussia-Dortmund-Foto-Marcelo-Goncalves-Fluminense-FC.jpg\",\"datePublished\":\"2025-06-16T19:33:03+00:00\",\"description\":\"Recuperado de les\u00e3o, Germ\u00e1n Cano ser\u00e1 op\u00e7\u00e3o no banco do Fluminense contra o Borussia Dortmund no Mundial, segundo Renato Ga\u00facho.\",\"breadcrumb\":{\"@id\":\"https:\\\/\\\/folhadoleste.com.br\\\/cano-volta-mas-comeca-no-banco-contra-o-borussia\\\/#breadcrumb\"},\"inLanguage\":\"en-US\",\"potentialAction\":[{\"@type\":\"ReadAction\",\"target\":[\"https:\\\/\\\/folhadoleste.com.br\\\/cano-volta-mas-comeca-no-banco-contra-o-borussia\\\/\"]}]},{\"@type\":\"ImageObject\",\"inLanguage\":\"en-US\",\"@id\":\"https:\\\/\\\/folhadoleste.com.br\\\/cano-volta-mas-comeca-no-banco-contra-o-borussia\\\/#primaryimage\",\"url\":\"https:\\\/\\\/folhadoleste.com.br\\\/wp-content\\\/uploads\\\/2025\\\/06\\\/Cano-volta-mas-comeca-no-banco-contra-o-Borussia-Dortmund-Foto-Marcelo-Goncalves-Fluminense-FC.jpg\",\"contentUrl\":\"https:\\\/\\\/folhadoleste.com.br\\\/wp-content\\\/uploads\\\/2025\\\/06\\\/Cano-volta-mas-comeca-no-banco-contra-o-Borussia-Dortmund-Foto-Marcelo-Goncalves-Fluminense-FC.jpg\",\"width\":1200,\"height\":750,\"caption\":\"Cano volta, mas come\u00e7a no banco contra o Borussia Dortmund | Marcelo Gon\u00e7alves\\\/Fluminense FC\"},{\"@type\":\"BreadcrumbList\",\"@id\":\"https:\\\/\\\/folhadoleste.com.br\\\/cano-volta-mas-comeca-no-banco-contra-o-borussia\\\/#breadcrumb\",\"itemListElement\":[{\"@type\":\"ListItem\",\"position\":1,\"name\":\"In\u00edcio\",\"item\":\"https:\\\/\\\/folhadoleste.com.br\\\/\"},{\"@type\":\"ListItem\",\"position\":2,\"name\":\"Esportes\",\"item\":\"https:\\\/\\\/folhadoleste.com.br\\\/category\\\/esportes\\\/\"},{\"@type\":\"ListItem\",\"position\":3,\"name\":\"Futebol\",\"item\":\"https:\\\/\\\/folhadoleste.com.br\\\/category\\\/esportes\\\/futebol-esportes\\\/\"},{\"@type\":\"ListItem\",\"position\":4,\"name\":\"Cano volta, mas come\u00e7a no banco contra o Borussia Dortmund\"}]},{\"@type\":\"WebSite\",\"@id\":\"https:\\\/\\\/folhadoleste.com.br\\\/#website\",\"url\":\"https:\\\/\\\/folhadoleste.com.br\\\/\",\"name\":\"Folha do Leste\",\"description\":\"Portal de Not\u00edcias com \u00eanfase em Niter\u00f3i, criando conte\u00fados desde a capital Rio de Janeiro, com olhar para o Leste Fluminense e suas cidades como S\u00e3o Gon\u00e7alo, Itabora\u00ed, Rio Bonito, Maric\u00e1, Saquarema e Araruama\",\"publisher\":{\"@id\":\"https:\\\/\\\/folhadoleste.com.br\\\/#organization\"},\"alternateName\":\"FL\",\"potentialAction\":[{\"@type\":\"SearchAction\",\"target\":{\"@type\":\"EntryPoint\",\"urlTemplate\":\"https:\\\/\\\/folhadoleste.com.br\\\/?s={search_term_string}\"},\"query-input\":{\"@type\":\"PropertyValueSpecification\",\"valueRequired\":true,\"valueName\":\"search_term_string\"}}],\"inLanguage\":\"en-US\"},{\"@type\":\"Organization\",\"@id\":\"https:\\\/\\\/folhadoleste.com.br\\\/#organization\",\"name\":\"Brasil 21 Comunica\u00e7\u00e3o\",\"alternateName\":\"BR21\",\"url\":\"https:\\\/\\\/folhadoleste.com.br\\\/\",\"logo\":{\"@type\":\"ImageObject\",\"inLanguage\":\"en-US\",\"@id\":\"https:\\\/\\\/folhadoleste.com.br\\\/#\\\/schema\\\/logo\\\/image\\\/\",\"url\":\"https:\\\/\\\/folhadoleste.com.br\\\/wp-content\\\/uploads\\\/2025\\\/12\\\/brasil-21-logomarca.avif\",\"contentUrl\":\"https:\\\/\\\/folhadoleste.com.br\\\/wp-content\\\/uploads\\\/2025\\\/12\\\/brasil-21-logomarca.avif\",\"width\":1044,\"height\":1044,\"caption\":\"Brasil 21 Comunica\u00e7\u00e3o\"},\"image\":{\"@id\":\"https:\\\/\\\/folhadoleste.com.br\\\/#\\\/schema\\\/logo\\\/image\\\/\"},\"sameAs\":[\"https:\\\/\\\/www.facebook.com\\\/folhadoleste\",\"https:\\\/\\\/x.com\\\/FolhadoLesteRJ\",\"https:\\\/\\\/www.instagram.com\\\/folhadoleste\\\/\"]},{\"@type\":\"Person\",\"@id\":\"https:\\\/\\\/folhadoleste.com.br\\\/#\\\/schema\\\/person\\\/05d8a4b256c9faea581495e6c9be06f2\",\"name\":\"Enzo Carvalho\",\"image\":{\"@type\":\"ImageObject\",\"inLanguage\":\"en-US\",\"@id\":\"https:\\\/\\\/folhadoleste.com.br\\\/wp-content\\\/litespeed\\\/avatar\\\/3fe471b6df482b28961bb8e87cd40a81.jpg?ver=1777161141\",\"url\":\"https:\\\/\\\/folhadoleste.com.br\\\/wp-content\\\/litespeed\\\/avatar\\\/3fe471b6df482b28961bb8e87cd40a81.jpg?ver=1777161141\",\"contentUrl\":\"https:\\\/\\\/folhadoleste.com.br\\\/wp-content\\\/litespeed\\\/avatar\\\/3fe471b6df482b28961bb8e87cd40a81.jpg?ver=1777161141\",\"caption\":\"Enzo Carvalho\"},\"description\":\"Enzo Carvalho \u00e9 jornalista profissional, com atua\u00e7\u00e3o voltada \u00e0 cobertura de inova\u00e7\u00e3o, tecnologia, cotidiano e esportes. Ex-jogador profissional de e-sports, traz para o jornalismo uma compreens\u00e3o pr\u00e1tica do universo digital, das plataformas tecnol\u00f3gicas e das transforma\u00e7\u00f5es provocadas pela cultura conectada.\",\"url\":\"https:\\\/\\\/folhadoleste.com.br\\\/en\\\/author\\\/enzo-carvalho\\\/\"}]}<\/script>\n<!-- \/ Yoast SEO plugin. -->","yoast_head_json":{"title":"Cano volta, mas come\u00e7a no banco contra o Borussia Dortmund no Mundial","description":"Recuperado de les\u00e3o, Germ\u00e1n Cano ser\u00e1 op\u00e7\u00e3o no banco do Fluminense contra o Borussia Dortmund no Mundial, segundo Renato Ga\u00facho.","robots":{"index":"index","follow":"follow","max-snippet":"max-snippet:-1","max-image-preview":"max-image-preview:large","max-video-preview":"max-video-preview:-1"},"canonical":"https:\/\/folhadoleste.com.br\/en\/cano-volta-mas-comeca-no-banco-contra-o-borussia\/","og_locale":"en_US","og_type":"article","og_title":"Cano volta, mas come\u00e7a no banco contra o Borussia Dortmund no Mundial","og_description":"Recuperado de les\u00e3o, Germ\u00e1n Cano ser\u00e1 op\u00e7\u00e3o no banco do Fluminense contra o Borussia Dortmund no Mundial, segundo Renato Ga\u00facho.","og_url":"https:\/\/folhadoleste.com.br\/en\/cano-volta-mas-comeca-no-banco-contra-o-borussia\/","og_site_name":"Folha do Leste","article_publisher":"https:\/\/www.facebook.com\/folhadoleste","article_published_time":"2025-06-16T19:33:03+00:00","og_image":[{"width":1200,"height":750,"url":"https:\/\/folhadoleste.com.br\/wp-content\/uploads\/2025\/06\/Cano-volta-mas-comeca-no-banco-contra-o-Borussia-Dortmund-Foto-Marcelo-Goncalves-Fluminense-FC.jpg","type":"image\/jpeg"}],"author":"Enzo Carvalho","twitter_card":"summary_large_image","twitter_creator":"@FolhadoLesteRJ","twitter_site":"@FolhadoLesteRJ","twitter_misc":{"Written by":"Enzo Carvalho","Est. reading time":"2 minutes"},"schema":{"@context":"https:\/\/schema.org","@graph":[{"@type":"NewsArticle","@id":"https:\/\/folhadoleste.com.br\/cano-volta-mas-comeca-no-banco-contra-o-borussia\/#article","isPartOf":{"@id":"https:\/\/folhadoleste.com.br\/cano-volta-mas-comeca-no-banco-contra-o-borussia\/"},"author":{"name":"Enzo Carvalho","@id":"https:\/\/folhadoleste.com.br\/#\/schema\/person\/05d8a4b256c9faea581495e6c9be06f2"},"headline":"Cano volta, mas come\u00e7a no banco contra o Borussia Dortmund","datePublished":"2025-06-16T19:33:03+00:00","mainEntityOfPage":{"@id":"https:\/\/folhadoleste.com.br\/cano-volta-mas-comeca-no-banco-contra-o-borussia\/"},"wordCount":368,"commentCount":0,"publisher":{"@id":"https:\/\/folhadoleste.com.br\/#organization"},"image":{"@id":"https:\/\/folhadoleste.com.br\/cano-volta-mas-comeca-no-banco-contra-o-borussia\/#primaryimage"},"thumbnailUrl":"https:\/\/folhadoleste.com.br\/wp-content\/uploads\/2025\/06\/Cano-volta-mas-comeca-no-banco-contra-o-Borussia-Dortmund-Foto-Marcelo-Goncalves-Fluminense-FC.jpg","keywords":["Borussia Dortmund","Esportes","fluminense","futebol","futebol internacional","Germ\u00e1n Cano","les\u00e3o","MetLife Stadium","Mundial de Clubes","Renato Ga\u00facho"],"articleSection":["Esportes","Futebol"],"inLanguage":"en-US","potentialAction":[{"@type":"CommentAction","name":"Comment","target":["https:\/\/folhadoleste.com.br\/cano-volta-mas-comeca-no-banco-contra-o-borussia\/#respond"]}]},{"@type":"WebPage","@id":"https:\/\/folhadoleste.com.br\/cano-volta-mas-comeca-no-banco-contra-o-borussia\/","url":"https:\/\/folhadoleste.com.br\/cano-volta-mas-comeca-no-banco-contra-o-borussia\/","name":"Cano volta, mas come\u00e7a no banco contra o Borussia Dortmund no Mundial","isPartOf":{"@id":"https:\/\/folhadoleste.com.br\/#website"},"primaryImageOfPage":{"@id":"https:\/\/folhadoleste.com.br\/cano-volta-mas-comeca-no-banco-contra-o-borussia\/#primaryimage"},"image":{"@id":"https:\/\/folhadoleste.com.br\/cano-volta-mas-comeca-no-banco-contra-o-borussia\/#primaryimage"},"thumbnailUrl":"https:\/\/folhadoleste.com.br\/wp-content\/uploads\/2025\/06\/Cano-volta-mas-comeca-no-banco-contra-o-Borussia-Dortmund-Foto-Marcelo-Goncalves-Fluminense-FC.jpg","datePublished":"2025-06-16T19:33:03+00:00","description":"Recuperado de les\u00e3o, Germ\u00e1n Cano ser\u00e1 op\u00e7\u00e3o no banco do Fluminense contra o Borussia Dortmund no Mundial, segundo Renato Ga\u00facho.","breadcrumb":{"@id":"https:\/\/folhadoleste.com.br\/cano-volta-mas-comeca-no-banco-contra-o-borussia\/#breadcrumb"},"inLanguage":"en-US","potentialAction":[{"@type":"ReadAction","target":["https:\/\/folhadoleste.com.br\/cano-volta-mas-comeca-no-banco-contra-o-borussia\/"]}]},{"@type":"ImageObject","inLanguage":"en-US","@id":"https:\/\/folhadoleste.com.br\/cano-volta-mas-comeca-no-banco-contra-o-borussia\/#primaryimage","url":"https:\/\/folhadoleste.com.br\/wp-content\/uploads\/2025\/06\/Cano-volta-mas-comeca-no-banco-contra-o-Borussia-Dortmund-Foto-Marcelo-Goncalves-Fluminense-FC.jpg","contentUrl":"https:\/\/folhadoleste.com.br\/wp-content\/uploads\/2025\/06\/Cano-volta-mas-comeca-no-banco-contra-o-Borussia-Dortmund-Foto-Marcelo-Goncalves-Fluminense-FC.jpg","width":1200,"height":750,"caption":"Cano volta, mas come\u00e7a no banco contra o Borussia Dortmund | Marcelo Gon\u00e7alves\/Fluminense FC"},{"@type":"BreadcrumbList","@id":"https:\/\/folhadoleste.com.br\/cano-volta-mas-comeca-no-banco-contra-o-borussia\/#breadcrumb","itemListElement":[{"@type":"ListItem","position":1,"name":"In\u00edcio","item":"https:\/\/folhadoleste.com.br\/"},{"@type":"ListItem","position":2,"name":"Esportes","item":"https:\/\/folhadoleste.com.br\/category\/esportes\/"},{"@type":"ListItem","position":3,"name":"Futebol","item":"https:\/\/folhadoleste.com.br\/category\/esportes\/futebol-esportes\/"},{"@type":"ListItem","position":4,"name":"Cano volta, mas come\u00e7a no banco contra o Borussia Dortmund"}]},{"@type":"WebSite","@id":"https:\/\/folhadoleste.com.br\/#website","url":"https:\/\/folhadoleste.com.br\/","name":"Folha do Leste","description":"Portal de Not\u00edcias com \u00eanfase em Niter\u00f3i, criando conte\u00fados desde a capital Rio de Janeiro, com olhar para o Leste Fluminense e suas cidades como S\u00e3o Gon\u00e7alo, Itabora\u00ed, Rio Bonito, Maric\u00e1, Saquarema e Araruama","publisher":{"@id":"https:\/\/folhadoleste.com.br\/#organization"},"alternateName":"FL","potentialAction":[{"@type":"SearchAction","target":{"@type":"EntryPoint","urlTemplate":"https:\/\/folhadoleste.com.br\/?s={search_term_string}"},"query-input":{"@type":"PropertyValueSpecification","valueRequired":true,"valueName":"search_term_string"}}],"inLanguage":"en-US"},{"@type":"Organization","@id":"https:\/\/folhadoleste.com.br\/#organization","name":"Brasil 21 Comunica\u00e7\u00e3o","alternateName":"BR21","url":"https:\/\/folhadoleste.com.br\/","logo":{"@type":"ImageObject","inLanguage":"en-US","@id":"https:\/\/folhadoleste.com.br\/#\/schema\/logo\/image\/","url":"https:\/\/folhadoleste.com.br\/wp-content\/uploads\/2025\/12\/brasil-21-logomarca.avif","contentUrl":"https:\/\/folhadoleste.com.br\/wp-content\/uploads\/2025\/12\/brasil-21-logomarca.avif","width":1044,"height":1044,"caption":"Brasil 21 Comunica\u00e7\u00e3o"},"image":{"@id":"https:\/\/folhadoleste.com.br\/#\/schema\/logo\/image\/"},"sameAs":["https:\/\/www.facebook.com\/folhadoleste","https:\/\/x.com\/FolhadoLesteRJ","https:\/\/www.instagram.com\/folhadoleste\/"]},{"@type":"Person","@id":"https:\/\/folhadoleste.com.br\/#\/schema\/person\/05d8a4b256c9faea581495e6c9be06f2","name":"Enzo Carvalho","image":{"@type":"ImageObject","inLanguage":"en-US","@id":"https:\/\/folhadoleste.com.br\/wp-content\/litespeed\/avatar\/3fe471b6df482b28961bb8e87cd40a81.jpg?ver=1777161141","url":"https:\/\/folhadoleste.com.br\/wp-content\/litespeed\/avatar\/3fe471b6df482b28961bb8e87cd40a81.jpg?ver=1777161141","contentUrl":"https:\/\/folhadoleste.com.br\/wp-content\/litespeed\/avatar\/3fe471b6df482b28961bb8e87cd40a81.jpg?ver=1777161141","caption":"Enzo Carvalho"},"description":"Enzo Carvalho \u00e9 jornalista profissional, com atua\u00e7\u00e3o voltada \u00e0 cobertura de inova\u00e7\u00e3o, tecnologia, cotidiano e esportes. Ex-jogador profissional de e-sports, traz para o jornalismo uma compreens\u00e3o pr\u00e1tica do universo digital, das plataformas tecnol\u00f3gicas e das transforma\u00e7\u00f5es provocadas pela cultura conectada.","url":"https:\/\/folhadoleste.com.br\/en\/author\/enzo-carvalho\/"}]}},"_links":{"self":[{"href":"https:\/\/folhadoleste.com.br\/en\/wp-json\/wp\/v2\/posts\/127361","targetHints":{"allow":["GET"]}}],"collection":[{"href":"https:\/\/folhadoleste.com.br\/en\/wp-json\/wp\/v2\/posts"}],"about":[{"href":"https:\/\/folhadoleste.com.br\/en\/wp-json\/wp\/v2\/types\/post"}],"author":[{"embeddable":true,"href":"https:\/\/folhadoleste.com.br\/en\/wp-json\/wp\/v2\/users\/5"}],"replies":[{"embeddable":true,"href":"https:\/\/folhadoleste.com.br\/en\/wp-json\/wp\/v2\/comments?post=127361"}],"version-history":[{"count":1,"href":"https:\/\/folhadoleste.com.br\/en\/wp-json\/wp\/v2\/posts\/127361\/revisions"}],"predecessor-version":[{"id":127364,"href":"https:\/\/folhadoleste.com.br\/en\/wp-json\/wp\/v2\/posts\/127361\/revisions\/127364"}],"wp:featuredmedia":[{"embeddable":true,"href":"https:\/\/folhadoleste.com.br\/en\/wp-json\/wp\/v2\/media\/127363"}],"wp:attachment":[{"href":"https:\/\/folhadoleste.com.br\/en\/wp-json\/wp\/v2\/media?parent=127361"}],"wp:term":[{"taxonomy":"category","embeddable":true,"href":"https:\/\/folhadoleste.com.br\/en\/wp-json\/wp\/v2\/categories?post=127361"},{"taxonomy":"post_tag","embeddable":true,"href":"https:\/\/folhadoleste.com.br\/en\/wp-json\/wp\/v2\/tags?post=127361"}],"curies":[{"name":"wp","href":"https:\/\/api.w.org\/{rel}","templated":true}]}}