{"id":127346,"date":"2025-06-16T18:58:06","date_gmt":"2025-06-16T21:58:06","guid":{"rendered":"https:\/\/folhadoleste.com.br\/?p=127346"},"modified":"2025-06-16T18:58:06","modified_gmt":"2025-06-16T21:58:06","slug":"rodrigo-bacellar-cumpre-agenda-em-campos-como-governador-do-rj","status":"publish","type":"post","link":"https:\/\/folhadoleste.com.br\/en\/rodrigo-bacellar-cumpre-agenda-em-campos-como-governador-do-rj\/","title":{"rendered":"Rodrigo Bacellar cumpre agenda em Campos como governador interino do Rio de Janeiro"},"content":{"rendered":"<div id=\"attachment_127410\" style=\"width: 1090px\" class=\"wp-caption alignnone\"><img decoding=\"async\" aria-describedby=\"caption-attachment-127410\" class=\"wp-image-127410 size-full\" src=\"https:\/\/folhadoleste.com.br\/wp-content\/uploads\/2025\/06\/Rodrigo_Bacelar_Inauguracao_Farol_foto_1.jpg\" alt=\"\" width=\"1080\" height=\"635\" \/><p id=\"caption-attachment-127410\" class=\"wp-caption-text\">Agenda da primeira semana do governador interino do Rio de Janeiro Rodrigo Bacellar teve in\u00edcio no Farol de S\u00e3o Tom\u00e9, em Campos dos Goytacazes, onde ele entregou o melhorias ao Corpo de Bombeiros local | Reprodu\u00e7\u00e3o<\/p><\/div>\n<p style=\"text-align: justify;\">O governador em exerc\u00edcio do Rio de Janeiro, deputado Rodrigo Bacellar (Uni\u00e3o), cumpre agenda nesta segunda-feira (16) em Campos dos Goytacazes. Pela manh\u00e3, Bacellar esteve no Farol de S\u00e3o Tom\u00e9, onde inaugurou um novo destacamento do Corpo de Bombeiros. Indicado pelo atual governador do Rio, Claudio Castro, como candidato nas elei\u00e7\u00f5es de 2026, para suced\u00ea-lo, Rodrigo se disse honrado por estar em sua cidade natal como governador em exerc\u00edcio.<\/p>\n<blockquote>\n<p style=\"text-align: justify;\">&#8220;Hoje \u00e9 dia de entregar um refor\u00e7o important\u00edssimo para a popula\u00e7\u00e3o da cidade, entregando um investimento que vai agilizar o atendimento a emerg\u00eancias, especialmente nas \u00e1reas da orla e na Baixada Campista, reduzindo o tempo de resposta \u00e0s ocorr\u00eancias. Um sonho antigo da popula\u00e7\u00e3o&#8221;, disse Rodrigo Bacellar.<\/p>\n<p><a href=\"https:\/\/chat.whatsapp.com\/ItvWOvY08sCCpPxovKnYb6\"><img decoding=\"async\" class=\"aligncenter wp-image-109746 size-full\" src=\"https:\/\/folhadoleste.com.br\/wp-content\/uploads\/2025\/02\/WHATSAPP-FOLHA-DO-LESTE-600x200-1.png\" alt=\"\" width=\"600\" height=\"200\" \/><\/a><\/p><\/blockquote>\n<p style=\"text-align: justify;\">Ainda de acordo com o governador em exerc\u00edcio, a unidade conta com ve\u00edculos modernos, preparados para diversos terrenos. Por exemplo, embarca\u00e7\u00f5es para resgate na \u00e1gua, ve\u00edculo de combate a inc\u00eandio e quadriciclo para facilitar o deslocamento na areia. Tamb\u00e9m, houve a entrega de outras viaturas para fortalecer a estrutura do Corpo de Bombeiros.<\/p>\n<div id=\"attachment_127409\" style=\"width: 1090px\" class=\"wp-caption alignnone\"><img decoding=\"async\" aria-describedby=\"caption-attachment-127409\" class=\"wp-image-127409 size-full\" src=\"https:\/\/folhadoleste.com.br\/wp-content\/uploads\/2025\/06\/Rodrigo_Bacelar_Inauguracao_Farol_foto_Carla-Machado_Thiago-Rangel-Vitor-Junior.jpg\" alt=\"Rodrigo Bacellar governador do Rio de Janeiro agenda em Campos\" width=\"1080\" height=\"631\" \/><p id=\"caption-attachment-127409\" class=\"wp-caption-text\">Rodrigo Bacellar, governador em exerc\u00edcio do estado do Rio de Janeiro, cumpre agenda em Campos, juntamente com os deputados Thiago Rangel (PMB), V\u00edtor J\u00fanior (PDT) e Carla Machado (PT) | Reprodu\u00e7\u00e3o<\/p><\/div>\n<p style=\"text-align: justify;\">A unidade tamb\u00e9m vai funcionar como ponto de atendimento \u00e0 popula\u00e7\u00e3o, com orienta\u00e7\u00f5es sobre legaliza\u00e7\u00e3o de com\u00e9rcio e eventos. Diversas autoridades compareceram ao evento de inaugura\u00e7\u00e3o, principalmente deputados estaduais.<\/p>\n<blockquote>\n<p style=\"text-align: justify;\">&#8220;A presen\u00e7a de tantos deputados aqui refor\u00e7a ainda mais o compromisso do Poder Legislativo, junto ao governo, por um trabalho incans\u00e1vel por todo nosso estado. Com coopera\u00e7\u00e3o e harmonia, seguimos avan\u00e7ando&#8221;, destacou Bacellar, ressaltando que, desse modo, o governo do estado se faz presente na vida das pessoas.<\/p>\n<\/blockquote>\n<p><a href=\"https:\/\/instagram.com\/folhadoleste\"><img decoding=\"async\" class=\"alignnone wp-image-109748 size-full\" src=\"https:\/\/folhadoleste.com.br\/wp-content\/uploads\/2025\/02\/Instagram-Folha-do-Leste-Widget.png\" alt=\"\" width=\"900\" height=\"300\" \/><\/a><\/p>\n<h2>Deputada diz que regi\u00e3o est\u00e1 abandonada pelo munic\u00edpio<\/h2>\n<p style=\"text-align: justify;\">Durante a cerim\u00f4nia de inaugura\u00e7\u00e3o, a deputada estadual Carla Machado (PT) citou que o posto m\u00e9dico do Farol de S\u00e3o Tom\u00e9, administrado pela prefeitura de Campos, est\u00e1 abandonado. Ela disse, inclusive, que o munic\u00edpio s\u00f3 d\u00e1 aten\u00e7\u00e3o \u00e0 regi\u00e3o da praia \u2014 que garante o precioso repasse de royalties do petr\u00f3leo aos cofres municipais \u2014 no per\u00edodo de ver\u00e3o.<\/p>\n<div id=\"attachment_127414\" style=\"width: 774px\" class=\"wp-caption alignnone\"><img decoding=\"async\" aria-describedby=\"caption-attachment-127414\" class=\"wp-image-127414\" src=\"https:\/\/folhadoleste.com.br\/wp-content\/uploads\/2025\/06\/Carla-Machado-Bacellar-e1750110397392.jpg\" alt=\"\" width=\"764\" height=\"991\" \/><p id=\"caption-attachment-127414\" class=\"wp-caption-text\">Deputada estadual Carla Machado discursa em Campos ao lado do governador em exerc\u00edcio do Rio de Janeiro, Rodrigo Bacellar) | Reprodu\u00e7\u00e3o<\/p><\/div>\n<blockquote>\n<p style=\"text-align: justify;\">&#8220;Farol de S\u00e3o Tom\u00e9 tem mais de 25 mil habitantes e voc\u00ea, Rodrigo, veio aqui trazer a vida. Porque \u00e9 muito dura a realidade desse povo do Farol, que quando passa mal, espera mais de uma hora por socorro, quando tem coisas que n\u00e3o se pode perder tempo. Voc\u00ea pode ter certeza que essa a\u00e7\u00e3o vai salvar muitas vidas&#8221;, disse a parlamentar, lembrando que a a\u00e7\u00e3o est\u00e1 diretamente ligada ao turismo, porque as pessoas querem ter seguran\u00e7a quando v\u00e3o \u00e0 praia.<\/p>\n<\/blockquote>\n<h2>Sa\u00fade para quem atua na Seguran\u00e7a P\u00fablica<\/h2>\n<p style=\"text-align: justify;\">Ainda em Campos, na \u00e1rea central da cidade, no Parque S\u00e3o Caetano, Rodrigo Bacellar cumpriu outra agenda, no per\u00edodo da tarde. Ele realizou o lan\u00e7amento da Pedra Fundamental da nova Policl\u00ednica da Pol\u00edcia Militar, para atendimento de policiais do Norte e Noroeste fluminense e seus dependentes.<\/p>\n<p style=\"text-align: justify;\">Conforme informa\u00e7\u00f5es do governo do estado, a nova unidade funcionar\u00e1 no mesmo local onde ficava a antiga, destru\u00edda por um inc\u00eandio.<\/p>\n<p><img decoding=\"async\" class=\"aligncenter size-full wp-image-127411\" src=\"https:\/\/folhadoleste.com.br\/wp-content\/uploads\/2025\/06\/Rodrigo_Bacelar_Inauguracao_Pq_S_CaetanoJair-Bittencourt-Thiago-Rangel-Bruno-Dauaire.jpg\" alt=\"\" width=\"1080\" height=\"636\" \/><\/p>\n<p style=\"text-align: justify;\">A unidade ter\u00e1 salas de atendimento que v\u00e3o abrigar m\u00e9dicos de diversas especialidades, assim como profissionais de odontologia. O novo pr\u00e9dio ter\u00e1 ainda estrutura para realiza\u00e7\u00e3o de pequenos procedimentos, al\u00e9m de leitos de observa\u00e7\u00e3o.<\/p>\n<blockquote>\n<p style=\"text-align: justify;\">&#8220;O nosso trabalho pela valoriza\u00e7\u00e3o da PM tamb\u00e9m passa pela aten\u00e7\u00e3o \u00e0s necessidades m\u00e9dicas desses guerreiros e guerreiras que comp\u00f5em a tropa e tamb\u00e9m de seus familiares&#8221;, disse.<\/p>\n<\/blockquote>\n<p>&nbsp;<\/p>\n<h5 style=\"text-align: center;\"><span style=\"color: #000000;\"><span style=\"color: #ff0000;\"><strong>+ <\/strong><\/span><\/span><span style=\"color: #000000;\"><strong><span style=\"color: #ff9900;\">MAIS NOT\u00cdCIAS DO ESTADO DO RIO DE JANEIRO?<\/span> <span style=\"color: #008080;\"><a style=\"color: #008080;\" href=\"https:\/\/folhadoleste.com.br\/en\/category\/estado-do-rio-de-janeiro\/\">CLIQUE AQUI<\/a><\/span><\/strong><\/span><\/h5>\n<p><a href=\"http:\/\/FACEBOOK.com\/folhadoleste\"><img decoding=\"async\" class=\"aligncenter wp-image-109735 size-medium\" style=\"color: rgba(0, 0, 0, 0.7); font-size: 1.21429rem;\" src=\"https:\/\/folhadoleste.com.br\/wp-content\/uploads\/2025\/02\/ANUNCIO-FACEBOOK-FOLHA-DO-LESTE-300x300.png\" alt=\"\" width=\"300\" height=\"300\" \/><\/a><\/p>","protected":false},"excerpt":{"rendered":"<p>O governador em exerc\u00edcio do Rio de Janeiro, deputado Rodrigo Bacellar (Uni\u00e3o), cumpre agenda nesta segunda-feira (16) em Campos dos Goytacazes. Pela manh\u00e3, Bacellar esteve no Farol de S\u00e3o Tom\u00e9, onde inaugurou um novo destacamento do Corpo de Bombeiros. Indicado pelo atual governador do Rio, Claudio Castro, como candidato nas elei\u00e7\u00f5es de 2026, para suced\u00ea-lo, Rodrigo se disse honrado por estar em sua cidade natal como governador em exerc\u00edcio. &#8220;Hoje \u00e9 dia de entregar um refor\u00e7o important\u00edssimo para a popula\u00e7\u00e3o da cidade, entregando um investimento que vai agilizar o atendimento a emerg\u00eancias, especialmente nas \u00e1reas da orla e na Baixada [&hellip;]<\/p>\n","protected":false},"author":4,"featured_media":127410,"comment_status":"open","ping_status":"open","sticky":false,"template":"","format":"standard","meta":{"footnotes":""},"categories":[46,46008],"tags":[1896,171,64489,334,27175,79521,62901,48163,79522,2277,79520,79524,37398,79500,2728,77757,79526,79519,79525,79523],"class_list":["post-127346","post","type-post","status-publish","format-standard","has-post-thumbnail","hentry","category-estado-do-rio-de-janeiro","category-norte-fluminense","tag-alerj","tag-campos-dos-goytacazes","tag-carla-machado","tag-claudio-castro","tag-corpo-de-bombeiros-rj","tag-criticas-prefeitura-campos","tag-deputados-estaduais","tag-eleicoes-2026","tag-emergencia-campos","tag-farol-de-sao-tome","tag-governo-do-estado-rj","tag-investimentos-rj","tag-policia-militar-rj","tag-policlinica-pm","tag-rodrigo-bacellar","tag-royalties-petroleo","tag-saude-pm-campos","tag-saude-seguranca-publica","tag-seguranca-farol","tag-turismo-campos","post--single"],"yoast_head":"<!-- This site is optimized with the Yoast SEO plugin v27.4 - https:\/\/yoast.com\/product\/yoast-seo-wordpress\/ -->\n<title>Rodrigo Bacellar cumpre agenda em Campos como governador do RJ<\/title>\n<meta name=\"description\" content=\"Rodrigo Bacellar cumpre agenda em Campos como governador do Rio de Janeiro: inaugurou destacamento dos Bombeiros no Farol e lan\u00e7ou Pedra Fundamental para Policl\u00ednica da PM\" \/>\n<meta name=\"robots\" content=\"index, follow, max-snippet:-1, max-image-preview:large, max-video-preview:-1\" \/>\n<link rel=\"canonical\" href=\"https:\/\/folhadoleste.com.br\/en\/rodrigo-bacellar-cumpre-agenda-em-campos-como-governador-do-rj\/\" \/>\n<meta property=\"og:locale\" content=\"en_US\" \/>\n<meta property=\"og:type\" content=\"article\" \/>\n<meta property=\"og:title\" content=\"Rodrigo Bacellar cumpre agenda em Campos como governador do RJ\" \/>\n<meta property=\"og:description\" content=\"Rodrigo Bacellar cumpre agenda em Campos como governador do Rio de Janeiro: inaugurou destacamento dos Bombeiros no Farol e lan\u00e7ou Pedra Fundamental para Policl\u00ednica da PM\" \/>\n<meta property=\"og:url\" content=\"https:\/\/folhadoleste.com.br\/en\/rodrigo-bacellar-cumpre-agenda-em-campos-como-governador-do-rj\/\" \/>\n<meta property=\"og:site_name\" content=\"Folha do Leste\" \/>\n<meta property=\"article:publisher\" content=\"https:\/\/www.facebook.com\/folhadoleste\" \/>\n<meta property=\"article:published_time\" content=\"2025-06-16T21:58:06+00:00\" \/>\n<meta property=\"og:image\" content=\"https:\/\/folhadoleste.com.br\/wp-content\/uploads\/2025\/06\/Rodrigo_Bacelar_Inauguracao_Farol_foto_1.jpg\" \/>\n\t<meta property=\"og:image:width\" content=\"1080\" \/>\n\t<meta property=\"og:image:height\" content=\"635\" \/>\n\t<meta property=\"og:image:type\" content=\"image\/jpeg\" \/>\n<meta name=\"author\" content=\"Folha do Leste\" \/>\n<meta name=\"twitter:card\" content=\"summary_large_image\" \/>\n<meta name=\"twitter:creator\" content=\"@FolhadoLesteRJ\" \/>\n<meta name=\"twitter:site\" content=\"@FolhadoLesteRJ\" \/>\n<meta name=\"twitter:label1\" content=\"Written by\" \/>\n\t<meta name=\"twitter:data1\" content=\"Folha do Leste\" \/>\n\t<meta name=\"twitter:label2\" content=\"Est. reading time\" \/>\n\t<meta name=\"twitter:data2\" content=\"4 minutes\" \/>\n<script type=\"application\/ld+json\" class=\"yoast-schema-graph\">{\"@context\":\"https:\\\/\\\/schema.org\",\"@graph\":[{\"@type\":\"NewsArticle\",\"@id\":\"https:\\\/\\\/folhadoleste.com.br\\\/rodrigo-bacellar-cumpre-agenda-em-campos-como-governador-do-rj\\\/#article\",\"isPartOf\":{\"@id\":\"https:\\\/\\\/folhadoleste.com.br\\\/rodrigo-bacellar-cumpre-agenda-em-campos-como-governador-do-rj\\\/\"},\"author\":{\"name\":\"Folha do Leste\",\"@id\":\"https:\\\/\\\/folhadoleste.com.br\\\/#\\\/schema\\\/person\\\/3e97145b2e1861276e84471aa85a3899\"},\"headline\":\"Rodrigo Bacellar cumpre agenda em Campos como governador interino do Rio de Janeiro\",\"datePublished\":\"2025-06-16T21:58:06+00:00\",\"mainEntityOfPage\":{\"@id\":\"https:\\\/\\\/folhadoleste.com.br\\\/rodrigo-bacellar-cumpre-agenda-em-campos-como-governador-do-rj\\\/\"},\"wordCount\":730,\"commentCount\":0,\"publisher\":{\"@id\":\"https:\\\/\\\/folhadoleste.com.br\\\/#organization\"},\"image\":{\"@id\":\"https:\\\/\\\/folhadoleste.com.br\\\/rodrigo-bacellar-cumpre-agenda-em-campos-como-governador-do-rj\\\/#primaryimage\"},\"thumbnailUrl\":\"https:\\\/\\\/folhadoleste.com.br\\\/wp-content\\\/uploads\\\/2025\\\/06\\\/Rodrigo_Bacelar_Inauguracao_Farol_foto_1.jpg\",\"keywords\":[\"Alerj\",\"Campos dos Goytacazes\",\"Carla Machado\",\"Claudio Castro\",\"Corpo de Bombeiros RJ\",\"Cr\u00edticas Prefeitura Campos\",\"deputados estaduais\",\"Elei\u00e7\u00f5es 2026\",\"Emerg\u00eancia Campos\",\"Farol de S\u00e3o Tom\u00e9\",\"Governo do Estado RJ\",\"Investimentos RJ\",\"Pol\u00edcia Militar RJ\",\"policl\u00ednica PM\",\"Rodrigo Bacellar\",\"royalties petr\u00f3leo\",\"Sa\u00fade PM Campos\",\"Sa\u00fade Seguran\u00e7a P\u00fablica\",\"Seguran\u00e7a Farol\",\"Turismo Campos\"],\"articleSection\":[\"Estado do Rio de Janeiro\",\"Norte Fluminense\"],\"inLanguage\":\"en-US\",\"potentialAction\":[{\"@type\":\"CommentAction\",\"name\":\"Comment\",\"target\":[\"https:\\\/\\\/folhadoleste.com.br\\\/rodrigo-bacellar-cumpre-agenda-em-campos-como-governador-do-rj\\\/#respond\"]}]},{\"@type\":\"WebPage\",\"@id\":\"https:\\\/\\\/folhadoleste.com.br\\\/rodrigo-bacellar-cumpre-agenda-em-campos-como-governador-do-rj\\\/\",\"url\":\"https:\\\/\\\/folhadoleste.com.br\\\/rodrigo-bacellar-cumpre-agenda-em-campos-como-governador-do-rj\\\/\",\"name\":\"Rodrigo Bacellar cumpre agenda em Campos como governador do RJ\",\"isPartOf\":{\"@id\":\"https:\\\/\\\/folhadoleste.com.br\\\/#website\"},\"primaryImageOfPage\":{\"@id\":\"https:\\\/\\\/folhadoleste.com.br\\\/rodrigo-bacellar-cumpre-agenda-em-campos-como-governador-do-rj\\\/#primaryimage\"},\"image\":{\"@id\":\"https:\\\/\\\/folhadoleste.com.br\\\/rodrigo-bacellar-cumpre-agenda-em-campos-como-governador-do-rj\\\/#primaryimage\"},\"thumbnailUrl\":\"https:\\\/\\\/folhadoleste.com.br\\\/wp-content\\\/uploads\\\/2025\\\/06\\\/Rodrigo_Bacelar_Inauguracao_Farol_foto_1.jpg\",\"datePublished\":\"2025-06-16T21:58:06+00:00\",\"description\":\"Rodrigo Bacellar cumpre agenda em Campos como governador do Rio de Janeiro: inaugurou destacamento dos Bombeiros no Farol e lan\u00e7ou Pedra Fundamental para Policl\u00ednica da PM\",\"breadcrumb\":{\"@id\":\"https:\\\/\\\/folhadoleste.com.br\\\/rodrigo-bacellar-cumpre-agenda-em-campos-como-governador-do-rj\\\/#breadcrumb\"},\"inLanguage\":\"en-US\",\"potentialAction\":[{\"@type\":\"ReadAction\",\"target\":[\"https:\\\/\\\/folhadoleste.com.br\\\/rodrigo-bacellar-cumpre-agenda-em-campos-como-governador-do-rj\\\/\"]}]},{\"@type\":\"ImageObject\",\"inLanguage\":\"en-US\",\"@id\":\"https:\\\/\\\/folhadoleste.com.br\\\/rodrigo-bacellar-cumpre-agenda-em-campos-como-governador-do-rj\\\/#primaryimage\",\"url\":\"https:\\\/\\\/folhadoleste.com.br\\\/wp-content\\\/uploads\\\/2025\\\/06\\\/Rodrigo_Bacelar_Inauguracao_Farol_foto_1.jpg\",\"contentUrl\":\"https:\\\/\\\/folhadoleste.com.br\\\/wp-content\\\/uploads\\\/2025\\\/06\\\/Rodrigo_Bacelar_Inauguracao_Farol_foto_1.jpg\",\"width\":1080,\"height\":635},{\"@type\":\"BreadcrumbList\",\"@id\":\"https:\\\/\\\/folhadoleste.com.br\\\/rodrigo-bacellar-cumpre-agenda-em-campos-como-governador-do-rj\\\/#breadcrumb\",\"itemListElement\":[{\"@type\":\"ListItem\",\"position\":1,\"name\":\"In\u00edcio\",\"item\":\"https:\\\/\\\/folhadoleste.com.br\\\/\"},{\"@type\":\"ListItem\",\"position\":2,\"name\":\"Estado do Rio de Janeiro\",\"item\":\"https:\\\/\\\/folhadoleste.com.br\\\/category\\\/estado-do-rio-de-janeiro\\\/\"},{\"@type\":\"ListItem\",\"position\":3,\"name\":\"Rodrigo Bacellar cumpre agenda em Campos como governador interino do Rio de Janeiro\"}]},{\"@type\":\"WebSite\",\"@id\":\"https:\\\/\\\/folhadoleste.com.br\\\/#website\",\"url\":\"https:\\\/\\\/folhadoleste.com.br\\\/\",\"name\":\"Folha do Leste\",\"description\":\"Portal de Not\u00edcias com \u00eanfase em Niter\u00f3i, criando conte\u00fados desde a capital Rio de Janeiro, com olhar para o Leste Fluminense e suas cidades como S\u00e3o Gon\u00e7alo, Itabora\u00ed, Rio Bonito, Maric\u00e1, Saquarema e Araruama\",\"publisher\":{\"@id\":\"https:\\\/\\\/folhadoleste.com.br\\\/#organization\"},\"alternateName\":\"FL\",\"potentialAction\":[{\"@type\":\"SearchAction\",\"target\":{\"@type\":\"EntryPoint\",\"urlTemplate\":\"https:\\\/\\\/folhadoleste.com.br\\\/?s={search_term_string}\"},\"query-input\":{\"@type\":\"PropertyValueSpecification\",\"valueRequired\":true,\"valueName\":\"search_term_string\"}}],\"inLanguage\":\"en-US\"},{\"@type\":\"Organization\",\"@id\":\"https:\\\/\\\/folhadoleste.com.br\\\/#organization\",\"name\":\"Brasil 21 Comunica\u00e7\u00e3o\",\"alternateName\":\"BR21\",\"url\":\"https:\\\/\\\/folhadoleste.com.br\\\/\",\"logo\":{\"@type\":\"ImageObject\",\"inLanguage\":\"en-US\",\"@id\":\"https:\\\/\\\/folhadoleste.com.br\\\/#\\\/schema\\\/logo\\\/image\\\/\",\"url\":\"https:\\\/\\\/folhadoleste.com.br\\\/wp-content\\\/uploads\\\/2025\\\/12\\\/brasil-21-logomarca.avif\",\"contentUrl\":\"https:\\\/\\\/folhadoleste.com.br\\\/wp-content\\\/uploads\\\/2025\\\/12\\\/brasil-21-logomarca.avif\",\"width\":1044,\"height\":1044,\"caption\":\"Brasil 21 Comunica\u00e7\u00e3o\"},\"image\":{\"@id\":\"https:\\\/\\\/folhadoleste.com.br\\\/#\\\/schema\\\/logo\\\/image\\\/\"},\"sameAs\":[\"https:\\\/\\\/www.facebook.com\\\/folhadoleste\",\"https:\\\/\\\/x.com\\\/FolhadoLesteRJ\",\"https:\\\/\\\/www.instagram.com\\\/folhadoleste\\\/\"]},{\"@type\":\"Person\",\"@id\":\"https:\\\/\\\/folhadoleste.com.br\\\/#\\\/schema\\\/person\\\/3e97145b2e1861276e84471aa85a3899\",\"name\":\"Folha do Leste\",\"image\":{\"@type\":\"ImageObject\",\"inLanguage\":\"en-US\",\"@id\":\"https:\\\/\\\/folhadoleste.com.br\\\/wp-content\\\/litespeed\\\/avatar\\\/1ca8c218432e7045e748610eb3db0259.jpg?ver=1777161142\",\"url\":\"https:\\\/\\\/folhadoleste.com.br\\\/wp-content\\\/litespeed\\\/avatar\\\/1ca8c218432e7045e748610eb3db0259.jpg?ver=1777161142\",\"contentUrl\":\"https:\\\/\\\/folhadoleste.com.br\\\/wp-content\\\/litespeed\\\/avatar\\\/1ca8c218432e7045e748610eb3db0259.jpg?ver=1777161142\",\"caption\":\"Folha do Leste\"},\"url\":\"https:\\\/\\\/folhadoleste.com.br\\\/en\\\/author\\\/reportagem-01\\\/\"}]}<\/script>\n<!-- \/ Yoast SEO plugin. -->","yoast_head_json":{"title":"Rodrigo Bacellar cumpre agenda em Campos como governador do RJ","description":"Rodrigo Bacellar cumpre agenda em Campos como governador do Rio de Janeiro: inaugurou destacamento dos Bombeiros no Farol e lan\u00e7ou Pedra Fundamental para Policl\u00ednica da PM","robots":{"index":"index","follow":"follow","max-snippet":"max-snippet:-1","max-image-preview":"max-image-preview:large","max-video-preview":"max-video-preview:-1"},"canonical":"https:\/\/folhadoleste.com.br\/en\/rodrigo-bacellar-cumpre-agenda-em-campos-como-governador-do-rj\/","og_locale":"en_US","og_type":"article","og_title":"Rodrigo Bacellar cumpre agenda em Campos como governador do RJ","og_description":"Rodrigo Bacellar cumpre agenda em Campos como governador do Rio de Janeiro: inaugurou destacamento dos Bombeiros no Farol e lan\u00e7ou Pedra Fundamental para Policl\u00ednica da PM","og_url":"https:\/\/folhadoleste.com.br\/en\/rodrigo-bacellar-cumpre-agenda-em-campos-como-governador-do-rj\/","og_site_name":"Folha do Leste","article_publisher":"https:\/\/www.facebook.com\/folhadoleste","article_published_time":"2025-06-16T21:58:06+00:00","og_image":[{"width":1080,"height":635,"url":"https:\/\/folhadoleste.com.br\/wp-content\/uploads\/2025\/06\/Rodrigo_Bacelar_Inauguracao_Farol_foto_1.jpg","type":"image\/jpeg"}],"author":"Folha do Leste","twitter_card":"summary_large_image","twitter_creator":"@FolhadoLesteRJ","twitter_site":"@FolhadoLesteRJ","twitter_misc":{"Written by":"Folha do Leste","Est. reading time":"4 minutes"},"schema":{"@context":"https:\/\/schema.org","@graph":[{"@type":"NewsArticle","@id":"https:\/\/folhadoleste.com.br\/rodrigo-bacellar-cumpre-agenda-em-campos-como-governador-do-rj\/#article","isPartOf":{"@id":"https:\/\/folhadoleste.com.br\/rodrigo-bacellar-cumpre-agenda-em-campos-como-governador-do-rj\/"},"author":{"name":"Folha do Leste","@id":"https:\/\/folhadoleste.com.br\/#\/schema\/person\/3e97145b2e1861276e84471aa85a3899"},"headline":"Rodrigo Bacellar cumpre agenda em Campos como governador interino do Rio de Janeiro","datePublished":"2025-06-16T21:58:06+00:00","mainEntityOfPage":{"@id":"https:\/\/folhadoleste.com.br\/rodrigo-bacellar-cumpre-agenda-em-campos-como-governador-do-rj\/"},"wordCount":730,"commentCount":0,"publisher":{"@id":"https:\/\/folhadoleste.com.br\/#organization"},"image":{"@id":"https:\/\/folhadoleste.com.br\/rodrigo-bacellar-cumpre-agenda-em-campos-como-governador-do-rj\/#primaryimage"},"thumbnailUrl":"https:\/\/folhadoleste.com.br\/wp-content\/uploads\/2025\/06\/Rodrigo_Bacelar_Inauguracao_Farol_foto_1.jpg","keywords":["Alerj","Campos dos Goytacazes","Carla Machado","Claudio Castro","Corpo de Bombeiros RJ","Cr\u00edticas Prefeitura Campos","deputados estaduais","Elei\u00e7\u00f5es 2026","Emerg\u00eancia Campos","Farol de S\u00e3o Tom\u00e9","Governo do Estado RJ","Investimentos RJ","Pol\u00edcia Militar RJ","policl\u00ednica PM","Rodrigo Bacellar","royalties petr\u00f3leo","Sa\u00fade PM Campos","Sa\u00fade Seguran\u00e7a P\u00fablica","Seguran\u00e7a Farol","Turismo Campos"],"articleSection":["Estado do Rio de Janeiro","Norte Fluminense"],"inLanguage":"en-US","potentialAction":[{"@type":"CommentAction","name":"Comment","target":["https:\/\/folhadoleste.com.br\/rodrigo-bacellar-cumpre-agenda-em-campos-como-governador-do-rj\/#respond"]}]},{"@type":"WebPage","@id":"https:\/\/folhadoleste.com.br\/rodrigo-bacellar-cumpre-agenda-em-campos-como-governador-do-rj\/","url":"https:\/\/folhadoleste.com.br\/rodrigo-bacellar-cumpre-agenda-em-campos-como-governador-do-rj\/","name":"Rodrigo Bacellar cumpre agenda em Campos como governador do RJ","isPartOf":{"@id":"https:\/\/folhadoleste.com.br\/#website"},"primaryImageOfPage":{"@id":"https:\/\/folhadoleste.com.br\/rodrigo-bacellar-cumpre-agenda-em-campos-como-governador-do-rj\/#primaryimage"},"image":{"@id":"https:\/\/folhadoleste.com.br\/rodrigo-bacellar-cumpre-agenda-em-campos-como-governador-do-rj\/#primaryimage"},"thumbnailUrl":"https:\/\/folhadoleste.com.br\/wp-content\/uploads\/2025\/06\/Rodrigo_Bacelar_Inauguracao_Farol_foto_1.jpg","datePublished":"2025-06-16T21:58:06+00:00","description":"Rodrigo Bacellar cumpre agenda em Campos como governador do Rio de Janeiro: inaugurou destacamento dos Bombeiros no Farol e lan\u00e7ou Pedra Fundamental para Policl\u00ednica da PM","breadcrumb":{"@id":"https:\/\/folhadoleste.com.br\/rodrigo-bacellar-cumpre-agenda-em-campos-como-governador-do-rj\/#breadcrumb"},"inLanguage":"en-US","potentialAction":[{"@type":"ReadAction","target":["https:\/\/folhadoleste.com.br\/rodrigo-bacellar-cumpre-agenda-em-campos-como-governador-do-rj\/"]}]},{"@type":"ImageObject","inLanguage":"en-US","@id":"https:\/\/folhadoleste.com.br\/rodrigo-bacellar-cumpre-agenda-em-campos-como-governador-do-rj\/#primaryimage","url":"https:\/\/folhadoleste.com.br\/wp-content\/uploads\/2025\/06\/Rodrigo_Bacelar_Inauguracao_Farol_foto_1.jpg","contentUrl":"https:\/\/folhadoleste.com.br\/wp-content\/uploads\/2025\/06\/Rodrigo_Bacelar_Inauguracao_Farol_foto_1.jpg","width":1080,"height":635},{"@type":"BreadcrumbList","@id":"https:\/\/folhadoleste.com.br\/rodrigo-bacellar-cumpre-agenda-em-campos-como-governador-do-rj\/#breadcrumb","itemListElement":[{"@type":"ListItem","position":1,"name":"In\u00edcio","item":"https:\/\/folhadoleste.com.br\/"},{"@type":"ListItem","position":2,"name":"Estado do Rio de Janeiro","item":"https:\/\/folhadoleste.com.br\/category\/estado-do-rio-de-janeiro\/"},{"@type":"ListItem","position":3,"name":"Rodrigo Bacellar cumpre agenda em Campos como governador interino do Rio de Janeiro"}]},{"@type":"WebSite","@id":"https:\/\/folhadoleste.com.br\/#website","url":"https:\/\/folhadoleste.com.br\/","name":"Folha do Leste","description":"Portal de Not\u00edcias com \u00eanfase em Niter\u00f3i, criando conte\u00fados desde a capital Rio de Janeiro, com olhar para o Leste Fluminense e suas cidades como S\u00e3o Gon\u00e7alo, Itabora\u00ed, Rio Bonito, Maric\u00e1, Saquarema e Araruama","publisher":{"@id":"https:\/\/folhadoleste.com.br\/#organization"},"alternateName":"FL","potentialAction":[{"@type":"SearchAction","target":{"@type":"EntryPoint","urlTemplate":"https:\/\/folhadoleste.com.br\/?s={search_term_string}"},"query-input":{"@type":"PropertyValueSpecification","valueRequired":true,"valueName":"search_term_string"}}],"inLanguage":"en-US"},{"@type":"Organization","@id":"https:\/\/folhadoleste.com.br\/#organization","name":"Brasil 21 Comunica\u00e7\u00e3o","alternateName":"BR21","url":"https:\/\/folhadoleste.com.br\/","logo":{"@type":"ImageObject","inLanguage":"en-US","@id":"https:\/\/folhadoleste.com.br\/#\/schema\/logo\/image\/","url":"https:\/\/folhadoleste.com.br\/wp-content\/uploads\/2025\/12\/brasil-21-logomarca.avif","contentUrl":"https:\/\/folhadoleste.com.br\/wp-content\/uploads\/2025\/12\/brasil-21-logomarca.avif","width":1044,"height":1044,"caption":"Brasil 21 Comunica\u00e7\u00e3o"},"image":{"@id":"https:\/\/folhadoleste.com.br\/#\/schema\/logo\/image\/"},"sameAs":["https:\/\/www.facebook.com\/folhadoleste","https:\/\/x.com\/FolhadoLesteRJ","https:\/\/www.instagram.com\/folhadoleste\/"]},{"@type":"Person","@id":"https:\/\/folhadoleste.com.br\/#\/schema\/person\/3e97145b2e1861276e84471aa85a3899","name":"Folha do Leste","image":{"@type":"ImageObject","inLanguage":"en-US","@id":"https:\/\/folhadoleste.com.br\/wp-content\/litespeed\/avatar\/1ca8c218432e7045e748610eb3db0259.jpg?ver=1777161142","url":"https:\/\/folhadoleste.com.br\/wp-content\/litespeed\/avatar\/1ca8c218432e7045e748610eb3db0259.jpg?ver=1777161142","contentUrl":"https:\/\/folhadoleste.com.br\/wp-content\/litespeed\/avatar\/1ca8c218432e7045e748610eb3db0259.jpg?ver=1777161142","caption":"Folha do Leste"},"url":"https:\/\/folhadoleste.com.br\/en\/author\/reportagem-01\/"}]}},"_links":{"self":[{"href":"https:\/\/folhadoleste.com.br\/en\/wp-json\/wp\/v2\/posts\/127346","targetHints":{"allow":["GET"]}}],"collection":[{"href":"https:\/\/folhadoleste.com.br\/en\/wp-json\/wp\/v2\/posts"}],"about":[{"href":"https:\/\/folhadoleste.com.br\/en\/wp-json\/wp\/v2\/types\/post"}],"author":[{"embeddable":true,"href":"https:\/\/folhadoleste.com.br\/en\/wp-json\/wp\/v2\/users\/4"}],"replies":[{"embeddable":true,"href":"https:\/\/folhadoleste.com.br\/en\/wp-json\/wp\/v2\/comments?post=127346"}],"version-history":[{"count":1,"href":"https:\/\/folhadoleste.com.br\/en\/wp-json\/wp\/v2\/posts\/127346\/revisions"}],"predecessor-version":[{"id":127419,"href":"https:\/\/folhadoleste.com.br\/en\/wp-json\/wp\/v2\/posts\/127346\/revisions\/127419"}],"wp:featuredmedia":[{"embeddable":true,"href":"https:\/\/folhadoleste.com.br\/en\/wp-json\/wp\/v2\/media\/127410"}],"wp:attachment":[{"href":"https:\/\/folhadoleste.com.br\/en\/wp-json\/wp\/v2\/media?parent=127346"}],"wp:term":[{"taxonomy":"category","embeddable":true,"href":"https:\/\/folhadoleste.com.br\/en\/wp-json\/wp\/v2\/categories?post=127346"},{"taxonomy":"post_tag","embeddable":true,"href":"https:\/\/folhadoleste.com.br\/en\/wp-json\/wp\/v2\/tags?post=127346"}],"curies":[{"name":"wp","href":"https:\/\/api.w.org\/{rel}","templated":true}]}}