{"id":127172,"date":"2025-06-15T14:06:10","date_gmt":"2025-06-15T17:06:10","guid":{"rendered":"https:\/\/folhadoleste.com.br\/?p=127172"},"modified":"2025-06-15T20:19:28","modified_gmt":"2025-06-15T23:19:28","slug":"paulinho-da-viola-show-niteroi","status":"publish","type":"post","link":"https:\/\/folhadoleste.com.br\/en\/paulinho-da-viola-show-niteroi\/","title":{"rendered":"Paulinho da Viola encanta mais de 5 mil pessoas na Praia de S\u00e3o Francisco em noite hist\u00f3rica de samba"},"content":{"rendered":"<div id=\"attachment_127175\" style=\"width: 2570px\" class=\"wp-caption aligncenter\"><img decoding=\"async\" aria-describedby=\"caption-attachment-127175\" class=\"size-full wp-image-127175\" src=\"https:\/\/folhadoleste.com.br\/wp-content\/uploads\/2025\/06\/Paulinho-da-Viola-encanta-mais-de-5-mil-pessoas-na-Praia-de-Sao-Francisco-em-noite-historica-de-samba-2-Foto-Divulgacao-Bruno-Eduardo-Alves-Prefeitura-de-Niteroi-scaled.jpg\" alt=\"\" width=\"2560\" height=\"1707\" \/><p id=\"caption-attachment-127175\" class=\"wp-caption-text\">Paulinho da Viola encanta mais de 5 mil pessoas na Praia de S\u00e3o Francisco em noite hist\u00f3rica de samba | Divulga\u00e7\u00e3o\/Bruno Eduardo Alves\/Prefeitura de Niter\u00f3i<\/p><\/div>\n<p style=\"text-align: justify;\" data-start=\"1428\" data-end=\"1722\">Nem o frio de 17\u00ba afastou o p\u00fablico que lotou a orla da Praia de S\u00e3o Francisco, na noite de s\u00e1bado (14), para prestigiar o show emocionante de Paulinho da Viola. A apresenta\u00e7\u00e3o fez parte da edi\u00e7\u00e3o 2025 do Circuito Quatro Esta\u00e7\u00f5es da M\u00fasica, promovido pela Prefeitura de Niter\u00f3i.<\/p>\n<p style=\"text-align: justify;\" data-start=\"1724\" data-end=\"2021\">Aos 82 anos, Paulinho levou ao palco a turn\u00ea \u201cQuando o samba chama\u201d, que resgata cl\u00e1ssicos esquecidos, grandes sucessos e homenagens a mestres do samba. O p\u00fablico cantou junto m\u00fasicas como \u201cFoi um Rio que Passou em Minha Vida\u201d, \u201cNa Linha do Mar\u201d, \u201cArgumento\u201d e \u201cTimoneiro\u201d.<\/p>\n<h5><a href=\"https:\/\/chat.whatsapp.com\/ItvWOvY08sCCpPxovKnYb6\"><img decoding=\"async\" class=\"wp-image-109746 size-full aligncenter\" src=\"https:\/\/folhadoleste.com.br\/wp-content\/uploads\/2025\/02\/WHATSAPP-FOLHA-DO-LESTE-600x200-1.png\" alt=\"\" width=\"600\" height=\"200\" \/><\/a><\/h5>\n<p style=\"text-align: justify;\" data-start=\"2023\" data-end=\"2304\">O espet\u00e1culo teve momentos especiais, com participa\u00e7\u00f5es dos filhos do artista. Bia Rabello fez uma homenagem \u00e0s mulheres do samba, cantando sucessos de Dona Ivone Lara e Clementina de Jesus. J\u00e1 Jo\u00e3o Rabello dividiu o palco com o pai em uma apresenta\u00e7\u00e3o emocionante.<\/p>\n<p style=\"text-align: justify;\" data-start=\"2306\" data-end=\"2560\">O prefeito Rodrigo Neves, acompanhado dos secret\u00e1rios Leonardo Giordano (Cultura), Thaiana Ivia (Mulher) e Andr\u00e9 Diniz (Economia Criativa), esteve presente, cantou com o p\u00fablico e destacou a import\u00e2ncia do evento para a cultura da cidade.<\/p>\n<blockquote data-start=\"2562\" data-end=\"2724\">\n<p style=\"text-align: justify;\" data-start=\"2564\" data-end=\"2724\">&#8220;Noite incr\u00edvel, em que milhares de niteroienses t\u00eam o privil\u00e9gio de ouvir grandes sucessos dessa lenda do samba e da cultura. Tamb\u00e9m tivemos a apresenta\u00e7\u00e3o dos artistas DJ Chris Pantoja, Andr\u00e9 Abich, David Samba e o nosso querido Aprendiz Musical&#8221;, comemorou o prefeito.<\/p>\n<\/blockquote>\n<div id=\"attachment_127174\" style=\"width: 2570px\" class=\"wp-caption aligncenter\"><img decoding=\"async\" aria-describedby=\"caption-attachment-127174\" class=\"size-full wp-image-127174\" src=\"https:\/\/folhadoleste.com.br\/wp-content\/uploads\/2025\/06\/Paulinho-da-Viola-encanta-mais-de-5-mil-pessoas-na-Praia-de-Sao-Francisco-em-noite-historica-de-samba-Foto-Divulgacao-Evelen-Gouvea-Prefeitura-de-Niteroi-scaled.jpeg\" alt=\"\" width=\"2560\" height=\"1707\" \/><p id=\"caption-attachment-127174\" class=\"wp-caption-text\">Paulinho da Viola encanta mais de 5 mil pessoas na Praia de S\u00e3o Francisco em noite hist\u00f3rica de samba | Divulga\u00e7\u00e3o\/Evelen Gouv\u00eaa\/Prefeitura de Niter\u00f3i<\/p><\/div>\n<p style=\"text-align: justify;\" data-start=\"2726\" data-end=\"2865\">O p\u00fablico elogiou a estrutura e a seguran\u00e7a do evento. Marcelo Brand\u00e3o Mattos, professor universit\u00e1rio, se emocionou do in\u00edcio ao fim.<\/p>\n<blockquote data-start=\"2867\" data-end=\"2953\">\n<p style=\"text-align: justify;\" data-start=\"2869\" data-end=\"2953\">&#8220;Um show de talento e eleg\u00e2ncia. Paulinho \u00e9 o homem mais elegante do Brasil! Seus sambas fazem parte da minha hist\u00f3ria. Eu fiquei emocionado do in\u00edcio ao fim!&#8221;, disse Marcelo.<\/p>\n<\/blockquote>\n<h5 style=\"text-align: center;\"><span style=\"color: #000000;\"><span style=\"color: #ff0000;\"><strong>+ <\/strong><\/span><\/span><span style=\"color: #000000;\"><strong><span style=\"color: #ff9900;\">MAIS NOT\u00cdCIAS DE NITER\u00d3I?<\/span>\u00a0<\/strong><\/span><span style=\"color: #008080;\"><a style=\"color: #008080;\" href=\"https:\/\/folhadoleste.com.br\/en\/category\/jornal-folha-do-leste-rj\/niteroi\/\"><strong>CLIQUE AQUI<\/strong><\/a><\/span><\/h5>\n<p style=\"text-align: justify;\" data-start=\"2955\" data-end=\"3075\">Direto de Petr\u00f3polis, Robson Geher e a namorada \u00c9rika Cavichini, moradora de Niter\u00f3i, tamb\u00e9m ficaram encantados.<\/p>\n<blockquote data-start=\"3077\" data-end=\"3186\">\n<p style=\"text-align: justify;\" data-start=\"3079\" data-end=\"3186\">&#8220;O show do Paulinho foi maravilhoso, tudo bem legal e tinha bastante seguran\u00e7a. Foi maravilhoso! Nunca tinha visto o show do Paulinho \u00a0ao vivo. Valeu muito a pena!&#8221;, afirmou o vendedor.<br \/>\n&#8220;Uma noite inesquec\u00edvel na Praia de S\u00e3o Francisco! Paulinho da Viola deu um verdadeiro show, com sua eleg\u00e2ncia e talento. \u00d3tima estrutura, p\u00fablico animado e um clima muito agrad\u00e1vel. Foi bom demais!&#8221;, refor\u00e7ou \u00c9rika.<\/p>\n<\/blockquote>\n<h3 style=\"text-align: justify;\" data-start=\"3188\" data-end=\"3241\"><em>Programa\u00e7\u00e3o especial valorizou talentos locais<\/em><\/h3>\n<p style=\"text-align: justify;\" data-start=\"3243\" data-end=\"3490\">A noite tamb\u00e9m foi marcada por apresenta\u00e7\u00f5es de Andrea Beat, Davi do Samba, DJ Cris Pantoja e da Orquestra de Sopros do Programa Aprendiz Musical, que reuniu 40 jovens m\u00fasicos e teve participa\u00e7\u00f5es de Nanda Garcia e Anibale.<\/p>\n<p style=\"text-align: justify;\" data-start=\"3492\" data-end=\"3661\">O Aprendiz Musical, maior programa de musicaliza\u00e7\u00e3o em escolas p\u00fablicas do pa\u00eds, beneficia cerca de 10 mil jovens em Niter\u00f3i, com aulas e instrumentos gratuitos.<\/p>\n<p style=\"text-align: justify;\" data-start=\"3663\" data-end=\"3917\">O evento foi uma realiza\u00e7\u00e3o da Prefeitura de Niter\u00f3i, por meio da Coordenadoria de Gest\u00e3o de Eventos, com apoio da Funda\u00e7\u00e3o de Arte de Niter\u00f3i (FAN) e da Secretaria Municipal das Culturas (SMC), al\u00e9m de patroc\u00ednio da \u00c1guas de Niter\u00f3i.<\/p>\n<p><a href=\"https:\/\/folhadoleste.com.br\/en\/vida\/\"><img decoding=\"async\" class=\"aligncenter wp-image-113547 size-full\" src=\"https:\/\/folhadoleste.com.br\/wp-content\/uploads\/2025\/03\/Sinteses-da-Vida.png\" alt=\"\" width=\"1800\" height=\"600\" \/><\/a><\/p>\n<p><a href=\"https:\/\/www.instagram.com\/folhadoleste\/\"><img decoding=\"async\" class=\"aligncenter wp-image-109748 size-medium\" src=\"https:\/\/folhadoleste.com.br\/wp-content\/uploads\/2025\/02\/Instagram-Folha-do-Leste-Widget-300x100.png\" alt=\"\" width=\"300\" height=\"100\" \/><\/a><\/p>\n<p><a href=\"https:\/\/facebook.com\/folhadoleste\"><img decoding=\"async\" class=\"aligncenter wp-image-109735 size-medium\" src=\"https:\/\/folhadoleste.com.br\/wp-content\/uploads\/2025\/02\/ANUNCIO-FACEBOOK-FOLHA-DO-LESTE-300x300.png\" alt=\"\" width=\"300\" height=\"300\" \/><\/a><\/p>","protected":false},"excerpt":{"rendered":"<p>Nem o frio de 17\u00ba afastou o p\u00fablico que lotou a orla da Praia de S\u00e3o Francisco, na noite de s\u00e1bado (14), para prestigiar o show emocionante de Paulinho da Viola. A apresenta\u00e7\u00e3o fez parte da edi\u00e7\u00e3o 2025 do Circuito Quatro Esta\u00e7\u00f5es da M\u00fasica, promovido pela Prefeitura de Niter\u00f3i. Aos 82 anos, Paulinho levou ao palco a turn\u00ea \u201cQuando o samba chama\u201d, que resgata cl\u00e1ssicos esquecidos, grandes sucessos e homenagens a mestres do samba. O p\u00fablico cantou junto m\u00fasicas como \u201cFoi um Rio que Passou em Minha Vida\u201d, \u201cNa Linha do Mar\u201d, \u201cArgumento\u201d e \u201cTimoneiro\u201d. O espet\u00e1culo teve momentos especiais, [&hellip;]<\/p>\n","protected":false},"author":4,"featured_media":127176,"comment_status":"open","ping_status":"open","sticky":false,"template":"","format":"standard","meta":{"footnotes":""},"categories":[47,5],"tags":[79313,108,54,1877,50,662,9892,3695,656,1369],"class_list":["post-127172","post","type-post","status-publish","format-standard","has-post-thumbnail","hentry","category-leste-fluminense","category-noticias-de-niteroi","tag-circuito-quatro-estacoes","tag-cultura","tag-leste-fluminense","tag-musica","tag-niteroi","tag-paulinho-da-viola","tag-praia-de-sao-francisco","tag-prefeitura-de-niteroi","tag-samba","tag-show","post--single"],"yoast_head":"<!-- This site is optimized with the Yoast SEO plugin v27.5 - https:\/\/yoast.com\/product\/yoast-seo-wordpress\/ -->\n<title>Paulinho da Viola emociona mais de 5 mil pessoas em show na Praia de S\u00e3o Francisco<\/title>\n<meta name=\"description\" content=\"Paulinho da Viola reuniu mais de 5 mil pessoas em show hist\u00f3rico na Praia de S\u00e3o Francisco, em Niter\u00f3i, pelo Circuito Quatro Esta\u00e7\u00f5es da...\" \/>\n<meta name=\"robots\" content=\"index, follow, max-snippet:-1, max-image-preview:large, max-video-preview:-1\" \/>\n<link rel=\"canonical\" href=\"https:\/\/folhadoleste.com.br\/en\/paulinho-da-viola-show-niteroi\/\" \/>\n<meta property=\"og:locale\" content=\"en_US\" \/>\n<meta property=\"og:type\" content=\"article\" \/>\n<meta property=\"og:title\" content=\"Paulinho da Viola emociona mais de 5 mil pessoas em show na Praia de S\u00e3o Francisco\" \/>\n<meta property=\"og:description\" content=\"Paulinho da Viola reuniu mais de 5 mil pessoas em show hist\u00f3rico na Praia de S\u00e3o Francisco, em Niter\u00f3i, pelo Circuito Quatro Esta\u00e7\u00f5es da...\" \/>\n<meta property=\"og:url\" content=\"https:\/\/folhadoleste.com.br\/en\/paulinho-da-viola-show-niteroi\/\" \/>\n<meta property=\"og:site_name\" content=\"Folha do Leste\" \/>\n<meta property=\"article:publisher\" content=\"https:\/\/www.facebook.com\/folhadoleste\" \/>\n<meta property=\"article:published_time\" content=\"2025-06-15T17:06:10+00:00\" \/>\n<meta property=\"article:modified_time\" content=\"2025-06-15T23:19:28+00:00\" \/>\n<meta property=\"og:image\" content=\"https:\/\/folhadoleste.com.br\/wp-content\/uploads\/2025\/06\/Paulinho-da-Viola-encanta-mais-de-5-mil-pessoas-na-Praia-de-Sao-Francisco-em-noite-historica-de-samba-Foto-Divulgacao-Bruno-Eduardo-Alves-Prefeitura-de-Niteroi-scaled.jpg\" \/>\n\t<meta property=\"og:image:width\" content=\"2560\" \/>\n\t<meta property=\"og:image:height\" content=\"1707\" \/>\n\t<meta property=\"og:image:type\" content=\"image\/jpeg\" \/>\n<meta name=\"author\" content=\"Folha do Leste\" \/>\n<meta name=\"twitter:card\" content=\"summary_large_image\" \/>\n<meta name=\"twitter:creator\" content=\"@FolhadoLesteRJ\" \/>\n<meta name=\"twitter:site\" content=\"@FolhadoLesteRJ\" \/>\n<meta name=\"twitter:label1\" content=\"Written by\" \/>\n\t<meta name=\"twitter:data1\" content=\"Folha do Leste\" \/>\n\t<meta name=\"twitter:label2\" content=\"Est. reading time\" \/>\n\t<meta name=\"twitter:data2\" content=\"4 minutes\" \/>\n<script type=\"application\/ld+json\" class=\"yoast-schema-graph\">{\"@context\":\"https:\\\/\\\/schema.org\",\"@graph\":[{\"@type\":\"NewsArticle\",\"@id\":\"https:\\\/\\\/folhadoleste.com.br\\\/paulinho-da-viola-show-niteroi\\\/#article\",\"isPartOf\":{\"@id\":\"https:\\\/\\\/folhadoleste.com.br\\\/paulinho-da-viola-show-niteroi\\\/\"},\"author\":{\"name\":\"Folha do Leste\",\"@id\":\"https:\\\/\\\/folhadoleste.com.br\\\/#\\\/schema\\\/person\\\/3e97145b2e1861276e84471aa85a3899\"},\"headline\":\"Paulinho da Viola encanta mais de 5 mil pessoas na Praia de S\u00e3o Francisco em noite hist\u00f3rica de samba\",\"datePublished\":\"2025-06-15T17:06:10+00:00\",\"dateModified\":\"2025-06-15T23:19:28+00:00\",\"mainEntityOfPage\":{\"@id\":\"https:\\\/\\\/folhadoleste.com.br\\\/paulinho-da-viola-show-niteroi\\\/\"},\"wordCount\":607,\"commentCount\":0,\"publisher\":{\"@id\":\"https:\\\/\\\/folhadoleste.com.br\\\/#organization\"},\"image\":{\"@id\":\"https:\\\/\\\/folhadoleste.com.br\\\/paulinho-da-viola-show-niteroi\\\/#primaryimage\"},\"thumbnailUrl\":\"https:\\\/\\\/folhadoleste.com.br\\\/wp-content\\\/uploads\\\/2025\\\/06\\\/Paulinho-da-Viola-encanta-mais-de-5-mil-pessoas-na-Praia-de-Sao-Francisco-em-noite-historica-de-samba-Foto-Divulgacao-Bruno-Eduardo-Alves-Prefeitura-de-Niteroi-scaled.jpg\",\"keywords\":[\"Circuito Quatro Esta\u00e7\u00f5es\",\"Cultura\",\"Leste Fluminense\",\"m\u00fasica\",\"Niter\u00f3i\",\"Paulinho da Viola\",\"Praia de S\u00e3o Francisco\",\"Prefeitura de Niter\u00f3i\",\"samba\",\"show\"],\"articleSection\":[\"Leste Fluminense\",\"Niter\u00f3i\"],\"inLanguage\":\"en-US\",\"potentialAction\":[{\"@type\":\"CommentAction\",\"name\":\"Comment\",\"target\":[\"https:\\\/\\\/folhadoleste.com.br\\\/paulinho-da-viola-show-niteroi\\\/#respond\"]}]},{\"@type\":\"WebPage\",\"@id\":\"https:\\\/\\\/folhadoleste.com.br\\\/paulinho-da-viola-show-niteroi\\\/\",\"url\":\"https:\\\/\\\/folhadoleste.com.br\\\/paulinho-da-viola-show-niteroi\\\/\",\"name\":\"Paulinho da Viola emociona mais de 5 mil pessoas em show na Praia de S\u00e3o Francisco\",\"isPartOf\":{\"@id\":\"https:\\\/\\\/folhadoleste.com.br\\\/#website\"},\"primaryImageOfPage\":{\"@id\":\"https:\\\/\\\/folhadoleste.com.br\\\/paulinho-da-viola-show-niteroi\\\/#primaryimage\"},\"image\":{\"@id\":\"https:\\\/\\\/folhadoleste.com.br\\\/paulinho-da-viola-show-niteroi\\\/#primaryimage\"},\"thumbnailUrl\":\"https:\\\/\\\/folhadoleste.com.br\\\/wp-content\\\/uploads\\\/2025\\\/06\\\/Paulinho-da-Viola-encanta-mais-de-5-mil-pessoas-na-Praia-de-Sao-Francisco-em-noite-historica-de-samba-Foto-Divulgacao-Bruno-Eduardo-Alves-Prefeitura-de-Niteroi-scaled.jpg\",\"datePublished\":\"2025-06-15T17:06:10+00:00\",\"dateModified\":\"2025-06-15T23:19:28+00:00\",\"description\":\"Paulinho da Viola reuniu mais de 5 mil pessoas em show hist\u00f3rico na Praia de S\u00e3o Francisco, em Niter\u00f3i, pelo Circuito Quatro Esta\u00e7\u00f5es da...\",\"breadcrumb\":{\"@id\":\"https:\\\/\\\/folhadoleste.com.br\\\/paulinho-da-viola-show-niteroi\\\/#breadcrumb\"},\"inLanguage\":\"en-US\",\"potentialAction\":[{\"@type\":\"ReadAction\",\"target\":[\"https:\\\/\\\/folhadoleste.com.br\\\/paulinho-da-viola-show-niteroi\\\/\"]}]},{\"@type\":\"ImageObject\",\"inLanguage\":\"en-US\",\"@id\":\"https:\\\/\\\/folhadoleste.com.br\\\/paulinho-da-viola-show-niteroi\\\/#primaryimage\",\"url\":\"https:\\\/\\\/folhadoleste.com.br\\\/wp-content\\\/uploads\\\/2025\\\/06\\\/Paulinho-da-Viola-encanta-mais-de-5-mil-pessoas-na-Praia-de-Sao-Francisco-em-noite-historica-de-samba-Foto-Divulgacao-Bruno-Eduardo-Alves-Prefeitura-de-Niteroi-scaled.jpg\",\"contentUrl\":\"https:\\\/\\\/folhadoleste.com.br\\\/wp-content\\\/uploads\\\/2025\\\/06\\\/Paulinho-da-Viola-encanta-mais-de-5-mil-pessoas-na-Praia-de-Sao-Francisco-em-noite-historica-de-samba-Foto-Divulgacao-Bruno-Eduardo-Alves-Prefeitura-de-Niteroi-scaled.jpg\",\"width\":2560,\"height\":1707,\"caption\":\"Paulinho da Viola encanta mais de 5 mil pessoas na Praia de S\u00e3o Francisco em noite hist\u00f3rica de samba | Divulga\u00e7\u00e3o\\\/Bruno Eduardo Alves\\\/Prefeitura de Niter\u00f3i\"},{\"@type\":\"BreadcrumbList\",\"@id\":\"https:\\\/\\\/folhadoleste.com.br\\\/paulinho-da-viola-show-niteroi\\\/#breadcrumb\",\"itemListElement\":[{\"@type\":\"ListItem\",\"position\":1,\"name\":\"In\u00edcio\",\"item\":\"https:\\\/\\\/folhadoleste.com.br\\\/\"},{\"@type\":\"ListItem\",\"position\":2,\"name\":\"Estado do Rio de Janeiro\",\"item\":\"https:\\\/\\\/folhadoleste.com.br\\\/category\\\/estado-do-rio-de-janeiro\\\/\"},{\"@type\":\"ListItem\",\"position\":3,\"name\":\"Leste Fluminense\",\"item\":\"https:\\\/\\\/folhadoleste.com.br\\\/category\\\/estado-do-rio-de-janeiro\\\/leste-fluminense\\\/\"},{\"@type\":\"ListItem\",\"position\":4,\"name\":\"Niter\u00f3i\",\"item\":\"https:\\\/\\\/folhadoleste.com.br\\\/category\\\/estado-do-rio-de-janeiro\\\/leste-fluminense\\\/noticias-de-niteroi\\\/\"},{\"@type\":\"ListItem\",\"position\":5,\"name\":\"Paulinho da Viola encanta mais de 5 mil pessoas na Praia de S\u00e3o Francisco em noite hist\u00f3rica de samba\"}]},{\"@type\":\"WebSite\",\"@id\":\"https:\\\/\\\/folhadoleste.com.br\\\/#website\",\"url\":\"https:\\\/\\\/folhadoleste.com.br\\\/\",\"name\":\"Folha do Leste\",\"description\":\"Portal de Not\u00edcias com \u00eanfase em Niter\u00f3i, criando conte\u00fados desde a capital Rio de Janeiro, com olhar para o Leste Fluminense e suas cidades como S\u00e3o Gon\u00e7alo, Itabora\u00ed, Rio Bonito, Maric\u00e1, Saquarema e Araruama\",\"publisher\":{\"@id\":\"https:\\\/\\\/folhadoleste.com.br\\\/#organization\"},\"alternateName\":\"FL\",\"potentialAction\":[{\"@type\":\"SearchAction\",\"target\":{\"@type\":\"EntryPoint\",\"urlTemplate\":\"https:\\\/\\\/folhadoleste.com.br\\\/?s={search_term_string}\"},\"query-input\":{\"@type\":\"PropertyValueSpecification\",\"valueRequired\":true,\"valueName\":\"search_term_string\"}}],\"inLanguage\":\"en-US\"},{\"@type\":\"Organization\",\"@id\":\"https:\\\/\\\/folhadoleste.com.br\\\/#organization\",\"name\":\"Brasil 21 Comunica\u00e7\u00e3o\",\"alternateName\":\"BR21\",\"url\":\"https:\\\/\\\/folhadoleste.com.br\\\/\",\"logo\":{\"@type\":\"ImageObject\",\"inLanguage\":\"en-US\",\"@id\":\"https:\\\/\\\/folhadoleste.com.br\\\/#\\\/schema\\\/logo\\\/image\\\/\",\"url\":\"https:\\\/\\\/folhadoleste.com.br\\\/wp-content\\\/uploads\\\/2025\\\/12\\\/brasil-21-logomarca.avif\",\"contentUrl\":\"https:\\\/\\\/folhadoleste.com.br\\\/wp-content\\\/uploads\\\/2025\\\/12\\\/brasil-21-logomarca.avif\",\"width\":1044,\"height\":1044,\"caption\":\"Brasil 21 Comunica\u00e7\u00e3o\"},\"image\":{\"@id\":\"https:\\\/\\\/folhadoleste.com.br\\\/#\\\/schema\\\/logo\\\/image\\\/\"},\"sameAs\":[\"https:\\\/\\\/www.facebook.com\\\/folhadoleste\",\"https:\\\/\\\/x.com\\\/FolhadoLesteRJ\",\"https:\\\/\\\/www.instagram.com\\\/folhadoleste\\\/\"]},{\"@type\":\"Person\",\"@id\":\"https:\\\/\\\/folhadoleste.com.br\\\/#\\\/schema\\\/person\\\/3e97145b2e1861276e84471aa85a3899\",\"name\":\"Folha do Leste\",\"image\":{\"@type\":\"ImageObject\",\"inLanguage\":\"en-US\",\"@id\":\"https:\\\/\\\/folhadoleste.com.br\\\/wp-content\\\/litespeed\\\/avatar\\\/1ca8c218432e7045e748610eb3db0259.jpg?ver=1777161142\",\"url\":\"https:\\\/\\\/folhadoleste.com.br\\\/wp-content\\\/litespeed\\\/avatar\\\/1ca8c218432e7045e748610eb3db0259.jpg?ver=1777161142\",\"contentUrl\":\"https:\\\/\\\/folhadoleste.com.br\\\/wp-content\\\/litespeed\\\/avatar\\\/1ca8c218432e7045e748610eb3db0259.jpg?ver=1777161142\",\"caption\":\"Folha do Leste\"},\"url\":\"https:\\\/\\\/folhadoleste.com.br\\\/en\\\/author\\\/reportagem-01\\\/\"}]}<\/script>\n<!-- \/ Yoast SEO plugin. -->","yoast_head_json":{"title":"Paulinho da Viola emociona mais de 5 mil pessoas em show na Praia de S\u00e3o Francisco","description":"Paulinho da Viola reuniu mais de 5 mil pessoas em show hist\u00f3rico na Praia de S\u00e3o Francisco, em Niter\u00f3i, pelo Circuito Quatro Esta\u00e7\u00f5es da...","robots":{"index":"index","follow":"follow","max-snippet":"max-snippet:-1","max-image-preview":"max-image-preview:large","max-video-preview":"max-video-preview:-1"},"canonical":"https:\/\/folhadoleste.com.br\/en\/paulinho-da-viola-show-niteroi\/","og_locale":"en_US","og_type":"article","og_title":"Paulinho da Viola emociona mais de 5 mil pessoas em show na Praia de S\u00e3o Francisco","og_description":"Paulinho da Viola reuniu mais de 5 mil pessoas em show hist\u00f3rico na Praia de S\u00e3o Francisco, em Niter\u00f3i, pelo Circuito Quatro Esta\u00e7\u00f5es da...","og_url":"https:\/\/folhadoleste.com.br\/en\/paulinho-da-viola-show-niteroi\/","og_site_name":"Folha do Leste","article_publisher":"https:\/\/www.facebook.com\/folhadoleste","article_published_time":"2025-06-15T17:06:10+00:00","article_modified_time":"2025-06-15T23:19:28+00:00","og_image":[{"width":2560,"height":1707,"url":"https:\/\/folhadoleste.com.br\/wp-content\/uploads\/2025\/06\/Paulinho-da-Viola-encanta-mais-de-5-mil-pessoas-na-Praia-de-Sao-Francisco-em-noite-historica-de-samba-Foto-Divulgacao-Bruno-Eduardo-Alves-Prefeitura-de-Niteroi-scaled.jpg","type":"image\/jpeg"}],"author":"Folha do Leste","twitter_card":"summary_large_image","twitter_creator":"@FolhadoLesteRJ","twitter_site":"@FolhadoLesteRJ","twitter_misc":{"Written by":"Folha do Leste","Est. reading time":"4 minutes"},"schema":{"@context":"https:\/\/schema.org","@graph":[{"@type":"NewsArticle","@id":"https:\/\/folhadoleste.com.br\/paulinho-da-viola-show-niteroi\/#article","isPartOf":{"@id":"https:\/\/folhadoleste.com.br\/paulinho-da-viola-show-niteroi\/"},"author":{"name":"Folha do Leste","@id":"https:\/\/folhadoleste.com.br\/#\/schema\/person\/3e97145b2e1861276e84471aa85a3899"},"headline":"Paulinho da Viola encanta mais de 5 mil pessoas na Praia de S\u00e3o Francisco em noite hist\u00f3rica de samba","datePublished":"2025-06-15T17:06:10+00:00","dateModified":"2025-06-15T23:19:28+00:00","mainEntityOfPage":{"@id":"https:\/\/folhadoleste.com.br\/paulinho-da-viola-show-niteroi\/"},"wordCount":607,"commentCount":0,"publisher":{"@id":"https:\/\/folhadoleste.com.br\/#organization"},"image":{"@id":"https:\/\/folhadoleste.com.br\/paulinho-da-viola-show-niteroi\/#primaryimage"},"thumbnailUrl":"https:\/\/folhadoleste.com.br\/wp-content\/uploads\/2025\/06\/Paulinho-da-Viola-encanta-mais-de-5-mil-pessoas-na-Praia-de-Sao-Francisco-em-noite-historica-de-samba-Foto-Divulgacao-Bruno-Eduardo-Alves-Prefeitura-de-Niteroi-scaled.jpg","keywords":["Circuito Quatro Esta\u00e7\u00f5es","Cultura","Leste Fluminense","m\u00fasica","Niter\u00f3i","Paulinho da Viola","Praia de S\u00e3o Francisco","Prefeitura de Niter\u00f3i","samba","show"],"articleSection":["Leste Fluminense","Niter\u00f3i"],"inLanguage":"en-US","potentialAction":[{"@type":"CommentAction","name":"Comment","target":["https:\/\/folhadoleste.com.br\/paulinho-da-viola-show-niteroi\/#respond"]}]},{"@type":"WebPage","@id":"https:\/\/folhadoleste.com.br\/paulinho-da-viola-show-niteroi\/","url":"https:\/\/folhadoleste.com.br\/paulinho-da-viola-show-niteroi\/","name":"Paulinho da Viola emociona mais de 5 mil pessoas em show na Praia de S\u00e3o Francisco","isPartOf":{"@id":"https:\/\/folhadoleste.com.br\/#website"},"primaryImageOfPage":{"@id":"https:\/\/folhadoleste.com.br\/paulinho-da-viola-show-niteroi\/#primaryimage"},"image":{"@id":"https:\/\/folhadoleste.com.br\/paulinho-da-viola-show-niteroi\/#primaryimage"},"thumbnailUrl":"https:\/\/folhadoleste.com.br\/wp-content\/uploads\/2025\/06\/Paulinho-da-Viola-encanta-mais-de-5-mil-pessoas-na-Praia-de-Sao-Francisco-em-noite-historica-de-samba-Foto-Divulgacao-Bruno-Eduardo-Alves-Prefeitura-de-Niteroi-scaled.jpg","datePublished":"2025-06-15T17:06:10+00:00","dateModified":"2025-06-15T23:19:28+00:00","description":"Paulinho da Viola reuniu mais de 5 mil pessoas em show hist\u00f3rico na Praia de S\u00e3o Francisco, em Niter\u00f3i, pelo Circuito Quatro Esta\u00e7\u00f5es da...","breadcrumb":{"@id":"https:\/\/folhadoleste.com.br\/paulinho-da-viola-show-niteroi\/#breadcrumb"},"inLanguage":"en-US","potentialAction":[{"@type":"ReadAction","target":["https:\/\/folhadoleste.com.br\/paulinho-da-viola-show-niteroi\/"]}]},{"@type":"ImageObject","inLanguage":"en-US","@id":"https:\/\/folhadoleste.com.br\/paulinho-da-viola-show-niteroi\/#primaryimage","url":"https:\/\/folhadoleste.com.br\/wp-content\/uploads\/2025\/06\/Paulinho-da-Viola-encanta-mais-de-5-mil-pessoas-na-Praia-de-Sao-Francisco-em-noite-historica-de-samba-Foto-Divulgacao-Bruno-Eduardo-Alves-Prefeitura-de-Niteroi-scaled.jpg","contentUrl":"https:\/\/folhadoleste.com.br\/wp-content\/uploads\/2025\/06\/Paulinho-da-Viola-encanta-mais-de-5-mil-pessoas-na-Praia-de-Sao-Francisco-em-noite-historica-de-samba-Foto-Divulgacao-Bruno-Eduardo-Alves-Prefeitura-de-Niteroi-scaled.jpg","width":2560,"height":1707,"caption":"Paulinho da Viola encanta mais de 5 mil pessoas na Praia de S\u00e3o Francisco em noite hist\u00f3rica de samba | Divulga\u00e7\u00e3o\/Bruno Eduardo Alves\/Prefeitura de Niter\u00f3i"},{"@type":"BreadcrumbList","@id":"https:\/\/folhadoleste.com.br\/paulinho-da-viola-show-niteroi\/#breadcrumb","itemListElement":[{"@type":"ListItem","position":1,"name":"In\u00edcio","item":"https:\/\/folhadoleste.com.br\/"},{"@type":"ListItem","position":2,"name":"Estado do Rio de Janeiro","item":"https:\/\/folhadoleste.com.br\/category\/estado-do-rio-de-janeiro\/"},{"@type":"ListItem","position":3,"name":"Leste Fluminense","item":"https:\/\/folhadoleste.com.br\/category\/estado-do-rio-de-janeiro\/leste-fluminense\/"},{"@type":"ListItem","position":4,"name":"Niter\u00f3i","item":"https:\/\/folhadoleste.com.br\/category\/estado-do-rio-de-janeiro\/leste-fluminense\/noticias-de-niteroi\/"},{"@type":"ListItem","position":5,"name":"Paulinho da Viola encanta mais de 5 mil pessoas na Praia de S\u00e3o Francisco em noite hist\u00f3rica de samba"}]},{"@type":"WebSite","@id":"https:\/\/folhadoleste.com.br\/#website","url":"https:\/\/folhadoleste.com.br\/","name":"Folha do Leste","description":"Portal de Not\u00edcias com \u00eanfase em Niter\u00f3i, criando conte\u00fados desde a capital Rio de Janeiro, com olhar para o Leste Fluminense e suas cidades como S\u00e3o Gon\u00e7alo, Itabora\u00ed, Rio Bonito, Maric\u00e1, Saquarema e Araruama","publisher":{"@id":"https:\/\/folhadoleste.com.br\/#organization"},"alternateName":"FL","potentialAction":[{"@type":"SearchAction","target":{"@type":"EntryPoint","urlTemplate":"https:\/\/folhadoleste.com.br\/?s={search_term_string}"},"query-input":{"@type":"PropertyValueSpecification","valueRequired":true,"valueName":"search_term_string"}}],"inLanguage":"en-US"},{"@type":"Organization","@id":"https:\/\/folhadoleste.com.br\/#organization","name":"Brasil 21 Comunica\u00e7\u00e3o","alternateName":"BR21","url":"https:\/\/folhadoleste.com.br\/","logo":{"@type":"ImageObject","inLanguage":"en-US","@id":"https:\/\/folhadoleste.com.br\/#\/schema\/logo\/image\/","url":"https:\/\/folhadoleste.com.br\/wp-content\/uploads\/2025\/12\/brasil-21-logomarca.avif","contentUrl":"https:\/\/folhadoleste.com.br\/wp-content\/uploads\/2025\/12\/brasil-21-logomarca.avif","width":1044,"height":1044,"caption":"Brasil 21 Comunica\u00e7\u00e3o"},"image":{"@id":"https:\/\/folhadoleste.com.br\/#\/schema\/logo\/image\/"},"sameAs":["https:\/\/www.facebook.com\/folhadoleste","https:\/\/x.com\/FolhadoLesteRJ","https:\/\/www.instagram.com\/folhadoleste\/"]},{"@type":"Person","@id":"https:\/\/folhadoleste.com.br\/#\/schema\/person\/3e97145b2e1861276e84471aa85a3899","name":"Folha do Leste","image":{"@type":"ImageObject","inLanguage":"en-US","@id":"https:\/\/folhadoleste.com.br\/wp-content\/litespeed\/avatar\/1ca8c218432e7045e748610eb3db0259.jpg?ver=1777161142","url":"https:\/\/folhadoleste.com.br\/wp-content\/litespeed\/avatar\/1ca8c218432e7045e748610eb3db0259.jpg?ver=1777161142","contentUrl":"https:\/\/folhadoleste.com.br\/wp-content\/litespeed\/avatar\/1ca8c218432e7045e748610eb3db0259.jpg?ver=1777161142","caption":"Folha do Leste"},"url":"https:\/\/folhadoleste.com.br\/en\/author\/reportagem-01\/"}]}},"_links":{"self":[{"href":"https:\/\/folhadoleste.com.br\/en\/wp-json\/wp\/v2\/posts\/127172","targetHints":{"allow":["GET"]}}],"collection":[{"href":"https:\/\/folhadoleste.com.br\/en\/wp-json\/wp\/v2\/posts"}],"about":[{"href":"https:\/\/folhadoleste.com.br\/en\/wp-json\/wp\/v2\/types\/post"}],"author":[{"embeddable":true,"href":"https:\/\/folhadoleste.com.br\/en\/wp-json\/wp\/v2\/users\/4"}],"replies":[{"embeddable":true,"href":"https:\/\/folhadoleste.com.br\/en\/wp-json\/wp\/v2\/comments?post=127172"}],"version-history":[{"count":1,"href":"https:\/\/folhadoleste.com.br\/en\/wp-json\/wp\/v2\/posts\/127172\/revisions"}],"predecessor-version":[{"id":127177,"href":"https:\/\/folhadoleste.com.br\/en\/wp-json\/wp\/v2\/posts\/127172\/revisions\/127177"}],"wp:featuredmedia":[{"embeddable":true,"href":"https:\/\/folhadoleste.com.br\/en\/wp-json\/wp\/v2\/media\/127176"}],"wp:attachment":[{"href":"https:\/\/folhadoleste.com.br\/en\/wp-json\/wp\/v2\/media?parent=127172"}],"wp:term":[{"taxonomy":"category","embeddable":true,"href":"https:\/\/folhadoleste.com.br\/en\/wp-json\/wp\/v2\/categories?post=127172"},{"taxonomy":"post_tag","embeddable":true,"href":"https:\/\/folhadoleste.com.br\/en\/wp-json\/wp\/v2\/tags?post=127172"}],"curies":[{"name":"wp","href":"https:\/\/api.w.org\/{rel}","templated":true}]}}