{"id":12687,"date":"2023-06-28T12:46:58","date_gmt":"2023-06-28T15:46:58","guid":{"rendered":"https:\/\/folhadoleste.com.br\/?p=12687"},"modified":"2023-06-28T12:46:58","modified_gmt":"2023-06-28T15:46:58","slug":"ibge-aponta-dificuldades-para-realizacao-do-censo-2022","status":"publish","type":"post","link":"https:\/\/folhadoleste.com.br\/en\/ibge-aponta-dificuldades-para-realizacao-do-censo-2022\/","title":{"rendered":"IBGE aponta dificuldades para realiza\u00e7\u00e3o do Censo 2022"},"content":{"rendered":"<p>A realiza\u00e7\u00e3o do Censo 2022 passou por diversas barreiras como\u00a0corte no or\u00e7amento e a pandemia de covid-19, al\u00e9m de\u00a0dificuldades na contrata\u00e7\u00e3o de recenseadores. Nesse caso, o\u00a0motivo era o valor do pagamento, considerado baixo e sem atra\u00e7\u00e3o diante de um mercado de trabalho que naquele momento oferecia sal\u00e1rios mais altos. At\u00e9 as campanhas eleitorais foram empecilho para a contrata\u00e7\u00e3o. As pessoas em busca de ocupa\u00e7\u00e3o preferiam os valores pagos nas campanhas.<img decoding=\"async\" src=\"https:\/\/agenciabrasil.ebc.com.br\/ebc.png?id=1540801&amp;o=node\" \/><img decoding=\"async\" src=\"https:\/\/agenciabrasil.ebc.com.br\/ebc.gif?id=1540801&amp;o=node\" \/><\/p>\n<p>\u201cO peso do or\u00e7amento faz diferen\u00e7a porque acaba pagando pouco e, com isso, fica dif\u00edcil contratar recenseadores e permanecer com eles em campo, porque o mercado est\u00e1 mais competitivo, por isso o recurso tem peso importante\u201d, disse o presidente interino do Instituto Brasileiro de Geografia e Estat\u00edstica (IBGE) e diretor de pesquisas, Cimar Azeredo, durante entrevista virtual\u00a0para divulgar os primeiros resultados de Popula\u00e7\u00e3o e Domic\u00edlios do Censo Demogr\u00e1fico 2022.<\/p>\n<p>Cimar Azeredo associou a falta de contagem da popula\u00e7\u00e3o no meio da d\u00e9cada \u00e0 amplitude da covid-19 no Brasil. \u201cPorque a gente tem que marcar isso com cores fortes? Porque \u00e9 fundamental que em 2025 a gente fa\u00e7a a contagem da popula\u00e7\u00e3o. Ah,\u00a0mas acabou de sair o censo, n\u00e3o importa. Temos que fazer uma contagem de popula\u00e7\u00e3o para que a gente n\u00e3o se depare com diferen\u00e7as grandes em 2010. Isso \u00e9 fundamental. Acho que a pandemia teria sido muito mais branda se n\u00f3s tiv\u00e9ssemos uma contagem de popula\u00e7\u00e3o no meio da d\u00e9cada. A pandemia pegou o Brasil em um apag\u00e3o de dados\u201d, alertou.<\/p>\n<p>Segundo o presidente interino, ainda durante a fase de coleta foi preciso enfrentar problemas com chuva e um per\u00edodo conturbado de elei\u00e7\u00f5es no pa\u00eds, que passava por uma polariza\u00e7\u00e3o pol\u00edtica refletida no comportamento de moradores\u00a0a serem pesquisados.<\/p>\n<p>\u201cMas, cada um dos problemas, n\u00f3s tentamos solucion\u00e1-lo, procuramos contorn\u00e1-lo\u00a0ou tentamos de alguma forma minimiz\u00e1-lo\u201d, afirmou.<\/p>\n<p>Azeredo destacou a estrat\u00e9gia usada para compensar a falta de recursos. Mesmo com o corte nos recursos para a divulga\u00e7\u00e3o publicit\u00e1ria e incentivar a popula\u00e7\u00e3o a responder ao question\u00e1rio do Censo 2022, o trabalho foi feito com o aux\u00edlio da imprensa. \u201cParab\u00e9ns \u00e0 imprensa, a cada um dos jornalistas, a cada um dos programas de televis\u00e3o relacionados \u00e0 not\u00edcia. Foi incr\u00edvel o trabalho que voc\u00eas fizeram tentando convencer a sociedade a participar do censo e a exercer a cidadania\u201d.<\/p>\n<p>Em mais uma forma de contornar o corte de or\u00e7amento, o IBGE fez uma parceria com o Minist\u00e9rio da Sa\u00fade, que comprou os aparelhos usados pelos recenseadores na coleta de campo. Com o fim do trabalho, os equipamentos ser\u00e3o encaminhados \u00e0\u00a0pasta e poder\u00e3o ser utilizados nas a\u00e7\u00f5es da sa\u00fade. \u201cDessa vez, n\u00e3o gastamos recursos na compra dos equipamentos. Foi feito em parceria com o Minist\u00e9rio da Sa\u00fade e, na maior a\u00e7\u00e3o de economicidade, vamos repassar esses dispositivos m\u00f3veis de coleta para o Minist\u00e9rio da Sa\u00fade\u201d, disse.<\/p>\n<p>Outro ganho do Censo 2022, de acordo com o presidente, foi poder usar um\u00a0<em>chip<\/em>\u00a0com o qual foi poss\u00edvel transmitir os dados coletados de forma\u00a0<em>online<\/em>. \u201cA vantagem disso \u00e9 que fizemos um censo em tempo real, coletamos as coordenadas do GPS de praticamente todos os domic\u00edlios\u201d, revelou.<\/p>\n<p>Para superar a dificuldade de fazer testes dos question\u00e1rios de coleta\u00a0de dados em localidades no per\u00edodo de pandemia, o IBGE fechou parceria com a Secretaria Municipal de Sa\u00fade do Rio de Janeiro. \u201cImplementamos um teste em Paquet\u00e1 [ilha-bairro do munic\u00edpio do Rio que fica no interior nordeste da Ba\u00eda de Guanabara], com a ajuda da Secretaria Munic\u00edpio, de Sa\u00fade, que foi incr\u00edvel. A gente conseguiu limpar muito os problemas que tinha no question\u00e1rio\u201d, contou.<\/p>\n<p>Para mobilizar os moradores de comunidades, houve ainda parceria com a Central \u00danica das Favelas (Cufa) para a campanha Favela no Mapa. \u201c\u00c9 o Censo do Brasil, n\u00e3o \u00e9 o Censo do IBGE, por isso a gente precisa de parceiros\u201d, afirmou, lembrando tamb\u00e9m do apoio recebido de ag\u00eancias da Organiza\u00e7\u00e3o das Na\u00e7\u00f5es Unidas (ONU) como a que trata de Refugiados (Acnur), que colaborou com a coleta de dados dessa popula\u00e7\u00e3o, e o Fundo Nacional de Popula\u00e7\u00e3o (UNFPA).<\/p>\n<p>Diante da dificuldade de atrair a popula\u00e7\u00e3o para responder aos question\u00e1rios, pela primeira vez o IBGE incluiu a coleta de dados por liga\u00e7\u00e3o telef\u00f4nica com o recenseador. Al\u00e9m disso, houve a alternativa de encaminhar as informa\u00e7\u00f5es por meio de formul\u00e1rio na internet. Os question\u00e1rios aplicados de forma presencial foram 68.659.405, o que significou 98,8% do total. O sistema de autopreenchimento na internet representou\u00a0362.563, ou 0,52%, e as entrevistas por telefone somaram 412.725, ou 0,59%.<\/p>\n<p>\u201cEssa foi uma modalidade in\u00e9dita neste censo. No de 2010, s\u00f3 t\u00ednhamos a modalidade presencial e o autopreenchimento pela internet. Neste, inovamos com a entrevista por telefone\u201d, afirmou.<\/p>\n<h4>Taxa de n\u00e3o resposta<\/h4>\n<p>Apesar das alternativas, a taxa m\u00e9dia de n\u00e3o resposta, referente a domic\u00edlios ocupados, onde n\u00e3o houve entrevistas, ficou em 4,23%. O estado de S\u00e3o Paulo foi o que registrou o maior percentual (8,11%) seguido pelo Rio de Janeiro (4,50%) e Mato Grosso (4,20%).<\/p>\n<p>\u201cO estado de S\u00e3o Paulo foi o que fechou com maior taxa de n\u00e3o resposta, com mais de 8% e uma taxa de recusa de 2,3%.\u00a0Ent\u00e3o, 2,3% dos domic\u00edlios do estado de S\u00e3o Paulo se recusaram a prestar informa\u00e7\u00f5es para o Censo Demogr\u00e1fico. Em \u00faltimo lugar, com o menor n\u00famero de n\u00e3o resposta, o que alcan\u00e7ou o melhor resultado foi o estado da Para\u00edba, com apenas 1,6% de n\u00e3o resposta e um pouco mais de 0,5% de recusa\u201d, informou.<\/p>\n<h4>Taxa de recusa<\/h4>\n<p>Conforme os dados do Censo 2022, em 1.000.667 domic\u00edlios os moradores se recusaram a responder ao question\u00e1rio. \u201cA resist\u00eancia da popula\u00e7\u00e3o localizada tamb\u00e9m foi um grande desafio , mas conseguimos encerrar essa opera\u00e7\u00e3o com apenas 1,4% de recusa.\u00a0Isso\u00a0corresponde a 1 milh\u00e3o de entrevistas que deixaram de ser realizadas, porque as pessoas n\u00e3o quiseram prestar informa\u00e7\u00f5es para o Censo Demogr\u00e1fico\u201d, revelou o gerente, acrescentando que essa taxa de recusa ficou abaixo da registrada pela Pnad Cont\u00ednua no terceiro trimestre de 2023, que\u00a0foi 2,21%.<\/p>\n<p>&nbsp;<\/p>\n<p>&nbsp;<\/p>\n<p>&nbsp;<\/p>\n<p>&nbsp;<\/p>\n<p>&nbsp;<\/p>\n<p><em>Fonte: Ag\u00eancia Brasil<\/em><\/p>\n","protected":false},"excerpt":{"rendered":"<p>A realiza\u00e7\u00e3o do Censo 2022 passou por diversas barreiras como\u00a0corte no or\u00e7amento e a pandemia de covid-19, al\u00e9m de\u00a0dificuldades na contrata\u00e7\u00e3o de recenseadores. Nesse caso, o\u00a0motivo era o valor do pagamento, considerado baixo e sem atra\u00e7\u00e3o diante de um mercado de trabalho que naquele momento oferecia sal\u00e1rios mais altos. At\u00e9 as campanhas eleitorais foram empecilho para a contrata\u00e7\u00e3o. As pessoas em busca de ocupa\u00e7\u00e3o preferiam os valores pagos nas campanhas. \u201cO peso do or\u00e7amento faz diferen\u00e7a porque acaba pagando pouco e, com isso, fica dif\u00edcil contratar recenseadores e permanecer com eles em campo, porque o mercado est\u00e1 mais competitivo, por [&hellip;]<\/p>\n","protected":false},"author":4,"featured_media":12688,"comment_status":"open","ping_status":"open","sticky":false,"template":"","format":"standard","meta":{"footnotes":""},"categories":[64,145],"tags":[169,8001,188,683,8006],"class_list":["post-12687","post","type-post","status-publish","format-standard","has-post-thumbnail","hentry","category-brasil","category-economia","tag-censo","tag-cimar-azeredo","tag-economia","tag-ibge","tag-presidente-interino","post--single"],"yoast_head":"<!-- This site is optimized with the Yoast SEO plugin v27.4 - https:\/\/yoast.com\/product\/yoast-seo-wordpress\/ -->\n<title>IBGE aponta dificuldades para realiza\u00e7\u00e3o do Censo 2022 &#8226; Folha do Leste<\/title>\n<meta name=\"description\" content=\"A realiza\u00e7\u00e3o do Censo 2022 passou por diversas barreiras como\u00a0corte no or\u00e7amento e a pandemia de covid-19...\" \/>\n<meta name=\"robots\" content=\"index, follow, max-snippet:-1, max-image-preview:large, max-video-preview:-1\" \/>\n<link rel=\"canonical\" href=\"https:\/\/folhadoleste.com.br\/en\/ibge-aponta-dificuldades-para-realizacao-do-censo-2022\/\" \/>\n<meta property=\"og:locale\" content=\"en_US\" \/>\n<meta property=\"og:type\" content=\"article\" \/>\n<meta property=\"og:title\" content=\"IBGE aponta dificuldades para realiza\u00e7\u00e3o do Censo 2022\" \/>\n<meta property=\"og:description\" content=\"Clique e saiba mais...\" \/>\n<meta property=\"og:url\" content=\"https:\/\/folhadoleste.com.br\/en\/ibge-aponta-dificuldades-para-realizacao-do-censo-2022\/\" \/>\n<meta property=\"og:site_name\" content=\"Folha do Leste\" \/>\n<meta property=\"article:publisher\" content=\"https:\/\/www.facebook.com\/folhadoleste\" \/>\n<meta property=\"article:published_time\" content=\"2023-06-28T15:46:58+00:00\" \/>\n<meta property=\"og:image\" content=\"https:\/\/folhadoleste.com.br\/wp-content\/uploads\/2023\/06\/IBGE-aponta-dificuldades-para-realizacao-do-Censo-2022-Licia-Rubinstein-Agencia-IBGE-Noticias-Agencia-Brasil.jpg\" \/>\n\t<meta property=\"og:image:width\" content=\"1170\" \/>\n\t<meta property=\"og:image:height\" content=\"700\" \/>\n\t<meta property=\"og:image:type\" content=\"image\/jpeg\" \/>\n<meta name=\"author\" content=\"Folha do Leste\" \/>\n<meta name=\"twitter:card\" content=\"summary_large_image\" \/>\n<meta name=\"twitter:title\" content=\"IBGE aponta dificuldades para realiza\u00e7\u00e3o do Censo 2022\" \/>\n<meta name=\"twitter:description\" content=\"Clique e saiba mais...\" \/>\n<meta name=\"twitter:image\" content=\"https:\/\/folhadoleste.com.br\/wp-content\/uploads\/2023\/06\/IBGE-aponta-dificuldades-para-realizacao-do-Censo-2022-Licia-Rubinstein-Agencia-IBGE-Noticias-Agencia-Brasil.jpg\" \/>\n<meta name=\"twitter:creator\" content=\"@FolhadoLesteRJ\" \/>\n<meta name=\"twitter:site\" content=\"@FolhadoLesteRJ\" \/>\n<meta name=\"twitter:label1\" content=\"Written by\" \/>\n\t<meta name=\"twitter:data1\" content=\"Folha do Leste\" \/>\n\t<meta name=\"twitter:label2\" content=\"Est. reading time\" \/>\n\t<meta name=\"twitter:data2\" content=\"6 minutes\" \/>\n<script type=\"application\/ld+json\" class=\"yoast-schema-graph\">{\"@context\":\"https:\\\/\\\/schema.org\",\"@graph\":[{\"@type\":\"NewsArticle\",\"@id\":\"https:\\\/\\\/folhadoleste.com.br\\\/ibge-aponta-dificuldades-para-realizacao-do-censo-2022\\\/#article\",\"isPartOf\":{\"@id\":\"https:\\\/\\\/folhadoleste.com.br\\\/ibge-aponta-dificuldades-para-realizacao-do-censo-2022\\\/\"},\"author\":{\"name\":\"Folha do Leste\",\"@id\":\"https:\\\/\\\/folhadoleste.com.br\\\/#\\\/schema\\\/person\\\/3e97145b2e1861276e84471aa85a3899\"},\"headline\":\"IBGE aponta dificuldades para realiza\u00e7\u00e3o do Censo 2022\",\"datePublished\":\"2023-06-28T15:46:58+00:00\",\"mainEntityOfPage\":{\"@id\":\"https:\\\/\\\/folhadoleste.com.br\\\/ibge-aponta-dificuldades-para-realizacao-do-censo-2022\\\/\"},\"wordCount\":1085,\"commentCount\":0,\"publisher\":{\"@id\":\"https:\\\/\\\/folhadoleste.com.br\\\/#organization\"},\"image\":{\"@id\":\"https:\\\/\\\/folhadoleste.com.br\\\/ibge-aponta-dificuldades-para-realizacao-do-censo-2022\\\/#primaryimage\"},\"thumbnailUrl\":\"https:\\\/\\\/folhadoleste.com.br\\\/wp-content\\\/uploads\\\/2023\\\/06\\\/IBGE-aponta-dificuldades-para-realizacao-do-Censo-2022-Licia-Rubinstein-Agencia-IBGE-Noticias-Agencia-Brasil.jpg\",\"keywords\":[\"Censo\",\"Cimar Azeredo\",\"economia\",\"IBGE\",\"Presidente Interino\"],\"articleSection\":[\"Brasil\",\"Economia\"],\"inLanguage\":\"en-US\",\"potentialAction\":[{\"@type\":\"CommentAction\",\"name\":\"Comment\",\"target\":[\"https:\\\/\\\/folhadoleste.com.br\\\/ibge-aponta-dificuldades-para-realizacao-do-censo-2022\\\/#respond\"]}]},{\"@type\":\"WebPage\",\"@id\":\"https:\\\/\\\/folhadoleste.com.br\\\/ibge-aponta-dificuldades-para-realizacao-do-censo-2022\\\/\",\"url\":\"https:\\\/\\\/folhadoleste.com.br\\\/ibge-aponta-dificuldades-para-realizacao-do-censo-2022\\\/\",\"name\":\"IBGE aponta dificuldades para realiza\u00e7\u00e3o do Censo 2022 &#8226; Folha do Leste\",\"isPartOf\":{\"@id\":\"https:\\\/\\\/folhadoleste.com.br\\\/#website\"},\"primaryImageOfPage\":{\"@id\":\"https:\\\/\\\/folhadoleste.com.br\\\/ibge-aponta-dificuldades-para-realizacao-do-censo-2022\\\/#primaryimage\"},\"image\":{\"@id\":\"https:\\\/\\\/folhadoleste.com.br\\\/ibge-aponta-dificuldades-para-realizacao-do-censo-2022\\\/#primaryimage\"},\"thumbnailUrl\":\"https:\\\/\\\/folhadoleste.com.br\\\/wp-content\\\/uploads\\\/2023\\\/06\\\/IBGE-aponta-dificuldades-para-realizacao-do-Censo-2022-Licia-Rubinstein-Agencia-IBGE-Noticias-Agencia-Brasil.jpg\",\"datePublished\":\"2023-06-28T15:46:58+00:00\",\"description\":\"A realiza\u00e7\u00e3o do Censo 2022 passou por diversas barreiras como\u00a0corte no or\u00e7amento e a pandemia de covid-19...\",\"breadcrumb\":{\"@id\":\"https:\\\/\\\/folhadoleste.com.br\\\/ibge-aponta-dificuldades-para-realizacao-do-censo-2022\\\/#breadcrumb\"},\"inLanguage\":\"en-US\",\"potentialAction\":[{\"@type\":\"ReadAction\",\"target\":[\"https:\\\/\\\/folhadoleste.com.br\\\/ibge-aponta-dificuldades-para-realizacao-do-censo-2022\\\/\"]}]},{\"@type\":\"ImageObject\",\"inLanguage\":\"en-US\",\"@id\":\"https:\\\/\\\/folhadoleste.com.br\\\/ibge-aponta-dificuldades-para-realizacao-do-censo-2022\\\/#primaryimage\",\"url\":\"https:\\\/\\\/folhadoleste.com.br\\\/wp-content\\\/uploads\\\/2023\\\/06\\\/IBGE-aponta-dificuldades-para-realizacao-do-Censo-2022-Licia-Rubinstein-Agencia-IBGE-Noticias-Agencia-Brasil.jpg\",\"contentUrl\":\"https:\\\/\\\/folhadoleste.com.br\\\/wp-content\\\/uploads\\\/2023\\\/06\\\/IBGE-aponta-dificuldades-para-realizacao-do-Censo-2022-Licia-Rubinstein-Agencia-IBGE-Noticias-Agencia-Brasil.jpg\",\"width\":1170,\"height\":700,\"caption\":\"Prefeitura quer rebater dados do IBGE - Foto: Licia Rubinstein\\\/Ag\u00eancia IBGE\"},{\"@type\":\"BreadcrumbList\",\"@id\":\"https:\\\/\\\/folhadoleste.com.br\\\/ibge-aponta-dificuldades-para-realizacao-do-censo-2022\\\/#breadcrumb\",\"itemListElement\":[{\"@type\":\"ListItem\",\"position\":1,\"name\":\"In\u00edcio\",\"item\":\"https:\\\/\\\/folhadoleste.com.br\\\/\"},{\"@type\":\"ListItem\",\"position\":2,\"name\":\"Brasil\",\"item\":\"https:\\\/\\\/folhadoleste.com.br\\\/category\\\/brasil\\\/\"},{\"@type\":\"ListItem\",\"position\":3,\"name\":\"Economia\",\"item\":\"https:\\\/\\\/folhadoleste.com.br\\\/category\\\/brasil\\\/economia\\\/\"},{\"@type\":\"ListItem\",\"position\":4,\"name\":\"IBGE aponta dificuldades para realiza\u00e7\u00e3o do Censo 2022\"}]},{\"@type\":\"WebSite\",\"@id\":\"https:\\\/\\\/folhadoleste.com.br\\\/#website\",\"url\":\"https:\\\/\\\/folhadoleste.com.br\\\/\",\"name\":\"Folha do Leste\",\"description\":\"Portal de Not\u00edcias com \u00eanfase em Niter\u00f3i, criando conte\u00fados desde a capital Rio de Janeiro, com olhar para o Leste Fluminense e suas cidades como S\u00e3o Gon\u00e7alo, Itabora\u00ed, Rio Bonito, Maric\u00e1, Saquarema e Araruama\",\"publisher\":{\"@id\":\"https:\\\/\\\/folhadoleste.com.br\\\/#organization\"},\"alternateName\":\"FL\",\"potentialAction\":[{\"@type\":\"SearchAction\",\"target\":{\"@type\":\"EntryPoint\",\"urlTemplate\":\"https:\\\/\\\/folhadoleste.com.br\\\/?s={search_term_string}\"},\"query-input\":{\"@type\":\"PropertyValueSpecification\",\"valueRequired\":true,\"valueName\":\"search_term_string\"}}],\"inLanguage\":\"en-US\"},{\"@type\":\"Organization\",\"@id\":\"https:\\\/\\\/folhadoleste.com.br\\\/#organization\",\"name\":\"Brasil 21 Comunica\u00e7\u00e3o\",\"alternateName\":\"BR21\",\"url\":\"https:\\\/\\\/folhadoleste.com.br\\\/\",\"logo\":{\"@type\":\"ImageObject\",\"inLanguage\":\"en-US\",\"@id\":\"https:\\\/\\\/folhadoleste.com.br\\\/#\\\/schema\\\/logo\\\/image\\\/\",\"url\":\"https:\\\/\\\/folhadoleste.com.br\\\/wp-content\\\/uploads\\\/2025\\\/12\\\/brasil-21-logomarca.avif\",\"contentUrl\":\"https:\\\/\\\/folhadoleste.com.br\\\/wp-content\\\/uploads\\\/2025\\\/12\\\/brasil-21-logomarca.avif\",\"width\":1044,\"height\":1044,\"caption\":\"Brasil 21 Comunica\u00e7\u00e3o\"},\"image\":{\"@id\":\"https:\\\/\\\/folhadoleste.com.br\\\/#\\\/schema\\\/logo\\\/image\\\/\"},\"sameAs\":[\"https:\\\/\\\/www.facebook.com\\\/folhadoleste\",\"https:\\\/\\\/x.com\\\/FolhadoLesteRJ\",\"https:\\\/\\\/www.instagram.com\\\/folhadoleste\\\/\"]},{\"@type\":\"Person\",\"@id\":\"https:\\\/\\\/folhadoleste.com.br\\\/#\\\/schema\\\/person\\\/3e97145b2e1861276e84471aa85a3899\",\"name\":\"Folha do Leste\",\"image\":{\"@type\":\"ImageObject\",\"inLanguage\":\"en-US\",\"@id\":\"https:\\\/\\\/folhadoleste.com.br\\\/wp-content\\\/litespeed\\\/avatar\\\/1ca8c218432e7045e748610eb3db0259.jpg?ver=1776693931\",\"url\":\"https:\\\/\\\/folhadoleste.com.br\\\/wp-content\\\/litespeed\\\/avatar\\\/1ca8c218432e7045e748610eb3db0259.jpg?ver=1776693931\",\"contentUrl\":\"https:\\\/\\\/folhadoleste.com.br\\\/wp-content\\\/litespeed\\\/avatar\\\/1ca8c218432e7045e748610eb3db0259.jpg?ver=1776693931\",\"caption\":\"Folha do Leste\"},\"url\":\"https:\\\/\\\/folhadoleste.com.br\\\/en\\\/author\\\/reportagem-01\\\/\"}]}<\/script>\n<!-- \/ Yoast SEO plugin. -->","yoast_head_json":{"title":"IBGE aponta dificuldades para realiza\u00e7\u00e3o do Censo 2022 &#8226; Folha do Leste","description":"A realiza\u00e7\u00e3o do Censo 2022 passou por diversas barreiras como\u00a0corte no or\u00e7amento e a pandemia de covid-19...","robots":{"index":"index","follow":"follow","max-snippet":"max-snippet:-1","max-image-preview":"max-image-preview:large","max-video-preview":"max-video-preview:-1"},"canonical":"https:\/\/folhadoleste.com.br\/en\/ibge-aponta-dificuldades-para-realizacao-do-censo-2022\/","og_locale":"en_US","og_type":"article","og_title":"IBGE aponta dificuldades para realiza\u00e7\u00e3o do Censo 2022","og_description":"Clique e saiba mais...","og_url":"https:\/\/folhadoleste.com.br\/en\/ibge-aponta-dificuldades-para-realizacao-do-censo-2022\/","og_site_name":"Folha do Leste","article_publisher":"https:\/\/www.facebook.com\/folhadoleste","article_published_time":"2023-06-28T15:46:58+00:00","og_image":[{"width":1170,"height":700,"url":"https:\/\/folhadoleste.com.br\/wp-content\/uploads\/2023\/06\/IBGE-aponta-dificuldades-para-realizacao-do-Censo-2022-Licia-Rubinstein-Agencia-IBGE-Noticias-Agencia-Brasil.jpg","type":"image\/jpeg"}],"author":"Folha do Leste","twitter_card":"summary_large_image","twitter_title":"IBGE aponta dificuldades para realiza\u00e7\u00e3o do Censo 2022","twitter_description":"Clique e saiba mais...","twitter_image":"https:\/\/folhadoleste.com.br\/wp-content\/uploads\/2023\/06\/IBGE-aponta-dificuldades-para-realizacao-do-Censo-2022-Licia-Rubinstein-Agencia-IBGE-Noticias-Agencia-Brasil.jpg","twitter_creator":"@FolhadoLesteRJ","twitter_site":"@FolhadoLesteRJ","twitter_misc":{"Written by":"Folha do Leste","Est. reading time":"6 minutes"},"schema":{"@context":"https:\/\/schema.org","@graph":[{"@type":"NewsArticle","@id":"https:\/\/folhadoleste.com.br\/ibge-aponta-dificuldades-para-realizacao-do-censo-2022\/#article","isPartOf":{"@id":"https:\/\/folhadoleste.com.br\/ibge-aponta-dificuldades-para-realizacao-do-censo-2022\/"},"author":{"name":"Folha do Leste","@id":"https:\/\/folhadoleste.com.br\/#\/schema\/person\/3e97145b2e1861276e84471aa85a3899"},"headline":"IBGE aponta dificuldades para realiza\u00e7\u00e3o do Censo 2022","datePublished":"2023-06-28T15:46:58+00:00","mainEntityOfPage":{"@id":"https:\/\/folhadoleste.com.br\/ibge-aponta-dificuldades-para-realizacao-do-censo-2022\/"},"wordCount":1085,"commentCount":0,"publisher":{"@id":"https:\/\/folhadoleste.com.br\/#organization"},"image":{"@id":"https:\/\/folhadoleste.com.br\/ibge-aponta-dificuldades-para-realizacao-do-censo-2022\/#primaryimage"},"thumbnailUrl":"https:\/\/folhadoleste.com.br\/wp-content\/uploads\/2023\/06\/IBGE-aponta-dificuldades-para-realizacao-do-Censo-2022-Licia-Rubinstein-Agencia-IBGE-Noticias-Agencia-Brasil.jpg","keywords":["Censo","Cimar Azeredo","economia","IBGE","Presidente Interino"],"articleSection":["Brasil","Economia"],"inLanguage":"en-US","potentialAction":[{"@type":"CommentAction","name":"Comment","target":["https:\/\/folhadoleste.com.br\/ibge-aponta-dificuldades-para-realizacao-do-censo-2022\/#respond"]}]},{"@type":"WebPage","@id":"https:\/\/folhadoleste.com.br\/ibge-aponta-dificuldades-para-realizacao-do-censo-2022\/","url":"https:\/\/folhadoleste.com.br\/ibge-aponta-dificuldades-para-realizacao-do-censo-2022\/","name":"IBGE aponta dificuldades para realiza\u00e7\u00e3o do Censo 2022 &#8226; Folha do Leste","isPartOf":{"@id":"https:\/\/folhadoleste.com.br\/#website"},"primaryImageOfPage":{"@id":"https:\/\/folhadoleste.com.br\/ibge-aponta-dificuldades-para-realizacao-do-censo-2022\/#primaryimage"},"image":{"@id":"https:\/\/folhadoleste.com.br\/ibge-aponta-dificuldades-para-realizacao-do-censo-2022\/#primaryimage"},"thumbnailUrl":"https:\/\/folhadoleste.com.br\/wp-content\/uploads\/2023\/06\/IBGE-aponta-dificuldades-para-realizacao-do-Censo-2022-Licia-Rubinstein-Agencia-IBGE-Noticias-Agencia-Brasil.jpg","datePublished":"2023-06-28T15:46:58+00:00","description":"A realiza\u00e7\u00e3o do Censo 2022 passou por diversas barreiras como\u00a0corte no or\u00e7amento e a pandemia de covid-19...","breadcrumb":{"@id":"https:\/\/folhadoleste.com.br\/ibge-aponta-dificuldades-para-realizacao-do-censo-2022\/#breadcrumb"},"inLanguage":"en-US","potentialAction":[{"@type":"ReadAction","target":["https:\/\/folhadoleste.com.br\/ibge-aponta-dificuldades-para-realizacao-do-censo-2022\/"]}]},{"@type":"ImageObject","inLanguage":"en-US","@id":"https:\/\/folhadoleste.com.br\/ibge-aponta-dificuldades-para-realizacao-do-censo-2022\/#primaryimage","url":"https:\/\/folhadoleste.com.br\/wp-content\/uploads\/2023\/06\/IBGE-aponta-dificuldades-para-realizacao-do-Censo-2022-Licia-Rubinstein-Agencia-IBGE-Noticias-Agencia-Brasil.jpg","contentUrl":"https:\/\/folhadoleste.com.br\/wp-content\/uploads\/2023\/06\/IBGE-aponta-dificuldades-para-realizacao-do-Censo-2022-Licia-Rubinstein-Agencia-IBGE-Noticias-Agencia-Brasil.jpg","width":1170,"height":700,"caption":"Prefeitura quer rebater dados do IBGE - Foto: Licia Rubinstein\/Ag\u00eancia IBGE"},{"@type":"BreadcrumbList","@id":"https:\/\/folhadoleste.com.br\/ibge-aponta-dificuldades-para-realizacao-do-censo-2022\/#breadcrumb","itemListElement":[{"@type":"ListItem","position":1,"name":"In\u00edcio","item":"https:\/\/folhadoleste.com.br\/"},{"@type":"ListItem","position":2,"name":"Brasil","item":"https:\/\/folhadoleste.com.br\/category\/brasil\/"},{"@type":"ListItem","position":3,"name":"Economia","item":"https:\/\/folhadoleste.com.br\/category\/brasil\/economia\/"},{"@type":"ListItem","position":4,"name":"IBGE aponta dificuldades para realiza\u00e7\u00e3o do Censo 2022"}]},{"@type":"WebSite","@id":"https:\/\/folhadoleste.com.br\/#website","url":"https:\/\/folhadoleste.com.br\/","name":"Folha do Leste","description":"Portal de Not\u00edcias com \u00eanfase em Niter\u00f3i, criando conte\u00fados desde a capital Rio de Janeiro, com olhar para o Leste Fluminense e suas cidades como S\u00e3o Gon\u00e7alo, Itabora\u00ed, Rio Bonito, Maric\u00e1, Saquarema e Araruama","publisher":{"@id":"https:\/\/folhadoleste.com.br\/#organization"},"alternateName":"FL","potentialAction":[{"@type":"SearchAction","target":{"@type":"EntryPoint","urlTemplate":"https:\/\/folhadoleste.com.br\/?s={search_term_string}"},"query-input":{"@type":"PropertyValueSpecification","valueRequired":true,"valueName":"search_term_string"}}],"inLanguage":"en-US"},{"@type":"Organization","@id":"https:\/\/folhadoleste.com.br\/#organization","name":"Brasil 21 Comunica\u00e7\u00e3o","alternateName":"BR21","url":"https:\/\/folhadoleste.com.br\/","logo":{"@type":"ImageObject","inLanguage":"en-US","@id":"https:\/\/folhadoleste.com.br\/#\/schema\/logo\/image\/","url":"https:\/\/folhadoleste.com.br\/wp-content\/uploads\/2025\/12\/brasil-21-logomarca.avif","contentUrl":"https:\/\/folhadoleste.com.br\/wp-content\/uploads\/2025\/12\/brasil-21-logomarca.avif","width":1044,"height":1044,"caption":"Brasil 21 Comunica\u00e7\u00e3o"},"image":{"@id":"https:\/\/folhadoleste.com.br\/#\/schema\/logo\/image\/"},"sameAs":["https:\/\/www.facebook.com\/folhadoleste","https:\/\/x.com\/FolhadoLesteRJ","https:\/\/www.instagram.com\/folhadoleste\/"]},{"@type":"Person","@id":"https:\/\/folhadoleste.com.br\/#\/schema\/person\/3e97145b2e1861276e84471aa85a3899","name":"Folha do Leste","image":{"@type":"ImageObject","inLanguage":"en-US","@id":"https:\/\/folhadoleste.com.br\/wp-content\/litespeed\/avatar\/1ca8c218432e7045e748610eb3db0259.jpg?ver=1776693931","url":"https:\/\/folhadoleste.com.br\/wp-content\/litespeed\/avatar\/1ca8c218432e7045e748610eb3db0259.jpg?ver=1776693931","contentUrl":"https:\/\/folhadoleste.com.br\/wp-content\/litespeed\/avatar\/1ca8c218432e7045e748610eb3db0259.jpg?ver=1776693931","caption":"Folha do Leste"},"url":"https:\/\/folhadoleste.com.br\/en\/author\/reportagem-01\/"}]}},"_links":{"self":[{"href":"https:\/\/folhadoleste.com.br\/en\/wp-json\/wp\/v2\/posts\/12687","targetHints":{"allow":["GET"]}}],"collection":[{"href":"https:\/\/folhadoleste.com.br\/en\/wp-json\/wp\/v2\/posts"}],"about":[{"href":"https:\/\/folhadoleste.com.br\/en\/wp-json\/wp\/v2\/types\/post"}],"author":[{"embeddable":true,"href":"https:\/\/folhadoleste.com.br\/en\/wp-json\/wp\/v2\/users\/4"}],"replies":[{"embeddable":true,"href":"https:\/\/folhadoleste.com.br\/en\/wp-json\/wp\/v2\/comments?post=12687"}],"version-history":[{"count":1,"href":"https:\/\/folhadoleste.com.br\/en\/wp-json\/wp\/v2\/posts\/12687\/revisions"}],"predecessor-version":[{"id":12689,"href":"https:\/\/folhadoleste.com.br\/en\/wp-json\/wp\/v2\/posts\/12687\/revisions\/12689"}],"wp:featuredmedia":[{"embeddable":true,"href":"https:\/\/folhadoleste.com.br\/en\/wp-json\/wp\/v2\/media\/12688"}],"wp:attachment":[{"href":"https:\/\/folhadoleste.com.br\/en\/wp-json\/wp\/v2\/media?parent=12687"}],"wp:term":[{"taxonomy":"category","embeddable":true,"href":"https:\/\/folhadoleste.com.br\/en\/wp-json\/wp\/v2\/categories?post=12687"},{"taxonomy":"post_tag","embeddable":true,"href":"https:\/\/folhadoleste.com.br\/en\/wp-json\/wp\/v2\/tags?post=12687"}],"curies":[{"name":"wp","href":"https:\/\/api.w.org\/{rel}","templated":true}]}}