{"id":126861,"date":"2025-06-13T10:00:10","date_gmt":"2025-06-13T13:00:10","guid":{"rendered":"https:\/\/folhadoleste.com.br\/?p=126861"},"modified":"2025-06-13T13:18:06","modified_gmt":"2025-06-13T16:18:06","slug":"paulinho-da-viola-show-gratuito-niteroi-praia-sao-francisco","status":"publish","type":"post","link":"https:\/\/folhadoleste.com.br\/en\/paulinho-da-viola-show-gratuito-niteroi-praia-sao-francisco\/","title":{"rendered":"Paulinho da Viola canta de gra\u00e7a neste s\u00e1bado em Niter\u00f3i"},"content":{"rendered":"<div id=\"attachment_126863\" style=\"width: 898px\" class=\"wp-caption aligncenter\"><img decoding=\"async\" aria-describedby=\"caption-attachment-126863\" class=\"size-full wp-image-126863\" src=\"https:\/\/folhadoleste.com.br\/wp-content\/uploads\/2025\/06\/Paulinho-da-Viola-canta-de-graca-neste-sabado-em-Niteroi-FOto-Divulgacao.jpg\" alt=\"\" width=\"888\" height=\"592\" \/><p id=\"caption-attachment-126863\" class=\"wp-caption-text\">Paulinho da Viola canta de gra\u00e7a neste s\u00e1bado em Niter\u00f3i | Divulga\u00e7\u00e3o<\/p><\/div>\n<p style=\"text-align: justify;\" data-start=\"1314\" data-end=\"1606\">O lend\u00e1rio Paulinho da Viola ser\u00e1 a estrela da edi\u00e7\u00e3o de inverno do Circuito Quatro Esta\u00e7\u00f5es da M\u00fasica, neste s\u00e1bado (14), a partir das 18h, na Praia de S\u00e3o Francisco, em Niter\u00f3i. A apresenta\u00e7\u00e3o \u00e9 gratuita e celebra os quase 60 anos de carreira do mestre do samba.<\/p>\n<h5><a href=\"https:\/\/chat.whatsapp.com\/ItvWOvY08sCCpPxovKnYb6\"><img decoding=\"async\" class=\"wp-image-109746 size-full aligncenter\" src=\"https:\/\/folhadoleste.com.br\/wp-content\/uploads\/2025\/02\/WHATSAPP-FOLHA-DO-LESTE-600x200-1.png\" alt=\"\" width=\"600\" height=\"200\" \/><\/a><\/h5>\n<p style=\"text-align: justify;\" data-start=\"1608\" data-end=\"1805\">O evento \u00e9 realizado pela Prefeitura de Niter\u00f3i, com apoio da Funda\u00e7\u00e3o de Arte de Niter\u00f3i (FAN) e da Secretaria Municipal das Culturas (SMC), al\u00e9m de patroc\u00ednio da \u00c1guas de Niter\u00f3i.<\/p>\n<h3 style=\"text-align: justify;\" data-start=\"1812\" data-end=\"1849\"><em>Samba, choro e emo\u00e7\u00e3o \u00e0 beira-mar<\/em><\/h3>\n<p style=\"text-align: justify;\" data-start=\"1851\" data-end=\"2181\">Na turn\u00ea \u201cQuando o Samba Chama\u201d, Paulinho resgata can\u00e7\u00f5es raramente tocadas nos palcos. O p\u00fablico vai ouvir cl\u00e1ssicos como \u201cFoi um Rio que Passou em Minha Vida\u201d, \u201cTimoneiro\u201d, \u201cArgumento\u201d e \u201cPecado Capital\u201d, al\u00e9m de faixas mais recentes, como \u201cMar Grande\u201d, \u201cPra Jogar no Oceano\u201d e \u201cCidade Submersa\u201d.<\/p>\n<p style=\"text-align: justify;\" data-start=\"2183\" data-end=\"2316\">O mar, sempre presente em sua obra, ser\u00e1 pano de fundo simb\u00f3lico para uma noite marcada por mem\u00f3ria, identidade brasileira e lirismo.<\/p>\n<h3 style=\"text-align: justify;\" data-start=\"2323\" data-end=\"2367\"><em>Fam\u00edlia no palco e homenagem \u00e0s mulheres<\/em><\/h3>\n<p style=\"text-align: justify;\" data-start=\"2369\" data-end=\"2599\">Dois filhos de Paulinho participam do show. A cantora Bia Rabello presta uma homenagem \u00e0s mulheres do samba, enquanto o violonista Jo\u00e3o Rabello acompanha o pai com a maestria de quem j\u00e1 \u00e9 parceiro frequente nos palcos.<\/p>\n<h3 style=\"text-align: justify;\" data-start=\"2606\" data-end=\"2640\"><em>Talentos locais abrem o evento<\/em><\/h3>\n<p style=\"text-align: justify;\" data-start=\"2642\" data-end=\"2853\">A programa\u00e7\u00e3o come\u00e7a com a Orquestra de Sopros do Programa Aprendiz Musical, composta por cerca de 40 jovens m\u00fasicos. A apresenta\u00e7\u00e3o contar\u00e1 com participa\u00e7\u00f5es das cantoras Nanda Garcia e Anibale.<\/p>\n<h5 style=\"text-align: center;\"><span style=\"color: #000000;\"><span style=\"color: #ff0000;\"><strong>+ <\/strong><\/span><\/span><span style=\"color: #000000;\"><strong><span style=\"color: #ff9900;\">MAIS NOT\u00cdCIAS DE NITER\u00d3I?<\/span>\u00a0<\/strong><\/span><span style=\"color: #008080;\"><a style=\"color: #008080;\" href=\"https:\/\/folhadoleste.com.br\/en\/category\/jornal-folha-do-leste-rj\/niteroi\/\"><strong>CLIQUE AQUI<\/strong><\/a><\/span><\/h5>\n<p style=\"text-align: justify;\" data-start=\"2855\" data-end=\"3140\">Em seguida, sobem ao palco a cantora Andrea Beat e o sambista Davi do Samba. Andrea j\u00e1 dividiu os microfones com Xande de Pilares, Diogo Nogueira e o Grupo Revela\u00e7\u00e3o. Davi, por sua vez, \u00e9 figura conhecida em grupos tradicionais como Fam\u00edlia Clar\u00e3o e Samba\u00ed.<\/p>\n<p style=\"text-align: justify;\" data-start=\"3142\" data-end=\"3255\">Nos intervalos, quem comanda a vibe \u00e9 a DJ Cris Pantoja, com sets cheios de brasilidade e ritmo dan\u00e7ante.<\/p>\n<h3 style=\"text-align: justify;\" data-start=\"3262\" data-end=\"3275\">\ud83c\udfa4 <em>SERVI\u00c7O<\/em><\/h3>\n<p style=\"text-align: justify;\" data-start=\"3277\" data-end=\"3574\"><strong data-start=\"3277\" data-end=\"3288\">Evento:<\/strong> Circuito Quatro Esta\u00e7\u00f5es da M\u00fasica \u2013 Edi\u00e7\u00e3o de Inverno<br data-start=\"3343\" data-end=\"3346\" \/><strong data-start=\"3346\" data-end=\"3355\">Data:<\/strong> S\u00e1bado, 14 de junho<br data-start=\"3375\" data-end=\"3378\" \/><strong data-start=\"3378\" data-end=\"3388\">Local:<\/strong> Praia de S\u00e3o Francisco \u2013 Niter\u00f3i<br data-start=\"3421\" data-end=\"3424\" \/><strong data-start=\"3424\" data-end=\"3436\">Hor\u00e1rio:<\/strong> A partir das 18h<br data-start=\"3453\" data-end=\"3456\" \/><strong data-start=\"3456\" data-end=\"3469\">Atra\u00e7\u00f5es:<\/strong> Orquestra de Sopros do Aprendiz Musical, Andrea Beat e Davi do Samba, Paulinho da Viola, DJ Cris Pantoja<\/p>\n<p><a href=\"https:\/\/folhadoleste.com.br\/en\/vida\/\"><img decoding=\"async\" class=\"aligncenter wp-image-113547 size-full\" src=\"https:\/\/folhadoleste.com.br\/wp-content\/uploads\/2025\/03\/Sinteses-da-Vida.png\" alt=\"\" width=\"1800\" height=\"600\" \/><\/a><\/p>\n<p><a href=\"https:\/\/www.instagram.com\/folhadoleste\/\"><img decoding=\"async\" class=\"aligncenter wp-image-109748 size-medium\" src=\"https:\/\/folhadoleste.com.br\/wp-content\/uploads\/2025\/02\/Instagram-Folha-do-Leste-Widget-300x100.png\" alt=\"\" width=\"300\" height=\"100\" \/><\/a><\/p>\n<p><a href=\"https:\/\/facebook.com\/folhadoleste\"><img decoding=\"async\" class=\"aligncenter wp-image-109735 size-medium\" src=\"https:\/\/folhadoleste.com.br\/wp-content\/uploads\/2025\/02\/ANUNCIO-FACEBOOK-FOLHA-DO-LESTE-300x300.png\" alt=\"\" width=\"300\" height=\"300\" \/><\/a><\/p>","protected":false},"excerpt":{"rendered":"<p>O lend\u00e1rio Paulinho da Viola ser\u00e1 a estrela da edi\u00e7\u00e3o de inverno do Circuito Quatro Esta\u00e7\u00f5es da M\u00fasica, neste s\u00e1bado (14), a partir das 18h, na Praia de S\u00e3o Francisco, em Niter\u00f3i. A apresenta\u00e7\u00e3o \u00e9 gratuita e celebra os quase 60 anos de carreira do mestre do samba. O evento \u00e9 realizado pela Prefeitura de Niter\u00f3i, com apoio da Funda\u00e7\u00e3o de Arte de Niter\u00f3i (FAN) e da Secretaria Municipal das Culturas (SMC), al\u00e9m de patroc\u00ednio da \u00c1guas de Niter\u00f3i. Samba, choro e emo\u00e7\u00e3o \u00e0 beira-mar Na turn\u00ea \u201cQuando o Samba Chama\u201d, Paulinho resgata can\u00e7\u00f5es raramente tocadas nos palcos. O p\u00fablico [&hellip;]<\/p>\n","protected":false},"author":5,"featured_media":126863,"comment_status":"open","ping_status":"open","sticky":false,"template":"","format":"standard","meta":{"footnotes":""},"categories":[47,5],"tags":[79313,108,3184,54,1878,28678,50,662,9892,656,10166],"class_list":["post-126861","post","type-post","status-publish","format-standard","has-post-thumbnail","hentry","category-leste-fluminense","category-noticias-de-niteroi","tag-circuito-quatro-estacoes","tag-cultura","tag-fan","tag-leste-fluminense","tag-mpb","tag-musica-ao-vivo","tag-niteroi","tag-paulinho-da-viola","tag-praia-de-sao-francisco","tag-samba","tag-show-gratuito","post--single"],"yoast_head":"<!-- This site is optimized with the Yoast SEO plugin v27.5 - https:\/\/yoast.com\/product\/yoast-seo-wordpress\/ -->\n<title>Paulinho da Viola faz show gratuito em Niter\u00f3i neste s\u00e1bado na Praia de S\u00e3o Francisco<\/title>\n<meta name=\"description\" content=\"Paulinho da Viola se apresenta de gra\u00e7a neste s\u00e1bado (14) em Niter\u00f3i. O show, parte do Circuito Quatro Esta\u00e7\u00f5es da M\u00fasica, ocorre na Praia...\" \/>\n<meta name=\"robots\" content=\"index, follow, max-snippet:-1, max-image-preview:large, max-video-preview:-1\" \/>\n<link rel=\"canonical\" href=\"https:\/\/folhadoleste.com.br\/en\/paulinho-da-viola-show-gratuito-niteroi-praia-sao-francisco\/\" \/>\n<meta property=\"og:locale\" content=\"en_US\" \/>\n<meta property=\"og:type\" content=\"article\" \/>\n<meta property=\"og:title\" content=\"Paulinho da Viola faz show gratuito em Niter\u00f3i neste s\u00e1bado na Praia de S\u00e3o Francisco\" \/>\n<meta property=\"og:description\" content=\"Paulinho da Viola se apresenta de gra\u00e7a neste s\u00e1bado (14) em Niter\u00f3i. O show, parte do Circuito Quatro Esta\u00e7\u00f5es da M\u00fasica, ocorre na Praia...\" \/>\n<meta property=\"og:url\" content=\"https:\/\/folhadoleste.com.br\/en\/paulinho-da-viola-show-gratuito-niteroi-praia-sao-francisco\/\" \/>\n<meta property=\"og:site_name\" content=\"Folha do Leste\" \/>\n<meta property=\"article:publisher\" content=\"https:\/\/www.facebook.com\/folhadoleste\" \/>\n<meta property=\"article:published_time\" content=\"2025-06-13T13:00:10+00:00\" \/>\n<meta property=\"article:modified_time\" content=\"2025-06-13T16:18:06+00:00\" \/>\n<meta property=\"og:image\" content=\"https:\/\/folhadoleste.com.br\/wp-content\/uploads\/2025\/06\/Paulinho-da-Viola-canta-de-graca-neste-sabado-em-Niteroi-FOto-Divulgacao.jpg\" \/>\n\t<meta property=\"og:image:width\" content=\"888\" \/>\n\t<meta property=\"og:image:height\" content=\"592\" \/>\n\t<meta property=\"og:image:type\" content=\"image\/jpeg\" \/>\n<meta name=\"author\" content=\"Enzo Carvalho\" \/>\n<meta name=\"twitter:card\" content=\"summary_large_image\" \/>\n<meta name=\"twitter:creator\" content=\"@FolhadoLesteRJ\" \/>\n<meta name=\"twitter:site\" content=\"@FolhadoLesteRJ\" \/>\n<meta name=\"twitter:label1\" content=\"Written by\" \/>\n\t<meta name=\"twitter:data1\" content=\"Enzo Carvalho\" \/>\n\t<meta name=\"twitter:label2\" content=\"Est. reading time\" \/>\n\t<meta name=\"twitter:data2\" content=\"4 minutes\" \/>\n<script type=\"application\/ld+json\" class=\"yoast-schema-graph\">{\"@context\":\"https:\\\/\\\/schema.org\",\"@graph\":[{\"@type\":\"NewsArticle\",\"@id\":\"https:\\\/\\\/folhadoleste.com.br\\\/paulinho-da-viola-show-gratuito-niteroi-praia-sao-francisco\\\/#article\",\"isPartOf\":{\"@id\":\"https:\\\/\\\/folhadoleste.com.br\\\/paulinho-da-viola-show-gratuito-niteroi-praia-sao-francisco\\\/\"},\"author\":{\"name\":\"Enzo Carvalho\",\"@id\":\"https:\\\/\\\/folhadoleste.com.br\\\/#\\\/schema\\\/person\\\/05d8a4b256c9faea581495e6c9be06f2\"},\"headline\":\"Paulinho da Viola canta de gra\u00e7a neste s\u00e1bado em Niter\u00f3i\",\"datePublished\":\"2025-06-13T13:00:10+00:00\",\"dateModified\":\"2025-06-13T16:18:06+00:00\",\"mainEntityOfPage\":{\"@id\":\"https:\\\/\\\/folhadoleste.com.br\\\/paulinho-da-viola-show-gratuito-niteroi-praia-sao-francisco\\\/\"},\"wordCount\":416,\"commentCount\":0,\"publisher\":{\"@id\":\"https:\\\/\\\/folhadoleste.com.br\\\/#organization\"},\"image\":{\"@id\":\"https:\\\/\\\/folhadoleste.com.br\\\/paulinho-da-viola-show-gratuito-niteroi-praia-sao-francisco\\\/#primaryimage\"},\"thumbnailUrl\":\"https:\\\/\\\/folhadoleste.com.br\\\/wp-content\\\/uploads\\\/2025\\\/06\\\/Paulinho-da-Viola-canta-de-graca-neste-sabado-em-Niteroi-FOto-Divulgacao.jpg\",\"keywords\":[\"Circuito Quatro Esta\u00e7\u00f5es\",\"Cultura\",\"FAN\",\"Leste Fluminense\",\"MPB\",\"m\u00fasica ao vivo\",\"Niter\u00f3i\",\"Paulinho da Viola\",\"Praia de S\u00e3o Francisco\",\"samba\",\"show gratuito\"],\"articleSection\":[\"Leste Fluminense\",\"Niter\u00f3i\"],\"inLanguage\":\"en-US\",\"potentialAction\":[{\"@type\":\"CommentAction\",\"name\":\"Comment\",\"target\":[\"https:\\\/\\\/folhadoleste.com.br\\\/paulinho-da-viola-show-gratuito-niteroi-praia-sao-francisco\\\/#respond\"]}]},{\"@type\":\"WebPage\",\"@id\":\"https:\\\/\\\/folhadoleste.com.br\\\/paulinho-da-viola-show-gratuito-niteroi-praia-sao-francisco\\\/\",\"url\":\"https:\\\/\\\/folhadoleste.com.br\\\/paulinho-da-viola-show-gratuito-niteroi-praia-sao-francisco\\\/\",\"name\":\"Paulinho da Viola faz show gratuito em Niter\u00f3i neste s\u00e1bado na Praia de S\u00e3o Francisco\",\"isPartOf\":{\"@id\":\"https:\\\/\\\/folhadoleste.com.br\\\/#website\"},\"primaryImageOfPage\":{\"@id\":\"https:\\\/\\\/folhadoleste.com.br\\\/paulinho-da-viola-show-gratuito-niteroi-praia-sao-francisco\\\/#primaryimage\"},\"image\":{\"@id\":\"https:\\\/\\\/folhadoleste.com.br\\\/paulinho-da-viola-show-gratuito-niteroi-praia-sao-francisco\\\/#primaryimage\"},\"thumbnailUrl\":\"https:\\\/\\\/folhadoleste.com.br\\\/wp-content\\\/uploads\\\/2025\\\/06\\\/Paulinho-da-Viola-canta-de-graca-neste-sabado-em-Niteroi-FOto-Divulgacao.jpg\",\"datePublished\":\"2025-06-13T13:00:10+00:00\",\"dateModified\":\"2025-06-13T16:18:06+00:00\",\"description\":\"Paulinho da Viola se apresenta de gra\u00e7a neste s\u00e1bado (14) em Niter\u00f3i. O show, parte do Circuito Quatro Esta\u00e7\u00f5es da M\u00fasica, ocorre na Praia...\",\"breadcrumb\":{\"@id\":\"https:\\\/\\\/folhadoleste.com.br\\\/paulinho-da-viola-show-gratuito-niteroi-praia-sao-francisco\\\/#breadcrumb\"},\"inLanguage\":\"en-US\",\"potentialAction\":[{\"@type\":\"ReadAction\",\"target\":[\"https:\\\/\\\/folhadoleste.com.br\\\/paulinho-da-viola-show-gratuito-niteroi-praia-sao-francisco\\\/\"]}]},{\"@type\":\"ImageObject\",\"inLanguage\":\"en-US\",\"@id\":\"https:\\\/\\\/folhadoleste.com.br\\\/paulinho-da-viola-show-gratuito-niteroi-praia-sao-francisco\\\/#primaryimage\",\"url\":\"https:\\\/\\\/folhadoleste.com.br\\\/wp-content\\\/uploads\\\/2025\\\/06\\\/Paulinho-da-Viola-canta-de-graca-neste-sabado-em-Niteroi-FOto-Divulgacao.jpg\",\"contentUrl\":\"https:\\\/\\\/folhadoleste.com.br\\\/wp-content\\\/uploads\\\/2025\\\/06\\\/Paulinho-da-Viola-canta-de-graca-neste-sabado-em-Niteroi-FOto-Divulgacao.jpg\",\"width\":888,\"height\":592,\"caption\":\"Paulinho da Viola canta de gra\u00e7a neste s\u00e1bado em Niter\u00f3i | Divulga\u00e7\u00e3o\"},{\"@type\":\"BreadcrumbList\",\"@id\":\"https:\\\/\\\/folhadoleste.com.br\\\/paulinho-da-viola-show-gratuito-niteroi-praia-sao-francisco\\\/#breadcrumb\",\"itemListElement\":[{\"@type\":\"ListItem\",\"position\":1,\"name\":\"In\u00edcio\",\"item\":\"https:\\\/\\\/folhadoleste.com.br\\\/\"},{\"@type\":\"ListItem\",\"position\":2,\"name\":\"Estado do Rio de Janeiro\",\"item\":\"https:\\\/\\\/folhadoleste.com.br\\\/category\\\/estado-do-rio-de-janeiro\\\/\"},{\"@type\":\"ListItem\",\"position\":3,\"name\":\"Leste Fluminense\",\"item\":\"https:\\\/\\\/folhadoleste.com.br\\\/category\\\/estado-do-rio-de-janeiro\\\/leste-fluminense\\\/\"},{\"@type\":\"ListItem\",\"position\":4,\"name\":\"Niter\u00f3i\",\"item\":\"https:\\\/\\\/folhadoleste.com.br\\\/category\\\/estado-do-rio-de-janeiro\\\/leste-fluminense\\\/noticias-de-niteroi\\\/\"},{\"@type\":\"ListItem\",\"position\":5,\"name\":\"Paulinho da Viola canta de gra\u00e7a neste s\u00e1bado em Niter\u00f3i\"}]},{\"@type\":\"WebSite\",\"@id\":\"https:\\\/\\\/folhadoleste.com.br\\\/#website\",\"url\":\"https:\\\/\\\/folhadoleste.com.br\\\/\",\"name\":\"Folha do Leste\",\"description\":\"Portal de Not\u00edcias com \u00eanfase em Niter\u00f3i, criando conte\u00fados desde a capital Rio de Janeiro, com olhar para o Leste Fluminense e suas cidades como S\u00e3o Gon\u00e7alo, Itabora\u00ed, Rio Bonito, Maric\u00e1, Saquarema e Araruama\",\"publisher\":{\"@id\":\"https:\\\/\\\/folhadoleste.com.br\\\/#organization\"},\"alternateName\":\"FL\",\"potentialAction\":[{\"@type\":\"SearchAction\",\"target\":{\"@type\":\"EntryPoint\",\"urlTemplate\":\"https:\\\/\\\/folhadoleste.com.br\\\/?s={search_term_string}\"},\"query-input\":{\"@type\":\"PropertyValueSpecification\",\"valueRequired\":true,\"valueName\":\"search_term_string\"}}],\"inLanguage\":\"en-US\"},{\"@type\":\"Organization\",\"@id\":\"https:\\\/\\\/folhadoleste.com.br\\\/#organization\",\"name\":\"Brasil 21 Comunica\u00e7\u00e3o\",\"alternateName\":\"BR21\",\"url\":\"https:\\\/\\\/folhadoleste.com.br\\\/\",\"logo\":{\"@type\":\"ImageObject\",\"inLanguage\":\"en-US\",\"@id\":\"https:\\\/\\\/folhadoleste.com.br\\\/#\\\/schema\\\/logo\\\/image\\\/\",\"url\":\"https:\\\/\\\/folhadoleste.com.br\\\/wp-content\\\/uploads\\\/2025\\\/12\\\/brasil-21-logomarca.avif\",\"contentUrl\":\"https:\\\/\\\/folhadoleste.com.br\\\/wp-content\\\/uploads\\\/2025\\\/12\\\/brasil-21-logomarca.avif\",\"width\":1044,\"height\":1044,\"caption\":\"Brasil 21 Comunica\u00e7\u00e3o\"},\"image\":{\"@id\":\"https:\\\/\\\/folhadoleste.com.br\\\/#\\\/schema\\\/logo\\\/image\\\/\"},\"sameAs\":[\"https:\\\/\\\/www.facebook.com\\\/folhadoleste\",\"https:\\\/\\\/x.com\\\/FolhadoLesteRJ\",\"https:\\\/\\\/www.instagram.com\\\/folhadoleste\\\/\"]},{\"@type\":\"Person\",\"@id\":\"https:\\\/\\\/folhadoleste.com.br\\\/#\\\/schema\\\/person\\\/05d8a4b256c9faea581495e6c9be06f2\",\"name\":\"Enzo Carvalho\",\"image\":{\"@type\":\"ImageObject\",\"inLanguage\":\"en-US\",\"@id\":\"https:\\\/\\\/folhadoleste.com.br\\\/wp-content\\\/litespeed\\\/avatar\\\/3fe471b6df482b28961bb8e87cd40a81.jpg?ver=1777161141\",\"url\":\"https:\\\/\\\/folhadoleste.com.br\\\/wp-content\\\/litespeed\\\/avatar\\\/3fe471b6df482b28961bb8e87cd40a81.jpg?ver=1777161141\",\"contentUrl\":\"https:\\\/\\\/folhadoleste.com.br\\\/wp-content\\\/litespeed\\\/avatar\\\/3fe471b6df482b28961bb8e87cd40a81.jpg?ver=1777161141\",\"caption\":\"Enzo Carvalho\"},\"description\":\"Enzo Carvalho \u00e9 jornalista profissional, com atua\u00e7\u00e3o voltada \u00e0 cobertura de inova\u00e7\u00e3o, tecnologia, cotidiano e esportes. Ex-jogador profissional de e-sports, traz para o jornalismo uma compreens\u00e3o pr\u00e1tica do universo digital, das plataformas tecnol\u00f3gicas e das transforma\u00e7\u00f5es provocadas pela cultura conectada.\",\"url\":\"https:\\\/\\\/folhadoleste.com.br\\\/en\\\/author\\\/enzo-carvalho\\\/\"}]}<\/script>\n<!-- \/ Yoast SEO plugin. -->","yoast_head_json":{"title":"Paulinho da Viola faz show gratuito em Niter\u00f3i neste s\u00e1bado na Praia de S\u00e3o Francisco","description":"Paulinho da Viola se apresenta de gra\u00e7a neste s\u00e1bado (14) em Niter\u00f3i. O show, parte do Circuito Quatro Esta\u00e7\u00f5es da M\u00fasica, ocorre na Praia...","robots":{"index":"index","follow":"follow","max-snippet":"max-snippet:-1","max-image-preview":"max-image-preview:large","max-video-preview":"max-video-preview:-1"},"canonical":"https:\/\/folhadoleste.com.br\/en\/paulinho-da-viola-show-gratuito-niteroi-praia-sao-francisco\/","og_locale":"en_US","og_type":"article","og_title":"Paulinho da Viola faz show gratuito em Niter\u00f3i neste s\u00e1bado na Praia de S\u00e3o Francisco","og_description":"Paulinho da Viola se apresenta de gra\u00e7a neste s\u00e1bado (14) em Niter\u00f3i. O show, parte do Circuito Quatro Esta\u00e7\u00f5es da M\u00fasica, ocorre na Praia...","og_url":"https:\/\/folhadoleste.com.br\/en\/paulinho-da-viola-show-gratuito-niteroi-praia-sao-francisco\/","og_site_name":"Folha do Leste","article_publisher":"https:\/\/www.facebook.com\/folhadoleste","article_published_time":"2025-06-13T13:00:10+00:00","article_modified_time":"2025-06-13T16:18:06+00:00","og_image":[{"width":888,"height":592,"url":"https:\/\/folhadoleste.com.br\/wp-content\/uploads\/2025\/06\/Paulinho-da-Viola-canta-de-graca-neste-sabado-em-Niteroi-FOto-Divulgacao.jpg","type":"image\/jpeg"}],"author":"Enzo Carvalho","twitter_card":"summary_large_image","twitter_creator":"@FolhadoLesteRJ","twitter_site":"@FolhadoLesteRJ","twitter_misc":{"Written by":"Enzo Carvalho","Est. reading time":"4 minutes"},"schema":{"@context":"https:\/\/schema.org","@graph":[{"@type":"NewsArticle","@id":"https:\/\/folhadoleste.com.br\/paulinho-da-viola-show-gratuito-niteroi-praia-sao-francisco\/#article","isPartOf":{"@id":"https:\/\/folhadoleste.com.br\/paulinho-da-viola-show-gratuito-niteroi-praia-sao-francisco\/"},"author":{"name":"Enzo Carvalho","@id":"https:\/\/folhadoleste.com.br\/#\/schema\/person\/05d8a4b256c9faea581495e6c9be06f2"},"headline":"Paulinho da Viola canta de gra\u00e7a neste s\u00e1bado em Niter\u00f3i","datePublished":"2025-06-13T13:00:10+00:00","dateModified":"2025-06-13T16:18:06+00:00","mainEntityOfPage":{"@id":"https:\/\/folhadoleste.com.br\/paulinho-da-viola-show-gratuito-niteroi-praia-sao-francisco\/"},"wordCount":416,"commentCount":0,"publisher":{"@id":"https:\/\/folhadoleste.com.br\/#organization"},"image":{"@id":"https:\/\/folhadoleste.com.br\/paulinho-da-viola-show-gratuito-niteroi-praia-sao-francisco\/#primaryimage"},"thumbnailUrl":"https:\/\/folhadoleste.com.br\/wp-content\/uploads\/2025\/06\/Paulinho-da-Viola-canta-de-graca-neste-sabado-em-Niteroi-FOto-Divulgacao.jpg","keywords":["Circuito Quatro Esta\u00e7\u00f5es","Cultura","FAN","Leste Fluminense","MPB","m\u00fasica ao vivo","Niter\u00f3i","Paulinho da Viola","Praia de S\u00e3o Francisco","samba","show gratuito"],"articleSection":["Leste Fluminense","Niter\u00f3i"],"inLanguage":"en-US","potentialAction":[{"@type":"CommentAction","name":"Comment","target":["https:\/\/folhadoleste.com.br\/paulinho-da-viola-show-gratuito-niteroi-praia-sao-francisco\/#respond"]}]},{"@type":"WebPage","@id":"https:\/\/folhadoleste.com.br\/paulinho-da-viola-show-gratuito-niteroi-praia-sao-francisco\/","url":"https:\/\/folhadoleste.com.br\/paulinho-da-viola-show-gratuito-niteroi-praia-sao-francisco\/","name":"Paulinho da Viola faz show gratuito em Niter\u00f3i neste s\u00e1bado na Praia de S\u00e3o Francisco","isPartOf":{"@id":"https:\/\/folhadoleste.com.br\/#website"},"primaryImageOfPage":{"@id":"https:\/\/folhadoleste.com.br\/paulinho-da-viola-show-gratuito-niteroi-praia-sao-francisco\/#primaryimage"},"image":{"@id":"https:\/\/folhadoleste.com.br\/paulinho-da-viola-show-gratuito-niteroi-praia-sao-francisco\/#primaryimage"},"thumbnailUrl":"https:\/\/folhadoleste.com.br\/wp-content\/uploads\/2025\/06\/Paulinho-da-Viola-canta-de-graca-neste-sabado-em-Niteroi-FOto-Divulgacao.jpg","datePublished":"2025-06-13T13:00:10+00:00","dateModified":"2025-06-13T16:18:06+00:00","description":"Paulinho da Viola se apresenta de gra\u00e7a neste s\u00e1bado (14) em Niter\u00f3i. O show, parte do Circuito Quatro Esta\u00e7\u00f5es da M\u00fasica, ocorre na Praia...","breadcrumb":{"@id":"https:\/\/folhadoleste.com.br\/paulinho-da-viola-show-gratuito-niteroi-praia-sao-francisco\/#breadcrumb"},"inLanguage":"en-US","potentialAction":[{"@type":"ReadAction","target":["https:\/\/folhadoleste.com.br\/paulinho-da-viola-show-gratuito-niteroi-praia-sao-francisco\/"]}]},{"@type":"ImageObject","inLanguage":"en-US","@id":"https:\/\/folhadoleste.com.br\/paulinho-da-viola-show-gratuito-niteroi-praia-sao-francisco\/#primaryimage","url":"https:\/\/folhadoleste.com.br\/wp-content\/uploads\/2025\/06\/Paulinho-da-Viola-canta-de-graca-neste-sabado-em-Niteroi-FOto-Divulgacao.jpg","contentUrl":"https:\/\/folhadoleste.com.br\/wp-content\/uploads\/2025\/06\/Paulinho-da-Viola-canta-de-graca-neste-sabado-em-Niteroi-FOto-Divulgacao.jpg","width":888,"height":592,"caption":"Paulinho da Viola canta de gra\u00e7a neste s\u00e1bado em Niter\u00f3i | Divulga\u00e7\u00e3o"},{"@type":"BreadcrumbList","@id":"https:\/\/folhadoleste.com.br\/paulinho-da-viola-show-gratuito-niteroi-praia-sao-francisco\/#breadcrumb","itemListElement":[{"@type":"ListItem","position":1,"name":"In\u00edcio","item":"https:\/\/folhadoleste.com.br\/"},{"@type":"ListItem","position":2,"name":"Estado do Rio de Janeiro","item":"https:\/\/folhadoleste.com.br\/category\/estado-do-rio-de-janeiro\/"},{"@type":"ListItem","position":3,"name":"Leste Fluminense","item":"https:\/\/folhadoleste.com.br\/category\/estado-do-rio-de-janeiro\/leste-fluminense\/"},{"@type":"ListItem","position":4,"name":"Niter\u00f3i","item":"https:\/\/folhadoleste.com.br\/category\/estado-do-rio-de-janeiro\/leste-fluminense\/noticias-de-niteroi\/"},{"@type":"ListItem","position":5,"name":"Paulinho da Viola canta de gra\u00e7a neste s\u00e1bado em Niter\u00f3i"}]},{"@type":"WebSite","@id":"https:\/\/folhadoleste.com.br\/#website","url":"https:\/\/folhadoleste.com.br\/","name":"Folha do Leste","description":"Portal de Not\u00edcias com \u00eanfase em Niter\u00f3i, criando conte\u00fados desde a capital Rio de Janeiro, com olhar para o Leste Fluminense e suas cidades como S\u00e3o Gon\u00e7alo, Itabora\u00ed, Rio Bonito, Maric\u00e1, Saquarema e Araruama","publisher":{"@id":"https:\/\/folhadoleste.com.br\/#organization"},"alternateName":"FL","potentialAction":[{"@type":"SearchAction","target":{"@type":"EntryPoint","urlTemplate":"https:\/\/folhadoleste.com.br\/?s={search_term_string}"},"query-input":{"@type":"PropertyValueSpecification","valueRequired":true,"valueName":"search_term_string"}}],"inLanguage":"en-US"},{"@type":"Organization","@id":"https:\/\/folhadoleste.com.br\/#organization","name":"Brasil 21 Comunica\u00e7\u00e3o","alternateName":"BR21","url":"https:\/\/folhadoleste.com.br\/","logo":{"@type":"ImageObject","inLanguage":"en-US","@id":"https:\/\/folhadoleste.com.br\/#\/schema\/logo\/image\/","url":"https:\/\/folhadoleste.com.br\/wp-content\/uploads\/2025\/12\/brasil-21-logomarca.avif","contentUrl":"https:\/\/folhadoleste.com.br\/wp-content\/uploads\/2025\/12\/brasil-21-logomarca.avif","width":1044,"height":1044,"caption":"Brasil 21 Comunica\u00e7\u00e3o"},"image":{"@id":"https:\/\/folhadoleste.com.br\/#\/schema\/logo\/image\/"},"sameAs":["https:\/\/www.facebook.com\/folhadoleste","https:\/\/x.com\/FolhadoLesteRJ","https:\/\/www.instagram.com\/folhadoleste\/"]},{"@type":"Person","@id":"https:\/\/folhadoleste.com.br\/#\/schema\/person\/05d8a4b256c9faea581495e6c9be06f2","name":"Enzo Carvalho","image":{"@type":"ImageObject","inLanguage":"en-US","@id":"https:\/\/folhadoleste.com.br\/wp-content\/litespeed\/avatar\/3fe471b6df482b28961bb8e87cd40a81.jpg?ver=1777161141","url":"https:\/\/folhadoleste.com.br\/wp-content\/litespeed\/avatar\/3fe471b6df482b28961bb8e87cd40a81.jpg?ver=1777161141","contentUrl":"https:\/\/folhadoleste.com.br\/wp-content\/litespeed\/avatar\/3fe471b6df482b28961bb8e87cd40a81.jpg?ver=1777161141","caption":"Enzo Carvalho"},"description":"Enzo Carvalho \u00e9 jornalista profissional, com atua\u00e7\u00e3o voltada \u00e0 cobertura de inova\u00e7\u00e3o, tecnologia, cotidiano e esportes. Ex-jogador profissional de e-sports, traz para o jornalismo uma compreens\u00e3o pr\u00e1tica do universo digital, das plataformas tecnol\u00f3gicas e das transforma\u00e7\u00f5es provocadas pela cultura conectada.","url":"https:\/\/folhadoleste.com.br\/en\/author\/enzo-carvalho\/"}]}},"_links":{"self":[{"href":"https:\/\/folhadoleste.com.br\/en\/wp-json\/wp\/v2\/posts\/126861","targetHints":{"allow":["GET"]}}],"collection":[{"href":"https:\/\/folhadoleste.com.br\/en\/wp-json\/wp\/v2\/posts"}],"about":[{"href":"https:\/\/folhadoleste.com.br\/en\/wp-json\/wp\/v2\/types\/post"}],"author":[{"embeddable":true,"href":"https:\/\/folhadoleste.com.br\/en\/wp-json\/wp\/v2\/users\/5"}],"replies":[{"embeddable":true,"href":"https:\/\/folhadoleste.com.br\/en\/wp-json\/wp\/v2\/comments?post=126861"}],"version-history":[{"count":1,"href":"https:\/\/folhadoleste.com.br\/en\/wp-json\/wp\/v2\/posts\/126861\/revisions"}],"predecessor-version":[{"id":126865,"href":"https:\/\/folhadoleste.com.br\/en\/wp-json\/wp\/v2\/posts\/126861\/revisions\/126865"}],"wp:featuredmedia":[{"embeddable":true,"href":"https:\/\/folhadoleste.com.br\/en\/wp-json\/wp\/v2\/media\/126863"}],"wp:attachment":[{"href":"https:\/\/folhadoleste.com.br\/en\/wp-json\/wp\/v2\/media?parent=126861"}],"wp:term":[{"taxonomy":"category","embeddable":true,"href":"https:\/\/folhadoleste.com.br\/en\/wp-json\/wp\/v2\/categories?post=126861"},{"taxonomy":"post_tag","embeddable":true,"href":"https:\/\/folhadoleste.com.br\/en\/wp-json\/wp\/v2\/tags?post=126861"}],"curies":[{"name":"wp","href":"https:\/\/api.w.org\/{rel}","templated":true}]}}