{"id":125289,"date":"2025-06-01T11:54:16","date_gmt":"2025-06-01T14:54:16","guid":{"rendered":"https:\/\/folhadoleste.com.br\/?p=125289"},"modified":"2025-06-01T12:10:55","modified_gmt":"2025-06-01T15:10:55","slug":"acidente-em-icarai-niteroi-onibus-esmaga-carro-e-mata-motorista","status":"publish","type":"post","link":"https:\/\/folhadoleste.com.br\/en\/acidente-em-icarai-niteroi-onibus-esmaga-carro-e-mata-motorista\/","title":{"rendered":"Acidente grave em Icara\u00ed, Niter\u00f3i: \u00f4nibus colide em carro e mata motorista \u2014 V\u00cdDEO"},"content":{"rendered":"<div style=\"width: 720px;\" class=\"wp-video\"><video class=\"wp-video-shortcode\" id=\"video-125289-1\" width=\"720\" height=\"1280\" poster=\"https:\/\/folhadoleste.com.br\/wp-content\/uploads\/2025\/06\/Acidente-grave-onibus-esmaga-carro-e-mata-motorista-em-Niteroi-video-1.mp4\" preload=\"metadata\" controls=\"controls\"><source type=\"video\/mp4\" src=\"https:\/\/folhadoleste.com.br\/wp-content\/uploads\/2025\/06\/Acidente-grave-onibus-esmaga-carro-e-mata-motorista-em-Niteroi-video.mp4?_=1\" \/><a href=\"https:\/\/folhadoleste.com.br\/wp-content\/uploads\/2025\/06\/Acidente-grave-onibus-esmaga-carro-e-mata-motorista-em-Niteroi-video.mp4\">https:\/\/folhadoleste.com.br\/wp-content\/uploads\/2025\/06\/Acidente-grave-onibus-esmaga-carro-e-mata-motorista-em-Niteroi-video.mp4<\/a><\/video><\/div>\n<p style=\"text-align: justify;\" data-start=\"253\" data-end=\"557\">Um acidente de tr\u00e2nsito envolvendo um \u00f4nibus da linha 45 (Cubango), pertencente \u00e0 Via\u00e7\u00e3o Santo Ant\u00f4nio, e um Audi A1 teve como resultado a morte instant\u00e2nea do motorista do carro, na manh\u00e3 deste domingo (1\u00ba), em Icara\u00ed, Zona Sul de Niter\u00f3i. A colis\u00e3o aconteceu no cruzamento da Avenida Roberto Silveira com a Rua Lopes Trov\u00e3o, por volta das 6h. Pr\u00f3ximo dali, fica o parque mais frequentado de Niter\u00f3i aos domingos: o Campo de S\u00e3o Bento, do outro lado da rua.<\/p>\n<div id=\"attachment_125300\" style=\"width: 766px\" class=\"wp-caption alignnone\"><img decoding=\"async\" aria-describedby=\"caption-attachment-125300\" class=\"wp-image-125300 size-full\" src=\"https:\/\/folhadoleste.com.br\/wp-content\/uploads\/2025\/06\/motorista-morre-em-acidente-entre-onibus-carro-icarai-niteroi-e1748789311825.jpg\" alt=\"Acidente grave em Icara\u00ed, Niter\u00f3i: \u00f4nibus colide em carro e mata motorista\" width=\"756\" height=\"800\" \/><p id=\"caption-attachment-125300\" class=\"wp-caption-text\">\u00d4nibus da Via\u00e7\u00e3o Santo Ant\u00f4nio mata motorista de autom\u00f3vel ap\u00f3s colis\u00e3o em Icara\u00ed, na Zona Sul de Niter\u00f3i | Reprodu\u00e7\u00e3o<\/p><\/div>\n<p style=\"text-align: justify;\" data-start=\"253\" data-end=\"557\">Devido \u00e0 for\u00e7a do impacto, o \u00f4nibus arrastou o Audi e ainda derrubou o gradil de prote\u00e7\u00e3o de um edif\u00edcio residencial, assim como a cal\u00e7ada tamb\u00e9m sofreu danos. O ve\u00edculo de passeio ficou prensado pelo \u00f4nibus entre o gradil e o poste, que fica na esquina do cruzamento.<\/p>\n<p data-start=\"253\" data-end=\"557\"><a href=\"https:\/\/chat.whatsapp.com\/ItvWOvY08sCCpPxovKnYb6\"><img decoding=\"async\" class=\"aligncenter wp-image-109746 size-full\" src=\"https:\/\/folhadoleste.com.br\/wp-content\/uploads\/2025\/02\/WHATSAPP-FOLHA-DO-LESTE-600x200-1.png\" alt=\"\" width=\"600\" height=\"200\" \/><\/a><\/p>\n<p style=\"text-align: justify;\" data-start=\"253\" data-end=\"557\">Imagens produzidas em v\u00eddeo por testemunhas mostram a cena tr\u00e1gica, com\u00a0 o carro de luxo completamente destru\u00eddo.\u00a0A equipe do <strong data-start=\"843\" data-end=\"861\">Folha do Leste \u2014 em fase preliminar de apura\u00e7\u00e3o \u2014<\/strong> est\u00e1 apurando se o motorista do carro moraria no Cafub\u00e1, na Regi\u00e3o Oce\u00e2nica de Niter\u00f3i.<\/p>\n<h2 data-start=\"253\" data-end=\"557\">Din\u00e2mica sob investiga\u00e7\u00e3o<\/h2>\n<p style=\"text-align: justify;\" data-start=\"253\" data-end=\"557\">Uma pessoa, identificando-se como sua vizinha, afirmou por meio da rede social Facebook que a v\u00edtima se chamava Bruno. Al\u00e9m disso, que se tratava de morador do Cafub\u00e1. Entretanto, as autoridades ainda n\u00e3o divulgaram oficialmente a identidade da pessoa falecida. Quanto ao motorista do coletivo, ainda n\u00e3o h\u00e1 informa\u00e7\u00f5es acerta de sua identidade.<\/p>\n<p style=\"text-align: justify;\" data-start=\"1076\" data-end=\"1335\">Enquanto Policiais militares e agentes da NitTrans preservam o isolamento\u00a0 do local e o fluxo de tr\u00e2nsito, peritos da Pol\u00edcia Civil atuam. Eles v\u00e3o analisar, principalmente, a din\u00e2mica da trag\u00e9dia.<\/p>\n<h5 style=\"text-align: center;\"><span style=\"color: #000000;\"><span style=\"color: #ff0000;\"><strong>+ <\/strong><\/span><\/span><span style=\"color: #000000;\"><strong><span style=\"color: #ff9900;\">MAIS NOT\u00cdCIAS DE NITER\u00d3I?<\/span>\u00a0<\/strong><\/span><span style=\"color: #008080;\"><a style=\"color: #008080;\" href=\"https:\/\/folhadoleste.com.br\/en\/category\/jornal-folha-do-leste-rj\/niteroi\/\"><strong>CLIQUE AQUI<\/strong><\/a><\/span><\/h5>\n<p style=\"text-align: justify;\" data-start=\"1337\" data-end=\"1526\">Informa\u00e7\u00f5es preliminares indicam que, inicialmente, o Corpo de Bombeiros teria recebido um chamado com relato de colis\u00e3o com poste. Mas, ao chegar, encontrou o cen\u00e1rio de destrui\u00e7\u00e3o: o carro amassado sob a parte dianteira do coletivo.<\/p>\n<p style=\"text-align: justify;\" data-start=\"1528\" data-end=\"1776\">O Folha do Leste est\u00e1 em contato com as autoridades e institui\u00e7\u00f5es envolvidas no caso, ainda em busca de mais detalhes para melhor informar acerca deste caso.<\/p>\n<h5 style=\"text-align: center;\"><span style=\"color: #000000;\"><span style=\"color: #ff0000;\"><strong>+ <\/strong><\/span><\/span><span style=\"color: #000000;\"><strong><span style=\"color: #ff9900;\">MAIS NOT\u00cdCIAS DO LESTE FLUMINENSE?<\/span> <span style=\"color: #008080;\"><a style=\"color: #008080;\" href=\"https:\/\/folhadoleste.com.br\/en\/category\/jornal-folha-do-leste-rj\/\">CLIQUE AQUI<\/a><\/span><\/strong><\/span><\/h5>\n<p data-start=\"1528\" data-end=\"1776\"><a href=\"https:\/\/folhadoleste.com.br\/en\/category\/colunistas\/enzo-carvalho-tecnologia-e-inovacao\/\" target=\"_blank\" rel=\"noopener\"><img decoding=\"async\" src=\"https:\/\/folhadoleste.com.br\/wp-content\/uploads\/2025\/03\/Coluna-Enzo-Carvalho-720x240-1.gif\" alt=\"Coluna Tecnologia e Inova\u00e7\u00e3o, no portal de not\u00edcias Folha do Leste, com Enzo Carvalho\" width=\"720\" height=\"240\" \/><\/a><\/p>","protected":false},"excerpt":{"rendered":"<p>Um acidente de tr\u00e2nsito envolvendo um \u00f4nibus da linha 45 (Cubango), pertencente \u00e0 Via\u00e7\u00e3o Santo Ant\u00f4nio, e um Audi A1 teve como resultado a morte instant\u00e2nea do motorista do carro, na manh\u00e3 deste domingo (1\u00ba), em Icara\u00ed, Zona Sul de Niter\u00f3i. A colis\u00e3o aconteceu no cruzamento da Avenida Roberto Silveira com a Rua Lopes Trov\u00e3o, por volta das 6h. Pr\u00f3ximo dali, fica o parque mais frequentado de Niter\u00f3i aos domingos: o Campo de S\u00e3o Bento, do outro lado da rua. Devido \u00e0 for\u00e7a do impacto, o \u00f4nibus arrastou o Audi e ainda derrubou o gradil de prote\u00e7\u00e3o de um edif\u00edcio [&hellip;]<\/p>\n","protected":false},"author":4,"featured_media":125300,"comment_status":"open","ping_status":"open","sticky":false,"template":"","format":"video","meta":{"footnotes":""},"categories":[47,5],"tags":[78675,78676,78679,45914,30725,56453,78677,2711,78678,8683],"class_list":["post-125289","post","type-post","status-publish","format-video","has-post-thumbnail","hentry","category-leste-fluminense","category-noticias-de-niteroi","tag-acidente-em-icarai","tag-audi-a1","tag-batida-em-cruzamento","tag-colisao-fatal","tag-morte-em-acidente","tag-niteroi-hoje","tag-onibus-linha-45","tag-roberto-silveira","tag-rua-lopes-trovao","tag-zona-sul-de-niteroi","post_format-post-format-video","post--single"],"yoast_head":"<!-- This site is optimized with the Yoast SEO plugin v27.4 - https:\/\/yoast.com\/product\/yoast-seo-wordpress\/ -->\n<title>Acidente grave em Icara\u00ed, Niter\u00f3i: \u00f4nibus colide em carro e mata motorista<\/title>\n<meta name=\"description\" content=\"Acidente grave em Icara\u00ed, Niter\u00f3i: \u00f4nibus colide em carro e mata motorista \u2014 V\u00cdDEO. Trag\u00e9dia ocorreu pr\u00f3ximo ao Campo de S\u00e3o Bento\" \/>\n<meta name=\"robots\" content=\"index, follow, max-snippet:-1, max-image-preview:large, max-video-preview:-1\" \/>\n<link rel=\"canonical\" href=\"https:\/\/folhadoleste.com.br\/en\/acidente-em-icarai-niteroi-onibus-esmaga-carro-e-mata-motorista\/\" \/>\n<meta property=\"og:locale\" content=\"en_US\" \/>\n<meta property=\"og:type\" content=\"article\" \/>\n<meta property=\"og:title\" content=\"Acidente grave em Icara\u00ed, Niter\u00f3i: \u00f4nibus colide em carro e mata motorista\" \/>\n<meta property=\"og:description\" content=\"Acidente grave em Icara\u00ed, Niter\u00f3i: \u00f4nibus colide em carro e mata motorista \u2014 V\u00cdDEO. Trag\u00e9dia ocorreu pr\u00f3ximo ao Campo de S\u00e3o Bento\" \/>\n<meta property=\"og:url\" content=\"https:\/\/folhadoleste.com.br\/en\/acidente-em-icarai-niteroi-onibus-esmaga-carro-e-mata-motorista\/\" \/>\n<meta property=\"og:site_name\" content=\"Folha do Leste\" \/>\n<meta property=\"article:publisher\" content=\"https:\/\/www.facebook.com\/folhadoleste\" \/>\n<meta property=\"article:published_time\" content=\"2025-06-01T14:54:16+00:00\" \/>\n<meta property=\"article:modified_time\" content=\"2025-06-01T15:10:55+00:00\" \/>\n<meta property=\"og:image\" content=\"https:\/\/folhadoleste.com.br\/wp-content\/uploads\/2025\/06\/Acidente-grave-onibus-esmaga-carro-e-mata-motorista-em-Niteroi.jpg\" \/>\n\t<meta property=\"og:image:width\" content=\"1300\" \/>\n\t<meta property=\"og:image:height\" content=\"700\" \/>\n\t<meta property=\"og:image:type\" content=\"image\/jpeg\" \/>\n<meta name=\"author\" content=\"Folha do Leste\" \/>\n<meta name=\"twitter:card\" content=\"summary_large_image\" \/>\n<meta name=\"twitter:creator\" content=\"@FolhadoLesteRJ\" \/>\n<meta name=\"twitter:site\" content=\"@FolhadoLesteRJ\" \/>\n<meta name=\"twitter:label1\" content=\"Written by\" \/>\n\t<meta name=\"twitter:data1\" content=\"Folha do Leste\" \/>\n\t<meta name=\"twitter:label2\" content=\"Est. reading time\" \/>\n\t<meta name=\"twitter:data2\" content=\"3 minutes\" \/>\n<script type=\"application\/ld+json\" class=\"yoast-schema-graph\">{\"@context\":\"https:\\\/\\\/schema.org\",\"@graph\":[{\"@type\":\"NewsArticle\",\"@id\":\"https:\\\/\\\/folhadoleste.com.br\\\/acidente-em-icarai-niteroi-onibus-esmaga-carro-e-mata-motorista\\\/#article\",\"isPartOf\":{\"@id\":\"https:\\\/\\\/folhadoleste.com.br\\\/acidente-em-icarai-niteroi-onibus-esmaga-carro-e-mata-motorista\\\/\"},\"author\":{\"name\":\"Folha do Leste\",\"@id\":\"https:\\\/\\\/folhadoleste.com.br\\\/#\\\/schema\\\/person\\\/3e97145b2e1861276e84471aa85a3899\"},\"headline\":\"Acidente grave em Icara\u00ed, Niter\u00f3i: \u00f4nibus colide em carro e mata motorista \u2014 V\u00cdDEO\",\"datePublished\":\"2025-06-01T14:54:16+00:00\",\"dateModified\":\"2025-06-01T15:10:55+00:00\",\"mainEntityOfPage\":{\"@id\":\"https:\\\/\\\/folhadoleste.com.br\\\/acidente-em-icarai-niteroi-onibus-esmaga-carro-e-mata-motorista\\\/\"},\"wordCount\":442,\"commentCount\":0,\"publisher\":{\"@id\":\"https:\\\/\\\/folhadoleste.com.br\\\/#organization\"},\"image\":{\"@id\":\"https:\\\/\\\/folhadoleste.com.br\\\/acidente-em-icarai-niteroi-onibus-esmaga-carro-e-mata-motorista\\\/#primaryimage\"},\"thumbnailUrl\":\"https:\\\/\\\/folhadoleste.com.br\\\/wp-content\\\/uploads\\\/2025\\\/06\\\/motorista-morre-em-acidente-entre-onibus-carro-icarai-niteroi-e1748789311825.jpg\",\"keywords\":[\"acidente em Icara\u00ed\",\"Audi A1\",\"batida em cruzamento\",\"colis\u00e3o fatal\",\"Morte em acidente\",\"Niter\u00f3i hoje\",\"\u00f4nibus linha 45\",\"Roberto Silveira\",\"Rua Lopes Trov\u00e3o\",\"Zona Sul de Niter\u00f3i\"],\"articleSection\":[\"Leste Fluminense\",\"Niter\u00f3i\"],\"inLanguage\":\"en-US\",\"potentialAction\":[{\"@type\":\"CommentAction\",\"name\":\"Comment\",\"target\":[\"https:\\\/\\\/folhadoleste.com.br\\\/acidente-em-icarai-niteroi-onibus-esmaga-carro-e-mata-motorista\\\/#respond\"]}]},{\"@type\":\"WebPage\",\"@id\":\"https:\\\/\\\/folhadoleste.com.br\\\/acidente-em-icarai-niteroi-onibus-esmaga-carro-e-mata-motorista\\\/\",\"url\":\"https:\\\/\\\/folhadoleste.com.br\\\/acidente-em-icarai-niteroi-onibus-esmaga-carro-e-mata-motorista\\\/\",\"name\":\"Acidente grave em Icara\u00ed, Niter\u00f3i: \u00f4nibus colide em carro e mata motorista\",\"isPartOf\":{\"@id\":\"https:\\\/\\\/folhadoleste.com.br\\\/#website\"},\"primaryImageOfPage\":{\"@id\":\"https:\\\/\\\/folhadoleste.com.br\\\/acidente-em-icarai-niteroi-onibus-esmaga-carro-e-mata-motorista\\\/#primaryimage\"},\"image\":{\"@id\":\"https:\\\/\\\/folhadoleste.com.br\\\/acidente-em-icarai-niteroi-onibus-esmaga-carro-e-mata-motorista\\\/#primaryimage\"},\"thumbnailUrl\":\"https:\\\/\\\/folhadoleste.com.br\\\/wp-content\\\/uploads\\\/2025\\\/06\\\/motorista-morre-em-acidente-entre-onibus-carro-icarai-niteroi-e1748789311825.jpg\",\"datePublished\":\"2025-06-01T14:54:16+00:00\",\"dateModified\":\"2025-06-01T15:10:55+00:00\",\"description\":\"Acidente grave em Icara\u00ed, Niter\u00f3i: \u00f4nibus colide em carro e mata motorista \u2014 V\u00cdDEO. Trag\u00e9dia ocorreu pr\u00f3ximo ao Campo de S\u00e3o Bento\",\"breadcrumb\":{\"@id\":\"https:\\\/\\\/folhadoleste.com.br\\\/acidente-em-icarai-niteroi-onibus-esmaga-carro-e-mata-motorista\\\/#breadcrumb\"},\"inLanguage\":\"en-US\",\"potentialAction\":[{\"@type\":\"ReadAction\",\"target\":[\"https:\\\/\\\/folhadoleste.com.br\\\/acidente-em-icarai-niteroi-onibus-esmaga-carro-e-mata-motorista\\\/\"]}]},{\"@type\":\"ImageObject\",\"inLanguage\":\"en-US\",\"@id\":\"https:\\\/\\\/folhadoleste.com.br\\\/acidente-em-icarai-niteroi-onibus-esmaga-carro-e-mata-motorista\\\/#primaryimage\",\"url\":\"https:\\\/\\\/folhadoleste.com.br\\\/wp-content\\\/uploads\\\/2025\\\/06\\\/motorista-morre-em-acidente-entre-onibus-carro-icarai-niteroi-e1748789311825.jpg\",\"contentUrl\":\"https:\\\/\\\/folhadoleste.com.br\\\/wp-content\\\/uploads\\\/2025\\\/06\\\/motorista-morre-em-acidente-entre-onibus-carro-icarai-niteroi-e1748789311825.jpg\",\"width\":756,\"height\":800,\"caption\":\"Acidente grave em Icara\u00ed, Niter\u00f3i: \u00f4nibus colide em carro e mata motorista\"},{\"@type\":\"BreadcrumbList\",\"@id\":\"https:\\\/\\\/folhadoleste.com.br\\\/acidente-em-icarai-niteroi-onibus-esmaga-carro-e-mata-motorista\\\/#breadcrumb\",\"itemListElement\":[{\"@type\":\"ListItem\",\"position\":1,\"name\":\"In\u00edcio\",\"item\":\"https:\\\/\\\/folhadoleste.com.br\\\/\"},{\"@type\":\"ListItem\",\"position\":2,\"name\":\"Estado do Rio de Janeiro\",\"item\":\"https:\\\/\\\/folhadoleste.com.br\\\/category\\\/estado-do-rio-de-janeiro\\\/\"},{\"@type\":\"ListItem\",\"position\":3,\"name\":\"Leste Fluminense\",\"item\":\"https:\\\/\\\/folhadoleste.com.br\\\/category\\\/estado-do-rio-de-janeiro\\\/leste-fluminense\\\/\"},{\"@type\":\"ListItem\",\"position\":4,\"name\":\"Acidente grave em Icara\u00ed, Niter\u00f3i: \u00f4nibus colide em carro e mata motorista \u2014 V\u00cdDEO\"}]},{\"@type\":\"WebSite\",\"@id\":\"https:\\\/\\\/folhadoleste.com.br\\\/#website\",\"url\":\"https:\\\/\\\/folhadoleste.com.br\\\/\",\"name\":\"Folha do Leste\",\"description\":\"Portal de Not\u00edcias com \u00eanfase em Niter\u00f3i, criando conte\u00fados desde a capital Rio de Janeiro, com olhar para o Leste Fluminense e suas cidades como S\u00e3o Gon\u00e7alo, Itabora\u00ed, Rio Bonito, Maric\u00e1, Saquarema e Araruama\",\"publisher\":{\"@id\":\"https:\\\/\\\/folhadoleste.com.br\\\/#organization\"},\"alternateName\":\"FL\",\"potentialAction\":[{\"@type\":\"SearchAction\",\"target\":{\"@type\":\"EntryPoint\",\"urlTemplate\":\"https:\\\/\\\/folhadoleste.com.br\\\/?s={search_term_string}\"},\"query-input\":{\"@type\":\"PropertyValueSpecification\",\"valueRequired\":true,\"valueName\":\"search_term_string\"}}],\"inLanguage\":\"en-US\"},{\"@type\":\"Organization\",\"@id\":\"https:\\\/\\\/folhadoleste.com.br\\\/#organization\",\"name\":\"Brasil 21 Comunica\u00e7\u00e3o\",\"alternateName\":\"BR21\",\"url\":\"https:\\\/\\\/folhadoleste.com.br\\\/\",\"logo\":{\"@type\":\"ImageObject\",\"inLanguage\":\"en-US\",\"@id\":\"https:\\\/\\\/folhadoleste.com.br\\\/#\\\/schema\\\/logo\\\/image\\\/\",\"url\":\"https:\\\/\\\/folhadoleste.com.br\\\/wp-content\\\/uploads\\\/2025\\\/12\\\/brasil-21-logomarca.avif\",\"contentUrl\":\"https:\\\/\\\/folhadoleste.com.br\\\/wp-content\\\/uploads\\\/2025\\\/12\\\/brasil-21-logomarca.avif\",\"width\":1044,\"height\":1044,\"caption\":\"Brasil 21 Comunica\u00e7\u00e3o\"},\"image\":{\"@id\":\"https:\\\/\\\/folhadoleste.com.br\\\/#\\\/schema\\\/logo\\\/image\\\/\"},\"sameAs\":[\"https:\\\/\\\/www.facebook.com\\\/folhadoleste\",\"https:\\\/\\\/x.com\\\/FolhadoLesteRJ\",\"https:\\\/\\\/www.instagram.com\\\/folhadoleste\\\/\"]},{\"@type\":\"Person\",\"@id\":\"https:\\\/\\\/folhadoleste.com.br\\\/#\\\/schema\\\/person\\\/3e97145b2e1861276e84471aa85a3899\",\"name\":\"Folha do Leste\",\"image\":{\"@type\":\"ImageObject\",\"inLanguage\":\"en-US\",\"@id\":\"https:\\\/\\\/folhadoleste.com.br\\\/wp-content\\\/litespeed\\\/avatar\\\/1ca8c218432e7045e748610eb3db0259.jpg?ver=1777161142\",\"url\":\"https:\\\/\\\/folhadoleste.com.br\\\/wp-content\\\/litespeed\\\/avatar\\\/1ca8c218432e7045e748610eb3db0259.jpg?ver=1777161142\",\"contentUrl\":\"https:\\\/\\\/folhadoleste.com.br\\\/wp-content\\\/litespeed\\\/avatar\\\/1ca8c218432e7045e748610eb3db0259.jpg?ver=1777161142\",\"caption\":\"Folha do Leste\"},\"url\":\"https:\\\/\\\/folhadoleste.com.br\\\/en\\\/author\\\/reportagem-01\\\/\"}]}<\/script>\n<!-- \/ Yoast SEO plugin. -->","yoast_head_json":{"title":"Acidente grave em Icara\u00ed, Niter\u00f3i: \u00f4nibus colide em carro e mata motorista","description":"Acidente grave em Icara\u00ed, Niter\u00f3i: \u00f4nibus colide em carro e mata motorista \u2014 V\u00cdDEO. Trag\u00e9dia ocorreu pr\u00f3ximo ao Campo de S\u00e3o Bento","robots":{"index":"index","follow":"follow","max-snippet":"max-snippet:-1","max-image-preview":"max-image-preview:large","max-video-preview":"max-video-preview:-1"},"canonical":"https:\/\/folhadoleste.com.br\/en\/acidente-em-icarai-niteroi-onibus-esmaga-carro-e-mata-motorista\/","og_locale":"en_US","og_type":"article","og_title":"Acidente grave em Icara\u00ed, Niter\u00f3i: \u00f4nibus colide em carro e mata motorista","og_description":"Acidente grave em Icara\u00ed, Niter\u00f3i: \u00f4nibus colide em carro e mata motorista \u2014 V\u00cdDEO. Trag\u00e9dia ocorreu pr\u00f3ximo ao Campo de S\u00e3o Bento","og_url":"https:\/\/folhadoleste.com.br\/en\/acidente-em-icarai-niteroi-onibus-esmaga-carro-e-mata-motorista\/","og_site_name":"Folha do Leste","article_publisher":"https:\/\/www.facebook.com\/folhadoleste","article_published_time":"2025-06-01T14:54:16+00:00","article_modified_time":"2025-06-01T15:10:55+00:00","og_image":[{"width":1300,"height":700,"url":"https:\/\/folhadoleste.com.br\/wp-content\/uploads\/2025\/06\/Acidente-grave-onibus-esmaga-carro-e-mata-motorista-em-Niteroi.jpg","type":"image\/jpeg"}],"author":"Folha do Leste","twitter_card":"summary_large_image","twitter_creator":"@FolhadoLesteRJ","twitter_site":"@FolhadoLesteRJ","twitter_misc":{"Written by":"Folha do Leste","Est. reading time":"3 minutes"},"schema":{"@context":"https:\/\/schema.org","@graph":[{"@type":"NewsArticle","@id":"https:\/\/folhadoleste.com.br\/acidente-em-icarai-niteroi-onibus-esmaga-carro-e-mata-motorista\/#article","isPartOf":{"@id":"https:\/\/folhadoleste.com.br\/acidente-em-icarai-niteroi-onibus-esmaga-carro-e-mata-motorista\/"},"author":{"name":"Folha do Leste","@id":"https:\/\/folhadoleste.com.br\/#\/schema\/person\/3e97145b2e1861276e84471aa85a3899"},"headline":"Acidente grave em Icara\u00ed, Niter\u00f3i: \u00f4nibus colide em carro e mata motorista \u2014 V\u00cdDEO","datePublished":"2025-06-01T14:54:16+00:00","dateModified":"2025-06-01T15:10:55+00:00","mainEntityOfPage":{"@id":"https:\/\/folhadoleste.com.br\/acidente-em-icarai-niteroi-onibus-esmaga-carro-e-mata-motorista\/"},"wordCount":442,"commentCount":0,"publisher":{"@id":"https:\/\/folhadoleste.com.br\/#organization"},"image":{"@id":"https:\/\/folhadoleste.com.br\/acidente-em-icarai-niteroi-onibus-esmaga-carro-e-mata-motorista\/#primaryimage"},"thumbnailUrl":"https:\/\/folhadoleste.com.br\/wp-content\/uploads\/2025\/06\/motorista-morre-em-acidente-entre-onibus-carro-icarai-niteroi-e1748789311825.jpg","keywords":["acidente em Icara\u00ed","Audi A1","batida em cruzamento","colis\u00e3o fatal","Morte em acidente","Niter\u00f3i hoje","\u00f4nibus linha 45","Roberto Silveira","Rua Lopes Trov\u00e3o","Zona Sul de Niter\u00f3i"],"articleSection":["Leste Fluminense","Niter\u00f3i"],"inLanguage":"en-US","potentialAction":[{"@type":"CommentAction","name":"Comment","target":["https:\/\/folhadoleste.com.br\/acidente-em-icarai-niteroi-onibus-esmaga-carro-e-mata-motorista\/#respond"]}]},{"@type":"WebPage","@id":"https:\/\/folhadoleste.com.br\/acidente-em-icarai-niteroi-onibus-esmaga-carro-e-mata-motorista\/","url":"https:\/\/folhadoleste.com.br\/acidente-em-icarai-niteroi-onibus-esmaga-carro-e-mata-motorista\/","name":"Acidente grave em Icara\u00ed, Niter\u00f3i: \u00f4nibus colide em carro e mata motorista","isPartOf":{"@id":"https:\/\/folhadoleste.com.br\/#website"},"primaryImageOfPage":{"@id":"https:\/\/folhadoleste.com.br\/acidente-em-icarai-niteroi-onibus-esmaga-carro-e-mata-motorista\/#primaryimage"},"image":{"@id":"https:\/\/folhadoleste.com.br\/acidente-em-icarai-niteroi-onibus-esmaga-carro-e-mata-motorista\/#primaryimage"},"thumbnailUrl":"https:\/\/folhadoleste.com.br\/wp-content\/uploads\/2025\/06\/motorista-morre-em-acidente-entre-onibus-carro-icarai-niteroi-e1748789311825.jpg","datePublished":"2025-06-01T14:54:16+00:00","dateModified":"2025-06-01T15:10:55+00:00","description":"Acidente grave em Icara\u00ed, Niter\u00f3i: \u00f4nibus colide em carro e mata motorista \u2014 V\u00cdDEO. Trag\u00e9dia ocorreu pr\u00f3ximo ao Campo de S\u00e3o Bento","breadcrumb":{"@id":"https:\/\/folhadoleste.com.br\/acidente-em-icarai-niteroi-onibus-esmaga-carro-e-mata-motorista\/#breadcrumb"},"inLanguage":"en-US","potentialAction":[{"@type":"ReadAction","target":["https:\/\/folhadoleste.com.br\/acidente-em-icarai-niteroi-onibus-esmaga-carro-e-mata-motorista\/"]}]},{"@type":"ImageObject","inLanguage":"en-US","@id":"https:\/\/folhadoleste.com.br\/acidente-em-icarai-niteroi-onibus-esmaga-carro-e-mata-motorista\/#primaryimage","url":"https:\/\/folhadoleste.com.br\/wp-content\/uploads\/2025\/06\/motorista-morre-em-acidente-entre-onibus-carro-icarai-niteroi-e1748789311825.jpg","contentUrl":"https:\/\/folhadoleste.com.br\/wp-content\/uploads\/2025\/06\/motorista-morre-em-acidente-entre-onibus-carro-icarai-niteroi-e1748789311825.jpg","width":756,"height":800,"caption":"Acidente grave em Icara\u00ed, Niter\u00f3i: \u00f4nibus colide em carro e mata motorista"},{"@type":"BreadcrumbList","@id":"https:\/\/folhadoleste.com.br\/acidente-em-icarai-niteroi-onibus-esmaga-carro-e-mata-motorista\/#breadcrumb","itemListElement":[{"@type":"ListItem","position":1,"name":"In\u00edcio","item":"https:\/\/folhadoleste.com.br\/"},{"@type":"ListItem","position":2,"name":"Estado do Rio de Janeiro","item":"https:\/\/folhadoleste.com.br\/category\/estado-do-rio-de-janeiro\/"},{"@type":"ListItem","position":3,"name":"Leste Fluminense","item":"https:\/\/folhadoleste.com.br\/category\/estado-do-rio-de-janeiro\/leste-fluminense\/"},{"@type":"ListItem","position":4,"name":"Acidente grave em Icara\u00ed, Niter\u00f3i: \u00f4nibus colide em carro e mata motorista \u2014 V\u00cdDEO"}]},{"@type":"WebSite","@id":"https:\/\/folhadoleste.com.br\/#website","url":"https:\/\/folhadoleste.com.br\/","name":"Folha do Leste","description":"Portal de Not\u00edcias com \u00eanfase em Niter\u00f3i, criando conte\u00fados desde a capital Rio de Janeiro, com olhar para o Leste Fluminense e suas cidades como S\u00e3o Gon\u00e7alo, Itabora\u00ed, Rio Bonito, Maric\u00e1, Saquarema e Araruama","publisher":{"@id":"https:\/\/folhadoleste.com.br\/#organization"},"alternateName":"FL","potentialAction":[{"@type":"SearchAction","target":{"@type":"EntryPoint","urlTemplate":"https:\/\/folhadoleste.com.br\/?s={search_term_string}"},"query-input":{"@type":"PropertyValueSpecification","valueRequired":true,"valueName":"search_term_string"}}],"inLanguage":"en-US"},{"@type":"Organization","@id":"https:\/\/folhadoleste.com.br\/#organization","name":"Brasil 21 Comunica\u00e7\u00e3o","alternateName":"BR21","url":"https:\/\/folhadoleste.com.br\/","logo":{"@type":"ImageObject","inLanguage":"en-US","@id":"https:\/\/folhadoleste.com.br\/#\/schema\/logo\/image\/","url":"https:\/\/folhadoleste.com.br\/wp-content\/uploads\/2025\/12\/brasil-21-logomarca.avif","contentUrl":"https:\/\/folhadoleste.com.br\/wp-content\/uploads\/2025\/12\/brasil-21-logomarca.avif","width":1044,"height":1044,"caption":"Brasil 21 Comunica\u00e7\u00e3o"},"image":{"@id":"https:\/\/folhadoleste.com.br\/#\/schema\/logo\/image\/"},"sameAs":["https:\/\/www.facebook.com\/folhadoleste","https:\/\/x.com\/FolhadoLesteRJ","https:\/\/www.instagram.com\/folhadoleste\/"]},{"@type":"Person","@id":"https:\/\/folhadoleste.com.br\/#\/schema\/person\/3e97145b2e1861276e84471aa85a3899","name":"Folha do Leste","image":{"@type":"ImageObject","inLanguage":"en-US","@id":"https:\/\/folhadoleste.com.br\/wp-content\/litespeed\/avatar\/1ca8c218432e7045e748610eb3db0259.jpg?ver=1777161142","url":"https:\/\/folhadoleste.com.br\/wp-content\/litespeed\/avatar\/1ca8c218432e7045e748610eb3db0259.jpg?ver=1777161142","contentUrl":"https:\/\/folhadoleste.com.br\/wp-content\/litespeed\/avatar\/1ca8c218432e7045e748610eb3db0259.jpg?ver=1777161142","caption":"Folha do Leste"},"url":"https:\/\/folhadoleste.com.br\/en\/author\/reportagem-01\/"}]}},"_links":{"self":[{"href":"https:\/\/folhadoleste.com.br\/en\/wp-json\/wp\/v2\/posts\/125289","targetHints":{"allow":["GET"]}}],"collection":[{"href":"https:\/\/folhadoleste.com.br\/en\/wp-json\/wp\/v2\/posts"}],"about":[{"href":"https:\/\/folhadoleste.com.br\/en\/wp-json\/wp\/v2\/types\/post"}],"author":[{"embeddable":true,"href":"https:\/\/folhadoleste.com.br\/en\/wp-json\/wp\/v2\/users\/4"}],"replies":[{"embeddable":true,"href":"https:\/\/folhadoleste.com.br\/en\/wp-json\/wp\/v2\/comments?post=125289"}],"version-history":[{"count":5,"href":"https:\/\/folhadoleste.com.br\/en\/wp-json\/wp\/v2\/posts\/125289\/revisions"}],"predecessor-version":[{"id":125309,"href":"https:\/\/folhadoleste.com.br\/en\/wp-json\/wp\/v2\/posts\/125289\/revisions\/125309"}],"wp:featuredmedia":[{"embeddable":true,"href":"https:\/\/folhadoleste.com.br\/en\/wp-json\/wp\/v2\/media\/125300"}],"wp:attachment":[{"href":"https:\/\/folhadoleste.com.br\/en\/wp-json\/wp\/v2\/media?parent=125289"}],"wp:term":[{"taxonomy":"category","embeddable":true,"href":"https:\/\/folhadoleste.com.br\/en\/wp-json\/wp\/v2\/categories?post=125289"},{"taxonomy":"post_tag","embeddable":true,"href":"https:\/\/folhadoleste.com.br\/en\/wp-json\/wp\/v2\/tags?post=125289"}],"curies":[{"name":"wp","href":"https:\/\/api.w.org\/{rel}","templated":true}]}}