{"id":125036,"date":"2025-05-30T14:31:14","date_gmt":"2025-05-30T17:31:14","guid":{"rendered":"https:\/\/folhadoleste.com.br\/?p=125036"},"modified":"2025-05-30T14:31:14","modified_gmt":"2025-05-30T17:31:14","slug":"consumo-cresce-abril-cesta-basica-em-alta","status":"publish","type":"post","link":"https:\/\/folhadoleste.com.br\/en\/consumo-cresce-abril-cesta-basica-em-alta\/","title":{"rendered":"Alta nos pre\u00e7os acompanha crescimento do consumo de alimentos em abril, segundo Abras"},"content":{"rendered":"<div id=\"attachment_125045\" style=\"width: 760px\" class=\"wp-caption aligncenter\"><img decoding=\"async\" aria-describedby=\"caption-attachment-125045\" class=\"size-full wp-image-125045\" src=\"https:\/\/folhadoleste.com.br\/wp-content\/uploads\/2025\/05\/Alta-nos-precos-acompanha-crescimento-do-consumo-de-alimentos-em-abril-segundo-Abras-Foto-Reproducao-Freepik.jpeg\" alt=\"Consumidores fazendo compras em supermercado com prateleiras de alimentos\" width=\"750\" height=\"500\" \/><p id=\"caption-attachment-125045\" class=\"wp-caption-text\">Consumo cresceu em abril, mas pre\u00e7os da cesta b\u00e1sica tamb\u00e9m aumentaram | Reprodu\u00e7\u00e3o\/Freepik<\/p><\/div>\n<p style=\"text-align: justify;\">Com mais comida no carrinho, veio tamb\u00e9m mais peso no bolso: a cesta b\u00e1sica acumula alta de 13,38% em 12 meses. Em abril, o consumo de alimentos cresceu 1,25% na compara\u00e7\u00e3o com mar\u00e7o, segundo balan\u00e7o da Associa\u00e7\u00e3o Brasileira de Supermercados (Abras). Na compara\u00e7\u00e3o com abril do ano passado, a alta foi de 2,63%.<\/p>\n<p style=\"text-align: justify;\">O bom desempenho, segundo a entidade, tem nome e sobrenome: transfer\u00eancia de renda. O Bolsa Fam\u00edlia, o aux\u00edlio g\u00e1s e o abono do PIS\/Pasep, juntos, injetaram mais de R$ 14 bilh\u00f5es na economia e impulsionaram as vendas no setor.<\/p>\n<h5><a href=\"https:\/\/chat.whatsapp.com\/ItvWOvY08sCCpPxovKnYb6\"><img decoding=\"async\" class=\"aligncenter wp-image-109746 size-full\" src=\"https:\/\/folhadoleste.com.br\/wp-content\/uploads\/2025\/02\/WHATSAPP-FOLHA-DO-LESTE-600x200-1.png\" alt=\"\" width=\"600\" height=\"200\" \/><\/a><\/h5>\n<p style=\"text-align: justify;\">Tamb\u00e9m pesou no resultado o in\u00edcio do pagamento antecipado do 13\u00ba sal\u00e1rio para segurados do INSS. A primeira parcela, com impacto esperado nos dados de maio, j\u00e1 movimentou cerca de R$ 70 bilh\u00f5es.<\/p>\n<p style=\"text-align: justify;\">Com isso, o consumo dos lares acumula alta de 2,52% neste ano. O resultado de abril foi modesto, puxado pela P\u00e1scoa, mas ofuscado pela base forte de mar\u00e7o, quando o avan\u00e7o foi de 6,96%.<\/p>\n<blockquote>\n<p style=\"text-align: justify;\">\u201cApesar do crescimento aparentemente t\u00edmido, o impacto da P\u00e1scoa foi significativo: na semana da data, o consumo saltou 16,5%\u201d, avaliou o vice-presidente da Abras, Marcio Milan.<\/p>\n<\/blockquote>\n<h3 style=\"text-align: justify;\"><em>Cesta b\u00e1sica acumula alta de 13,38%<\/em><\/h3>\n<p style=\"text-align: justify;\">O levantamento da Abras aponta que os pre\u00e7os tamb\u00e9m subiram. A cesta ampliada, com 35 itens, ficou 0,82% mais cara em abril, passando de R$ 812,54 para R$ 819,20. No acumulado de 12 meses, o aumento chega a 10,83%.<\/p>\n<p style=\"text-align: justify;\">J\u00e1 a cesta nacional de alimentos b\u00e1sicos, composta por 12 produtos essenciais, teve alta de 0,32% no m\u00eas, subindo para R$ 352,55. Em 12 meses, a infla\u00e7\u00e3o desse grupo chegou a 13,38%, puxada por produtos como batata (+18,29%), tomate (+14,32%) e caf\u00e9 torrado (+4,48%).<\/p>\n<h5 style=\"text-align: center;\"><span style=\"color: #000000;\"><span style=\"color: #ff0000;\"><strong>+ <\/strong><\/span><\/span><span style=\"color: #000000;\"><strong><span style=\"color: #ff9900;\">MAIS NOT\u00cdCIAS DO BRASIL?<\/span> <span style=\"color: #008080;\"><a style=\"color: #008080;\" href=\"https:\/\/folhadoleste.com.br\/en\/category\/brasil\/\">CLIQUE AQUI<\/a><\/span><\/strong><\/span><\/h5>\n<p style=\"text-align: justify;\">Outros itens que pressionaram o \u00edndice incluem o feij\u00e3o (+2,38%) e o leite longa vida (+1,71%). Em contrapartida, o arroz (-4,19%), a farinha de mandioca (-1,91%) e o \u00f3leo de soja (-0,97%) ficaram mais baratos.<\/p>\n<p style=\"text-align: justify;\">As prote\u00ednas animais pouco variaram, com destaque para a queda nos pre\u00e7os dos ovos (-1,29%). J\u00e1 o grupo de higiene e limpeza teve alta generalizada, com aumentos em produtos como xampu (+1,11%), papel higi\u00eanico (+0,63%) e \u00e1gua sanit\u00e1ria (+1,29%).<\/p>\n<h3 style=\"text-align: justify;\"><em>Sul tem a cesta mais cara<\/em><\/h3>\n<p style=\"text-align: justify;\">A Regi\u00e3o Sul lidera o ranking de pre\u00e7os, com a cesta ampliada chegando a R$ 902,09. Apesar disso, os maiores aumentos proporcionais vieram das regi\u00f5es Norte e Centro-Oeste, ambas com alta de 0,96%.<\/p>\n<p style=\"text-align: justify;\">No Sudeste, a alta foi de 0,68%, com valor m\u00e9dio de R$ 837,59. No Nordeste, a cesta passou de R$ 723,43 para R$ 729,09 (+0,78%).<\/p>\n<p><a href=\"https:\/\/folhadoleste.com.br\/en\/vida\/\"><img decoding=\"async\" class=\"aligncenter wp-image-113547 size-full\" src=\"https:\/\/folhadoleste.com.br\/wp-content\/uploads\/2025\/03\/Sinteses-da-Vida.png\" alt=\"\" width=\"1800\" height=\"600\" \/><\/a><\/p>\n<p><a href=\"https:\/\/www.instagram.com\/folhadoleste\/\"><img decoding=\"async\" class=\"aligncenter wp-image-109748 size-medium\" src=\"https:\/\/folhadoleste.com.br\/wp-content\/uploads\/2025\/02\/Instagram-Folha-do-Leste-Widget-300x100.png\" alt=\"\" width=\"300\" height=\"100\" \/><\/a><\/p>\n<p><a href=\"https:\/\/facebook.com\/folhadoleste\"><img decoding=\"async\" class=\"aligncenter wp-image-109735 size-medium\" src=\"https:\/\/folhadoleste.com.br\/wp-content\/uploads\/2025\/02\/ANUNCIO-FACEBOOK-FOLHA-DO-LESTE-300x300.png\" alt=\"\" width=\"300\" height=\"300\" \/><\/a><\/p>","protected":false},"excerpt":{"rendered":"<p>Com mais comida no carrinho, veio tamb\u00e9m mais peso no bolso: a cesta b\u00e1sica acumula alta de 13,38% em 12 meses. Em abril, o consumo de alimentos cresceu 1,25% na compara\u00e7\u00e3o com mar\u00e7o, segundo balan\u00e7o da Associa\u00e7\u00e3o Brasileira de Supermercados (Abras). Na compara\u00e7\u00e3o com abril do ano passado, a alta foi de 2,63%. O bom desempenho, segundo a entidade, tem nome e sobrenome: transfer\u00eancia de renda. O Bolsa Fam\u00edlia, o aux\u00edlio g\u00e1s e o abono do PIS\/Pasep, juntos, injetaram mais de R$ 14 bilh\u00f5es na economia e impulsionaram as vendas no setor. Tamb\u00e9m pesou no resultado o in\u00edcio do pagamento [&hellip;]<\/p>\n","protected":false},"author":5,"featured_media":125045,"comment_status":"open","ping_status":"open","sticky":false,"template":"","format":"standard","meta":{"footnotes":""},"categories":[64,145],"tags":[8407,8354,1049,68,883,5187,188,63354,533,899,436,448],"class_list":["post-125036","post","type-post","status-publish","format-standard","has-post-thumbnail","hentry","category-brasil","category-economia","tag-abras","tag-alimentos","tag-bolsa-familia","tag-brasil","tag-cesta-basica","tag-consumo","tag-economia","tag-economia-domestica","tag-inflacao","tag-inss","tag-pascoa","tag-supermercados","post--single"],"yoast_head":"<!-- This site is optimized with the Yoast SEO plugin v27.4 - https:\/\/yoast.com\/product\/yoast-seo-wordpress\/ -->\n<title>Consumo cresce em abril e cesta b\u00e1sica acumula alta de 13,38%<\/title>\n<meta name=\"description\" content=\"Setor de alimentos teve alta no consumo e nos pre\u00e7os em abril. Cesta b\u00e1sica sobe 13,38% em 12 meses, diz Abras.\" \/>\n<meta name=\"robots\" content=\"index, follow, max-snippet:-1, max-image-preview:large, max-video-preview:-1\" \/>\n<link rel=\"canonical\" href=\"https:\/\/folhadoleste.com.br\/en\/consumo-cresce-abril-cesta-basica-em-alta\/\" \/>\n<meta property=\"og:locale\" content=\"en_US\" \/>\n<meta property=\"og:type\" content=\"article\" \/>\n<meta property=\"og:title\" content=\"Consumo cresce em abril e cesta b\u00e1sica acumula alta de 13,38%\" \/>\n<meta property=\"og:description\" content=\"Setor de alimentos teve alta no consumo e nos pre\u00e7os em abril. Cesta b\u00e1sica sobe 13,38% em 12 meses, diz Abras.\" \/>\n<meta property=\"og:url\" content=\"https:\/\/folhadoleste.com.br\/en\/consumo-cresce-abril-cesta-basica-em-alta\/\" \/>\n<meta property=\"og:site_name\" content=\"Folha do Leste\" \/>\n<meta property=\"article:publisher\" content=\"https:\/\/www.facebook.com\/folhadoleste\" \/>\n<meta property=\"article:published_time\" content=\"2025-05-30T17:31:14+00:00\" \/>\n<meta property=\"og:image\" content=\"https:\/\/folhadoleste.com.br\/wp-content\/uploads\/2025\/05\/Alta-nos-precos-acompanha-crescimento-do-consumo-de-alimentos-em-abril-segundo-Abras-Foto-Reproducao-Freepik.jpeg\" \/>\n\t<meta property=\"og:image:width\" content=\"750\" \/>\n\t<meta property=\"og:image:height\" content=\"500\" \/>\n\t<meta property=\"og:image:type\" content=\"image\/jpeg\" \/>\n<meta name=\"author\" content=\"Enzo Carvalho\" \/>\n<meta name=\"twitter:card\" content=\"summary_large_image\" \/>\n<meta name=\"twitter:creator\" content=\"@FolhadoLesteRJ\" \/>\n<meta name=\"twitter:site\" content=\"@FolhadoLesteRJ\" \/>\n<meta name=\"twitter:label1\" content=\"Written by\" \/>\n\t<meta name=\"twitter:data1\" content=\"Enzo Carvalho\" \/>\n\t<meta name=\"twitter:label2\" content=\"Est. reading time\" \/>\n\t<meta name=\"twitter:data2\" content=\"4 minutes\" \/>\n<script type=\"application\/ld+json\" class=\"yoast-schema-graph\">{\"@context\":\"https:\\\/\\\/schema.org\",\"@graph\":[{\"@type\":\"NewsArticle\",\"@id\":\"https:\\\/\\\/folhadoleste.com.br\\\/consumo-cresce-abril-cesta-basica-em-alta\\\/#article\",\"isPartOf\":{\"@id\":\"https:\\\/\\\/folhadoleste.com.br\\\/consumo-cresce-abril-cesta-basica-em-alta\\\/\"},\"author\":{\"name\":\"Enzo Carvalho\",\"@id\":\"https:\\\/\\\/folhadoleste.com.br\\\/#\\\/schema\\\/person\\\/05d8a4b256c9faea581495e6c9be06f2\"},\"headline\":\"Alta nos pre\u00e7os acompanha crescimento do consumo de alimentos em abril, segundo Abras\",\"datePublished\":\"2025-05-30T17:31:14+00:00\",\"mainEntityOfPage\":{\"@id\":\"https:\\\/\\\/folhadoleste.com.br\\\/consumo-cresce-abril-cesta-basica-em-alta\\\/\"},\"wordCount\":457,\"commentCount\":0,\"publisher\":{\"@id\":\"https:\\\/\\\/folhadoleste.com.br\\\/#organization\"},\"image\":{\"@id\":\"https:\\\/\\\/folhadoleste.com.br\\\/consumo-cresce-abril-cesta-basica-em-alta\\\/#primaryimage\"},\"thumbnailUrl\":\"https:\\\/\\\/folhadoleste.com.br\\\/wp-content\\\/uploads\\\/2025\\\/05\\\/Alta-nos-precos-acompanha-crescimento-do-consumo-de-alimentos-em-abril-segundo-Abras-Foto-Reproducao-Freepik.jpeg\",\"keywords\":[\"Abras\",\"alimentos\",\"Bolsa Familia\",\"Brasil\",\"Cesta basica\",\"consumo\",\"economia\",\"economia dom\u00e9stica\",\"Infla\u00e7\u00e3o\",\"INSS\",\"P\u00e1scoa\",\"supermercados\"],\"articleSection\":[\"Brasil\",\"Economia\"],\"inLanguage\":\"en-US\",\"potentialAction\":[{\"@type\":\"CommentAction\",\"name\":\"Comment\",\"target\":[\"https:\\\/\\\/folhadoleste.com.br\\\/consumo-cresce-abril-cesta-basica-em-alta\\\/#respond\"]}]},{\"@type\":\"WebPage\",\"@id\":\"https:\\\/\\\/folhadoleste.com.br\\\/consumo-cresce-abril-cesta-basica-em-alta\\\/\",\"url\":\"https:\\\/\\\/folhadoleste.com.br\\\/consumo-cresce-abril-cesta-basica-em-alta\\\/\",\"name\":\"Consumo cresce em abril e cesta b\u00e1sica acumula alta de 13,38%\",\"isPartOf\":{\"@id\":\"https:\\\/\\\/folhadoleste.com.br\\\/#website\"},\"primaryImageOfPage\":{\"@id\":\"https:\\\/\\\/folhadoleste.com.br\\\/consumo-cresce-abril-cesta-basica-em-alta\\\/#primaryimage\"},\"image\":{\"@id\":\"https:\\\/\\\/folhadoleste.com.br\\\/consumo-cresce-abril-cesta-basica-em-alta\\\/#primaryimage\"},\"thumbnailUrl\":\"https:\\\/\\\/folhadoleste.com.br\\\/wp-content\\\/uploads\\\/2025\\\/05\\\/Alta-nos-precos-acompanha-crescimento-do-consumo-de-alimentos-em-abril-segundo-Abras-Foto-Reproducao-Freepik.jpeg\",\"datePublished\":\"2025-05-30T17:31:14+00:00\",\"description\":\"Setor de alimentos teve alta no consumo e nos pre\u00e7os em abril. Cesta b\u00e1sica sobe 13,38% em 12 meses, diz Abras.\",\"breadcrumb\":{\"@id\":\"https:\\\/\\\/folhadoleste.com.br\\\/consumo-cresce-abril-cesta-basica-em-alta\\\/#breadcrumb\"},\"inLanguage\":\"en-US\",\"potentialAction\":[{\"@type\":\"ReadAction\",\"target\":[\"https:\\\/\\\/folhadoleste.com.br\\\/consumo-cresce-abril-cesta-basica-em-alta\\\/\"]}]},{\"@type\":\"ImageObject\",\"inLanguage\":\"en-US\",\"@id\":\"https:\\\/\\\/folhadoleste.com.br\\\/consumo-cresce-abril-cesta-basica-em-alta\\\/#primaryimage\",\"url\":\"https:\\\/\\\/folhadoleste.com.br\\\/wp-content\\\/uploads\\\/2025\\\/05\\\/Alta-nos-precos-acompanha-crescimento-do-consumo-de-alimentos-em-abril-segundo-Abras-Foto-Reproducao-Freepik.jpeg\",\"contentUrl\":\"https:\\\/\\\/folhadoleste.com.br\\\/wp-content\\\/uploads\\\/2025\\\/05\\\/Alta-nos-precos-acompanha-crescimento-do-consumo-de-alimentos-em-abril-segundo-Abras-Foto-Reproducao-Freepik.jpeg\",\"width\":750,\"height\":500,\"caption\":\"Consumo cresceu em abril, mas pre\u00e7os da cesta b\u00e1sica tamb\u00e9m aumentaram | Reprodu\u00e7\u00e3o\\\/Freepik\"},{\"@type\":\"BreadcrumbList\",\"@id\":\"https:\\\/\\\/folhadoleste.com.br\\\/consumo-cresce-abril-cesta-basica-em-alta\\\/#breadcrumb\",\"itemListElement\":[{\"@type\":\"ListItem\",\"position\":1,\"name\":\"In\u00edcio\",\"item\":\"https:\\\/\\\/folhadoleste.com.br\\\/\"},{\"@type\":\"ListItem\",\"position\":2,\"name\":\"Brasil\",\"item\":\"https:\\\/\\\/folhadoleste.com.br\\\/category\\\/brasil\\\/\"},{\"@type\":\"ListItem\",\"position\":3,\"name\":\"Alta nos pre\u00e7os acompanha crescimento do consumo de alimentos em abril, segundo Abras\"}]},{\"@type\":\"WebSite\",\"@id\":\"https:\\\/\\\/folhadoleste.com.br\\\/#website\",\"url\":\"https:\\\/\\\/folhadoleste.com.br\\\/\",\"name\":\"Folha do Leste\",\"description\":\"Portal de Not\u00edcias com \u00eanfase em Niter\u00f3i, criando conte\u00fados desde a capital Rio de Janeiro, com olhar para o Leste Fluminense e suas cidades como S\u00e3o Gon\u00e7alo, Itabora\u00ed, Rio Bonito, Maric\u00e1, Saquarema e Araruama\",\"publisher\":{\"@id\":\"https:\\\/\\\/folhadoleste.com.br\\\/#organization\"},\"alternateName\":\"FL\",\"potentialAction\":[{\"@type\":\"SearchAction\",\"target\":{\"@type\":\"EntryPoint\",\"urlTemplate\":\"https:\\\/\\\/folhadoleste.com.br\\\/?s={search_term_string}\"},\"query-input\":{\"@type\":\"PropertyValueSpecification\",\"valueRequired\":true,\"valueName\":\"search_term_string\"}}],\"inLanguage\":\"en-US\"},{\"@type\":\"Organization\",\"@id\":\"https:\\\/\\\/folhadoleste.com.br\\\/#organization\",\"name\":\"Brasil 21 Comunica\u00e7\u00e3o\",\"alternateName\":\"BR21\",\"url\":\"https:\\\/\\\/folhadoleste.com.br\\\/\",\"logo\":{\"@type\":\"ImageObject\",\"inLanguage\":\"en-US\",\"@id\":\"https:\\\/\\\/folhadoleste.com.br\\\/#\\\/schema\\\/logo\\\/image\\\/\",\"url\":\"https:\\\/\\\/folhadoleste.com.br\\\/wp-content\\\/uploads\\\/2025\\\/12\\\/brasil-21-logomarca.avif\",\"contentUrl\":\"https:\\\/\\\/folhadoleste.com.br\\\/wp-content\\\/uploads\\\/2025\\\/12\\\/brasil-21-logomarca.avif\",\"width\":1044,\"height\":1044,\"caption\":\"Brasil 21 Comunica\u00e7\u00e3o\"},\"image\":{\"@id\":\"https:\\\/\\\/folhadoleste.com.br\\\/#\\\/schema\\\/logo\\\/image\\\/\"},\"sameAs\":[\"https:\\\/\\\/www.facebook.com\\\/folhadoleste\",\"https:\\\/\\\/x.com\\\/FolhadoLesteRJ\",\"https:\\\/\\\/www.instagram.com\\\/folhadoleste\\\/\"]},{\"@type\":\"Person\",\"@id\":\"https:\\\/\\\/folhadoleste.com.br\\\/#\\\/schema\\\/person\\\/05d8a4b256c9faea581495e6c9be06f2\",\"name\":\"Enzo Carvalho\",\"image\":{\"@type\":\"ImageObject\",\"inLanguage\":\"en-US\",\"@id\":\"https:\\\/\\\/folhadoleste.com.br\\\/wp-content\\\/litespeed\\\/avatar\\\/3fe471b6df482b28961bb8e87cd40a81.jpg?ver=1777161141\",\"url\":\"https:\\\/\\\/folhadoleste.com.br\\\/wp-content\\\/litespeed\\\/avatar\\\/3fe471b6df482b28961bb8e87cd40a81.jpg?ver=1777161141\",\"contentUrl\":\"https:\\\/\\\/folhadoleste.com.br\\\/wp-content\\\/litespeed\\\/avatar\\\/3fe471b6df482b28961bb8e87cd40a81.jpg?ver=1777161141\",\"caption\":\"Enzo Carvalho\"},\"description\":\"Enzo Carvalho \u00e9 jornalista profissional, com atua\u00e7\u00e3o voltada \u00e0 cobertura de inova\u00e7\u00e3o, tecnologia, cotidiano e esportes. Ex-jogador profissional de e-sports, traz para o jornalismo uma compreens\u00e3o pr\u00e1tica do universo digital, das plataformas tecnol\u00f3gicas e das transforma\u00e7\u00f5es provocadas pela cultura conectada.\",\"url\":\"https:\\\/\\\/folhadoleste.com.br\\\/en\\\/author\\\/enzo-carvalho\\\/\"}]}<\/script>\n<!-- \/ Yoast SEO plugin. -->","yoast_head_json":{"title":"Consumo cresce em abril e cesta b\u00e1sica acumula alta de 13,38%","description":"Setor de alimentos teve alta no consumo e nos pre\u00e7os em abril. Cesta b\u00e1sica sobe 13,38% em 12 meses, diz Abras.","robots":{"index":"index","follow":"follow","max-snippet":"max-snippet:-1","max-image-preview":"max-image-preview:large","max-video-preview":"max-video-preview:-1"},"canonical":"https:\/\/folhadoleste.com.br\/en\/consumo-cresce-abril-cesta-basica-em-alta\/","og_locale":"en_US","og_type":"article","og_title":"Consumo cresce em abril e cesta b\u00e1sica acumula alta de 13,38%","og_description":"Setor de alimentos teve alta no consumo e nos pre\u00e7os em abril. Cesta b\u00e1sica sobe 13,38% em 12 meses, diz Abras.","og_url":"https:\/\/folhadoleste.com.br\/en\/consumo-cresce-abril-cesta-basica-em-alta\/","og_site_name":"Folha do Leste","article_publisher":"https:\/\/www.facebook.com\/folhadoleste","article_published_time":"2025-05-30T17:31:14+00:00","og_image":[{"width":750,"height":500,"url":"https:\/\/folhadoleste.com.br\/wp-content\/uploads\/2025\/05\/Alta-nos-precos-acompanha-crescimento-do-consumo-de-alimentos-em-abril-segundo-Abras-Foto-Reproducao-Freepik.jpeg","type":"image\/jpeg"}],"author":"Enzo Carvalho","twitter_card":"summary_large_image","twitter_creator":"@FolhadoLesteRJ","twitter_site":"@FolhadoLesteRJ","twitter_misc":{"Written by":"Enzo Carvalho","Est. reading time":"4 minutes"},"schema":{"@context":"https:\/\/schema.org","@graph":[{"@type":"NewsArticle","@id":"https:\/\/folhadoleste.com.br\/consumo-cresce-abril-cesta-basica-em-alta\/#article","isPartOf":{"@id":"https:\/\/folhadoleste.com.br\/consumo-cresce-abril-cesta-basica-em-alta\/"},"author":{"name":"Enzo Carvalho","@id":"https:\/\/folhadoleste.com.br\/#\/schema\/person\/05d8a4b256c9faea581495e6c9be06f2"},"headline":"Alta nos pre\u00e7os acompanha crescimento do consumo de alimentos em abril, segundo Abras","datePublished":"2025-05-30T17:31:14+00:00","mainEntityOfPage":{"@id":"https:\/\/folhadoleste.com.br\/consumo-cresce-abril-cesta-basica-em-alta\/"},"wordCount":457,"commentCount":0,"publisher":{"@id":"https:\/\/folhadoleste.com.br\/#organization"},"image":{"@id":"https:\/\/folhadoleste.com.br\/consumo-cresce-abril-cesta-basica-em-alta\/#primaryimage"},"thumbnailUrl":"https:\/\/folhadoleste.com.br\/wp-content\/uploads\/2025\/05\/Alta-nos-precos-acompanha-crescimento-do-consumo-de-alimentos-em-abril-segundo-Abras-Foto-Reproducao-Freepik.jpeg","keywords":["Abras","alimentos","Bolsa Familia","Brasil","Cesta basica","consumo","economia","economia dom\u00e9stica","Infla\u00e7\u00e3o","INSS","P\u00e1scoa","supermercados"],"articleSection":["Brasil","Economia"],"inLanguage":"en-US","potentialAction":[{"@type":"CommentAction","name":"Comment","target":["https:\/\/folhadoleste.com.br\/consumo-cresce-abril-cesta-basica-em-alta\/#respond"]}]},{"@type":"WebPage","@id":"https:\/\/folhadoleste.com.br\/consumo-cresce-abril-cesta-basica-em-alta\/","url":"https:\/\/folhadoleste.com.br\/consumo-cresce-abril-cesta-basica-em-alta\/","name":"Consumo cresce em abril e cesta b\u00e1sica acumula alta de 13,38%","isPartOf":{"@id":"https:\/\/folhadoleste.com.br\/#website"},"primaryImageOfPage":{"@id":"https:\/\/folhadoleste.com.br\/consumo-cresce-abril-cesta-basica-em-alta\/#primaryimage"},"image":{"@id":"https:\/\/folhadoleste.com.br\/consumo-cresce-abril-cesta-basica-em-alta\/#primaryimage"},"thumbnailUrl":"https:\/\/folhadoleste.com.br\/wp-content\/uploads\/2025\/05\/Alta-nos-precos-acompanha-crescimento-do-consumo-de-alimentos-em-abril-segundo-Abras-Foto-Reproducao-Freepik.jpeg","datePublished":"2025-05-30T17:31:14+00:00","description":"Setor de alimentos teve alta no consumo e nos pre\u00e7os em abril. Cesta b\u00e1sica sobe 13,38% em 12 meses, diz Abras.","breadcrumb":{"@id":"https:\/\/folhadoleste.com.br\/consumo-cresce-abril-cesta-basica-em-alta\/#breadcrumb"},"inLanguage":"en-US","potentialAction":[{"@type":"ReadAction","target":["https:\/\/folhadoleste.com.br\/consumo-cresce-abril-cesta-basica-em-alta\/"]}]},{"@type":"ImageObject","inLanguage":"en-US","@id":"https:\/\/folhadoleste.com.br\/consumo-cresce-abril-cesta-basica-em-alta\/#primaryimage","url":"https:\/\/folhadoleste.com.br\/wp-content\/uploads\/2025\/05\/Alta-nos-precos-acompanha-crescimento-do-consumo-de-alimentos-em-abril-segundo-Abras-Foto-Reproducao-Freepik.jpeg","contentUrl":"https:\/\/folhadoleste.com.br\/wp-content\/uploads\/2025\/05\/Alta-nos-precos-acompanha-crescimento-do-consumo-de-alimentos-em-abril-segundo-Abras-Foto-Reproducao-Freepik.jpeg","width":750,"height":500,"caption":"Consumo cresceu em abril, mas pre\u00e7os da cesta b\u00e1sica tamb\u00e9m aumentaram | Reprodu\u00e7\u00e3o\/Freepik"},{"@type":"BreadcrumbList","@id":"https:\/\/folhadoleste.com.br\/consumo-cresce-abril-cesta-basica-em-alta\/#breadcrumb","itemListElement":[{"@type":"ListItem","position":1,"name":"In\u00edcio","item":"https:\/\/folhadoleste.com.br\/"},{"@type":"ListItem","position":2,"name":"Brasil","item":"https:\/\/folhadoleste.com.br\/category\/brasil\/"},{"@type":"ListItem","position":3,"name":"Alta nos pre\u00e7os acompanha crescimento do consumo de alimentos em abril, segundo Abras"}]},{"@type":"WebSite","@id":"https:\/\/folhadoleste.com.br\/#website","url":"https:\/\/folhadoleste.com.br\/","name":"Folha do Leste","description":"Portal de Not\u00edcias com \u00eanfase em Niter\u00f3i, criando conte\u00fados desde a capital Rio de Janeiro, com olhar para o Leste Fluminense e suas cidades como S\u00e3o Gon\u00e7alo, Itabora\u00ed, Rio Bonito, Maric\u00e1, Saquarema e Araruama","publisher":{"@id":"https:\/\/folhadoleste.com.br\/#organization"},"alternateName":"FL","potentialAction":[{"@type":"SearchAction","target":{"@type":"EntryPoint","urlTemplate":"https:\/\/folhadoleste.com.br\/?s={search_term_string}"},"query-input":{"@type":"PropertyValueSpecification","valueRequired":true,"valueName":"search_term_string"}}],"inLanguage":"en-US"},{"@type":"Organization","@id":"https:\/\/folhadoleste.com.br\/#organization","name":"Brasil 21 Comunica\u00e7\u00e3o","alternateName":"BR21","url":"https:\/\/folhadoleste.com.br\/","logo":{"@type":"ImageObject","inLanguage":"en-US","@id":"https:\/\/folhadoleste.com.br\/#\/schema\/logo\/image\/","url":"https:\/\/folhadoleste.com.br\/wp-content\/uploads\/2025\/12\/brasil-21-logomarca.avif","contentUrl":"https:\/\/folhadoleste.com.br\/wp-content\/uploads\/2025\/12\/brasil-21-logomarca.avif","width":1044,"height":1044,"caption":"Brasil 21 Comunica\u00e7\u00e3o"},"image":{"@id":"https:\/\/folhadoleste.com.br\/#\/schema\/logo\/image\/"},"sameAs":["https:\/\/www.facebook.com\/folhadoleste","https:\/\/x.com\/FolhadoLesteRJ","https:\/\/www.instagram.com\/folhadoleste\/"]},{"@type":"Person","@id":"https:\/\/folhadoleste.com.br\/#\/schema\/person\/05d8a4b256c9faea581495e6c9be06f2","name":"Enzo Carvalho","image":{"@type":"ImageObject","inLanguage":"en-US","@id":"https:\/\/folhadoleste.com.br\/wp-content\/litespeed\/avatar\/3fe471b6df482b28961bb8e87cd40a81.jpg?ver=1777161141","url":"https:\/\/folhadoleste.com.br\/wp-content\/litespeed\/avatar\/3fe471b6df482b28961bb8e87cd40a81.jpg?ver=1777161141","contentUrl":"https:\/\/folhadoleste.com.br\/wp-content\/litespeed\/avatar\/3fe471b6df482b28961bb8e87cd40a81.jpg?ver=1777161141","caption":"Enzo Carvalho"},"description":"Enzo Carvalho \u00e9 jornalista profissional, com atua\u00e7\u00e3o voltada \u00e0 cobertura de inova\u00e7\u00e3o, tecnologia, cotidiano e esportes. Ex-jogador profissional de e-sports, traz para o jornalismo uma compreens\u00e3o pr\u00e1tica do universo digital, das plataformas tecnol\u00f3gicas e das transforma\u00e7\u00f5es provocadas pela cultura conectada.","url":"https:\/\/folhadoleste.com.br\/en\/author\/enzo-carvalho\/"}]}},"_links":{"self":[{"href":"https:\/\/folhadoleste.com.br\/en\/wp-json\/wp\/v2\/posts\/125036","targetHints":{"allow":["GET"]}}],"collection":[{"href":"https:\/\/folhadoleste.com.br\/en\/wp-json\/wp\/v2\/posts"}],"about":[{"href":"https:\/\/folhadoleste.com.br\/en\/wp-json\/wp\/v2\/types\/post"}],"author":[{"embeddable":true,"href":"https:\/\/folhadoleste.com.br\/en\/wp-json\/wp\/v2\/users\/5"}],"replies":[{"embeddable":true,"href":"https:\/\/folhadoleste.com.br\/en\/wp-json\/wp\/v2\/comments?post=125036"}],"version-history":[{"count":1,"href":"https:\/\/folhadoleste.com.br\/en\/wp-json\/wp\/v2\/posts\/125036\/revisions"}],"predecessor-version":[{"id":125046,"href":"https:\/\/folhadoleste.com.br\/en\/wp-json\/wp\/v2\/posts\/125036\/revisions\/125046"}],"wp:featuredmedia":[{"embeddable":true,"href":"https:\/\/folhadoleste.com.br\/en\/wp-json\/wp\/v2\/media\/125045"}],"wp:attachment":[{"href":"https:\/\/folhadoleste.com.br\/en\/wp-json\/wp\/v2\/media?parent=125036"}],"wp:term":[{"taxonomy":"category","embeddable":true,"href":"https:\/\/folhadoleste.com.br\/en\/wp-json\/wp\/v2\/categories?post=125036"},{"taxonomy":"post_tag","embeddable":true,"href":"https:\/\/folhadoleste.com.br\/en\/wp-json\/wp\/v2\/tags?post=125036"}],"curies":[{"name":"wp","href":"https:\/\/api.w.org\/{rel}","templated":true}]}}