{"id":12417,"date":"2023-06-27T10:58:35","date_gmt":"2023-06-27T13:58:35","guid":{"rendered":"https:\/\/folhadoleste.com.br\/?p=12417"},"modified":"2023-06-27T10:58:35","modified_gmt":"2023-06-27T13:58:35","slug":"adolescente-e-vitima-de-assalto-violento-em-marica","status":"publish","type":"post","link":"https:\/\/folhadoleste.com.br\/en\/adolescente-e-vitima-de-assalto-violento-em-marica\/","title":{"rendered":"Adolescente \u00e9 v\u00edtima de assalto violento em Maric\u00e1"},"content":{"rendered":"<p>Na noite do \u00faltimo domingo (25), um adolescente foi v\u00edtima de um assalto no bairro do Flamengo, regi\u00e3o central da cidade. Segundo informa\u00e7\u00f5es, o jovem rapaz estava caminhando pela Rua Francisco Martini quando foi abordado por criminosos que chegaram de bicicleta e armados, anunciando o assalto.<\/p>\n<p>O crime ocorreu por volta das 23h e, ap\u00f3s o roubo, os elementos fugiram em dire\u00e7\u00e3o \u00e0 rodovi\u00e1ria levando alguns pertences e um celular da v\u00edtima.<\/p>\n<p>O adolescente prestou queixa na 82\u00aa DP no Centro de Maric\u00e1, onde o caso foi registrado para investiga\u00e7\u00e3o. Infelizmente, casos de viol\u00eancia urbana ainda s\u00e3o frequentes em diversas regi\u00f5es da cidade, tornando-se uma preocupa\u00e7\u00e3o constante para a popula\u00e7\u00e3o.<\/p>\n<p>\u00c9 importante estar sempre atento e tomar medidas preventivas para evitar situa\u00e7\u00f5es como essa.<\/p>\n<p>&nbsp;<\/p>\n<h5><strong><a href=\"https:\/\/www.facebook.com\/folhadoleste\">CURTA E SIGA NOSSA P\u00c1GINA NO FACEBOOK CLICANDO AQUI<\/a><\/strong><\/h5>\n<h5><strong><a href=\"https:\/\/www.instagram.com\/folhadoleste\/\">CURTA E SIGA NOSSA P\u00c1GINA NO INSTAGRAM CLICANDO AQUI<\/a><\/strong><\/h5>","protected":false},"excerpt":{"rendered":"<p>Na noite do \u00faltimo domingo (25), um adolescente foi v\u00edtima de um assalto no bairro do Flamengo, regi\u00e3o central da cidade. Segundo informa\u00e7\u00f5es, o jovem rapaz estava caminhando pela Rua Francisco Martini quando foi abordado por criminosos que chegaram de bicicleta e armados, anunciando o assalto. O crime ocorreu por volta das 23h e, ap\u00f3s o roubo, os elementos fugiram em dire\u00e7\u00e3o \u00e0 rodovi\u00e1ria levando alguns pertences e um celular da v\u00edtima. O adolescente prestou queixa na 82\u00aa DP no Centro de Maric\u00e1, onde o caso foi registrado para investiga\u00e7\u00e3o. Infelizmente, casos de viol\u00eancia urbana ainda s\u00e3o frequentes em diversas [&hellip;]<\/p>\n","protected":false},"author":4,"featured_media":12418,"comment_status":"open","ping_status":"open","sticky":false,"template":"","format":"standard","meta":{"footnotes":""},"categories":[47,87],"tags":[3773,3346,5769,7849,56,2244,2454],"class_list":["post-12417","post","type-post","status-publish","format-standard","has-post-thumbnail","hentry","category-leste-fluminense","category-marica","tag-adolescente","tag-assalto","tag-jovem","tag-mao-armada","tag-marica","tag-roubo","tag-vitima","post--single"],"yoast_head":"<!-- This site is optimized with the Yoast SEO plugin v27.5 - https:\/\/yoast.com\/product\/yoast-seo-wordpress\/ -->\n<title>Adolescente \u00e9 v\u00edtima de assalto violento em Maric\u00e1 &#8226; Folha do Leste<\/title>\n<meta name=\"description\" content=\"Na noite do \u00faltimo domingo (25), um adolescente foi v\u00edtima de um assalto no bairro do Flamengo, regi\u00e3o central da cidade...\" \/>\n<meta name=\"robots\" content=\"index, follow, max-snippet:-1, max-image-preview:large, max-video-preview:-1\" \/>\n<link rel=\"canonical\" href=\"https:\/\/folhadoleste.com.br\/en\/adolescente-e-vitima-de-assalto-violento-em-marica\/\" \/>\n<meta property=\"og:locale\" content=\"en_US\" \/>\n<meta property=\"og:type\" content=\"article\" \/>\n<meta property=\"og:title\" content=\"Adolescente \u00e9 v\u00edtima de assalto violento em Maric\u00e1\" \/>\n<meta property=\"og:description\" content=\"Clique e saiba mais...\" \/>\n<meta property=\"og:url\" content=\"https:\/\/folhadoleste.com.br\/en\/adolescente-e-vitima-de-assalto-violento-em-marica\/\" \/>\n<meta property=\"og:site_name\" content=\"Folha do Leste\" \/>\n<meta property=\"article:publisher\" content=\"https:\/\/www.facebook.com\/folhadoleste\" \/>\n<meta property=\"article:published_time\" content=\"2023-06-27T13:58:35+00:00\" \/>\n<meta property=\"og:image\" content=\"https:\/\/folhadoleste.com.br\/wp-content\/uploads\/2023\/06\/Adolescente-e-vitima-de-assalto-violento-em-Marica-Foto-Reproducao-Internet.jpg\" \/>\n\t<meta property=\"og:image:width\" content=\"1140\" \/>\n\t<meta property=\"og:image:height\" content=\"631\" \/>\n\t<meta property=\"og:image:type\" content=\"image\/jpeg\" \/>\n<meta name=\"author\" content=\"Folha do Leste\" \/>\n<meta name=\"twitter:card\" content=\"summary_large_image\" \/>\n<meta name=\"twitter:title\" content=\"Adolescente \u00e9 v\u00edtima de assalto violento em Maric\u00e1\" \/>\n<meta name=\"twitter:description\" content=\"Clique e saiba mais...\" \/>\n<meta name=\"twitter:image\" content=\"https:\/\/folhadoleste.com.br\/wp-content\/uploads\/2023\/06\/Adolescente-e-vitima-de-assalto-violento-em-Marica-Foto-Reproducao-Internet.jpg\" \/>\n<meta name=\"twitter:creator\" content=\"@FolhadoLesteRJ\" \/>\n<meta name=\"twitter:site\" content=\"@FolhadoLesteRJ\" \/>\n<meta name=\"twitter:label1\" content=\"Written by\" \/>\n\t<meta name=\"twitter:data1\" content=\"Folha do Leste\" \/>\n\t<meta name=\"twitter:label2\" content=\"Est. reading time\" \/>\n\t<meta name=\"twitter:data2\" content=\"1 minute\" \/>\n<script type=\"application\/ld+json\" class=\"yoast-schema-graph\">{\"@context\":\"https:\\\/\\\/schema.org\",\"@graph\":[{\"@type\":\"NewsArticle\",\"@id\":\"https:\\\/\\\/folhadoleste.com.br\\\/adolescente-e-vitima-de-assalto-violento-em-marica\\\/#article\",\"isPartOf\":{\"@id\":\"https:\\\/\\\/folhadoleste.com.br\\\/adolescente-e-vitima-de-assalto-violento-em-marica\\\/\"},\"author\":{\"name\":\"Folha do Leste\",\"@id\":\"https:\\\/\\\/folhadoleste.com.br\\\/#\\\/schema\\\/person\\\/3e97145b2e1861276e84471aa85a3899\"},\"headline\":\"Adolescente \u00e9 v\u00edtima de assalto violento em Maric\u00e1\",\"datePublished\":\"2023-06-27T13:58:35+00:00\",\"mainEntityOfPage\":{\"@id\":\"https:\\\/\\\/folhadoleste.com.br\\\/adolescente-e-vitima-de-assalto-violento-em-marica\\\/\"},\"wordCount\":163,\"commentCount\":0,\"publisher\":{\"@id\":\"https:\\\/\\\/folhadoleste.com.br\\\/#organization\"},\"image\":{\"@id\":\"https:\\\/\\\/folhadoleste.com.br\\\/adolescente-e-vitima-de-assalto-violento-em-marica\\\/#primaryimage\"},\"thumbnailUrl\":\"https:\\\/\\\/folhadoleste.com.br\\\/wp-content\\\/uploads\\\/2023\\\/06\\\/Adolescente-e-vitima-de-assalto-violento-em-Marica-Foto-Reproducao-Internet.jpg\",\"keywords\":[\"adolescente\",\"assalto\",\"jovem\",\"m\u00e3o armada\",\"Maric\u00e1\",\"roubo\",\"v\u00edtima\"],\"articleSection\":[\"Leste Fluminense\",\"Maric\u00e1\"],\"inLanguage\":\"en-US\",\"potentialAction\":[{\"@type\":\"CommentAction\",\"name\":\"Comment\",\"target\":[\"https:\\\/\\\/folhadoleste.com.br\\\/adolescente-e-vitima-de-assalto-violento-em-marica\\\/#respond\"]}]},{\"@type\":\"WebPage\",\"@id\":\"https:\\\/\\\/folhadoleste.com.br\\\/adolescente-e-vitima-de-assalto-violento-em-marica\\\/\",\"url\":\"https:\\\/\\\/folhadoleste.com.br\\\/adolescente-e-vitima-de-assalto-violento-em-marica\\\/\",\"name\":\"Adolescente \u00e9 v\u00edtima de assalto violento em Maric\u00e1 &#8226; Folha do Leste\",\"isPartOf\":{\"@id\":\"https:\\\/\\\/folhadoleste.com.br\\\/#website\"},\"primaryImageOfPage\":{\"@id\":\"https:\\\/\\\/folhadoleste.com.br\\\/adolescente-e-vitima-de-assalto-violento-em-marica\\\/#primaryimage\"},\"image\":{\"@id\":\"https:\\\/\\\/folhadoleste.com.br\\\/adolescente-e-vitima-de-assalto-violento-em-marica\\\/#primaryimage\"},\"thumbnailUrl\":\"https:\\\/\\\/folhadoleste.com.br\\\/wp-content\\\/uploads\\\/2023\\\/06\\\/Adolescente-e-vitima-de-assalto-violento-em-Marica-Foto-Reproducao-Internet.jpg\",\"datePublished\":\"2023-06-27T13:58:35+00:00\",\"description\":\"Na noite do \u00faltimo domingo (25), um adolescente foi v\u00edtima de um assalto no bairro do Flamengo, regi\u00e3o central da cidade...\",\"breadcrumb\":{\"@id\":\"https:\\\/\\\/folhadoleste.com.br\\\/adolescente-e-vitima-de-assalto-violento-em-marica\\\/#breadcrumb\"},\"inLanguage\":\"en-US\",\"potentialAction\":[{\"@type\":\"ReadAction\",\"target\":[\"https:\\\/\\\/folhadoleste.com.br\\\/adolescente-e-vitima-de-assalto-violento-em-marica\\\/\"]}]},{\"@type\":\"ImageObject\",\"inLanguage\":\"en-US\",\"@id\":\"https:\\\/\\\/folhadoleste.com.br\\\/adolescente-e-vitima-de-assalto-violento-em-marica\\\/#primaryimage\",\"url\":\"https:\\\/\\\/folhadoleste.com.br\\\/wp-content\\\/uploads\\\/2023\\\/06\\\/Adolescente-e-vitima-de-assalto-violento-em-Marica-Foto-Reproducao-Internet.jpg\",\"contentUrl\":\"https:\\\/\\\/folhadoleste.com.br\\\/wp-content\\\/uploads\\\/2023\\\/06\\\/Adolescente-e-vitima-de-assalto-violento-em-Marica-Foto-Reproducao-Internet.jpg\",\"width\":1140,\"height\":631,\"caption\":\"Foto: Reprodu\u00e7\u00e3o - Internet\"},{\"@type\":\"BreadcrumbList\",\"@id\":\"https:\\\/\\\/folhadoleste.com.br\\\/adolescente-e-vitima-de-assalto-violento-em-marica\\\/#breadcrumb\",\"itemListElement\":[{\"@type\":\"ListItem\",\"position\":1,\"name\":\"In\u00edcio\",\"item\":\"https:\\\/\\\/folhadoleste.com.br\\\/\"},{\"@type\":\"ListItem\",\"position\":2,\"name\":\"Estado do Rio de Janeiro\",\"item\":\"https:\\\/\\\/folhadoleste.com.br\\\/category\\\/estado-do-rio-de-janeiro\\\/\"},{\"@type\":\"ListItem\",\"position\":3,\"name\":\"Leste Fluminense\",\"item\":\"https:\\\/\\\/folhadoleste.com.br\\\/category\\\/estado-do-rio-de-janeiro\\\/leste-fluminense\\\/\"},{\"@type\":\"ListItem\",\"position\":4,\"name\":\"Maric\u00e1\",\"item\":\"https:\\\/\\\/folhadoleste.com.br\\\/category\\\/estado-do-rio-de-janeiro\\\/leste-fluminense\\\/marica\\\/\"},{\"@type\":\"ListItem\",\"position\":5,\"name\":\"Adolescente \u00e9 v\u00edtima de assalto violento em Maric\u00e1\"}]},{\"@type\":\"WebSite\",\"@id\":\"https:\\\/\\\/folhadoleste.com.br\\\/#website\",\"url\":\"https:\\\/\\\/folhadoleste.com.br\\\/\",\"name\":\"Folha do Leste\",\"description\":\"Portal de Not\u00edcias com \u00eanfase em Niter\u00f3i, criando conte\u00fados desde a capital Rio de Janeiro, com olhar para o Leste Fluminense e suas cidades como S\u00e3o Gon\u00e7alo, Itabora\u00ed, Rio Bonito, Maric\u00e1, Saquarema e Araruama\",\"publisher\":{\"@id\":\"https:\\\/\\\/folhadoleste.com.br\\\/#organization\"},\"alternateName\":\"FL\",\"potentialAction\":[{\"@type\":\"SearchAction\",\"target\":{\"@type\":\"EntryPoint\",\"urlTemplate\":\"https:\\\/\\\/folhadoleste.com.br\\\/?s={search_term_string}\"},\"query-input\":{\"@type\":\"PropertyValueSpecification\",\"valueRequired\":true,\"valueName\":\"search_term_string\"}}],\"inLanguage\":\"en-US\"},{\"@type\":\"Organization\",\"@id\":\"https:\\\/\\\/folhadoleste.com.br\\\/#organization\",\"name\":\"Brasil 21 Comunica\u00e7\u00e3o\",\"alternateName\":\"BR21\",\"url\":\"https:\\\/\\\/folhadoleste.com.br\\\/\",\"logo\":{\"@type\":\"ImageObject\",\"inLanguage\":\"en-US\",\"@id\":\"https:\\\/\\\/folhadoleste.com.br\\\/#\\\/schema\\\/logo\\\/image\\\/\",\"url\":\"https:\\\/\\\/folhadoleste.com.br\\\/wp-content\\\/uploads\\\/2025\\\/12\\\/brasil-21-logomarca.avif\",\"contentUrl\":\"https:\\\/\\\/folhadoleste.com.br\\\/wp-content\\\/uploads\\\/2025\\\/12\\\/brasil-21-logomarca.avif\",\"width\":1044,\"height\":1044,\"caption\":\"Brasil 21 Comunica\u00e7\u00e3o\"},\"image\":{\"@id\":\"https:\\\/\\\/folhadoleste.com.br\\\/#\\\/schema\\\/logo\\\/image\\\/\"},\"sameAs\":[\"https:\\\/\\\/www.facebook.com\\\/folhadoleste\",\"https:\\\/\\\/x.com\\\/FolhadoLesteRJ\",\"https:\\\/\\\/www.instagram.com\\\/folhadoleste\\\/\"]},{\"@type\":\"Person\",\"@id\":\"https:\\\/\\\/folhadoleste.com.br\\\/#\\\/schema\\\/person\\\/3e97145b2e1861276e84471aa85a3899\",\"name\":\"Folha do Leste\",\"image\":{\"@type\":\"ImageObject\",\"inLanguage\":\"en-US\",\"@id\":\"https:\\\/\\\/folhadoleste.com.br\\\/wp-content\\\/litespeed\\\/avatar\\\/1ca8c218432e7045e748610eb3db0259.jpg?ver=1777161142\",\"url\":\"https:\\\/\\\/folhadoleste.com.br\\\/wp-content\\\/litespeed\\\/avatar\\\/1ca8c218432e7045e748610eb3db0259.jpg?ver=1777161142\",\"contentUrl\":\"https:\\\/\\\/folhadoleste.com.br\\\/wp-content\\\/litespeed\\\/avatar\\\/1ca8c218432e7045e748610eb3db0259.jpg?ver=1777161142\",\"caption\":\"Folha do Leste\"},\"url\":\"https:\\\/\\\/folhadoleste.com.br\\\/en\\\/author\\\/reportagem-01\\\/\"}]}<\/script>\n<!-- \/ Yoast SEO plugin. -->","yoast_head_json":{"title":"Adolescente \u00e9 v\u00edtima de assalto violento em Maric\u00e1 &#8226; Folha do Leste","description":"Na noite do \u00faltimo domingo (25), um adolescente foi v\u00edtima de um assalto no bairro do Flamengo, regi\u00e3o central da cidade...","robots":{"index":"index","follow":"follow","max-snippet":"max-snippet:-1","max-image-preview":"max-image-preview:large","max-video-preview":"max-video-preview:-1"},"canonical":"https:\/\/folhadoleste.com.br\/en\/adolescente-e-vitima-de-assalto-violento-em-marica\/","og_locale":"en_US","og_type":"article","og_title":"Adolescente \u00e9 v\u00edtima de assalto violento em Maric\u00e1","og_description":"Clique e saiba mais...","og_url":"https:\/\/folhadoleste.com.br\/en\/adolescente-e-vitima-de-assalto-violento-em-marica\/","og_site_name":"Folha do Leste","article_publisher":"https:\/\/www.facebook.com\/folhadoleste","article_published_time":"2023-06-27T13:58:35+00:00","og_image":[{"width":1140,"height":631,"url":"https:\/\/folhadoleste.com.br\/wp-content\/uploads\/2023\/06\/Adolescente-e-vitima-de-assalto-violento-em-Marica-Foto-Reproducao-Internet.jpg","type":"image\/jpeg"}],"author":"Folha do Leste","twitter_card":"summary_large_image","twitter_title":"Adolescente \u00e9 v\u00edtima de assalto violento em Maric\u00e1","twitter_description":"Clique e saiba mais...","twitter_image":"https:\/\/folhadoleste.com.br\/wp-content\/uploads\/2023\/06\/Adolescente-e-vitima-de-assalto-violento-em-Marica-Foto-Reproducao-Internet.jpg","twitter_creator":"@FolhadoLesteRJ","twitter_site":"@FolhadoLesteRJ","twitter_misc":{"Written by":"Folha do Leste","Est. reading time":"1 minute"},"schema":{"@context":"https:\/\/schema.org","@graph":[{"@type":"NewsArticle","@id":"https:\/\/folhadoleste.com.br\/adolescente-e-vitima-de-assalto-violento-em-marica\/#article","isPartOf":{"@id":"https:\/\/folhadoleste.com.br\/adolescente-e-vitima-de-assalto-violento-em-marica\/"},"author":{"name":"Folha do Leste","@id":"https:\/\/folhadoleste.com.br\/#\/schema\/person\/3e97145b2e1861276e84471aa85a3899"},"headline":"Adolescente \u00e9 v\u00edtima de assalto violento em Maric\u00e1","datePublished":"2023-06-27T13:58:35+00:00","mainEntityOfPage":{"@id":"https:\/\/folhadoleste.com.br\/adolescente-e-vitima-de-assalto-violento-em-marica\/"},"wordCount":163,"commentCount":0,"publisher":{"@id":"https:\/\/folhadoleste.com.br\/#organization"},"image":{"@id":"https:\/\/folhadoleste.com.br\/adolescente-e-vitima-de-assalto-violento-em-marica\/#primaryimage"},"thumbnailUrl":"https:\/\/folhadoleste.com.br\/wp-content\/uploads\/2023\/06\/Adolescente-e-vitima-de-assalto-violento-em-Marica-Foto-Reproducao-Internet.jpg","keywords":["adolescente","assalto","jovem","m\u00e3o armada","Maric\u00e1","roubo","v\u00edtima"],"articleSection":["Leste Fluminense","Maric\u00e1"],"inLanguage":"en-US","potentialAction":[{"@type":"CommentAction","name":"Comment","target":["https:\/\/folhadoleste.com.br\/adolescente-e-vitima-de-assalto-violento-em-marica\/#respond"]}]},{"@type":"WebPage","@id":"https:\/\/folhadoleste.com.br\/adolescente-e-vitima-de-assalto-violento-em-marica\/","url":"https:\/\/folhadoleste.com.br\/adolescente-e-vitima-de-assalto-violento-em-marica\/","name":"Adolescente \u00e9 v\u00edtima de assalto violento em Maric\u00e1 &#8226; Folha do Leste","isPartOf":{"@id":"https:\/\/folhadoleste.com.br\/#website"},"primaryImageOfPage":{"@id":"https:\/\/folhadoleste.com.br\/adolescente-e-vitima-de-assalto-violento-em-marica\/#primaryimage"},"image":{"@id":"https:\/\/folhadoleste.com.br\/adolescente-e-vitima-de-assalto-violento-em-marica\/#primaryimage"},"thumbnailUrl":"https:\/\/folhadoleste.com.br\/wp-content\/uploads\/2023\/06\/Adolescente-e-vitima-de-assalto-violento-em-Marica-Foto-Reproducao-Internet.jpg","datePublished":"2023-06-27T13:58:35+00:00","description":"Na noite do \u00faltimo domingo (25), um adolescente foi v\u00edtima de um assalto no bairro do Flamengo, regi\u00e3o central da cidade...","breadcrumb":{"@id":"https:\/\/folhadoleste.com.br\/adolescente-e-vitima-de-assalto-violento-em-marica\/#breadcrumb"},"inLanguage":"en-US","potentialAction":[{"@type":"ReadAction","target":["https:\/\/folhadoleste.com.br\/adolescente-e-vitima-de-assalto-violento-em-marica\/"]}]},{"@type":"ImageObject","inLanguage":"en-US","@id":"https:\/\/folhadoleste.com.br\/adolescente-e-vitima-de-assalto-violento-em-marica\/#primaryimage","url":"https:\/\/folhadoleste.com.br\/wp-content\/uploads\/2023\/06\/Adolescente-e-vitima-de-assalto-violento-em-Marica-Foto-Reproducao-Internet.jpg","contentUrl":"https:\/\/folhadoleste.com.br\/wp-content\/uploads\/2023\/06\/Adolescente-e-vitima-de-assalto-violento-em-Marica-Foto-Reproducao-Internet.jpg","width":1140,"height":631,"caption":"Foto: Reprodu\u00e7\u00e3o - Internet"},{"@type":"BreadcrumbList","@id":"https:\/\/folhadoleste.com.br\/adolescente-e-vitima-de-assalto-violento-em-marica\/#breadcrumb","itemListElement":[{"@type":"ListItem","position":1,"name":"In\u00edcio","item":"https:\/\/folhadoleste.com.br\/"},{"@type":"ListItem","position":2,"name":"Estado do Rio de Janeiro","item":"https:\/\/folhadoleste.com.br\/category\/estado-do-rio-de-janeiro\/"},{"@type":"ListItem","position":3,"name":"Leste Fluminense","item":"https:\/\/folhadoleste.com.br\/category\/estado-do-rio-de-janeiro\/leste-fluminense\/"},{"@type":"ListItem","position":4,"name":"Maric\u00e1","item":"https:\/\/folhadoleste.com.br\/category\/estado-do-rio-de-janeiro\/leste-fluminense\/marica\/"},{"@type":"ListItem","position":5,"name":"Adolescente \u00e9 v\u00edtima de assalto violento em Maric\u00e1"}]},{"@type":"WebSite","@id":"https:\/\/folhadoleste.com.br\/#website","url":"https:\/\/folhadoleste.com.br\/","name":"Folha do Leste","description":"Portal de Not\u00edcias com \u00eanfase em Niter\u00f3i, criando conte\u00fados desde a capital Rio de Janeiro, com olhar para o Leste Fluminense e suas cidades como S\u00e3o Gon\u00e7alo, Itabora\u00ed, Rio Bonito, Maric\u00e1, Saquarema e Araruama","publisher":{"@id":"https:\/\/folhadoleste.com.br\/#organization"},"alternateName":"FL","potentialAction":[{"@type":"SearchAction","target":{"@type":"EntryPoint","urlTemplate":"https:\/\/folhadoleste.com.br\/?s={search_term_string}"},"query-input":{"@type":"PropertyValueSpecification","valueRequired":true,"valueName":"search_term_string"}}],"inLanguage":"en-US"},{"@type":"Organization","@id":"https:\/\/folhadoleste.com.br\/#organization","name":"Brasil 21 Comunica\u00e7\u00e3o","alternateName":"BR21","url":"https:\/\/folhadoleste.com.br\/","logo":{"@type":"ImageObject","inLanguage":"en-US","@id":"https:\/\/folhadoleste.com.br\/#\/schema\/logo\/image\/","url":"https:\/\/folhadoleste.com.br\/wp-content\/uploads\/2025\/12\/brasil-21-logomarca.avif","contentUrl":"https:\/\/folhadoleste.com.br\/wp-content\/uploads\/2025\/12\/brasil-21-logomarca.avif","width":1044,"height":1044,"caption":"Brasil 21 Comunica\u00e7\u00e3o"},"image":{"@id":"https:\/\/folhadoleste.com.br\/#\/schema\/logo\/image\/"},"sameAs":["https:\/\/www.facebook.com\/folhadoleste","https:\/\/x.com\/FolhadoLesteRJ","https:\/\/www.instagram.com\/folhadoleste\/"]},{"@type":"Person","@id":"https:\/\/folhadoleste.com.br\/#\/schema\/person\/3e97145b2e1861276e84471aa85a3899","name":"Folha do Leste","image":{"@type":"ImageObject","inLanguage":"en-US","@id":"https:\/\/folhadoleste.com.br\/wp-content\/litespeed\/avatar\/1ca8c218432e7045e748610eb3db0259.jpg?ver=1777161142","url":"https:\/\/folhadoleste.com.br\/wp-content\/litespeed\/avatar\/1ca8c218432e7045e748610eb3db0259.jpg?ver=1777161142","contentUrl":"https:\/\/folhadoleste.com.br\/wp-content\/litespeed\/avatar\/1ca8c218432e7045e748610eb3db0259.jpg?ver=1777161142","caption":"Folha do Leste"},"url":"https:\/\/folhadoleste.com.br\/en\/author\/reportagem-01\/"}]}},"_links":{"self":[{"href":"https:\/\/folhadoleste.com.br\/en\/wp-json\/wp\/v2\/posts\/12417","targetHints":{"allow":["GET"]}}],"collection":[{"href":"https:\/\/folhadoleste.com.br\/en\/wp-json\/wp\/v2\/posts"}],"about":[{"href":"https:\/\/folhadoleste.com.br\/en\/wp-json\/wp\/v2\/types\/post"}],"author":[{"embeddable":true,"href":"https:\/\/folhadoleste.com.br\/en\/wp-json\/wp\/v2\/users\/4"}],"replies":[{"embeddable":true,"href":"https:\/\/folhadoleste.com.br\/en\/wp-json\/wp\/v2\/comments?post=12417"}],"version-history":[{"count":1,"href":"https:\/\/folhadoleste.com.br\/en\/wp-json\/wp\/v2\/posts\/12417\/revisions"}],"predecessor-version":[{"id":12419,"href":"https:\/\/folhadoleste.com.br\/en\/wp-json\/wp\/v2\/posts\/12417\/revisions\/12419"}],"wp:featuredmedia":[{"embeddable":true,"href":"https:\/\/folhadoleste.com.br\/en\/wp-json\/wp\/v2\/media\/12418"}],"wp:attachment":[{"href":"https:\/\/folhadoleste.com.br\/en\/wp-json\/wp\/v2\/media?parent=12417"}],"wp:term":[{"taxonomy":"category","embeddable":true,"href":"https:\/\/folhadoleste.com.br\/en\/wp-json\/wp\/v2\/categories?post=12417"},{"taxonomy":"post_tag","embeddable":true,"href":"https:\/\/folhadoleste.com.br\/en\/wp-json\/wp\/v2\/tags?post=12417"}],"curies":[{"name":"wp","href":"https:\/\/api.w.org\/{rel}","templated":true}]}}