{"id":123494,"date":"2025-05-16T18:14:57","date_gmt":"2025-05-16T21:14:57","guid":{"rendered":"https:\/\/folhadoleste.com.br\/?p=123494"},"modified":"2025-05-16T18:14:57","modified_gmt":"2025-05-16T21:14:57","slug":"samuel-xavier-mira-recorde-pessoal-de-gols-na-temporada-pelo-fluminense","status":"publish","type":"post","link":"https:\/\/folhadoleste.com.br\/en\/samuel-xavier-mira-recorde-pessoal-de-gols-na-temporada-pelo-fluminense\/","title":{"rendered":"Samuel Xavier mira recorde pessoal de gols na temporada pelo Fluminense"},"content":{"rendered":"<div id=\"attachment_123496\" style=\"width: 1210px\" class=\"wp-caption aligncenter\"><img decoding=\"async\" aria-describedby=\"caption-attachment-123496\" class=\"size-full wp-image-123496\" src=\"https:\/\/folhadoleste.com.br\/wp-content\/uploads\/2025\/05\/Samuel-Xavier-mira-recorde-pessoal-de-gols-na-temporada-pelo-Fluminense-Foto-Lucas-Mercon-Fluminense-FC.jpg\" alt=\"Samuel Xavier comemorando gol pelo Fluminense na Sul-Americana 2025\" width=\"1200\" height=\"750\" \/><p id=\"caption-attachment-123496\" class=\"wp-caption-text\">Samuel Xavier vibra ap\u00f3s marcar contra o Uni\u00f3n Espa\u00f1ola no Maracan\u00e3 | Lucas Mer\u00e7on\/Fluminense<\/p><\/div>\n<p style=\"text-align: justify;\" data-start=\"356\" data-end=\"716\">Quando o camisa 2 do Fluminense estufa a rede, a torcida respira aliviada. Na vit\u00f3ria por 2 a 0 sobre o Uni\u00f3n Espa\u00f1ola, pela fase de grupos da Sul-Americana, Samuel Xavier mostrou faro de artilheiro: aproveitou o rebote do goleiro, bateu rasteiro, certeiro, e fez seu terceiro gol em 2025. Est\u00e1 a um passo de igualar a temporada mais goleadora da carreira.<\/p>\n<h5><a href=\"https:\/\/chat.whatsapp.com\/ItvWOvY08sCCpPxovKnYb6\"><img decoding=\"async\" class=\"aligncenter wp-image-109746 size-full\" src=\"https:\/\/folhadoleste.com.br\/wp-content\/uploads\/2025\/02\/WHATSAPP-FOLHA-DO-LESTE-600x200-1.png\" alt=\"\" width=\"600\" height=\"200\" \/><\/a><\/h5>\n<p style=\"text-align: justify;\" data-start=\"718\" data-end=\"1060\">Se repetir o feito, o lateral-direito alcan\u00e7ar\u00e1 marcas que s\u00f3 havia atingido em 2014, pelo Cear\u00e1, e em 2023, j\u00e1 com a armadura tricolor. Em ambas, marcou quatro vezes. Em 2025, al\u00e9m dos chilenos, balan\u00e7ou as redes contra Boavista e Santos \u2013 neste \u00faltimo, foi her\u00f3i no apagar das luzes com o gol solit\u00e1rio da vit\u00f3ria na estreia do Brasileir\u00e3o.<\/p>\n<h5 style=\"text-align: center;\"><span style=\"color: #000000;\"><span style=\"color: #ff0000;\"><strong>+ <\/strong><\/span><\/span><span style=\"color: #000000;\"><strong><span style=\"color: #ff9900;\">MAIS NOT\u00cdCIAS DE ESPORTES?<\/span> <span style=\"color: #008080;\"><a style=\"color: #008080;\" href=\"https:\/\/folhadoleste.com.br\/en\/category\/esportes\/\">CLIQUE AQUI<\/a><\/span><\/strong><\/span><\/h5>\n<p style=\"text-align: justify;\" data-start=\"1062\" data-end=\"1326\">Ao todo, o camisa 2 j\u00e1 soma 21 partidas no ano \u2013 16 como titular. Tamb\u00e9m serviu Everaldo com uma assist\u00eancia na goleada por 5 a 0 sobre o GV San Jos\u00e9. Os n\u00fameros mostram que, al\u00e9m de fechar o lado direito, ele vem decidindo na frente com frequ\u00eancia cada vez maior.<\/p>\n<p style=\"text-align: justify;\" data-start=\"1328\" data-end=\"1561\">O pr\u00f3ximo desafio? Juventude, no domingo (18), \u00e0s 16h, no Alfredo Jaconi, pela nona rodada do Campeonato Brasileiro. Com 13 pontos, o Fluminense ocupa o quinto lugar na tabela e aposta no bom momento do lateral para subir ainda mais.<\/p>\n<p><a href=\"https:\/\/folhadoleste.com.br\/en\/vida\/\"><img decoding=\"async\" class=\"aligncenter wp-image-113547 size-full\" src=\"https:\/\/folhadoleste.com.br\/wp-content\/uploads\/2025\/03\/Sinteses-da-Vida.png\" alt=\"\" width=\"1800\" height=\"600\" \/><\/a><\/p>\n<p><a href=\"https:\/\/www.instagram.com\/folhadoleste\/\"><img decoding=\"async\" class=\"aligncenter wp-image-109748 size-medium\" src=\"https:\/\/folhadoleste.com.br\/wp-content\/uploads\/2025\/02\/Instagram-Folha-do-Leste-Widget-300x100.png\" alt=\"\" width=\"300\" height=\"100\" \/><\/a><\/p>\n<p><a href=\"https:\/\/facebook.com\/folhadoleste\"><img decoding=\"async\" class=\"aligncenter wp-image-109735 size-medium\" src=\"https:\/\/folhadoleste.com.br\/wp-content\/uploads\/2025\/02\/ANUNCIO-FACEBOOK-FOLHA-DO-LESTE-300x300.png\" alt=\"\" width=\"300\" height=\"300\" \/><\/a><\/p>","protected":false},"excerpt":{"rendered":"<p>Quando o camisa 2 do Fluminense estufa a rede, a torcida respira aliviada. Na vit\u00f3ria por 2 a 0 sobre o Uni\u00f3n Espa\u00f1ola, pela fase de grupos da Sul-Americana, Samuel Xavier mostrou faro de artilheiro: aproveitou o rebote do goleiro, bateu rasteiro, certeiro, e fez seu terceiro gol em 2025. Est\u00e1 a um passo de igualar a temporada mais goleadora da carreira. Se repetir o feito, o lateral-direito alcan\u00e7ar\u00e1 marcas que s\u00f3 havia atingido em 2014, pelo Cear\u00e1, e em 2023, j\u00e1 com a armadura tricolor. Em ambas, marcou quatro vezes. Em 2025, al\u00e9m dos chilenos, balan\u00e7ou as redes contra [&hellip;]<\/p>\n","protected":false},"author":4,"featured_media":123496,"comment_status":"open","ping_status":"open","sticky":false,"template":"","format":"standard","meta":{"footnotes":""},"categories":[48,65],"tags":[60492,23255,105,77949,101,19049,37249,19418,286,18439,4420,21304],"class_list":["post-123494","post","type-post","status-publish","format-standard","has-post-thumbnail","hentry","category-esportes","category-futebol-esportes","tag-brasileirao-2025","tag-camisa-2","tag-esportes","tag-fluminense-2025","tag-futebol","tag-futebol-brasileiro","tag-gols-fluminense","tag-juventude","tag-maracana","tag-samuel-xavier","tag-sul-americana","tag-union-espanola","post--single"],"yoast_head":"<!-- This site is optimized with the Yoast SEO plugin v27.4 - https:\/\/yoast.com\/product\/yoast-seo-wordpress\/ -->\n<title>Samuel Xavier perto de recorde de gols pelo Fluminense em 2025<\/title>\n<meta name=\"description\" content=\"Lateral do Fluminense chega a 3 gols em 2025 e mira melhor temporada da carreira; Veja o resto da reportagem...\" \/>\n<meta name=\"robots\" content=\"index, follow, max-snippet:-1, max-image-preview:large, max-video-preview:-1\" \/>\n<link rel=\"canonical\" href=\"https:\/\/folhadoleste.com.br\/en\/samuel-xavier-mira-recorde-pessoal-de-gols-na-temporada-pelo-fluminense\/\" \/>\n<meta property=\"og:locale\" content=\"en_US\" \/>\n<meta property=\"og:type\" content=\"article\" \/>\n<meta property=\"og:title\" content=\"Samuel Xavier perto de recorde de gols pelo Fluminense em 2025\" \/>\n<meta property=\"og:description\" content=\"Lateral do Fluminense chega a 3 gols em 2025 e mira melhor temporada da carreira; Veja o resto da reportagem...\" \/>\n<meta property=\"og:url\" content=\"https:\/\/folhadoleste.com.br\/en\/samuel-xavier-mira-recorde-pessoal-de-gols-na-temporada-pelo-fluminense\/\" \/>\n<meta property=\"og:site_name\" content=\"Folha do Leste\" \/>\n<meta property=\"article:publisher\" content=\"https:\/\/www.facebook.com\/folhadoleste\" \/>\n<meta property=\"article:published_time\" content=\"2025-05-16T21:14:57+00:00\" \/>\n<meta property=\"og:image\" content=\"https:\/\/folhadoleste.com.br\/wp-content\/uploads\/2025\/05\/Samuel-Xavier-mira-recorde-pessoal-de-gols-na-temporada-pelo-Fluminense-Foto-Lucas-Mercon-Fluminense-FC.jpg\" \/>\n\t<meta property=\"og:image:width\" content=\"1200\" \/>\n\t<meta property=\"og:image:height\" content=\"750\" \/>\n\t<meta property=\"og:image:type\" content=\"image\/jpeg\" \/>\n<meta name=\"author\" content=\"Folha do Leste\" \/>\n<meta name=\"twitter:card\" content=\"summary_large_image\" \/>\n<meta name=\"twitter:creator\" content=\"@FolhadoLesteRJ\" \/>\n<meta name=\"twitter:site\" content=\"@FolhadoLesteRJ\" \/>\n<meta name=\"twitter:label1\" content=\"Written by\" \/>\n\t<meta name=\"twitter:data1\" content=\"Folha do Leste\" \/>\n\t<meta name=\"twitter:label2\" content=\"Est. reading time\" \/>\n\t<meta name=\"twitter:data2\" content=\"3 minutes\" \/>\n<script type=\"application\/ld+json\" class=\"yoast-schema-graph\">{\"@context\":\"https:\\\/\\\/schema.org\",\"@graph\":[{\"@type\":\"NewsArticle\",\"@id\":\"https:\\\/\\\/folhadoleste.com.br\\\/samuel-xavier-mira-recorde-pessoal-de-gols-na-temporada-pelo-fluminense\\\/#article\",\"isPartOf\":{\"@id\":\"https:\\\/\\\/folhadoleste.com.br\\\/samuel-xavier-mira-recorde-pessoal-de-gols-na-temporada-pelo-fluminense\\\/\"},\"author\":{\"name\":\"Folha do Leste\",\"@id\":\"https:\\\/\\\/folhadoleste.com.br\\\/#\\\/schema\\\/person\\\/3e97145b2e1861276e84471aa85a3899\"},\"headline\":\"Samuel Xavier mira recorde pessoal de gols na temporada pelo Fluminense\",\"datePublished\":\"2025-05-16T21:14:57+00:00\",\"mainEntityOfPage\":{\"@id\":\"https:\\\/\\\/folhadoleste.com.br\\\/samuel-xavier-mira-recorde-pessoal-de-gols-na-temporada-pelo-fluminense\\\/\"},\"wordCount\":257,\"commentCount\":0,\"publisher\":{\"@id\":\"https:\\\/\\\/folhadoleste.com.br\\\/#organization\"},\"image\":{\"@id\":\"https:\\\/\\\/folhadoleste.com.br\\\/samuel-xavier-mira-recorde-pessoal-de-gols-na-temporada-pelo-fluminense\\\/#primaryimage\"},\"thumbnailUrl\":\"https:\\\/\\\/folhadoleste.com.br\\\/wp-content\\\/uploads\\\/2025\\\/05\\\/Samuel-Xavier-mira-recorde-pessoal-de-gols-na-temporada-pelo-Fluminense-Foto-Lucas-Mercon-Fluminense-FC.jpg\",\"keywords\":[\"Brasileir\u00e3o 2025\",\"Camisa 2\",\"Esportes\",\"fluminense-2025\",\"futebol\",\"Futebol Brasileiro\",\"gols Fluminense\",\"Juventude\",\"Maracan\u00e3\",\"Samuel Xavier\",\"Sul-Americana\",\"Uni\u00f3n Espa\u00f1ola\"],\"articleSection\":[\"Esportes\",\"Futebol\"],\"inLanguage\":\"en-US\",\"potentialAction\":[{\"@type\":\"CommentAction\",\"name\":\"Comment\",\"target\":[\"https:\\\/\\\/folhadoleste.com.br\\\/samuel-xavier-mira-recorde-pessoal-de-gols-na-temporada-pelo-fluminense\\\/#respond\"]}]},{\"@type\":\"WebPage\",\"@id\":\"https:\\\/\\\/folhadoleste.com.br\\\/samuel-xavier-mira-recorde-pessoal-de-gols-na-temporada-pelo-fluminense\\\/\",\"url\":\"https:\\\/\\\/folhadoleste.com.br\\\/samuel-xavier-mira-recorde-pessoal-de-gols-na-temporada-pelo-fluminense\\\/\",\"name\":\"Samuel Xavier perto de recorde de gols pelo Fluminense em 2025\",\"isPartOf\":{\"@id\":\"https:\\\/\\\/folhadoleste.com.br\\\/#website\"},\"primaryImageOfPage\":{\"@id\":\"https:\\\/\\\/folhadoleste.com.br\\\/samuel-xavier-mira-recorde-pessoal-de-gols-na-temporada-pelo-fluminense\\\/#primaryimage\"},\"image\":{\"@id\":\"https:\\\/\\\/folhadoleste.com.br\\\/samuel-xavier-mira-recorde-pessoal-de-gols-na-temporada-pelo-fluminense\\\/#primaryimage\"},\"thumbnailUrl\":\"https:\\\/\\\/folhadoleste.com.br\\\/wp-content\\\/uploads\\\/2025\\\/05\\\/Samuel-Xavier-mira-recorde-pessoal-de-gols-na-temporada-pelo-Fluminense-Foto-Lucas-Mercon-Fluminense-FC.jpg\",\"datePublished\":\"2025-05-16T21:14:57+00:00\",\"description\":\"Lateral do Fluminense chega a 3 gols em 2025 e mira melhor temporada da carreira; Veja o resto da reportagem...\",\"breadcrumb\":{\"@id\":\"https:\\\/\\\/folhadoleste.com.br\\\/samuel-xavier-mira-recorde-pessoal-de-gols-na-temporada-pelo-fluminense\\\/#breadcrumb\"},\"inLanguage\":\"en-US\",\"potentialAction\":[{\"@type\":\"ReadAction\",\"target\":[\"https:\\\/\\\/folhadoleste.com.br\\\/samuel-xavier-mira-recorde-pessoal-de-gols-na-temporada-pelo-fluminense\\\/\"]}]},{\"@type\":\"ImageObject\",\"inLanguage\":\"en-US\",\"@id\":\"https:\\\/\\\/folhadoleste.com.br\\\/samuel-xavier-mira-recorde-pessoal-de-gols-na-temporada-pelo-fluminense\\\/#primaryimage\",\"url\":\"https:\\\/\\\/folhadoleste.com.br\\\/wp-content\\\/uploads\\\/2025\\\/05\\\/Samuel-Xavier-mira-recorde-pessoal-de-gols-na-temporada-pelo-Fluminense-Foto-Lucas-Mercon-Fluminense-FC.jpg\",\"contentUrl\":\"https:\\\/\\\/folhadoleste.com.br\\\/wp-content\\\/uploads\\\/2025\\\/05\\\/Samuel-Xavier-mira-recorde-pessoal-de-gols-na-temporada-pelo-Fluminense-Foto-Lucas-Mercon-Fluminense-FC.jpg\",\"width\":1200,\"height\":750,\"caption\":\"Samuel Xavier vibra ap\u00f3s marcar contra o Uni\u00f3n Espa\u00f1ola no Maracan\u00e3 | Lucas Mer\u00e7on\\\/Fluminense\"},{\"@type\":\"BreadcrumbList\",\"@id\":\"https:\\\/\\\/folhadoleste.com.br\\\/samuel-xavier-mira-recorde-pessoal-de-gols-na-temporada-pelo-fluminense\\\/#breadcrumb\",\"itemListElement\":[{\"@type\":\"ListItem\",\"position\":1,\"name\":\"In\u00edcio\",\"item\":\"https:\\\/\\\/folhadoleste.com.br\\\/\"},{\"@type\":\"ListItem\",\"position\":2,\"name\":\"Esportes\",\"item\":\"https:\\\/\\\/folhadoleste.com.br\\\/category\\\/esportes\\\/\"},{\"@type\":\"ListItem\",\"position\":3,\"name\":\"Futebol\",\"item\":\"https:\\\/\\\/folhadoleste.com.br\\\/category\\\/esportes\\\/futebol-esportes\\\/\"},{\"@type\":\"ListItem\",\"position\":4,\"name\":\"Samuel Xavier mira recorde pessoal de gols na temporada pelo Fluminense\"}]},{\"@type\":\"WebSite\",\"@id\":\"https:\\\/\\\/folhadoleste.com.br\\\/#website\",\"url\":\"https:\\\/\\\/folhadoleste.com.br\\\/\",\"name\":\"Folha do Leste\",\"description\":\"Portal de Not\u00edcias com \u00eanfase em Niter\u00f3i, criando conte\u00fados desde a capital Rio de Janeiro, com olhar para o Leste Fluminense e suas cidades como S\u00e3o Gon\u00e7alo, Itabora\u00ed, Rio Bonito, Maric\u00e1, Saquarema e Araruama\",\"publisher\":{\"@id\":\"https:\\\/\\\/folhadoleste.com.br\\\/#organization\"},\"alternateName\":\"FL\",\"potentialAction\":[{\"@type\":\"SearchAction\",\"target\":{\"@type\":\"EntryPoint\",\"urlTemplate\":\"https:\\\/\\\/folhadoleste.com.br\\\/?s={search_term_string}\"},\"query-input\":{\"@type\":\"PropertyValueSpecification\",\"valueRequired\":true,\"valueName\":\"search_term_string\"}}],\"inLanguage\":\"en-US\"},{\"@type\":\"Organization\",\"@id\":\"https:\\\/\\\/folhadoleste.com.br\\\/#organization\",\"name\":\"Brasil 21 Comunica\u00e7\u00e3o\",\"alternateName\":\"BR21\",\"url\":\"https:\\\/\\\/folhadoleste.com.br\\\/\",\"logo\":{\"@type\":\"ImageObject\",\"inLanguage\":\"en-US\",\"@id\":\"https:\\\/\\\/folhadoleste.com.br\\\/#\\\/schema\\\/logo\\\/image\\\/\",\"url\":\"https:\\\/\\\/folhadoleste.com.br\\\/wp-content\\\/uploads\\\/2025\\\/12\\\/brasil-21-logomarca.avif\",\"contentUrl\":\"https:\\\/\\\/folhadoleste.com.br\\\/wp-content\\\/uploads\\\/2025\\\/12\\\/brasil-21-logomarca.avif\",\"width\":1044,\"height\":1044,\"caption\":\"Brasil 21 Comunica\u00e7\u00e3o\"},\"image\":{\"@id\":\"https:\\\/\\\/folhadoleste.com.br\\\/#\\\/schema\\\/logo\\\/image\\\/\"},\"sameAs\":[\"https:\\\/\\\/www.facebook.com\\\/folhadoleste\",\"https:\\\/\\\/x.com\\\/FolhadoLesteRJ\",\"https:\\\/\\\/www.instagram.com\\\/folhadoleste\\\/\"]},{\"@type\":\"Person\",\"@id\":\"https:\\\/\\\/folhadoleste.com.br\\\/#\\\/schema\\\/person\\\/3e97145b2e1861276e84471aa85a3899\",\"name\":\"Folha do Leste\",\"image\":{\"@type\":\"ImageObject\",\"inLanguage\":\"en-US\",\"@id\":\"https:\\\/\\\/folhadoleste.com.br\\\/wp-content\\\/litespeed\\\/avatar\\\/1ca8c218432e7045e748610eb3db0259.jpg?ver=1777161142\",\"url\":\"https:\\\/\\\/folhadoleste.com.br\\\/wp-content\\\/litespeed\\\/avatar\\\/1ca8c218432e7045e748610eb3db0259.jpg?ver=1777161142\",\"contentUrl\":\"https:\\\/\\\/folhadoleste.com.br\\\/wp-content\\\/litespeed\\\/avatar\\\/1ca8c218432e7045e748610eb3db0259.jpg?ver=1777161142\",\"caption\":\"Folha do Leste\"},\"url\":\"https:\\\/\\\/folhadoleste.com.br\\\/en\\\/author\\\/reportagem-01\\\/\"}]}<\/script>\n<!-- \/ Yoast SEO plugin. -->","yoast_head_json":{"title":"Samuel Xavier perto de recorde de gols pelo Fluminense em 2025","description":"Lateral do Fluminense chega a 3 gols em 2025 e mira melhor temporada da carreira; Veja o resto da reportagem...","robots":{"index":"index","follow":"follow","max-snippet":"max-snippet:-1","max-image-preview":"max-image-preview:large","max-video-preview":"max-video-preview:-1"},"canonical":"https:\/\/folhadoleste.com.br\/en\/samuel-xavier-mira-recorde-pessoal-de-gols-na-temporada-pelo-fluminense\/","og_locale":"en_US","og_type":"article","og_title":"Samuel Xavier perto de recorde de gols pelo Fluminense em 2025","og_description":"Lateral do Fluminense chega a 3 gols em 2025 e mira melhor temporada da carreira; Veja o resto da reportagem...","og_url":"https:\/\/folhadoleste.com.br\/en\/samuel-xavier-mira-recorde-pessoal-de-gols-na-temporada-pelo-fluminense\/","og_site_name":"Folha do Leste","article_publisher":"https:\/\/www.facebook.com\/folhadoleste","article_published_time":"2025-05-16T21:14:57+00:00","og_image":[{"width":1200,"height":750,"url":"https:\/\/folhadoleste.com.br\/wp-content\/uploads\/2025\/05\/Samuel-Xavier-mira-recorde-pessoal-de-gols-na-temporada-pelo-Fluminense-Foto-Lucas-Mercon-Fluminense-FC.jpg","type":"image\/jpeg"}],"author":"Folha do Leste","twitter_card":"summary_large_image","twitter_creator":"@FolhadoLesteRJ","twitter_site":"@FolhadoLesteRJ","twitter_misc":{"Written by":"Folha do Leste","Est. reading time":"3 minutes"},"schema":{"@context":"https:\/\/schema.org","@graph":[{"@type":"NewsArticle","@id":"https:\/\/folhadoleste.com.br\/samuel-xavier-mira-recorde-pessoal-de-gols-na-temporada-pelo-fluminense\/#article","isPartOf":{"@id":"https:\/\/folhadoleste.com.br\/samuel-xavier-mira-recorde-pessoal-de-gols-na-temporada-pelo-fluminense\/"},"author":{"name":"Folha do Leste","@id":"https:\/\/folhadoleste.com.br\/#\/schema\/person\/3e97145b2e1861276e84471aa85a3899"},"headline":"Samuel Xavier mira recorde pessoal de gols na temporada pelo Fluminense","datePublished":"2025-05-16T21:14:57+00:00","mainEntityOfPage":{"@id":"https:\/\/folhadoleste.com.br\/samuel-xavier-mira-recorde-pessoal-de-gols-na-temporada-pelo-fluminense\/"},"wordCount":257,"commentCount":0,"publisher":{"@id":"https:\/\/folhadoleste.com.br\/#organization"},"image":{"@id":"https:\/\/folhadoleste.com.br\/samuel-xavier-mira-recorde-pessoal-de-gols-na-temporada-pelo-fluminense\/#primaryimage"},"thumbnailUrl":"https:\/\/folhadoleste.com.br\/wp-content\/uploads\/2025\/05\/Samuel-Xavier-mira-recorde-pessoal-de-gols-na-temporada-pelo-Fluminense-Foto-Lucas-Mercon-Fluminense-FC.jpg","keywords":["Brasileir\u00e3o 2025","Camisa 2","Esportes","fluminense-2025","futebol","Futebol Brasileiro","gols Fluminense","Juventude","Maracan\u00e3","Samuel Xavier","Sul-Americana","Uni\u00f3n Espa\u00f1ola"],"articleSection":["Esportes","Futebol"],"inLanguage":"en-US","potentialAction":[{"@type":"CommentAction","name":"Comment","target":["https:\/\/folhadoleste.com.br\/samuel-xavier-mira-recorde-pessoal-de-gols-na-temporada-pelo-fluminense\/#respond"]}]},{"@type":"WebPage","@id":"https:\/\/folhadoleste.com.br\/samuel-xavier-mira-recorde-pessoal-de-gols-na-temporada-pelo-fluminense\/","url":"https:\/\/folhadoleste.com.br\/samuel-xavier-mira-recorde-pessoal-de-gols-na-temporada-pelo-fluminense\/","name":"Samuel Xavier perto de recorde de gols pelo Fluminense em 2025","isPartOf":{"@id":"https:\/\/folhadoleste.com.br\/#website"},"primaryImageOfPage":{"@id":"https:\/\/folhadoleste.com.br\/samuel-xavier-mira-recorde-pessoal-de-gols-na-temporada-pelo-fluminense\/#primaryimage"},"image":{"@id":"https:\/\/folhadoleste.com.br\/samuel-xavier-mira-recorde-pessoal-de-gols-na-temporada-pelo-fluminense\/#primaryimage"},"thumbnailUrl":"https:\/\/folhadoleste.com.br\/wp-content\/uploads\/2025\/05\/Samuel-Xavier-mira-recorde-pessoal-de-gols-na-temporada-pelo-Fluminense-Foto-Lucas-Mercon-Fluminense-FC.jpg","datePublished":"2025-05-16T21:14:57+00:00","description":"Lateral do Fluminense chega a 3 gols em 2025 e mira melhor temporada da carreira; Veja o resto da reportagem...","breadcrumb":{"@id":"https:\/\/folhadoleste.com.br\/samuel-xavier-mira-recorde-pessoal-de-gols-na-temporada-pelo-fluminense\/#breadcrumb"},"inLanguage":"en-US","potentialAction":[{"@type":"ReadAction","target":["https:\/\/folhadoleste.com.br\/samuel-xavier-mira-recorde-pessoal-de-gols-na-temporada-pelo-fluminense\/"]}]},{"@type":"ImageObject","inLanguage":"en-US","@id":"https:\/\/folhadoleste.com.br\/samuel-xavier-mira-recorde-pessoal-de-gols-na-temporada-pelo-fluminense\/#primaryimage","url":"https:\/\/folhadoleste.com.br\/wp-content\/uploads\/2025\/05\/Samuel-Xavier-mira-recorde-pessoal-de-gols-na-temporada-pelo-Fluminense-Foto-Lucas-Mercon-Fluminense-FC.jpg","contentUrl":"https:\/\/folhadoleste.com.br\/wp-content\/uploads\/2025\/05\/Samuel-Xavier-mira-recorde-pessoal-de-gols-na-temporada-pelo-Fluminense-Foto-Lucas-Mercon-Fluminense-FC.jpg","width":1200,"height":750,"caption":"Samuel Xavier vibra ap\u00f3s marcar contra o Uni\u00f3n Espa\u00f1ola no Maracan\u00e3 | Lucas Mer\u00e7on\/Fluminense"},{"@type":"BreadcrumbList","@id":"https:\/\/folhadoleste.com.br\/samuel-xavier-mira-recorde-pessoal-de-gols-na-temporada-pelo-fluminense\/#breadcrumb","itemListElement":[{"@type":"ListItem","position":1,"name":"In\u00edcio","item":"https:\/\/folhadoleste.com.br\/"},{"@type":"ListItem","position":2,"name":"Esportes","item":"https:\/\/folhadoleste.com.br\/category\/esportes\/"},{"@type":"ListItem","position":3,"name":"Futebol","item":"https:\/\/folhadoleste.com.br\/category\/esportes\/futebol-esportes\/"},{"@type":"ListItem","position":4,"name":"Samuel Xavier mira recorde pessoal de gols na temporada pelo Fluminense"}]},{"@type":"WebSite","@id":"https:\/\/folhadoleste.com.br\/#website","url":"https:\/\/folhadoleste.com.br\/","name":"Folha do Leste","description":"Portal de Not\u00edcias com \u00eanfase em Niter\u00f3i, criando conte\u00fados desde a capital Rio de Janeiro, com olhar para o Leste Fluminense e suas cidades como S\u00e3o Gon\u00e7alo, Itabora\u00ed, Rio Bonito, Maric\u00e1, Saquarema e Araruama","publisher":{"@id":"https:\/\/folhadoleste.com.br\/#organization"},"alternateName":"FL","potentialAction":[{"@type":"SearchAction","target":{"@type":"EntryPoint","urlTemplate":"https:\/\/folhadoleste.com.br\/?s={search_term_string}"},"query-input":{"@type":"PropertyValueSpecification","valueRequired":true,"valueName":"search_term_string"}}],"inLanguage":"en-US"},{"@type":"Organization","@id":"https:\/\/folhadoleste.com.br\/#organization","name":"Brasil 21 Comunica\u00e7\u00e3o","alternateName":"BR21","url":"https:\/\/folhadoleste.com.br\/","logo":{"@type":"ImageObject","inLanguage":"en-US","@id":"https:\/\/folhadoleste.com.br\/#\/schema\/logo\/image\/","url":"https:\/\/folhadoleste.com.br\/wp-content\/uploads\/2025\/12\/brasil-21-logomarca.avif","contentUrl":"https:\/\/folhadoleste.com.br\/wp-content\/uploads\/2025\/12\/brasil-21-logomarca.avif","width":1044,"height":1044,"caption":"Brasil 21 Comunica\u00e7\u00e3o"},"image":{"@id":"https:\/\/folhadoleste.com.br\/#\/schema\/logo\/image\/"},"sameAs":["https:\/\/www.facebook.com\/folhadoleste","https:\/\/x.com\/FolhadoLesteRJ","https:\/\/www.instagram.com\/folhadoleste\/"]},{"@type":"Person","@id":"https:\/\/folhadoleste.com.br\/#\/schema\/person\/3e97145b2e1861276e84471aa85a3899","name":"Folha do Leste","image":{"@type":"ImageObject","inLanguage":"en-US","@id":"https:\/\/folhadoleste.com.br\/wp-content\/litespeed\/avatar\/1ca8c218432e7045e748610eb3db0259.jpg?ver=1777161142","url":"https:\/\/folhadoleste.com.br\/wp-content\/litespeed\/avatar\/1ca8c218432e7045e748610eb3db0259.jpg?ver=1777161142","contentUrl":"https:\/\/folhadoleste.com.br\/wp-content\/litespeed\/avatar\/1ca8c218432e7045e748610eb3db0259.jpg?ver=1777161142","caption":"Folha do Leste"},"url":"https:\/\/folhadoleste.com.br\/en\/author\/reportagem-01\/"}]}},"_links":{"self":[{"href":"https:\/\/folhadoleste.com.br\/en\/wp-json\/wp\/v2\/posts\/123494","targetHints":{"allow":["GET"]}}],"collection":[{"href":"https:\/\/folhadoleste.com.br\/en\/wp-json\/wp\/v2\/posts"}],"about":[{"href":"https:\/\/folhadoleste.com.br\/en\/wp-json\/wp\/v2\/types\/post"}],"author":[{"embeddable":true,"href":"https:\/\/folhadoleste.com.br\/en\/wp-json\/wp\/v2\/users\/4"}],"replies":[{"embeddable":true,"href":"https:\/\/folhadoleste.com.br\/en\/wp-json\/wp\/v2\/comments?post=123494"}],"version-history":[{"count":1,"href":"https:\/\/folhadoleste.com.br\/en\/wp-json\/wp\/v2\/posts\/123494\/revisions"}],"predecessor-version":[{"id":123497,"href":"https:\/\/folhadoleste.com.br\/en\/wp-json\/wp\/v2\/posts\/123494\/revisions\/123497"}],"wp:featuredmedia":[{"embeddable":true,"href":"https:\/\/folhadoleste.com.br\/en\/wp-json\/wp\/v2\/media\/123496"}],"wp:attachment":[{"href":"https:\/\/folhadoleste.com.br\/en\/wp-json\/wp\/v2\/media?parent=123494"}],"wp:term":[{"taxonomy":"category","embeddable":true,"href":"https:\/\/folhadoleste.com.br\/en\/wp-json\/wp\/v2\/categories?post=123494"},{"taxonomy":"post_tag","embeddable":true,"href":"https:\/\/folhadoleste.com.br\/en\/wp-json\/wp\/v2\/tags?post=123494"}],"curies":[{"name":"wp","href":"https:\/\/api.w.org\/{rel}","templated":true}]}}