{"id":122597,"date":"2025-05-08T11:46:50","date_gmt":"2025-05-08T14:46:50","guid":{"rendered":"https:\/\/folhadoleste.com.br\/?p=122597"},"modified":"2025-05-08T11:46:50","modified_gmt":"2025-05-08T14:46:50","slug":"canobbio-do-bom-comeco-a-polemica-entre-fluminense-e-athletico-pr","status":"publish","type":"post","link":"https:\/\/folhadoleste.com.br\/en\/canobbio-do-bom-comeco-a-polemica-entre-fluminense-e-athletico-pr\/","title":{"rendered":"Canobbio: Do bom come\u00e7o \u00e0 pol\u00eamica entre Fluminense e Athletico-PR"},"content":{"rendered":"<div id=\"attachment_122599\" style=\"width: 1210px\" class=\"wp-caption aligncenter\"><img decoding=\"async\" aria-describedby=\"caption-attachment-122599\" class=\"size-full wp-image-122599\" src=\"https:\/\/folhadoleste.com.br\/wp-content\/uploads\/2025\/05\/Canobbio-Do-bom-comeco-a-polemica-entre-Fluminense-e-Foto-Divulgacao-Fluminense.jpg\" alt=\"\" width=\"1200\" height=\"749\" \/><p id=\"caption-attachment-122599\" class=\"wp-caption-text\">Canobbio: Do bom come\u00e7o \u00e0 pol\u00eamica entre Fluminense e Athletico-PR | Divulga\u00e7\u00e3o\/Fluminense<\/p><\/div>\n<p class=\"\" style=\"text-align: justify;\" data-start=\"385\" data-end=\"604\">O Fluminense nega d\u00edvida por Agustin Canobbio ap\u00f3s declara\u00e7\u00f5es do presidente do Athletico-PR circularem nas redes sociais. O uruguaio, comprado por 6 milh\u00f5es de euros, vive momento de instabilidade no clube carioca.<\/p>\n<p class=\"\" style=\"text-align: justify;\" data-start=\"606\" data-end=\"836\">A confus\u00e3o come\u00e7ou quando \u00e1udios atribu\u00eddos a Mario Celso Petraglia, presidente do Athletico-PR, vieram a p\u00fablico. Nas grava\u00e7\u00f5es, Petraglia afirma que o Fluminense n\u00e3o teria quitado a primeira parcela da transfer\u00eancia do atacante.<\/p>\n<h5><a href=\"https:\/\/chat.whatsapp.com\/ItvWOvY08sCCpPxovKnYb6\"><img decoding=\"async\" class=\"aligncenter wp-image-109746 size-full\" src=\"https:\/\/folhadoleste.com.br\/wp-content\/uploads\/2025\/02\/WHATSAPP-FOLHA-DO-LESTE-600x200-1.png\" alt=\"\" width=\"600\" height=\"200\" \/><\/a><\/h5>\n<p class=\"\" style=\"text-align: justify;\" data-start=\"838\" data-end=\"1164\">Diante da repercuss\u00e3o, Mattheus Montenegro, vice-presidente do Fluminense, respondeu rapidamente. Em publica\u00e7\u00e3o na rede social &#8220;X&#8221;, antigo Twitter, ele negou qualquer atraso no pagamento.<\/p>\n<blockquote>\n<p class=\"\" style=\"text-align: justify;\" data-start=\"838\" data-end=\"1164\">\u201cEm rela\u00e7\u00e3o ao Fluminense, o presidente Petraglia se equivocou com essa mensagem. Estamos rigorosamente em dia com o pagamento\u201d, declarou.<\/p>\n<\/blockquote>\n<p class=\"\" style=\"text-align: justify;\" data-start=\"1166\" data-end=\"1465\">Logo depois, o pr\u00f3prio Athletico-PR confirmou a fala do dirigente tricolor.<\/p>\n<blockquote>\n<p class=\"\" style=\"text-align: justify;\" data-start=\"1166\" data-end=\"1465\">\u201cO Athletico-PR informa que n\u00e3o h\u00e1 nenhum pagamento pendente por parte do Fluminense relativo \u00e0 primeira parcela da venda dos direitos econ\u00f4micos do atleta Canobbio\u201d, disse o clube paranaense por meio de comunicado oficial.<\/p>\n<\/blockquote>\n<h3 style=\"text-align: justify;\" data-start=\"1472\" data-end=\"1535\"><em>Contrato e desempenho de Canobbio no Fluminense<\/em><\/h3>\n<p class=\"\" style=\"text-align: justify;\" data-start=\"1537\" data-end=\"1790\">Agustin Canobbio, de 26 anos, foi contratado pelo Fluminense com v\u00ednculo at\u00e9 o fim de 2028. A negocia\u00e7\u00e3o foi fechada no valor de 6 milh\u00f5es de euros, aproximadamente R$ 37 milh\u00f5es. Esse valor fez dele a contrata\u00e7\u00e3o mais cara da hist\u00f3ria do clube carioca.<\/p>\n<h5 style=\"text-align: center;\"><span style=\"color: #000000;\"><span style=\"color: #ff0000;\"><strong>+ <\/strong><\/span><\/span><span style=\"color: #000000;\"><strong><span style=\"color: #ff9900;\">MAIS NOT\u00cdCIAS DE ESPORTES?<\/span> <span style=\"color: #008080;\"><a style=\"color: #008080;\" href=\"https:\/\/folhadoleste.com.br\/en\/category\/esportes\/\">CLIQUE AQUI<\/a><\/span><\/strong><\/span><\/h5>\n<p class=\"\" style=\"text-align: justify;\" data-start=\"1792\" data-end=\"2000\">Desde sua chegada, o atacante participou de 22 jogos. Ele marcou cinco gols e concedeu duas assist\u00eancias. Apesar do in\u00edcio promissor, Canobbio perdeu espa\u00e7o na equipe e, atualmente, est\u00e1 no banco de reservas.<\/p>\n<p class=\"\" style=\"text-align: justify;\" data-start=\"2002\" data-end=\"2224\">Mesmo com a oscila\u00e7\u00e3o em campo, o nome do jogador voltou a ganhar destaque por quest\u00f5es extracampo. A diretoria tricolor trabalha para evitar que conflitos administrativos afetem o rendimento do elenco durante a temporada.<\/p>\n<p><a href=\"https:\/\/folhadoleste.com.br\/en\/vida\/\"><img decoding=\"async\" class=\"aligncenter wp-image-113547 size-full\" src=\"https:\/\/folhadoleste.com.br\/wp-content\/uploads\/2025\/03\/Sinteses-da-Vida.png\" alt=\"\" width=\"1800\" height=\"600\" \/><\/a><\/p>\n<p><a href=\"https:\/\/www.instagram.com\/folhadoleste\/\"><img decoding=\"async\" class=\"aligncenter wp-image-109748 size-medium\" src=\"https:\/\/folhadoleste.com.br\/wp-content\/uploads\/2025\/02\/Instagram-Folha-do-Leste-Widget-300x100.png\" alt=\"\" width=\"300\" height=\"100\" \/><\/a><\/p>\n<p><a href=\"https:\/\/facebook.com\/folhadoleste\"><img decoding=\"async\" class=\"aligncenter wp-image-109735 size-medium\" src=\"https:\/\/folhadoleste.com.br\/wp-content\/uploads\/2025\/02\/ANUNCIO-FACEBOOK-FOLHA-DO-LESTE-300x300.png\" alt=\"\" width=\"300\" height=\"300\" \/><\/a><\/p>","protected":false},"excerpt":{"rendered":"<p>O Fluminense nega d\u00edvida por Agustin Canobbio ap\u00f3s declara\u00e7\u00f5es do presidente do Athletico-PR circularem nas redes sociais. O uruguaio, comprado por 6 milh\u00f5es de euros, vive momento de instabilidade no clube carioca. A confus\u00e3o come\u00e7ou quando \u00e1udios atribu\u00eddos a Mario Celso Petraglia, presidente do Athletico-PR, vieram a p\u00fablico. Nas grava\u00e7\u00f5es, Petraglia afirma que o Fluminense n\u00e3o teria quitado a primeira parcela da transfer\u00eancia do atacante. Diante da repercuss\u00e3o, Mattheus Montenegro, vice-presidente do Fluminense, respondeu rapidamente. Em publica\u00e7\u00e3o na rede social &#8220;X&#8221;, antigo Twitter, ele negou qualquer atraso no pagamento. \u201cEm rela\u00e7\u00e3o ao Fluminense, o presidente Petraglia se equivocou com essa [&hellip;]<\/p>\n","protected":false},"author":4,"featured_media":122599,"comment_status":"open","ping_status":"open","sticky":false,"template":"","format":"standard","meta":{"footnotes":""},"categories":[48,65],"tags":[57881,543,105,124,101,7978],"class_list":["post-122597","post","type-post","status-publish","format-standard","has-post-thumbnail","hentry","category-esportes","category-futebol-esportes","tag-agustin-canobbio","tag-athletico-pr","tag-esportes","tag-fluminense","tag-futebol","tag-polemica","post--single"],"yoast_head":"<!-- This site is optimized with the Yoast SEO plugin v27.4 - https:\/\/yoast.com\/product\/yoast-seo-wordpress\/ -->\n<title>Canobbio: Do bom come\u00e7o \u00e0 pol\u00eamica entre Fluminense e Athletico-PR &#8226; Folha do Leste<\/title>\n<meta name=\"description\" content=\"Canobbio: Do bom come\u00e7o \u00e0 pol\u00eamica entre Fluminense e Athletico-PR. Redes sociais foram palco da pol\u00eamica recente...\" \/>\n<meta name=\"robots\" content=\"index, follow, max-snippet:-1, max-image-preview:large, max-video-preview:-1\" \/>\n<link rel=\"canonical\" href=\"https:\/\/folhadoleste.com.br\/en\/canobbio-do-bom-comeco-a-polemica-entre-fluminense-e-athletico-pr\/\" \/>\n<meta property=\"og:locale\" content=\"en_US\" \/>\n<meta property=\"og:type\" content=\"article\" \/>\n<meta property=\"og:title\" content=\"Canobbio: Do bom come\u00e7o \u00e0 pol\u00eamica entre Fluminense e Athletico-PR &#8226; Folha do Leste\" \/>\n<meta property=\"og:description\" content=\"Canobbio: Do bom come\u00e7o \u00e0 pol\u00eamica entre Fluminense e Athletico-PR. Redes sociais foram palco da pol\u00eamica recente...\" \/>\n<meta property=\"og:url\" content=\"https:\/\/folhadoleste.com.br\/en\/canobbio-do-bom-comeco-a-polemica-entre-fluminense-e-athletico-pr\/\" \/>\n<meta property=\"og:site_name\" content=\"Folha do Leste\" \/>\n<meta property=\"article:publisher\" content=\"https:\/\/www.facebook.com\/folhadoleste\" \/>\n<meta property=\"article:published_time\" content=\"2025-05-08T14:46:50+00:00\" \/>\n<meta property=\"og:image\" content=\"https:\/\/folhadoleste.com.br\/wp-content\/uploads\/2025\/05\/Canobbio-Do-bom-comeco-a-polemica-entre-Fluminense-e-Foto-Divulgacao-Fluminense.jpg\" \/>\n\t<meta property=\"og:image:width\" content=\"1200\" \/>\n\t<meta property=\"og:image:height\" content=\"749\" \/>\n\t<meta property=\"og:image:type\" content=\"image\/jpeg\" \/>\n<meta name=\"author\" content=\"Folha do Leste\" \/>\n<meta name=\"twitter:card\" content=\"summary_large_image\" \/>\n<meta name=\"twitter:creator\" content=\"@FolhadoLesteRJ\" \/>\n<meta name=\"twitter:site\" content=\"@FolhadoLesteRJ\" \/>\n<meta name=\"twitter:label1\" content=\"Written by\" \/>\n\t<meta name=\"twitter:data1\" content=\"Folha do Leste\" \/>\n\t<meta name=\"twitter:label2\" content=\"Est. reading time\" \/>\n\t<meta name=\"twitter:data2\" content=\"3 minutes\" \/>\n<script type=\"application\/ld+json\" class=\"yoast-schema-graph\">{\"@context\":\"https:\\\/\\\/schema.org\",\"@graph\":[{\"@type\":\"NewsArticle\",\"@id\":\"https:\\\/\\\/folhadoleste.com.br\\\/canobbio-do-bom-comeco-a-polemica-entre-fluminense-e-athletico-pr\\\/#article\",\"isPartOf\":{\"@id\":\"https:\\\/\\\/folhadoleste.com.br\\\/canobbio-do-bom-comeco-a-polemica-entre-fluminense-e-athletico-pr\\\/\"},\"author\":{\"name\":\"Folha do Leste\",\"@id\":\"https:\\\/\\\/folhadoleste.com.br\\\/#\\\/schema\\\/person\\\/3e97145b2e1861276e84471aa85a3899\"},\"headline\":\"Canobbio: Do bom come\u00e7o \u00e0 pol\u00eamica entre Fluminense e Athletico-PR\",\"datePublished\":\"2025-05-08T14:46:50+00:00\",\"mainEntityOfPage\":{\"@id\":\"https:\\\/\\\/folhadoleste.com.br\\\/canobbio-do-bom-comeco-a-polemica-entre-fluminense-e-athletico-pr\\\/\"},\"wordCount\":332,\"commentCount\":0,\"publisher\":{\"@id\":\"https:\\\/\\\/folhadoleste.com.br\\\/#organization\"},\"image\":{\"@id\":\"https:\\\/\\\/folhadoleste.com.br\\\/canobbio-do-bom-comeco-a-polemica-entre-fluminense-e-athletico-pr\\\/#primaryimage\"},\"thumbnailUrl\":\"https:\\\/\\\/folhadoleste.com.br\\\/wp-content\\\/uploads\\\/2025\\\/05\\\/Canobbio-Do-bom-comeco-a-polemica-entre-Fluminense-e-Foto-Divulgacao-Fluminense.jpg\",\"keywords\":[\"Agust\u00edn Canobbio\",\"Athletico (PR)\",\"Esportes\",\"fluminense\",\"futebol\",\"pol\u00eamica\"],\"articleSection\":[\"Esportes\",\"Futebol\"],\"inLanguage\":\"en-US\",\"potentialAction\":[{\"@type\":\"CommentAction\",\"name\":\"Comment\",\"target\":[\"https:\\\/\\\/folhadoleste.com.br\\\/canobbio-do-bom-comeco-a-polemica-entre-fluminense-e-athletico-pr\\\/#respond\"]}]},{\"@type\":\"WebPage\",\"@id\":\"https:\\\/\\\/folhadoleste.com.br\\\/canobbio-do-bom-comeco-a-polemica-entre-fluminense-e-athletico-pr\\\/\",\"url\":\"https:\\\/\\\/folhadoleste.com.br\\\/canobbio-do-bom-comeco-a-polemica-entre-fluminense-e-athletico-pr\\\/\",\"name\":\"Canobbio: Do bom come\u00e7o \u00e0 pol\u00eamica entre Fluminense e Athletico-PR &#8226; Folha do Leste\",\"isPartOf\":{\"@id\":\"https:\\\/\\\/folhadoleste.com.br\\\/#website\"},\"primaryImageOfPage\":{\"@id\":\"https:\\\/\\\/folhadoleste.com.br\\\/canobbio-do-bom-comeco-a-polemica-entre-fluminense-e-athletico-pr\\\/#primaryimage\"},\"image\":{\"@id\":\"https:\\\/\\\/folhadoleste.com.br\\\/canobbio-do-bom-comeco-a-polemica-entre-fluminense-e-athletico-pr\\\/#primaryimage\"},\"thumbnailUrl\":\"https:\\\/\\\/folhadoleste.com.br\\\/wp-content\\\/uploads\\\/2025\\\/05\\\/Canobbio-Do-bom-comeco-a-polemica-entre-Fluminense-e-Foto-Divulgacao-Fluminense.jpg\",\"datePublished\":\"2025-05-08T14:46:50+00:00\",\"description\":\"Canobbio: Do bom come\u00e7o \u00e0 pol\u00eamica entre Fluminense e Athletico-PR. Redes sociais foram palco da pol\u00eamica recente...\",\"breadcrumb\":{\"@id\":\"https:\\\/\\\/folhadoleste.com.br\\\/canobbio-do-bom-comeco-a-polemica-entre-fluminense-e-athletico-pr\\\/#breadcrumb\"},\"inLanguage\":\"en-US\",\"potentialAction\":[{\"@type\":\"ReadAction\",\"target\":[\"https:\\\/\\\/folhadoleste.com.br\\\/canobbio-do-bom-comeco-a-polemica-entre-fluminense-e-athletico-pr\\\/\"]}]},{\"@type\":\"ImageObject\",\"inLanguage\":\"en-US\",\"@id\":\"https:\\\/\\\/folhadoleste.com.br\\\/canobbio-do-bom-comeco-a-polemica-entre-fluminense-e-athletico-pr\\\/#primaryimage\",\"url\":\"https:\\\/\\\/folhadoleste.com.br\\\/wp-content\\\/uploads\\\/2025\\\/05\\\/Canobbio-Do-bom-comeco-a-polemica-entre-Fluminense-e-Foto-Divulgacao-Fluminense.jpg\",\"contentUrl\":\"https:\\\/\\\/folhadoleste.com.br\\\/wp-content\\\/uploads\\\/2025\\\/05\\\/Canobbio-Do-bom-comeco-a-polemica-entre-Fluminense-e-Foto-Divulgacao-Fluminense.jpg\",\"width\":1200,\"height\":749,\"caption\":\"Canobbio: Do bom come\u00e7o \u00e0 pol\u00eamica entre Fluminense e Athletico-PR | Divulga\u00e7\u00e3o\\\/Fluminense\"},{\"@type\":\"BreadcrumbList\",\"@id\":\"https:\\\/\\\/folhadoleste.com.br\\\/canobbio-do-bom-comeco-a-polemica-entre-fluminense-e-athletico-pr\\\/#breadcrumb\",\"itemListElement\":[{\"@type\":\"ListItem\",\"position\":1,\"name\":\"In\u00edcio\",\"item\":\"https:\\\/\\\/folhadoleste.com.br\\\/\"},{\"@type\":\"ListItem\",\"position\":2,\"name\":\"Esportes\",\"item\":\"https:\\\/\\\/folhadoleste.com.br\\\/category\\\/esportes\\\/\"},{\"@type\":\"ListItem\",\"position\":3,\"name\":\"Futebol\",\"item\":\"https:\\\/\\\/folhadoleste.com.br\\\/category\\\/esportes\\\/futebol-esportes\\\/\"},{\"@type\":\"ListItem\",\"position\":4,\"name\":\"Canobbio: Do bom come\u00e7o \u00e0 pol\u00eamica entre Fluminense e Athletico-PR\"}]},{\"@type\":\"WebSite\",\"@id\":\"https:\\\/\\\/folhadoleste.com.br\\\/#website\",\"url\":\"https:\\\/\\\/folhadoleste.com.br\\\/\",\"name\":\"Folha do Leste\",\"description\":\"Portal de Not\u00edcias com \u00eanfase em Niter\u00f3i, criando conte\u00fados desde a capital Rio de Janeiro, com olhar para o Leste Fluminense e suas cidades como S\u00e3o Gon\u00e7alo, Itabora\u00ed, Rio Bonito, Maric\u00e1, Saquarema e Araruama\",\"publisher\":{\"@id\":\"https:\\\/\\\/folhadoleste.com.br\\\/#organization\"},\"alternateName\":\"FL\",\"potentialAction\":[{\"@type\":\"SearchAction\",\"target\":{\"@type\":\"EntryPoint\",\"urlTemplate\":\"https:\\\/\\\/folhadoleste.com.br\\\/?s={search_term_string}\"},\"query-input\":{\"@type\":\"PropertyValueSpecification\",\"valueRequired\":true,\"valueName\":\"search_term_string\"}}],\"inLanguage\":\"en-US\"},{\"@type\":\"Organization\",\"@id\":\"https:\\\/\\\/folhadoleste.com.br\\\/#organization\",\"name\":\"Brasil 21 Comunica\u00e7\u00e3o\",\"alternateName\":\"BR21\",\"url\":\"https:\\\/\\\/folhadoleste.com.br\\\/\",\"logo\":{\"@type\":\"ImageObject\",\"inLanguage\":\"en-US\",\"@id\":\"https:\\\/\\\/folhadoleste.com.br\\\/#\\\/schema\\\/logo\\\/image\\\/\",\"url\":\"https:\\\/\\\/folhadoleste.com.br\\\/wp-content\\\/uploads\\\/2025\\\/12\\\/brasil-21-logomarca.avif\",\"contentUrl\":\"https:\\\/\\\/folhadoleste.com.br\\\/wp-content\\\/uploads\\\/2025\\\/12\\\/brasil-21-logomarca.avif\",\"width\":1044,\"height\":1044,\"caption\":\"Brasil 21 Comunica\u00e7\u00e3o\"},\"image\":{\"@id\":\"https:\\\/\\\/folhadoleste.com.br\\\/#\\\/schema\\\/logo\\\/image\\\/\"},\"sameAs\":[\"https:\\\/\\\/www.facebook.com\\\/folhadoleste\",\"https:\\\/\\\/x.com\\\/FolhadoLesteRJ\",\"https:\\\/\\\/www.instagram.com\\\/folhadoleste\\\/\"]},{\"@type\":\"Person\",\"@id\":\"https:\\\/\\\/folhadoleste.com.br\\\/#\\\/schema\\\/person\\\/3e97145b2e1861276e84471aa85a3899\",\"name\":\"Folha do Leste\",\"image\":{\"@type\":\"ImageObject\",\"inLanguage\":\"en-US\",\"@id\":\"https:\\\/\\\/folhadoleste.com.br\\\/wp-content\\\/litespeed\\\/avatar\\\/1ca8c218432e7045e748610eb3db0259.jpg?ver=1777161142\",\"url\":\"https:\\\/\\\/folhadoleste.com.br\\\/wp-content\\\/litespeed\\\/avatar\\\/1ca8c218432e7045e748610eb3db0259.jpg?ver=1777161142\",\"contentUrl\":\"https:\\\/\\\/folhadoleste.com.br\\\/wp-content\\\/litespeed\\\/avatar\\\/1ca8c218432e7045e748610eb3db0259.jpg?ver=1777161142\",\"caption\":\"Folha do Leste\"},\"url\":\"https:\\\/\\\/folhadoleste.com.br\\\/en\\\/author\\\/reportagem-01\\\/\"}]}<\/script>\n<!-- \/ Yoast SEO plugin. -->","yoast_head_json":{"title":"Canobbio: Do bom come\u00e7o \u00e0 pol\u00eamica entre Fluminense e Athletico-PR &#8226; Folha do Leste","description":"Canobbio: Do bom come\u00e7o \u00e0 pol\u00eamica entre Fluminense e Athletico-PR. Redes sociais foram palco da pol\u00eamica recente...","robots":{"index":"index","follow":"follow","max-snippet":"max-snippet:-1","max-image-preview":"max-image-preview:large","max-video-preview":"max-video-preview:-1"},"canonical":"https:\/\/folhadoleste.com.br\/en\/canobbio-do-bom-comeco-a-polemica-entre-fluminense-e-athletico-pr\/","og_locale":"en_US","og_type":"article","og_title":"Canobbio: Do bom come\u00e7o \u00e0 pol\u00eamica entre Fluminense e Athletico-PR &#8226; Folha do Leste","og_description":"Canobbio: Do bom come\u00e7o \u00e0 pol\u00eamica entre Fluminense e Athletico-PR. Redes sociais foram palco da pol\u00eamica recente...","og_url":"https:\/\/folhadoleste.com.br\/en\/canobbio-do-bom-comeco-a-polemica-entre-fluminense-e-athletico-pr\/","og_site_name":"Folha do Leste","article_publisher":"https:\/\/www.facebook.com\/folhadoleste","article_published_time":"2025-05-08T14:46:50+00:00","og_image":[{"width":1200,"height":749,"url":"https:\/\/folhadoleste.com.br\/wp-content\/uploads\/2025\/05\/Canobbio-Do-bom-comeco-a-polemica-entre-Fluminense-e-Foto-Divulgacao-Fluminense.jpg","type":"image\/jpeg"}],"author":"Folha do Leste","twitter_card":"summary_large_image","twitter_creator":"@FolhadoLesteRJ","twitter_site":"@FolhadoLesteRJ","twitter_misc":{"Written by":"Folha do Leste","Est. reading time":"3 minutes"},"schema":{"@context":"https:\/\/schema.org","@graph":[{"@type":"NewsArticle","@id":"https:\/\/folhadoleste.com.br\/canobbio-do-bom-comeco-a-polemica-entre-fluminense-e-athletico-pr\/#article","isPartOf":{"@id":"https:\/\/folhadoleste.com.br\/canobbio-do-bom-comeco-a-polemica-entre-fluminense-e-athletico-pr\/"},"author":{"name":"Folha do Leste","@id":"https:\/\/folhadoleste.com.br\/#\/schema\/person\/3e97145b2e1861276e84471aa85a3899"},"headline":"Canobbio: Do bom come\u00e7o \u00e0 pol\u00eamica entre Fluminense e Athletico-PR","datePublished":"2025-05-08T14:46:50+00:00","mainEntityOfPage":{"@id":"https:\/\/folhadoleste.com.br\/canobbio-do-bom-comeco-a-polemica-entre-fluminense-e-athletico-pr\/"},"wordCount":332,"commentCount":0,"publisher":{"@id":"https:\/\/folhadoleste.com.br\/#organization"},"image":{"@id":"https:\/\/folhadoleste.com.br\/canobbio-do-bom-comeco-a-polemica-entre-fluminense-e-athletico-pr\/#primaryimage"},"thumbnailUrl":"https:\/\/folhadoleste.com.br\/wp-content\/uploads\/2025\/05\/Canobbio-Do-bom-comeco-a-polemica-entre-Fluminense-e-Foto-Divulgacao-Fluminense.jpg","keywords":["Agust\u00edn Canobbio","Athletico (PR)","Esportes","fluminense","futebol","pol\u00eamica"],"articleSection":["Esportes","Futebol"],"inLanguage":"en-US","potentialAction":[{"@type":"CommentAction","name":"Comment","target":["https:\/\/folhadoleste.com.br\/canobbio-do-bom-comeco-a-polemica-entre-fluminense-e-athletico-pr\/#respond"]}]},{"@type":"WebPage","@id":"https:\/\/folhadoleste.com.br\/canobbio-do-bom-comeco-a-polemica-entre-fluminense-e-athletico-pr\/","url":"https:\/\/folhadoleste.com.br\/canobbio-do-bom-comeco-a-polemica-entre-fluminense-e-athletico-pr\/","name":"Canobbio: Do bom come\u00e7o \u00e0 pol\u00eamica entre Fluminense e Athletico-PR &#8226; Folha do Leste","isPartOf":{"@id":"https:\/\/folhadoleste.com.br\/#website"},"primaryImageOfPage":{"@id":"https:\/\/folhadoleste.com.br\/canobbio-do-bom-comeco-a-polemica-entre-fluminense-e-athletico-pr\/#primaryimage"},"image":{"@id":"https:\/\/folhadoleste.com.br\/canobbio-do-bom-comeco-a-polemica-entre-fluminense-e-athletico-pr\/#primaryimage"},"thumbnailUrl":"https:\/\/folhadoleste.com.br\/wp-content\/uploads\/2025\/05\/Canobbio-Do-bom-comeco-a-polemica-entre-Fluminense-e-Foto-Divulgacao-Fluminense.jpg","datePublished":"2025-05-08T14:46:50+00:00","description":"Canobbio: Do bom come\u00e7o \u00e0 pol\u00eamica entre Fluminense e Athletico-PR. Redes sociais foram palco da pol\u00eamica recente...","breadcrumb":{"@id":"https:\/\/folhadoleste.com.br\/canobbio-do-bom-comeco-a-polemica-entre-fluminense-e-athletico-pr\/#breadcrumb"},"inLanguage":"en-US","potentialAction":[{"@type":"ReadAction","target":["https:\/\/folhadoleste.com.br\/canobbio-do-bom-comeco-a-polemica-entre-fluminense-e-athletico-pr\/"]}]},{"@type":"ImageObject","inLanguage":"en-US","@id":"https:\/\/folhadoleste.com.br\/canobbio-do-bom-comeco-a-polemica-entre-fluminense-e-athletico-pr\/#primaryimage","url":"https:\/\/folhadoleste.com.br\/wp-content\/uploads\/2025\/05\/Canobbio-Do-bom-comeco-a-polemica-entre-Fluminense-e-Foto-Divulgacao-Fluminense.jpg","contentUrl":"https:\/\/folhadoleste.com.br\/wp-content\/uploads\/2025\/05\/Canobbio-Do-bom-comeco-a-polemica-entre-Fluminense-e-Foto-Divulgacao-Fluminense.jpg","width":1200,"height":749,"caption":"Canobbio: Do bom come\u00e7o \u00e0 pol\u00eamica entre Fluminense e Athletico-PR | Divulga\u00e7\u00e3o\/Fluminense"},{"@type":"BreadcrumbList","@id":"https:\/\/folhadoleste.com.br\/canobbio-do-bom-comeco-a-polemica-entre-fluminense-e-athletico-pr\/#breadcrumb","itemListElement":[{"@type":"ListItem","position":1,"name":"In\u00edcio","item":"https:\/\/folhadoleste.com.br\/"},{"@type":"ListItem","position":2,"name":"Esportes","item":"https:\/\/folhadoleste.com.br\/category\/esportes\/"},{"@type":"ListItem","position":3,"name":"Futebol","item":"https:\/\/folhadoleste.com.br\/category\/esportes\/futebol-esportes\/"},{"@type":"ListItem","position":4,"name":"Canobbio: Do bom come\u00e7o \u00e0 pol\u00eamica entre Fluminense e Athletico-PR"}]},{"@type":"WebSite","@id":"https:\/\/folhadoleste.com.br\/#website","url":"https:\/\/folhadoleste.com.br\/","name":"Folha do Leste","description":"Portal de Not\u00edcias com \u00eanfase em Niter\u00f3i, criando conte\u00fados desde a capital Rio de Janeiro, com olhar para o Leste Fluminense e suas cidades como S\u00e3o Gon\u00e7alo, Itabora\u00ed, Rio Bonito, Maric\u00e1, Saquarema e Araruama","publisher":{"@id":"https:\/\/folhadoleste.com.br\/#organization"},"alternateName":"FL","potentialAction":[{"@type":"SearchAction","target":{"@type":"EntryPoint","urlTemplate":"https:\/\/folhadoleste.com.br\/?s={search_term_string}"},"query-input":{"@type":"PropertyValueSpecification","valueRequired":true,"valueName":"search_term_string"}}],"inLanguage":"en-US"},{"@type":"Organization","@id":"https:\/\/folhadoleste.com.br\/#organization","name":"Brasil 21 Comunica\u00e7\u00e3o","alternateName":"BR21","url":"https:\/\/folhadoleste.com.br\/","logo":{"@type":"ImageObject","inLanguage":"en-US","@id":"https:\/\/folhadoleste.com.br\/#\/schema\/logo\/image\/","url":"https:\/\/folhadoleste.com.br\/wp-content\/uploads\/2025\/12\/brasil-21-logomarca.avif","contentUrl":"https:\/\/folhadoleste.com.br\/wp-content\/uploads\/2025\/12\/brasil-21-logomarca.avif","width":1044,"height":1044,"caption":"Brasil 21 Comunica\u00e7\u00e3o"},"image":{"@id":"https:\/\/folhadoleste.com.br\/#\/schema\/logo\/image\/"},"sameAs":["https:\/\/www.facebook.com\/folhadoleste","https:\/\/x.com\/FolhadoLesteRJ","https:\/\/www.instagram.com\/folhadoleste\/"]},{"@type":"Person","@id":"https:\/\/folhadoleste.com.br\/#\/schema\/person\/3e97145b2e1861276e84471aa85a3899","name":"Folha do Leste","image":{"@type":"ImageObject","inLanguage":"en-US","@id":"https:\/\/folhadoleste.com.br\/wp-content\/litespeed\/avatar\/1ca8c218432e7045e748610eb3db0259.jpg?ver=1777161142","url":"https:\/\/folhadoleste.com.br\/wp-content\/litespeed\/avatar\/1ca8c218432e7045e748610eb3db0259.jpg?ver=1777161142","contentUrl":"https:\/\/folhadoleste.com.br\/wp-content\/litespeed\/avatar\/1ca8c218432e7045e748610eb3db0259.jpg?ver=1777161142","caption":"Folha do Leste"},"url":"https:\/\/folhadoleste.com.br\/en\/author\/reportagem-01\/"}]}},"_links":{"self":[{"href":"https:\/\/folhadoleste.com.br\/en\/wp-json\/wp\/v2\/posts\/122597","targetHints":{"allow":["GET"]}}],"collection":[{"href":"https:\/\/folhadoleste.com.br\/en\/wp-json\/wp\/v2\/posts"}],"about":[{"href":"https:\/\/folhadoleste.com.br\/en\/wp-json\/wp\/v2\/types\/post"}],"author":[{"embeddable":true,"href":"https:\/\/folhadoleste.com.br\/en\/wp-json\/wp\/v2\/users\/4"}],"replies":[{"embeddable":true,"href":"https:\/\/folhadoleste.com.br\/en\/wp-json\/wp\/v2\/comments?post=122597"}],"version-history":[{"count":1,"href":"https:\/\/folhadoleste.com.br\/en\/wp-json\/wp\/v2\/posts\/122597\/revisions"}],"predecessor-version":[{"id":122600,"href":"https:\/\/folhadoleste.com.br\/en\/wp-json\/wp\/v2\/posts\/122597\/revisions\/122600"}],"wp:featuredmedia":[{"embeddable":true,"href":"https:\/\/folhadoleste.com.br\/en\/wp-json\/wp\/v2\/media\/122599"}],"wp:attachment":[{"href":"https:\/\/folhadoleste.com.br\/en\/wp-json\/wp\/v2\/media?parent=122597"}],"wp:term":[{"taxonomy":"category","embeddable":true,"href":"https:\/\/folhadoleste.com.br\/en\/wp-json\/wp\/v2\/categories?post=122597"},{"taxonomy":"post_tag","embeddable":true,"href":"https:\/\/folhadoleste.com.br\/en\/wp-json\/wp\/v2\/tags?post=122597"}],"curies":[{"name":"wp","href":"https:\/\/api.w.org\/{rel}","templated":true}]}}