{"id":122593,"date":"2025-05-08T11:31:28","date_gmt":"2025-05-08T14:31:28","guid":{"rendered":"https:\/\/folhadoleste.com.br\/?p=122593"},"modified":"2025-05-08T11:31:28","modified_gmt":"2025-05-08T14:31:28","slug":"vasco-aguarda-resposta-de-fernando-diniz-apos-proposta-oficial","status":"publish","type":"post","link":"https:\/\/folhadoleste.com.br\/en\/vasco-aguarda-resposta-de-fernando-diniz-apos-proposta-oficial\/","title":{"rendered":"Vasco aguarda resposta de Fernando Diniz ap\u00f3s proposta oficial"},"content":{"rendered":"<div id=\"attachment_122595\" style=\"width: 1210px\" class=\"wp-caption aligncenter\"><img decoding=\"async\" aria-describedby=\"caption-attachment-122595\" class=\"size-full wp-image-122595\" src=\"https:\/\/folhadoleste.com.br\/wp-content\/uploads\/2025\/05\/Vasco-aguarda-resposta-de-Fernando-Diniz-apos-proposta-Foto-Rafael-Ribeiro-Vasco.jpeg\" alt=\"\" width=\"1200\" height=\"750\" \/><p id=\"caption-attachment-122595\" class=\"wp-caption-text\">Vasco aguarda resposta de Fernando Diniz ap\u00f3s proposta oficial | Rafael Ribeiro\/Vasco<\/p><\/div>\n<p class=\"\" data-start=\"365\" data-end=\"669\">O Vasco aguarda resposta de Fernando Diniz at\u00e9 o final da semana, ap\u00f3s apresentar uma proposta oficial ao treinador. A diretoria considera Diniz o nome ideal para assumir o comando t\u00e9cnico da equipe, ap\u00f3s a sa\u00edda de F\u00e1bio Carille. O momento conturbado no futebol aumenta a urg\u00eancia por uma defini\u00e7\u00e3o.<\/p>\n<h5><a href=\"https:\/\/chat.whatsapp.com\/ItvWOvY08sCCpPxovKnYb6\"><img decoding=\"async\" class=\"aligncenter wp-image-109746 size-full\" src=\"https:\/\/folhadoleste.com.br\/wp-content\/uploads\/2025\/02\/WHATSAPP-FOLHA-DO-LESTE-600x200-1.png\" alt=\"\" width=\"600\" height=\"200\" \/><\/a><\/h5>\n<p class=\"\" data-start=\"671\" data-end=\"920\">Segundo informa\u00e7\u00f5es divulgadas pelo portal &#8220;UOL&#8221;, o clube carioca busca anunciar o novo t\u00e9cnico o quanto antes. A recente derrota para o Puerto Cabello, por 4 a 1, na Venezuela, aumentou a press\u00e3o por mudan\u00e7as r\u00e1pidas e efetivas na comiss\u00e3o t\u00e9cnica.<\/p>\n<p class=\"\" data-start=\"922\" data-end=\"1201\">A rela\u00e7\u00e3o pr\u00f3xima entre Fernando Diniz e o presidente Pedrinho foi fundamental para a abertura das negocia\u00e7\u00f5es. Fontes ligadas ao clube afirmam que essa proximidade teve peso na decis\u00e3o do treinador em ouvir a proposta vasca\u00edna, algo que ele recusou ao ser procurado pelo Santos.<\/p>\n<h3 data-start=\"1208\" data-end=\"1267\"><em>Hist\u00f3rico e expectativa para o novo comando<\/em><\/h3>\n<p class=\"\" data-start=\"1269\" data-end=\"1489\">Otimista com o poss\u00edvel acerto, o Vasco trata Diniz como prioridade. O treinador est\u00e1 livre no mercado desde que deixou o Cruzeiro, em janeiro deste ano. Caso aceite o convite, ser\u00e1 sua segunda passagem por S\u00e3o Janu\u00e1rio.<\/p>\n<h5 style=\"text-align: center;\"><span style=\"color: #000000;\"><span style=\"color: #ff0000;\"><strong>+ <\/strong><\/span><\/span><span style=\"color: #000000;\"><strong><span style=\"color: #ff9900;\">MAIS NOT\u00cdCIAS DE ESPORTES?<\/span> <span style=\"color: #008080;\"><a style=\"color: #008080;\" href=\"https:\/\/folhadoleste.com.br\/en\/category\/esportes\/\">CLIQUE AQUI<\/a><\/span><\/strong><\/span><\/h5>\n<p class=\"\" data-start=\"1491\" data-end=\"1799\">A primeira experi\u00eancia de Diniz \u00e0 frente do Vasco ocorreu em 2021. Naquela ocasi\u00e3o, o clube disputava a S\u00e9rie B do Campeonato Brasileiro, mas n\u00e3o conseguiu retornar \u00e0 elite. Apesar do insucesso esportivo, a diretoria atual acredita que o perfil do t\u00e9cnico se encaixa nas necessidades da equipe neste momento.<\/p>\n<p class=\"\" data-start=\"1801\" data-end=\"2061\">A dire\u00e7\u00e3o espera um retorno positivo nas pr\u00f3ximas horas. Internamente, a negocia\u00e7\u00e3o \u00e9 tratada com cautela, mas h\u00e1 confian\u00e7a no avan\u00e7o das conversas. O Vasco entende que a decis\u00e3o final est\u00e1 nas m\u00e3os do treinador e evita falar em plano alternativo por enquanto.<\/p>\n<p><a href=\"https:\/\/folhadoleste.com.br\/en\/vida\/\"><img decoding=\"async\" class=\"aligncenter wp-image-113547 size-full\" src=\"https:\/\/folhadoleste.com.br\/wp-content\/uploads\/2025\/03\/Sinteses-da-Vida.png\" alt=\"\" width=\"1800\" height=\"600\" \/><\/a><\/p>\n<p><a href=\"https:\/\/www.instagram.com\/folhadoleste\/\"><img decoding=\"async\" class=\"aligncenter wp-image-109748 size-medium\" src=\"https:\/\/folhadoleste.com.br\/wp-content\/uploads\/2025\/02\/Instagram-Folha-do-Leste-Widget-300x100.png\" alt=\"\" width=\"300\" height=\"100\" \/><\/a><\/p>\n<p><a href=\"https:\/\/facebook.com\/folhadoleste\"><img decoding=\"async\" class=\"aligncenter wp-image-109735 size-medium\" src=\"https:\/\/folhadoleste.com.br\/wp-content\/uploads\/2025\/02\/ANUNCIO-FACEBOOK-FOLHA-DO-LESTE-300x300.png\" alt=\"\" width=\"300\" height=\"300\" \/><\/a><\/p>","protected":false},"excerpt":{"rendered":"<p>O Vasco aguarda resposta de Fernando Diniz at\u00e9 o final da semana, ap\u00f3s apresentar uma proposta oficial ao treinador. A diretoria considera Diniz o nome ideal para assumir o comando t\u00e9cnico da equipe, ap\u00f3s a sa\u00edda de F\u00e1bio Carille. O momento conturbado no futebol aumenta a urg\u00eancia por uma defini\u00e7\u00e3o. Segundo informa\u00e7\u00f5es divulgadas pelo portal &#8220;UOL&#8221;, o clube carioca busca anunciar o novo t\u00e9cnico o quanto antes. A recente derrota para o Puerto Cabello, por 4 a 1, na Venezuela, aumentou a press\u00e3o por mudan\u00e7as r\u00e1pidas e efetivas na comiss\u00e3o t\u00e9cnica. A rela\u00e7\u00e3o pr\u00f3xima entre Fernando Diniz e o presidente [&hellip;]<\/p>\n","protected":false},"author":4,"featured_media":122595,"comment_status":"open","ping_status":"open","sticky":false,"template":"","format":"standard","meta":{"footnotes":""},"categories":[48,65],"tags":[248,105,4553,101,104],"class_list":["post-122593","post","type-post","status-publish","format-standard","has-post-thumbnail","hentry","category-esportes","category-futebol-esportes","tag-contratacao","tag-esportes","tag-fernando-diniz","tag-futebol","tag-vasco","post--single"],"yoast_head":"<!-- This site is optimized with the Yoast SEO plugin v27.4 - https:\/\/yoast.com\/product\/yoast-seo-wordpress\/ -->\n<title>Vasco aguarda resposta de Fernando Diniz ap\u00f3s proposta oficial &#8226; Folha do Leste<\/title>\n<meta name=\"description\" content=\"Vasco aguarda resposta de Fernando Diniz ap\u00f3s proposta oficial. Derrota recente aumenta press\u00e3o por t\u00e9cnico...\" \/>\n<meta name=\"robots\" content=\"index, follow, max-snippet:-1, max-image-preview:large, max-video-preview:-1\" \/>\n<link rel=\"canonical\" href=\"https:\/\/folhadoleste.com.br\/en\/vasco-aguarda-resposta-de-fernando-diniz-apos-proposta-oficial\/\" \/>\n<meta property=\"og:locale\" content=\"en_US\" \/>\n<meta property=\"og:type\" content=\"article\" \/>\n<meta property=\"og:title\" content=\"Vasco aguarda resposta de Fernando Diniz ap\u00f3s proposta oficial &#8226; Folha do Leste\" \/>\n<meta property=\"og:description\" content=\"Vasco aguarda resposta de Fernando Diniz ap\u00f3s proposta oficial. Derrota recente aumenta press\u00e3o por t\u00e9cnico...\" \/>\n<meta property=\"og:url\" content=\"https:\/\/folhadoleste.com.br\/en\/vasco-aguarda-resposta-de-fernando-diniz-apos-proposta-oficial\/\" \/>\n<meta property=\"og:site_name\" content=\"Folha do Leste\" \/>\n<meta property=\"article:publisher\" content=\"https:\/\/www.facebook.com\/folhadoleste\" \/>\n<meta property=\"article:published_time\" content=\"2025-05-08T14:31:28+00:00\" \/>\n<meta property=\"og:image\" content=\"https:\/\/folhadoleste.com.br\/wp-content\/uploads\/2025\/05\/Vasco-aguarda-resposta-de-Fernando-Diniz-apos-proposta-Foto-Rafael-Ribeiro-Vasco.jpeg\" \/>\n\t<meta property=\"og:image:width\" content=\"1200\" \/>\n\t<meta property=\"og:image:height\" content=\"750\" \/>\n\t<meta property=\"og:image:type\" content=\"image\/jpeg\" \/>\n<meta name=\"author\" content=\"Folha do Leste\" \/>\n<meta name=\"twitter:card\" content=\"summary_large_image\" \/>\n<meta name=\"twitter:creator\" content=\"@FolhadoLesteRJ\" \/>\n<meta name=\"twitter:site\" content=\"@FolhadoLesteRJ\" \/>\n<meta name=\"twitter:label1\" content=\"Written by\" \/>\n\t<meta name=\"twitter:data1\" content=\"Folha do Leste\" \/>\n\t<meta name=\"twitter:label2\" content=\"Est. reading time\" \/>\n\t<meta name=\"twitter:data2\" content=\"3 minutes\" \/>\n<script type=\"application\/ld+json\" class=\"yoast-schema-graph\">{\"@context\":\"https:\\\/\\\/schema.org\",\"@graph\":[{\"@type\":\"NewsArticle\",\"@id\":\"https:\\\/\\\/folhadoleste.com.br\\\/vasco-aguarda-resposta-de-fernando-diniz-apos-proposta-oficial\\\/#article\",\"isPartOf\":{\"@id\":\"https:\\\/\\\/folhadoleste.com.br\\\/vasco-aguarda-resposta-de-fernando-diniz-apos-proposta-oficial\\\/\"},\"author\":{\"name\":\"Folha do Leste\",\"@id\":\"https:\\\/\\\/folhadoleste.com.br\\\/#\\\/schema\\\/person\\\/3e97145b2e1861276e84471aa85a3899\"},\"headline\":\"Vasco aguarda resposta de Fernando Diniz ap\u00f3s proposta oficial\",\"datePublished\":\"2025-05-08T14:31:28+00:00\",\"mainEntityOfPage\":{\"@id\":\"https:\\\/\\\/folhadoleste.com.br\\\/vasco-aguarda-resposta-de-fernando-diniz-apos-proposta-oficial\\\/\"},\"wordCount\":339,\"commentCount\":0,\"publisher\":{\"@id\":\"https:\\\/\\\/folhadoleste.com.br\\\/#organization\"},\"image\":{\"@id\":\"https:\\\/\\\/folhadoleste.com.br\\\/vasco-aguarda-resposta-de-fernando-diniz-apos-proposta-oficial\\\/#primaryimage\"},\"thumbnailUrl\":\"https:\\\/\\\/folhadoleste.com.br\\\/wp-content\\\/uploads\\\/2025\\\/05\\\/Vasco-aguarda-resposta-de-Fernando-Diniz-apos-proposta-Foto-Rafael-Ribeiro-Vasco.jpeg\",\"keywords\":[\"contrata\u00e7\u00e3o\",\"Esportes\",\"Fernando Diniz\",\"futebol\",\"Vasco\"],\"articleSection\":[\"Esportes\",\"Futebol\"],\"inLanguage\":\"en-US\",\"potentialAction\":[{\"@type\":\"CommentAction\",\"name\":\"Comment\",\"target\":[\"https:\\\/\\\/folhadoleste.com.br\\\/vasco-aguarda-resposta-de-fernando-diniz-apos-proposta-oficial\\\/#respond\"]}]},{\"@type\":\"WebPage\",\"@id\":\"https:\\\/\\\/folhadoleste.com.br\\\/vasco-aguarda-resposta-de-fernando-diniz-apos-proposta-oficial\\\/\",\"url\":\"https:\\\/\\\/folhadoleste.com.br\\\/vasco-aguarda-resposta-de-fernando-diniz-apos-proposta-oficial\\\/\",\"name\":\"Vasco aguarda resposta de Fernando Diniz ap\u00f3s proposta oficial &#8226; Folha do Leste\",\"isPartOf\":{\"@id\":\"https:\\\/\\\/folhadoleste.com.br\\\/#website\"},\"primaryImageOfPage\":{\"@id\":\"https:\\\/\\\/folhadoleste.com.br\\\/vasco-aguarda-resposta-de-fernando-diniz-apos-proposta-oficial\\\/#primaryimage\"},\"image\":{\"@id\":\"https:\\\/\\\/folhadoleste.com.br\\\/vasco-aguarda-resposta-de-fernando-diniz-apos-proposta-oficial\\\/#primaryimage\"},\"thumbnailUrl\":\"https:\\\/\\\/folhadoleste.com.br\\\/wp-content\\\/uploads\\\/2025\\\/05\\\/Vasco-aguarda-resposta-de-Fernando-Diniz-apos-proposta-Foto-Rafael-Ribeiro-Vasco.jpeg\",\"datePublished\":\"2025-05-08T14:31:28+00:00\",\"description\":\"Vasco aguarda resposta de Fernando Diniz ap\u00f3s proposta oficial. Derrota recente aumenta press\u00e3o por t\u00e9cnico...\",\"breadcrumb\":{\"@id\":\"https:\\\/\\\/folhadoleste.com.br\\\/vasco-aguarda-resposta-de-fernando-diniz-apos-proposta-oficial\\\/#breadcrumb\"},\"inLanguage\":\"en-US\",\"potentialAction\":[{\"@type\":\"ReadAction\",\"target\":[\"https:\\\/\\\/folhadoleste.com.br\\\/vasco-aguarda-resposta-de-fernando-diniz-apos-proposta-oficial\\\/\"]}]},{\"@type\":\"ImageObject\",\"inLanguage\":\"en-US\",\"@id\":\"https:\\\/\\\/folhadoleste.com.br\\\/vasco-aguarda-resposta-de-fernando-diniz-apos-proposta-oficial\\\/#primaryimage\",\"url\":\"https:\\\/\\\/folhadoleste.com.br\\\/wp-content\\\/uploads\\\/2025\\\/05\\\/Vasco-aguarda-resposta-de-Fernando-Diniz-apos-proposta-Foto-Rafael-Ribeiro-Vasco.jpeg\",\"contentUrl\":\"https:\\\/\\\/folhadoleste.com.br\\\/wp-content\\\/uploads\\\/2025\\\/05\\\/Vasco-aguarda-resposta-de-Fernando-Diniz-apos-proposta-Foto-Rafael-Ribeiro-Vasco.jpeg\",\"width\":1200,\"height\":750,\"caption\":\"Vasco aguarda resposta de Fernando Diniz ap\u00f3s proposta oficial | Rafael Ribeiro\\\/Vasco\"},{\"@type\":\"BreadcrumbList\",\"@id\":\"https:\\\/\\\/folhadoleste.com.br\\\/vasco-aguarda-resposta-de-fernando-diniz-apos-proposta-oficial\\\/#breadcrumb\",\"itemListElement\":[{\"@type\":\"ListItem\",\"position\":1,\"name\":\"In\u00edcio\",\"item\":\"https:\\\/\\\/folhadoleste.com.br\\\/\"},{\"@type\":\"ListItem\",\"position\":2,\"name\":\"Esportes\",\"item\":\"https:\\\/\\\/folhadoleste.com.br\\\/category\\\/esportes\\\/\"},{\"@type\":\"ListItem\",\"position\":3,\"name\":\"Futebol\",\"item\":\"https:\\\/\\\/folhadoleste.com.br\\\/category\\\/esportes\\\/futebol-esportes\\\/\"},{\"@type\":\"ListItem\",\"position\":4,\"name\":\"Vasco aguarda resposta de Fernando Diniz ap\u00f3s proposta oficial\"}]},{\"@type\":\"WebSite\",\"@id\":\"https:\\\/\\\/folhadoleste.com.br\\\/#website\",\"url\":\"https:\\\/\\\/folhadoleste.com.br\\\/\",\"name\":\"Folha do Leste\",\"description\":\"Portal de Not\u00edcias com \u00eanfase em Niter\u00f3i, criando conte\u00fados desde a capital Rio de Janeiro, com olhar para o Leste Fluminense e suas cidades como S\u00e3o Gon\u00e7alo, Itabora\u00ed, Rio Bonito, Maric\u00e1, Saquarema e Araruama\",\"publisher\":{\"@id\":\"https:\\\/\\\/folhadoleste.com.br\\\/#organization\"},\"alternateName\":\"FL\",\"potentialAction\":[{\"@type\":\"SearchAction\",\"target\":{\"@type\":\"EntryPoint\",\"urlTemplate\":\"https:\\\/\\\/folhadoleste.com.br\\\/?s={search_term_string}\"},\"query-input\":{\"@type\":\"PropertyValueSpecification\",\"valueRequired\":true,\"valueName\":\"search_term_string\"}}],\"inLanguage\":\"en-US\"},{\"@type\":\"Organization\",\"@id\":\"https:\\\/\\\/folhadoleste.com.br\\\/#organization\",\"name\":\"Brasil 21 Comunica\u00e7\u00e3o\",\"alternateName\":\"BR21\",\"url\":\"https:\\\/\\\/folhadoleste.com.br\\\/\",\"logo\":{\"@type\":\"ImageObject\",\"inLanguage\":\"en-US\",\"@id\":\"https:\\\/\\\/folhadoleste.com.br\\\/#\\\/schema\\\/logo\\\/image\\\/\",\"url\":\"https:\\\/\\\/folhadoleste.com.br\\\/wp-content\\\/uploads\\\/2025\\\/12\\\/brasil-21-logomarca.avif\",\"contentUrl\":\"https:\\\/\\\/folhadoleste.com.br\\\/wp-content\\\/uploads\\\/2025\\\/12\\\/brasil-21-logomarca.avif\",\"width\":1044,\"height\":1044,\"caption\":\"Brasil 21 Comunica\u00e7\u00e3o\"},\"image\":{\"@id\":\"https:\\\/\\\/folhadoleste.com.br\\\/#\\\/schema\\\/logo\\\/image\\\/\"},\"sameAs\":[\"https:\\\/\\\/www.facebook.com\\\/folhadoleste\",\"https:\\\/\\\/x.com\\\/FolhadoLesteRJ\",\"https:\\\/\\\/www.instagram.com\\\/folhadoleste\\\/\"]},{\"@type\":\"Person\",\"@id\":\"https:\\\/\\\/folhadoleste.com.br\\\/#\\\/schema\\\/person\\\/3e97145b2e1861276e84471aa85a3899\",\"name\":\"Folha do Leste\",\"image\":{\"@type\":\"ImageObject\",\"inLanguage\":\"en-US\",\"@id\":\"https:\\\/\\\/folhadoleste.com.br\\\/wp-content\\\/litespeed\\\/avatar\\\/1ca8c218432e7045e748610eb3db0259.jpg?ver=1777161142\",\"url\":\"https:\\\/\\\/folhadoleste.com.br\\\/wp-content\\\/litespeed\\\/avatar\\\/1ca8c218432e7045e748610eb3db0259.jpg?ver=1777161142\",\"contentUrl\":\"https:\\\/\\\/folhadoleste.com.br\\\/wp-content\\\/litespeed\\\/avatar\\\/1ca8c218432e7045e748610eb3db0259.jpg?ver=1777161142\",\"caption\":\"Folha do Leste\"},\"url\":\"https:\\\/\\\/folhadoleste.com.br\\\/en\\\/author\\\/reportagem-01\\\/\"}]}<\/script>\n<!-- \/ Yoast SEO plugin. -->","yoast_head_json":{"title":"Vasco aguarda resposta de Fernando Diniz ap\u00f3s proposta oficial &#8226; Folha do Leste","description":"Vasco aguarda resposta de Fernando Diniz ap\u00f3s proposta oficial. Derrota recente aumenta press\u00e3o por t\u00e9cnico...","robots":{"index":"index","follow":"follow","max-snippet":"max-snippet:-1","max-image-preview":"max-image-preview:large","max-video-preview":"max-video-preview:-1"},"canonical":"https:\/\/folhadoleste.com.br\/en\/vasco-aguarda-resposta-de-fernando-diniz-apos-proposta-oficial\/","og_locale":"en_US","og_type":"article","og_title":"Vasco aguarda resposta de Fernando Diniz ap\u00f3s proposta oficial &#8226; Folha do Leste","og_description":"Vasco aguarda resposta de Fernando Diniz ap\u00f3s proposta oficial. Derrota recente aumenta press\u00e3o por t\u00e9cnico...","og_url":"https:\/\/folhadoleste.com.br\/en\/vasco-aguarda-resposta-de-fernando-diniz-apos-proposta-oficial\/","og_site_name":"Folha do Leste","article_publisher":"https:\/\/www.facebook.com\/folhadoleste","article_published_time":"2025-05-08T14:31:28+00:00","og_image":[{"width":1200,"height":750,"url":"https:\/\/folhadoleste.com.br\/wp-content\/uploads\/2025\/05\/Vasco-aguarda-resposta-de-Fernando-Diniz-apos-proposta-Foto-Rafael-Ribeiro-Vasco.jpeg","type":"image\/jpeg"}],"author":"Folha do Leste","twitter_card":"summary_large_image","twitter_creator":"@FolhadoLesteRJ","twitter_site":"@FolhadoLesteRJ","twitter_misc":{"Written by":"Folha do Leste","Est. reading time":"3 minutes"},"schema":{"@context":"https:\/\/schema.org","@graph":[{"@type":"NewsArticle","@id":"https:\/\/folhadoleste.com.br\/vasco-aguarda-resposta-de-fernando-diniz-apos-proposta-oficial\/#article","isPartOf":{"@id":"https:\/\/folhadoleste.com.br\/vasco-aguarda-resposta-de-fernando-diniz-apos-proposta-oficial\/"},"author":{"name":"Folha do Leste","@id":"https:\/\/folhadoleste.com.br\/#\/schema\/person\/3e97145b2e1861276e84471aa85a3899"},"headline":"Vasco aguarda resposta de Fernando Diniz ap\u00f3s proposta oficial","datePublished":"2025-05-08T14:31:28+00:00","mainEntityOfPage":{"@id":"https:\/\/folhadoleste.com.br\/vasco-aguarda-resposta-de-fernando-diniz-apos-proposta-oficial\/"},"wordCount":339,"commentCount":0,"publisher":{"@id":"https:\/\/folhadoleste.com.br\/#organization"},"image":{"@id":"https:\/\/folhadoleste.com.br\/vasco-aguarda-resposta-de-fernando-diniz-apos-proposta-oficial\/#primaryimage"},"thumbnailUrl":"https:\/\/folhadoleste.com.br\/wp-content\/uploads\/2025\/05\/Vasco-aguarda-resposta-de-Fernando-Diniz-apos-proposta-Foto-Rafael-Ribeiro-Vasco.jpeg","keywords":["contrata\u00e7\u00e3o","Esportes","Fernando Diniz","futebol","Vasco"],"articleSection":["Esportes","Futebol"],"inLanguage":"en-US","potentialAction":[{"@type":"CommentAction","name":"Comment","target":["https:\/\/folhadoleste.com.br\/vasco-aguarda-resposta-de-fernando-diniz-apos-proposta-oficial\/#respond"]}]},{"@type":"WebPage","@id":"https:\/\/folhadoleste.com.br\/vasco-aguarda-resposta-de-fernando-diniz-apos-proposta-oficial\/","url":"https:\/\/folhadoleste.com.br\/vasco-aguarda-resposta-de-fernando-diniz-apos-proposta-oficial\/","name":"Vasco aguarda resposta de Fernando Diniz ap\u00f3s proposta oficial &#8226; Folha do Leste","isPartOf":{"@id":"https:\/\/folhadoleste.com.br\/#website"},"primaryImageOfPage":{"@id":"https:\/\/folhadoleste.com.br\/vasco-aguarda-resposta-de-fernando-diniz-apos-proposta-oficial\/#primaryimage"},"image":{"@id":"https:\/\/folhadoleste.com.br\/vasco-aguarda-resposta-de-fernando-diniz-apos-proposta-oficial\/#primaryimage"},"thumbnailUrl":"https:\/\/folhadoleste.com.br\/wp-content\/uploads\/2025\/05\/Vasco-aguarda-resposta-de-Fernando-Diniz-apos-proposta-Foto-Rafael-Ribeiro-Vasco.jpeg","datePublished":"2025-05-08T14:31:28+00:00","description":"Vasco aguarda resposta de Fernando Diniz ap\u00f3s proposta oficial. Derrota recente aumenta press\u00e3o por t\u00e9cnico...","breadcrumb":{"@id":"https:\/\/folhadoleste.com.br\/vasco-aguarda-resposta-de-fernando-diniz-apos-proposta-oficial\/#breadcrumb"},"inLanguage":"en-US","potentialAction":[{"@type":"ReadAction","target":["https:\/\/folhadoleste.com.br\/vasco-aguarda-resposta-de-fernando-diniz-apos-proposta-oficial\/"]}]},{"@type":"ImageObject","inLanguage":"en-US","@id":"https:\/\/folhadoleste.com.br\/vasco-aguarda-resposta-de-fernando-diniz-apos-proposta-oficial\/#primaryimage","url":"https:\/\/folhadoleste.com.br\/wp-content\/uploads\/2025\/05\/Vasco-aguarda-resposta-de-Fernando-Diniz-apos-proposta-Foto-Rafael-Ribeiro-Vasco.jpeg","contentUrl":"https:\/\/folhadoleste.com.br\/wp-content\/uploads\/2025\/05\/Vasco-aguarda-resposta-de-Fernando-Diniz-apos-proposta-Foto-Rafael-Ribeiro-Vasco.jpeg","width":1200,"height":750,"caption":"Vasco aguarda resposta de Fernando Diniz ap\u00f3s proposta oficial | Rafael Ribeiro\/Vasco"},{"@type":"BreadcrumbList","@id":"https:\/\/folhadoleste.com.br\/vasco-aguarda-resposta-de-fernando-diniz-apos-proposta-oficial\/#breadcrumb","itemListElement":[{"@type":"ListItem","position":1,"name":"In\u00edcio","item":"https:\/\/folhadoleste.com.br\/"},{"@type":"ListItem","position":2,"name":"Esportes","item":"https:\/\/folhadoleste.com.br\/category\/esportes\/"},{"@type":"ListItem","position":3,"name":"Futebol","item":"https:\/\/folhadoleste.com.br\/category\/esportes\/futebol-esportes\/"},{"@type":"ListItem","position":4,"name":"Vasco aguarda resposta de Fernando Diniz ap\u00f3s proposta oficial"}]},{"@type":"WebSite","@id":"https:\/\/folhadoleste.com.br\/#website","url":"https:\/\/folhadoleste.com.br\/","name":"Folha do Leste","description":"Portal de Not\u00edcias com \u00eanfase em Niter\u00f3i, criando conte\u00fados desde a capital Rio de Janeiro, com olhar para o Leste Fluminense e suas cidades como S\u00e3o Gon\u00e7alo, Itabora\u00ed, Rio Bonito, Maric\u00e1, Saquarema e Araruama","publisher":{"@id":"https:\/\/folhadoleste.com.br\/#organization"},"alternateName":"FL","potentialAction":[{"@type":"SearchAction","target":{"@type":"EntryPoint","urlTemplate":"https:\/\/folhadoleste.com.br\/?s={search_term_string}"},"query-input":{"@type":"PropertyValueSpecification","valueRequired":true,"valueName":"search_term_string"}}],"inLanguage":"en-US"},{"@type":"Organization","@id":"https:\/\/folhadoleste.com.br\/#organization","name":"Brasil 21 Comunica\u00e7\u00e3o","alternateName":"BR21","url":"https:\/\/folhadoleste.com.br\/","logo":{"@type":"ImageObject","inLanguage":"en-US","@id":"https:\/\/folhadoleste.com.br\/#\/schema\/logo\/image\/","url":"https:\/\/folhadoleste.com.br\/wp-content\/uploads\/2025\/12\/brasil-21-logomarca.avif","contentUrl":"https:\/\/folhadoleste.com.br\/wp-content\/uploads\/2025\/12\/brasil-21-logomarca.avif","width":1044,"height":1044,"caption":"Brasil 21 Comunica\u00e7\u00e3o"},"image":{"@id":"https:\/\/folhadoleste.com.br\/#\/schema\/logo\/image\/"},"sameAs":["https:\/\/www.facebook.com\/folhadoleste","https:\/\/x.com\/FolhadoLesteRJ","https:\/\/www.instagram.com\/folhadoleste\/"]},{"@type":"Person","@id":"https:\/\/folhadoleste.com.br\/#\/schema\/person\/3e97145b2e1861276e84471aa85a3899","name":"Folha do Leste","image":{"@type":"ImageObject","inLanguage":"en-US","@id":"https:\/\/folhadoleste.com.br\/wp-content\/litespeed\/avatar\/1ca8c218432e7045e748610eb3db0259.jpg?ver=1777161142","url":"https:\/\/folhadoleste.com.br\/wp-content\/litespeed\/avatar\/1ca8c218432e7045e748610eb3db0259.jpg?ver=1777161142","contentUrl":"https:\/\/folhadoleste.com.br\/wp-content\/litespeed\/avatar\/1ca8c218432e7045e748610eb3db0259.jpg?ver=1777161142","caption":"Folha do Leste"},"url":"https:\/\/folhadoleste.com.br\/en\/author\/reportagem-01\/"}]}},"_links":{"self":[{"href":"https:\/\/folhadoleste.com.br\/en\/wp-json\/wp\/v2\/posts\/122593","targetHints":{"allow":["GET"]}}],"collection":[{"href":"https:\/\/folhadoleste.com.br\/en\/wp-json\/wp\/v2\/posts"}],"about":[{"href":"https:\/\/folhadoleste.com.br\/en\/wp-json\/wp\/v2\/types\/post"}],"author":[{"embeddable":true,"href":"https:\/\/folhadoleste.com.br\/en\/wp-json\/wp\/v2\/users\/4"}],"replies":[{"embeddable":true,"href":"https:\/\/folhadoleste.com.br\/en\/wp-json\/wp\/v2\/comments?post=122593"}],"version-history":[{"count":1,"href":"https:\/\/folhadoleste.com.br\/en\/wp-json\/wp\/v2\/posts\/122593\/revisions"}],"predecessor-version":[{"id":122596,"href":"https:\/\/folhadoleste.com.br\/en\/wp-json\/wp\/v2\/posts\/122593\/revisions\/122596"}],"wp:featuredmedia":[{"embeddable":true,"href":"https:\/\/folhadoleste.com.br\/en\/wp-json\/wp\/v2\/media\/122595"}],"wp:attachment":[{"href":"https:\/\/folhadoleste.com.br\/en\/wp-json\/wp\/v2\/media?parent=122593"}],"wp:term":[{"taxonomy":"category","embeddable":true,"href":"https:\/\/folhadoleste.com.br\/en\/wp-json\/wp\/v2\/categories?post=122593"},{"taxonomy":"post_tag","embeddable":true,"href":"https:\/\/folhadoleste.com.br\/en\/wp-json\/wp\/v2\/tags?post=122593"}],"curies":[{"name":"wp","href":"https:\/\/api.w.org\/{rel}","templated":true}]}}