{"id":121104,"date":"2025-04-24T20:36:45","date_gmt":"2025-04-24T23:36:45","guid":{"rendered":"https:\/\/folhadoleste.com.br\/?p=121104"},"modified":"2025-04-24T22:08:05","modified_gmt":"2025-04-25T01:08:05","slug":"niteroi-arvore-cai-em-cima-de-carro-em-icarai","status":"publish","type":"post","link":"https:\/\/folhadoleste.com.br\/en\/niteroi-arvore-cai-em-cima-de-carro-em-icarai\/","title":{"rendered":"Niter\u00f3i: \u00c1rvore cai em cima de carro em Icara\u00ed"},"content":{"rendered":"<div id=\"attachment_121107\" style=\"width: 1034px\" class=\"wp-caption aligncenter\"><a href=\"https:\/\/folhadoleste.com.br\/niteroi-arvore-cai-em-cima-de-carro-em-icarai\/niteroi-arvore-cai-em-cima-de-carro-em-icarai-foto-reproducao\/\" rel=\"attachment wp-att-121107\"><img decoding=\"async\" aria-describedby=\"caption-attachment-121107\" class=\"size-large wp-image-121107\" src=\"https:\/\/folhadoleste.com.br\/wp-content\/uploads\/2025\/04\/Niteroi-Arvore-cai-em-cima-de-carro-em-Icarai-Foto-Reproducao-1024x614.webp\" alt=\"\" width=\"1024\" height=\"614\" \/><\/a><p id=\"caption-attachment-121107\" class=\"wp-caption-text\">Niter\u00f3i: \u00c1rvore cai em cima de carro em Icara\u00ed | Reprodu\u00e7\u00e3o<\/p><\/div>\n<p class=\"\" style=\"text-align: justify;\" data-start=\"90\" data-end=\"209\"><span class=\"relative -mx-px my-[-0.2rem] rounded px-px py-[0.2rem] transition-colors duration-100 ease-in-out\">Na noite desta quinta-feira (24), uma \u00e1rvore caiu sobre um carro estacionado na Rua Joaquim T\u00e1vora, em Icara\u00ed, Zona Sul de Niter\u00f3i.<\/span> <span class=\"relative -mx-px my-[-0.2rem] rounded px-px py-[0.2rem] transition-colors duration-100 ease-in-out\">Segundo testemunhas, um \u00f4nibus teria colidido com a \u00e1rvore, que posteriormente desabou sobre o ve\u00edculo.<\/span>\u200b<\/p>\n<h5><a href=\"https:\/\/chat.whatsapp.com\/ItvWOvY08sCCpPxovKnYb6\"><img decoding=\"async\" class=\"aligncenter wp-image-109746 size-full\" src=\"https:\/\/folhadoleste.com.br\/wp-content\/uploads\/2025\/02\/WHATSAPP-FOLHA-DO-LESTE-600x200-1.png\" alt=\"\" width=\"600\" height=\"200\" \/><\/a><\/h5>\n<p class=\"\" style=\"text-align: justify;\" data-start=\"211\" data-end=\"330\"><span class=\"relative -mx-px my-[-0.2rem] rounded px-px py-[0.2rem] transition-colors duration-100 ease-in-out\">O Corpo de Bombeiros foi acionado e interditou a via para realizar a remo\u00e7\u00e3o da \u00e1rvore.<\/span> <span class=\"relative -mx-px my-[-0.2rem] rounded px-px py-[0.2rem] transition-colors duration-100 ease-in-out\">Agentes da NitTrans estiveram no local para coordenar o tr\u00e1fego, conforme informado pela autarquia em sua conta oficial na rede social X (antigo Twitter).<\/span>\u200b<\/p>\n<h5 style=\"text-align: center;\"><span style=\"color: #000000;\"><span style=\"color: #ff0000;\"><strong>+ <\/strong><\/span><\/span><span style=\"color: #000000;\"><strong><span style=\"color: #ff9900;\">MAIS NOT\u00cdCIAS DE NITER\u00d3I?<\/span>\u00a0<\/strong><\/span><span style=\"color: #008080;\"><a style=\"color: #008080;\" href=\"https:\/\/folhadoleste.com.br\/category\/jornal-folha-do-leste-rj\/niteroi\/\"><strong>CLIQUE AQUI<\/strong><\/a><\/span><\/h5>\n<p class=\"\" style=\"text-align: justify;\" data-start=\"332\" data-end=\"453\"><span class=\"relative -mx-px my-[-0.2rem] rounded px-px py-[0.2rem] transition-colors duration-100 ease-in-out\">Moradores relataram que uma pessoa estaria dentro do carro atingido, sem conseguir sair.<\/span> <span class=\"relative -mx-px my-[-0.2rem] rounded px-px py-[0.2rem] transition-colors duration-100 ease-in-out\">No entanto, essa informa\u00e7\u00e3o n\u00e3o foi confirmada pelos bombeiros at\u00e9 o momento.<\/span>\u200b<\/p>\n<p class=\"\" style=\"text-align: justify;\" data-start=\"455\" data-end=\"540\"><span class=\"relative -mx-px my-[-0.2rem] rounded px-px py-[0.2rem] transition-colors duration-100 ease-in-out\">Para facilitar o trabalho das equipes e garantir a seguran\u00e7a dos motoristas, o tr\u00e2nsito foi desviado para as ruas Ary Parreiras e Estrada Fr\u00f3es, segundo a NitTrans.<\/span><\/p>\n<p><a href=\"https:\/\/folhadoleste.com.br\/vida\"><img decoding=\"async\" class=\"aligncenter wp-image-113547 size-full\" src=\"https:\/\/folhadoleste.com.br\/wp-content\/uploads\/2025\/03\/Sinteses-da-Vida.png\" alt=\"\" width=\"1800\" height=\"600\" \/><\/a><\/p>\n<p><a href=\"https:\/\/www.instagram.com\/folhadoleste\/\"><img decoding=\"async\" class=\"aligncenter wp-image-109748 size-medium\" src=\"https:\/\/folhadoleste.com.br\/wp-content\/uploads\/2025\/02\/Instagram-Folha-do-Leste-Widget-300x100.png\" alt=\"\" width=\"300\" height=\"100\" \/><\/a><\/p>\n<p><a href=\"https:\/\/facebook.com\/folhadoleste\"><img decoding=\"async\" class=\"aligncenter wp-image-109735 size-medium\" src=\"https:\/\/folhadoleste.com.br\/wp-content\/uploads\/2025\/02\/ANUNCIO-FACEBOOK-FOLHA-DO-LESTE-300x300.png\" alt=\"\" width=\"300\" height=\"300\" \/><\/a><\/p>\n","protected":false},"excerpt":{"rendered":"<p>Na noite desta quinta-feira (24), uma \u00e1rvore caiu sobre um carro estacionado na Rua Joaquim T\u00e1vora, em Icara\u00ed, Zona Sul de Niter\u00f3i. Segundo testemunhas, um \u00f4nibus teria colidido com a \u00e1rvore, que posteriormente desabou sobre o ve\u00edculo.\u200b O Corpo de Bombeiros foi acionado e interditou a via para realizar a remo\u00e7\u00e3o da \u00e1rvore. Agentes da NitTrans estiveram no local para coordenar o tr\u00e1fego, conforme informado pela autarquia em sua conta oficial na rede social X (antigo Twitter).\u200b + MAIS NOT\u00cdCIAS DE NITER\u00d3I?\u00a0CLIQUE AQUI Moradores relataram que uma pessoa estaria dentro do carro atingido, sem conseguir sair. No entanto, essa informa\u00e7\u00e3o [&hellip;]<\/p>\n","protected":false},"author":4,"featured_media":121107,"comment_status":"open","ping_status":"open","sticky":false,"template":"","format":"standard","meta":{"footnotes":""},"categories":[47,5],"tags":[722,75757,55137,51799,58451,75758,3924,25622,1442,75755,15612,1777,1619,5288,54,6670,50,958,3078,184,75756,13371,46561,74618,75754,585,5574,730,34039,98],"class_list":["post-121104","post","type-post","status-publish","format-standard","has-post-thumbnail","hentry","category-leste-fluminense","category-noticias-de-niteroi","tag-acidente","tag-antigo-twitter","tag-arvore-caida","tag-bombeiros-em-acao","tag-carro-atingido","tag-causa-da-queda-investigacao","tag-corpo-de-bombeiros","tag-desvio-de-transito","tag-emergencia","tag-esbarrao","tag-estrada-froes","tag-icarai","tag-interdicao","tag-lentidao","tag-leste-fluminense","tag-moradores","tag-niteroi","tag-nittrans","tag-ocorrencia","tag-onibus","tag-pessoa-presa-nao-confirmado","tag-rede-social-x","tag-remocao-de-arvore","tag-rua-ary-parreiras","tag-rua-joaquim-tavora","tag-seguranca","tag-trafego","tag-transito","tag-via-interditada","tag-zona-sul","post--single"],"yoast_head":"<!-- This site is optimized with the Yoast SEO plugin v27.4 - https:\/\/yoast.com\/product\/yoast-seo-wordpress\/ -->\n<title>Niter\u00f3i: \u00c1rvore cai em cima de carro em Icara\u00ed &#8226; Folha do Leste<\/title>\n<meta name=\"description\" content=\"Niter\u00f3i: \u00c1rvore cai em cima de carro em Icara\u00ed. Tr\u00e2nsito foi desviado para ruas pr\u00f3ximas ap\u00f3s queda de \u00e1rvore...\" \/>\n<meta name=\"robots\" content=\"index, follow, max-snippet:-1, max-image-preview:large, max-video-preview:-1\" \/>\n<link rel=\"canonical\" href=\"https:\/\/folhadoleste.com.br\/en\/niteroi-arvore-cai-em-cima-de-carro-em-icarai\/\" \/>\n<meta property=\"og:locale\" content=\"en_US\" \/>\n<meta property=\"og:type\" content=\"article\" \/>\n<meta property=\"og:title\" content=\"Niter\u00f3i: \u00c1rvore cai em cima de carro em Icara\u00ed &#8226; Folha do Leste\" \/>\n<meta property=\"og:description\" content=\"Niter\u00f3i: \u00c1rvore cai em cima de carro em Icara\u00ed. Tr\u00e2nsito foi desviado para ruas pr\u00f3ximas ap\u00f3s queda de \u00e1rvore...\" \/>\n<meta property=\"og:url\" content=\"https:\/\/folhadoleste.com.br\/en\/niteroi-arvore-cai-em-cima-de-carro-em-icarai\/\" \/>\n<meta property=\"og:site_name\" content=\"Folha do Leste\" \/>\n<meta property=\"article:publisher\" content=\"https:\/\/www.facebook.com\/folhadoleste\" \/>\n<meta property=\"article:published_time\" content=\"2025-04-24T23:36:45+00:00\" \/>\n<meta property=\"article:modified_time\" content=\"2025-04-25T01:08:05+00:00\" \/>\n<meta property=\"og:image\" content=\"https:\/\/folhadoleste.com.br\/wp-content\/uploads\/2025\/04\/Niteroi-Arvore-cai-em-cima-de-carro-em-Icarai-Foto-Reproducao.webp\" \/>\n\t<meta property=\"og:image:width\" content=\"1200\" \/>\n\t<meta property=\"og:image:height\" content=\"720\" \/>\n\t<meta property=\"og:image:type\" content=\"image\/webp\" \/>\n<meta name=\"author\" content=\"Folha do Leste\" \/>\n<meta name=\"twitter:card\" content=\"summary_large_image\" \/>\n<meta name=\"twitter:creator\" content=\"@FolhadoLesteRJ\" \/>\n<meta name=\"twitter:site\" content=\"@FolhadoLesteRJ\" \/>\n<meta name=\"twitter:label1\" content=\"Written by\" \/>\n\t<meta name=\"twitter:data1\" content=\"Folha do Leste\" \/>\n\t<meta name=\"twitter:label2\" content=\"Est. reading time\" \/>\n\t<meta name=\"twitter:data2\" content=\"3 minutes\" \/>\n<script type=\"application\/ld+json\" class=\"yoast-schema-graph\">{\"@context\":\"https:\\\/\\\/schema.org\",\"@graph\":[{\"@type\":\"NewsArticle\",\"@id\":\"https:\\\/\\\/folhadoleste.com.br\\\/niteroi-arvore-cai-em-cima-de-carro-em-icarai\\\/#article\",\"isPartOf\":{\"@id\":\"https:\\\/\\\/folhadoleste.com.br\\\/niteroi-arvore-cai-em-cima-de-carro-em-icarai\\\/\"},\"author\":{\"name\":\"Folha do Leste\",\"@id\":\"https:\\\/\\\/folhadoleste.com.br\\\/#\\\/schema\\\/person\\\/3e97145b2e1861276e84471aa85a3899\"},\"headline\":\"Niter\u00f3i: \u00c1rvore cai em cima de carro em Icara\u00ed\",\"datePublished\":\"2025-04-24T23:36:45+00:00\",\"dateModified\":\"2025-04-25T01:08:05+00:00\",\"mainEntityOfPage\":{\"@id\":\"https:\\\/\\\/folhadoleste.com.br\\\/niteroi-arvore-cai-em-cima-de-carro-em-icarai\\\/\"},\"wordCount\":175,\"commentCount\":0,\"publisher\":{\"@id\":\"https:\\\/\\\/folhadoleste.com.br\\\/#organization\"},\"image\":{\"@id\":\"https:\\\/\\\/folhadoleste.com.br\\\/niteroi-arvore-cai-em-cima-de-carro-em-icarai\\\/#primaryimage\"},\"thumbnailUrl\":\"https:\\\/\\\/folhadoleste.com.br\\\/wp-content\\\/uploads\\\/2025\\\/04\\\/Niteroi-Arvore-cai-em-cima-de-carro-em-Icarai-Foto-Reproducao.webp\",\"keywords\":[\"acidente\",\"antigo Twitter\",\"\u00e1rvore ca\u00edda\",\"bombeiros em a\u00e7\u00e3o\",\"carro atingido\",\"causa da queda (investiga\u00e7\u00e3o)\",\"Corpo de Bombeiros\",\"desvio de tr\u00e2nsito\",\"emerg\u00eancia\",\"esbarr\u00e3o\",\"Estrada Fro\u00e9s\",\"Icara\u00ed\",\"interdi\u00e7\u00e3o\",\"lentid\u00e3o\",\"Leste Fluminense\",\"moradores\",\"Niter\u00f3i\",\"NitTrans\",\"ocorr\u00eancia\",\"\u00f4nibus\",\"pessoa presa (n\u00e3o confirmado)\",\"Rede Social X\",\"remo\u00e7\u00e3o de \u00e1rvore\",\"Rua Ary Parreiras\",\"Rua Joaquim T\u00e1vora\",\"seguran\u00e7a\",\"tr\u00e1fego\",\"Tr\u00e2nsito\",\"Via interditada\",\"Zona Sul\"],\"articleSection\":[\"Leste Fluminense\",\"Niter\u00f3i\"],\"inLanguage\":\"en-US\",\"potentialAction\":[{\"@type\":\"CommentAction\",\"name\":\"Comment\",\"target\":[\"https:\\\/\\\/folhadoleste.com.br\\\/niteroi-arvore-cai-em-cima-de-carro-em-icarai\\\/#respond\"]}]},{\"@type\":\"WebPage\",\"@id\":\"https:\\\/\\\/folhadoleste.com.br\\\/niteroi-arvore-cai-em-cima-de-carro-em-icarai\\\/\",\"url\":\"https:\\\/\\\/folhadoleste.com.br\\\/niteroi-arvore-cai-em-cima-de-carro-em-icarai\\\/\",\"name\":\"Niter\u00f3i: \u00c1rvore cai em cima de carro em Icara\u00ed &#8226; Folha do Leste\",\"isPartOf\":{\"@id\":\"https:\\\/\\\/folhadoleste.com.br\\\/#website\"},\"primaryImageOfPage\":{\"@id\":\"https:\\\/\\\/folhadoleste.com.br\\\/niteroi-arvore-cai-em-cima-de-carro-em-icarai\\\/#primaryimage\"},\"image\":{\"@id\":\"https:\\\/\\\/folhadoleste.com.br\\\/niteroi-arvore-cai-em-cima-de-carro-em-icarai\\\/#primaryimage\"},\"thumbnailUrl\":\"https:\\\/\\\/folhadoleste.com.br\\\/wp-content\\\/uploads\\\/2025\\\/04\\\/Niteroi-Arvore-cai-em-cima-de-carro-em-Icarai-Foto-Reproducao.webp\",\"datePublished\":\"2025-04-24T23:36:45+00:00\",\"dateModified\":\"2025-04-25T01:08:05+00:00\",\"description\":\"Niter\u00f3i: \u00c1rvore cai em cima de carro em Icara\u00ed. Tr\u00e2nsito foi desviado para ruas pr\u00f3ximas ap\u00f3s queda de \u00e1rvore...\",\"breadcrumb\":{\"@id\":\"https:\\\/\\\/folhadoleste.com.br\\\/niteroi-arvore-cai-em-cima-de-carro-em-icarai\\\/#breadcrumb\"},\"inLanguage\":\"en-US\",\"potentialAction\":[{\"@type\":\"ReadAction\",\"target\":[\"https:\\\/\\\/folhadoleste.com.br\\\/niteroi-arvore-cai-em-cima-de-carro-em-icarai\\\/\"]}]},{\"@type\":\"ImageObject\",\"inLanguage\":\"en-US\",\"@id\":\"https:\\\/\\\/folhadoleste.com.br\\\/niteroi-arvore-cai-em-cima-de-carro-em-icarai\\\/#primaryimage\",\"url\":\"https:\\\/\\\/folhadoleste.com.br\\\/wp-content\\\/uploads\\\/2025\\\/04\\\/Niteroi-Arvore-cai-em-cima-de-carro-em-Icarai-Foto-Reproducao.webp\",\"contentUrl\":\"https:\\\/\\\/folhadoleste.com.br\\\/wp-content\\\/uploads\\\/2025\\\/04\\\/Niteroi-Arvore-cai-em-cima-de-carro-em-Icarai-Foto-Reproducao.webp\",\"width\":1200,\"height\":720,\"caption\":\"Niter\u00f3i: \u00c1rvore cai em cima de carro em Icara\u00ed | Reprodu\u00e7\u00e3o\"},{\"@type\":\"BreadcrumbList\",\"@id\":\"https:\\\/\\\/folhadoleste.com.br\\\/niteroi-arvore-cai-em-cima-de-carro-em-icarai\\\/#breadcrumb\",\"itemListElement\":[{\"@type\":\"ListItem\",\"position\":1,\"name\":\"In\u00edcio\",\"item\":\"https:\\\/\\\/folhadoleste.com.br\\\/\"},{\"@type\":\"ListItem\",\"position\":2,\"name\":\"Estado do Rio de Janeiro\",\"item\":\"https:\\\/\\\/folhadoleste.com.br\\\/category\\\/estado-do-rio-de-janeiro\\\/\"},{\"@type\":\"ListItem\",\"position\":3,\"name\":\"Leste Fluminense\",\"item\":\"https:\\\/\\\/folhadoleste.com.br\\\/category\\\/estado-do-rio-de-janeiro\\\/leste-fluminense\\\/\"},{\"@type\":\"ListItem\",\"position\":4,\"name\":\"Niter\u00f3i\",\"item\":\"https:\\\/\\\/folhadoleste.com.br\\\/category\\\/estado-do-rio-de-janeiro\\\/leste-fluminense\\\/noticias-de-niteroi\\\/\"},{\"@type\":\"ListItem\",\"position\":5,\"name\":\"Niter\u00f3i: \u00c1rvore cai em cima de carro em Icara\u00ed\"}]},{\"@type\":\"WebSite\",\"@id\":\"https:\\\/\\\/folhadoleste.com.br\\\/#website\",\"url\":\"https:\\\/\\\/folhadoleste.com.br\\\/\",\"name\":\"Folha do Leste\",\"description\":\"Portal de Not\u00edcias com \u00eanfase em Niter\u00f3i, criando conte\u00fados desde a capital Rio de Janeiro, com olhar para o Leste Fluminense e suas cidades como S\u00e3o Gon\u00e7alo, Itabora\u00ed, Rio Bonito, Maric\u00e1, Saquarema e Araruama\",\"publisher\":{\"@id\":\"https:\\\/\\\/folhadoleste.com.br\\\/#organization\"},\"alternateName\":\"FL\",\"potentialAction\":[{\"@type\":\"SearchAction\",\"target\":{\"@type\":\"EntryPoint\",\"urlTemplate\":\"https:\\\/\\\/folhadoleste.com.br\\\/?s={search_term_string}\"},\"query-input\":{\"@type\":\"PropertyValueSpecification\",\"valueRequired\":true,\"valueName\":\"search_term_string\"}}],\"inLanguage\":\"en-US\"},{\"@type\":\"Organization\",\"@id\":\"https:\\\/\\\/folhadoleste.com.br\\\/#organization\",\"name\":\"Brasil 21 Comunica\u00e7\u00e3o\",\"alternateName\":\"BR21\",\"url\":\"https:\\\/\\\/folhadoleste.com.br\\\/\",\"logo\":{\"@type\":\"ImageObject\",\"inLanguage\":\"en-US\",\"@id\":\"https:\\\/\\\/folhadoleste.com.br\\\/#\\\/schema\\\/logo\\\/image\\\/\",\"url\":\"https:\\\/\\\/folhadoleste.com.br\\\/wp-content\\\/uploads\\\/2025\\\/12\\\/brasil-21-logomarca.avif\",\"contentUrl\":\"https:\\\/\\\/folhadoleste.com.br\\\/wp-content\\\/uploads\\\/2025\\\/12\\\/brasil-21-logomarca.avif\",\"width\":1044,\"height\":1044,\"caption\":\"Brasil 21 Comunica\u00e7\u00e3o\"},\"image\":{\"@id\":\"https:\\\/\\\/folhadoleste.com.br\\\/#\\\/schema\\\/logo\\\/image\\\/\"},\"sameAs\":[\"https:\\\/\\\/www.facebook.com\\\/folhadoleste\",\"https:\\\/\\\/x.com\\\/FolhadoLesteRJ\",\"https:\\\/\\\/www.instagram.com\\\/folhadoleste\\\/\"]},{\"@type\":\"Person\",\"@id\":\"https:\\\/\\\/folhadoleste.com.br\\\/#\\\/schema\\\/person\\\/3e97145b2e1861276e84471aa85a3899\",\"name\":\"Folha do Leste\",\"image\":{\"@type\":\"ImageObject\",\"inLanguage\":\"en-US\",\"@id\":\"https:\\\/\\\/folhadoleste.com.br\\\/wp-content\\\/litespeed\\\/avatar\\\/1ca8c218432e7045e748610eb3db0259.jpg?ver=1777161142\",\"url\":\"https:\\\/\\\/folhadoleste.com.br\\\/wp-content\\\/litespeed\\\/avatar\\\/1ca8c218432e7045e748610eb3db0259.jpg?ver=1777161142\",\"contentUrl\":\"https:\\\/\\\/folhadoleste.com.br\\\/wp-content\\\/litespeed\\\/avatar\\\/1ca8c218432e7045e748610eb3db0259.jpg?ver=1777161142\",\"caption\":\"Folha do Leste\"},\"url\":\"https:\\\/\\\/folhadoleste.com.br\\\/en\\\/author\\\/reportagem-01\\\/\"}]}<\/script>\n<!-- \/ Yoast SEO plugin. -->","yoast_head_json":{"title":"Niter\u00f3i: \u00c1rvore cai em cima de carro em Icara\u00ed &#8226; Folha do Leste","description":"Niter\u00f3i: \u00c1rvore cai em cima de carro em Icara\u00ed. Tr\u00e2nsito foi desviado para ruas pr\u00f3ximas ap\u00f3s queda de \u00e1rvore...","robots":{"index":"index","follow":"follow","max-snippet":"max-snippet:-1","max-image-preview":"max-image-preview:large","max-video-preview":"max-video-preview:-1"},"canonical":"https:\/\/folhadoleste.com.br\/en\/niteroi-arvore-cai-em-cima-de-carro-em-icarai\/","og_locale":"en_US","og_type":"article","og_title":"Niter\u00f3i: \u00c1rvore cai em cima de carro em Icara\u00ed &#8226; Folha do Leste","og_description":"Niter\u00f3i: \u00c1rvore cai em cima de carro em Icara\u00ed. Tr\u00e2nsito foi desviado para ruas pr\u00f3ximas ap\u00f3s queda de \u00e1rvore...","og_url":"https:\/\/folhadoleste.com.br\/en\/niteroi-arvore-cai-em-cima-de-carro-em-icarai\/","og_site_name":"Folha do Leste","article_publisher":"https:\/\/www.facebook.com\/folhadoleste","article_published_time":"2025-04-24T23:36:45+00:00","article_modified_time":"2025-04-25T01:08:05+00:00","og_image":[{"width":1200,"height":720,"url":"https:\/\/folhadoleste.com.br\/wp-content\/uploads\/2025\/04\/Niteroi-Arvore-cai-em-cima-de-carro-em-Icarai-Foto-Reproducao.webp","type":"image\/webp"}],"author":"Folha do Leste","twitter_card":"summary_large_image","twitter_creator":"@FolhadoLesteRJ","twitter_site":"@FolhadoLesteRJ","twitter_misc":{"Written by":"Folha do Leste","Est. reading time":"3 minutes"},"schema":{"@context":"https:\/\/schema.org","@graph":[{"@type":"NewsArticle","@id":"https:\/\/folhadoleste.com.br\/niteroi-arvore-cai-em-cima-de-carro-em-icarai\/#article","isPartOf":{"@id":"https:\/\/folhadoleste.com.br\/niteroi-arvore-cai-em-cima-de-carro-em-icarai\/"},"author":{"name":"Folha do Leste","@id":"https:\/\/folhadoleste.com.br\/#\/schema\/person\/3e97145b2e1861276e84471aa85a3899"},"headline":"Niter\u00f3i: \u00c1rvore cai em cima de carro em Icara\u00ed","datePublished":"2025-04-24T23:36:45+00:00","dateModified":"2025-04-25T01:08:05+00:00","mainEntityOfPage":{"@id":"https:\/\/folhadoleste.com.br\/niteroi-arvore-cai-em-cima-de-carro-em-icarai\/"},"wordCount":175,"commentCount":0,"publisher":{"@id":"https:\/\/folhadoleste.com.br\/#organization"},"image":{"@id":"https:\/\/folhadoleste.com.br\/niteroi-arvore-cai-em-cima-de-carro-em-icarai\/#primaryimage"},"thumbnailUrl":"https:\/\/folhadoleste.com.br\/wp-content\/uploads\/2025\/04\/Niteroi-Arvore-cai-em-cima-de-carro-em-Icarai-Foto-Reproducao.webp","keywords":["acidente","antigo Twitter","\u00e1rvore ca\u00edda","bombeiros em a\u00e7\u00e3o","carro atingido","causa da queda (investiga\u00e7\u00e3o)","Corpo de Bombeiros","desvio de tr\u00e2nsito","emerg\u00eancia","esbarr\u00e3o","Estrada Fro\u00e9s","Icara\u00ed","interdi\u00e7\u00e3o","lentid\u00e3o","Leste Fluminense","moradores","Niter\u00f3i","NitTrans","ocorr\u00eancia","\u00f4nibus","pessoa presa (n\u00e3o confirmado)","Rede Social X","remo\u00e7\u00e3o de \u00e1rvore","Rua Ary Parreiras","Rua Joaquim T\u00e1vora","seguran\u00e7a","tr\u00e1fego","Tr\u00e2nsito","Via interditada","Zona Sul"],"articleSection":["Leste Fluminense","Niter\u00f3i"],"inLanguage":"en-US","potentialAction":[{"@type":"CommentAction","name":"Comment","target":["https:\/\/folhadoleste.com.br\/niteroi-arvore-cai-em-cima-de-carro-em-icarai\/#respond"]}]},{"@type":"WebPage","@id":"https:\/\/folhadoleste.com.br\/niteroi-arvore-cai-em-cima-de-carro-em-icarai\/","url":"https:\/\/folhadoleste.com.br\/niteroi-arvore-cai-em-cima-de-carro-em-icarai\/","name":"Niter\u00f3i: \u00c1rvore cai em cima de carro em Icara\u00ed &#8226; Folha do Leste","isPartOf":{"@id":"https:\/\/folhadoleste.com.br\/#website"},"primaryImageOfPage":{"@id":"https:\/\/folhadoleste.com.br\/niteroi-arvore-cai-em-cima-de-carro-em-icarai\/#primaryimage"},"image":{"@id":"https:\/\/folhadoleste.com.br\/niteroi-arvore-cai-em-cima-de-carro-em-icarai\/#primaryimage"},"thumbnailUrl":"https:\/\/folhadoleste.com.br\/wp-content\/uploads\/2025\/04\/Niteroi-Arvore-cai-em-cima-de-carro-em-Icarai-Foto-Reproducao.webp","datePublished":"2025-04-24T23:36:45+00:00","dateModified":"2025-04-25T01:08:05+00:00","description":"Niter\u00f3i: \u00c1rvore cai em cima de carro em Icara\u00ed. Tr\u00e2nsito foi desviado para ruas pr\u00f3ximas ap\u00f3s queda de \u00e1rvore...","breadcrumb":{"@id":"https:\/\/folhadoleste.com.br\/niteroi-arvore-cai-em-cima-de-carro-em-icarai\/#breadcrumb"},"inLanguage":"en-US","potentialAction":[{"@type":"ReadAction","target":["https:\/\/folhadoleste.com.br\/niteroi-arvore-cai-em-cima-de-carro-em-icarai\/"]}]},{"@type":"ImageObject","inLanguage":"en-US","@id":"https:\/\/folhadoleste.com.br\/niteroi-arvore-cai-em-cima-de-carro-em-icarai\/#primaryimage","url":"https:\/\/folhadoleste.com.br\/wp-content\/uploads\/2025\/04\/Niteroi-Arvore-cai-em-cima-de-carro-em-Icarai-Foto-Reproducao.webp","contentUrl":"https:\/\/folhadoleste.com.br\/wp-content\/uploads\/2025\/04\/Niteroi-Arvore-cai-em-cima-de-carro-em-Icarai-Foto-Reproducao.webp","width":1200,"height":720,"caption":"Niter\u00f3i: \u00c1rvore cai em cima de carro em Icara\u00ed | Reprodu\u00e7\u00e3o"},{"@type":"BreadcrumbList","@id":"https:\/\/folhadoleste.com.br\/niteroi-arvore-cai-em-cima-de-carro-em-icarai\/#breadcrumb","itemListElement":[{"@type":"ListItem","position":1,"name":"In\u00edcio","item":"https:\/\/folhadoleste.com.br\/"},{"@type":"ListItem","position":2,"name":"Estado do Rio de Janeiro","item":"https:\/\/folhadoleste.com.br\/category\/estado-do-rio-de-janeiro\/"},{"@type":"ListItem","position":3,"name":"Leste Fluminense","item":"https:\/\/folhadoleste.com.br\/category\/estado-do-rio-de-janeiro\/leste-fluminense\/"},{"@type":"ListItem","position":4,"name":"Niter\u00f3i","item":"https:\/\/folhadoleste.com.br\/category\/estado-do-rio-de-janeiro\/leste-fluminense\/noticias-de-niteroi\/"},{"@type":"ListItem","position":5,"name":"Niter\u00f3i: \u00c1rvore cai em cima de carro em Icara\u00ed"}]},{"@type":"WebSite","@id":"https:\/\/folhadoleste.com.br\/#website","url":"https:\/\/folhadoleste.com.br\/","name":"Folha do Leste","description":"Portal de Not\u00edcias com \u00eanfase em Niter\u00f3i, criando conte\u00fados desde a capital Rio de Janeiro, com olhar para o Leste Fluminense e suas cidades como S\u00e3o Gon\u00e7alo, Itabora\u00ed, Rio Bonito, Maric\u00e1, Saquarema e Araruama","publisher":{"@id":"https:\/\/folhadoleste.com.br\/#organization"},"alternateName":"FL","potentialAction":[{"@type":"SearchAction","target":{"@type":"EntryPoint","urlTemplate":"https:\/\/folhadoleste.com.br\/?s={search_term_string}"},"query-input":{"@type":"PropertyValueSpecification","valueRequired":true,"valueName":"search_term_string"}}],"inLanguage":"en-US"},{"@type":"Organization","@id":"https:\/\/folhadoleste.com.br\/#organization","name":"Brasil 21 Comunica\u00e7\u00e3o","alternateName":"BR21","url":"https:\/\/folhadoleste.com.br\/","logo":{"@type":"ImageObject","inLanguage":"en-US","@id":"https:\/\/folhadoleste.com.br\/#\/schema\/logo\/image\/","url":"https:\/\/folhadoleste.com.br\/wp-content\/uploads\/2025\/12\/brasil-21-logomarca.avif","contentUrl":"https:\/\/folhadoleste.com.br\/wp-content\/uploads\/2025\/12\/brasil-21-logomarca.avif","width":1044,"height":1044,"caption":"Brasil 21 Comunica\u00e7\u00e3o"},"image":{"@id":"https:\/\/folhadoleste.com.br\/#\/schema\/logo\/image\/"},"sameAs":["https:\/\/www.facebook.com\/folhadoleste","https:\/\/x.com\/FolhadoLesteRJ","https:\/\/www.instagram.com\/folhadoleste\/"]},{"@type":"Person","@id":"https:\/\/folhadoleste.com.br\/#\/schema\/person\/3e97145b2e1861276e84471aa85a3899","name":"Folha do Leste","image":{"@type":"ImageObject","inLanguage":"en-US","@id":"https:\/\/folhadoleste.com.br\/wp-content\/litespeed\/avatar\/1ca8c218432e7045e748610eb3db0259.jpg?ver=1777161142","url":"https:\/\/folhadoleste.com.br\/wp-content\/litespeed\/avatar\/1ca8c218432e7045e748610eb3db0259.jpg?ver=1777161142","contentUrl":"https:\/\/folhadoleste.com.br\/wp-content\/litespeed\/avatar\/1ca8c218432e7045e748610eb3db0259.jpg?ver=1777161142","caption":"Folha do Leste"},"url":"https:\/\/folhadoleste.com.br\/en\/author\/reportagem-01\/"}]}},"_links":{"self":[{"href":"https:\/\/folhadoleste.com.br\/en\/wp-json\/wp\/v2\/posts\/121104","targetHints":{"allow":["GET"]}}],"collection":[{"href":"https:\/\/folhadoleste.com.br\/en\/wp-json\/wp\/v2\/posts"}],"about":[{"href":"https:\/\/folhadoleste.com.br\/en\/wp-json\/wp\/v2\/types\/post"}],"author":[{"embeddable":true,"href":"https:\/\/folhadoleste.com.br\/en\/wp-json\/wp\/v2\/users\/4"}],"replies":[{"embeddable":true,"href":"https:\/\/folhadoleste.com.br\/en\/wp-json\/wp\/v2\/comments?post=121104"}],"version-history":[{"count":2,"href":"https:\/\/folhadoleste.com.br\/en\/wp-json\/wp\/v2\/posts\/121104\/revisions"}],"predecessor-version":[{"id":121109,"href":"https:\/\/folhadoleste.com.br\/en\/wp-json\/wp\/v2\/posts\/121104\/revisions\/121109"}],"wp:featuredmedia":[{"embeddable":true,"href":"https:\/\/folhadoleste.com.br\/en\/wp-json\/wp\/v2\/media\/121107"}],"wp:attachment":[{"href":"https:\/\/folhadoleste.com.br\/en\/wp-json\/wp\/v2\/media?parent=121104"}],"wp:term":[{"taxonomy":"category","embeddable":true,"href":"https:\/\/folhadoleste.com.br\/en\/wp-json\/wp\/v2\/categories?post=121104"},{"taxonomy":"post_tag","embeddable":true,"href":"https:\/\/folhadoleste.com.br\/en\/wp-json\/wp\/v2\/tags?post=121104"}],"curies":[{"name":"wp","href":"https:\/\/api.w.org\/{rel}","templated":true}]}}