{"id":116075,"date":"2025-03-24T12:55:35","date_gmt":"2025-03-24T15:55:35","guid":{"rendered":"https:\/\/folhadoleste.com.br\/?p=116075"},"modified":"2025-03-24T12:55:36","modified_gmt":"2025-03-24T15:55:36","slug":"homem-e-preso-apos-matar-esposa-a-tiros","status":"publish","type":"post","link":"https:\/\/folhadoleste.com.br\/en\/homem-e-preso-apos-matar-esposa-a-tiros\/","title":{"rendered":"Homem \u00e9 preso ap\u00f3s matar esposa a tiros"},"content":{"rendered":"<div id=\"attachment_116085\" style=\"width: 1034px\" class=\"wp-caption aligncenter\"><a href=\"https:\/\/folhadoleste.com.br\/en\/homem-e-preso-apos-matar-esposa-a-tiros\/homem-e-preso-apos-matar-esposa-a-tiros-foto-reproducao\/\" rel=\"attachment wp-att-116085\"><img decoding=\"async\" aria-describedby=\"caption-attachment-116085\" class=\"size-large wp-image-116085\" src=\"https:\/\/folhadoleste.com.br\/wp-content\/uploads\/2025\/03\/Homem-e-preso-apos-matar-esposa-a-tiros-Foto-Reproducao-1024x640.jpeg\" alt=\"\" width=\"1024\" height=\"640\" \/><\/a><p id=\"caption-attachment-116085\" class=\"wp-caption-text\">Homem \u00e9 preso ap\u00f3s matar esposa a tiros | Reprodu\u00e7\u00e3o<\/p><\/div>\n<p class=\"\" style=\"text-align: justify;\" data-start=\"78\" data-end=\"340\">Neste domingo (23), Giovanni Constantino foi preso em flagrante em Bonsucesso, Zona Norte do Rio, ap\u00f3s matar sua esposa, Izabel Cristina Bezerra Perugino, a tiros. O crime ocorreu no mesmo dia em <a href=\"https:\/\/folhadoleste.com.br\/en\/category\/estado-do-rio-de-janeiro\/leste-fluminense\/marica\/\">Maric\u00e1<\/a>, no Leste Fluminense, e gerou grande como\u00e7\u00e3o na regi\u00e3o.<\/p>\n<h4 style=\"text-align: justify;\" data-start=\"342\" data-end=\"363\"><strong data-start=\"342\" data-end=\"363\">Detalhes do Crime<\/strong><\/h4>\n<p class=\"\" style=\"text-align: justify;\" data-start=\"365\" data-end=\"617\">A Pol\u00edcia Civil informou que Giovanni e Izabel discutiram dentro de casa. Durante a briga, o homem atirou contra a esposa, causando sua morte.<\/p>\n<h5><a href=\"https:\/\/chat.whatsapp.com\/ItvWOvY08sCCpPxovKnYb6\"><img decoding=\"async\" class=\"aligncenter wp-image-109746 size-full\" src=\"https:\/\/folhadoleste.com.br\/wp-content\/uploads\/2025\/02\/WHATSAPP-FOLHA-DO-LESTE-600x200-1.png\" alt=\"\" width=\"600\" height=\"200\" \/><\/a><\/h5>\n<p class=\"\" style=\"text-align: justify;\" data-start=\"365\" data-end=\"617\">Segundo as autoridades, Giovanni n\u00e3o possu\u00eda autoriza\u00e7\u00e3o para posse de arma de fogo, o que agrava a situa\u00e7\u00e3o.<\/p>\n<h4 style=\"text-align: justify;\" data-start=\"619\" data-end=\"636\"><strong data-start=\"619\" data-end=\"636\">Fuga e Pris\u00e3o<\/strong><\/h4>\n<p class=\"\" style=\"text-align: justify;\" data-start=\"638\" data-end=\"960\">Ap\u00f3s cometer o crime, o homem fugiu do local em seu carro. A Delegacia de Homic\u00eddios de Niter\u00f3i, S\u00e3o Gon\u00e7alo e Itabora\u00ed (DHNSG) foi acionada e realizou per\u00edcia no im\u00f3vel, encontrando a arma usada no assassinato.<\/p>\n<p class=\"\" style=\"text-align: justify;\" data-start=\"638\" data-end=\"960\">O armamento foi apreendido e encaminhado para exames periciais, a fim de confirmar sua origem e funcionamento.<\/p>\n<h5 style=\"text-align: center;\"><span style=\"color: #000000;\"><span style=\"color: #ff0000;\"><strong>+ <\/strong><\/span><\/span><span style=\"color: #000000;\"><span style=\"color: #ff9900;\"><strong>MAIS NOT\u00cdCIAS DO RIO DE JANEIRO?<\/strong><\/span> <span style=\"color: #008080;\"><strong><a style=\"color: #008080;\" href=\"https:\/\/folhadoleste.com.br\/en\/category\/rio-de-janeiro-capital\/\">CLIQUE AQUI<\/a><\/strong><\/span><\/span><\/h5>\n<p class=\"\" style=\"text-align: justify;\" data-start=\"962\" data-end=\"1158\">Policiais da DHNSG localizaram Giovanni na regi\u00e3o de Bonsucesso durante uma ocorr\u00eancia de tr\u00e2nsito. O suspeito foi preso e agora enfrentar\u00e1 acusa\u00e7\u00f5es de feminic\u00eddio e posse ilegal de arma de fogo.<\/p>\n<h4 style=\"text-align: justify;\" data-start=\"1160\" data-end=\"1192\"><strong data-start=\"1160\" data-end=\"1192\">Investiga\u00e7\u00e3o e Consequ\u00eancias<\/strong><\/h4>\n<p style=\"text-align: justify;\" data-start=\"1194\" data-end=\"1438\">A Pol\u00edcia Civil segue investigando o caso para entender mais detalhes sobre a din\u00e2mica do crime e o hist\u00f3rico do relacionamento do casal.<\/p>\n<p style=\"text-align: justify;\" data-start=\"1194\" data-end=\"1438\">Giovanni ser\u00e1 formalmente acusado e responder\u00e1 pelos crimes de feminic\u00eddio e posse ilegal de arma de fogo.<\/p>\n<p><a href=\"https:\/\/folhadoleste.com.br\/en\/vida\/\"><img decoding=\"async\" class=\"aligncenter wp-image-113547 size-full\" src=\"https:\/\/folhadoleste.com.br\/wp-content\/uploads\/2025\/03\/Sinteses-da-Vida.png\" alt=\"\" width=\"1800\" height=\"600\" \/><\/a><\/p>\n<p><a href=\"https:\/\/www.instagram.com\/folhadoleste\/\"><img decoding=\"async\" class=\"aligncenter wp-image-109748 size-medium\" src=\"https:\/\/folhadoleste.com.br\/wp-content\/uploads\/2025\/02\/Instagram-Folha-do-Leste-Widget-300x100.png\" alt=\"\" width=\"300\" height=\"100\" \/><\/a><\/p>\n<p><a href=\"http:\/\/facebook.com\/folhadoleste\"><img decoding=\"async\" class=\"aligncenter wp-image-109735 size-medium\" src=\"https:\/\/folhadoleste.com.br\/wp-content\/uploads\/2025\/02\/ANUNCIO-FACEBOOK-FOLHA-DO-LESTE-300x300.png\" alt=\"\" width=\"300\" height=\"300\" \/><\/a><\/p>","protected":false},"excerpt":{"rendered":"<p>Neste domingo (23), Giovanni Constantino foi preso em flagrante em Bonsucesso, Zona Norte do Rio, ap\u00f3s matar sua esposa, Izabel Cristina Bezerra Perugino, a tiros. O crime ocorreu no mesmo dia em Maric\u00e1, no Leste Fluminense, e gerou grande como\u00e7\u00e3o na regi\u00e3o. Detalhes do Crime A Pol\u00edcia Civil informou que Giovanni e Izabel discutiram dentro de casa. Durante a briga, o homem atirou contra a esposa, causando sua morte. Segundo as autoridades, Giovanni n\u00e3o possu\u00eda autoriza\u00e7\u00e3o para posse de arma de fogo, o que agrava a situa\u00e7\u00e3o. Fuga e Pris\u00e3o Ap\u00f3s cometer o crime, o homem fugiu do local em [&hellip;]<\/p>\n","protected":false},"author":4,"featured_media":116085,"comment_status":"open","ping_status":"open","sticky":false,"template":"","format":"standard","meta":{"footnotes":""},"categories":[290,67],"tags":[4216,3076,69907,69822,69291,67575,69595,67825,67630,69823,68047,50630,66141,2350,2461,3023,9342,48995,203,410,9182,93,824,26545,47354,2342,1629],"class_list":["post-116075","post","type-post","status-publish","format-standard","has-post-thumbnail","hentry","category-policia-rio-de-janeiro-capital","category-rio-de-janeiro-capital","tag-agressao","tag-assassinato","tag-companheira-morta","tag-crimes-com-faca","tag-crimes-com-feridos","tag-crimes-com-mortes","tag-crimes-com-presos","tag-crimes-com-suspeitos","tag-crimes-com-suspeitos-presos","tag-crimes-com-violencia-de-genero","tag-crimes-com-violencia-domestica","tag-crimes-no-rio-de-janeiro","tag-crimes-passionais","tag-feminicidio","tag-flagrante","tag-homicidio","tag-investigacao-policial","tag-noticias-policiais","tag-policia-civil","tag-prisao","tag-relacionamento-abusivo","tag-rio-de-janeiro","tag-seguranca-publica","tag-suspeito-preso","tag-tragedia-familiar","tag-violencia-contra-a-mulher","tag-violencia-domestica","post--single"],"yoast_head":"<!-- This site is optimized with the Yoast SEO plugin v27.5 - https:\/\/yoast.com\/product\/yoast-seo-wordpress\/ -->\n<title>Homem \u00e9 preso ap\u00f3s matar esposa a tiros &#8226; Folha do Leste<\/title>\n<meta name=\"description\" content=\"Homem \u00e9 preso ap\u00f3s matar esposa a tiros. Discuss\u00e3o pode ter sido o motivo do crime; Confira a reportagem...\" \/>\n<meta name=\"robots\" content=\"index, follow, max-snippet:-1, max-image-preview:large, max-video-preview:-1\" \/>\n<link rel=\"canonical\" href=\"https:\/\/folhadoleste.com.br\/en\/homem-e-preso-apos-matar-esposa-a-tiros\/\" \/>\n<meta property=\"og:locale\" content=\"en_US\" \/>\n<meta property=\"og:type\" content=\"article\" \/>\n<meta property=\"og:title\" content=\"Homem \u00e9 preso ap\u00f3s matar esposa a tiros &#8226; Folha do Leste\" \/>\n<meta property=\"og:description\" content=\"Homem \u00e9 preso ap\u00f3s matar esposa a tiros. Discuss\u00e3o pode ter sido o motivo do crime; Confira a reportagem...\" \/>\n<meta property=\"og:url\" content=\"https:\/\/folhadoleste.com.br\/en\/homem-e-preso-apos-matar-esposa-a-tiros\/\" \/>\n<meta property=\"og:site_name\" content=\"Folha do Leste\" \/>\n<meta property=\"article:publisher\" content=\"https:\/\/www.facebook.com\/folhadoleste\" \/>\n<meta property=\"article:published_time\" content=\"2025-03-24T15:55:35+00:00\" \/>\n<meta property=\"article:modified_time\" content=\"2025-03-24T15:55:36+00:00\" \/>\n<meta property=\"og:image\" content=\"https:\/\/folhadoleste.com.br\/wp-content\/uploads\/2025\/03\/Homem-e-preso-apos-matar-esposa-a-tiros-Foto-Reproducao.jpeg\" \/>\n\t<meta property=\"og:image:width\" content=\"1200\" \/>\n\t<meta property=\"og:image:height\" content=\"750\" \/>\n\t<meta property=\"og:image:type\" content=\"image\/jpeg\" \/>\n<meta name=\"author\" content=\"Folha do Leste\" \/>\n<meta name=\"twitter:card\" content=\"summary_large_image\" \/>\n<meta name=\"twitter:creator\" content=\"@FolhadoLesteRJ\" \/>\n<meta name=\"twitter:site\" content=\"@FolhadoLesteRJ\" \/>\n<meta name=\"twitter:label1\" content=\"Written by\" \/>\n\t<meta name=\"twitter:data1\" content=\"Folha do Leste\" \/>\n\t<meta name=\"twitter:label2\" content=\"Est. reading time\" \/>\n\t<meta name=\"twitter:data2\" content=\"3 minutes\" \/>\n<script type=\"application\/ld+json\" class=\"yoast-schema-graph\">{\"@context\":\"https:\\\/\\\/schema.org\",\"@graph\":[{\"@type\":\"NewsArticle\",\"@id\":\"https:\\\/\\\/folhadoleste.com.br\\\/homem-e-preso-apos-matar-esposa-a-tiros\\\/#article\",\"isPartOf\":{\"@id\":\"https:\\\/\\\/folhadoleste.com.br\\\/homem-e-preso-apos-matar-esposa-a-tiros\\\/\"},\"author\":{\"name\":\"Folha do Leste\",\"@id\":\"https:\\\/\\\/folhadoleste.com.br\\\/#\\\/schema\\\/person\\\/3e97145b2e1861276e84471aa85a3899\"},\"headline\":\"Homem \u00e9 preso ap\u00f3s matar esposa a tiros\",\"datePublished\":\"2025-03-24T15:55:35+00:00\",\"dateModified\":\"2025-03-24T15:55:36+00:00\",\"mainEntityOfPage\":{\"@id\":\"https:\\\/\\\/folhadoleste.com.br\\\/homem-e-preso-apos-matar-esposa-a-tiros\\\/\"},\"wordCount\":277,\"commentCount\":0,\"publisher\":{\"@id\":\"https:\\\/\\\/folhadoleste.com.br\\\/#organization\"},\"image\":{\"@id\":\"https:\\\/\\\/folhadoleste.com.br\\\/homem-e-preso-apos-matar-esposa-a-tiros\\\/#primaryimage\"},\"thumbnailUrl\":\"https:\\\/\\\/folhadoleste.com.br\\\/wp-content\\\/uploads\\\/2025\\\/03\\\/Homem-e-preso-apos-matar-esposa-a-tiros-Foto-Reproducao.jpeg\",\"keywords\":[\"Agress\u00e3o\",\"assassinato\",\"companheira morta\",\"crimes com faca\",\"crimes com feridos\",\"crimes com mortes\",\"crimes com presos\",\"crimes com suspeitos\",\"crimes com suspeitos presos\",\"crimes com viol\u00eancia de g\u00eanero\",\"crimes com viol\u00eancia dom\u00e9stica\",\"crimes no Rio de Janeiro\",\"crimes passionais\",\"feminic\u00eddio\",\"flagrante\",\"HOMIC\u00cdDIO\",\"investiga\u00e7\u00e3o policial\",\"not\u00edcias policiais\",\"pol\u00edcia civil\",\"pris\u00e3o\",\"Relacionamento Abusivo\",\"Rio de Janeiro\",\"Seguran\u00e7a publica\",\"suspeito preso\",\"trag\u00e9dia familiar\",\"Viol\u00eancia contra a Mulher\",\"viol\u00eancia dom\u00e9stica\"],\"articleSection\":[\"Pol\u00edcia\",\"Rio de Janeiro - Capital\"],\"inLanguage\":\"en-US\",\"potentialAction\":[{\"@type\":\"CommentAction\",\"name\":\"Comment\",\"target\":[\"https:\\\/\\\/folhadoleste.com.br\\\/homem-e-preso-apos-matar-esposa-a-tiros\\\/#respond\"]}]},{\"@type\":\"WebPage\",\"@id\":\"https:\\\/\\\/folhadoleste.com.br\\\/homem-e-preso-apos-matar-esposa-a-tiros\\\/\",\"url\":\"https:\\\/\\\/folhadoleste.com.br\\\/homem-e-preso-apos-matar-esposa-a-tiros\\\/\",\"name\":\"Homem \u00e9 preso ap\u00f3s matar esposa a tiros &#8226; Folha do Leste\",\"isPartOf\":{\"@id\":\"https:\\\/\\\/folhadoleste.com.br\\\/#website\"},\"primaryImageOfPage\":{\"@id\":\"https:\\\/\\\/folhadoleste.com.br\\\/homem-e-preso-apos-matar-esposa-a-tiros\\\/#primaryimage\"},\"image\":{\"@id\":\"https:\\\/\\\/folhadoleste.com.br\\\/homem-e-preso-apos-matar-esposa-a-tiros\\\/#primaryimage\"},\"thumbnailUrl\":\"https:\\\/\\\/folhadoleste.com.br\\\/wp-content\\\/uploads\\\/2025\\\/03\\\/Homem-e-preso-apos-matar-esposa-a-tiros-Foto-Reproducao.jpeg\",\"datePublished\":\"2025-03-24T15:55:35+00:00\",\"dateModified\":\"2025-03-24T15:55:36+00:00\",\"description\":\"Homem \u00e9 preso ap\u00f3s matar esposa a tiros. Discuss\u00e3o pode ter sido o motivo do crime; Confira a reportagem...\",\"breadcrumb\":{\"@id\":\"https:\\\/\\\/folhadoleste.com.br\\\/homem-e-preso-apos-matar-esposa-a-tiros\\\/#breadcrumb\"},\"inLanguage\":\"en-US\",\"potentialAction\":[{\"@type\":\"ReadAction\",\"target\":[\"https:\\\/\\\/folhadoleste.com.br\\\/homem-e-preso-apos-matar-esposa-a-tiros\\\/\"]}]},{\"@type\":\"ImageObject\",\"inLanguage\":\"en-US\",\"@id\":\"https:\\\/\\\/folhadoleste.com.br\\\/homem-e-preso-apos-matar-esposa-a-tiros\\\/#primaryimage\",\"url\":\"https:\\\/\\\/folhadoleste.com.br\\\/wp-content\\\/uploads\\\/2025\\\/03\\\/Homem-e-preso-apos-matar-esposa-a-tiros-Foto-Reproducao.jpeg\",\"contentUrl\":\"https:\\\/\\\/folhadoleste.com.br\\\/wp-content\\\/uploads\\\/2025\\\/03\\\/Homem-e-preso-apos-matar-esposa-a-tiros-Foto-Reproducao.jpeg\",\"width\":1200,\"height\":750,\"caption\":\"Homem \u00e9 preso ap\u00f3s matar esposa a tiros | Reprodu\u00e7\u00e3o\"},{\"@type\":\"BreadcrumbList\",\"@id\":\"https:\\\/\\\/folhadoleste.com.br\\\/homem-e-preso-apos-matar-esposa-a-tiros\\\/#breadcrumb\",\"itemListElement\":[{\"@type\":\"ListItem\",\"position\":1,\"name\":\"In\u00edcio\",\"item\":\"https:\\\/\\\/folhadoleste.com.br\\\/\"},{\"@type\":\"ListItem\",\"position\":2,\"name\":\"Rio de Janeiro - Capital\",\"item\":\"https:\\\/\\\/folhadoleste.com.br\\\/category\\\/rio-de-janeiro-capital\\\/\"},{\"@type\":\"ListItem\",\"position\":3,\"name\":\"Homem \u00e9 preso ap\u00f3s matar esposa a tiros\"}]},{\"@type\":\"WebSite\",\"@id\":\"https:\\\/\\\/folhadoleste.com.br\\\/#website\",\"url\":\"https:\\\/\\\/folhadoleste.com.br\\\/\",\"name\":\"Folha do Leste\",\"description\":\"Portal de Not\u00edcias com \u00eanfase em Niter\u00f3i, criando conte\u00fados desde a capital Rio de Janeiro, com olhar para o Leste Fluminense e suas cidades como S\u00e3o Gon\u00e7alo, Itabora\u00ed, Rio Bonito, Maric\u00e1, Saquarema e Araruama\",\"publisher\":{\"@id\":\"https:\\\/\\\/folhadoleste.com.br\\\/#organization\"},\"alternateName\":\"FL\",\"potentialAction\":[{\"@type\":\"SearchAction\",\"target\":{\"@type\":\"EntryPoint\",\"urlTemplate\":\"https:\\\/\\\/folhadoleste.com.br\\\/?s={search_term_string}\"},\"query-input\":{\"@type\":\"PropertyValueSpecification\",\"valueRequired\":true,\"valueName\":\"search_term_string\"}}],\"inLanguage\":\"en-US\"},{\"@type\":\"Organization\",\"@id\":\"https:\\\/\\\/folhadoleste.com.br\\\/#organization\",\"name\":\"Brasil 21 Comunica\u00e7\u00e3o\",\"alternateName\":\"BR21\",\"url\":\"https:\\\/\\\/folhadoleste.com.br\\\/\",\"logo\":{\"@type\":\"ImageObject\",\"inLanguage\":\"en-US\",\"@id\":\"https:\\\/\\\/folhadoleste.com.br\\\/#\\\/schema\\\/logo\\\/image\\\/\",\"url\":\"https:\\\/\\\/folhadoleste.com.br\\\/wp-content\\\/uploads\\\/2025\\\/12\\\/brasil-21-logomarca.avif\",\"contentUrl\":\"https:\\\/\\\/folhadoleste.com.br\\\/wp-content\\\/uploads\\\/2025\\\/12\\\/brasil-21-logomarca.avif\",\"width\":1044,\"height\":1044,\"caption\":\"Brasil 21 Comunica\u00e7\u00e3o\"},\"image\":{\"@id\":\"https:\\\/\\\/folhadoleste.com.br\\\/#\\\/schema\\\/logo\\\/image\\\/\"},\"sameAs\":[\"https:\\\/\\\/www.facebook.com\\\/folhadoleste\",\"https:\\\/\\\/x.com\\\/FolhadoLesteRJ\",\"https:\\\/\\\/www.instagram.com\\\/folhadoleste\\\/\"]},{\"@type\":\"Person\",\"@id\":\"https:\\\/\\\/folhadoleste.com.br\\\/#\\\/schema\\\/person\\\/3e97145b2e1861276e84471aa85a3899\",\"name\":\"Folha do Leste\",\"image\":{\"@type\":\"ImageObject\",\"inLanguage\":\"en-US\",\"@id\":\"https:\\\/\\\/folhadoleste.com.br\\\/wp-content\\\/litespeed\\\/avatar\\\/1ca8c218432e7045e748610eb3db0259.jpg?ver=1777161142\",\"url\":\"https:\\\/\\\/folhadoleste.com.br\\\/wp-content\\\/litespeed\\\/avatar\\\/1ca8c218432e7045e748610eb3db0259.jpg?ver=1777161142\",\"contentUrl\":\"https:\\\/\\\/folhadoleste.com.br\\\/wp-content\\\/litespeed\\\/avatar\\\/1ca8c218432e7045e748610eb3db0259.jpg?ver=1777161142\",\"caption\":\"Folha do Leste\"},\"url\":\"https:\\\/\\\/folhadoleste.com.br\\\/en\\\/author\\\/reportagem-01\\\/\"}]}<\/script>\n<!-- \/ Yoast SEO plugin. -->","yoast_head_json":{"title":"Homem \u00e9 preso ap\u00f3s matar esposa a tiros &#8226; Folha do Leste","description":"Homem \u00e9 preso ap\u00f3s matar esposa a tiros. Discuss\u00e3o pode ter sido o motivo do crime; Confira a reportagem...","robots":{"index":"index","follow":"follow","max-snippet":"max-snippet:-1","max-image-preview":"max-image-preview:large","max-video-preview":"max-video-preview:-1"},"canonical":"https:\/\/folhadoleste.com.br\/en\/homem-e-preso-apos-matar-esposa-a-tiros\/","og_locale":"en_US","og_type":"article","og_title":"Homem \u00e9 preso ap\u00f3s matar esposa a tiros &#8226; Folha do Leste","og_description":"Homem \u00e9 preso ap\u00f3s matar esposa a tiros. Discuss\u00e3o pode ter sido o motivo do crime; Confira a reportagem...","og_url":"https:\/\/folhadoleste.com.br\/en\/homem-e-preso-apos-matar-esposa-a-tiros\/","og_site_name":"Folha do Leste","article_publisher":"https:\/\/www.facebook.com\/folhadoleste","article_published_time":"2025-03-24T15:55:35+00:00","article_modified_time":"2025-03-24T15:55:36+00:00","og_image":[{"width":1200,"height":750,"url":"https:\/\/folhadoleste.com.br\/wp-content\/uploads\/2025\/03\/Homem-e-preso-apos-matar-esposa-a-tiros-Foto-Reproducao.jpeg","type":"image\/jpeg"}],"author":"Folha do Leste","twitter_card":"summary_large_image","twitter_creator":"@FolhadoLesteRJ","twitter_site":"@FolhadoLesteRJ","twitter_misc":{"Written by":"Folha do Leste","Est. reading time":"3 minutes"},"schema":{"@context":"https:\/\/schema.org","@graph":[{"@type":"NewsArticle","@id":"https:\/\/folhadoleste.com.br\/homem-e-preso-apos-matar-esposa-a-tiros\/#article","isPartOf":{"@id":"https:\/\/folhadoleste.com.br\/homem-e-preso-apos-matar-esposa-a-tiros\/"},"author":{"name":"Folha do Leste","@id":"https:\/\/folhadoleste.com.br\/#\/schema\/person\/3e97145b2e1861276e84471aa85a3899"},"headline":"Homem \u00e9 preso ap\u00f3s matar esposa a tiros","datePublished":"2025-03-24T15:55:35+00:00","dateModified":"2025-03-24T15:55:36+00:00","mainEntityOfPage":{"@id":"https:\/\/folhadoleste.com.br\/homem-e-preso-apos-matar-esposa-a-tiros\/"},"wordCount":277,"commentCount":0,"publisher":{"@id":"https:\/\/folhadoleste.com.br\/#organization"},"image":{"@id":"https:\/\/folhadoleste.com.br\/homem-e-preso-apos-matar-esposa-a-tiros\/#primaryimage"},"thumbnailUrl":"https:\/\/folhadoleste.com.br\/wp-content\/uploads\/2025\/03\/Homem-e-preso-apos-matar-esposa-a-tiros-Foto-Reproducao.jpeg","keywords":["Agress\u00e3o","assassinato","companheira morta","crimes com faca","crimes com feridos","crimes com mortes","crimes com presos","crimes com suspeitos","crimes com suspeitos presos","crimes com viol\u00eancia de g\u00eanero","crimes com viol\u00eancia dom\u00e9stica","crimes no Rio de Janeiro","crimes passionais","feminic\u00eddio","flagrante","HOMIC\u00cdDIO","investiga\u00e7\u00e3o policial","not\u00edcias policiais","pol\u00edcia civil","pris\u00e3o","Relacionamento Abusivo","Rio de Janeiro","Seguran\u00e7a publica","suspeito preso","trag\u00e9dia familiar","Viol\u00eancia contra a Mulher","viol\u00eancia dom\u00e9stica"],"articleSection":["Pol\u00edcia","Rio de Janeiro - Capital"],"inLanguage":"en-US","potentialAction":[{"@type":"CommentAction","name":"Comment","target":["https:\/\/folhadoleste.com.br\/homem-e-preso-apos-matar-esposa-a-tiros\/#respond"]}]},{"@type":"WebPage","@id":"https:\/\/folhadoleste.com.br\/homem-e-preso-apos-matar-esposa-a-tiros\/","url":"https:\/\/folhadoleste.com.br\/homem-e-preso-apos-matar-esposa-a-tiros\/","name":"Homem \u00e9 preso ap\u00f3s matar esposa a tiros &#8226; Folha do Leste","isPartOf":{"@id":"https:\/\/folhadoleste.com.br\/#website"},"primaryImageOfPage":{"@id":"https:\/\/folhadoleste.com.br\/homem-e-preso-apos-matar-esposa-a-tiros\/#primaryimage"},"image":{"@id":"https:\/\/folhadoleste.com.br\/homem-e-preso-apos-matar-esposa-a-tiros\/#primaryimage"},"thumbnailUrl":"https:\/\/folhadoleste.com.br\/wp-content\/uploads\/2025\/03\/Homem-e-preso-apos-matar-esposa-a-tiros-Foto-Reproducao.jpeg","datePublished":"2025-03-24T15:55:35+00:00","dateModified":"2025-03-24T15:55:36+00:00","description":"Homem \u00e9 preso ap\u00f3s matar esposa a tiros. Discuss\u00e3o pode ter sido o motivo do crime; Confira a reportagem...","breadcrumb":{"@id":"https:\/\/folhadoleste.com.br\/homem-e-preso-apos-matar-esposa-a-tiros\/#breadcrumb"},"inLanguage":"en-US","potentialAction":[{"@type":"ReadAction","target":["https:\/\/folhadoleste.com.br\/homem-e-preso-apos-matar-esposa-a-tiros\/"]}]},{"@type":"ImageObject","inLanguage":"en-US","@id":"https:\/\/folhadoleste.com.br\/homem-e-preso-apos-matar-esposa-a-tiros\/#primaryimage","url":"https:\/\/folhadoleste.com.br\/wp-content\/uploads\/2025\/03\/Homem-e-preso-apos-matar-esposa-a-tiros-Foto-Reproducao.jpeg","contentUrl":"https:\/\/folhadoleste.com.br\/wp-content\/uploads\/2025\/03\/Homem-e-preso-apos-matar-esposa-a-tiros-Foto-Reproducao.jpeg","width":1200,"height":750,"caption":"Homem \u00e9 preso ap\u00f3s matar esposa a tiros | Reprodu\u00e7\u00e3o"},{"@type":"BreadcrumbList","@id":"https:\/\/folhadoleste.com.br\/homem-e-preso-apos-matar-esposa-a-tiros\/#breadcrumb","itemListElement":[{"@type":"ListItem","position":1,"name":"In\u00edcio","item":"https:\/\/folhadoleste.com.br\/"},{"@type":"ListItem","position":2,"name":"Rio de Janeiro - Capital","item":"https:\/\/folhadoleste.com.br\/category\/rio-de-janeiro-capital\/"},{"@type":"ListItem","position":3,"name":"Homem \u00e9 preso ap\u00f3s matar esposa a tiros"}]},{"@type":"WebSite","@id":"https:\/\/folhadoleste.com.br\/#website","url":"https:\/\/folhadoleste.com.br\/","name":"Folha do Leste","description":"Portal de Not\u00edcias com \u00eanfase em Niter\u00f3i, criando conte\u00fados desde a capital Rio de Janeiro, com olhar para o Leste Fluminense e suas cidades como S\u00e3o Gon\u00e7alo, Itabora\u00ed, Rio Bonito, Maric\u00e1, Saquarema e Araruama","publisher":{"@id":"https:\/\/folhadoleste.com.br\/#organization"},"alternateName":"FL","potentialAction":[{"@type":"SearchAction","target":{"@type":"EntryPoint","urlTemplate":"https:\/\/folhadoleste.com.br\/?s={search_term_string}"},"query-input":{"@type":"PropertyValueSpecification","valueRequired":true,"valueName":"search_term_string"}}],"inLanguage":"en-US"},{"@type":"Organization","@id":"https:\/\/folhadoleste.com.br\/#organization","name":"Brasil 21 Comunica\u00e7\u00e3o","alternateName":"BR21","url":"https:\/\/folhadoleste.com.br\/","logo":{"@type":"ImageObject","inLanguage":"en-US","@id":"https:\/\/folhadoleste.com.br\/#\/schema\/logo\/image\/","url":"https:\/\/folhadoleste.com.br\/wp-content\/uploads\/2025\/12\/brasil-21-logomarca.avif","contentUrl":"https:\/\/folhadoleste.com.br\/wp-content\/uploads\/2025\/12\/brasil-21-logomarca.avif","width":1044,"height":1044,"caption":"Brasil 21 Comunica\u00e7\u00e3o"},"image":{"@id":"https:\/\/folhadoleste.com.br\/#\/schema\/logo\/image\/"},"sameAs":["https:\/\/www.facebook.com\/folhadoleste","https:\/\/x.com\/FolhadoLesteRJ","https:\/\/www.instagram.com\/folhadoleste\/"]},{"@type":"Person","@id":"https:\/\/folhadoleste.com.br\/#\/schema\/person\/3e97145b2e1861276e84471aa85a3899","name":"Folha do Leste","image":{"@type":"ImageObject","inLanguage":"en-US","@id":"https:\/\/folhadoleste.com.br\/wp-content\/litespeed\/avatar\/1ca8c218432e7045e748610eb3db0259.jpg?ver=1777161142","url":"https:\/\/folhadoleste.com.br\/wp-content\/litespeed\/avatar\/1ca8c218432e7045e748610eb3db0259.jpg?ver=1777161142","contentUrl":"https:\/\/folhadoleste.com.br\/wp-content\/litespeed\/avatar\/1ca8c218432e7045e748610eb3db0259.jpg?ver=1777161142","caption":"Folha do Leste"},"url":"https:\/\/folhadoleste.com.br\/en\/author\/reportagem-01\/"}]}},"_links":{"self":[{"href":"https:\/\/folhadoleste.com.br\/en\/wp-json\/wp\/v2\/posts\/116075","targetHints":{"allow":["GET"]}}],"collection":[{"href":"https:\/\/folhadoleste.com.br\/en\/wp-json\/wp\/v2\/posts"}],"about":[{"href":"https:\/\/folhadoleste.com.br\/en\/wp-json\/wp\/v2\/types\/post"}],"author":[{"embeddable":true,"href":"https:\/\/folhadoleste.com.br\/en\/wp-json\/wp\/v2\/users\/4"}],"replies":[{"embeddable":true,"href":"https:\/\/folhadoleste.com.br\/en\/wp-json\/wp\/v2\/comments?post=116075"}],"version-history":[{"count":2,"href":"https:\/\/folhadoleste.com.br\/en\/wp-json\/wp\/v2\/posts\/116075\/revisions"}],"predecessor-version":[{"id":116087,"href":"https:\/\/folhadoleste.com.br\/en\/wp-json\/wp\/v2\/posts\/116075\/revisions\/116087"}],"wp:featuredmedia":[{"embeddable":true,"href":"https:\/\/folhadoleste.com.br\/en\/wp-json\/wp\/v2\/media\/116085"}],"wp:attachment":[{"href":"https:\/\/folhadoleste.com.br\/en\/wp-json\/wp\/v2\/media?parent=116075"}],"wp:term":[{"taxonomy":"category","embeddable":true,"href":"https:\/\/folhadoleste.com.br\/en\/wp-json\/wp\/v2\/categories?post=116075"},{"taxonomy":"post_tag","embeddable":true,"href":"https:\/\/folhadoleste.com.br\/en\/wp-json\/wp\/v2\/tags?post=116075"}],"curies":[{"name":"wp","href":"https:\/\/api.w.org\/{rel}","templated":true}]}}