{"id":115064,"date":"2025-03-17T14:00:19","date_gmt":"2025-03-17T17:00:19","guid":{"rendered":"https:\/\/folhadoleste.com.br\/?p=115064"},"modified":"2025-03-18T18:24:57","modified_gmt":"2025-03-18T21:24:57","slug":"escoliose-idiopatica-saiba-quando-e-preciso-operar","status":"publish","type":"post","link":"https:\/\/folhadoleste.com.br\/en\/escoliose-idiopatica-saiba-quando-e-preciso-operar\/","title":{"rendered":"Escoliose idiop\u00e1tica: Saiba quando \u00e9 preciso operar"},"content":{"rendered":"<div id=\"attachment_115067\" style=\"width: 710px\" class=\"wp-caption aligncenter\"><a href=\"https:\/\/folhadoleste.com.br\/en\/escoliose-idiopatica-saiba-quando-e-preciso-operar\/escoliose-idiopatica-saiba-quando-e-preciso-operar2\/\" rel=\"attachment wp-att-115067\"><img decoding=\"async\" aria-describedby=\"caption-attachment-115067\" class=\"size-full wp-image-115067\" src=\"https:\/\/folhadoleste.com.br\/wp-content\/uploads\/2025\/03\/Escoliose-idiopatica-Saiba-quando-e-preciso-operar2.jpeg\" alt=\"\" width=\"700\" height=\"466\" \/><\/a><p id=\"caption-attachment-115067\" class=\"wp-caption-text\">Escoliose idiop\u00e1tica: Saiba quando \u00e9 preciso operar<\/p><\/div>\n<pre><strong>*Por Adriana Diniz | Jornalista | Especial para o Folha do Leste*<\/strong><\/pre>\n<p style=\"text-align: justify;\">Doen\u00e7a \u00e9 mais comum em meninas por causa das altera\u00e7\u00f5es hormonais. Especialista explica a import\u00e2ncia da cirurgia para melhorar a qualidade de vida<\/p>\n<p style=\"text-align: justify;\">Segundo a Organiza\u00e7\u00e3o Mundial da Sa\u00fade (OMS), a escoliose acomete cerca de 6 milh\u00f5es de brasileiros, e os primeiros sintomas surgem ainda na inf\u00e2ncia, se agravando rapidamente na adolesc\u00eancia \u2014 naqueles momentos conhecidos como \u201cestir\u00e3o de crescimento\u201d. Nessa fase da vida, o tipo de escoliose mais comum \u00e9 a escoliose idiop\u00e1tica, uma condi\u00e7\u00e3o gen\u00e9tica, silenciosa que atinge principalmente as meninas e que, se n\u00e3o tratada precocemente, pode levar a consequ\u00eancias graves como compress\u00e3o pulmonar, falta de ar, dores cr\u00f4nicas, al\u00e9m afetar duramente a autoimagem e auto estima desses jovens. Membro da Sociedade Brasileira de Coluna, o ortopedista Juan Aquino alerta sobre a import\u00e2ncia do diagn\u00f3stico precoce para evitar problemas mais graves de coluna. \u201cEm alguns casos, a cirurgia \u00e9 o tratamento mais indicado, e a \u00fanica forma de devolver a qualidade de vida a essas pacientes\u201d, alerta o especialista.<\/p>\n<div>\n<h5 style=\"text-align: center;\"><span style=\"color: #008080;\"><strong>+ <\/strong><strong><span style=\"color: #ff9900;\">MAIS NOT\u00cdCIAS DE adriana diniz?<\/span> <a href=\"https:\/\/folhadoleste.com.br\/en\/category\/opiniao\/artigos\/\">CLIQUE AQUI<\/a><\/strong><\/span><\/h5>\n<\/div>\n<p style=\"text-align: justify;\">Segundo dados da Organiza\u00e7\u00e3o Mundial de Sa\u00fade, a escoliose adolescente atinge cerca de 18% dos jovens com idade entre 10 e 28 anos, no mundo. A cirurgia \u00e9 indicada quando o grau da escoliose \u00e9 maior que 40 graus. \u201cTrata-se de uma condi\u00e7\u00e3o gen\u00e9tica que n\u00e3o tem rela\u00e7\u00e3o com h\u00e1bitos ou posturas e que, geralmente, \u00e9 percebida por volta dos 12, 13 anos\u201d, esclarece Juan.<\/p>\n<h4 style=\"text-align: justify;\">Identifique os sinais de alerta em casa<\/h4>\n<div id=\"attachment_115066\" style=\"width: 950px\" class=\"wp-caption aligncenter\"><a href=\"https:\/\/folhadoleste.com.br\/en\/escoliose-idiopatica-saiba-quando-e-preciso-operar\/escoliose-idiopatica-saiba-quando-e-preciso-operar\/\" rel=\"attachment wp-att-115066\"><img decoding=\"async\" aria-describedby=\"caption-attachment-115066\" class=\"size-full wp-image-115066\" src=\"https:\/\/folhadoleste.com.br\/wp-content\/uploads\/2025\/03\/Escoliose-idiopatica-Saiba-quando-e-preciso-operar-.jpg\" alt=\"\" width=\"940\" height=\"788\" \/><\/a><p id=\"caption-attachment-115066\" class=\"wp-caption-text\">Escoliose idiop\u00e1tica: Saiba quando \u00e9 preciso operar<\/p><\/div>\n<p style=\"text-align: justify;\">O m\u00e9dico ressalta que, como n\u00e3o costuma causar dor, a condi\u00e7\u00e3o pode passar despercebida por muitos anos e s\u00f3 ser diagnosticada quando j\u00e1 se agravou, muitas vezes levando \u00e0 necessidade de cirurgia. Ele indica que os pais observem sempre a postura de seus filhos, verificando alguns desvios e assimetrias que podem ser sinais de alerta para a doen\u00e7a. As medidas s\u00e3o:<\/p>\n<p style=\"text-align: justify;\">Desnivelamento dos ombros, quando um deles pode aparecer mais alto que o outro;<\/p>\n<p style=\"text-align: justify;\">Perda do contorno da cintura, quando a crian\u00e7a come\u00e7a a ficar mais inclinada para um lado;<\/p>\n<p style=\"text-align: justify;\">Osso das costas mais saltado de um lado que do outro;<\/p>\n<blockquote>\n<p style=\"text-align: justify;\">&#8220;Existe ainda uma manobra f\u00edsica espec\u00edfica para a avalia\u00e7\u00e3o do paciente, chamada Teste de Adams, que pode ser realizada em casa com a ajuda de um respons\u00e1vel&#8221;, explica Juan. \u201cPe\u00e7a para que que a crian\u00e7a ou adolescente curve o tronco para frente com os p\u00e9s e m\u00e3os unidos, sem dobrar os joelhos\u201d, se houver um desvio aparente nas costas, \u00e9 horra de procurar um especialista\u201d.<\/p>\n<\/blockquote>\n<p style=\"text-align: justify;\">O m\u00e9dico destaca tamb\u00e9m que, al\u00e9m dos comprometimentos de sa\u00fade, a escoliose avan\u00e7ada causa um impacto psicol\u00f3gico muito grande no indiv\u00edduo, pois afeta a autoestima, os processos de sociabilidade, condi\u00e7\u00f5es de estudo e trabalho, especialmente a longo prazo.<\/p>\n<blockquote>\n<p style=\"text-align: justify;\">\u201c\u00c9 preciso estar muito atento, especialmente na fase de crescimento, pois, na fase de crescimento, a escoliose pode aumentar em 1 ou 2 graus por m\u00eas\u201d, acrescenta Juan.<\/p>\n<\/blockquote>\n<p style=\"text-align: justify;\">O m\u00e9dico esclarece que a cirurgia tem as vantagens de estabilizar o desvio da coluna, impedir que a curvatura se desenvolva, proporcionar o equil\u00edbrio, restaurar a capacidade de se sentar, ter uma melhor mobilidade, e preservar a fun\u00e7\u00e3o dos pulm\u00f5es, impedindo que eles sejam comprimidos e que isso cause outras complica\u00e7\u00f5es, como a pneumonia.<\/p>\n<blockquote>\n<p style=\"text-align: justify;\">\u201cA cirurgia de escoliose tem risco baixo, e a recupera\u00e7\u00e3o costuma ser tranquila. Em cerca de 4 semanas j\u00e1 \u00e9 poss\u00edvel retomar as atividades cotidianas, aos poucos\u201d, finaliza Juan Aquino.<\/p>\n<\/blockquote>\n<p><a href=\"https:\/\/folhadoleste.com.br\/en\/carnaval2025\/\"><img decoding=\"async\" class=\"alignnone wp-image-108533 size-full aligncenter\" src=\"https:\/\/folhadoleste.com.br\/wp-content\/uploads\/2025\/02\/Carnaval-2025-FL-2-1-e1738751237598.png\" alt=\"\" width=\"900\" height=\"285\" \/><\/a><\/p>\n<p>&nbsp;<\/p>\n<p><a href=\"https:\/\/www.instagram.com\/folhadoleste\/\"><img decoding=\"async\" class=\"aligncenter wp-image-109748 size-medium\" src=\"https:\/\/folhadoleste.com.br\/wp-content\/uploads\/2025\/02\/Instagram-Folha-do-Leste-Widget-300x100.png\" alt=\"\" width=\"300\" height=\"100\" \/><\/a><\/p>\n<p><img decoding=\"async\" class=\"alignnone wp-image-109735 size-medium aligncenter\" src=\"https:\/\/folhadoleste.com.br\/wp-content\/uploads\/2025\/02\/ANUNCIO-FACEBOOK-FOLHA-DO-LESTE-300x300.png\" alt=\"\" width=\"300\" height=\"300\" \/><\/p>","protected":false},"excerpt":{"rendered":"<p>*Por Adriana Diniz | Jornalista | Especial para o Folha do Leste* Doen\u00e7a \u00e9 mais comum em meninas por causa das altera\u00e7\u00f5es hormonais. Especialista explica a import\u00e2ncia da cirurgia para melhorar a qualidade de vida Segundo a Organiza\u00e7\u00e3o Mundial da Sa\u00fade (OMS), a escoliose acomete cerca de 6 milh\u00f5es de brasileiros, e os primeiros sintomas surgem ainda na inf\u00e2ncia, se agravando rapidamente na adolesc\u00eancia \u2014 naqueles momentos conhecidos como \u201cestir\u00e3o de crescimento\u201d. Nessa fase da vida, o tipo de escoliose mais comum \u00e9 a escoliose idiop\u00e1tica, uma condi\u00e7\u00e3o gen\u00e9tica, silenciosa que atinge principalmente as meninas e que, se n\u00e3o tratada [&hellip;]<\/p>\n","protected":false},"author":4,"featured_media":115067,"comment_status":"open","ping_status":"open","sticky":false,"template":"","format":"standard","meta":{"footnotes":""},"categories":[12085,12091,631],"tags":[19088,12092,69035,69037,69056,69047,69042,69052,69044,69054,69046,69043,69045,69053,69051,69049,69055,69041,69057,69059,69058,69048,69050,69039,69040,69034,44390,69038,69036],"class_list":["post-115064","post","type-post","status-publish","format-standard","has-post-thumbnail","hentry","category-artigos","category-opiniao","category-saude","tag-adriana-diniz","tag-artigo","tag-cirurgia-de-escoliose","tag-diagnostico-de-escoliose","tag-escoliose-e-adolescencia","tag-escoliose-e-assimetria-corporal","tag-escoliose-e-autoestima","tag-escoliose-e-coluna-vertebral","tag-escoliose-e-compressao-pulmonar","tag-escoliose-e-crescimento","tag-escoliose-e-desvio-de-coluna","tag-escoliose-e-dor-cronica","tag-escoliose-e-falta-de-ar","tag-escoliose-e-genetica","tag-escoliose-e-ortopedia","tag-escoliose-e-prevencao","tag-escoliose-e-puberdade","tag-escoliose-e-qualidade-de-vida","tag-escoliose-e-saude-da-coluna","tag-escoliose-e-saude-feminina","tag-escoliose-e-saude-ossea","tag-escoliose-e-teste-de-adams","tag-escoliose-e-tratamento-precoce","tag-escoliose-em-adolescentes","tag-escoliose-em-meninas","tag-escoliose-idiopatica","tag-opniao","tag-sintomas-de-escoliose","tag-tratamento-de-escoliose","post--single"],"yoast_head":"<!-- This site is optimized with the Yoast SEO plugin v27.4 - https:\/\/yoast.com\/product\/yoast-seo-wordpress\/ -->\n<title>Escoliose idiop\u00e1tica: Saiba quando \u00e9 preciso operar &#8226; Folha do Leste<\/title>\n<meta name=\"description\" content=\"Escoliose idiop\u00e1tica: Saiba quando \u00e9 preciso operar. Escoliose pode afetar a postura e respira\u00e7\u00e3o; Veja os riscos...\" \/>\n<meta name=\"robots\" content=\"index, follow, max-snippet:-1, max-image-preview:large, max-video-preview:-1\" \/>\n<link rel=\"canonical\" href=\"https:\/\/folhadoleste.com.br\/en\/escoliose-idiopatica-saiba-quando-e-preciso-operar\/\" \/>\n<meta property=\"og:locale\" content=\"en_US\" \/>\n<meta property=\"og:type\" content=\"article\" \/>\n<meta property=\"og:title\" content=\"Escoliose idiop\u00e1tica: Saiba quando \u00e9 preciso operar &#8226; Folha do Leste\" \/>\n<meta property=\"og:description\" content=\"Escoliose idiop\u00e1tica: Saiba quando \u00e9 preciso operar. Escoliose pode afetar a postura e respira\u00e7\u00e3o; Veja os riscos...\" \/>\n<meta property=\"og:url\" content=\"https:\/\/folhadoleste.com.br\/en\/escoliose-idiopatica-saiba-quando-e-preciso-operar\/\" \/>\n<meta property=\"og:site_name\" content=\"Folha do Leste\" \/>\n<meta property=\"article:publisher\" content=\"https:\/\/www.facebook.com\/folhadoleste\" \/>\n<meta property=\"article:published_time\" content=\"2025-03-17T17:00:19+00:00\" \/>\n<meta property=\"article:modified_time\" content=\"2025-03-18T21:24:57+00:00\" \/>\n<meta property=\"og:image\" content=\"https:\/\/folhadoleste.com.br\/wp-content\/uploads\/2025\/03\/Escoliose-idiopatica-Saiba-quando-e-preciso-operar2.jpeg\" \/>\n\t<meta property=\"og:image:width\" content=\"700\" \/>\n\t<meta property=\"og:image:height\" content=\"466\" \/>\n\t<meta property=\"og:image:type\" content=\"image\/jpeg\" \/>\n<meta name=\"author\" content=\"Folha do Leste\" \/>\n<meta name=\"twitter:card\" content=\"summary_large_image\" \/>\n<meta name=\"twitter:creator\" content=\"@FolhadoLesteRJ\" \/>\n<meta name=\"twitter:site\" content=\"@FolhadoLesteRJ\" \/>\n<meta name=\"twitter:label1\" content=\"Written by\" \/>\n\t<meta name=\"twitter:data1\" content=\"Folha do Leste\" \/>\n\t<meta name=\"twitter:label2\" content=\"Est. reading time\" \/>\n\t<meta name=\"twitter:data2\" content=\"4 minutes\" \/>\n<script type=\"application\/ld+json\" class=\"yoast-schema-graph\">{\"@context\":\"https:\\\/\\\/schema.org\",\"@graph\":[{\"@type\":\"NewsArticle\",\"@id\":\"https:\\\/\\\/folhadoleste.com.br\\\/escoliose-idiopatica-saiba-quando-e-preciso-operar\\\/#article\",\"isPartOf\":{\"@id\":\"https:\\\/\\\/folhadoleste.com.br\\\/escoliose-idiopatica-saiba-quando-e-preciso-operar\\\/\"},\"author\":{\"name\":\"Folha do Leste\",\"@id\":\"https:\\\/\\\/folhadoleste.com.br\\\/#\\\/schema\\\/person\\\/3e97145b2e1861276e84471aa85a3899\"},\"headline\":\"Escoliose idiop\u00e1tica: Saiba quando \u00e9 preciso operar\",\"datePublished\":\"2025-03-17T17:00:19+00:00\",\"dateModified\":\"2025-03-18T21:24:57+00:00\",\"mainEntityOfPage\":{\"@id\":\"https:\\\/\\\/folhadoleste.com.br\\\/escoliose-idiopatica-saiba-quando-e-preciso-operar\\\/\"},\"wordCount\":630,\"commentCount\":0,\"publisher\":{\"@id\":\"https:\\\/\\\/folhadoleste.com.br\\\/#organization\"},\"image\":{\"@id\":\"https:\\\/\\\/folhadoleste.com.br\\\/escoliose-idiopatica-saiba-quando-e-preciso-operar\\\/#primaryimage\"},\"thumbnailUrl\":\"https:\\\/\\\/folhadoleste.com.br\\\/wp-content\\\/uploads\\\/2025\\\/03\\\/Escoliose-idiopatica-Saiba-quando-e-preciso-operar2.jpeg\",\"keywords\":[\"Adriana Diniz\",\"Artigo\",\"cirurgia de escoliose\",\"diagn\u00f3stico de escoliose\",\"escoliose e adolesc\u00eancia\",\"escoliose e assimetria corporal\",\"escoliose e autoestima\",\"escoliose e coluna vertebral\",\"escoliose e compress\u00e3o pulmonar\",\"escoliose e crescimento\",\"escoliose e desvio de coluna\",\"escoliose e dor cr\u00f4nica\",\"escoliose e falta de ar\",\"escoliose e gen\u00e9tica\",\"escoliose e ortopedia\",\"escoliose e preven\u00e7\u00e3o\",\"escoliose e puberdade\",\"escoliose e qualidade de vida\",\"escoliose e sa\u00fade da coluna\",\"escoliose e sa\u00fade feminina\",\"escoliose e sa\u00fade \u00f3ssea\",\"escoliose e teste de Adams\",\"escoliose e tratamento precoce\",\"escoliose em adolescentes\",\"escoliose em meninas\",\"Escoliose idiop\u00e1tica\",\"Opni\u00e3o\",\"sintomas de escoliose\",\"tratamento de escoliose\"],\"articleSection\":[\"Artigos\",\"Opini\u00e3o\",\"Sa\u00fade\"],\"inLanguage\":\"en-US\",\"potentialAction\":[{\"@type\":\"CommentAction\",\"name\":\"Comment\",\"target\":[\"https:\\\/\\\/folhadoleste.com.br\\\/escoliose-idiopatica-saiba-quando-e-preciso-operar\\\/#respond\"]}]},{\"@type\":\"WebPage\",\"@id\":\"https:\\\/\\\/folhadoleste.com.br\\\/escoliose-idiopatica-saiba-quando-e-preciso-operar\\\/\",\"url\":\"https:\\\/\\\/folhadoleste.com.br\\\/escoliose-idiopatica-saiba-quando-e-preciso-operar\\\/\",\"name\":\"Escoliose idiop\u00e1tica: Saiba quando \u00e9 preciso operar &#8226; Folha do Leste\",\"isPartOf\":{\"@id\":\"https:\\\/\\\/folhadoleste.com.br\\\/#website\"},\"primaryImageOfPage\":{\"@id\":\"https:\\\/\\\/folhadoleste.com.br\\\/escoliose-idiopatica-saiba-quando-e-preciso-operar\\\/#primaryimage\"},\"image\":{\"@id\":\"https:\\\/\\\/folhadoleste.com.br\\\/escoliose-idiopatica-saiba-quando-e-preciso-operar\\\/#primaryimage\"},\"thumbnailUrl\":\"https:\\\/\\\/folhadoleste.com.br\\\/wp-content\\\/uploads\\\/2025\\\/03\\\/Escoliose-idiopatica-Saiba-quando-e-preciso-operar2.jpeg\",\"datePublished\":\"2025-03-17T17:00:19+00:00\",\"dateModified\":\"2025-03-18T21:24:57+00:00\",\"description\":\"Escoliose idiop\u00e1tica: Saiba quando \u00e9 preciso operar. Escoliose pode afetar a postura e respira\u00e7\u00e3o; Veja os riscos...\",\"breadcrumb\":{\"@id\":\"https:\\\/\\\/folhadoleste.com.br\\\/escoliose-idiopatica-saiba-quando-e-preciso-operar\\\/#breadcrumb\"},\"inLanguage\":\"en-US\",\"potentialAction\":[{\"@type\":\"ReadAction\",\"target\":[\"https:\\\/\\\/folhadoleste.com.br\\\/escoliose-idiopatica-saiba-quando-e-preciso-operar\\\/\"]}]},{\"@type\":\"ImageObject\",\"inLanguage\":\"en-US\",\"@id\":\"https:\\\/\\\/folhadoleste.com.br\\\/escoliose-idiopatica-saiba-quando-e-preciso-operar\\\/#primaryimage\",\"url\":\"https:\\\/\\\/folhadoleste.com.br\\\/wp-content\\\/uploads\\\/2025\\\/03\\\/Escoliose-idiopatica-Saiba-quando-e-preciso-operar2.jpeg\",\"contentUrl\":\"https:\\\/\\\/folhadoleste.com.br\\\/wp-content\\\/uploads\\\/2025\\\/03\\\/Escoliose-idiopatica-Saiba-quando-e-preciso-operar2.jpeg\",\"width\":700,\"height\":466,\"caption\":\"Escoliose idiop\u00e1tica: Saiba quando \u00e9 preciso operar\"},{\"@type\":\"BreadcrumbList\",\"@id\":\"https:\\\/\\\/folhadoleste.com.br\\\/escoliose-idiopatica-saiba-quando-e-preciso-operar\\\/#breadcrumb\",\"itemListElement\":[{\"@type\":\"ListItem\",\"position\":1,\"name\":\"In\u00edcio\",\"item\":\"https:\\\/\\\/folhadoleste.com.br\\\/\"},{\"@type\":\"ListItem\",\"position\":2,\"name\":\"Opini\u00e3o\",\"item\":\"https:\\\/\\\/folhadoleste.com.br\\\/category\\\/opiniao\\\/\"},{\"@type\":\"ListItem\",\"position\":3,\"name\":\"Artigos\",\"item\":\"https:\\\/\\\/folhadoleste.com.br\\\/category\\\/opiniao\\\/artigos\\\/\"},{\"@type\":\"ListItem\",\"position\":4,\"name\":\"Escoliose idiop\u00e1tica: Saiba quando \u00e9 preciso operar\"}]},{\"@type\":\"WebSite\",\"@id\":\"https:\\\/\\\/folhadoleste.com.br\\\/#website\",\"url\":\"https:\\\/\\\/folhadoleste.com.br\\\/\",\"name\":\"Folha do Leste\",\"description\":\"Portal de Not\u00edcias com \u00eanfase em Niter\u00f3i, criando conte\u00fados desde a capital Rio de Janeiro, com olhar para o Leste Fluminense e suas cidades como S\u00e3o Gon\u00e7alo, Itabora\u00ed, Rio Bonito, Maric\u00e1, Saquarema e Araruama\",\"publisher\":{\"@id\":\"https:\\\/\\\/folhadoleste.com.br\\\/#organization\"},\"alternateName\":\"FL\",\"potentialAction\":[{\"@type\":\"SearchAction\",\"target\":{\"@type\":\"EntryPoint\",\"urlTemplate\":\"https:\\\/\\\/folhadoleste.com.br\\\/?s={search_term_string}\"},\"query-input\":{\"@type\":\"PropertyValueSpecification\",\"valueRequired\":true,\"valueName\":\"search_term_string\"}}],\"inLanguage\":\"en-US\"},{\"@type\":\"Organization\",\"@id\":\"https:\\\/\\\/folhadoleste.com.br\\\/#organization\",\"name\":\"Brasil 21 Comunica\u00e7\u00e3o\",\"alternateName\":\"BR21\",\"url\":\"https:\\\/\\\/folhadoleste.com.br\\\/\",\"logo\":{\"@type\":\"ImageObject\",\"inLanguage\":\"en-US\",\"@id\":\"https:\\\/\\\/folhadoleste.com.br\\\/#\\\/schema\\\/logo\\\/image\\\/\",\"url\":\"https:\\\/\\\/folhadoleste.com.br\\\/wp-content\\\/uploads\\\/2025\\\/12\\\/brasil-21-logomarca.avif\",\"contentUrl\":\"https:\\\/\\\/folhadoleste.com.br\\\/wp-content\\\/uploads\\\/2025\\\/12\\\/brasil-21-logomarca.avif\",\"width\":1044,\"height\":1044,\"caption\":\"Brasil 21 Comunica\u00e7\u00e3o\"},\"image\":{\"@id\":\"https:\\\/\\\/folhadoleste.com.br\\\/#\\\/schema\\\/logo\\\/image\\\/\"},\"sameAs\":[\"https:\\\/\\\/www.facebook.com\\\/folhadoleste\",\"https:\\\/\\\/x.com\\\/FolhadoLesteRJ\",\"https:\\\/\\\/www.instagram.com\\\/folhadoleste\\\/\"]},{\"@type\":\"Person\",\"@id\":\"https:\\\/\\\/folhadoleste.com.br\\\/#\\\/schema\\\/person\\\/3e97145b2e1861276e84471aa85a3899\",\"name\":\"Folha do Leste\",\"image\":{\"@type\":\"ImageObject\",\"inLanguage\":\"en-US\",\"@id\":\"https:\\\/\\\/folhadoleste.com.br\\\/wp-content\\\/litespeed\\\/avatar\\\/1ca8c218432e7045e748610eb3db0259.jpg?ver=1776693931\",\"url\":\"https:\\\/\\\/folhadoleste.com.br\\\/wp-content\\\/litespeed\\\/avatar\\\/1ca8c218432e7045e748610eb3db0259.jpg?ver=1776693931\",\"contentUrl\":\"https:\\\/\\\/folhadoleste.com.br\\\/wp-content\\\/litespeed\\\/avatar\\\/1ca8c218432e7045e748610eb3db0259.jpg?ver=1776693931\",\"caption\":\"Folha do Leste\"},\"url\":\"https:\\\/\\\/folhadoleste.com.br\\\/en\\\/author\\\/reportagem-01\\\/\"}]}<\/script>\n<!-- \/ Yoast SEO plugin. -->","yoast_head_json":{"title":"Escoliose idiop\u00e1tica: Saiba quando \u00e9 preciso operar &#8226; Folha do Leste","description":"Escoliose idiop\u00e1tica: Saiba quando \u00e9 preciso operar. Escoliose pode afetar a postura e respira\u00e7\u00e3o; Veja os riscos...","robots":{"index":"index","follow":"follow","max-snippet":"max-snippet:-1","max-image-preview":"max-image-preview:large","max-video-preview":"max-video-preview:-1"},"canonical":"https:\/\/folhadoleste.com.br\/en\/escoliose-idiopatica-saiba-quando-e-preciso-operar\/","og_locale":"en_US","og_type":"article","og_title":"Escoliose idiop\u00e1tica: Saiba quando \u00e9 preciso operar &#8226; Folha do Leste","og_description":"Escoliose idiop\u00e1tica: Saiba quando \u00e9 preciso operar. Escoliose pode afetar a postura e respira\u00e7\u00e3o; Veja os riscos...","og_url":"https:\/\/folhadoleste.com.br\/en\/escoliose-idiopatica-saiba-quando-e-preciso-operar\/","og_site_name":"Folha do Leste","article_publisher":"https:\/\/www.facebook.com\/folhadoleste","article_published_time":"2025-03-17T17:00:19+00:00","article_modified_time":"2025-03-18T21:24:57+00:00","og_image":[{"width":700,"height":466,"url":"https:\/\/folhadoleste.com.br\/wp-content\/uploads\/2025\/03\/Escoliose-idiopatica-Saiba-quando-e-preciso-operar2.jpeg","type":"image\/jpeg"}],"author":"Folha do Leste","twitter_card":"summary_large_image","twitter_creator":"@FolhadoLesteRJ","twitter_site":"@FolhadoLesteRJ","twitter_misc":{"Written by":"Folha do Leste","Est. reading time":"4 minutes"},"schema":{"@context":"https:\/\/schema.org","@graph":[{"@type":"NewsArticle","@id":"https:\/\/folhadoleste.com.br\/escoliose-idiopatica-saiba-quando-e-preciso-operar\/#article","isPartOf":{"@id":"https:\/\/folhadoleste.com.br\/escoliose-idiopatica-saiba-quando-e-preciso-operar\/"},"author":{"name":"Folha do Leste","@id":"https:\/\/folhadoleste.com.br\/#\/schema\/person\/3e97145b2e1861276e84471aa85a3899"},"headline":"Escoliose idiop\u00e1tica: Saiba quando \u00e9 preciso operar","datePublished":"2025-03-17T17:00:19+00:00","dateModified":"2025-03-18T21:24:57+00:00","mainEntityOfPage":{"@id":"https:\/\/folhadoleste.com.br\/escoliose-idiopatica-saiba-quando-e-preciso-operar\/"},"wordCount":630,"commentCount":0,"publisher":{"@id":"https:\/\/folhadoleste.com.br\/#organization"},"image":{"@id":"https:\/\/folhadoleste.com.br\/escoliose-idiopatica-saiba-quando-e-preciso-operar\/#primaryimage"},"thumbnailUrl":"https:\/\/folhadoleste.com.br\/wp-content\/uploads\/2025\/03\/Escoliose-idiopatica-Saiba-quando-e-preciso-operar2.jpeg","keywords":["Adriana Diniz","Artigo","cirurgia de escoliose","diagn\u00f3stico de escoliose","escoliose e adolesc\u00eancia","escoliose e assimetria corporal","escoliose e autoestima","escoliose e coluna vertebral","escoliose e compress\u00e3o pulmonar","escoliose e crescimento","escoliose e desvio de coluna","escoliose e dor cr\u00f4nica","escoliose e falta de ar","escoliose e gen\u00e9tica","escoliose e ortopedia","escoliose e preven\u00e7\u00e3o","escoliose e puberdade","escoliose e qualidade de vida","escoliose e sa\u00fade da coluna","escoliose e sa\u00fade feminina","escoliose e sa\u00fade \u00f3ssea","escoliose e teste de Adams","escoliose e tratamento precoce","escoliose em adolescentes","escoliose em meninas","Escoliose idiop\u00e1tica","Opni\u00e3o","sintomas de escoliose","tratamento de escoliose"],"articleSection":["Artigos","Opini\u00e3o","Sa\u00fade"],"inLanguage":"en-US","potentialAction":[{"@type":"CommentAction","name":"Comment","target":["https:\/\/folhadoleste.com.br\/escoliose-idiopatica-saiba-quando-e-preciso-operar\/#respond"]}]},{"@type":"WebPage","@id":"https:\/\/folhadoleste.com.br\/escoliose-idiopatica-saiba-quando-e-preciso-operar\/","url":"https:\/\/folhadoleste.com.br\/escoliose-idiopatica-saiba-quando-e-preciso-operar\/","name":"Escoliose idiop\u00e1tica: Saiba quando \u00e9 preciso operar &#8226; Folha do Leste","isPartOf":{"@id":"https:\/\/folhadoleste.com.br\/#website"},"primaryImageOfPage":{"@id":"https:\/\/folhadoleste.com.br\/escoliose-idiopatica-saiba-quando-e-preciso-operar\/#primaryimage"},"image":{"@id":"https:\/\/folhadoleste.com.br\/escoliose-idiopatica-saiba-quando-e-preciso-operar\/#primaryimage"},"thumbnailUrl":"https:\/\/folhadoleste.com.br\/wp-content\/uploads\/2025\/03\/Escoliose-idiopatica-Saiba-quando-e-preciso-operar2.jpeg","datePublished":"2025-03-17T17:00:19+00:00","dateModified":"2025-03-18T21:24:57+00:00","description":"Escoliose idiop\u00e1tica: Saiba quando \u00e9 preciso operar. Escoliose pode afetar a postura e respira\u00e7\u00e3o; Veja os riscos...","breadcrumb":{"@id":"https:\/\/folhadoleste.com.br\/escoliose-idiopatica-saiba-quando-e-preciso-operar\/#breadcrumb"},"inLanguage":"en-US","potentialAction":[{"@type":"ReadAction","target":["https:\/\/folhadoleste.com.br\/escoliose-idiopatica-saiba-quando-e-preciso-operar\/"]}]},{"@type":"ImageObject","inLanguage":"en-US","@id":"https:\/\/folhadoleste.com.br\/escoliose-idiopatica-saiba-quando-e-preciso-operar\/#primaryimage","url":"https:\/\/folhadoleste.com.br\/wp-content\/uploads\/2025\/03\/Escoliose-idiopatica-Saiba-quando-e-preciso-operar2.jpeg","contentUrl":"https:\/\/folhadoleste.com.br\/wp-content\/uploads\/2025\/03\/Escoliose-idiopatica-Saiba-quando-e-preciso-operar2.jpeg","width":700,"height":466,"caption":"Escoliose idiop\u00e1tica: Saiba quando \u00e9 preciso operar"},{"@type":"BreadcrumbList","@id":"https:\/\/folhadoleste.com.br\/escoliose-idiopatica-saiba-quando-e-preciso-operar\/#breadcrumb","itemListElement":[{"@type":"ListItem","position":1,"name":"In\u00edcio","item":"https:\/\/folhadoleste.com.br\/"},{"@type":"ListItem","position":2,"name":"Opini\u00e3o","item":"https:\/\/folhadoleste.com.br\/category\/opiniao\/"},{"@type":"ListItem","position":3,"name":"Artigos","item":"https:\/\/folhadoleste.com.br\/category\/opiniao\/artigos\/"},{"@type":"ListItem","position":4,"name":"Escoliose idiop\u00e1tica: Saiba quando \u00e9 preciso operar"}]},{"@type":"WebSite","@id":"https:\/\/folhadoleste.com.br\/#website","url":"https:\/\/folhadoleste.com.br\/","name":"Folha do Leste","description":"Portal de Not\u00edcias com \u00eanfase em Niter\u00f3i, criando conte\u00fados desde a capital Rio de Janeiro, com olhar para o Leste Fluminense e suas cidades como S\u00e3o Gon\u00e7alo, Itabora\u00ed, Rio Bonito, Maric\u00e1, Saquarema e Araruama","publisher":{"@id":"https:\/\/folhadoleste.com.br\/#organization"},"alternateName":"FL","potentialAction":[{"@type":"SearchAction","target":{"@type":"EntryPoint","urlTemplate":"https:\/\/folhadoleste.com.br\/?s={search_term_string}"},"query-input":{"@type":"PropertyValueSpecification","valueRequired":true,"valueName":"search_term_string"}}],"inLanguage":"en-US"},{"@type":"Organization","@id":"https:\/\/folhadoleste.com.br\/#organization","name":"Brasil 21 Comunica\u00e7\u00e3o","alternateName":"BR21","url":"https:\/\/folhadoleste.com.br\/","logo":{"@type":"ImageObject","inLanguage":"en-US","@id":"https:\/\/folhadoleste.com.br\/#\/schema\/logo\/image\/","url":"https:\/\/folhadoleste.com.br\/wp-content\/uploads\/2025\/12\/brasil-21-logomarca.avif","contentUrl":"https:\/\/folhadoleste.com.br\/wp-content\/uploads\/2025\/12\/brasil-21-logomarca.avif","width":1044,"height":1044,"caption":"Brasil 21 Comunica\u00e7\u00e3o"},"image":{"@id":"https:\/\/folhadoleste.com.br\/#\/schema\/logo\/image\/"},"sameAs":["https:\/\/www.facebook.com\/folhadoleste","https:\/\/x.com\/FolhadoLesteRJ","https:\/\/www.instagram.com\/folhadoleste\/"]},{"@type":"Person","@id":"https:\/\/folhadoleste.com.br\/#\/schema\/person\/3e97145b2e1861276e84471aa85a3899","name":"Folha do Leste","image":{"@type":"ImageObject","inLanguage":"en-US","@id":"https:\/\/folhadoleste.com.br\/wp-content\/litespeed\/avatar\/1ca8c218432e7045e748610eb3db0259.jpg?ver=1776693931","url":"https:\/\/folhadoleste.com.br\/wp-content\/litespeed\/avatar\/1ca8c218432e7045e748610eb3db0259.jpg?ver=1776693931","contentUrl":"https:\/\/folhadoleste.com.br\/wp-content\/litespeed\/avatar\/1ca8c218432e7045e748610eb3db0259.jpg?ver=1776693931","caption":"Folha do Leste"},"url":"https:\/\/folhadoleste.com.br\/en\/author\/reportagem-01\/"}]}},"_links":{"self":[{"href":"https:\/\/folhadoleste.com.br\/en\/wp-json\/wp\/v2\/posts\/115064","targetHints":{"allow":["GET"]}}],"collection":[{"href":"https:\/\/folhadoleste.com.br\/en\/wp-json\/wp\/v2\/posts"}],"about":[{"href":"https:\/\/folhadoleste.com.br\/en\/wp-json\/wp\/v2\/types\/post"}],"author":[{"embeddable":true,"href":"https:\/\/folhadoleste.com.br\/en\/wp-json\/wp\/v2\/users\/4"}],"replies":[{"embeddable":true,"href":"https:\/\/folhadoleste.com.br\/en\/wp-json\/wp\/v2\/comments?post=115064"}],"version-history":[{"count":2,"href":"https:\/\/folhadoleste.com.br\/en\/wp-json\/wp\/v2\/posts\/115064\/revisions"}],"predecessor-version":[{"id":115069,"href":"https:\/\/folhadoleste.com.br\/en\/wp-json\/wp\/v2\/posts\/115064\/revisions\/115069"}],"wp:featuredmedia":[{"embeddable":true,"href":"https:\/\/folhadoleste.com.br\/en\/wp-json\/wp\/v2\/media\/115067"}],"wp:attachment":[{"href":"https:\/\/folhadoleste.com.br\/en\/wp-json\/wp\/v2\/media?parent=115064"}],"wp:term":[{"taxonomy":"category","embeddable":true,"href":"https:\/\/folhadoleste.com.br\/en\/wp-json\/wp\/v2\/categories?post=115064"},{"taxonomy":"post_tag","embeddable":true,"href":"https:\/\/folhadoleste.com.br\/en\/wp-json\/wp\/v2\/tags?post=115064"}],"curies":[{"name":"wp","href":"https:\/\/api.w.org\/{rel}","templated":true}]}}