{"id":114859,"date":"2025-03-17T16:24:55","date_gmt":"2025-03-17T19:24:55","guid":{"rendered":"https:\/\/folhadoleste.com.br\/?p=114859"},"modified":"2025-03-17T16:24:57","modified_gmt":"2025-03-17T19:24:57","slug":"festa-de-sao-jose-em-marica-musica-fe-e-cultura-marcam-o-evento","status":"publish","type":"post","link":"https:\/\/folhadoleste.com.br\/en\/festa-de-sao-jose-em-marica-musica-fe-e-cultura-marcam-o-evento\/","title":{"rendered":"Festa de S\u00e3o Jos\u00e9 em Maric\u00e1: M\u00fasica, f\u00e9 e cultura marcam o evento"},"content":{"rendered":"<div id=\"attachment_114862\" style=\"width: 1034px\" class=\"wp-caption aligncenter\"><a href=\"https:\/\/folhadoleste.com.br\/en\/festa-de-sao-jose-em-marica-musica-fe-e-cultura-marcam-o-evento\/festa-de-sao-jose-em-marica-musica-fe-e-cultura-marcam-o-evento-foto-divulgacao-clarildo-menezes-prefeitura-de-marica\/\" rel=\"attachment wp-att-114862\"><img decoding=\"async\" aria-describedby=\"caption-attachment-114862\" class=\"size-large wp-image-114862\" src=\"https:\/\/folhadoleste.com.br\/wp-content\/uploads\/2025\/03\/Festa-de-Sao-Jose-em-Marica-Musica-fe-e-cultura-marcam-o-evento-Foto-Divulgacao-Clarildo-Menezes-Prefeitura-de-Marica-1024x682.jpeg\" alt=\"\" width=\"1024\" height=\"682\" \/><\/a><p id=\"caption-attachment-114862\" class=\"wp-caption-text\">Festa de S\u00e3o Jos\u00e9 em Maric\u00e1: M\u00fasica, f\u00e9 e cultura marcam o evento | Divulga\u00e7\u00e3o\/Clarildo Menezes\/Prefeitura de Maric\u00e1<\/p><\/div>\n<p style=\"text-align: justify;\">A programa\u00e7\u00e3o da Festa de S\u00e3o Jos\u00e9 segue com muita m\u00fasica e anima\u00e7\u00e3o na Orla do Marine. A noite deste domingo (16\/03) ficou marcada pelos shows de J\u00f4 Borges e dos grupos de pagode Pique Novo e Swing &amp; Simpatia, que reuniram um grande p\u00fablico em uma celebra\u00e7\u00e3o repleta de alegria e emo\u00e7\u00e3o.<\/p>\n<p style=\"text-align: justify;\">A cantora J\u00f4 Borges abriu a noite com um repert\u00f3rio variado, com muito samba, pagode e MPB. Dona C\u00e9lia, de 67 anos, emocionou-se ao ouvir um dos cl\u00e1ssicos interpretados pela artista.<\/p>\n<blockquote>\n<p style=\"text-align: justify;\">\u201cEssa m\u00fasica marcou minha juventude. \u00c9 lindo ver a cidade promovendo momentos como esse\u201d, comentou.<\/p>\n<\/blockquote>\n<p style=\"text-align: justify;\">Em seguida, o grupo Pique Novo subiu ao palco e fez o p\u00fablico cantar os hits que marcaram gera\u00e7\u00f5es, como \u201cLigando os Fatos\u201d e \u201cNo Meu Olhar\u201d. Carlos Eduardo, de 28 anos, eram um dos mais animados.<\/p>\n<blockquote>\n<p style=\"text-align: justify;\">\u201cSou f\u00e3 do grupo desde crian\u00e7a por influ\u00eancia do meu pai. Estar aqui com ele hoje, curtindo ao vivo, \u00e9 especial\u201d, disse.<\/p>\n<\/blockquote>\n<h5 style=\"text-align: center;\"><span style=\"color: #000000;\"><span style=\"color: #ff0000;\"><strong>+ <\/strong><\/span><\/span><span style=\"color: #000000;\"><strong><span style=\"color: #ff9900;\">MAIS NOT\u00cdCIAS DE MARIC\u00c1?<\/span> <span style=\"color: #008080;\"><a style=\"color: #008080;\" href=\"https:\/\/folhadoleste.com.br\/en\/category\/jornal-folha-do-leste-rj\/marica\/\">CLIQUE AQUI<\/a><\/span><\/strong><\/span><\/h5>\n<p style=\"text-align: justify;\">Para fechar a noite com chave de ouro, Swing &amp; Simpatia colocou o p\u00fablico para dan\u00e7ar ao som de sucessos como \u201cToda Noite\u201d e \u201cEncaixe Perfeito\u201d. No meio da multid\u00e3o, Juliana e Andr\u00e9, que celebravam cinco anos de relacionamento, aproveitaram o show como uma esp\u00e9cie de renova\u00e7\u00e3o dos votos.<\/p>\n<blockquote>\n<p style=\"text-align: justify;\">\u201cEssa banda faz parte da nossa hist\u00f3ria. N\u00e3o poder\u00edamos perder essa oportunidade\u201d, disse Juliana, sorrindo.<\/p>\n<\/blockquote>\n<p style=\"text-align: justify;\">O evento, organizado pela Par\u00f3quia de S\u00e3o Jos\u00e9, conta com o apoio da Prefeitura de Maric\u00e1, por meio das secretarias de Promo\u00e7\u00e3o de Eventos e Assuntos Religiosos. Al\u00e9m dos shows, os visitantes puderam aproveitar das barracas de artesanato local e produtos confeccionados por membros da igreja, valorizando o trabalho da comunidade.<\/p>\n<div id=\"attachment_114861\" style=\"width: 1034px\" class=\"wp-caption aligncenter\"><a href=\"https:\/\/folhadoleste.com.br\/en\/festa-de-sao-jose-em-marica-musica-fe-e-cultura-marcam-o-evento\/festa-de-sao-jose-em-marica-musica-fe-e-cultura-marcam-o-evento-2-foto-divulgacao-clarildo-menezes-prefeitura-de-marica\/\" rel=\"attachment wp-att-114861\"><img decoding=\"async\" aria-describedby=\"caption-attachment-114861\" class=\"size-large wp-image-114861\" src=\"https:\/\/folhadoleste.com.br\/wp-content\/uploads\/2025\/03\/Festa-de-Sao-Jose-em-Marica-Musica-fe-e-cultura-marcam-o-evento-2-Foto-Divulgacao-Clarildo-Menezes-Prefeitura-de-Marica-1024x682.jpeg\" alt=\"\" width=\"1024\" height=\"682\" \/><\/a><p id=\"caption-attachment-114861\" class=\"wp-caption-text\">Festa de S\u00e3o Jos\u00e9 em Maric\u00e1: M\u00fasica, f\u00e9 e cultura marcam o evento | Divulga\u00e7\u00e3o\/Clarildo Menezes\/Prefeitura de Maric\u00e1<\/p><\/div>\n<p style=\"text-align: justify;\">A gastronomia tamb\u00e9m \u00e9 um atrativo especial, com uma ampla variedade de op\u00e7\u00f5es, incluindo comidas t\u00edpicas, doces caseiros, cervejarias locais e uma pra\u00e7a de alimenta\u00e7\u00e3o estruturada para receber fam\u00edlias e amigos.<\/p>\n<p style=\"text-align: justify;\">A Festa de S\u00e3o Jos\u00e9 segue com uma programa\u00e7\u00e3o diversa, proporcionando momentos de f\u00e9, cultura e lazer para moradores e visitantes.<\/p>\n<h4 style=\"text-align: justify;\"><strong>Programa\u00e7\u00e3o<\/strong><\/h4>\n<p style=\"text-align: justify;\"><strong>Data:<\/strong> 17 a 18 de mar\u00e7o (segunda e ter\u00e7a)<\/p>\n<p style=\"text-align: justify;\"><strong>19h:<\/strong> Novena seguida de missa<\/p>\n<p style=\"text-align: justify;\"><strong>20h:<\/strong> Cantina Tem\u00e1tica<\/p>\n<p style=\"text-align: justify;\"><strong>Data:<\/strong> 19 de mar\u00e7o (quarta-feira) \u2013 Dia do Padroeiro<\/p>\n<p style=\"text-align: justify;\"><strong>8h<\/strong> e <strong>11h:<\/strong> Missas solenes<\/p>\n<p style=\"text-align: justify;\"><strong>12h30:<\/strong> Almo\u00e7o festivo<\/p>\n<p style=\"text-align: justify;\"><strong>15h:<\/strong> Ter\u00e7o da Miseric\u00f3rdia<\/p>\n<p style=\"text-align: justify;\"><strong>18h:<\/strong> Prociss\u00e3o<\/p>\n<p style=\"text-align: justify;\"><strong>19h:<\/strong> Missa solene<\/p>\n<p style=\"text-align: justify;\"><strong>21h:<\/strong> Show cat\u00f3lico de encerramento<\/p>\n<p><a href=\"https:\/\/folhadoleste.com.br\/en\/carnaval2025\/\"><img decoding=\"async\" class=\"alignnone wp-image-108533 size-full aligncenter\" src=\"https:\/\/folhadoleste.com.br\/wp-content\/uploads\/2025\/02\/Carnaval-2025-FL-2-1-e1738751237598.png\" alt=\"\" width=\"900\" height=\"285\" \/><\/a><\/p>\n<p>&nbsp;<\/p>\n<p><a href=\"https:\/\/www.instagram.com\/folhadoleste\/\"><img decoding=\"async\" class=\"aligncenter wp-image-109748 size-medium\" src=\"https:\/\/folhadoleste.com.br\/wp-content\/uploads\/2025\/02\/Instagram-Folha-do-Leste-Widget-300x100.png\" alt=\"\" width=\"300\" height=\"100\" \/><\/a><\/p>\n<p><img decoding=\"async\" class=\"alignnone wp-image-109735 size-medium aligncenter\" src=\"https:\/\/folhadoleste.com.br\/wp-content\/uploads\/2025\/02\/ANUNCIO-FACEBOOK-FOLHA-DO-LESTE-300x300.png\" alt=\"\" width=\"300\" height=\"300\" \/><\/p>","protected":false},"excerpt":{"rendered":"<p>A programa\u00e7\u00e3o da Festa de S\u00e3o Jos\u00e9 segue com muita m\u00fasica e anima\u00e7\u00e3o na Orla do Marine. A noite deste domingo (16\/03) ficou marcada pelos shows de J\u00f4 Borges e dos grupos de pagode Pique Novo e Swing &amp; Simpatia, que reuniram um grande p\u00fablico em uma celebra\u00e7\u00e3o repleta de alegria e emo\u00e7\u00e3o. A cantora J\u00f4 Borges abriu a noite com um repert\u00f3rio variado, com muito samba, pagode e MPB. Dona C\u00e9lia, de 67 anos, emocionou-se ao ouvir um dos cl\u00e1ssicos interpretados pela artista. \u201cEssa m\u00fasica marcou minha juventude. \u00c9 lindo ver a cidade promovendo momentos como esse\u201d, comentou. Em [&hellip;]<\/p>\n","protected":false},"author":4,"featured_media":114862,"comment_status":"open","ping_status":"open","sticky":false,"template":"","format":"standard","meta":{"footnotes":""},"categories":[86,84,83,47,87],"tags":[4254,108,2381,6071,68842,68892,68893,67690,68845,68894,28492,66579,9815,31941,68684,44691,54,56,25187,1877,28678,6662,11017,656,32279,51675,68891],"class_list":["post-114859","post","type-post","status-publish","format-standard","has-post-thumbnail","hentry","category-cultura","category-entretenimento","category-entretenimento-artes-e-cultura-destaque","category-leste-fluminense","category-marica","tag-celebracao","tag-cultura","tag-entretenimento","tag-evento","tag-eventos-com-musica-brasileira","tag-eventos-com-shows-de-pagode","tag-eventos-com-shows-de-samba","tag-eventos-comemorativos","tag-eventos-comemorativos-de-shows","tag-eventos-comemorativos-musicais","tag-eventos-culturais","tag-eventos-culturais-no-rio","tag-eventos-gratuitos","tag-eventos-no-rio-de-janeiro","tag-festa-de-sao-jose","tag-festa-popular","tag-leste-fluminense","tag-marica","tag-multidao","tag-musica","tag-musica-ao-vivo","tag-pagode","tag-pique-novo","tag-samba","tag-shows-musicais","tag-shows-no-rio","tag-swing-e-simpatia","post--single"],"yoast_head":"<!-- This site is optimized with the Yoast SEO plugin v27.4 - https:\/\/yoast.com\/product\/yoast-seo-wordpress\/ -->\n<title>Festa de S\u00e3o Jos\u00e9 em Maric\u00e1: M\u00fasica, f\u00e9 e cultura marcam o evento &#8226; Folha do Leste<\/title>\n<meta name=\"description\" content=\"Festa de S\u00e3o Jos\u00e9 em Maric\u00e1: M\u00fasica, f\u00e9 e cultura marcam o evento. Programa\u00e7\u00e3o da Festa de S\u00e3o Jos\u00e9 continua com shows e atra\u00e7\u00f5es culturais.\" \/>\n<meta name=\"robots\" content=\"index, follow, max-snippet:-1, max-image-preview:large, max-video-preview:-1\" \/>\n<link rel=\"canonical\" href=\"https:\/\/folhadoleste.com.br\/en\/festa-de-sao-jose-em-marica-musica-fe-e-cultura-marcam-o-evento\/\" \/>\n<meta property=\"og:locale\" content=\"en_US\" \/>\n<meta property=\"og:type\" content=\"article\" \/>\n<meta property=\"og:title\" content=\"Festa de S\u00e3o Jos\u00e9 em Maric\u00e1: M\u00fasica, f\u00e9 e cultura marcam o evento &#8226; Folha do Leste\" \/>\n<meta property=\"og:description\" content=\"Festa de S\u00e3o Jos\u00e9 em Maric\u00e1: M\u00fasica, f\u00e9 e cultura marcam o evento. Programa\u00e7\u00e3o da Festa de S\u00e3o Jos\u00e9 continua com shows e atra\u00e7\u00f5es culturais.\" \/>\n<meta property=\"og:url\" content=\"https:\/\/folhadoleste.com.br\/en\/festa-de-sao-jose-em-marica-musica-fe-e-cultura-marcam-o-evento\/\" \/>\n<meta property=\"og:site_name\" content=\"Folha do Leste\" \/>\n<meta property=\"article:publisher\" content=\"https:\/\/www.facebook.com\/folhadoleste\" \/>\n<meta property=\"article:published_time\" content=\"2025-03-17T19:24:55+00:00\" \/>\n<meta property=\"article:modified_time\" content=\"2025-03-17T19:24:57+00:00\" \/>\n<meta property=\"og:image\" content=\"https:\/\/folhadoleste.com.br\/wp-content\/uploads\/2025\/03\/Festa-de-Sao-Jose-em-Marica-Musica-fe-e-cultura-marcam-o-evento-Foto-Divulgacao-Clarildo-Menezes-Prefeitura-de-Marica.jpeg\" \/>\n\t<meta property=\"og:image:width\" content=\"1600\" \/>\n\t<meta property=\"og:image:height\" content=\"1066\" \/>\n\t<meta property=\"og:image:type\" content=\"image\/jpeg\" \/>\n<meta name=\"author\" content=\"Folha do Leste\" \/>\n<meta name=\"twitter:card\" content=\"summary_large_image\" \/>\n<meta name=\"twitter:creator\" content=\"@FolhadoLesteRJ\" \/>\n<meta name=\"twitter:site\" content=\"@FolhadoLesteRJ\" \/>\n<meta name=\"twitter:label1\" content=\"Written by\" \/>\n\t<meta name=\"twitter:data1\" content=\"Folha do Leste\" \/>\n\t<meta name=\"twitter:label2\" content=\"Est. reading time\" \/>\n\t<meta name=\"twitter:data2\" content=\"4 minutes\" \/>\n<script type=\"application\/ld+json\" class=\"yoast-schema-graph\">{\"@context\":\"https:\\\/\\\/schema.org\",\"@graph\":[{\"@type\":\"NewsArticle\",\"@id\":\"https:\\\/\\\/folhadoleste.com.br\\\/festa-de-sao-jose-em-marica-musica-fe-e-cultura-marcam-o-evento\\\/#article\",\"isPartOf\":{\"@id\":\"https:\\\/\\\/folhadoleste.com.br\\\/festa-de-sao-jose-em-marica-musica-fe-e-cultura-marcam-o-evento\\\/\"},\"author\":{\"name\":\"Folha do Leste\",\"@id\":\"https:\\\/\\\/folhadoleste.com.br\\\/#\\\/schema\\\/person\\\/3e97145b2e1861276e84471aa85a3899\"},\"headline\":\"Festa de S\u00e3o Jos\u00e9 em Maric\u00e1: M\u00fasica, f\u00e9 e cultura marcam o evento\",\"datePublished\":\"2025-03-17T19:24:55+00:00\",\"dateModified\":\"2025-03-17T19:24:57+00:00\",\"mainEntityOfPage\":{\"@id\":\"https:\\\/\\\/folhadoleste.com.br\\\/festa-de-sao-jose-em-marica-musica-fe-e-cultura-marcam-o-evento\\\/\"},\"wordCount\":490,\"commentCount\":0,\"publisher\":{\"@id\":\"https:\\\/\\\/folhadoleste.com.br\\\/#organization\"},\"image\":{\"@id\":\"https:\\\/\\\/folhadoleste.com.br\\\/festa-de-sao-jose-em-marica-musica-fe-e-cultura-marcam-o-evento\\\/#primaryimage\"},\"thumbnailUrl\":\"https:\\\/\\\/folhadoleste.com.br\\\/wp-content\\\/uploads\\\/2025\\\/03\\\/Festa-de-Sao-Jose-em-Marica-Musica-fe-e-cultura-marcam-o-evento-Foto-Divulgacao-Clarildo-Menezes-Prefeitura-de-Marica.jpeg\",\"keywords\":[\"celebra\u00e7\u00e3o\",\"Cultura\",\"entretenimento\",\"evento\",\"eventos com m\u00fasica brasileira\",\"eventos com shows de pagode\",\"eventos com shows de samba\",\"eventos comemorativos\",\"eventos comemorativos de shows\",\"eventos comemorativos musicais\",\"Eventos culturais\",\"eventos culturais no Rio\",\"eventos gratuitos\",\"Eventos no Rio de Janeiro\",\"Festa de S\u00e3o Jos\u00e9\",\"festa popular\",\"Leste Fluminense\",\"Maric\u00e1\",\"multid\u00e3o\",\"m\u00fasica\",\"m\u00fasica ao vivo\",\"pagode\",\"Pique Novo\",\"samba\",\"shows musicais\",\"shows no Rio\",\"Swing e Simpatia\"],\"articleSection\":[\"Cultura\",\"Entretenimento\",\"Entretenimento, Artes e Cultura\",\"Leste Fluminense\",\"Maric\u00e1\"],\"inLanguage\":\"en-US\",\"potentialAction\":[{\"@type\":\"CommentAction\",\"name\":\"Comment\",\"target\":[\"https:\\\/\\\/folhadoleste.com.br\\\/festa-de-sao-jose-em-marica-musica-fe-e-cultura-marcam-o-evento\\\/#respond\"]}]},{\"@type\":\"WebPage\",\"@id\":\"https:\\\/\\\/folhadoleste.com.br\\\/festa-de-sao-jose-em-marica-musica-fe-e-cultura-marcam-o-evento\\\/\",\"url\":\"https:\\\/\\\/folhadoleste.com.br\\\/festa-de-sao-jose-em-marica-musica-fe-e-cultura-marcam-o-evento\\\/\",\"name\":\"Festa de S\u00e3o Jos\u00e9 em Maric\u00e1: M\u00fasica, f\u00e9 e cultura marcam o evento &#8226; Folha do Leste\",\"isPartOf\":{\"@id\":\"https:\\\/\\\/folhadoleste.com.br\\\/#website\"},\"primaryImageOfPage\":{\"@id\":\"https:\\\/\\\/folhadoleste.com.br\\\/festa-de-sao-jose-em-marica-musica-fe-e-cultura-marcam-o-evento\\\/#primaryimage\"},\"image\":{\"@id\":\"https:\\\/\\\/folhadoleste.com.br\\\/festa-de-sao-jose-em-marica-musica-fe-e-cultura-marcam-o-evento\\\/#primaryimage\"},\"thumbnailUrl\":\"https:\\\/\\\/folhadoleste.com.br\\\/wp-content\\\/uploads\\\/2025\\\/03\\\/Festa-de-Sao-Jose-em-Marica-Musica-fe-e-cultura-marcam-o-evento-Foto-Divulgacao-Clarildo-Menezes-Prefeitura-de-Marica.jpeg\",\"datePublished\":\"2025-03-17T19:24:55+00:00\",\"dateModified\":\"2025-03-17T19:24:57+00:00\",\"description\":\"Festa de S\u00e3o Jos\u00e9 em Maric\u00e1: M\u00fasica, f\u00e9 e cultura marcam o evento. Programa\u00e7\u00e3o da Festa de S\u00e3o Jos\u00e9 continua com shows e atra\u00e7\u00f5es culturais.\",\"breadcrumb\":{\"@id\":\"https:\\\/\\\/folhadoleste.com.br\\\/festa-de-sao-jose-em-marica-musica-fe-e-cultura-marcam-o-evento\\\/#breadcrumb\"},\"inLanguage\":\"en-US\",\"potentialAction\":[{\"@type\":\"ReadAction\",\"target\":[\"https:\\\/\\\/folhadoleste.com.br\\\/festa-de-sao-jose-em-marica-musica-fe-e-cultura-marcam-o-evento\\\/\"]}]},{\"@type\":\"ImageObject\",\"inLanguage\":\"en-US\",\"@id\":\"https:\\\/\\\/folhadoleste.com.br\\\/festa-de-sao-jose-em-marica-musica-fe-e-cultura-marcam-o-evento\\\/#primaryimage\",\"url\":\"https:\\\/\\\/folhadoleste.com.br\\\/wp-content\\\/uploads\\\/2025\\\/03\\\/Festa-de-Sao-Jose-em-Marica-Musica-fe-e-cultura-marcam-o-evento-Foto-Divulgacao-Clarildo-Menezes-Prefeitura-de-Marica.jpeg\",\"contentUrl\":\"https:\\\/\\\/folhadoleste.com.br\\\/wp-content\\\/uploads\\\/2025\\\/03\\\/Festa-de-Sao-Jose-em-Marica-Musica-fe-e-cultura-marcam-o-evento-Foto-Divulgacao-Clarildo-Menezes-Prefeitura-de-Marica.jpeg\",\"width\":1600,\"height\":1066,\"caption\":\"Festa de S\u00e3o Jos\u00e9 em Maric\u00e1: M\u00fasica, f\u00e9 e cultura marcam o evento | Divulga\u00e7\u00e3o\\\/Clarildo Menezes\\\/Prefeitura de Maric\u00e1\"},{\"@type\":\"BreadcrumbList\",\"@id\":\"https:\\\/\\\/folhadoleste.com.br\\\/festa-de-sao-jose-em-marica-musica-fe-e-cultura-marcam-o-evento\\\/#breadcrumb\",\"itemListElement\":[{\"@type\":\"ListItem\",\"position\":1,\"name\":\"In\u00edcio\",\"item\":\"https:\\\/\\\/folhadoleste.com.br\\\/\"},{\"@type\":\"ListItem\",\"position\":2,\"name\":\"Estado do Rio de Janeiro\",\"item\":\"https:\\\/\\\/folhadoleste.com.br\\\/category\\\/estado-do-rio-de-janeiro\\\/\"},{\"@type\":\"ListItem\",\"position\":3,\"name\":\"Leste Fluminense\",\"item\":\"https:\\\/\\\/folhadoleste.com.br\\\/category\\\/estado-do-rio-de-janeiro\\\/leste-fluminense\\\/\"},{\"@type\":\"ListItem\",\"position\":4,\"name\":\"Maric\u00e1\",\"item\":\"https:\\\/\\\/folhadoleste.com.br\\\/category\\\/estado-do-rio-de-janeiro\\\/leste-fluminense\\\/marica\\\/\"},{\"@type\":\"ListItem\",\"position\":5,\"name\":\"Festa de S\u00e3o Jos\u00e9 em Maric\u00e1: M\u00fasica, f\u00e9 e cultura marcam o evento\"}]},{\"@type\":\"WebSite\",\"@id\":\"https:\\\/\\\/folhadoleste.com.br\\\/#website\",\"url\":\"https:\\\/\\\/folhadoleste.com.br\\\/\",\"name\":\"Folha do Leste\",\"description\":\"Portal de Not\u00edcias com \u00eanfase em Niter\u00f3i, criando conte\u00fados desde a capital Rio de Janeiro, com olhar para o Leste Fluminense e suas cidades como S\u00e3o Gon\u00e7alo, Itabora\u00ed, Rio Bonito, Maric\u00e1, Saquarema e Araruama\",\"publisher\":{\"@id\":\"https:\\\/\\\/folhadoleste.com.br\\\/#organization\"},\"alternateName\":\"FL\",\"potentialAction\":[{\"@type\":\"SearchAction\",\"target\":{\"@type\":\"EntryPoint\",\"urlTemplate\":\"https:\\\/\\\/folhadoleste.com.br\\\/?s={search_term_string}\"},\"query-input\":{\"@type\":\"PropertyValueSpecification\",\"valueRequired\":true,\"valueName\":\"search_term_string\"}}],\"inLanguage\":\"en-US\"},{\"@type\":\"Organization\",\"@id\":\"https:\\\/\\\/folhadoleste.com.br\\\/#organization\",\"name\":\"Brasil 21 Comunica\u00e7\u00e3o\",\"alternateName\":\"BR21\",\"url\":\"https:\\\/\\\/folhadoleste.com.br\\\/\",\"logo\":{\"@type\":\"ImageObject\",\"inLanguage\":\"en-US\",\"@id\":\"https:\\\/\\\/folhadoleste.com.br\\\/#\\\/schema\\\/logo\\\/image\\\/\",\"url\":\"https:\\\/\\\/folhadoleste.com.br\\\/wp-content\\\/uploads\\\/2025\\\/12\\\/brasil-21-logomarca.avif\",\"contentUrl\":\"https:\\\/\\\/folhadoleste.com.br\\\/wp-content\\\/uploads\\\/2025\\\/12\\\/brasil-21-logomarca.avif\",\"width\":1044,\"height\":1044,\"caption\":\"Brasil 21 Comunica\u00e7\u00e3o\"},\"image\":{\"@id\":\"https:\\\/\\\/folhadoleste.com.br\\\/#\\\/schema\\\/logo\\\/image\\\/\"},\"sameAs\":[\"https:\\\/\\\/www.facebook.com\\\/folhadoleste\",\"https:\\\/\\\/x.com\\\/FolhadoLesteRJ\",\"https:\\\/\\\/www.instagram.com\\\/folhadoleste\\\/\"]},{\"@type\":\"Person\",\"@id\":\"https:\\\/\\\/folhadoleste.com.br\\\/#\\\/schema\\\/person\\\/3e97145b2e1861276e84471aa85a3899\",\"name\":\"Folha do Leste\",\"image\":{\"@type\":\"ImageObject\",\"inLanguage\":\"en-US\",\"@id\":\"https:\\\/\\\/folhadoleste.com.br\\\/wp-content\\\/litespeed\\\/avatar\\\/1ca8c218432e7045e748610eb3db0259.jpg?ver=1777161142\",\"url\":\"https:\\\/\\\/folhadoleste.com.br\\\/wp-content\\\/litespeed\\\/avatar\\\/1ca8c218432e7045e748610eb3db0259.jpg?ver=1777161142\",\"contentUrl\":\"https:\\\/\\\/folhadoleste.com.br\\\/wp-content\\\/litespeed\\\/avatar\\\/1ca8c218432e7045e748610eb3db0259.jpg?ver=1777161142\",\"caption\":\"Folha do Leste\"},\"url\":\"https:\\\/\\\/folhadoleste.com.br\\\/en\\\/author\\\/reportagem-01\\\/\"}]}<\/script>\n<!-- \/ Yoast SEO plugin. -->","yoast_head_json":{"title":"Festa de S\u00e3o Jos\u00e9 em Maric\u00e1: M\u00fasica, f\u00e9 e cultura marcam o evento &#8226; Folha do Leste","description":"Festa de S\u00e3o Jos\u00e9 em Maric\u00e1: M\u00fasica, f\u00e9 e cultura marcam o evento. Programa\u00e7\u00e3o da Festa de S\u00e3o Jos\u00e9 continua com shows e atra\u00e7\u00f5es culturais.","robots":{"index":"index","follow":"follow","max-snippet":"max-snippet:-1","max-image-preview":"max-image-preview:large","max-video-preview":"max-video-preview:-1"},"canonical":"https:\/\/folhadoleste.com.br\/en\/festa-de-sao-jose-em-marica-musica-fe-e-cultura-marcam-o-evento\/","og_locale":"en_US","og_type":"article","og_title":"Festa de S\u00e3o Jos\u00e9 em Maric\u00e1: M\u00fasica, f\u00e9 e cultura marcam o evento &#8226; Folha do Leste","og_description":"Festa de S\u00e3o Jos\u00e9 em Maric\u00e1: M\u00fasica, f\u00e9 e cultura marcam o evento. Programa\u00e7\u00e3o da Festa de S\u00e3o Jos\u00e9 continua com shows e atra\u00e7\u00f5es culturais.","og_url":"https:\/\/folhadoleste.com.br\/en\/festa-de-sao-jose-em-marica-musica-fe-e-cultura-marcam-o-evento\/","og_site_name":"Folha do Leste","article_publisher":"https:\/\/www.facebook.com\/folhadoleste","article_published_time":"2025-03-17T19:24:55+00:00","article_modified_time":"2025-03-17T19:24:57+00:00","og_image":[{"width":1600,"height":1066,"url":"https:\/\/folhadoleste.com.br\/wp-content\/uploads\/2025\/03\/Festa-de-Sao-Jose-em-Marica-Musica-fe-e-cultura-marcam-o-evento-Foto-Divulgacao-Clarildo-Menezes-Prefeitura-de-Marica.jpeg","type":"image\/jpeg"}],"author":"Folha do Leste","twitter_card":"summary_large_image","twitter_creator":"@FolhadoLesteRJ","twitter_site":"@FolhadoLesteRJ","twitter_misc":{"Written by":"Folha do Leste","Est. reading time":"4 minutes"},"schema":{"@context":"https:\/\/schema.org","@graph":[{"@type":"NewsArticle","@id":"https:\/\/folhadoleste.com.br\/festa-de-sao-jose-em-marica-musica-fe-e-cultura-marcam-o-evento\/#article","isPartOf":{"@id":"https:\/\/folhadoleste.com.br\/festa-de-sao-jose-em-marica-musica-fe-e-cultura-marcam-o-evento\/"},"author":{"name":"Folha do Leste","@id":"https:\/\/folhadoleste.com.br\/#\/schema\/person\/3e97145b2e1861276e84471aa85a3899"},"headline":"Festa de S\u00e3o Jos\u00e9 em Maric\u00e1: M\u00fasica, f\u00e9 e cultura marcam o evento","datePublished":"2025-03-17T19:24:55+00:00","dateModified":"2025-03-17T19:24:57+00:00","mainEntityOfPage":{"@id":"https:\/\/folhadoleste.com.br\/festa-de-sao-jose-em-marica-musica-fe-e-cultura-marcam-o-evento\/"},"wordCount":490,"commentCount":0,"publisher":{"@id":"https:\/\/folhadoleste.com.br\/#organization"},"image":{"@id":"https:\/\/folhadoleste.com.br\/festa-de-sao-jose-em-marica-musica-fe-e-cultura-marcam-o-evento\/#primaryimage"},"thumbnailUrl":"https:\/\/folhadoleste.com.br\/wp-content\/uploads\/2025\/03\/Festa-de-Sao-Jose-em-Marica-Musica-fe-e-cultura-marcam-o-evento-Foto-Divulgacao-Clarildo-Menezes-Prefeitura-de-Marica.jpeg","keywords":["celebra\u00e7\u00e3o","Cultura","entretenimento","evento","eventos com m\u00fasica brasileira","eventos com shows de pagode","eventos com shows de samba","eventos comemorativos","eventos comemorativos de shows","eventos comemorativos musicais","Eventos culturais","eventos culturais no Rio","eventos gratuitos","Eventos no Rio de Janeiro","Festa de S\u00e3o Jos\u00e9","festa popular","Leste Fluminense","Maric\u00e1","multid\u00e3o","m\u00fasica","m\u00fasica ao vivo","pagode","Pique Novo","samba","shows musicais","shows no Rio","Swing e Simpatia"],"articleSection":["Cultura","Entretenimento","Entretenimento, Artes e Cultura","Leste Fluminense","Maric\u00e1"],"inLanguage":"en-US","potentialAction":[{"@type":"CommentAction","name":"Comment","target":["https:\/\/folhadoleste.com.br\/festa-de-sao-jose-em-marica-musica-fe-e-cultura-marcam-o-evento\/#respond"]}]},{"@type":"WebPage","@id":"https:\/\/folhadoleste.com.br\/festa-de-sao-jose-em-marica-musica-fe-e-cultura-marcam-o-evento\/","url":"https:\/\/folhadoleste.com.br\/festa-de-sao-jose-em-marica-musica-fe-e-cultura-marcam-o-evento\/","name":"Festa de S\u00e3o Jos\u00e9 em Maric\u00e1: M\u00fasica, f\u00e9 e cultura marcam o evento &#8226; Folha do Leste","isPartOf":{"@id":"https:\/\/folhadoleste.com.br\/#website"},"primaryImageOfPage":{"@id":"https:\/\/folhadoleste.com.br\/festa-de-sao-jose-em-marica-musica-fe-e-cultura-marcam-o-evento\/#primaryimage"},"image":{"@id":"https:\/\/folhadoleste.com.br\/festa-de-sao-jose-em-marica-musica-fe-e-cultura-marcam-o-evento\/#primaryimage"},"thumbnailUrl":"https:\/\/folhadoleste.com.br\/wp-content\/uploads\/2025\/03\/Festa-de-Sao-Jose-em-Marica-Musica-fe-e-cultura-marcam-o-evento-Foto-Divulgacao-Clarildo-Menezes-Prefeitura-de-Marica.jpeg","datePublished":"2025-03-17T19:24:55+00:00","dateModified":"2025-03-17T19:24:57+00:00","description":"Festa de S\u00e3o Jos\u00e9 em Maric\u00e1: M\u00fasica, f\u00e9 e cultura marcam o evento. Programa\u00e7\u00e3o da Festa de S\u00e3o Jos\u00e9 continua com shows e atra\u00e7\u00f5es culturais.","breadcrumb":{"@id":"https:\/\/folhadoleste.com.br\/festa-de-sao-jose-em-marica-musica-fe-e-cultura-marcam-o-evento\/#breadcrumb"},"inLanguage":"en-US","potentialAction":[{"@type":"ReadAction","target":["https:\/\/folhadoleste.com.br\/festa-de-sao-jose-em-marica-musica-fe-e-cultura-marcam-o-evento\/"]}]},{"@type":"ImageObject","inLanguage":"en-US","@id":"https:\/\/folhadoleste.com.br\/festa-de-sao-jose-em-marica-musica-fe-e-cultura-marcam-o-evento\/#primaryimage","url":"https:\/\/folhadoleste.com.br\/wp-content\/uploads\/2025\/03\/Festa-de-Sao-Jose-em-Marica-Musica-fe-e-cultura-marcam-o-evento-Foto-Divulgacao-Clarildo-Menezes-Prefeitura-de-Marica.jpeg","contentUrl":"https:\/\/folhadoleste.com.br\/wp-content\/uploads\/2025\/03\/Festa-de-Sao-Jose-em-Marica-Musica-fe-e-cultura-marcam-o-evento-Foto-Divulgacao-Clarildo-Menezes-Prefeitura-de-Marica.jpeg","width":1600,"height":1066,"caption":"Festa de S\u00e3o Jos\u00e9 em Maric\u00e1: M\u00fasica, f\u00e9 e cultura marcam o evento | Divulga\u00e7\u00e3o\/Clarildo Menezes\/Prefeitura de Maric\u00e1"},{"@type":"BreadcrumbList","@id":"https:\/\/folhadoleste.com.br\/festa-de-sao-jose-em-marica-musica-fe-e-cultura-marcam-o-evento\/#breadcrumb","itemListElement":[{"@type":"ListItem","position":1,"name":"In\u00edcio","item":"https:\/\/folhadoleste.com.br\/"},{"@type":"ListItem","position":2,"name":"Estado do Rio de Janeiro","item":"https:\/\/folhadoleste.com.br\/category\/estado-do-rio-de-janeiro\/"},{"@type":"ListItem","position":3,"name":"Leste Fluminense","item":"https:\/\/folhadoleste.com.br\/category\/estado-do-rio-de-janeiro\/leste-fluminense\/"},{"@type":"ListItem","position":4,"name":"Maric\u00e1","item":"https:\/\/folhadoleste.com.br\/category\/estado-do-rio-de-janeiro\/leste-fluminense\/marica\/"},{"@type":"ListItem","position":5,"name":"Festa de S\u00e3o Jos\u00e9 em Maric\u00e1: M\u00fasica, f\u00e9 e cultura marcam o evento"}]},{"@type":"WebSite","@id":"https:\/\/folhadoleste.com.br\/#website","url":"https:\/\/folhadoleste.com.br\/","name":"Folha do Leste","description":"Portal de Not\u00edcias com \u00eanfase em Niter\u00f3i, criando conte\u00fados desde a capital Rio de Janeiro, com olhar para o Leste Fluminense e suas cidades como S\u00e3o Gon\u00e7alo, Itabora\u00ed, Rio Bonito, Maric\u00e1, Saquarema e Araruama","publisher":{"@id":"https:\/\/folhadoleste.com.br\/#organization"},"alternateName":"FL","potentialAction":[{"@type":"SearchAction","target":{"@type":"EntryPoint","urlTemplate":"https:\/\/folhadoleste.com.br\/?s={search_term_string}"},"query-input":{"@type":"PropertyValueSpecification","valueRequired":true,"valueName":"search_term_string"}}],"inLanguage":"en-US"},{"@type":"Organization","@id":"https:\/\/folhadoleste.com.br\/#organization","name":"Brasil 21 Comunica\u00e7\u00e3o","alternateName":"BR21","url":"https:\/\/folhadoleste.com.br\/","logo":{"@type":"ImageObject","inLanguage":"en-US","@id":"https:\/\/folhadoleste.com.br\/#\/schema\/logo\/image\/","url":"https:\/\/folhadoleste.com.br\/wp-content\/uploads\/2025\/12\/brasil-21-logomarca.avif","contentUrl":"https:\/\/folhadoleste.com.br\/wp-content\/uploads\/2025\/12\/brasil-21-logomarca.avif","width":1044,"height":1044,"caption":"Brasil 21 Comunica\u00e7\u00e3o"},"image":{"@id":"https:\/\/folhadoleste.com.br\/#\/schema\/logo\/image\/"},"sameAs":["https:\/\/www.facebook.com\/folhadoleste","https:\/\/x.com\/FolhadoLesteRJ","https:\/\/www.instagram.com\/folhadoleste\/"]},{"@type":"Person","@id":"https:\/\/folhadoleste.com.br\/#\/schema\/person\/3e97145b2e1861276e84471aa85a3899","name":"Folha do Leste","image":{"@type":"ImageObject","inLanguage":"en-US","@id":"https:\/\/folhadoleste.com.br\/wp-content\/litespeed\/avatar\/1ca8c218432e7045e748610eb3db0259.jpg?ver=1777161142","url":"https:\/\/folhadoleste.com.br\/wp-content\/litespeed\/avatar\/1ca8c218432e7045e748610eb3db0259.jpg?ver=1777161142","contentUrl":"https:\/\/folhadoleste.com.br\/wp-content\/litespeed\/avatar\/1ca8c218432e7045e748610eb3db0259.jpg?ver=1777161142","caption":"Folha do Leste"},"url":"https:\/\/folhadoleste.com.br\/en\/author\/reportagem-01\/"}]}},"_links":{"self":[{"href":"https:\/\/folhadoleste.com.br\/en\/wp-json\/wp\/v2\/posts\/114859","targetHints":{"allow":["GET"]}}],"collection":[{"href":"https:\/\/folhadoleste.com.br\/en\/wp-json\/wp\/v2\/posts"}],"about":[{"href":"https:\/\/folhadoleste.com.br\/en\/wp-json\/wp\/v2\/types\/post"}],"author":[{"embeddable":true,"href":"https:\/\/folhadoleste.com.br\/en\/wp-json\/wp\/v2\/users\/4"}],"replies":[{"embeddable":true,"href":"https:\/\/folhadoleste.com.br\/en\/wp-json\/wp\/v2\/comments?post=114859"}],"version-history":[{"count":2,"href":"https:\/\/folhadoleste.com.br\/en\/wp-json\/wp\/v2\/posts\/114859\/revisions"}],"predecessor-version":[{"id":114864,"href":"https:\/\/folhadoleste.com.br\/en\/wp-json\/wp\/v2\/posts\/114859\/revisions\/114864"}],"wp:featuredmedia":[{"embeddable":true,"href":"https:\/\/folhadoleste.com.br\/en\/wp-json\/wp\/v2\/media\/114862"}],"wp:attachment":[{"href":"https:\/\/folhadoleste.com.br\/en\/wp-json\/wp\/v2\/media?parent=114859"}],"wp:term":[{"taxonomy":"category","embeddable":true,"href":"https:\/\/folhadoleste.com.br\/en\/wp-json\/wp\/v2\/categories?post=114859"},{"taxonomy":"post_tag","embeddable":true,"href":"https:\/\/folhadoleste.com.br\/en\/wp-json\/wp\/v2\/tags?post=114859"}],"curies":[{"name":"wp","href":"https:\/\/api.w.org\/{rel}","templated":true}]}}