{"id":113415,"date":"2025-03-09T19:22:15","date_gmt":"2025-03-09T22:22:15","guid":{"rendered":"https:\/\/folhadoleste.com.br\/?p=113415"},"modified":"2025-03-09T19:22:17","modified_gmt":"2025-03-09T22:22:17","slug":"briga-generalizada-na-praia-vermelha-termina-em-caso-de-policia-video","status":"publish","type":"post","link":"https:\/\/folhadoleste.com.br\/en\/briga-generalizada-na-praia-vermelha-termina-em-caso-de-policia-video\/","title":{"rendered":"Briga generalizada na Praia Vermelha termina em caso de pol\u00edcia &#8211; V\u00eddeo"},"content":{"rendered":"<div id=\"attachment_113417\" style=\"width: 650px\" class=\"wp-caption aligncenter\"><a href=\"https:\/\/folhadoleste.com.br\/en\/briga-generalizada-na-praia-vermelha-termina-em-caso-de-policia-video\/briga-generalizada-na-praia-vermelha-termina-em-caso-de-policia-video-foto-reproducao-redes-sociais\/\" rel=\"attachment wp-att-113417\"><img decoding=\"async\" aria-describedby=\"caption-attachment-113417\" class=\"size-large wp-image-113417\" src=\"https:\/\/folhadoleste.com.br\/wp-content\/uploads\/2025\/03\/Briga-generalizada-na-Praia-Vermelha-termina-em-caso-de-policia-Video-Foto-Reproducao-Redes-Sociais-640x1024.jpeg\" alt=\"\" width=\"640\" height=\"1024\" \/><\/a><p id=\"caption-attachment-113417\" class=\"wp-caption-text\">Briga generalizada na Praia Vermelha termina em caso de pol\u00edcia &#8211; V\u00eddeo | Reprodu\u00e7\u00e3o\/Redes Sociais<\/p><\/div>\n<p style=\"text-align: justify;\" data-pm-slice=\"1 1 []\">Uma briga na Praia Vermelha, na Urca, Zona Sul do Rio, mobilizou pol\u00edcia e chocou banhistas no \u00faltimo s\u00e1bado (08). O conflito entre banhistas e barraqueiros, registrado em v\u00eddeo e compartilhado nas redes sociais, mostrou homens armados com cabos de ferro de guarda-s\u00f3is e peda\u00e7os de madeira.<\/p>\n<h4 style=\"text-align: justify;\">Conflito iniciado por uso de cadeira na areia<\/h4>\n<p style=\"text-align: justify;\">De acordo com testemunhas, o desentendimento come\u00e7ou quando uma mulher e sua sogra receberam uma cadeira de outra fam\u00edlia na praia.<\/p>\n<div style=\"width: 720px;\" class=\"wp-video\"><video class=\"wp-video-shortcode\" id=\"video-113415-1\" width=\"720\" height=\"900\" preload=\"metadata\" controls=\"controls\"><source type=\"video\/mp4\" src=\"https:\/\/folhadoleste.com.br\/wp-content\/uploads\/2025\/03\/Briga-generalizada-na-Praia-Vermelha-termina-em-caso-de-policia-Video.mp4?_=1\" \/><a href=\"https:\/\/folhadoleste.com.br\/wp-content\/uploads\/2025\/03\/Briga-generalizada-na-Praia-Vermelha-termina-em-caso-de-policia-Video.mp4\">https:\/\/folhadoleste.com.br\/wp-content\/uploads\/2025\/03\/Briga-generalizada-na-Praia-Vermelha-termina-em-caso-de-policia-Video.mp4<\/a><\/video><\/div>\n<p style=\"text-align: justify;\">Segundo o lutador de MMA Igor Chatubinha, envolvido na ocorr\u00eancia, um barraqueiro abordou o grupo de forma agressiva, mesmo ap\u00f3s as mulheres afirmarem que iriam pagar pelo uso do equipamento.<\/p>\n<h4 style=\"text-align: justify;\">Viol\u00eancia se intensifica com a chegada de barraqueiros<\/h4>\n<p style=\"text-align: justify;\">Ao tentar intervir, Chatubinha relatou que a situa\u00e7\u00e3o saiu do controle.<\/p>\n<blockquote>\n<p style=\"text-align: justify;\">&#8220;Mais de 30 barraqueiros desceram com barras de ferro, madeira e pedras e atacaram a mim e ao tio da minha mulher, que tem 50 anos. Ele teve todas as costelas quebradas e sofreu v\u00e1rios ferimentos pelo corpo inteiro. Ele conseguiu correr at\u00e9 o quartel da Marinha&#8221;, afirmou.<\/p>\n<\/blockquote>\n<h5 style=\"text-align: center;\"><span style=\"color: #000000;\"><span style=\"color: #ff0000;\"><strong>+ <\/strong><\/span><\/span><span style=\"color: #000000;\"><span style=\"color: #ff9900;\"><strong>MAIS NOT\u00cdCIAS DO RIO DE JANEIRO?<\/strong><\/span> <span style=\"color: #008080;\"><strong><a style=\"color: #008080;\" href=\"https:\/\/folhadoleste.com.br\/en\/category\/rio-de-janeiro-capital\/\">CLIQUE AQUI<\/a><\/strong><\/span><\/span><\/h5>\n<p style=\"text-align: justify;\">O lutador tamb\u00e9m disse ter sido amea\u00e7ado de morte durante o ataque.<\/p>\n<h4 style=\"text-align: justify;\">Diverg\u00eancia nas vers\u00f5es do ocorrido<\/h4>\n<p style=\"text-align: justify;\">Os barraqueiros, por outro lado, afirmaram que a discuss\u00e3o teve in\u00edcio por causa de um desacordo no pagamento dos produtos consumidos na barraca.<\/p>\n<p style=\"text-align: justify;\">Ambos os lados foram conduzidos \u00e0 10\u00aa DP (Botafogo) para depoimentos. At\u00e9 o momento, ningu\u00e9m foi preso e o caso segue em investiga\u00e7\u00e3o.<\/p>\n<h4 style=\"text-align: justify;\">Outro Caso<\/h4>\n<p style=\"text-align: justify;\">No domingo (9), outro conflito envolvendo vendedores ocorreu no Aterro do Flamengo. Segundo a equipe do programa Seguran\u00e7a Presente, uma discuss\u00e3o por causa do pre\u00e7o na venda de \u00e1gua de coco terminou com um dos ambulantes esfaqueado na cabe\u00e7a. O caso tamb\u00e9m foi registrado e est\u00e1 sendo investigado.<\/p>\n<p><a href=\"https:\/\/folhadoleste.com.br\/en\/carnaval2025\/\"><img decoding=\"async\" class=\"alignnone wp-image-108533 size-full aligncenter\" src=\"https:\/\/folhadoleste.com.br\/wp-content\/uploads\/2025\/02\/Carnaval-2025-FL-2-1-e1738751237598.png\" alt=\"\" width=\"900\" height=\"285\" \/><\/a><\/p>\n<p>&nbsp;<\/p>\n<p><a href=\"https:\/\/www.instagram.com\/folhadoleste\/\"><img decoding=\"async\" class=\"aligncenter wp-image-109748 size-medium\" src=\"https:\/\/folhadoleste.com.br\/wp-content\/uploads\/2025\/02\/Instagram-Folha-do-Leste-Widget-300x100.png\" alt=\"\" width=\"300\" height=\"100\" \/><\/a><\/p>\n<p><img decoding=\"async\" class=\"alignnone wp-image-109735 size-medium aligncenter\" src=\"https:\/\/folhadoleste.com.br\/wp-content\/uploads\/2025\/02\/ANUNCIO-FACEBOOK-FOLHA-DO-LESTE-300x300.png\" alt=\"\" width=\"300\" height=\"300\" \/><\/p>","protected":false},"excerpt":{"rendered":"<p>Uma briga na Praia Vermelha, na Urca, Zona Sul do Rio, mobilizou pol\u00edcia e chocou banhistas no \u00faltimo s\u00e1bado (08). O conflito entre banhistas e barraqueiros, registrado em v\u00eddeo e compartilhado nas redes sociais, mostrou homens armados com cabos de ferro de guarda-s\u00f3is e peda\u00e7os de madeira. Conflito iniciado por uso de cadeira na areia De acordo com testemunhas, o desentendimento come\u00e7ou quando uma mulher e sua sogra receberam uma cadeira de outra fam\u00edlia na praia. Segundo o lutador de MMA Igor Chatubinha, envolvido na ocorr\u00eancia, um barraqueiro abordou o grupo de forma agressiva, mesmo ap\u00f3s as mulheres afirmarem que [&hellip;]<\/p>\n","protected":false},"author":4,"featured_media":113419,"comment_status":"open","ping_status":"open","sticky":false,"template":"","format":"video","meta":{"footnotes":""},"categories":[67],"tags":[4216,8458,67584,67594,15190,45515,67585,67595,67583,16374,310,7401,67593,2461,6567,3078,67592,10136,93,824,6305,67596,212,67588,67586,67587,67589,67591,67590,651],"class_list":["post-113415","post","type-post","status-publish","format-video","has-post-thumbnail","hentry","category-rio-de-janeiro-capital","tag-agressao","tag-agressao-fisica","tag-agressoes-na-praia","tag-agressoes-no-rio","tag-arremesso","tag-briga-generalizada","tag-brigas-na-praia","tag-brigas-no-rio","tag-cabo-de-ferro","tag-cadeiras","tag-confronto","tag-confusao","tag-confusoes-na-praia-vermelha","tag-flagrante","tag-noticias","tag-ocorrencia","tag-ocorrencias-na-praia-vermelha","tag-praia-vermelha","tag-rio-de-janeiro","tag-seguranca-publica","tag-tumulto","tag-tumultos-no-rio","tag-video","tag-videos-da-praia-vermelha","tag-videos-de-agressao","tag-videos-de-brigas","tag-videos-de-confusao","tag-videos-de-seguranca-publica","tag-videos-de-tumulto","tag-violencia","post_format-post-format-video","post--single"],"yoast_head":"<!-- This site is optimized with the Yoast SEO plugin v27.4 - https:\/\/yoast.com\/product\/yoast-seo-wordpress\/ -->\n<title>Briga generalizada na Praia Vermelha termina em caso de pol\u00edcia - V\u00eddeo &#8226; Folha do Leste<\/title>\n<meta name=\"description\" content=\"Briga generalizada na Praia Vermelha termina em caso de pol\u00edcia - V\u00eddeo. V\u00eddeo que viralizou nas redes sociais mostra a intensidade da briga.\" \/>\n<meta name=\"robots\" content=\"index, follow, max-snippet:-1, max-image-preview:large, max-video-preview:-1\" \/>\n<link rel=\"canonical\" href=\"https:\/\/folhadoleste.com.br\/en\/briga-generalizada-na-praia-vermelha-termina-em-caso-de-policia-video\/\" \/>\n<meta property=\"og:locale\" content=\"en_US\" \/>\n<meta property=\"og:type\" content=\"article\" \/>\n<meta property=\"og:title\" content=\"Briga generalizada na Praia Vermelha termina em caso de pol\u00edcia - V\u00eddeo &#8226; Folha do Leste\" \/>\n<meta property=\"og:description\" content=\"Briga generalizada na Praia Vermelha termina em caso de pol\u00edcia - V\u00eddeo. V\u00eddeo que viralizou nas redes sociais mostra a intensidade da briga.\" \/>\n<meta property=\"og:url\" content=\"https:\/\/folhadoleste.com.br\/en\/briga-generalizada-na-praia-vermelha-termina-em-caso-de-policia-video\/\" \/>\n<meta property=\"og:site_name\" content=\"Folha do Leste\" \/>\n<meta property=\"article:publisher\" content=\"https:\/\/www.facebook.com\/folhadoleste\" \/>\n<meta property=\"article:published_time\" content=\"2025-03-09T22:22:15+00:00\" \/>\n<meta property=\"article:modified_time\" content=\"2025-03-09T22:22:17+00:00\" \/>\n<meta property=\"og:image\" content=\"https:\/\/folhadoleste.com.br\/wp-content\/uploads\/2025\/03\/Briga-generalizada-na-Praia-Vermelha-termina-em-caso-de-policia-Video-Foto-Cortada-Reproducao-Redes-Sociais.jpeg\" \/>\n\t<meta property=\"og:image:width\" content=\"1200\" \/>\n\t<meta property=\"og:image:height\" content=\"675\" \/>\n\t<meta property=\"og:image:type\" content=\"image\/jpeg\" \/>\n<meta name=\"author\" content=\"Folha do Leste\" \/>\n<meta name=\"twitter:card\" content=\"summary_large_image\" \/>\n<meta name=\"twitter:creator\" content=\"@FolhadoLesteRJ\" \/>\n<meta name=\"twitter:site\" content=\"@FolhadoLesteRJ\" \/>\n<meta name=\"twitter:label1\" content=\"Written by\" \/>\n\t<meta name=\"twitter:data1\" content=\"Folha do Leste\" \/>\n\t<meta name=\"twitter:label2\" content=\"Est. reading time\" \/>\n\t<meta name=\"twitter:data2\" content=\"3 minutes\" \/>\n<script type=\"application\/ld+json\" class=\"yoast-schema-graph\">{\"@context\":\"https:\\\/\\\/schema.org\",\"@graph\":[{\"@type\":\"NewsArticle\",\"@id\":\"https:\\\/\\\/folhadoleste.com.br\\\/briga-generalizada-na-praia-vermelha-termina-em-caso-de-policia-video\\\/#article\",\"isPartOf\":{\"@id\":\"https:\\\/\\\/folhadoleste.com.br\\\/briga-generalizada-na-praia-vermelha-termina-em-caso-de-policia-video\\\/\"},\"author\":{\"name\":\"Folha do Leste\",\"@id\":\"https:\\\/\\\/folhadoleste.com.br\\\/#\\\/schema\\\/person\\\/3e97145b2e1861276e84471aa85a3899\"},\"headline\":\"Briga generalizada na Praia Vermelha termina em caso de pol\u00edcia &#8211; V\u00eddeo\",\"datePublished\":\"2025-03-09T22:22:15+00:00\",\"dateModified\":\"2025-03-09T22:22:17+00:00\",\"mainEntityOfPage\":{\"@id\":\"https:\\\/\\\/folhadoleste.com.br\\\/briga-generalizada-na-praia-vermelha-termina-em-caso-de-policia-video\\\/\"},\"wordCount\":367,\"commentCount\":0,\"publisher\":{\"@id\":\"https:\\\/\\\/folhadoleste.com.br\\\/#organization\"},\"image\":{\"@id\":\"https:\\\/\\\/folhadoleste.com.br\\\/briga-generalizada-na-praia-vermelha-termina-em-caso-de-policia-video\\\/#primaryimage\"},\"thumbnailUrl\":\"https:\\\/\\\/folhadoleste.com.br\\\/wp-content\\\/uploads\\\/2025\\\/03\\\/Briga-generalizada-na-Praia-Vermelha-termina-em-caso-de-policia-Video-Foto-Cortada-Reproducao-Redes-Sociais.jpeg\",\"keywords\":[\"Agress\u00e3o\",\"agress\u00e3o f\u00edsica\",\"agress\u00f5es na praia\",\"agress\u00f5es no Rio\",\"arremesso\",\"briga generalizada\",\"brigas na praia\",\"brigas no Rio\",\"cabo de ferro\",\"cadeiras\",\"confronto\",\"confus\u00e3o\",\"confus\u00f5es na Praia Vermelha\",\"flagrante\",\"Not\u00edcias\",\"ocorr\u00eancia\",\"ocorr\u00eancias na Praia Vermelha\",\"Praia Vermelha\",\"Rio de Janeiro\",\"Seguran\u00e7a publica\",\"tumulto\",\"tumultos no Rio\",\"v\u00eddeo\",\"v\u00eddeos da Praia Vermelha\",\"v\u00eddeos de agress\u00e3o\",\"v\u00eddeos de brigas\",\"v\u00eddeos de confus\u00e3o\",\"v\u00eddeos de seguran\u00e7a p\u00fablica\",\"v\u00eddeos de tumulto\",\"viol\u00eancia\"],\"articleSection\":[\"Rio de Janeiro - Capital\"],\"inLanguage\":\"en-US\",\"potentialAction\":[{\"@type\":\"CommentAction\",\"name\":\"Comment\",\"target\":[\"https:\\\/\\\/folhadoleste.com.br\\\/briga-generalizada-na-praia-vermelha-termina-em-caso-de-policia-video\\\/#respond\"]}]},{\"@type\":\"WebPage\",\"@id\":\"https:\\\/\\\/folhadoleste.com.br\\\/briga-generalizada-na-praia-vermelha-termina-em-caso-de-policia-video\\\/\",\"url\":\"https:\\\/\\\/folhadoleste.com.br\\\/briga-generalizada-na-praia-vermelha-termina-em-caso-de-policia-video\\\/\",\"name\":\"Briga generalizada na Praia Vermelha termina em caso de pol\u00edcia - V\u00eddeo &#8226; Folha do Leste\",\"isPartOf\":{\"@id\":\"https:\\\/\\\/folhadoleste.com.br\\\/#website\"},\"primaryImageOfPage\":{\"@id\":\"https:\\\/\\\/folhadoleste.com.br\\\/briga-generalizada-na-praia-vermelha-termina-em-caso-de-policia-video\\\/#primaryimage\"},\"image\":{\"@id\":\"https:\\\/\\\/folhadoleste.com.br\\\/briga-generalizada-na-praia-vermelha-termina-em-caso-de-policia-video\\\/#primaryimage\"},\"thumbnailUrl\":\"https:\\\/\\\/folhadoleste.com.br\\\/wp-content\\\/uploads\\\/2025\\\/03\\\/Briga-generalizada-na-Praia-Vermelha-termina-em-caso-de-policia-Video-Foto-Cortada-Reproducao-Redes-Sociais.jpeg\",\"datePublished\":\"2025-03-09T22:22:15+00:00\",\"dateModified\":\"2025-03-09T22:22:17+00:00\",\"description\":\"Briga generalizada na Praia Vermelha termina em caso de pol\u00edcia - V\u00eddeo. V\u00eddeo que viralizou nas redes sociais mostra a intensidade da briga.\",\"breadcrumb\":{\"@id\":\"https:\\\/\\\/folhadoleste.com.br\\\/briga-generalizada-na-praia-vermelha-termina-em-caso-de-policia-video\\\/#breadcrumb\"},\"inLanguage\":\"en-US\",\"potentialAction\":[{\"@type\":\"ReadAction\",\"target\":[\"https:\\\/\\\/folhadoleste.com.br\\\/briga-generalizada-na-praia-vermelha-termina-em-caso-de-policia-video\\\/\"]}]},{\"@type\":\"ImageObject\",\"inLanguage\":\"en-US\",\"@id\":\"https:\\\/\\\/folhadoleste.com.br\\\/briga-generalizada-na-praia-vermelha-termina-em-caso-de-policia-video\\\/#primaryimage\",\"url\":\"https:\\\/\\\/folhadoleste.com.br\\\/wp-content\\\/uploads\\\/2025\\\/03\\\/Briga-generalizada-na-Praia-Vermelha-termina-em-caso-de-policia-Video-Foto-Cortada-Reproducao-Redes-Sociais.jpeg\",\"contentUrl\":\"https:\\\/\\\/folhadoleste.com.br\\\/wp-content\\\/uploads\\\/2025\\\/03\\\/Briga-generalizada-na-Praia-Vermelha-termina-em-caso-de-policia-Video-Foto-Cortada-Reproducao-Redes-Sociais.jpeg\",\"width\":1200,\"height\":675,\"caption\":\"Briga generalizada na Praia Vermelha termina em caso de pol\u00edcia - V\u00eddeo | Reprodu\u00e7\u00e3o\\\/Redes Sociais\"},{\"@type\":\"BreadcrumbList\",\"@id\":\"https:\\\/\\\/folhadoleste.com.br\\\/briga-generalizada-na-praia-vermelha-termina-em-caso-de-policia-video\\\/#breadcrumb\",\"itemListElement\":[{\"@type\":\"ListItem\",\"position\":1,\"name\":\"In\u00edcio\",\"item\":\"https:\\\/\\\/folhadoleste.com.br\\\/\"},{\"@type\":\"ListItem\",\"position\":2,\"name\":\"Rio de Janeiro - Capital\",\"item\":\"https:\\\/\\\/folhadoleste.com.br\\\/category\\\/rio-de-janeiro-capital\\\/\"},{\"@type\":\"ListItem\",\"position\":3,\"name\":\"Briga generalizada na Praia Vermelha termina em caso de pol\u00edcia &#8211; V\u00eddeo\"}]},{\"@type\":\"WebSite\",\"@id\":\"https:\\\/\\\/folhadoleste.com.br\\\/#website\",\"url\":\"https:\\\/\\\/folhadoleste.com.br\\\/\",\"name\":\"Folha do Leste\",\"description\":\"Portal de Not\u00edcias com \u00eanfase em Niter\u00f3i, criando conte\u00fados desde a capital Rio de Janeiro, com olhar para o Leste Fluminense e suas cidades como S\u00e3o Gon\u00e7alo, Itabora\u00ed, Rio Bonito, Maric\u00e1, Saquarema e Araruama\",\"publisher\":{\"@id\":\"https:\\\/\\\/folhadoleste.com.br\\\/#organization\"},\"alternateName\":\"FL\",\"potentialAction\":[{\"@type\":\"SearchAction\",\"target\":{\"@type\":\"EntryPoint\",\"urlTemplate\":\"https:\\\/\\\/folhadoleste.com.br\\\/?s={search_term_string}\"},\"query-input\":{\"@type\":\"PropertyValueSpecification\",\"valueRequired\":true,\"valueName\":\"search_term_string\"}}],\"inLanguage\":\"en-US\"},{\"@type\":\"Organization\",\"@id\":\"https:\\\/\\\/folhadoleste.com.br\\\/#organization\",\"name\":\"Brasil 21 Comunica\u00e7\u00e3o\",\"alternateName\":\"BR21\",\"url\":\"https:\\\/\\\/folhadoleste.com.br\\\/\",\"logo\":{\"@type\":\"ImageObject\",\"inLanguage\":\"en-US\",\"@id\":\"https:\\\/\\\/folhadoleste.com.br\\\/#\\\/schema\\\/logo\\\/image\\\/\",\"url\":\"https:\\\/\\\/folhadoleste.com.br\\\/wp-content\\\/uploads\\\/2025\\\/12\\\/brasil-21-logomarca.avif\",\"contentUrl\":\"https:\\\/\\\/folhadoleste.com.br\\\/wp-content\\\/uploads\\\/2025\\\/12\\\/brasil-21-logomarca.avif\",\"width\":1044,\"height\":1044,\"caption\":\"Brasil 21 Comunica\u00e7\u00e3o\"},\"image\":{\"@id\":\"https:\\\/\\\/folhadoleste.com.br\\\/#\\\/schema\\\/logo\\\/image\\\/\"},\"sameAs\":[\"https:\\\/\\\/www.facebook.com\\\/folhadoleste\",\"https:\\\/\\\/x.com\\\/FolhadoLesteRJ\",\"https:\\\/\\\/www.instagram.com\\\/folhadoleste\\\/\"]},{\"@type\":\"Person\",\"@id\":\"https:\\\/\\\/folhadoleste.com.br\\\/#\\\/schema\\\/person\\\/3e97145b2e1861276e84471aa85a3899\",\"name\":\"Folha do Leste\",\"image\":{\"@type\":\"ImageObject\",\"inLanguage\":\"en-US\",\"@id\":\"https:\\\/\\\/folhadoleste.com.br\\\/wp-content\\\/litespeed\\\/avatar\\\/1ca8c218432e7045e748610eb3db0259.jpg?ver=1777161142\",\"url\":\"https:\\\/\\\/folhadoleste.com.br\\\/wp-content\\\/litespeed\\\/avatar\\\/1ca8c218432e7045e748610eb3db0259.jpg?ver=1777161142\",\"contentUrl\":\"https:\\\/\\\/folhadoleste.com.br\\\/wp-content\\\/litespeed\\\/avatar\\\/1ca8c218432e7045e748610eb3db0259.jpg?ver=1777161142\",\"caption\":\"Folha do Leste\"},\"url\":\"https:\\\/\\\/folhadoleste.com.br\\\/en\\\/author\\\/reportagem-01\\\/\"}]}<\/script>\n<!-- \/ Yoast SEO plugin. -->","yoast_head_json":{"title":"Briga generalizada na Praia Vermelha termina em caso de pol\u00edcia - V\u00eddeo &#8226; Folha do Leste","description":"Briga generalizada na Praia Vermelha termina em caso de pol\u00edcia - V\u00eddeo. V\u00eddeo que viralizou nas redes sociais mostra a intensidade da briga.","robots":{"index":"index","follow":"follow","max-snippet":"max-snippet:-1","max-image-preview":"max-image-preview:large","max-video-preview":"max-video-preview:-1"},"canonical":"https:\/\/folhadoleste.com.br\/en\/briga-generalizada-na-praia-vermelha-termina-em-caso-de-policia-video\/","og_locale":"en_US","og_type":"article","og_title":"Briga generalizada na Praia Vermelha termina em caso de pol\u00edcia - V\u00eddeo &#8226; Folha do Leste","og_description":"Briga generalizada na Praia Vermelha termina em caso de pol\u00edcia - V\u00eddeo. V\u00eddeo que viralizou nas redes sociais mostra a intensidade da briga.","og_url":"https:\/\/folhadoleste.com.br\/en\/briga-generalizada-na-praia-vermelha-termina-em-caso-de-policia-video\/","og_site_name":"Folha do Leste","article_publisher":"https:\/\/www.facebook.com\/folhadoleste","article_published_time":"2025-03-09T22:22:15+00:00","article_modified_time":"2025-03-09T22:22:17+00:00","og_image":[{"width":1200,"height":675,"url":"https:\/\/folhadoleste.com.br\/wp-content\/uploads\/2025\/03\/Briga-generalizada-na-Praia-Vermelha-termina-em-caso-de-policia-Video-Foto-Cortada-Reproducao-Redes-Sociais.jpeg","type":"image\/jpeg"}],"author":"Folha do Leste","twitter_card":"summary_large_image","twitter_creator":"@FolhadoLesteRJ","twitter_site":"@FolhadoLesteRJ","twitter_misc":{"Written by":"Folha do Leste","Est. reading time":"3 minutes"},"schema":{"@context":"https:\/\/schema.org","@graph":[{"@type":"NewsArticle","@id":"https:\/\/folhadoleste.com.br\/briga-generalizada-na-praia-vermelha-termina-em-caso-de-policia-video\/#article","isPartOf":{"@id":"https:\/\/folhadoleste.com.br\/briga-generalizada-na-praia-vermelha-termina-em-caso-de-policia-video\/"},"author":{"name":"Folha do Leste","@id":"https:\/\/folhadoleste.com.br\/#\/schema\/person\/3e97145b2e1861276e84471aa85a3899"},"headline":"Briga generalizada na Praia Vermelha termina em caso de pol\u00edcia &#8211; V\u00eddeo","datePublished":"2025-03-09T22:22:15+00:00","dateModified":"2025-03-09T22:22:17+00:00","mainEntityOfPage":{"@id":"https:\/\/folhadoleste.com.br\/briga-generalizada-na-praia-vermelha-termina-em-caso-de-policia-video\/"},"wordCount":367,"commentCount":0,"publisher":{"@id":"https:\/\/folhadoleste.com.br\/#organization"},"image":{"@id":"https:\/\/folhadoleste.com.br\/briga-generalizada-na-praia-vermelha-termina-em-caso-de-policia-video\/#primaryimage"},"thumbnailUrl":"https:\/\/folhadoleste.com.br\/wp-content\/uploads\/2025\/03\/Briga-generalizada-na-Praia-Vermelha-termina-em-caso-de-policia-Video-Foto-Cortada-Reproducao-Redes-Sociais.jpeg","keywords":["Agress\u00e3o","agress\u00e3o f\u00edsica","agress\u00f5es na praia","agress\u00f5es no Rio","arremesso","briga generalizada","brigas na praia","brigas no Rio","cabo de ferro","cadeiras","confronto","confus\u00e3o","confus\u00f5es na Praia Vermelha","flagrante","Not\u00edcias","ocorr\u00eancia","ocorr\u00eancias na Praia Vermelha","Praia Vermelha","Rio de Janeiro","Seguran\u00e7a publica","tumulto","tumultos no Rio","v\u00eddeo","v\u00eddeos da Praia Vermelha","v\u00eddeos de agress\u00e3o","v\u00eddeos de brigas","v\u00eddeos de confus\u00e3o","v\u00eddeos de seguran\u00e7a p\u00fablica","v\u00eddeos de tumulto","viol\u00eancia"],"articleSection":["Rio de Janeiro - Capital"],"inLanguage":"en-US","potentialAction":[{"@type":"CommentAction","name":"Comment","target":["https:\/\/folhadoleste.com.br\/briga-generalizada-na-praia-vermelha-termina-em-caso-de-policia-video\/#respond"]}]},{"@type":"WebPage","@id":"https:\/\/folhadoleste.com.br\/briga-generalizada-na-praia-vermelha-termina-em-caso-de-policia-video\/","url":"https:\/\/folhadoleste.com.br\/briga-generalizada-na-praia-vermelha-termina-em-caso-de-policia-video\/","name":"Briga generalizada na Praia Vermelha termina em caso de pol\u00edcia - V\u00eddeo &#8226; Folha do Leste","isPartOf":{"@id":"https:\/\/folhadoleste.com.br\/#website"},"primaryImageOfPage":{"@id":"https:\/\/folhadoleste.com.br\/briga-generalizada-na-praia-vermelha-termina-em-caso-de-policia-video\/#primaryimage"},"image":{"@id":"https:\/\/folhadoleste.com.br\/briga-generalizada-na-praia-vermelha-termina-em-caso-de-policia-video\/#primaryimage"},"thumbnailUrl":"https:\/\/folhadoleste.com.br\/wp-content\/uploads\/2025\/03\/Briga-generalizada-na-Praia-Vermelha-termina-em-caso-de-policia-Video-Foto-Cortada-Reproducao-Redes-Sociais.jpeg","datePublished":"2025-03-09T22:22:15+00:00","dateModified":"2025-03-09T22:22:17+00:00","description":"Briga generalizada na Praia Vermelha termina em caso de pol\u00edcia - V\u00eddeo. V\u00eddeo que viralizou nas redes sociais mostra a intensidade da briga.","breadcrumb":{"@id":"https:\/\/folhadoleste.com.br\/briga-generalizada-na-praia-vermelha-termina-em-caso-de-policia-video\/#breadcrumb"},"inLanguage":"en-US","potentialAction":[{"@type":"ReadAction","target":["https:\/\/folhadoleste.com.br\/briga-generalizada-na-praia-vermelha-termina-em-caso-de-policia-video\/"]}]},{"@type":"ImageObject","inLanguage":"en-US","@id":"https:\/\/folhadoleste.com.br\/briga-generalizada-na-praia-vermelha-termina-em-caso-de-policia-video\/#primaryimage","url":"https:\/\/folhadoleste.com.br\/wp-content\/uploads\/2025\/03\/Briga-generalizada-na-Praia-Vermelha-termina-em-caso-de-policia-Video-Foto-Cortada-Reproducao-Redes-Sociais.jpeg","contentUrl":"https:\/\/folhadoleste.com.br\/wp-content\/uploads\/2025\/03\/Briga-generalizada-na-Praia-Vermelha-termina-em-caso-de-policia-Video-Foto-Cortada-Reproducao-Redes-Sociais.jpeg","width":1200,"height":675,"caption":"Briga generalizada na Praia Vermelha termina em caso de pol\u00edcia - V\u00eddeo | Reprodu\u00e7\u00e3o\/Redes Sociais"},{"@type":"BreadcrumbList","@id":"https:\/\/folhadoleste.com.br\/briga-generalizada-na-praia-vermelha-termina-em-caso-de-policia-video\/#breadcrumb","itemListElement":[{"@type":"ListItem","position":1,"name":"In\u00edcio","item":"https:\/\/folhadoleste.com.br\/"},{"@type":"ListItem","position":2,"name":"Rio de Janeiro - Capital","item":"https:\/\/folhadoleste.com.br\/category\/rio-de-janeiro-capital\/"},{"@type":"ListItem","position":3,"name":"Briga generalizada na Praia Vermelha termina em caso de pol\u00edcia &#8211; V\u00eddeo"}]},{"@type":"WebSite","@id":"https:\/\/folhadoleste.com.br\/#website","url":"https:\/\/folhadoleste.com.br\/","name":"Folha do Leste","description":"Portal de Not\u00edcias com \u00eanfase em Niter\u00f3i, criando conte\u00fados desde a capital Rio de Janeiro, com olhar para o Leste Fluminense e suas cidades como S\u00e3o Gon\u00e7alo, Itabora\u00ed, Rio Bonito, Maric\u00e1, Saquarema e Araruama","publisher":{"@id":"https:\/\/folhadoleste.com.br\/#organization"},"alternateName":"FL","potentialAction":[{"@type":"SearchAction","target":{"@type":"EntryPoint","urlTemplate":"https:\/\/folhadoleste.com.br\/?s={search_term_string}"},"query-input":{"@type":"PropertyValueSpecification","valueRequired":true,"valueName":"search_term_string"}}],"inLanguage":"en-US"},{"@type":"Organization","@id":"https:\/\/folhadoleste.com.br\/#organization","name":"Brasil 21 Comunica\u00e7\u00e3o","alternateName":"BR21","url":"https:\/\/folhadoleste.com.br\/","logo":{"@type":"ImageObject","inLanguage":"en-US","@id":"https:\/\/folhadoleste.com.br\/#\/schema\/logo\/image\/","url":"https:\/\/folhadoleste.com.br\/wp-content\/uploads\/2025\/12\/brasil-21-logomarca.avif","contentUrl":"https:\/\/folhadoleste.com.br\/wp-content\/uploads\/2025\/12\/brasil-21-logomarca.avif","width":1044,"height":1044,"caption":"Brasil 21 Comunica\u00e7\u00e3o"},"image":{"@id":"https:\/\/folhadoleste.com.br\/#\/schema\/logo\/image\/"},"sameAs":["https:\/\/www.facebook.com\/folhadoleste","https:\/\/x.com\/FolhadoLesteRJ","https:\/\/www.instagram.com\/folhadoleste\/"]},{"@type":"Person","@id":"https:\/\/folhadoleste.com.br\/#\/schema\/person\/3e97145b2e1861276e84471aa85a3899","name":"Folha do Leste","image":{"@type":"ImageObject","inLanguage":"en-US","@id":"https:\/\/folhadoleste.com.br\/wp-content\/litespeed\/avatar\/1ca8c218432e7045e748610eb3db0259.jpg?ver=1777161142","url":"https:\/\/folhadoleste.com.br\/wp-content\/litespeed\/avatar\/1ca8c218432e7045e748610eb3db0259.jpg?ver=1777161142","contentUrl":"https:\/\/folhadoleste.com.br\/wp-content\/litespeed\/avatar\/1ca8c218432e7045e748610eb3db0259.jpg?ver=1777161142","caption":"Folha do Leste"},"url":"https:\/\/folhadoleste.com.br\/en\/author\/reportagem-01\/"}]}},"_links":{"self":[{"href":"https:\/\/folhadoleste.com.br\/en\/wp-json\/wp\/v2\/posts\/113415","targetHints":{"allow":["GET"]}}],"collection":[{"href":"https:\/\/folhadoleste.com.br\/en\/wp-json\/wp\/v2\/posts"}],"about":[{"href":"https:\/\/folhadoleste.com.br\/en\/wp-json\/wp\/v2\/types\/post"}],"author":[{"embeddable":true,"href":"https:\/\/folhadoleste.com.br\/en\/wp-json\/wp\/v2\/users\/4"}],"replies":[{"embeddable":true,"href":"https:\/\/folhadoleste.com.br\/en\/wp-json\/wp\/v2\/comments?post=113415"}],"version-history":[{"count":2,"href":"https:\/\/folhadoleste.com.br\/en\/wp-json\/wp\/v2\/posts\/113415\/revisions"}],"predecessor-version":[{"id":113421,"href":"https:\/\/folhadoleste.com.br\/en\/wp-json\/wp\/v2\/posts\/113415\/revisions\/113421"}],"wp:featuredmedia":[{"embeddable":true,"href":"https:\/\/folhadoleste.com.br\/en\/wp-json\/wp\/v2\/media\/113419"}],"wp:attachment":[{"href":"https:\/\/folhadoleste.com.br\/en\/wp-json\/wp\/v2\/media?parent=113415"}],"wp:term":[{"taxonomy":"category","embeddable":true,"href":"https:\/\/folhadoleste.com.br\/en\/wp-json\/wp\/v2\/categories?post=113415"},{"taxonomy":"post_tag","embeddable":true,"href":"https:\/\/folhadoleste.com.br\/en\/wp-json\/wp\/v2\/tags?post=113415"}],"curies":[{"name":"wp","href":"https:\/\/api.w.org\/{rel}","templated":true}]}}